{"id":150492,"date":"2025-02-24T16:05:59","date_gmt":"2025-02-24T16:05:59","guid":{"rendered":"https:\/\/educacion.cc\/?p=150492"},"modified":"2025-03-12T23:47:33","modified_gmt":"2025-03-12T23:47:33","slug":"que-es-el-modelo-130","status":"publish","type":"post","link":"https:\/\/dudasytextos.com\/preguntaquees\/que-es-el-modelo-130\/","title":{"rendered":"Qu\u00e9 es el modelo 130"},"content":{"rendered":"<div id=\"ez-toc-container\" class=\"ez-toc-v2_0_87 counter-hierarchy ez-toc-counter ez-toc-custom ez-toc-container-direction\">\n<div class=\"ez-toc-title-container\">\n<span class=\"ez-toc-title-toggle\"><\/span><\/div>\n<nav><ul class='ez-toc-list ez-toc-list-level-1 ' ><li class='ez-toc-page-1 ez-toc-heading-level-2'><a class=\"ez-toc-link ez-toc-heading-1\" href=\"https:\/\/dudasytextos.com\/preguntaquees\/que-es-el-modelo-130\/#%C2%BFQue_es_el_modelo_130\" >\u00bfQu\u00e9 es el modelo 130?<\/a><\/li><li class='ez-toc-page-1 ez-toc-heading-level-2'><a class=\"ez-toc-link ez-toc-heading-2\" href=\"https:\/\/dudasytextos.com\/preguntaquees\/que-es-el-modelo-130\/#Por_Ana_Gonzalez\" >Por Ana Gonz\u00e1lez<\/a><\/li><li class='ez-toc-page-1 ez-toc-heading-level-2'><a class=\"ez-toc-link ez-toc-heading-3\" href=\"https:\/\/dudasytextos.com\/preguntaquees\/que-es-el-modelo-130\/#Curiosidades_sobre_el_modelo_130\" >Curiosidades sobre el modelo 130<\/a><\/li><li class='ez-toc-page-1 ez-toc-heading-level-2'><a class=\"ez-toc-link ez-toc-heading-4\" href=\"https:\/\/dudasytextos.com\/preguntaquees\/que-es-el-modelo-130\/#%C2%BFPor_que_es_importante_presentar_el_modelo_130\" >\u00bfPor qu\u00e9 es importante presentar el modelo 130?<\/a><\/li><li class='ez-toc-page-1 ez-toc-heading-level-2'><a class=\"ez-toc-link ez-toc-heading-5\" href=\"https:\/\/dudasytextos.com\/preguntaquees\/que-es-el-modelo-130\/#%C2%BFComo_se_presenta_el_modelo_130\" >\u00bfC\u00f3mo se presenta el modelo 130?<\/a><\/li><li class='ez-toc-page-1 ez-toc-heading-level-2'><a class=\"ez-toc-link ez-toc-heading-6\" href=\"https:\/\/dudasytextos.com\/preguntaquees\/que-es-el-modelo-130\/#%C2%BFComo_se_calcula_el_IRPF_en_el_modelo_130\" >\u00bfC\u00f3mo se calcula el IRPF en el modelo 130?<\/a><\/li><li class='ez-toc-page-1 ez-toc-heading-level-2'><a class=\"ez-toc-link ez-toc-heading-7\" href=\"https:\/\/dudasytextos.com\/preguntaquees\/que-es-el-modelo-130\/#Experiencia_personal\" >Experiencia personal<\/a><\/li><li class='ez-toc-page-1 ez-toc-heading-level-2'><a class=\"ez-toc-link ez-toc-heading-8\" href=\"https:\/\/dudasytextos.com\/preguntaquees\/que-es-el-modelo-130\/#Preguntas_frecuentes\" >Preguntas frecuentes<\/a><\/li><\/ul><\/nav><\/div>\n<h2><span class=\"ez-toc-section\" id=\"%C2%BFQue_es_el_modelo_130\"><\/span>\u00bfQu\u00e9 es el modelo 130?<span class=\"ez-toc-section-end\"><\/span><\/h2>\n<h2><span class=\"ez-toc-section\" id=\"Por_Ana_Gonzalez\"><\/span>Por Ana Gonz\u00e1lez<span class=\"ez-toc-section-end\"><\/span><\/h2>\n<section>\n<h2><span class=\"ez-toc-section\" id=\"Curiosidades_sobre_el_modelo_130\"><\/span>Curiosidades sobre el modelo 130<span class=\"ez-toc-section-end\"><\/span><\/h2>\n<ul>\n<li>El modelo 130 es una declaraci\u00f3n trimestral que deben presentar los aut\u00f3nomos.<\/li>\n<li>Se utiliza para declarar los ingresos y gastos del trimestre y calcular el IRPF a pagar.<\/li>\n<li>Es una obligaci\u00f3n fiscal y su presentaci\u00f3n fuera de plazo puede acarrear sanciones econ\u00f3micas.<\/li>\n<li>El modelo 130 se presenta de forma telem\u00e1tica a trav\u00e9s de la p\u00e1gina web de la Agencia Tributaria o mediante la utilizaci\u00f3n de un programa de ayuda.<\/li>\n<\/ul>\n<\/section>\n<section>\n<h2><span class=\"ez-toc-section\" id=\"%C2%BFPor_que_es_importante_presentar_el_modelo_130\"><\/span>\u00bfPor qu\u00e9 es importante presentar el modelo 130?<span class=\"ez-toc-section-end\"><\/span><\/h2>\n<p>Presentar correctamente el modelo 130 es fundamental para evitar problemas con Hacienda. Este modelo permite a los aut\u00f3nomos ajustar el pago del IRPF en funci\u00f3n de los ingresos y gastos del trimestre, evitando sorpresas en la declaraci\u00f3n anual.<\/p>\n<p>Adem\u00e1s, la presentaci\u00f3n del modelo 130 es una obligaci\u00f3n fiscal que, en caso de incumplimiento, puede acarrear sanciones econ\u00f3micas y otros problemas con la administraci\u00f3n tributaria.<\/p>\n<\/section>\n<section>\n<h2><span class=\"ez-toc-section\" id=\"%C2%BFComo_se_presenta_el_modelo_130\"><\/span>\u00bfC\u00f3mo se presenta el modelo 130?<span class=\"ez-toc-section-end\"><\/span><\/h2>\n<p>El modelo 130 se presenta de forma telem\u00e1tica a trav\u00e9s de la p\u00e1gina web de la Agencia Tributaria o mediante la utilizaci\u00f3n de un programa de ayuda. Para presentarlo es necesario contar con un certificado digital o DNI electr\u00f3nico.<\/p>\n<p>El modelo debe presentarse antes del d\u00eda 20 del mes siguiente al trimestre que se declara. Es decir, el modelo correspondiente al primer trimestre del a\u00f1o deber\u00e1 presentarse antes del 20 de abril.<\/p>\n<p>Es importante tener en cuenta que la presentaci\u00f3n fuera de plazo puede acarrear sanciones econ\u00f3micas.<\/p>\n<\/section>\n<section>\n<h2><span class=\"ez-toc-section\" id=\"%C2%BFComo_se_calcula_el_IRPF_en_el_modelo_130\"><\/span>\u00bfC\u00f3mo se calcula el IRPF en el modelo 130?<span class=\"ez-toc-section-end\"><\/span><\/h2>\n<p>El IRPF a pagar se calcula restando los gastos deducibles de los ingresos obtenidos en el trimestre y aplicando el tipo impositivo correspondiente. Este tipo impositivo depender\u00e1 del tramo de ingresos en el que se encuentre el aut\u00f3nomo.<\/p>\n<p>Es importante tener en cuenta que los gastos deducibles deben estar relacionados con la actividad econ\u00f3mica del aut\u00f3nomo y deben estar correctamente justificados.<\/p>\n<\/section>\n<section>\n<h2><span class=\"ez-toc-section\" id=\"Experiencia_personal\"><\/span>Experiencia personal<span class=\"ez-toc-section-end\"><\/span><\/h2>\n<p>Cuando empec\u00e9 como aut\u00f3noma, el modelo 130 me parec\u00eda un aut\u00e9ntico quebradero de cabeza. No entend\u00eda muy bien c\u00f3mo se calculaba el IRPF y ten\u00eda miedo de presentarlo mal y tener problemas con Hacienda.<\/p>\n<p>Con el tiempo, aprend\u00ed a presentarlo correctamente y a llevar un buen control de mis ingresos y gastos. Ahora s\u00e9 que el modelo 130 es una herramienta muy \u00fatil para ajustar el pago del IRPF en funci\u00f3n de la situaci\u00f3n econ\u00f3mica de mi negocio.<\/p>\n<p>Si eres aut\u00f3nomo, te recomiendo que dediques un tiempo a entender c\u00f3mo funciona el modelo 130 y c\u00f3mo presentarlo correctamente. Te ahorrar\u00e1 muchos dolores de cabeza en el futuro.<\/p>\n<\/section>\n<section>\n<h2><span class=\"ez-toc-section\" id=\"Preguntas_frecuentes\"><\/span>Preguntas frecuentes<span class=\"ez-toc-section-end\"><\/span><\/h2>\n<dl>\n<dt>\u00bfQu\u00e9 pasa si no presento el modelo 130?<\/dt>\n<dd>La presentaci\u00f3n fuera de plazo puede acarrear sanciones econ\u00f3micas y otros problemas con la administraci\u00f3n tributaria. Adem\u00e1s, el incumplimiento de esta obligaci\u00f3n puede afectar negativamente a la declaraci\u00f3n anual de IRPF.<\/dd>\n<dt>\u00bfQu\u00e9 gastos son deducibles en el modelo 130?<\/dt>\n<dd>Son deducibles los gastos relacionados con la actividad econ\u00f3mica del aut\u00f3nomo, como el alquiler de local, los suministros, los gastos de transporte o los seguros profesionales. Es importante que est\u00e9n correctamente justificados.<\/dd>\n<dt>\u00bfQu\u00e9 ocurre si me equivoco al presentar el modelo 130?<\/dt>\n<dd>En caso de error al presentar el modelo 130, es posible presentar una rectificaci\u00f3n. Es importante hacerlo cuanto antes para evitar sanciones econ\u00f3micas y otros problemas con la administraci\u00f3n tributaria.<\/dd>\n<\/dl>\n<\/section>\n<footer>\n<p>\u00a9 2023 Ana Gonz\u00e1lez<\/p>\n<\/footer>\n","protected":false},"excerpt":{"rendered":"<p>\u00bfQu\u00e9 es el modelo 130? Por Ana Gonz\u00e1lez Curiosidades sobre el modelo 130 El modelo 130 es una declaraci\u00f3n trimestral que deben presentar los aut\u00f3nomos. Se utiliza para declarar los ingresos y gastos del trimestre y calcular el IRPF a pagar. Es una obligaci\u00f3n fiscal y su presentaci\u00f3n fuera de plazo puede acarrear sanciones econ\u00f3micas. &#8230; <a title=\"Qu\u00e9 es el modelo 130\" class=\"read-more\" href=\"https:\/\/dudasytextos.com\/preguntaquees\/que-es-el-modelo-130\/\" aria-label=\"M\u00e1s en Qu\u00e9 es el modelo 130\">Leer m\u00e1s<\/a><\/p>\n","protected":false},"author":1,"featured_media":0,"comment_status":"open","ping_status":"open","sticky":false,"template":"","format":"standard","meta":{"footnotes":""},"categories":[4],"tags":[],"class_list":["post-150492","post","type-post","status-publish","format-standard","hentry","category-que-es"],"aioseo_notices":[],"aioseo_head":"\n\t\t<!-- All in One SEO 5.0.1.1 - aioseo.com -->\n\t<meta name=\"description\" content=\"\u00bfQu\u00e9 es el modelo 130? Por Ana Gonz\u00e1lez Curiosidades sobre el modelo 130 El modelo 130 es una declaraci\u00f3n trimestral que deben presentar los aut\u00f3nomos. Se utiliza para declarar los ingresos y gastos del trimestre y calcular el IRPF a pagar. Es una obligaci\u00f3n fiscal y su presentaci\u00f3n fuera de plazo puede acarrear sanciones econ\u00f3micas.\" \/>\n\t<meta name=\"robots\" content=\"max-snippet:-1, max-image-preview:large, max-video-preview:-1\" \/>\n\t<meta name=\"author\" content=\"Ana Gonz\u00e1lez\"\/>\n\t<link rel=\"canonical\" href=\"https:\/\/dudasytextos.com\/preguntaquees\/que-es-el-modelo-130\/\" \/>\n\t<meta name=\"generator\" content=\"All in One SEO (AIOSEO) 5.0.1.1\" \/>\n\n\t\t<!-- Google tag (gtag.js) -->\n<script async src=\"https:\/\/www.googletagmanager.com\/gtag\/js?id=G-QEZWJ7M6T7\"><\/script>\n<script>\n  window.dataLayer = window.dataLayer || [];\n  function gtag(){dataLayer.push(arguments);}\n  gtag('js', new Date());\n\n  gtag('config', 'G-QEZWJ7M6T7');\n<\/script>\n<script async src=\"https:\/\/pagead2.googlesyndication.com\/pagead\/js\/adsbygoogle.js?client=ca-pub-3987500858204711\"\n     crossorigin=\"anonymous\"><\/script>\n\t\t<meta property=\"og:locale\" content=\"es_ES\" \/>\n\t\t<meta property=\"og:site_name\" content=\"\u00bfQu\u00e9 es? - \u00bfQu\u00e9 es?\" \/>\n\t\t<meta property=\"og:type\" content=\"article\" \/>\n\t\t<meta property=\"og:title\" content=\"Qu\u00e9 es el modelo 130 (2026) \u00bfQu\u00e9 es?\" \/>\n\t\t<meta property=\"og:description\" content=\"\u00bfQu\u00e9 es el modelo 130? Por Ana Gonz\u00e1lez Curiosidades sobre el modelo 130 El modelo 130 es una declaraci\u00f3n trimestral que deben presentar los aut\u00f3nomos. Se utiliza para declarar los ingresos y gastos del trimestre y calcular el IRPF a pagar. Es una obligaci\u00f3n fiscal y su presentaci\u00f3n fuera de plazo puede acarrear sanciones econ\u00f3micas.\" \/>\n\t\t<meta property=\"og:url\" content=\"https:\/\/dudasytextos.com\/preguntaquees\/que-es-el-modelo-130\/\" \/>\n\t\t<meta property=\"article:published_time\" content=\"2025-02-24T16:05:59+00:00\" \/>\n\t\t<meta property=\"article:modified_time\" content=\"2025-03-12T23:47:33+00:00\" \/>\n\t\t<meta name=\"twitter:card\" content=\"summary_large_image\" \/>\n\t\t<meta name=\"twitter:title\" content=\"Qu\u00e9 es el modelo 130 (2026) \u00bfQu\u00e9 es?\" \/>\n\t\t<meta name=\"twitter:description\" content=\"\u00bfQu\u00e9 es el modelo 130? Por Ana Gonz\u00e1lez Curiosidades sobre el modelo 130 El modelo 130 es una declaraci\u00f3n trimestral que deben presentar los aut\u00f3nomos. Se utiliza para declarar los ingresos y gastos del trimestre y calcular el IRPF a pagar. Es una obligaci\u00f3n fiscal y su presentaci\u00f3n fuera de plazo puede acarrear sanciones econ\u00f3micas.\" \/>\n\t\t<script type=\"application\/ld+json\" class=\"aioseo-schema\">\n\t\t\t{\"@context\":\"https:\\\/\\\/schema.org\",\"@graph\":[{\"@type\":\"BlogPosting\",\"@id\":\"https:\\\/\\\/dudasytextos.com\\\/preguntaquees\\\/que-es-el-modelo-130\\\/#blogposting\",\"name\":\"Qu\\u00e9 es el modelo 130 (2026) \\u00bfQu\\u00e9 es?\",\"headline\":\"Qu\\u00e9 es el modelo 130\",\"author\":{\"@id\":\"https:\\\/\\\/dudasytextos.com\\\/preguntaquees\\\/author\\\/admin44\\\/#author\"},\"publisher\":{\"@id\":\"https:\\\/\\\/dudasytextos.com\\\/preguntaquees\\\/#organization\"},\"datePublished\":\"2025-02-24T16:05:59+00:00\",\"dateModified\":\"2025-03-12T23:47:33+00:00\",\"inLanguage\":\"es-ES\",\"mainEntityOfPage\":{\"@id\":\"https:\\\/\\\/dudasytextos.com\\\/preguntaquees\\\/que-es-el-modelo-130\\\/#webpage\"},\"isPartOf\":{\"@id\":\"https:\\\/\\\/dudasytextos.com\\\/preguntaquees\\\/que-es-el-modelo-130\\\/#webpage\"},\"articleSection\":\"\\u00bfQu\\u00e9 es?\"},{\"@type\":\"BreadcrumbList\",\"@id\":\"https:\\\/\\\/dudasytextos.com\\\/preguntaquees\\\/que-es-el-modelo-130\\\/#breadcrumblist\",\"itemListElement\":[{\"@type\":\"ListItem\",\"@id\":\"https:\\\/\\\/dudasytextos.com\\\/preguntaquees#listItem\",\"position\":1,\"name\":\"Inicio\",\"item\":\"https:\\\/\\\/dudasytextos.com\\\/preguntaquees\",\"nextItem\":{\"@type\":\"ListItem\",\"@id\":\"https:\\\/\\\/dudasytextos.com\\\/preguntaquees\\\/category\\\/que-es\\\/#listItem\",\"name\":\"\\u00bfQu\\u00e9 es?\"}},{\"@type\":\"ListItem\",\"@id\":\"https:\\\/\\\/dudasytextos.com\\\/preguntaquees\\\/category\\\/que-es\\\/#listItem\",\"position\":2,\"name\":\"\\u00bfQu\\u00e9 es?\",\"item\":\"https:\\\/\\\/dudasytextos.com\\\/preguntaquees\\\/category\\\/que-es\\\/\",\"nextItem\":{\"@type\":\"ListItem\",\"@id\":\"https:\\\/\\\/dudasytextos.com\\\/preguntaquees\\\/que-es-el-modelo-130\\\/#listItem\",\"name\":\"Qu\\u00e9 es el modelo 130\"},\"previousItem\":{\"@type\":\"ListItem\",\"@id\":\"https:\\\/\\\/dudasytextos.com\\\/preguntaquees#listItem\",\"name\":\"Inicio\"}},{\"@type\":\"ListItem\",\"@id\":\"https:\\\/\\\/dudasytextos.com\\\/preguntaquees\\\/que-es-el-modelo-130\\\/#listItem\",\"position\":3,\"name\":\"Qu\\u00e9 es el modelo 130\",\"previousItem\":{\"@type\":\"ListItem\",\"@id\":\"https:\\\/\\\/dudasytextos.com\\\/preguntaquees\\\/category\\\/que-es\\\/#listItem\",\"name\":\"\\u00bfQu\\u00e9 es?\"}}]},{\"@type\":\"Organization\",\"@id\":\"https:\\\/\\\/dudasytextos.com\\\/preguntaquees\\\/#organization\",\"name\":\"\\u00bfC\\u00f3mo funciona?\",\"description\":\"\\u00bfQu\\u00e9 es?\",\"url\":\"https:\\\/\\\/dudasytextos.com\\\/preguntaquees\\\/\"},{\"@type\":\"Person\",\"@id\":\"https:\\\/\\\/dudasytextos.com\\\/preguntaquees\\\/author\\\/admin44\\\/#author\",\"url\":\"https:\\\/\\\/dudasytextos.com\\\/preguntaquees\\\/author\\\/admin44\\\/\",\"name\":\"Ana Gonz\\u00e1lez\"},{\"@type\":\"WebPage\",\"@id\":\"https:\\\/\\\/dudasytextos.com\\\/preguntaquees\\\/que-es-el-modelo-130\\\/#webpage\",\"url\":\"https:\\\/\\\/dudasytextos.com\\\/preguntaquees\\\/que-es-el-modelo-130\\\/\",\"name\":\"Qu\\u00e9 es el modelo 130 (2026) \\u00bfQu\\u00e9 es?\",\"description\":\"\\u00bfQu\\u00e9 es el modelo 130? Por Ana Gonz\\u00e1lez Curiosidades sobre el modelo 130 El modelo 130 es una declaraci\\u00f3n trimestral que deben presentar los aut\\u00f3nomos. Se utiliza para declarar los ingresos y gastos del trimestre y calcular el IRPF a pagar. Es una obligaci\\u00f3n fiscal y su presentaci\\u00f3n fuera de plazo puede acarrear sanciones econ\\u00f3micas.\",\"inLanguage\":\"es-ES\",\"isPartOf\":{\"@id\":\"https:\\\/\\\/dudasytextos.com\\\/preguntaquees\\\/#website\"},\"breadcrumb\":{\"@id\":\"https:\\\/\\\/dudasytextos.com\\\/preguntaquees\\\/que-es-el-modelo-130\\\/#breadcrumblist\"},\"author\":{\"@id\":\"https:\\\/\\\/dudasytextos.com\\\/preguntaquees\\\/author\\\/admin44\\\/#author\"},\"creator\":{\"@id\":\"https:\\\/\\\/dudasytextos.com\\\/preguntaquees\\\/author\\\/admin44\\\/#author\"},\"datePublished\":\"2025-02-24T16:05:59+00:00\",\"dateModified\":\"2025-03-12T23:47:33+00:00\"},{\"@type\":\"WebSite\",\"@id\":\"https:\\\/\\\/dudasytextos.com\\\/preguntaquees\\\/#website\",\"url\":\"https:\\\/\\\/dudasytextos.com\\\/preguntaquees\\\/\",\"name\":\"\\u00bfC\\u00f3mo funciona?\",\"description\":\"\\u00bfQu\\u00e9 es?\",\"inLanguage\":\"es-ES\",\"publisher\":{\"@id\":\"https:\\\/\\\/dudasytextos.com\\\/preguntaquees\\\/#organization\"}}]}\n\t\t<\/script>\n\t\t<!-- All in One SEO -->\n\n","aioseo_head_json":{"title":"Qu\u00e9 es el modelo 130 (2026) \u00bfQu\u00e9 es?","description":"\u00bfQu\u00e9 es el modelo 130? Por Ana Gonz\u00e1lez Curiosidades sobre el modelo 130 El modelo 130 es una declaraci\u00f3n trimestral que deben presentar los aut\u00f3nomos. Se utiliza para declarar los ingresos y gastos del trimestre y calcular el IRPF a pagar. Es una obligaci\u00f3n fiscal y su presentaci\u00f3n fuera de plazo puede acarrear sanciones econ\u00f3micas.","canonical_url":"https:\/\/dudasytextos.com\/preguntaquees\/que-es-el-modelo-130\/","robots":"max-snippet:-1, max-image-preview:large, max-video-preview:-1","keywords":"","webmasterTools":{"miscellaneous":"&lt;!-- Google tag (gtag.js) --&gt;\n&lt;script async src=\"https:\/\/www.googletagmanager.com\/gtag\/js?id=G-QEZWJ7M6T7\"&gt;&lt;\/script&gt;\n&lt;script&gt;\n  window.dataLayer = window.dataLayer || [];\n  function gtag(){dataLayer.push(arguments);}\n  gtag('js', new Date());\n\n  gtag('config', 'G-QEZWJ7M6T7');\n&lt;\/script&gt;\n&lt;script async src=\"https:\/\/pagead2.googlesyndication.com\/pagead\/js\/adsbygoogle.js?client=ca-pub-3987500858204711\"\n     crossorigin=\"anonymous\"&gt;&lt;\/script&gt;"},"schema":{"@context":"https:\/\/schema.org","@graph":[{"@type":"BlogPosting","@id":"https:\/\/dudasytextos.com\/preguntaquees\/que-es-el-modelo-130\/#blogposting","name":"Qu\u00e9 es el modelo 130 (2026) \u00bfQu\u00e9 es?","headline":"Qu\u00e9 es el modelo 130","author":{"@id":"https:\/\/dudasytextos.com\/preguntaquees\/author\/admin44\/#author"},"publisher":{"@id":"https:\/\/dudasytextos.com\/preguntaquees\/#organization"},"datePublished":"2025-02-24T16:05:59+00:00","dateModified":"2025-03-12T23:47:33+00:00","inLanguage":"es-ES","mainEntityOfPage":{"@id":"https:\/\/dudasytextos.com\/preguntaquees\/que-es-el-modelo-130\/#webpage"},"isPartOf":{"@id":"https:\/\/dudasytextos.com\/preguntaquees\/que-es-el-modelo-130\/#webpage"},"articleSection":"\u00bfQu\u00e9 es?"},{"@type":"BreadcrumbList","@id":"https:\/\/dudasytextos.com\/preguntaquees\/que-es-el-modelo-130\/#breadcrumblist","itemListElement":[{"@type":"ListItem","@id":"https:\/\/dudasytextos.com\/preguntaquees#listItem","position":1,"name":"Inicio","item":"https:\/\/dudasytextos.com\/preguntaquees","nextItem":{"@type":"ListItem","@id":"https:\/\/dudasytextos.com\/preguntaquees\/category\/que-es\/#listItem","name":"\u00bfQu\u00e9 es?"}},{"@type":"ListItem","@id":"https:\/\/dudasytextos.com\/preguntaquees\/category\/que-es\/#listItem","position":2,"name":"\u00bfQu\u00e9 es?","item":"https:\/\/dudasytextos.com\/preguntaquees\/category\/que-es\/","nextItem":{"@type":"ListItem","@id":"https:\/\/dudasytextos.com\/preguntaquees\/que-es-el-modelo-130\/#listItem","name":"Qu\u00e9 es el modelo 130"},"previousItem":{"@type":"ListItem","@id":"https:\/\/dudasytextos.com\/preguntaquees#listItem","name":"Inicio"}},{"@type":"ListItem","@id":"https:\/\/dudasytextos.com\/preguntaquees\/que-es-el-modelo-130\/#listItem","position":3,"name":"Qu\u00e9 es el modelo 130","previousItem":{"@type":"ListItem","@id":"https:\/\/dudasytextos.com\/preguntaquees\/category\/que-es\/#listItem","name":"\u00bfQu\u00e9 es?"}}]},{"@type":"Organization","@id":"https:\/\/dudasytextos.com\/preguntaquees\/#organization","name":"\u00bfC\u00f3mo funciona?","description":"\u00bfQu\u00e9 es?","url":"https:\/\/dudasytextos.com\/preguntaquees\/"},{"@type":"Person","@id":"https:\/\/dudasytextos.com\/preguntaquees\/author\/admin44\/#author","url":"https:\/\/dudasytextos.com\/preguntaquees\/author\/admin44\/","name":"Ana Gonz\u00e1lez"},{"@type":"WebPage","@id":"https:\/\/dudasytextos.com\/preguntaquees\/que-es-el-modelo-130\/#webpage","url":"https:\/\/dudasytextos.com\/preguntaquees\/que-es-el-modelo-130\/","name":"Qu\u00e9 es el modelo 130 (2026) \u00bfQu\u00e9 es?","description":"\u00bfQu\u00e9 es el modelo 130? Por Ana Gonz\u00e1lez Curiosidades sobre el modelo 130 El modelo 130 es una declaraci\u00f3n trimestral que deben presentar los aut\u00f3nomos. Se utiliza para declarar los ingresos y gastos del trimestre y calcular el IRPF a pagar. Es una obligaci\u00f3n fiscal y su presentaci\u00f3n fuera de plazo puede acarrear sanciones econ\u00f3micas.","inLanguage":"es-ES","isPartOf":{"@id":"https:\/\/dudasytextos.com\/preguntaquees\/#website"},"breadcrumb":{"@id":"https:\/\/dudasytextos.com\/preguntaquees\/que-es-el-modelo-130\/#breadcrumblist"},"author":{"@id":"https:\/\/dudasytextos.com\/preguntaquees\/author\/admin44\/#author"},"creator":{"@id":"https:\/\/dudasytextos.com\/preguntaquees\/author\/admin44\/#author"},"datePublished":"2025-02-24T16:05:59+00:00","dateModified":"2025-03-12T23:47:33+00:00"},{"@type":"WebSite","@id":"https:\/\/dudasytextos.com\/preguntaquees\/#website","url":"https:\/\/dudasytextos.com\/preguntaquees\/","name":"\u00bfC\u00f3mo funciona?","description":"\u00bfQu\u00e9 es?","inLanguage":"es-ES","publisher":{"@id":"https:\/\/dudasytextos.com\/preguntaquees\/#organization"}}]},"og:locale":"es_ES","og:site_name":"\u00bfQu\u00e9 es? - \u00bfQu\u00e9 es?","og:type":"article","og:title":"Qu\u00e9 es el modelo 130 (2026) \u00bfQu\u00e9 es?","og:description":"\u00bfQu\u00e9 es el modelo 130? Por Ana Gonz\u00e1lez Curiosidades sobre el modelo 130 El modelo 130 es una declaraci\u00f3n trimestral que deben presentar los aut\u00f3nomos. Se utiliza para declarar los ingresos y gastos del trimestre y calcular el IRPF a pagar. Es una obligaci\u00f3n fiscal y su presentaci\u00f3n fuera de plazo puede acarrear sanciones econ\u00f3micas.","og:url":"https:\/\/dudasytextos.com\/preguntaquees\/que-es-el-modelo-130\/","article:published_time":"2025-02-24T16:05:59+00:00","article:modified_time":"2025-03-12T23:47:33+00:00","twitter:card":"summary_large_image","twitter:title":"Qu\u00e9 es el modelo 130 (2026) \u00bfQu\u00e9 es?","twitter:description":"\u00bfQu\u00e9 es el modelo 130? Por Ana Gonz\u00e1lez Curiosidades sobre el modelo 130 El modelo 130 es una declaraci\u00f3n trimestral que deben presentar los aut\u00f3nomos. Se utiliza para declarar los ingresos y gastos del trimestre y calcular el IRPF a pagar. Es una obligaci\u00f3n fiscal y su presentaci\u00f3n fuera de plazo puede acarrear sanciones econ\u00f3micas."},"aioseo_meta_data":{"post_id":"150492","title":null,"description":null,"keywords":null,"keyphrases":null,"primary_term":null,"canonical_url":null,"og_title":null,"og_description":null,"og_object_type":"default","og_image_type":"default","og_image_url":null,"og_image_width":null,"og_image_height":null,"og_image_custom_url":null,"og_image_custom_fields":null,"og_video":null,"og_custom_url":null,"og_article_section":null,"og_article_tags":null,"twitter_use_og":false,"twitter_card":"default","twitter_image_type":"default","twitter_image_url":null,"twitter_image_custom_url":null,"twitter_image_custom_fields":null,"twitter_title":null,"twitter_description":null,"schema":{"blockGraphs":[],"customGraphs":[],"default":{"data":{"Article":[],"Course":[],"Dataset":[],"FAQPage":[],"Movie":[],"Person":[],"Product":[],"ProductReview":[],"Car":[],"Recipe":[],"Service":[],"SoftwareApplication":[],"WebPage":[]},"graphName":"","isEnabled":true},"graphs":[]},"schema_type":"default","schema_type_options":null,"pillar_content":false,"robots_default":true,"robots_noindex":false,"robots_noarchive":false,"robots_nosnippet":false,"robots_nofollow":false,"robots_noimageindex":false,"robots_noodp":false,"robots_notranslate":false,"robots_max_snippet":null,"robots_max_videopreview":null,"robots_max_imagepreview":"large","priority":null,"frequency":null,"local_seo":null,"breadcrumb_settings":null,"limit_modified_date":false,"ai":null,"created":"2023-05-12 00:48:40","updated":"2025-06-04 01:10:38","seo_analyzer_scan_date":null,"focus_keyword":null,"additional_keywords":null,"truseo_locale":null},"aioseo_breadcrumb":"<div class=\"aioseo-breadcrumbs\"><span class=\"aioseo-breadcrumb\">\n\t\t\t<a href=\"https:\/\/dudasytextos.com\/preguntaquees\" title=\"Inicio\">Inicio<\/a>\n\t\t<\/span><span class=\"aioseo-breadcrumb-separator\">&raquo;<\/span><span class=\"aioseo-breadcrumb\">\n\t\t\t<a href=\"https:\/\/dudasytextos.com\/preguntaquees\/category\/que-es\/\" title=\"\u00bfQu\u00e9 es?\">\u00bfQu\u00e9 es?<\/a>\n\t\t<\/span><span class=\"aioseo-breadcrumb-separator\">&raquo;<\/span><span class=\"aioseo-breadcrumb\">\n\t\t\tQu\u00e9 es el modelo 130\n\t\t<\/span><\/div>","aioseo_breadcrumb_json":[{"label":"Inicio","link":"https:\/\/dudasytextos.com\/preguntaquees"},{"label":"\u00bfQu\u00e9 es?","link":"https:\/\/dudasytextos.com\/preguntaquees\/category\/que-es\/"},{"label":"Qu\u00e9 es el modelo 130","link":"https:\/\/dudasytextos.com\/preguntaquees\/que-es-el-modelo-130\/"}],"_links":{"self":[{"href":"https:\/\/dudasytextos.com\/preguntaquees\/wp-json\/wp\/v2\/posts\/150492","targetHints":{"allow":["GET"]}}],"collection":[{"href":"https:\/\/dudasytextos.com\/preguntaquees\/wp-json\/wp\/v2\/posts"}],"about":[{"href":"https:\/\/dudasytextos.com\/preguntaquees\/wp-json\/wp\/v2\/types\/post"}],"author":[{"embeddable":true,"href":"https:\/\/dudasytextos.com\/preguntaquees\/wp-json\/wp\/v2\/users\/1"}],"replies":[{"embeddable":true,"href":"https:\/\/dudasytextos.com\/preguntaquees\/wp-json\/wp\/v2\/comments?post=150492"}],"version-history":[{"count":1,"href":"https:\/\/dudasytextos.com\/preguntaquees\/wp-json\/wp\/v2\/posts\/150492\/revisions"}],"predecessor-version":[{"id":155337,"href":"https:\/\/dudasytextos.com\/preguntaquees\/wp-json\/wp\/v2\/posts\/150492\/revisions\/155337"}],"wp:attachment":[{"href":"https:\/\/dudasytextos.com\/preguntaquees\/wp-json\/wp\/v2\/media?parent=150492"}],"wp:term":[{"taxonomy":"category","embeddable":true,"href":"https:\/\/dudasytextos.com\/preguntaquees\/wp-json\/wp\/v2\/categories?post=150492"},{"taxonomy":"post_tag","embeddable":true,"href":"https:\/\/dudasytextos.com\/preguntaquees\/wp-json\/wp\/v2\/tags?post=150492"}],"curies":[{"name":"wp","href":"https:\/\/api.w.org\/{rel}","templated":true}]}}