{"id":150603,"date":"2025-03-02T12:28:39","date_gmt":"2025-03-02T12:28:39","guid":{"rendered":"https:\/\/educacion.cc\/?p=150603"},"modified":"2025-03-13T11:46:28","modified_gmt":"2025-03-13T11:46:28","slug":"que-es-la-espana-vaciada","status":"publish","type":"post","link":"https:\/\/dudasytextos.com\/preguntaquees\/que-es-la-espana-vaciada\/","title":{"rendered":"Qu\u00e9 es la espa\u00f1a vaciada"},"content":{"rendered":"<div id=\"ez-toc-container\" class=\"ez-toc-v2_0_87 counter-hierarchy ez-toc-counter ez-toc-custom ez-toc-container-direction\">\n<div class=\"ez-toc-title-container\">\n<span class=\"ez-toc-title-toggle\"><\/span><\/div>\n<nav><ul class='ez-toc-list ez-toc-list-level-1 ' ><li class='ez-toc-page-1 ez-toc-heading-level-2'><a class=\"ez-toc-link ez-toc-heading-1\" href=\"https:\/\/dudasytextos.com\/preguntaquees\/que-es-la-espana-vaciada\/#%C2%BFQue_es_la_Espana_vaciada\" >\u00bfQu\u00e9 es la Espa\u00f1a vaciada?<\/a><\/li><li class='ez-toc-page-1 ez-toc-heading-level-2'><a class=\"ez-toc-link ez-toc-heading-2\" href=\"https:\/\/dudasytextos.com\/preguntaquees\/que-es-la-espana-vaciada\/#Una_mirada_a_la_realidad_del_abandono_rural_en_Espana\" >Una mirada a la realidad del abandono rural en Espa\u00f1a<\/a><\/li><li class='ez-toc-page-1 ez-toc-heading-level-2'><a class=\"ez-toc-link ez-toc-heading-3\" href=\"https:\/\/dudasytextos.com\/preguntaquees\/que-es-la-espana-vaciada\/#Curiosidades_y_datos_interesantes\" >Curiosidades y datos interesantes<\/a><\/li><li class='ez-toc-page-1 ez-toc-heading-level-2'><a class=\"ez-toc-link ez-toc-heading-4\" href=\"https:\/\/dudasytextos.com\/preguntaquees\/que-es-la-espana-vaciada\/#Mi_experiencia_personal\" >Mi experiencia personal<\/a><\/li><li class='ez-toc-page-1 ez-toc-heading-level-2'><a class=\"ez-toc-link ez-toc-heading-5\" href=\"https:\/\/dudasytextos.com\/preguntaquees\/que-es-la-espana-vaciada\/#%C2%BFPor_que_se_produce_el_abandono_rural\" >\u00bfPor qu\u00e9 se produce el abandono rural?<\/a><\/li><li class='ez-toc-page-1 ez-toc-heading-level-2'><a class=\"ez-toc-link ez-toc-heading-6\" href=\"https:\/\/dudasytextos.com\/preguntaquees\/que-es-la-espana-vaciada\/#%C2%BFQue_consecuencias_tiene_el_abandono_rural\" >\u00bfQu\u00e9 consecuencias tiene el abandono rural?<\/a><\/li><li class='ez-toc-page-1 ez-toc-heading-level-2'><a class=\"ez-toc-link ez-toc-heading-7\" href=\"https:\/\/dudasytextos.com\/preguntaquees\/que-es-la-espana-vaciada\/#Posibles_soluciones\" >Posibles soluciones<\/a><\/li><li class='ez-toc-page-1 ez-toc-heading-level-2'><a class=\"ez-toc-link ez-toc-heading-8\" href=\"https:\/\/dudasytextos.com\/preguntaquees\/que-es-la-espana-vaciada\/#Preguntas_frecuentes\" >Preguntas frecuentes<\/a><ul class='ez-toc-list-level-3' ><li class='ez-toc-heading-level-3'><a class=\"ez-toc-link ez-toc-heading-9\" href=\"https:\/\/dudasytextos.com\/preguntaquees\/que-es-la-espana-vaciada\/#%C2%BFQue_es_la_Espana_vaciada-2\" >\u00bfQu\u00e9 es la Espa\u00f1a vaciada?<\/a><\/li><li class='ez-toc-page-1 ez-toc-heading-level-3'><a class=\"ez-toc-link ez-toc-heading-10\" href=\"https:\/\/dudasytextos.com\/preguntaquees\/que-es-la-espana-vaciada\/#%C2%BFPor_que_es_un_problema\" >\u00bfPor qu\u00e9 es un problema?<\/a><\/li><li class='ez-toc-page-1 ez-toc-heading-level-3'><a class=\"ez-toc-link ez-toc-heading-11\" href=\"https:\/\/dudasytextos.com\/preguntaquees\/que-es-la-espana-vaciada\/#%C2%BFQue_se_puede_hacer_para_combatirlo\" >\u00bfQu\u00e9 se puede hacer para combatirlo?<\/a><\/li><\/ul><\/li><\/ul><\/nav><\/div>\n<h2><span class=\"ez-toc-section\" id=\"%C2%BFQue_es_la_Espana_vaciada\"><\/span>\u00bfQu\u00e9 es la Espa\u00f1a vaciada?<span class=\"ez-toc-section-end\"><\/span><\/h2>\n<h2><span class=\"ez-toc-section\" id=\"Una_mirada_a_la_realidad_del_abandono_rural_en_Espana\"><\/span>Una mirada a la realidad del abandono rural en Espa\u00f1a<span class=\"ez-toc-section-end\"><\/span><\/h2>\n<section>\n<h2><span class=\"ez-toc-section\" id=\"Curiosidades_y_datos_interesantes\"><\/span>Curiosidades y datos interesantes<span class=\"ez-toc-section-end\"><\/span><\/h2>\n<ul>\n<li>El 90% de la poblaci\u00f3n espa\u00f1ola vive en el 30% del territorio nacional<\/li>\n<li>En las \u00faltimas d\u00e9cadas, el \u00e9xodo rural ha dejado desiertos demogr\u00e1ficos en varias regiones<\/li>\n<li>El t\u00e9rmino Espa\u00f1a vaciada se populariz\u00f3 en 2018 para referirse a esta problem\u00e1tica<\/li>\n<li>En 2020, se estimaba que hab\u00eda 4.5 millones de personas que viv\u00edan en municipios con menos de 5.000 habitantes<\/li>\n<\/ul>\n<\/section>\n<section>\n<h2><span class=\"ez-toc-section\" id=\"Mi_experiencia_personal\"><\/span>Mi experiencia personal<span class=\"ez-toc-section-end\"><\/span><\/h2>\n<p>Como alguien que ha vivido toda su vida en una gran ciudad, el concepto de Espa\u00f1a vaciada era algo que me resultaba ajeno. Sin embargo, hace unos a\u00f1os tuve la oportunidad de visitar un pueblo en Soria y qued\u00e9 impactada por la sensaci\u00f3n de abandono y soledad que se respiraba. Era un lugar precioso, pero parec\u00eda que estaba detenido en el tiempo y que la vida se hab\u00eda ido poco a poco.<\/p>\n<p>Esta experiencia me hizo reflexionar sobre la necesidad de prestar atenci\u00f3n a lo que est\u00e1 pasando en estas zonas rurales y buscar soluciones para evitar que sigan despobl\u00e1ndose.<\/p>\n<\/section>\n<section>\n<h2><span class=\"ez-toc-section\" id=\"%C2%BFPor_que_se_produce_el_abandono_rural\"><\/span>\u00bfPor qu\u00e9 se produce el abandono rural?<span class=\"ez-toc-section-end\"><\/span><\/h2>\n<p>Las causas son m\u00faltiples y complejas, pero algunas de las m\u00e1s destacadas son:<\/p>\n<ul>\n<li>La falta de empleo y oportunidades de desarrollo econ\u00f3mico<\/li>\n<li>La dificultad para acceder a servicios b\u00e1sicos como la sanidad o la educaci\u00f3n<\/li>\n<li>El envejecimiento de la poblaci\u00f3n y la falta de relevo generacional<\/li>\n<li>La falta de infraestructuras y de inversi\u00f3n en el territorio<\/li>\n<\/ul>\n<\/section>\n<section>\n<h2><span class=\"ez-toc-section\" id=\"%C2%BFQue_consecuencias_tiene_el_abandono_rural\"><\/span>\u00bfQu\u00e9 consecuencias tiene el abandono rural?<span class=\"ez-toc-section-end\"><\/span><\/h2>\n<p>El abandono rural tiene graves consecuencias tanto a nivel social como econ\u00f3mico y medioambiental. Algunas de las m\u00e1s destacadas son:<\/p>\n<ul>\n<li>La p\u00e9rdida de patrimonio cultural y de la diversidad ling\u00fc\u00edstica<\/li>\n<li>El aumento de la despoblaci\u00f3n y la consecuente p\u00e9rdida de peso pol\u00edtico de estas regiones<\/li>\n<li>La erosi\u00f3n del territorio y la p\u00e9rdida de biodiversidad<\/li>\n<li>La concentraci\u00f3n de la poblaci\u00f3n en n\u00facleos urbanos, lo que genera problemas como la contaminaci\u00f3n o el aumento de los precios de la vivienda<\/li>\n<\/ul>\n<\/section>\n<section>\n<h2><span class=\"ez-toc-section\" id=\"Posibles_soluciones\"><\/span>Posibles soluciones<span class=\"ez-toc-section-end\"><\/span><\/h2>\n<p>La lucha contra el abandono rural es una tarea compleja que requiere de pol\u00edticas p\u00fablicas integrales y coordinadas entre distintos niveles de gobierno. Algunas medidas que se han propuesto son:<\/p>\n<ul>\n<li>La creaci\u00f3n de empleo y la mejora de las condiciones laborales en las zonas rurales<\/li>\n<li>La inversi\u00f3n en infraestructuras y servicios p\u00fablicos como la sanidad, la educaci\u00f3n o las telecomunicaciones<\/li>\n<li>La promoci\u00f3n del turismo rural y el fomento de actividades econ\u00f3micas sostenibles<\/li>\n<li>La incentivaci\u00f3n de la llegada de nuevos habitantes a trav\u00e9s de pol\u00edticas fiscales o de vivienda<\/li>\n<\/ul>\n<\/section>\n<section>\n<h2><span class=\"ez-toc-section\" id=\"Preguntas_frecuentes\"><\/span>Preguntas frecuentes<span class=\"ez-toc-section-end\"><\/span><\/h2>\n<h3><span class=\"ez-toc-section\" id=\"%C2%BFQue_es_la_Espana_vaciada-2\"><\/span>\u00bfQu\u00e9 es la Espa\u00f1a vaciada?<span class=\"ez-toc-section-end\"><\/span><\/h3>\n<p>Se refiere a la situaci\u00f3n de abandono y despoblaci\u00f3n que se est\u00e1 produciendo en muchas zonas rurales de Espa\u00f1a, donde la falta de oportunidades econ\u00f3micas y de servicios p\u00fablicos est\u00e1 llevando a la p\u00e9rdida de poblaci\u00f3n y a la creaci\u00f3n de desiertos demogr\u00e1ficos.<\/p>\n<h3><span class=\"ez-toc-section\" id=\"%C2%BFPor_que_es_un_problema\"><\/span>\u00bfPor qu\u00e9 es un problema?<span class=\"ez-toc-section-end\"><\/span><\/h3>\n<p>El abandono rural tiene graves consecuencias tanto a nivel social como econ\u00f3mico y medioambiental, como la p\u00e9rdida de patrimonio cultural, la erosi\u00f3n del territorio o la concentraci\u00f3n de la poblaci\u00f3n en n\u00facleos urbanos. Adem\u00e1s, crea desigualdades territoriales y reduce el peso pol\u00edtico de estas regiones.<\/p>\n<h3><span class=\"ez-toc-section\" id=\"%C2%BFQue_se_puede_hacer_para_combatirlo\"><\/span>\u00bfQu\u00e9 se puede hacer para combatirlo?<span class=\"ez-toc-section-end\"><\/span><\/h3>\n<p>Es necesario implementar pol\u00edticas p\u00fablicas integrales que fomenten el desarrollo econ\u00f3mico y social de las zonas rurales, mejorando las condiciones laborales, los servicios p\u00fablicos y las infraestructuras, promoviendo actividades econ\u00f3micas sostenibles y fomentando la llegada de nuevos habitantes.<\/p>\n<\/section>\n","protected":false},"excerpt":{"rendered":"<p>\u00bfQu\u00e9 es la Espa\u00f1a vaciada? Una mirada a la realidad del abandono rural en Espa\u00f1a Curiosidades y datos interesantes El 90% de la poblaci\u00f3n espa\u00f1ola vive en el 30% del territorio nacional En las \u00faltimas d\u00e9cadas, el \u00e9xodo rural ha dejado desiertos demogr\u00e1ficos en varias regiones El t\u00e9rmino Espa\u00f1a vaciada se populariz\u00f3 en 2018 para &#8230; <a title=\"Qu\u00e9 es la espa\u00f1a vaciada\" class=\"read-more\" href=\"https:\/\/dudasytextos.com\/preguntaquees\/que-es-la-espana-vaciada\/\" aria-label=\"M\u00e1s en Qu\u00e9 es la espa\u00f1a vaciada\">Leer m\u00e1s<\/a><\/p>\n","protected":false},"author":1,"featured_media":0,"comment_status":"open","ping_status":"open","sticky":false,"template":"","format":"standard","meta":{"footnotes":""},"categories":[4],"tags":[],"class_list":["post-150603","post","type-post","status-publish","format-standard","hentry","category-que-es"],"aioseo_notices":[],"aioseo_head":"\n\t\t<!-- All in One SEO 5.0.1.1 - aioseo.com -->\n\t<meta name=\"description\" content=\"\u00bfQu\u00e9 es la Espa\u00f1a vaciada? Una mirada a la realidad del abandono rural en Espa\u00f1a Curiosidades y datos interesantes El 90% de la poblaci\u00f3n espa\u00f1ola vive en el 30% del territorio nacional En las \u00faltimas d\u00e9cadas, el \u00e9xodo rural ha dejado desiertos demogr\u00e1ficos en varias regiones El t\u00e9rmino Espa\u00f1a vaciada se populariz\u00f3 en 2018 para\" \/>\n\t<meta name=\"robots\" content=\"max-snippet:-1, max-image-preview:large, max-video-preview:-1\" \/>\n\t<meta name=\"author\" content=\"Ana Gonz\u00e1lez\"\/>\n\t<link rel=\"canonical\" href=\"https:\/\/dudasytextos.com\/preguntaquees\/que-es-la-espana-vaciada\/\" \/>\n\t<meta name=\"generator\" content=\"All in One SEO (AIOSEO) 5.0.1.1\" \/>\n\n\t\t<!-- Google tag (gtag.js) -->\n<script async src=\"https:\/\/www.googletagmanager.com\/gtag\/js?id=G-QEZWJ7M6T7\"><\/script>\n<script>\n  window.dataLayer = window.dataLayer || [];\n  function gtag(){dataLayer.push(arguments);}\n  gtag('js', new Date());\n\n  gtag('config', 'G-QEZWJ7M6T7');\n<\/script>\n<script async src=\"https:\/\/pagead2.googlesyndication.com\/pagead\/js\/adsbygoogle.js?client=ca-pub-3987500858204711\"\n     crossorigin=\"anonymous\"><\/script>\n\t\t<meta property=\"og:locale\" content=\"es_ES\" \/>\n\t\t<meta property=\"og:site_name\" content=\"\u00bfQu\u00e9 es? - \u00bfQu\u00e9 es?\" \/>\n\t\t<meta property=\"og:type\" content=\"article\" \/>\n\t\t<meta property=\"og:title\" content=\"Qu\u00e9 es la espa\u00f1a vaciada (2026) \u00bfQu\u00e9 es?\" \/>\n\t\t<meta property=\"og:description\" content=\"\u00bfQu\u00e9 es la Espa\u00f1a vaciada? Una mirada a la realidad del abandono rural en Espa\u00f1a Curiosidades y datos interesantes El 90% de la poblaci\u00f3n espa\u00f1ola vive en el 30% del territorio nacional En las \u00faltimas d\u00e9cadas, el \u00e9xodo rural ha dejado desiertos demogr\u00e1ficos en varias regiones El t\u00e9rmino Espa\u00f1a vaciada se populariz\u00f3 en 2018 para\" \/>\n\t\t<meta property=\"og:url\" content=\"https:\/\/dudasytextos.com\/preguntaquees\/que-es-la-espana-vaciada\/\" \/>\n\t\t<meta property=\"article:published_time\" content=\"2025-03-02T12:28:39+00:00\" \/>\n\t\t<meta property=\"article:modified_time\" content=\"2025-03-13T11:46:28+00:00\" \/>\n\t\t<meta name=\"twitter:card\" content=\"summary_large_image\" \/>\n\t\t<meta name=\"twitter:title\" content=\"Qu\u00e9 es la espa\u00f1a vaciada (2026) \u00bfQu\u00e9 es?\" \/>\n\t\t<meta name=\"twitter:description\" content=\"\u00bfQu\u00e9 es la Espa\u00f1a vaciada? Una mirada a la realidad del abandono rural en Espa\u00f1a Curiosidades y datos interesantes El 90% de la poblaci\u00f3n espa\u00f1ola vive en el 30% del territorio nacional En las \u00faltimas d\u00e9cadas, el \u00e9xodo rural ha dejado desiertos demogr\u00e1ficos en varias regiones El t\u00e9rmino Espa\u00f1a vaciada se populariz\u00f3 en 2018 para\" \/>\n\t\t<script type=\"application\/ld+json\" class=\"aioseo-schema\">\n\t\t\t{\"@context\":\"https:\\\/\\\/schema.org\",\"@graph\":[{\"@type\":\"BlogPosting\",\"@id\":\"https:\\\/\\\/dudasytextos.com\\\/preguntaquees\\\/que-es-la-espana-vaciada\\\/#blogposting\",\"name\":\"Qu\\u00e9 es la espa\\u00f1a vaciada (2026) \\u00bfQu\\u00e9 es?\",\"headline\":\"Qu\\u00e9 es la espa\\u00f1a vaciada\",\"author\":{\"@id\":\"https:\\\/\\\/dudasytextos.com\\\/preguntaquees\\\/author\\\/admin44\\\/#author\"},\"publisher\":{\"@id\":\"https:\\\/\\\/dudasytextos.com\\\/preguntaquees\\\/#organization\"},\"datePublished\":\"2025-03-02T12:28:39+00:00\",\"dateModified\":\"2025-03-13T11:46:28+00:00\",\"inLanguage\":\"es-ES\",\"mainEntityOfPage\":{\"@id\":\"https:\\\/\\\/dudasytextos.com\\\/preguntaquees\\\/que-es-la-espana-vaciada\\\/#webpage\"},\"isPartOf\":{\"@id\":\"https:\\\/\\\/dudasytextos.com\\\/preguntaquees\\\/que-es-la-espana-vaciada\\\/#webpage\"},\"articleSection\":\"\\u00bfQu\\u00e9 es?\"},{\"@type\":\"BreadcrumbList\",\"@id\":\"https:\\\/\\\/dudasytextos.com\\\/preguntaquees\\\/que-es-la-espana-vaciada\\\/#breadcrumblist\",\"itemListElement\":[{\"@type\":\"ListItem\",\"@id\":\"https:\\\/\\\/dudasytextos.com\\\/preguntaquees#listItem\",\"position\":1,\"name\":\"Inicio\",\"item\":\"https:\\\/\\\/dudasytextos.com\\\/preguntaquees\",\"nextItem\":{\"@type\":\"ListItem\",\"@id\":\"https:\\\/\\\/dudasytextos.com\\\/preguntaquees\\\/category\\\/que-es\\\/#listItem\",\"name\":\"\\u00bfQu\\u00e9 es?\"}},{\"@type\":\"ListItem\",\"@id\":\"https:\\\/\\\/dudasytextos.com\\\/preguntaquees\\\/category\\\/que-es\\\/#listItem\",\"position\":2,\"name\":\"\\u00bfQu\\u00e9 es?\",\"item\":\"https:\\\/\\\/dudasytextos.com\\\/preguntaquees\\\/category\\\/que-es\\\/\",\"nextItem\":{\"@type\":\"ListItem\",\"@id\":\"https:\\\/\\\/dudasytextos.com\\\/preguntaquees\\\/que-es-la-espana-vaciada\\\/#listItem\",\"name\":\"Qu\\u00e9 es la espa\\u00f1a vaciada\"},\"previousItem\":{\"@type\":\"ListItem\",\"@id\":\"https:\\\/\\\/dudasytextos.com\\\/preguntaquees#listItem\",\"name\":\"Inicio\"}},{\"@type\":\"ListItem\",\"@id\":\"https:\\\/\\\/dudasytextos.com\\\/preguntaquees\\\/que-es-la-espana-vaciada\\\/#listItem\",\"position\":3,\"name\":\"Qu\\u00e9 es la espa\\u00f1a vaciada\",\"previousItem\":{\"@type\":\"ListItem\",\"@id\":\"https:\\\/\\\/dudasytextos.com\\\/preguntaquees\\\/category\\\/que-es\\\/#listItem\",\"name\":\"\\u00bfQu\\u00e9 es?\"}}]},{\"@type\":\"Organization\",\"@id\":\"https:\\\/\\\/dudasytextos.com\\\/preguntaquees\\\/#organization\",\"name\":\"\\u00bfC\\u00f3mo funciona?\",\"description\":\"\\u00bfQu\\u00e9 es?\",\"url\":\"https:\\\/\\\/dudasytextos.com\\\/preguntaquees\\\/\"},{\"@type\":\"Person\",\"@id\":\"https:\\\/\\\/dudasytextos.com\\\/preguntaquees\\\/author\\\/admin44\\\/#author\",\"url\":\"https:\\\/\\\/dudasytextos.com\\\/preguntaquees\\\/author\\\/admin44\\\/\",\"name\":\"Ana Gonz\\u00e1lez\"},{\"@type\":\"WebPage\",\"@id\":\"https:\\\/\\\/dudasytextos.com\\\/preguntaquees\\\/que-es-la-espana-vaciada\\\/#webpage\",\"url\":\"https:\\\/\\\/dudasytextos.com\\\/preguntaquees\\\/que-es-la-espana-vaciada\\\/\",\"name\":\"Qu\\u00e9 es la espa\\u00f1a vaciada (2026) \\u00bfQu\\u00e9 es?\",\"description\":\"\\u00bfQu\\u00e9 es la Espa\\u00f1a vaciada? Una mirada a la realidad del abandono rural en Espa\\u00f1a Curiosidades y datos interesantes El 90% de la poblaci\\u00f3n espa\\u00f1ola vive en el 30% del territorio nacional En las \\u00faltimas d\\u00e9cadas, el \\u00e9xodo rural ha dejado desiertos demogr\\u00e1ficos en varias regiones El t\\u00e9rmino Espa\\u00f1a vaciada se populariz\\u00f3 en 2018 para\",\"inLanguage\":\"es-ES\",\"isPartOf\":{\"@id\":\"https:\\\/\\\/dudasytextos.com\\\/preguntaquees\\\/#website\"},\"breadcrumb\":{\"@id\":\"https:\\\/\\\/dudasytextos.com\\\/preguntaquees\\\/que-es-la-espana-vaciada\\\/#breadcrumblist\"},\"author\":{\"@id\":\"https:\\\/\\\/dudasytextos.com\\\/preguntaquees\\\/author\\\/admin44\\\/#author\"},\"creator\":{\"@id\":\"https:\\\/\\\/dudasytextos.com\\\/preguntaquees\\\/author\\\/admin44\\\/#author\"},\"datePublished\":\"2025-03-02T12:28:39+00:00\",\"dateModified\":\"2025-03-13T11:46:28+00:00\"},{\"@type\":\"WebSite\",\"@id\":\"https:\\\/\\\/dudasytextos.com\\\/preguntaquees\\\/#website\",\"url\":\"https:\\\/\\\/dudasytextos.com\\\/preguntaquees\\\/\",\"name\":\"\\u00bfC\\u00f3mo funciona?\",\"description\":\"\\u00bfQu\\u00e9 es?\",\"inLanguage\":\"es-ES\",\"publisher\":{\"@id\":\"https:\\\/\\\/dudasytextos.com\\\/preguntaquees\\\/#organization\"}}]}\n\t\t<\/script>\n\t\t<!-- All in One SEO -->\n\n","aioseo_head_json":{"title":"Qu\u00e9 es la espa\u00f1a vaciada (2026) \u00bfQu\u00e9 es?","description":"\u00bfQu\u00e9 es la Espa\u00f1a vaciada? Una mirada a la realidad del abandono rural en Espa\u00f1a Curiosidades y datos interesantes El 90% de la poblaci\u00f3n espa\u00f1ola vive en el 30% del territorio nacional En las \u00faltimas d\u00e9cadas, el \u00e9xodo rural ha dejado desiertos demogr\u00e1ficos en varias regiones El t\u00e9rmino Espa\u00f1a vaciada se populariz\u00f3 en 2018 para","canonical_url":"https:\/\/dudasytextos.com\/preguntaquees\/que-es-la-espana-vaciada\/","robots":"max-snippet:-1, max-image-preview:large, max-video-preview:-1","keywords":"","webmasterTools":{"miscellaneous":"&lt;!-- Google tag (gtag.js) --&gt;\n&lt;script async src=\"https:\/\/www.googletagmanager.com\/gtag\/js?id=G-QEZWJ7M6T7\"&gt;&lt;\/script&gt;\n&lt;script&gt;\n  window.dataLayer = window.dataLayer || [];\n  function gtag(){dataLayer.push(arguments);}\n  gtag('js', new Date());\n\n  gtag('config', 'G-QEZWJ7M6T7');\n&lt;\/script&gt;\n&lt;script async src=\"https:\/\/pagead2.googlesyndication.com\/pagead\/js\/adsbygoogle.js?client=ca-pub-3987500858204711\"\n     crossorigin=\"anonymous\"&gt;&lt;\/script&gt;"},"schema":{"@context":"https:\/\/schema.org","@graph":[{"@type":"BlogPosting","@id":"https:\/\/dudasytextos.com\/preguntaquees\/que-es-la-espana-vaciada\/#blogposting","name":"Qu\u00e9 es la espa\u00f1a vaciada (2026) \u00bfQu\u00e9 es?","headline":"Qu\u00e9 es la espa\u00f1a vaciada","author":{"@id":"https:\/\/dudasytextos.com\/preguntaquees\/author\/admin44\/#author"},"publisher":{"@id":"https:\/\/dudasytextos.com\/preguntaquees\/#organization"},"datePublished":"2025-03-02T12:28:39+00:00","dateModified":"2025-03-13T11:46:28+00:00","inLanguage":"es-ES","mainEntityOfPage":{"@id":"https:\/\/dudasytextos.com\/preguntaquees\/que-es-la-espana-vaciada\/#webpage"},"isPartOf":{"@id":"https:\/\/dudasytextos.com\/preguntaquees\/que-es-la-espana-vaciada\/#webpage"},"articleSection":"\u00bfQu\u00e9 es?"},{"@type":"BreadcrumbList","@id":"https:\/\/dudasytextos.com\/preguntaquees\/que-es-la-espana-vaciada\/#breadcrumblist","itemListElement":[{"@type":"ListItem","@id":"https:\/\/dudasytextos.com\/preguntaquees#listItem","position":1,"name":"Inicio","item":"https:\/\/dudasytextos.com\/preguntaquees","nextItem":{"@type":"ListItem","@id":"https:\/\/dudasytextos.com\/preguntaquees\/category\/que-es\/#listItem","name":"\u00bfQu\u00e9 es?"}},{"@type":"ListItem","@id":"https:\/\/dudasytextos.com\/preguntaquees\/category\/que-es\/#listItem","position":2,"name":"\u00bfQu\u00e9 es?","item":"https:\/\/dudasytextos.com\/preguntaquees\/category\/que-es\/","nextItem":{"@type":"ListItem","@id":"https:\/\/dudasytextos.com\/preguntaquees\/que-es-la-espana-vaciada\/#listItem","name":"Qu\u00e9 es la espa\u00f1a vaciada"},"previousItem":{"@type":"ListItem","@id":"https:\/\/dudasytextos.com\/preguntaquees#listItem","name":"Inicio"}},{"@type":"ListItem","@id":"https:\/\/dudasytextos.com\/preguntaquees\/que-es-la-espana-vaciada\/#listItem","position":3,"name":"Qu\u00e9 es la espa\u00f1a vaciada","previousItem":{"@type":"ListItem","@id":"https:\/\/dudasytextos.com\/preguntaquees\/category\/que-es\/#listItem","name":"\u00bfQu\u00e9 es?"}}]},{"@type":"Organization","@id":"https:\/\/dudasytextos.com\/preguntaquees\/#organization","name":"\u00bfC\u00f3mo funciona?","description":"\u00bfQu\u00e9 es?","url":"https:\/\/dudasytextos.com\/preguntaquees\/"},{"@type":"Person","@id":"https:\/\/dudasytextos.com\/preguntaquees\/author\/admin44\/#author","url":"https:\/\/dudasytextos.com\/preguntaquees\/author\/admin44\/","name":"Ana Gonz\u00e1lez"},{"@type":"WebPage","@id":"https:\/\/dudasytextos.com\/preguntaquees\/que-es-la-espana-vaciada\/#webpage","url":"https:\/\/dudasytextos.com\/preguntaquees\/que-es-la-espana-vaciada\/","name":"Qu\u00e9 es la espa\u00f1a vaciada (2026) \u00bfQu\u00e9 es?","description":"\u00bfQu\u00e9 es la Espa\u00f1a vaciada? Una mirada a la realidad del abandono rural en Espa\u00f1a Curiosidades y datos interesantes El 90% de la poblaci\u00f3n espa\u00f1ola vive en el 30% del territorio nacional En las \u00faltimas d\u00e9cadas, el \u00e9xodo rural ha dejado desiertos demogr\u00e1ficos en varias regiones El t\u00e9rmino Espa\u00f1a vaciada se populariz\u00f3 en 2018 para","inLanguage":"es-ES","isPartOf":{"@id":"https:\/\/dudasytextos.com\/preguntaquees\/#website"},"breadcrumb":{"@id":"https:\/\/dudasytextos.com\/preguntaquees\/que-es-la-espana-vaciada\/#breadcrumblist"},"author":{"@id":"https:\/\/dudasytextos.com\/preguntaquees\/author\/admin44\/#author"},"creator":{"@id":"https:\/\/dudasytextos.com\/preguntaquees\/author\/admin44\/#author"},"datePublished":"2025-03-02T12:28:39+00:00","dateModified":"2025-03-13T11:46:28+00:00"},{"@type":"WebSite","@id":"https:\/\/dudasytextos.com\/preguntaquees\/#website","url":"https:\/\/dudasytextos.com\/preguntaquees\/","name":"\u00bfC\u00f3mo funciona?","description":"\u00bfQu\u00e9 es?","inLanguage":"es-ES","publisher":{"@id":"https:\/\/dudasytextos.com\/preguntaquees\/#organization"}}]},"og:locale":"es_ES","og:site_name":"\u00bfQu\u00e9 es? - \u00bfQu\u00e9 es?","og:type":"article","og:title":"Qu\u00e9 es la espa\u00f1a vaciada (2026) \u00bfQu\u00e9 es?","og:description":"\u00bfQu\u00e9 es la Espa\u00f1a vaciada? Una mirada a la realidad del abandono rural en Espa\u00f1a Curiosidades y datos interesantes El 90% de la poblaci\u00f3n espa\u00f1ola vive en el 30% del territorio nacional En las \u00faltimas d\u00e9cadas, el \u00e9xodo rural ha dejado desiertos demogr\u00e1ficos en varias regiones El t\u00e9rmino Espa\u00f1a vaciada se populariz\u00f3 en 2018 para","og:url":"https:\/\/dudasytextos.com\/preguntaquees\/que-es-la-espana-vaciada\/","article:published_time":"2025-03-02T12:28:39+00:00","article:modified_time":"2025-03-13T11:46:28+00:00","twitter:card":"summary_large_image","twitter:title":"Qu\u00e9 es la espa\u00f1a vaciada (2026) \u00bfQu\u00e9 es?","twitter:description":"\u00bfQu\u00e9 es la Espa\u00f1a vaciada? Una mirada a la realidad del abandono rural en Espa\u00f1a Curiosidades y datos interesantes El 90% de la poblaci\u00f3n espa\u00f1ola vive en el 30% del territorio nacional En las \u00faltimas d\u00e9cadas, el \u00e9xodo rural ha dejado desiertos demogr\u00e1ficos en varias regiones El t\u00e9rmino Espa\u00f1a vaciada se populariz\u00f3 en 2018 para"},"aioseo_meta_data":{"post_id":"150603","title":null,"description":null,"keywords":null,"keyphrases":null,"primary_term":null,"canonical_url":null,"og_title":null,"og_description":null,"og_object_type":"default","og_image_type":"default","og_image_url":null,"og_image_width":null,"og_image_height":null,"og_image_custom_url":null,"og_image_custom_fields":null,"og_video":null,"og_custom_url":null,"og_article_section":null,"og_article_tags":null,"twitter_use_og":false,"twitter_card":"default","twitter_image_type":"default","twitter_image_url":null,"twitter_image_custom_url":null,"twitter_image_custom_fields":null,"twitter_title":null,"twitter_description":null,"schema":{"blockGraphs":[],"customGraphs":[],"default":{"data":{"Article":[],"Course":[],"Dataset":[],"FAQPage":[],"Movie":[],"Person":[],"Product":[],"ProductReview":[],"Car":[],"Recipe":[],"Service":[],"SoftwareApplication":[],"WebPage":[]},"graphName":"","isEnabled":true},"graphs":[]},"schema_type":"default","schema_type_options":null,"pillar_content":false,"robots_default":true,"robots_noindex":false,"robots_noarchive":false,"robots_nosnippet":false,"robots_nofollow":false,"robots_noimageindex":false,"robots_noodp":false,"robots_notranslate":false,"robots_max_snippet":null,"robots_max_videopreview":null,"robots_max_imagepreview":"large","priority":null,"frequency":null,"local_seo":null,"breadcrumb_settings":null,"limit_modified_date":false,"ai":null,"created":"2023-05-11 22:46:43","updated":"2025-06-04 04:41:31","seo_analyzer_scan_date":null,"focus_keyword":null,"additional_keywords":null,"truseo_locale":null},"aioseo_breadcrumb":"<div class=\"aioseo-breadcrumbs\"><span class=\"aioseo-breadcrumb\">\n\t\t\t<a href=\"https:\/\/dudasytextos.com\/preguntaquees\" title=\"Inicio\">Inicio<\/a>\n\t\t<\/span><span class=\"aioseo-breadcrumb-separator\">&raquo;<\/span><span class=\"aioseo-breadcrumb\">\n\t\t\t<a href=\"https:\/\/dudasytextos.com\/preguntaquees\/category\/que-es\/\" title=\"\u00bfQu\u00e9 es?\">\u00bfQu\u00e9 es?<\/a>\n\t\t<\/span><span class=\"aioseo-breadcrumb-separator\">&raquo;<\/span><span class=\"aioseo-breadcrumb\">\n\t\t\tQu\u00e9 es la espa\u00f1a vaciada\n\t\t<\/span><\/div>","aioseo_breadcrumb_json":[{"label":"Inicio","link":"https:\/\/dudasytextos.com\/preguntaquees"},{"label":"\u00bfQu\u00e9 es?","link":"https:\/\/dudasytextos.com\/preguntaquees\/category\/que-es\/"},{"label":"Qu\u00e9 es la espa\u00f1a vaciada","link":"https:\/\/dudasytextos.com\/preguntaquees\/que-es-la-espana-vaciada\/"}],"_links":{"self":[{"href":"https:\/\/dudasytextos.com\/preguntaquees\/wp-json\/wp\/v2\/posts\/150603","targetHints":{"allow":["GET"]}}],"collection":[{"href":"https:\/\/dudasytextos.com\/preguntaquees\/wp-json\/wp\/v2\/posts"}],"about":[{"href":"https:\/\/dudasytextos.com\/preguntaquees\/wp-json\/wp\/v2\/types\/post"}],"author":[{"embeddable":true,"href":"https:\/\/dudasytextos.com\/preguntaquees\/wp-json\/wp\/v2\/users\/1"}],"replies":[{"embeddable":true,"href":"https:\/\/dudasytextos.com\/preguntaquees\/wp-json\/wp\/v2\/comments?post=150603"}],"version-history":[{"count":1,"href":"https:\/\/dudasytextos.com\/preguntaquees\/wp-json\/wp\/v2\/posts\/150603\/revisions"}],"predecessor-version":[{"id":155226,"href":"https:\/\/dudasytextos.com\/preguntaquees\/wp-json\/wp\/v2\/posts\/150603\/revisions\/155226"}],"wp:attachment":[{"href":"https:\/\/dudasytextos.com\/preguntaquees\/wp-json\/wp\/v2\/media?parent=150603"}],"wp:term":[{"taxonomy":"category","embeddable":true,"href":"https:\/\/dudasytextos.com\/preguntaquees\/wp-json\/wp\/v2\/categories?post=150603"},{"taxonomy":"post_tag","embeddable":true,"href":"https:\/\/dudasytextos.com\/preguntaquees\/wp-json\/wp\/v2\/tags?post=150603"}],"curies":[{"name":"wp","href":"https:\/\/api.w.org\/{rel}","templated":true}]}}