{"id":150689,"date":"2025-02-21T11:04:56","date_gmt":"2025-02-21T11:04:56","guid":{"rendered":"https:\/\/educacion.cc\/?p=150689"},"modified":"2025-03-13T06:35:44","modified_gmt":"2025-03-13T06:35:44","slug":"que-es-la-imagen-corporativa","status":"publish","type":"post","link":"https:\/\/dudasytextos.com\/preguntaquees\/que-es-la-imagen-corporativa\/","title":{"rendered":"Qu\u00e9 es la imagen corporativa"},"content":{"rendered":"<div id=\"ez-toc-container\" class=\"ez-toc-v2_0_87 counter-hierarchy ez-toc-counter ez-toc-custom ez-toc-container-direction\">\n<div class=\"ez-toc-title-container\">\n<span class=\"ez-toc-title-toggle\"><\/span><\/div>\n<nav><ul class='ez-toc-list ez-toc-list-level-1 ' ><li class='ez-toc-page-1 ez-toc-heading-level-2'><a class=\"ez-toc-link ez-toc-heading-1\" href=\"https:\/\/dudasytextos.com\/preguntaquees\/que-es-la-imagen-corporativa\/#Mi_experiencia_con_la_imagen_corporativa\" >Mi experiencia con la imagen corporativa<\/a><\/li><li class='ez-toc-page-1 ez-toc-heading-level-2'><a class=\"ez-toc-link ez-toc-heading-2\" href=\"https:\/\/dudasytextos.com\/preguntaquees\/que-es-la-imagen-corporativa\/#Curiosidades_sobre_la_imagen_corporativa\" >Curiosidades sobre la imagen corporativa<\/a><\/li><li class='ez-toc-page-1 ez-toc-heading-level-2'><a class=\"ez-toc-link ez-toc-heading-3\" href=\"https:\/\/dudasytextos.com\/preguntaquees\/que-es-la-imagen-corporativa\/#%C2%BFQue_es_la_imagen_corporativa\" >\u00bfQu\u00e9 es la imagen corporativa?<\/a><\/li><li class='ez-toc-page-1 ez-toc-heading-level-2'><a class=\"ez-toc-link ez-toc-heading-4\" href=\"https:\/\/dudasytextos.com\/preguntaquees\/que-es-la-imagen-corporativa\/#Importancia_de_la_imagen_corporativa\" >Importancia de la imagen corporativa<\/a><\/li><li class='ez-toc-page-1 ez-toc-heading-level-2'><a class=\"ez-toc-link ez-toc-heading-5\" href=\"https:\/\/dudasytextos.com\/preguntaquees\/que-es-la-imagen-corporativa\/#Como_crear_una_imagen_corporativa\" >C\u00f3mo crear una imagen corporativa<\/a><\/li><li class='ez-toc-page-1 ez-toc-heading-level-2'><a class=\"ez-toc-link ez-toc-heading-6\" href=\"https:\/\/dudasytextos.com\/preguntaquees\/que-es-la-imagen-corporativa\/#Preguntas_frecuentes_sobre_la_imagen_corporativa\" >Preguntas frecuentes sobre la imagen corporativa<\/a><ul class='ez-toc-list-level-3' ><li class='ez-toc-heading-level-3'><a class=\"ez-toc-link ez-toc-heading-7\" href=\"https:\/\/dudasytextos.com\/preguntaquees\/que-es-la-imagen-corporativa\/#%C2%BFPor_que_es_importante_tener_una_imagen_corporativa\" >\u00bfPor qu\u00e9 es importante tener una imagen corporativa?<\/a><\/li><li class='ez-toc-page-1 ez-toc-heading-level-3'><a class=\"ez-toc-link ez-toc-heading-8\" href=\"https:\/\/dudasytextos.com\/preguntaquees\/que-es-la-imagen-corporativa\/#%C2%BFComo_puedo_mejorar_mi_imagen_corporativa\" >\u00bfC\u00f3mo puedo mejorar mi imagen corporativa?<\/a><\/li><li class='ez-toc-page-1 ez-toc-heading-level-3'><a class=\"ez-toc-link ez-toc-heading-9\" href=\"https:\/\/dudasytextos.com\/preguntaquees\/que-es-la-imagen-corporativa\/#%C2%BFCuanto_tiempo_lleva_crear_una_imagen_corporativa\" >\u00bfCu\u00e1nto tiempo lleva crear una imagen corporativa?<\/a><\/li><\/ul><\/li><\/ul><\/nav><\/div>\n<h2><span class=\"ez-toc-section\" id=\"Mi_experiencia_con_la_imagen_corporativa\"><\/span>Mi experiencia con la imagen corporativa<span class=\"ez-toc-section-end\"><\/span><\/h2>\n<p>Por Ana Gonz\u00e1lez<\/p>\n<section>\n<h2><span class=\"ez-toc-section\" id=\"Curiosidades_sobre_la_imagen_corporativa\"><\/span>Curiosidades sobre la imagen corporativa<span class=\"ez-toc-section-end\"><\/span><\/h2>\n<ul>\n<li>La imagen corporativa es la representaci\u00f3n gr\u00e1fica y conceptual de una empresa o marca.<\/li>\n<li>Se compone de diferentes elementos, como el logotipo, los colores, la tipograf\u00eda y el estilo visual.<\/li>\n<li>La imagen corporativa no es lo mismo que la identidad corporativa, aunque a menudo se confunden.<\/li>\n<li>La imagen corporativa debe reflejar los valores y la personalidad de la empresa, as\u00ed como sus objetivos y su p\u00fablico objetivo.<\/li>\n<li>La imagen corporativa es esencial para la estrategia de marketing de una empresa, ya que es la primera impresi\u00f3n que los clientes tienen de ella.<\/li>\n<\/ul>\n<\/section>\n<section>\n<h2><span class=\"ez-toc-section\" id=\"%C2%BFQue_es_la_imagen_corporativa\"><\/span>\u00bfQu\u00e9 es la imagen corporativa?<span class=\"ez-toc-section-end\"><\/span><\/h2>\n<p>La imagen corporativa es la representaci\u00f3n gr\u00e1fica y conceptual de una empresa o marca. Se compone de diferentes elementos, como el logotipo, los colores, la tipograf\u00eda y el estilo visual, y tiene como objetivo transmitir los valores y la personalidad de la empresa, as\u00ed como sus objetivos y su p\u00fablico objetivo.<\/p>\n<p>La imagen corporativa no es lo mismo que la identidad corporativa, aunque a menudo se confunden. La identidad corporativa se refiere a la imagen interna que tiene la empresa de s\u00ed misma, mientras que la imagen corporativa es la percepci\u00f3n que tienen los clientes y el p\u00fablico en general de la empresa.<\/p>\n<p>La imagen corporativa es esencial para la estrategia de marketing de una empresa, ya que es la primera impresi\u00f3n que los clientes tienen de ella. Una imagen corporativa bien dise\u00f1ada y coherente puede aumentar la confianza de los clientes en la empresa y mejorar su reputaci\u00f3n.<\/p>\n<\/section>\n<section>\n<h2><span class=\"ez-toc-section\" id=\"Importancia_de_la_imagen_corporativa\"><\/span>Importancia de la imagen corporativa<span class=\"ez-toc-section-end\"><\/span><\/h2>\n<p>La imagen corporativa es uno de los elementos m\u00e1s importantes de la estrategia de marketing de una empresa. Una imagen corporativa bien dise\u00f1ada y coherente puede:<\/p>\n<ul>\n<li>Aumentar la confianza de los clientes en la empresa<\/li>\n<li>Mejorar la reputaci\u00f3n de la empresa<\/li>\n<li>Diferenciar a la empresa de la competencia<\/li>\n<li>Generar lealtad de los clientes<\/li>\n<li>Facilitar la comunicaci\u00f3n de la empresa con sus clientes<\/li>\n<\/ul>\n<p>Por otro lado, una imagen corporativa mal dise\u00f1ada o incoherente puede tener el efecto contrario, alejando a los clientes de la empresa y da\u00f1ando su reputaci\u00f3n.<\/p>\n<p>Personalmente, he trabajado en empresas que han descuidado su imagen corporativa y he visto c\u00f3mo esto ha afectado negativamente a su reputaci\u00f3n y a su capacidad para atraer y retener clientes. Por eso, creo que es esencial que las empresas presten atenci\u00f3n a su imagen corporativa y la cuiden y actualicen regularmente.<\/p>\n<\/section>\n<section>\n<h2><span class=\"ez-toc-section\" id=\"Como_crear_una_imagen_corporativa\"><\/span>C\u00f3mo crear una imagen corporativa<span class=\"ez-toc-section-end\"><\/span><\/h2>\n<p>Crear una imagen corporativa s\u00f3lida y coherente requiere un proceso de dise\u00f1o cuidadoso y estrat\u00e9gico. Aqu\u00ed te presento algunos pasos clave para crear una imagen corporativa efectiva:<\/p>\n<ul>\n<li>Definir los valores y la personalidad de la empresa<\/li>\n<li>Identificar a su p\u00fablico objetivo<\/li>\n<li>Crea un logotipo \u00fanico y memorable<\/li>\n<li>Seleccionar una paleta de colores coherente<\/li>\n<li>Elegir una tipograf\u00eda que refleje la personalidad de la empresa<\/li>\n<li>Desarrollar un estilo visual coherente para su sitio web, redes sociales y otros materiales de marketing<\/li>\n<li>Garantizar la coherencia de su imagen corporativa en todos los puntos de contacto con los clientes<\/li>\n<li>Actualizar regularmente su imagen corporativa para mantenerla fresca y relevante<\/li>\n<\/ul>\n<p>Por supuesto, cada empresa es \u00fanica y puede requerir un enfoque diferente en la creaci\u00f3n de su imagen corporativa. Por eso, es importante trabajar con dise\u00f1adores y expertos en branding para crear una imagen corporativa efectiva y coherente.<\/p>\n<\/section>\n<section>\n<h2><span class=\"ez-toc-section\" id=\"Preguntas_frecuentes_sobre_la_imagen_corporativa\"><\/span>Preguntas frecuentes sobre la imagen corporativa<span class=\"ez-toc-section-end\"><\/span><\/h2>\n<h3><span class=\"ez-toc-section\" id=\"%C2%BFPor_que_es_importante_tener_una_imagen_corporativa\"><\/span>\u00bfPor qu\u00e9 es importante tener una imagen corporativa?<span class=\"ez-toc-section-end\"><\/span><\/h3>\n<p>La imagen corporativa es importante porque es la primera impresi\u00f3n que los clientes tienen de la empresa. Una imagen corporativa s\u00f3lida y coherente puede aumentar la confianza de los clientes en la empresa y mejorar su reputaci\u00f3n.<\/p>\n<h3><span class=\"ez-toc-section\" id=\"%C2%BFComo_puedo_mejorar_mi_imagen_corporativa\"><\/span>\u00bfC\u00f3mo puedo mejorar mi imagen corporativa?<span class=\"ez-toc-section-end\"><\/span><\/h3>\n<p>Para mejorar su imagen corporativa, debe definir los valores y la personalidad de su empresa, identificar a su p\u00fablico objetivo, crear un logotipo \u00fanico y memorable, seleccionar una paleta de colores coherente, elegir una tipograf\u00eda que refleje la personalidad de la empresa, desarrollar un estilo visual coherente para su sitio web, redes sociales y otros materiales de marketing, garantizar la coherencia de su imagen corporativa en todos los puntos de contacto con los clientes y actualizar regularmente su imagen corporativa para mantenerla fresca y relevante.<\/p>\n<h3><span class=\"ez-toc-section\" id=\"%C2%BFCuanto_tiempo_lleva_crear_una_imagen_corporativa\"><\/span>\u00bfCu\u00e1nto tiempo lleva crear una imagen corporativa?<span class=\"ez-toc-section-end\"><\/span><\/h3>\n<p>El tiempo necesario para crear una imagen corporativa depender\u00e1 de la complejidad y la escala de su empresa. En general, puede esperar que el proceso de dise\u00f1o y desarrollo dure de unas pocas semanas a varios meses.<\/p>\n<\/section>\n<footer>\n<p>Derechos de autor \u00a9 2023 Ana Gonz\u00e1lez<\/p>\n<\/footer>\n","protected":false},"excerpt":{"rendered":"<p>Mi experiencia con la imagen corporativa Por Ana Gonz\u00e1lez Curiosidades sobre la imagen corporativa La imagen corporativa es la representaci\u00f3n gr\u00e1fica y conceptual de una empresa o marca. Se compone de diferentes elementos, como el logotipo, los colores, la tipograf\u00eda y el estilo visual. La imagen corporativa no es lo mismo que la identidad corporativa, &#8230; <a title=\"Qu\u00e9 es la imagen corporativa\" class=\"read-more\" href=\"https:\/\/dudasytextos.com\/preguntaquees\/que-es-la-imagen-corporativa\/\" aria-label=\"M\u00e1s en Qu\u00e9 es la imagen corporativa\">Leer m\u00e1s<\/a><\/p>\n","protected":false},"author":1,"featured_media":0,"comment_status":"open","ping_status":"open","sticky":false,"template":"","format":"standard","meta":{"footnotes":""},"categories":[4],"tags":[],"class_list":["post-150689","post","type-post","status-publish","format-standard","hentry","category-que-es"],"aioseo_notices":[],"aioseo_head":"\n\t\t<!-- All in One SEO 5.0.1.1 - aioseo.com -->\n\t<meta name=\"description\" content=\"Mi experiencia con la imagen corporativa Por Ana Gonz\u00e1lez Curiosidades sobre la imagen corporativa La imagen corporativa es la representaci\u00f3n gr\u00e1fica y conceptual de una empresa o marca. Se compone de diferentes elementos, como el logotipo, los colores, la tipograf\u00eda y el estilo visual. La imagen corporativa no es lo mismo que la identidad corporativa,\" \/>\n\t<meta name=\"robots\" content=\"max-snippet:-1, max-image-preview:large, max-video-preview:-1\" \/>\n\t<meta name=\"author\" content=\"Ana Gonz\u00e1lez\"\/>\n\t<link rel=\"canonical\" href=\"https:\/\/dudasytextos.com\/preguntaquees\/que-es-la-imagen-corporativa\/\" \/>\n\t<meta name=\"generator\" content=\"All in One SEO (AIOSEO) 5.0.1.1\" \/>\n\n\t\t<!-- Google tag (gtag.js) -->\n<script async src=\"https:\/\/www.googletagmanager.com\/gtag\/js?id=G-QEZWJ7M6T7\"><\/script>\n<script>\n  window.dataLayer = window.dataLayer || [];\n  function gtag(){dataLayer.push(arguments);}\n  gtag('js', new Date());\n\n  gtag('config', 'G-QEZWJ7M6T7');\n<\/script>\n<script async src=\"https:\/\/pagead2.googlesyndication.com\/pagead\/js\/adsbygoogle.js?client=ca-pub-3987500858204711\"\n     crossorigin=\"anonymous\"><\/script>\n\t\t<meta property=\"og:locale\" content=\"es_ES\" \/>\n\t\t<meta property=\"og:site_name\" content=\"\u00bfQu\u00e9 es? - \u00bfQu\u00e9 es?\" \/>\n\t\t<meta property=\"og:type\" content=\"article\" \/>\n\t\t<meta property=\"og:title\" content=\"Qu\u00e9 es la imagen corporativa (2026) \u00bfQu\u00e9 es?\" \/>\n\t\t<meta property=\"og:description\" content=\"Mi experiencia con la imagen corporativa Por Ana Gonz\u00e1lez Curiosidades sobre la imagen corporativa La imagen corporativa es la representaci\u00f3n gr\u00e1fica y conceptual de una empresa o marca. Se compone de diferentes elementos, como el logotipo, los colores, la tipograf\u00eda y el estilo visual. La imagen corporativa no es lo mismo que la identidad corporativa,\" \/>\n\t\t<meta property=\"og:url\" content=\"https:\/\/dudasytextos.com\/preguntaquees\/que-es-la-imagen-corporativa\/\" \/>\n\t\t<meta property=\"article:published_time\" content=\"2025-02-21T11:04:56+00:00\" \/>\n\t\t<meta property=\"article:modified_time\" content=\"2025-03-13T06:35:44+00:00\" \/>\n\t\t<meta name=\"twitter:card\" content=\"summary_large_image\" \/>\n\t\t<meta name=\"twitter:title\" content=\"Qu\u00e9 es la imagen corporativa (2026) \u00bfQu\u00e9 es?\" \/>\n\t\t<meta name=\"twitter:description\" content=\"Mi experiencia con la imagen corporativa Por Ana Gonz\u00e1lez Curiosidades sobre la imagen corporativa La imagen corporativa es la representaci\u00f3n gr\u00e1fica y conceptual de una empresa o marca. Se compone de diferentes elementos, como el logotipo, los colores, la tipograf\u00eda y el estilo visual. La imagen corporativa no es lo mismo que la identidad corporativa,\" \/>\n\t\t<script type=\"application\/ld+json\" class=\"aioseo-schema\">\n\t\t\t{\"@context\":\"https:\\\/\\\/schema.org\",\"@graph\":[{\"@type\":\"BlogPosting\",\"@id\":\"https:\\\/\\\/dudasytextos.com\\\/preguntaquees\\\/que-es-la-imagen-corporativa\\\/#blogposting\",\"name\":\"Qu\\u00e9 es la imagen corporativa (2026) \\u00bfQu\\u00e9 es?\",\"headline\":\"Qu\\u00e9 es la imagen corporativa\",\"author\":{\"@id\":\"https:\\\/\\\/dudasytextos.com\\\/preguntaquees\\\/author\\\/admin44\\\/#author\"},\"publisher\":{\"@id\":\"https:\\\/\\\/dudasytextos.com\\\/preguntaquees\\\/#organization\"},\"datePublished\":\"2025-02-21T11:04:56+00:00\",\"dateModified\":\"2025-03-13T06:35:44+00:00\",\"inLanguage\":\"es-ES\",\"mainEntityOfPage\":{\"@id\":\"https:\\\/\\\/dudasytextos.com\\\/preguntaquees\\\/que-es-la-imagen-corporativa\\\/#webpage\"},\"isPartOf\":{\"@id\":\"https:\\\/\\\/dudasytextos.com\\\/preguntaquees\\\/que-es-la-imagen-corporativa\\\/#webpage\"},\"articleSection\":\"\\u00bfQu\\u00e9 es?\"},{\"@type\":\"BreadcrumbList\",\"@id\":\"https:\\\/\\\/dudasytextos.com\\\/preguntaquees\\\/que-es-la-imagen-corporativa\\\/#breadcrumblist\",\"itemListElement\":[{\"@type\":\"ListItem\",\"@id\":\"https:\\\/\\\/dudasytextos.com\\\/preguntaquees#listItem\",\"position\":1,\"name\":\"Inicio\",\"item\":\"https:\\\/\\\/dudasytextos.com\\\/preguntaquees\",\"nextItem\":{\"@type\":\"ListItem\",\"@id\":\"https:\\\/\\\/dudasytextos.com\\\/preguntaquees\\\/category\\\/que-es\\\/#listItem\",\"name\":\"\\u00bfQu\\u00e9 es?\"}},{\"@type\":\"ListItem\",\"@id\":\"https:\\\/\\\/dudasytextos.com\\\/preguntaquees\\\/category\\\/que-es\\\/#listItem\",\"position\":2,\"name\":\"\\u00bfQu\\u00e9 es?\",\"item\":\"https:\\\/\\\/dudasytextos.com\\\/preguntaquees\\\/category\\\/que-es\\\/\",\"nextItem\":{\"@type\":\"ListItem\",\"@id\":\"https:\\\/\\\/dudasytextos.com\\\/preguntaquees\\\/que-es-la-imagen-corporativa\\\/#listItem\",\"name\":\"Qu\\u00e9 es la imagen corporativa\"},\"previousItem\":{\"@type\":\"ListItem\",\"@id\":\"https:\\\/\\\/dudasytextos.com\\\/preguntaquees#listItem\",\"name\":\"Inicio\"}},{\"@type\":\"ListItem\",\"@id\":\"https:\\\/\\\/dudasytextos.com\\\/preguntaquees\\\/que-es-la-imagen-corporativa\\\/#listItem\",\"position\":3,\"name\":\"Qu\\u00e9 es la imagen corporativa\",\"previousItem\":{\"@type\":\"ListItem\",\"@id\":\"https:\\\/\\\/dudasytextos.com\\\/preguntaquees\\\/category\\\/que-es\\\/#listItem\",\"name\":\"\\u00bfQu\\u00e9 es?\"}}]},{\"@type\":\"Organization\",\"@id\":\"https:\\\/\\\/dudasytextos.com\\\/preguntaquees\\\/#organization\",\"name\":\"\\u00bfC\\u00f3mo funciona?\",\"description\":\"\\u00bfQu\\u00e9 es?\",\"url\":\"https:\\\/\\\/dudasytextos.com\\\/preguntaquees\\\/\"},{\"@type\":\"Person\",\"@id\":\"https:\\\/\\\/dudasytextos.com\\\/preguntaquees\\\/author\\\/admin44\\\/#author\",\"url\":\"https:\\\/\\\/dudasytextos.com\\\/preguntaquees\\\/author\\\/admin44\\\/\",\"name\":\"Ana Gonz\\u00e1lez\"},{\"@type\":\"WebPage\",\"@id\":\"https:\\\/\\\/dudasytextos.com\\\/preguntaquees\\\/que-es-la-imagen-corporativa\\\/#webpage\",\"url\":\"https:\\\/\\\/dudasytextos.com\\\/preguntaquees\\\/que-es-la-imagen-corporativa\\\/\",\"name\":\"Qu\\u00e9 es la imagen corporativa (2026) \\u00bfQu\\u00e9 es?\",\"description\":\"Mi experiencia con la imagen corporativa Por Ana Gonz\\u00e1lez Curiosidades sobre la imagen corporativa La imagen corporativa es la representaci\\u00f3n gr\\u00e1fica y conceptual de una empresa o marca. Se compone de diferentes elementos, como el logotipo, los colores, la tipograf\\u00eda y el estilo visual. La imagen corporativa no es lo mismo que la identidad corporativa,\",\"inLanguage\":\"es-ES\",\"isPartOf\":{\"@id\":\"https:\\\/\\\/dudasytextos.com\\\/preguntaquees\\\/#website\"},\"breadcrumb\":{\"@id\":\"https:\\\/\\\/dudasytextos.com\\\/preguntaquees\\\/que-es-la-imagen-corporativa\\\/#breadcrumblist\"},\"author\":{\"@id\":\"https:\\\/\\\/dudasytextos.com\\\/preguntaquees\\\/author\\\/admin44\\\/#author\"},\"creator\":{\"@id\":\"https:\\\/\\\/dudasytextos.com\\\/preguntaquees\\\/author\\\/admin44\\\/#author\"},\"datePublished\":\"2025-02-21T11:04:56+00:00\",\"dateModified\":\"2025-03-13T06:35:44+00:00\"},{\"@type\":\"WebSite\",\"@id\":\"https:\\\/\\\/dudasytextos.com\\\/preguntaquees\\\/#website\",\"url\":\"https:\\\/\\\/dudasytextos.com\\\/preguntaquees\\\/\",\"name\":\"\\u00bfC\\u00f3mo funciona?\",\"description\":\"\\u00bfQu\\u00e9 es?\",\"inLanguage\":\"es-ES\",\"publisher\":{\"@id\":\"https:\\\/\\\/dudasytextos.com\\\/preguntaquees\\\/#organization\"}}]}\n\t\t<\/script>\n\t\t<!-- All in One SEO -->\n\n","aioseo_head_json":{"title":"Qu\u00e9 es la imagen corporativa (2026) \u00bfQu\u00e9 es?","description":"Mi experiencia con la imagen corporativa Por Ana Gonz\u00e1lez Curiosidades sobre la imagen corporativa La imagen corporativa es la representaci\u00f3n gr\u00e1fica y conceptual de una empresa o marca. Se compone de diferentes elementos, como el logotipo, los colores, la tipograf\u00eda y el estilo visual. La imagen corporativa no es lo mismo que la identidad corporativa,","canonical_url":"https:\/\/dudasytextos.com\/preguntaquees\/que-es-la-imagen-corporativa\/","robots":"max-snippet:-1, max-image-preview:large, max-video-preview:-1","keywords":"","webmasterTools":{"miscellaneous":"&lt;!-- Google tag (gtag.js) --&gt;\n&lt;script async src=\"https:\/\/www.googletagmanager.com\/gtag\/js?id=G-QEZWJ7M6T7\"&gt;&lt;\/script&gt;\n&lt;script&gt;\n  window.dataLayer = window.dataLayer || [];\n  function gtag(){dataLayer.push(arguments);}\n  gtag('js', new Date());\n\n  gtag('config', 'G-QEZWJ7M6T7');\n&lt;\/script&gt;\n&lt;script async src=\"https:\/\/pagead2.googlesyndication.com\/pagead\/js\/adsbygoogle.js?client=ca-pub-3987500858204711\"\n     crossorigin=\"anonymous\"&gt;&lt;\/script&gt;"},"schema":{"@context":"https:\/\/schema.org","@graph":[{"@type":"BlogPosting","@id":"https:\/\/dudasytextos.com\/preguntaquees\/que-es-la-imagen-corporativa\/#blogposting","name":"Qu\u00e9 es la imagen corporativa (2026) \u00bfQu\u00e9 es?","headline":"Qu\u00e9 es la imagen corporativa","author":{"@id":"https:\/\/dudasytextos.com\/preguntaquees\/author\/admin44\/#author"},"publisher":{"@id":"https:\/\/dudasytextos.com\/preguntaquees\/#organization"},"datePublished":"2025-02-21T11:04:56+00:00","dateModified":"2025-03-13T06:35:44+00:00","inLanguage":"es-ES","mainEntityOfPage":{"@id":"https:\/\/dudasytextos.com\/preguntaquees\/que-es-la-imagen-corporativa\/#webpage"},"isPartOf":{"@id":"https:\/\/dudasytextos.com\/preguntaquees\/que-es-la-imagen-corporativa\/#webpage"},"articleSection":"\u00bfQu\u00e9 es?"},{"@type":"BreadcrumbList","@id":"https:\/\/dudasytextos.com\/preguntaquees\/que-es-la-imagen-corporativa\/#breadcrumblist","itemListElement":[{"@type":"ListItem","@id":"https:\/\/dudasytextos.com\/preguntaquees#listItem","position":1,"name":"Inicio","item":"https:\/\/dudasytextos.com\/preguntaquees","nextItem":{"@type":"ListItem","@id":"https:\/\/dudasytextos.com\/preguntaquees\/category\/que-es\/#listItem","name":"\u00bfQu\u00e9 es?"}},{"@type":"ListItem","@id":"https:\/\/dudasytextos.com\/preguntaquees\/category\/que-es\/#listItem","position":2,"name":"\u00bfQu\u00e9 es?","item":"https:\/\/dudasytextos.com\/preguntaquees\/category\/que-es\/","nextItem":{"@type":"ListItem","@id":"https:\/\/dudasytextos.com\/preguntaquees\/que-es-la-imagen-corporativa\/#listItem","name":"Qu\u00e9 es la imagen corporativa"},"previousItem":{"@type":"ListItem","@id":"https:\/\/dudasytextos.com\/preguntaquees#listItem","name":"Inicio"}},{"@type":"ListItem","@id":"https:\/\/dudasytextos.com\/preguntaquees\/que-es-la-imagen-corporativa\/#listItem","position":3,"name":"Qu\u00e9 es la imagen corporativa","previousItem":{"@type":"ListItem","@id":"https:\/\/dudasytextos.com\/preguntaquees\/category\/que-es\/#listItem","name":"\u00bfQu\u00e9 es?"}}]},{"@type":"Organization","@id":"https:\/\/dudasytextos.com\/preguntaquees\/#organization","name":"\u00bfC\u00f3mo funciona?","description":"\u00bfQu\u00e9 es?","url":"https:\/\/dudasytextos.com\/preguntaquees\/"},{"@type":"Person","@id":"https:\/\/dudasytextos.com\/preguntaquees\/author\/admin44\/#author","url":"https:\/\/dudasytextos.com\/preguntaquees\/author\/admin44\/","name":"Ana Gonz\u00e1lez"},{"@type":"WebPage","@id":"https:\/\/dudasytextos.com\/preguntaquees\/que-es-la-imagen-corporativa\/#webpage","url":"https:\/\/dudasytextos.com\/preguntaquees\/que-es-la-imagen-corporativa\/","name":"Qu\u00e9 es la imagen corporativa (2026) \u00bfQu\u00e9 es?","description":"Mi experiencia con la imagen corporativa Por Ana Gonz\u00e1lez Curiosidades sobre la imagen corporativa La imagen corporativa es la representaci\u00f3n gr\u00e1fica y conceptual de una empresa o marca. Se compone de diferentes elementos, como el logotipo, los colores, la tipograf\u00eda y el estilo visual. La imagen corporativa no es lo mismo que la identidad corporativa,","inLanguage":"es-ES","isPartOf":{"@id":"https:\/\/dudasytextos.com\/preguntaquees\/#website"},"breadcrumb":{"@id":"https:\/\/dudasytextos.com\/preguntaquees\/que-es-la-imagen-corporativa\/#breadcrumblist"},"author":{"@id":"https:\/\/dudasytextos.com\/preguntaquees\/author\/admin44\/#author"},"creator":{"@id":"https:\/\/dudasytextos.com\/preguntaquees\/author\/admin44\/#author"},"datePublished":"2025-02-21T11:04:56+00:00","dateModified":"2025-03-13T06:35:44+00:00"},{"@type":"WebSite","@id":"https:\/\/dudasytextos.com\/preguntaquees\/#website","url":"https:\/\/dudasytextos.com\/preguntaquees\/","name":"\u00bfC\u00f3mo funciona?","description":"\u00bfQu\u00e9 es?","inLanguage":"es-ES","publisher":{"@id":"https:\/\/dudasytextos.com\/preguntaquees\/#organization"}}]},"og:locale":"es_ES","og:site_name":"\u00bfQu\u00e9 es? - \u00bfQu\u00e9 es?","og:type":"article","og:title":"Qu\u00e9 es la imagen corporativa (2026) \u00bfQu\u00e9 es?","og:description":"Mi experiencia con la imagen corporativa Por Ana Gonz\u00e1lez Curiosidades sobre la imagen corporativa La imagen corporativa es la representaci\u00f3n gr\u00e1fica y conceptual de una empresa o marca. Se compone de diferentes elementos, como el logotipo, los colores, la tipograf\u00eda y el estilo visual. La imagen corporativa no es lo mismo que la identidad corporativa,","og:url":"https:\/\/dudasytextos.com\/preguntaquees\/que-es-la-imagen-corporativa\/","article:published_time":"2025-02-21T11:04:56+00:00","article:modified_time":"2025-03-13T06:35:44+00:00","twitter:card":"summary_large_image","twitter:title":"Qu\u00e9 es la imagen corporativa (2026) \u00bfQu\u00e9 es?","twitter:description":"Mi experiencia con la imagen corporativa Por Ana Gonz\u00e1lez Curiosidades sobre la imagen corporativa La imagen corporativa es la representaci\u00f3n gr\u00e1fica y conceptual de una empresa o marca. Se compone de diferentes elementos, como el logotipo, los colores, la tipograf\u00eda y el estilo visual. La imagen corporativa no es lo mismo que la identidad corporativa,"},"aioseo_meta_data":{"post_id":"150689","title":null,"description":null,"keywords":null,"keyphrases":null,"primary_term":null,"canonical_url":null,"og_title":null,"og_description":null,"og_object_type":"default","og_image_type":"default","og_image_url":null,"og_image_width":null,"og_image_height":null,"og_image_custom_url":null,"og_image_custom_fields":null,"og_video":null,"og_custom_url":null,"og_article_section":null,"og_article_tags":null,"twitter_use_og":false,"twitter_card":"default","twitter_image_type":"default","twitter_image_url":null,"twitter_image_custom_url":null,"twitter_image_custom_fields":null,"twitter_title":null,"twitter_description":null,"schema":{"blockGraphs":[],"customGraphs":[],"default":{"data":{"Article":[],"Course":[],"Dataset":[],"FAQPage":[],"Movie":[],"Person":[],"Product":[],"ProductReview":[],"Car":[],"Recipe":[],"Service":[],"SoftwareApplication":[],"WebPage":[]},"graphName":"","isEnabled":true},"graphs":[]},"schema_type":"default","schema_type_options":null,"pillar_content":false,"robots_default":true,"robots_noindex":false,"robots_noarchive":false,"robots_nosnippet":false,"robots_nofollow":false,"robots_noimageindex":false,"robots_noodp":false,"robots_notranslate":false,"robots_max_snippet":null,"robots_max_videopreview":null,"robots_max_imagepreview":"large","priority":null,"frequency":null,"local_seo":null,"breadcrumb_settings":null,"limit_modified_date":false,"ai":null,"created":"2023-05-11 21:50:35","updated":"2025-06-03 23:08:06","seo_analyzer_scan_date":null,"focus_keyword":null,"additional_keywords":null,"truseo_locale":null},"aioseo_breadcrumb":"<div class=\"aioseo-breadcrumbs\"><span class=\"aioseo-breadcrumb\">\n\t\t\t<a href=\"https:\/\/dudasytextos.com\/preguntaquees\" title=\"Inicio\">Inicio<\/a>\n\t\t<\/span><span class=\"aioseo-breadcrumb-separator\">&raquo;<\/span><span class=\"aioseo-breadcrumb\">\n\t\t\t<a href=\"https:\/\/dudasytextos.com\/preguntaquees\/category\/que-es\/\" title=\"\u00bfQu\u00e9 es?\">\u00bfQu\u00e9 es?<\/a>\n\t\t<\/span><span class=\"aioseo-breadcrumb-separator\">&raquo;<\/span><span class=\"aioseo-breadcrumb\">\n\t\t\tQu\u00e9 es la imagen corporativa\n\t\t<\/span><\/div>","aioseo_breadcrumb_json":[{"label":"Inicio","link":"https:\/\/dudasytextos.com\/preguntaquees"},{"label":"\u00bfQu\u00e9 es?","link":"https:\/\/dudasytextos.com\/preguntaquees\/category\/que-es\/"},{"label":"Qu\u00e9 es la imagen corporativa","link":"https:\/\/dudasytextos.com\/preguntaquees\/que-es-la-imagen-corporativa\/"}],"_links":{"self":[{"href":"https:\/\/dudasytextos.com\/preguntaquees\/wp-json\/wp\/v2\/posts\/150689","targetHints":{"allow":["GET"]}}],"collection":[{"href":"https:\/\/dudasytextos.com\/preguntaquees\/wp-json\/wp\/v2\/posts"}],"about":[{"href":"https:\/\/dudasytextos.com\/preguntaquees\/wp-json\/wp\/v2\/types\/post"}],"author":[{"embeddable":true,"href":"https:\/\/dudasytextos.com\/preguntaquees\/wp-json\/wp\/v2\/users\/1"}],"replies":[{"embeddable":true,"href":"https:\/\/dudasytextos.com\/preguntaquees\/wp-json\/wp\/v2\/comments?post=150689"}],"version-history":[{"count":1,"href":"https:\/\/dudasytextos.com\/preguntaquees\/wp-json\/wp\/v2\/posts\/150689\/revisions"}],"predecessor-version":[{"id":155140,"href":"https:\/\/dudasytextos.com\/preguntaquees\/wp-json\/wp\/v2\/posts\/150689\/revisions\/155140"}],"wp:attachment":[{"href":"https:\/\/dudasytextos.com\/preguntaquees\/wp-json\/wp\/v2\/media?parent=150689"}],"wp:term":[{"taxonomy":"category","embeddable":true,"href":"https:\/\/dudasytextos.com\/preguntaquees\/wp-json\/wp\/v2\/categories?post=150689"},{"taxonomy":"post_tag","embeddable":true,"href":"https:\/\/dudasytextos.com\/preguntaquees\/wp-json\/wp\/v2\/tags?post=150689"}],"curies":[{"name":"wp","href":"https:\/\/api.w.org\/{rel}","templated":true}]}}