{"id":150773,"date":"2025-02-25T12:13:47","date_gmt":"2025-02-25T12:13:47","guid":{"rendered":"https:\/\/educacion.cc\/?p=150773"},"modified":"2025-03-12T14:33:45","modified_gmt":"2025-03-12T14:33:45","slug":"que-es-la-nota-de-corte","status":"publish","type":"post","link":"https:\/\/dudasytextos.com\/preguntaquees\/que-es-la-nota-de-corte\/","title":{"rendered":"Qu\u00e9 es la nota de corte"},"content":{"rendered":"<div id=\"ez-toc-container\" class=\"ez-toc-v2_0_87 counter-hierarchy ez-toc-counter ez-toc-custom ez-toc-container-direction\">\n<div class=\"ez-toc-title-container\">\n<span class=\"ez-toc-title-toggle\"><\/span><\/div>\n<nav><ul class='ez-toc-list ez-toc-list-level-1 ' ><li class='ez-toc-page-1 ez-toc-heading-level-2'><a class=\"ez-toc-link ez-toc-heading-1\" href=\"https:\/\/dudasytextos.com\/preguntaquees\/que-es-la-nota-de-corte\/#Que_es_la_nota_de_corte\" >Qu\u00e9 es la nota de corte<\/a><\/li><li class='ez-toc-page-1 ez-toc-heading-level-2'><a class=\"ez-toc-link ez-toc-heading-2\" href=\"https:\/\/dudasytextos.com\/preguntaquees\/que-es-la-nota-de-corte\/#Por_Ana_Gonzalez\" >Por Ana Gonz\u00e1lez<\/a><\/li><li class='ez-toc-page-1 ez-toc-heading-level-2'><a class=\"ez-toc-link ez-toc-heading-3\" href=\"https:\/\/dudasytextos.com\/preguntaquees\/que-es-la-nota-de-corte\/#Curiosidades_sobre_la_nota_de_corte\" >Curiosidades sobre la nota de corte<\/a><\/li><li class='ez-toc-page-1 ez-toc-heading-level-2'><a class=\"ez-toc-link ez-toc-heading-4\" href=\"https:\/\/dudasytextos.com\/preguntaquees\/que-es-la-nota-de-corte\/#Que_es_la_nota_de_corte_y_como_se_calcula\" >Qu\u00e9 es la nota de corte y c\u00f3mo se calcula<\/a><\/li><li class='ez-toc-page-1 ez-toc-heading-level-2'><a class=\"ez-toc-link ez-toc-heading-5\" href=\"https:\/\/dudasytextos.com\/preguntaquees\/que-es-la-nota-de-corte\/#Mi_experiencia_con_la_nota_de_corte\" >Mi experiencia con la nota de corte<\/a><\/li><li class='ez-toc-page-1 ez-toc-heading-level-2'><a class=\"ez-toc-link ez-toc-heading-6\" href=\"https:\/\/dudasytextos.com\/preguntaquees\/que-es-la-nota-de-corte\/#Las_opiniones_sobre_la_nota_de_corte_son_diversas\" >Las opiniones sobre la nota de corte son diversas<\/a><\/li><li class='ez-toc-page-1 ez-toc-heading-level-2'><a class=\"ez-toc-link ez-toc-heading-7\" href=\"https:\/\/dudasytextos.com\/preguntaquees\/que-es-la-nota-de-corte\/#Preguntas_frecuentes_sobre_la_nota_de_corte\" >Preguntas frecuentes sobre la nota de corte<\/a><\/li><\/ul><\/nav><\/div>\n<h2><span class=\"ez-toc-section\" id=\"Que_es_la_nota_de_corte\"><\/span>Qu\u00e9 es la nota de corte<span class=\"ez-toc-section-end\"><\/span><\/h2>\n<h2><span class=\"ez-toc-section\" id=\"Por_Ana_Gonzalez\"><\/span>Por Ana Gonz\u00e1lez<span class=\"ez-toc-section-end\"><\/span><\/h2>\n<section>\n<h2><span class=\"ez-toc-section\" id=\"Curiosidades_sobre_la_nota_de_corte\"><\/span>Curiosidades sobre la nota de corte<span class=\"ez-toc-section-end\"><\/span><\/h2>\n<ul>\n<li>La nota de corte es un t\u00e9rmino muy utilizado en Espa\u00f1a para referirse a la puntuaci\u00f3n m\u00ednima necesaria para acceder a una determinada carrera universitaria.<\/li>\n<li>La nota de corte puede variar cada a\u00f1o seg\u00fan la demanda de cada carrera y el n\u00famero de plazas disponibles.<\/li>\n<li>La nota de corte no es la misma en todas las universidades, ya que cada una establece sus propias condiciones de admisi\u00f3n.<\/li>\n<\/ul>\n<\/section>\n<section>\n<h2><span class=\"ez-toc-section\" id=\"Que_es_la_nota_de_corte_y_como_se_calcula\"><\/span>Qu\u00e9 es la nota de corte y c\u00f3mo se calcula<span class=\"ez-toc-section-end\"><\/span><\/h2>\n<p>La nota de corte es la puntuaci\u00f3n m\u00ednima que se necesita obtener en la fase de acceso a la universidad para poder acceder a una determinada carrera.<\/p>\n<p>Esta puntuaci\u00f3n se calcula a partir de la nota media del expediente acad\u00e9mico del estudiante en el Bachillerato y la nota obtenida en las pruebas de acceso a la universidad (Selectividad).<\/p>\n<p>Cada universidad establece su propia nota de corte, que puede variar cada a\u00f1o en funci\u00f3n de la demanda y el n\u00famero de plazas disponibles.<\/p>\n<p>Es importante destacar que la nota de corte no garantiza la admisi\u00f3n a la carrera, ya que en algunos casos puede haber m\u00e1s demanda que plazas disponibles.<\/p>\n<\/section>\n<section>\n<h2><span class=\"ez-toc-section\" id=\"Mi_experiencia_con_la_nota_de_corte\"><\/span>Mi experiencia con la nota de corte<span class=\"ez-toc-section-end\"><\/span><\/h2>\n<p>Cuando estaba en el \u00faltimo a\u00f1o del Bachillerato, me obsesion\u00e9 con la nota de corte de la carrera que quer\u00eda estudiar: psicolog\u00eda.<\/p>\n<p>Estudi\u00e9 mucho para las pruebas de acceso a la universidad y consegu\u00ed una buena nota, pero no fue suficiente para acceder a la carrera en la universidad que quer\u00eda.<\/p>\n<p>Finalmente, decid\u00ed estudiar psicopedagog\u00eda en otra universidad y estoy muy contenta con mi elecci\u00f3n.<\/p>\n<p>Ahora entiendo que la nota de corte no lo es todo y que hay muchas otras opciones igual de interesantes.<\/p>\n<\/section>\n<section>\n<h2><span class=\"ez-toc-section\" id=\"Las_opiniones_sobre_la_nota_de_corte_son_diversas\"><\/span>Las opiniones sobre la nota de corte son diversas<span class=\"ez-toc-section-end\"><\/span><\/h2>\n<p>Hay muchas opiniones sobre la nota de corte y su utilidad.<\/p>\n<p>Algunos consideran que es una forma justa de seleccionar a los mejores estudiantes para cada carrera, mientras que otros creen que es una barrera para aquellos que no obtienen una buena nota en las pruebas de acceso a la universidad.<\/p>\n<p>En mi opini\u00f3n, la nota de corte puede ser \u00fatil para garantizar la calidad de los estudiantes que acceden a una determinada carrera, pero tambi\u00e9n es importante tener en cuenta otros factores como el inter\u00e9s y la motivaci\u00f3n del estudiante.<\/p>\n<\/section>\n<section>\n<h2><span class=\"ez-toc-section\" id=\"Preguntas_frecuentes_sobre_la_nota_de_corte\"><\/span>Preguntas frecuentes sobre la nota de corte<span class=\"ez-toc-section-end\"><\/span><\/h2>\n<dl>\n<dt>\u00bfQu\u00e9 pasa si no llego a la nota de corte?<\/dt>\n<dd>Si no llegas a la nota de corte de la carrera que quieres estudiar, puedes optar por otras carreras con notas de corte m\u00e1s bajas o por estudiar en otra universidad.<\/dd>\n<dt>\u00bfLa nota de corte es la misma en todas las universidades?<\/dt>\n<dd>No, cada universidad establece su propia nota de corte en funci\u00f3n de la demanda y el n\u00famero de plazas disponibles.<\/dd>\n<dt>\u00bfLa nota de corte garantiza la admisi\u00f3n a la carrera?<\/dt>\n<dd>No, la nota de corte es solo una referencia y no garantiza la admisi\u00f3n a la carrera, ya que en algunos casos puede haber m\u00e1s demanda que plazas disponibles.<\/dd>\n<\/dl>\n<\/section>\n<footer>\n<p>Copyright \u00a9 2023 &#8211; Ana Gonz\u00e1lez<\/p>\n<\/footer>\n","protected":false},"excerpt":{"rendered":"<p>Qu\u00e9 es la nota de corte Por Ana Gonz\u00e1lez Curiosidades sobre la nota de corte La nota de corte es un t\u00e9rmino muy utilizado en Espa\u00f1a para referirse a la puntuaci\u00f3n m\u00ednima necesaria para acceder a una determinada carrera universitaria. La nota de corte puede variar cada a\u00f1o seg\u00fan la demanda de cada carrera y &#8230; <a title=\"Qu\u00e9 es la nota de corte\" class=\"read-more\" href=\"https:\/\/dudasytextos.com\/preguntaquees\/que-es-la-nota-de-corte\/\" aria-label=\"M\u00e1s en Qu\u00e9 es la nota de corte\">Leer m\u00e1s<\/a><\/p>\n","protected":false},"author":1,"featured_media":0,"comment_status":"open","ping_status":"open","sticky":false,"template":"","format":"standard","meta":{"footnotes":""},"categories":[4],"tags":[],"class_list":["post-150773","post","type-post","status-publish","format-standard","hentry","category-que-es"],"aioseo_notices":[],"aioseo_head":"\n\t\t<!-- All in One SEO 5.0.1.1 - aioseo.com -->\n\t<meta name=\"description\" content=\"Qu\u00e9 es la nota de corte Por Ana Gonz\u00e1lez Curiosidades sobre la nota de corte La nota de corte es un t\u00e9rmino muy utilizado en Espa\u00f1a para referirse a la puntuaci\u00f3n m\u00ednima necesaria para acceder a una determinada carrera universitaria. La nota de corte puede variar cada a\u00f1o seg\u00fan la demanda de cada carrera y\" \/>\n\t<meta name=\"robots\" content=\"max-snippet:-1, max-image-preview:large, max-video-preview:-1\" \/>\n\t<meta name=\"author\" content=\"Ana Gonz\u00e1lez\"\/>\n\t<link rel=\"canonical\" href=\"https:\/\/dudasytextos.com\/preguntaquees\/que-es-la-nota-de-corte\/\" \/>\n\t<meta name=\"generator\" content=\"All in One SEO (AIOSEO) 5.0.1.1\" \/>\n\n\t\t<!-- Google tag (gtag.js) -->\n<script async src=\"https:\/\/www.googletagmanager.com\/gtag\/js?id=G-QEZWJ7M6T7\"><\/script>\n<script>\n  window.dataLayer = window.dataLayer || [];\n  function gtag(){dataLayer.push(arguments);}\n  gtag('js', new Date());\n\n  gtag('config', 'G-QEZWJ7M6T7');\n<\/script>\n<script async src=\"https:\/\/pagead2.googlesyndication.com\/pagead\/js\/adsbygoogle.js?client=ca-pub-3987500858204711\"\n     crossorigin=\"anonymous\"><\/script>\n\t\t<meta property=\"og:locale\" content=\"es_ES\" \/>\n\t\t<meta property=\"og:site_name\" content=\"\u00bfQu\u00e9 es? - \u00bfQu\u00e9 es?\" \/>\n\t\t<meta property=\"og:type\" content=\"article\" \/>\n\t\t<meta property=\"og:title\" content=\"Qu\u00e9 es la nota de corte (2026) \u00bfQu\u00e9 es?\" \/>\n\t\t<meta property=\"og:description\" content=\"Qu\u00e9 es la nota de corte Por Ana Gonz\u00e1lez Curiosidades sobre la nota de corte La nota de corte es un t\u00e9rmino muy utilizado en Espa\u00f1a para referirse a la puntuaci\u00f3n m\u00ednima necesaria para acceder a una determinada carrera universitaria. La nota de corte puede variar cada a\u00f1o seg\u00fan la demanda de cada carrera y\" \/>\n\t\t<meta property=\"og:url\" content=\"https:\/\/dudasytextos.com\/preguntaquees\/que-es-la-nota-de-corte\/\" \/>\n\t\t<meta property=\"article:published_time\" content=\"2025-02-25T12:13:47+00:00\" \/>\n\t\t<meta property=\"article:modified_time\" content=\"2025-03-12T14:33:45+00:00\" \/>\n\t\t<meta name=\"twitter:card\" content=\"summary_large_image\" \/>\n\t\t<meta name=\"twitter:title\" content=\"Qu\u00e9 es la nota de corte (2026) \u00bfQu\u00e9 es?\" \/>\n\t\t<meta name=\"twitter:description\" content=\"Qu\u00e9 es la nota de corte Por Ana Gonz\u00e1lez Curiosidades sobre la nota de corte La nota de corte es un t\u00e9rmino muy utilizado en Espa\u00f1a para referirse a la puntuaci\u00f3n m\u00ednima necesaria para acceder a una determinada carrera universitaria. La nota de corte puede variar cada a\u00f1o seg\u00fan la demanda de cada carrera y\" \/>\n\t\t<script type=\"application\/ld+json\" class=\"aioseo-schema\">\n\t\t\t{\"@context\":\"https:\\\/\\\/schema.org\",\"@graph\":[{\"@type\":\"BlogPosting\",\"@id\":\"https:\\\/\\\/dudasytextos.com\\\/preguntaquees\\\/que-es-la-nota-de-corte\\\/#blogposting\",\"name\":\"Qu\\u00e9 es la nota de corte (2026) \\u00bfQu\\u00e9 es?\",\"headline\":\"Qu\\u00e9 es la nota de corte\",\"author\":{\"@id\":\"https:\\\/\\\/dudasytextos.com\\\/preguntaquees\\\/author\\\/admin44\\\/#author\"},\"publisher\":{\"@id\":\"https:\\\/\\\/dudasytextos.com\\\/preguntaquees\\\/#organization\"},\"datePublished\":\"2025-02-25T12:13:47+00:00\",\"dateModified\":\"2025-03-12T14:33:45+00:00\",\"inLanguage\":\"es-ES\",\"mainEntityOfPage\":{\"@id\":\"https:\\\/\\\/dudasytextos.com\\\/preguntaquees\\\/que-es-la-nota-de-corte\\\/#webpage\"},\"isPartOf\":{\"@id\":\"https:\\\/\\\/dudasytextos.com\\\/preguntaquees\\\/que-es-la-nota-de-corte\\\/#webpage\"},\"articleSection\":\"\\u00bfQu\\u00e9 es?\"},{\"@type\":\"BreadcrumbList\",\"@id\":\"https:\\\/\\\/dudasytextos.com\\\/preguntaquees\\\/que-es-la-nota-de-corte\\\/#breadcrumblist\",\"itemListElement\":[{\"@type\":\"ListItem\",\"@id\":\"https:\\\/\\\/dudasytextos.com\\\/preguntaquees#listItem\",\"position\":1,\"name\":\"Inicio\",\"item\":\"https:\\\/\\\/dudasytextos.com\\\/preguntaquees\",\"nextItem\":{\"@type\":\"ListItem\",\"@id\":\"https:\\\/\\\/dudasytextos.com\\\/preguntaquees\\\/category\\\/que-es\\\/#listItem\",\"name\":\"\\u00bfQu\\u00e9 es?\"}},{\"@type\":\"ListItem\",\"@id\":\"https:\\\/\\\/dudasytextos.com\\\/preguntaquees\\\/category\\\/que-es\\\/#listItem\",\"position\":2,\"name\":\"\\u00bfQu\\u00e9 es?\",\"item\":\"https:\\\/\\\/dudasytextos.com\\\/preguntaquees\\\/category\\\/que-es\\\/\",\"nextItem\":{\"@type\":\"ListItem\",\"@id\":\"https:\\\/\\\/dudasytextos.com\\\/preguntaquees\\\/que-es-la-nota-de-corte\\\/#listItem\",\"name\":\"Qu\\u00e9 es la nota de corte\"},\"previousItem\":{\"@type\":\"ListItem\",\"@id\":\"https:\\\/\\\/dudasytextos.com\\\/preguntaquees#listItem\",\"name\":\"Inicio\"}},{\"@type\":\"ListItem\",\"@id\":\"https:\\\/\\\/dudasytextos.com\\\/preguntaquees\\\/que-es-la-nota-de-corte\\\/#listItem\",\"position\":3,\"name\":\"Qu\\u00e9 es la nota de corte\",\"previousItem\":{\"@type\":\"ListItem\",\"@id\":\"https:\\\/\\\/dudasytextos.com\\\/preguntaquees\\\/category\\\/que-es\\\/#listItem\",\"name\":\"\\u00bfQu\\u00e9 es?\"}}]},{\"@type\":\"Organization\",\"@id\":\"https:\\\/\\\/dudasytextos.com\\\/preguntaquees\\\/#organization\",\"name\":\"\\u00bfC\\u00f3mo funciona?\",\"description\":\"\\u00bfQu\\u00e9 es?\",\"url\":\"https:\\\/\\\/dudasytextos.com\\\/preguntaquees\\\/\"},{\"@type\":\"Person\",\"@id\":\"https:\\\/\\\/dudasytextos.com\\\/preguntaquees\\\/author\\\/admin44\\\/#author\",\"url\":\"https:\\\/\\\/dudasytextos.com\\\/preguntaquees\\\/author\\\/admin44\\\/\",\"name\":\"Ana Gonz\\u00e1lez\"},{\"@type\":\"WebPage\",\"@id\":\"https:\\\/\\\/dudasytextos.com\\\/preguntaquees\\\/que-es-la-nota-de-corte\\\/#webpage\",\"url\":\"https:\\\/\\\/dudasytextos.com\\\/preguntaquees\\\/que-es-la-nota-de-corte\\\/\",\"name\":\"Qu\\u00e9 es la nota de corte (2026) \\u00bfQu\\u00e9 es?\",\"description\":\"Qu\\u00e9 es la nota de corte Por Ana Gonz\\u00e1lez Curiosidades sobre la nota de corte La nota de corte es un t\\u00e9rmino muy utilizado en Espa\\u00f1a para referirse a la puntuaci\\u00f3n m\\u00ednima necesaria para acceder a una determinada carrera universitaria. La nota de corte puede variar cada a\\u00f1o seg\\u00fan la demanda de cada carrera y\",\"inLanguage\":\"es-ES\",\"isPartOf\":{\"@id\":\"https:\\\/\\\/dudasytextos.com\\\/preguntaquees\\\/#website\"},\"breadcrumb\":{\"@id\":\"https:\\\/\\\/dudasytextos.com\\\/preguntaquees\\\/que-es-la-nota-de-corte\\\/#breadcrumblist\"},\"author\":{\"@id\":\"https:\\\/\\\/dudasytextos.com\\\/preguntaquees\\\/author\\\/admin44\\\/#author\"},\"creator\":{\"@id\":\"https:\\\/\\\/dudasytextos.com\\\/preguntaquees\\\/author\\\/admin44\\\/#author\"},\"datePublished\":\"2025-02-25T12:13:47+00:00\",\"dateModified\":\"2025-03-12T14:33:45+00:00\"},{\"@type\":\"WebSite\",\"@id\":\"https:\\\/\\\/dudasytextos.com\\\/preguntaquees\\\/#website\",\"url\":\"https:\\\/\\\/dudasytextos.com\\\/preguntaquees\\\/\",\"name\":\"\\u00bfC\\u00f3mo funciona?\",\"description\":\"\\u00bfQu\\u00e9 es?\",\"inLanguage\":\"es-ES\",\"publisher\":{\"@id\":\"https:\\\/\\\/dudasytextos.com\\\/preguntaquees\\\/#organization\"}}]}\n\t\t<\/script>\n\t\t<!-- All in One SEO -->\n\n","aioseo_head_json":{"title":"Qu\u00e9 es la nota de corte (2026) \u00bfQu\u00e9 es?","description":"Qu\u00e9 es la nota de corte Por Ana Gonz\u00e1lez Curiosidades sobre la nota de corte La nota de corte es un t\u00e9rmino muy utilizado en Espa\u00f1a para referirse a la puntuaci\u00f3n m\u00ednima necesaria para acceder a una determinada carrera universitaria. La nota de corte puede variar cada a\u00f1o seg\u00fan la demanda de cada carrera y","canonical_url":"https:\/\/dudasytextos.com\/preguntaquees\/que-es-la-nota-de-corte\/","robots":"max-snippet:-1, max-image-preview:large, max-video-preview:-1","keywords":"","webmasterTools":{"miscellaneous":"&lt;!-- Google tag (gtag.js) --&gt;\n&lt;script async src=\"https:\/\/www.googletagmanager.com\/gtag\/js?id=G-QEZWJ7M6T7\"&gt;&lt;\/script&gt;\n&lt;script&gt;\n  window.dataLayer = window.dataLayer || [];\n  function gtag(){dataLayer.push(arguments);}\n  gtag('js', new Date());\n\n  gtag('config', 'G-QEZWJ7M6T7');\n&lt;\/script&gt;\n&lt;script async src=\"https:\/\/pagead2.googlesyndication.com\/pagead\/js\/adsbygoogle.js?client=ca-pub-3987500858204711\"\n     crossorigin=\"anonymous\"&gt;&lt;\/script&gt;"},"schema":{"@context":"https:\/\/schema.org","@graph":[{"@type":"BlogPosting","@id":"https:\/\/dudasytextos.com\/preguntaquees\/que-es-la-nota-de-corte\/#blogposting","name":"Qu\u00e9 es la nota de corte (2026) \u00bfQu\u00e9 es?","headline":"Qu\u00e9 es la nota de corte","author":{"@id":"https:\/\/dudasytextos.com\/preguntaquees\/author\/admin44\/#author"},"publisher":{"@id":"https:\/\/dudasytextos.com\/preguntaquees\/#organization"},"datePublished":"2025-02-25T12:13:47+00:00","dateModified":"2025-03-12T14:33:45+00:00","inLanguage":"es-ES","mainEntityOfPage":{"@id":"https:\/\/dudasytextos.com\/preguntaquees\/que-es-la-nota-de-corte\/#webpage"},"isPartOf":{"@id":"https:\/\/dudasytextos.com\/preguntaquees\/que-es-la-nota-de-corte\/#webpage"},"articleSection":"\u00bfQu\u00e9 es?"},{"@type":"BreadcrumbList","@id":"https:\/\/dudasytextos.com\/preguntaquees\/que-es-la-nota-de-corte\/#breadcrumblist","itemListElement":[{"@type":"ListItem","@id":"https:\/\/dudasytextos.com\/preguntaquees#listItem","position":1,"name":"Inicio","item":"https:\/\/dudasytextos.com\/preguntaquees","nextItem":{"@type":"ListItem","@id":"https:\/\/dudasytextos.com\/preguntaquees\/category\/que-es\/#listItem","name":"\u00bfQu\u00e9 es?"}},{"@type":"ListItem","@id":"https:\/\/dudasytextos.com\/preguntaquees\/category\/que-es\/#listItem","position":2,"name":"\u00bfQu\u00e9 es?","item":"https:\/\/dudasytextos.com\/preguntaquees\/category\/que-es\/","nextItem":{"@type":"ListItem","@id":"https:\/\/dudasytextos.com\/preguntaquees\/que-es-la-nota-de-corte\/#listItem","name":"Qu\u00e9 es la nota de corte"},"previousItem":{"@type":"ListItem","@id":"https:\/\/dudasytextos.com\/preguntaquees#listItem","name":"Inicio"}},{"@type":"ListItem","@id":"https:\/\/dudasytextos.com\/preguntaquees\/que-es-la-nota-de-corte\/#listItem","position":3,"name":"Qu\u00e9 es la nota de corte","previousItem":{"@type":"ListItem","@id":"https:\/\/dudasytextos.com\/preguntaquees\/category\/que-es\/#listItem","name":"\u00bfQu\u00e9 es?"}}]},{"@type":"Organization","@id":"https:\/\/dudasytextos.com\/preguntaquees\/#organization","name":"\u00bfC\u00f3mo funciona?","description":"\u00bfQu\u00e9 es?","url":"https:\/\/dudasytextos.com\/preguntaquees\/"},{"@type":"Person","@id":"https:\/\/dudasytextos.com\/preguntaquees\/author\/admin44\/#author","url":"https:\/\/dudasytextos.com\/preguntaquees\/author\/admin44\/","name":"Ana Gonz\u00e1lez"},{"@type":"WebPage","@id":"https:\/\/dudasytextos.com\/preguntaquees\/que-es-la-nota-de-corte\/#webpage","url":"https:\/\/dudasytextos.com\/preguntaquees\/que-es-la-nota-de-corte\/","name":"Qu\u00e9 es la nota de corte (2026) \u00bfQu\u00e9 es?","description":"Qu\u00e9 es la nota de corte Por Ana Gonz\u00e1lez Curiosidades sobre la nota de corte La nota de corte es un t\u00e9rmino muy utilizado en Espa\u00f1a para referirse a la puntuaci\u00f3n m\u00ednima necesaria para acceder a una determinada carrera universitaria. La nota de corte puede variar cada a\u00f1o seg\u00fan la demanda de cada carrera y","inLanguage":"es-ES","isPartOf":{"@id":"https:\/\/dudasytextos.com\/preguntaquees\/#website"},"breadcrumb":{"@id":"https:\/\/dudasytextos.com\/preguntaquees\/que-es-la-nota-de-corte\/#breadcrumblist"},"author":{"@id":"https:\/\/dudasytextos.com\/preguntaquees\/author\/admin44\/#author"},"creator":{"@id":"https:\/\/dudasytextos.com\/preguntaquees\/author\/admin44\/#author"},"datePublished":"2025-02-25T12:13:47+00:00","dateModified":"2025-03-12T14:33:45+00:00"},{"@type":"WebSite","@id":"https:\/\/dudasytextos.com\/preguntaquees\/#website","url":"https:\/\/dudasytextos.com\/preguntaquees\/","name":"\u00bfC\u00f3mo funciona?","description":"\u00bfQu\u00e9 es?","inLanguage":"es-ES","publisher":{"@id":"https:\/\/dudasytextos.com\/preguntaquees\/#organization"}}]},"og:locale":"es_ES","og:site_name":"\u00bfQu\u00e9 es? - \u00bfQu\u00e9 es?","og:type":"article","og:title":"Qu\u00e9 es la nota de corte (2026) \u00bfQu\u00e9 es?","og:description":"Qu\u00e9 es la nota de corte Por Ana Gonz\u00e1lez Curiosidades sobre la nota de corte La nota de corte es un t\u00e9rmino muy utilizado en Espa\u00f1a para referirse a la puntuaci\u00f3n m\u00ednima necesaria para acceder a una determinada carrera universitaria. La nota de corte puede variar cada a\u00f1o seg\u00fan la demanda de cada carrera y","og:url":"https:\/\/dudasytextos.com\/preguntaquees\/que-es-la-nota-de-corte\/","article:published_time":"2025-02-25T12:13:47+00:00","article:modified_time":"2025-03-12T14:33:45+00:00","twitter:card":"summary_large_image","twitter:title":"Qu\u00e9 es la nota de corte (2026) \u00bfQu\u00e9 es?","twitter:description":"Qu\u00e9 es la nota de corte Por Ana Gonz\u00e1lez Curiosidades sobre la nota de corte La nota de corte es un t\u00e9rmino muy utilizado en Espa\u00f1a para referirse a la puntuaci\u00f3n m\u00ednima necesaria para acceder a una determinada carrera universitaria. La nota de corte puede variar cada a\u00f1o seg\u00fan la demanda de cada carrera y"},"aioseo_meta_data":{"post_id":"150773","title":null,"description":null,"keywords":null,"keyphrases":null,"primary_term":null,"canonical_url":null,"og_title":null,"og_description":null,"og_object_type":"default","og_image_type":"default","og_image_url":null,"og_image_width":null,"og_image_height":null,"og_image_custom_url":null,"og_image_custom_fields":null,"og_video":null,"og_custom_url":null,"og_article_section":null,"og_article_tags":null,"twitter_use_og":false,"twitter_card":"default","twitter_image_type":"default","twitter_image_url":null,"twitter_image_custom_url":null,"twitter_image_custom_fields":null,"twitter_title":null,"twitter_description":null,"schema":{"blockGraphs":[],"customGraphs":[],"default":{"data":{"Article":[],"Course":[],"Dataset":[],"FAQPage":[],"Movie":[],"Person":[],"Product":[],"ProductReview":[],"Car":[],"Recipe":[],"Service":[],"SoftwareApplication":[],"WebPage":[]},"graphName":"","isEnabled":true},"graphs":[]},"schema_type":"default","schema_type_options":null,"pillar_content":false,"robots_default":true,"robots_noindex":false,"robots_noarchive":false,"robots_nosnippet":false,"robots_nofollow":false,"robots_noimageindex":false,"robots_noodp":false,"robots_notranslate":false,"robots_max_snippet":null,"robots_max_videopreview":null,"robots_max_imagepreview":"large","priority":null,"frequency":null,"local_seo":null,"breadcrumb_settings":null,"limit_modified_date":false,"ai":null,"created":"2023-05-11 16:30:28","updated":"2025-06-04 01:30:37","seo_analyzer_scan_date":null,"focus_keyword":null,"additional_keywords":null,"truseo_locale":null},"aioseo_breadcrumb":"<div class=\"aioseo-breadcrumbs\"><span class=\"aioseo-breadcrumb\">\n\t\t\t<a href=\"https:\/\/dudasytextos.com\/preguntaquees\" title=\"Inicio\">Inicio<\/a>\n\t\t<\/span><span class=\"aioseo-breadcrumb-separator\">&raquo;<\/span><span class=\"aioseo-breadcrumb\">\n\t\t\t<a href=\"https:\/\/dudasytextos.com\/preguntaquees\/category\/que-es\/\" title=\"\u00bfQu\u00e9 es?\">\u00bfQu\u00e9 es?<\/a>\n\t\t<\/span><span class=\"aioseo-breadcrumb-separator\">&raquo;<\/span><span class=\"aioseo-breadcrumb\">\n\t\t\tQu\u00e9 es la nota de corte\n\t\t<\/span><\/div>","aioseo_breadcrumb_json":[{"label":"Inicio","link":"https:\/\/dudasytextos.com\/preguntaquees"},{"label":"\u00bfQu\u00e9 es?","link":"https:\/\/dudasytextos.com\/preguntaquees\/category\/que-es\/"},{"label":"Qu\u00e9 es la nota de corte","link":"https:\/\/dudasytextos.com\/preguntaquees\/que-es-la-nota-de-corte\/"}],"_links":{"self":[{"href":"https:\/\/dudasytextos.com\/preguntaquees\/wp-json\/wp\/v2\/posts\/150773","targetHints":{"allow":["GET"]}}],"collection":[{"href":"https:\/\/dudasytextos.com\/preguntaquees\/wp-json\/wp\/v2\/posts"}],"about":[{"href":"https:\/\/dudasytextos.com\/preguntaquees\/wp-json\/wp\/v2\/types\/post"}],"author":[{"embeddable":true,"href":"https:\/\/dudasytextos.com\/preguntaquees\/wp-json\/wp\/v2\/users\/1"}],"replies":[{"embeddable":true,"href":"https:\/\/dudasytextos.com\/preguntaquees\/wp-json\/wp\/v2\/comments?post=150773"}],"version-history":[{"count":1,"href":"https:\/\/dudasytextos.com\/preguntaquees\/wp-json\/wp\/v2\/posts\/150773\/revisions"}],"predecessor-version":[{"id":155056,"href":"https:\/\/dudasytextos.com\/preguntaquees\/wp-json\/wp\/v2\/posts\/150773\/revisions\/155056"}],"wp:attachment":[{"href":"https:\/\/dudasytextos.com\/preguntaquees\/wp-json\/wp\/v2\/media?parent=150773"}],"wp:term":[{"taxonomy":"category","embeddable":true,"href":"https:\/\/dudasytextos.com\/preguntaquees\/wp-json\/wp\/v2\/categories?post=150773"},{"taxonomy":"post_tag","embeddable":true,"href":"https:\/\/dudasytextos.com\/preguntaquees\/wp-json\/wp\/v2\/tags?post=150773"}],"curies":[{"name":"wp","href":"https:\/\/api.w.org\/{rel}","templated":true}]}}