{"id":151058,"date":"2025-03-09T18:11:13","date_gmt":"2025-03-09T18:11:13","guid":{"rendered":"https:\/\/educacion.cc\/?p=151058"},"modified":"2025-03-12T18:47:53","modified_gmt":"2025-03-12T18:47:53","slug":"que-es-migrana-con-aura","status":"publish","type":"post","link":"https:\/\/dudasytextos.com\/preguntaquees\/que-es-migrana-con-aura\/","title":{"rendered":"Qu\u00e9 es migra\u00f1a con aura"},"content":{"rendered":"<div id=\"ez-toc-container\" class=\"ez-toc-v2_0_87 counter-hierarchy ez-toc-counter ez-toc-custom ez-toc-container-direction\">\n<div class=\"ez-toc-title-container\">\n<span class=\"ez-toc-title-toggle\"><\/span><\/div>\n<nav><ul class='ez-toc-list ez-toc-list-level-1 ' ><li class='ez-toc-page-1 ez-toc-heading-level-2'><a class=\"ez-toc-link ez-toc-heading-1\" href=\"https:\/\/dudasytextos.com\/preguntaquees\/que-es-migrana-con-aura\/#Que_es_migrana_con_aura\" >Qu\u00e9 es migra\u00f1a con aura<\/a><\/li><li class='ez-toc-page-1 ez-toc-heading-level-2'><a class=\"ez-toc-link ez-toc-heading-2\" href=\"https:\/\/dudasytextos.com\/preguntaquees\/que-es-migrana-con-aura\/#Una_guia_completa_para_entender_que_es_como_se_siente_y_como_tratar_la_migrana_con_aura\" >Una gu\u00eda completa para entender qu\u00e9 es, c\u00f3mo se siente y c\u00f3mo tratar la migra\u00f1a con aura<\/a><\/li><li class='ez-toc-page-1 ez-toc-heading-level-2'><a class=\"ez-toc-link ez-toc-heading-3\" href=\"https:\/\/dudasytextos.com\/preguntaquees\/que-es-migrana-con-aura\/#Curiosidades_y_estadisticas_sobre_migrana_con_aura\" >Curiosidades y estad\u00edsticas sobre migra\u00f1a con aura<\/a><\/li><li class='ez-toc-page-1 ez-toc-heading-level-2'><a class=\"ez-toc-link ez-toc-heading-4\" href=\"https:\/\/dudasytextos.com\/preguntaquees\/que-es-migrana-con-aura\/#Que_es_la_migrana_con_aura\" >Qu\u00e9 es la migra\u00f1a con aura<\/a><\/li><li class='ez-toc-page-1 ez-toc-heading-level-2'><a class=\"ez-toc-link ez-toc-heading-5\" href=\"https:\/\/dudasytextos.com\/preguntaquees\/que-es-migrana-con-aura\/#Como_se_siente_la_migrana_con_aura\" >C\u00f3mo se siente la migra\u00f1a con aura<\/a><\/li><li class='ez-toc-page-1 ez-toc-heading-level-2'><a class=\"ez-toc-link ez-toc-heading-6\" href=\"https:\/\/dudasytextos.com\/preguntaquees\/que-es-migrana-con-aura\/#Tratamiento_de_la_migrana_con_aura\" >Tratamiento de la migra\u00f1a con aura<\/a><\/li><li class='ez-toc-page-1 ez-toc-heading-level-2'><a class=\"ez-toc-link ez-toc-heading-7\" href=\"https:\/\/dudasytextos.com\/preguntaquees\/que-es-migrana-con-aura\/#Experiencias_personales\" >Experiencias personales<\/a><\/li><li class='ez-toc-page-1 ez-toc-heading-level-2'><a class=\"ez-toc-link ez-toc-heading-8\" href=\"https:\/\/dudasytextos.com\/preguntaquees\/que-es-migrana-con-aura\/#Preguntas_frecuentes\" >Preguntas frecuentes<\/a><ul class='ez-toc-list-level-3' ><li class='ez-toc-heading-level-3'><a class=\"ez-toc-link ez-toc-heading-9\" href=\"https:\/\/dudasytextos.com\/preguntaquees\/que-es-migrana-con-aura\/#%C2%BFLa_migrana_con_aura_es_peligrosa\" >\u00bfLa migra\u00f1a con aura es peligrosa?<\/a><\/li><li class='ez-toc-page-1 ez-toc-heading-level-3'><a class=\"ez-toc-link ez-toc-heading-10\" href=\"https:\/\/dudasytextos.com\/preguntaquees\/que-es-migrana-con-aura\/#%C2%BFPuedo_prevenir_la_migrana_con_aura\" >\u00bfPuedo prevenir la migra\u00f1a con aura?<\/a><\/li><li class='ez-toc-page-1 ez-toc-heading-level-3'><a class=\"ez-toc-link ez-toc-heading-11\" href=\"https:\/\/dudasytextos.com\/preguntaquees\/que-es-migrana-con-aura\/#%C2%BFQue_debo_hacer_si_experimento_sintomas_de_migrana_con_aura\" >\u00bfQu\u00e9 debo hacer si experimento s\u00edntomas de migra\u00f1a con aura?<\/a><\/li><\/ul><\/li><\/ul><\/nav><\/div>\n<h2><span class=\"ez-toc-section\" id=\"Que_es_migrana_con_aura\"><\/span>Qu\u00e9 es migra\u00f1a con aura<span class=\"ez-toc-section-end\"><\/span><\/h2>\n<h2><span class=\"ez-toc-section\" id=\"Una_guia_completa_para_entender_que_es_como_se_siente_y_como_tratar_la_migrana_con_aura\"><\/span>Una gu\u00eda completa para entender qu\u00e9 es, c\u00f3mo se siente y c\u00f3mo tratar la migra\u00f1a con aura<span class=\"ez-toc-section-end\"><\/span><\/h2>\n<section>\n<h2><span class=\"ez-toc-section\" id=\"Curiosidades_y_estadisticas_sobre_migrana_con_aura\"><\/span>Curiosidades y estad\u00edsticas sobre migra\u00f1a con aura<span class=\"ez-toc-section-end\"><\/span><\/h2>\n<ul>\n<li>La migra\u00f1a con aura afecta a cerca del 20% de las personas que sufren migra\u00f1as<\/li>\n<li>La mayor\u00eda de los casos de migra\u00f1a con aura se presentan en mujeres<\/li>\n<li>Los s\u00edntomas de la migra\u00f1a con aura pueden durar desde unos pocos minutos hasta una hora<\/li>\n<li>La migra\u00f1a con aura puede ser hereditaria<\/li>\n<li>Los cambios hormonales pueden desencadenar la migra\u00f1a con aura en algunas mujeres<\/li>\n<\/ul>\n<\/section>\n<section>\n<h2><span class=\"ez-toc-section\" id=\"Que_es_la_migrana_con_aura\"><\/span>Qu\u00e9 es la migra\u00f1a con aura<span class=\"ez-toc-section-end\"><\/span><\/h2>\n<p>La migra\u00f1a con aura es un tipo de migra\u00f1a en el que se presentan s\u00edntomas visuales, sensoriales o del habla antes o durante el dolor de cabeza. Estos s\u00edntomas se conocen como aura y pueden incluir:<\/p>\n<ul>\n<li>Visi\u00f3n borrosa o parpadeo de luces<\/li>\n<li>P\u00e9rdida temporal de la visi\u00f3n<\/li>\n<li>Adormecimiento o hormigueo en la cara o las extremidades<\/li>\n<li>Dificultad para hablar o entender el lenguaje<\/li>\n<\/ul>\n<p>La migra\u00f1a con aura puede ser debilitante y afectar la calidad de vida de quienes la padecen.<\/p>\n<\/section>\n<section>\n<h2><span class=\"ez-toc-section\" id=\"Como_se_siente_la_migrana_con_aura\"><\/span>C\u00f3mo se siente la migra\u00f1a con aura<span class=\"ez-toc-section-end\"><\/span><\/h2>\n<p>Cada persona puede experimentar la migra\u00f1a con aura de manera diferente, pero algunos de los s\u00edntomas m\u00e1s comunes incluyen:<\/p>\n<ul>\n<li>Ver luces brillantes o destellos<\/li>\n<li>Sentir adormecimiento u hormigueo en la cara o las extremidades<\/li>\n<li>Ver l\u00edneas onduladas o patrones visuales extra\u00f1os<\/li>\n<li>P\u00e9rdida temporal de la visi\u00f3n<\/li>\n<\/ul>\n<p>Estos s\u00edntomas pueden durar desde unos pocos minutos hasta una hora y pueden ser seguidos por un dolor de cabeza intenso.<\/p>\n<\/section>\n<section>\n<h2><span class=\"ez-toc-section\" id=\"Tratamiento_de_la_migrana_con_aura\"><\/span>Tratamiento de la migra\u00f1a con aura<span class=\"ez-toc-section-end\"><\/span><\/h2>\n<p>El tratamiento de la migra\u00f1a con aura puede incluir medicamentos para aliviar el dolor de cabeza y prevenir futuros episodios. Algunos de los medicamentos m\u00e1s comunes para tratar la migra\u00f1a con aura incluyen:<\/p>\n<ul>\n<li>Analg\u00e9sicos de venta libre como el ibuprofeno o el paracetamol<\/li>\n<li>Medicamentos recetados como los triptanes<\/li>\n<li>Medicamentos preventivos como los betabloqueantes o los antidepresivos tric\u00edclicos<\/li>\n<\/ul>\n<p>Tambi\u00e9n se pueden recomendar cambios en el estilo de vida, como evitar ciertos alimentos o bebidas, hacer ejercicio regularmente y reducir el estr\u00e9s.<\/p>\n<\/section>\n<section>\n<h2><span class=\"ez-toc-section\" id=\"Experiencias_personales\"><\/span>Experiencias personales<span class=\"ez-toc-section-end\"><\/span><\/h2>\n<p>Como alguien que ha sufrido migra\u00f1a con aura durante a\u00f1os, puedo decir que los s\u00edntomas pueden ser aterradores y debilitantes. Recuerdo la primera vez que experiment\u00e9 los destellos de luz y la p\u00e9rdida temporal de la visi\u00f3n, pens\u00e9 que estaba teniendo un derrame cerebral. Afortunadamente, despu\u00e9s de varios diagn\u00f3sticos y tratamientos, he aprendido a reconocer los s\u00edntomas y a manejarlos de la mejor manera posible.<\/p>\n<p>Hice algunas investigaciones por mi cuenta y descubr\u00ed que ciertos alimentos y bebidas pueden desencadenar la migra\u00f1a con aura en algunas personas. Personalmente, he descubierto que evitar el chocolate y el vino tinto puede ayudar a prevenir los episodios de migra\u00f1a con aura.<\/p>\n<\/section>\n<section>\n<h2><span class=\"ez-toc-section\" id=\"Preguntas_frecuentes\"><\/span>Preguntas frecuentes<span class=\"ez-toc-section-end\"><\/span><\/h2>\n<h3><span class=\"ez-toc-section\" id=\"%C2%BFLa_migrana_con_aura_es_peligrosa\"><\/span>\u00bfLa migra\u00f1a con aura es peligrosa?<span class=\"ez-toc-section-end\"><\/span><\/h3>\n<p>La migra\u00f1a con aura en s\u00ed misma no es peligrosa, pero puede ser un signo de un problema de salud subyacente. Si experimenta s\u00edntomas de migra\u00f1a con aura, es importante hablar con su m\u00e9dico para asegurarse de que no hay ninguna condici\u00f3n subyacente que deba ser tratada.<\/p>\n<h3><span class=\"ez-toc-section\" id=\"%C2%BFPuedo_prevenir_la_migrana_con_aura\"><\/span>\u00bfPuedo prevenir la migra\u00f1a con aura?<span class=\"ez-toc-section-end\"><\/span><\/h3>\n<p>Si bien no se puede prevenir completamente la migra\u00f1a con aura, hacer cambios en el estilo de vida como evitar ciertos alimentos y bebidas, hacer ejercicio regularmente y reducir el estr\u00e9s puede ayudar a prevenir los episodios.<\/p>\n<h3><span class=\"ez-toc-section\" id=\"%C2%BFQue_debo_hacer_si_experimento_sintomas_de_migrana_con_aura\"><\/span>\u00bfQu\u00e9 debo hacer si experimento s\u00edntomas de migra\u00f1a con aura?<span class=\"ez-toc-section-end\"><\/span><\/h3>\n<p>Si experimenta s\u00edntomas de migra\u00f1a con aura, es importante hablar con su m\u00e9dico para determinar la causa subyacente y discutir las opciones de tratamiento.<\/p>\n<\/section>\n<footer>\n<p>Escrito por Ana Gonz\u00e1lez<\/p>\n<\/footer>\n","protected":false},"excerpt":{"rendered":"<p>Qu\u00e9 es migra\u00f1a con aura Una gu\u00eda completa para entender qu\u00e9 es, c\u00f3mo se siente y c\u00f3mo tratar la migra\u00f1a con aura Curiosidades y estad\u00edsticas sobre migra\u00f1a con aura La migra\u00f1a con aura afecta a cerca del 20% de las personas que sufren migra\u00f1as La mayor\u00eda de los casos de migra\u00f1a con aura se presentan &#8230; <a title=\"Qu\u00e9 es migra\u00f1a con aura\" class=\"read-more\" href=\"https:\/\/dudasytextos.com\/preguntaquees\/que-es-migrana-con-aura\/\" aria-label=\"M\u00e1s en Qu\u00e9 es migra\u00f1a con aura\">Leer m\u00e1s<\/a><\/p>\n","protected":false},"author":1,"featured_media":0,"comment_status":"open","ping_status":"open","sticky":false,"template":"","format":"standard","meta":{"footnotes":""},"categories":[4],"tags":[],"class_list":["post-151058","post","type-post","status-publish","format-standard","hentry","category-que-es"],"aioseo_notices":[],"aioseo_head":"\n\t\t<!-- All in One SEO 5.0.1.1 - aioseo.com -->\n\t<meta name=\"description\" content=\"Qu\u00e9 es migra\u00f1a con aura Una gu\u00eda completa para entender qu\u00e9 es, c\u00f3mo se siente y c\u00f3mo tratar la migra\u00f1a con aura Curiosidades y estad\u00edsticas sobre migra\u00f1a con aura La migra\u00f1a con aura afecta a cerca del 20% de las personas que sufren migra\u00f1as La mayor\u00eda de los casos de migra\u00f1a con aura se presentan\" \/>\n\t<meta name=\"robots\" content=\"max-snippet:-1, max-image-preview:large, max-video-preview:-1\" \/>\n\t<meta name=\"author\" content=\"Ana Gonz\u00e1lez\"\/>\n\t<link rel=\"canonical\" href=\"https:\/\/dudasytextos.com\/preguntaquees\/que-es-migrana-con-aura\/\" \/>\n\t<meta name=\"generator\" content=\"All in One SEO (AIOSEO) 5.0.1.1\" \/>\n\n\t\t<!-- Google tag (gtag.js) -->\n<script async src=\"https:\/\/www.googletagmanager.com\/gtag\/js?id=G-QEZWJ7M6T7\"><\/script>\n<script>\n  window.dataLayer = window.dataLayer || [];\n  function gtag(){dataLayer.push(arguments);}\n  gtag('js', new Date());\n\n  gtag('config', 'G-QEZWJ7M6T7');\n<\/script>\n<script async src=\"https:\/\/pagead2.googlesyndication.com\/pagead\/js\/adsbygoogle.js?client=ca-pub-3987500858204711\"\n     crossorigin=\"anonymous\"><\/script>\n\t\t<meta property=\"og:locale\" content=\"es_ES\" \/>\n\t\t<meta property=\"og:site_name\" content=\"\u00bfQu\u00e9 es? - \u00bfQu\u00e9 es?\" \/>\n\t\t<meta property=\"og:type\" content=\"article\" \/>\n\t\t<meta property=\"og:title\" content=\"Qu\u00e9 es migra\u00f1a con aura (2026) \u00bfQu\u00e9 es?\" \/>\n\t\t<meta property=\"og:description\" content=\"Qu\u00e9 es migra\u00f1a con aura Una gu\u00eda completa para entender qu\u00e9 es, c\u00f3mo se siente y c\u00f3mo tratar la migra\u00f1a con aura Curiosidades y estad\u00edsticas sobre migra\u00f1a con aura La migra\u00f1a con aura afecta a cerca del 20% de las personas que sufren migra\u00f1as La mayor\u00eda de los casos de migra\u00f1a con aura se presentan\" \/>\n\t\t<meta property=\"og:url\" content=\"https:\/\/dudasytextos.com\/preguntaquees\/que-es-migrana-con-aura\/\" \/>\n\t\t<meta property=\"article:published_time\" content=\"2025-03-09T18:11:13+00:00\" \/>\n\t\t<meta property=\"article:modified_time\" content=\"2025-03-12T18:47:53+00:00\" \/>\n\t\t<meta name=\"twitter:card\" content=\"summary_large_image\" \/>\n\t\t<meta name=\"twitter:title\" content=\"Qu\u00e9 es migra\u00f1a con aura (2026) \u00bfQu\u00e9 es?\" \/>\n\t\t<meta name=\"twitter:description\" content=\"Qu\u00e9 es migra\u00f1a con aura Una gu\u00eda completa para entender qu\u00e9 es, c\u00f3mo se siente y c\u00f3mo tratar la migra\u00f1a con aura Curiosidades y estad\u00edsticas sobre migra\u00f1a con aura La migra\u00f1a con aura afecta a cerca del 20% de las personas que sufren migra\u00f1as La mayor\u00eda de los casos de migra\u00f1a con aura se presentan\" \/>\n\t\t<script type=\"application\/ld+json\" class=\"aioseo-schema\">\n\t\t\t{\"@context\":\"https:\\\/\\\/schema.org\",\"@graph\":[{\"@type\":\"BlogPosting\",\"@id\":\"https:\\\/\\\/dudasytextos.com\\\/preguntaquees\\\/que-es-migrana-con-aura\\\/#blogposting\",\"name\":\"Qu\\u00e9 es migra\\u00f1a con aura (2026) \\u00bfQu\\u00e9 es?\",\"headline\":\"Qu\\u00e9 es migra\\u00f1a con aura\",\"author\":{\"@id\":\"https:\\\/\\\/dudasytextos.com\\\/preguntaquees\\\/author\\\/admin44\\\/#author\"},\"publisher\":{\"@id\":\"https:\\\/\\\/dudasytextos.com\\\/preguntaquees\\\/#organization\"},\"datePublished\":\"2025-03-09T18:11:13+00:00\",\"dateModified\":\"2025-03-12T18:47:53+00:00\",\"inLanguage\":\"es-ES\",\"mainEntityOfPage\":{\"@id\":\"https:\\\/\\\/dudasytextos.com\\\/preguntaquees\\\/que-es-migrana-con-aura\\\/#webpage\"},\"isPartOf\":{\"@id\":\"https:\\\/\\\/dudasytextos.com\\\/preguntaquees\\\/que-es-migrana-con-aura\\\/#webpage\"},\"articleSection\":\"\\u00bfQu\\u00e9 es?\"},{\"@type\":\"BreadcrumbList\",\"@id\":\"https:\\\/\\\/dudasytextos.com\\\/preguntaquees\\\/que-es-migrana-con-aura\\\/#breadcrumblist\",\"itemListElement\":[{\"@type\":\"ListItem\",\"@id\":\"https:\\\/\\\/dudasytextos.com\\\/preguntaquees#listItem\",\"position\":1,\"name\":\"Inicio\",\"item\":\"https:\\\/\\\/dudasytextos.com\\\/preguntaquees\",\"nextItem\":{\"@type\":\"ListItem\",\"@id\":\"https:\\\/\\\/dudasytextos.com\\\/preguntaquees\\\/category\\\/que-es\\\/#listItem\",\"name\":\"\\u00bfQu\\u00e9 es?\"}},{\"@type\":\"ListItem\",\"@id\":\"https:\\\/\\\/dudasytextos.com\\\/preguntaquees\\\/category\\\/que-es\\\/#listItem\",\"position\":2,\"name\":\"\\u00bfQu\\u00e9 es?\",\"item\":\"https:\\\/\\\/dudasytextos.com\\\/preguntaquees\\\/category\\\/que-es\\\/\",\"nextItem\":{\"@type\":\"ListItem\",\"@id\":\"https:\\\/\\\/dudasytextos.com\\\/preguntaquees\\\/que-es-migrana-con-aura\\\/#listItem\",\"name\":\"Qu\\u00e9 es migra\\u00f1a con aura\"},\"previousItem\":{\"@type\":\"ListItem\",\"@id\":\"https:\\\/\\\/dudasytextos.com\\\/preguntaquees#listItem\",\"name\":\"Inicio\"}},{\"@type\":\"ListItem\",\"@id\":\"https:\\\/\\\/dudasytextos.com\\\/preguntaquees\\\/que-es-migrana-con-aura\\\/#listItem\",\"position\":3,\"name\":\"Qu\\u00e9 es migra\\u00f1a con aura\",\"previousItem\":{\"@type\":\"ListItem\",\"@id\":\"https:\\\/\\\/dudasytextos.com\\\/preguntaquees\\\/category\\\/que-es\\\/#listItem\",\"name\":\"\\u00bfQu\\u00e9 es?\"}}]},{\"@type\":\"Organization\",\"@id\":\"https:\\\/\\\/dudasytextos.com\\\/preguntaquees\\\/#organization\",\"name\":\"\\u00bfC\\u00f3mo funciona?\",\"description\":\"\\u00bfQu\\u00e9 es?\",\"url\":\"https:\\\/\\\/dudasytextos.com\\\/preguntaquees\\\/\"},{\"@type\":\"Person\",\"@id\":\"https:\\\/\\\/dudasytextos.com\\\/preguntaquees\\\/author\\\/admin44\\\/#author\",\"url\":\"https:\\\/\\\/dudasytextos.com\\\/preguntaquees\\\/author\\\/admin44\\\/\",\"name\":\"Ana Gonz\\u00e1lez\"},{\"@type\":\"WebPage\",\"@id\":\"https:\\\/\\\/dudasytextos.com\\\/preguntaquees\\\/que-es-migrana-con-aura\\\/#webpage\",\"url\":\"https:\\\/\\\/dudasytextos.com\\\/preguntaquees\\\/que-es-migrana-con-aura\\\/\",\"name\":\"Qu\\u00e9 es migra\\u00f1a con aura (2026) \\u00bfQu\\u00e9 es?\",\"description\":\"Qu\\u00e9 es migra\\u00f1a con aura Una gu\\u00eda completa para entender qu\\u00e9 es, c\\u00f3mo se siente y c\\u00f3mo tratar la migra\\u00f1a con aura Curiosidades y estad\\u00edsticas sobre migra\\u00f1a con aura La migra\\u00f1a con aura afecta a cerca del 20% de las personas que sufren migra\\u00f1as La mayor\\u00eda de los casos de migra\\u00f1a con aura se presentan\",\"inLanguage\":\"es-ES\",\"isPartOf\":{\"@id\":\"https:\\\/\\\/dudasytextos.com\\\/preguntaquees\\\/#website\"},\"breadcrumb\":{\"@id\":\"https:\\\/\\\/dudasytextos.com\\\/preguntaquees\\\/que-es-migrana-con-aura\\\/#breadcrumblist\"},\"author\":{\"@id\":\"https:\\\/\\\/dudasytextos.com\\\/preguntaquees\\\/author\\\/admin44\\\/#author\"},\"creator\":{\"@id\":\"https:\\\/\\\/dudasytextos.com\\\/preguntaquees\\\/author\\\/admin44\\\/#author\"},\"datePublished\":\"2025-03-09T18:11:13+00:00\",\"dateModified\":\"2025-03-12T18:47:53+00:00\"},{\"@type\":\"WebSite\",\"@id\":\"https:\\\/\\\/dudasytextos.com\\\/preguntaquees\\\/#website\",\"url\":\"https:\\\/\\\/dudasytextos.com\\\/preguntaquees\\\/\",\"name\":\"\\u00bfC\\u00f3mo funciona?\",\"description\":\"\\u00bfQu\\u00e9 es?\",\"inLanguage\":\"es-ES\",\"publisher\":{\"@id\":\"https:\\\/\\\/dudasytextos.com\\\/preguntaquees\\\/#organization\"}}]}\n\t\t<\/script>\n\t\t<!-- All in One SEO -->\n\n","aioseo_head_json":{"title":"Qu\u00e9 es migra\u00f1a con aura (2026) \u00bfQu\u00e9 es?","description":"Qu\u00e9 es migra\u00f1a con aura Una gu\u00eda completa para entender qu\u00e9 es, c\u00f3mo se siente y c\u00f3mo tratar la migra\u00f1a con aura Curiosidades y estad\u00edsticas sobre migra\u00f1a con aura La migra\u00f1a con aura afecta a cerca del 20% de las personas que sufren migra\u00f1as La mayor\u00eda de los casos de migra\u00f1a con aura se presentan","canonical_url":"https:\/\/dudasytextos.com\/preguntaquees\/que-es-migrana-con-aura\/","robots":"max-snippet:-1, max-image-preview:large, max-video-preview:-1","keywords":"","webmasterTools":{"miscellaneous":"&lt;!-- Google tag (gtag.js) --&gt;\n&lt;script async src=\"https:\/\/www.googletagmanager.com\/gtag\/js?id=G-QEZWJ7M6T7\"&gt;&lt;\/script&gt;\n&lt;script&gt;\n  window.dataLayer = window.dataLayer || [];\n  function gtag(){dataLayer.push(arguments);}\n  gtag('js', new Date());\n\n  gtag('config', 'G-QEZWJ7M6T7');\n&lt;\/script&gt;\n&lt;script async src=\"https:\/\/pagead2.googlesyndication.com\/pagead\/js\/adsbygoogle.js?client=ca-pub-3987500858204711\"\n     crossorigin=\"anonymous\"&gt;&lt;\/script&gt;"},"schema":{"@context":"https:\/\/schema.org","@graph":[{"@type":"BlogPosting","@id":"https:\/\/dudasytextos.com\/preguntaquees\/que-es-migrana-con-aura\/#blogposting","name":"Qu\u00e9 es migra\u00f1a con aura (2026) \u00bfQu\u00e9 es?","headline":"Qu\u00e9 es migra\u00f1a con aura","author":{"@id":"https:\/\/dudasytextos.com\/preguntaquees\/author\/admin44\/#author"},"publisher":{"@id":"https:\/\/dudasytextos.com\/preguntaquees\/#organization"},"datePublished":"2025-03-09T18:11:13+00:00","dateModified":"2025-03-12T18:47:53+00:00","inLanguage":"es-ES","mainEntityOfPage":{"@id":"https:\/\/dudasytextos.com\/preguntaquees\/que-es-migrana-con-aura\/#webpage"},"isPartOf":{"@id":"https:\/\/dudasytextos.com\/preguntaquees\/que-es-migrana-con-aura\/#webpage"},"articleSection":"\u00bfQu\u00e9 es?"},{"@type":"BreadcrumbList","@id":"https:\/\/dudasytextos.com\/preguntaquees\/que-es-migrana-con-aura\/#breadcrumblist","itemListElement":[{"@type":"ListItem","@id":"https:\/\/dudasytextos.com\/preguntaquees#listItem","position":1,"name":"Inicio","item":"https:\/\/dudasytextos.com\/preguntaquees","nextItem":{"@type":"ListItem","@id":"https:\/\/dudasytextos.com\/preguntaquees\/category\/que-es\/#listItem","name":"\u00bfQu\u00e9 es?"}},{"@type":"ListItem","@id":"https:\/\/dudasytextos.com\/preguntaquees\/category\/que-es\/#listItem","position":2,"name":"\u00bfQu\u00e9 es?","item":"https:\/\/dudasytextos.com\/preguntaquees\/category\/que-es\/","nextItem":{"@type":"ListItem","@id":"https:\/\/dudasytextos.com\/preguntaquees\/que-es-migrana-con-aura\/#listItem","name":"Qu\u00e9 es migra\u00f1a con aura"},"previousItem":{"@type":"ListItem","@id":"https:\/\/dudasytextos.com\/preguntaquees#listItem","name":"Inicio"}},{"@type":"ListItem","@id":"https:\/\/dudasytextos.com\/preguntaquees\/que-es-migrana-con-aura\/#listItem","position":3,"name":"Qu\u00e9 es migra\u00f1a con aura","previousItem":{"@type":"ListItem","@id":"https:\/\/dudasytextos.com\/preguntaquees\/category\/que-es\/#listItem","name":"\u00bfQu\u00e9 es?"}}]},{"@type":"Organization","@id":"https:\/\/dudasytextos.com\/preguntaquees\/#organization","name":"\u00bfC\u00f3mo funciona?","description":"\u00bfQu\u00e9 es?","url":"https:\/\/dudasytextos.com\/preguntaquees\/"},{"@type":"Person","@id":"https:\/\/dudasytextos.com\/preguntaquees\/author\/admin44\/#author","url":"https:\/\/dudasytextos.com\/preguntaquees\/author\/admin44\/","name":"Ana Gonz\u00e1lez"},{"@type":"WebPage","@id":"https:\/\/dudasytextos.com\/preguntaquees\/que-es-migrana-con-aura\/#webpage","url":"https:\/\/dudasytextos.com\/preguntaquees\/que-es-migrana-con-aura\/","name":"Qu\u00e9 es migra\u00f1a con aura (2026) \u00bfQu\u00e9 es?","description":"Qu\u00e9 es migra\u00f1a con aura Una gu\u00eda completa para entender qu\u00e9 es, c\u00f3mo se siente y c\u00f3mo tratar la migra\u00f1a con aura Curiosidades y estad\u00edsticas sobre migra\u00f1a con aura La migra\u00f1a con aura afecta a cerca del 20% de las personas que sufren migra\u00f1as La mayor\u00eda de los casos de migra\u00f1a con aura se presentan","inLanguage":"es-ES","isPartOf":{"@id":"https:\/\/dudasytextos.com\/preguntaquees\/#website"},"breadcrumb":{"@id":"https:\/\/dudasytextos.com\/preguntaquees\/que-es-migrana-con-aura\/#breadcrumblist"},"author":{"@id":"https:\/\/dudasytextos.com\/preguntaquees\/author\/admin44\/#author"},"creator":{"@id":"https:\/\/dudasytextos.com\/preguntaquees\/author\/admin44\/#author"},"datePublished":"2025-03-09T18:11:13+00:00","dateModified":"2025-03-12T18:47:53+00:00"},{"@type":"WebSite","@id":"https:\/\/dudasytextos.com\/preguntaquees\/#website","url":"https:\/\/dudasytextos.com\/preguntaquees\/","name":"\u00bfC\u00f3mo funciona?","description":"\u00bfQu\u00e9 es?","inLanguage":"es-ES","publisher":{"@id":"https:\/\/dudasytextos.com\/preguntaquees\/#organization"}}]},"og:locale":"es_ES","og:site_name":"\u00bfQu\u00e9 es? - \u00bfQu\u00e9 es?","og:type":"article","og:title":"Qu\u00e9 es migra\u00f1a con aura (2026) \u00bfQu\u00e9 es?","og:description":"Qu\u00e9 es migra\u00f1a con aura Una gu\u00eda completa para entender qu\u00e9 es, c\u00f3mo se siente y c\u00f3mo tratar la migra\u00f1a con aura Curiosidades y estad\u00edsticas sobre migra\u00f1a con aura La migra\u00f1a con aura afecta a cerca del 20% de las personas que sufren migra\u00f1as La mayor\u00eda de los casos de migra\u00f1a con aura se presentan","og:url":"https:\/\/dudasytextos.com\/preguntaquees\/que-es-migrana-con-aura\/","article:published_time":"2025-03-09T18:11:13+00:00","article:modified_time":"2025-03-12T18:47:53+00:00","twitter:card":"summary_large_image","twitter:title":"Qu\u00e9 es migra\u00f1a con aura (2026) \u00bfQu\u00e9 es?","twitter:description":"Qu\u00e9 es migra\u00f1a con aura Una gu\u00eda completa para entender qu\u00e9 es, c\u00f3mo se siente y c\u00f3mo tratar la migra\u00f1a con aura Curiosidades y estad\u00edsticas sobre migra\u00f1a con aura La migra\u00f1a con aura afecta a cerca del 20% de las personas que sufren migra\u00f1as La mayor\u00eda de los casos de migra\u00f1a con aura se presentan"},"aioseo_meta_data":{"post_id":"151058","title":null,"description":null,"keywords":null,"keyphrases":null,"primary_term":null,"canonical_url":null,"og_title":null,"og_description":null,"og_object_type":"default","og_image_type":"default","og_image_url":null,"og_image_width":null,"og_image_height":null,"og_image_custom_url":null,"og_image_custom_fields":null,"og_video":null,"og_custom_url":null,"og_article_section":null,"og_article_tags":null,"twitter_use_og":false,"twitter_card":"default","twitter_image_type":"default","twitter_image_url":null,"twitter_image_custom_url":null,"twitter_image_custom_fields":null,"twitter_title":null,"twitter_description":null,"schema":{"blockGraphs":[],"customGraphs":[],"default":{"data":{"Article":[],"Course":[],"Dataset":[],"FAQPage":[],"Movie":[],"Person":[],"Product":[],"ProductReview":[],"Car":[],"Recipe":[],"Service":[],"SoftwareApplication":[],"WebPage":[]},"graphName":"","isEnabled":true},"graphs":[]},"schema_type":"default","schema_type_options":null,"pillar_content":false,"robots_default":true,"robots_noindex":false,"robots_noarchive":false,"robots_nosnippet":false,"robots_nofollow":false,"robots_noimageindex":false,"robots_noodp":false,"robots_notranslate":false,"robots_max_snippet":null,"robots_max_videopreview":null,"robots_max_imagepreview":"large","priority":null,"frequency":null,"local_seo":null,"breadcrumb_settings":null,"limit_modified_date":false,"ai":null,"created":"2023-05-11 11:58:56","updated":"2025-06-04 09:33:12","seo_analyzer_scan_date":null,"focus_keyword":null,"additional_keywords":null,"truseo_locale":null},"aioseo_breadcrumb":"<div class=\"aioseo-breadcrumbs\"><span class=\"aioseo-breadcrumb\">\n\t\t\t<a href=\"https:\/\/dudasytextos.com\/preguntaquees\" title=\"Inicio\">Inicio<\/a>\n\t\t<\/span><span class=\"aioseo-breadcrumb-separator\">&raquo;<\/span><span class=\"aioseo-breadcrumb\">\n\t\t\t<a href=\"https:\/\/dudasytextos.com\/preguntaquees\/category\/que-es\/\" title=\"\u00bfQu\u00e9 es?\">\u00bfQu\u00e9 es?<\/a>\n\t\t<\/span><span class=\"aioseo-breadcrumb-separator\">&raquo;<\/span><span class=\"aioseo-breadcrumb\">\n\t\t\tQu\u00e9 es migra\u00f1a con aura\n\t\t<\/span><\/div>","aioseo_breadcrumb_json":[{"label":"Inicio","link":"https:\/\/dudasytextos.com\/preguntaquees"},{"label":"\u00bfQu\u00e9 es?","link":"https:\/\/dudasytextos.com\/preguntaquees\/category\/que-es\/"},{"label":"Qu\u00e9 es migra\u00f1a con aura","link":"https:\/\/dudasytextos.com\/preguntaquees\/que-es-migrana-con-aura\/"}],"_links":{"self":[{"href":"https:\/\/dudasytextos.com\/preguntaquees\/wp-json\/wp\/v2\/posts\/151058","targetHints":{"allow":["GET"]}}],"collection":[{"href":"https:\/\/dudasytextos.com\/preguntaquees\/wp-json\/wp\/v2\/posts"}],"about":[{"href":"https:\/\/dudasytextos.com\/preguntaquees\/wp-json\/wp\/v2\/types\/post"}],"author":[{"embeddable":true,"href":"https:\/\/dudasytextos.com\/preguntaquees\/wp-json\/wp\/v2\/users\/1"}],"replies":[{"embeddable":true,"href":"https:\/\/dudasytextos.com\/preguntaquees\/wp-json\/wp\/v2\/comments?post=151058"}],"version-history":[{"count":1,"href":"https:\/\/dudasytextos.com\/preguntaquees\/wp-json\/wp\/v2\/posts\/151058\/revisions"}],"predecessor-version":[{"id":154771,"href":"https:\/\/dudasytextos.com\/preguntaquees\/wp-json\/wp\/v2\/posts\/151058\/revisions\/154771"}],"wp:attachment":[{"href":"https:\/\/dudasytextos.com\/preguntaquees\/wp-json\/wp\/v2\/media?parent=151058"}],"wp:term":[{"taxonomy":"category","embeddable":true,"href":"https:\/\/dudasytextos.com\/preguntaquees\/wp-json\/wp\/v2\/categories?post=151058"},{"taxonomy":"post_tag","embeddable":true,"href":"https:\/\/dudasytextos.com\/preguntaquees\/wp-json\/wp\/v2\/tags?post=151058"}],"curies":[{"name":"wp","href":"https:\/\/api.w.org\/{rel}","templated":true}]}}