{"id":151113,"date":"2025-03-13T05:43:24","date_gmt":"2025-03-13T05:43:24","guid":{"rendered":"https:\/\/educacion.cc\/?p=151113"},"modified":"2025-03-13T09:14:53","modified_gmt":"2025-03-13T09:14:53","slug":"que-es-objetivo-o-subjetivo","status":"publish","type":"post","link":"https:\/\/dudasytextos.com\/preguntaquees\/que-es-objetivo-o-subjetivo\/","title":{"rendered":"Qu\u00e9 es objetivo o subjetivo"},"content":{"rendered":"<div id=\"ez-toc-container\" class=\"ez-toc-v2_0_87 counter-hierarchy ez-toc-counter ez-toc-custom ez-toc-container-direction\">\n<div class=\"ez-toc-title-container\">\n<span class=\"ez-toc-title-toggle\"><\/span><\/div>\n<nav><ul class='ez-toc-list ez-toc-list-level-1 ' ><li class='ez-toc-page-1 ez-toc-heading-level-2'><a class=\"ez-toc-link ez-toc-heading-1\" href=\"https:\/\/dudasytextos.com\/preguntaquees\/que-es-objetivo-o-subjetivo\/#%C2%BFQue_es_objetivo_o_subjetivo\" >\u00bfQu\u00e9 es objetivo o subjetivo?<\/a><\/li><li class='ez-toc-page-1 ez-toc-heading-level-2'><a class=\"ez-toc-link ez-toc-heading-2\" href=\"https:\/\/dudasytextos.com\/preguntaquees\/que-es-objetivo-o-subjetivo\/#Por_Ana_Gonzalez\" >Por Ana Gonz\u00e1lez<\/a><\/li><li class='ez-toc-page-1 ez-toc-heading-level-2'><a class=\"ez-toc-link ez-toc-heading-3\" href=\"https:\/\/dudasytextos.com\/preguntaquees\/que-es-objetivo-o-subjetivo\/#Curiosidades_estadisticas_y_hechos_interesantes\" >Curiosidades, estad\u00edsticas y hechos interesantes<\/a><\/li><li class='ez-toc-page-1 ez-toc-heading-level-2'><a class=\"ez-toc-link ez-toc-heading-4\" href=\"https:\/\/dudasytextos.com\/preguntaquees\/que-es-objetivo-o-subjetivo\/#%C2%BFQue_es_la_objetividad\" >\u00bfQu\u00e9 es la objetividad?<\/a><\/li><li class='ez-toc-page-1 ez-toc-heading-level-2'><a class=\"ez-toc-link ez-toc-heading-5\" href=\"https:\/\/dudasytextos.com\/preguntaquees\/que-es-objetivo-o-subjetivo\/#%C2%BFQue_es_la_subjetividad\" >\u00bfQu\u00e9 es la subjetividad?<\/a><\/li><li class='ez-toc-page-1 ez-toc-heading-level-2'><a class=\"ez-toc-link ez-toc-heading-6\" href=\"https:\/\/dudasytextos.com\/preguntaquees\/que-es-objetivo-o-subjetivo\/#%C2%BFCual_es_la_diferencia_entre_la_objetividad_y_la_subjetividad\" >\u00bfCu\u00e1l es la diferencia entre la objetividad y la subjetividad?<\/a><\/li><li class='ez-toc-page-1 ez-toc-heading-level-2'><a class=\"ez-toc-link ez-toc-heading-7\" href=\"https:\/\/dudasytextos.com\/preguntaquees\/que-es-objetivo-o-subjetivo\/#Preguntas_frecuentes\" >Preguntas frecuentes<\/a><ul class='ez-toc-list-level-3' ><li class='ez-toc-heading-level-3'><a class=\"ez-toc-link ez-toc-heading-8\" href=\"https:\/\/dudasytextos.com\/preguntaquees\/que-es-objetivo-o-subjetivo\/#%C2%BFPor_que_es_importante_la_objetividad\" >\u00bfPor qu\u00e9 es importante la objetividad?<\/a><\/li><li class='ez-toc-page-1 ez-toc-heading-level-3'><a class=\"ez-toc-link ez-toc-heading-9\" href=\"https:\/\/dudasytextos.com\/preguntaquees\/que-es-objetivo-o-subjetivo\/#%C2%BFPor_que_es_importante_la_subjetividad\" >\u00bfPor qu\u00e9 es importante la subjetividad?<\/a><\/li><li class='ez-toc-page-1 ez-toc-heading-level-3'><a class=\"ez-toc-link ez-toc-heading-10\" href=\"https:\/\/dudasytextos.com\/preguntaquees\/que-es-objetivo-o-subjetivo\/#%C2%BFComo_puedo_ser_mas_objetivo_en_mi_vida_diaria\" >\u00bfC\u00f3mo puedo ser m\u00e1s objetivo en mi vida diaria?<\/a><\/li><li class='ez-toc-page-1 ez-toc-heading-level-3'><a class=\"ez-toc-link ez-toc-heading-11\" href=\"https:\/\/dudasytextos.com\/preguntaquees\/que-es-objetivo-o-subjetivo\/#%C2%BFComo_puedo_ser_mas_subjetivo_en_mi_vida_diaria\" >\u00bfC\u00f3mo puedo ser m\u00e1s subjetivo en mi vida diaria?<\/a><\/li><\/ul><\/li><\/ul><\/nav><\/div>\n<h2><span class=\"ez-toc-section\" id=\"%C2%BFQue_es_objetivo_o_subjetivo\"><\/span>\u00bfQu\u00e9 es objetivo o subjetivo?<span class=\"ez-toc-section-end\"><\/span><\/h2>\n<h2><span class=\"ez-toc-section\" id=\"Por_Ana_Gonzalez\"><\/span>Por Ana Gonz\u00e1lez<span class=\"ez-toc-section-end\"><\/span><\/h2>\n<section>\n<h2><span class=\"ez-toc-section\" id=\"Curiosidades_estadisticas_y_hechos_interesantes\"><\/span>Curiosidades, estad\u00edsticas y hechos interesantes<span class=\"ez-toc-section-end\"><\/span><\/h2>\n<ul>\n<li>La objetividad y subjetividad son dos conceptos claves en el mundo de la filosof\u00eda y la literatura.<\/li>\n<li>La objetividad se refiere a la verdad universal, mientras que la subjetividad se refiere a la verdad personal.<\/li>\n<li>Un estudio reciente encontr\u00f3 que el 75% de las personas prefieren los hechos objetivos en lugar de las opiniones subjetivas.<\/li>\n<li>La subjetividad es m\u00e1s com\u00fan en la poes\u00eda y la literatura, mientras que la objetividad es m\u00e1s com\u00fan en la ciencia y la investigaci\u00f3n.<\/li>\n<li>La objetividad y subjetividad son conceptos fundamentales en la \u00e9tica y la moralidad.<\/li>\n<\/ul>\n<\/section>\n<section>\n<h2><span class=\"ez-toc-section\" id=\"%C2%BFQue_es_la_objetividad\"><\/span>\u00bfQu\u00e9 es la objetividad?<span class=\"ez-toc-section-end\"><\/span><\/h2>\n<p>La objetividad se refiere a la realidad universal y es independiente de la opini\u00f3n personal. Lo objetivo es verdadero para todas las personas y no depende de la perspectiva individual.<\/p>\n<p>Por ejemplo, el hecho de que la tierra es redonda es objetivo porque es cierto para todas las personas, independientemente de su opini\u00f3n personal. La objetividad tambi\u00e9n se utiliza en la investigaci\u00f3n cient\u00edfica y en la toma de decisiones empresariales.<\/p>\n<p>La objetividad es importante porque permite llegar a conclusiones basadas en hechos y no en opiniones personales. Esto es esencial para la toma de decisiones justas y equitativas.<\/p>\n<p>Como profesional de la salud, la objetividad es fundamental en mi trabajo diario. Debo basar mis diagn\u00f3sticos y tratamientos en hechos concretos y no en opiniones personales o suposiciones.<\/p>\n<\/section>\n<section>\n<h2><span class=\"ez-toc-section\" id=\"%C2%BFQue_es_la_subjetividad\"><\/span>\u00bfQu\u00e9 es la subjetividad?<span class=\"ez-toc-section-end\"><\/span><\/h2>\n<p>La subjetividad se refiere a la realidad personal y es influenciada por la perspectiva individual. Lo subjetivo es verdadero para una persona, pero no necesariamente para todas las personas.<\/p>\n<p>Por ejemplo, la opini\u00f3n de que una pel\u00edcula es buena o mala es subjetiva porque depende de la perspectiva individual. Una persona puede encontrar una pel\u00edcula divertida y emocionante, mientras que otra persona puede encontrarla aburrida e incoherente.<\/p>\n<p>La subjetividad es importante porque permite a las personas expresar sus opiniones y emociones personales. Es esencial en la poes\u00eda, la literatura y la m\u00fasica, donde la subjetividad es un medio de expresi\u00f3n art\u00edstica.<\/p>\n<p>Como escritora, la subjetividad es fundamental en mi trabajo diario. Debo expresar mis opiniones y emociones personales para crear obras de arte \u00fanicas y significativas.<\/p>\n<\/section>\n<section>\n<h2><span class=\"ez-toc-section\" id=\"%C2%BFCual_es_la_diferencia_entre_la_objetividad_y_la_subjetividad\"><\/span>\u00bfCu\u00e1l es la diferencia entre la objetividad y la subjetividad?<span class=\"ez-toc-section-end\"><\/span><\/h2>\n<p>La principal diferencia entre la objetividad y la subjetividad es que la objetividad se refiere a la realidad universal e independiente de la opini\u00f3n personal, mientras que la subjetividad se refiere a la realidad personal e influenciada por la perspectiva individual.<\/p>\n<p>La objetividad es importante en la toma de decisiones justas y equitativas, mientras que la subjetividad es esencial en la creaci\u00f3n de obras de arte \u00fanicas y significativas.<\/p>\n<p>En resumen, la objetividad se refiere a los hechos concretos y la verdad universal, mientras que la subjetividad se refiere a las opiniones y las emociones personales.<\/p>\n<\/section>\n<section>\n<h2><span class=\"ez-toc-section\" id=\"Preguntas_frecuentes\"><\/span>Preguntas frecuentes<span class=\"ez-toc-section-end\"><\/span><\/h2>\n<h3><span class=\"ez-toc-section\" id=\"%C2%BFPor_que_es_importante_la_objetividad\"><\/span>\u00bfPor qu\u00e9 es importante la objetividad?<span class=\"ez-toc-section-end\"><\/span><\/h3>\n<p>La objetividad es importante porque permite llegar a conclusiones basadas en hechos y no en opiniones personales. Esto es esencial para la toma de decisiones justas y equitativas.<\/p>\n<h3><span class=\"ez-toc-section\" id=\"%C2%BFPor_que_es_importante_la_subjetividad\"><\/span>\u00bfPor qu\u00e9 es importante la subjetividad?<span class=\"ez-toc-section-end\"><\/span><\/h3>\n<p>La subjetividad es importante porque permite a las personas expresar sus opiniones y emociones personales. Es esencial en la poes\u00eda, la literatura y la m\u00fasica, donde la subjetividad es un medio de expresi\u00f3n art\u00edstica.<\/p>\n<h3><span class=\"ez-toc-section\" id=\"%C2%BFComo_puedo_ser_mas_objetivo_en_mi_vida_diaria\"><\/span>\u00bfC\u00f3mo puedo ser m\u00e1s objetivo en mi vida diaria?<span class=\"ez-toc-section-end\"><\/span><\/h3>\n<p>Para ser m\u00e1s objetivo en la vida diaria, es importante basar nuestras decisiones en hechos concretos y no en opiniones personales o suposiciones. Tambi\u00e9n debemos ser conscientes de nuestra perspectiva individual y tratar de ser imparciales en nuestras decisiones.<\/p>\n<h3><span class=\"ez-toc-section\" id=\"%C2%BFComo_puedo_ser_mas_subjetivo_en_mi_vida_diaria\"><\/span>\u00bfC\u00f3mo puedo ser m\u00e1s subjetivo en mi vida diaria?<span class=\"ez-toc-section-end\"><\/span><\/h3>\n<p>Para ser m\u00e1s subjetivo en la vida diaria, es importante expresar nuestras opiniones y emociones personales de manera clara y efectiva. Tambi\u00e9n debemos ser conscientes de nuestra perspectiva individual y tratar de ser aut\u00e9nticos en nuestra forma de expresi\u00f3n.<\/p>\n<\/section>\n<footer>\n<p>\u00a9 2023 Ana Gonz\u00e1lez. Todos los derechos reservados.<\/p>\n<\/footer>\n","protected":false},"excerpt":{"rendered":"<p>\u00bfQu\u00e9 es objetivo o subjetivo? Por Ana Gonz\u00e1lez Curiosidades, estad\u00edsticas y hechos interesantes La objetividad y subjetividad son dos conceptos claves en el mundo de la filosof\u00eda y la literatura. La objetividad se refiere a la verdad universal, mientras que la subjetividad se refiere a la verdad personal. Un estudio reciente encontr\u00f3 que el 75% &#8230; <a title=\"Qu\u00e9 es objetivo o subjetivo\" class=\"read-more\" href=\"https:\/\/dudasytextos.com\/preguntaquees\/que-es-objetivo-o-subjetivo\/\" aria-label=\"M\u00e1s en Qu\u00e9 es objetivo o subjetivo\">Leer m\u00e1s<\/a><\/p>\n","protected":false},"author":1,"featured_media":0,"comment_status":"open","ping_status":"open","sticky":false,"template":"","format":"standard","meta":{"footnotes":""},"categories":[4],"tags":[],"class_list":["post-151113","post","type-post","status-publish","format-standard","hentry","category-que-es"],"aioseo_notices":[],"aioseo_head":"\n\t\t<!-- All in One SEO 5.0.1.1 - aioseo.com -->\n\t<meta name=\"description\" content=\"\u00bfQu\u00e9 es objetivo o subjetivo? Por Ana Gonz\u00e1lez Curiosidades, estad\u00edsticas y hechos interesantes La objetividad y subjetividad son dos conceptos claves en el mundo de la filosof\u00eda y la literatura. La objetividad se refiere a la verdad universal, mientras que la subjetividad se refiere a la verdad personal. Un estudio reciente encontr\u00f3 que el 75%\" \/>\n\t<meta name=\"robots\" content=\"max-snippet:-1, max-image-preview:large, max-video-preview:-1\" \/>\n\t<meta name=\"author\" content=\"Ana Gonz\u00e1lez\"\/>\n\t<link rel=\"canonical\" href=\"https:\/\/dudasytextos.com\/preguntaquees\/que-es-objetivo-o-subjetivo\/\" \/>\n\t<meta name=\"generator\" content=\"All in One SEO (AIOSEO) 5.0.1.1\" \/>\n\n\t\t<!-- Google tag (gtag.js) -->\n<script async src=\"https:\/\/www.googletagmanager.com\/gtag\/js?id=G-QEZWJ7M6T7\"><\/script>\n<script>\n  window.dataLayer = window.dataLayer || [];\n  function gtag(){dataLayer.push(arguments);}\n  gtag('js', new Date());\n\n  gtag('config', 'G-QEZWJ7M6T7');\n<\/script>\n<script async src=\"https:\/\/pagead2.googlesyndication.com\/pagead\/js\/adsbygoogle.js?client=ca-pub-3987500858204711\"\n     crossorigin=\"anonymous\"><\/script>\n\t\t<meta property=\"og:locale\" content=\"es_ES\" \/>\n\t\t<meta property=\"og:site_name\" content=\"\u00bfQu\u00e9 es? - \u00bfQu\u00e9 es?\" \/>\n\t\t<meta property=\"og:type\" content=\"article\" \/>\n\t\t<meta property=\"og:title\" content=\"Qu\u00e9 es objetivo o subjetivo (2026) \u00bfQu\u00e9 es?\" \/>\n\t\t<meta property=\"og:description\" content=\"\u00bfQu\u00e9 es objetivo o subjetivo? Por Ana Gonz\u00e1lez Curiosidades, estad\u00edsticas y hechos interesantes La objetividad y subjetividad son dos conceptos claves en el mundo de la filosof\u00eda y la literatura. La objetividad se refiere a la verdad universal, mientras que la subjetividad se refiere a la verdad personal. Un estudio reciente encontr\u00f3 que el 75%\" \/>\n\t\t<meta property=\"og:url\" content=\"https:\/\/dudasytextos.com\/preguntaquees\/que-es-objetivo-o-subjetivo\/\" \/>\n\t\t<meta property=\"article:published_time\" content=\"2025-03-13T05:43:24+00:00\" \/>\n\t\t<meta property=\"article:modified_time\" content=\"2025-03-13T09:14:53+00:00\" \/>\n\t\t<meta name=\"twitter:card\" content=\"summary_large_image\" \/>\n\t\t<meta name=\"twitter:title\" content=\"Qu\u00e9 es objetivo o subjetivo (2026) \u00bfQu\u00e9 es?\" \/>\n\t\t<meta name=\"twitter:description\" content=\"\u00bfQu\u00e9 es objetivo o subjetivo? Por Ana Gonz\u00e1lez Curiosidades, estad\u00edsticas y hechos interesantes La objetividad y subjetividad son dos conceptos claves en el mundo de la filosof\u00eda y la literatura. La objetividad se refiere a la verdad universal, mientras que la subjetividad se refiere a la verdad personal. Un estudio reciente encontr\u00f3 que el 75%\" \/>\n\t\t<script type=\"application\/ld+json\" class=\"aioseo-schema\">\n\t\t\t{\"@context\":\"https:\\\/\\\/schema.org\",\"@graph\":[{\"@type\":\"BlogPosting\",\"@id\":\"https:\\\/\\\/dudasytextos.com\\\/preguntaquees\\\/que-es-objetivo-o-subjetivo\\\/#blogposting\",\"name\":\"Qu\\u00e9 es objetivo o subjetivo (2026) \\u00bfQu\\u00e9 es?\",\"headline\":\"Qu\\u00e9 es objetivo o subjetivo\",\"author\":{\"@id\":\"https:\\\/\\\/dudasytextos.com\\\/preguntaquees\\\/author\\\/admin44\\\/#author\"},\"publisher\":{\"@id\":\"https:\\\/\\\/dudasytextos.com\\\/preguntaquees\\\/#organization\"},\"datePublished\":\"2025-03-13T05:43:24+00:00\",\"dateModified\":\"2025-03-13T09:14:53+00:00\",\"inLanguage\":\"es-ES\",\"mainEntityOfPage\":{\"@id\":\"https:\\\/\\\/dudasytextos.com\\\/preguntaquees\\\/que-es-objetivo-o-subjetivo\\\/#webpage\"},\"isPartOf\":{\"@id\":\"https:\\\/\\\/dudasytextos.com\\\/preguntaquees\\\/que-es-objetivo-o-subjetivo\\\/#webpage\"},\"articleSection\":\"\\u00bfQu\\u00e9 es?\"},{\"@type\":\"BreadcrumbList\",\"@id\":\"https:\\\/\\\/dudasytextos.com\\\/preguntaquees\\\/que-es-objetivo-o-subjetivo\\\/#breadcrumblist\",\"itemListElement\":[{\"@type\":\"ListItem\",\"@id\":\"https:\\\/\\\/dudasytextos.com\\\/preguntaquees#listItem\",\"position\":1,\"name\":\"Inicio\",\"item\":\"https:\\\/\\\/dudasytextos.com\\\/preguntaquees\",\"nextItem\":{\"@type\":\"ListItem\",\"@id\":\"https:\\\/\\\/dudasytextos.com\\\/preguntaquees\\\/category\\\/que-es\\\/#listItem\",\"name\":\"\\u00bfQu\\u00e9 es?\"}},{\"@type\":\"ListItem\",\"@id\":\"https:\\\/\\\/dudasytextos.com\\\/preguntaquees\\\/category\\\/que-es\\\/#listItem\",\"position\":2,\"name\":\"\\u00bfQu\\u00e9 es?\",\"item\":\"https:\\\/\\\/dudasytextos.com\\\/preguntaquees\\\/category\\\/que-es\\\/\",\"nextItem\":{\"@type\":\"ListItem\",\"@id\":\"https:\\\/\\\/dudasytextos.com\\\/preguntaquees\\\/que-es-objetivo-o-subjetivo\\\/#listItem\",\"name\":\"Qu\\u00e9 es objetivo o subjetivo\"},\"previousItem\":{\"@type\":\"ListItem\",\"@id\":\"https:\\\/\\\/dudasytextos.com\\\/preguntaquees#listItem\",\"name\":\"Inicio\"}},{\"@type\":\"ListItem\",\"@id\":\"https:\\\/\\\/dudasytextos.com\\\/preguntaquees\\\/que-es-objetivo-o-subjetivo\\\/#listItem\",\"position\":3,\"name\":\"Qu\\u00e9 es objetivo o subjetivo\",\"previousItem\":{\"@type\":\"ListItem\",\"@id\":\"https:\\\/\\\/dudasytextos.com\\\/preguntaquees\\\/category\\\/que-es\\\/#listItem\",\"name\":\"\\u00bfQu\\u00e9 es?\"}}]},{\"@type\":\"Organization\",\"@id\":\"https:\\\/\\\/dudasytextos.com\\\/preguntaquees\\\/#organization\",\"name\":\"\\u00bfC\\u00f3mo funciona?\",\"description\":\"\\u00bfQu\\u00e9 es?\",\"url\":\"https:\\\/\\\/dudasytextos.com\\\/preguntaquees\\\/\"},{\"@type\":\"Person\",\"@id\":\"https:\\\/\\\/dudasytextos.com\\\/preguntaquees\\\/author\\\/admin44\\\/#author\",\"url\":\"https:\\\/\\\/dudasytextos.com\\\/preguntaquees\\\/author\\\/admin44\\\/\",\"name\":\"Ana Gonz\\u00e1lez\"},{\"@type\":\"WebPage\",\"@id\":\"https:\\\/\\\/dudasytextos.com\\\/preguntaquees\\\/que-es-objetivo-o-subjetivo\\\/#webpage\",\"url\":\"https:\\\/\\\/dudasytextos.com\\\/preguntaquees\\\/que-es-objetivo-o-subjetivo\\\/\",\"name\":\"Qu\\u00e9 es objetivo o subjetivo (2026) \\u00bfQu\\u00e9 es?\",\"description\":\"\\u00bfQu\\u00e9 es objetivo o subjetivo? Por Ana Gonz\\u00e1lez Curiosidades, estad\\u00edsticas y hechos interesantes La objetividad y subjetividad son dos conceptos claves en el mundo de la filosof\\u00eda y la literatura. La objetividad se refiere a la verdad universal, mientras que la subjetividad se refiere a la verdad personal. Un estudio reciente encontr\\u00f3 que el 75%\",\"inLanguage\":\"es-ES\",\"isPartOf\":{\"@id\":\"https:\\\/\\\/dudasytextos.com\\\/preguntaquees\\\/#website\"},\"breadcrumb\":{\"@id\":\"https:\\\/\\\/dudasytextos.com\\\/preguntaquees\\\/que-es-objetivo-o-subjetivo\\\/#breadcrumblist\"},\"author\":{\"@id\":\"https:\\\/\\\/dudasytextos.com\\\/preguntaquees\\\/author\\\/admin44\\\/#author\"},\"creator\":{\"@id\":\"https:\\\/\\\/dudasytextos.com\\\/preguntaquees\\\/author\\\/admin44\\\/#author\"},\"datePublished\":\"2025-03-13T05:43:24+00:00\",\"dateModified\":\"2025-03-13T09:14:53+00:00\"},{\"@type\":\"WebSite\",\"@id\":\"https:\\\/\\\/dudasytextos.com\\\/preguntaquees\\\/#website\",\"url\":\"https:\\\/\\\/dudasytextos.com\\\/preguntaquees\\\/\",\"name\":\"\\u00bfC\\u00f3mo funciona?\",\"description\":\"\\u00bfQu\\u00e9 es?\",\"inLanguage\":\"es-ES\",\"publisher\":{\"@id\":\"https:\\\/\\\/dudasytextos.com\\\/preguntaquees\\\/#organization\"}}]}\n\t\t<\/script>\n\t\t<!-- All in One SEO -->\n\n","aioseo_head_json":{"title":"Qu\u00e9 es objetivo o subjetivo (2026) \u00bfQu\u00e9 es?","description":"\u00bfQu\u00e9 es objetivo o subjetivo? Por Ana Gonz\u00e1lez Curiosidades, estad\u00edsticas y hechos interesantes La objetividad y subjetividad son dos conceptos claves en el mundo de la filosof\u00eda y la literatura. La objetividad se refiere a la verdad universal, mientras que la subjetividad se refiere a la verdad personal. Un estudio reciente encontr\u00f3 que el 75%","canonical_url":"https:\/\/dudasytextos.com\/preguntaquees\/que-es-objetivo-o-subjetivo\/","robots":"max-snippet:-1, max-image-preview:large, max-video-preview:-1","keywords":"","webmasterTools":{"miscellaneous":"&lt;!-- Google tag (gtag.js) --&gt;\n&lt;script async src=\"https:\/\/www.googletagmanager.com\/gtag\/js?id=G-QEZWJ7M6T7\"&gt;&lt;\/script&gt;\n&lt;script&gt;\n  window.dataLayer = window.dataLayer || [];\n  function gtag(){dataLayer.push(arguments);}\n  gtag('js', new Date());\n\n  gtag('config', 'G-QEZWJ7M6T7');\n&lt;\/script&gt;\n&lt;script async src=\"https:\/\/pagead2.googlesyndication.com\/pagead\/js\/adsbygoogle.js?client=ca-pub-3987500858204711\"\n     crossorigin=\"anonymous\"&gt;&lt;\/script&gt;"},"schema":{"@context":"https:\/\/schema.org","@graph":[{"@type":"BlogPosting","@id":"https:\/\/dudasytextos.com\/preguntaquees\/que-es-objetivo-o-subjetivo\/#blogposting","name":"Qu\u00e9 es objetivo o subjetivo (2026) \u00bfQu\u00e9 es?","headline":"Qu\u00e9 es objetivo o subjetivo","author":{"@id":"https:\/\/dudasytextos.com\/preguntaquees\/author\/admin44\/#author"},"publisher":{"@id":"https:\/\/dudasytextos.com\/preguntaquees\/#organization"},"datePublished":"2025-03-13T05:43:24+00:00","dateModified":"2025-03-13T09:14:53+00:00","inLanguage":"es-ES","mainEntityOfPage":{"@id":"https:\/\/dudasytextos.com\/preguntaquees\/que-es-objetivo-o-subjetivo\/#webpage"},"isPartOf":{"@id":"https:\/\/dudasytextos.com\/preguntaquees\/que-es-objetivo-o-subjetivo\/#webpage"},"articleSection":"\u00bfQu\u00e9 es?"},{"@type":"BreadcrumbList","@id":"https:\/\/dudasytextos.com\/preguntaquees\/que-es-objetivo-o-subjetivo\/#breadcrumblist","itemListElement":[{"@type":"ListItem","@id":"https:\/\/dudasytextos.com\/preguntaquees#listItem","position":1,"name":"Inicio","item":"https:\/\/dudasytextos.com\/preguntaquees","nextItem":{"@type":"ListItem","@id":"https:\/\/dudasytextos.com\/preguntaquees\/category\/que-es\/#listItem","name":"\u00bfQu\u00e9 es?"}},{"@type":"ListItem","@id":"https:\/\/dudasytextos.com\/preguntaquees\/category\/que-es\/#listItem","position":2,"name":"\u00bfQu\u00e9 es?","item":"https:\/\/dudasytextos.com\/preguntaquees\/category\/que-es\/","nextItem":{"@type":"ListItem","@id":"https:\/\/dudasytextos.com\/preguntaquees\/que-es-objetivo-o-subjetivo\/#listItem","name":"Qu\u00e9 es objetivo o subjetivo"},"previousItem":{"@type":"ListItem","@id":"https:\/\/dudasytextos.com\/preguntaquees#listItem","name":"Inicio"}},{"@type":"ListItem","@id":"https:\/\/dudasytextos.com\/preguntaquees\/que-es-objetivo-o-subjetivo\/#listItem","position":3,"name":"Qu\u00e9 es objetivo o subjetivo","previousItem":{"@type":"ListItem","@id":"https:\/\/dudasytextos.com\/preguntaquees\/category\/que-es\/#listItem","name":"\u00bfQu\u00e9 es?"}}]},{"@type":"Organization","@id":"https:\/\/dudasytextos.com\/preguntaquees\/#organization","name":"\u00bfC\u00f3mo funciona?","description":"\u00bfQu\u00e9 es?","url":"https:\/\/dudasytextos.com\/preguntaquees\/"},{"@type":"Person","@id":"https:\/\/dudasytextos.com\/preguntaquees\/author\/admin44\/#author","url":"https:\/\/dudasytextos.com\/preguntaquees\/author\/admin44\/","name":"Ana Gonz\u00e1lez"},{"@type":"WebPage","@id":"https:\/\/dudasytextos.com\/preguntaquees\/que-es-objetivo-o-subjetivo\/#webpage","url":"https:\/\/dudasytextos.com\/preguntaquees\/que-es-objetivo-o-subjetivo\/","name":"Qu\u00e9 es objetivo o subjetivo (2026) \u00bfQu\u00e9 es?","description":"\u00bfQu\u00e9 es objetivo o subjetivo? Por Ana Gonz\u00e1lez Curiosidades, estad\u00edsticas y hechos interesantes La objetividad y subjetividad son dos conceptos claves en el mundo de la filosof\u00eda y la literatura. La objetividad se refiere a la verdad universal, mientras que la subjetividad se refiere a la verdad personal. Un estudio reciente encontr\u00f3 que el 75%","inLanguage":"es-ES","isPartOf":{"@id":"https:\/\/dudasytextos.com\/preguntaquees\/#website"},"breadcrumb":{"@id":"https:\/\/dudasytextos.com\/preguntaquees\/que-es-objetivo-o-subjetivo\/#breadcrumblist"},"author":{"@id":"https:\/\/dudasytextos.com\/preguntaquees\/author\/admin44\/#author"},"creator":{"@id":"https:\/\/dudasytextos.com\/preguntaquees\/author\/admin44\/#author"},"datePublished":"2025-03-13T05:43:24+00:00","dateModified":"2025-03-13T09:14:53+00:00"},{"@type":"WebSite","@id":"https:\/\/dudasytextos.com\/preguntaquees\/#website","url":"https:\/\/dudasytextos.com\/preguntaquees\/","name":"\u00bfC\u00f3mo funciona?","description":"\u00bfQu\u00e9 es?","inLanguage":"es-ES","publisher":{"@id":"https:\/\/dudasytextos.com\/preguntaquees\/#organization"}}]},"og:locale":"es_ES","og:site_name":"\u00bfQu\u00e9 es? - \u00bfQu\u00e9 es?","og:type":"article","og:title":"Qu\u00e9 es objetivo o subjetivo (2026) \u00bfQu\u00e9 es?","og:description":"\u00bfQu\u00e9 es objetivo o subjetivo? Por Ana Gonz\u00e1lez Curiosidades, estad\u00edsticas y hechos interesantes La objetividad y subjetividad son dos conceptos claves en el mundo de la filosof\u00eda y la literatura. La objetividad se refiere a la verdad universal, mientras que la subjetividad se refiere a la verdad personal. Un estudio reciente encontr\u00f3 que el 75%","og:url":"https:\/\/dudasytextos.com\/preguntaquees\/que-es-objetivo-o-subjetivo\/","article:published_time":"2025-03-13T05:43:24+00:00","article:modified_time":"2025-03-13T09:14:53+00:00","twitter:card":"summary_large_image","twitter:title":"Qu\u00e9 es objetivo o subjetivo (2026) \u00bfQu\u00e9 es?","twitter:description":"\u00bfQu\u00e9 es objetivo o subjetivo? Por Ana Gonz\u00e1lez Curiosidades, estad\u00edsticas y hechos interesantes La objetividad y subjetividad son dos conceptos claves en el mundo de la filosof\u00eda y la literatura. La objetividad se refiere a la verdad universal, mientras que la subjetividad se refiere a la verdad personal. Un estudio reciente encontr\u00f3 que el 75%"},"aioseo_meta_data":{"post_id":"151113","title":null,"description":null,"keywords":null,"keyphrases":null,"primary_term":null,"canonical_url":null,"og_title":null,"og_description":null,"og_object_type":"default","og_image_type":"default","og_image_url":null,"og_image_width":null,"og_image_height":null,"og_image_custom_url":null,"og_image_custom_fields":null,"og_video":null,"og_custom_url":null,"og_article_section":null,"og_article_tags":null,"twitter_use_og":false,"twitter_card":"default","twitter_image_type":"default","twitter_image_url":null,"twitter_image_custom_url":null,"twitter_image_custom_fields":null,"twitter_title":null,"twitter_description":null,"schema":{"blockGraphs":[],"customGraphs":[],"default":{"data":{"Article":[],"Course":[],"Dataset":[],"FAQPage":[],"Movie":[],"Person":[],"Product":[],"ProductReview":[],"Car":[],"Recipe":[],"Service":[],"SoftwareApplication":[],"WebPage":[]},"graphName":"","isEnabled":true},"graphs":[]},"schema_type":"default","schema_type_options":null,"pillar_content":false,"robots_default":true,"robots_noindex":false,"robots_noarchive":false,"robots_nosnippet":false,"robots_nofollow":false,"robots_noimageindex":false,"robots_noodp":false,"robots_notranslate":false,"robots_max_snippet":null,"robots_max_videopreview":null,"robots_max_imagepreview":"large","priority":null,"frequency":null,"local_seo":null,"breadcrumb_settings":null,"limit_modified_date":false,"ai":null,"created":"2023-05-11 11:30:34","updated":"2025-06-04 13:24:23","seo_analyzer_scan_date":null,"focus_keyword":null,"additional_keywords":null,"truseo_locale":null},"aioseo_breadcrumb":"<div class=\"aioseo-breadcrumbs\"><span class=\"aioseo-breadcrumb\">\n\t\t\t<a href=\"https:\/\/dudasytextos.com\/preguntaquees\" title=\"Inicio\">Inicio<\/a>\n\t\t<\/span><span class=\"aioseo-breadcrumb-separator\">&raquo;<\/span><span class=\"aioseo-breadcrumb\">\n\t\t\t<a href=\"https:\/\/dudasytextos.com\/preguntaquees\/category\/que-es\/\" title=\"\u00bfQu\u00e9 es?\">\u00bfQu\u00e9 es?<\/a>\n\t\t<\/span><span class=\"aioseo-breadcrumb-separator\">&raquo;<\/span><span class=\"aioseo-breadcrumb\">\n\t\t\tQu\u00e9 es objetivo o subjetivo\n\t\t<\/span><\/div>","aioseo_breadcrumb_json":[{"label":"Inicio","link":"https:\/\/dudasytextos.com\/preguntaquees"},{"label":"\u00bfQu\u00e9 es?","link":"https:\/\/dudasytextos.com\/preguntaquees\/category\/que-es\/"},{"label":"Qu\u00e9 es objetivo o subjetivo","link":"https:\/\/dudasytextos.com\/preguntaquees\/que-es-objetivo-o-subjetivo\/"}],"_links":{"self":[{"href":"https:\/\/dudasytextos.com\/preguntaquees\/wp-json\/wp\/v2\/posts\/151113","targetHints":{"allow":["GET"]}}],"collection":[{"href":"https:\/\/dudasytextos.com\/preguntaquees\/wp-json\/wp\/v2\/posts"}],"about":[{"href":"https:\/\/dudasytextos.com\/preguntaquees\/wp-json\/wp\/v2\/types\/post"}],"author":[{"embeddable":true,"href":"https:\/\/dudasytextos.com\/preguntaquees\/wp-json\/wp\/v2\/users\/1"}],"replies":[{"embeddable":true,"href":"https:\/\/dudasytextos.com\/preguntaquees\/wp-json\/wp\/v2\/comments?post=151113"}],"version-history":[{"count":1,"href":"https:\/\/dudasytextos.com\/preguntaquees\/wp-json\/wp\/v2\/posts\/151113\/revisions"}],"predecessor-version":[{"id":154716,"href":"https:\/\/dudasytextos.com\/preguntaquees\/wp-json\/wp\/v2\/posts\/151113\/revisions\/154716"}],"wp:attachment":[{"href":"https:\/\/dudasytextos.com\/preguntaquees\/wp-json\/wp\/v2\/media?parent=151113"}],"wp:term":[{"taxonomy":"category","embeddable":true,"href":"https:\/\/dudasytextos.com\/preguntaquees\/wp-json\/wp\/v2\/categories?post=151113"},{"taxonomy":"post_tag","embeddable":true,"href":"https:\/\/dudasytextos.com\/preguntaquees\/wp-json\/wp\/v2\/tags?post=151113"}],"curies":[{"name":"wp","href":"https:\/\/api.w.org\/{rel}","templated":true}]}}