{"id":151436,"date":"2025-02-21T15:09:05","date_gmt":"2025-02-21T15:09:05","guid":{"rendered":"https:\/\/educacion.cc\/?p=151436"},"modified":"2025-03-13T03:36:24","modified_gmt":"2025-03-13T03:36:24","slug":"que-es-el-canvio-climatico","status":"publish","type":"post","link":"https:\/\/dudasytextos.com\/preguntaquees\/que-es-el-canvio-climatico\/","title":{"rendered":"Qu\u00e9 es el canvio climatico"},"content":{"rendered":"<div id=\"ez-toc-container\" class=\"ez-toc-v2_0_87 counter-hierarchy ez-toc-counter ez-toc-custom ez-toc-container-direction\">\n<div class=\"ez-toc-title-container\">\n<span class=\"ez-toc-title-toggle\"><\/span><\/div>\n<nav><ul class='ez-toc-list ez-toc-list-level-1 ' ><li class='ez-toc-page-1 ez-toc-heading-level-2'><a class=\"ez-toc-link ez-toc-heading-1\" href=\"https:\/\/dudasytextos.com\/preguntaquees\/que-es-el-canvio-climatico\/#%C2%BFQue_es_el_cambio_climatico\" >\u00bfQu\u00e9 es el cambio clim\u00e1tico?<\/a><\/li><li class='ez-toc-page-1 ez-toc-heading-level-2'><a class=\"ez-toc-link ez-toc-heading-2\" href=\"https:\/\/dudasytextos.com\/preguntaquees\/que-es-el-canvio-climatico\/#Mi_experiencia_personal_con_el_cambio_climatico\" >Mi experiencia personal con el cambio clim\u00e1tico<\/a><\/li><li class='ez-toc-page-1 ez-toc-heading-level-2'><a class=\"ez-toc-link ez-toc-heading-3\" href=\"https:\/\/dudasytextos.com\/preguntaquees\/que-es-el-canvio-climatico\/#Curiosidades_e_informacion_interesante_sobre_el_cambio_climatico\" >Curiosidades e informaci\u00f3n interesante sobre el cambio clim\u00e1tico<\/a><\/li><li class='ez-toc-page-1 ez-toc-heading-level-2'><a class=\"ez-toc-link ez-toc-heading-4\" href=\"https:\/\/dudasytextos.com\/preguntaquees\/que-es-el-canvio-climatico\/#Mi_opinion_sobre_el_cambio_climatico\" >Mi opini\u00f3n sobre el cambio clim\u00e1tico<\/a><\/li><li class='ez-toc-page-1 ez-toc-heading-level-2'><a class=\"ez-toc-link ez-toc-heading-5\" href=\"https:\/\/dudasytextos.com\/preguntaquees\/que-es-el-canvio-climatico\/#Preguntas_frecuentes_sobre_el_cambio_climatico\" >Preguntas frecuentes sobre el cambio clim\u00e1tico<\/a><ul class='ez-toc-list-level-3' ><li class='ez-toc-heading-level-3'><a class=\"ez-toc-link ez-toc-heading-6\" href=\"https:\/\/dudasytextos.com\/preguntaquees\/que-es-el-canvio-climatico\/#%C2%BFQue_causa_el_cambio_climatico\" >\u00bfQu\u00e9 causa el cambio clim\u00e1tico?<\/a><\/li><li class='ez-toc-page-1 ez-toc-heading-level-3'><a class=\"ez-toc-link ez-toc-heading-7\" href=\"https:\/\/dudasytextos.com\/preguntaquees\/que-es-el-canvio-climatico\/#%C2%BFQue_puedo_hacer_para_reducir_mi_huella_ecologica\" >\u00bfQu\u00e9 puedo hacer para reducir mi huella ecol\u00f3gica?<\/a><\/li><li class='ez-toc-page-1 ez-toc-heading-level-3'><a class=\"ez-toc-link ez-toc-heading-8\" href=\"https:\/\/dudasytextos.com\/preguntaquees\/que-es-el-canvio-climatico\/#%C2%BFQue_estan_haciendo_los_gobiernos_y_las_empresas_para_abordar_el_cambio_climatico\" >\u00bfQu\u00e9 est\u00e1n haciendo los gobiernos y las empresas para abordar el cambio clim\u00e1tico?<\/a><\/li><li class='ez-toc-page-1 ez-toc-heading-level-3'><a class=\"ez-toc-link ez-toc-heading-9\" href=\"https:\/\/dudasytextos.com\/preguntaquees\/que-es-el-canvio-climatico\/#%C2%BFQue_impacto_tiene_el_cambio_climatico_en_la_biodiversidad\" >\u00bfQu\u00e9 impacto tiene el cambio clim\u00e1tico en la biodiversidad?<\/a><\/li><\/ul><\/li><\/ul><\/nav><\/div>\n<h2><span class=\"ez-toc-section\" id=\"%C2%BFQue_es_el_cambio_climatico\"><\/span>\u00bfQu\u00e9 es el cambio clim\u00e1tico?<span class=\"ez-toc-section-end\"><\/span><\/h2>\n<h2><span class=\"ez-toc-section\" id=\"Mi_experiencia_personal_con_el_cambio_climatico\"><\/span>Mi experiencia personal con el cambio clim\u00e1tico<span class=\"ez-toc-section-end\"><\/span><\/h2>\n<p>Desde que era ni\u00f1a, siempre me preocup\u00f3 el medio ambiente y el impacto de nuestras acciones en \u00e9l. Como adulta, he estado m\u00e1s consciente de mi propia huella ecol\u00f3gica y c\u00f3mo mis decisiones afectan al planeta. Hace unos a\u00f1os, tuve una experiencia que me hizo ver la importancia del cambio clim\u00e1tico en nuestras vidas.<\/p>\n<p>Estaba de viaje en un pa\u00eds tropical y me di cuenta de que la playa a la que siempre iba de ni\u00f1a ahora estaba inundada por la marea alta. Los locales me dijeron que esto se deb\u00eda al aumento del nivel del mar debido al cambio clim\u00e1tico. Me di cuenta de que este fen\u00f3meno no era algo abstracto, sino que ten\u00eda un impacto real en mi vida y en la vida de las personas que viv\u00edan all\u00ed.<\/p>\n<h2><span class=\"ez-toc-section\" id=\"Curiosidades_e_informacion_interesante_sobre_el_cambio_climatico\"><\/span>Curiosidades e informaci\u00f3n interesante sobre el cambio clim\u00e1tico<span class=\"ez-toc-section-end\"><\/span><\/h2>\n<ul>\n<li>El cambio clim\u00e1tico se refiere a los cambios en el clima de la Tierra, incluyendo el aumento de la temperatura global, el aumento del nivel del mar y los cambios en los patrones clim\u00e1ticos.<\/li>\n<li>El calentamiento global es una causa importante del cambio clim\u00e1tico, y se debe principalmente a la emisi\u00f3n de gases de efecto invernadero como el di\u00f3xido de carbono.<\/li>\n<li>La temperatura global ha aumentado en 1 grado Celsius desde la era preindustrial, y se espera que aumente a\u00fan m\u00e1s en las pr\u00f3ximas d\u00e9cadas.<\/li>\n<li>El cambio clim\u00e1tico tiene un impacto significativo en la biodiversidad y en la vida de las personas, incluyendo el aumento de eventos clim\u00e1ticos extremos como huracanes y sequ\u00edas, la p\u00e9rdida de h\u00e1bitats naturales y la disminuci\u00f3n de la calidad del aire y del agua.<\/li>\n<li>El Acuerdo de Par\u00eds es un acuerdo internacional para abordar el cambio clim\u00e1tico, y ha sido ratificado por la mayor\u00eda de los pa\u00edses del mundo.<\/li>\n<\/ul>\n<h2><span class=\"ez-toc-section\" id=\"Mi_opinion_sobre_el_cambio_climatico\"><\/span>Mi opini\u00f3n sobre el cambio clim\u00e1tico<span class=\"ez-toc-section-end\"><\/span><\/h2>\n<p>Creo que el cambio clim\u00e1tico es uno de los mayores desaf\u00edos que enfrenta nuestro planeta. Es importante que cada uno de nosotros tome medidas para reducir nuestra huella ecol\u00f3gica, como reducir nuestro consumo de energ\u00eda y agua, usar medios de transporte m\u00e1s sostenibles y reducir nuestro consumo de productos de pl\u00e1stico de un solo uso.<\/p>\n<p>Tambi\u00e9n es importante que los gobiernos y las empresas tomen medidas para reducir las emisiones de gases de efecto invernadero y promover pr\u00e1cticas m\u00e1s sostenibles.<\/p>\n<h2><span class=\"ez-toc-section\" id=\"Preguntas_frecuentes_sobre_el_cambio_climatico\"><\/span>Preguntas frecuentes sobre el cambio clim\u00e1tico<span class=\"ez-toc-section-end\"><\/span><\/h2>\n<h3><span class=\"ez-toc-section\" id=\"%C2%BFQue_causa_el_cambio_climatico\"><\/span>\u00bfQu\u00e9 causa el cambio clim\u00e1tico?<span class=\"ez-toc-section-end\"><\/span><\/h3>\n<p>El cambio clim\u00e1tico es causado principalmente por el aumento de la temperatura global debido a la emisi\u00f3n de gases de efecto invernadero, como el di\u00f3xido de carbono.<\/p>\n<h3><span class=\"ez-toc-section\" id=\"%C2%BFQue_puedo_hacer_para_reducir_mi_huella_ecologica\"><\/span>\u00bfQu\u00e9 puedo hacer para reducir mi huella ecol\u00f3gica?<span class=\"ez-toc-section-end\"><\/span><\/h3>\n<p>Puedes reducir tu huella ecol\u00f3gica reduciendo tu consumo de energ\u00eda y agua, usando medios de transporte m\u00e1s sostenibles y reduciendo tu consumo de productos de pl\u00e1stico de un solo uso.<\/p>\n<h3><span class=\"ez-toc-section\" id=\"%C2%BFQue_estan_haciendo_los_gobiernos_y_las_empresas_para_abordar_el_cambio_climatico\"><\/span>\u00bfQu\u00e9 est\u00e1n haciendo los gobiernos y las empresas para abordar el cambio clim\u00e1tico?<span class=\"ez-toc-section-end\"><\/span><\/h3>\n<p>Los gobiernos y las empresas est\u00e1n tomando medidas para reducir las emisiones de gases de efecto invernadero y promover pr\u00e1cticas m\u00e1s sostenibles, como el uso de energ\u00edas renovables y la implementaci\u00f3n de pol\u00edticas de eficiencia energ\u00e9tica.<\/p>\n<h3><span class=\"ez-toc-section\" id=\"%C2%BFQue_impacto_tiene_el_cambio_climatico_en_la_biodiversidad\"><\/span>\u00bfQu\u00e9 impacto tiene el cambio clim\u00e1tico en la biodiversidad?<span class=\"ez-toc-section-end\"><\/span><\/h3>\n<p>El cambio clim\u00e1tico tiene un impacto significativo en la biodiversidad, incluyendo la p\u00e9rdida de h\u00e1bitats naturales y la disminuci\u00f3n de la calidad del aire y del agua.<\/p>\n<footer>\n<p>El cambio clim\u00e1tico es uno de los mayores desaf\u00edos que enfrentamos como sociedad. Cada uno de nosotros puede tomar medidas para reducir nuestra huella ecol\u00f3gica y hacer nuestra parte para proteger el planeta.<\/p>\n<\/footer>\n","protected":false},"excerpt":{"rendered":"<p>\u00bfQu\u00e9 es el cambio clim\u00e1tico? Mi experiencia personal con el cambio clim\u00e1tico Desde que era ni\u00f1a, siempre me preocup\u00f3 el medio ambiente y el impacto de nuestras acciones en \u00e9l. Como adulta, he estado m\u00e1s consciente de mi propia huella ecol\u00f3gica y c\u00f3mo mis decisiones afectan al planeta. Hace unos a\u00f1os, tuve una experiencia que &#8230; <a title=\"Qu\u00e9 es el canvio climatico\" class=\"read-more\" href=\"https:\/\/dudasytextos.com\/preguntaquees\/que-es-el-canvio-climatico\/\" aria-label=\"M\u00e1s en Qu\u00e9 es el canvio climatico\">Leer m\u00e1s<\/a><\/p>\n","protected":false},"author":1,"featured_media":0,"comment_status":"open","ping_status":"open","sticky":false,"template":"","format":"standard","meta":{"footnotes":""},"categories":[4],"tags":[],"class_list":["post-151436","post","type-post","status-publish","format-standard","hentry","category-que-es"],"aioseo_notices":[],"aioseo_head":"\n\t\t<!-- All in One SEO 5.0.1.1 - aioseo.com -->\n\t<meta name=\"description\" content=\"\u00bfQu\u00e9 es el cambio clim\u00e1tico? Mi experiencia personal con el cambio clim\u00e1tico Desde que era ni\u00f1a, siempre me preocup\u00f3 el medio ambiente y el impacto de nuestras acciones en \u00e9l. Como adulta, he estado m\u00e1s consciente de mi propia huella ecol\u00f3gica y c\u00f3mo mis decisiones afectan al planeta. Hace unos a\u00f1os, tuve una experiencia que\" \/>\n\t<meta name=\"robots\" content=\"max-snippet:-1, max-image-preview:large, max-video-preview:-1\" \/>\n\t<meta name=\"author\" content=\"Ana Gonz\u00e1lez\"\/>\n\t<link rel=\"canonical\" href=\"https:\/\/dudasytextos.com\/preguntaquees\/que-es-el-canvio-climatico\/\" \/>\n\t<meta name=\"generator\" content=\"All in One SEO (AIOSEO) 5.0.1.1\" \/>\n\n\t\t<!-- Google tag (gtag.js) -->\n<script async src=\"https:\/\/www.googletagmanager.com\/gtag\/js?id=G-QEZWJ7M6T7\"><\/script>\n<script>\n  window.dataLayer = window.dataLayer || [];\n  function gtag(){dataLayer.push(arguments);}\n  gtag('js', new Date());\n\n  gtag('config', 'G-QEZWJ7M6T7');\n<\/script>\n<script async src=\"https:\/\/pagead2.googlesyndication.com\/pagead\/js\/adsbygoogle.js?client=ca-pub-3987500858204711\"\n     crossorigin=\"anonymous\"><\/script>\n\t\t<meta property=\"og:locale\" content=\"es_ES\" \/>\n\t\t<meta property=\"og:site_name\" content=\"\u00bfQu\u00e9 es? - \u00bfQu\u00e9 es?\" \/>\n\t\t<meta property=\"og:type\" content=\"article\" \/>\n\t\t<meta property=\"og:title\" content=\"Qu\u00e9 es el canvio climatico (2026) \u00bfQu\u00e9 es?\" \/>\n\t\t<meta property=\"og:description\" content=\"\u00bfQu\u00e9 es el cambio clim\u00e1tico? Mi experiencia personal con el cambio clim\u00e1tico Desde que era ni\u00f1a, siempre me preocup\u00f3 el medio ambiente y el impacto de nuestras acciones en \u00e9l. Como adulta, he estado m\u00e1s consciente de mi propia huella ecol\u00f3gica y c\u00f3mo mis decisiones afectan al planeta. Hace unos a\u00f1os, tuve una experiencia que\" \/>\n\t\t<meta property=\"og:url\" content=\"https:\/\/dudasytextos.com\/preguntaquees\/que-es-el-canvio-climatico\/\" \/>\n\t\t<meta property=\"article:published_time\" content=\"2025-02-21T15:09:05+00:00\" \/>\n\t\t<meta property=\"article:modified_time\" content=\"2025-03-13T03:36:24+00:00\" \/>\n\t\t<meta name=\"twitter:card\" content=\"summary_large_image\" \/>\n\t\t<meta name=\"twitter:title\" content=\"Qu\u00e9 es el canvio climatico (2026) \u00bfQu\u00e9 es?\" \/>\n\t\t<meta name=\"twitter:description\" content=\"\u00bfQu\u00e9 es el cambio clim\u00e1tico? Mi experiencia personal con el cambio clim\u00e1tico Desde que era ni\u00f1a, siempre me preocup\u00f3 el medio ambiente y el impacto de nuestras acciones en \u00e9l. Como adulta, he estado m\u00e1s consciente de mi propia huella ecol\u00f3gica y c\u00f3mo mis decisiones afectan al planeta. Hace unos a\u00f1os, tuve una experiencia que\" \/>\n\t\t<script type=\"application\/ld+json\" class=\"aioseo-schema\">\n\t\t\t{\"@context\":\"https:\\\/\\\/schema.org\",\"@graph\":[{\"@type\":\"BlogPosting\",\"@id\":\"https:\\\/\\\/dudasytextos.com\\\/preguntaquees\\\/que-es-el-canvio-climatico\\\/#blogposting\",\"name\":\"Qu\\u00e9 es el canvio climatico (2026) \\u00bfQu\\u00e9 es?\",\"headline\":\"Qu\\u00e9 es el canvio climatico\",\"author\":{\"@id\":\"https:\\\/\\\/dudasytextos.com\\\/preguntaquees\\\/author\\\/admin44\\\/#author\"},\"publisher\":{\"@id\":\"https:\\\/\\\/dudasytextos.com\\\/preguntaquees\\\/#organization\"},\"datePublished\":\"2025-02-21T15:09:05+00:00\",\"dateModified\":\"2025-03-13T03:36:24+00:00\",\"inLanguage\":\"es-ES\",\"mainEntityOfPage\":{\"@id\":\"https:\\\/\\\/dudasytextos.com\\\/preguntaquees\\\/que-es-el-canvio-climatico\\\/#webpage\"},\"isPartOf\":{\"@id\":\"https:\\\/\\\/dudasytextos.com\\\/preguntaquees\\\/que-es-el-canvio-climatico\\\/#webpage\"},\"articleSection\":\"\\u00bfQu\\u00e9 es?\"},{\"@type\":\"BreadcrumbList\",\"@id\":\"https:\\\/\\\/dudasytextos.com\\\/preguntaquees\\\/que-es-el-canvio-climatico\\\/#breadcrumblist\",\"itemListElement\":[{\"@type\":\"ListItem\",\"@id\":\"https:\\\/\\\/dudasytextos.com\\\/preguntaquees#listItem\",\"position\":1,\"name\":\"Inicio\",\"item\":\"https:\\\/\\\/dudasytextos.com\\\/preguntaquees\",\"nextItem\":{\"@type\":\"ListItem\",\"@id\":\"https:\\\/\\\/dudasytextos.com\\\/preguntaquees\\\/category\\\/que-es\\\/#listItem\",\"name\":\"\\u00bfQu\\u00e9 es?\"}},{\"@type\":\"ListItem\",\"@id\":\"https:\\\/\\\/dudasytextos.com\\\/preguntaquees\\\/category\\\/que-es\\\/#listItem\",\"position\":2,\"name\":\"\\u00bfQu\\u00e9 es?\",\"item\":\"https:\\\/\\\/dudasytextos.com\\\/preguntaquees\\\/category\\\/que-es\\\/\",\"nextItem\":{\"@type\":\"ListItem\",\"@id\":\"https:\\\/\\\/dudasytextos.com\\\/preguntaquees\\\/que-es-el-canvio-climatico\\\/#listItem\",\"name\":\"Qu\\u00e9 es el canvio climatico\"},\"previousItem\":{\"@type\":\"ListItem\",\"@id\":\"https:\\\/\\\/dudasytextos.com\\\/preguntaquees#listItem\",\"name\":\"Inicio\"}},{\"@type\":\"ListItem\",\"@id\":\"https:\\\/\\\/dudasytextos.com\\\/preguntaquees\\\/que-es-el-canvio-climatico\\\/#listItem\",\"position\":3,\"name\":\"Qu\\u00e9 es el canvio climatico\",\"previousItem\":{\"@type\":\"ListItem\",\"@id\":\"https:\\\/\\\/dudasytextos.com\\\/preguntaquees\\\/category\\\/que-es\\\/#listItem\",\"name\":\"\\u00bfQu\\u00e9 es?\"}}]},{\"@type\":\"Organization\",\"@id\":\"https:\\\/\\\/dudasytextos.com\\\/preguntaquees\\\/#organization\",\"name\":\"\\u00bfC\\u00f3mo funciona?\",\"description\":\"\\u00bfQu\\u00e9 es?\",\"url\":\"https:\\\/\\\/dudasytextos.com\\\/preguntaquees\\\/\"},{\"@type\":\"Person\",\"@id\":\"https:\\\/\\\/dudasytextos.com\\\/preguntaquees\\\/author\\\/admin44\\\/#author\",\"url\":\"https:\\\/\\\/dudasytextos.com\\\/preguntaquees\\\/author\\\/admin44\\\/\",\"name\":\"Ana Gonz\\u00e1lez\"},{\"@type\":\"WebPage\",\"@id\":\"https:\\\/\\\/dudasytextos.com\\\/preguntaquees\\\/que-es-el-canvio-climatico\\\/#webpage\",\"url\":\"https:\\\/\\\/dudasytextos.com\\\/preguntaquees\\\/que-es-el-canvio-climatico\\\/\",\"name\":\"Qu\\u00e9 es el canvio climatico (2026) \\u00bfQu\\u00e9 es?\",\"description\":\"\\u00bfQu\\u00e9 es el cambio clim\\u00e1tico? Mi experiencia personal con el cambio clim\\u00e1tico Desde que era ni\\u00f1a, siempre me preocup\\u00f3 el medio ambiente y el impacto de nuestras acciones en \\u00e9l. Como adulta, he estado m\\u00e1s consciente de mi propia huella ecol\\u00f3gica y c\\u00f3mo mis decisiones afectan al planeta. Hace unos a\\u00f1os, tuve una experiencia que\",\"inLanguage\":\"es-ES\",\"isPartOf\":{\"@id\":\"https:\\\/\\\/dudasytextos.com\\\/preguntaquees\\\/#website\"},\"breadcrumb\":{\"@id\":\"https:\\\/\\\/dudasytextos.com\\\/preguntaquees\\\/que-es-el-canvio-climatico\\\/#breadcrumblist\"},\"author\":{\"@id\":\"https:\\\/\\\/dudasytextos.com\\\/preguntaquees\\\/author\\\/admin44\\\/#author\"},\"creator\":{\"@id\":\"https:\\\/\\\/dudasytextos.com\\\/preguntaquees\\\/author\\\/admin44\\\/#author\"},\"datePublished\":\"2025-02-21T15:09:05+00:00\",\"dateModified\":\"2025-03-13T03:36:24+00:00\"},{\"@type\":\"WebSite\",\"@id\":\"https:\\\/\\\/dudasytextos.com\\\/preguntaquees\\\/#website\",\"url\":\"https:\\\/\\\/dudasytextos.com\\\/preguntaquees\\\/\",\"name\":\"\\u00bfC\\u00f3mo funciona?\",\"description\":\"\\u00bfQu\\u00e9 es?\",\"inLanguage\":\"es-ES\",\"publisher\":{\"@id\":\"https:\\\/\\\/dudasytextos.com\\\/preguntaquees\\\/#organization\"}}]}\n\t\t<\/script>\n\t\t<!-- All in One SEO -->\n\n","aioseo_head_json":{"title":"Qu\u00e9 es el canvio climatico (2026) \u00bfQu\u00e9 es?","description":"\u00bfQu\u00e9 es el cambio clim\u00e1tico? Mi experiencia personal con el cambio clim\u00e1tico Desde que era ni\u00f1a, siempre me preocup\u00f3 el medio ambiente y el impacto de nuestras acciones en \u00e9l. Como adulta, he estado m\u00e1s consciente de mi propia huella ecol\u00f3gica y c\u00f3mo mis decisiones afectan al planeta. Hace unos a\u00f1os, tuve una experiencia que","canonical_url":"https:\/\/dudasytextos.com\/preguntaquees\/que-es-el-canvio-climatico\/","robots":"max-snippet:-1, max-image-preview:large, max-video-preview:-1","keywords":"","webmasterTools":{"miscellaneous":"&lt;!-- Google tag (gtag.js) --&gt;\n&lt;script async src=\"https:\/\/www.googletagmanager.com\/gtag\/js?id=G-QEZWJ7M6T7\"&gt;&lt;\/script&gt;\n&lt;script&gt;\n  window.dataLayer = window.dataLayer || [];\n  function gtag(){dataLayer.push(arguments);}\n  gtag('js', new Date());\n\n  gtag('config', 'G-QEZWJ7M6T7');\n&lt;\/script&gt;\n&lt;script async src=\"https:\/\/pagead2.googlesyndication.com\/pagead\/js\/adsbygoogle.js?client=ca-pub-3987500858204711\"\n     crossorigin=\"anonymous\"&gt;&lt;\/script&gt;"},"schema":{"@context":"https:\/\/schema.org","@graph":[{"@type":"BlogPosting","@id":"https:\/\/dudasytextos.com\/preguntaquees\/que-es-el-canvio-climatico\/#blogposting","name":"Qu\u00e9 es el canvio climatico (2026) \u00bfQu\u00e9 es?","headline":"Qu\u00e9 es el canvio climatico","author":{"@id":"https:\/\/dudasytextos.com\/preguntaquees\/author\/admin44\/#author"},"publisher":{"@id":"https:\/\/dudasytextos.com\/preguntaquees\/#organization"},"datePublished":"2025-02-21T15:09:05+00:00","dateModified":"2025-03-13T03:36:24+00:00","inLanguage":"es-ES","mainEntityOfPage":{"@id":"https:\/\/dudasytextos.com\/preguntaquees\/que-es-el-canvio-climatico\/#webpage"},"isPartOf":{"@id":"https:\/\/dudasytextos.com\/preguntaquees\/que-es-el-canvio-climatico\/#webpage"},"articleSection":"\u00bfQu\u00e9 es?"},{"@type":"BreadcrumbList","@id":"https:\/\/dudasytextos.com\/preguntaquees\/que-es-el-canvio-climatico\/#breadcrumblist","itemListElement":[{"@type":"ListItem","@id":"https:\/\/dudasytextos.com\/preguntaquees#listItem","position":1,"name":"Inicio","item":"https:\/\/dudasytextos.com\/preguntaquees","nextItem":{"@type":"ListItem","@id":"https:\/\/dudasytextos.com\/preguntaquees\/category\/que-es\/#listItem","name":"\u00bfQu\u00e9 es?"}},{"@type":"ListItem","@id":"https:\/\/dudasytextos.com\/preguntaquees\/category\/que-es\/#listItem","position":2,"name":"\u00bfQu\u00e9 es?","item":"https:\/\/dudasytextos.com\/preguntaquees\/category\/que-es\/","nextItem":{"@type":"ListItem","@id":"https:\/\/dudasytextos.com\/preguntaquees\/que-es-el-canvio-climatico\/#listItem","name":"Qu\u00e9 es el canvio climatico"},"previousItem":{"@type":"ListItem","@id":"https:\/\/dudasytextos.com\/preguntaquees#listItem","name":"Inicio"}},{"@type":"ListItem","@id":"https:\/\/dudasytextos.com\/preguntaquees\/que-es-el-canvio-climatico\/#listItem","position":3,"name":"Qu\u00e9 es el canvio climatico","previousItem":{"@type":"ListItem","@id":"https:\/\/dudasytextos.com\/preguntaquees\/category\/que-es\/#listItem","name":"\u00bfQu\u00e9 es?"}}]},{"@type":"Organization","@id":"https:\/\/dudasytextos.com\/preguntaquees\/#organization","name":"\u00bfC\u00f3mo funciona?","description":"\u00bfQu\u00e9 es?","url":"https:\/\/dudasytextos.com\/preguntaquees\/"},{"@type":"Person","@id":"https:\/\/dudasytextos.com\/preguntaquees\/author\/admin44\/#author","url":"https:\/\/dudasytextos.com\/preguntaquees\/author\/admin44\/","name":"Ana Gonz\u00e1lez"},{"@type":"WebPage","@id":"https:\/\/dudasytextos.com\/preguntaquees\/que-es-el-canvio-climatico\/#webpage","url":"https:\/\/dudasytextos.com\/preguntaquees\/que-es-el-canvio-climatico\/","name":"Qu\u00e9 es el canvio climatico (2026) \u00bfQu\u00e9 es?","description":"\u00bfQu\u00e9 es el cambio clim\u00e1tico? Mi experiencia personal con el cambio clim\u00e1tico Desde que era ni\u00f1a, siempre me preocup\u00f3 el medio ambiente y el impacto de nuestras acciones en \u00e9l. Como adulta, he estado m\u00e1s consciente de mi propia huella ecol\u00f3gica y c\u00f3mo mis decisiones afectan al planeta. Hace unos a\u00f1os, tuve una experiencia que","inLanguage":"es-ES","isPartOf":{"@id":"https:\/\/dudasytextos.com\/preguntaquees\/#website"},"breadcrumb":{"@id":"https:\/\/dudasytextos.com\/preguntaquees\/que-es-el-canvio-climatico\/#breadcrumblist"},"author":{"@id":"https:\/\/dudasytextos.com\/preguntaquees\/author\/admin44\/#author"},"creator":{"@id":"https:\/\/dudasytextos.com\/preguntaquees\/author\/admin44\/#author"},"datePublished":"2025-02-21T15:09:05+00:00","dateModified":"2025-03-13T03:36:24+00:00"},{"@type":"WebSite","@id":"https:\/\/dudasytextos.com\/preguntaquees\/#website","url":"https:\/\/dudasytextos.com\/preguntaquees\/","name":"\u00bfC\u00f3mo funciona?","description":"\u00bfQu\u00e9 es?","inLanguage":"es-ES","publisher":{"@id":"https:\/\/dudasytextos.com\/preguntaquees\/#organization"}}]},"og:locale":"es_ES","og:site_name":"\u00bfQu\u00e9 es? - \u00bfQu\u00e9 es?","og:type":"article","og:title":"Qu\u00e9 es el canvio climatico (2026) \u00bfQu\u00e9 es?","og:description":"\u00bfQu\u00e9 es el cambio clim\u00e1tico? Mi experiencia personal con el cambio clim\u00e1tico Desde que era ni\u00f1a, siempre me preocup\u00f3 el medio ambiente y el impacto de nuestras acciones en \u00e9l. Como adulta, he estado m\u00e1s consciente de mi propia huella ecol\u00f3gica y c\u00f3mo mis decisiones afectan al planeta. Hace unos a\u00f1os, tuve una experiencia que","og:url":"https:\/\/dudasytextos.com\/preguntaquees\/que-es-el-canvio-climatico\/","article:published_time":"2025-02-21T15:09:05+00:00","article:modified_time":"2025-03-13T03:36:24+00:00","twitter:card":"summary_large_image","twitter:title":"Qu\u00e9 es el canvio climatico (2026) \u00bfQu\u00e9 es?","twitter:description":"\u00bfQu\u00e9 es el cambio clim\u00e1tico? Mi experiencia personal con el cambio clim\u00e1tico Desde que era ni\u00f1a, siempre me preocup\u00f3 el medio ambiente y el impacto de nuestras acciones en \u00e9l. Como adulta, he estado m\u00e1s consciente de mi propia huella ecol\u00f3gica y c\u00f3mo mis decisiones afectan al planeta. Hace unos a\u00f1os, tuve una experiencia que"},"aioseo_meta_data":{"post_id":"151436","title":null,"description":null,"keywords":null,"keyphrases":null,"primary_term":null,"canonical_url":null,"og_title":null,"og_description":null,"og_object_type":"default","og_image_type":"default","og_image_url":null,"og_image_width":null,"og_image_height":null,"og_image_custom_url":null,"og_image_custom_fields":null,"og_video":null,"og_custom_url":null,"og_article_section":null,"og_article_tags":null,"twitter_use_og":false,"twitter_card":"default","twitter_image_type":"default","twitter_image_url":null,"twitter_image_custom_url":null,"twitter_image_custom_fields":null,"twitter_title":null,"twitter_description":null,"schema":{"blockGraphs":[],"customGraphs":[],"default":{"data":{"Article":[],"Course":[],"Dataset":[],"FAQPage":[],"Movie":[],"Person":[],"Product":[],"ProductReview":[],"Car":[],"Recipe":[],"Service":[],"SoftwareApplication":[],"WebPage":[]},"graphName":"","isEnabled":true},"graphs":[]},"schema_type":"default","schema_type_options":null,"pillar_content":false,"robots_default":true,"robots_noindex":false,"robots_noarchive":false,"robots_nosnippet":false,"robots_nofollow":false,"robots_noimageindex":false,"robots_noodp":false,"robots_notranslate":false,"robots_max_snippet":null,"robots_max_videopreview":null,"robots_max_imagepreview":"large","priority":null,"frequency":null,"local_seo":null,"breadcrumb_settings":null,"limit_modified_date":false,"ai":null,"created":"2023-05-11 10:15:25","updated":"2025-06-03 23:10:24","seo_analyzer_scan_date":null,"focus_keyword":null,"additional_keywords":null,"truseo_locale":null},"aioseo_breadcrumb":"<div class=\"aioseo-breadcrumbs\"><span class=\"aioseo-breadcrumb\">\n\t\t\t<a href=\"https:\/\/dudasytextos.com\/preguntaquees\" title=\"Inicio\">Inicio<\/a>\n\t\t<\/span><span class=\"aioseo-breadcrumb-separator\">&raquo;<\/span><span class=\"aioseo-breadcrumb\">\n\t\t\t<a href=\"https:\/\/dudasytextos.com\/preguntaquees\/category\/que-es\/\" title=\"\u00bfQu\u00e9 es?\">\u00bfQu\u00e9 es?<\/a>\n\t\t<\/span><span class=\"aioseo-breadcrumb-separator\">&raquo;<\/span><span class=\"aioseo-breadcrumb\">\n\t\t\tQu\u00e9 es el canvio climatico\n\t\t<\/span><\/div>","aioseo_breadcrumb_json":[{"label":"Inicio","link":"https:\/\/dudasytextos.com\/preguntaquees"},{"label":"\u00bfQu\u00e9 es?","link":"https:\/\/dudasytextos.com\/preguntaquees\/category\/que-es\/"},{"label":"Qu\u00e9 es el canvio climatico","link":"https:\/\/dudasytextos.com\/preguntaquees\/que-es-el-canvio-climatico\/"}],"_links":{"self":[{"href":"https:\/\/dudasytextos.com\/preguntaquees\/wp-json\/wp\/v2\/posts\/151436","targetHints":{"allow":["GET"]}}],"collection":[{"href":"https:\/\/dudasytextos.com\/preguntaquees\/wp-json\/wp\/v2\/posts"}],"about":[{"href":"https:\/\/dudasytextos.com\/preguntaquees\/wp-json\/wp\/v2\/types\/post"}],"author":[{"embeddable":true,"href":"https:\/\/dudasytextos.com\/preguntaquees\/wp-json\/wp\/v2\/users\/1"}],"replies":[{"embeddable":true,"href":"https:\/\/dudasytextos.com\/preguntaquees\/wp-json\/wp\/v2\/comments?post=151436"}],"version-history":[{"count":1,"href":"https:\/\/dudasytextos.com\/preguntaquees\/wp-json\/wp\/v2\/posts\/151436\/revisions"}],"predecessor-version":[{"id":154393,"href":"https:\/\/dudasytextos.com\/preguntaquees\/wp-json\/wp\/v2\/posts\/151436\/revisions\/154393"}],"wp:attachment":[{"href":"https:\/\/dudasytextos.com\/preguntaquees\/wp-json\/wp\/v2\/media?parent=151436"}],"wp:term":[{"taxonomy":"category","embeddable":true,"href":"https:\/\/dudasytextos.com\/preguntaquees\/wp-json\/wp\/v2\/categories?post=151436"},{"taxonomy":"post_tag","embeddable":true,"href":"https:\/\/dudasytextos.com\/preguntaquees\/wp-json\/wp\/v2\/tags?post=151436"}],"curies":[{"name":"wp","href":"https:\/\/api.w.org\/{rel}","templated":true}]}}