{"id":151919,"date":"2025-02-22T09:16:35","date_gmt":"2025-02-22T09:16:35","guid":{"rendered":"https:\/\/educacion.cc\/?p=151919"},"modified":"2025-03-12T14:50:52","modified_gmt":"2025-03-12T14:50:52","slug":"que-es-un-verbo-pronominal","status":"publish","type":"post","link":"https:\/\/dudasytextos.com\/preguntaquees\/que-es-un-verbo-pronominal\/","title":{"rendered":"Qu\u00e9 es un verbo pronominal"},"content":{"rendered":"<div id=\"ez-toc-container\" class=\"ez-toc-v2_0_87 counter-hierarchy ez-toc-counter ez-toc-custom ez-toc-container-direction\">\n<div class=\"ez-toc-title-container\">\n<span class=\"ez-toc-title-toggle\"><\/span><\/div>\n<nav><ul class='ez-toc-list ez-toc-list-level-1 ' ><li class='ez-toc-page-1 ez-toc-heading-level-2'><a class=\"ez-toc-link ez-toc-heading-1\" href=\"https:\/\/dudasytextos.com\/preguntaquees\/que-es-un-verbo-pronominal\/#Que_es_un_verbo_pronominal\" >Qu\u00e9 es un verbo pronominal<\/a><\/li><li class='ez-toc-page-1 ez-toc-heading-level-2'><a class=\"ez-toc-link ez-toc-heading-2\" href=\"https:\/\/dudasytextos.com\/preguntaquees\/que-es-un-verbo-pronominal\/#Curiosidades_sobre_los_verbos_pronominales\" >Curiosidades sobre los verbos pronominales<\/a><\/li><li class='ez-toc-page-1 ez-toc-heading-level-2'><a class=\"ez-toc-link ez-toc-heading-3\" href=\"https:\/\/dudasytextos.com\/preguntaquees\/que-es-un-verbo-pronominal\/#Que_son_los_verbos_pronominales\" >Qu\u00e9 son los verbos pronominales<\/a><\/li><li class='ez-toc-page-1 ez-toc-heading-level-2'><a class=\"ez-toc-link ez-toc-heading-4\" href=\"https:\/\/dudasytextos.com\/preguntaquees\/que-es-un-verbo-pronominal\/#Como_se_conjugan_los_verbos_pronominales\" >C\u00f3mo se conjugan los verbos pronominales<\/a><\/li><li class='ez-toc-page-1 ez-toc-heading-level-2'><a class=\"ez-toc-link ez-toc-heading-5\" href=\"https:\/\/dudasytextos.com\/preguntaquees\/que-es-un-verbo-pronominal\/#Por_que_se_usan_los_verbos_pronominales\" >Por qu\u00e9 se usan los verbos pronominales<\/a><\/li><li class='ez-toc-page-1 ez-toc-heading-level-2'><a class=\"ez-toc-link ez-toc-heading-6\" href=\"https:\/\/dudasytextos.com\/preguntaquees\/que-es-un-verbo-pronominal\/#Ejemplos_de_verbos_pronominales\" >Ejemplos de verbos pronominales<\/a><\/li><li class='ez-toc-page-1 ez-toc-heading-level-2'><a class=\"ez-toc-link ez-toc-heading-7\" href=\"https:\/\/dudasytextos.com\/preguntaquees\/que-es-un-verbo-pronominal\/#Mi_experiencia_con_los_verbos_pronominales\" >Mi experiencia con los verbos pronominales<\/a><\/li><li class='ez-toc-page-1 ez-toc-heading-level-2'><a class=\"ez-toc-link ez-toc-heading-8\" href=\"https:\/\/dudasytextos.com\/preguntaquees\/que-es-un-verbo-pronominal\/#Preguntas_frecuentes\" >Preguntas frecuentes<\/a><\/li><\/ul><\/nav><\/div>\n<h2><span class=\"ez-toc-section\" id=\"Que_es_un_verbo_pronominal\"><\/span>Qu\u00e9 es un verbo pronominal<span class=\"ez-toc-section-end\"><\/span><\/h2>\n<section>\n<h2><span class=\"ez-toc-section\" id=\"Curiosidades_sobre_los_verbos_pronominales\"><\/span>Curiosidades sobre los verbos pronominales<span class=\"ez-toc-section-end\"><\/span><\/h2>\n<ul>\n<li>Los verbos pronominales se forman con un pronombre reflexivo, que indica que la acci\u00f3n es realizada por el sujeto hacia s\u00ed mismo.<\/li>\n<li>La mayor\u00eda de los verbos en espa\u00f1ol pueden ser conjugados como verbos pronominales, pero no todos tienen un significado reflexivo.<\/li>\n<li>Los verbos pronominales tienen una construcci\u00f3n diferente en otros idiomas, como el franc\u00e9s o el italiano.<\/li>\n<\/ul>\n<\/section>\n<section>\n<h2><span class=\"ez-toc-section\" id=\"Que_son_los_verbos_pronominales\"><\/span>Qu\u00e9 son los verbos pronominales<span class=\"ez-toc-section-end\"><\/span><\/h2>\n<p>Los verbos pronominales son aquellos que se conjugan con un pronombre reflexivo, que indica que la acci\u00f3n es realizada por el sujeto hacia s\u00ed mismo. Por ejemplo, me lavo o te levantas.<\/p>\n<p>Es importante se\u00f1alar que no todos los verbos que pueden ser conjugados como pronominales tienen un significado reflexivo. Por ejemplo, me gusta no indica que yo est\u00e9 gust\u00e1ndome a m\u00ed mismo, sino que algo me agrada.<\/p>\n<\/section>\n<section>\n<h2><span class=\"ez-toc-section\" id=\"Como_se_conjugan_los_verbos_pronominales\"><\/span>C\u00f3mo se conjugan los verbos pronominales<span class=\"ez-toc-section-end\"><\/span><\/h2>\n<p>La conjugaci\u00f3n de los verbos pronominales es diferente a la de los verbos normales. En lugar de tener una terminaci\u00f3n espec\u00edfica para cada persona, se utiliza el pronombre reflexivo antes del verbo. Por ejemplo:<\/p>\n<ul>\n<li>Yo me levanto<\/li>\n<li>T\u00fa te levantas<\/li>\n<li>\u00c9l\/ella se levanta<\/li>\n<li>Nosotros nos levantamos<\/li>\n<li>Vosotros os levant\u00e1is<\/li>\n<li>Ellos\/ellas se levantan<\/li>\n<\/ul>\n<\/section>\n<section>\n<h2><span class=\"ez-toc-section\" id=\"Por_que_se_usan_los_verbos_pronominales\"><\/span>Por qu\u00e9 se usan los verbos pronominales<span class=\"ez-toc-section-end\"><\/span><\/h2>\n<p>Los verbos pronominales se utilizan para expresar acciones que el sujeto realiza sobre s\u00ed mismo. Por ejemplo, me peino o se maquilla. Tambi\u00e9n se usan para indicar una acci\u00f3n rec\u00edproca, en la que dos o m\u00e1s personas realizan la misma acci\u00f3n entre s\u00ed. Por ejemplo, nos saludamos o se besan.<\/p>\n<p>Adem\u00e1s, en algunos casos los verbos pronominales se utilizan para cambiar el significado del verbo. Por ejemplo, ir significa moverse de un lugar a otro, pero irse significa abandonar un lugar.<\/p>\n<\/section>\n<section>\n<h2><span class=\"ez-toc-section\" id=\"Ejemplos_de_verbos_pronominales\"><\/span>Ejemplos de verbos pronominales<span class=\"ez-toc-section-end\"><\/span><\/h2>\n<ul>\n<li>Levantarse<\/li>\n<li>Vestirse<\/li>\n<li>Lavarse<\/li>\n<li>Peinarse<\/li>\n<li>Maquillarse<\/li>\n<li>Acostarse<\/li>\n<li>Despertarse<\/li>\n<li>Arrepentirse<\/li>\n<li>Quejarse<\/li>\n<li>Preocuparse<\/li>\n<\/ul>\n<\/section>\n<section>\n<h2><span class=\"ez-toc-section\" id=\"Mi_experiencia_con_los_verbos_pronominales\"><\/span>Mi experiencia con los verbos pronominales<span class=\"ez-toc-section-end\"><\/span><\/h2>\n<p>En mi caso, aprend\u00ed los verbos pronominales desde peque\u00f1a, ya que son muy comunes en el espa\u00f1ol hablado en mi pa\u00eds. Sin embargo, cuando empec\u00e9 a estudiar espa\u00f1ol como lengua extranjera, me cost\u00f3 un poco entender su uso y conjugaci\u00f3n.<\/p>\n<p>Con la pr\u00e1ctica y el uso cotidiano, fui adquiriendo mayor fluidez y seguridad en su uso. Ahora considero que los verbos pronominales son esenciales para poder expresarse correctamente en espa\u00f1ol.<\/p>\n<\/section>\n<section>\n<h2><span class=\"ez-toc-section\" id=\"Preguntas_frecuentes\"><\/span>Preguntas frecuentes<span class=\"ez-toc-section-end\"><\/span><\/h2>\n<dl>\n<dt>\u00bfTodos los verbos pueden ser conjugados como pronominales?<\/dt>\n<dd>No todos los verbos tienen un significado reflexivo, por lo que no todos pueden ser conjugados como pronominales.<\/dd>\n<dt>\u00bfPor qu\u00e9 se utiliza el pronombre reflexivo antes del verbo?<\/dt>\n<dd>El pronombre reflexivo indica que la acci\u00f3n es realizada por el sujeto hacia s\u00ed mismo.<\/dd>\n<dt>\u00bfC\u00f3mo se conjugan los verbos pronominales?<\/dt>\n<dd>En lugar de tener una terminaci\u00f3n espec\u00edfica para cada persona, se utiliza el pronombre reflexivo antes del verbo.<\/dd>\n<dt>\u00bfPara qu\u00e9 se utilizan los verbos pronominales?<\/dt>\n<dd>Se utilizan para expresar acciones que el sujeto realiza sobre s\u00ed mismo, para indicar una acci\u00f3n rec\u00edproca o para cambiar el significado del verbo.<\/dd>\n<\/dl>\n<\/section>\n<footer>\n<p>Art\u00edculo escrito por Ana Gonz\u00e1lez<\/p>\n<\/footer>\n","protected":false},"excerpt":{"rendered":"<p>Qu\u00e9 es un verbo pronominal Curiosidades sobre los verbos pronominales Los verbos pronominales se forman con un pronombre reflexivo, que indica que la acci\u00f3n es realizada por el sujeto hacia s\u00ed mismo. La mayor\u00eda de los verbos en espa\u00f1ol pueden ser conjugados como verbos pronominales, pero no todos tienen un significado reflexivo. Los verbos pronominales &#8230; <a title=\"Qu\u00e9 es un verbo pronominal\" class=\"read-more\" href=\"https:\/\/dudasytextos.com\/preguntaquees\/que-es-un-verbo-pronominal\/\" aria-label=\"M\u00e1s en Qu\u00e9 es un verbo pronominal\">Leer m\u00e1s<\/a><\/p>\n","protected":false},"author":1,"featured_media":0,"comment_status":"open","ping_status":"open","sticky":false,"template":"","format":"standard","meta":{"footnotes":""},"categories":[4],"tags":[],"class_list":["post-151919","post","type-post","status-publish","format-standard","hentry","category-que-es"],"aioseo_notices":[],"aioseo_head":"\n\t\t<!-- All in One SEO 5.0.1.1 - aioseo.com -->\n\t<meta name=\"description\" content=\"Qu\u00e9 es un verbo pronominal Curiosidades sobre los verbos pronominales Los verbos pronominales se forman con un pronombre reflexivo, que indica que la acci\u00f3n es realizada por el sujeto hacia s\u00ed mismo. La mayor\u00eda de los verbos en espa\u00f1ol pueden ser conjugados como verbos pronominales, pero no todos tienen un significado reflexivo. Los verbos pronominales\" \/>\n\t<meta name=\"robots\" content=\"max-snippet:-1, max-image-preview:large, max-video-preview:-1\" \/>\n\t<meta name=\"author\" content=\"Ana Gonz\u00e1lez\"\/>\n\t<link rel=\"canonical\" href=\"https:\/\/dudasytextos.com\/preguntaquees\/que-es-un-verbo-pronominal\/\" \/>\n\t<meta name=\"generator\" content=\"All in One SEO (AIOSEO) 5.0.1.1\" \/>\n\n\t\t<!-- Google tag (gtag.js) -->\n<script async src=\"https:\/\/www.googletagmanager.com\/gtag\/js?id=G-QEZWJ7M6T7\"><\/script>\n<script>\n  window.dataLayer = window.dataLayer || [];\n  function gtag(){dataLayer.push(arguments);}\n  gtag('js', new Date());\n\n  gtag('config', 'G-QEZWJ7M6T7');\n<\/script>\n<script async src=\"https:\/\/pagead2.googlesyndication.com\/pagead\/js\/adsbygoogle.js?client=ca-pub-3987500858204711\"\n     crossorigin=\"anonymous\"><\/script>\n\t\t<meta property=\"og:locale\" content=\"es_ES\" \/>\n\t\t<meta property=\"og:site_name\" content=\"\u00bfQu\u00e9 es? - \u00bfQu\u00e9 es?\" \/>\n\t\t<meta property=\"og:type\" content=\"article\" \/>\n\t\t<meta property=\"og:title\" content=\"Qu\u00e9 es un verbo pronominal (2026) \u00bfQu\u00e9 es?\" \/>\n\t\t<meta property=\"og:description\" content=\"Qu\u00e9 es un verbo pronominal Curiosidades sobre los verbos pronominales Los verbos pronominales se forman con un pronombre reflexivo, que indica que la acci\u00f3n es realizada por el sujeto hacia s\u00ed mismo. La mayor\u00eda de los verbos en espa\u00f1ol pueden ser conjugados como verbos pronominales, pero no todos tienen un significado reflexivo. Los verbos pronominales\" \/>\n\t\t<meta property=\"og:url\" content=\"https:\/\/dudasytextos.com\/preguntaquees\/que-es-un-verbo-pronominal\/\" \/>\n\t\t<meta property=\"article:published_time\" content=\"2025-02-22T09:16:35+00:00\" \/>\n\t\t<meta property=\"article:modified_time\" content=\"2025-03-12T14:50:52+00:00\" \/>\n\t\t<meta name=\"twitter:card\" content=\"summary_large_image\" \/>\n\t\t<meta name=\"twitter:title\" content=\"Qu\u00e9 es un verbo pronominal (2026) \u00bfQu\u00e9 es?\" \/>\n\t\t<meta name=\"twitter:description\" content=\"Qu\u00e9 es un verbo pronominal Curiosidades sobre los verbos pronominales Los verbos pronominales se forman con un pronombre reflexivo, que indica que la acci\u00f3n es realizada por el sujeto hacia s\u00ed mismo. La mayor\u00eda de los verbos en espa\u00f1ol pueden ser conjugados como verbos pronominales, pero no todos tienen un significado reflexivo. Los verbos pronominales\" \/>\n\t\t<script type=\"application\/ld+json\" class=\"aioseo-schema\">\n\t\t\t{\"@context\":\"https:\\\/\\\/schema.org\",\"@graph\":[{\"@type\":\"BlogPosting\",\"@id\":\"https:\\\/\\\/dudasytextos.com\\\/preguntaquees\\\/que-es-un-verbo-pronominal\\\/#blogposting\",\"name\":\"Qu\\u00e9 es un verbo pronominal (2026) \\u00bfQu\\u00e9 es?\",\"headline\":\"Qu\\u00e9 es un verbo pronominal\",\"author\":{\"@id\":\"https:\\\/\\\/dudasytextos.com\\\/preguntaquees\\\/author\\\/admin44\\\/#author\"},\"publisher\":{\"@id\":\"https:\\\/\\\/dudasytextos.com\\\/preguntaquees\\\/#organization\"},\"datePublished\":\"2025-02-22T09:16:35+00:00\",\"dateModified\":\"2025-03-12T14:50:52+00:00\",\"inLanguage\":\"es-ES\",\"mainEntityOfPage\":{\"@id\":\"https:\\\/\\\/dudasytextos.com\\\/preguntaquees\\\/que-es-un-verbo-pronominal\\\/#webpage\"},\"isPartOf\":{\"@id\":\"https:\\\/\\\/dudasytextos.com\\\/preguntaquees\\\/que-es-un-verbo-pronominal\\\/#webpage\"},\"articleSection\":\"\\u00bfQu\\u00e9 es?\"},{\"@type\":\"BreadcrumbList\",\"@id\":\"https:\\\/\\\/dudasytextos.com\\\/preguntaquees\\\/que-es-un-verbo-pronominal\\\/#breadcrumblist\",\"itemListElement\":[{\"@type\":\"ListItem\",\"@id\":\"https:\\\/\\\/dudasytextos.com\\\/preguntaquees#listItem\",\"position\":1,\"name\":\"Inicio\",\"item\":\"https:\\\/\\\/dudasytextos.com\\\/preguntaquees\",\"nextItem\":{\"@type\":\"ListItem\",\"@id\":\"https:\\\/\\\/dudasytextos.com\\\/preguntaquees\\\/category\\\/que-es\\\/#listItem\",\"name\":\"\\u00bfQu\\u00e9 es?\"}},{\"@type\":\"ListItem\",\"@id\":\"https:\\\/\\\/dudasytextos.com\\\/preguntaquees\\\/category\\\/que-es\\\/#listItem\",\"position\":2,\"name\":\"\\u00bfQu\\u00e9 es?\",\"item\":\"https:\\\/\\\/dudasytextos.com\\\/preguntaquees\\\/category\\\/que-es\\\/\",\"nextItem\":{\"@type\":\"ListItem\",\"@id\":\"https:\\\/\\\/dudasytextos.com\\\/preguntaquees\\\/que-es-un-verbo-pronominal\\\/#listItem\",\"name\":\"Qu\\u00e9 es un verbo pronominal\"},\"previousItem\":{\"@type\":\"ListItem\",\"@id\":\"https:\\\/\\\/dudasytextos.com\\\/preguntaquees#listItem\",\"name\":\"Inicio\"}},{\"@type\":\"ListItem\",\"@id\":\"https:\\\/\\\/dudasytextos.com\\\/preguntaquees\\\/que-es-un-verbo-pronominal\\\/#listItem\",\"position\":3,\"name\":\"Qu\\u00e9 es un verbo pronominal\",\"previousItem\":{\"@type\":\"ListItem\",\"@id\":\"https:\\\/\\\/dudasytextos.com\\\/preguntaquees\\\/category\\\/que-es\\\/#listItem\",\"name\":\"\\u00bfQu\\u00e9 es?\"}}]},{\"@type\":\"Organization\",\"@id\":\"https:\\\/\\\/dudasytextos.com\\\/preguntaquees\\\/#organization\",\"name\":\"\\u00bfC\\u00f3mo funciona?\",\"description\":\"\\u00bfQu\\u00e9 es?\",\"url\":\"https:\\\/\\\/dudasytextos.com\\\/preguntaquees\\\/\"},{\"@type\":\"Person\",\"@id\":\"https:\\\/\\\/dudasytextos.com\\\/preguntaquees\\\/author\\\/admin44\\\/#author\",\"url\":\"https:\\\/\\\/dudasytextos.com\\\/preguntaquees\\\/author\\\/admin44\\\/\",\"name\":\"Ana Gonz\\u00e1lez\"},{\"@type\":\"WebPage\",\"@id\":\"https:\\\/\\\/dudasytextos.com\\\/preguntaquees\\\/que-es-un-verbo-pronominal\\\/#webpage\",\"url\":\"https:\\\/\\\/dudasytextos.com\\\/preguntaquees\\\/que-es-un-verbo-pronominal\\\/\",\"name\":\"Qu\\u00e9 es un verbo pronominal (2026) \\u00bfQu\\u00e9 es?\",\"description\":\"Qu\\u00e9 es un verbo pronominal Curiosidades sobre los verbos pronominales Los verbos pronominales se forman con un pronombre reflexivo, que indica que la acci\\u00f3n es realizada por el sujeto hacia s\\u00ed mismo. La mayor\\u00eda de los verbos en espa\\u00f1ol pueden ser conjugados como verbos pronominales, pero no todos tienen un significado reflexivo. Los verbos pronominales\",\"inLanguage\":\"es-ES\",\"isPartOf\":{\"@id\":\"https:\\\/\\\/dudasytextos.com\\\/preguntaquees\\\/#website\"},\"breadcrumb\":{\"@id\":\"https:\\\/\\\/dudasytextos.com\\\/preguntaquees\\\/que-es-un-verbo-pronominal\\\/#breadcrumblist\"},\"author\":{\"@id\":\"https:\\\/\\\/dudasytextos.com\\\/preguntaquees\\\/author\\\/admin44\\\/#author\"},\"creator\":{\"@id\":\"https:\\\/\\\/dudasytextos.com\\\/preguntaquees\\\/author\\\/admin44\\\/#author\"},\"datePublished\":\"2025-02-22T09:16:35+00:00\",\"dateModified\":\"2025-03-12T14:50:52+00:00\"},{\"@type\":\"WebSite\",\"@id\":\"https:\\\/\\\/dudasytextos.com\\\/preguntaquees\\\/#website\",\"url\":\"https:\\\/\\\/dudasytextos.com\\\/preguntaquees\\\/\",\"name\":\"\\u00bfC\\u00f3mo funciona?\",\"description\":\"\\u00bfQu\\u00e9 es?\",\"inLanguage\":\"es-ES\",\"publisher\":{\"@id\":\"https:\\\/\\\/dudasytextos.com\\\/preguntaquees\\\/#organization\"}}]}\n\t\t<\/script>\n\t\t<!-- All in One SEO -->\n\n","aioseo_head_json":{"title":"Qu\u00e9 es un verbo pronominal (2026) \u00bfQu\u00e9 es?","description":"Qu\u00e9 es un verbo pronominal Curiosidades sobre los verbos pronominales Los verbos pronominales se forman con un pronombre reflexivo, que indica que la acci\u00f3n es realizada por el sujeto hacia s\u00ed mismo. La mayor\u00eda de los verbos en espa\u00f1ol pueden ser conjugados como verbos pronominales, pero no todos tienen un significado reflexivo. Los verbos pronominales","canonical_url":"https:\/\/dudasytextos.com\/preguntaquees\/que-es-un-verbo-pronominal\/","robots":"max-snippet:-1, max-image-preview:large, max-video-preview:-1","keywords":"","webmasterTools":{"miscellaneous":"&lt;!-- Google tag (gtag.js) --&gt;\n&lt;script async src=\"https:\/\/www.googletagmanager.com\/gtag\/js?id=G-QEZWJ7M6T7\"&gt;&lt;\/script&gt;\n&lt;script&gt;\n  window.dataLayer = window.dataLayer || [];\n  function gtag(){dataLayer.push(arguments);}\n  gtag('js', new Date());\n\n  gtag('config', 'G-QEZWJ7M6T7');\n&lt;\/script&gt;\n&lt;script async src=\"https:\/\/pagead2.googlesyndication.com\/pagead\/js\/adsbygoogle.js?client=ca-pub-3987500858204711\"\n     crossorigin=\"anonymous\"&gt;&lt;\/script&gt;"},"schema":{"@context":"https:\/\/schema.org","@graph":[{"@type":"BlogPosting","@id":"https:\/\/dudasytextos.com\/preguntaquees\/que-es-un-verbo-pronominal\/#blogposting","name":"Qu\u00e9 es un verbo pronominal (2026) \u00bfQu\u00e9 es?","headline":"Qu\u00e9 es un verbo pronominal","author":{"@id":"https:\/\/dudasytextos.com\/preguntaquees\/author\/admin44\/#author"},"publisher":{"@id":"https:\/\/dudasytextos.com\/preguntaquees\/#organization"},"datePublished":"2025-02-22T09:16:35+00:00","dateModified":"2025-03-12T14:50:52+00:00","inLanguage":"es-ES","mainEntityOfPage":{"@id":"https:\/\/dudasytextos.com\/preguntaquees\/que-es-un-verbo-pronominal\/#webpage"},"isPartOf":{"@id":"https:\/\/dudasytextos.com\/preguntaquees\/que-es-un-verbo-pronominal\/#webpage"},"articleSection":"\u00bfQu\u00e9 es?"},{"@type":"BreadcrumbList","@id":"https:\/\/dudasytextos.com\/preguntaquees\/que-es-un-verbo-pronominal\/#breadcrumblist","itemListElement":[{"@type":"ListItem","@id":"https:\/\/dudasytextos.com\/preguntaquees#listItem","position":1,"name":"Inicio","item":"https:\/\/dudasytextos.com\/preguntaquees","nextItem":{"@type":"ListItem","@id":"https:\/\/dudasytextos.com\/preguntaquees\/category\/que-es\/#listItem","name":"\u00bfQu\u00e9 es?"}},{"@type":"ListItem","@id":"https:\/\/dudasytextos.com\/preguntaquees\/category\/que-es\/#listItem","position":2,"name":"\u00bfQu\u00e9 es?","item":"https:\/\/dudasytextos.com\/preguntaquees\/category\/que-es\/","nextItem":{"@type":"ListItem","@id":"https:\/\/dudasytextos.com\/preguntaquees\/que-es-un-verbo-pronominal\/#listItem","name":"Qu\u00e9 es un verbo pronominal"},"previousItem":{"@type":"ListItem","@id":"https:\/\/dudasytextos.com\/preguntaquees#listItem","name":"Inicio"}},{"@type":"ListItem","@id":"https:\/\/dudasytextos.com\/preguntaquees\/que-es-un-verbo-pronominal\/#listItem","position":3,"name":"Qu\u00e9 es un verbo pronominal","previousItem":{"@type":"ListItem","@id":"https:\/\/dudasytextos.com\/preguntaquees\/category\/que-es\/#listItem","name":"\u00bfQu\u00e9 es?"}}]},{"@type":"Organization","@id":"https:\/\/dudasytextos.com\/preguntaquees\/#organization","name":"\u00bfC\u00f3mo funciona?","description":"\u00bfQu\u00e9 es?","url":"https:\/\/dudasytextos.com\/preguntaquees\/"},{"@type":"Person","@id":"https:\/\/dudasytextos.com\/preguntaquees\/author\/admin44\/#author","url":"https:\/\/dudasytextos.com\/preguntaquees\/author\/admin44\/","name":"Ana Gonz\u00e1lez"},{"@type":"WebPage","@id":"https:\/\/dudasytextos.com\/preguntaquees\/que-es-un-verbo-pronominal\/#webpage","url":"https:\/\/dudasytextos.com\/preguntaquees\/que-es-un-verbo-pronominal\/","name":"Qu\u00e9 es un verbo pronominal (2026) \u00bfQu\u00e9 es?","description":"Qu\u00e9 es un verbo pronominal Curiosidades sobre los verbos pronominales Los verbos pronominales se forman con un pronombre reflexivo, que indica que la acci\u00f3n es realizada por el sujeto hacia s\u00ed mismo. La mayor\u00eda de los verbos en espa\u00f1ol pueden ser conjugados como verbos pronominales, pero no todos tienen un significado reflexivo. Los verbos pronominales","inLanguage":"es-ES","isPartOf":{"@id":"https:\/\/dudasytextos.com\/preguntaquees\/#website"},"breadcrumb":{"@id":"https:\/\/dudasytextos.com\/preguntaquees\/que-es-un-verbo-pronominal\/#breadcrumblist"},"author":{"@id":"https:\/\/dudasytextos.com\/preguntaquees\/author\/admin44\/#author"},"creator":{"@id":"https:\/\/dudasytextos.com\/preguntaquees\/author\/admin44\/#author"},"datePublished":"2025-02-22T09:16:35+00:00","dateModified":"2025-03-12T14:50:52+00:00"},{"@type":"WebSite","@id":"https:\/\/dudasytextos.com\/preguntaquees\/#website","url":"https:\/\/dudasytextos.com\/preguntaquees\/","name":"\u00bfC\u00f3mo funciona?","description":"\u00bfQu\u00e9 es?","inLanguage":"es-ES","publisher":{"@id":"https:\/\/dudasytextos.com\/preguntaquees\/#organization"}}]},"og:locale":"es_ES","og:site_name":"\u00bfQu\u00e9 es? - \u00bfQu\u00e9 es?","og:type":"article","og:title":"Qu\u00e9 es un verbo pronominal (2026) \u00bfQu\u00e9 es?","og:description":"Qu\u00e9 es un verbo pronominal Curiosidades sobre los verbos pronominales Los verbos pronominales se forman con un pronombre reflexivo, que indica que la acci\u00f3n es realizada por el sujeto hacia s\u00ed mismo. La mayor\u00eda de los verbos en espa\u00f1ol pueden ser conjugados como verbos pronominales, pero no todos tienen un significado reflexivo. Los verbos pronominales","og:url":"https:\/\/dudasytextos.com\/preguntaquees\/que-es-un-verbo-pronominal\/","article:published_time":"2025-02-22T09:16:35+00:00","article:modified_time":"2025-03-12T14:50:52+00:00","twitter:card":"summary_large_image","twitter:title":"Qu\u00e9 es un verbo pronominal (2026) \u00bfQu\u00e9 es?","twitter:description":"Qu\u00e9 es un verbo pronominal Curiosidades sobre los verbos pronominales Los verbos pronominales se forman con un pronombre reflexivo, que indica que la acci\u00f3n es realizada por el sujeto hacia s\u00ed mismo. La mayor\u00eda de los verbos en espa\u00f1ol pueden ser conjugados como verbos pronominales, pero no todos tienen un significado reflexivo. Los verbos pronominales"},"aioseo_meta_data":{"post_id":"151919","title":null,"description":null,"keywords":null,"keyphrases":null,"primary_term":null,"canonical_url":null,"og_title":null,"og_description":null,"og_object_type":"default","og_image_type":"default","og_image_url":null,"og_image_width":null,"og_image_height":null,"og_image_custom_url":null,"og_image_custom_fields":null,"og_video":null,"og_custom_url":null,"og_article_section":null,"og_article_tags":null,"twitter_use_og":false,"twitter_card":"default","twitter_image_type":"default","twitter_image_url":null,"twitter_image_custom_url":null,"twitter_image_custom_fields":null,"twitter_title":null,"twitter_description":null,"schema":{"blockGraphs":[],"customGraphs":[],"default":{"data":{"Article":[],"Course":[],"Dataset":[],"FAQPage":[],"Movie":[],"Person":[],"Product":[],"ProductReview":[],"Car":[],"Recipe":[],"Service":[],"SoftwareApplication":[],"WebPage":[]},"graphName":"","isEnabled":true},"graphs":[]},"schema_type":"default","schema_type_options":null,"pillar_content":false,"robots_default":true,"robots_noindex":false,"robots_noarchive":false,"robots_nosnippet":false,"robots_nofollow":false,"robots_noimageindex":false,"robots_noodp":false,"robots_notranslate":false,"robots_max_snippet":null,"robots_max_videopreview":null,"robots_max_imagepreview":"large","priority":null,"frequency":null,"local_seo":null,"breadcrumb_settings":null,"limit_modified_date":false,"ai":null,"created":"2023-05-09 13:27:48","updated":"2025-06-03 23:57:11","seo_analyzer_scan_date":null,"focus_keyword":null,"additional_keywords":null,"truseo_locale":null},"aioseo_breadcrumb":"<div class=\"aioseo-breadcrumbs\"><span class=\"aioseo-breadcrumb\">\n\t\t\t<a href=\"https:\/\/dudasytextos.com\/preguntaquees\" title=\"Inicio\">Inicio<\/a>\n\t\t<\/span><span class=\"aioseo-breadcrumb-separator\">&raquo;<\/span><span class=\"aioseo-breadcrumb\">\n\t\t\t<a href=\"https:\/\/dudasytextos.com\/preguntaquees\/category\/que-es\/\" title=\"\u00bfQu\u00e9 es?\">\u00bfQu\u00e9 es?<\/a>\n\t\t<\/span><span class=\"aioseo-breadcrumb-separator\">&raquo;<\/span><span class=\"aioseo-breadcrumb\">\n\t\t\tQu\u00e9 es un verbo pronominal\n\t\t<\/span><\/div>","aioseo_breadcrumb_json":[{"label":"Inicio","link":"https:\/\/dudasytextos.com\/preguntaquees"},{"label":"\u00bfQu\u00e9 es?","link":"https:\/\/dudasytextos.com\/preguntaquees\/category\/que-es\/"},{"label":"Qu\u00e9 es un verbo pronominal","link":"https:\/\/dudasytextos.com\/preguntaquees\/que-es-un-verbo-pronominal\/"}],"_links":{"self":[{"href":"https:\/\/dudasytextos.com\/preguntaquees\/wp-json\/wp\/v2\/posts\/151919","targetHints":{"allow":["GET"]}}],"collection":[{"href":"https:\/\/dudasytextos.com\/preguntaquees\/wp-json\/wp\/v2\/posts"}],"about":[{"href":"https:\/\/dudasytextos.com\/preguntaquees\/wp-json\/wp\/v2\/types\/post"}],"author":[{"embeddable":true,"href":"https:\/\/dudasytextos.com\/preguntaquees\/wp-json\/wp\/v2\/users\/1"}],"replies":[{"embeddable":true,"href":"https:\/\/dudasytextos.com\/preguntaquees\/wp-json\/wp\/v2\/comments?post=151919"}],"version-history":[{"count":1,"href":"https:\/\/dudasytextos.com\/preguntaquees\/wp-json\/wp\/v2\/posts\/151919\/revisions"}],"predecessor-version":[{"id":153910,"href":"https:\/\/dudasytextos.com\/preguntaquees\/wp-json\/wp\/v2\/posts\/151919\/revisions\/153910"}],"wp:attachment":[{"href":"https:\/\/dudasytextos.com\/preguntaquees\/wp-json\/wp\/v2\/media?parent=151919"}],"wp:term":[{"taxonomy":"category","embeddable":true,"href":"https:\/\/dudasytextos.com\/preguntaquees\/wp-json\/wp\/v2\/categories?post=151919"},{"taxonomy":"post_tag","embeddable":true,"href":"https:\/\/dudasytextos.com\/preguntaquees\/wp-json\/wp\/v2\/tags?post=151919"}],"curies":[{"name":"wp","href":"https:\/\/api.w.org\/{rel}","templated":true}]}}