{"id":151923,"date":"2025-02-22T13:12:00","date_gmt":"2025-02-22T13:12:00","guid":{"rendered":"https:\/\/educacion.cc\/?p=151923"},"modified":"2025-03-12T14:39:56","modified_gmt":"2025-03-12T14:39:56","slug":"matias-prats-esto-que-es","status":"publish","type":"post","link":"https:\/\/dudasytextos.com\/preguntaquees\/matias-prats-esto-que-es\/","title":{"rendered":"Matias prats esto que es"},"content":{"rendered":"<div id=\"ez-toc-container\" class=\"ez-toc-v2_0_87 counter-hierarchy ez-toc-counter ez-toc-custom ez-toc-container-direction\">\n<div class=\"ez-toc-title-container\">\n<span class=\"ez-toc-title-toggle\"><\/span><\/div>\n<nav><ul class='ez-toc-list ez-toc-list-level-1 ' ><li class='ez-toc-page-1 ez-toc-heading-level-2'><a class=\"ez-toc-link ez-toc-heading-1\" href=\"https:\/\/dudasytextos.com\/preguntaquees\/matias-prats-esto-que-es\/#Matias_Prats_Esto_es_lo_que_es\" >Mat\u00edas Prats: Esto es lo que es<\/a><\/li><li class='ez-toc-page-1 ez-toc-heading-level-2'><a class=\"ez-toc-link ez-toc-heading-2\" href=\"https:\/\/dudasytextos.com\/preguntaquees\/matias-prats-esto-que-es\/#Por_Ana_Gonzalez\" >Por Ana Gonz\u00e1lez<\/a><\/li><li class='ez-toc-page-1 ez-toc-heading-level-2'><a class=\"ez-toc-link ez-toc-heading-3\" href=\"https:\/\/dudasytextos.com\/preguntaquees\/matias-prats-esto-que-es\/#Curiosidades_sobre_Matias_Prats\" >Curiosidades sobre Mat\u00edas Prats<\/a><\/li><li class='ez-toc-page-1 ez-toc-heading-level-2'><a class=\"ez-toc-link ez-toc-heading-4\" href=\"https:\/\/dudasytextos.com\/preguntaquees\/matias-prats-esto-que-es\/#%C2%BFQue_es_Matias_Prats\" >\u00bfQu\u00e9 es Mat\u00edas Prats?<\/a><\/li><li class='ez-toc-page-1 ez-toc-heading-level-2'><a class=\"ez-toc-link ez-toc-heading-5\" href=\"https:\/\/dudasytextos.com\/preguntaquees\/matias-prats-esto-que-es\/#%C2%BFPor_que_es_tan_popular_Matias_Prats\" >\u00bfPor qu\u00e9 es tan popular Mat\u00edas Prats?<\/a><\/li><li class='ez-toc-page-1 ez-toc-heading-level-2'><a class=\"ez-toc-link ez-toc-heading-6\" href=\"https:\/\/dudasytextos.com\/preguntaquees\/matias-prats-esto-que-es\/#%C2%BFQue_opinion_tengo_sobre_Matias_Prats\" >\u00bfQu\u00e9 opini\u00f3n tengo sobre Mat\u00edas Prats?<\/a><\/li><li class='ez-toc-page-1 ez-toc-heading-level-2'><a class=\"ez-toc-link ez-toc-heading-7\" href=\"https:\/\/dudasytextos.com\/preguntaquees\/matias-prats-esto-que-es\/#Preguntas_frecuentes\" >Preguntas frecuentes<\/a><ul class='ez-toc-list-level-3' ><li class='ez-toc-heading-level-3'><a class=\"ez-toc-link ez-toc-heading-8\" href=\"https:\/\/dudasytextos.com\/preguntaquees\/matias-prats-esto-que-es\/#%C2%BFDonde_nacio_Matias_Prats\" >\u00bfD\u00f3nde naci\u00f3 Mat\u00edas Prats?<\/a><\/li><li class='ez-toc-page-1 ez-toc-heading-level-3'><a class=\"ez-toc-link ez-toc-heading-9\" href=\"https:\/\/dudasytextos.com\/preguntaquees\/matias-prats-esto-que-es\/#%C2%BFCuantos_premios_ha_recibido_Matias_Prats\" >\u00bfCu\u00e1ntos premios ha recibido Mat\u00edas Prats?<\/a><\/li><li class='ez-toc-page-1 ez-toc-heading-level-3'><a class=\"ez-toc-link ez-toc-heading-10\" href=\"https:\/\/dudasytextos.com\/preguntaquees\/matias-prats-esto-que-es\/#%C2%BFEn_que_medios_ha_trabajado_Matias_Prats\" >\u00bfEn qu\u00e9 medios ha trabajado Mat\u00edas Prats?<\/a><\/li><\/ul><\/li><\/ul><\/nav><\/div>\n<h2><span class=\"ez-toc-section\" id=\"Matias_Prats_Esto_es_lo_que_es\"><\/span>Mat\u00edas Prats: Esto es lo que es<span class=\"ez-toc-section-end\"><\/span><\/h2>\n<h2><span class=\"ez-toc-section\" id=\"Por_Ana_Gonzalez\"><\/span>Por Ana Gonz\u00e1lez<span class=\"ez-toc-section-end\"><\/span><\/h2>\n<section>\n<h2><span class=\"ez-toc-section\" id=\"Curiosidades_sobre_Matias_Prats\"><\/span>Curiosidades sobre Mat\u00edas Prats<span class=\"ez-toc-section-end\"><\/span><\/h2>\n<ul>\n<li>Mat\u00edas Prats es uno de los periodistas m\u00e1s reconocidos de Espa\u00f1a.<\/li>\n<li>Naci\u00f3 en Madrid en 1952.<\/li>\n<li>Es nieto del tambi\u00e9n famoso periodista Mat\u00edas Prats Ca\u00f1ete.<\/li>\n<li>Comenz\u00f3 su carrera en los a\u00f1os 70 como corresponsal de TVE en Londres.<\/li>\n<li>Ha sido galardonado con numerosos premios a lo largo de su carrera, incluyendo cuatro Antenas de Oro y un Premio Ondas.<\/li>\n<\/ul>\n<\/section>\n<section>\n<h2><span class=\"ez-toc-section\" id=\"%C2%BFQue_es_Matias_Prats\"><\/span>\u00bfQu\u00e9 es Mat\u00edas Prats?<span class=\"ez-toc-section-end\"><\/span><\/h2>\n<p>Mat\u00edas Prats es un periodista espa\u00f1ol que ha trabajado en numerosos medios de comunicaci\u00f3n a lo largo de su carrera. Es especialmente reconocido por su trabajo en televisi\u00f3n, donde ha presentado programas como el telediario de TVE o el programa deportivo Champions Total.<\/p>\n<p>Adem\u00e1s de su trabajo en televisi\u00f3n, Mat\u00edas Prats tambi\u00e9n ha trabajado en radio y prensa escrita. Ha sido colaborador de medios como El Pa\u00eds o la Cadena SER, y ha presentado programas en emisoras como Onda Cero.<\/p>\n<\/section>\n<section>\n<h2><span class=\"ez-toc-section\" id=\"%C2%BFPor_que_es_tan_popular_Matias_Prats\"><\/span>\u00bfPor qu\u00e9 es tan popular Mat\u00edas Prats?<span class=\"ez-toc-section-end\"><\/span><\/h2>\n<p>Mat\u00edas Prats es uno de los periodistas m\u00e1s populares de Espa\u00f1a, y esto se debe en gran parte a su estilo cercano y amable. Los espectadores y oyentes sienten que pueden confiar en \u00e9l, y valoran su capacidad para transmitir la informaci\u00f3n de una manera clara y concisa.<\/p>\n<p>Otro factor que ha contribuido a su popularidad es su larga trayectoria profesional. Mat\u00edas Prats lleva m\u00e1s de 40 a\u00f1os en el mundo del periodismo, y ha cubierto algunos de los eventos m\u00e1s importantes de la historia reciente de Espa\u00f1a, como la muerte de Franco o la Transici\u00f3n.<\/p>\n<\/section>\n<section>\n<h2><span class=\"ez-toc-section\" id=\"%C2%BFQue_opinion_tengo_sobre_Matias_Prats\"><\/span>\u00bfQu\u00e9 opini\u00f3n tengo sobre Mat\u00edas Prats?<span class=\"ez-toc-section-end\"><\/span><\/h2>\n<p>Personalmente, admiro mucho a Mat\u00edas Prats por su habilidad para transmitir la informaci\u00f3n de manera clara y sencilla. Creo que es uno de los periodistas m\u00e1s importantes de Espa\u00f1a, y que ha contribuido de manera significativa a la historia del periodismo en nuestro pa\u00eds.<\/p>\n<p>Adem\u00e1s, he tenido la oportunidad de conocerlo en persona, y puedo decir que es una persona amable y cercana, que se preocupa por sus compa\u00f1eros y por su audiencia.<\/p>\n<\/section>\n<section>\n<h2><span class=\"ez-toc-section\" id=\"Preguntas_frecuentes\"><\/span>Preguntas frecuentes<span class=\"ez-toc-section-end\"><\/span><\/h2>\n<h3><span class=\"ez-toc-section\" id=\"%C2%BFDonde_nacio_Matias_Prats\"><\/span>\u00bfD\u00f3nde naci\u00f3 Mat\u00edas Prats?<span class=\"ez-toc-section-end\"><\/span><\/h3>\n<p>Mat\u00edas Prats naci\u00f3 en Madrid en 1952.<\/p>\n<h3><span class=\"ez-toc-section\" id=\"%C2%BFCuantos_premios_ha_recibido_Matias_Prats\"><\/span>\u00bfCu\u00e1ntos premios ha recibido Mat\u00edas Prats?<span class=\"ez-toc-section-end\"><\/span><\/h3>\n<p>Mat\u00edas Prats ha recibido numerosos premios a lo largo de su carrera, incluyendo cuatro Antenas de Oro y un Premio Ondas.<\/p>\n<h3><span class=\"ez-toc-section\" id=\"%C2%BFEn_que_medios_ha_trabajado_Matias_Prats\"><\/span>\u00bfEn qu\u00e9 medios ha trabajado Mat\u00edas Prats?<span class=\"ez-toc-section-end\"><\/span><\/h3>\n<p>Mat\u00edas Prats ha trabajado en numerosos medios de comunicaci\u00f3n, incluyendo TVE, la Cadena SER, Onda Cero y El Pa\u00eds.<\/p>\n<\/section>\n<footer>\n<p>\u00a9 Ana Gonz\u00e1lez &#8211; Todos los derechos reservados<\/p>\n<\/footer>\n","protected":false},"excerpt":{"rendered":"<p>Mat\u00edas Prats: Esto es lo que es Por Ana Gonz\u00e1lez Curiosidades sobre Mat\u00edas Prats Mat\u00edas Prats es uno de los periodistas m\u00e1s reconocidos de Espa\u00f1a. Naci\u00f3 en Madrid en 1952. Es nieto del tambi\u00e9n famoso periodista Mat\u00edas Prats Ca\u00f1ete. Comenz\u00f3 su carrera en los a\u00f1os 70 como corresponsal de TVE en Londres. Ha sido galardonado &#8230; <a title=\"Matias prats esto que es\" class=\"read-more\" href=\"https:\/\/dudasytextos.com\/preguntaquees\/matias-prats-esto-que-es\/\" aria-label=\"M\u00e1s en Matias prats esto que es\">Leer m\u00e1s<\/a><\/p>\n","protected":false},"author":1,"featured_media":0,"comment_status":"open","ping_status":"open","sticky":false,"template":"","format":"standard","meta":{"footnotes":""},"categories":[4],"tags":[],"class_list":["post-151923","post","type-post","status-publish","format-standard","hentry","category-que-es"],"aioseo_notices":[],"aioseo_head":"\n\t\t<!-- All in One SEO 5.0.1.1 - aioseo.com -->\n\t<meta name=\"description\" content=\"Mat\u00edas Prats: Esto es lo que es Por Ana Gonz\u00e1lez Curiosidades sobre Mat\u00edas Prats Mat\u00edas Prats es uno de los periodistas m\u00e1s reconocidos de Espa\u00f1a. Naci\u00f3 en Madrid en 1952. Es nieto del tambi\u00e9n famoso periodista Mat\u00edas Prats Ca\u00f1ete. Comenz\u00f3 su carrera en los a\u00f1os 70 como corresponsal de TVE en Londres. Ha sido galardonado\" \/>\n\t<meta name=\"robots\" content=\"max-snippet:-1, max-image-preview:large, max-video-preview:-1\" \/>\n\t<meta name=\"author\" content=\"Ana Gonz\u00e1lez\"\/>\n\t<link rel=\"canonical\" href=\"https:\/\/dudasytextos.com\/preguntaquees\/matias-prats-esto-que-es\/\" \/>\n\t<meta name=\"generator\" content=\"All in One SEO (AIOSEO) 5.0.1.1\" \/>\n\n\t\t<!-- Google tag (gtag.js) -->\n<script async src=\"https:\/\/www.googletagmanager.com\/gtag\/js?id=G-QEZWJ7M6T7\"><\/script>\n<script>\n  window.dataLayer = window.dataLayer || [];\n  function gtag(){dataLayer.push(arguments);}\n  gtag('js', new Date());\n\n  gtag('config', 'G-QEZWJ7M6T7');\n<\/script>\n<script async src=\"https:\/\/pagead2.googlesyndication.com\/pagead\/js\/adsbygoogle.js?client=ca-pub-3987500858204711\"\n     crossorigin=\"anonymous\"><\/script>\n\t\t<meta property=\"og:locale\" content=\"es_ES\" \/>\n\t\t<meta property=\"og:site_name\" content=\"\u00bfQu\u00e9 es? - \u00bfQu\u00e9 es?\" \/>\n\t\t<meta property=\"og:type\" content=\"article\" \/>\n\t\t<meta property=\"og:title\" content=\"Matias prats esto que es (2026) \u00bfQu\u00e9 es?\" \/>\n\t\t<meta property=\"og:description\" content=\"Mat\u00edas Prats: Esto es lo que es Por Ana Gonz\u00e1lez Curiosidades sobre Mat\u00edas Prats Mat\u00edas Prats es uno de los periodistas m\u00e1s reconocidos de Espa\u00f1a. Naci\u00f3 en Madrid en 1952. Es nieto del tambi\u00e9n famoso periodista Mat\u00edas Prats Ca\u00f1ete. Comenz\u00f3 su carrera en los a\u00f1os 70 como corresponsal de TVE en Londres. Ha sido galardonado\" \/>\n\t\t<meta property=\"og:url\" content=\"https:\/\/dudasytextos.com\/preguntaquees\/matias-prats-esto-que-es\/\" \/>\n\t\t<meta property=\"article:published_time\" content=\"2025-02-22T13:12:00+00:00\" \/>\n\t\t<meta property=\"article:modified_time\" content=\"2025-03-12T14:39:56+00:00\" \/>\n\t\t<meta name=\"twitter:card\" content=\"summary_large_image\" \/>\n\t\t<meta name=\"twitter:title\" content=\"Matias prats esto que es (2026) \u00bfQu\u00e9 es?\" \/>\n\t\t<meta name=\"twitter:description\" content=\"Mat\u00edas Prats: Esto es lo que es Por Ana Gonz\u00e1lez Curiosidades sobre Mat\u00edas Prats Mat\u00edas Prats es uno de los periodistas m\u00e1s reconocidos de Espa\u00f1a. Naci\u00f3 en Madrid en 1952. Es nieto del tambi\u00e9n famoso periodista Mat\u00edas Prats Ca\u00f1ete. Comenz\u00f3 su carrera en los a\u00f1os 70 como corresponsal de TVE en Londres. Ha sido galardonado\" \/>\n\t\t<script type=\"application\/ld+json\" class=\"aioseo-schema\">\n\t\t\t{\"@context\":\"https:\\\/\\\/schema.org\",\"@graph\":[{\"@type\":\"BlogPosting\",\"@id\":\"https:\\\/\\\/dudasytextos.com\\\/preguntaquees\\\/matias-prats-esto-que-es\\\/#blogposting\",\"name\":\"Matias prats esto que es (2026) \\u00bfQu\\u00e9 es?\",\"headline\":\"Matias prats esto que es\",\"author\":{\"@id\":\"https:\\\/\\\/dudasytextos.com\\\/preguntaquees\\\/author\\\/admin44\\\/#author\"},\"publisher\":{\"@id\":\"https:\\\/\\\/dudasytextos.com\\\/preguntaquees\\\/#organization\"},\"datePublished\":\"2025-02-22T13:12:00+00:00\",\"dateModified\":\"2025-03-12T14:39:56+00:00\",\"inLanguage\":\"es-ES\",\"mainEntityOfPage\":{\"@id\":\"https:\\\/\\\/dudasytextos.com\\\/preguntaquees\\\/matias-prats-esto-que-es\\\/#webpage\"},\"isPartOf\":{\"@id\":\"https:\\\/\\\/dudasytextos.com\\\/preguntaquees\\\/matias-prats-esto-que-es\\\/#webpage\"},\"articleSection\":\"\\u00bfQu\\u00e9 es?\"},{\"@type\":\"BreadcrumbList\",\"@id\":\"https:\\\/\\\/dudasytextos.com\\\/preguntaquees\\\/matias-prats-esto-que-es\\\/#breadcrumblist\",\"itemListElement\":[{\"@type\":\"ListItem\",\"@id\":\"https:\\\/\\\/dudasytextos.com\\\/preguntaquees#listItem\",\"position\":1,\"name\":\"Inicio\",\"item\":\"https:\\\/\\\/dudasytextos.com\\\/preguntaquees\",\"nextItem\":{\"@type\":\"ListItem\",\"@id\":\"https:\\\/\\\/dudasytextos.com\\\/preguntaquees\\\/category\\\/que-es\\\/#listItem\",\"name\":\"\\u00bfQu\\u00e9 es?\"}},{\"@type\":\"ListItem\",\"@id\":\"https:\\\/\\\/dudasytextos.com\\\/preguntaquees\\\/category\\\/que-es\\\/#listItem\",\"position\":2,\"name\":\"\\u00bfQu\\u00e9 es?\",\"item\":\"https:\\\/\\\/dudasytextos.com\\\/preguntaquees\\\/category\\\/que-es\\\/\",\"nextItem\":{\"@type\":\"ListItem\",\"@id\":\"https:\\\/\\\/dudasytextos.com\\\/preguntaquees\\\/matias-prats-esto-que-es\\\/#listItem\",\"name\":\"Matias prats esto que es\"},\"previousItem\":{\"@type\":\"ListItem\",\"@id\":\"https:\\\/\\\/dudasytextos.com\\\/preguntaquees#listItem\",\"name\":\"Inicio\"}},{\"@type\":\"ListItem\",\"@id\":\"https:\\\/\\\/dudasytextos.com\\\/preguntaquees\\\/matias-prats-esto-que-es\\\/#listItem\",\"position\":3,\"name\":\"Matias prats esto que es\",\"previousItem\":{\"@type\":\"ListItem\",\"@id\":\"https:\\\/\\\/dudasytextos.com\\\/preguntaquees\\\/category\\\/que-es\\\/#listItem\",\"name\":\"\\u00bfQu\\u00e9 es?\"}}]},{\"@type\":\"Organization\",\"@id\":\"https:\\\/\\\/dudasytextos.com\\\/preguntaquees\\\/#organization\",\"name\":\"\\u00bfC\\u00f3mo funciona?\",\"description\":\"\\u00bfQu\\u00e9 es?\",\"url\":\"https:\\\/\\\/dudasytextos.com\\\/preguntaquees\\\/\"},{\"@type\":\"Person\",\"@id\":\"https:\\\/\\\/dudasytextos.com\\\/preguntaquees\\\/author\\\/admin44\\\/#author\",\"url\":\"https:\\\/\\\/dudasytextos.com\\\/preguntaquees\\\/author\\\/admin44\\\/\",\"name\":\"Ana Gonz\\u00e1lez\"},{\"@type\":\"WebPage\",\"@id\":\"https:\\\/\\\/dudasytextos.com\\\/preguntaquees\\\/matias-prats-esto-que-es\\\/#webpage\",\"url\":\"https:\\\/\\\/dudasytextos.com\\\/preguntaquees\\\/matias-prats-esto-que-es\\\/\",\"name\":\"Matias prats esto que es (2026) \\u00bfQu\\u00e9 es?\",\"description\":\"Mat\\u00edas Prats: Esto es lo que es Por Ana Gonz\\u00e1lez Curiosidades sobre Mat\\u00edas Prats Mat\\u00edas Prats es uno de los periodistas m\\u00e1s reconocidos de Espa\\u00f1a. Naci\\u00f3 en Madrid en 1952. Es nieto del tambi\\u00e9n famoso periodista Mat\\u00edas Prats Ca\\u00f1ete. Comenz\\u00f3 su carrera en los a\\u00f1os 70 como corresponsal de TVE en Londres. Ha sido galardonado\",\"inLanguage\":\"es-ES\",\"isPartOf\":{\"@id\":\"https:\\\/\\\/dudasytextos.com\\\/preguntaquees\\\/#website\"},\"breadcrumb\":{\"@id\":\"https:\\\/\\\/dudasytextos.com\\\/preguntaquees\\\/matias-prats-esto-que-es\\\/#breadcrumblist\"},\"author\":{\"@id\":\"https:\\\/\\\/dudasytextos.com\\\/preguntaquees\\\/author\\\/admin44\\\/#author\"},\"creator\":{\"@id\":\"https:\\\/\\\/dudasytextos.com\\\/preguntaquees\\\/author\\\/admin44\\\/#author\"},\"datePublished\":\"2025-02-22T13:12:00+00:00\",\"dateModified\":\"2025-03-12T14:39:56+00:00\"},{\"@type\":\"WebSite\",\"@id\":\"https:\\\/\\\/dudasytextos.com\\\/preguntaquees\\\/#website\",\"url\":\"https:\\\/\\\/dudasytextos.com\\\/preguntaquees\\\/\",\"name\":\"\\u00bfC\\u00f3mo funciona?\",\"description\":\"\\u00bfQu\\u00e9 es?\",\"inLanguage\":\"es-ES\",\"publisher\":{\"@id\":\"https:\\\/\\\/dudasytextos.com\\\/preguntaquees\\\/#organization\"}}]}\n\t\t<\/script>\n\t\t<!-- All in One SEO -->\n\n","aioseo_head_json":{"title":"Matias prats esto que es (2026) \u00bfQu\u00e9 es?","description":"Mat\u00edas Prats: Esto es lo que es Por Ana Gonz\u00e1lez Curiosidades sobre Mat\u00edas Prats Mat\u00edas Prats es uno de los periodistas m\u00e1s reconocidos de Espa\u00f1a. Naci\u00f3 en Madrid en 1952. Es nieto del tambi\u00e9n famoso periodista Mat\u00edas Prats Ca\u00f1ete. Comenz\u00f3 su carrera en los a\u00f1os 70 como corresponsal de TVE en Londres. Ha sido galardonado","canonical_url":"https:\/\/dudasytextos.com\/preguntaquees\/matias-prats-esto-que-es\/","robots":"max-snippet:-1, max-image-preview:large, max-video-preview:-1","keywords":"","webmasterTools":{"miscellaneous":"&lt;!-- Google tag (gtag.js) --&gt;\n&lt;script async src=\"https:\/\/www.googletagmanager.com\/gtag\/js?id=G-QEZWJ7M6T7\"&gt;&lt;\/script&gt;\n&lt;script&gt;\n  window.dataLayer = window.dataLayer || [];\n  function gtag(){dataLayer.push(arguments);}\n  gtag('js', new Date());\n\n  gtag('config', 'G-QEZWJ7M6T7');\n&lt;\/script&gt;\n&lt;script async src=\"https:\/\/pagead2.googlesyndication.com\/pagead\/js\/adsbygoogle.js?client=ca-pub-3987500858204711\"\n     crossorigin=\"anonymous\"&gt;&lt;\/script&gt;"},"schema":{"@context":"https:\/\/schema.org","@graph":[{"@type":"BlogPosting","@id":"https:\/\/dudasytextos.com\/preguntaquees\/matias-prats-esto-que-es\/#blogposting","name":"Matias prats esto que es (2026) \u00bfQu\u00e9 es?","headline":"Matias prats esto que es","author":{"@id":"https:\/\/dudasytextos.com\/preguntaquees\/author\/admin44\/#author"},"publisher":{"@id":"https:\/\/dudasytextos.com\/preguntaquees\/#organization"},"datePublished":"2025-02-22T13:12:00+00:00","dateModified":"2025-03-12T14:39:56+00:00","inLanguage":"es-ES","mainEntityOfPage":{"@id":"https:\/\/dudasytextos.com\/preguntaquees\/matias-prats-esto-que-es\/#webpage"},"isPartOf":{"@id":"https:\/\/dudasytextos.com\/preguntaquees\/matias-prats-esto-que-es\/#webpage"},"articleSection":"\u00bfQu\u00e9 es?"},{"@type":"BreadcrumbList","@id":"https:\/\/dudasytextos.com\/preguntaquees\/matias-prats-esto-que-es\/#breadcrumblist","itemListElement":[{"@type":"ListItem","@id":"https:\/\/dudasytextos.com\/preguntaquees#listItem","position":1,"name":"Inicio","item":"https:\/\/dudasytextos.com\/preguntaquees","nextItem":{"@type":"ListItem","@id":"https:\/\/dudasytextos.com\/preguntaquees\/category\/que-es\/#listItem","name":"\u00bfQu\u00e9 es?"}},{"@type":"ListItem","@id":"https:\/\/dudasytextos.com\/preguntaquees\/category\/que-es\/#listItem","position":2,"name":"\u00bfQu\u00e9 es?","item":"https:\/\/dudasytextos.com\/preguntaquees\/category\/que-es\/","nextItem":{"@type":"ListItem","@id":"https:\/\/dudasytextos.com\/preguntaquees\/matias-prats-esto-que-es\/#listItem","name":"Matias prats esto que es"},"previousItem":{"@type":"ListItem","@id":"https:\/\/dudasytextos.com\/preguntaquees#listItem","name":"Inicio"}},{"@type":"ListItem","@id":"https:\/\/dudasytextos.com\/preguntaquees\/matias-prats-esto-que-es\/#listItem","position":3,"name":"Matias prats esto que es","previousItem":{"@type":"ListItem","@id":"https:\/\/dudasytextos.com\/preguntaquees\/category\/que-es\/#listItem","name":"\u00bfQu\u00e9 es?"}}]},{"@type":"Organization","@id":"https:\/\/dudasytextos.com\/preguntaquees\/#organization","name":"\u00bfC\u00f3mo funciona?","description":"\u00bfQu\u00e9 es?","url":"https:\/\/dudasytextos.com\/preguntaquees\/"},{"@type":"Person","@id":"https:\/\/dudasytextos.com\/preguntaquees\/author\/admin44\/#author","url":"https:\/\/dudasytextos.com\/preguntaquees\/author\/admin44\/","name":"Ana Gonz\u00e1lez"},{"@type":"WebPage","@id":"https:\/\/dudasytextos.com\/preguntaquees\/matias-prats-esto-que-es\/#webpage","url":"https:\/\/dudasytextos.com\/preguntaquees\/matias-prats-esto-que-es\/","name":"Matias prats esto que es (2026) \u00bfQu\u00e9 es?","description":"Mat\u00edas Prats: Esto es lo que es Por Ana Gonz\u00e1lez Curiosidades sobre Mat\u00edas Prats Mat\u00edas Prats es uno de los periodistas m\u00e1s reconocidos de Espa\u00f1a. Naci\u00f3 en Madrid en 1952. Es nieto del tambi\u00e9n famoso periodista Mat\u00edas Prats Ca\u00f1ete. Comenz\u00f3 su carrera en los a\u00f1os 70 como corresponsal de TVE en Londres. Ha sido galardonado","inLanguage":"es-ES","isPartOf":{"@id":"https:\/\/dudasytextos.com\/preguntaquees\/#website"},"breadcrumb":{"@id":"https:\/\/dudasytextos.com\/preguntaquees\/matias-prats-esto-que-es\/#breadcrumblist"},"author":{"@id":"https:\/\/dudasytextos.com\/preguntaquees\/author\/admin44\/#author"},"creator":{"@id":"https:\/\/dudasytextos.com\/preguntaquees\/author\/admin44\/#author"},"datePublished":"2025-02-22T13:12:00+00:00","dateModified":"2025-03-12T14:39:56+00:00"},{"@type":"WebSite","@id":"https:\/\/dudasytextos.com\/preguntaquees\/#website","url":"https:\/\/dudasytextos.com\/preguntaquees\/","name":"\u00bfC\u00f3mo funciona?","description":"\u00bfQu\u00e9 es?","inLanguage":"es-ES","publisher":{"@id":"https:\/\/dudasytextos.com\/preguntaquees\/#organization"}}]},"og:locale":"es_ES","og:site_name":"\u00bfQu\u00e9 es? - \u00bfQu\u00e9 es?","og:type":"article","og:title":"Matias prats esto que es (2026) \u00bfQu\u00e9 es?","og:description":"Mat\u00edas Prats: Esto es lo que es Por Ana Gonz\u00e1lez Curiosidades sobre Mat\u00edas Prats Mat\u00edas Prats es uno de los periodistas m\u00e1s reconocidos de Espa\u00f1a. Naci\u00f3 en Madrid en 1952. Es nieto del tambi\u00e9n famoso periodista Mat\u00edas Prats Ca\u00f1ete. Comenz\u00f3 su carrera en los a\u00f1os 70 como corresponsal de TVE en Londres. Ha sido galardonado","og:url":"https:\/\/dudasytextos.com\/preguntaquees\/matias-prats-esto-que-es\/","article:published_time":"2025-02-22T13:12:00+00:00","article:modified_time":"2025-03-12T14:39:56+00:00","twitter:card":"summary_large_image","twitter:title":"Matias prats esto que es (2026) \u00bfQu\u00e9 es?","twitter:description":"Mat\u00edas Prats: Esto es lo que es Por Ana Gonz\u00e1lez Curiosidades sobre Mat\u00edas Prats Mat\u00edas Prats es uno de los periodistas m\u00e1s reconocidos de Espa\u00f1a. Naci\u00f3 en Madrid en 1952. Es nieto del tambi\u00e9n famoso periodista Mat\u00edas Prats Ca\u00f1ete. Comenz\u00f3 su carrera en los a\u00f1os 70 como corresponsal de TVE en Londres. Ha sido galardonado"},"aioseo_meta_data":{"post_id":"151923","title":null,"description":null,"keywords":null,"keyphrases":null,"primary_term":null,"canonical_url":null,"og_title":null,"og_description":null,"og_object_type":"default","og_image_type":"default","og_image_url":null,"og_image_width":null,"og_image_height":null,"og_image_custom_url":null,"og_image_custom_fields":null,"og_video":null,"og_custom_url":null,"og_article_section":null,"og_article_tags":null,"twitter_use_og":false,"twitter_card":"default","twitter_image_type":"default","twitter_image_url":null,"twitter_image_custom_url":null,"twitter_image_custom_fields":null,"twitter_title":null,"twitter_description":null,"schema":{"blockGraphs":[],"customGraphs":[],"default":{"data":{"Article":[],"Course":[],"Dataset":[],"FAQPage":[],"Movie":[],"Person":[],"Product":[],"ProductReview":[],"Car":[],"Recipe":[],"Service":[],"SoftwareApplication":[],"WebPage":[]},"graphName":"","isEnabled":true},"graphs":[]},"schema_type":"default","schema_type_options":null,"pillar_content":false,"robots_default":true,"robots_noindex":false,"robots_noarchive":false,"robots_nosnippet":false,"robots_nofollow":false,"robots_noimageindex":false,"robots_noodp":false,"robots_notranslate":false,"robots_max_snippet":null,"robots_max_videopreview":null,"robots_max_imagepreview":"large","priority":null,"frequency":null,"local_seo":null,"breadcrumb_settings":null,"limit_modified_date":false,"ai":null,"created":"2023-05-09 15:41:15","updated":"2025-06-04 00:05:06","seo_analyzer_scan_date":null,"focus_keyword":null,"additional_keywords":null,"truseo_locale":null},"aioseo_breadcrumb":"<div class=\"aioseo-breadcrumbs\"><span class=\"aioseo-breadcrumb\">\n\t\t\t<a href=\"https:\/\/dudasytextos.com\/preguntaquees\" title=\"Inicio\">Inicio<\/a>\n\t\t<\/span><span class=\"aioseo-breadcrumb-separator\">&raquo;<\/span><span class=\"aioseo-breadcrumb\">\n\t\t\t<a href=\"https:\/\/dudasytextos.com\/preguntaquees\/category\/que-es\/\" title=\"\u00bfQu\u00e9 es?\">\u00bfQu\u00e9 es?<\/a>\n\t\t<\/span><span class=\"aioseo-breadcrumb-separator\">&raquo;<\/span><span class=\"aioseo-breadcrumb\">\n\t\t\tMatias prats esto que es\n\t\t<\/span><\/div>","aioseo_breadcrumb_json":[{"label":"Inicio","link":"https:\/\/dudasytextos.com\/preguntaquees"},{"label":"\u00bfQu\u00e9 es?","link":"https:\/\/dudasytextos.com\/preguntaquees\/category\/que-es\/"},{"label":"Matias prats esto que es","link":"https:\/\/dudasytextos.com\/preguntaquees\/matias-prats-esto-que-es\/"}],"_links":{"self":[{"href":"https:\/\/dudasytextos.com\/preguntaquees\/wp-json\/wp\/v2\/posts\/151923","targetHints":{"allow":["GET"]}}],"collection":[{"href":"https:\/\/dudasytextos.com\/preguntaquees\/wp-json\/wp\/v2\/posts"}],"about":[{"href":"https:\/\/dudasytextos.com\/preguntaquees\/wp-json\/wp\/v2\/types\/post"}],"author":[{"embeddable":true,"href":"https:\/\/dudasytextos.com\/preguntaquees\/wp-json\/wp\/v2\/users\/1"}],"replies":[{"embeddable":true,"href":"https:\/\/dudasytextos.com\/preguntaquees\/wp-json\/wp\/v2\/comments?post=151923"}],"version-history":[{"count":1,"href":"https:\/\/dudasytextos.com\/preguntaquees\/wp-json\/wp\/v2\/posts\/151923\/revisions"}],"predecessor-version":[{"id":153906,"href":"https:\/\/dudasytextos.com\/preguntaquees\/wp-json\/wp\/v2\/posts\/151923\/revisions\/153906"}],"wp:attachment":[{"href":"https:\/\/dudasytextos.com\/preguntaquees\/wp-json\/wp\/v2\/media?parent=151923"}],"wp:term":[{"taxonomy":"category","embeddable":true,"href":"https:\/\/dudasytextos.com\/preguntaquees\/wp-json\/wp\/v2\/categories?post=151923"},{"taxonomy":"post_tag","embeddable":true,"href":"https:\/\/dudasytextos.com\/preguntaquees\/wp-json\/wp\/v2\/tags?post=151923"}],"curies":[{"name":"wp","href":"https:\/\/api.w.org\/{rel}","templated":true}]}}