{"id":151951,"date":"2025-02-15T22:25:21","date_gmt":"2025-02-15T22:25:21","guid":{"rendered":"https:\/\/educacion.cc\/?p=151951"},"modified":"2025-03-12T18:26:02","modified_gmt":"2025-03-12T18:26:02","slug":"para-la-caida-del-pelo-que-es-bueno","status":"publish","type":"post","link":"https:\/\/dudasytextos.com\/preguntaquees\/para-la-caida-del-pelo-que-es-bueno\/","title":{"rendered":"Para la ca\u00edda del pelo que es bueno"},"content":{"rendered":"<div id=\"ez-toc-container\" class=\"ez-toc-v2_0_87 counter-hierarchy ez-toc-counter ez-toc-custom ez-toc-container-direction\">\n<div class=\"ez-toc-title-container\">\n<span class=\"ez-toc-title-toggle\"><\/span><\/div>\n<nav><ul class='ez-toc-list ez-toc-list-level-1 ' ><li class='ez-toc-page-1 ez-toc-heading-level-2'><a class=\"ez-toc-link ez-toc-heading-1\" href=\"https:\/\/dudasytextos.com\/preguntaquees\/para-la-caida-del-pelo-que-es-bueno\/#Para_la_caida_del_pelo_que_es_bueno\" >Para la ca\u00edda del pelo que es bueno<\/a><\/li><li class='ez-toc-page-1 ez-toc-heading-level-2'><a class=\"ez-toc-link ez-toc-heading-2\" href=\"https:\/\/dudasytextos.com\/preguntaquees\/para-la-caida-del-pelo-que-es-bueno\/#Por_Ana_Gonzalez\" >Por Ana Gonz\u00e1lez<\/a><\/li><li class='ez-toc-page-1 ez-toc-heading-level-2'><a class=\"ez-toc-link ez-toc-heading-3\" href=\"https:\/\/dudasytextos.com\/preguntaquees\/para-la-caida-del-pelo-que-es-bueno\/#%C2%BFQue_es_la_caida_del_pelo\" >\u00bfQu\u00e9 es la ca\u00edda del pelo?<\/a><\/li><li class='ez-toc-page-1 ez-toc-heading-level-2'><a class=\"ez-toc-link ez-toc-heading-4\" href=\"https:\/\/dudasytextos.com\/preguntaquees\/para-la-caida-del-pelo-que-es-bueno\/#%C2%BFQue_es_bueno_para_la_caida_del_pelo\" >\u00bfQu\u00e9 es bueno para la ca\u00edda del pelo?<\/a><\/li><li class='ez-toc-page-1 ez-toc-heading-level-2'><a class=\"ez-toc-link ez-toc-heading-5\" href=\"https:\/\/dudasytextos.com\/preguntaquees\/para-la-caida-del-pelo-que-es-bueno\/#%C2%BFQue_he_hecho_yo_para_tratar_la_caida_del_pelo\" >\u00bfQu\u00e9 he hecho yo para tratar la ca\u00edda del pelo?<\/a><\/li><li class='ez-toc-page-1 ez-toc-heading-level-2'><a class=\"ez-toc-link ez-toc-heading-6\" href=\"https:\/\/dudasytextos.com\/preguntaquees\/para-la-caida-del-pelo-que-es-bueno\/#Preguntas_frecuentes\" >Preguntas frecuentes<\/a><ul class='ez-toc-list-level-3' ><li class='ez-toc-heading-level-3'><a class=\"ez-toc-link ez-toc-heading-7\" href=\"https:\/\/dudasytextos.com\/preguntaquees\/para-la-caida-del-pelo-que-es-bueno\/#%C2%BFLa_caida_del_pelo_es_hereditaria\" >\u00bfLa ca\u00edda del pelo es hereditaria?<\/a><\/li><li class='ez-toc-page-1 ez-toc-heading-level-3'><a class=\"ez-toc-link ez-toc-heading-8\" href=\"https:\/\/dudasytextos.com\/preguntaquees\/para-la-caida-del-pelo-que-es-bueno\/#%C2%BFEl_estres_puede_causar_la_caida_del_pelo\" >\u00bfEl estr\u00e9s puede causar la ca\u00edda del pelo?<\/a><\/li><li class='ez-toc-page-1 ez-toc-heading-level-3'><a class=\"ez-toc-link ez-toc-heading-9\" href=\"https:\/\/dudasytextos.com\/preguntaquees\/para-la-caida-del-pelo-que-es-bueno\/#%C2%BFQue_alimentos_son_buenos_para_el_cabello\" >\u00bfQu\u00e9 alimentos son buenos para el cabello?<\/a><\/li><\/ul><\/li><\/ul><\/nav><\/div>\n<h2><span class=\"ez-toc-section\" id=\"Para_la_caida_del_pelo_que_es_bueno\"><\/span>Para la ca\u00edda del pelo que es bueno<span class=\"ez-toc-section-end\"><\/span><\/h2>\n<h2><span class=\"ez-toc-section\" id=\"Por_Ana_Gonzalez\"><\/span>Por Ana Gonz\u00e1lez<span class=\"ez-toc-section-end\"><\/span><\/h2>\n<article>\n<section>\n<h2><span class=\"ez-toc-section\" id=\"%C2%BFQue_es_la_caida_del_pelo\"><\/span>\u00bfQu\u00e9 es la ca\u00edda del pelo?<span class=\"ez-toc-section-end\"><\/span><\/h2>\n<p>La ca\u00edda del pelo es un problema com\u00fan que afecta a muchas personas en todo el mundo, tanto hombres como mujeres. Se caracteriza por la p\u00e9rdida de cabello en forma de mechones, parches o adelgazamiento general del cabello.<\/p>\n<p>Existen muchas causas de la ca\u00edda del pelo, como la gen\u00e9tica, el estr\u00e9s, la mala alimentaci\u00f3n, ciertas enfermedades y la edad. Pero, \u00bfqu\u00e9 puedes hacer para prevenir o tratar la ca\u00edda del pelo?<\/p>\n<\/section>\n<section>\n<h2><span class=\"ez-toc-section\" id=\"%C2%BFQue_es_bueno_para_la_caida_del_pelo\"><\/span>\u00bfQu\u00e9 es bueno para la ca\u00edda del pelo?<span class=\"ez-toc-section-end\"><\/span><\/h2>\n<p>Hay muchos remedios naturales y tratamientos m\u00e9dicos que pueden ayudar a prevenir o tratar la ca\u00edda del pelo. En esta secci\u00f3n, te presentamos algunos de los m\u00e1s efectivos:<\/p>\n<ul>\n<li>Masaje del cuero cabelludo: masajear suavemente el cuero cabelludo puede mejorar la circulaci\u00f3n sangu\u00ednea y estimular el crecimiento del cabello.<\/li>\n<li>Aceite de coco: aplicar aceite de coco en el cuero cabelludo y el cabello puede hidratar y fortalecer el cabello, reducir la rotura y aumentar el brillo.<\/li>\n<li>Vitaminas y minerales: consumir alimentos ricos en vitaminas y minerales esenciales para el cabello, como la biotina, la vitamina C y el hierro, puede fortalecer el cabello y prevenir la ca\u00edda del pelo.<\/li>\n<li>Tratamientos m\u00e9dicos: en casos m\u00e1s severos, como la alopecia, se pueden utilizar tratamientos m\u00e9dicos como el minoxidil o el finasteride para tratar la ca\u00edda del pelo.<\/li>\n<\/ul>\n<\/section>\n<section>\n<h2><span class=\"ez-toc-section\" id=\"%C2%BFQue_he_hecho_yo_para_tratar_la_caida_del_pelo\"><\/span>\u00bfQu\u00e9 he hecho yo para tratar la ca\u00edda del pelo?<span class=\"ez-toc-section-end\"><\/span><\/h2>\n<p>Personalmente, he probado varios remedios naturales para tratar la ca\u00edda del pelo. Despu\u00e9s de investigar y experimentar, he encontrado que el aceite de coco y el masaje del cuero cabelludo son los m\u00e1s efectivos para m\u00ed.<\/p>\n<p>Tambi\u00e9n he mejorado mi dieta para incluir m\u00e1s alimentos ricos en vitaminas y minerales esenciales para el cabello, como el salm\u00f3n, los huevos y las espinacas. Adem\u00e1s, trato de reducir mi nivel de estr\u00e9s a trav\u00e9s de la meditaci\u00f3n y el ejercicio regular.<\/p>\n<p>Estos cambios han ayudado a reducir la ca\u00edda del pelo y mejorar la salud general de mi cabello. Pero cada persona es diferente, as\u00ed que es importante encontrar lo que funciona mejor para ti.<\/p>\n<\/section>\n<section>\n<h2><span class=\"ez-toc-section\" id=\"Preguntas_frecuentes\"><\/span>Preguntas frecuentes<span class=\"ez-toc-section-end\"><\/span><\/h2>\n<h3><span class=\"ez-toc-section\" id=\"%C2%BFLa_caida_del_pelo_es_hereditaria\"><\/span>\u00bfLa ca\u00edda del pelo es hereditaria?<span class=\"ez-toc-section-end\"><\/span><\/h3>\n<p>S\u00ed, la ca\u00edda del pelo puede ser hereditaria y es m\u00e1s com\u00fan en hombres que en mujeres.<\/p>\n<h3><span class=\"ez-toc-section\" id=\"%C2%BFEl_estres_puede_causar_la_caida_del_pelo\"><\/span>\u00bfEl estr\u00e9s puede causar la ca\u00edda del pelo?<span class=\"ez-toc-section-end\"><\/span><\/h3>\n<p>S\u00ed, el estr\u00e9s puede ser una causa de la ca\u00edda del pelo. El estr\u00e9s puede desencadenar cambios hormonales que pueden afectar el crecimiento del cabello.<\/p>\n<h3><span class=\"ez-toc-section\" id=\"%C2%BFQue_alimentos_son_buenos_para_el_cabello\"><\/span>\u00bfQu\u00e9 alimentos son buenos para el cabello?<span class=\"ez-toc-section-end\"><\/span><\/h3>\n<p>Los alimentos ricos en vitaminas y minerales esenciales para el cabello son buenos para prevenir la ca\u00edda del pelo y mejorar la salud del cabello. Algunos ejemplos son el salm\u00f3n, los huevos, las espinacas, las zanahorias y los aguacates.<\/p>\n<\/section>\n<\/article>\n<footer>\n<p>\u00a92023 Ana Gonz\u00e1lez. Todos los derechos reservados.<\/p>\n<\/footer>\n","protected":false},"excerpt":{"rendered":"<p>Para la ca\u00edda del pelo que es bueno Por Ana Gonz\u00e1lez \u00bfQu\u00e9 es la ca\u00edda del pelo? La ca\u00edda del pelo es un problema com\u00fan que afecta a muchas personas en todo el mundo, tanto hombres como mujeres. Se caracteriza por la p\u00e9rdida de cabello en forma de mechones, parches o adelgazamiento general del cabello. &#8230; <a title=\"Para la ca\u00edda del pelo que es bueno\" class=\"read-more\" href=\"https:\/\/dudasytextos.com\/preguntaquees\/para-la-caida-del-pelo-que-es-bueno\/\" aria-label=\"M\u00e1s en Para la ca\u00edda del pelo que es bueno\">Leer m\u00e1s<\/a><\/p>\n","protected":false},"author":1,"featured_media":0,"comment_status":"open","ping_status":"open","sticky":false,"template":"","format":"standard","meta":{"footnotes":""},"categories":[4,6],"tags":[],"class_list":["post-151951","post","type-post","status-publish","format-standard","hentry","category-que-es","category-buenos-remedios"],"aioseo_notices":[],"aioseo_head":"\n\t\t<!-- All in One SEO 5.0.1.1 - aioseo.com -->\n\t<meta name=\"description\" content=\"Para la ca\u00edda del pelo que es bueno Por Ana Gonz\u00e1lez \u00bfQu\u00e9 es la ca\u00edda del pelo? La ca\u00edda del pelo es un problema com\u00fan que afecta a muchas personas en todo el mundo, tanto hombres como mujeres. Se caracteriza por la p\u00e9rdida de cabello en forma de mechones, parches o adelgazamiento general del cabello.\" \/>\n\t<meta name=\"robots\" content=\"max-snippet:-1, max-image-preview:large, max-video-preview:-1\" \/>\n\t<meta name=\"author\" content=\"Ana Gonz\u00e1lez\"\/>\n\t<link rel=\"canonical\" href=\"https:\/\/dudasytextos.com\/preguntaquees\/para-la-caida-del-pelo-que-es-bueno\/\" \/>\n\t<meta name=\"generator\" content=\"All in One SEO (AIOSEO) 5.0.1.1\" \/>\n\n\t\t<!-- Google tag (gtag.js) -->\n<script async src=\"https:\/\/www.googletagmanager.com\/gtag\/js?id=G-QEZWJ7M6T7\"><\/script>\n<script>\n  window.dataLayer = window.dataLayer || [];\n  function gtag(){dataLayer.push(arguments);}\n  gtag('js', new Date());\n\n  gtag('config', 'G-QEZWJ7M6T7');\n<\/script>\n<script async src=\"https:\/\/pagead2.googlesyndication.com\/pagead\/js\/adsbygoogle.js?client=ca-pub-3987500858204711\"\n     crossorigin=\"anonymous\"><\/script>\n\t\t<meta property=\"og:locale\" content=\"es_ES\" \/>\n\t\t<meta property=\"og:site_name\" content=\"\u00bfQu\u00e9 es? - \u00bfQu\u00e9 es?\" \/>\n\t\t<meta property=\"og:type\" content=\"article\" \/>\n\t\t<meta property=\"og:title\" content=\"Para la ca\u00edda del pelo que es bueno (2026) \u00bfQu\u00e9 es?\" \/>\n\t\t<meta property=\"og:description\" content=\"Para la ca\u00edda del pelo que es bueno Por Ana Gonz\u00e1lez \u00bfQu\u00e9 es la ca\u00edda del pelo? La ca\u00edda del pelo es un problema com\u00fan que afecta a muchas personas en todo el mundo, tanto hombres como mujeres. Se caracteriza por la p\u00e9rdida de cabello en forma de mechones, parches o adelgazamiento general del cabello.\" \/>\n\t\t<meta property=\"og:url\" content=\"https:\/\/dudasytextos.com\/preguntaquees\/para-la-caida-del-pelo-que-es-bueno\/\" \/>\n\t\t<meta property=\"article:published_time\" content=\"2025-02-15T22:25:21+00:00\" \/>\n\t\t<meta property=\"article:modified_time\" content=\"2025-03-12T18:26:02+00:00\" \/>\n\t\t<meta name=\"twitter:card\" content=\"summary_large_image\" \/>\n\t\t<meta name=\"twitter:title\" content=\"Para la ca\u00edda del pelo que es bueno (2026) \u00bfQu\u00e9 es?\" \/>\n\t\t<meta name=\"twitter:description\" content=\"Para la ca\u00edda del pelo que es bueno Por Ana Gonz\u00e1lez \u00bfQu\u00e9 es la ca\u00edda del pelo? La ca\u00edda del pelo es un problema com\u00fan que afecta a muchas personas en todo el mundo, tanto hombres como mujeres. Se caracteriza por la p\u00e9rdida de cabello en forma de mechones, parches o adelgazamiento general del cabello.\" \/>\n\t\t<script type=\"application\/ld+json\" class=\"aioseo-schema\">\n\t\t\t{\"@context\":\"https:\\\/\\\/schema.org\",\"@graph\":[{\"@type\":\"BlogPosting\",\"@id\":\"https:\\\/\\\/dudasytextos.com\\\/preguntaquees\\\/para-la-caida-del-pelo-que-es-bueno\\\/#blogposting\",\"name\":\"Para la ca\\u00edda del pelo que es bueno (2026) \\u00bfQu\\u00e9 es?\",\"headline\":\"Para la ca\\u00edda del pelo que es bueno\",\"author\":{\"@id\":\"https:\\\/\\\/dudasytextos.com\\\/preguntaquees\\\/author\\\/admin44\\\/#author\"},\"publisher\":{\"@id\":\"https:\\\/\\\/dudasytextos.com\\\/preguntaquees\\\/#organization\"},\"datePublished\":\"2025-02-15T22:25:21+00:00\",\"dateModified\":\"2025-03-12T18:26:02+00:00\",\"inLanguage\":\"es-ES\",\"mainEntityOfPage\":{\"@id\":\"https:\\\/\\\/dudasytextos.com\\\/preguntaquees\\\/para-la-caida-del-pelo-que-es-bueno\\\/#webpage\"},\"isPartOf\":{\"@id\":\"https:\\\/\\\/dudasytextos.com\\\/preguntaquees\\\/para-la-caida-del-pelo-que-es-bueno\\\/#webpage\"},\"articleSection\":\"\\u00bfQu\\u00e9 es?, Buenos remedios\"},{\"@type\":\"BreadcrumbList\",\"@id\":\"https:\\\/\\\/dudasytextos.com\\\/preguntaquees\\\/para-la-caida-del-pelo-que-es-bueno\\\/#breadcrumblist\",\"itemListElement\":[{\"@type\":\"ListItem\",\"@id\":\"https:\\\/\\\/dudasytextos.com\\\/preguntaquees#listItem\",\"position\":1,\"name\":\"Inicio\",\"item\":\"https:\\\/\\\/dudasytextos.com\\\/preguntaquees\",\"nextItem\":{\"@type\":\"ListItem\",\"@id\":\"https:\\\/\\\/dudasytextos.com\\\/preguntaquees\\\/category\\\/que-es\\\/#listItem\",\"name\":\"\\u00bfQu\\u00e9 es?\"}},{\"@type\":\"ListItem\",\"@id\":\"https:\\\/\\\/dudasytextos.com\\\/preguntaquees\\\/category\\\/que-es\\\/#listItem\",\"position\":2,\"name\":\"\\u00bfQu\\u00e9 es?\",\"item\":\"https:\\\/\\\/dudasytextos.com\\\/preguntaquees\\\/category\\\/que-es\\\/\",\"nextItem\":{\"@type\":\"ListItem\",\"@id\":\"https:\\\/\\\/dudasytextos.com\\\/preguntaquees\\\/para-la-caida-del-pelo-que-es-bueno\\\/#listItem\",\"name\":\"Para la ca\\u00edda del pelo que es bueno\"},\"previousItem\":{\"@type\":\"ListItem\",\"@id\":\"https:\\\/\\\/dudasytextos.com\\\/preguntaquees#listItem\",\"name\":\"Inicio\"}},{\"@type\":\"ListItem\",\"@id\":\"https:\\\/\\\/dudasytextos.com\\\/preguntaquees\\\/para-la-caida-del-pelo-que-es-bueno\\\/#listItem\",\"position\":3,\"name\":\"Para la ca\\u00edda del pelo que es bueno\",\"previousItem\":{\"@type\":\"ListItem\",\"@id\":\"https:\\\/\\\/dudasytextos.com\\\/preguntaquees\\\/category\\\/que-es\\\/#listItem\",\"name\":\"\\u00bfQu\\u00e9 es?\"}}]},{\"@type\":\"Organization\",\"@id\":\"https:\\\/\\\/dudasytextos.com\\\/preguntaquees\\\/#organization\",\"name\":\"\\u00bfC\\u00f3mo funciona?\",\"description\":\"\\u00bfQu\\u00e9 es?\",\"url\":\"https:\\\/\\\/dudasytextos.com\\\/preguntaquees\\\/\"},{\"@type\":\"Person\",\"@id\":\"https:\\\/\\\/dudasytextos.com\\\/preguntaquees\\\/author\\\/admin44\\\/#author\",\"url\":\"https:\\\/\\\/dudasytextos.com\\\/preguntaquees\\\/author\\\/admin44\\\/\",\"name\":\"Ana Gonz\\u00e1lez\"},{\"@type\":\"WebPage\",\"@id\":\"https:\\\/\\\/dudasytextos.com\\\/preguntaquees\\\/para-la-caida-del-pelo-que-es-bueno\\\/#webpage\",\"url\":\"https:\\\/\\\/dudasytextos.com\\\/preguntaquees\\\/para-la-caida-del-pelo-que-es-bueno\\\/\",\"name\":\"Para la ca\\u00edda del pelo que es bueno (2026) \\u00bfQu\\u00e9 es?\",\"description\":\"Para la ca\\u00edda del pelo que es bueno Por Ana Gonz\\u00e1lez \\u00bfQu\\u00e9 es la ca\\u00edda del pelo? La ca\\u00edda del pelo es un problema com\\u00fan que afecta a muchas personas en todo el mundo, tanto hombres como mujeres. Se caracteriza por la p\\u00e9rdida de cabello en forma de mechones, parches o adelgazamiento general del cabello.\",\"inLanguage\":\"es-ES\",\"isPartOf\":{\"@id\":\"https:\\\/\\\/dudasytextos.com\\\/preguntaquees\\\/#website\"},\"breadcrumb\":{\"@id\":\"https:\\\/\\\/dudasytextos.com\\\/preguntaquees\\\/para-la-caida-del-pelo-que-es-bueno\\\/#breadcrumblist\"},\"author\":{\"@id\":\"https:\\\/\\\/dudasytextos.com\\\/preguntaquees\\\/author\\\/admin44\\\/#author\"},\"creator\":{\"@id\":\"https:\\\/\\\/dudasytextos.com\\\/preguntaquees\\\/author\\\/admin44\\\/#author\"},\"datePublished\":\"2025-02-15T22:25:21+00:00\",\"dateModified\":\"2025-03-12T18:26:02+00:00\"},{\"@type\":\"WebSite\",\"@id\":\"https:\\\/\\\/dudasytextos.com\\\/preguntaquees\\\/#website\",\"url\":\"https:\\\/\\\/dudasytextos.com\\\/preguntaquees\\\/\",\"name\":\"\\u00bfC\\u00f3mo funciona?\",\"description\":\"\\u00bfQu\\u00e9 es?\",\"inLanguage\":\"es-ES\",\"publisher\":{\"@id\":\"https:\\\/\\\/dudasytextos.com\\\/preguntaquees\\\/#organization\"}}]}\n\t\t<\/script>\n\t\t<!-- All in One SEO -->\n\n","aioseo_head_json":{"title":"Para la ca\u00edda del pelo que es bueno (2026) \u00bfQu\u00e9 es?","description":"Para la ca\u00edda del pelo que es bueno Por Ana Gonz\u00e1lez \u00bfQu\u00e9 es la ca\u00edda del pelo? La ca\u00edda del pelo es un problema com\u00fan que afecta a muchas personas en todo el mundo, tanto hombres como mujeres. Se caracteriza por la p\u00e9rdida de cabello en forma de mechones, parches o adelgazamiento general del cabello.","canonical_url":"https:\/\/dudasytextos.com\/preguntaquees\/para-la-caida-del-pelo-que-es-bueno\/","robots":"max-snippet:-1, max-image-preview:large, max-video-preview:-1","keywords":"","webmasterTools":{"miscellaneous":"&lt;!-- Google tag (gtag.js) --&gt;\n&lt;script async src=\"https:\/\/www.googletagmanager.com\/gtag\/js?id=G-QEZWJ7M6T7\"&gt;&lt;\/script&gt;\n&lt;script&gt;\n  window.dataLayer = window.dataLayer || [];\n  function gtag(){dataLayer.push(arguments);}\n  gtag('js', new Date());\n\n  gtag('config', 'G-QEZWJ7M6T7');\n&lt;\/script&gt;\n&lt;script async src=\"https:\/\/pagead2.googlesyndication.com\/pagead\/js\/adsbygoogle.js?client=ca-pub-3987500858204711\"\n     crossorigin=\"anonymous\"&gt;&lt;\/script&gt;"},"schema":{"@context":"https:\/\/schema.org","@graph":[{"@type":"BlogPosting","@id":"https:\/\/dudasytextos.com\/preguntaquees\/para-la-caida-del-pelo-que-es-bueno\/#blogposting","name":"Para la ca\u00edda del pelo que es bueno (2026) \u00bfQu\u00e9 es?","headline":"Para la ca\u00edda del pelo que es bueno","author":{"@id":"https:\/\/dudasytextos.com\/preguntaquees\/author\/admin44\/#author"},"publisher":{"@id":"https:\/\/dudasytextos.com\/preguntaquees\/#organization"},"datePublished":"2025-02-15T22:25:21+00:00","dateModified":"2025-03-12T18:26:02+00:00","inLanguage":"es-ES","mainEntityOfPage":{"@id":"https:\/\/dudasytextos.com\/preguntaquees\/para-la-caida-del-pelo-que-es-bueno\/#webpage"},"isPartOf":{"@id":"https:\/\/dudasytextos.com\/preguntaquees\/para-la-caida-del-pelo-que-es-bueno\/#webpage"},"articleSection":"\u00bfQu\u00e9 es?, Buenos remedios"},{"@type":"BreadcrumbList","@id":"https:\/\/dudasytextos.com\/preguntaquees\/para-la-caida-del-pelo-que-es-bueno\/#breadcrumblist","itemListElement":[{"@type":"ListItem","@id":"https:\/\/dudasytextos.com\/preguntaquees#listItem","position":1,"name":"Inicio","item":"https:\/\/dudasytextos.com\/preguntaquees","nextItem":{"@type":"ListItem","@id":"https:\/\/dudasytextos.com\/preguntaquees\/category\/que-es\/#listItem","name":"\u00bfQu\u00e9 es?"}},{"@type":"ListItem","@id":"https:\/\/dudasytextos.com\/preguntaquees\/category\/que-es\/#listItem","position":2,"name":"\u00bfQu\u00e9 es?","item":"https:\/\/dudasytextos.com\/preguntaquees\/category\/que-es\/","nextItem":{"@type":"ListItem","@id":"https:\/\/dudasytextos.com\/preguntaquees\/para-la-caida-del-pelo-que-es-bueno\/#listItem","name":"Para la ca\u00edda del pelo que es bueno"},"previousItem":{"@type":"ListItem","@id":"https:\/\/dudasytextos.com\/preguntaquees#listItem","name":"Inicio"}},{"@type":"ListItem","@id":"https:\/\/dudasytextos.com\/preguntaquees\/para-la-caida-del-pelo-que-es-bueno\/#listItem","position":3,"name":"Para la ca\u00edda del pelo que es bueno","previousItem":{"@type":"ListItem","@id":"https:\/\/dudasytextos.com\/preguntaquees\/category\/que-es\/#listItem","name":"\u00bfQu\u00e9 es?"}}]},{"@type":"Organization","@id":"https:\/\/dudasytextos.com\/preguntaquees\/#organization","name":"\u00bfC\u00f3mo funciona?","description":"\u00bfQu\u00e9 es?","url":"https:\/\/dudasytextos.com\/preguntaquees\/"},{"@type":"Person","@id":"https:\/\/dudasytextos.com\/preguntaquees\/author\/admin44\/#author","url":"https:\/\/dudasytextos.com\/preguntaquees\/author\/admin44\/","name":"Ana Gonz\u00e1lez"},{"@type":"WebPage","@id":"https:\/\/dudasytextos.com\/preguntaquees\/para-la-caida-del-pelo-que-es-bueno\/#webpage","url":"https:\/\/dudasytextos.com\/preguntaquees\/para-la-caida-del-pelo-que-es-bueno\/","name":"Para la ca\u00edda del pelo que es bueno (2026) \u00bfQu\u00e9 es?","description":"Para la ca\u00edda del pelo que es bueno Por Ana Gonz\u00e1lez \u00bfQu\u00e9 es la ca\u00edda del pelo? La ca\u00edda del pelo es un problema com\u00fan que afecta a muchas personas en todo el mundo, tanto hombres como mujeres. Se caracteriza por la p\u00e9rdida de cabello en forma de mechones, parches o adelgazamiento general del cabello.","inLanguage":"es-ES","isPartOf":{"@id":"https:\/\/dudasytextos.com\/preguntaquees\/#website"},"breadcrumb":{"@id":"https:\/\/dudasytextos.com\/preguntaquees\/para-la-caida-del-pelo-que-es-bueno\/#breadcrumblist"},"author":{"@id":"https:\/\/dudasytextos.com\/preguntaquees\/author\/admin44\/#author"},"creator":{"@id":"https:\/\/dudasytextos.com\/preguntaquees\/author\/admin44\/#author"},"datePublished":"2025-02-15T22:25:21+00:00","dateModified":"2025-03-12T18:26:02+00:00"},{"@type":"WebSite","@id":"https:\/\/dudasytextos.com\/preguntaquees\/#website","url":"https:\/\/dudasytextos.com\/preguntaquees\/","name":"\u00bfC\u00f3mo funciona?","description":"\u00bfQu\u00e9 es?","inLanguage":"es-ES","publisher":{"@id":"https:\/\/dudasytextos.com\/preguntaquees\/#organization"}}]},"og:locale":"es_ES","og:site_name":"\u00bfQu\u00e9 es? - \u00bfQu\u00e9 es?","og:type":"article","og:title":"Para la ca\u00edda del pelo que es bueno (2026) \u00bfQu\u00e9 es?","og:description":"Para la ca\u00edda del pelo que es bueno Por Ana Gonz\u00e1lez \u00bfQu\u00e9 es la ca\u00edda del pelo? La ca\u00edda del pelo es un problema com\u00fan que afecta a muchas personas en todo el mundo, tanto hombres como mujeres. Se caracteriza por la p\u00e9rdida de cabello en forma de mechones, parches o adelgazamiento general del cabello.","og:url":"https:\/\/dudasytextos.com\/preguntaquees\/para-la-caida-del-pelo-que-es-bueno\/","article:published_time":"2025-02-15T22:25:21+00:00","article:modified_time":"2025-03-12T18:26:02+00:00","twitter:card":"summary_large_image","twitter:title":"Para la ca\u00edda del pelo que es bueno (2026) \u00bfQu\u00e9 es?","twitter:description":"Para la ca\u00edda del pelo que es bueno Por Ana Gonz\u00e1lez \u00bfQu\u00e9 es la ca\u00edda del pelo? La ca\u00edda del pelo es un problema com\u00fan que afecta a muchas personas en todo el mundo, tanto hombres como mujeres. Se caracteriza por la p\u00e9rdida de cabello en forma de mechones, parches o adelgazamiento general del cabello."},"aioseo_meta_data":{"post_id":"151951","title":null,"description":null,"keywords":null,"keyphrases":null,"primary_term":null,"canonical_url":null,"og_title":null,"og_description":null,"og_object_type":"default","og_image_type":"default","og_image_url":null,"og_image_width":null,"og_image_height":null,"og_image_custom_url":null,"og_image_custom_fields":null,"og_video":null,"og_custom_url":null,"og_article_section":null,"og_article_tags":null,"twitter_use_og":false,"twitter_card":"default","twitter_image_type":"default","twitter_image_url":null,"twitter_image_custom_url":null,"twitter_image_custom_fields":null,"twitter_title":null,"twitter_description":null,"schema":{"blockGraphs":[],"customGraphs":[],"default":{"data":{"Article":[],"Course":[],"Dataset":[],"FAQPage":[],"Movie":[],"Person":[],"Product":[],"ProductReview":[],"Car":[],"Recipe":[],"Service":[],"SoftwareApplication":[],"WebPage":[]},"graphName":"","isEnabled":true},"graphs":[]},"schema_type":"default","schema_type_options":null,"pillar_content":false,"robots_default":true,"robots_noindex":false,"robots_noarchive":false,"robots_nosnippet":false,"robots_nofollow":false,"robots_noimageindex":false,"robots_noodp":false,"robots_notranslate":false,"robots_max_snippet":null,"robots_max_videopreview":null,"robots_max_imagepreview":"large","priority":null,"frequency":null,"local_seo":null,"breadcrumb_settings":null,"limit_modified_date":false,"ai":null,"created":"2023-05-09 12:47:48","updated":"2025-06-03 19:20:48","seo_analyzer_scan_date":null,"focus_keyword":null,"additional_keywords":null,"truseo_locale":null},"aioseo_breadcrumb":"<div class=\"aioseo-breadcrumbs\"><span class=\"aioseo-breadcrumb\">\n\t\t\t<a href=\"https:\/\/dudasytextos.com\/preguntaquees\" title=\"Inicio\">Inicio<\/a>\n\t\t<\/span><span class=\"aioseo-breadcrumb-separator\">&raquo;<\/span><span class=\"aioseo-breadcrumb\">\n\t\t\t<a href=\"https:\/\/dudasytextos.com\/preguntaquees\/category\/que-es\/\" title=\"\u00bfQu\u00e9 es?\">\u00bfQu\u00e9 es?<\/a>\n\t\t<\/span><span class=\"aioseo-breadcrumb-separator\">&raquo;<\/span><span class=\"aioseo-breadcrumb\">\n\t\t\tPara la ca\u00edda del pelo que es bueno\n\t\t<\/span><\/div>","aioseo_breadcrumb_json":[{"label":"Inicio","link":"https:\/\/dudasytextos.com\/preguntaquees"},{"label":"\u00bfQu\u00e9 es?","link":"https:\/\/dudasytextos.com\/preguntaquees\/category\/que-es\/"},{"label":"Para la ca\u00edda del pelo que es bueno","link":"https:\/\/dudasytextos.com\/preguntaquees\/para-la-caida-del-pelo-que-es-bueno\/"}],"_links":{"self":[{"href":"https:\/\/dudasytextos.com\/preguntaquees\/wp-json\/wp\/v2\/posts\/151951","targetHints":{"allow":["GET"]}}],"collection":[{"href":"https:\/\/dudasytextos.com\/preguntaquees\/wp-json\/wp\/v2\/posts"}],"about":[{"href":"https:\/\/dudasytextos.com\/preguntaquees\/wp-json\/wp\/v2\/types\/post"}],"author":[{"embeddable":true,"href":"https:\/\/dudasytextos.com\/preguntaquees\/wp-json\/wp\/v2\/users\/1"}],"replies":[{"embeddable":true,"href":"https:\/\/dudasytextos.com\/preguntaquees\/wp-json\/wp\/v2\/comments?post=151951"}],"version-history":[{"count":1,"href":"https:\/\/dudasytextos.com\/preguntaquees\/wp-json\/wp\/v2\/posts\/151951\/revisions"}],"predecessor-version":[{"id":153878,"href":"https:\/\/dudasytextos.com\/preguntaquees\/wp-json\/wp\/v2\/posts\/151951\/revisions\/153878"}],"wp:attachment":[{"href":"https:\/\/dudasytextos.com\/preguntaquees\/wp-json\/wp\/v2\/media?parent=151951"}],"wp:term":[{"taxonomy":"category","embeddable":true,"href":"https:\/\/dudasytextos.com\/preguntaquees\/wp-json\/wp\/v2\/categories?post=151951"},{"taxonomy":"post_tag","embeddable":true,"href":"https:\/\/dudasytextos.com\/preguntaquees\/wp-json\/wp\/v2\/tags?post=151951"}],"curies":[{"name":"wp","href":"https:\/\/api.w.org\/{rel}","templated":true}]}}