{"id":152057,"date":"2025-03-01T18:55:58","date_gmt":"2025-03-01T18:55:58","guid":{"rendered":"https:\/\/educacion.cc\/?p=152057"},"modified":"2025-03-12T15:38:57","modified_gmt":"2025-03-12T15:38:57","slug":"que-es-la-revolucion-francesa","status":"publish","type":"post","link":"https:\/\/dudasytextos.com\/preguntaquees\/que-es-la-revolucion-francesa\/","title":{"rendered":"Qu\u00e9 es la revolucion francesa"},"content":{"rendered":"<div id=\"ez-toc-container\" class=\"ez-toc-v2_0_87 counter-hierarchy ez-toc-counter ez-toc-custom ez-toc-container-direction\">\n<div class=\"ez-toc-title-container\">\n<span class=\"ez-toc-title-toggle\"><\/span><\/div>\n<nav><ul class='ez-toc-list ez-toc-list-level-1 ' ><li class='ez-toc-page-1 ez-toc-heading-level-2'><a class=\"ez-toc-link ez-toc-heading-1\" href=\"https:\/\/dudasytextos.com\/preguntaquees\/que-es-la-revolucion-francesa\/#La_Revolucion_Francesa_el_cambio_que_marco_la_historia\" >La Revoluci\u00f3n Francesa: el cambio que marc\u00f3 la historia<\/a><\/li><li class='ez-toc-page-1 ez-toc-heading-level-2'><a class=\"ez-toc-link ez-toc-heading-2\" href=\"https:\/\/dudasytextos.com\/preguntaquees\/que-es-la-revolucion-francesa\/#Por_Ana_Gonzalez\" >Por Ana Gonz\u00e1lez<\/a><\/li><li class='ez-toc-page-1 ez-toc-heading-level-2'><a class=\"ez-toc-link ez-toc-heading-3\" href=\"https:\/\/dudasytextos.com\/preguntaquees\/que-es-la-revolucion-francesa\/#Curiosidades_sobre_la_Revolucion_Francesa\" >Curiosidades sobre la Revoluci\u00f3n Francesa<\/a><\/li><li class='ez-toc-page-1 ez-toc-heading-level-2'><a class=\"ez-toc-link ez-toc-heading-4\" href=\"https:\/\/dudasytextos.com\/preguntaquees\/que-es-la-revolucion-francesa\/#%C2%BFQue_es_la_Revolucion_Francesa\" >\u00bfQu\u00e9 es la Revoluci\u00f3n Francesa?<\/a><\/li><li class='ez-toc-page-1 ez-toc-heading-level-2'><a class=\"ez-toc-link ez-toc-heading-5\" href=\"https:\/\/dudasytextos.com\/preguntaquees\/que-es-la-revolucion-francesa\/#%C2%BFPor_que_la_Revolucion_Francesa_es_importante\" >\u00bfPor qu\u00e9 la Revoluci\u00f3n Francesa es importante?<\/a><\/li><li class='ez-toc-page-1 ez-toc-heading-level-2'><a class=\"ez-toc-link ez-toc-heading-6\" href=\"https:\/\/dudasytextos.com\/preguntaquees\/que-es-la-revolucion-francesa\/#%C2%BFCuales_fueron_las_causas_de_la_Revolucion_Francesa\" >\u00bfCu\u00e1les fueron las causas de la Revoluci\u00f3n Francesa?<\/a><\/li><li class='ez-toc-page-1 ez-toc-heading-level-2'><a class=\"ez-toc-link ez-toc-heading-7\" href=\"https:\/\/dudasytextos.com\/preguntaquees\/que-es-la-revolucion-francesa\/#%C2%BFCuales_fueron_las_consecuencias_de_la_Revolucion_Francesa\" >\u00bfCu\u00e1les fueron las consecuencias de la Revoluci\u00f3n Francesa?<\/a><\/li><li class='ez-toc-page-1 ez-toc-heading-level-2'><a class=\"ez-toc-link ez-toc-heading-8\" href=\"https:\/\/dudasytextos.com\/preguntaquees\/que-es-la-revolucion-francesa\/#Mi_experiencia_personal_con_la_Revolucion_Francesa\" >Mi experiencia personal con la Revoluci\u00f3n Francesa<\/a><\/li><li class='ez-toc-page-1 ez-toc-heading-level-2'><a class=\"ez-toc-link ez-toc-heading-9\" href=\"https:\/\/dudasytextos.com\/preguntaquees\/que-es-la-revolucion-francesa\/#Preguntas_frecuentes_sobre_la_Revolucion_Francesa\" >Preguntas frecuentes sobre la Revoluci\u00f3n Francesa<\/a><ul class='ez-toc-list-level-3' ><li class='ez-toc-heading-level-3'><a class=\"ez-toc-link ez-toc-heading-10\" href=\"https:\/\/dudasytextos.com\/preguntaquees\/que-es-la-revolucion-francesa\/#%C2%BFCuando_comenzo_la_Revolucion_Francesa\" >\u00bfCu\u00e1ndo comenz\u00f3 la Revoluci\u00f3n Francesa?<\/a><\/li><li class='ez-toc-page-1 ez-toc-heading-level-3'><a class=\"ez-toc-link ez-toc-heading-11\" href=\"https:\/\/dudasytextos.com\/preguntaquees\/que-es-la-revolucion-francesa\/#%C2%BFCuanto_tiempo_duro_la_Revolucion_Francesa\" >\u00bfCu\u00e1nto tiempo dur\u00f3 la Revoluci\u00f3n Francesa?<\/a><\/li><li class='ez-toc-page-1 ez-toc-heading-level-3'><a class=\"ez-toc-link ez-toc-heading-12\" href=\"https:\/\/dudasytextos.com\/preguntaquees\/que-es-la-revolucion-francesa\/#%C2%BFQue_cambios_importantes_ocurrieron_durante_la_Revolucion_Francesa\" >\u00bfQu\u00e9 cambios importantes ocurrieron durante la Revoluci\u00f3n Francesa?<\/a><\/li><li class='ez-toc-page-1 ez-toc-heading-level-3'><a class=\"ez-toc-link ez-toc-heading-13\" href=\"https:\/\/dudasytextos.com\/preguntaquees\/que-es-la-revolucion-francesa\/#%C2%BFComo_influyo_la_Revolucion_Francesa_en_la_politica_y_la_sociedad_europea\" >\u00bfC\u00f3mo influy\u00f3 la Revoluci\u00f3n Francesa en la pol\u00edtica y la sociedad europea?<\/a><\/li><li class='ez-toc-page-1 ez-toc-heading-level-3'><a class=\"ez-toc-link ez-toc-heading-14\" href=\"https:\/\/dudasytextos.com\/preguntaquees\/que-es-la-revolucion-francesa\/#%C2%BFPor_que_la_Revolucion_Francesa_es_importante-2\" >\u00bfPor qu\u00e9 la Revoluci\u00f3n Francesa es importante?<\/a><\/li><\/ul><\/li><\/ul><\/nav><\/div>\n<h2><span class=\"ez-toc-section\" id=\"La_Revolucion_Francesa_el_cambio_que_marco_la_historia\"><\/span>La Revoluci\u00f3n Francesa: el cambio que marc\u00f3 la historia<span class=\"ez-toc-section-end\"><\/span><\/h2>\n<h2><span class=\"ez-toc-section\" id=\"Por_Ana_Gonzalez\"><\/span>Por Ana Gonz\u00e1lez<span class=\"ez-toc-section-end\"><\/span><\/h2>\n<section>\n<h2><span class=\"ez-toc-section\" id=\"Curiosidades_sobre_la_Revolucion_Francesa\"><\/span>Curiosidades sobre la Revoluci\u00f3n Francesa<span class=\"ez-toc-section-end\"><\/span><\/h2>\n<ul>\n<li>La Revoluci\u00f3n Francesa comenz\u00f3 en 1789 y dur\u00f3 10 a\u00f1os.<\/li>\n<li>Fue un movimiento social y pol\u00edtico que tuvo lugar en Francia y que se extendi\u00f3 por toda Europa.<\/li>\n<li>La Revoluci\u00f3n Francesa dio lugar al fin de la monarqu\u00eda absoluta y el nacimiento de la Rep\u00fablica Francesa.<\/li>\n<li>La Revoluci\u00f3n Francesa es considerada como el acontecimiento m\u00e1s importante de la Edad Moderna.<\/li>\n<li>La Revoluci\u00f3n Francesa inspir\u00f3 a otras revoluciones en todo el mundo, incluyendo la Revoluci\u00f3n Industrial.<\/li>\n<\/ul>\n<\/section>\n<section>\n<h2><span class=\"ez-toc-section\" id=\"%C2%BFQue_es_la_Revolucion_Francesa\"><\/span>\u00bfQu\u00e9 es la Revoluci\u00f3n Francesa?<span class=\"ez-toc-section-end\"><\/span><\/h2>\n<p>La Revoluci\u00f3n Francesa fue un movimiento social y pol\u00edtico que tuvo lugar en Francia en el siglo XVIII. Este movimiento fue impulsado por la necesidad de cambio en la sociedad francesa, que se encontraba en una situaci\u00f3n de crisis econ\u00f3mica y social. La Revoluci\u00f3n Francesa tuvo como objetivo acabar con la monarqu\u00eda absoluta y el sistema feudal, y establecer una sociedad m\u00e1s justa e igualitaria.<\/p>\n<p>La Revoluci\u00f3n Francesa tuvo un gran impacto en la historia, ya que fue el primer movimiento que puso en cuesti\u00f3n el poder absoluto de la monarqu\u00eda y estableci\u00f3 la idea de que el poder deb\u00eda radicar en el pueblo. Este movimiento sent\u00f3 las bases para la democracia moderna y tuvo un gran impacto en la pol\u00edtica y la sociedad europea.<\/p>\n<\/section>\n<section>\n<h2><span class=\"ez-toc-section\" id=\"%C2%BFPor_que_la_Revolucion_Francesa_es_importante\"><\/span>\u00bfPor qu\u00e9 la Revoluci\u00f3n Francesa es importante?<span class=\"ez-toc-section-end\"><\/span><\/h2>\n<p>La Revoluci\u00f3n Francesa es importante porque fue el primer movimiento que desafi\u00f3 el poder absoluto de la monarqu\u00eda y estableci\u00f3 la idea de que el poder deb\u00eda radicar en el pueblo. Este movimiento sent\u00f3 las bases para la democracia moderna y tuvo un gran impacto en la pol\u00edtica y la sociedad europea.<\/p>\n<p>La Revoluci\u00f3n Francesa tambi\u00e9n tuvo un gran impacto en la econom\u00eda, ya que dio lugar al surgimiento de la Revoluci\u00f3n Industrial. La Revoluci\u00f3n Francesa inspir\u00f3 a otros movimientos revolucionarios en todo el mundo, incluyendo la Revoluci\u00f3n de Hait\u00ed y la Revoluci\u00f3n Latinoamericana.<\/p>\n<p>En resumen, la Revoluci\u00f3n Francesa es importante porque sent\u00f3 las bases para la democracia moderna, tuvo un gran impacto en la econom\u00eda y dio lugar a otros movimientos revolucionarios en todo el mundo.<\/p>\n<\/section>\n<section>\n<h2><span class=\"ez-toc-section\" id=\"%C2%BFCuales_fueron_las_causas_de_la_Revolucion_Francesa\"><\/span>\u00bfCu\u00e1les fueron las causas de la Revoluci\u00f3n Francesa?<span class=\"ez-toc-section-end\"><\/span><\/h2>\n<p>La Revoluci\u00f3n Francesa fue causada por una serie de factores que incluyen:<\/p>\n<ul>\n<li>La crisis econ\u00f3mica y social en Francia.<\/li>\n<li>El descontento de la burgues\u00eda, que quer\u00eda tener m\u00e1s poder pol\u00edtico.<\/li>\n<li>La influencia de las ideas de la Ilustraci\u00f3n, que cuestionaban el poder absoluto de la monarqu\u00eda.<\/li>\n<li>El descontento de la clase trabajadora, que quer\u00eda mejores condiciones laborales y salarios m\u00e1s altos.<\/li>\n<li>La influencia de la Revoluci\u00f3n Americana, que estableci\u00f3 la idea de que el poder deb\u00eda radicar en el pueblo.<\/li>\n<\/ul>\n<\/section>\n<section>\n<h2><span class=\"ez-toc-section\" id=\"%C2%BFCuales_fueron_las_consecuencias_de_la_Revolucion_Francesa\"><\/span>\u00bfCu\u00e1les fueron las consecuencias de la Revoluci\u00f3n Francesa?<span class=\"ez-toc-section-end\"><\/span><\/h2>\n<p>La Revoluci\u00f3n Francesa tuvo una serie de consecuencias importantes, incluyendo:<\/p>\n<ul>\n<li>El fin de la monarqu\u00eda absoluta y el nacimiento de la Rep\u00fablica Francesa.<\/li>\n<li>La abolici\u00f3n del sistema feudal y la creaci\u00f3n de un sistema de derechos y libertades para todos los ciudadanos.<\/li>\n<li>El establecimiento de la idea de que el poder deb\u00eda radicar en el pueblo y no en una sola persona o grupo.<\/li>\n<li>El surgimiento de la Revoluci\u00f3n Industrial y la modernizaci\u00f3n de la econom\u00eda francesa.<\/li>\n<li>El establecimiento de la idea de que todas las personas son iguales ante la ley y tienen los mismos derechos y libertades.<\/li>\n<\/ul>\n<\/section>\n<section>\n<h2><span class=\"ez-toc-section\" id=\"Mi_experiencia_personal_con_la_Revolucion_Francesa\"><\/span>Mi experiencia personal con la Revoluci\u00f3n Francesa<span class=\"ez-toc-section-end\"><\/span><\/h2>\n<p>La Revoluci\u00f3n Francesa siempre ha sido un tema que me ha interesado mucho. Me encanta leer sobre la historia de Francia y c\u00f3mo este movimiento social y pol\u00edtico cambi\u00f3 el curso de la historia.<\/p>\n<p>Recientemente, visit\u00e9 Par\u00eds y tuve la oportunidad de visitar algunos de los lugares hist\u00f3ricos relacionados con la Revoluci\u00f3n Francesa, como la Bastilla y el Palacio de Versalles. Fue una experiencia incre\u00edble ver estos lugares de cerca y aprender m\u00e1s sobre la historia de Francia.<\/p>\n<p>La Revoluci\u00f3n Francesa ha sido una gran inspiraci\u00f3n para m\u00ed, ya que me ha ense\u00f1ado la importancia de luchar por lo que uno cree y de no conformarse con la injusticia. Espero que la historia de la Revoluci\u00f3n Francesa siga inspirando a las generaciones futuras a luchar por un mundo m\u00e1s justo y equitativo para todos.<\/p>\n<\/section>\n<section>\n<h2><span class=\"ez-toc-section\" id=\"Preguntas_frecuentes_sobre_la_Revolucion_Francesa\"><\/span>Preguntas frecuentes sobre la Revoluci\u00f3n Francesa<span class=\"ez-toc-section-end\"><\/span><\/h2>\n<h3><span class=\"ez-toc-section\" id=\"%C2%BFCuando_comenzo_la_Revolucion_Francesa\"><\/span>\u00bfCu\u00e1ndo comenz\u00f3 la Revoluci\u00f3n Francesa?<span class=\"ez-toc-section-end\"><\/span><\/h3>\n<p>La Revoluci\u00f3n Francesa comenz\u00f3 en 1789.<\/p>\n<h3><span class=\"ez-toc-section\" id=\"%C2%BFCuanto_tiempo_duro_la_Revolucion_Francesa\"><\/span>\u00bfCu\u00e1nto tiempo dur\u00f3 la Revoluci\u00f3n Francesa?<span class=\"ez-toc-section-end\"><\/span><\/h3>\n<p>La Revoluci\u00f3n Francesa dur\u00f3 10 a\u00f1os, desde 1789 hasta 1799.<\/p>\n<h3><span class=\"ez-toc-section\" id=\"%C2%BFQue_cambios_importantes_ocurrieron_durante_la_Revolucion_Francesa\"><\/span>\u00bfQu\u00e9 cambios importantes ocurrieron durante la Revoluci\u00f3n Francesa?<span class=\"ez-toc-section-end\"><\/span><\/h3>\n<p>La Revoluci\u00f3n Francesa dio lugar al fin de la monarqu\u00eda absoluta y el nacimiento de la Rep\u00fablica Francesa. Tambi\u00e9n dio lugar a la abolici\u00f3n del sistema feudal y la creaci\u00f3n de un sistema de derechos y libertades para todos los ciudadanos. Adem\u00e1s, la Revoluci\u00f3n Francesa estableci\u00f3 la idea de que el poder deb\u00eda radicar en el pueblo y no en una sola persona o grupo.<\/p>\n<h3><span class=\"ez-toc-section\" id=\"%C2%BFComo_influyo_la_Revolucion_Francesa_en_la_politica_y_la_sociedad_europea\"><\/span>\u00bfC\u00f3mo influy\u00f3 la Revoluci\u00f3n Francesa en la pol\u00edtica y la sociedad europea?<span class=\"ez-toc-section-end\"><\/span><\/h3>\n<p>La Revoluci\u00f3n Francesa tuvo un gran impacto en la pol\u00edtica y la sociedad europea, ya que sent\u00f3 las bases para la democracia moderna y estableci\u00f3 la idea de que el poder deb\u00eda radicar en el pueblo y no en una sola persona o grupo. La Revoluci\u00f3n Francesa tambi\u00e9n inspir\u00f3 a otros movimientos revolucionarios en todo el mundo, incluyendo la Revoluci\u00f3n de Hait\u00ed y la Revoluci\u00f3n Latinoamericana.<\/p>\n<h3><span class=\"ez-toc-section\" id=\"%C2%BFPor_que_la_Revolucion_Francesa_es_importante-2\"><\/span>\u00bfPor qu\u00e9 la Revoluci\u00f3n Francesa es importante?<span class=\"ez-toc-section-end\"><\/span><\/h3>\n<p>La Revoluci\u00f3n Francesa es importante porque sent\u00f3 las bases para la democracia moderna, tuvo un gran impacto en la econom\u00eda y dio lugar a otros movimientos revolucionarios en todo el mundo.<\/p>\n<\/section>\n<footer>\n<p>Copyright \u00a9 2023 Ana Gonz\u00e1lez<\/p>\n<\/footer>\n","protected":false},"excerpt":{"rendered":"<p>La Revoluci\u00f3n Francesa: el cambio que marc\u00f3 la historia Por Ana Gonz\u00e1lez Curiosidades sobre la Revoluci\u00f3n Francesa La Revoluci\u00f3n Francesa comenz\u00f3 en 1789 y dur\u00f3 10 a\u00f1os. Fue un movimiento social y pol\u00edtico que tuvo lugar en Francia y que se extendi\u00f3 por toda Europa. La Revoluci\u00f3n Francesa dio lugar al fin de la monarqu\u00eda &#8230; <a title=\"Qu\u00e9 es la revolucion francesa\" class=\"read-more\" href=\"https:\/\/dudasytextos.com\/preguntaquees\/que-es-la-revolucion-francesa\/\" aria-label=\"M\u00e1s en Qu\u00e9 es la revolucion francesa\">Leer m\u00e1s<\/a><\/p>\n","protected":false},"author":1,"featured_media":0,"comment_status":"open","ping_status":"open","sticky":false,"template":"","format":"standard","meta":{"footnotes":""},"categories":[4],"tags":[],"class_list":["post-152057","post","type-post","status-publish","format-standard","hentry","category-que-es"],"aioseo_notices":[],"aioseo_head":"\n\t\t<!-- All in One SEO 5.0.1.1 - aioseo.com -->\n\t<meta name=\"description\" content=\"La Revoluci\u00f3n Francesa: el cambio que marc\u00f3 la historia Por Ana Gonz\u00e1lez Curiosidades sobre la Revoluci\u00f3n Francesa La Revoluci\u00f3n Francesa comenz\u00f3 en 1789 y dur\u00f3 10 a\u00f1os. Fue un movimiento social y pol\u00edtico que tuvo lugar en Francia y que se extendi\u00f3 por toda Europa. La Revoluci\u00f3n Francesa dio lugar al fin de la monarqu\u00eda\" \/>\n\t<meta name=\"robots\" content=\"max-snippet:-1, max-image-preview:large, max-video-preview:-1\" \/>\n\t<meta name=\"author\" content=\"Ana Gonz\u00e1lez\"\/>\n\t<link rel=\"canonical\" href=\"https:\/\/dudasytextos.com\/preguntaquees\/que-es-la-revolucion-francesa\/\" \/>\n\t<meta name=\"generator\" content=\"All in One SEO (AIOSEO) 5.0.1.1\" \/>\n\n\t\t<!-- Google tag (gtag.js) -->\n<script async src=\"https:\/\/www.googletagmanager.com\/gtag\/js?id=G-QEZWJ7M6T7\"><\/script>\n<script>\n  window.dataLayer = window.dataLayer || [];\n  function gtag(){dataLayer.push(arguments);}\n  gtag('js', new Date());\n\n  gtag('config', 'G-QEZWJ7M6T7');\n<\/script>\n<script async src=\"https:\/\/pagead2.googlesyndication.com\/pagead\/js\/adsbygoogle.js?client=ca-pub-3987500858204711\"\n     crossorigin=\"anonymous\"><\/script>\n\t\t<meta property=\"og:locale\" content=\"es_ES\" \/>\n\t\t<meta property=\"og:site_name\" content=\"\u00bfQu\u00e9 es? - \u00bfQu\u00e9 es?\" \/>\n\t\t<meta property=\"og:type\" content=\"article\" \/>\n\t\t<meta property=\"og:title\" content=\"Qu\u00e9 es la revolucion francesa (2026) \u00bfQu\u00e9 es?\" \/>\n\t\t<meta property=\"og:description\" content=\"La Revoluci\u00f3n Francesa: el cambio que marc\u00f3 la historia Por Ana Gonz\u00e1lez Curiosidades sobre la Revoluci\u00f3n Francesa La Revoluci\u00f3n Francesa comenz\u00f3 en 1789 y dur\u00f3 10 a\u00f1os. Fue un movimiento social y pol\u00edtico que tuvo lugar en Francia y que se extendi\u00f3 por toda Europa. La Revoluci\u00f3n Francesa dio lugar al fin de la monarqu\u00eda\" \/>\n\t\t<meta property=\"og:url\" content=\"https:\/\/dudasytextos.com\/preguntaquees\/que-es-la-revolucion-francesa\/\" \/>\n\t\t<meta property=\"article:published_time\" content=\"2025-03-01T18:55:58+00:00\" \/>\n\t\t<meta property=\"article:modified_time\" content=\"2025-03-12T15:38:57+00:00\" \/>\n\t\t<meta name=\"twitter:card\" content=\"summary_large_image\" \/>\n\t\t<meta name=\"twitter:title\" content=\"Qu\u00e9 es la revolucion francesa (2026) \u00bfQu\u00e9 es?\" \/>\n\t\t<meta name=\"twitter:description\" content=\"La Revoluci\u00f3n Francesa: el cambio que marc\u00f3 la historia Por Ana Gonz\u00e1lez Curiosidades sobre la Revoluci\u00f3n Francesa La Revoluci\u00f3n Francesa comenz\u00f3 en 1789 y dur\u00f3 10 a\u00f1os. Fue un movimiento social y pol\u00edtico que tuvo lugar en Francia y que se extendi\u00f3 por toda Europa. La Revoluci\u00f3n Francesa dio lugar al fin de la monarqu\u00eda\" \/>\n\t\t<script type=\"application\/ld+json\" class=\"aioseo-schema\">\n\t\t\t{\"@context\":\"https:\\\/\\\/schema.org\",\"@graph\":[{\"@type\":\"BlogPosting\",\"@id\":\"https:\\\/\\\/dudasytextos.com\\\/preguntaquees\\\/que-es-la-revolucion-francesa\\\/#blogposting\",\"name\":\"Qu\\u00e9 es la revolucion francesa (2026) \\u00bfQu\\u00e9 es?\",\"headline\":\"Qu\\u00e9 es la revolucion francesa\",\"author\":{\"@id\":\"https:\\\/\\\/dudasytextos.com\\\/preguntaquees\\\/author\\\/admin44\\\/#author\"},\"publisher\":{\"@id\":\"https:\\\/\\\/dudasytextos.com\\\/preguntaquees\\\/#organization\"},\"datePublished\":\"2025-03-01T18:55:58+00:00\",\"dateModified\":\"2025-03-12T15:38:57+00:00\",\"inLanguage\":\"es-ES\",\"mainEntityOfPage\":{\"@id\":\"https:\\\/\\\/dudasytextos.com\\\/preguntaquees\\\/que-es-la-revolucion-francesa\\\/#webpage\"},\"isPartOf\":{\"@id\":\"https:\\\/\\\/dudasytextos.com\\\/preguntaquees\\\/que-es-la-revolucion-francesa\\\/#webpage\"},\"articleSection\":\"\\u00bfQu\\u00e9 es?\"},{\"@type\":\"BreadcrumbList\",\"@id\":\"https:\\\/\\\/dudasytextos.com\\\/preguntaquees\\\/que-es-la-revolucion-francesa\\\/#breadcrumblist\",\"itemListElement\":[{\"@type\":\"ListItem\",\"@id\":\"https:\\\/\\\/dudasytextos.com\\\/preguntaquees#listItem\",\"position\":1,\"name\":\"Inicio\",\"item\":\"https:\\\/\\\/dudasytextos.com\\\/preguntaquees\",\"nextItem\":{\"@type\":\"ListItem\",\"@id\":\"https:\\\/\\\/dudasytextos.com\\\/preguntaquees\\\/category\\\/que-es\\\/#listItem\",\"name\":\"\\u00bfQu\\u00e9 es?\"}},{\"@type\":\"ListItem\",\"@id\":\"https:\\\/\\\/dudasytextos.com\\\/preguntaquees\\\/category\\\/que-es\\\/#listItem\",\"position\":2,\"name\":\"\\u00bfQu\\u00e9 es?\",\"item\":\"https:\\\/\\\/dudasytextos.com\\\/preguntaquees\\\/category\\\/que-es\\\/\",\"nextItem\":{\"@type\":\"ListItem\",\"@id\":\"https:\\\/\\\/dudasytextos.com\\\/preguntaquees\\\/que-es-la-revolucion-francesa\\\/#listItem\",\"name\":\"Qu\\u00e9 es la revolucion francesa\"},\"previousItem\":{\"@type\":\"ListItem\",\"@id\":\"https:\\\/\\\/dudasytextos.com\\\/preguntaquees#listItem\",\"name\":\"Inicio\"}},{\"@type\":\"ListItem\",\"@id\":\"https:\\\/\\\/dudasytextos.com\\\/preguntaquees\\\/que-es-la-revolucion-francesa\\\/#listItem\",\"position\":3,\"name\":\"Qu\\u00e9 es la revolucion francesa\",\"previousItem\":{\"@type\":\"ListItem\",\"@id\":\"https:\\\/\\\/dudasytextos.com\\\/preguntaquees\\\/category\\\/que-es\\\/#listItem\",\"name\":\"\\u00bfQu\\u00e9 es?\"}}]},{\"@type\":\"Organization\",\"@id\":\"https:\\\/\\\/dudasytextos.com\\\/preguntaquees\\\/#organization\",\"name\":\"\\u00bfC\\u00f3mo funciona?\",\"description\":\"\\u00bfQu\\u00e9 es?\",\"url\":\"https:\\\/\\\/dudasytextos.com\\\/preguntaquees\\\/\"},{\"@type\":\"Person\",\"@id\":\"https:\\\/\\\/dudasytextos.com\\\/preguntaquees\\\/author\\\/admin44\\\/#author\",\"url\":\"https:\\\/\\\/dudasytextos.com\\\/preguntaquees\\\/author\\\/admin44\\\/\",\"name\":\"Ana Gonz\\u00e1lez\"},{\"@type\":\"WebPage\",\"@id\":\"https:\\\/\\\/dudasytextos.com\\\/preguntaquees\\\/que-es-la-revolucion-francesa\\\/#webpage\",\"url\":\"https:\\\/\\\/dudasytextos.com\\\/preguntaquees\\\/que-es-la-revolucion-francesa\\\/\",\"name\":\"Qu\\u00e9 es la revolucion francesa (2026) \\u00bfQu\\u00e9 es?\",\"description\":\"La Revoluci\\u00f3n Francesa: el cambio que marc\\u00f3 la historia Por Ana Gonz\\u00e1lez Curiosidades sobre la Revoluci\\u00f3n Francesa La Revoluci\\u00f3n Francesa comenz\\u00f3 en 1789 y dur\\u00f3 10 a\\u00f1os. Fue un movimiento social y pol\\u00edtico que tuvo lugar en Francia y que se extendi\\u00f3 por toda Europa. La Revoluci\\u00f3n Francesa dio lugar al fin de la monarqu\\u00eda\",\"inLanguage\":\"es-ES\",\"isPartOf\":{\"@id\":\"https:\\\/\\\/dudasytextos.com\\\/preguntaquees\\\/#website\"},\"breadcrumb\":{\"@id\":\"https:\\\/\\\/dudasytextos.com\\\/preguntaquees\\\/que-es-la-revolucion-francesa\\\/#breadcrumblist\"},\"author\":{\"@id\":\"https:\\\/\\\/dudasytextos.com\\\/preguntaquees\\\/author\\\/admin44\\\/#author\"},\"creator\":{\"@id\":\"https:\\\/\\\/dudasytextos.com\\\/preguntaquees\\\/author\\\/admin44\\\/#author\"},\"datePublished\":\"2025-03-01T18:55:58+00:00\",\"dateModified\":\"2025-03-12T15:38:57+00:00\"},{\"@type\":\"WebSite\",\"@id\":\"https:\\\/\\\/dudasytextos.com\\\/preguntaquees\\\/#website\",\"url\":\"https:\\\/\\\/dudasytextos.com\\\/preguntaquees\\\/\",\"name\":\"\\u00bfC\\u00f3mo funciona?\",\"description\":\"\\u00bfQu\\u00e9 es?\",\"inLanguage\":\"es-ES\",\"publisher\":{\"@id\":\"https:\\\/\\\/dudasytextos.com\\\/preguntaquees\\\/#organization\"}}]}\n\t\t<\/script>\n\t\t<!-- All in One SEO -->\n\n","aioseo_head_json":{"title":"Qu\u00e9 es la revolucion francesa (2026) \u00bfQu\u00e9 es?","description":"La Revoluci\u00f3n Francesa: el cambio que marc\u00f3 la historia Por Ana Gonz\u00e1lez Curiosidades sobre la Revoluci\u00f3n Francesa La Revoluci\u00f3n Francesa comenz\u00f3 en 1789 y dur\u00f3 10 a\u00f1os. Fue un movimiento social y pol\u00edtico que tuvo lugar en Francia y que se extendi\u00f3 por toda Europa. La Revoluci\u00f3n Francesa dio lugar al fin de la monarqu\u00eda","canonical_url":"https:\/\/dudasytextos.com\/preguntaquees\/que-es-la-revolucion-francesa\/","robots":"max-snippet:-1, max-image-preview:large, max-video-preview:-1","keywords":"","webmasterTools":{"miscellaneous":"&lt;!-- Google tag (gtag.js) --&gt;\n&lt;script async src=\"https:\/\/www.googletagmanager.com\/gtag\/js?id=G-QEZWJ7M6T7\"&gt;&lt;\/script&gt;\n&lt;script&gt;\n  window.dataLayer = window.dataLayer || [];\n  function gtag(){dataLayer.push(arguments);}\n  gtag('js', new Date());\n\n  gtag('config', 'G-QEZWJ7M6T7');\n&lt;\/script&gt;\n&lt;script async src=\"https:\/\/pagead2.googlesyndication.com\/pagead\/js\/adsbygoogle.js?client=ca-pub-3987500858204711\"\n     crossorigin=\"anonymous\"&gt;&lt;\/script&gt;"},"schema":{"@context":"https:\/\/schema.org","@graph":[{"@type":"BlogPosting","@id":"https:\/\/dudasytextos.com\/preguntaquees\/que-es-la-revolucion-francesa\/#blogposting","name":"Qu\u00e9 es la revolucion francesa (2026) \u00bfQu\u00e9 es?","headline":"Qu\u00e9 es la revolucion francesa","author":{"@id":"https:\/\/dudasytextos.com\/preguntaquees\/author\/admin44\/#author"},"publisher":{"@id":"https:\/\/dudasytextos.com\/preguntaquees\/#organization"},"datePublished":"2025-03-01T18:55:58+00:00","dateModified":"2025-03-12T15:38:57+00:00","inLanguage":"es-ES","mainEntityOfPage":{"@id":"https:\/\/dudasytextos.com\/preguntaquees\/que-es-la-revolucion-francesa\/#webpage"},"isPartOf":{"@id":"https:\/\/dudasytextos.com\/preguntaquees\/que-es-la-revolucion-francesa\/#webpage"},"articleSection":"\u00bfQu\u00e9 es?"},{"@type":"BreadcrumbList","@id":"https:\/\/dudasytextos.com\/preguntaquees\/que-es-la-revolucion-francesa\/#breadcrumblist","itemListElement":[{"@type":"ListItem","@id":"https:\/\/dudasytextos.com\/preguntaquees#listItem","position":1,"name":"Inicio","item":"https:\/\/dudasytextos.com\/preguntaquees","nextItem":{"@type":"ListItem","@id":"https:\/\/dudasytextos.com\/preguntaquees\/category\/que-es\/#listItem","name":"\u00bfQu\u00e9 es?"}},{"@type":"ListItem","@id":"https:\/\/dudasytextos.com\/preguntaquees\/category\/que-es\/#listItem","position":2,"name":"\u00bfQu\u00e9 es?","item":"https:\/\/dudasytextos.com\/preguntaquees\/category\/que-es\/","nextItem":{"@type":"ListItem","@id":"https:\/\/dudasytextos.com\/preguntaquees\/que-es-la-revolucion-francesa\/#listItem","name":"Qu\u00e9 es la revolucion francesa"},"previousItem":{"@type":"ListItem","@id":"https:\/\/dudasytextos.com\/preguntaquees#listItem","name":"Inicio"}},{"@type":"ListItem","@id":"https:\/\/dudasytextos.com\/preguntaquees\/que-es-la-revolucion-francesa\/#listItem","position":3,"name":"Qu\u00e9 es la revolucion francesa","previousItem":{"@type":"ListItem","@id":"https:\/\/dudasytextos.com\/preguntaquees\/category\/que-es\/#listItem","name":"\u00bfQu\u00e9 es?"}}]},{"@type":"Organization","@id":"https:\/\/dudasytextos.com\/preguntaquees\/#organization","name":"\u00bfC\u00f3mo funciona?","description":"\u00bfQu\u00e9 es?","url":"https:\/\/dudasytextos.com\/preguntaquees\/"},{"@type":"Person","@id":"https:\/\/dudasytextos.com\/preguntaquees\/author\/admin44\/#author","url":"https:\/\/dudasytextos.com\/preguntaquees\/author\/admin44\/","name":"Ana Gonz\u00e1lez"},{"@type":"WebPage","@id":"https:\/\/dudasytextos.com\/preguntaquees\/que-es-la-revolucion-francesa\/#webpage","url":"https:\/\/dudasytextos.com\/preguntaquees\/que-es-la-revolucion-francesa\/","name":"Qu\u00e9 es la revolucion francesa (2026) \u00bfQu\u00e9 es?","description":"La Revoluci\u00f3n Francesa: el cambio que marc\u00f3 la historia Por Ana Gonz\u00e1lez Curiosidades sobre la Revoluci\u00f3n Francesa La Revoluci\u00f3n Francesa comenz\u00f3 en 1789 y dur\u00f3 10 a\u00f1os. Fue un movimiento social y pol\u00edtico que tuvo lugar en Francia y que se extendi\u00f3 por toda Europa. La Revoluci\u00f3n Francesa dio lugar al fin de la monarqu\u00eda","inLanguage":"es-ES","isPartOf":{"@id":"https:\/\/dudasytextos.com\/preguntaquees\/#website"},"breadcrumb":{"@id":"https:\/\/dudasytextos.com\/preguntaquees\/que-es-la-revolucion-francesa\/#breadcrumblist"},"author":{"@id":"https:\/\/dudasytextos.com\/preguntaquees\/author\/admin44\/#author"},"creator":{"@id":"https:\/\/dudasytextos.com\/preguntaquees\/author\/admin44\/#author"},"datePublished":"2025-03-01T18:55:58+00:00","dateModified":"2025-03-12T15:38:57+00:00"},{"@type":"WebSite","@id":"https:\/\/dudasytextos.com\/preguntaquees\/#website","url":"https:\/\/dudasytextos.com\/preguntaquees\/","name":"\u00bfC\u00f3mo funciona?","description":"\u00bfQu\u00e9 es?","inLanguage":"es-ES","publisher":{"@id":"https:\/\/dudasytextos.com\/preguntaquees\/#organization"}}]},"og:locale":"es_ES","og:site_name":"\u00bfQu\u00e9 es? - \u00bfQu\u00e9 es?","og:type":"article","og:title":"Qu\u00e9 es la revolucion francesa (2026) \u00bfQu\u00e9 es?","og:description":"La Revoluci\u00f3n Francesa: el cambio que marc\u00f3 la historia Por Ana Gonz\u00e1lez Curiosidades sobre la Revoluci\u00f3n Francesa La Revoluci\u00f3n Francesa comenz\u00f3 en 1789 y dur\u00f3 10 a\u00f1os. Fue un movimiento social y pol\u00edtico que tuvo lugar en Francia y que se extendi\u00f3 por toda Europa. La Revoluci\u00f3n Francesa dio lugar al fin de la monarqu\u00eda","og:url":"https:\/\/dudasytextos.com\/preguntaquees\/que-es-la-revolucion-francesa\/","article:published_time":"2025-03-01T18:55:58+00:00","article:modified_time":"2025-03-12T15:38:57+00:00","twitter:card":"summary_large_image","twitter:title":"Qu\u00e9 es la revolucion francesa (2026) \u00bfQu\u00e9 es?","twitter:description":"La Revoluci\u00f3n Francesa: el cambio que marc\u00f3 la historia Por Ana Gonz\u00e1lez Curiosidades sobre la Revoluci\u00f3n Francesa La Revoluci\u00f3n Francesa comenz\u00f3 en 1789 y dur\u00f3 10 a\u00f1os. Fue un movimiento social y pol\u00edtico que tuvo lugar en Francia y que se extendi\u00f3 por toda Europa. La Revoluci\u00f3n Francesa dio lugar al fin de la monarqu\u00eda"},"aioseo_meta_data":{"post_id":"152057","title":null,"description":null,"keywords":null,"keyphrases":null,"primary_term":null,"canonical_url":null,"og_title":null,"og_description":null,"og_object_type":"default","og_image_type":"default","og_image_url":null,"og_image_width":null,"og_image_height":null,"og_image_custom_url":null,"og_image_custom_fields":null,"og_video":null,"og_custom_url":null,"og_article_section":null,"og_article_tags":null,"twitter_use_og":false,"twitter_card":"default","twitter_image_type":"default","twitter_image_url":null,"twitter_image_custom_url":null,"twitter_image_custom_fields":null,"twitter_title":null,"twitter_description":null,"schema":{"blockGraphs":[],"customGraphs":[],"default":{"data":{"Article":[],"Course":[],"Dataset":[],"FAQPage":[],"Movie":[],"Person":[],"Product":[],"ProductReview":[],"Car":[],"Recipe":[],"Service":[],"SoftwareApplication":[],"WebPage":[]},"graphName":"","isEnabled":true},"graphs":[]},"schema_type":"default","schema_type_options":null,"pillar_content":false,"robots_default":true,"robots_noindex":false,"robots_noarchive":false,"robots_nosnippet":false,"robots_nofollow":false,"robots_noimageindex":false,"robots_noodp":false,"robots_notranslate":false,"robots_max_snippet":null,"robots_max_videopreview":null,"robots_max_imagepreview":"large","priority":null,"frequency":null,"local_seo":null,"breadcrumb_settings":null,"limit_modified_date":false,"ai":null,"created":"2023-05-09 12:16:31","updated":"2025-06-04 04:13:17","seo_analyzer_scan_date":null,"focus_keyword":null,"additional_keywords":null,"truseo_locale":null},"aioseo_breadcrumb":"<div class=\"aioseo-breadcrumbs\"><span class=\"aioseo-breadcrumb\">\n\t\t\t<a href=\"https:\/\/dudasytextos.com\/preguntaquees\" title=\"Inicio\">Inicio<\/a>\n\t\t<\/span><span class=\"aioseo-breadcrumb-separator\">&raquo;<\/span><span class=\"aioseo-breadcrumb\">\n\t\t\t<a href=\"https:\/\/dudasytextos.com\/preguntaquees\/category\/que-es\/\" title=\"\u00bfQu\u00e9 es?\">\u00bfQu\u00e9 es?<\/a>\n\t\t<\/span><span class=\"aioseo-breadcrumb-separator\">&raquo;<\/span><span class=\"aioseo-breadcrumb\">\n\t\t\tQu\u00e9 es la revolucion francesa\n\t\t<\/span><\/div>","aioseo_breadcrumb_json":[{"label":"Inicio","link":"https:\/\/dudasytextos.com\/preguntaquees"},{"label":"\u00bfQu\u00e9 es?","link":"https:\/\/dudasytextos.com\/preguntaquees\/category\/que-es\/"},{"label":"Qu\u00e9 es la revolucion francesa","link":"https:\/\/dudasytextos.com\/preguntaquees\/que-es-la-revolucion-francesa\/"}],"_links":{"self":[{"href":"https:\/\/dudasytextos.com\/preguntaquees\/wp-json\/wp\/v2\/posts\/152057","targetHints":{"allow":["GET"]}}],"collection":[{"href":"https:\/\/dudasytextos.com\/preguntaquees\/wp-json\/wp\/v2\/posts"}],"about":[{"href":"https:\/\/dudasytextos.com\/preguntaquees\/wp-json\/wp\/v2\/types\/post"}],"author":[{"embeddable":true,"href":"https:\/\/dudasytextos.com\/preguntaquees\/wp-json\/wp\/v2\/users\/1"}],"replies":[{"embeddable":true,"href":"https:\/\/dudasytextos.com\/preguntaquees\/wp-json\/wp\/v2\/comments?post=152057"}],"version-history":[{"count":1,"href":"https:\/\/dudasytextos.com\/preguntaquees\/wp-json\/wp\/v2\/posts\/152057\/revisions"}],"predecessor-version":[{"id":153772,"href":"https:\/\/dudasytextos.com\/preguntaquees\/wp-json\/wp\/v2\/posts\/152057\/revisions\/153772"}],"wp:attachment":[{"href":"https:\/\/dudasytextos.com\/preguntaquees\/wp-json\/wp\/v2\/media?parent=152057"}],"wp:term":[{"taxonomy":"category","embeddable":true,"href":"https:\/\/dudasytextos.com\/preguntaquees\/wp-json\/wp\/v2\/categories?post=152057"},{"taxonomy":"post_tag","embeddable":true,"href":"https:\/\/dudasytextos.com\/preguntaquees\/wp-json\/wp\/v2\/tags?post=152057"}],"curies":[{"name":"wp","href":"https:\/\/api.w.org\/{rel}","templated":true}]}}