{"id":152613,"date":"2025-03-02T21:28:10","date_gmt":"2025-03-02T21:28:10","guid":{"rendered":"https:\/\/educacion.cc\/?p=152613"},"modified":"2025-03-12T16:48:54","modified_gmt":"2025-03-12T16:48:54","slug":"ku-klux-klan-que-es","status":"publish","type":"post","link":"https:\/\/dudasytextos.com\/preguntaquees\/ku-klux-klan-que-es\/","title":{"rendered":"Ku klux klan que es"},"content":{"rendered":"<div id=\"ez-toc-container\" class=\"ez-toc-v2_0_87 counter-hierarchy ez-toc-counter ez-toc-custom ez-toc-container-direction\">\n<div class=\"ez-toc-title-container\">\n<span class=\"ez-toc-title-toggle\"><\/span><\/div>\n<nav><ul class='ez-toc-list ez-toc-list-level-1 ' ><li class='ez-toc-page-1 ez-toc-heading-level-2'><a class=\"ez-toc-link ez-toc-heading-1\" href=\"https:\/\/dudasytextos.com\/preguntaquees\/ku-klux-klan-que-es\/#Ku_Klux_Klan_%C2%BFQue_es_y_por_que_es_importante_hablar_de_ello\" >Ku Klux Klan: \u00bfQu\u00e9 es y por qu\u00e9 es importante hablar de ello?<\/a><\/li><li class='ez-toc-page-1 ez-toc-heading-level-2'><a class=\"ez-toc-link ez-toc-heading-2\" href=\"https:\/\/dudasytextos.com\/preguntaquees\/ku-klux-klan-que-es\/#Por_Ana_Gonzalez\" >Por Ana Gonz\u00e1lez<\/a><\/li><li class='ez-toc-page-1 ez-toc-heading-level-2'><a class=\"ez-toc-link ez-toc-heading-3\" href=\"https:\/\/dudasytextos.com\/preguntaquees\/ku-klux-klan-que-es\/#Curiosidades_y_hechos_interesantes_sobre_el_Ku_Klux_Klan\" >Curiosidades y hechos interesantes sobre el Ku Klux Klan<\/a><\/li><li class='ez-toc-page-1 ez-toc-heading-level-2'><a class=\"ez-toc-link ez-toc-heading-4\" href=\"https:\/\/dudasytextos.com\/preguntaquees\/ku-klux-klan-que-es\/#%C2%BFQue_es_el_Ku_Klux_Klan\" >\u00bfQu\u00e9 es el Ku Klux Klan?<\/a><\/li><li class='ez-toc-page-1 ez-toc-heading-level-2'><a class=\"ez-toc-link ez-toc-heading-5\" href=\"https:\/\/dudasytextos.com\/preguntaquees\/ku-klux-klan-que-es\/#%C2%BFPor_que_es_importante_hablar_del_Ku_Klux_Klan\" >\u00bfPor qu\u00e9 es importante hablar del Ku Klux Klan?<\/a><\/li><li class='ez-toc-page-1 ez-toc-heading-level-2'><a class=\"ez-toc-link ez-toc-heading-6\" href=\"https:\/\/dudasytextos.com\/preguntaquees\/ku-klux-klan-que-es\/#Experiencias_personales\" >Experiencias personales<\/a><\/li><li class='ez-toc-page-1 ez-toc-heading-level-2'><a class=\"ez-toc-link ez-toc-heading-7\" href=\"https:\/\/dudasytextos.com\/preguntaquees\/ku-klux-klan-que-es\/#Preguntas_frecuentes_sobre_el_Ku_Klux_Klan\" >Preguntas frecuentes sobre el Ku Klux Klan<\/a><ul class='ez-toc-list-level-3' ><li class='ez-toc-heading-level-3'><a class=\"ez-toc-link ez-toc-heading-8\" href=\"https:\/\/dudasytextos.com\/preguntaquees\/ku-klux-klan-que-es\/#%C2%BFEl_Ku_Klux_Klan_sigue_existiendo\" >\u00bfEl Ku Klux Klan sigue existiendo?<\/a><\/li><li class='ez-toc-page-1 ez-toc-heading-level-3'><a class=\"ez-toc-link ez-toc-heading-9\" href=\"https:\/\/dudasytextos.com\/preguntaquees\/ku-klux-klan-que-es\/#%C2%BFEl_Ku_Klux_Klan_es_ilegal\" >\u00bfEl Ku Klux Klan es ilegal?<\/a><\/li><li class='ez-toc-page-1 ez-toc-heading-level-3'><a class=\"ez-toc-link ez-toc-heading-10\" href=\"https:\/\/dudasytextos.com\/preguntaquees\/ku-klux-klan-que-es\/#%C2%BFEl_Ku_Klux_Klan_es_un_grupo_religioso\" >\u00bfEl Ku Klux Klan es un grupo religioso?<\/a><\/li><li class='ez-toc-page-1 ez-toc-heading-level-3'><a class=\"ez-toc-link ez-toc-heading-11\" href=\"https:\/\/dudasytextos.com\/preguntaquees\/ku-klux-klan-que-es\/#%C2%BFQuienes_pueden_unirse_al_Ku_Klux_Klan\" >\u00bfQui\u00e9nes pueden unirse al Ku Klux Klan?<\/a><\/li><li class='ez-toc-page-1 ez-toc-heading-level-3'><a class=\"ez-toc-link ez-toc-heading-12\" href=\"https:\/\/dudasytextos.com\/preguntaquees\/ku-klux-klan-que-es\/#%C2%BFEl_Ku_Klux_Klan_es_peligroso\" >\u00bfEl Ku Klux Klan es peligroso?<\/a><\/li><\/ul><\/li><\/ul><\/nav><\/div>\n<h2><span class=\"ez-toc-section\" id=\"Ku_Klux_Klan_%C2%BFQue_es_y_por_que_es_importante_hablar_de_ello\"><\/span>Ku Klux Klan: \u00bfQu\u00e9 es y por qu\u00e9 es importante hablar de ello?<span class=\"ez-toc-section-end\"><\/span><\/h2>\n<h2><span class=\"ez-toc-section\" id=\"Por_Ana_Gonzalez\"><\/span>Por Ana Gonz\u00e1lez<span class=\"ez-toc-section-end\"><\/span><\/h2>\n<section>\n<h2><span class=\"ez-toc-section\" id=\"Curiosidades_y_hechos_interesantes_sobre_el_Ku_Klux_Klan\"><\/span>Curiosidades y hechos interesantes sobre el Ku Klux Klan<span class=\"ez-toc-section-end\"><\/span><\/h2>\n<ul>\n<li>El Ku Klux Klan es una organizaci\u00f3n racista de extrema derecha que se fund\u00f3 en Estados Unidos en 1865.<\/li>\n<li>El nombre Ku Klux Klan se deriva de la palabra griega kyklos, que significa c\u00edrculo, y del ingl\u00e9s clan, que significa tribu o grupo.<\/li>\n<li>El Klan ha tenido varias etapas a lo largo de su historia, con diferentes l\u00edderes y objetivos, pero siempre ha mantenido un discurso de odio hacia las minor\u00edas \u00e9tnicas y religiosas.<\/li>\n<li>En la d\u00e9cada de 1920, el Klan lleg\u00f3 a tener m\u00e1s de 4 millones de miembros en Estados Unidos.<\/li>\n<li>El Klan ha sido responsable de numerosos actos violentos, incluyendo linchamientos, atentados con bombas y tiroteos.<\/li>\n<li>Aunque el Klan ha perdido gran parte de su influencia en Estados Unidos en las \u00faltimas d\u00e9cadas, sigue existiendo y ha intentado expandirse a otros pa\u00edses.<\/li>\n<\/ul>\n<\/section>\n<section>\n<h2><span class=\"ez-toc-section\" id=\"%C2%BFQue_es_el_Ku_Klux_Klan\"><\/span>\u00bfQu\u00e9 es el Ku Klux Klan?<span class=\"ez-toc-section-end\"><\/span><\/h2>\n<p>El Ku Klux Klan es una organizaci\u00f3n racista de extrema derecha que se fund\u00f3 en Estados Unidos en 1865, poco despu\u00e9s del fin de la Guerra Civil. Originalmente, el Klan se cre\u00f3 como una sociedad secreta para defender los derechos de los blancos sure\u00f1os y oponerse a la reconstrucci\u00f3n que estaba llevando a cabo el gobierno federal. Sin embargo, pronto se convirti\u00f3 en una organizaci\u00f3n violenta que atacaba a los afroamericanos y otros grupos minoritarios.<\/p>\n<p>El Klan ha tenido varias etapas a lo largo de su historia. En la d\u00e9cada de 1920, el Klan lleg\u00f3 a tener m\u00e1s de 4 millones de miembros en Estados Unidos y se extendi\u00f3 a otros pa\u00edses, como Canad\u00e1 y Australia. En la d\u00e9cada de 1960, el Klan se opuso al movimiento por los derechos civiles y particip\u00f3 activamente en la violencia contra los activistas afroamericanos.<\/p>\n<p>Actualmente, el Klan ha perdido gran parte de su influencia en Estados Unidos, pero sigue existiendo y ha intentado expandirse a otros pa\u00edses. El Klan promueve un discurso de odio hacia las minor\u00edas \u00e9tnicas y religiosas, y ha sido responsable de numerosos actos violentos a lo largo de su historia.<\/p>\n<\/section>\n<section>\n<h2><span class=\"ez-toc-section\" id=\"%C2%BFPor_que_es_importante_hablar_del_Ku_Klux_Klan\"><\/span>\u00bfPor qu\u00e9 es importante hablar del Ku Klux Klan?<span class=\"ez-toc-section-end\"><\/span><\/h2>\n<p>El Ku Klux Klan es una organizaci\u00f3n que promueve el odio y la violencia hacia las minor\u00edas \u00e9tnicas y religiosas. Hablar del Klan es importante porque nos permite entender el racismo y la discriminaci\u00f3n en Estados Unidos y en otros pa\u00edses.<\/p>\n<p>Adem\u00e1s, el Klan es un ejemplo de c\u00f3mo la intolerancia y el odio pueden llevar a la violencia y la opresi\u00f3n. Es importante recordar la historia del Klan para evitar que se repitan los errores del pasado y para luchar contra el racismo y la discriminaci\u00f3n en todas sus formas.<\/p>\n<p>Finalmente, hablar del Klan es importante porque nos permite crear conciencia sobre la existencia de grupos extremistas y violentos en nuestra sociedad. Es necesario estar alerta y tomar medidas para proteger los derechos y la seguridad de todas las personas, especialmente de las minor\u00edas que son m\u00e1s vulnerables a la discriminaci\u00f3n y la violencia.<\/p>\n<\/section>\n<section>\n<h2><span class=\"ez-toc-section\" id=\"Experiencias_personales\"><\/span>Experiencias personales<span class=\"ez-toc-section-end\"><\/span><\/h2>\n<p>En mi experiencia, he visto c\u00f3mo el racismo y la discriminaci\u00f3n pueden afectar a las personas de diferentes maneras. Hace unos a\u00f1os, trabaj\u00e9 en una organizaci\u00f3n sin fines de lucro que brindaba servicios de apoyo a las personas migrantes y refugiadas. All\u00ed conoc\u00ed a muchas personas que hab\u00edan sido v\u00edctimas de la discriminaci\u00f3n y la violencia en sus pa\u00edses de origen y que ven\u00edan a Estados Unidos en busca de una vida mejor.<\/p>\n<p>Una de las historias m\u00e1s impactantes que escuch\u00e9 fue la de una mujer afroamericana que hab\u00eda sido atacada por miembros del Ku Klux Klan cuando era ni\u00f1a. La mujer hab\u00eda crecido en una peque\u00f1a ciudad del sur de Estados Unidos y hab\u00eda sufrido constantes amenazas y ataques por parte de los miembros del Klan. A pesar de esto, la mujer hab\u00eda logrado salir adelante y hab\u00eda fundado una organizaci\u00f3n para ayudar a otras personas que hab\u00edan sido v\u00edctimas de la discriminaci\u00f3n y la violencia.<\/p>\n<p>Esta experiencia me hizo entender la importancia de luchar contra el racismo y la discriminaci\u00f3n en todas sus formas. Tambi\u00e9n me hizo ver que las personas que han sido v\u00edctimas de la violencia y la opresi\u00f3n pueden convertirse en l\u00edderes y defensores de los derechos humanos.<\/p>\n<\/section>\n<section>\n<h2><span class=\"ez-toc-section\" id=\"Preguntas_frecuentes_sobre_el_Ku_Klux_Klan\"><\/span>Preguntas frecuentes sobre el Ku Klux Klan<span class=\"ez-toc-section-end\"><\/span><\/h2>\n<h3><span class=\"ez-toc-section\" id=\"%C2%BFEl_Ku_Klux_Klan_sigue_existiendo\"><\/span>\u00bfEl Ku Klux Klan sigue existiendo?<span class=\"ez-toc-section-end\"><\/span><\/h3>\n<p>S\u00ed, el Ku Klux Klan sigue existiendo, aunque ha perdido gran parte de su influencia en Estados Unidos en las \u00faltimas d\u00e9cadas. El Klan ha intentado expandirse a otros pa\u00edses, pero no ha tenido mucho \u00e9xito.<\/p>\n<h3><span class=\"ez-toc-section\" id=\"%C2%BFEl_Ku_Klux_Klan_es_ilegal\"><\/span>\u00bfEl Ku Klux Klan es ilegal?<span class=\"ez-toc-section-end\"><\/span><\/h3>\n<p>No, el Ku Klux Klan no es ilegal en Estados Unidos. La Primera Enmienda de la Constituci\u00f3n de Estados Unidos protege la libertad de expresi\u00f3n, incluso para grupos que promueven el odio y la discriminaci\u00f3n.<\/p>\n<h3><span class=\"ez-toc-section\" id=\"%C2%BFEl_Ku_Klux_Klan_es_un_grupo_religioso\"><\/span>\u00bfEl Ku Klux Klan es un grupo religioso?<span class=\"ez-toc-section-end\"><\/span><\/h3>\n<p>No, el Ku Klux Klan no es un grupo religioso. Sin embargo, algunos grupos del Klan han utilizado s\u00edmbolos y rituales cristianos en sus actividades.<\/p>\n<h3><span class=\"ez-toc-section\" id=\"%C2%BFQuienes_pueden_unirse_al_Ku_Klux_Klan\"><\/span>\u00bfQui\u00e9nes pueden unirse al Ku Klux Klan?<span class=\"ez-toc-section-end\"><\/span><\/h3>\n<p>El Ku Klux Klan est\u00e1 abierto a personas blancas que compartan su ideolog\u00eda racista y de extrema derecha. Las mujeres y los hombres pueden unirse al Klan, pero algunos grupos tienen normas diferentes para los miembros de cada g\u00e9nero.<\/p>\n<h3><span class=\"ez-toc-section\" id=\"%C2%BFEl_Ku_Klux_Klan_es_peligroso\"><\/span>\u00bfEl Ku Klux Klan es peligroso?<span class=\"ez-toc-section-end\"><\/span><\/h3>\n<p>S\u00ed, el Ku Klux Klan ha sido responsable de numerosos actos violentos a lo largo de su historia, incluyendo linchamientos, atentados con bombas y tiroteos. Aunque el Klan ha perdido gran parte de su influencia en Estados Unidos en las \u00faltimas d\u00e9cadas, sigue siendo un grupo peligroso y violento.<\/p>\n<\/section>\n<footer>\n<p>Este art\u00edculo fue escrito por Ana Gonz\u00e1lez en marzo de 2021.<\/p>\n<\/footer>\n","protected":false},"excerpt":{"rendered":"<p>Ku Klux Klan: \u00bfQu\u00e9 es y por qu\u00e9 es importante hablar de ello? Por Ana Gonz\u00e1lez Curiosidades y hechos interesantes sobre el Ku Klux Klan El Ku Klux Klan es una organizaci\u00f3n racista de extrema derecha que se fund\u00f3 en Estados Unidos en 1865. El nombre Ku Klux Klan se deriva de la palabra griega &#8230; <a title=\"Ku klux klan que es\" class=\"read-more\" href=\"https:\/\/dudasytextos.com\/preguntaquees\/ku-klux-klan-que-es\/\" aria-label=\"M\u00e1s en Ku klux klan que es\">Leer m\u00e1s<\/a><\/p>\n","protected":false},"author":1,"featured_media":0,"comment_status":"open","ping_status":"open","sticky":false,"template":"","format":"standard","meta":{"footnotes":""},"categories":[4],"tags":[],"class_list":["post-152613","post","type-post","status-publish","format-standard","hentry","category-que-es"],"aioseo_notices":[],"aioseo_head":"\n\t\t<!-- All in One SEO 5.0.1.1 - aioseo.com -->\n\t<meta name=\"description\" content=\"Ku Klux Klan: \u00bfQu\u00e9 es y por qu\u00e9 es importante hablar de ello? Por Ana Gonz\u00e1lez Curiosidades y hechos interesantes sobre el Ku Klux Klan El Ku Klux Klan es una organizaci\u00f3n racista de extrema derecha que se fund\u00f3 en Estados Unidos en 1865. El nombre Ku Klux Klan se deriva de la palabra griega\" \/>\n\t<meta name=\"robots\" content=\"max-snippet:-1, max-image-preview:large, max-video-preview:-1\" \/>\n\t<meta name=\"author\" content=\"Ana Gonz\u00e1lez\"\/>\n\t<link rel=\"canonical\" href=\"https:\/\/dudasytextos.com\/preguntaquees\/ku-klux-klan-que-es\/\" \/>\n\t<meta name=\"generator\" content=\"All in One SEO (AIOSEO) 5.0.1.1\" \/>\n\n\t\t<!-- Google tag (gtag.js) -->\n<script async src=\"https:\/\/www.googletagmanager.com\/gtag\/js?id=G-QEZWJ7M6T7\"><\/script>\n<script>\n  window.dataLayer = window.dataLayer || [];\n  function gtag(){dataLayer.push(arguments);}\n  gtag('js', new Date());\n\n  gtag('config', 'G-QEZWJ7M6T7');\n<\/script>\n<script async src=\"https:\/\/pagead2.googlesyndication.com\/pagead\/js\/adsbygoogle.js?client=ca-pub-3987500858204711\"\n     crossorigin=\"anonymous\"><\/script>\n\t\t<meta property=\"og:locale\" content=\"es_ES\" \/>\n\t\t<meta property=\"og:site_name\" content=\"\u00bfQu\u00e9 es? - \u00bfQu\u00e9 es?\" \/>\n\t\t<meta property=\"og:type\" content=\"article\" \/>\n\t\t<meta property=\"og:title\" content=\"Ku klux klan que es (2026) \u00bfQu\u00e9 es?\" \/>\n\t\t<meta property=\"og:description\" content=\"Ku Klux Klan: \u00bfQu\u00e9 es y por qu\u00e9 es importante hablar de ello? Por Ana Gonz\u00e1lez Curiosidades y hechos interesantes sobre el Ku Klux Klan El Ku Klux Klan es una organizaci\u00f3n racista de extrema derecha que se fund\u00f3 en Estados Unidos en 1865. El nombre Ku Klux Klan se deriva de la palabra griega\" \/>\n\t\t<meta property=\"og:url\" content=\"https:\/\/dudasytextos.com\/preguntaquees\/ku-klux-klan-que-es\/\" \/>\n\t\t<meta property=\"article:published_time\" content=\"2025-03-02T21:28:10+00:00\" \/>\n\t\t<meta property=\"article:modified_time\" content=\"2025-03-12T16:48:54+00:00\" \/>\n\t\t<meta name=\"twitter:card\" content=\"summary_large_image\" \/>\n\t\t<meta name=\"twitter:title\" content=\"Ku klux klan que es (2026) \u00bfQu\u00e9 es?\" \/>\n\t\t<meta name=\"twitter:description\" content=\"Ku Klux Klan: \u00bfQu\u00e9 es y por qu\u00e9 es importante hablar de ello? Por Ana Gonz\u00e1lez Curiosidades y hechos interesantes sobre el Ku Klux Klan El Ku Klux Klan es una organizaci\u00f3n racista de extrema derecha que se fund\u00f3 en Estados Unidos en 1865. El nombre Ku Klux Klan se deriva de la palabra griega\" \/>\n\t\t<script type=\"application\/ld+json\" class=\"aioseo-schema\">\n\t\t\t{\"@context\":\"https:\\\/\\\/schema.org\",\"@graph\":[{\"@type\":\"BlogPosting\",\"@id\":\"https:\\\/\\\/dudasytextos.com\\\/preguntaquees\\\/ku-klux-klan-que-es\\\/#blogposting\",\"name\":\"Ku klux klan que es (2026) \\u00bfQu\\u00e9 es?\",\"headline\":\"Ku klux klan que es\",\"author\":{\"@id\":\"https:\\\/\\\/dudasytextos.com\\\/preguntaquees\\\/author\\\/admin44\\\/#author\"},\"publisher\":{\"@id\":\"https:\\\/\\\/dudasytextos.com\\\/preguntaquees\\\/#organization\"},\"datePublished\":\"2025-03-02T21:28:10+00:00\",\"dateModified\":\"2025-03-12T16:48:54+00:00\",\"inLanguage\":\"es-ES\",\"mainEntityOfPage\":{\"@id\":\"https:\\\/\\\/dudasytextos.com\\\/preguntaquees\\\/ku-klux-klan-que-es\\\/#webpage\"},\"isPartOf\":{\"@id\":\"https:\\\/\\\/dudasytextos.com\\\/preguntaquees\\\/ku-klux-klan-que-es\\\/#webpage\"},\"articleSection\":\"\\u00bfQu\\u00e9 es?\"},{\"@type\":\"BreadcrumbList\",\"@id\":\"https:\\\/\\\/dudasytextos.com\\\/preguntaquees\\\/ku-klux-klan-que-es\\\/#breadcrumblist\",\"itemListElement\":[{\"@type\":\"ListItem\",\"@id\":\"https:\\\/\\\/dudasytextos.com\\\/preguntaquees#listItem\",\"position\":1,\"name\":\"Inicio\",\"item\":\"https:\\\/\\\/dudasytextos.com\\\/preguntaquees\",\"nextItem\":{\"@type\":\"ListItem\",\"@id\":\"https:\\\/\\\/dudasytextos.com\\\/preguntaquees\\\/category\\\/que-es\\\/#listItem\",\"name\":\"\\u00bfQu\\u00e9 es?\"}},{\"@type\":\"ListItem\",\"@id\":\"https:\\\/\\\/dudasytextos.com\\\/preguntaquees\\\/category\\\/que-es\\\/#listItem\",\"position\":2,\"name\":\"\\u00bfQu\\u00e9 es?\",\"item\":\"https:\\\/\\\/dudasytextos.com\\\/preguntaquees\\\/category\\\/que-es\\\/\",\"nextItem\":{\"@type\":\"ListItem\",\"@id\":\"https:\\\/\\\/dudasytextos.com\\\/preguntaquees\\\/ku-klux-klan-que-es\\\/#listItem\",\"name\":\"Ku klux klan que es\"},\"previousItem\":{\"@type\":\"ListItem\",\"@id\":\"https:\\\/\\\/dudasytextos.com\\\/preguntaquees#listItem\",\"name\":\"Inicio\"}},{\"@type\":\"ListItem\",\"@id\":\"https:\\\/\\\/dudasytextos.com\\\/preguntaquees\\\/ku-klux-klan-que-es\\\/#listItem\",\"position\":3,\"name\":\"Ku klux klan que es\",\"previousItem\":{\"@type\":\"ListItem\",\"@id\":\"https:\\\/\\\/dudasytextos.com\\\/preguntaquees\\\/category\\\/que-es\\\/#listItem\",\"name\":\"\\u00bfQu\\u00e9 es?\"}}]},{\"@type\":\"Organization\",\"@id\":\"https:\\\/\\\/dudasytextos.com\\\/preguntaquees\\\/#organization\",\"name\":\"\\u00bfC\\u00f3mo funciona?\",\"description\":\"\\u00bfQu\\u00e9 es?\",\"url\":\"https:\\\/\\\/dudasytextos.com\\\/preguntaquees\\\/\"},{\"@type\":\"Person\",\"@id\":\"https:\\\/\\\/dudasytextos.com\\\/preguntaquees\\\/author\\\/admin44\\\/#author\",\"url\":\"https:\\\/\\\/dudasytextos.com\\\/preguntaquees\\\/author\\\/admin44\\\/\",\"name\":\"Ana Gonz\\u00e1lez\"},{\"@type\":\"WebPage\",\"@id\":\"https:\\\/\\\/dudasytextos.com\\\/preguntaquees\\\/ku-klux-klan-que-es\\\/#webpage\",\"url\":\"https:\\\/\\\/dudasytextos.com\\\/preguntaquees\\\/ku-klux-klan-que-es\\\/\",\"name\":\"Ku klux klan que es (2026) \\u00bfQu\\u00e9 es?\",\"description\":\"Ku Klux Klan: \\u00bfQu\\u00e9 es y por qu\\u00e9 es importante hablar de ello? Por Ana Gonz\\u00e1lez Curiosidades y hechos interesantes sobre el Ku Klux Klan El Ku Klux Klan es una organizaci\\u00f3n racista de extrema derecha que se fund\\u00f3 en Estados Unidos en 1865. El nombre Ku Klux Klan se deriva de la palabra griega\",\"inLanguage\":\"es-ES\",\"isPartOf\":{\"@id\":\"https:\\\/\\\/dudasytextos.com\\\/preguntaquees\\\/#website\"},\"breadcrumb\":{\"@id\":\"https:\\\/\\\/dudasytextos.com\\\/preguntaquees\\\/ku-klux-klan-que-es\\\/#breadcrumblist\"},\"author\":{\"@id\":\"https:\\\/\\\/dudasytextos.com\\\/preguntaquees\\\/author\\\/admin44\\\/#author\"},\"creator\":{\"@id\":\"https:\\\/\\\/dudasytextos.com\\\/preguntaquees\\\/author\\\/admin44\\\/#author\"},\"datePublished\":\"2025-03-02T21:28:10+00:00\",\"dateModified\":\"2025-03-12T16:48:54+00:00\"},{\"@type\":\"WebSite\",\"@id\":\"https:\\\/\\\/dudasytextos.com\\\/preguntaquees\\\/#website\",\"url\":\"https:\\\/\\\/dudasytextos.com\\\/preguntaquees\\\/\",\"name\":\"\\u00bfC\\u00f3mo funciona?\",\"description\":\"\\u00bfQu\\u00e9 es?\",\"inLanguage\":\"es-ES\",\"publisher\":{\"@id\":\"https:\\\/\\\/dudasytextos.com\\\/preguntaquees\\\/#organization\"}}]}\n\t\t<\/script>\n\t\t<!-- All in One SEO -->\n\n","aioseo_head_json":{"title":"Ku klux klan que es (2026) \u00bfQu\u00e9 es?","description":"Ku Klux Klan: \u00bfQu\u00e9 es y por qu\u00e9 es importante hablar de ello? Por Ana Gonz\u00e1lez Curiosidades y hechos interesantes sobre el Ku Klux Klan El Ku Klux Klan es una organizaci\u00f3n racista de extrema derecha que se fund\u00f3 en Estados Unidos en 1865. El nombre Ku Klux Klan se deriva de la palabra griega","canonical_url":"https:\/\/dudasytextos.com\/preguntaquees\/ku-klux-klan-que-es\/","robots":"max-snippet:-1, max-image-preview:large, max-video-preview:-1","keywords":"","webmasterTools":{"miscellaneous":"&lt;!-- Google tag (gtag.js) --&gt;\n&lt;script async src=\"https:\/\/www.googletagmanager.com\/gtag\/js?id=G-QEZWJ7M6T7\"&gt;&lt;\/script&gt;\n&lt;script&gt;\n  window.dataLayer = window.dataLayer || [];\n  function gtag(){dataLayer.push(arguments);}\n  gtag('js', new Date());\n\n  gtag('config', 'G-QEZWJ7M6T7');\n&lt;\/script&gt;\n&lt;script async src=\"https:\/\/pagead2.googlesyndication.com\/pagead\/js\/adsbygoogle.js?client=ca-pub-3987500858204711\"\n     crossorigin=\"anonymous\"&gt;&lt;\/script&gt;"},"schema":{"@context":"https:\/\/schema.org","@graph":[{"@type":"BlogPosting","@id":"https:\/\/dudasytextos.com\/preguntaquees\/ku-klux-klan-que-es\/#blogposting","name":"Ku klux klan que es (2026) \u00bfQu\u00e9 es?","headline":"Ku klux klan que es","author":{"@id":"https:\/\/dudasytextos.com\/preguntaquees\/author\/admin44\/#author"},"publisher":{"@id":"https:\/\/dudasytextos.com\/preguntaquees\/#organization"},"datePublished":"2025-03-02T21:28:10+00:00","dateModified":"2025-03-12T16:48:54+00:00","inLanguage":"es-ES","mainEntityOfPage":{"@id":"https:\/\/dudasytextos.com\/preguntaquees\/ku-klux-klan-que-es\/#webpage"},"isPartOf":{"@id":"https:\/\/dudasytextos.com\/preguntaquees\/ku-klux-klan-que-es\/#webpage"},"articleSection":"\u00bfQu\u00e9 es?"},{"@type":"BreadcrumbList","@id":"https:\/\/dudasytextos.com\/preguntaquees\/ku-klux-klan-que-es\/#breadcrumblist","itemListElement":[{"@type":"ListItem","@id":"https:\/\/dudasytextos.com\/preguntaquees#listItem","position":1,"name":"Inicio","item":"https:\/\/dudasytextos.com\/preguntaquees","nextItem":{"@type":"ListItem","@id":"https:\/\/dudasytextos.com\/preguntaquees\/category\/que-es\/#listItem","name":"\u00bfQu\u00e9 es?"}},{"@type":"ListItem","@id":"https:\/\/dudasytextos.com\/preguntaquees\/category\/que-es\/#listItem","position":2,"name":"\u00bfQu\u00e9 es?","item":"https:\/\/dudasytextos.com\/preguntaquees\/category\/que-es\/","nextItem":{"@type":"ListItem","@id":"https:\/\/dudasytextos.com\/preguntaquees\/ku-klux-klan-que-es\/#listItem","name":"Ku klux klan que es"},"previousItem":{"@type":"ListItem","@id":"https:\/\/dudasytextos.com\/preguntaquees#listItem","name":"Inicio"}},{"@type":"ListItem","@id":"https:\/\/dudasytextos.com\/preguntaquees\/ku-klux-klan-que-es\/#listItem","position":3,"name":"Ku klux klan que es","previousItem":{"@type":"ListItem","@id":"https:\/\/dudasytextos.com\/preguntaquees\/category\/que-es\/#listItem","name":"\u00bfQu\u00e9 es?"}}]},{"@type":"Organization","@id":"https:\/\/dudasytextos.com\/preguntaquees\/#organization","name":"\u00bfC\u00f3mo funciona?","description":"\u00bfQu\u00e9 es?","url":"https:\/\/dudasytextos.com\/preguntaquees\/"},{"@type":"Person","@id":"https:\/\/dudasytextos.com\/preguntaquees\/author\/admin44\/#author","url":"https:\/\/dudasytextos.com\/preguntaquees\/author\/admin44\/","name":"Ana Gonz\u00e1lez"},{"@type":"WebPage","@id":"https:\/\/dudasytextos.com\/preguntaquees\/ku-klux-klan-que-es\/#webpage","url":"https:\/\/dudasytextos.com\/preguntaquees\/ku-klux-klan-que-es\/","name":"Ku klux klan que es (2026) \u00bfQu\u00e9 es?","description":"Ku Klux Klan: \u00bfQu\u00e9 es y por qu\u00e9 es importante hablar de ello? Por Ana Gonz\u00e1lez Curiosidades y hechos interesantes sobre el Ku Klux Klan El Ku Klux Klan es una organizaci\u00f3n racista de extrema derecha que se fund\u00f3 en Estados Unidos en 1865. El nombre Ku Klux Klan se deriva de la palabra griega","inLanguage":"es-ES","isPartOf":{"@id":"https:\/\/dudasytextos.com\/preguntaquees\/#website"},"breadcrumb":{"@id":"https:\/\/dudasytextos.com\/preguntaquees\/ku-klux-klan-que-es\/#breadcrumblist"},"author":{"@id":"https:\/\/dudasytextos.com\/preguntaquees\/author\/admin44\/#author"},"creator":{"@id":"https:\/\/dudasytextos.com\/preguntaquees\/author\/admin44\/#author"},"datePublished":"2025-03-02T21:28:10+00:00","dateModified":"2025-03-12T16:48:54+00:00"},{"@type":"WebSite","@id":"https:\/\/dudasytextos.com\/preguntaquees\/#website","url":"https:\/\/dudasytextos.com\/preguntaquees\/","name":"\u00bfC\u00f3mo funciona?","description":"\u00bfQu\u00e9 es?","inLanguage":"es-ES","publisher":{"@id":"https:\/\/dudasytextos.com\/preguntaquees\/#organization"}}]},"og:locale":"es_ES","og:site_name":"\u00bfQu\u00e9 es? - \u00bfQu\u00e9 es?","og:type":"article","og:title":"Ku klux klan que es (2026) \u00bfQu\u00e9 es?","og:description":"Ku Klux Klan: \u00bfQu\u00e9 es y por qu\u00e9 es importante hablar de ello? Por Ana Gonz\u00e1lez Curiosidades y hechos interesantes sobre el Ku Klux Klan El Ku Klux Klan es una organizaci\u00f3n racista de extrema derecha que se fund\u00f3 en Estados Unidos en 1865. El nombre Ku Klux Klan se deriva de la palabra griega","og:url":"https:\/\/dudasytextos.com\/preguntaquees\/ku-klux-klan-que-es\/","article:published_time":"2025-03-02T21:28:10+00:00","article:modified_time":"2025-03-12T16:48:54+00:00","twitter:card":"summary_large_image","twitter:title":"Ku klux klan que es (2026) \u00bfQu\u00e9 es?","twitter:description":"Ku Klux Klan: \u00bfQu\u00e9 es y por qu\u00e9 es importante hablar de ello? Por Ana Gonz\u00e1lez Curiosidades y hechos interesantes sobre el Ku Klux Klan El Ku Klux Klan es una organizaci\u00f3n racista de extrema derecha que se fund\u00f3 en Estados Unidos en 1865. El nombre Ku Klux Klan se deriva de la palabra griega"},"aioseo_meta_data":{"post_id":"152613","title":null,"description":null,"keywords":null,"keyphrases":null,"primary_term":null,"canonical_url":null,"og_title":null,"og_description":null,"og_object_type":"default","og_image_type":"default","og_image_url":null,"og_image_width":null,"og_image_height":null,"og_image_custom_url":null,"og_image_custom_fields":null,"og_video":null,"og_custom_url":null,"og_article_section":null,"og_article_tags":null,"twitter_use_og":false,"twitter_card":"default","twitter_image_type":"default","twitter_image_url":null,"twitter_image_custom_url":null,"twitter_image_custom_fields":null,"twitter_title":null,"twitter_description":null,"schema":{"blockGraphs":[],"customGraphs":[],"default":{"data":{"Article":[],"Course":[],"Dataset":[],"FAQPage":[],"Movie":[],"Person":[],"Product":[],"ProductReview":[],"Car":[],"Recipe":[],"Service":[],"SoftwareApplication":[],"WebPage":[]},"graphName":"","isEnabled":true},"graphs":[]},"schema_type":"default","schema_type_options":null,"pillar_content":false,"robots_default":true,"robots_noindex":false,"robots_noarchive":false,"robots_nosnippet":false,"robots_nofollow":false,"robots_noimageindex":false,"robots_noodp":false,"robots_notranslate":false,"robots_max_snippet":null,"robots_max_videopreview":null,"robots_max_imagepreview":"large","priority":null,"frequency":null,"local_seo":null,"breadcrumb_settings":null,"limit_modified_date":false,"ai":null,"created":"2023-05-09 09:18:33","updated":"2025-06-04 04:53:56","seo_analyzer_scan_date":null,"focus_keyword":null,"additional_keywords":null,"truseo_locale":null},"aioseo_breadcrumb":"<div class=\"aioseo-breadcrumbs\"><span class=\"aioseo-breadcrumb\">\n\t\t\t<a href=\"https:\/\/dudasytextos.com\/preguntaquees\" title=\"Inicio\">Inicio<\/a>\n\t\t<\/span><span class=\"aioseo-breadcrumb-separator\">&raquo;<\/span><span class=\"aioseo-breadcrumb\">\n\t\t\t<a href=\"https:\/\/dudasytextos.com\/preguntaquees\/category\/que-es\/\" title=\"\u00bfQu\u00e9 es?\">\u00bfQu\u00e9 es?<\/a>\n\t\t<\/span><span class=\"aioseo-breadcrumb-separator\">&raquo;<\/span><span class=\"aioseo-breadcrumb\">\n\t\t\tKu klux klan que es\n\t\t<\/span><\/div>","aioseo_breadcrumb_json":[{"label":"Inicio","link":"https:\/\/dudasytextos.com\/preguntaquees"},{"label":"\u00bfQu\u00e9 es?","link":"https:\/\/dudasytextos.com\/preguntaquees\/category\/que-es\/"},{"label":"Ku klux klan que es","link":"https:\/\/dudasytextos.com\/preguntaquees\/ku-klux-klan-que-es\/"}],"_links":{"self":[{"href":"https:\/\/dudasytextos.com\/preguntaquees\/wp-json\/wp\/v2\/posts\/152613","targetHints":{"allow":["GET"]}}],"collection":[{"href":"https:\/\/dudasytextos.com\/preguntaquees\/wp-json\/wp\/v2\/posts"}],"about":[{"href":"https:\/\/dudasytextos.com\/preguntaquees\/wp-json\/wp\/v2\/types\/post"}],"author":[{"embeddable":true,"href":"https:\/\/dudasytextos.com\/preguntaquees\/wp-json\/wp\/v2\/users\/1"}],"replies":[{"embeddable":true,"href":"https:\/\/dudasytextos.com\/preguntaquees\/wp-json\/wp\/v2\/comments?post=152613"}],"version-history":[{"count":1,"href":"https:\/\/dudasytextos.com\/preguntaquees\/wp-json\/wp\/v2\/posts\/152613\/revisions"}],"predecessor-version":[{"id":153216,"href":"https:\/\/dudasytextos.com\/preguntaquees\/wp-json\/wp\/v2\/posts\/152613\/revisions\/153216"}],"wp:attachment":[{"href":"https:\/\/dudasytextos.com\/preguntaquees\/wp-json\/wp\/v2\/media?parent=152613"}],"wp:term":[{"taxonomy":"category","embeddable":true,"href":"https:\/\/dudasytextos.com\/preguntaquees\/wp-json\/wp\/v2\/categories?post=152613"},{"taxonomy":"post_tag","embeddable":true,"href":"https:\/\/dudasytextos.com\/preguntaquees\/wp-json\/wp\/v2\/tags?post=152613"}],"curies":[{"name":"wp","href":"https:\/\/api.w.org\/{rel}","templated":true}]}}