{"id":152635,"date":"2025-03-03T04:43:03","date_gmt":"2025-03-03T04:43:03","guid":{"rendered":"https:\/\/educacion.cc\/?p=152635"},"modified":"2025-03-13T02:09:58","modified_gmt":"2025-03-13T02:09:58","slug":"que-es-el-ciclo-de-krebs","status":"publish","type":"post","link":"https:\/\/dudasytextos.com\/preguntaquees\/que-es-el-ciclo-de-krebs\/","title":{"rendered":"Qu\u00e9 es el ciclo de krebs"},"content":{"rendered":"<div id=\"ez-toc-container\" class=\"ez-toc-v2_0_87 counter-hierarchy ez-toc-counter ez-toc-custom ez-toc-container-direction\">\n<div class=\"ez-toc-title-container\">\n<span class=\"ez-toc-title-toggle\"><\/span><\/div>\n<nav><ul class='ez-toc-list ez-toc-list-level-1 ' ><li class='ez-toc-page-1 ez-toc-heading-level-2'><a class=\"ez-toc-link ez-toc-heading-1\" href=\"https:\/\/dudasytextos.com\/preguntaquees\/que-es-el-ciclo-de-krebs\/#Que_es_el_ciclo_de_Krebs\" >Qu\u00e9 es el ciclo de Krebs<\/a><\/li><li class='ez-toc-page-1 ez-toc-heading-level-2'><a class=\"ez-toc-link ez-toc-heading-2\" href=\"https:\/\/dudasytextos.com\/preguntaquees\/que-es-el-ciclo-de-krebs\/#Por_Ana_Gonzalez\" >Por Ana Gonz\u00e1lez<\/a><\/li><li class='ez-toc-page-1 ez-toc-heading-level-2'><a class=\"ez-toc-link ez-toc-heading-3\" href=\"https:\/\/dudasytextos.com\/preguntaquees\/que-es-el-ciclo-de-krebs\/#Curiosidades_sobre_el_ciclo_de_Krebs\" >Curiosidades sobre el ciclo de Krebs<\/a><\/li><li class='ez-toc-page-1 ez-toc-heading-level-2'><a class=\"ez-toc-link ez-toc-heading-4\" href=\"https:\/\/dudasytextos.com\/preguntaquees\/que-es-el-ciclo-de-krebs\/#Que_es_el_ciclo_de_Krebs-2\" >Qu\u00e9 es el ciclo de Krebs<\/a><\/li><li class='ez-toc-page-1 ez-toc-heading-level-2'><a class=\"ez-toc-link ez-toc-heading-5\" href=\"https:\/\/dudasytextos.com\/preguntaquees\/que-es-el-ciclo-de-krebs\/#Como_funciona_el_ciclo_de_Krebs\" >C\u00f3mo funciona el ciclo de Krebs<\/a><\/li><li class='ez-toc-page-1 ez-toc-heading-level-2'><a class=\"ez-toc-link ez-toc-heading-6\" href=\"https:\/\/dudasytextos.com\/preguntaquees\/que-es-el-ciclo-de-krebs\/#Por_que_es_importante_el_ciclo_de_Krebs\" >Por qu\u00e9 es importante el ciclo de Krebs<\/a><\/li><li class='ez-toc-page-1 ez-toc-heading-level-2'><a class=\"ez-toc-link ez-toc-heading-7\" href=\"https:\/\/dudasytextos.com\/preguntaquees\/que-es-el-ciclo-de-krebs\/#Ejemplos_de_como_el_ciclo_de_Krebs_afecta_a_nuestro_cuerpo\" >Ejemplos de c\u00f3mo el ciclo de Krebs afecta a nuestro cuerpo<\/a><\/li><li class='ez-toc-page-1 ez-toc-heading-level-2'><a class=\"ez-toc-link ez-toc-heading-8\" href=\"https:\/\/dudasytextos.com\/preguntaquees\/que-es-el-ciclo-de-krebs\/#Mitos_y_verdades_sobre_el_ciclo_de_Krebs\" >Mitos y verdades sobre el ciclo de Krebs<\/a><\/li><li class='ez-toc-page-1 ez-toc-heading-level-2'><a class=\"ez-toc-link ez-toc-heading-9\" href=\"https:\/\/dudasytextos.com\/preguntaquees\/que-es-el-ciclo-de-krebs\/#Preguntas_frecuentes_sobre_el_ciclo_de_Krebs\" >Preguntas frecuentes sobre el ciclo de Krebs<\/a><ul class='ez-toc-list-level-3' ><li class='ez-toc-heading-level-3'><a class=\"ez-toc-link ez-toc-heading-10\" href=\"https:\/\/dudasytextos.com\/preguntaquees\/que-es-el-ciclo-de-krebs\/#%C2%BFQue_es_el_ciclo_de_Krebs\" >\u00bfQu\u00e9 es el ciclo de Krebs?<\/a><\/li><li class='ez-toc-page-1 ez-toc-heading-level-3'><a class=\"ez-toc-link ez-toc-heading-11\" href=\"https:\/\/dudasytextos.com\/preguntaquees\/que-es-el-ciclo-de-krebs\/#%C2%BFComo_funciona_el_ciclo_de_Krebs\" >\u00bfC\u00f3mo funciona el ciclo de Krebs?<\/a><\/li><li class='ez-toc-page-1 ez-toc-heading-level-3'><a class=\"ez-toc-link ez-toc-heading-12\" href=\"https:\/\/dudasytextos.com\/preguntaquees\/que-es-el-ciclo-de-krebs\/#%C2%BFPor_que_es_importante_el_ciclo_de_Krebs\" >\u00bfPor qu\u00e9 es importante el ciclo de Krebs?<\/a><\/li><li class='ez-toc-page-1 ez-toc-heading-level-3'><a class=\"ez-toc-link ez-toc-heading-13\" href=\"https:\/\/dudasytextos.com\/preguntaquees\/que-es-el-ciclo-de-krebs\/#%C2%BFComo_afecta_el_ciclo_de_Krebs_a_mi_cuerpo\" >\u00bfC\u00f3mo afecta el ciclo de Krebs a mi cuerpo?<\/a><\/li><\/ul><\/li><\/ul><\/nav><\/div>\n<h2><span class=\"ez-toc-section\" id=\"Que_es_el_ciclo_de_Krebs\"><\/span>Qu\u00e9 es el ciclo de Krebs<span class=\"ez-toc-section-end\"><\/span><\/h2>\n<h2><span class=\"ez-toc-section\" id=\"Por_Ana_Gonzalez\"><\/span>Por Ana Gonz\u00e1lez<span class=\"ez-toc-section-end\"><\/span><\/h2>\n<section>\n<h2><span class=\"ez-toc-section\" id=\"Curiosidades_sobre_el_ciclo_de_Krebs\"><\/span>Curiosidades sobre el ciclo de Krebs<span class=\"ez-toc-section-end\"><\/span><\/h2>\n<ul>\n<li>Recibe su nombre en honor al bioqu\u00edmico Hans Krebs, quien lo descubri\u00f3 en 1937.<\/li>\n<li>Se lleva a cabo en la mitocondria, que es la f\u00e1brica de energ\u00eda de la c\u00e9lula.<\/li>\n<li>Es un proceso esencial para la producci\u00f3n de energ\u00eda en nuestras c\u00e9lulas.<\/li>\n<\/ul>\n<\/section>\n<section>\n<h2><span class=\"ez-toc-section\" id=\"Que_es_el_ciclo_de_Krebs-2\"><\/span>Qu\u00e9 es el ciclo de Krebs<span class=\"ez-toc-section-end\"><\/span><\/h2>\n<p>El ciclo de Krebs, tambi\u00e9n conocido como ciclo del \u00e1cido c\u00edtrico o ciclo del citrato, es un proceso bioqu\u00edmico que se lleva a cabo en la mitocondria de las c\u00e9lulas. Este proceso es esencial para la producci\u00f3n de energ\u00eda en nuestras c\u00e9lulas.<\/p>\n<p>El ciclo de Krebs comienza con la combinaci\u00f3n de una mol\u00e9cula de acetil-CoA y una mol\u00e9cula de oxalacetato para formar una mol\u00e9cula de citrato. A partir de ah\u00ed, se van produciendo una serie de reacciones qu\u00edmicas que liberan electrones y protones, que son utilizados por la cadena de transporte de electrones para producir ATP, la mol\u00e9cula de energ\u00eda que nuestras c\u00e9lulas utilizan para funcionar.<\/p>\n<p>El ciclo de Krebs es un proceso complejo que involucra a numerosas enzimas y reacciones qu\u00edmicas, pero su resultado final es la producci\u00f3n de energ\u00eda para nuestras c\u00e9lulas.<\/p>\n<\/section>\n<section>\n<h2><span class=\"ez-toc-section\" id=\"Como_funciona_el_ciclo_de_Krebs\"><\/span>C\u00f3mo funciona el ciclo de Krebs<span class=\"ez-toc-section-end\"><\/span><\/h2>\n<p>El ciclo de Krebs se lleva a cabo en la mitocondria, que es una organela celular encargada de la producci\u00f3n de energ\u00eda. En el interior de la mitocondria, se encuentra el espacio intramembranoso y la matriz mitocondrial.<\/p>\n<p>El proceso comienza con la combinaci\u00f3n de una mol\u00e9cula de acetil-CoA y una mol\u00e9cula de oxalacetato para formar una mol\u00e9cula de citrato. A partir de ah\u00ed, se van produciendo una serie de reacciones qu\u00edmicas que liberan electrones y protones que son utilizados por la cadena de transporte de electrones para producir ATP.<\/p>\n<p>El ciclo de Krebs es un proceso c\u00edclico, lo que significa que las mol\u00e9culas que se utilizan al principio del ciclo se regeneran al final del mismo. De esta forma, el ciclo puede continuar produciendo energ\u00eda de manera constante.<\/p>\n<\/section>\n<section>\n<h2><span class=\"ez-toc-section\" id=\"Por_que_es_importante_el_ciclo_de_Krebs\"><\/span>Por qu\u00e9 es importante el ciclo de Krebs<span class=\"ez-toc-section-end\"><\/span><\/h2>\n<p>El ciclo de Krebs es un proceso esencial para la producci\u00f3n de energ\u00eda en nuestras c\u00e9lulas. Sin \u00e9l, nuestras c\u00e9lulas no podr\u00edan producir ATP, la mol\u00e9cula de energ\u00eda que necesitan para realizar sus funciones.<\/p>\n<p>Adem\u00e1s, el ciclo de Krebs tambi\u00e9n es importante porque es el punto de convergencia de varias v\u00edas metab\u00f3licas. Esto significa que muchas de las mol\u00e9culas que nuestro cuerpo utiliza para producir energ\u00eda, como los amino\u00e1cidos y los \u00e1cidos grasos, deben pasar por el ciclo de Krebs antes de poder ser utilizados por nuestras c\u00e9lulas.<\/p>\n<\/section>\n<section>\n<h2><span class=\"ez-toc-section\" id=\"Ejemplos_de_como_el_ciclo_de_Krebs_afecta_a_nuestro_cuerpo\"><\/span>Ejemplos de c\u00f3mo el ciclo de Krebs afecta a nuestro cuerpo<span class=\"ez-toc-section-end\"><\/span><\/h2>\n<p>El ciclo de Krebs tiene un impacto directo en el funcionamiento de nuestro cuerpo. Por ejemplo, cuando realizamos ejercicio f\u00edsico, nuestro cuerpo necesita producir m\u00e1s energ\u00eda para poder realizar la actividad. Para ello, se activa el ciclo de Krebs, lo que permite que nuestras c\u00e9lulas produzcan m\u00e1s ATP y podamos mantener el esfuerzo durante m\u00e1s tiempo.<\/p>\n<p>Por otro lado, algunos trastornos metab\u00f3licos, como la diabetes, pueden afectar al ciclo de Krebs y a la producci\u00f3n de energ\u00eda en nuestras c\u00e9lulas. De hecho, se ha demostrado que la disfunci\u00f3n mitocondrial, que es la alteraci\u00f3n del funcionamiento de la mitocondria, est\u00e1 relacionada con numerosas enfermedades, como el c\u00e1ncer, la enfermedad de Alzheimer y la diabetes tipo 2.<\/p>\n<\/section>\n<section>\n<h2><span class=\"ez-toc-section\" id=\"Mitos_y_verdades_sobre_el_ciclo_de_Krebs\"><\/span>Mitos y verdades sobre el ciclo de Krebs<span class=\"ez-toc-section-end\"><\/span><\/h2>\n<ul>\n<li><strong>Mito:<\/strong> El ciclo de Krebs es un proceso que solo ocurre en las c\u00e9lulas musculares.<\/li>\n<li><strong>Verdad:<\/strong> El ciclo de Krebs se lleva a cabo en todas las c\u00e9lulas de nuestro cuerpo.<\/li>\n<li><strong>Mito:<\/strong> El ciclo de Krebs produce energ\u00eda directamente.<\/li>\n<li><strong>Verdad:<\/strong> El ciclo de Krebs produce electrones y protones, que son utilizados por la cadena de transporte de electrones para producir ATP.<\/li>\n<li><strong>Mito:<\/strong> Si no hago ejercicio, el ciclo de Krebs no es importante para m\u00ed.<\/li>\n<li><strong>Verdad:<\/strong> El ciclo de Krebs es esencial para la producci\u00f3n de energ\u00eda en todas nuestras c\u00e9lulas, independientemente de si hacemos ejercicio o no.<\/li>\n<\/ul>\n<\/section>\n<section>\n<h2><span class=\"ez-toc-section\" id=\"Preguntas_frecuentes_sobre_el_ciclo_de_Krebs\"><\/span>Preguntas frecuentes sobre el ciclo de Krebs<span class=\"ez-toc-section-end\"><\/span><\/h2>\n<h3><span class=\"ez-toc-section\" id=\"%C2%BFQue_es_el_ciclo_de_Krebs\"><\/span>\u00bfQu\u00e9 es el ciclo de Krebs?<span class=\"ez-toc-section-end\"><\/span><\/h3>\n<p>El ciclo de Krebs es un proceso bioqu\u00edmico que se lleva a cabo en la mitocondria de las c\u00e9lulas y es esencial para la producci\u00f3n de energ\u00eda en nuestras c\u00e9lulas.<\/p>\n<h3><span class=\"ez-toc-section\" id=\"%C2%BFComo_funciona_el_ciclo_de_Krebs\"><\/span>\u00bfC\u00f3mo funciona el ciclo de Krebs?<span class=\"ez-toc-section-end\"><\/span><\/h3>\n<p>El ciclo de Krebs comienza con la combinaci\u00f3n de una mol\u00e9cula de acetil-CoA y una mol\u00e9cula de oxalacetato para formar una mol\u00e9cula de citrato. A partir de ah\u00ed, se van produciendo una serie de reacciones qu\u00edmicas que liberan electrones y protones que son utilizados por la cadena de transporte de electrones para producir ATP.<\/p>\n<h3><span class=\"ez-toc-section\" id=\"%C2%BFPor_que_es_importante_el_ciclo_de_Krebs\"><\/span>\u00bfPor qu\u00e9 es importante el ciclo de Krebs?<span class=\"ez-toc-section-end\"><\/span><\/h3>\n<p>El ciclo de Krebs es esencial para la producci\u00f3n de energ\u00eda en nuestras c\u00e9lulas. Sin \u00e9l, nuestras c\u00e9lulas no podr\u00edan producir ATP, la mol\u00e9cula de energ\u00eda que necesitan para realizar sus funciones.<\/p>\n<h3><span class=\"ez-toc-section\" id=\"%C2%BFComo_afecta_el_ciclo_de_Krebs_a_mi_cuerpo\"><\/span>\u00bfC\u00f3mo afecta el ciclo de Krebs a mi cuerpo?<span class=\"ez-toc-section-end\"><\/span><\/h3>\n<p>El ciclo de Krebs tiene un impacto directo en el funcionamiento de nuestro cuerpo. Por ejemplo, cuando realizamos ejercicio f\u00edsico, se activa el ciclo de Krebs para permitir que nuestras c\u00e9lulas produzcan m\u00e1s ATP y podamos mantener el esfuerzo durante m\u00e1s tiempo. Por otro lado, algunos trastornos metab\u00f3licos, como la diabetes, pueden afectar al ciclo de Krebs y a la producci\u00f3n de energ\u00eda en nuestras c\u00e9lulas.<\/p>\n<\/section>\n<footer>\n<p>\u00a9 2023 Ana Gonz\u00e1lez<\/p>\n<\/footer>\n","protected":false},"excerpt":{"rendered":"<p>Qu\u00e9 es el ciclo de Krebs Por Ana Gonz\u00e1lez Curiosidades sobre el ciclo de Krebs Recibe su nombre en honor al bioqu\u00edmico Hans Krebs, quien lo descubri\u00f3 en 1937. Se lleva a cabo en la mitocondria, que es la f\u00e1brica de energ\u00eda de la c\u00e9lula. Es un proceso esencial para la producci\u00f3n de energ\u00eda en &#8230; <a title=\"Qu\u00e9 es el ciclo de krebs\" class=\"read-more\" href=\"https:\/\/dudasytextos.com\/preguntaquees\/que-es-el-ciclo-de-krebs\/\" aria-label=\"M\u00e1s en Qu\u00e9 es el ciclo de krebs\">Leer m\u00e1s<\/a><\/p>\n","protected":false},"author":1,"featured_media":0,"comment_status":"open","ping_status":"open","sticky":false,"template":"","format":"standard","meta":{"footnotes":""},"categories":[4],"tags":[],"class_list":["post-152635","post","type-post","status-publish","format-standard","hentry","category-que-es"],"aioseo_notices":[],"aioseo_head":"\n\t\t<!-- All in One SEO 5.0.1.1 - aioseo.com -->\n\t<meta name=\"description\" content=\"Qu\u00e9 es el ciclo de Krebs Por Ana Gonz\u00e1lez Curiosidades sobre el ciclo de Krebs Recibe su nombre en honor al bioqu\u00edmico Hans Krebs, quien lo descubri\u00f3 en 1937. Se lleva a cabo en la mitocondria, que es la f\u00e1brica de energ\u00eda de la c\u00e9lula. Es un proceso esencial para la producci\u00f3n de energ\u00eda en\" \/>\n\t<meta name=\"robots\" content=\"max-snippet:-1, max-image-preview:large, max-video-preview:-1\" \/>\n\t<meta name=\"author\" content=\"Ana Gonz\u00e1lez\"\/>\n\t<link rel=\"canonical\" href=\"https:\/\/dudasytextos.com\/preguntaquees\/que-es-el-ciclo-de-krebs\/\" \/>\n\t<meta name=\"generator\" content=\"All in One SEO (AIOSEO) 5.0.1.1\" \/>\n\n\t\t<!-- Google tag (gtag.js) -->\n<script async src=\"https:\/\/www.googletagmanager.com\/gtag\/js?id=G-QEZWJ7M6T7\"><\/script>\n<script>\n  window.dataLayer = window.dataLayer || [];\n  function gtag(){dataLayer.push(arguments);}\n  gtag('js', new Date());\n\n  gtag('config', 'G-QEZWJ7M6T7');\n<\/script>\n<script async src=\"https:\/\/pagead2.googlesyndication.com\/pagead\/js\/adsbygoogle.js?client=ca-pub-3987500858204711\"\n     crossorigin=\"anonymous\"><\/script>\n\t\t<meta property=\"og:locale\" content=\"es_ES\" \/>\n\t\t<meta property=\"og:site_name\" content=\"\u00bfQu\u00e9 es? - \u00bfQu\u00e9 es?\" \/>\n\t\t<meta property=\"og:type\" content=\"article\" \/>\n\t\t<meta property=\"og:title\" content=\"Qu\u00e9 es el ciclo de krebs (2026) \u00bfQu\u00e9 es?\" \/>\n\t\t<meta property=\"og:description\" content=\"Qu\u00e9 es el ciclo de Krebs Por Ana Gonz\u00e1lez Curiosidades sobre el ciclo de Krebs Recibe su nombre en honor al bioqu\u00edmico Hans Krebs, quien lo descubri\u00f3 en 1937. Se lleva a cabo en la mitocondria, que es la f\u00e1brica de energ\u00eda de la c\u00e9lula. Es un proceso esencial para la producci\u00f3n de energ\u00eda en\" \/>\n\t\t<meta property=\"og:url\" content=\"https:\/\/dudasytextos.com\/preguntaquees\/que-es-el-ciclo-de-krebs\/\" \/>\n\t\t<meta property=\"article:published_time\" content=\"2025-03-03T04:43:03+00:00\" \/>\n\t\t<meta property=\"article:modified_time\" content=\"2025-03-13T02:09:58+00:00\" \/>\n\t\t<meta name=\"twitter:card\" content=\"summary_large_image\" \/>\n\t\t<meta name=\"twitter:title\" content=\"Qu\u00e9 es el ciclo de krebs (2026) \u00bfQu\u00e9 es?\" \/>\n\t\t<meta name=\"twitter:description\" content=\"Qu\u00e9 es el ciclo de Krebs Por Ana Gonz\u00e1lez Curiosidades sobre el ciclo de Krebs Recibe su nombre en honor al bioqu\u00edmico Hans Krebs, quien lo descubri\u00f3 en 1937. Se lleva a cabo en la mitocondria, que es la f\u00e1brica de energ\u00eda de la c\u00e9lula. Es un proceso esencial para la producci\u00f3n de energ\u00eda en\" \/>\n\t\t<script type=\"application\/ld+json\" class=\"aioseo-schema\">\n\t\t\t{\"@context\":\"https:\\\/\\\/schema.org\",\"@graph\":[{\"@type\":\"BlogPosting\",\"@id\":\"https:\\\/\\\/dudasytextos.com\\\/preguntaquees\\\/que-es-el-ciclo-de-krebs\\\/#blogposting\",\"name\":\"Qu\\u00e9 es el ciclo de krebs (2026) \\u00bfQu\\u00e9 es?\",\"headline\":\"Qu\\u00e9 es el ciclo de krebs\",\"author\":{\"@id\":\"https:\\\/\\\/dudasytextos.com\\\/preguntaquees\\\/author\\\/admin44\\\/#author\"},\"publisher\":{\"@id\":\"https:\\\/\\\/dudasytextos.com\\\/preguntaquees\\\/#organization\"},\"datePublished\":\"2025-03-03T04:43:03+00:00\",\"dateModified\":\"2025-03-13T02:09:58+00:00\",\"inLanguage\":\"es-ES\",\"mainEntityOfPage\":{\"@id\":\"https:\\\/\\\/dudasytextos.com\\\/preguntaquees\\\/que-es-el-ciclo-de-krebs\\\/#webpage\"},\"isPartOf\":{\"@id\":\"https:\\\/\\\/dudasytextos.com\\\/preguntaquees\\\/que-es-el-ciclo-de-krebs\\\/#webpage\"},\"articleSection\":\"\\u00bfQu\\u00e9 es?\"},{\"@type\":\"BreadcrumbList\",\"@id\":\"https:\\\/\\\/dudasytextos.com\\\/preguntaquees\\\/que-es-el-ciclo-de-krebs\\\/#breadcrumblist\",\"itemListElement\":[{\"@type\":\"ListItem\",\"@id\":\"https:\\\/\\\/dudasytextos.com\\\/preguntaquees#listItem\",\"position\":1,\"name\":\"Inicio\",\"item\":\"https:\\\/\\\/dudasytextos.com\\\/preguntaquees\",\"nextItem\":{\"@type\":\"ListItem\",\"@id\":\"https:\\\/\\\/dudasytextos.com\\\/preguntaquees\\\/category\\\/que-es\\\/#listItem\",\"name\":\"\\u00bfQu\\u00e9 es?\"}},{\"@type\":\"ListItem\",\"@id\":\"https:\\\/\\\/dudasytextos.com\\\/preguntaquees\\\/category\\\/que-es\\\/#listItem\",\"position\":2,\"name\":\"\\u00bfQu\\u00e9 es?\",\"item\":\"https:\\\/\\\/dudasytextos.com\\\/preguntaquees\\\/category\\\/que-es\\\/\",\"nextItem\":{\"@type\":\"ListItem\",\"@id\":\"https:\\\/\\\/dudasytextos.com\\\/preguntaquees\\\/que-es-el-ciclo-de-krebs\\\/#listItem\",\"name\":\"Qu\\u00e9 es el ciclo de krebs\"},\"previousItem\":{\"@type\":\"ListItem\",\"@id\":\"https:\\\/\\\/dudasytextos.com\\\/preguntaquees#listItem\",\"name\":\"Inicio\"}},{\"@type\":\"ListItem\",\"@id\":\"https:\\\/\\\/dudasytextos.com\\\/preguntaquees\\\/que-es-el-ciclo-de-krebs\\\/#listItem\",\"position\":3,\"name\":\"Qu\\u00e9 es el ciclo de krebs\",\"previousItem\":{\"@type\":\"ListItem\",\"@id\":\"https:\\\/\\\/dudasytextos.com\\\/preguntaquees\\\/category\\\/que-es\\\/#listItem\",\"name\":\"\\u00bfQu\\u00e9 es?\"}}]},{\"@type\":\"Organization\",\"@id\":\"https:\\\/\\\/dudasytextos.com\\\/preguntaquees\\\/#organization\",\"name\":\"\\u00bfC\\u00f3mo funciona?\",\"description\":\"\\u00bfQu\\u00e9 es?\",\"url\":\"https:\\\/\\\/dudasytextos.com\\\/preguntaquees\\\/\"},{\"@type\":\"Person\",\"@id\":\"https:\\\/\\\/dudasytextos.com\\\/preguntaquees\\\/author\\\/admin44\\\/#author\",\"url\":\"https:\\\/\\\/dudasytextos.com\\\/preguntaquees\\\/author\\\/admin44\\\/\",\"name\":\"Ana Gonz\\u00e1lez\"},{\"@type\":\"WebPage\",\"@id\":\"https:\\\/\\\/dudasytextos.com\\\/preguntaquees\\\/que-es-el-ciclo-de-krebs\\\/#webpage\",\"url\":\"https:\\\/\\\/dudasytextos.com\\\/preguntaquees\\\/que-es-el-ciclo-de-krebs\\\/\",\"name\":\"Qu\\u00e9 es el ciclo de krebs (2026) \\u00bfQu\\u00e9 es?\",\"description\":\"Qu\\u00e9 es el ciclo de Krebs Por Ana Gonz\\u00e1lez Curiosidades sobre el ciclo de Krebs Recibe su nombre en honor al bioqu\\u00edmico Hans Krebs, quien lo descubri\\u00f3 en 1937. Se lleva a cabo en la mitocondria, que es la f\\u00e1brica de energ\\u00eda de la c\\u00e9lula. Es un proceso esencial para la producci\\u00f3n de energ\\u00eda en\",\"inLanguage\":\"es-ES\",\"isPartOf\":{\"@id\":\"https:\\\/\\\/dudasytextos.com\\\/preguntaquees\\\/#website\"},\"breadcrumb\":{\"@id\":\"https:\\\/\\\/dudasytextos.com\\\/preguntaquees\\\/que-es-el-ciclo-de-krebs\\\/#breadcrumblist\"},\"author\":{\"@id\":\"https:\\\/\\\/dudasytextos.com\\\/preguntaquees\\\/author\\\/admin44\\\/#author\"},\"creator\":{\"@id\":\"https:\\\/\\\/dudasytextos.com\\\/preguntaquees\\\/author\\\/admin44\\\/#author\"},\"datePublished\":\"2025-03-03T04:43:03+00:00\",\"dateModified\":\"2025-03-13T02:09:58+00:00\"},{\"@type\":\"WebSite\",\"@id\":\"https:\\\/\\\/dudasytextos.com\\\/preguntaquees\\\/#website\",\"url\":\"https:\\\/\\\/dudasytextos.com\\\/preguntaquees\\\/\",\"name\":\"\\u00bfC\\u00f3mo funciona?\",\"description\":\"\\u00bfQu\\u00e9 es?\",\"inLanguage\":\"es-ES\",\"publisher\":{\"@id\":\"https:\\\/\\\/dudasytextos.com\\\/preguntaquees\\\/#organization\"}}]}\n\t\t<\/script>\n\t\t<!-- All in One SEO -->\n\n","aioseo_head_json":{"title":"Qu\u00e9 es el ciclo de krebs (2026) \u00bfQu\u00e9 es?","description":"Qu\u00e9 es el ciclo de Krebs Por Ana Gonz\u00e1lez Curiosidades sobre el ciclo de Krebs Recibe su nombre en honor al bioqu\u00edmico Hans Krebs, quien lo descubri\u00f3 en 1937. Se lleva a cabo en la mitocondria, que es la f\u00e1brica de energ\u00eda de la c\u00e9lula. Es un proceso esencial para la producci\u00f3n de energ\u00eda en","canonical_url":"https:\/\/dudasytextos.com\/preguntaquees\/que-es-el-ciclo-de-krebs\/","robots":"max-snippet:-1, max-image-preview:large, max-video-preview:-1","keywords":"","webmasterTools":{"miscellaneous":"&lt;!-- Google tag (gtag.js) --&gt;\n&lt;script async src=\"https:\/\/www.googletagmanager.com\/gtag\/js?id=G-QEZWJ7M6T7\"&gt;&lt;\/script&gt;\n&lt;script&gt;\n  window.dataLayer = window.dataLayer || [];\n  function gtag(){dataLayer.push(arguments);}\n  gtag('js', new Date());\n\n  gtag('config', 'G-QEZWJ7M6T7');\n&lt;\/script&gt;\n&lt;script async src=\"https:\/\/pagead2.googlesyndication.com\/pagead\/js\/adsbygoogle.js?client=ca-pub-3987500858204711\"\n     crossorigin=\"anonymous\"&gt;&lt;\/script&gt;"},"schema":{"@context":"https:\/\/schema.org","@graph":[{"@type":"BlogPosting","@id":"https:\/\/dudasytextos.com\/preguntaquees\/que-es-el-ciclo-de-krebs\/#blogposting","name":"Qu\u00e9 es el ciclo de krebs (2026) \u00bfQu\u00e9 es?","headline":"Qu\u00e9 es el ciclo de krebs","author":{"@id":"https:\/\/dudasytextos.com\/preguntaquees\/author\/admin44\/#author"},"publisher":{"@id":"https:\/\/dudasytextos.com\/preguntaquees\/#organization"},"datePublished":"2025-03-03T04:43:03+00:00","dateModified":"2025-03-13T02:09:58+00:00","inLanguage":"es-ES","mainEntityOfPage":{"@id":"https:\/\/dudasytextos.com\/preguntaquees\/que-es-el-ciclo-de-krebs\/#webpage"},"isPartOf":{"@id":"https:\/\/dudasytextos.com\/preguntaquees\/que-es-el-ciclo-de-krebs\/#webpage"},"articleSection":"\u00bfQu\u00e9 es?"},{"@type":"BreadcrumbList","@id":"https:\/\/dudasytextos.com\/preguntaquees\/que-es-el-ciclo-de-krebs\/#breadcrumblist","itemListElement":[{"@type":"ListItem","@id":"https:\/\/dudasytextos.com\/preguntaquees#listItem","position":1,"name":"Inicio","item":"https:\/\/dudasytextos.com\/preguntaquees","nextItem":{"@type":"ListItem","@id":"https:\/\/dudasytextos.com\/preguntaquees\/category\/que-es\/#listItem","name":"\u00bfQu\u00e9 es?"}},{"@type":"ListItem","@id":"https:\/\/dudasytextos.com\/preguntaquees\/category\/que-es\/#listItem","position":2,"name":"\u00bfQu\u00e9 es?","item":"https:\/\/dudasytextos.com\/preguntaquees\/category\/que-es\/","nextItem":{"@type":"ListItem","@id":"https:\/\/dudasytextos.com\/preguntaquees\/que-es-el-ciclo-de-krebs\/#listItem","name":"Qu\u00e9 es el ciclo de krebs"},"previousItem":{"@type":"ListItem","@id":"https:\/\/dudasytextos.com\/preguntaquees#listItem","name":"Inicio"}},{"@type":"ListItem","@id":"https:\/\/dudasytextos.com\/preguntaquees\/que-es-el-ciclo-de-krebs\/#listItem","position":3,"name":"Qu\u00e9 es el ciclo de krebs","previousItem":{"@type":"ListItem","@id":"https:\/\/dudasytextos.com\/preguntaquees\/category\/que-es\/#listItem","name":"\u00bfQu\u00e9 es?"}}]},{"@type":"Organization","@id":"https:\/\/dudasytextos.com\/preguntaquees\/#organization","name":"\u00bfC\u00f3mo funciona?","description":"\u00bfQu\u00e9 es?","url":"https:\/\/dudasytextos.com\/preguntaquees\/"},{"@type":"Person","@id":"https:\/\/dudasytextos.com\/preguntaquees\/author\/admin44\/#author","url":"https:\/\/dudasytextos.com\/preguntaquees\/author\/admin44\/","name":"Ana Gonz\u00e1lez"},{"@type":"WebPage","@id":"https:\/\/dudasytextos.com\/preguntaquees\/que-es-el-ciclo-de-krebs\/#webpage","url":"https:\/\/dudasytextos.com\/preguntaquees\/que-es-el-ciclo-de-krebs\/","name":"Qu\u00e9 es el ciclo de krebs (2026) \u00bfQu\u00e9 es?","description":"Qu\u00e9 es el ciclo de Krebs Por Ana Gonz\u00e1lez Curiosidades sobre el ciclo de Krebs Recibe su nombre en honor al bioqu\u00edmico Hans Krebs, quien lo descubri\u00f3 en 1937. Se lleva a cabo en la mitocondria, que es la f\u00e1brica de energ\u00eda de la c\u00e9lula. Es un proceso esencial para la producci\u00f3n de energ\u00eda en","inLanguage":"es-ES","isPartOf":{"@id":"https:\/\/dudasytextos.com\/preguntaquees\/#website"},"breadcrumb":{"@id":"https:\/\/dudasytextos.com\/preguntaquees\/que-es-el-ciclo-de-krebs\/#breadcrumblist"},"author":{"@id":"https:\/\/dudasytextos.com\/preguntaquees\/author\/admin44\/#author"},"creator":{"@id":"https:\/\/dudasytextos.com\/preguntaquees\/author\/admin44\/#author"},"datePublished":"2025-03-03T04:43:03+00:00","dateModified":"2025-03-13T02:09:58+00:00"},{"@type":"WebSite","@id":"https:\/\/dudasytextos.com\/preguntaquees\/#website","url":"https:\/\/dudasytextos.com\/preguntaquees\/","name":"\u00bfC\u00f3mo funciona?","description":"\u00bfQu\u00e9 es?","inLanguage":"es-ES","publisher":{"@id":"https:\/\/dudasytextos.com\/preguntaquees\/#organization"}}]},"og:locale":"es_ES","og:site_name":"\u00bfQu\u00e9 es? - \u00bfQu\u00e9 es?","og:type":"article","og:title":"Qu\u00e9 es el ciclo de krebs (2026) \u00bfQu\u00e9 es?","og:description":"Qu\u00e9 es el ciclo de Krebs Por Ana Gonz\u00e1lez Curiosidades sobre el ciclo de Krebs Recibe su nombre en honor al bioqu\u00edmico Hans Krebs, quien lo descubri\u00f3 en 1937. Se lleva a cabo en la mitocondria, que es la f\u00e1brica de energ\u00eda de la c\u00e9lula. Es un proceso esencial para la producci\u00f3n de energ\u00eda en","og:url":"https:\/\/dudasytextos.com\/preguntaquees\/que-es-el-ciclo-de-krebs\/","article:published_time":"2025-03-03T04:43:03+00:00","article:modified_time":"2025-03-13T02:09:58+00:00","twitter:card":"summary_large_image","twitter:title":"Qu\u00e9 es el ciclo de krebs (2026) \u00bfQu\u00e9 es?","twitter:description":"Qu\u00e9 es el ciclo de Krebs Por Ana Gonz\u00e1lez Curiosidades sobre el ciclo de Krebs Recibe su nombre en honor al bioqu\u00edmico Hans Krebs, quien lo descubri\u00f3 en 1937. Se lleva a cabo en la mitocondria, que es la f\u00e1brica de energ\u00eda de la c\u00e9lula. Es un proceso esencial para la producci\u00f3n de energ\u00eda en"},"aioseo_meta_data":{"post_id":"152635","title":null,"description":null,"keywords":null,"keyphrases":null,"primary_term":null,"canonical_url":null,"og_title":null,"og_description":null,"og_object_type":"default","og_image_type":"default","og_image_url":null,"og_image_width":null,"og_image_height":null,"og_image_custom_url":null,"og_image_custom_fields":null,"og_video":null,"og_custom_url":null,"og_article_section":null,"og_article_tags":null,"twitter_use_og":false,"twitter_card":"default","twitter_image_type":"default","twitter_image_url":null,"twitter_image_custom_url":null,"twitter_image_custom_fields":null,"twitter_title":null,"twitter_description":null,"schema":{"blockGraphs":[],"customGraphs":[],"default":{"data":{"Article":[],"Course":[],"Dataset":[],"FAQPage":[],"Movie":[],"Person":[],"Product":[],"ProductReview":[],"Car":[],"Recipe":[],"Service":[],"SoftwareApplication":[],"WebPage":[]},"graphName":"","isEnabled":true},"graphs":[]},"schema_type":"default","schema_type_options":null,"pillar_content":false,"robots_default":true,"robots_noindex":false,"robots_noarchive":false,"robots_nosnippet":false,"robots_nofollow":false,"robots_noimageindex":false,"robots_noodp":false,"robots_notranslate":false,"robots_max_snippet":null,"robots_max_videopreview":null,"robots_max_imagepreview":"large","priority":null,"frequency":null,"local_seo":null,"breadcrumb_settings":null,"limit_modified_date":false,"ai":null,"created":"2023-05-09 09:17:30","updated":"2025-06-04 05:09:03","seo_analyzer_scan_date":null,"focus_keyword":null,"additional_keywords":null,"truseo_locale":null},"aioseo_breadcrumb":"<div class=\"aioseo-breadcrumbs\"><span class=\"aioseo-breadcrumb\">\n\t\t\t<a href=\"https:\/\/dudasytextos.com\/preguntaquees\" title=\"Inicio\">Inicio<\/a>\n\t\t<\/span><span class=\"aioseo-breadcrumb-separator\">&raquo;<\/span><span class=\"aioseo-breadcrumb\">\n\t\t\t<a href=\"https:\/\/dudasytextos.com\/preguntaquees\/category\/que-es\/\" title=\"\u00bfQu\u00e9 es?\">\u00bfQu\u00e9 es?<\/a>\n\t\t<\/span><span class=\"aioseo-breadcrumb-separator\">&raquo;<\/span><span class=\"aioseo-breadcrumb\">\n\t\t\tQu\u00e9 es el ciclo de krebs\n\t\t<\/span><\/div>","aioseo_breadcrumb_json":[{"label":"Inicio","link":"https:\/\/dudasytextos.com\/preguntaquees"},{"label":"\u00bfQu\u00e9 es?","link":"https:\/\/dudasytextos.com\/preguntaquees\/category\/que-es\/"},{"label":"Qu\u00e9 es el ciclo de krebs","link":"https:\/\/dudasytextos.com\/preguntaquees\/que-es-el-ciclo-de-krebs\/"}],"_links":{"self":[{"href":"https:\/\/dudasytextos.com\/preguntaquees\/wp-json\/wp\/v2\/posts\/152635","targetHints":{"allow":["GET"]}}],"collection":[{"href":"https:\/\/dudasytextos.com\/preguntaquees\/wp-json\/wp\/v2\/posts"}],"about":[{"href":"https:\/\/dudasytextos.com\/preguntaquees\/wp-json\/wp\/v2\/types\/post"}],"author":[{"embeddable":true,"href":"https:\/\/dudasytextos.com\/preguntaquees\/wp-json\/wp\/v2\/users\/1"}],"replies":[{"embeddable":true,"href":"https:\/\/dudasytextos.com\/preguntaquees\/wp-json\/wp\/v2\/comments?post=152635"}],"version-history":[{"count":1,"href":"https:\/\/dudasytextos.com\/preguntaquees\/wp-json\/wp\/v2\/posts\/152635\/revisions"}],"predecessor-version":[{"id":153194,"href":"https:\/\/dudasytextos.com\/preguntaquees\/wp-json\/wp\/v2\/posts\/152635\/revisions\/153194"}],"wp:attachment":[{"href":"https:\/\/dudasytextos.com\/preguntaquees\/wp-json\/wp\/v2\/media?parent=152635"}],"wp:term":[{"taxonomy":"category","embeddable":true,"href":"https:\/\/dudasytextos.com\/preguntaquees\/wp-json\/wp\/v2\/categories?post=152635"},{"taxonomy":"post_tag","embeddable":true,"href":"https:\/\/dudasytextos.com\/preguntaquees\/wp-json\/wp\/v2\/tags?post=152635"}],"curies":[{"name":"wp","href":"https:\/\/api.w.org\/{rel}","templated":true}]}}