{"id":152651,"date":"2025-02-14T04:14:42","date_gmt":"2025-02-14T04:14:42","guid":{"rendered":"https:\/\/educacion.cc\/?p=152651"},"modified":"2025-03-13T04:31:40","modified_gmt":"2025-03-13T04:31:40","slug":"mal-de-altura-peru-que-es","status":"publish","type":"post","link":"https:\/\/dudasytextos.com\/preguntaquees\/mal-de-altura-peru-que-es\/","title":{"rendered":"Mal de altura per\u00fa que es"},"content":{"rendered":"<div id=\"ez-toc-container\" class=\"ez-toc-v2_0_87 counter-hierarchy ez-toc-counter ez-toc-custom ez-toc-container-direction\">\n<div class=\"ez-toc-title-container\">\n<span class=\"ez-toc-title-toggle\"><\/span><\/div>\n<nav><ul class='ez-toc-list ez-toc-list-level-1 ' ><li class='ez-toc-page-1 ez-toc-heading-level-2'><a class=\"ez-toc-link ez-toc-heading-1\" href=\"https:\/\/dudasytextos.com\/preguntaquees\/mal-de-altura-peru-que-es\/#Mal_de_altura_en_Peru_Que_es_como_evitarlo_y_mi_experiencia_personal\" >Mal de altura en Per\u00fa: Qu\u00e9 es, c\u00f3mo evitarlo y mi experiencia personal<\/a><\/li><li class='ez-toc-page-1 ez-toc-heading-level-2'><a class=\"ez-toc-link ez-toc-heading-2\" href=\"https:\/\/dudasytextos.com\/preguntaquees\/mal-de-altura-peru-que-es\/#Por_Ana_Gonzalez\" >Por Ana Gonz\u00e1lez<\/a><\/li><li class='ez-toc-page-1 ez-toc-heading-level-2'><a class=\"ez-toc-link ez-toc-heading-3\" href=\"https:\/\/dudasytextos.com\/preguntaquees\/mal-de-altura-peru-que-es\/#Curiosidades_e_informacion_interesante_sobre_Mal_de_altura_en_Peru\" >Curiosidades e informaci\u00f3n interesante sobre Mal de altura en Per\u00fa<\/a><\/li><li class='ez-toc-page-1 ez-toc-heading-level-2'><a class=\"ez-toc-link ez-toc-heading-4\" href=\"https:\/\/dudasytextos.com\/preguntaquees\/mal-de-altura-peru-que-es\/#%C2%BFComo_prevenir_el_mal_de_altura_en_Peru\" >\u00bfC\u00f3mo prevenir el mal de altura en Per\u00fa?<\/a><\/li><li class='ez-toc-page-1 ez-toc-heading-level-2'><a class=\"ez-toc-link ez-toc-heading-5\" href=\"https:\/\/dudasytextos.com\/preguntaquees\/mal-de-altura-peru-que-es\/#Mi_experiencia_personal_con_el_mal_de_altura_en_Peru\" >Mi experiencia personal con el mal de altura en Per\u00fa<\/a><\/li><li class='ez-toc-page-1 ez-toc-heading-level-2'><a class=\"ez-toc-link ez-toc-heading-6\" href=\"https:\/\/dudasytextos.com\/preguntaquees\/mal-de-altura-peru-que-es\/#Preguntas_frecuentes_sobre_el_mal_de_altura_en_Peru\" >Preguntas frecuentes sobre el mal de altura en Per\u00fa<\/a><ul class='ez-toc-list-level-3' ><li class='ez-toc-heading-level-3'><a class=\"ez-toc-link ez-toc-heading-7\" href=\"https:\/\/dudasytextos.com\/preguntaquees\/mal-de-altura-peru-que-es\/#%C2%BFCuanto_tiempo_tarda_en_aparecer_el_mal_de_altura\" >\u00bfCu\u00e1nto tiempo tarda en aparecer el mal de altura?<\/a><\/li><li class='ez-toc-page-1 ez-toc-heading-level-3'><a class=\"ez-toc-link ez-toc-heading-8\" href=\"https:\/\/dudasytextos.com\/preguntaquees\/mal-de-altura-peru-que-es\/#%C2%BFCual_es_la_mejor_manera_de_tratar_el_mal_de_altura\" >\u00bfCu\u00e1l es la mejor manera de tratar el mal de altura?<\/a><\/li><li class='ez-toc-page-1 ez-toc-heading-level-3'><a class=\"ez-toc-link ez-toc-heading-9\" href=\"https:\/\/dudasytextos.com\/preguntaquees\/mal-de-altura-peru-que-es\/#%C2%BFPuedo_prevenir_el_mal_de_altura\" >\u00bfPuedo prevenir el mal de altura?<\/a><\/li><\/ul><\/li><\/ul><\/nav><\/div>\n<h2><span class=\"ez-toc-section\" id=\"Mal_de_altura_en_Peru_Que_es_como_evitarlo_y_mi_experiencia_personal\"><\/span>Mal de altura en Per\u00fa: Qu\u00e9 es, c\u00f3mo evitarlo y mi experiencia personal<span class=\"ez-toc-section-end\"><\/span><\/h2>\n<h2><span class=\"ez-toc-section\" id=\"Por_Ana_Gonzalez\"><\/span>Por Ana Gonz\u00e1lez<span class=\"ez-toc-section-end\"><\/span><\/h2>\n<section>\n<h2><span class=\"ez-toc-section\" id=\"Curiosidades_e_informacion_interesante_sobre_Mal_de_altura_en_Peru\"><\/span>Curiosidades e informaci\u00f3n interesante sobre Mal de altura en Per\u00fa<span class=\"ez-toc-section-end\"><\/span><\/h2>\n<ul>\n<li>El mal de altura, tambi\u00e9n conocido como soroche, es un problema com\u00fan en los viajeros que visitan las regiones monta\u00f1osas de Per\u00fa, especialmente la Cordillera de los Andes.<\/li>\n<li>Se produce cuando el cuerpo no se adapta a la disminuci\u00f3n de ox\u00edgeno en la atm\u00f3sfera a altitudes elevadas.<\/li>\n<li>Las altitudes a partir de 2500 metros sobre el nivel del mar pueden provocar mal de altura en algunas personas.<\/li>\n<li>Los s\u00edntomas incluyen dolor de cabeza, n\u00e1useas, mareos, falta de apetito y fatiga.<\/li>\n<li>El mejor tratamiento para el mal de altura es descender a una altitud menor y descansar hasta que los s\u00edntomas desaparezcan.<\/li>\n<\/ul>\n<\/section>\n<section>\n<h2><span class=\"ez-toc-section\" id=\"%C2%BFComo_prevenir_el_mal_de_altura_en_Peru\"><\/span>\u00bfC\u00f3mo prevenir el mal de altura en Per\u00fa?<span class=\"ez-toc-section-end\"><\/span><\/h2>\n<p>Si planeas viajar a Per\u00fa y visitar zonas de alta monta\u00f1a, es importante que tomes medidas para prevenir el mal de altura. Aqu\u00ed te dejo algunos consejos:<\/p>\n<ul>\n<li>Permanece hidratado: bebe mucha agua antes y durante tu viaje a la monta\u00f1a.<\/li>\n<li>Evita el alcohol y el tabaco, ya que pueden empeorar los s\u00edntomas del mal de altura.<\/li>\n<li>Descansa lo suficiente antes de tu viaje para que tu cuerpo est\u00e9 bien descansado y preparado para la altitud.<\/li>\n<li>Considera tomar medicamentos como acetazolamida para ayudar a prevenir el mal de altura. Habla con tu m\u00e9dico antes de tomar cualquier medicamento.<\/li>\n<li>Sube a altitudes elevadas gradualmente, permitiendo que tu cuerpo se adapte lentamente a la altitud.<\/li>\n<li>Come alimentos ligeros y ricos en carbohidratos, como frutas y verduras, para mantener tu cuerpo bien alimentado.<\/li>\n<\/ul>\n<\/section>\n<section>\n<h2><span class=\"ez-toc-section\" id=\"Mi_experiencia_personal_con_el_mal_de_altura_en_Peru\"><\/span>Mi experiencia personal con el mal de altura en Per\u00fa<span class=\"ez-toc-section-end\"><\/span><\/h2>\n<p>En mi \u00faltimo viaje a Per\u00fa, decid\u00ed visitar la hermosa ciudad de Cusco, ubicada a m\u00e1s de 3400 metros sobre el nivel del mar. A pesar de haber le\u00eddo sobre el mal de altura y las precauciones que deb\u00eda tomar, no me prepar\u00e9 adecuadamente y termin\u00e9 sufriendo los s\u00edntomas del mal de altura.<\/p>\n<p>Despu\u00e9s de llegar a Cusco, comenc\u00e9 a sentir un dolor de cabeza persistente y n\u00e1useas. Pens\u00e9 que era solo cansancio debido al viaje, pero los s\u00edntomas empeoraron y empec\u00e9 a sentirme mareada y fatigada.<\/p>\n<p>Busqu\u00e9 atenci\u00f3n m\u00e9dica y me dijeron que ten\u00eda mal de altura. Me recomendaron descansar en mi hotel y tomar mucha agua. Despu\u00e9s de un d\u00eda de descanso, me sent\u00ed mucho mejor y pude disfrutar de mi viaje sin m\u00e1s problemas.<\/p>\n<p>Aprend\u00ed la lecci\u00f3n y en mi pr\u00f3ximo viaje a la monta\u00f1a, me asegurar\u00e9 de seguir todas las precauciones necesarias para evitar el mal de altura.<\/p>\n<\/section>\n<footer>\n<section>\n<h2><span class=\"ez-toc-section\" id=\"Preguntas_frecuentes_sobre_el_mal_de_altura_en_Peru\"><\/span>Preguntas frecuentes sobre el mal de altura en Per\u00fa<span class=\"ez-toc-section-end\"><\/span><\/h2>\n<h3><span class=\"ez-toc-section\" id=\"%C2%BFCuanto_tiempo_tarda_en_aparecer_el_mal_de_altura\"><\/span>\u00bfCu\u00e1nto tiempo tarda en aparecer el mal de altura?<span class=\"ez-toc-section-end\"><\/span><\/h3>\n<p>Los s\u00edntomas del mal de altura pueden aparecer dentro de las primeras horas despu\u00e9s de llegar a una altitud elevada, o incluso despu\u00e9s de varios d\u00edas.<\/p>\n<h3><span class=\"ez-toc-section\" id=\"%C2%BFCual_es_la_mejor_manera_de_tratar_el_mal_de_altura\"><\/span>\u00bfCu\u00e1l es la mejor manera de tratar el mal de altura?<span class=\"ez-toc-section-end\"><\/span><\/h3>\n<p>La mejor manera de tratar el mal de altura es descender a una altitud menor y descansar hasta que los s\u00edntomas desaparezcan. Tambi\u00e9n puedes tomar medicamentos para ayudar a aliviar los s\u00edntomas.<\/p>\n<h3><span class=\"ez-toc-section\" id=\"%C2%BFPuedo_prevenir_el_mal_de_altura\"><\/span>\u00bfPuedo prevenir el mal de altura?<span class=\"ez-toc-section-end\"><\/span><\/h3>\n<p>Si, puedes prevenir el mal de altura siguiendo precauciones como hidratarte adecuadamente, evitar el alcohol y el tabaco, descansar lo suficiente antes de tu viaje y subir a altitudes elevadas gradualmente.<\/p>\n<\/section>\n<p>Espero que este art\u00edculo te haya ayudado a entender m\u00e1s sobre el mal de altura en Per\u00fa y c\u00f3mo prevenirlo. Recuerda, siempre es mejor estar preparado antes de viajar a altitudes elevadas. \u00a1Feliz viaje!<\/p>\n<p>Publicado por Ana Gonz\u00e1lez el 25 de septiembre de 2021.<\/p>\n<\/footer>\n","protected":false},"excerpt":{"rendered":"<p>Mal de altura en Per\u00fa: Qu\u00e9 es, c\u00f3mo evitarlo y mi experiencia personal Por Ana Gonz\u00e1lez Curiosidades e informaci\u00f3n interesante sobre Mal de altura en Per\u00fa El mal de altura, tambi\u00e9n conocido como soroche, es un problema com\u00fan en los viajeros que visitan las regiones monta\u00f1osas de Per\u00fa, especialmente la Cordillera de los Andes. Se &#8230; <a title=\"Mal de altura per\u00fa que es\" class=\"read-more\" href=\"https:\/\/dudasytextos.com\/preguntaquees\/mal-de-altura-peru-que-es\/\" aria-label=\"M\u00e1s en Mal de altura per\u00fa que es\">Leer m\u00e1s<\/a><\/p>\n","protected":false},"author":1,"featured_media":0,"comment_status":"open","ping_status":"open","sticky":false,"template":"","format":"standard","meta":{"footnotes":""},"categories":[4],"tags":[],"class_list":["post-152651","post","type-post","status-publish","format-standard","hentry","category-que-es"],"aioseo_notices":[],"aioseo_head":"\n\t\t<!-- All in One SEO 5.0.1.1 - aioseo.com -->\n\t<meta name=\"description\" content=\"Mal de altura en Per\u00fa: Qu\u00e9 es, c\u00f3mo evitarlo y mi experiencia personal Por Ana Gonz\u00e1lez Curiosidades e informaci\u00f3n interesante sobre Mal de altura en Per\u00fa El mal de altura, tambi\u00e9n conocido como soroche, es un problema com\u00fan en los viajeros que visitan las regiones monta\u00f1osas de Per\u00fa, especialmente la Cordillera de los Andes. Se\" \/>\n\t<meta name=\"robots\" content=\"max-snippet:-1, max-image-preview:large, max-video-preview:-1\" \/>\n\t<meta name=\"author\" content=\"Ana Gonz\u00e1lez\"\/>\n\t<link rel=\"canonical\" href=\"https:\/\/dudasytextos.com\/preguntaquees\/mal-de-altura-peru-que-es\/\" \/>\n\t<meta name=\"generator\" content=\"All in One SEO (AIOSEO) 5.0.1.1\" \/>\n\n\t\t<!-- Google tag (gtag.js) -->\n<script async src=\"https:\/\/www.googletagmanager.com\/gtag\/js?id=G-QEZWJ7M6T7\"><\/script>\n<script>\n  window.dataLayer = window.dataLayer || [];\n  function gtag(){dataLayer.push(arguments);}\n  gtag('js', new Date());\n\n  gtag('config', 'G-QEZWJ7M6T7');\n<\/script>\n<script async src=\"https:\/\/pagead2.googlesyndication.com\/pagead\/js\/adsbygoogle.js?client=ca-pub-3987500858204711\"\n     crossorigin=\"anonymous\"><\/script>\n\t\t<meta property=\"og:locale\" content=\"es_ES\" \/>\n\t\t<meta property=\"og:site_name\" content=\"\u00bfQu\u00e9 es? - \u00bfQu\u00e9 es?\" \/>\n\t\t<meta property=\"og:type\" content=\"article\" \/>\n\t\t<meta property=\"og:title\" content=\"Mal de altura per\u00fa que es (2026) \u00bfQu\u00e9 es?\" \/>\n\t\t<meta property=\"og:description\" content=\"Mal de altura en Per\u00fa: Qu\u00e9 es, c\u00f3mo evitarlo y mi experiencia personal Por Ana Gonz\u00e1lez Curiosidades e informaci\u00f3n interesante sobre Mal de altura en Per\u00fa El mal de altura, tambi\u00e9n conocido como soroche, es un problema com\u00fan en los viajeros que visitan las regiones monta\u00f1osas de Per\u00fa, especialmente la Cordillera de los Andes. Se\" \/>\n\t\t<meta property=\"og:url\" content=\"https:\/\/dudasytextos.com\/preguntaquees\/mal-de-altura-peru-que-es\/\" \/>\n\t\t<meta property=\"article:published_time\" content=\"2025-02-14T04:14:42+00:00\" \/>\n\t\t<meta property=\"article:modified_time\" content=\"2025-03-13T04:31:40+00:00\" \/>\n\t\t<meta name=\"twitter:card\" content=\"summary_large_image\" \/>\n\t\t<meta name=\"twitter:title\" content=\"Mal de altura per\u00fa que es (2026) \u00bfQu\u00e9 es?\" \/>\n\t\t<meta name=\"twitter:description\" content=\"Mal de altura en Per\u00fa: Qu\u00e9 es, c\u00f3mo evitarlo y mi experiencia personal Por Ana Gonz\u00e1lez Curiosidades e informaci\u00f3n interesante sobre Mal de altura en Per\u00fa El mal de altura, tambi\u00e9n conocido como soroche, es un problema com\u00fan en los viajeros que visitan las regiones monta\u00f1osas de Per\u00fa, especialmente la Cordillera de los Andes. Se\" \/>\n\t\t<script type=\"application\/ld+json\" class=\"aioseo-schema\">\n\t\t\t{\"@context\":\"https:\\\/\\\/schema.org\",\"@graph\":[{\"@type\":\"BlogPosting\",\"@id\":\"https:\\\/\\\/dudasytextos.com\\\/preguntaquees\\\/mal-de-altura-peru-que-es\\\/#blogposting\",\"name\":\"Mal de altura per\\u00fa que es (2026) \\u00bfQu\\u00e9 es?\",\"headline\":\"Mal de altura per\\u00fa que es\",\"author\":{\"@id\":\"https:\\\/\\\/dudasytextos.com\\\/preguntaquees\\\/author\\\/admin44\\\/#author\"},\"publisher\":{\"@id\":\"https:\\\/\\\/dudasytextos.com\\\/preguntaquees\\\/#organization\"},\"datePublished\":\"2025-02-14T04:14:42+00:00\",\"dateModified\":\"2025-03-13T04:31:40+00:00\",\"inLanguage\":\"es-ES\",\"mainEntityOfPage\":{\"@id\":\"https:\\\/\\\/dudasytextos.com\\\/preguntaquees\\\/mal-de-altura-peru-que-es\\\/#webpage\"},\"isPartOf\":{\"@id\":\"https:\\\/\\\/dudasytextos.com\\\/preguntaquees\\\/mal-de-altura-peru-que-es\\\/#webpage\"},\"articleSection\":\"\\u00bfQu\\u00e9 es?\"},{\"@type\":\"BreadcrumbList\",\"@id\":\"https:\\\/\\\/dudasytextos.com\\\/preguntaquees\\\/mal-de-altura-peru-que-es\\\/#breadcrumblist\",\"itemListElement\":[{\"@type\":\"ListItem\",\"@id\":\"https:\\\/\\\/dudasytextos.com\\\/preguntaquees#listItem\",\"position\":1,\"name\":\"Inicio\",\"item\":\"https:\\\/\\\/dudasytextos.com\\\/preguntaquees\",\"nextItem\":{\"@type\":\"ListItem\",\"@id\":\"https:\\\/\\\/dudasytextos.com\\\/preguntaquees\\\/category\\\/que-es\\\/#listItem\",\"name\":\"\\u00bfQu\\u00e9 es?\"}},{\"@type\":\"ListItem\",\"@id\":\"https:\\\/\\\/dudasytextos.com\\\/preguntaquees\\\/category\\\/que-es\\\/#listItem\",\"position\":2,\"name\":\"\\u00bfQu\\u00e9 es?\",\"item\":\"https:\\\/\\\/dudasytextos.com\\\/preguntaquees\\\/category\\\/que-es\\\/\",\"nextItem\":{\"@type\":\"ListItem\",\"@id\":\"https:\\\/\\\/dudasytextos.com\\\/preguntaquees\\\/mal-de-altura-peru-que-es\\\/#listItem\",\"name\":\"Mal de altura per\\u00fa que es\"},\"previousItem\":{\"@type\":\"ListItem\",\"@id\":\"https:\\\/\\\/dudasytextos.com\\\/preguntaquees#listItem\",\"name\":\"Inicio\"}},{\"@type\":\"ListItem\",\"@id\":\"https:\\\/\\\/dudasytextos.com\\\/preguntaquees\\\/mal-de-altura-peru-que-es\\\/#listItem\",\"position\":3,\"name\":\"Mal de altura per\\u00fa que es\",\"previousItem\":{\"@type\":\"ListItem\",\"@id\":\"https:\\\/\\\/dudasytextos.com\\\/preguntaquees\\\/category\\\/que-es\\\/#listItem\",\"name\":\"\\u00bfQu\\u00e9 es?\"}}]},{\"@type\":\"Organization\",\"@id\":\"https:\\\/\\\/dudasytextos.com\\\/preguntaquees\\\/#organization\",\"name\":\"\\u00bfC\\u00f3mo funciona?\",\"description\":\"\\u00bfQu\\u00e9 es?\",\"url\":\"https:\\\/\\\/dudasytextos.com\\\/preguntaquees\\\/\"},{\"@type\":\"Person\",\"@id\":\"https:\\\/\\\/dudasytextos.com\\\/preguntaquees\\\/author\\\/admin44\\\/#author\",\"url\":\"https:\\\/\\\/dudasytextos.com\\\/preguntaquees\\\/author\\\/admin44\\\/\",\"name\":\"Ana Gonz\\u00e1lez\"},{\"@type\":\"WebPage\",\"@id\":\"https:\\\/\\\/dudasytextos.com\\\/preguntaquees\\\/mal-de-altura-peru-que-es\\\/#webpage\",\"url\":\"https:\\\/\\\/dudasytextos.com\\\/preguntaquees\\\/mal-de-altura-peru-que-es\\\/\",\"name\":\"Mal de altura per\\u00fa que es (2026) \\u00bfQu\\u00e9 es?\",\"description\":\"Mal de altura en Per\\u00fa: Qu\\u00e9 es, c\\u00f3mo evitarlo y mi experiencia personal Por Ana Gonz\\u00e1lez Curiosidades e informaci\\u00f3n interesante sobre Mal de altura en Per\\u00fa El mal de altura, tambi\\u00e9n conocido como soroche, es un problema com\\u00fan en los viajeros que visitan las regiones monta\\u00f1osas de Per\\u00fa, especialmente la Cordillera de los Andes. Se\",\"inLanguage\":\"es-ES\",\"isPartOf\":{\"@id\":\"https:\\\/\\\/dudasytextos.com\\\/preguntaquees\\\/#website\"},\"breadcrumb\":{\"@id\":\"https:\\\/\\\/dudasytextos.com\\\/preguntaquees\\\/mal-de-altura-peru-que-es\\\/#breadcrumblist\"},\"author\":{\"@id\":\"https:\\\/\\\/dudasytextos.com\\\/preguntaquees\\\/author\\\/admin44\\\/#author\"},\"creator\":{\"@id\":\"https:\\\/\\\/dudasytextos.com\\\/preguntaquees\\\/author\\\/admin44\\\/#author\"},\"datePublished\":\"2025-02-14T04:14:42+00:00\",\"dateModified\":\"2025-03-13T04:31:40+00:00\"},{\"@type\":\"WebSite\",\"@id\":\"https:\\\/\\\/dudasytextos.com\\\/preguntaquees\\\/#website\",\"url\":\"https:\\\/\\\/dudasytextos.com\\\/preguntaquees\\\/\",\"name\":\"\\u00bfC\\u00f3mo funciona?\",\"description\":\"\\u00bfQu\\u00e9 es?\",\"inLanguage\":\"es-ES\",\"publisher\":{\"@id\":\"https:\\\/\\\/dudasytextos.com\\\/preguntaquees\\\/#organization\"}}]}\n\t\t<\/script>\n\t\t<!-- All in One SEO -->\n\n","aioseo_head_json":{"title":"Mal de altura per\u00fa que es (2026) \u00bfQu\u00e9 es?","description":"Mal de altura en Per\u00fa: Qu\u00e9 es, c\u00f3mo evitarlo y mi experiencia personal Por Ana Gonz\u00e1lez Curiosidades e informaci\u00f3n interesante sobre Mal de altura en Per\u00fa El mal de altura, tambi\u00e9n conocido como soroche, es un problema com\u00fan en los viajeros que visitan las regiones monta\u00f1osas de Per\u00fa, especialmente la Cordillera de los Andes. Se","canonical_url":"https:\/\/dudasytextos.com\/preguntaquees\/mal-de-altura-peru-que-es\/","robots":"max-snippet:-1, max-image-preview:large, max-video-preview:-1","keywords":"","webmasterTools":{"miscellaneous":"&lt;!-- Google tag (gtag.js) --&gt;\n&lt;script async src=\"https:\/\/www.googletagmanager.com\/gtag\/js?id=G-QEZWJ7M6T7\"&gt;&lt;\/script&gt;\n&lt;script&gt;\n  window.dataLayer = window.dataLayer || [];\n  function gtag(){dataLayer.push(arguments);}\n  gtag('js', new Date());\n\n  gtag('config', 'G-QEZWJ7M6T7');\n&lt;\/script&gt;\n&lt;script async src=\"https:\/\/pagead2.googlesyndication.com\/pagead\/js\/adsbygoogle.js?client=ca-pub-3987500858204711\"\n     crossorigin=\"anonymous\"&gt;&lt;\/script&gt;"},"schema":{"@context":"https:\/\/schema.org","@graph":[{"@type":"BlogPosting","@id":"https:\/\/dudasytextos.com\/preguntaquees\/mal-de-altura-peru-que-es\/#blogposting","name":"Mal de altura per\u00fa que es (2026) \u00bfQu\u00e9 es?","headline":"Mal de altura per\u00fa que es","author":{"@id":"https:\/\/dudasytextos.com\/preguntaquees\/author\/admin44\/#author"},"publisher":{"@id":"https:\/\/dudasytextos.com\/preguntaquees\/#organization"},"datePublished":"2025-02-14T04:14:42+00:00","dateModified":"2025-03-13T04:31:40+00:00","inLanguage":"es-ES","mainEntityOfPage":{"@id":"https:\/\/dudasytextos.com\/preguntaquees\/mal-de-altura-peru-que-es\/#webpage"},"isPartOf":{"@id":"https:\/\/dudasytextos.com\/preguntaquees\/mal-de-altura-peru-que-es\/#webpage"},"articleSection":"\u00bfQu\u00e9 es?"},{"@type":"BreadcrumbList","@id":"https:\/\/dudasytextos.com\/preguntaquees\/mal-de-altura-peru-que-es\/#breadcrumblist","itemListElement":[{"@type":"ListItem","@id":"https:\/\/dudasytextos.com\/preguntaquees#listItem","position":1,"name":"Inicio","item":"https:\/\/dudasytextos.com\/preguntaquees","nextItem":{"@type":"ListItem","@id":"https:\/\/dudasytextos.com\/preguntaquees\/category\/que-es\/#listItem","name":"\u00bfQu\u00e9 es?"}},{"@type":"ListItem","@id":"https:\/\/dudasytextos.com\/preguntaquees\/category\/que-es\/#listItem","position":2,"name":"\u00bfQu\u00e9 es?","item":"https:\/\/dudasytextos.com\/preguntaquees\/category\/que-es\/","nextItem":{"@type":"ListItem","@id":"https:\/\/dudasytextos.com\/preguntaquees\/mal-de-altura-peru-que-es\/#listItem","name":"Mal de altura per\u00fa que es"},"previousItem":{"@type":"ListItem","@id":"https:\/\/dudasytextos.com\/preguntaquees#listItem","name":"Inicio"}},{"@type":"ListItem","@id":"https:\/\/dudasytextos.com\/preguntaquees\/mal-de-altura-peru-que-es\/#listItem","position":3,"name":"Mal de altura per\u00fa que es","previousItem":{"@type":"ListItem","@id":"https:\/\/dudasytextos.com\/preguntaquees\/category\/que-es\/#listItem","name":"\u00bfQu\u00e9 es?"}}]},{"@type":"Organization","@id":"https:\/\/dudasytextos.com\/preguntaquees\/#organization","name":"\u00bfC\u00f3mo funciona?","description":"\u00bfQu\u00e9 es?","url":"https:\/\/dudasytextos.com\/preguntaquees\/"},{"@type":"Person","@id":"https:\/\/dudasytextos.com\/preguntaquees\/author\/admin44\/#author","url":"https:\/\/dudasytextos.com\/preguntaquees\/author\/admin44\/","name":"Ana Gonz\u00e1lez"},{"@type":"WebPage","@id":"https:\/\/dudasytextos.com\/preguntaquees\/mal-de-altura-peru-que-es\/#webpage","url":"https:\/\/dudasytextos.com\/preguntaquees\/mal-de-altura-peru-que-es\/","name":"Mal de altura per\u00fa que es (2026) \u00bfQu\u00e9 es?","description":"Mal de altura en Per\u00fa: Qu\u00e9 es, c\u00f3mo evitarlo y mi experiencia personal Por Ana Gonz\u00e1lez Curiosidades e informaci\u00f3n interesante sobre Mal de altura en Per\u00fa El mal de altura, tambi\u00e9n conocido como soroche, es un problema com\u00fan en los viajeros que visitan las regiones monta\u00f1osas de Per\u00fa, especialmente la Cordillera de los Andes. Se","inLanguage":"es-ES","isPartOf":{"@id":"https:\/\/dudasytextos.com\/preguntaquees\/#website"},"breadcrumb":{"@id":"https:\/\/dudasytextos.com\/preguntaquees\/mal-de-altura-peru-que-es\/#breadcrumblist"},"author":{"@id":"https:\/\/dudasytextos.com\/preguntaquees\/author\/admin44\/#author"},"creator":{"@id":"https:\/\/dudasytextos.com\/preguntaquees\/author\/admin44\/#author"},"datePublished":"2025-02-14T04:14:42+00:00","dateModified":"2025-03-13T04:31:40+00:00"},{"@type":"WebSite","@id":"https:\/\/dudasytextos.com\/preguntaquees\/#website","url":"https:\/\/dudasytextos.com\/preguntaquees\/","name":"\u00bfC\u00f3mo funciona?","description":"\u00bfQu\u00e9 es?","inLanguage":"es-ES","publisher":{"@id":"https:\/\/dudasytextos.com\/preguntaquees\/#organization"}}]},"og:locale":"es_ES","og:site_name":"\u00bfQu\u00e9 es? - \u00bfQu\u00e9 es?","og:type":"article","og:title":"Mal de altura per\u00fa que es (2026) \u00bfQu\u00e9 es?","og:description":"Mal de altura en Per\u00fa: Qu\u00e9 es, c\u00f3mo evitarlo y mi experiencia personal Por Ana Gonz\u00e1lez Curiosidades e informaci\u00f3n interesante sobre Mal de altura en Per\u00fa El mal de altura, tambi\u00e9n conocido como soroche, es un problema com\u00fan en los viajeros que visitan las regiones monta\u00f1osas de Per\u00fa, especialmente la Cordillera de los Andes. Se","og:url":"https:\/\/dudasytextos.com\/preguntaquees\/mal-de-altura-peru-que-es\/","article:published_time":"2025-02-14T04:14:42+00:00","article:modified_time":"2025-03-13T04:31:40+00:00","twitter:card":"summary_large_image","twitter:title":"Mal de altura per\u00fa que es (2026) \u00bfQu\u00e9 es?","twitter:description":"Mal de altura en Per\u00fa: Qu\u00e9 es, c\u00f3mo evitarlo y mi experiencia personal Por Ana Gonz\u00e1lez Curiosidades e informaci\u00f3n interesante sobre Mal de altura en Per\u00fa El mal de altura, tambi\u00e9n conocido como soroche, es un problema com\u00fan en los viajeros que visitan las regiones monta\u00f1osas de Per\u00fa, especialmente la Cordillera de los Andes. Se"},"aioseo_meta_data":{"post_id":"152651","title":null,"description":null,"keywords":null,"keyphrases":null,"primary_term":null,"canonical_url":null,"og_title":null,"og_description":null,"og_object_type":"default","og_image_type":"default","og_image_url":null,"og_image_width":null,"og_image_height":null,"og_image_custom_url":null,"og_image_custom_fields":null,"og_video":null,"og_custom_url":null,"og_article_section":null,"og_article_tags":null,"twitter_use_og":false,"twitter_card":"default","twitter_image_type":"default","twitter_image_url":null,"twitter_image_custom_url":null,"twitter_image_custom_fields":null,"twitter_title":null,"twitter_description":null,"schema":{"blockGraphs":[],"customGraphs":[],"default":{"data":{"Article":[],"Course":[],"Dataset":[],"FAQPage":[],"Movie":[],"Person":[],"Product":[],"ProductReview":[],"Car":[],"Recipe":[],"Service":[],"SoftwareApplication":[],"WebPage":[]},"graphName":"","isEnabled":true},"graphs":[]},"schema_type":"default","schema_type_options":null,"pillar_content":false,"robots_default":true,"robots_noindex":false,"robots_noarchive":false,"robots_nosnippet":false,"robots_nofollow":false,"robots_noimageindex":false,"robots_noodp":false,"robots_notranslate":false,"robots_max_snippet":null,"robots_max_videopreview":null,"robots_max_imagepreview":"large","priority":null,"frequency":null,"local_seo":null,"breadcrumb_settings":null,"limit_modified_date":false,"ai":null,"created":"2023-05-09 09:13:13","updated":"2025-06-03 18:27:06","seo_analyzer_scan_date":null,"focus_keyword":null,"additional_keywords":null,"truseo_locale":null},"aioseo_breadcrumb":"<div class=\"aioseo-breadcrumbs\"><span class=\"aioseo-breadcrumb\">\n\t\t\t<a href=\"https:\/\/dudasytextos.com\/preguntaquees\" title=\"Inicio\">Inicio<\/a>\n\t\t<\/span><span class=\"aioseo-breadcrumb-separator\">&raquo;<\/span><span class=\"aioseo-breadcrumb\">\n\t\t\t<a href=\"https:\/\/dudasytextos.com\/preguntaquees\/category\/que-es\/\" title=\"\u00bfQu\u00e9 es?\">\u00bfQu\u00e9 es?<\/a>\n\t\t<\/span><span class=\"aioseo-breadcrumb-separator\">&raquo;<\/span><span class=\"aioseo-breadcrumb\">\n\t\t\tMal de altura per\u00fa que es\n\t\t<\/span><\/div>","aioseo_breadcrumb_json":[{"label":"Inicio","link":"https:\/\/dudasytextos.com\/preguntaquees"},{"label":"\u00bfQu\u00e9 es?","link":"https:\/\/dudasytextos.com\/preguntaquees\/category\/que-es\/"},{"label":"Mal de altura per\u00fa que es","link":"https:\/\/dudasytextos.com\/preguntaquees\/mal-de-altura-peru-que-es\/"}],"_links":{"self":[{"href":"https:\/\/dudasytextos.com\/preguntaquees\/wp-json\/wp\/v2\/posts\/152651","targetHints":{"allow":["GET"]}}],"collection":[{"href":"https:\/\/dudasytextos.com\/preguntaquees\/wp-json\/wp\/v2\/posts"}],"about":[{"href":"https:\/\/dudasytextos.com\/preguntaquees\/wp-json\/wp\/v2\/types\/post"}],"author":[{"embeddable":true,"href":"https:\/\/dudasytextos.com\/preguntaquees\/wp-json\/wp\/v2\/users\/1"}],"replies":[{"embeddable":true,"href":"https:\/\/dudasytextos.com\/preguntaquees\/wp-json\/wp\/v2\/comments?post=152651"}],"version-history":[{"count":1,"href":"https:\/\/dudasytextos.com\/preguntaquees\/wp-json\/wp\/v2\/posts\/152651\/revisions"}],"predecessor-version":[{"id":153178,"href":"https:\/\/dudasytextos.com\/preguntaquees\/wp-json\/wp\/v2\/posts\/152651\/revisions\/153178"}],"wp:attachment":[{"href":"https:\/\/dudasytextos.com\/preguntaquees\/wp-json\/wp\/v2\/media?parent=152651"}],"wp:term":[{"taxonomy":"category","embeddable":true,"href":"https:\/\/dudasytextos.com\/preguntaquees\/wp-json\/wp\/v2\/categories?post=152651"},{"taxonomy":"post_tag","embeddable":true,"href":"https:\/\/dudasytextos.com\/preguntaquees\/wp-json\/wp\/v2\/tags?post=152651"}],"curies":[{"name":"wp","href":"https:\/\/api.w.org\/{rel}","templated":true}]}}