{"id":152661,"date":"2025-02-28T02:15:23","date_gmt":"2025-02-28T02:15:23","guid":{"rendered":"https:\/\/educacion.cc\/?p=152661"},"modified":"2025-03-13T04:47:37","modified_gmt":"2025-03-13T04:47:37","slug":"migrana-que-es-y-sintomas","status":"publish","type":"post","link":"https:\/\/dudasytextos.com\/preguntaquees\/migrana-que-es-y-sintomas\/","title":{"rendered":"Migra\u00f1a que es y sintomas"},"content":{"rendered":"<div id=\"ez-toc-container\" class=\"ez-toc-v2_0_87 counter-hierarchy ez-toc-counter ez-toc-custom ez-toc-container-direction\">\n<div class=\"ez-toc-title-container\">\n<span class=\"ez-toc-title-toggle\"><\/span><\/div>\n<nav><ul class='ez-toc-list ez-toc-list-level-1 ' ><li class='ez-toc-page-1 ez-toc-heading-level-2'><a class=\"ez-toc-link ez-toc-heading-1\" href=\"https:\/\/dudasytextos.com\/preguntaquees\/migrana-que-es-y-sintomas\/#Migrana_que_es_y_sintomas\" >Migra\u00f1a que es y sintomas<\/a><\/li><li class='ez-toc-page-1 ez-toc-heading-level-2'><a class=\"ez-toc-link ez-toc-heading-2\" href=\"https:\/\/dudasytextos.com\/preguntaquees\/migrana-que-es-y-sintomas\/#Curiosidades_sobre_la_migrana\" >Curiosidades sobre la migra\u00f1a<\/a><\/li><li class='ez-toc-page-1 ez-toc-heading-level-2'><a class=\"ez-toc-link ez-toc-heading-3\" href=\"https:\/\/dudasytextos.com\/preguntaquees\/migrana-que-es-y-sintomas\/#%C2%BFQue_es_la_migrana\" >\u00bfQu\u00e9 es la migra\u00f1a?<\/a><\/li><li class='ez-toc-page-1 ez-toc-heading-level-2'><a class=\"ez-toc-link ez-toc-heading-4\" href=\"https:\/\/dudasytextos.com\/preguntaquees\/migrana-que-es-y-sintomas\/#Sintomas_de_la_migrana\" >S\u00edntomas de la migra\u00f1a<\/a><\/li><li class='ez-toc-page-1 ez-toc-heading-level-2'><a class=\"ez-toc-link ez-toc-heading-5\" href=\"https:\/\/dudasytextos.com\/preguntaquees\/migrana-que-es-y-sintomas\/#%C2%BFQue_causa_la_migrana\" >\u00bfQu\u00e9 causa la migra\u00f1a?<\/a><\/li><li class='ez-toc-page-1 ez-toc-heading-level-2'><a class=\"ez-toc-link ez-toc-heading-6\" href=\"https:\/\/dudasytextos.com\/preguntaquees\/migrana-que-es-y-sintomas\/#Tratamiento_de_la_migrana\" >Tratamiento de la migra\u00f1a<\/a><\/li><li class='ez-toc-page-1 ez-toc-heading-level-2'><a class=\"ez-toc-link ez-toc-heading-7\" href=\"https:\/\/dudasytextos.com\/preguntaquees\/migrana-que-es-y-sintomas\/#Preguntas_frecuentes_sobre_la_migrana\" >Preguntas frecuentes sobre la migra\u00f1a<\/a><ul class='ez-toc-list-level-3' ><li class='ez-toc-heading-level-3'><a class=\"ez-toc-link ez-toc-heading-8\" href=\"https:\/\/dudasytextos.com\/preguntaquees\/migrana-que-es-y-sintomas\/#%C2%BFComo_se_si_tengo_migrana\" >\u00bfC\u00f3mo s\u00e9 si tengo migra\u00f1a?<\/a><\/li><li class='ez-toc-page-1 ez-toc-heading-level-3'><a class=\"ez-toc-link ez-toc-heading-9\" href=\"https:\/\/dudasytextos.com\/preguntaquees\/migrana-que-es-y-sintomas\/#%C2%BFPuedo_prevenir_la_migrana\" >\u00bfPuedo prevenir la migra\u00f1a?<\/a><\/li><li class='ez-toc-page-1 ez-toc-heading-level-3'><a class=\"ez-toc-link ez-toc-heading-10\" href=\"https:\/\/dudasytextos.com\/preguntaquees\/migrana-que-es-y-sintomas\/#%C2%BFLa_migrana_es_curable\" >\u00bfLa migra\u00f1a es curable?<\/a><\/li><\/ul><\/li><\/ul><\/nav><\/div>\n<h2><span class=\"ez-toc-section\" id=\"Migrana_que_es_y_sintomas\"><\/span>Migra\u00f1a que es y sintomas<span class=\"ez-toc-section-end\"><\/span><\/h2>\n<p>Por Ana Gonz\u00e1lez<\/p>\n<section>\n<h2><span class=\"ez-toc-section\" id=\"Curiosidades_sobre_la_migrana\"><\/span>Curiosidades sobre la migra\u00f1a<span class=\"ez-toc-section-end\"><\/span><\/h2>\n<ul>\n<li>La migra\u00f1a afecta a m\u00e1s del 10% de la poblaci\u00f3n mundial<\/li>\n<li>Las mujeres son tres veces m\u00e1s propensas a sufrir migra\u00f1as que los hombres<\/li>\n<li>La migra\u00f1a puede ser hereditaria<\/li>\n<li>La migra\u00f1a puede durar de 4 a 72 horas<\/li>\n<li>Los s\u00edntomas de la migra\u00f1a pueden variar de una persona a otra<\/li>\n<\/ul>\n<\/section>\n<section>\n<h2><span class=\"ez-toc-section\" id=\"%C2%BFQue_es_la_migrana\"><\/span>\u00bfQu\u00e9 es la migra\u00f1a?<span class=\"ez-toc-section-end\"><\/span><\/h2>\n<p>La migra\u00f1a es un tipo de dolor de cabeza que puede ser muy intenso y duradero. A menudo se describe como un dolor puls\u00e1til o palpitante en un lado de la cabeza. Los s\u00edntomas pueden incluir n\u00e1useas, v\u00f3mitos, sensibilidad a la luz y al sonido, y en algunos casos, aura.<\/p>\n<\/section>\n<section>\n<h2><span class=\"ez-toc-section\" id=\"Sintomas_de_la_migrana\"><\/span>S\u00edntomas de la migra\u00f1a<span class=\"ez-toc-section-end\"><\/span><\/h2>\n<p>Los s\u00edntomas de la migra\u00f1a pueden variar de una persona a otra, pero algunos de los m\u00e1s comunes son:<\/p>\n<ul>\n<li>Dolor de cabeza puls\u00e1til o palpitante<\/li>\n<li>N\u00e1useas y v\u00f3mitos<\/li>\n<li>Sensibilidad a la luz y al sonido<\/li>\n<li>Mareo<\/li>\n<li>Visi\u00f3n borrosa<\/li>\n<li>Problemas para concentrarse<\/li>\n<\/ul>\n<\/section>\n<section>\n<h2><span class=\"ez-toc-section\" id=\"%C2%BFQue_causa_la_migrana\"><\/span>\u00bfQu\u00e9 causa la migra\u00f1a?<span class=\"ez-toc-section-end\"><\/span><\/h2>\n<p>No se sabe exactamente qu\u00e9 causa la migra\u00f1a, pero se cree que puede estar relacionada con cambios en el flujo sangu\u00edneo en el cerebro y en los niveles de ciertas sustancias qu\u00edmicas en el cuerpo, como la serotonina.<\/p>\n<\/section>\n<section>\n<h2><span class=\"ez-toc-section\" id=\"Tratamiento_de_la_migrana\"><\/span>Tratamiento de la migra\u00f1a<span class=\"ez-toc-section-end\"><\/span><\/h2>\n<p>El tratamiento de la migra\u00f1a puede incluir medicamentos para aliviar el dolor y otros s\u00edntomas, as\u00ed como cambios en el estilo de vida, como hacer ejercicio regularmente, dormir lo suficiente y evitar ciertos alimentos y bebidas.<\/p>\n<p>En mi experiencia personal, he encontrado que hacer yoga y meditaci\u00f3n regularmente ha ayudado a reducir la frecuencia y la intensidad de mis migra\u00f1as.<\/p>\n<\/section>\n<section>\n<h2><span class=\"ez-toc-section\" id=\"Preguntas_frecuentes_sobre_la_migrana\"><\/span>Preguntas frecuentes sobre la migra\u00f1a<span class=\"ez-toc-section-end\"><\/span><\/h2>\n<h3><span class=\"ez-toc-section\" id=\"%C2%BFComo_se_si_tengo_migrana\"><\/span>\u00bfC\u00f3mo s\u00e9 si tengo migra\u00f1a?<span class=\"ez-toc-section-end\"><\/span><\/h3>\n<p>Si experimentas dolor de cabeza intenso y puls\u00e1til, n\u00e1useas y v\u00f3mitos, sensibilidad a la luz y al sonido, y otros s\u00edntomas similares, es posible que tengas migra\u00f1a. Si no est\u00e1s seguro, es importante que consultes a un m\u00e9dico para obtener un diagn\u00f3stico preciso.<\/p>\n<h3><span class=\"ez-toc-section\" id=\"%C2%BFPuedo_prevenir_la_migrana\"><\/span>\u00bfPuedo prevenir la migra\u00f1a?<span class=\"ez-toc-section-end\"><\/span><\/h3>\n<p>Si bien no se puede prevenir completamente la migra\u00f1a, hay cambios en el estilo de vida que pueden ayudar a reducir la frecuencia y la intensidad de los s\u00edntomas. Estos cambios pueden incluir hacer ejercicio regularmente, dormir lo suficiente y evitar ciertos alimentos y bebidas.<\/p>\n<h3><span class=\"ez-toc-section\" id=\"%C2%BFLa_migrana_es_curable\"><\/span>\u00bfLa migra\u00f1a es curable?<span class=\"ez-toc-section-end\"><\/span><\/h3>\n<p>No hay cura para la migra\u00f1a, pero los s\u00edntomas se pueden controlar con el tratamiento adecuado y los cambios en el estilo de vida.<\/p>\n<\/section>\n<footer>\n<p>\u00a9 2023 Ana Gonz\u00e1lez<\/p>\n<\/footer>\n","protected":false},"excerpt":{"rendered":"<p>Migra\u00f1a que es y sintomas Por Ana Gonz\u00e1lez Curiosidades sobre la migra\u00f1a La migra\u00f1a afecta a m\u00e1s del 10% de la poblaci\u00f3n mundial Las mujeres son tres veces m\u00e1s propensas a sufrir migra\u00f1as que los hombres La migra\u00f1a puede ser hereditaria La migra\u00f1a puede durar de 4 a 72 horas Los s\u00edntomas de la migra\u00f1a &#8230; <a title=\"Migra\u00f1a que es y sintomas\" class=\"read-more\" href=\"https:\/\/dudasytextos.com\/preguntaquees\/migrana-que-es-y-sintomas\/\" aria-label=\"M\u00e1s en Migra\u00f1a que es y sintomas\">Leer m\u00e1s<\/a><\/p>\n","protected":false},"author":1,"featured_media":0,"comment_status":"open","ping_status":"open","sticky":false,"template":"","format":"standard","meta":{"footnotes":""},"categories":[4],"tags":[],"class_list":["post-152661","post","type-post","status-publish","format-standard","hentry","category-que-es"],"aioseo_notices":[],"aioseo_head":"\n\t\t<!-- All in One SEO 5.0.1.1 - aioseo.com -->\n\t<meta name=\"description\" content=\"Migra\u00f1a que es y sintomas Por Ana Gonz\u00e1lez Curiosidades sobre la migra\u00f1a La migra\u00f1a afecta a m\u00e1s del 10% de la poblaci\u00f3n mundial Las mujeres son tres veces m\u00e1s propensas a sufrir migra\u00f1as que los hombres La migra\u00f1a puede ser hereditaria La migra\u00f1a puede durar de 4 a 72 horas Los s\u00edntomas de la migra\u00f1a\" \/>\n\t<meta name=\"robots\" content=\"max-snippet:-1, max-image-preview:large, max-video-preview:-1\" \/>\n\t<meta name=\"author\" content=\"Ana Gonz\u00e1lez\"\/>\n\t<link rel=\"canonical\" href=\"https:\/\/dudasytextos.com\/preguntaquees\/migrana-que-es-y-sintomas\/\" \/>\n\t<meta name=\"generator\" content=\"All in One SEO (AIOSEO) 5.0.1.1\" \/>\n\n\t\t<!-- Google tag (gtag.js) -->\n<script async src=\"https:\/\/www.googletagmanager.com\/gtag\/js?id=G-QEZWJ7M6T7\"><\/script>\n<script>\n  window.dataLayer = window.dataLayer || [];\n  function gtag(){dataLayer.push(arguments);}\n  gtag('js', new Date());\n\n  gtag('config', 'G-QEZWJ7M6T7');\n<\/script>\n<script async src=\"https:\/\/pagead2.googlesyndication.com\/pagead\/js\/adsbygoogle.js?client=ca-pub-3987500858204711\"\n     crossorigin=\"anonymous\"><\/script>\n\t\t<meta property=\"og:locale\" content=\"es_ES\" \/>\n\t\t<meta property=\"og:site_name\" content=\"\u00bfQu\u00e9 es? - \u00bfQu\u00e9 es?\" \/>\n\t\t<meta property=\"og:type\" content=\"article\" \/>\n\t\t<meta property=\"og:title\" content=\"Migra\u00f1a que es y sintomas (2026) \u00bfQu\u00e9 es?\" \/>\n\t\t<meta property=\"og:description\" content=\"Migra\u00f1a que es y sintomas Por Ana Gonz\u00e1lez Curiosidades sobre la migra\u00f1a La migra\u00f1a afecta a m\u00e1s del 10% de la poblaci\u00f3n mundial Las mujeres son tres veces m\u00e1s propensas a sufrir migra\u00f1as que los hombres La migra\u00f1a puede ser hereditaria La migra\u00f1a puede durar de 4 a 72 horas Los s\u00edntomas de la migra\u00f1a\" \/>\n\t\t<meta property=\"og:url\" content=\"https:\/\/dudasytextos.com\/preguntaquees\/migrana-que-es-y-sintomas\/\" \/>\n\t\t<meta property=\"article:published_time\" content=\"2025-02-28T02:15:23+00:00\" \/>\n\t\t<meta property=\"article:modified_time\" content=\"2025-03-13T04:47:37+00:00\" \/>\n\t\t<meta name=\"twitter:card\" content=\"summary_large_image\" \/>\n\t\t<meta name=\"twitter:title\" content=\"Migra\u00f1a que es y sintomas (2026) \u00bfQu\u00e9 es?\" \/>\n\t\t<meta name=\"twitter:description\" content=\"Migra\u00f1a que es y sintomas Por Ana Gonz\u00e1lez Curiosidades sobre la migra\u00f1a La migra\u00f1a afecta a m\u00e1s del 10% de la poblaci\u00f3n mundial Las mujeres son tres veces m\u00e1s propensas a sufrir migra\u00f1as que los hombres La migra\u00f1a puede ser hereditaria La migra\u00f1a puede durar de 4 a 72 horas Los s\u00edntomas de la migra\u00f1a\" \/>\n\t\t<script type=\"application\/ld+json\" class=\"aioseo-schema\">\n\t\t\t{\"@context\":\"https:\\\/\\\/schema.org\",\"@graph\":[{\"@type\":\"BlogPosting\",\"@id\":\"https:\\\/\\\/dudasytextos.com\\\/preguntaquees\\\/migrana-que-es-y-sintomas\\\/#blogposting\",\"name\":\"Migra\\u00f1a que es y sintomas (2026) \\u00bfQu\\u00e9 es?\",\"headline\":\"Migra\\u00f1a que es y sintomas\",\"author\":{\"@id\":\"https:\\\/\\\/dudasytextos.com\\\/preguntaquees\\\/author\\\/admin44\\\/#author\"},\"publisher\":{\"@id\":\"https:\\\/\\\/dudasytextos.com\\\/preguntaquees\\\/#organization\"},\"datePublished\":\"2025-02-28T02:15:23+00:00\",\"dateModified\":\"2025-03-13T04:47:37+00:00\",\"inLanguage\":\"es-ES\",\"mainEntityOfPage\":{\"@id\":\"https:\\\/\\\/dudasytextos.com\\\/preguntaquees\\\/migrana-que-es-y-sintomas\\\/#webpage\"},\"isPartOf\":{\"@id\":\"https:\\\/\\\/dudasytextos.com\\\/preguntaquees\\\/migrana-que-es-y-sintomas\\\/#webpage\"},\"articleSection\":\"\\u00bfQu\\u00e9 es?\"},{\"@type\":\"BreadcrumbList\",\"@id\":\"https:\\\/\\\/dudasytextos.com\\\/preguntaquees\\\/migrana-que-es-y-sintomas\\\/#breadcrumblist\",\"itemListElement\":[{\"@type\":\"ListItem\",\"@id\":\"https:\\\/\\\/dudasytextos.com\\\/preguntaquees#listItem\",\"position\":1,\"name\":\"Inicio\",\"item\":\"https:\\\/\\\/dudasytextos.com\\\/preguntaquees\",\"nextItem\":{\"@type\":\"ListItem\",\"@id\":\"https:\\\/\\\/dudasytextos.com\\\/preguntaquees\\\/category\\\/que-es\\\/#listItem\",\"name\":\"\\u00bfQu\\u00e9 es?\"}},{\"@type\":\"ListItem\",\"@id\":\"https:\\\/\\\/dudasytextos.com\\\/preguntaquees\\\/category\\\/que-es\\\/#listItem\",\"position\":2,\"name\":\"\\u00bfQu\\u00e9 es?\",\"item\":\"https:\\\/\\\/dudasytextos.com\\\/preguntaquees\\\/category\\\/que-es\\\/\",\"nextItem\":{\"@type\":\"ListItem\",\"@id\":\"https:\\\/\\\/dudasytextos.com\\\/preguntaquees\\\/migrana-que-es-y-sintomas\\\/#listItem\",\"name\":\"Migra\\u00f1a que es y sintomas\"},\"previousItem\":{\"@type\":\"ListItem\",\"@id\":\"https:\\\/\\\/dudasytextos.com\\\/preguntaquees#listItem\",\"name\":\"Inicio\"}},{\"@type\":\"ListItem\",\"@id\":\"https:\\\/\\\/dudasytextos.com\\\/preguntaquees\\\/migrana-que-es-y-sintomas\\\/#listItem\",\"position\":3,\"name\":\"Migra\\u00f1a que es y sintomas\",\"previousItem\":{\"@type\":\"ListItem\",\"@id\":\"https:\\\/\\\/dudasytextos.com\\\/preguntaquees\\\/category\\\/que-es\\\/#listItem\",\"name\":\"\\u00bfQu\\u00e9 es?\"}}]},{\"@type\":\"Organization\",\"@id\":\"https:\\\/\\\/dudasytextos.com\\\/preguntaquees\\\/#organization\",\"name\":\"\\u00bfC\\u00f3mo funciona?\",\"description\":\"\\u00bfQu\\u00e9 es?\",\"url\":\"https:\\\/\\\/dudasytextos.com\\\/preguntaquees\\\/\"},{\"@type\":\"Person\",\"@id\":\"https:\\\/\\\/dudasytextos.com\\\/preguntaquees\\\/author\\\/admin44\\\/#author\",\"url\":\"https:\\\/\\\/dudasytextos.com\\\/preguntaquees\\\/author\\\/admin44\\\/\",\"name\":\"Ana Gonz\\u00e1lez\"},{\"@type\":\"WebPage\",\"@id\":\"https:\\\/\\\/dudasytextos.com\\\/preguntaquees\\\/migrana-que-es-y-sintomas\\\/#webpage\",\"url\":\"https:\\\/\\\/dudasytextos.com\\\/preguntaquees\\\/migrana-que-es-y-sintomas\\\/\",\"name\":\"Migra\\u00f1a que es y sintomas (2026) \\u00bfQu\\u00e9 es?\",\"description\":\"Migra\\u00f1a que es y sintomas Por Ana Gonz\\u00e1lez Curiosidades sobre la migra\\u00f1a La migra\\u00f1a afecta a m\\u00e1s del 10% de la poblaci\\u00f3n mundial Las mujeres son tres veces m\\u00e1s propensas a sufrir migra\\u00f1as que los hombres La migra\\u00f1a puede ser hereditaria La migra\\u00f1a puede durar de 4 a 72 horas Los s\\u00edntomas de la migra\\u00f1a\",\"inLanguage\":\"es-ES\",\"isPartOf\":{\"@id\":\"https:\\\/\\\/dudasytextos.com\\\/preguntaquees\\\/#website\"},\"breadcrumb\":{\"@id\":\"https:\\\/\\\/dudasytextos.com\\\/preguntaquees\\\/migrana-que-es-y-sintomas\\\/#breadcrumblist\"},\"author\":{\"@id\":\"https:\\\/\\\/dudasytextos.com\\\/preguntaquees\\\/author\\\/admin44\\\/#author\"},\"creator\":{\"@id\":\"https:\\\/\\\/dudasytextos.com\\\/preguntaquees\\\/author\\\/admin44\\\/#author\"},\"datePublished\":\"2025-02-28T02:15:23+00:00\",\"dateModified\":\"2025-03-13T04:47:37+00:00\"},{\"@type\":\"WebSite\",\"@id\":\"https:\\\/\\\/dudasytextos.com\\\/preguntaquees\\\/#website\",\"url\":\"https:\\\/\\\/dudasytextos.com\\\/preguntaquees\\\/\",\"name\":\"\\u00bfC\\u00f3mo funciona?\",\"description\":\"\\u00bfQu\\u00e9 es?\",\"inLanguage\":\"es-ES\",\"publisher\":{\"@id\":\"https:\\\/\\\/dudasytextos.com\\\/preguntaquees\\\/#organization\"}}]}\n\t\t<\/script>\n\t\t<!-- All in One SEO -->\n\n","aioseo_head_json":{"title":"Migra\u00f1a que es y sintomas (2026) \u00bfQu\u00e9 es?","description":"Migra\u00f1a que es y sintomas Por Ana Gonz\u00e1lez Curiosidades sobre la migra\u00f1a La migra\u00f1a afecta a m\u00e1s del 10% de la poblaci\u00f3n mundial Las mujeres son tres veces m\u00e1s propensas a sufrir migra\u00f1as que los hombres La migra\u00f1a puede ser hereditaria La migra\u00f1a puede durar de 4 a 72 horas Los s\u00edntomas de la migra\u00f1a","canonical_url":"https:\/\/dudasytextos.com\/preguntaquees\/migrana-que-es-y-sintomas\/","robots":"max-snippet:-1, max-image-preview:large, max-video-preview:-1","keywords":"","webmasterTools":{"miscellaneous":"&lt;!-- Google tag (gtag.js) --&gt;\n&lt;script async src=\"https:\/\/www.googletagmanager.com\/gtag\/js?id=G-QEZWJ7M6T7\"&gt;&lt;\/script&gt;\n&lt;script&gt;\n  window.dataLayer = window.dataLayer || [];\n  function gtag(){dataLayer.push(arguments);}\n  gtag('js', new Date());\n\n  gtag('config', 'G-QEZWJ7M6T7');\n&lt;\/script&gt;\n&lt;script async src=\"https:\/\/pagead2.googlesyndication.com\/pagead\/js\/adsbygoogle.js?client=ca-pub-3987500858204711\"\n     crossorigin=\"anonymous\"&gt;&lt;\/script&gt;"},"schema":{"@context":"https:\/\/schema.org","@graph":[{"@type":"BlogPosting","@id":"https:\/\/dudasytextos.com\/preguntaquees\/migrana-que-es-y-sintomas\/#blogposting","name":"Migra\u00f1a que es y sintomas (2026) \u00bfQu\u00e9 es?","headline":"Migra\u00f1a que es y sintomas","author":{"@id":"https:\/\/dudasytextos.com\/preguntaquees\/author\/admin44\/#author"},"publisher":{"@id":"https:\/\/dudasytextos.com\/preguntaquees\/#organization"},"datePublished":"2025-02-28T02:15:23+00:00","dateModified":"2025-03-13T04:47:37+00:00","inLanguage":"es-ES","mainEntityOfPage":{"@id":"https:\/\/dudasytextos.com\/preguntaquees\/migrana-que-es-y-sintomas\/#webpage"},"isPartOf":{"@id":"https:\/\/dudasytextos.com\/preguntaquees\/migrana-que-es-y-sintomas\/#webpage"},"articleSection":"\u00bfQu\u00e9 es?"},{"@type":"BreadcrumbList","@id":"https:\/\/dudasytextos.com\/preguntaquees\/migrana-que-es-y-sintomas\/#breadcrumblist","itemListElement":[{"@type":"ListItem","@id":"https:\/\/dudasytextos.com\/preguntaquees#listItem","position":1,"name":"Inicio","item":"https:\/\/dudasytextos.com\/preguntaquees","nextItem":{"@type":"ListItem","@id":"https:\/\/dudasytextos.com\/preguntaquees\/category\/que-es\/#listItem","name":"\u00bfQu\u00e9 es?"}},{"@type":"ListItem","@id":"https:\/\/dudasytextos.com\/preguntaquees\/category\/que-es\/#listItem","position":2,"name":"\u00bfQu\u00e9 es?","item":"https:\/\/dudasytextos.com\/preguntaquees\/category\/que-es\/","nextItem":{"@type":"ListItem","@id":"https:\/\/dudasytextos.com\/preguntaquees\/migrana-que-es-y-sintomas\/#listItem","name":"Migra\u00f1a que es y sintomas"},"previousItem":{"@type":"ListItem","@id":"https:\/\/dudasytextos.com\/preguntaquees#listItem","name":"Inicio"}},{"@type":"ListItem","@id":"https:\/\/dudasytextos.com\/preguntaquees\/migrana-que-es-y-sintomas\/#listItem","position":3,"name":"Migra\u00f1a que es y sintomas","previousItem":{"@type":"ListItem","@id":"https:\/\/dudasytextos.com\/preguntaquees\/category\/que-es\/#listItem","name":"\u00bfQu\u00e9 es?"}}]},{"@type":"Organization","@id":"https:\/\/dudasytextos.com\/preguntaquees\/#organization","name":"\u00bfC\u00f3mo funciona?","description":"\u00bfQu\u00e9 es?","url":"https:\/\/dudasytextos.com\/preguntaquees\/"},{"@type":"Person","@id":"https:\/\/dudasytextos.com\/preguntaquees\/author\/admin44\/#author","url":"https:\/\/dudasytextos.com\/preguntaquees\/author\/admin44\/","name":"Ana Gonz\u00e1lez"},{"@type":"WebPage","@id":"https:\/\/dudasytextos.com\/preguntaquees\/migrana-que-es-y-sintomas\/#webpage","url":"https:\/\/dudasytextos.com\/preguntaquees\/migrana-que-es-y-sintomas\/","name":"Migra\u00f1a que es y sintomas (2026) \u00bfQu\u00e9 es?","description":"Migra\u00f1a que es y sintomas Por Ana Gonz\u00e1lez Curiosidades sobre la migra\u00f1a La migra\u00f1a afecta a m\u00e1s del 10% de la poblaci\u00f3n mundial Las mujeres son tres veces m\u00e1s propensas a sufrir migra\u00f1as que los hombres La migra\u00f1a puede ser hereditaria La migra\u00f1a puede durar de 4 a 72 horas Los s\u00edntomas de la migra\u00f1a","inLanguage":"es-ES","isPartOf":{"@id":"https:\/\/dudasytextos.com\/preguntaquees\/#website"},"breadcrumb":{"@id":"https:\/\/dudasytextos.com\/preguntaquees\/migrana-que-es-y-sintomas\/#breadcrumblist"},"author":{"@id":"https:\/\/dudasytextos.com\/preguntaquees\/author\/admin44\/#author"},"creator":{"@id":"https:\/\/dudasytextos.com\/preguntaquees\/author\/admin44\/#author"},"datePublished":"2025-02-28T02:15:23+00:00","dateModified":"2025-03-13T04:47:37+00:00"},{"@type":"WebSite","@id":"https:\/\/dudasytextos.com\/preguntaquees\/#website","url":"https:\/\/dudasytextos.com\/preguntaquees\/","name":"\u00bfC\u00f3mo funciona?","description":"\u00bfQu\u00e9 es?","inLanguage":"es-ES","publisher":{"@id":"https:\/\/dudasytextos.com\/preguntaquees\/#organization"}}]},"og:locale":"es_ES","og:site_name":"\u00bfQu\u00e9 es? - \u00bfQu\u00e9 es?","og:type":"article","og:title":"Migra\u00f1a que es y sintomas (2026) \u00bfQu\u00e9 es?","og:description":"Migra\u00f1a que es y sintomas Por Ana Gonz\u00e1lez Curiosidades sobre la migra\u00f1a La migra\u00f1a afecta a m\u00e1s del 10% de la poblaci\u00f3n mundial Las mujeres son tres veces m\u00e1s propensas a sufrir migra\u00f1as que los hombres La migra\u00f1a puede ser hereditaria La migra\u00f1a puede durar de 4 a 72 horas Los s\u00edntomas de la migra\u00f1a","og:url":"https:\/\/dudasytextos.com\/preguntaquees\/migrana-que-es-y-sintomas\/","article:published_time":"2025-02-28T02:15:23+00:00","article:modified_time":"2025-03-13T04:47:37+00:00","twitter:card":"summary_large_image","twitter:title":"Migra\u00f1a que es y sintomas (2026) \u00bfQu\u00e9 es?","twitter:description":"Migra\u00f1a que es y sintomas Por Ana Gonz\u00e1lez Curiosidades sobre la migra\u00f1a La migra\u00f1a afecta a m\u00e1s del 10% de la poblaci\u00f3n mundial Las mujeres son tres veces m\u00e1s propensas a sufrir migra\u00f1as que los hombres La migra\u00f1a puede ser hereditaria La migra\u00f1a puede durar de 4 a 72 horas Los s\u00edntomas de la migra\u00f1a"},"aioseo_meta_data":{"post_id":"152661","title":null,"description":null,"keywords":null,"keyphrases":null,"primary_term":null,"canonical_url":null,"og_title":null,"og_description":null,"og_object_type":"default","og_image_type":"default","og_image_url":null,"og_image_width":null,"og_image_height":null,"og_image_custom_url":null,"og_image_custom_fields":null,"og_video":null,"og_custom_url":null,"og_article_section":null,"og_article_tags":null,"twitter_use_og":false,"twitter_card":"default","twitter_image_type":"default","twitter_image_url":null,"twitter_image_custom_url":null,"twitter_image_custom_fields":null,"twitter_title":null,"twitter_description":null,"schema":{"blockGraphs":[],"customGraphs":[],"default":{"data":{"Article":[],"Course":[],"Dataset":[],"FAQPage":[],"Movie":[],"Person":[],"Product":[],"ProductReview":[],"Car":[],"Recipe":[],"Service":[],"SoftwareApplication":[],"WebPage":[]},"graphName":"","isEnabled":true},"graphs":[]},"schema_type":"default","schema_type_options":null,"pillar_content":false,"robots_default":true,"robots_noindex":false,"robots_noarchive":false,"robots_nosnippet":false,"robots_nofollow":false,"robots_noimageindex":false,"robots_noodp":false,"robots_notranslate":false,"robots_max_snippet":null,"robots_max_videopreview":null,"robots_max_imagepreview":"large","priority":null,"frequency":null,"local_seo":null,"breadcrumb_settings":null,"limit_modified_date":false,"ai":null,"created":"2023-05-09 08:40:43","updated":"2025-06-04 03:07:49","seo_analyzer_scan_date":null,"focus_keyword":null,"additional_keywords":null,"truseo_locale":null},"aioseo_breadcrumb":"<div class=\"aioseo-breadcrumbs\"><span class=\"aioseo-breadcrumb\">\n\t\t\t<a href=\"https:\/\/dudasytextos.com\/preguntaquees\" title=\"Inicio\">Inicio<\/a>\n\t\t<\/span><span class=\"aioseo-breadcrumb-separator\">&raquo;<\/span><span class=\"aioseo-breadcrumb\">\n\t\t\t<a href=\"https:\/\/dudasytextos.com\/preguntaquees\/category\/que-es\/\" title=\"\u00bfQu\u00e9 es?\">\u00bfQu\u00e9 es?<\/a>\n\t\t<\/span><span class=\"aioseo-breadcrumb-separator\">&raquo;<\/span><span class=\"aioseo-breadcrumb\">\n\t\t\tMigra\u00f1a que es y sintomas\n\t\t<\/span><\/div>","aioseo_breadcrumb_json":[{"label":"Inicio","link":"https:\/\/dudasytextos.com\/preguntaquees"},{"label":"\u00bfQu\u00e9 es?","link":"https:\/\/dudasytextos.com\/preguntaquees\/category\/que-es\/"},{"label":"Migra\u00f1a que es y sintomas","link":"https:\/\/dudasytextos.com\/preguntaquees\/migrana-que-es-y-sintomas\/"}],"_links":{"self":[{"href":"https:\/\/dudasytextos.com\/preguntaquees\/wp-json\/wp\/v2\/posts\/152661","targetHints":{"allow":["GET"]}}],"collection":[{"href":"https:\/\/dudasytextos.com\/preguntaquees\/wp-json\/wp\/v2\/posts"}],"about":[{"href":"https:\/\/dudasytextos.com\/preguntaquees\/wp-json\/wp\/v2\/types\/post"}],"author":[{"embeddable":true,"href":"https:\/\/dudasytextos.com\/preguntaquees\/wp-json\/wp\/v2\/users\/1"}],"replies":[{"embeddable":true,"href":"https:\/\/dudasytextos.com\/preguntaquees\/wp-json\/wp\/v2\/comments?post=152661"}],"version-history":[{"count":1,"href":"https:\/\/dudasytextos.com\/preguntaquees\/wp-json\/wp\/v2\/posts\/152661\/revisions"}],"predecessor-version":[{"id":153168,"href":"https:\/\/dudasytextos.com\/preguntaquees\/wp-json\/wp\/v2\/posts\/152661\/revisions\/153168"}],"wp:attachment":[{"href":"https:\/\/dudasytextos.com\/preguntaquees\/wp-json\/wp\/v2\/media?parent=152661"}],"wp:term":[{"taxonomy":"category","embeddable":true,"href":"https:\/\/dudasytextos.com\/preguntaquees\/wp-json\/wp\/v2\/categories?post=152661"},{"taxonomy":"post_tag","embeddable":true,"href":"https:\/\/dudasytextos.com\/preguntaquees\/wp-json\/wp\/v2\/tags?post=152661"}],"curies":[{"name":"wp","href":"https:\/\/api.w.org\/{rel}","templated":true}]}}