{"id":152790,"date":"2025-02-16T15:05:27","date_gmt":"2025-02-16T15:05:27","guid":{"rendered":"https:\/\/educacion.cc\/?p=152790"},"modified":"2025-03-13T04:14:49","modified_gmt":"2025-03-13T04:14:49","slug":"que-es-la-brecha-de-genero","status":"publish","type":"post","link":"https:\/\/dudasytextos.com\/preguntaquees\/que-es-la-brecha-de-genero\/","title":{"rendered":"Qu\u00e9 es la brecha de genero"},"content":{"rendered":"<div id=\"ez-toc-container\" class=\"ez-toc-v2_0_87 counter-hierarchy ez-toc-counter ez-toc-custom ez-toc-container-direction\">\n<div class=\"ez-toc-title-container\">\n<span class=\"ez-toc-title-toggle\"><\/span><\/div>\n<nav><ul class='ez-toc-list ez-toc-list-level-1 ' ><li class='ez-toc-page-1 ez-toc-heading-level-2'><a class=\"ez-toc-link ez-toc-heading-1\" href=\"https:\/\/dudasytextos.com\/preguntaquees\/que-es-la-brecha-de-genero\/#Que_es_la_brecha_de_genero_y_como_nos_afecta\" >Qu\u00e9 es la brecha de g\u00e9nero y c\u00f3mo nos afecta<\/a><\/li><li class='ez-toc-page-1 ez-toc-heading-level-2'><a class=\"ez-toc-link ez-toc-heading-2\" href=\"https:\/\/dudasytextos.com\/preguntaquees\/que-es-la-brecha-de-genero\/#Por_Ana_Gonzalez\" >Por Ana Gonz\u00e1lez<\/a><\/li><li class='ez-toc-page-1 ez-toc-heading-level-2'><a class=\"ez-toc-link ez-toc-heading-3\" href=\"https:\/\/dudasytextos.com\/preguntaquees\/que-es-la-brecha-de-genero\/#Curiosidades_e_informacion_interesante_sobre_la_brecha_de_genero\" >Curiosidades e informaci\u00f3n interesante sobre la brecha de g\u00e9nero<\/a><\/li><li class='ez-toc-page-1 ez-toc-heading-level-2'><a class=\"ez-toc-link ez-toc-heading-4\" href=\"https:\/\/dudasytextos.com\/preguntaquees\/que-es-la-brecha-de-genero\/#%C2%BFQue_es_la_brecha_de_genero\" >\u00bfQu\u00e9 es la brecha de g\u00e9nero?<\/a><\/li><li class='ez-toc-page-1 ez-toc-heading-level-2'><a class=\"ez-toc-link ez-toc-heading-5\" href=\"https:\/\/dudasytextos.com\/preguntaquees\/que-es-la-brecha-de-genero\/#Causas_de_la_brecha_de_genero\" >Causas de la brecha de g\u00e9nero<\/a><\/li><li class='ez-toc-page-1 ez-toc-heading-level-2'><a class=\"ez-toc-link ez-toc-heading-6\" href=\"https:\/\/dudasytextos.com\/preguntaquees\/que-es-la-brecha-de-genero\/#Consecuencias_de_la_brecha_de_genero\" >Consecuencias de la brecha de g\u00e9nero<\/a><\/li><li class='ez-toc-page-1 ez-toc-heading-level-2'><a class=\"ez-toc-link ez-toc-heading-7\" href=\"https:\/\/dudasytextos.com\/preguntaquees\/que-es-la-brecha-de-genero\/#Como_combatir_la_brecha_de_genero\" >C\u00f3mo combatir la brecha de g\u00e9nero<\/a><\/li><li class='ez-toc-page-1 ez-toc-heading-level-2'><a class=\"ez-toc-link ez-toc-heading-8\" href=\"https:\/\/dudasytextos.com\/preguntaquees\/que-es-la-brecha-de-genero\/#Experiencias_personales\" >Experiencias personales<\/a><\/li><li class='ez-toc-page-1 ez-toc-heading-level-2'><a class=\"ez-toc-link ez-toc-heading-9\" href=\"https:\/\/dudasytextos.com\/preguntaquees\/que-es-la-brecha-de-genero\/#Preguntas_frecuentes\" >Preguntas frecuentes<\/a><ul class='ez-toc-list-level-3' ><li class='ez-toc-heading-level-3'><a class=\"ez-toc-link ez-toc-heading-10\" href=\"https:\/\/dudasytextos.com\/preguntaquees\/que-es-la-brecha-de-genero\/#%C2%BFQue_es_la_brecha_salarial\" >\u00bfQu\u00e9 es la brecha salarial?<\/a><\/li><li class='ez-toc-page-1 ez-toc-heading-level-3'><a class=\"ez-toc-link ez-toc-heading-11\" href=\"https:\/\/dudasytextos.com\/preguntaquees\/que-es-la-brecha-de-genero\/#%C2%BFPor_que_es_importante_cerrar_la_brecha_de_genero\" >\u00bfPor qu\u00e9 es importante cerrar la brecha de g\u00e9nero?<\/a><\/li><li class='ez-toc-page-1 ez-toc-heading-level-3'><a class=\"ez-toc-link ez-toc-heading-12\" href=\"https:\/\/dudasytextos.com\/preguntaquees\/que-es-la-brecha-de-genero\/#%C2%BFQue_puedo_hacer_para_ayudar_a_cerrar_la_brecha_de_genero\" >\u00bfQu\u00e9 puedo hacer para ayudar a cerrar la brecha de g\u00e9nero?<\/a><\/li><\/ul><\/li><\/ul><\/nav><\/div>\n<h2><span class=\"ez-toc-section\" id=\"Que_es_la_brecha_de_genero_y_como_nos_afecta\"><\/span>Qu\u00e9 es la brecha de g\u00e9nero y c\u00f3mo nos afecta<span class=\"ez-toc-section-end\"><\/span><\/h2>\n<h2><span class=\"ez-toc-section\" id=\"Por_Ana_Gonzalez\"><\/span>Por Ana Gonz\u00e1lez<span class=\"ez-toc-section-end\"><\/span><\/h2>\n<section>\n<h2><span class=\"ez-toc-section\" id=\"Curiosidades_e_informacion_interesante_sobre_la_brecha_de_genero\"><\/span>Curiosidades e informaci\u00f3n interesante sobre la brecha de g\u00e9nero<span class=\"ez-toc-section-end\"><\/span><\/h2>\n<ul>\n<li>La brecha de g\u00e9nero se refiere a las desigualdades econ\u00f3micas, sociales y pol\u00edticas entre hombres y mujeres.<\/li>\n<li>Seg\u00fan un informe del Foro Econ\u00f3mico Mundial, la brecha de g\u00e9nero en el mundo tardar\u00e1 100 a\u00f1os en cerrarse.<\/li>\n<li>En Espa\u00f1a, la brecha salarial entre hombres y mujeres es del 21,9%.<\/li>\n<li>La brecha de g\u00e9nero tambi\u00e9n se refleja en la falta de representaci\u00f3n de mujeres en puestos de poder y en la violencia de g\u00e9nero.<\/li>\n<\/ul>\n<\/section>\n<section>\n<h2><span class=\"ez-toc-section\" id=\"%C2%BFQue_es_la_brecha_de_genero\"><\/span>\u00bfQu\u00e9 es la brecha de g\u00e9nero?<span class=\"ez-toc-section-end\"><\/span><\/h2>\n<p>La brecha de g\u00e9nero se refiere a las desigualdades econ\u00f3micas, pol\u00edticas, sociales y culturales entre hombres y mujeres. A pesar de los avances en la lucha por la igualdad de g\u00e9nero, la brecha sigue existiendo en todo el mundo y afecta a mujeres de todas las edades, clases sociales y etnias.<\/p>\n<p>La brecha de g\u00e9nero se manifiesta de diversas formas, como la discriminaci\u00f3n salarial, la falta de representaci\u00f3n de mujeres en puestos de poder y la violencia de g\u00e9nero. Estas desigualdades tienen un impacto negativo en la vida de las mujeres, tanto a nivel individual como colectivo, y afectan al desarrollo econ\u00f3mico y social de los pa\u00edses.<\/p>\n<\/section>\n<section>\n<h2><span class=\"ez-toc-section\" id=\"Causas_de_la_brecha_de_genero\"><\/span>Causas de la brecha de g\u00e9nero<span class=\"ez-toc-section-end\"><\/span><\/h2>\n<p>La brecha de g\u00e9nero tiene m\u00faltiples causas, que van desde la discriminaci\u00f3n cultural y social hasta la falta de pol\u00edticas p\u00fablicas que promuevan la igualdad de g\u00e9nero. Algunas de las causas m\u00e1s comunes incluyen:<\/p>\n<ul>\n<li>Discriminaci\u00f3n salarial: las mujeres suelen recibir salarios inferiores a los hombres por el mismo trabajo.<\/li>\n<li>Falta de acceso a la educaci\u00f3n: en algunos pa\u00edses, las mujeres tienen menos acceso a la educaci\u00f3n que los hombres, lo que limita sus oportunidades laborales y econ\u00f3micas.<\/li>\n<li>Violencia de g\u00e9nero: la violencia contra las mujeres es una forma de discriminaci\u00f3n que afecta a millones de mujeres en todo el mundo.<\/li>\n<li>Falta de representaci\u00f3n en puestos de poder: las mujeres est\u00e1n subrepresentadas en la pol\u00edtica, los negocios y otros \u00e1mbitos de poder.<\/li>\n<\/ul>\n<\/section>\n<section>\n<h2><span class=\"ez-toc-section\" id=\"Consecuencias_de_la_brecha_de_genero\"><\/span>Consecuencias de la brecha de g\u00e9nero<span class=\"ez-toc-section-end\"><\/span><\/h2>\n<p>La brecha de g\u00e9nero tiene consecuencias negativas para las mujeres y para la sociedad en general. Algunas de las consecuencias m\u00e1s comunes son:<\/p>\n<ul>\n<li>Menores ingresos: la discriminaci\u00f3n salarial y la falta de acceso a empleos bien remunerados limitan los ingresos de las mujeres y su capacidad para ahorrar y mejorar su calidad de vida.<\/li>\n<li>Falta de representaci\u00f3n pol\u00edtica: la subrepresentaci\u00f3n de las mujeres en la pol\u00edtica significa que sus necesidades y perspectivas no se tienen en cuenta en las decisiones pol\u00edticas.<\/li>\n<li>Mayor riesgo de violencia: la violencia de g\u00e9nero afecta a millones de mujeres en todo el mundo y tiene un impacto negativo en su bienestar f\u00edsico y emocional.<\/li>\n<li>Menos oportunidades laborales: la falta de acceso a la educaci\u00f3n y a empleos bien remunerados limita las oportunidades de las mujeres y su capacidad para contribuir al desarrollo econ\u00f3mico y social de sus pa\u00edses.<\/li>\n<\/ul>\n<\/section>\n<section>\n<h2><span class=\"ez-toc-section\" id=\"Como_combatir_la_brecha_de_genero\"><\/span>C\u00f3mo combatir la brecha de g\u00e9nero<span class=\"ez-toc-section-end\"><\/span><\/h2>\n<p>Combatir la brecha de g\u00e9nero es responsabilidad de todos, hombres y mujeres, y requiere de un enfoque integrado y sostenible. Algunas de las medidas que pueden ayudar a cerrar la brecha de g\u00e9nero incluyen:<\/p>\n<ul>\n<li>Implementar pol\u00edticas que promuevan la igualdad de g\u00e9nero en el lugar de trabajo y en la sociedad en general.<\/li>\n<li>Garantizar el acceso a la educaci\u00f3n y a oportunidades laborales para mujeres y ni\u00f1as.<\/li>\n<li>Apoyar a mujeres l\u00edderes y fomentar su representaci\u00f3n en la pol\u00edtica y en otros \u00e1mbitos de poder.<\/li>\n<li>Combatir la violencia de g\u00e9nero y garantizar el acceso a servicios de apoyo y protecci\u00f3n para las v\u00edctimas.<\/li>\n<\/ul>\n<\/section>\n<section>\n<h2><span class=\"ez-toc-section\" id=\"Experiencias_personales\"><\/span>Experiencias personales<span class=\"ez-toc-section-end\"><\/span><\/h2>\n<p>Como mujer, he experimentado de primera mano la brecha de g\u00e9nero y sus consecuencias. En mi primer trabajo despu\u00e9s de la universidad, descubr\u00ed que mi salario era un 20% inferior al de mis compa\u00f1eros masculinos, a pesar de que ten\u00edamos el mismo nivel de experiencia y responsabilidades.<\/p>\n<p>Hice lo que pude para negociar un salario justo, pero me di cuenta de que no estaba sola: muchas mujeres en mi empresa y en otros lugares se enfrentan a la misma discriminaci\u00f3n salarial y a otras formas de desigualdad de g\u00e9nero. Esta experiencia me llev\u00f3 a involucrarme en la lucha por la igualdad de g\u00e9nero y a trabajar para cerrar la brecha de g\u00e9nero en mi comunidad y en todo el mundo.<\/p>\n<\/section>\n<section>\n<h2><span class=\"ez-toc-section\" id=\"Preguntas_frecuentes\"><\/span>Preguntas frecuentes<span class=\"ez-toc-section-end\"><\/span><\/h2>\n<h3><span class=\"ez-toc-section\" id=\"%C2%BFQue_es_la_brecha_salarial\"><\/span>\u00bfQu\u00e9 es la brecha salarial?<span class=\"ez-toc-section-end\"><\/span><\/h3>\n<p>La brecha salarial se refiere a la diferencia en los salarios entre hombres y mujeres por el mismo trabajo. En muchos pa\u00edses, las mujeres ganan menos que los hombres por el mismo trabajo, lo que contribuye a la brecha de g\u00e9nero y a la desigualdad econ\u00f3mica.<\/p>\n<h3><span class=\"ez-toc-section\" id=\"%C2%BFPor_que_es_importante_cerrar_la_brecha_de_genero\"><\/span>\u00bfPor qu\u00e9 es importante cerrar la brecha de g\u00e9nero?<span class=\"ez-toc-section-end\"><\/span><\/h3>\n<p>Es importante cerrar la brecha de g\u00e9nero porque afecta a la vida de millones de mujeres en todo el mundo y tiene un impacto negativo en el desarrollo econ\u00f3mico y social de los pa\u00edses. Adem\u00e1s, la igualdad de g\u00e9nero es un derecho humano fundamental y un requisito para una sociedad justa y equitativa.<\/p>\n<h3><span class=\"ez-toc-section\" id=\"%C2%BFQue_puedo_hacer_para_ayudar_a_cerrar_la_brecha_de_genero\"><\/span>\u00bfQu\u00e9 puedo hacer para ayudar a cerrar la brecha de g\u00e9nero?<span class=\"ez-toc-section-end\"><\/span><\/h3>\n<p>Hay muchas cosas que puedes hacer para ayudar a cerrar la brecha de g\u00e9nero, como apoyar a mujeres l\u00edderes, luchar contra la violencia de g\u00e9nero, educar a otros sobre la importancia de la igualdad de g\u00e9nero y apoyar pol\u00edticas que promuevan la igualdad de g\u00e9nero en el lugar de trabajo y en la sociedad en general.<\/p>\n<\/section>\n<footer>\n<p>\u00a9 2023 Ana Gonz\u00e1lez. Todos los derechos reservados.<\/p>\n<\/footer>\n","protected":false},"excerpt":{"rendered":"<p>Qu\u00e9 es la brecha de g\u00e9nero y c\u00f3mo nos afecta Por Ana Gonz\u00e1lez Curiosidades e informaci\u00f3n interesante sobre la brecha de g\u00e9nero La brecha de g\u00e9nero se refiere a las desigualdades econ\u00f3micas, sociales y pol\u00edticas entre hombres y mujeres. Seg\u00fan un informe del Foro Econ\u00f3mico Mundial, la brecha de g\u00e9nero en el mundo tardar\u00e1 100 &#8230; <a title=\"Qu\u00e9 es la brecha de genero\" class=\"read-more\" href=\"https:\/\/dudasytextos.com\/preguntaquees\/que-es-la-brecha-de-genero\/\" aria-label=\"M\u00e1s en Qu\u00e9 es la brecha de genero\">Leer m\u00e1s<\/a><\/p>\n","protected":false},"author":1,"featured_media":0,"comment_status":"open","ping_status":"open","sticky":false,"template":"","format":"standard","meta":{"footnotes":""},"categories":[4],"tags":[],"class_list":["post-152790","post","type-post","status-publish","format-standard","hentry","category-que-es"],"aioseo_notices":[],"aioseo_head":"\n\t\t<!-- All in One SEO 5.0.1.1 - aioseo.com -->\n\t<meta name=\"description\" content=\"Qu\u00e9 es la brecha de g\u00e9nero y c\u00f3mo nos afecta Por Ana Gonz\u00e1lez Curiosidades e informaci\u00f3n interesante sobre la brecha de g\u00e9nero La brecha de g\u00e9nero se refiere a las desigualdades econ\u00f3micas, sociales y pol\u00edticas entre hombres y mujeres. Seg\u00fan un informe del Foro Econ\u00f3mico Mundial, la brecha de g\u00e9nero en el mundo tardar\u00e1 100\" \/>\n\t<meta name=\"robots\" content=\"max-snippet:-1, max-image-preview:large, max-video-preview:-1\" \/>\n\t<meta name=\"author\" content=\"Ana Gonz\u00e1lez\"\/>\n\t<link rel=\"canonical\" href=\"https:\/\/dudasytextos.com\/preguntaquees\/que-es-la-brecha-de-genero\/\" \/>\n\t<meta name=\"generator\" content=\"All in One SEO (AIOSEO) 5.0.1.1\" \/>\n\n\t\t<!-- Google tag (gtag.js) -->\n<script async src=\"https:\/\/www.googletagmanager.com\/gtag\/js?id=G-QEZWJ7M6T7\"><\/script>\n<script>\n  window.dataLayer = window.dataLayer || [];\n  function gtag(){dataLayer.push(arguments);}\n  gtag('js', new Date());\n\n  gtag('config', 'G-QEZWJ7M6T7');\n<\/script>\n<script async src=\"https:\/\/pagead2.googlesyndication.com\/pagead\/js\/adsbygoogle.js?client=ca-pub-3987500858204711\"\n     crossorigin=\"anonymous\"><\/script>\n\t\t<meta property=\"og:locale\" content=\"es_ES\" \/>\n\t\t<meta property=\"og:site_name\" content=\"\u00bfQu\u00e9 es? - \u00bfQu\u00e9 es?\" \/>\n\t\t<meta property=\"og:type\" content=\"article\" \/>\n\t\t<meta property=\"og:title\" content=\"Qu\u00e9 es la brecha de genero (2026) \u00bfQu\u00e9 es?\" \/>\n\t\t<meta property=\"og:description\" content=\"Qu\u00e9 es la brecha de g\u00e9nero y c\u00f3mo nos afecta Por Ana Gonz\u00e1lez Curiosidades e informaci\u00f3n interesante sobre la brecha de g\u00e9nero La brecha de g\u00e9nero se refiere a las desigualdades econ\u00f3micas, sociales y pol\u00edticas entre hombres y mujeres. Seg\u00fan un informe del Foro Econ\u00f3mico Mundial, la brecha de g\u00e9nero en el mundo tardar\u00e1 100\" \/>\n\t\t<meta property=\"og:url\" content=\"https:\/\/dudasytextos.com\/preguntaquees\/que-es-la-brecha-de-genero\/\" \/>\n\t\t<meta property=\"article:published_time\" content=\"2025-02-16T15:05:27+00:00\" \/>\n\t\t<meta property=\"article:modified_time\" content=\"2025-03-13T04:14:49+00:00\" \/>\n\t\t<meta name=\"twitter:card\" content=\"summary_large_image\" \/>\n\t\t<meta name=\"twitter:title\" content=\"Qu\u00e9 es la brecha de genero (2026) \u00bfQu\u00e9 es?\" \/>\n\t\t<meta name=\"twitter:description\" content=\"Qu\u00e9 es la brecha de g\u00e9nero y c\u00f3mo nos afecta Por Ana Gonz\u00e1lez Curiosidades e informaci\u00f3n interesante sobre la brecha de g\u00e9nero La brecha de g\u00e9nero se refiere a las desigualdades econ\u00f3micas, sociales y pol\u00edticas entre hombres y mujeres. Seg\u00fan un informe del Foro Econ\u00f3mico Mundial, la brecha de g\u00e9nero en el mundo tardar\u00e1 100\" \/>\n\t\t<script type=\"application\/ld+json\" class=\"aioseo-schema\">\n\t\t\t{\"@context\":\"https:\\\/\\\/schema.org\",\"@graph\":[{\"@type\":\"BlogPosting\",\"@id\":\"https:\\\/\\\/dudasytextos.com\\\/preguntaquees\\\/que-es-la-brecha-de-genero\\\/#blogposting\",\"name\":\"Qu\\u00e9 es la brecha de genero (2026) \\u00bfQu\\u00e9 es?\",\"headline\":\"Qu\\u00e9 es la brecha de genero\",\"author\":{\"@id\":\"https:\\\/\\\/dudasytextos.com\\\/preguntaquees\\\/author\\\/admin44\\\/#author\"},\"publisher\":{\"@id\":\"https:\\\/\\\/dudasytextos.com\\\/preguntaquees\\\/#organization\"},\"datePublished\":\"2025-02-16T15:05:27+00:00\",\"dateModified\":\"2025-03-13T04:14:49+00:00\",\"inLanguage\":\"es-ES\",\"mainEntityOfPage\":{\"@id\":\"https:\\\/\\\/dudasytextos.com\\\/preguntaquees\\\/que-es-la-brecha-de-genero\\\/#webpage\"},\"isPartOf\":{\"@id\":\"https:\\\/\\\/dudasytextos.com\\\/preguntaquees\\\/que-es-la-brecha-de-genero\\\/#webpage\"},\"articleSection\":\"\\u00bfQu\\u00e9 es?\"},{\"@type\":\"BreadcrumbList\",\"@id\":\"https:\\\/\\\/dudasytextos.com\\\/preguntaquees\\\/que-es-la-brecha-de-genero\\\/#breadcrumblist\",\"itemListElement\":[{\"@type\":\"ListItem\",\"@id\":\"https:\\\/\\\/dudasytextos.com\\\/preguntaquees#listItem\",\"position\":1,\"name\":\"Inicio\",\"item\":\"https:\\\/\\\/dudasytextos.com\\\/preguntaquees\",\"nextItem\":{\"@type\":\"ListItem\",\"@id\":\"https:\\\/\\\/dudasytextos.com\\\/preguntaquees\\\/category\\\/que-es\\\/#listItem\",\"name\":\"\\u00bfQu\\u00e9 es?\"}},{\"@type\":\"ListItem\",\"@id\":\"https:\\\/\\\/dudasytextos.com\\\/preguntaquees\\\/category\\\/que-es\\\/#listItem\",\"position\":2,\"name\":\"\\u00bfQu\\u00e9 es?\",\"item\":\"https:\\\/\\\/dudasytextos.com\\\/preguntaquees\\\/category\\\/que-es\\\/\",\"nextItem\":{\"@type\":\"ListItem\",\"@id\":\"https:\\\/\\\/dudasytextos.com\\\/preguntaquees\\\/que-es-la-brecha-de-genero\\\/#listItem\",\"name\":\"Qu\\u00e9 es la brecha de genero\"},\"previousItem\":{\"@type\":\"ListItem\",\"@id\":\"https:\\\/\\\/dudasytextos.com\\\/preguntaquees#listItem\",\"name\":\"Inicio\"}},{\"@type\":\"ListItem\",\"@id\":\"https:\\\/\\\/dudasytextos.com\\\/preguntaquees\\\/que-es-la-brecha-de-genero\\\/#listItem\",\"position\":3,\"name\":\"Qu\\u00e9 es la brecha de genero\",\"previousItem\":{\"@type\":\"ListItem\",\"@id\":\"https:\\\/\\\/dudasytextos.com\\\/preguntaquees\\\/category\\\/que-es\\\/#listItem\",\"name\":\"\\u00bfQu\\u00e9 es?\"}}]},{\"@type\":\"Organization\",\"@id\":\"https:\\\/\\\/dudasytextos.com\\\/preguntaquees\\\/#organization\",\"name\":\"\\u00bfC\\u00f3mo funciona?\",\"description\":\"\\u00bfQu\\u00e9 es?\",\"url\":\"https:\\\/\\\/dudasytextos.com\\\/preguntaquees\\\/\"},{\"@type\":\"Person\",\"@id\":\"https:\\\/\\\/dudasytextos.com\\\/preguntaquees\\\/author\\\/admin44\\\/#author\",\"url\":\"https:\\\/\\\/dudasytextos.com\\\/preguntaquees\\\/author\\\/admin44\\\/\",\"name\":\"Ana Gonz\\u00e1lez\"},{\"@type\":\"WebPage\",\"@id\":\"https:\\\/\\\/dudasytextos.com\\\/preguntaquees\\\/que-es-la-brecha-de-genero\\\/#webpage\",\"url\":\"https:\\\/\\\/dudasytextos.com\\\/preguntaquees\\\/que-es-la-brecha-de-genero\\\/\",\"name\":\"Qu\\u00e9 es la brecha de genero (2026) \\u00bfQu\\u00e9 es?\",\"description\":\"Qu\\u00e9 es la brecha de g\\u00e9nero y c\\u00f3mo nos afecta Por Ana Gonz\\u00e1lez Curiosidades e informaci\\u00f3n interesante sobre la brecha de g\\u00e9nero La brecha de g\\u00e9nero se refiere a las desigualdades econ\\u00f3micas, sociales y pol\\u00edticas entre hombres y mujeres. Seg\\u00fan un informe del Foro Econ\\u00f3mico Mundial, la brecha de g\\u00e9nero en el mundo tardar\\u00e1 100\",\"inLanguage\":\"es-ES\",\"isPartOf\":{\"@id\":\"https:\\\/\\\/dudasytextos.com\\\/preguntaquees\\\/#website\"},\"breadcrumb\":{\"@id\":\"https:\\\/\\\/dudasytextos.com\\\/preguntaquees\\\/que-es-la-brecha-de-genero\\\/#breadcrumblist\"},\"author\":{\"@id\":\"https:\\\/\\\/dudasytextos.com\\\/preguntaquees\\\/author\\\/admin44\\\/#author\"},\"creator\":{\"@id\":\"https:\\\/\\\/dudasytextos.com\\\/preguntaquees\\\/author\\\/admin44\\\/#author\"},\"datePublished\":\"2025-02-16T15:05:27+00:00\",\"dateModified\":\"2025-03-13T04:14:49+00:00\"},{\"@type\":\"WebSite\",\"@id\":\"https:\\\/\\\/dudasytextos.com\\\/preguntaquees\\\/#website\",\"url\":\"https:\\\/\\\/dudasytextos.com\\\/preguntaquees\\\/\",\"name\":\"\\u00bfC\\u00f3mo funciona?\",\"description\":\"\\u00bfQu\\u00e9 es?\",\"inLanguage\":\"es-ES\",\"publisher\":{\"@id\":\"https:\\\/\\\/dudasytextos.com\\\/preguntaquees\\\/#organization\"}}]}\n\t\t<\/script>\n\t\t<!-- All in One SEO -->\n\n","aioseo_head_json":{"title":"Qu\u00e9 es la brecha de genero (2026) \u00bfQu\u00e9 es?","description":"Qu\u00e9 es la brecha de g\u00e9nero y c\u00f3mo nos afecta Por Ana Gonz\u00e1lez Curiosidades e informaci\u00f3n interesante sobre la brecha de g\u00e9nero La brecha de g\u00e9nero se refiere a las desigualdades econ\u00f3micas, sociales y pol\u00edticas entre hombres y mujeres. Seg\u00fan un informe del Foro Econ\u00f3mico Mundial, la brecha de g\u00e9nero en el mundo tardar\u00e1 100","canonical_url":"https:\/\/dudasytextos.com\/preguntaquees\/que-es-la-brecha-de-genero\/","robots":"max-snippet:-1, max-image-preview:large, max-video-preview:-1","keywords":"","webmasterTools":{"miscellaneous":"&lt;!-- Google tag (gtag.js) --&gt;\n&lt;script async src=\"https:\/\/www.googletagmanager.com\/gtag\/js?id=G-QEZWJ7M6T7\"&gt;&lt;\/script&gt;\n&lt;script&gt;\n  window.dataLayer = window.dataLayer || [];\n  function gtag(){dataLayer.push(arguments);}\n  gtag('js', new Date());\n\n  gtag('config', 'G-QEZWJ7M6T7');\n&lt;\/script&gt;\n&lt;script async src=\"https:\/\/pagead2.googlesyndication.com\/pagead\/js\/adsbygoogle.js?client=ca-pub-3987500858204711\"\n     crossorigin=\"anonymous\"&gt;&lt;\/script&gt;"},"schema":{"@context":"https:\/\/schema.org","@graph":[{"@type":"BlogPosting","@id":"https:\/\/dudasytextos.com\/preguntaquees\/que-es-la-brecha-de-genero\/#blogposting","name":"Qu\u00e9 es la brecha de genero (2026) \u00bfQu\u00e9 es?","headline":"Qu\u00e9 es la brecha de genero","author":{"@id":"https:\/\/dudasytextos.com\/preguntaquees\/author\/admin44\/#author"},"publisher":{"@id":"https:\/\/dudasytextos.com\/preguntaquees\/#organization"},"datePublished":"2025-02-16T15:05:27+00:00","dateModified":"2025-03-13T04:14:49+00:00","inLanguage":"es-ES","mainEntityOfPage":{"@id":"https:\/\/dudasytextos.com\/preguntaquees\/que-es-la-brecha-de-genero\/#webpage"},"isPartOf":{"@id":"https:\/\/dudasytextos.com\/preguntaquees\/que-es-la-brecha-de-genero\/#webpage"},"articleSection":"\u00bfQu\u00e9 es?"},{"@type":"BreadcrumbList","@id":"https:\/\/dudasytextos.com\/preguntaquees\/que-es-la-brecha-de-genero\/#breadcrumblist","itemListElement":[{"@type":"ListItem","@id":"https:\/\/dudasytextos.com\/preguntaquees#listItem","position":1,"name":"Inicio","item":"https:\/\/dudasytextos.com\/preguntaquees","nextItem":{"@type":"ListItem","@id":"https:\/\/dudasytextos.com\/preguntaquees\/category\/que-es\/#listItem","name":"\u00bfQu\u00e9 es?"}},{"@type":"ListItem","@id":"https:\/\/dudasytextos.com\/preguntaquees\/category\/que-es\/#listItem","position":2,"name":"\u00bfQu\u00e9 es?","item":"https:\/\/dudasytextos.com\/preguntaquees\/category\/que-es\/","nextItem":{"@type":"ListItem","@id":"https:\/\/dudasytextos.com\/preguntaquees\/que-es-la-brecha-de-genero\/#listItem","name":"Qu\u00e9 es la brecha de genero"},"previousItem":{"@type":"ListItem","@id":"https:\/\/dudasytextos.com\/preguntaquees#listItem","name":"Inicio"}},{"@type":"ListItem","@id":"https:\/\/dudasytextos.com\/preguntaquees\/que-es-la-brecha-de-genero\/#listItem","position":3,"name":"Qu\u00e9 es la brecha de genero","previousItem":{"@type":"ListItem","@id":"https:\/\/dudasytextos.com\/preguntaquees\/category\/que-es\/#listItem","name":"\u00bfQu\u00e9 es?"}}]},{"@type":"Organization","@id":"https:\/\/dudasytextos.com\/preguntaquees\/#organization","name":"\u00bfC\u00f3mo funciona?","description":"\u00bfQu\u00e9 es?","url":"https:\/\/dudasytextos.com\/preguntaquees\/"},{"@type":"Person","@id":"https:\/\/dudasytextos.com\/preguntaquees\/author\/admin44\/#author","url":"https:\/\/dudasytextos.com\/preguntaquees\/author\/admin44\/","name":"Ana Gonz\u00e1lez"},{"@type":"WebPage","@id":"https:\/\/dudasytextos.com\/preguntaquees\/que-es-la-brecha-de-genero\/#webpage","url":"https:\/\/dudasytextos.com\/preguntaquees\/que-es-la-brecha-de-genero\/","name":"Qu\u00e9 es la brecha de genero (2026) \u00bfQu\u00e9 es?","description":"Qu\u00e9 es la brecha de g\u00e9nero y c\u00f3mo nos afecta Por Ana Gonz\u00e1lez Curiosidades e informaci\u00f3n interesante sobre la brecha de g\u00e9nero La brecha de g\u00e9nero se refiere a las desigualdades econ\u00f3micas, sociales y pol\u00edticas entre hombres y mujeres. Seg\u00fan un informe del Foro Econ\u00f3mico Mundial, la brecha de g\u00e9nero en el mundo tardar\u00e1 100","inLanguage":"es-ES","isPartOf":{"@id":"https:\/\/dudasytextos.com\/preguntaquees\/#website"},"breadcrumb":{"@id":"https:\/\/dudasytextos.com\/preguntaquees\/que-es-la-brecha-de-genero\/#breadcrumblist"},"author":{"@id":"https:\/\/dudasytextos.com\/preguntaquees\/author\/admin44\/#author"},"creator":{"@id":"https:\/\/dudasytextos.com\/preguntaquees\/author\/admin44\/#author"},"datePublished":"2025-02-16T15:05:27+00:00","dateModified":"2025-03-13T04:14:49+00:00"},{"@type":"WebSite","@id":"https:\/\/dudasytextos.com\/preguntaquees\/#website","url":"https:\/\/dudasytextos.com\/preguntaquees\/","name":"\u00bfC\u00f3mo funciona?","description":"\u00bfQu\u00e9 es?","inLanguage":"es-ES","publisher":{"@id":"https:\/\/dudasytextos.com\/preguntaquees\/#organization"}}]},"og:locale":"es_ES","og:site_name":"\u00bfQu\u00e9 es? - \u00bfQu\u00e9 es?","og:type":"article","og:title":"Qu\u00e9 es la brecha de genero (2026) \u00bfQu\u00e9 es?","og:description":"Qu\u00e9 es la brecha de g\u00e9nero y c\u00f3mo nos afecta Por Ana Gonz\u00e1lez Curiosidades e informaci\u00f3n interesante sobre la brecha de g\u00e9nero La brecha de g\u00e9nero se refiere a las desigualdades econ\u00f3micas, sociales y pol\u00edticas entre hombres y mujeres. Seg\u00fan un informe del Foro Econ\u00f3mico Mundial, la brecha de g\u00e9nero en el mundo tardar\u00e1 100","og:url":"https:\/\/dudasytextos.com\/preguntaquees\/que-es-la-brecha-de-genero\/","article:published_time":"2025-02-16T15:05:27+00:00","article:modified_time":"2025-03-13T04:14:49+00:00","twitter:card":"summary_large_image","twitter:title":"Qu\u00e9 es la brecha de genero (2026) \u00bfQu\u00e9 es?","twitter:description":"Qu\u00e9 es la brecha de g\u00e9nero y c\u00f3mo nos afecta Por Ana Gonz\u00e1lez Curiosidades e informaci\u00f3n interesante sobre la brecha de g\u00e9nero La brecha de g\u00e9nero se refiere a las desigualdades econ\u00f3micas, sociales y pol\u00edticas entre hombres y mujeres. Seg\u00fan un informe del Foro Econ\u00f3mico Mundial, la brecha de g\u00e9nero en el mundo tardar\u00e1 100"},"aioseo_meta_data":{"post_id":"152790","title":null,"description":null,"keywords":null,"keyphrases":null,"primary_term":null,"canonical_url":null,"og_title":null,"og_description":null,"og_object_type":"default","og_image_type":"default","og_image_url":null,"og_image_width":null,"og_image_height":null,"og_image_custom_url":null,"og_image_custom_fields":null,"og_video":null,"og_custom_url":null,"og_article_section":null,"og_article_tags":null,"twitter_use_og":false,"twitter_card":"default","twitter_image_type":"default","twitter_image_url":null,"twitter_image_custom_url":null,"twitter_image_custom_fields":null,"twitter_title":null,"twitter_description":null,"schema":{"blockGraphs":[],"customGraphs":[],"default":{"data":{"Article":[],"Course":[],"Dataset":[],"FAQPage":[],"Movie":[],"Person":[],"Product":[],"ProductReview":[],"Car":[],"Recipe":[],"Service":[],"SoftwareApplication":[],"WebPage":[]},"graphName":"","isEnabled":true},"graphs":[]},"schema_type":"default","schema_type_options":null,"pillar_content":false,"robots_default":true,"robots_noindex":false,"robots_noarchive":false,"robots_nosnippet":false,"robots_nofollow":false,"robots_noimageindex":false,"robots_noodp":false,"robots_notranslate":false,"robots_max_snippet":null,"robots_max_videopreview":null,"robots_max_imagepreview":"large","priority":null,"frequency":null,"local_seo":null,"breadcrumb_settings":null,"limit_modified_date":false,"ai":null,"created":"2023-05-08 10:17:39","updated":"2025-06-03 19:47:41","seo_analyzer_scan_date":null,"focus_keyword":null,"additional_keywords":null,"truseo_locale":null},"aioseo_breadcrumb":"<div class=\"aioseo-breadcrumbs\"><span class=\"aioseo-breadcrumb\">\n\t\t\t<a href=\"https:\/\/dudasytextos.com\/preguntaquees\" title=\"Inicio\">Inicio<\/a>\n\t\t<\/span><span class=\"aioseo-breadcrumb-separator\">&raquo;<\/span><span class=\"aioseo-breadcrumb\">\n\t\t\t<a href=\"https:\/\/dudasytextos.com\/preguntaquees\/category\/que-es\/\" title=\"\u00bfQu\u00e9 es?\">\u00bfQu\u00e9 es?<\/a>\n\t\t<\/span><span class=\"aioseo-breadcrumb-separator\">&raquo;<\/span><span class=\"aioseo-breadcrumb\">\n\t\t\tQu\u00e9 es la brecha de genero\n\t\t<\/span><\/div>","aioseo_breadcrumb_json":[{"label":"Inicio","link":"https:\/\/dudasytextos.com\/preguntaquees"},{"label":"\u00bfQu\u00e9 es?","link":"https:\/\/dudasytextos.com\/preguntaquees\/category\/que-es\/"},{"label":"Qu\u00e9 es la brecha de genero","link":"https:\/\/dudasytextos.com\/preguntaquees\/que-es-la-brecha-de-genero\/"}],"_links":{"self":[{"href":"https:\/\/dudasytextos.com\/preguntaquees\/wp-json\/wp\/v2\/posts\/152790","targetHints":{"allow":["GET"]}}],"collection":[{"href":"https:\/\/dudasytextos.com\/preguntaquees\/wp-json\/wp\/v2\/posts"}],"about":[{"href":"https:\/\/dudasytextos.com\/preguntaquees\/wp-json\/wp\/v2\/types\/post"}],"author":[{"embeddable":true,"href":"https:\/\/dudasytextos.com\/preguntaquees\/wp-json\/wp\/v2\/users\/1"}],"replies":[{"embeddable":true,"href":"https:\/\/dudasytextos.com\/preguntaquees\/wp-json\/wp\/v2\/comments?post=152790"}],"version-history":[{"count":1,"href":"https:\/\/dudasytextos.com\/preguntaquees\/wp-json\/wp\/v2\/posts\/152790\/revisions"}],"predecessor-version":[{"id":153039,"href":"https:\/\/dudasytextos.com\/preguntaquees\/wp-json\/wp\/v2\/posts\/152790\/revisions\/153039"}],"wp:attachment":[{"href":"https:\/\/dudasytextos.com\/preguntaquees\/wp-json\/wp\/v2\/media?parent=152790"}],"wp:term":[{"taxonomy":"category","embeddable":true,"href":"https:\/\/dudasytextos.com\/preguntaquees\/wp-json\/wp\/v2\/categories?post=152790"},{"taxonomy":"post_tag","embeddable":true,"href":"https:\/\/dudasytextos.com\/preguntaquees\/wp-json\/wp\/v2\/tags?post=152790"}],"curies":[{"name":"wp","href":"https:\/\/api.w.org\/{rel}","templated":true}]}}