{"id":131632,"date":"2025-02-15T15:23:43","date_gmt":"2025-02-15T15:23:43","guid":{"rendered":"https:\/\/educacion.cc\/?p=131632"},"modified":"2025-03-13T07:58:30","modified_gmt":"2025-03-13T07:58:30","slug":"__trashed-182","status":"publish","type":"post","link":"https:\/\/dudasytextos.com\/se-puede\/__trashed-182\/","title":{"rendered":"Cuando se puede omitir el relative pronoun"},"content":{"rendered":"<div id=\"ez-toc-container\" class=\"ez-toc-v2_0_87 counter-hierarchy ez-toc-counter ez-toc-custom ez-toc-container-direction\">\n<div class=\"ez-toc-title-container\">\n<span class=\"ez-toc-title-toggle\"><\/span><\/div>\n<nav><ul class='ez-toc-list ez-toc-list-level-1 ' ><li class='ez-toc-page-1 ez-toc-heading-level-2'><a class=\"ez-toc-link ez-toc-heading-1\" href=\"https:\/\/dudasytextos.com\/se-puede\/__trashed-182\/#Cuando_Se_Puede_Omitir_El_Relative_Pronoun\" >Cuando Se Puede Omitir El Relative Pronoun<\/a><\/li><li class='ez-toc-page-1 ez-toc-heading-level-2'><a class=\"ez-toc-link ez-toc-heading-2\" href=\"https:\/\/dudasytextos.com\/se-puede\/__trashed-182\/#Curiosidades_e_informacion_interesante\" >Curiosidades e informaci\u00f3n interesante<\/a><\/li><li class='ez-toc-page-1 ez-toc-heading-level-2'><a class=\"ez-toc-link ez-toc-heading-3\" href=\"https:\/\/dudasytextos.com\/se-puede\/__trashed-182\/#Mi_experiencia_personal\" >Mi experiencia personal<\/a><\/li><li class='ez-toc-page-1 ez-toc-heading-level-2'><a class=\"ez-toc-link ez-toc-heading-4\" href=\"https:\/\/dudasytextos.com\/se-puede\/__trashed-182\/#Reglas_y_excepciones\" >Reglas y excepciones<\/a><\/li><li class='ez-toc-page-1 ez-toc-heading-level-2'><a class=\"ez-toc-link ez-toc-heading-5\" href=\"https:\/\/dudasytextos.com\/se-puede\/__trashed-182\/#Opiniones_y_ejemplos\" >Opiniones y ejemplos<\/a><\/li><li class='ez-toc-page-1 ez-toc-heading-level-2'><a class=\"ez-toc-link ez-toc-heading-6\" href=\"https:\/\/dudasytextos.com\/se-puede\/__trashed-182\/#Preguntas_frecuentes\" >Preguntas frecuentes<\/a><ul class='ez-toc-list-level-3' ><li class='ez-toc-heading-level-3'><a class=\"ez-toc-link ez-toc-heading-7\" href=\"https:\/\/dudasytextos.com\/se-puede\/__trashed-182\/#%C2%BFPor_que_se_puede_omitir_el_relative_pronoun_en_espanol\" >\u00bfPor qu\u00e9 se puede omitir el relative pronoun en espa\u00f1ol?<\/a><\/li><li class='ez-toc-page-1 ez-toc-heading-level-3'><a class=\"ez-toc-link ez-toc-heading-8\" href=\"https:\/\/dudasytextos.com\/se-puede\/__trashed-182\/#%C2%BFEn_que_casos_se_puede_omitir_el_relative_pronoun\" >\u00bfEn qu\u00e9 casos se puede omitir el relative pronoun?<\/a><\/li><li class='ez-toc-page-1 ez-toc-heading-level-3'><a class=\"ez-toc-link ez-toc-heading-9\" href=\"https:\/\/dudasytextos.com\/se-puede\/__trashed-182\/#%C2%BFCuando_no_se_puede_omitir_el_relative_pronoun\" >\u00bfCu\u00e1ndo no se puede omitir el relative pronoun?<\/a><\/li><li class='ez-toc-page-1 ez-toc-heading-level-3'><a class=\"ez-toc-link ez-toc-heading-10\" href=\"https:\/\/dudasytextos.com\/se-puede\/__trashed-182\/#%C2%BFEs_correcto_omitir_siempre_el_relative_pronoun_en_espanol\" >\u00bfEs correcto omitir siempre el relative pronoun en espa\u00f1ol?<\/a><\/li><\/ul><\/li><\/ul><\/nav><\/div>\n<h2><span class=\"ez-toc-section\" id=\"Cuando_Se_Puede_Omitir_El_Relative_Pronoun\"><\/span>Cuando Se Puede Omitir El Relative Pronoun<span class=\"ez-toc-section-end\"><\/span><\/h2>\n<p>\u00a1Hola a todos! Soy Ana Gonz\u00e1lez y hoy quiero hablar sobre una de las preguntas m\u00e1s comunes que recibo: \u00bfcu\u00e1ndo se puede omitir el relative pronoun en espa\u00f1ol? <\/p>\n<section>\n<h2><span class=\"ez-toc-section\" id=\"Curiosidades_e_informacion_interesante\"><\/span>Curiosidades e informaci\u00f3n interesante<span class=\"ez-toc-section-end\"><\/span><\/h2>\n<ul>\n<li>El relative pronoun es una palabra que conecta dos frases o cl\u00e1usulas, como que, quien o cual.<\/li>\n<li>En algunos casos, se puede omitir el relative pronoun en espa\u00f1ol sin alterar el significado de la oraci\u00f3n.<\/li>\n<li>Esta omisi\u00f3n es m\u00e1s com\u00fan en el habla coloquial que en la escrita.<\/li>\n<li>Hay ciertas reglas y excepciones que debemos conocer para utilizar correctamente esta t\u00e9cnica.<\/li>\n<\/ul>\n<\/section>\n<section>\n<h2><span class=\"ez-toc-section\" id=\"Mi_experiencia_personal\"><\/span>Mi experiencia personal<span class=\"ez-toc-section-end\"><\/span><\/h2>\n<p>Cuando empec\u00e9 a estudiar espa\u00f1ol, me costaba mucho entender cu\u00e1ndo se pod\u00eda omitir el relative pronoun. Sin embargo, con el tiempo y la pr\u00e1ctica, fui comprendiendo las reglas y ahora me resulta mucho m\u00e1s f\u00e1cil hablar y escribir en espa\u00f1ol.<\/p>\n<p>Adem\u00e1s, he notado que los hablantes nativos de espa\u00f1ol utilizan esta t\u00e9cnica con frecuencia en situaciones informales, lo que hace que el idioma suene m\u00e1s natural y fluido.<\/p>\n<\/section>\n<section>\n<h2><span class=\"ez-toc-section\" id=\"Reglas_y_excepciones\"><\/span>Reglas y excepciones<span class=\"ez-toc-section-end\"><\/span><\/h2>\n<p>En general, se puede omitir el relative pronoun cuando:<\/p>\n<ul>\n<li>El verbo de la oraci\u00f3n subordinada est\u00e1 en infinitivo o gerundio.<\/li>\n<li>El antecedente del relative pronoun es un pronombre personal sujeto, como yo, t\u00fa, \u00e9l o nosotros.<\/li>\n<li>El antecedente del relative pronoun es un nombre propio.<\/li>\n<\/ul>\n<p>Por otro lado, hay algunas excepciones en las que no se puede omitir el relative pronoun:<\/p>\n<ul>\n<li>Cuando el antecedente del relative pronoun es un pronombre personal objeto, como me, te, lo, la, nos o los.<\/li>\n<li>Cuando el relative pronoun funciona como sujeto de la oraci\u00f3n subordinada.<\/li>\n<li>Cuando el relative pronoun se refiere a una persona o cosa no mencionada previamente.<\/li>\n<\/ul>\n<\/section>\n<section>\n<h2><span class=\"ez-toc-section\" id=\"Opiniones_y_ejemplos\"><\/span>Opiniones y ejemplos<span class=\"ez-toc-section-end\"><\/span><\/h2>\n<p>Algunos expertos en espa\u00f1ol creen que la omisi\u00f3n del relative pronoun puede ser \u00fatil para simplificar la estructura de las oraciones y hacer que el idioma suene m\u00e1s natural.<\/p>\n<p>Por ejemplo, en lugar de decir La persona que me ayud\u00f3 es mi amigo, se podr\u00eda decir La persona que me ayud\u00f3, mi amigo. En este caso, se omite el relative pronoun que y se utiliza una coma para separar las dos partes de la oraci\u00f3n.<\/p>\n<p>Sin embargo, es importante recordar que esta t\u00e9cnica no siempre es apropiada y que debemos utilizarla con cuidado para evitar confusiones o ambig\u00fcedades en el lenguaje.<\/p>\n<\/section>\n<section>\n<h2><span class=\"ez-toc-section\" id=\"Preguntas_frecuentes\"><\/span>Preguntas frecuentes<span class=\"ez-toc-section-end\"><\/span><\/h2>\n<h3><span class=\"ez-toc-section\" id=\"%C2%BFPor_que_se_puede_omitir_el_relative_pronoun_en_espanol\"><\/span>\u00bfPor qu\u00e9 se puede omitir el relative pronoun en espa\u00f1ol?<span class=\"ez-toc-section-end\"><\/span><\/h3>\n<p>La omisi\u00f3n del relative pronoun es una t\u00e9cnica com\u00fan en el habla coloquial que puede hacer que el idioma suene m\u00e1s natural y fluido. Adem\u00e1s, en algunos casos, la oraci\u00f3n puede ser m\u00e1s f\u00e1cil de entender sin el relative pronoun.<\/p>\n<h3><span class=\"ez-toc-section\" id=\"%C2%BFEn_que_casos_se_puede_omitir_el_relative_pronoun\"><\/span>\u00bfEn qu\u00e9 casos se puede omitir el relative pronoun?<span class=\"ez-toc-section-end\"><\/span><\/h3>\n<p>Se puede omitir el relative pronoun en espa\u00f1ol cuando el verbo de la oraci\u00f3n subordinada est\u00e1 en infinitivo o gerundio, cuando el antecedente del relative pronoun es un pronombre personal sujeto o un nombre propio.<\/p>\n<h3><span class=\"ez-toc-section\" id=\"%C2%BFCuando_no_se_puede_omitir_el_relative_pronoun\"><\/span>\u00bfCu\u00e1ndo no se puede omitir el relative pronoun?<span class=\"ez-toc-section-end\"><\/span><\/h3>\n<p>No se puede omitir el relative pronoun cuando el antecedente es un pronombre personal objeto, cuando el relative pronoun funciona como sujeto de la oraci\u00f3n subordinada o cuando se refiere a una persona o cosa no mencionada previamente.<\/p>\n<h3><span class=\"ez-toc-section\" id=\"%C2%BFEs_correcto_omitir_siempre_el_relative_pronoun_en_espanol\"><\/span>\u00bfEs correcto omitir siempre el relative pronoun en espa\u00f1ol?<span class=\"ez-toc-section-end\"><\/span><\/h3>\n<p>No siempre es apropiado omitir el relative pronoun en espa\u00f1ol. Debemos utilizar esta t\u00e9cnica con cuidado para evitar confusiones o ambig\u00fcedades en el lenguaje.<\/p>\n<\/section>\n<footer>\n<p>Espero que este art\u00edculo haya sido \u00fatil e interesante para ti. Si tienes alguna pregunta o comentario, no dudes en dejarlo en la secci\u00f3n de comentarios a continuaci\u00f3n.<\/p>\n<\/footer>\n","protected":false},"excerpt":{"rendered":"<p>Cuando Se Puede Omitir El Relative Pronoun \u00a1Hola a todos! Soy Ana Gonz\u00e1lez y hoy quiero hablar sobre una de las preguntas m\u00e1s comunes que recibo: \u00bfcu\u00e1ndo se puede omitir el relative pronoun en espa\u00f1ol? Curiosidades e informaci\u00f3n interesante El relative pronoun es una palabra que conecta dos frases o cl\u00e1usulas, como que, quien o &#8230; <a title=\"Cuando se puede omitir el relative pronoun\" class=\"read-more\" href=\"https:\/\/dudasytextos.com\/se-puede\/__trashed-182\/\" aria-label=\"M\u00e1s en Cuando se puede omitir el relative pronoun\">Leer m\u00e1s<\/a><\/p>\n","protected":false},"author":1,"featured_media":0,"comment_status":"open","ping_status":"open","sticky":false,"template":"","format":"standard","meta":{"footnotes":""},"categories":[3],"tags":[],"class_list":["post-131632","post","type-post","status-publish","format-standard","hentry","category-se-puede"],"aioseo_notices":[],"aioseo_head":"\n\t\t<!-- All in One SEO 5.0.1.1 - aioseo.com -->\n\t<meta name=\"description\" content=\"Cuando Se Puede Omitir El Relative Pronoun \u00a1Hola a todos! Soy Ana Gonz\u00e1lez y hoy quiero hablar sobre una de las preguntas m\u00e1s comunes que recibo: \u00bfcu\u00e1ndo se puede omitir el relative pronoun en espa\u00f1ol? Curiosidades e informaci\u00f3n interesante El relative pronoun es una palabra que conecta dos frases o cl\u00e1usulas, como que, quien o\" \/>\n\t<meta name=\"robots\" content=\"max-snippet:-1, max-image-preview:large, max-video-preview:-1\" \/>\n\t<meta name=\"author\" content=\"Ana Gonz\u00e1lez\"\/>\n\t<link rel=\"canonical\" href=\"https:\/\/dudasytextos.com\/se-puede\/__trashed-182\/\" \/>\n\t<meta name=\"generator\" content=\"All in One SEO (AIOSEO) 5.0.1.1\" \/>\n\n\t\t<script async src=\"https:\/\/pagead2.googlesyndication.com\/pagead\/js\/adsbygoogle.js?client=ca-pub-3987500858204711\"\n     crossorigin=\"anonymous\"><\/script>\n<!-- Google tag (gtag.js) -->\n<script async src=\"https:\/\/www.googletagmanager.com\/gtag\/js?id=G-TYJ2FRZ8ZF\"><\/script>\n<script>\n  window.dataLayer = window.dataLayer || [];\n  function gtag(){dataLayer.push(arguments);}\n  gtag('js', new Date());\n\n  gtag('config', 'G-TYJ2FRZ8ZF');\n<\/script>\n\t\t<meta property=\"og:locale\" content=\"es_ES\" \/>\n\t\t<meta property=\"og:site_name\" content=\"\u00bfSe Puede? - Tomar decisiones informadas y resolver dudas.\" \/>\n\t\t<meta property=\"og:type\" content=\"article\" \/>\n\t\t<meta property=\"og:title\" content=\"Cuando se puede omitir el relative pronoun (2026) \u00bfSe Puede?\" \/>\n\t\t<meta property=\"og:description\" content=\"Cuando Se Puede Omitir El Relative Pronoun \u00a1Hola a todos! Soy Ana Gonz\u00e1lez y hoy quiero hablar sobre una de las preguntas m\u00e1s comunes que recibo: \u00bfcu\u00e1ndo se puede omitir el relative pronoun en espa\u00f1ol? Curiosidades e informaci\u00f3n interesante El relative pronoun es una palabra que conecta dos frases o cl\u00e1usulas, como que, quien o\" \/>\n\t\t<meta property=\"og:url\" content=\"https:\/\/dudasytextos.com\/se-puede\/__trashed-182\/\" \/>\n\t\t<meta property=\"article:published_time\" content=\"2025-02-15T15:23:43+00:00\" \/>\n\t\t<meta property=\"article:modified_time\" content=\"2025-03-13T07:58:30+00:00\" \/>\n\t\t<meta name=\"twitter:card\" content=\"summary_large_image\" \/>\n\t\t<meta name=\"twitter:title\" content=\"Cuando se puede omitir el relative pronoun (2026) \u00bfSe Puede?\" \/>\n\t\t<meta name=\"twitter:description\" content=\"Cuando Se Puede Omitir El Relative Pronoun \u00a1Hola a todos! Soy Ana Gonz\u00e1lez y hoy quiero hablar sobre una de las preguntas m\u00e1s comunes que recibo: \u00bfcu\u00e1ndo se puede omitir el relative pronoun en espa\u00f1ol? Curiosidades e informaci\u00f3n interesante El relative pronoun es una palabra que conecta dos frases o cl\u00e1usulas, como que, quien o\" \/>\n\t\t<script type=\"application\/ld+json\" class=\"aioseo-schema\">\n\t\t\t{\"@context\":\"https:\\\/\\\/schema.org\",\"@graph\":[{\"@type\":\"BlogPosting\",\"@id\":\"https:\\\/\\\/dudasytextos.com\\\/se-puede\\\/__trashed-182\\\/#blogposting\",\"name\":\"Cuando se puede omitir el relative pronoun (2026) \\u00bfSe Puede?\",\"headline\":\"Cuando se puede omitir el relative pronoun\",\"author\":{\"@id\":\"https:\\\/\\\/dudasytextos.com\\\/se-puede\\\/author\\\/admin23\\\/#author\"},\"publisher\":{\"@id\":\"https:\\\/\\\/dudasytextos.com\\\/se-puede\\\/#organization\"},\"datePublished\":\"2025-02-15T15:23:43+00:00\",\"dateModified\":\"2025-03-13T07:58:30+00:00\",\"inLanguage\":\"es-ES\",\"mainEntityOfPage\":{\"@id\":\"https:\\\/\\\/dudasytextos.com\\\/se-puede\\\/__trashed-182\\\/#webpage\"},\"isPartOf\":{\"@id\":\"https:\\\/\\\/dudasytextos.com\\\/se-puede\\\/__trashed-182\\\/#webpage\"},\"articleSection\":\"\\u00bfSe puede?\"},{\"@type\":\"BreadcrumbList\",\"@id\":\"https:\\\/\\\/dudasytextos.com\\\/se-puede\\\/__trashed-182\\\/#breadcrumblist\",\"itemListElement\":[{\"@type\":\"ListItem\",\"@id\":\"https:\\\/\\\/dudasytextos.com\\\/se-puede#listItem\",\"position\":1,\"name\":\"Home\",\"item\":\"https:\\\/\\\/dudasytextos.com\\\/se-puede\",\"nextItem\":{\"@type\":\"ListItem\",\"@id\":\"https:\\\/\\\/dudasytextos.com\\\/se-puede\\\/category\\\/se-puede\\\/#listItem\",\"name\":\"\\u00bfSe puede?\"}},{\"@type\":\"ListItem\",\"@id\":\"https:\\\/\\\/dudasytextos.com\\\/se-puede\\\/category\\\/se-puede\\\/#listItem\",\"position\":2,\"name\":\"\\u00bfSe puede?\",\"item\":\"https:\\\/\\\/dudasytextos.com\\\/se-puede\\\/category\\\/se-puede\\\/\",\"nextItem\":{\"@type\":\"ListItem\",\"@id\":\"https:\\\/\\\/dudasytextos.com\\\/se-puede\\\/__trashed-182\\\/#listItem\",\"name\":\"Cuando se puede omitir el relative pronoun\"},\"previousItem\":{\"@type\":\"ListItem\",\"@id\":\"https:\\\/\\\/dudasytextos.com\\\/se-puede#listItem\",\"name\":\"Home\"}},{\"@type\":\"ListItem\",\"@id\":\"https:\\\/\\\/dudasytextos.com\\\/se-puede\\\/__trashed-182\\\/#listItem\",\"position\":3,\"name\":\"Cuando se puede omitir el relative pronoun\",\"previousItem\":{\"@type\":\"ListItem\",\"@id\":\"https:\\\/\\\/dudasytextos.com\\\/se-puede\\\/category\\\/se-puede\\\/#listItem\",\"name\":\"\\u00bfSe puede?\"}}]},{\"@type\":\"Organization\",\"@id\":\"https:\\\/\\\/dudasytextos.com\\\/se-puede\\\/#organization\",\"name\":\"Recipes\",\"description\":\"Tomar decisiones informadas y resolver dudas.\",\"url\":\"https:\\\/\\\/dudasytextos.com\\\/se-puede\\\/\"},{\"@type\":\"Person\",\"@id\":\"https:\\\/\\\/dudasytextos.com\\\/se-puede\\\/author\\\/admin23\\\/#author\",\"url\":\"https:\\\/\\\/dudasytextos.com\\\/se-puede\\\/author\\\/admin23\\\/\",\"name\":\"Ana Gonz\\u00e1lez\"},{\"@type\":\"WebPage\",\"@id\":\"https:\\\/\\\/dudasytextos.com\\\/se-puede\\\/__trashed-182\\\/#webpage\",\"url\":\"https:\\\/\\\/dudasytextos.com\\\/se-puede\\\/__trashed-182\\\/\",\"name\":\"Cuando se puede omitir el relative pronoun (2026) \\u00bfSe Puede?\",\"description\":\"Cuando Se Puede Omitir El Relative Pronoun \\u00a1Hola a todos! Soy Ana Gonz\\u00e1lez y hoy quiero hablar sobre una de las preguntas m\\u00e1s comunes que recibo: \\u00bfcu\\u00e1ndo se puede omitir el relative pronoun en espa\\u00f1ol? Curiosidades e informaci\\u00f3n interesante El relative pronoun es una palabra que conecta dos frases o cl\\u00e1usulas, como que, quien o\",\"inLanguage\":\"es-ES\",\"isPartOf\":{\"@id\":\"https:\\\/\\\/dudasytextos.com\\\/se-puede\\\/#website\"},\"breadcrumb\":{\"@id\":\"https:\\\/\\\/dudasytextos.com\\\/se-puede\\\/__trashed-182\\\/#breadcrumblist\"},\"author\":{\"@id\":\"https:\\\/\\\/dudasytextos.com\\\/se-puede\\\/author\\\/admin23\\\/#author\"},\"creator\":{\"@id\":\"https:\\\/\\\/dudasytextos.com\\\/se-puede\\\/author\\\/admin23\\\/#author\"},\"datePublished\":\"2025-02-15T15:23:43+00:00\",\"dateModified\":\"2025-03-13T07:58:30+00:00\"},{\"@type\":\"WebSite\",\"@id\":\"https:\\\/\\\/dudasytextos.com\\\/se-puede\\\/#website\",\"url\":\"https:\\\/\\\/dudasytextos.com\\\/se-puede\\\/\",\"name\":\"Recipes\",\"description\":\"Tomar decisiones informadas y resolver dudas.\",\"inLanguage\":\"es-ES\",\"publisher\":{\"@id\":\"https:\\\/\\\/dudasytextos.com\\\/se-puede\\\/#organization\"}}]}\n\t\t<\/script>\n\t\t<!-- All in One SEO -->\n\n","aioseo_head_json":{"title":"Cuando se puede omitir el relative pronoun (2026) \u00bfSe Puede?","description":"Cuando Se Puede Omitir El Relative Pronoun \u00a1Hola a todos! Soy Ana Gonz\u00e1lez y hoy quiero hablar sobre una de las preguntas m\u00e1s comunes que recibo: \u00bfcu\u00e1ndo se puede omitir el relative pronoun en espa\u00f1ol? Curiosidades e informaci\u00f3n interesante El relative pronoun es una palabra que conecta dos frases o cl\u00e1usulas, como que, quien o","canonical_url":"https:\/\/dudasytextos.com\/se-puede\/__trashed-182\/","robots":"max-snippet:-1, max-image-preview:large, max-video-preview:-1","keywords":"","webmasterTools":{"miscellaneous":"&lt;script async src=\"https:\/\/pagead2.googlesyndication.com\/pagead\/js\/adsbygoogle.js?client=ca-pub-3987500858204711\"\n     crossorigin=\"anonymous\"&gt;&lt;\/script&gt;\n&lt;!-- Google tag (gtag.js) --&gt;\n&lt;script async src=\"https:\/\/www.googletagmanager.com\/gtag\/js?id=G-TYJ2FRZ8ZF\"&gt;&lt;\/script&gt;\n&lt;script&gt;\n  window.dataLayer = window.dataLayer || [];\n  function gtag(){dataLayer.push(arguments);}\n  gtag('js', new Date());\n\n  gtag('config', 'G-TYJ2FRZ8ZF');\n&lt;\/script&gt;"},"schema":{"@context":"https:\/\/schema.org","@graph":[{"@type":"BlogPosting","@id":"https:\/\/dudasytextos.com\/se-puede\/__trashed-182\/#blogposting","name":"Cuando se puede omitir el relative pronoun (2026) \u00bfSe Puede?","headline":"Cuando se puede omitir el relative pronoun","author":{"@id":"https:\/\/dudasytextos.com\/se-puede\/author\/admin23\/#author"},"publisher":{"@id":"https:\/\/dudasytextos.com\/se-puede\/#organization"},"datePublished":"2025-02-15T15:23:43+00:00","dateModified":"2025-03-13T07:58:30+00:00","inLanguage":"es-ES","mainEntityOfPage":{"@id":"https:\/\/dudasytextos.com\/se-puede\/__trashed-182\/#webpage"},"isPartOf":{"@id":"https:\/\/dudasytextos.com\/se-puede\/__trashed-182\/#webpage"},"articleSection":"\u00bfSe puede?"},{"@type":"BreadcrumbList","@id":"https:\/\/dudasytextos.com\/se-puede\/__trashed-182\/#breadcrumblist","itemListElement":[{"@type":"ListItem","@id":"https:\/\/dudasytextos.com\/se-puede#listItem","position":1,"name":"Home","item":"https:\/\/dudasytextos.com\/se-puede","nextItem":{"@type":"ListItem","@id":"https:\/\/dudasytextos.com\/se-puede\/category\/se-puede\/#listItem","name":"\u00bfSe puede?"}},{"@type":"ListItem","@id":"https:\/\/dudasytextos.com\/se-puede\/category\/se-puede\/#listItem","position":2,"name":"\u00bfSe puede?","item":"https:\/\/dudasytextos.com\/se-puede\/category\/se-puede\/","nextItem":{"@type":"ListItem","@id":"https:\/\/dudasytextos.com\/se-puede\/__trashed-182\/#listItem","name":"Cuando se puede omitir el relative pronoun"},"previousItem":{"@type":"ListItem","@id":"https:\/\/dudasytextos.com\/se-puede#listItem","name":"Home"}},{"@type":"ListItem","@id":"https:\/\/dudasytextos.com\/se-puede\/__trashed-182\/#listItem","position":3,"name":"Cuando se puede omitir el relative pronoun","previousItem":{"@type":"ListItem","@id":"https:\/\/dudasytextos.com\/se-puede\/category\/se-puede\/#listItem","name":"\u00bfSe puede?"}}]},{"@type":"Organization","@id":"https:\/\/dudasytextos.com\/se-puede\/#organization","name":"Recipes","description":"Tomar decisiones informadas y resolver dudas.","url":"https:\/\/dudasytextos.com\/se-puede\/"},{"@type":"Person","@id":"https:\/\/dudasytextos.com\/se-puede\/author\/admin23\/#author","url":"https:\/\/dudasytextos.com\/se-puede\/author\/admin23\/","name":"Ana Gonz\u00e1lez"},{"@type":"WebPage","@id":"https:\/\/dudasytextos.com\/se-puede\/__trashed-182\/#webpage","url":"https:\/\/dudasytextos.com\/se-puede\/__trashed-182\/","name":"Cuando se puede omitir el relative pronoun (2026) \u00bfSe Puede?","description":"Cuando Se Puede Omitir El Relative Pronoun \u00a1Hola a todos! Soy Ana Gonz\u00e1lez y hoy quiero hablar sobre una de las preguntas m\u00e1s comunes que recibo: \u00bfcu\u00e1ndo se puede omitir el relative pronoun en espa\u00f1ol? Curiosidades e informaci\u00f3n interesante El relative pronoun es una palabra que conecta dos frases o cl\u00e1usulas, como que, quien o","inLanguage":"es-ES","isPartOf":{"@id":"https:\/\/dudasytextos.com\/se-puede\/#website"},"breadcrumb":{"@id":"https:\/\/dudasytextos.com\/se-puede\/__trashed-182\/#breadcrumblist"},"author":{"@id":"https:\/\/dudasytextos.com\/se-puede\/author\/admin23\/#author"},"creator":{"@id":"https:\/\/dudasytextos.com\/se-puede\/author\/admin23\/#author"},"datePublished":"2025-02-15T15:23:43+00:00","dateModified":"2025-03-13T07:58:30+00:00"},{"@type":"WebSite","@id":"https:\/\/dudasytextos.com\/se-puede\/#website","url":"https:\/\/dudasytextos.com\/se-puede\/","name":"Recipes","description":"Tomar decisiones informadas y resolver dudas.","inLanguage":"es-ES","publisher":{"@id":"https:\/\/dudasytextos.com\/se-puede\/#organization"}}]},"og:locale":"es_ES","og:site_name":"\u00bfSe Puede? - Tomar decisiones informadas y resolver dudas.","og:type":"article","og:title":"Cuando se puede omitir el relative pronoun (2026) \u00bfSe Puede?","og:description":"Cuando Se Puede Omitir El Relative Pronoun \u00a1Hola a todos! Soy Ana Gonz\u00e1lez y hoy quiero hablar sobre una de las preguntas m\u00e1s comunes que recibo: \u00bfcu\u00e1ndo se puede omitir el relative pronoun en espa\u00f1ol? Curiosidades e informaci\u00f3n interesante El relative pronoun es una palabra que conecta dos frases o cl\u00e1usulas, como que, quien o","og:url":"https:\/\/dudasytextos.com\/se-puede\/__trashed-182\/","article:published_time":"2025-02-15T15:23:43+00:00","article:modified_time":"2025-03-13T07:58:30+00:00","twitter:card":"summary_large_image","twitter:title":"Cuando se puede omitir el relative pronoun (2026) \u00bfSe Puede?","twitter:description":"Cuando Se Puede Omitir El Relative Pronoun \u00a1Hola a todos! Soy Ana Gonz\u00e1lez y hoy quiero hablar sobre una de las preguntas m\u00e1s comunes que recibo: \u00bfcu\u00e1ndo se puede omitir el relative pronoun en espa\u00f1ol? Curiosidades e informaci\u00f3n interesante El relative pronoun es una palabra que conecta dos frases o cl\u00e1usulas, como que, quien o"},"aioseo_meta_data":{"post_id":"131632","title":null,"description":null,"keywords":null,"keyphrases":null,"primary_term":null,"canonical_url":null,"og_title":null,"og_description":null,"og_object_type":"default","og_image_type":"default","og_image_url":null,"og_image_width":null,"og_image_height":null,"og_image_custom_url":null,"og_image_custom_fields":null,"og_video":null,"og_custom_url":null,"og_article_section":null,"og_article_tags":null,"twitter_use_og":false,"twitter_card":"default","twitter_image_type":"default","twitter_image_url":null,"twitter_image_custom_url":null,"twitter_image_custom_fields":null,"twitter_title":null,"twitter_description":null,"schema":{"blockGraphs":[],"customGraphs":[],"default":{"data":{"Article":[],"Course":[],"Dataset":[],"FAQPage":[],"Movie":[],"Person":[],"Product":[],"ProductReview":[],"Car":[],"Recipe":[],"Service":[],"SoftwareApplication":[],"WebPage":[]},"graphName":"","isEnabled":true},"graphs":[]},"schema_type":"default","schema_type_options":null,"pillar_content":false,"robots_default":true,"robots_noindex":false,"robots_noarchive":false,"robots_nosnippet":false,"robots_nofollow":false,"robots_noimageindex":false,"robots_noodp":false,"robots_notranslate":false,"robots_max_snippet":null,"robots_max_videopreview":null,"robots_max_imagepreview":"large","priority":null,"frequency":null,"local_seo":null,"breadcrumb_settings":null,"limit_modified_date":false,"ai":null,"created":"2023-05-04 05:23:09","updated":"2025-03-13 14:20:56","seo_analyzer_scan_date":null,"focus_keyword":null,"additional_keywords":null,"truseo_locale":null},"aioseo_breadcrumb":"<div class=\"aioseo-breadcrumbs\"><span class=\"aioseo-breadcrumb\">\n\t\t\t<a href=\"https:\/\/dudasytextos.com\/se-puede\" title=\"Home\">Home<\/a>\n\t\t<\/span><span class=\"aioseo-breadcrumb-separator\">&raquo;<\/span><span class=\"aioseo-breadcrumb\">\n\t\t\t<a href=\"https:\/\/dudasytextos.com\/se-puede\/category\/se-puede\/\" title=\"\u00bfSe puede?\">\u00bfSe puede?<\/a>\n\t\t<\/span><span class=\"aioseo-breadcrumb-separator\">&raquo;<\/span><span class=\"aioseo-breadcrumb\">\n\t\t\tCuando se puede omitir el relative pronoun\n\t\t<\/span><\/div>","aioseo_breadcrumb_json":[{"label":"Home","link":"https:\/\/dudasytextos.com\/se-puede"},{"label":"\u00bfSe puede?","link":"https:\/\/dudasytextos.com\/se-puede\/category\/se-puede\/"},{"label":"Cuando se puede omitir el relative pronoun","link":"https:\/\/dudasytextos.com\/se-puede\/__trashed-182\/"}],"_links":{"self":[{"href":"https:\/\/dudasytextos.com\/se-puede\/wp-json\/wp\/v2\/posts\/131632","targetHints":{"allow":["GET"]}}],"collection":[{"href":"https:\/\/dudasytextos.com\/se-puede\/wp-json\/wp\/v2\/posts"}],"about":[{"href":"https:\/\/dudasytextos.com\/se-puede\/wp-json\/wp\/v2\/types\/post"}],"author":[{"embeddable":true,"href":"https:\/\/dudasytextos.com\/se-puede\/wp-json\/wp\/v2\/users\/1"}],"replies":[{"embeddable":true,"href":"https:\/\/dudasytextos.com\/se-puede\/wp-json\/wp\/v2\/comments?post=131632"}],"version-history":[{"count":1,"href":"https:\/\/dudasytextos.com\/se-puede\/wp-json\/wp\/v2\/posts\/131632\/revisions"}],"predecessor-version":[{"id":137595,"href":"https:\/\/dudasytextos.com\/se-puede\/wp-json\/wp\/v2\/posts\/131632\/revisions\/137595"}],"wp:attachment":[{"href":"https:\/\/dudasytextos.com\/se-puede\/wp-json\/wp\/v2\/media?parent=131632"}],"wp:term":[{"taxonomy":"category","embeddable":true,"href":"https:\/\/dudasytextos.com\/se-puede\/wp-json\/wp\/v2\/categories?post=131632"},{"taxonomy":"post_tag","embeddable":true,"href":"https:\/\/dudasytextos.com\/se-puede\/wp-json\/wp\/v2\/tags?post=131632"}],"curies":[{"name":"wp","href":"https:\/\/api.w.org\/{rel}","templated":true}]}}