{"id":131882,"date":"2025-02-16T09:17:56","date_gmt":"2025-02-16T09:17:56","guid":{"rendered":"https:\/\/educacion.cc\/?p=131882"},"modified":"2025-03-12T23:11:24","modified_gmt":"2025-03-12T23:11:24","slug":"se-puede-elegir-el-irpf-de-la-nomina","status":"publish","type":"post","link":"https:\/\/dudasytextos.com\/se-puede\/se-puede-elegir-el-irpf-de-la-nomina\/","title":{"rendered":"Se puede elegir el irpf de la nomina"},"content":{"rendered":"<div id=\"ez-toc-container\" class=\"ez-toc-v2_0_87 counter-hierarchy ez-toc-counter ez-toc-custom ez-toc-container-direction\">\n<div class=\"ez-toc-title-container\">\n<span class=\"ez-toc-title-toggle\"><\/span><\/div>\n<nav><ul class='ez-toc-list ez-toc-list-level-1 ' ><li class='ez-toc-page-1 ez-toc-heading-level-2'><a class=\"ez-toc-link ez-toc-heading-1\" href=\"https:\/\/dudasytextos.com\/se-puede\/se-puede-elegir-el-irpf-de-la-nomina\/#%C2%BFSe_puede_elegir_el_IRPF_de_la_nomina\" >\u00bfSe puede elegir el IRPF de la n\u00f3mina?<\/a><\/li><li class='ez-toc-page-1 ez-toc-heading-level-2'><a class=\"ez-toc-link ez-toc-heading-2\" href=\"https:\/\/dudasytextos.com\/se-puede\/se-puede-elegir-el-irpf-de-la-nomina\/#Curiosidades_sobre_el_IRPF_de_la_nomina\" >Curiosidades sobre el IRPF de la n\u00f3mina<\/a><\/li><li class='ez-toc-page-1 ez-toc-heading-level-2'><a class=\"ez-toc-link ez-toc-heading-3\" href=\"https:\/\/dudasytextos.com\/se-puede\/se-puede-elegir-el-irpf-de-la-nomina\/#%C2%BFComo_se_calcula_el_IRPF_de_la_nomina\" >\u00bfC\u00f3mo se calcula el IRPF de la n\u00f3mina?<\/a><\/li><li class='ez-toc-page-1 ez-toc-heading-level-2'><a class=\"ez-toc-link ez-toc-heading-4\" href=\"https:\/\/dudasytextos.com\/se-puede\/se-puede-elegir-el-irpf-de-la-nomina\/#%C2%BFSe_puede_elegir_el_tipo_de_IRPF_de_la_nomina\" >\u00bfSe puede elegir el tipo de IRPF de la n\u00f3mina?<\/a><\/li><li class='ez-toc-page-1 ez-toc-heading-level-2'><a class=\"ez-toc-link ez-toc-heading-5\" href=\"https:\/\/dudasytextos.com\/se-puede\/se-puede-elegir-el-irpf-de-la-nomina\/#%C2%BFPor_que_elegir_el_tipo_de_IRPF_de_la_nomina\" >\u00bfPor qu\u00e9 elegir el tipo de IRPF de la n\u00f3mina?<\/a><\/li><li class='ez-toc-page-1 ez-toc-heading-level-2'><a class=\"ez-toc-link ez-toc-heading-6\" href=\"https:\/\/dudasytextos.com\/se-puede\/se-puede-elegir-el-irpf-de-la-nomina\/#Preguntas_frecuentes\" >Preguntas frecuentes<\/a><ul class='ez-toc-list-level-3' ><li class='ez-toc-heading-level-3'><a class=\"ez-toc-link ez-toc-heading-7\" href=\"https:\/\/dudasytextos.com\/se-puede\/se-puede-elegir-el-irpf-de-la-nomina\/#%C2%BFPuedo_cambiar_el_tipo_de_IRPF_de_la_nomina_en_cualquier_momento\" >\u00bfPuedo cambiar el tipo de IRPF de la n\u00f3mina en cualquier momento?<\/a><\/li><li class='ez-toc-page-1 ez-toc-heading-level-3'><a class=\"ez-toc-link ez-toc-heading-8\" href=\"https:\/\/dudasytextos.com\/se-puede\/se-puede-elegir-el-irpf-de-la-nomina\/#%C2%BFComo_se_cual_es_el_tipo_de_IRPF_que_me_corresponde\" >\u00bfC\u00f3mo s\u00e9 cu\u00e1l es el tipo de IRPF que me corresponde?<\/a><\/li><li class='ez-toc-page-1 ez-toc-heading-level-3'><a class=\"ez-toc-link ez-toc-heading-9\" href=\"https:\/\/dudasytextos.com\/se-puede\/se-puede-elegir-el-irpf-de-la-nomina\/#%C2%BFQue_pasa_si_elijo_un_tipo_de_IRPF_menor_al_que_me_corresponde\" >\u00bfQu\u00e9 pasa si elijo un tipo de IRPF menor al que me corresponde?<\/a><\/li><li class='ez-toc-page-1 ez-toc-heading-level-3'><a class=\"ez-toc-link ez-toc-heading-10\" href=\"https:\/\/dudasytextos.com\/se-puede\/se-puede-elegir-el-irpf-de-la-nomina\/#%C2%BFQue_pasa_si_elijo_un_tipo_de_IRPF_mayor_al_que_me_corresponde\" >\u00bfQu\u00e9 pasa si elijo un tipo de IRPF mayor al que me corresponde?<\/a><\/li><\/ul><\/li><\/ul><\/nav><\/div>\n<h2><span class=\"ez-toc-section\" id=\"%C2%BFSe_puede_elegir_el_IRPF_de_la_nomina\"><\/span>\u00bfSe puede elegir el IRPF de la n\u00f3mina?<span class=\"ez-toc-section-end\"><\/span><\/h2>\n<p>\u00a1Hola! Soy Ana Gonz\u00e1lez y en este art\u00edculo te voy a hablar sobre <a href=\"https:\/\/dudasytextos.com\/se-puede\/se-puede-hacer-escalera-en-el-uno\/\">uno<\/a> de los temas m\u00e1s consultados a la hora de hacer la declaraci\u00f3n de la renta: \u00bfse puede elegir el IRPF de la n\u00f3mina? Si quieres saber la respuesta a esta pregunta y toda la informaci\u00f3n relevante al respecto, sigue leyendo.<\/p>\n<section>\n<h2><span class=\"ez-toc-section\" id=\"Curiosidades_sobre_el_IRPF_de_la_nomina\"><\/span>Curiosidades sobre el IRPF de la n\u00f3mina<span class=\"ez-toc-section-end\"><\/span><\/h2>\n<ul>\n<li>El IRPF es el impuesto sobre la renta de las personas f\u00edsicas.<\/li>\n<li>Es un impuesto progresivo, lo que significa que cuanto m\u00e1s ganas, m\u00e1s impuestos pagas.<\/li>\n<li>El IRPF se aplica sobre los ingresos tributables, es decir, aquellos que no est\u00e1n exentos de impuestos.<\/li>\n<li>El tipo de IRPF que se aplica a tu n\u00f3mina depende de tu situaci\u00f3n personal y laboral.<\/li>\n<li>La Agencia Tributaria permite que los contribuyentes puedan modificar el tipo de IRPF a aplicar en su n\u00f3mina.<\/li>\n<\/ul>\n<\/section>\n<section>\n<h2><span class=\"ez-toc-section\" id=\"%C2%BFComo_se_calcula_el_IRPF_de_la_nomina\"><\/span>\u00bfC\u00f3mo se calcula el IRPF de la n\u00f3mina?<span class=\"ez-toc-section-end\"><\/span><\/h2>\n<p>El c\u00e1lculo del IRPF de la n\u00f3mina es un proceso complejo que depende de varios factores, como el salario bruto, las retenciones previas, las deducciones a las que se tenga derecho, etc. A grandes rasgos, se puede decir que el IRPF se calcula aplicando una escala progresiva de tipos impositivos sobre la base liquidable del contribuyente.<\/p>\n<p>El tipo de IRPF que se aplica a tu n\u00f3mina depende de tu situaci\u00f3n personal y laboral. Por ejemplo, los trabajadores con cargas familiares tienen derecho a aplicar un tipo de IRPF menor que los que no tienen. Tambi\u00e9n existen deducciones a las que se puede tener derecho en funci\u00f3n de la situaci\u00f3n personal.<\/p>\n<\/section>\n<section>\n<h2><span class=\"ez-toc-section\" id=\"%C2%BFSe_puede_elegir_el_tipo_de_IRPF_de_la_nomina\"><\/span>\u00bfSe puede elegir el tipo de IRPF de la n\u00f3mina?<span class=\"ez-toc-section-end\"><\/span><\/h2>\n<p>S\u00ed, es posible elegir el tipo de IRPF que se aplica a tu n\u00f3mina. La Agencia Tributaria permite que los contribuyentes puedan modificar el tipo de IRPF a aplicar en su n\u00f3mina a trav\u00e9s del modelo 145. Este modelo se puede presentar a la empresa en la que se trabaja para que esta aplique el tipo de IRPF solicitado en la n\u00f3mina.<\/p>\n<p>Es importante tener en cuenta que el tipo de IRPF que se elige en la n\u00f3mina no es definitivo. Al hacer la declaraci\u00f3n de la renta, se regulariza la situaci\u00f3n y se ajustan las retenciones realizadas en la n\u00f3mina. Si el tipo de IRPF elegido en la n\u00f3mina es inferior al que corresponde, se deber\u00e1 pagar la diferencia en la declaraci\u00f3n de la renta. Si es superior, se podr\u00e1 solicitar la devoluci\u00f3n correspondiente.<\/p>\n<\/section>\n<section>\n<h2><span class=\"ez-toc-section\" id=\"%C2%BFPor_que_elegir_el_tipo_de_IRPF_de_la_nomina\"><\/span>\u00bfPor qu\u00e9 elegir el tipo de IRPF de la n\u00f3mina?<span class=\"ez-toc-section-end\"><\/span><\/h2>\n<p>La elecci\u00f3n del tipo de IRPF de la n\u00f3mina puede ser interesante en determinadas situaciones. Por ejemplo, si se prev\u00e9 que los ingresos del a\u00f1o van a ser inferiores a los del a\u00f1o anterior, puede ser interesante elegir un tipo de IRPF menor para no tener que hacer frente a una gran cantidad de impuestos en la declaraci\u00f3n de la renta.<\/p>\n<p>Por otro lado, si se espera tener ingresos superiores al a\u00f1o anterior, puede ser interesante elegir un tipo de IRPF mayor para evitar tener que pagar una gran cantidad de impuestos en la declaraci\u00f3n de la renta y evitar posibles recargos.<\/p>\n<\/section>\n<section>\n<h2><span class=\"ez-toc-section\" id=\"Preguntas_frecuentes\"><\/span>Preguntas frecuentes<span class=\"ez-toc-section-end\"><\/span><\/h2>\n<h3><span class=\"ez-toc-section\" id=\"%C2%BFPuedo_cambiar_el_tipo_de_IRPF_de_la_nomina_en_cualquier_momento\"><\/span>\u00bfPuedo cambiar el tipo de IRPF de la n\u00f3mina en cualquier momento?<span class=\"ez-toc-section-end\"><\/span><\/h3>\n<p>No, solo se puede cambiar el tipo de IRPF de la n\u00f3mina una vez al a\u00f1o, salvo en determinadas situaciones excepcionales.<\/p>\n<h3><span class=\"ez-toc-section\" id=\"%C2%BFComo_se_cual_es_el_tipo_de_IRPF_que_me_corresponde\"><\/span>\u00bfC\u00f3mo s\u00e9 cu\u00e1l es el tipo de IRPF que me corresponde?<span class=\"ez-toc-section-end\"><\/span><\/h3>\n<p>El tipo de IRPF que te corresponde depende de tu situaci\u00f3n personal y laboral. Puedes consultar el tipo de IRPF que te corresponde en el simulador de la Agencia Tributaria.<\/p>\n<h3><span class=\"ez-toc-section\" id=\"%C2%BFQue_pasa_si_elijo_un_tipo_de_IRPF_menor_al_que_me_corresponde\"><\/span>\u00bfQu\u00e9 pasa si elijo un tipo de IRPF menor al que me corresponde?<span class=\"ez-toc-section-end\"><\/span><\/h3>\n<p>Si el tipo de IRPF elegido en la n\u00f3mina es inferior al que corresponde, se deber\u00e1 pagar la diferencia en la declaraci\u00f3n de la renta.<\/p>\n<h3><span class=\"ez-toc-section\" id=\"%C2%BFQue_pasa_si_elijo_un_tipo_de_IRPF_mayor_al_que_me_corresponde\"><\/span>\u00bfQu\u00e9 pasa si elijo un tipo de IRPF mayor al que me corresponde?<span class=\"ez-toc-section-end\"><\/span><\/h3>\n<p>Si el tipo de IRPF elegido en la n\u00f3mina es superior al que corresponde, se podr\u00e1 solicitar la devoluci\u00f3n correspondiente en la declaraci\u00f3n de la renta.<\/p>\n<\/section>\n<footer>\n<p>Espero que te haya sido \u00fatil esta informaci\u00f3n sobre si se puede elegir el IRPF de la n\u00f3mina. Si tienes alguna otra pregunta o comentario, no dudes en dejarlo en los comentarios.<\/p>\n<\/footer>\n","protected":false},"excerpt":{"rendered":"<p>\u00bfSe puede elegir el IRPF de la n\u00f3mina? \u00a1Hola! Soy Ana Gonz\u00e1lez y en este art\u00edculo te voy a hablar sobre uno de los temas m\u00e1s consultados a la hora de hacer la declaraci\u00f3n de la renta: \u00bfse puede elegir el IRPF de la n\u00f3mina? Si quieres saber la respuesta a esta pregunta y toda &#8230; <a title=\"Se puede elegir el irpf de la nomina\" class=\"read-more\" href=\"https:\/\/dudasytextos.com\/se-puede\/se-puede-elegir-el-irpf-de-la-nomina\/\" aria-label=\"M\u00e1s en Se puede elegir el irpf de la nomina\">Leer m\u00e1s<\/a><\/p>\n","protected":false},"author":1,"featured_media":0,"comment_status":"open","ping_status":"open","sticky":false,"template":"","format":"standard","meta":{"footnotes":""},"categories":[3],"tags":[],"class_list":["post-131882","post","type-post","status-publish","format-standard","hentry","category-se-puede"],"aioseo_notices":[],"aioseo_head":"\n\t\t<!-- All in One SEO 5.0.1.1 - aioseo.com -->\n\t<meta name=\"description\" content=\"\u00bfSe puede elegir el IRPF de la n\u00f3mina? \u00a1Hola! Soy Ana Gonz\u00e1lez y en este art\u00edculo te voy a hablar sobre uno de los temas m\u00e1s consultados a la hora de hacer la declaraci\u00f3n de la renta: \u00bfse puede elegir el IRPF de la n\u00f3mina? Si quieres saber la respuesta a esta pregunta y toda\" \/>\n\t<meta name=\"robots\" content=\"max-snippet:-1, max-image-preview:large, max-video-preview:-1\" \/>\n\t<meta name=\"author\" content=\"Ana Gonz\u00e1lez\"\/>\n\t<link rel=\"canonical\" href=\"https:\/\/dudasytextos.com\/se-puede\/se-puede-elegir-el-irpf-de-la-nomina\/\" \/>\n\t<meta name=\"generator\" content=\"All in One SEO (AIOSEO) 5.0.1.1\" \/>\n\n\t\t<script async src=\"https:\/\/pagead2.googlesyndication.com\/pagead\/js\/adsbygoogle.js?client=ca-pub-3987500858204711\"\n     crossorigin=\"anonymous\"><\/script>\n<!-- Google tag (gtag.js) -->\n<script async src=\"https:\/\/www.googletagmanager.com\/gtag\/js?id=G-TYJ2FRZ8ZF\"><\/script>\n<script>\n  window.dataLayer = window.dataLayer || [];\n  function gtag(){dataLayer.push(arguments);}\n  gtag('js', new Date());\n\n  gtag('config', 'G-TYJ2FRZ8ZF');\n<\/script>\n\t\t<meta property=\"og:locale\" content=\"es_ES\" \/>\n\t\t<meta property=\"og:site_name\" content=\"\u00bfSe Puede? - Tomar decisiones informadas y resolver dudas.\" \/>\n\t\t<meta property=\"og:type\" content=\"article\" \/>\n\t\t<meta property=\"og:title\" content=\"Se puede elegir el irpf de la nomina (2026) \u00bfSe Puede?\" \/>\n\t\t<meta property=\"og:description\" content=\"\u00bfSe puede elegir el IRPF de la n\u00f3mina? \u00a1Hola! Soy Ana Gonz\u00e1lez y en este art\u00edculo te voy a hablar sobre uno de los temas m\u00e1s consultados a la hora de hacer la declaraci\u00f3n de la renta: \u00bfse puede elegir el IRPF de la n\u00f3mina? Si quieres saber la respuesta a esta pregunta y toda\" \/>\n\t\t<meta property=\"og:url\" content=\"https:\/\/dudasytextos.com\/se-puede\/se-puede-elegir-el-irpf-de-la-nomina\/\" \/>\n\t\t<meta property=\"article:published_time\" content=\"2025-02-16T09:17:56+00:00\" \/>\n\t\t<meta property=\"article:modified_time\" content=\"2025-03-12T23:11:24+00:00\" \/>\n\t\t<meta name=\"twitter:card\" content=\"summary_large_image\" \/>\n\t\t<meta name=\"twitter:title\" content=\"Se puede elegir el irpf de la nomina (2026) \u00bfSe Puede?\" \/>\n\t\t<meta name=\"twitter:description\" content=\"\u00bfSe puede elegir el IRPF de la n\u00f3mina? \u00a1Hola! Soy Ana Gonz\u00e1lez y en este art\u00edculo te voy a hablar sobre uno de los temas m\u00e1s consultados a la hora de hacer la declaraci\u00f3n de la renta: \u00bfse puede elegir el IRPF de la n\u00f3mina? Si quieres saber la respuesta a esta pregunta y toda\" \/>\n\t\t<script type=\"application\/ld+json\" class=\"aioseo-schema\">\n\t\t\t{\"@context\":\"https:\\\/\\\/schema.org\",\"@graph\":[{\"@type\":\"BlogPosting\",\"@id\":\"https:\\\/\\\/dudasytextos.com\\\/se-puede\\\/se-puede-elegir-el-irpf-de-la-nomina\\\/#blogposting\",\"name\":\"Se puede elegir el irpf de la nomina (2026) \\u00bfSe Puede?\",\"headline\":\"Se puede elegir el irpf de la nomina\",\"author\":{\"@id\":\"https:\\\/\\\/dudasytextos.com\\\/se-puede\\\/author\\\/admin23\\\/#author\"},\"publisher\":{\"@id\":\"https:\\\/\\\/dudasytextos.com\\\/se-puede\\\/#organization\"},\"datePublished\":\"2025-02-16T09:17:56+00:00\",\"dateModified\":\"2025-03-12T23:11:24+00:00\",\"inLanguage\":\"es-ES\",\"mainEntityOfPage\":{\"@id\":\"https:\\\/\\\/dudasytextos.com\\\/se-puede\\\/se-puede-elegir-el-irpf-de-la-nomina\\\/#webpage\"},\"isPartOf\":{\"@id\":\"https:\\\/\\\/dudasytextos.com\\\/se-puede\\\/se-puede-elegir-el-irpf-de-la-nomina\\\/#webpage\"},\"articleSection\":\"\\u00bfSe puede?\"},{\"@type\":\"BreadcrumbList\",\"@id\":\"https:\\\/\\\/dudasytextos.com\\\/se-puede\\\/se-puede-elegir-el-irpf-de-la-nomina\\\/#breadcrumblist\",\"itemListElement\":[{\"@type\":\"ListItem\",\"@id\":\"https:\\\/\\\/dudasytextos.com\\\/se-puede#listItem\",\"position\":1,\"name\":\"Home\",\"item\":\"https:\\\/\\\/dudasytextos.com\\\/se-puede\",\"nextItem\":{\"@type\":\"ListItem\",\"@id\":\"https:\\\/\\\/dudasytextos.com\\\/se-puede\\\/category\\\/se-puede\\\/#listItem\",\"name\":\"\\u00bfSe puede?\"}},{\"@type\":\"ListItem\",\"@id\":\"https:\\\/\\\/dudasytextos.com\\\/se-puede\\\/category\\\/se-puede\\\/#listItem\",\"position\":2,\"name\":\"\\u00bfSe puede?\",\"item\":\"https:\\\/\\\/dudasytextos.com\\\/se-puede\\\/category\\\/se-puede\\\/\",\"nextItem\":{\"@type\":\"ListItem\",\"@id\":\"https:\\\/\\\/dudasytextos.com\\\/se-puede\\\/se-puede-elegir-el-irpf-de-la-nomina\\\/#listItem\",\"name\":\"Se puede elegir el irpf de la nomina\"},\"previousItem\":{\"@type\":\"ListItem\",\"@id\":\"https:\\\/\\\/dudasytextos.com\\\/se-puede#listItem\",\"name\":\"Home\"}},{\"@type\":\"ListItem\",\"@id\":\"https:\\\/\\\/dudasytextos.com\\\/se-puede\\\/se-puede-elegir-el-irpf-de-la-nomina\\\/#listItem\",\"position\":3,\"name\":\"Se puede elegir el irpf de la nomina\",\"previousItem\":{\"@type\":\"ListItem\",\"@id\":\"https:\\\/\\\/dudasytextos.com\\\/se-puede\\\/category\\\/se-puede\\\/#listItem\",\"name\":\"\\u00bfSe puede?\"}}]},{\"@type\":\"Organization\",\"@id\":\"https:\\\/\\\/dudasytextos.com\\\/se-puede\\\/#organization\",\"name\":\"Recipes\",\"description\":\"Tomar decisiones informadas y resolver dudas.\",\"url\":\"https:\\\/\\\/dudasytextos.com\\\/se-puede\\\/\"},{\"@type\":\"Person\",\"@id\":\"https:\\\/\\\/dudasytextos.com\\\/se-puede\\\/author\\\/admin23\\\/#author\",\"url\":\"https:\\\/\\\/dudasytextos.com\\\/se-puede\\\/author\\\/admin23\\\/\",\"name\":\"Ana Gonz\\u00e1lez\"},{\"@type\":\"WebPage\",\"@id\":\"https:\\\/\\\/dudasytextos.com\\\/se-puede\\\/se-puede-elegir-el-irpf-de-la-nomina\\\/#webpage\",\"url\":\"https:\\\/\\\/dudasytextos.com\\\/se-puede\\\/se-puede-elegir-el-irpf-de-la-nomina\\\/\",\"name\":\"Se puede elegir el irpf de la nomina (2026) \\u00bfSe Puede?\",\"description\":\"\\u00bfSe puede elegir el IRPF de la n\\u00f3mina? \\u00a1Hola! Soy Ana Gonz\\u00e1lez y en este art\\u00edculo te voy a hablar sobre uno de los temas m\\u00e1s consultados a la hora de hacer la declaraci\\u00f3n de la renta: \\u00bfse puede elegir el IRPF de la n\\u00f3mina? Si quieres saber la respuesta a esta pregunta y toda\",\"inLanguage\":\"es-ES\",\"isPartOf\":{\"@id\":\"https:\\\/\\\/dudasytextos.com\\\/se-puede\\\/#website\"},\"breadcrumb\":{\"@id\":\"https:\\\/\\\/dudasytextos.com\\\/se-puede\\\/se-puede-elegir-el-irpf-de-la-nomina\\\/#breadcrumblist\"},\"author\":{\"@id\":\"https:\\\/\\\/dudasytextos.com\\\/se-puede\\\/author\\\/admin23\\\/#author\"},\"creator\":{\"@id\":\"https:\\\/\\\/dudasytextos.com\\\/se-puede\\\/author\\\/admin23\\\/#author\"},\"datePublished\":\"2025-02-16T09:17:56+00:00\",\"dateModified\":\"2025-03-12T23:11:24+00:00\"},{\"@type\":\"WebSite\",\"@id\":\"https:\\\/\\\/dudasytextos.com\\\/se-puede\\\/#website\",\"url\":\"https:\\\/\\\/dudasytextos.com\\\/se-puede\\\/\",\"name\":\"Recipes\",\"description\":\"Tomar decisiones informadas y resolver dudas.\",\"inLanguage\":\"es-ES\",\"publisher\":{\"@id\":\"https:\\\/\\\/dudasytextos.com\\\/se-puede\\\/#organization\"}}]}\n\t\t<\/script>\n\t\t<!-- All in One SEO -->\n\n","aioseo_head_json":{"title":"Se puede elegir el irpf de la nomina (2026) \u00bfSe Puede?","description":"\u00bfSe puede elegir el IRPF de la n\u00f3mina? \u00a1Hola! Soy Ana Gonz\u00e1lez y en este art\u00edculo te voy a hablar sobre uno de los temas m\u00e1s consultados a la hora de hacer la declaraci\u00f3n de la renta: \u00bfse puede elegir el IRPF de la n\u00f3mina? Si quieres saber la respuesta a esta pregunta y toda","canonical_url":"https:\/\/dudasytextos.com\/se-puede\/se-puede-elegir-el-irpf-de-la-nomina\/","robots":"max-snippet:-1, max-image-preview:large, max-video-preview:-1","keywords":"","webmasterTools":{"miscellaneous":"&lt;script async src=\"https:\/\/pagead2.googlesyndication.com\/pagead\/js\/adsbygoogle.js?client=ca-pub-3987500858204711\"\n     crossorigin=\"anonymous\"&gt;&lt;\/script&gt;\n&lt;!-- Google tag (gtag.js) --&gt;\n&lt;script async src=\"https:\/\/www.googletagmanager.com\/gtag\/js?id=G-TYJ2FRZ8ZF\"&gt;&lt;\/script&gt;\n&lt;script&gt;\n  window.dataLayer = window.dataLayer || [];\n  function gtag(){dataLayer.push(arguments);}\n  gtag('js', new Date());\n\n  gtag('config', 'G-TYJ2FRZ8ZF');\n&lt;\/script&gt;"},"schema":{"@context":"https:\/\/schema.org","@graph":[{"@type":"BlogPosting","@id":"https:\/\/dudasytextos.com\/se-puede\/se-puede-elegir-el-irpf-de-la-nomina\/#blogposting","name":"Se puede elegir el irpf de la nomina (2026) \u00bfSe Puede?","headline":"Se puede elegir el irpf de la nomina","author":{"@id":"https:\/\/dudasytextos.com\/se-puede\/author\/admin23\/#author"},"publisher":{"@id":"https:\/\/dudasytextos.com\/se-puede\/#organization"},"datePublished":"2025-02-16T09:17:56+00:00","dateModified":"2025-03-12T23:11:24+00:00","inLanguage":"es-ES","mainEntityOfPage":{"@id":"https:\/\/dudasytextos.com\/se-puede\/se-puede-elegir-el-irpf-de-la-nomina\/#webpage"},"isPartOf":{"@id":"https:\/\/dudasytextos.com\/se-puede\/se-puede-elegir-el-irpf-de-la-nomina\/#webpage"},"articleSection":"\u00bfSe puede?"},{"@type":"BreadcrumbList","@id":"https:\/\/dudasytextos.com\/se-puede\/se-puede-elegir-el-irpf-de-la-nomina\/#breadcrumblist","itemListElement":[{"@type":"ListItem","@id":"https:\/\/dudasytextos.com\/se-puede#listItem","position":1,"name":"Home","item":"https:\/\/dudasytextos.com\/se-puede","nextItem":{"@type":"ListItem","@id":"https:\/\/dudasytextos.com\/se-puede\/category\/se-puede\/#listItem","name":"\u00bfSe puede?"}},{"@type":"ListItem","@id":"https:\/\/dudasytextos.com\/se-puede\/category\/se-puede\/#listItem","position":2,"name":"\u00bfSe puede?","item":"https:\/\/dudasytextos.com\/se-puede\/category\/se-puede\/","nextItem":{"@type":"ListItem","@id":"https:\/\/dudasytextos.com\/se-puede\/se-puede-elegir-el-irpf-de-la-nomina\/#listItem","name":"Se puede elegir el irpf de la nomina"},"previousItem":{"@type":"ListItem","@id":"https:\/\/dudasytextos.com\/se-puede#listItem","name":"Home"}},{"@type":"ListItem","@id":"https:\/\/dudasytextos.com\/se-puede\/se-puede-elegir-el-irpf-de-la-nomina\/#listItem","position":3,"name":"Se puede elegir el irpf de la nomina","previousItem":{"@type":"ListItem","@id":"https:\/\/dudasytextos.com\/se-puede\/category\/se-puede\/#listItem","name":"\u00bfSe puede?"}}]},{"@type":"Organization","@id":"https:\/\/dudasytextos.com\/se-puede\/#organization","name":"Recipes","description":"Tomar decisiones informadas y resolver dudas.","url":"https:\/\/dudasytextos.com\/se-puede\/"},{"@type":"Person","@id":"https:\/\/dudasytextos.com\/se-puede\/author\/admin23\/#author","url":"https:\/\/dudasytextos.com\/se-puede\/author\/admin23\/","name":"Ana Gonz\u00e1lez"},{"@type":"WebPage","@id":"https:\/\/dudasytextos.com\/se-puede\/se-puede-elegir-el-irpf-de-la-nomina\/#webpage","url":"https:\/\/dudasytextos.com\/se-puede\/se-puede-elegir-el-irpf-de-la-nomina\/","name":"Se puede elegir el irpf de la nomina (2026) \u00bfSe Puede?","description":"\u00bfSe puede elegir el IRPF de la n\u00f3mina? \u00a1Hola! Soy Ana Gonz\u00e1lez y en este art\u00edculo te voy a hablar sobre uno de los temas m\u00e1s consultados a la hora de hacer la declaraci\u00f3n de la renta: \u00bfse puede elegir el IRPF de la n\u00f3mina? Si quieres saber la respuesta a esta pregunta y toda","inLanguage":"es-ES","isPartOf":{"@id":"https:\/\/dudasytextos.com\/se-puede\/#website"},"breadcrumb":{"@id":"https:\/\/dudasytextos.com\/se-puede\/se-puede-elegir-el-irpf-de-la-nomina\/#breadcrumblist"},"author":{"@id":"https:\/\/dudasytextos.com\/se-puede\/author\/admin23\/#author"},"creator":{"@id":"https:\/\/dudasytextos.com\/se-puede\/author\/admin23\/#author"},"datePublished":"2025-02-16T09:17:56+00:00","dateModified":"2025-03-12T23:11:24+00:00"},{"@type":"WebSite","@id":"https:\/\/dudasytextos.com\/se-puede\/#website","url":"https:\/\/dudasytextos.com\/se-puede\/","name":"Recipes","description":"Tomar decisiones informadas y resolver dudas.","inLanguage":"es-ES","publisher":{"@id":"https:\/\/dudasytextos.com\/se-puede\/#organization"}}]},"og:locale":"es_ES","og:site_name":"\u00bfSe Puede? - Tomar decisiones informadas y resolver dudas.","og:type":"article","og:title":"Se puede elegir el irpf de la nomina (2026) \u00bfSe Puede?","og:description":"\u00bfSe puede elegir el IRPF de la n\u00f3mina? \u00a1Hola! Soy Ana Gonz\u00e1lez y en este art\u00edculo te voy a hablar sobre uno de los temas m\u00e1s consultados a la hora de hacer la declaraci\u00f3n de la renta: \u00bfse puede elegir el IRPF de la n\u00f3mina? Si quieres saber la respuesta a esta pregunta y toda","og:url":"https:\/\/dudasytextos.com\/se-puede\/se-puede-elegir-el-irpf-de-la-nomina\/","article:published_time":"2025-02-16T09:17:56+00:00","article:modified_time":"2025-03-12T23:11:24+00:00","twitter:card":"summary_large_image","twitter:title":"Se puede elegir el irpf de la nomina (2026) \u00bfSe Puede?","twitter:description":"\u00bfSe puede elegir el IRPF de la n\u00f3mina? \u00a1Hola! Soy Ana Gonz\u00e1lez y en este art\u00edculo te voy a hablar sobre uno de los temas m\u00e1s consultados a la hora de hacer la declaraci\u00f3n de la renta: \u00bfse puede elegir el IRPF de la n\u00f3mina? Si quieres saber la respuesta a esta pregunta y toda"},"aioseo_meta_data":{"post_id":"131882","title":null,"description":null,"keywords":null,"keyphrases":null,"primary_term":null,"canonical_url":null,"og_title":null,"og_description":null,"og_object_type":"default","og_image_type":"default","og_image_url":null,"og_image_width":null,"og_image_height":null,"og_image_custom_url":null,"og_image_custom_fields":null,"og_video":null,"og_custom_url":null,"og_article_section":null,"og_article_tags":null,"twitter_use_og":false,"twitter_card":"default","twitter_image_type":"default","twitter_image_url":null,"twitter_image_custom_url":null,"twitter_image_custom_fields":null,"twitter_title":null,"twitter_description":null,"schema":{"blockGraphs":[],"customGraphs":[],"default":{"data":{"Article":[],"Course":[],"Dataset":[],"FAQPage":[],"Movie":[],"Person":[],"Product":[],"ProductReview":[],"Car":[],"Recipe":[],"Service":[],"SoftwareApplication":[],"WebPage":[]},"graphName":"","isEnabled":true},"graphs":[]},"schema_type":"default","schema_type_options":null,"pillar_content":false,"robots_default":true,"robots_noindex":false,"robots_noarchive":false,"robots_nosnippet":false,"robots_nofollow":false,"robots_noimageindex":false,"robots_noodp":false,"robots_notranslate":false,"robots_max_snippet":null,"robots_max_videopreview":null,"robots_max_imagepreview":"large","priority":null,"frequency":null,"local_seo":null,"breadcrumb_settings":null,"limit_modified_date":false,"ai":null,"created":"2023-05-03 20:41:10","updated":"2025-03-13 15:02:20","seo_analyzer_scan_date":null,"focus_keyword":null,"additional_keywords":null,"truseo_locale":null},"aioseo_breadcrumb":"<div class=\"aioseo-breadcrumbs\"><span class=\"aioseo-breadcrumb\">\n\t\t\t<a href=\"https:\/\/dudasytextos.com\/se-puede\" title=\"Home\">Home<\/a>\n\t\t<\/span><span class=\"aioseo-breadcrumb-separator\">&raquo;<\/span><span class=\"aioseo-breadcrumb\">\n\t\t\t<a href=\"https:\/\/dudasytextos.com\/se-puede\/category\/se-puede\/\" title=\"\u00bfSe puede?\">\u00bfSe puede?<\/a>\n\t\t<\/span><span class=\"aioseo-breadcrumb-separator\">&raquo;<\/span><span class=\"aioseo-breadcrumb\">\n\t\t\tSe puede elegir el irpf de la nomina\n\t\t<\/span><\/div>","aioseo_breadcrumb_json":[{"label":"Home","link":"https:\/\/dudasytextos.com\/se-puede"},{"label":"\u00bfSe puede?","link":"https:\/\/dudasytextos.com\/se-puede\/category\/se-puede\/"},{"label":"Se puede elegir el irpf de la nomina","link":"https:\/\/dudasytextos.com\/se-puede\/se-puede-elegir-el-irpf-de-la-nomina\/"}],"_links":{"self":[{"href":"https:\/\/dudasytextos.com\/se-puede\/wp-json\/wp\/v2\/posts\/131882","targetHints":{"allow":["GET"]}}],"collection":[{"href":"https:\/\/dudasytextos.com\/se-puede\/wp-json\/wp\/v2\/posts"}],"about":[{"href":"https:\/\/dudasytextos.com\/se-puede\/wp-json\/wp\/v2\/types\/post"}],"author":[{"embeddable":true,"href":"https:\/\/dudasytextos.com\/se-puede\/wp-json\/wp\/v2\/users\/1"}],"replies":[{"embeddable":true,"href":"https:\/\/dudasytextos.com\/se-puede\/wp-json\/wp\/v2\/comments?post=131882"}],"version-history":[{"count":1,"href":"https:\/\/dudasytextos.com\/se-puede\/wp-json\/wp\/v2\/posts\/131882\/revisions"}],"predecessor-version":[{"id":137345,"href":"https:\/\/dudasytextos.com\/se-puede\/wp-json\/wp\/v2\/posts\/131882\/revisions\/137345"}],"wp:attachment":[{"href":"https:\/\/dudasytextos.com\/se-puede\/wp-json\/wp\/v2\/media?parent=131882"}],"wp:term":[{"taxonomy":"category","embeddable":true,"href":"https:\/\/dudasytextos.com\/se-puede\/wp-json\/wp\/v2\/categories?post=131882"},{"taxonomy":"post_tag","embeddable":true,"href":"https:\/\/dudasytextos.com\/se-puede\/wp-json\/wp\/v2\/tags?post=131882"}],"curies":[{"name":"wp","href":"https:\/\/api.w.org\/{rel}","templated":true}]}}