{"id":131905,"date":"2025-03-06T07:32:50","date_gmt":"2025-03-06T07:32:50","guid":{"rendered":"https:\/\/educacion.cc\/?p=131905"},"modified":"2025-03-13T01:25:07","modified_gmt":"2025-03-13T01:25:07","slug":"se-puede-faltar-a-rehabilitacion-estando-de-baja","status":"publish","type":"post","link":"https:\/\/dudasytextos.com\/se-puede\/se-puede-faltar-a-rehabilitacion-estando-de-baja\/","title":{"rendered":"Se puede faltar a rehabilitaci\u00f3n estando de baja"},"content":{"rendered":"<div id=\"ez-toc-container\" class=\"ez-toc-v2_0_87 counter-hierarchy ez-toc-counter ez-toc-custom ez-toc-container-direction\">\n<div class=\"ez-toc-title-container\">\n<span class=\"ez-toc-title-toggle\"><\/span><\/div>\n<nav><ul class='ez-toc-list ez-toc-list-level-1 ' ><li class='ez-toc-page-1 ez-toc-heading-level-2'><a class=\"ez-toc-link ez-toc-heading-1\" href=\"https:\/\/dudasytextos.com\/se-puede\/se-puede-faltar-a-rehabilitacion-estando-de-baja\/#Se_Puede_Faltar_A_Rehabilitacion_Estando_De_Baja_%E2%80%93_Respuestas_a_Preguntas_Frecuentes\" >Se Puede Faltar A Rehabilitaci\u00f3n Estando De Baja &#8211; Respuestas a Preguntas Frecuentes<\/a><\/li><li class='ez-toc-page-1 ez-toc-heading-level-2'><a class=\"ez-toc-link ez-toc-heading-2\" href=\"https:\/\/dudasytextos.com\/se-puede\/se-puede-faltar-a-rehabilitacion-estando-de-baja\/#Curiosidades_e_Informacion_Interesante\" >Curiosidades e Informaci\u00f3n Interesante<\/a><\/li><li class='ez-toc-page-1 ez-toc-heading-level-2'><a class=\"ez-toc-link ez-toc-heading-3\" href=\"https:\/\/dudasytextos.com\/se-puede\/se-puede-faltar-a-rehabilitacion-estando-de-baja\/#Mi_Experiencia_Personal\" >Mi Experiencia Personal<\/a><\/li><li class='ez-toc-page-1 ez-toc-heading-level-2'><a class=\"ez-toc-link ez-toc-heading-4\" href=\"https:\/\/dudasytextos.com\/se-puede\/se-puede-faltar-a-rehabilitacion-estando-de-baja\/#%C2%BFEs_Posible_Faltar_A_Rehabilitacion_Estando_De_Baja\" >\u00bfEs Posible Faltar A Rehabilitaci\u00f3n Estando De Baja?<\/a><\/li><li class='ez-toc-page-1 ez-toc-heading-level-2'><a class=\"ez-toc-link ez-toc-heading-5\" href=\"https:\/\/dudasytextos.com\/se-puede\/se-puede-faltar-a-rehabilitacion-estando-de-baja\/#%C2%BFQue_Pasos_Debo_Seguir_Si_Necesito_Faltar_A_Rehabilitacion\" >\u00bfQu\u00e9 Pasos Debo Seguir Si Necesito Faltar A Rehabilitaci\u00f3n?<\/a><\/li><li class='ez-toc-page-1 ez-toc-heading-level-2'><a class=\"ez-toc-link ez-toc-heading-6\" href=\"https:\/\/dudasytextos.com\/se-puede\/se-puede-faltar-a-rehabilitacion-estando-de-baja\/#%C2%BFQue_Opciones_Tengo_Si_No_Puedo_Asistir_A_Rehabilitacion_Por_Motivos_De_Fuerza_Mayor\" >\u00bfQu\u00e9 Opciones Tengo Si No Puedo Asistir A Rehabilitaci\u00f3n Por Motivos De Fuerza Mayor?<\/a><\/li><li class='ez-toc-page-1 ez-toc-heading-level-2'><a class=\"ez-toc-link ez-toc-heading-7\" href=\"https:\/\/dudasytextos.com\/se-puede\/se-puede-faltar-a-rehabilitacion-estando-de-baja\/#Preguntas_Frecuentes\" >Preguntas Frecuentes<\/a><\/li><\/ul><\/nav><\/div>\n<h2><span class=\"ez-toc-section\" id=\"Se_Puede_Faltar_A_Rehabilitacion_Estando_De_Baja_%E2%80%93_Respuestas_a_Preguntas_Frecuentes\"><\/span>Se Puede Faltar A Rehabilitaci\u00f3n Estando De Baja &#8211; Respuestas a Preguntas Frecuentes<span class=\"ez-toc-section-end\"><\/span><\/h2>\n<section>\n<h2><span class=\"ez-toc-section\" id=\"Curiosidades_e_Informacion_Interesante\"><\/span>Curiosidades e Informaci\u00f3n Interesante<span class=\"ez-toc-section-end\"><\/span><\/h2>\n<ul>\n<li>La rehabilitaci\u00f3n es un proceso clave para la recuperaci\u00f3n de lesiones y enfermedades.<\/li>\n<li>La <a href=\"https:\/\/dudasytextos.com\/se-puede\/se-puede-pedir-excedencia-estando-de-baja\/\">baja<\/a> m\u00e9dica es un derecho que tienen los trabajadores para ausentarse temporalmente del trabajo por motivos de salud.<\/li>\n<li>La falta de asistencia a rehabilitaci\u00f3n puede retrasar la recuperaci\u00f3n y prolongar el tiempo de baja m\u00e9dica.<\/li>\n<li>La Seguridad Social cubre la asistencia a rehabilitaci\u00f3n en muchos casos, incluso durante la baja m\u00e9dica.<\/li>\n<li>Es posible que el <a href=\"https:\/\/dudasytextos.com\/se-puede\/se-puede-cambiar-de-medico-de-cabecera-estando-de-baja\/\">m\u00e9dico<\/a> de cabecera o el especialista de rehabilitaci\u00f3n recomienden la suspensi\u00f3n temporal de la baja m\u00e9dica si se considera que el trabajador est\u00e1 en condiciones de volver al trabajo y continuar la rehabilitaci\u00f3n.<\/li>\n<\/ul>\n<\/section>\n<section>\n<h2><span class=\"ez-toc-section\" id=\"Mi_Experiencia_Personal\"><\/span>Mi Experiencia Personal<span class=\"ez-toc-section-end\"><\/span><\/h2>\n<p>Hace unos a\u00f1os sufr\u00ed una lesi\u00f3n en la rodilla mientras practicaba deporte. Tuve que solicitar una baja m\u00e9dica y comenc\u00e9 un proceso de rehabilitaci\u00f3n. Al principio, me costaba mucho asistir a las sesiones de fisioterapia y ejercicios porque me sent\u00eda cansada y dolorida. En un par de ocasiones, decid\u00ed faltar a rehabilitaci\u00f3n y me di cuenta de que eso retrasaba mi recuperaci\u00f3n. Habl\u00e9 con mi m\u00e9dico de cabecera y me explic\u00f3 la importancia de ser constante en la rehabilitaci\u00f3n para acelerar la recuperaci\u00f3n y volver al trabajo lo antes posible.<\/p>\n<\/section>\n<section>\n<h2><span class=\"ez-toc-section\" id=\"%C2%BFEs_Posible_Faltar_A_Rehabilitacion_Estando_De_Baja\"><\/span>\u00bfEs Posible Faltar A Rehabilitaci\u00f3n Estando De Baja?<span class=\"ez-toc-section-end\"><\/span><\/h2>\n<p>Es posible faltar a alguna sesi\u00f3n de rehabilitaci\u00f3n estando de baja m\u00e9dica, pero no es recomendable. La rehabilitaci\u00f3n es un proceso que requiere constancia y disciplina para que sea efectivo. Si se falta a alguna sesi\u00f3n, se retrasa el proceso de recuperaci\u00f3n y se prolonga el tiempo de baja m\u00e9dica. Adem\u00e1s, en algunos casos, el m\u00e9dico de cabecera o el especialista de rehabilitaci\u00f3n pueden recomendar la suspensi\u00f3n temporal de la baja m\u00e9dica si consideran que el trabajador est\u00e1 en condiciones de volver al trabajo y continuar la rehabilitaci\u00f3n.<\/p>\n<\/section>\n<section>\n<h2><span class=\"ez-toc-section\" id=\"%C2%BFQue_Pasos_Debo_Seguir_Si_Necesito_Faltar_A_Rehabilitacion\"><\/span>\u00bfQu\u00e9 Pasos Debo Seguir Si Necesito Faltar A Rehabilitaci\u00f3n?<span class=\"ez-toc-section-end\"><\/span><\/h2>\n<p>Si necesitas faltar a alguna sesi\u00f3n de rehabilitaci\u00f3n, lo primero que debes hacer es comunicarlo al m\u00e9dico de cabecera o al especialista de rehabilitaci\u00f3n. Ellos te pueden asesorar sobre los pasos a seguir y c\u00f3mo afectar\u00e1 a tu proceso de recuperaci\u00f3n. En algunos casos, te pueden recomendar hacer una sesi\u00f3n de rehabilitaci\u00f3n extra o ajustar el plan de recuperaci\u00f3n para que no se retrase demasiado.<\/p>\n<\/section>\n<section>\n<h2><span class=\"ez-toc-section\" id=\"%C2%BFQue_Opciones_Tengo_Si_No_Puedo_Asistir_A_Rehabilitacion_Por_Motivos_De_Fuerza_Mayor\"><\/span>\u00bfQu\u00e9 Opciones Tengo Si No Puedo Asistir A Rehabilitaci\u00f3n Por Motivos De Fuerza Mayor?<span class=\"ez-toc-section-end\"><\/span><\/h2>\n<p>Si no puedes asistir a alguna sesi\u00f3n de rehabilitaci\u00f3n por motivos de fuerza mayor, debes comunicarlo al m\u00e9dico de cabecera o al especialista de rehabilitaci\u00f3n lo antes posible. Ellos pueden ajustar el plan de recuperaci\u00f3n para que puedas continuar con la rehabilitaci\u00f3n en otro momento o te pueden recomendar hacer ejercicios en casa para no perder el ritmo de recuperaci\u00f3n.<\/p>\n<\/section>\n<section>\n<h2><span class=\"ez-toc-section\" id=\"Preguntas_Frecuentes\"><\/span>Preguntas Frecuentes<span class=\"ez-toc-section-end\"><\/span><\/h2>\n<dl>\n<dt>\u00bfPuedo faltar a todas las sesiones de rehabilitaci\u00f3n estando de baja m\u00e9dica?<\/dt>\n<dd>No es recomendable faltar a todas las sesiones de rehabilitaci\u00f3n estando de baja m\u00e9dica. La rehabilitaci\u00f3n es un proceso que requiere constancia y disciplina para que sea efectivo. Si se falta a todas las sesiones, se retrasa el proceso de recuperaci\u00f3n y se prolonga el tiempo de baja m\u00e9dica.<\/dd>\n<dt>\u00bfPuedo recuperarme sin ir a rehabilitaci\u00f3n?<\/dt>\n<dd>Depende del tipo de lesi\u00f3n o enfermedad y del estado de salud del paciente. En algunos casos, es posible recuperarse sin la necesidad de asistir a rehabilitaci\u00f3n, pero en la mayor\u00eda de los casos, la rehabilitaci\u00f3n es un proceso clave para la recuperaci\u00f3n y para evitar futuras complicaciones.<\/dd>\n<dt>\u00bfQu\u00e9 pasa si no asisto a la rehabilitaci\u00f3n recomendada por el m\u00e9dico?<\/dt>\n<dd>Si no asistes a la rehabilitaci\u00f3n recomendada por el m\u00e9dico, puedes retrasar el proceso de recuperaci\u00f3n y prolongar el tiempo de baja m\u00e9dica. Adem\u00e1s, puedes sufrir consecuencias a largo plazo como una mayor probabilidad de complicaciones o secuelas.<\/dd>\n<dt>\u00bfQui\u00e9n paga la rehabilitaci\u00f3n durante la baja m\u00e9dica?<\/dt>\n<dd>En muchos casos, la Seguridad Social cubre la asistencia a rehabilitaci\u00f3n durante la baja m\u00e9dica. Sin embargo, es recomendable consultar con el m\u00e9dico de cabecera o el especialista de rehabilitaci\u00f3n para conocer los detalles espec\u00edficos de cada caso.<\/dd>\n<\/dl>\n<\/section>\n<footer>\n<p>\u00a9 2023 Ana Gonz\u00e1lez. Todos los derechos reservados.<\/p>\n<\/footer>\n","protected":false},"excerpt":{"rendered":"<p>Se Puede Faltar A Rehabilitaci\u00f3n Estando De Baja &#8211; Respuestas a Preguntas Frecuentes Curiosidades e Informaci\u00f3n Interesante La rehabilitaci\u00f3n es un proceso clave para la recuperaci\u00f3n de lesiones y enfermedades. La baja m\u00e9dica es un derecho que tienen los trabajadores para ausentarse temporalmente del trabajo por motivos de salud. La falta de asistencia a rehabilitaci\u00f3n &#8230; <a title=\"Se puede faltar a rehabilitaci\u00f3n estando de baja\" class=\"read-more\" href=\"https:\/\/dudasytextos.com\/se-puede\/se-puede-faltar-a-rehabilitacion-estando-de-baja\/\" aria-label=\"M\u00e1s en Se puede faltar a rehabilitaci\u00f3n estando de baja\">Leer m\u00e1s<\/a><\/p>\n","protected":false},"author":1,"featured_media":0,"comment_status":"open","ping_status":"open","sticky":false,"template":"","format":"standard","meta":{"footnotes":""},"categories":[3],"tags":[],"class_list":["post-131905","post","type-post","status-publish","format-standard","hentry","category-se-puede"],"aioseo_notices":[],"aioseo_head":"\n\t\t<!-- All in One SEO 5.0.1.1 - aioseo.com -->\n\t<meta name=\"description\" content=\"Se Puede Faltar A Rehabilitaci\u00f3n Estando De Baja - Respuestas a Preguntas Frecuentes Curiosidades e Informaci\u00f3n Interesante La rehabilitaci\u00f3n es un proceso clave para la recuperaci\u00f3n de lesiones y enfermedades. La baja m\u00e9dica es un derecho que tienen los trabajadores para ausentarse temporalmente del trabajo por motivos de salud. La falta de asistencia a rehabilitaci\u00f3n\" \/>\n\t<meta name=\"robots\" content=\"max-snippet:-1, max-image-preview:large, max-video-preview:-1\" \/>\n\t<meta name=\"author\" content=\"Ana Gonz\u00e1lez\"\/>\n\t<link rel=\"canonical\" href=\"https:\/\/dudasytextos.com\/se-puede\/se-puede-faltar-a-rehabilitacion-estando-de-baja\/\" \/>\n\t<meta name=\"generator\" content=\"All in One SEO (AIOSEO) 5.0.1.1\" \/>\n\n\t\t<script async src=\"https:\/\/pagead2.googlesyndication.com\/pagead\/js\/adsbygoogle.js?client=ca-pub-3987500858204711\"\n     crossorigin=\"anonymous\"><\/script>\n<!-- Google tag (gtag.js) -->\n<script async src=\"https:\/\/www.googletagmanager.com\/gtag\/js?id=G-TYJ2FRZ8ZF\"><\/script>\n<script>\n  window.dataLayer = window.dataLayer || [];\n  function gtag(){dataLayer.push(arguments);}\n  gtag('js', new Date());\n\n  gtag('config', 'G-TYJ2FRZ8ZF');\n<\/script>\n\t\t<meta property=\"og:locale\" content=\"es_ES\" \/>\n\t\t<meta property=\"og:site_name\" content=\"\u00bfSe Puede? - Tomar decisiones informadas y resolver dudas.\" \/>\n\t\t<meta property=\"og:type\" content=\"article\" \/>\n\t\t<meta property=\"og:title\" content=\"Se puede faltar a rehabilitaci\u00f3n estando de baja (2026) \u00bfSe Puede?\" \/>\n\t\t<meta property=\"og:description\" content=\"Se Puede Faltar A Rehabilitaci\u00f3n Estando De Baja - Respuestas a Preguntas Frecuentes Curiosidades e Informaci\u00f3n Interesante La rehabilitaci\u00f3n es un proceso clave para la recuperaci\u00f3n de lesiones y enfermedades. La baja m\u00e9dica es un derecho que tienen los trabajadores para ausentarse temporalmente del trabajo por motivos de salud. La falta de asistencia a rehabilitaci\u00f3n\" \/>\n\t\t<meta property=\"og:url\" content=\"https:\/\/dudasytextos.com\/se-puede\/se-puede-faltar-a-rehabilitacion-estando-de-baja\/\" \/>\n\t\t<meta property=\"article:published_time\" content=\"2025-03-06T07:32:50+00:00\" \/>\n\t\t<meta property=\"article:modified_time\" content=\"2025-03-13T01:25:07+00:00\" \/>\n\t\t<meta name=\"twitter:card\" content=\"summary_large_image\" \/>\n\t\t<meta name=\"twitter:title\" content=\"Se puede faltar a rehabilitaci\u00f3n estando de baja (2026) \u00bfSe Puede?\" \/>\n\t\t<meta name=\"twitter:description\" content=\"Se Puede Faltar A Rehabilitaci\u00f3n Estando De Baja - Respuestas a Preguntas Frecuentes Curiosidades e Informaci\u00f3n Interesante La rehabilitaci\u00f3n es un proceso clave para la recuperaci\u00f3n de lesiones y enfermedades. La baja m\u00e9dica es un derecho que tienen los trabajadores para ausentarse temporalmente del trabajo por motivos de salud. La falta de asistencia a rehabilitaci\u00f3n\" \/>\n\t\t<script type=\"application\/ld+json\" class=\"aioseo-schema\">\n\t\t\t{\"@context\":\"https:\\\/\\\/schema.org\",\"@graph\":[{\"@type\":\"BlogPosting\",\"@id\":\"https:\\\/\\\/dudasytextos.com\\\/se-puede\\\/se-puede-faltar-a-rehabilitacion-estando-de-baja\\\/#blogposting\",\"name\":\"Se puede faltar a rehabilitaci\\u00f3n estando de baja (2026) \\u00bfSe Puede?\",\"headline\":\"Se puede faltar a rehabilitaci\\u00f3n estando de baja\",\"author\":{\"@id\":\"https:\\\/\\\/dudasytextos.com\\\/se-puede\\\/author\\\/admin23\\\/#author\"},\"publisher\":{\"@id\":\"https:\\\/\\\/dudasytextos.com\\\/se-puede\\\/#organization\"},\"datePublished\":\"2025-03-06T07:32:50+00:00\",\"dateModified\":\"2025-03-13T01:25:07+00:00\",\"inLanguage\":\"es-ES\",\"mainEntityOfPage\":{\"@id\":\"https:\\\/\\\/dudasytextos.com\\\/se-puede\\\/se-puede-faltar-a-rehabilitacion-estando-de-baja\\\/#webpage\"},\"isPartOf\":{\"@id\":\"https:\\\/\\\/dudasytextos.com\\\/se-puede\\\/se-puede-faltar-a-rehabilitacion-estando-de-baja\\\/#webpage\"},\"articleSection\":\"\\u00bfSe puede?\"},{\"@type\":\"BreadcrumbList\",\"@id\":\"https:\\\/\\\/dudasytextos.com\\\/se-puede\\\/se-puede-faltar-a-rehabilitacion-estando-de-baja\\\/#breadcrumblist\",\"itemListElement\":[{\"@type\":\"ListItem\",\"@id\":\"https:\\\/\\\/dudasytextos.com\\\/se-puede#listItem\",\"position\":1,\"name\":\"Home\",\"item\":\"https:\\\/\\\/dudasytextos.com\\\/se-puede\",\"nextItem\":{\"@type\":\"ListItem\",\"@id\":\"https:\\\/\\\/dudasytextos.com\\\/se-puede\\\/category\\\/se-puede\\\/#listItem\",\"name\":\"\\u00bfSe puede?\"}},{\"@type\":\"ListItem\",\"@id\":\"https:\\\/\\\/dudasytextos.com\\\/se-puede\\\/category\\\/se-puede\\\/#listItem\",\"position\":2,\"name\":\"\\u00bfSe puede?\",\"item\":\"https:\\\/\\\/dudasytextos.com\\\/se-puede\\\/category\\\/se-puede\\\/\",\"nextItem\":{\"@type\":\"ListItem\",\"@id\":\"https:\\\/\\\/dudasytextos.com\\\/se-puede\\\/se-puede-faltar-a-rehabilitacion-estando-de-baja\\\/#listItem\",\"name\":\"Se puede faltar a rehabilitaci\\u00f3n estando de baja\"},\"previousItem\":{\"@type\":\"ListItem\",\"@id\":\"https:\\\/\\\/dudasytextos.com\\\/se-puede#listItem\",\"name\":\"Home\"}},{\"@type\":\"ListItem\",\"@id\":\"https:\\\/\\\/dudasytextos.com\\\/se-puede\\\/se-puede-faltar-a-rehabilitacion-estando-de-baja\\\/#listItem\",\"position\":3,\"name\":\"Se puede faltar a rehabilitaci\\u00f3n estando de baja\",\"previousItem\":{\"@type\":\"ListItem\",\"@id\":\"https:\\\/\\\/dudasytextos.com\\\/se-puede\\\/category\\\/se-puede\\\/#listItem\",\"name\":\"\\u00bfSe puede?\"}}]},{\"@type\":\"Organization\",\"@id\":\"https:\\\/\\\/dudasytextos.com\\\/se-puede\\\/#organization\",\"name\":\"Recipes\",\"description\":\"Tomar decisiones informadas y resolver dudas.\",\"url\":\"https:\\\/\\\/dudasytextos.com\\\/se-puede\\\/\"},{\"@type\":\"Person\",\"@id\":\"https:\\\/\\\/dudasytextos.com\\\/se-puede\\\/author\\\/admin23\\\/#author\",\"url\":\"https:\\\/\\\/dudasytextos.com\\\/se-puede\\\/author\\\/admin23\\\/\",\"name\":\"Ana Gonz\\u00e1lez\"},{\"@type\":\"WebPage\",\"@id\":\"https:\\\/\\\/dudasytextos.com\\\/se-puede\\\/se-puede-faltar-a-rehabilitacion-estando-de-baja\\\/#webpage\",\"url\":\"https:\\\/\\\/dudasytextos.com\\\/se-puede\\\/se-puede-faltar-a-rehabilitacion-estando-de-baja\\\/\",\"name\":\"Se puede faltar a rehabilitaci\\u00f3n estando de baja (2026) \\u00bfSe Puede?\",\"description\":\"Se Puede Faltar A Rehabilitaci\\u00f3n Estando De Baja - Respuestas a Preguntas Frecuentes Curiosidades e Informaci\\u00f3n Interesante La rehabilitaci\\u00f3n es un proceso clave para la recuperaci\\u00f3n de lesiones y enfermedades. La baja m\\u00e9dica es un derecho que tienen los trabajadores para ausentarse temporalmente del trabajo por motivos de salud. La falta de asistencia a rehabilitaci\\u00f3n\",\"inLanguage\":\"es-ES\",\"isPartOf\":{\"@id\":\"https:\\\/\\\/dudasytextos.com\\\/se-puede\\\/#website\"},\"breadcrumb\":{\"@id\":\"https:\\\/\\\/dudasytextos.com\\\/se-puede\\\/se-puede-faltar-a-rehabilitacion-estando-de-baja\\\/#breadcrumblist\"},\"author\":{\"@id\":\"https:\\\/\\\/dudasytextos.com\\\/se-puede\\\/author\\\/admin23\\\/#author\"},\"creator\":{\"@id\":\"https:\\\/\\\/dudasytextos.com\\\/se-puede\\\/author\\\/admin23\\\/#author\"},\"datePublished\":\"2025-03-06T07:32:50+00:00\",\"dateModified\":\"2025-03-13T01:25:07+00:00\"},{\"@type\":\"WebSite\",\"@id\":\"https:\\\/\\\/dudasytextos.com\\\/se-puede\\\/#website\",\"url\":\"https:\\\/\\\/dudasytextos.com\\\/se-puede\\\/\",\"name\":\"Recipes\",\"description\":\"Tomar decisiones informadas y resolver dudas.\",\"inLanguage\":\"es-ES\",\"publisher\":{\"@id\":\"https:\\\/\\\/dudasytextos.com\\\/se-puede\\\/#organization\"}}]}\n\t\t<\/script>\n\t\t<!-- All in One SEO -->\n\n","aioseo_head_json":{"title":"Se puede faltar a rehabilitaci\u00f3n estando de baja (2026) \u00bfSe Puede?","description":"Se Puede Faltar A Rehabilitaci\u00f3n Estando De Baja - Respuestas a Preguntas Frecuentes Curiosidades e Informaci\u00f3n Interesante La rehabilitaci\u00f3n es un proceso clave para la recuperaci\u00f3n de lesiones y enfermedades. La baja m\u00e9dica es un derecho que tienen los trabajadores para ausentarse temporalmente del trabajo por motivos de salud. La falta de asistencia a rehabilitaci\u00f3n","canonical_url":"https:\/\/dudasytextos.com\/se-puede\/se-puede-faltar-a-rehabilitacion-estando-de-baja\/","robots":"max-snippet:-1, max-image-preview:large, max-video-preview:-1","keywords":"","webmasterTools":{"miscellaneous":"&lt;script async src=\"https:\/\/pagead2.googlesyndication.com\/pagead\/js\/adsbygoogle.js?client=ca-pub-3987500858204711\"\n     crossorigin=\"anonymous\"&gt;&lt;\/script&gt;\n&lt;!-- Google tag (gtag.js) --&gt;\n&lt;script async src=\"https:\/\/www.googletagmanager.com\/gtag\/js?id=G-TYJ2FRZ8ZF\"&gt;&lt;\/script&gt;\n&lt;script&gt;\n  window.dataLayer = window.dataLayer || [];\n  function gtag(){dataLayer.push(arguments);}\n  gtag('js', new Date());\n\n  gtag('config', 'G-TYJ2FRZ8ZF');\n&lt;\/script&gt;"},"schema":{"@context":"https:\/\/schema.org","@graph":[{"@type":"BlogPosting","@id":"https:\/\/dudasytextos.com\/se-puede\/se-puede-faltar-a-rehabilitacion-estando-de-baja\/#blogposting","name":"Se puede faltar a rehabilitaci\u00f3n estando de baja (2026) \u00bfSe Puede?","headline":"Se puede faltar a rehabilitaci\u00f3n estando de baja","author":{"@id":"https:\/\/dudasytextos.com\/se-puede\/author\/admin23\/#author"},"publisher":{"@id":"https:\/\/dudasytextos.com\/se-puede\/#organization"},"datePublished":"2025-03-06T07:32:50+00:00","dateModified":"2025-03-13T01:25:07+00:00","inLanguage":"es-ES","mainEntityOfPage":{"@id":"https:\/\/dudasytextos.com\/se-puede\/se-puede-faltar-a-rehabilitacion-estando-de-baja\/#webpage"},"isPartOf":{"@id":"https:\/\/dudasytextos.com\/se-puede\/se-puede-faltar-a-rehabilitacion-estando-de-baja\/#webpage"},"articleSection":"\u00bfSe puede?"},{"@type":"BreadcrumbList","@id":"https:\/\/dudasytextos.com\/se-puede\/se-puede-faltar-a-rehabilitacion-estando-de-baja\/#breadcrumblist","itemListElement":[{"@type":"ListItem","@id":"https:\/\/dudasytextos.com\/se-puede#listItem","position":1,"name":"Home","item":"https:\/\/dudasytextos.com\/se-puede","nextItem":{"@type":"ListItem","@id":"https:\/\/dudasytextos.com\/se-puede\/category\/se-puede\/#listItem","name":"\u00bfSe puede?"}},{"@type":"ListItem","@id":"https:\/\/dudasytextos.com\/se-puede\/category\/se-puede\/#listItem","position":2,"name":"\u00bfSe puede?","item":"https:\/\/dudasytextos.com\/se-puede\/category\/se-puede\/","nextItem":{"@type":"ListItem","@id":"https:\/\/dudasytextos.com\/se-puede\/se-puede-faltar-a-rehabilitacion-estando-de-baja\/#listItem","name":"Se puede faltar a rehabilitaci\u00f3n estando de baja"},"previousItem":{"@type":"ListItem","@id":"https:\/\/dudasytextos.com\/se-puede#listItem","name":"Home"}},{"@type":"ListItem","@id":"https:\/\/dudasytextos.com\/se-puede\/se-puede-faltar-a-rehabilitacion-estando-de-baja\/#listItem","position":3,"name":"Se puede faltar a rehabilitaci\u00f3n estando de baja","previousItem":{"@type":"ListItem","@id":"https:\/\/dudasytextos.com\/se-puede\/category\/se-puede\/#listItem","name":"\u00bfSe puede?"}}]},{"@type":"Organization","@id":"https:\/\/dudasytextos.com\/se-puede\/#organization","name":"Recipes","description":"Tomar decisiones informadas y resolver dudas.","url":"https:\/\/dudasytextos.com\/se-puede\/"},{"@type":"Person","@id":"https:\/\/dudasytextos.com\/se-puede\/author\/admin23\/#author","url":"https:\/\/dudasytextos.com\/se-puede\/author\/admin23\/","name":"Ana Gonz\u00e1lez"},{"@type":"WebPage","@id":"https:\/\/dudasytextos.com\/se-puede\/se-puede-faltar-a-rehabilitacion-estando-de-baja\/#webpage","url":"https:\/\/dudasytextos.com\/se-puede\/se-puede-faltar-a-rehabilitacion-estando-de-baja\/","name":"Se puede faltar a rehabilitaci\u00f3n estando de baja (2026) \u00bfSe Puede?","description":"Se Puede Faltar A Rehabilitaci\u00f3n Estando De Baja - Respuestas a Preguntas Frecuentes Curiosidades e Informaci\u00f3n Interesante La rehabilitaci\u00f3n es un proceso clave para la recuperaci\u00f3n de lesiones y enfermedades. La baja m\u00e9dica es un derecho que tienen los trabajadores para ausentarse temporalmente del trabajo por motivos de salud. La falta de asistencia a rehabilitaci\u00f3n","inLanguage":"es-ES","isPartOf":{"@id":"https:\/\/dudasytextos.com\/se-puede\/#website"},"breadcrumb":{"@id":"https:\/\/dudasytextos.com\/se-puede\/se-puede-faltar-a-rehabilitacion-estando-de-baja\/#breadcrumblist"},"author":{"@id":"https:\/\/dudasytextos.com\/se-puede\/author\/admin23\/#author"},"creator":{"@id":"https:\/\/dudasytextos.com\/se-puede\/author\/admin23\/#author"},"datePublished":"2025-03-06T07:32:50+00:00","dateModified":"2025-03-13T01:25:07+00:00"},{"@type":"WebSite","@id":"https:\/\/dudasytextos.com\/se-puede\/#website","url":"https:\/\/dudasytextos.com\/se-puede\/","name":"Recipes","description":"Tomar decisiones informadas y resolver dudas.","inLanguage":"es-ES","publisher":{"@id":"https:\/\/dudasytextos.com\/se-puede\/#organization"}}]},"og:locale":"es_ES","og:site_name":"\u00bfSe Puede? - Tomar decisiones informadas y resolver dudas.","og:type":"article","og:title":"Se puede faltar a rehabilitaci\u00f3n estando de baja (2026) \u00bfSe Puede?","og:description":"Se Puede Faltar A Rehabilitaci\u00f3n Estando De Baja - Respuestas a Preguntas Frecuentes Curiosidades e Informaci\u00f3n Interesante La rehabilitaci\u00f3n es un proceso clave para la recuperaci\u00f3n de lesiones y enfermedades. La baja m\u00e9dica es un derecho que tienen los trabajadores para ausentarse temporalmente del trabajo por motivos de salud. La falta de asistencia a rehabilitaci\u00f3n","og:url":"https:\/\/dudasytextos.com\/se-puede\/se-puede-faltar-a-rehabilitacion-estando-de-baja\/","article:published_time":"2025-03-06T07:32:50+00:00","article:modified_time":"2025-03-13T01:25:07+00:00","twitter:card":"summary_large_image","twitter:title":"Se puede faltar a rehabilitaci\u00f3n estando de baja (2026) \u00bfSe Puede?","twitter:description":"Se Puede Faltar A Rehabilitaci\u00f3n Estando De Baja - Respuestas a Preguntas Frecuentes Curiosidades e Informaci\u00f3n Interesante La rehabilitaci\u00f3n es un proceso clave para la recuperaci\u00f3n de lesiones y enfermedades. La baja m\u00e9dica es un derecho que tienen los trabajadores para ausentarse temporalmente del trabajo por motivos de salud. La falta de asistencia a rehabilitaci\u00f3n"},"aioseo_meta_data":{"post_id":"131905","title":null,"description":null,"keywords":null,"keyphrases":null,"primary_term":null,"canonical_url":null,"og_title":null,"og_description":null,"og_object_type":"default","og_image_type":"default","og_image_url":null,"og_image_width":null,"og_image_height":null,"og_image_custom_url":null,"og_image_custom_fields":null,"og_video":null,"og_custom_url":null,"og_article_section":null,"og_article_tags":null,"twitter_use_og":false,"twitter_card":"default","twitter_image_type":"default","twitter_image_url":null,"twitter_image_custom_url":null,"twitter_image_custom_fields":null,"twitter_title":null,"twitter_description":null,"schema":{"blockGraphs":[],"customGraphs":[],"default":{"data":{"Article":[],"Course":[],"Dataset":[],"FAQPage":[],"Movie":[],"Person":[],"Product":[],"ProductReview":[],"Car":[],"Recipe":[],"Service":[],"SoftwareApplication":[],"WebPage":[]},"graphName":"","isEnabled":true},"graphs":[]},"schema_type":"default","schema_type_options":null,"pillar_content":false,"robots_default":true,"robots_noindex":false,"robots_noarchive":false,"robots_nosnippet":false,"robots_nofollow":false,"robots_noimageindex":false,"robots_noodp":false,"robots_notranslate":false,"robots_max_snippet":null,"robots_max_videopreview":null,"robots_max_imagepreview":"large","priority":null,"frequency":null,"local_seo":null,"breadcrumb_settings":null,"limit_modified_date":false,"ai":null,"created":"2023-05-03 19:47:16","updated":"2025-03-14 08:52:24","seo_analyzer_scan_date":null,"focus_keyword":null,"additional_keywords":null,"truseo_locale":null},"aioseo_breadcrumb":"<div class=\"aioseo-breadcrumbs\"><span class=\"aioseo-breadcrumb\">\n\t\t\t<a href=\"https:\/\/dudasytextos.com\/se-puede\" title=\"Home\">Home<\/a>\n\t\t<\/span><span class=\"aioseo-breadcrumb-separator\">&raquo;<\/span><span class=\"aioseo-breadcrumb\">\n\t\t\t<a href=\"https:\/\/dudasytextos.com\/se-puede\/category\/se-puede\/\" title=\"\u00bfSe puede?\">\u00bfSe puede?<\/a>\n\t\t<\/span><span class=\"aioseo-breadcrumb-separator\">&raquo;<\/span><span class=\"aioseo-breadcrumb\">\n\t\t\tSe puede faltar a rehabilitaci\u00f3n estando de baja\n\t\t<\/span><\/div>","aioseo_breadcrumb_json":[{"label":"Home","link":"https:\/\/dudasytextos.com\/se-puede"},{"label":"\u00bfSe puede?","link":"https:\/\/dudasytextos.com\/se-puede\/category\/se-puede\/"},{"label":"Se puede faltar a rehabilitaci\u00f3n estando de baja","link":"https:\/\/dudasytextos.com\/se-puede\/se-puede-faltar-a-rehabilitacion-estando-de-baja\/"}],"_links":{"self":[{"href":"https:\/\/dudasytextos.com\/se-puede\/wp-json\/wp\/v2\/posts\/131905","targetHints":{"allow":["GET"]}}],"collection":[{"href":"https:\/\/dudasytextos.com\/se-puede\/wp-json\/wp\/v2\/posts"}],"about":[{"href":"https:\/\/dudasytextos.com\/se-puede\/wp-json\/wp\/v2\/types\/post"}],"author":[{"embeddable":true,"href":"https:\/\/dudasytextos.com\/se-puede\/wp-json\/wp\/v2\/users\/1"}],"replies":[{"embeddable":true,"href":"https:\/\/dudasytextos.com\/se-puede\/wp-json\/wp\/v2\/comments?post=131905"}],"version-history":[{"count":1,"href":"https:\/\/dudasytextos.com\/se-puede\/wp-json\/wp\/v2\/posts\/131905\/revisions"}],"predecessor-version":[{"id":137322,"href":"https:\/\/dudasytextos.com\/se-puede\/wp-json\/wp\/v2\/posts\/131905\/revisions\/137322"}],"wp:attachment":[{"href":"https:\/\/dudasytextos.com\/se-puede\/wp-json\/wp\/v2\/media?parent=131905"}],"wp:term":[{"taxonomy":"category","embeddable":true,"href":"https:\/\/dudasytextos.com\/se-puede\/wp-json\/wp\/v2\/categories?post=131905"},{"taxonomy":"post_tag","embeddable":true,"href":"https:\/\/dudasytextos.com\/se-puede\/wp-json\/wp\/v2\/tags?post=131905"}],"curies":[{"name":"wp","href":"https:\/\/api.w.org\/{rel}","templated":true}]}}