{"id":132001,"date":"2025-02-19T17:38:23","date_gmt":"2025-02-19T17:38:23","guid":{"rendered":"https:\/\/educacion.cc\/?p=132001"},"modified":"2025-03-13T07:37:08","modified_gmt":"2025-03-13T07:37:08","slug":"se-puede-juntar-la-cuarentena-con-la-regla","status":"publish","type":"post","link":"https:\/\/dudasytextos.com\/se-puede\/se-puede-juntar-la-cuarentena-con-la-regla\/","title":{"rendered":"Se puede juntar la cuarentena con la regla"},"content":{"rendered":"<div id=\"ez-toc-container\" class=\"ez-toc-v2_0_87 counter-hierarchy ez-toc-counter ez-toc-custom ez-toc-container-direction\">\n<div class=\"ez-toc-title-container\">\n<span class=\"ez-toc-title-toggle\"><\/span><\/div>\n<nav><ul class='ez-toc-list ez-toc-list-level-1 ' ><li class='ez-toc-page-1 ez-toc-heading-level-2'><a class=\"ez-toc-link ez-toc-heading-1\" href=\"https:\/\/dudasytextos.com\/se-puede\/se-puede-juntar-la-cuarentena-con-la-regla\/#%C2%BFSe_puede_juntar_la_cuarentena_con_la_regla\" >\u00bfSe puede juntar la cuarentena con la regla?<\/a><\/li><li class='ez-toc-page-1 ez-toc-heading-level-2'><a class=\"ez-toc-link ez-toc-heading-2\" href=\"https:\/\/dudasytextos.com\/se-puede\/se-puede-juntar-la-cuarentena-con-la-regla\/#Curiosidades_sobre_la_cuarentena_y_la_regla\" >Curiosidades sobre la cuarentena y la regla<\/a><\/li><li class='ez-toc-page-1 ez-toc-heading-level-2'><a class=\"ez-toc-link ez-toc-heading-3\" href=\"https:\/\/dudasytextos.com\/se-puede\/se-puede-juntar-la-cuarentena-con-la-regla\/#Mitos_y_verdades_sobre_la_cuarentena_y_la_regla\" >Mitos y verdades sobre la cuarentena y la regla<\/a><\/li><li class='ez-toc-page-1 ez-toc-heading-level-2'><a class=\"ez-toc-link ez-toc-heading-4\" href=\"https:\/\/dudasytextos.com\/se-puede\/se-puede-juntar-la-cuarentena-con-la-regla\/#Experiencias_personales\" >Experiencias personales<\/a><\/li><li class='ez-toc-page-1 ez-toc-heading-level-2'><a class=\"ez-toc-link ez-toc-heading-5\" href=\"https:\/\/dudasytextos.com\/se-puede\/se-puede-juntar-la-cuarentena-con-la-regla\/#Preguntas_frecuentes\" >Preguntas frecuentes<\/a><ul class='ez-toc-list-level-3' ><li class='ez-toc-heading-level-3'><a class=\"ez-toc-link ez-toc-heading-6\" href=\"https:\/\/dudasytextos.com\/se-puede\/se-puede-juntar-la-cuarentena-con-la-regla\/#%C2%BFEs_seguro_tener_relaciones_sexuales_durante_la_cuarentena\" >\u00bfEs seguro tener relaciones sexuales durante la cuarentena?<\/a><\/li><li class='ez-toc-page-1 ez-toc-heading-level-3'><a class=\"ez-toc-link ez-toc-heading-7\" href=\"https:\/\/dudasytextos.com\/se-puede\/se-puede-juntar-la-cuarentena-con-la-regla\/#%C2%BFPuedo_hacer_ejercicio_durante_la_cuarentena\" >\u00bfPuedo hacer ejercicio durante la cuarentena?<\/a><\/li><li class='ez-toc-page-1 ez-toc-heading-level-3'><a class=\"ez-toc-link ez-toc-heading-8\" href=\"https:\/\/dudasytextos.com\/se-puede\/se-puede-juntar-la-cuarentena-con-la-regla\/#%C2%BFPuedo_usar_tampones_durante_la_cuarentena\" >\u00bfPuedo usar tampones durante la cuarentena?<\/a><\/li><li class='ez-toc-page-1 ez-toc-heading-level-3'><a class=\"ez-toc-link ez-toc-heading-9\" href=\"https:\/\/dudasytextos.com\/se-puede\/se-puede-juntar-la-cuarentena-con-la-regla\/#%C2%BFEs_normal_tener_cambios_en_el_patron_menstrual_durante_la_cuarentena\" >\u00bfEs normal tener cambios en el patr\u00f3n menstrual durante la cuarentena?<\/a><\/li><\/ul><\/li><\/ul><\/nav><\/div>\n<h2><span class=\"ez-toc-section\" id=\"%C2%BFSe_puede_juntar_la_cuarentena_con_la_regla\"><\/span>\u00bfSe puede juntar la cuarentena con la regla?<span class=\"ez-toc-section-end\"><\/span><\/h2>\n<p>\u00a1Hola a todos! Soy Ana Gonz\u00e1lez y en este art\u00edculo vamos a hablar de una pregunta muy com\u00fan que muchas mujeres se hacen durante la cuarentena: \u00bfse puede juntar la cuarentena con la <a href=\"https:\/\/dudasytextos.com\/se-puede\/se-puede-hacer-un-exudado-con-la-regla\/\">regla<\/a>? \u00a1Vamos a descubrirlo juntos!<\/p>\n<section>\n<h2><span class=\"ez-toc-section\" id=\"Curiosidades_sobre_la_cuarentena_y_la_regla\"><\/span>Curiosidades sobre la cuarentena y la regla<span class=\"ez-toc-section-end\"><\/span><\/h2>\n<ul>\n<li>La cuarentena es un per\u00edodo de 40 d\u00edas despu\u00e9s del parto durante el cual la mujer se recupera f\u00edsica y emocionalmente.<\/li>\n<li>La regla es el sangrado vaginal que ocurre normalmente cada 28 d\u00edas en mujeres en edad reproductiva.<\/li>\n<li>Ambas situaciones pueden causar incomodidad f\u00edsica y emocional en las mujeres.<\/li>\n<li>Hay muchos mitos e ideas err\u00f3neas sobre la regla y la cuarentena que vamos a aclarar en este art\u00edculo.<\/li>\n<\/ul>\n<\/section>\n<section>\n<h2><span class=\"ez-toc-section\" id=\"Mitos_y_verdades_sobre_la_cuarentena_y_la_regla\"><\/span>Mitos y verdades sobre la cuarentena y la regla<span class=\"ez-toc-section-end\"><\/span><\/h2>\n<p>Existe la creencia popular de que durante la cuarentena no se debe tener relaciones sexuales ni hacer esfuerzos f\u00edsicos porque puede causar problemas de salud. \u00bfEs esto cierto?<\/p>\n<p>En realidad, no hay ninguna evidencia cient\u00edfica que demuestre que tener relaciones sexuales o hacer esfuerzos f\u00edsicos durante la cuarentena sea perjudicial para la salud de la mujer. Sin embargo, es importante escuchar a nuestro cuerpo y respetar nuestras necesidades individuales.<\/p>\n<p>En cuanto a la regla durante la cuarentena, muchas mujeres pueden experimentar cambios en el patr\u00f3n menstrual debido a los cambios hormonales y f\u00edsicos que ocurren durante la cuarentena. Algunas mujeres pueden tener un sangrado m\u00e1s leve o una duraci\u00f3n m\u00e1s corta de la regla, mientras que otras pueden experimentar un sangrado m\u00e1s intenso o una duraci\u00f3n m\u00e1s larga de la regla. Esto es completamente normal y no debe ser motivo de preocupaci\u00f3n.<\/p>\n<p>Es importante recordar que cada mujer es \u00fanica y experimenta la cuarentena y la regla de manera diferente. Si tienes alguna preocupaci\u00f3n o s\u00edntoma inusual, debes consultar a un profesional de la salud.<\/p>\n<\/section>\n<section>\n<h2><span class=\"ez-toc-section\" id=\"Experiencias_personales\"><\/span>Experiencias personales<span class=\"ez-toc-section-end\"><\/span><\/h2>\n<p>Personalmente, durante mi cuarentena despu\u00e9s del parto, experiment\u00e9 un sangrado vaginal similar a la regla, pero m\u00e1s leve y con una duraci\u00f3n m\u00e1s corta. Tambi\u00e9n not\u00e9 que mi cuerpo estaba m\u00e1s sensible y cansado, por lo que decid\u00ed tomar las cosas con calma y descansar todo lo que necesitaba. En cuanto a la regla durante la cuarentena, no experiment\u00e9 cambios significativos en mi patr\u00f3n menstrual, pero s\u00e9 que muchas mujeres s\u00ed lo hacen.<\/p>\n<p>Es importante recordar que cada experiencia es diferente y \u00fanica. Lo m\u00e1s importante es escuchar a tu cuerpo y hacer lo que necesitas para cuidarte a ti misma durante este per\u00edodo de recuperaci\u00f3n.<\/p>\n<\/section>\n<section>\n<h2><span class=\"ez-toc-section\" id=\"Preguntas_frecuentes\"><\/span>Preguntas frecuentes<span class=\"ez-toc-section-end\"><\/span><\/h2>\n<h3><span class=\"ez-toc-section\" id=\"%C2%BFEs_seguro_tener_relaciones_sexuales_durante_la_cuarentena\"><\/span>\u00bfEs seguro tener relaciones sexuales durante la cuarentena?<span class=\"ez-toc-section-end\"><\/span><\/h3>\n<p>S\u00ed, no hay ninguna evidencia cient\u00edfica que demuestre que tener relaciones sexuales durante la cuarentena sea perjudicial para la salud de la mujer. Sin embargo, es importante escuchar a nuestro cuerpo y respetar nuestras necesidades individuales.<\/p>\n<h3><span class=\"ez-toc-section\" id=\"%C2%BFPuedo_hacer_ejercicio_durante_la_cuarentena\"><\/span>\u00bfPuedo hacer ejercicio durante la cuarentena?<span class=\"ez-toc-section-end\"><\/span><\/h3>\n<p>S\u00ed, es seguro hacer ejercicio durante la cuarentena. Sin embargo, es importante escuchar a nuestro cuerpo y no forzarnos m\u00e1s all\u00e1 de lo que podemos hacer c\u00f3modamente.<\/p>\n<h3><span class=\"ez-toc-section\" id=\"%C2%BFPuedo_usar_tampones_durante_la_cuarentena\"><\/span>\u00bfPuedo usar tampones durante la cuarentena?<span class=\"ez-toc-section-end\"><\/span><\/h3>\n<p>No, no se recomienda el uso de tampones durante la cuarentena debido a que pueden causar infecciones.<\/p>\n<h3><span class=\"ez-toc-section\" id=\"%C2%BFEs_normal_tener_cambios_en_el_patron_menstrual_durante_la_cuarentena\"><\/span>\u00bfEs normal tener cambios en el patr\u00f3n menstrual durante la cuarentena?<span class=\"ez-toc-section-end\"><\/span><\/h3>\n<p>S\u00ed, es normal experimentar cambios en el patr\u00f3n menstrual durante la cuarentena debido a los cambios hormonales y f\u00edsicos que ocurren en el cuerpo.<\/p>\n<\/section>\n<footer>\n<p>Espero que este art\u00edculo haya sido \u00fatil e informativo para todas las mujeres que se preguntan si se puede juntar la cuarentena con la regla. Recuerda que cada experiencia es \u00fanica y lo m\u00e1s importante es escuchar a nuestro cuerpo y hacer lo que necesitamos para cuidarnos a nosotras mismas durante este per\u00edodo de recuperaci\u00f3n.<\/p>\n<\/footer>\n","protected":false},"excerpt":{"rendered":"<p>\u00bfSe puede juntar la cuarentena con la regla? \u00a1Hola a todos! Soy Ana Gonz\u00e1lez y en este art\u00edculo vamos a hablar de una pregunta muy com\u00fan que muchas mujeres se hacen durante la cuarentena: \u00bfse puede juntar la cuarentena con la regla? \u00a1Vamos a descubrirlo juntos! Curiosidades sobre la cuarentena y la regla La cuarentena &#8230; <a title=\"Se puede juntar la cuarentena con la regla\" class=\"read-more\" href=\"https:\/\/dudasytextos.com\/se-puede\/se-puede-juntar-la-cuarentena-con-la-regla\/\" aria-label=\"M\u00e1s en Se puede juntar la cuarentena con la regla\">Leer m\u00e1s<\/a><\/p>\n","protected":false},"author":1,"featured_media":0,"comment_status":"open","ping_status":"open","sticky":false,"template":"","format":"standard","meta":{"footnotes":""},"categories":[3],"tags":[],"class_list":["post-132001","post","type-post","status-publish","format-standard","hentry","category-se-puede"],"aioseo_notices":[],"aioseo_head":"\n\t\t<!-- All in One SEO 5.0.1.1 - aioseo.com -->\n\t<meta name=\"description\" content=\"\u00bfSe puede juntar la cuarentena con la regla? \u00a1Hola a todos! Soy Ana Gonz\u00e1lez y en este art\u00edculo vamos a hablar de una pregunta muy com\u00fan que muchas mujeres se hacen durante la cuarentena: \u00bfse puede juntar la cuarentena con la regla? \u00a1Vamos a descubrirlo juntos! Curiosidades sobre la cuarentena y la regla La cuarentena\" \/>\n\t<meta name=\"robots\" content=\"max-snippet:-1, max-image-preview:large, max-video-preview:-1\" \/>\n\t<meta name=\"author\" content=\"Ana Gonz\u00e1lez\"\/>\n\t<link rel=\"canonical\" href=\"https:\/\/dudasytextos.com\/se-puede\/se-puede-juntar-la-cuarentena-con-la-regla\/\" \/>\n\t<meta name=\"generator\" content=\"All in One SEO (AIOSEO) 5.0.1.1\" \/>\n\n\t\t<script async src=\"https:\/\/pagead2.googlesyndication.com\/pagead\/js\/adsbygoogle.js?client=ca-pub-3987500858204711\"\n     crossorigin=\"anonymous\"><\/script>\n<!-- Google tag (gtag.js) -->\n<script async src=\"https:\/\/www.googletagmanager.com\/gtag\/js?id=G-TYJ2FRZ8ZF\"><\/script>\n<script>\n  window.dataLayer = window.dataLayer || [];\n  function gtag(){dataLayer.push(arguments);}\n  gtag('js', new Date());\n\n  gtag('config', 'G-TYJ2FRZ8ZF');\n<\/script>\n\t\t<meta property=\"og:locale\" content=\"es_ES\" \/>\n\t\t<meta property=\"og:site_name\" content=\"\u00bfSe Puede? - Tomar decisiones informadas y resolver dudas.\" \/>\n\t\t<meta property=\"og:type\" content=\"article\" \/>\n\t\t<meta property=\"og:title\" content=\"Se puede juntar la cuarentena con la regla (2026) \u00bfSe Puede?\" \/>\n\t\t<meta property=\"og:description\" content=\"\u00bfSe puede juntar la cuarentena con la regla? \u00a1Hola a todos! Soy Ana Gonz\u00e1lez y en este art\u00edculo vamos a hablar de una pregunta muy com\u00fan que muchas mujeres se hacen durante la cuarentena: \u00bfse puede juntar la cuarentena con la regla? \u00a1Vamos a descubrirlo juntos! Curiosidades sobre la cuarentena y la regla La cuarentena\" \/>\n\t\t<meta property=\"og:url\" content=\"https:\/\/dudasytextos.com\/se-puede\/se-puede-juntar-la-cuarentena-con-la-regla\/\" \/>\n\t\t<meta property=\"article:published_time\" content=\"2025-02-19T17:38:23+00:00\" \/>\n\t\t<meta property=\"article:modified_time\" content=\"2025-03-13T07:37:08+00:00\" \/>\n\t\t<meta name=\"twitter:card\" content=\"summary_large_image\" \/>\n\t\t<meta name=\"twitter:title\" content=\"Se puede juntar la cuarentena con la regla (2026) \u00bfSe Puede?\" \/>\n\t\t<meta name=\"twitter:description\" content=\"\u00bfSe puede juntar la cuarentena con la regla? \u00a1Hola a todos! Soy Ana Gonz\u00e1lez y en este art\u00edculo vamos a hablar de una pregunta muy com\u00fan que muchas mujeres se hacen durante la cuarentena: \u00bfse puede juntar la cuarentena con la regla? \u00a1Vamos a descubrirlo juntos! Curiosidades sobre la cuarentena y la regla La cuarentena\" \/>\n\t\t<script type=\"application\/ld+json\" class=\"aioseo-schema\">\n\t\t\t{\"@context\":\"https:\\\/\\\/schema.org\",\"@graph\":[{\"@type\":\"BlogPosting\",\"@id\":\"https:\\\/\\\/dudasytextos.com\\\/se-puede\\\/se-puede-juntar-la-cuarentena-con-la-regla\\\/#blogposting\",\"name\":\"Se puede juntar la cuarentena con la regla (2026) \\u00bfSe Puede?\",\"headline\":\"Se puede juntar la cuarentena con la regla\",\"author\":{\"@id\":\"https:\\\/\\\/dudasytextos.com\\\/se-puede\\\/author\\\/admin23\\\/#author\"},\"publisher\":{\"@id\":\"https:\\\/\\\/dudasytextos.com\\\/se-puede\\\/#organization\"},\"datePublished\":\"2025-02-19T17:38:23+00:00\",\"dateModified\":\"2025-03-13T07:37:08+00:00\",\"inLanguage\":\"es-ES\",\"mainEntityOfPage\":{\"@id\":\"https:\\\/\\\/dudasytextos.com\\\/se-puede\\\/se-puede-juntar-la-cuarentena-con-la-regla\\\/#webpage\"},\"isPartOf\":{\"@id\":\"https:\\\/\\\/dudasytextos.com\\\/se-puede\\\/se-puede-juntar-la-cuarentena-con-la-regla\\\/#webpage\"},\"articleSection\":\"\\u00bfSe puede?\"},{\"@type\":\"BreadcrumbList\",\"@id\":\"https:\\\/\\\/dudasytextos.com\\\/se-puede\\\/se-puede-juntar-la-cuarentena-con-la-regla\\\/#breadcrumblist\",\"itemListElement\":[{\"@type\":\"ListItem\",\"@id\":\"https:\\\/\\\/dudasytextos.com\\\/se-puede#listItem\",\"position\":1,\"name\":\"Home\",\"item\":\"https:\\\/\\\/dudasytextos.com\\\/se-puede\",\"nextItem\":{\"@type\":\"ListItem\",\"@id\":\"https:\\\/\\\/dudasytextos.com\\\/se-puede\\\/category\\\/se-puede\\\/#listItem\",\"name\":\"\\u00bfSe puede?\"}},{\"@type\":\"ListItem\",\"@id\":\"https:\\\/\\\/dudasytextos.com\\\/se-puede\\\/category\\\/se-puede\\\/#listItem\",\"position\":2,\"name\":\"\\u00bfSe puede?\",\"item\":\"https:\\\/\\\/dudasytextos.com\\\/se-puede\\\/category\\\/se-puede\\\/\",\"nextItem\":{\"@type\":\"ListItem\",\"@id\":\"https:\\\/\\\/dudasytextos.com\\\/se-puede\\\/se-puede-juntar-la-cuarentena-con-la-regla\\\/#listItem\",\"name\":\"Se puede juntar la cuarentena con la regla\"},\"previousItem\":{\"@type\":\"ListItem\",\"@id\":\"https:\\\/\\\/dudasytextos.com\\\/se-puede#listItem\",\"name\":\"Home\"}},{\"@type\":\"ListItem\",\"@id\":\"https:\\\/\\\/dudasytextos.com\\\/se-puede\\\/se-puede-juntar-la-cuarentena-con-la-regla\\\/#listItem\",\"position\":3,\"name\":\"Se puede juntar la cuarentena con la regla\",\"previousItem\":{\"@type\":\"ListItem\",\"@id\":\"https:\\\/\\\/dudasytextos.com\\\/se-puede\\\/category\\\/se-puede\\\/#listItem\",\"name\":\"\\u00bfSe puede?\"}}]},{\"@type\":\"Organization\",\"@id\":\"https:\\\/\\\/dudasytextos.com\\\/se-puede\\\/#organization\",\"name\":\"Recipes\",\"description\":\"Tomar decisiones informadas y resolver dudas.\",\"url\":\"https:\\\/\\\/dudasytextos.com\\\/se-puede\\\/\"},{\"@type\":\"Person\",\"@id\":\"https:\\\/\\\/dudasytextos.com\\\/se-puede\\\/author\\\/admin23\\\/#author\",\"url\":\"https:\\\/\\\/dudasytextos.com\\\/se-puede\\\/author\\\/admin23\\\/\",\"name\":\"Ana Gonz\\u00e1lez\"},{\"@type\":\"WebPage\",\"@id\":\"https:\\\/\\\/dudasytextos.com\\\/se-puede\\\/se-puede-juntar-la-cuarentena-con-la-regla\\\/#webpage\",\"url\":\"https:\\\/\\\/dudasytextos.com\\\/se-puede\\\/se-puede-juntar-la-cuarentena-con-la-regla\\\/\",\"name\":\"Se puede juntar la cuarentena con la regla (2026) \\u00bfSe Puede?\",\"description\":\"\\u00bfSe puede juntar la cuarentena con la regla? \\u00a1Hola a todos! Soy Ana Gonz\\u00e1lez y en este art\\u00edculo vamos a hablar de una pregunta muy com\\u00fan que muchas mujeres se hacen durante la cuarentena: \\u00bfse puede juntar la cuarentena con la regla? \\u00a1Vamos a descubrirlo juntos! Curiosidades sobre la cuarentena y la regla La cuarentena\",\"inLanguage\":\"es-ES\",\"isPartOf\":{\"@id\":\"https:\\\/\\\/dudasytextos.com\\\/se-puede\\\/#website\"},\"breadcrumb\":{\"@id\":\"https:\\\/\\\/dudasytextos.com\\\/se-puede\\\/se-puede-juntar-la-cuarentena-con-la-regla\\\/#breadcrumblist\"},\"author\":{\"@id\":\"https:\\\/\\\/dudasytextos.com\\\/se-puede\\\/author\\\/admin23\\\/#author\"},\"creator\":{\"@id\":\"https:\\\/\\\/dudasytextos.com\\\/se-puede\\\/author\\\/admin23\\\/#author\"},\"datePublished\":\"2025-02-19T17:38:23+00:00\",\"dateModified\":\"2025-03-13T07:37:08+00:00\"},{\"@type\":\"WebSite\",\"@id\":\"https:\\\/\\\/dudasytextos.com\\\/se-puede\\\/#website\",\"url\":\"https:\\\/\\\/dudasytextos.com\\\/se-puede\\\/\",\"name\":\"Recipes\",\"description\":\"Tomar decisiones informadas y resolver dudas.\",\"inLanguage\":\"es-ES\",\"publisher\":{\"@id\":\"https:\\\/\\\/dudasytextos.com\\\/se-puede\\\/#organization\"}}]}\n\t\t<\/script>\n\t\t<!-- All in One SEO -->\n\n","aioseo_head_json":{"title":"Se puede juntar la cuarentena con la regla (2026) \u00bfSe Puede?","description":"\u00bfSe puede juntar la cuarentena con la regla? \u00a1Hola a todos! Soy Ana Gonz\u00e1lez y en este art\u00edculo vamos a hablar de una pregunta muy com\u00fan que muchas mujeres se hacen durante la cuarentena: \u00bfse puede juntar la cuarentena con la regla? \u00a1Vamos a descubrirlo juntos! Curiosidades sobre la cuarentena y la regla La cuarentena","canonical_url":"https:\/\/dudasytextos.com\/se-puede\/se-puede-juntar-la-cuarentena-con-la-regla\/","robots":"max-snippet:-1, max-image-preview:large, max-video-preview:-1","keywords":"","webmasterTools":{"miscellaneous":"&lt;script async src=\"https:\/\/pagead2.googlesyndication.com\/pagead\/js\/adsbygoogle.js?client=ca-pub-3987500858204711\"\n     crossorigin=\"anonymous\"&gt;&lt;\/script&gt;\n&lt;!-- Google tag (gtag.js) --&gt;\n&lt;script async src=\"https:\/\/www.googletagmanager.com\/gtag\/js?id=G-TYJ2FRZ8ZF\"&gt;&lt;\/script&gt;\n&lt;script&gt;\n  window.dataLayer = window.dataLayer || [];\n  function gtag(){dataLayer.push(arguments);}\n  gtag('js', new Date());\n\n  gtag('config', 'G-TYJ2FRZ8ZF');\n&lt;\/script&gt;"},"schema":{"@context":"https:\/\/schema.org","@graph":[{"@type":"BlogPosting","@id":"https:\/\/dudasytextos.com\/se-puede\/se-puede-juntar-la-cuarentena-con-la-regla\/#blogposting","name":"Se puede juntar la cuarentena con la regla (2026) \u00bfSe Puede?","headline":"Se puede juntar la cuarentena con la regla","author":{"@id":"https:\/\/dudasytextos.com\/se-puede\/author\/admin23\/#author"},"publisher":{"@id":"https:\/\/dudasytextos.com\/se-puede\/#organization"},"datePublished":"2025-02-19T17:38:23+00:00","dateModified":"2025-03-13T07:37:08+00:00","inLanguage":"es-ES","mainEntityOfPage":{"@id":"https:\/\/dudasytextos.com\/se-puede\/se-puede-juntar-la-cuarentena-con-la-regla\/#webpage"},"isPartOf":{"@id":"https:\/\/dudasytextos.com\/se-puede\/se-puede-juntar-la-cuarentena-con-la-regla\/#webpage"},"articleSection":"\u00bfSe puede?"},{"@type":"BreadcrumbList","@id":"https:\/\/dudasytextos.com\/se-puede\/se-puede-juntar-la-cuarentena-con-la-regla\/#breadcrumblist","itemListElement":[{"@type":"ListItem","@id":"https:\/\/dudasytextos.com\/se-puede#listItem","position":1,"name":"Home","item":"https:\/\/dudasytextos.com\/se-puede","nextItem":{"@type":"ListItem","@id":"https:\/\/dudasytextos.com\/se-puede\/category\/se-puede\/#listItem","name":"\u00bfSe puede?"}},{"@type":"ListItem","@id":"https:\/\/dudasytextos.com\/se-puede\/category\/se-puede\/#listItem","position":2,"name":"\u00bfSe puede?","item":"https:\/\/dudasytextos.com\/se-puede\/category\/se-puede\/","nextItem":{"@type":"ListItem","@id":"https:\/\/dudasytextos.com\/se-puede\/se-puede-juntar-la-cuarentena-con-la-regla\/#listItem","name":"Se puede juntar la cuarentena con la regla"},"previousItem":{"@type":"ListItem","@id":"https:\/\/dudasytextos.com\/se-puede#listItem","name":"Home"}},{"@type":"ListItem","@id":"https:\/\/dudasytextos.com\/se-puede\/se-puede-juntar-la-cuarentena-con-la-regla\/#listItem","position":3,"name":"Se puede juntar la cuarentena con la regla","previousItem":{"@type":"ListItem","@id":"https:\/\/dudasytextos.com\/se-puede\/category\/se-puede\/#listItem","name":"\u00bfSe puede?"}}]},{"@type":"Organization","@id":"https:\/\/dudasytextos.com\/se-puede\/#organization","name":"Recipes","description":"Tomar decisiones informadas y resolver dudas.","url":"https:\/\/dudasytextos.com\/se-puede\/"},{"@type":"Person","@id":"https:\/\/dudasytextos.com\/se-puede\/author\/admin23\/#author","url":"https:\/\/dudasytextos.com\/se-puede\/author\/admin23\/","name":"Ana Gonz\u00e1lez"},{"@type":"WebPage","@id":"https:\/\/dudasytextos.com\/se-puede\/se-puede-juntar-la-cuarentena-con-la-regla\/#webpage","url":"https:\/\/dudasytextos.com\/se-puede\/se-puede-juntar-la-cuarentena-con-la-regla\/","name":"Se puede juntar la cuarentena con la regla (2026) \u00bfSe Puede?","description":"\u00bfSe puede juntar la cuarentena con la regla? \u00a1Hola a todos! Soy Ana Gonz\u00e1lez y en este art\u00edculo vamos a hablar de una pregunta muy com\u00fan que muchas mujeres se hacen durante la cuarentena: \u00bfse puede juntar la cuarentena con la regla? \u00a1Vamos a descubrirlo juntos! Curiosidades sobre la cuarentena y la regla La cuarentena","inLanguage":"es-ES","isPartOf":{"@id":"https:\/\/dudasytextos.com\/se-puede\/#website"},"breadcrumb":{"@id":"https:\/\/dudasytextos.com\/se-puede\/se-puede-juntar-la-cuarentena-con-la-regla\/#breadcrumblist"},"author":{"@id":"https:\/\/dudasytextos.com\/se-puede\/author\/admin23\/#author"},"creator":{"@id":"https:\/\/dudasytextos.com\/se-puede\/author\/admin23\/#author"},"datePublished":"2025-02-19T17:38:23+00:00","dateModified":"2025-03-13T07:37:08+00:00"},{"@type":"WebSite","@id":"https:\/\/dudasytextos.com\/se-puede\/#website","url":"https:\/\/dudasytextos.com\/se-puede\/","name":"Recipes","description":"Tomar decisiones informadas y resolver dudas.","inLanguage":"es-ES","publisher":{"@id":"https:\/\/dudasytextos.com\/se-puede\/#organization"}}]},"og:locale":"es_ES","og:site_name":"\u00bfSe Puede? - Tomar decisiones informadas y resolver dudas.","og:type":"article","og:title":"Se puede juntar la cuarentena con la regla (2026) \u00bfSe Puede?","og:description":"\u00bfSe puede juntar la cuarentena con la regla? \u00a1Hola a todos! Soy Ana Gonz\u00e1lez y en este art\u00edculo vamos a hablar de una pregunta muy com\u00fan que muchas mujeres se hacen durante la cuarentena: \u00bfse puede juntar la cuarentena con la regla? \u00a1Vamos a descubrirlo juntos! Curiosidades sobre la cuarentena y la regla La cuarentena","og:url":"https:\/\/dudasytextos.com\/se-puede\/se-puede-juntar-la-cuarentena-con-la-regla\/","article:published_time":"2025-02-19T17:38:23+00:00","article:modified_time":"2025-03-13T07:37:08+00:00","twitter:card":"summary_large_image","twitter:title":"Se puede juntar la cuarentena con la regla (2026) \u00bfSe Puede?","twitter:description":"\u00bfSe puede juntar la cuarentena con la regla? \u00a1Hola a todos! Soy Ana Gonz\u00e1lez y en este art\u00edculo vamos a hablar de una pregunta muy com\u00fan que muchas mujeres se hacen durante la cuarentena: \u00bfse puede juntar la cuarentena con la regla? \u00a1Vamos a descubrirlo juntos! Curiosidades sobre la cuarentena y la regla La cuarentena"},"aioseo_meta_data":{"post_id":"132001","title":null,"description":null,"keywords":null,"keyphrases":null,"primary_term":null,"canonical_url":null,"og_title":null,"og_description":null,"og_object_type":"default","og_image_type":"default","og_image_url":null,"og_image_width":null,"og_image_height":null,"og_image_custom_url":null,"og_image_custom_fields":null,"og_video":null,"og_custom_url":null,"og_article_section":null,"og_article_tags":null,"twitter_use_og":false,"twitter_card":"default","twitter_image_type":"default","twitter_image_url":null,"twitter_image_custom_url":null,"twitter_image_custom_fields":null,"twitter_title":null,"twitter_description":null,"schema":{"blockGraphs":[],"customGraphs":[],"default":{"data":{"Article":[],"Course":[],"Dataset":[],"FAQPage":[],"Movie":[],"Person":[],"Product":[],"ProductReview":[],"Car":[],"Recipe":[],"Service":[],"SoftwareApplication":[],"WebPage":[]},"graphName":"","isEnabled":true},"graphs":[]},"schema_type":"default","schema_type_options":null,"pillar_content":false,"robots_default":true,"robots_noindex":false,"robots_noarchive":false,"robots_nosnippet":false,"robots_nofollow":false,"robots_noimageindex":false,"robots_noodp":false,"robots_notranslate":false,"robots_max_snippet":null,"robots_max_videopreview":null,"robots_max_imagepreview":"large","priority":null,"frequency":null,"local_seo":null,"breadcrumb_settings":null,"limit_modified_date":false,"ai":null,"created":"2023-05-03 09:28:32","updated":"2025-03-13 17:53:51","seo_analyzer_scan_date":null,"focus_keyword":null,"additional_keywords":null,"truseo_locale":null},"aioseo_breadcrumb":"<div class=\"aioseo-breadcrumbs\"><span class=\"aioseo-breadcrumb\">\n\t\t\t<a href=\"https:\/\/dudasytextos.com\/se-puede\" title=\"Home\">Home<\/a>\n\t\t<\/span><span class=\"aioseo-breadcrumb-separator\">&raquo;<\/span><span class=\"aioseo-breadcrumb\">\n\t\t\t<a href=\"https:\/\/dudasytextos.com\/se-puede\/category\/se-puede\/\" title=\"\u00bfSe puede?\">\u00bfSe puede?<\/a>\n\t\t<\/span><span class=\"aioseo-breadcrumb-separator\">&raquo;<\/span><span class=\"aioseo-breadcrumb\">\n\t\t\tSe puede juntar la cuarentena con la regla\n\t\t<\/span><\/div>","aioseo_breadcrumb_json":[{"label":"Home","link":"https:\/\/dudasytextos.com\/se-puede"},{"label":"\u00bfSe puede?","link":"https:\/\/dudasytextos.com\/se-puede\/category\/se-puede\/"},{"label":"Se puede juntar la cuarentena con la regla","link":"https:\/\/dudasytextos.com\/se-puede\/se-puede-juntar-la-cuarentena-con-la-regla\/"}],"_links":{"self":[{"href":"https:\/\/dudasytextos.com\/se-puede\/wp-json\/wp\/v2\/posts\/132001","targetHints":{"allow":["GET"]}}],"collection":[{"href":"https:\/\/dudasytextos.com\/se-puede\/wp-json\/wp\/v2\/posts"}],"about":[{"href":"https:\/\/dudasytextos.com\/se-puede\/wp-json\/wp\/v2\/types\/post"}],"author":[{"embeddable":true,"href":"https:\/\/dudasytextos.com\/se-puede\/wp-json\/wp\/v2\/users\/1"}],"replies":[{"embeddable":true,"href":"https:\/\/dudasytextos.com\/se-puede\/wp-json\/wp\/v2\/comments?post=132001"}],"version-history":[{"count":1,"href":"https:\/\/dudasytextos.com\/se-puede\/wp-json\/wp\/v2\/posts\/132001\/revisions"}],"predecessor-version":[{"id":137226,"href":"https:\/\/dudasytextos.com\/se-puede\/wp-json\/wp\/v2\/posts\/132001\/revisions\/137226"}],"wp:attachment":[{"href":"https:\/\/dudasytextos.com\/se-puede\/wp-json\/wp\/v2\/media?parent=132001"}],"wp:term":[{"taxonomy":"category","embeddable":true,"href":"https:\/\/dudasytextos.com\/se-puede\/wp-json\/wp\/v2\/categories?post=132001"},{"taxonomy":"post_tag","embeddable":true,"href":"https:\/\/dudasytextos.com\/se-puede\/wp-json\/wp\/v2\/tags?post=132001"}],"curies":[{"name":"wp","href":"https:\/\/api.w.org\/{rel}","templated":true}]}}