{"id":132008,"date":"2025-03-08T00:08:14","date_gmt":"2025-03-08T00:08:14","guid":{"rendered":"https:\/\/educacion.cc\/?p=132008"},"modified":"2025-03-12T15:48:28","modified_gmt":"2025-03-12T15:48:28","slug":"se-puede-sellar-el-paro-un-dia-antes","status":"publish","type":"post","link":"https:\/\/dudasytextos.com\/se-puede\/se-puede-sellar-el-paro-un-dia-antes\/","title":{"rendered":"Se puede sellar el paro un d\u00eda antes"},"content":{"rendered":"<div id=\"ez-toc-container\" class=\"ez-toc-v2_0_87 counter-hierarchy ez-toc-counter ez-toc-custom ez-toc-container-direction\">\n<div class=\"ez-toc-title-container\">\n<span class=\"ez-toc-title-toggle\"><\/span><\/div>\n<nav><ul class='ez-toc-list ez-toc-list-level-1 ' ><li class='ez-toc-page-1 ez-toc-heading-level-2'><a class=\"ez-toc-link ez-toc-heading-1\" href=\"https:\/\/dudasytextos.com\/se-puede\/se-puede-sellar-el-paro-un-dia-antes\/#Se_Puede_Sellar_El_Paro_Un_Dia_Antes\" >Se Puede Sellar El Paro Un D\u00eda Antes<\/a><\/li><li class='ez-toc-page-1 ez-toc-heading-level-2'><a class=\"ez-toc-link ez-toc-heading-2\" href=\"https:\/\/dudasytextos.com\/se-puede\/se-puede-sellar-el-paro-un-dia-antes\/#Cosas_que_debes_saber_sobre_el_sellado_del_paro\" >Cosas que debes saber sobre el sellado del paro<\/a><\/li><li class='ez-toc-page-1 ez-toc-heading-level-2'><a class=\"ez-toc-link ez-toc-heading-3\" href=\"https:\/\/dudasytextos.com\/se-puede\/se-puede-sellar-el-paro-un-dia-antes\/#Mi_experiencia_personal_sellando_el_paro\" >Mi experiencia personal sellando el paro<\/a><\/li><li class='ez-toc-page-1 ez-toc-heading-level-2'><a class=\"ez-toc-link ez-toc-heading-4\" href=\"https:\/\/dudasytextos.com\/se-puede\/se-puede-sellar-el-paro-un-dia-antes\/#Estadisticas_sobre_el_sellado_del_paro_en_Espana\" >Estad\u00edsticas sobre el sellado del paro en Espa\u00f1a<\/a><\/li><li class='ez-toc-page-1 ez-toc-heading-level-2'><a class=\"ez-toc-link ez-toc-heading-5\" href=\"https:\/\/dudasytextos.com\/se-puede\/se-puede-sellar-el-paro-un-dia-antes\/#Preguntas_frecuentes_sobre_el_sellado_del_paro\" >Preguntas frecuentes sobre el sellado del paro<\/a><ul class='ez-toc-list-level-3' ><li class='ez-toc-heading-level-3'><a class=\"ez-toc-link ez-toc-heading-6\" href=\"https:\/\/dudasytextos.com\/se-puede\/se-puede-sellar-el-paro-un-dia-antes\/#%C2%BFPuedo_sellar_el_paro_un_dia_antes_de_la_fecha_indicada\" >\u00bfPuedo sellar el paro un d\u00eda antes de la fecha indicada?<\/a><\/li><li class='ez-toc-page-1 ez-toc-heading-level-3'><a class=\"ez-toc-link ez-toc-heading-7\" href=\"https:\/\/dudasytextos.com\/se-puede\/se-puede-sellar-el-paro-un-dia-antes\/#%C2%BFEs_obligatorio_sellar_el_paro_de_forma_telematica\" >\u00bfEs obligatorio sellar el paro de forma telem\u00e1tica?<\/a><\/li><li class='ez-toc-page-1 ez-toc-heading-level-3'><a class=\"ez-toc-link ez-toc-heading-8\" href=\"https:\/\/dudasytextos.com\/se-puede\/se-puede-sellar-el-paro-un-dia-antes\/#%C2%BFQue_pasa_si_no_sellas_el_paro\" >\u00bfQu\u00e9 pasa si no sellas el paro?<\/a><\/li><li class='ez-toc-page-1 ez-toc-heading-level-3'><a class=\"ez-toc-link ez-toc-heading-9\" href=\"https:\/\/dudasytextos.com\/se-puede\/se-puede-sellar-el-paro-un-dia-antes\/#%C2%BFCuanto_tiempo_tengo_para_sellar_el_paro\" >\u00bfCu\u00e1nto tiempo tengo para sellar el paro?<\/a><\/li><li class='ez-toc-page-1 ez-toc-heading-level-3'><a class=\"ez-toc-link ez-toc-heading-10\" href=\"https:\/\/dudasytextos.com\/se-puede\/se-puede-sellar-el-paro-un-dia-antes\/#%C2%BFPuedo_cambiar_la_fecha_de_la_cita_para_sellar_el_paro\" >\u00bfPuedo cambiar la fecha de la cita para sellar el paro?<\/a><\/li><\/ul><\/li><\/ul><\/nav><\/div>\n<h2><span class=\"ez-toc-section\" id=\"Se_Puede_Sellar_El_Paro_Un_Dia_Antes\"><\/span>Se Puede Sellar El Paro Un D\u00eda Antes<span class=\"ez-toc-section-end\"><\/span><\/h2>\n<p>Por Ana Gonz\u00e1lez<\/p>\n<section>\n<h2><span class=\"ez-toc-section\" id=\"Cosas_que_debes_saber_sobre_el_sellado_del_paro\"><\/span>Cosas que debes saber sobre el sellado del paro<span class=\"ez-toc-section-end\"><\/span><\/h2>\n<ul>\n<li>El sellado del paro es un tr\u00e1mite obligatorio para todas las personas en Espa\u00f1a que est\u00e1n en situaci\u00f3n de desempleo.<\/li>\n<li>El sellado del paro se realiza para demostrar que se sigue en b\u00fasqueda activa de empleo y para poder seguir cobrando la prestaci\u00f3n por desempleo.<\/li>\n<li>El sellado del paro se puede hacer tanto de forma presencial en las oficinas del Servicio P\u00fablico de Empleo Estatal (SEPE) como de forma telem\u00e1tica a trav\u00e9s de la p\u00e1gina web del SEPE.<\/li>\n<li>El sellado del paro se puede hacer en cualquier momento del d\u00eda, no necesariamente el d\u00eda que se indica en la cita. Esto significa que se puede sellar el paro un d\u00eda antes de la fecha indicada.<\/li>\n<\/ul>\n<\/section>\n<section>\n<h2><span class=\"ez-toc-section\" id=\"Mi_experiencia_personal_sellando_el_paro\"><\/span>Mi experiencia personal sellando el paro<span class=\"ez-toc-section-end\"><\/span><\/h2>\n<p>Cuando perd\u00ed mi trabajo, lo primero que hice fue acudir a la oficina de empleo para solicitar la prestaci\u00f3n por desempleo. Me dieron una cita para sellar el paro y me explicaron todo el proceso.<\/p>\n<p>La primera vez que sell\u00e9 el paro, fui a la oficina en persona. Fue un poco abrumador porque hab\u00eda mucha gente esperando y no sab\u00eda exactamente c\u00f3mo funcionaba el proceso. Pero al final todo sali\u00f3 bien y sell\u00e9 el paro sin problemas.<\/p>\n<p>Despu\u00e9s de esa primera vez, decid\u00ed probar a sellar el paro de forma telem\u00e1tica. Fue mucho m\u00e1s c\u00f3modo y r\u00e1pido. Solo tuve que entrar en la p\u00e1gina web del SEPE, introducir mis datos personales y seguir los pasos indicados. En menos de cinco minutos hab\u00eda sellado el paro.<\/p>\n<p>Desde entonces, siempre he sellado el paro de forma telem\u00e1tica y nunca he tenido ning\u00fan problema. Me parece una opci\u00f3n muy c\u00f3moda y pr\u00e1ctica.<\/p>\n<\/section>\n<section>\n<h2><span class=\"ez-toc-section\" id=\"Estadisticas_sobre_el_sellado_del_paro_en_Espana\"><\/span>Estad\u00edsticas sobre el sellado del paro en Espa\u00f1a<span class=\"ez-toc-section-end\"><\/span><\/h2>\n<p>Seg\u00fan datos del SEPE, en el segundo trimestre de 2021 se registraron un total de 1.035.609 sellados de demanda de empleo en Espa\u00f1a.<\/p>\n<p>De estos sellados, el 87,4% se realizaron de forma telem\u00e1tica y el 12,6% de forma presencial.<\/p>\n<p>Esto demuestra que cada vez son m\u00e1s las personas que optan por sellar el paro de forma telem\u00e1tica debido a su comodidad y rapidez.<\/p>\n<\/section>\n<section>\n<h2><span class=\"ez-toc-section\" id=\"Preguntas_frecuentes_sobre_el_sellado_del_paro\"><\/span>Preguntas frecuentes sobre el sellado del paro<span class=\"ez-toc-section-end\"><\/span><\/h2>\n<h3><span class=\"ez-toc-section\" id=\"%C2%BFPuedo_sellar_el_paro_un_dia_antes_de_la_fecha_indicada\"><\/span>\u00bfPuedo sellar el paro un d\u00eda antes de la fecha indicada?<span class=\"ez-toc-section-end\"><\/span><\/h3>\n<p>S\u00ed, se puede sellar el paro un d\u00eda antes de la fecha indicada. De hecho, se puede sellar en cualquier momento del d\u00eda, no necesariamente en el d\u00eda que se indica en la cita.<\/p>\n<h3><span class=\"ez-toc-section\" id=\"%C2%BFEs_obligatorio_sellar_el_paro_de_forma_telematica\"><\/span>\u00bfEs obligatorio sellar el paro de forma telem\u00e1tica?<span class=\"ez-toc-section-end\"><\/span><\/h3>\n<p>No, no es obligatorio sellar el paro de forma telem\u00e1tica. Se puede sellar el paro de forma presencial en las oficinas del SEPE si se prefiere.<\/p>\n<h3><span class=\"ez-toc-section\" id=\"%C2%BFQue_pasa_si_no_sellas_el_paro\"><\/span>\u00bfQu\u00e9 pasa si no sellas el paro?<span class=\"ez-toc-section-end\"><\/span><\/h3>\n<p>Si no sellas el paro, el SEPE puede suspender el pago de la prestaci\u00f3n por desempleo hasta que se regularice la situaci\u00f3n.<\/p>\n<h3><span class=\"ez-toc-section\" id=\"%C2%BFCuanto_tiempo_tengo_para_sellar_el_paro\"><\/span>\u00bfCu\u00e1nto tiempo tengo para sellar el paro?<span class=\"ez-toc-section-end\"><\/span><\/h3>\n<p>El plazo para sellar el paro es de 15 d\u00edas h\u00e1biles a partir de la fecha indicada en la cita.<\/p>\n<h3><span class=\"ez-toc-section\" id=\"%C2%BFPuedo_cambiar_la_fecha_de_la_cita_para_sellar_el_paro\"><\/span>\u00bfPuedo cambiar la fecha de la cita para sellar el paro?<span class=\"ez-toc-section-end\"><\/span><\/h3>\n<p>S\u00ed, se puede cambiar la fecha de la cita para sellar el paro. Para ello, es necesario contactar con el SEPE y solicitar el cambio de fecha.<\/p>\n<\/section>\n<footer>\n<p>\u00a9 2023 Ana Gonz\u00e1lez. Todos los derechos reservados.<\/p>\n<\/footer>\n","protected":false},"excerpt":{"rendered":"<p>Se Puede Sellar El Paro Un D\u00eda Antes Por Ana Gonz\u00e1lez Cosas que debes saber sobre el sellado del paro El sellado del paro es un tr\u00e1mite obligatorio para todas las personas en Espa\u00f1a que est\u00e1n en situaci\u00f3n de desempleo. El sellado del paro se realiza para demostrar que se sigue en b\u00fasqueda activa de &#8230; <a title=\"Se puede sellar el paro un d\u00eda antes\" class=\"read-more\" href=\"https:\/\/dudasytextos.com\/se-puede\/se-puede-sellar-el-paro-un-dia-antes\/\" aria-label=\"M\u00e1s en Se puede sellar el paro un d\u00eda antes\">Leer m\u00e1s<\/a><\/p>\n","protected":false},"author":1,"featured_media":0,"comment_status":"open","ping_status":"open","sticky":false,"template":"","format":"standard","meta":{"footnotes":""},"categories":[8,3],"tags":[],"class_list":["post-132008","post","type-post","status-publish","format-standard","hentry","category-paro","category-se-puede"],"aioseo_notices":[],"aioseo_head":"\n\t\t<!-- All in One SEO 5.0.1.1 - aioseo.com -->\n\t<meta name=\"description\" content=\"Se Puede Sellar El Paro Un D\u00eda Antes Por Ana Gonz\u00e1lez Cosas que debes saber sobre el sellado del paro El sellado del paro es un tr\u00e1mite obligatorio para todas las personas en Espa\u00f1a que est\u00e1n en situaci\u00f3n de desempleo. El sellado del paro se realiza para demostrar que se sigue en b\u00fasqueda activa de\" \/>\n\t<meta name=\"robots\" content=\"max-snippet:-1, max-image-preview:large, max-video-preview:-1\" \/>\n\t<meta name=\"author\" content=\"Ana Gonz\u00e1lez\"\/>\n\t<link rel=\"canonical\" href=\"https:\/\/dudasytextos.com\/se-puede\/se-puede-sellar-el-paro-un-dia-antes\/\" \/>\n\t<meta name=\"generator\" content=\"All in One SEO (AIOSEO) 5.0.1.1\" \/>\n\n\t\t<script async src=\"https:\/\/pagead2.googlesyndication.com\/pagead\/js\/adsbygoogle.js?client=ca-pub-3987500858204711\"\n     crossorigin=\"anonymous\"><\/script>\n<!-- Google tag (gtag.js) -->\n<script async src=\"https:\/\/www.googletagmanager.com\/gtag\/js?id=G-TYJ2FRZ8ZF\"><\/script>\n<script>\n  window.dataLayer = window.dataLayer || [];\n  function gtag(){dataLayer.push(arguments);}\n  gtag('js', new Date());\n\n  gtag('config', 'G-TYJ2FRZ8ZF');\n<\/script>\n\t\t<meta property=\"og:locale\" content=\"es_ES\" \/>\n\t\t<meta property=\"og:site_name\" content=\"\u00bfSe Puede? - Tomar decisiones informadas y resolver dudas.\" \/>\n\t\t<meta property=\"og:type\" content=\"article\" \/>\n\t\t<meta property=\"og:title\" content=\"Se puede sellar el paro un d\u00eda antes (2026) \u00bfSe Puede?\" \/>\n\t\t<meta property=\"og:description\" content=\"Se Puede Sellar El Paro Un D\u00eda Antes Por Ana Gonz\u00e1lez Cosas que debes saber sobre el sellado del paro El sellado del paro es un tr\u00e1mite obligatorio para todas las personas en Espa\u00f1a que est\u00e1n en situaci\u00f3n de desempleo. El sellado del paro se realiza para demostrar que se sigue en b\u00fasqueda activa de\" \/>\n\t\t<meta property=\"og:url\" content=\"https:\/\/dudasytextos.com\/se-puede\/se-puede-sellar-el-paro-un-dia-antes\/\" \/>\n\t\t<meta property=\"article:published_time\" content=\"2025-03-08T00:08:14+00:00\" \/>\n\t\t<meta property=\"article:modified_time\" content=\"2025-03-12T15:48:28+00:00\" \/>\n\t\t<meta name=\"twitter:card\" content=\"summary_large_image\" \/>\n\t\t<meta name=\"twitter:title\" content=\"Se puede sellar el paro un d\u00eda antes (2026) \u00bfSe Puede?\" \/>\n\t\t<meta name=\"twitter:description\" content=\"Se Puede Sellar El Paro Un D\u00eda Antes Por Ana Gonz\u00e1lez Cosas que debes saber sobre el sellado del paro El sellado del paro es un tr\u00e1mite obligatorio para todas las personas en Espa\u00f1a que est\u00e1n en situaci\u00f3n de desempleo. El sellado del paro se realiza para demostrar que se sigue en b\u00fasqueda activa de\" \/>\n\t\t<script type=\"application\/ld+json\" class=\"aioseo-schema\">\n\t\t\t{\"@context\":\"https:\\\/\\\/schema.org\",\"@graph\":[{\"@type\":\"BlogPosting\",\"@id\":\"https:\\\/\\\/dudasytextos.com\\\/se-puede\\\/se-puede-sellar-el-paro-un-dia-antes\\\/#blogposting\",\"name\":\"Se puede sellar el paro un d\\u00eda antes (2026) \\u00bfSe Puede?\",\"headline\":\"Se puede sellar el paro un d\\u00eda antes\",\"author\":{\"@id\":\"https:\\\/\\\/dudasytextos.com\\\/se-puede\\\/author\\\/admin23\\\/#author\"},\"publisher\":{\"@id\":\"https:\\\/\\\/dudasytextos.com\\\/se-puede\\\/#organization\"},\"datePublished\":\"2025-03-08T00:08:14+00:00\",\"dateModified\":\"2025-03-12T15:48:28+00:00\",\"inLanguage\":\"es-ES\",\"mainEntityOfPage\":{\"@id\":\"https:\\\/\\\/dudasytextos.com\\\/se-puede\\\/se-puede-sellar-el-paro-un-dia-antes\\\/#webpage\"},\"isPartOf\":{\"@id\":\"https:\\\/\\\/dudasytextos.com\\\/se-puede\\\/se-puede-sellar-el-paro-un-dia-antes\\\/#webpage\"},\"articleSection\":\"Paro, \\u00bfSe puede?\"},{\"@type\":\"BreadcrumbList\",\"@id\":\"https:\\\/\\\/dudasytextos.com\\\/se-puede\\\/se-puede-sellar-el-paro-un-dia-antes\\\/#breadcrumblist\",\"itemListElement\":[{\"@type\":\"ListItem\",\"@id\":\"https:\\\/\\\/dudasytextos.com\\\/se-puede#listItem\",\"position\":1,\"name\":\"Home\",\"item\":\"https:\\\/\\\/dudasytextos.com\\\/se-puede\",\"nextItem\":{\"@type\":\"ListItem\",\"@id\":\"https:\\\/\\\/dudasytextos.com\\\/se-puede\\\/category\\\/se-puede\\\/#listItem\",\"name\":\"\\u00bfSe puede?\"}},{\"@type\":\"ListItem\",\"@id\":\"https:\\\/\\\/dudasytextos.com\\\/se-puede\\\/category\\\/se-puede\\\/#listItem\",\"position\":2,\"name\":\"\\u00bfSe puede?\",\"item\":\"https:\\\/\\\/dudasytextos.com\\\/se-puede\\\/category\\\/se-puede\\\/\",\"nextItem\":{\"@type\":\"ListItem\",\"@id\":\"https:\\\/\\\/dudasytextos.com\\\/se-puede\\\/se-puede-sellar-el-paro-un-dia-antes\\\/#listItem\",\"name\":\"Se puede sellar el paro un d\\u00eda antes\"},\"previousItem\":{\"@type\":\"ListItem\",\"@id\":\"https:\\\/\\\/dudasytextos.com\\\/se-puede#listItem\",\"name\":\"Home\"}},{\"@type\":\"ListItem\",\"@id\":\"https:\\\/\\\/dudasytextos.com\\\/se-puede\\\/se-puede-sellar-el-paro-un-dia-antes\\\/#listItem\",\"position\":3,\"name\":\"Se puede sellar el paro un d\\u00eda antes\",\"previousItem\":{\"@type\":\"ListItem\",\"@id\":\"https:\\\/\\\/dudasytextos.com\\\/se-puede\\\/category\\\/se-puede\\\/#listItem\",\"name\":\"\\u00bfSe puede?\"}}]},{\"@type\":\"Organization\",\"@id\":\"https:\\\/\\\/dudasytextos.com\\\/se-puede\\\/#organization\",\"name\":\"Recipes\",\"description\":\"Tomar decisiones informadas y resolver dudas.\",\"url\":\"https:\\\/\\\/dudasytextos.com\\\/se-puede\\\/\"},{\"@type\":\"Person\",\"@id\":\"https:\\\/\\\/dudasytextos.com\\\/se-puede\\\/author\\\/admin23\\\/#author\",\"url\":\"https:\\\/\\\/dudasytextos.com\\\/se-puede\\\/author\\\/admin23\\\/\",\"name\":\"Ana Gonz\\u00e1lez\"},{\"@type\":\"WebPage\",\"@id\":\"https:\\\/\\\/dudasytextos.com\\\/se-puede\\\/se-puede-sellar-el-paro-un-dia-antes\\\/#webpage\",\"url\":\"https:\\\/\\\/dudasytextos.com\\\/se-puede\\\/se-puede-sellar-el-paro-un-dia-antes\\\/\",\"name\":\"Se puede sellar el paro un d\\u00eda antes (2026) \\u00bfSe Puede?\",\"description\":\"Se Puede Sellar El Paro Un D\\u00eda Antes Por Ana Gonz\\u00e1lez Cosas que debes saber sobre el sellado del paro El sellado del paro es un tr\\u00e1mite obligatorio para todas las personas en Espa\\u00f1a que est\\u00e1n en situaci\\u00f3n de desempleo. El sellado del paro se realiza para demostrar que se sigue en b\\u00fasqueda activa de\",\"inLanguage\":\"es-ES\",\"isPartOf\":{\"@id\":\"https:\\\/\\\/dudasytextos.com\\\/se-puede\\\/#website\"},\"breadcrumb\":{\"@id\":\"https:\\\/\\\/dudasytextos.com\\\/se-puede\\\/se-puede-sellar-el-paro-un-dia-antes\\\/#breadcrumblist\"},\"author\":{\"@id\":\"https:\\\/\\\/dudasytextos.com\\\/se-puede\\\/author\\\/admin23\\\/#author\"},\"creator\":{\"@id\":\"https:\\\/\\\/dudasytextos.com\\\/se-puede\\\/author\\\/admin23\\\/#author\"},\"datePublished\":\"2025-03-08T00:08:14+00:00\",\"dateModified\":\"2025-03-12T15:48:28+00:00\"},{\"@type\":\"WebSite\",\"@id\":\"https:\\\/\\\/dudasytextos.com\\\/se-puede\\\/#website\",\"url\":\"https:\\\/\\\/dudasytextos.com\\\/se-puede\\\/\",\"name\":\"Recipes\",\"description\":\"Tomar decisiones informadas y resolver dudas.\",\"inLanguage\":\"es-ES\",\"publisher\":{\"@id\":\"https:\\\/\\\/dudasytextos.com\\\/se-puede\\\/#organization\"}}]}\n\t\t<\/script>\n\t\t<!-- All in One SEO -->\n\n","aioseo_head_json":{"title":"Se puede sellar el paro un d\u00eda antes (2026) \u00bfSe Puede?","description":"Se Puede Sellar El Paro Un D\u00eda Antes Por Ana Gonz\u00e1lez Cosas que debes saber sobre el sellado del paro El sellado del paro es un tr\u00e1mite obligatorio para todas las personas en Espa\u00f1a que est\u00e1n en situaci\u00f3n de desempleo. El sellado del paro se realiza para demostrar que se sigue en b\u00fasqueda activa de","canonical_url":"https:\/\/dudasytextos.com\/se-puede\/se-puede-sellar-el-paro-un-dia-antes\/","robots":"max-snippet:-1, max-image-preview:large, max-video-preview:-1","keywords":"","webmasterTools":{"miscellaneous":"&lt;script async src=\"https:\/\/pagead2.googlesyndication.com\/pagead\/js\/adsbygoogle.js?client=ca-pub-3987500858204711\"\n     crossorigin=\"anonymous\"&gt;&lt;\/script&gt;\n&lt;!-- Google tag (gtag.js) --&gt;\n&lt;script async src=\"https:\/\/www.googletagmanager.com\/gtag\/js?id=G-TYJ2FRZ8ZF\"&gt;&lt;\/script&gt;\n&lt;script&gt;\n  window.dataLayer = window.dataLayer || [];\n  function gtag(){dataLayer.push(arguments);}\n  gtag('js', new Date());\n\n  gtag('config', 'G-TYJ2FRZ8ZF');\n&lt;\/script&gt;"},"schema":{"@context":"https:\/\/schema.org","@graph":[{"@type":"BlogPosting","@id":"https:\/\/dudasytextos.com\/se-puede\/se-puede-sellar-el-paro-un-dia-antes\/#blogposting","name":"Se puede sellar el paro un d\u00eda antes (2026) \u00bfSe Puede?","headline":"Se puede sellar el paro un d\u00eda antes","author":{"@id":"https:\/\/dudasytextos.com\/se-puede\/author\/admin23\/#author"},"publisher":{"@id":"https:\/\/dudasytextos.com\/se-puede\/#organization"},"datePublished":"2025-03-08T00:08:14+00:00","dateModified":"2025-03-12T15:48:28+00:00","inLanguage":"es-ES","mainEntityOfPage":{"@id":"https:\/\/dudasytextos.com\/se-puede\/se-puede-sellar-el-paro-un-dia-antes\/#webpage"},"isPartOf":{"@id":"https:\/\/dudasytextos.com\/se-puede\/se-puede-sellar-el-paro-un-dia-antes\/#webpage"},"articleSection":"Paro, \u00bfSe puede?"},{"@type":"BreadcrumbList","@id":"https:\/\/dudasytextos.com\/se-puede\/se-puede-sellar-el-paro-un-dia-antes\/#breadcrumblist","itemListElement":[{"@type":"ListItem","@id":"https:\/\/dudasytextos.com\/se-puede#listItem","position":1,"name":"Home","item":"https:\/\/dudasytextos.com\/se-puede","nextItem":{"@type":"ListItem","@id":"https:\/\/dudasytextos.com\/se-puede\/category\/se-puede\/#listItem","name":"\u00bfSe puede?"}},{"@type":"ListItem","@id":"https:\/\/dudasytextos.com\/se-puede\/category\/se-puede\/#listItem","position":2,"name":"\u00bfSe puede?","item":"https:\/\/dudasytextos.com\/se-puede\/category\/se-puede\/","nextItem":{"@type":"ListItem","@id":"https:\/\/dudasytextos.com\/se-puede\/se-puede-sellar-el-paro-un-dia-antes\/#listItem","name":"Se puede sellar el paro un d\u00eda antes"},"previousItem":{"@type":"ListItem","@id":"https:\/\/dudasytextos.com\/se-puede#listItem","name":"Home"}},{"@type":"ListItem","@id":"https:\/\/dudasytextos.com\/se-puede\/se-puede-sellar-el-paro-un-dia-antes\/#listItem","position":3,"name":"Se puede sellar el paro un d\u00eda antes","previousItem":{"@type":"ListItem","@id":"https:\/\/dudasytextos.com\/se-puede\/category\/se-puede\/#listItem","name":"\u00bfSe puede?"}}]},{"@type":"Organization","@id":"https:\/\/dudasytextos.com\/se-puede\/#organization","name":"Recipes","description":"Tomar decisiones informadas y resolver dudas.","url":"https:\/\/dudasytextos.com\/se-puede\/"},{"@type":"Person","@id":"https:\/\/dudasytextos.com\/se-puede\/author\/admin23\/#author","url":"https:\/\/dudasytextos.com\/se-puede\/author\/admin23\/","name":"Ana Gonz\u00e1lez"},{"@type":"WebPage","@id":"https:\/\/dudasytextos.com\/se-puede\/se-puede-sellar-el-paro-un-dia-antes\/#webpage","url":"https:\/\/dudasytextos.com\/se-puede\/se-puede-sellar-el-paro-un-dia-antes\/","name":"Se puede sellar el paro un d\u00eda antes (2026) \u00bfSe Puede?","description":"Se Puede Sellar El Paro Un D\u00eda Antes Por Ana Gonz\u00e1lez Cosas que debes saber sobre el sellado del paro El sellado del paro es un tr\u00e1mite obligatorio para todas las personas en Espa\u00f1a que est\u00e1n en situaci\u00f3n de desempleo. El sellado del paro se realiza para demostrar que se sigue en b\u00fasqueda activa de","inLanguage":"es-ES","isPartOf":{"@id":"https:\/\/dudasytextos.com\/se-puede\/#website"},"breadcrumb":{"@id":"https:\/\/dudasytextos.com\/se-puede\/se-puede-sellar-el-paro-un-dia-antes\/#breadcrumblist"},"author":{"@id":"https:\/\/dudasytextos.com\/se-puede\/author\/admin23\/#author"},"creator":{"@id":"https:\/\/dudasytextos.com\/se-puede\/author\/admin23\/#author"},"datePublished":"2025-03-08T00:08:14+00:00","dateModified":"2025-03-12T15:48:28+00:00"},{"@type":"WebSite","@id":"https:\/\/dudasytextos.com\/se-puede\/#website","url":"https:\/\/dudasytextos.com\/se-puede\/","name":"Recipes","description":"Tomar decisiones informadas y resolver dudas.","inLanguage":"es-ES","publisher":{"@id":"https:\/\/dudasytextos.com\/se-puede\/#organization"}}]},"og:locale":"es_ES","og:site_name":"\u00bfSe Puede? - Tomar decisiones informadas y resolver dudas.","og:type":"article","og:title":"Se puede sellar el paro un d\u00eda antes (2026) \u00bfSe Puede?","og:description":"Se Puede Sellar El Paro Un D\u00eda Antes Por Ana Gonz\u00e1lez Cosas que debes saber sobre el sellado del paro El sellado del paro es un tr\u00e1mite obligatorio para todas las personas en Espa\u00f1a que est\u00e1n en situaci\u00f3n de desempleo. El sellado del paro se realiza para demostrar que se sigue en b\u00fasqueda activa de","og:url":"https:\/\/dudasytextos.com\/se-puede\/se-puede-sellar-el-paro-un-dia-antes\/","article:published_time":"2025-03-08T00:08:14+00:00","article:modified_time":"2025-03-12T15:48:28+00:00","twitter:card":"summary_large_image","twitter:title":"Se puede sellar el paro un d\u00eda antes (2026) \u00bfSe Puede?","twitter:description":"Se Puede Sellar El Paro Un D\u00eda Antes Por Ana Gonz\u00e1lez Cosas que debes saber sobre el sellado del paro El sellado del paro es un tr\u00e1mite obligatorio para todas las personas en Espa\u00f1a que est\u00e1n en situaci\u00f3n de desempleo. El sellado del paro se realiza para demostrar que se sigue en b\u00fasqueda activa de"},"aioseo_meta_data":{"post_id":"132008","title":null,"description":null,"keywords":null,"keyphrases":null,"primary_term":null,"canonical_url":null,"og_title":null,"og_description":null,"og_object_type":"default","og_image_type":"default","og_image_url":null,"og_image_width":null,"og_image_height":null,"og_image_custom_url":null,"og_image_custom_fields":null,"og_video":null,"og_custom_url":null,"og_article_section":null,"og_article_tags":null,"twitter_use_og":false,"twitter_card":"default","twitter_image_type":"default","twitter_image_url":null,"twitter_image_custom_url":null,"twitter_image_custom_fields":null,"twitter_title":null,"twitter_description":null,"schema":{"blockGraphs":[],"customGraphs":[],"default":{"data":{"Article":[],"Course":[],"Dataset":[],"FAQPage":[],"Movie":[],"Person":[],"Product":[],"ProductReview":[],"Car":[],"Recipe":[],"Service":[],"SoftwareApplication":[],"WebPage":[]},"graphName":"","isEnabled":true},"graphs":[]},"schema_type":"default","schema_type_options":null,"pillar_content":false,"robots_default":true,"robots_noindex":false,"robots_noarchive":false,"robots_nosnippet":false,"robots_nofollow":false,"robots_noimageindex":false,"robots_noodp":false,"robots_notranslate":false,"robots_max_snippet":null,"robots_max_videopreview":null,"robots_max_imagepreview":"large","priority":null,"frequency":null,"local_seo":null,"breadcrumb_settings":null,"limit_modified_date":false,"ai":null,"created":"2023-05-03 09:30:32","updated":"2025-03-14 11:05:12","seo_analyzer_scan_date":null,"focus_keyword":null,"additional_keywords":null,"truseo_locale":null},"aioseo_breadcrumb":"<div class=\"aioseo-breadcrumbs\"><span class=\"aioseo-breadcrumb\">\n\t\t\t<a href=\"https:\/\/dudasytextos.com\/se-puede\" title=\"Home\">Home<\/a>\n\t\t<\/span><span class=\"aioseo-breadcrumb-separator\">&raquo;<\/span><span class=\"aioseo-breadcrumb\">\n\t\t\t<a href=\"https:\/\/dudasytextos.com\/se-puede\/category\/se-puede\/\" title=\"\u00bfSe puede?\">\u00bfSe puede?<\/a>\n\t\t<\/span><span class=\"aioseo-breadcrumb-separator\">&raquo;<\/span><span class=\"aioseo-breadcrumb\">\n\t\t\tSe puede sellar el paro un d\u00eda antes\n\t\t<\/span><\/div>","aioseo_breadcrumb_json":[{"label":"Home","link":"https:\/\/dudasytextos.com\/se-puede"},{"label":"\u00bfSe puede?","link":"https:\/\/dudasytextos.com\/se-puede\/category\/se-puede\/"},{"label":"Se puede sellar el paro un d\u00eda antes","link":"https:\/\/dudasytextos.com\/se-puede\/se-puede-sellar-el-paro-un-dia-antes\/"}],"_links":{"self":[{"href":"https:\/\/dudasytextos.com\/se-puede\/wp-json\/wp\/v2\/posts\/132008","targetHints":{"allow":["GET"]}}],"collection":[{"href":"https:\/\/dudasytextos.com\/se-puede\/wp-json\/wp\/v2\/posts"}],"about":[{"href":"https:\/\/dudasytextos.com\/se-puede\/wp-json\/wp\/v2\/types\/post"}],"author":[{"embeddable":true,"href":"https:\/\/dudasytextos.com\/se-puede\/wp-json\/wp\/v2\/users\/1"}],"replies":[{"embeddable":true,"href":"https:\/\/dudasytextos.com\/se-puede\/wp-json\/wp\/v2\/comments?post=132008"}],"version-history":[{"count":1,"href":"https:\/\/dudasytextos.com\/se-puede\/wp-json\/wp\/v2\/posts\/132008\/revisions"}],"predecessor-version":[{"id":137219,"href":"https:\/\/dudasytextos.com\/se-puede\/wp-json\/wp\/v2\/posts\/132008\/revisions\/137219"}],"wp:attachment":[{"href":"https:\/\/dudasytextos.com\/se-puede\/wp-json\/wp\/v2\/media?parent=132008"}],"wp:term":[{"taxonomy":"category","embeddable":true,"href":"https:\/\/dudasytextos.com\/se-puede\/wp-json\/wp\/v2\/categories?post=132008"},{"taxonomy":"post_tag","embeddable":true,"href":"https:\/\/dudasytextos.com\/se-puede\/wp-json\/wp\/v2\/tags?post=132008"}],"curies":[{"name":"wp","href":"https:\/\/api.w.org\/{rel}","templated":true}]}}