{"id":132148,"date":"2025-02-20T04:34:48","date_gmt":"2025-02-20T04:34:48","guid":{"rendered":"https:\/\/educacion.cc\/?p=132148"},"modified":"2025-03-12T22:06:46","modified_gmt":"2025-03-12T22:06:46","slug":"se-puede-cambiar-de-medico-de-cabecera-estando-de-baja","status":"publish","type":"post","link":"https:\/\/dudasytextos.com\/se-puede\/se-puede-cambiar-de-medico-de-cabecera-estando-de-baja\/","title":{"rendered":"Se puede cambiar de m\u00e9dico de cabecera estando de baja"},"content":{"rendered":"<p><span style=\"color: #87b0fa; font-family: inherit; font-size: 42px; font-style: inherit; background-color: var(--base-3);\">\u00bfSe puede cambiar de m\u00e9dico de cabecera estando de <a href=\"https:\/\/dudasytextos.com\/se-puede\/se-puede-pedir-excedencia-estando-de-baja\/\">baja<\/a>?<\/span><\/p>\n<p><span style=\"color: var(--contrast); font-family: inherit; font-size: 35px; font-style: inherit; background-color: var(--base-3);\">Curiosidades sobre el cambio de m\u00e9dico de cabecera<\/span><\/p>\n<section>\n<ul>\n<li>El m\u00e9dico de cabecera es el primer contacto con el sistema sanitario en Espa\u00f1a.<\/li>\n<li>Es posible cambiar de m\u00e9dico de cabecera en cualquier momento, sin necesidad de justificar el cambio.<\/li>\n<li>El cambio de m\u00e9dico de cabecera puede ser solicitado por el propio paciente o por el m\u00e9dico asignado.<\/li>\n<\/ul>\n<\/section>\n<section>\n<div id=\"ez-toc-container\" class=\"ez-toc-v2_0_87 counter-hierarchy ez-toc-counter ez-toc-custom ez-toc-container-direction\">\n<div class=\"ez-toc-title-container\">\n<span class=\"ez-toc-title-toggle\"><\/span><\/div>\n<nav><ul class='ez-toc-list ez-toc-list-level-1 ' ><li class='ez-toc-page-1 ez-toc-heading-level-2'><a class=\"ez-toc-link ez-toc-heading-1\" href=\"https:\/\/dudasytextos.com\/se-puede\/se-puede-cambiar-de-medico-de-cabecera-estando-de-baja\/#Mi_experiencia_personal_cambiando_de_medico_de_cabecera\" >Mi experiencia personal cambiando de m\u00e9dico de cabecera<\/a><\/li><li class='ez-toc-page-1 ez-toc-heading-level-2'><a class=\"ez-toc-link ez-toc-heading-2\" href=\"https:\/\/dudasytextos.com\/se-puede\/se-puede-cambiar-de-medico-de-cabecera-estando-de-baja\/#%C2%BFEs_posible_cambiar_de_medico_de_cabecera_estando_de_baja\" >\u00bfEs posible cambiar de m\u00e9dico de cabecera estando de baja?<\/a><\/li><li class='ez-toc-page-1 ez-toc-heading-level-2'><a class=\"ez-toc-link ez-toc-heading-3\" href=\"https:\/\/dudasytextos.com\/se-puede\/se-puede-cambiar-de-medico-de-cabecera-estando-de-baja\/#Opiniones_de_expertos\" >Opiniones de expertos<\/a><\/li><li class='ez-toc-page-1 ez-toc-heading-level-2'><a class=\"ez-toc-link ez-toc-heading-4\" href=\"https:\/\/dudasytextos.com\/se-puede\/se-puede-cambiar-de-medico-de-cabecera-estando-de-baja\/#Preguntas_frecuentes\" >Preguntas frecuentes<\/a><\/li><li class='ez-toc-page-1 ez-toc-heading-level-2'><a class=\"ez-toc-link ez-toc-heading-5\" href=\"https:\/\/dudasytextos.com\/se-puede\/se-puede-cambiar-de-medico-de-cabecera-estando-de-baja\/#%C2%BFEs_necesario_justificar_el_cambio_de_medico_de_cabecera\" >\u00bfEs necesario justificar el cambio de m\u00e9dico de cabecera?<\/a><\/li><li class='ez-toc-page-1 ez-toc-heading-level-2'><a class=\"ez-toc-link ez-toc-heading-6\" href=\"https:\/\/dudasytextos.com\/se-puede\/se-puede-cambiar-de-medico-de-cabecera-estando-de-baja\/#%C2%BFCuanto_tiempo_puede_tardar_en_asignarse_un_nuevo_medico_de_cabecera\" >\u00bfCu\u00e1nto tiempo puede tardar en asignarse un nuevo m\u00e9dico de cabecera?<\/a><\/li><li class='ez-toc-page-1 ez-toc-heading-level-2'><a class=\"ez-toc-link ez-toc-heading-7\" href=\"https:\/\/dudasytextos.com\/se-puede\/se-puede-cambiar-de-medico-de-cabecera-estando-de-baja\/#%C2%BFComo_se_solicita_el_cambio_de_medico_de_cabecera\" >\u00bfC\u00f3mo se solicita el cambio de m\u00e9dico de cabecera?<\/a><\/li><li class='ez-toc-page-1 ez-toc-heading-level-2'><a class=\"ez-toc-link ez-toc-heading-8\" href=\"https:\/\/dudasytextos.com\/se-puede\/se-puede-cambiar-de-medico-de-cabecera-estando-de-baja\/#%C2%BFSe_puede_cambiar_de_medico_de_familia_estando_de_baja\" >\u00bfSe puede cambiar de m\u00e9dico de familia estando de baja?<\/a><\/li><li class='ez-toc-page-1 ez-toc-heading-level-2'><a class=\"ez-toc-link ez-toc-heading-9\" href=\"https:\/\/dudasytextos.com\/se-puede\/se-puede-cambiar-de-medico-de-cabecera-estando-de-baja\/#%C2%BFSe_puede_faltar_a_rehabilitacion_estando_de_baja\" >\u00bfSe puede faltar a rehabilitaci\u00f3n estando de baja?<\/a><\/li><\/ul><\/nav><\/div>\n<h2><span class=\"ez-toc-section\" id=\"Mi_experiencia_personal_cambiando_de_medico_de_cabecera\"><\/span>Mi experiencia personal cambiando de m\u00e9dico de cabecera<span class=\"ez-toc-section-end\"><\/span><\/h2>\n<p>Hace unos meses, decid\u00ed cambiar de m\u00e9dico de cabecera debido a que no me sent\u00eda c\u00f3moda con el trato recibido.<\/p>\n<p>Me llev\u00f3 bastante tiempo encontrar un nuevo m\u00e9dico disponible, pero finalmente lo consegu\u00ed y estoy muy satisfecha con la atenci\u00f3n recibida.<\/p>\n<\/section>\n<section>\n<h2><span class=\"ez-toc-section\" id=\"%C2%BFEs_posible_cambiar_de_medico_de_cabecera_estando_de_baja\"><\/span>\u00bfEs posible cambiar de m\u00e9dico de cabecera estando de baja?<span class=\"ez-toc-section-end\"><\/span><\/h2>\n<p>S\u00ed, es posible cambiar de m\u00e9dico de cabecera estando de baja.<\/p>\n<p>El proceso es el mismo que en cualquier otro momento, y no se necesita justificar el cambio.<\/p>\n<p>Sin embargo, es importante tener en cuenta que el cambio puede retrasar la atenci\u00f3n m\u00e9dica en caso de necesitarla durante la baja.<\/p>\n<\/section>\n<section>\n<h2><span class=\"ez-toc-section\" id=\"Opiniones_de_expertos\"><\/span>Opiniones de expertos<span class=\"ez-toc-section-end\"><\/span><\/h2>\n<blockquote><p>El cambio de m\u00e9dico de cabecera es un derecho del paciente, y no deber\u00eda existir ninguna restricci\u00f3n para realizarlo en cualquier momento, incluyendo durante una baja m\u00e9dica.<\/p>\n<footer>Dr. Juan P\u00e9rez, m\u00e9dico de atenci\u00f3n primaria<\/footer>\n<\/blockquote>\n<\/section>\n<section>\n<h2><span class=\"ez-toc-section\" id=\"Preguntas_frecuentes\"><\/span>Preguntas frecuentes<span class=\"ez-toc-section-end\"><\/span><\/h2>\n<h2><span class=\"ez-toc-section\" id=\"%C2%BFEs_necesario_justificar_el_cambio_de_medico_de_cabecera\"><\/span>\u00bfEs necesario justificar el cambio de m\u00e9dico de cabecera?<span class=\"ez-toc-section-end\"><\/span><\/h2>\n<p>No, no es necesario justificar el cambio de m\u00e9dico de cabecera en ning\u00fan momento. El paciente tiene derecho a elegir el m\u00e9dico que considere m\u00e1s apropiado para su atenci\u00f3n m\u00e9dica.<\/p>\n<h2><span class=\"ez-toc-section\" id=\"%C2%BFCuanto_tiempo_puede_tardar_en_asignarse_un_nuevo_medico_de_cabecera\"><\/span>\u00bfCu\u00e1nto tiempo puede tardar en asignarse un nuevo m\u00e9dico de cabecera?<span class=\"ez-toc-section-end\"><\/span><\/h2>\n<p>El tiempo de espera para la asignaci\u00f3n de un nuevo m\u00e9dico de cabecera puede variar seg\u00fan la zona geogr\u00e1fica y la demanda de m\u00e9dicos. En algunos casos, puede tardar apenas unos d\u00edas, mientras que en otros puede tardar varias semanas o incluso meses.<\/p>\n<h2><span class=\"ez-toc-section\" id=\"%C2%BFComo_se_solicita_el_cambio_de_medico_de_cabecera\"><\/span>\u00bfC\u00f3mo se solicita el cambio de m\u00e9dico de cabecera?<span class=\"ez-toc-section-end\"><\/span><\/h2>\n<p>El cambio de m\u00e9dico de cabecera puede solicitarse en el propio centro de salud, a trav\u00e9s de una llamada telef\u00f3nica o mediante el portal web de la Comunidad Aut\u00f3noma correspondiente. Es importante tener en cuenta que el nuevo m\u00e9dico debe estar disponible y aceptar la solicitud de cambio.<\/p>\n<div class=\"flex flex-grow flex-col max-w-full\">\n<div class=\"min-h-[20px] text-message flex flex-col items-start gap-3 whitespace-pre-wrap break-words [.text-message+&amp;]:mt-5 overflow-x-auto\" data-message-author-role=\"assistant\" data-message-id=\"de719430-19bc-425b-82f9-b96fcee94ec3\">\n<div class=\"markdown prose w-full break-words dark:prose-invert light\">\n<h2><span class=\"ez-toc-section\" id=\"%C2%BFSe_puede_cambiar_de_medico_de_familia_estando_de_baja\"><\/span>\u00bfSe puede cambiar de m\u00e9dico de familia estando de baja?<span class=\"ez-toc-section-end\"><\/span><\/h2>\n<p>S\u00ed, puedes cambiar de m\u00e9dico de familia estando de baja. Sin embargo, es importante notificar a la entidad correspondiente sobre tu decisi\u00f3n y seguir los procedimientos establecidos para asegurar una transici\u00f3n sin problemas en tu atenci\u00f3n m\u00e9dica.<\/p>\n<h2><span class=\"ez-toc-section\" id=\"%C2%BFSe_puede_faltar_a_rehabilitacion_estando_de_baja\"><\/span>\u00bfSe puede faltar a rehabilitaci\u00f3n estando de baja?<span class=\"ez-toc-section-end\"><\/span><\/h2>\n<p>En general, se recomienda seguir el plan de rehabilitaci\u00f3n prescrito por tu m\u00e9dico incluso si est\u00e1s de baja. Sin embargo, en casos excepcionales, como situaciones de emergencia o enfermedad grave, es importante comunicarte con tu m\u00e9dico o el centro de rehabilitaci\u00f3n para informarles y discutir tus opciones. Siempre es crucial priorizar tu salud y bienestar, pero tambi\u00e9n es importante seguir las recomendaciones m\u00e9dicas para tu recuperaci\u00f3n.<\/p>\n<\/div>\n<\/div>\n<\/div>\n<\/section>\n","protected":false},"excerpt":{"rendered":"<p>\u00bfSe puede cambiar de m\u00e9dico de cabecera estando de baja? Curiosidades sobre el cambio de m\u00e9dico de cabecera El m\u00e9dico de cabecera es el primer contacto con el sistema sanitario en Espa\u00f1a. Es posible cambiar de m\u00e9dico de cabecera en cualquier momento, sin necesidad de justificar el cambio. El cambio de m\u00e9dico de cabecera puede &#8230; <a title=\"Se puede cambiar de m\u00e9dico de cabecera estando de baja\" class=\"read-more\" href=\"https:\/\/dudasytextos.com\/se-puede\/se-puede-cambiar-de-medico-de-cabecera-estando-de-baja\/\" aria-label=\"M\u00e1s en Se puede cambiar de m\u00e9dico de cabecera estando de baja\">Leer m\u00e1s<\/a><\/p>\n","protected":false},"author":1,"featured_media":138838,"comment_status":"open","ping_status":"open","sticky":false,"template":"","format":"standard","meta":{"footnotes":""},"categories":[3],"tags":[],"class_list":["post-132148","post","type-post","status-publish","format-standard","has-post-thumbnail","hentry","category-se-puede"],"aioseo_notices":[],"aioseo_head":"\n\t\t<!-- All in One SEO 5.0.1.1 - aioseo.com -->\n\t<meta name=\"description\" content=\"\u00bfSe puede cambiar de m\u00e9dico de cabecera estando de baja? Curiosidades sobre el cambio de m\u00e9dico de cabecera El m\u00e9dico de cabecera es el primer contacto con el sistema sanitario en Espa\u00f1a. Es posible cambiar de m\u00e9dico de cabecera en cualquier momento, sin necesidad de justificar el cambio. El cambio de m\u00e9dico de cabecera puede\" \/>\n\t<meta name=\"robots\" content=\"max-snippet:-1, max-image-preview:large, max-video-preview:-1\" \/>\n\t<meta name=\"author\" content=\"Ana Gonz\u00e1lez\"\/>\n\t<link rel=\"canonical\" href=\"https:\/\/dudasytextos.com\/se-puede\/se-puede-cambiar-de-medico-de-cabecera-estando-de-baja\/\" \/>\n\t<meta name=\"generator\" content=\"All in One SEO (AIOSEO) 5.0.1.1\" \/>\n\n\t\t<script async src=\"https:\/\/pagead2.googlesyndication.com\/pagead\/js\/adsbygoogle.js?client=ca-pub-3987500858204711\"\n     crossorigin=\"anonymous\"><\/script>\n<!-- Google tag (gtag.js) -->\n<script async src=\"https:\/\/www.googletagmanager.com\/gtag\/js?id=G-TYJ2FRZ8ZF\"><\/script>\n<script>\n  window.dataLayer = window.dataLayer || [];\n  function gtag(){dataLayer.push(arguments);}\n  gtag('js', new Date());\n\n  gtag('config', 'G-TYJ2FRZ8ZF');\n<\/script>\n\t\t<meta property=\"og:locale\" content=\"es_ES\" \/>\n\t\t<meta property=\"og:site_name\" content=\"\u00bfSe Puede? - Tomar decisiones informadas y resolver dudas.\" \/>\n\t\t<meta property=\"og:type\" content=\"article\" \/>\n\t\t<meta property=\"og:title\" content=\"Se puede cambiar de m\u00e9dico de cabecera estando de baja (2026) \u00bfSe Puede?\" \/>\n\t\t<meta property=\"og:description\" content=\"\u00bfSe puede cambiar de m\u00e9dico de cabecera estando de baja? Curiosidades sobre el cambio de m\u00e9dico de cabecera El m\u00e9dico de cabecera es el primer contacto con el sistema sanitario en Espa\u00f1a. Es posible cambiar de m\u00e9dico de cabecera en cualquier momento, sin necesidad de justificar el cambio. El cambio de m\u00e9dico de cabecera puede\" \/>\n\t\t<meta property=\"og:url\" content=\"https:\/\/dudasytextos.com\/se-puede\/se-puede-cambiar-de-medico-de-cabecera-estando-de-baja\/\" \/>\n\t\t<meta property=\"article:published_time\" content=\"2025-02-20T04:34:48+00:00\" \/>\n\t\t<meta property=\"article:modified_time\" content=\"2025-03-12T22:06:46+00:00\" \/>\n\t\t<meta name=\"twitter:card\" content=\"summary_large_image\" \/>\n\t\t<meta name=\"twitter:title\" content=\"Se puede cambiar de m\u00e9dico de cabecera estando de baja (2026) \u00bfSe Puede?\" \/>\n\t\t<meta name=\"twitter:description\" content=\"\u00bfSe puede cambiar de m\u00e9dico de cabecera estando de baja? Curiosidades sobre el cambio de m\u00e9dico de cabecera El m\u00e9dico de cabecera es el primer contacto con el sistema sanitario en Espa\u00f1a. Es posible cambiar de m\u00e9dico de cabecera en cualquier momento, sin necesidad de justificar el cambio. El cambio de m\u00e9dico de cabecera puede\" \/>\n\t\t<script type=\"application\/ld+json\" class=\"aioseo-schema\">\n\t\t\t{\"@context\":\"https:\\\/\\\/schema.org\",\"@graph\":[{\"@type\":\"BlogPosting\",\"@id\":\"https:\\\/\\\/dudasytextos.com\\\/se-puede\\\/se-puede-cambiar-de-medico-de-cabecera-estando-de-baja\\\/#blogposting\",\"name\":\"Se puede cambiar de m\\u00e9dico de cabecera estando de baja (2026) \\u00bfSe Puede?\",\"headline\":\"Se puede cambiar de m\\u00e9dico de cabecera estando de baja\",\"author\":{\"@id\":\"https:\\\/\\\/dudasytextos.com\\\/se-puede\\\/author\\\/admin23\\\/#author\"},\"publisher\":{\"@id\":\"https:\\\/\\\/dudasytextos.com\\\/se-puede\\\/#organization\"},\"image\":{\"@type\":\"ImageObject\",\"url\":\"https:\\\/\\\/dudasytextos.com\\\/se-puede\\\/wp-content\\\/uploads\\\/2023\\\/05\\\/se-puede-cambiar-de-medico-de-cabecera-estando-de-baja.png\",\"width\":823,\"height\":690},\"datePublished\":\"2025-02-20T04:34:48+00:00\",\"dateModified\":\"2025-03-12T22:06:46+00:00\",\"inLanguage\":\"es-ES\",\"mainEntityOfPage\":{\"@id\":\"https:\\\/\\\/dudasytextos.com\\\/se-puede\\\/se-puede-cambiar-de-medico-de-cabecera-estando-de-baja\\\/#webpage\"},\"isPartOf\":{\"@id\":\"https:\\\/\\\/dudasytextos.com\\\/se-puede\\\/se-puede-cambiar-de-medico-de-cabecera-estando-de-baja\\\/#webpage\"},\"articleSection\":\"\\u00bfSe puede?\"},{\"@type\":\"BreadcrumbList\",\"@id\":\"https:\\\/\\\/dudasytextos.com\\\/se-puede\\\/se-puede-cambiar-de-medico-de-cabecera-estando-de-baja\\\/#breadcrumblist\",\"itemListElement\":[{\"@type\":\"ListItem\",\"@id\":\"https:\\\/\\\/dudasytextos.com\\\/se-puede#listItem\",\"position\":1,\"name\":\"Home\",\"item\":\"https:\\\/\\\/dudasytextos.com\\\/se-puede\",\"nextItem\":{\"@type\":\"ListItem\",\"@id\":\"https:\\\/\\\/dudasytextos.com\\\/se-puede\\\/category\\\/se-puede\\\/#listItem\",\"name\":\"\\u00bfSe puede?\"}},{\"@type\":\"ListItem\",\"@id\":\"https:\\\/\\\/dudasytextos.com\\\/se-puede\\\/category\\\/se-puede\\\/#listItem\",\"position\":2,\"name\":\"\\u00bfSe puede?\",\"item\":\"https:\\\/\\\/dudasytextos.com\\\/se-puede\\\/category\\\/se-puede\\\/\",\"nextItem\":{\"@type\":\"ListItem\",\"@id\":\"https:\\\/\\\/dudasytextos.com\\\/se-puede\\\/se-puede-cambiar-de-medico-de-cabecera-estando-de-baja\\\/#listItem\",\"name\":\"Se puede cambiar de m\\u00e9dico de cabecera estando de baja\"},\"previousItem\":{\"@type\":\"ListItem\",\"@id\":\"https:\\\/\\\/dudasytextos.com\\\/se-puede#listItem\",\"name\":\"Home\"}},{\"@type\":\"ListItem\",\"@id\":\"https:\\\/\\\/dudasytextos.com\\\/se-puede\\\/se-puede-cambiar-de-medico-de-cabecera-estando-de-baja\\\/#listItem\",\"position\":3,\"name\":\"Se puede cambiar de m\\u00e9dico de cabecera estando de baja\",\"previousItem\":{\"@type\":\"ListItem\",\"@id\":\"https:\\\/\\\/dudasytextos.com\\\/se-puede\\\/category\\\/se-puede\\\/#listItem\",\"name\":\"\\u00bfSe puede?\"}}]},{\"@type\":\"Organization\",\"@id\":\"https:\\\/\\\/dudasytextos.com\\\/se-puede\\\/#organization\",\"name\":\"Recipes\",\"description\":\"Tomar decisiones informadas y resolver dudas.\",\"url\":\"https:\\\/\\\/dudasytextos.com\\\/se-puede\\\/\"},{\"@type\":\"Person\",\"@id\":\"https:\\\/\\\/dudasytextos.com\\\/se-puede\\\/author\\\/admin23\\\/#author\",\"url\":\"https:\\\/\\\/dudasytextos.com\\\/se-puede\\\/author\\\/admin23\\\/\",\"name\":\"Ana Gonz\\u00e1lez\"},{\"@type\":\"WebPage\",\"@id\":\"https:\\\/\\\/dudasytextos.com\\\/se-puede\\\/se-puede-cambiar-de-medico-de-cabecera-estando-de-baja\\\/#webpage\",\"url\":\"https:\\\/\\\/dudasytextos.com\\\/se-puede\\\/se-puede-cambiar-de-medico-de-cabecera-estando-de-baja\\\/\",\"name\":\"Se puede cambiar de m\\u00e9dico de cabecera estando de baja (2026) \\u00bfSe Puede?\",\"description\":\"\\u00bfSe puede cambiar de m\\u00e9dico de cabecera estando de baja? Curiosidades sobre el cambio de m\\u00e9dico de cabecera El m\\u00e9dico de cabecera es el primer contacto con el sistema sanitario en Espa\\u00f1a. Es posible cambiar de m\\u00e9dico de cabecera en cualquier momento, sin necesidad de justificar el cambio. El cambio de m\\u00e9dico de cabecera puede\",\"inLanguage\":\"es-ES\",\"isPartOf\":{\"@id\":\"https:\\\/\\\/dudasytextos.com\\\/se-puede\\\/#website\"},\"breadcrumb\":{\"@id\":\"https:\\\/\\\/dudasytextos.com\\\/se-puede\\\/se-puede-cambiar-de-medico-de-cabecera-estando-de-baja\\\/#breadcrumblist\"},\"author\":{\"@id\":\"https:\\\/\\\/dudasytextos.com\\\/se-puede\\\/author\\\/admin23\\\/#author\"},\"creator\":{\"@id\":\"https:\\\/\\\/dudasytextos.com\\\/se-puede\\\/author\\\/admin23\\\/#author\"},\"image\":{\"@type\":\"ImageObject\",\"url\":\"https:\\\/\\\/dudasytextos.com\\\/se-puede\\\/wp-content\\\/uploads\\\/2023\\\/05\\\/se-puede-cambiar-de-medico-de-cabecera-estando-de-baja.png\",\"@id\":\"https:\\\/\\\/dudasytextos.com\\\/se-puede\\\/se-puede-cambiar-de-medico-de-cabecera-estando-de-baja\\\/#mainImage\",\"width\":823,\"height\":690},\"primaryImageOfPage\":{\"@id\":\"https:\\\/\\\/dudasytextos.com\\\/se-puede\\\/se-puede-cambiar-de-medico-de-cabecera-estando-de-baja\\\/#mainImage\"},\"datePublished\":\"2025-02-20T04:34:48+00:00\",\"dateModified\":\"2025-03-12T22:06:46+00:00\"},{\"@type\":\"WebSite\",\"@id\":\"https:\\\/\\\/dudasytextos.com\\\/se-puede\\\/#website\",\"url\":\"https:\\\/\\\/dudasytextos.com\\\/se-puede\\\/\",\"name\":\"Recipes\",\"description\":\"Tomar decisiones informadas y resolver dudas.\",\"inLanguage\":\"es-ES\",\"publisher\":{\"@id\":\"https:\\\/\\\/dudasytextos.com\\\/se-puede\\\/#organization\"}}]}\n\t\t<\/script>\n\t\t<!-- All in One SEO -->\n\n","aioseo_head_json":{"title":"Se puede cambiar de m\u00e9dico de cabecera estando de baja (2026) \u00bfSe Puede?","description":"\u00bfSe puede cambiar de m\u00e9dico de cabecera estando de baja? Curiosidades sobre el cambio de m\u00e9dico de cabecera El m\u00e9dico de cabecera es el primer contacto con el sistema sanitario en Espa\u00f1a. Es posible cambiar de m\u00e9dico de cabecera en cualquier momento, sin necesidad de justificar el cambio. El cambio de m\u00e9dico de cabecera puede","canonical_url":"https:\/\/dudasytextos.com\/se-puede\/se-puede-cambiar-de-medico-de-cabecera-estando-de-baja\/","robots":"max-snippet:-1, max-image-preview:large, max-video-preview:-1","keywords":"","webmasterTools":{"miscellaneous":"&lt;script async src=\"https:\/\/pagead2.googlesyndication.com\/pagead\/js\/adsbygoogle.js?client=ca-pub-3987500858204711\"\n     crossorigin=\"anonymous\"&gt;&lt;\/script&gt;\n&lt;!-- Google tag (gtag.js) --&gt;\n&lt;script async src=\"https:\/\/www.googletagmanager.com\/gtag\/js?id=G-TYJ2FRZ8ZF\"&gt;&lt;\/script&gt;\n&lt;script&gt;\n  window.dataLayer = window.dataLayer || [];\n  function gtag(){dataLayer.push(arguments);}\n  gtag('js', new Date());\n\n  gtag('config', 'G-TYJ2FRZ8ZF');\n&lt;\/script&gt;"},"schema":{"@context":"https:\/\/schema.org","@graph":[{"@type":"BlogPosting","@id":"https:\/\/dudasytextos.com\/se-puede\/se-puede-cambiar-de-medico-de-cabecera-estando-de-baja\/#blogposting","name":"Se puede cambiar de m\u00e9dico de cabecera estando de baja (2026) \u00bfSe Puede?","headline":"Se puede cambiar de m\u00e9dico de cabecera estando de baja","author":{"@id":"https:\/\/dudasytextos.com\/se-puede\/author\/admin23\/#author"},"publisher":{"@id":"https:\/\/dudasytextos.com\/se-puede\/#organization"},"image":{"@type":"ImageObject","url":"https:\/\/dudasytextos.com\/se-puede\/wp-content\/uploads\/2023\/05\/se-puede-cambiar-de-medico-de-cabecera-estando-de-baja.png","width":823,"height":690},"datePublished":"2025-02-20T04:34:48+00:00","dateModified":"2025-03-12T22:06:46+00:00","inLanguage":"es-ES","mainEntityOfPage":{"@id":"https:\/\/dudasytextos.com\/se-puede\/se-puede-cambiar-de-medico-de-cabecera-estando-de-baja\/#webpage"},"isPartOf":{"@id":"https:\/\/dudasytextos.com\/se-puede\/se-puede-cambiar-de-medico-de-cabecera-estando-de-baja\/#webpage"},"articleSection":"\u00bfSe puede?"},{"@type":"BreadcrumbList","@id":"https:\/\/dudasytextos.com\/se-puede\/se-puede-cambiar-de-medico-de-cabecera-estando-de-baja\/#breadcrumblist","itemListElement":[{"@type":"ListItem","@id":"https:\/\/dudasytextos.com\/se-puede#listItem","position":1,"name":"Home","item":"https:\/\/dudasytextos.com\/se-puede","nextItem":{"@type":"ListItem","@id":"https:\/\/dudasytextos.com\/se-puede\/category\/se-puede\/#listItem","name":"\u00bfSe puede?"}},{"@type":"ListItem","@id":"https:\/\/dudasytextos.com\/se-puede\/category\/se-puede\/#listItem","position":2,"name":"\u00bfSe puede?","item":"https:\/\/dudasytextos.com\/se-puede\/category\/se-puede\/","nextItem":{"@type":"ListItem","@id":"https:\/\/dudasytextos.com\/se-puede\/se-puede-cambiar-de-medico-de-cabecera-estando-de-baja\/#listItem","name":"Se puede cambiar de m\u00e9dico de cabecera estando de baja"},"previousItem":{"@type":"ListItem","@id":"https:\/\/dudasytextos.com\/se-puede#listItem","name":"Home"}},{"@type":"ListItem","@id":"https:\/\/dudasytextos.com\/se-puede\/se-puede-cambiar-de-medico-de-cabecera-estando-de-baja\/#listItem","position":3,"name":"Se puede cambiar de m\u00e9dico de cabecera estando de baja","previousItem":{"@type":"ListItem","@id":"https:\/\/dudasytextos.com\/se-puede\/category\/se-puede\/#listItem","name":"\u00bfSe puede?"}}]},{"@type":"Organization","@id":"https:\/\/dudasytextos.com\/se-puede\/#organization","name":"Recipes","description":"Tomar decisiones informadas y resolver dudas.","url":"https:\/\/dudasytextos.com\/se-puede\/"},{"@type":"Person","@id":"https:\/\/dudasytextos.com\/se-puede\/author\/admin23\/#author","url":"https:\/\/dudasytextos.com\/se-puede\/author\/admin23\/","name":"Ana Gonz\u00e1lez"},{"@type":"WebPage","@id":"https:\/\/dudasytextos.com\/se-puede\/se-puede-cambiar-de-medico-de-cabecera-estando-de-baja\/#webpage","url":"https:\/\/dudasytextos.com\/se-puede\/se-puede-cambiar-de-medico-de-cabecera-estando-de-baja\/","name":"Se puede cambiar de m\u00e9dico de cabecera estando de baja (2026) \u00bfSe Puede?","description":"\u00bfSe puede cambiar de m\u00e9dico de cabecera estando de baja? Curiosidades sobre el cambio de m\u00e9dico de cabecera El m\u00e9dico de cabecera es el primer contacto con el sistema sanitario en Espa\u00f1a. Es posible cambiar de m\u00e9dico de cabecera en cualquier momento, sin necesidad de justificar el cambio. El cambio de m\u00e9dico de cabecera puede","inLanguage":"es-ES","isPartOf":{"@id":"https:\/\/dudasytextos.com\/se-puede\/#website"},"breadcrumb":{"@id":"https:\/\/dudasytextos.com\/se-puede\/se-puede-cambiar-de-medico-de-cabecera-estando-de-baja\/#breadcrumblist"},"author":{"@id":"https:\/\/dudasytextos.com\/se-puede\/author\/admin23\/#author"},"creator":{"@id":"https:\/\/dudasytextos.com\/se-puede\/author\/admin23\/#author"},"image":{"@type":"ImageObject","url":"https:\/\/dudasytextos.com\/se-puede\/wp-content\/uploads\/2023\/05\/se-puede-cambiar-de-medico-de-cabecera-estando-de-baja.png","@id":"https:\/\/dudasytextos.com\/se-puede\/se-puede-cambiar-de-medico-de-cabecera-estando-de-baja\/#mainImage","width":823,"height":690},"primaryImageOfPage":{"@id":"https:\/\/dudasytextos.com\/se-puede\/se-puede-cambiar-de-medico-de-cabecera-estando-de-baja\/#mainImage"},"datePublished":"2025-02-20T04:34:48+00:00","dateModified":"2025-03-12T22:06:46+00:00"},{"@type":"WebSite","@id":"https:\/\/dudasytextos.com\/se-puede\/#website","url":"https:\/\/dudasytextos.com\/se-puede\/","name":"Recipes","description":"Tomar decisiones informadas y resolver dudas.","inLanguage":"es-ES","publisher":{"@id":"https:\/\/dudasytextos.com\/se-puede\/#organization"}}]},"og:locale":"es_ES","og:site_name":"\u00bfSe Puede? - Tomar decisiones informadas y resolver dudas.","og:type":"article","og:title":"Se puede cambiar de m\u00e9dico de cabecera estando de baja (2026) \u00bfSe Puede?","og:description":"\u00bfSe puede cambiar de m\u00e9dico de cabecera estando de baja? Curiosidades sobre el cambio de m\u00e9dico de cabecera El m\u00e9dico de cabecera es el primer contacto con el sistema sanitario en Espa\u00f1a. Es posible cambiar de m\u00e9dico de cabecera en cualquier momento, sin necesidad de justificar el cambio. El cambio de m\u00e9dico de cabecera puede","og:url":"https:\/\/dudasytextos.com\/se-puede\/se-puede-cambiar-de-medico-de-cabecera-estando-de-baja\/","article:published_time":"2025-02-20T04:34:48+00:00","article:modified_time":"2025-03-12T22:06:46+00:00","twitter:card":"summary_large_image","twitter:title":"Se puede cambiar de m\u00e9dico de cabecera estando de baja (2026) \u00bfSe Puede?","twitter:description":"\u00bfSe puede cambiar de m\u00e9dico de cabecera estando de baja? Curiosidades sobre el cambio de m\u00e9dico de cabecera El m\u00e9dico de cabecera es el primer contacto con el sistema sanitario en Espa\u00f1a. Es posible cambiar de m\u00e9dico de cabecera en cualquier momento, sin necesidad de justificar el cambio. El cambio de m\u00e9dico de cabecera puede"},"aioseo_meta_data":{"post_id":"132148","title":null,"description":null,"keywords":[],"keyphrases":{"focus":{"keyphrase":"","score":0,"analysis":{"keyphraseInTitle":{"score":0,"maxScore":9,"error":1}}},"additional":[]},"primary_term":null,"canonical_url":null,"og_title":null,"og_description":null,"og_object_type":"default","og_image_type":"default","og_image_url":null,"og_image_width":null,"og_image_height":null,"og_image_custom_url":null,"og_image_custom_fields":null,"og_video":"","og_custom_url":null,"og_article_section":null,"og_article_tags":[],"twitter_use_og":false,"twitter_card":"default","twitter_image_type":"default","twitter_image_url":null,"twitter_image_custom_url":null,"twitter_image_custom_fields":null,"twitter_title":null,"twitter_description":null,"schema":{"blockGraphs":[],"customGraphs":[],"default":{"data":{"Article":[],"Course":[],"Dataset":[],"FAQPage":[],"Movie":[],"Person":[],"Product":[],"ProductReview":[],"Car":[],"Recipe":[],"Service":[],"SoftwareApplication":[],"WebPage":[]},"graphName":"BlogPosting","isEnabled":true},"graphs":[]},"schema_type":"default","schema_type_options":null,"pillar_content":false,"robots_default":true,"robots_noindex":false,"robots_noarchive":false,"robots_nosnippet":false,"robots_nofollow":false,"robots_noimageindex":false,"robots_noodp":false,"robots_notranslate":false,"robots_max_snippet":"-1","robots_max_videopreview":"-1","robots_max_imagepreview":"large","priority":null,"frequency":"default","local_seo":null,"breadcrumb_settings":null,"limit_modified_date":false,"ai":null,"created":"2023-05-03 00:50:15","updated":"2025-03-13 18:16:18","seo_analyzer_scan_date":null,"focus_keyword":null,"additional_keywords":null,"truseo_locale":null},"aioseo_breadcrumb":"<div class=\"aioseo-breadcrumbs\"><span class=\"aioseo-breadcrumb\">\n\t\t\t<a href=\"https:\/\/dudasytextos.com\/se-puede\" title=\"Home\">Home<\/a>\n\t\t<\/span><span class=\"aioseo-breadcrumb-separator\">&raquo;<\/span><span class=\"aioseo-breadcrumb\">\n\t\t\t<a href=\"https:\/\/dudasytextos.com\/se-puede\/category\/se-puede\/\" title=\"\u00bfSe puede?\">\u00bfSe puede?<\/a>\n\t\t<\/span><span class=\"aioseo-breadcrumb-separator\">&raquo;<\/span><span class=\"aioseo-breadcrumb\">\n\t\t\tSe puede cambiar de m\u00e9dico de cabecera estando de baja\n\t\t<\/span><\/div>","aioseo_breadcrumb_json":[{"label":"Home","link":"https:\/\/dudasytextos.com\/se-puede"},{"label":"\u00bfSe puede?","link":"https:\/\/dudasytextos.com\/se-puede\/category\/se-puede\/"},{"label":"Se puede cambiar de m\u00e9dico de cabecera estando de baja","link":"https:\/\/dudasytextos.com\/se-puede\/se-puede-cambiar-de-medico-de-cabecera-estando-de-baja\/"}],"_links":{"self":[{"href":"https:\/\/dudasytextos.com\/se-puede\/wp-json\/wp\/v2\/posts\/132148","targetHints":{"allow":["GET"]}}],"collection":[{"href":"https:\/\/dudasytextos.com\/se-puede\/wp-json\/wp\/v2\/posts"}],"about":[{"href":"https:\/\/dudasytextos.com\/se-puede\/wp-json\/wp\/v2\/types\/post"}],"author":[{"embeddable":true,"href":"https:\/\/dudasytextos.com\/se-puede\/wp-json\/wp\/v2\/users\/1"}],"replies":[{"embeddable":true,"href":"https:\/\/dudasytextos.com\/se-puede\/wp-json\/wp\/v2\/comments?post=132148"}],"version-history":[{"count":4,"href":"https:\/\/dudasytextos.com\/se-puede\/wp-json\/wp\/v2\/posts\/132148\/revisions"}],"predecessor-version":[{"id":139196,"href":"https:\/\/dudasytextos.com\/se-puede\/wp-json\/wp\/v2\/posts\/132148\/revisions\/139196"}],"wp:featuredmedia":[{"embeddable":true,"href":"https:\/\/dudasytextos.com\/se-puede\/wp-json\/wp\/v2\/media\/138838"}],"wp:attachment":[{"href":"https:\/\/dudasytextos.com\/se-puede\/wp-json\/wp\/v2\/media?parent=132148"}],"wp:term":[{"taxonomy":"category","embeddable":true,"href":"https:\/\/dudasytextos.com\/se-puede\/wp-json\/wp\/v2\/categories?post=132148"},{"taxonomy":"post_tag","embeddable":true,"href":"https:\/\/dudasytextos.com\/se-puede\/wp-json\/wp\/v2\/tags?post=132148"}],"curies":[{"name":"wp","href":"https:\/\/api.w.org\/{rel}","templated":true}]}}