{"id":132268,"date":"2025-03-07T06:59:42","date_gmt":"2025-03-07T06:59:42","guid":{"rendered":"https:\/\/educacion.cc\/?p=132268"},"modified":"2025-03-13T08:14:02","modified_gmt":"2025-03-13T08:14:02","slug":"cuando-se-puede-pedir-un-dia-de-asuntos-propios","status":"publish","type":"post","link":"https:\/\/dudasytextos.com\/se-puede\/cuando-se-puede-pedir-un-dia-de-asuntos-propios\/","title":{"rendered":"Cuando se puede pedir un dia de asuntos propios"},"content":{"rendered":"<div id=\"ez-toc-container\" class=\"ez-toc-v2_0_87 counter-hierarchy ez-toc-counter ez-toc-custom ez-toc-container-direction\">\n<div class=\"ez-toc-title-container\">\n<span class=\"ez-toc-title-toggle\"><\/span><\/div>\n<nav><ul class='ez-toc-list ez-toc-list-level-1 ' ><li class='ez-toc-page-1 ez-toc-heading-level-2'><a class=\"ez-toc-link ez-toc-heading-1\" href=\"https:\/\/dudasytextos.com\/se-puede\/cuando-se-puede-pedir-un-dia-de-asuntos-propios\/#Cuando_Se_Puede_Pedir_Un_Dia_De_Asuntos_Propios\" >Cuando Se Puede Pedir Un Dia De Asuntos Propios<\/a><\/li><li class='ez-toc-page-1 ez-toc-heading-level-2'><a class=\"ez-toc-link ez-toc-heading-2\" href=\"https:\/\/dudasytextos.com\/se-puede\/cuando-se-puede-pedir-un-dia-de-asuntos-propios\/#Curiosidades_e_informacion_interesante\" >Curiosidades e informaci\u00f3n interesante<\/a><\/li><li class='ez-toc-page-1 ez-toc-heading-level-2'><a class=\"ez-toc-link ez-toc-heading-3\" href=\"https:\/\/dudasytextos.com\/se-puede\/cuando-se-puede-pedir-un-dia-de-asuntos-propios\/#Mis_experiencias_personales\" >Mis experiencias personales<\/a><\/li><li class='ez-toc-page-1 ez-toc-heading-level-2'><a class=\"ez-toc-link ez-toc-heading-4\" href=\"https:\/\/dudasytextos.com\/se-puede\/cuando-se-puede-pedir-un-dia-de-asuntos-propios\/#Estadisticas_y_encuestas\" >Estad\u00edsticas y encuestas<\/a><\/li><li class='ez-toc-page-1 ez-toc-heading-level-2'><a class=\"ez-toc-link ez-toc-heading-5\" href=\"https:\/\/dudasytextos.com\/se-puede\/cuando-se-puede-pedir-un-dia-de-asuntos-propios\/#%C2%BFCuando_se_puede_pedir_un_dia_de_asuntos_propios\" >\u00bfCu\u00e1ndo se puede pedir un d\u00eda de asuntos propios?<\/a><ul class='ez-toc-list-level-3' ><li class='ez-toc-heading-level-3'><a class=\"ez-toc-link ez-toc-heading-6\" href=\"https:\/\/dudasytextos.com\/se-puede\/cuando-se-puede-pedir-un-dia-de-asuntos-propios\/#Requisitos_para_pedir_un_dia_de_asuntos_propios\" >Requisitos para pedir un d\u00eda de asuntos propios<\/a><\/li><li class='ez-toc-page-1 ez-toc-heading-level-3'><a class=\"ez-toc-link ez-toc-heading-7\" href=\"https:\/\/dudasytextos.com\/se-puede\/cuando-se-puede-pedir-un-dia-de-asuntos-propios\/#Normas_a_tener_en_cuenta\" >Normas a tener en cuenta<\/a><\/li><\/ul><\/li><li class='ez-toc-page-1 ez-toc-heading-level-2'><a class=\"ez-toc-link ez-toc-heading-8\" href=\"https:\/\/dudasytextos.com\/se-puede\/cuando-se-puede-pedir-un-dia-de-asuntos-propios\/#Preguntas_frecuentes\" >Preguntas frecuentes<\/a><ul class='ez-toc-list-level-3' ><li class='ez-toc-heading-level-3'><a class=\"ez-toc-link ez-toc-heading-9\" href=\"https:\/\/dudasytextos.com\/se-puede\/cuando-se-puede-pedir-un-dia-de-asuntos-propios\/#%C2%BFCuantos_dias_de_asuntos_propios_tengo_derecho_al_ano\" >\u00bfCu\u00e1ntos d\u00edas de asuntos propios tengo derecho al a\u00f1o?<\/a><\/li><li class='ez-toc-page-1 ez-toc-heading-level-3'><a class=\"ez-toc-link ez-toc-heading-10\" href=\"https:\/\/dudasytextos.com\/se-puede\/cuando-se-puede-pedir-un-dia-de-asuntos-propios\/#%C2%BFPuedo_acumular_los_dias_de_asuntos_propios_de_un_ano_a_otro\" >\u00bfPuedo acumular los d\u00edas de asuntos propios de un a\u00f1o a otro?<\/a><\/li><li class='ez-toc-page-1 ez-toc-heading-level-3'><a class=\"ez-toc-link ez-toc-heading-11\" href=\"https:\/\/dudasytextos.com\/se-puede\/cuando-se-puede-pedir-un-dia-de-asuntos-propios\/#%C2%BFLos_dias_de_asuntos_propios_se_consideran_dias_trabajados\" >\u00bfLos d\u00edas de asuntos propios se consideran d\u00edas trabajados?<\/a><\/li><li class='ez-toc-page-1 ez-toc-heading-level-3'><a class=\"ez-toc-link ez-toc-heading-12\" href=\"https:\/\/dudasytextos.com\/se-puede\/cuando-se-puede-pedir-un-dia-de-asuntos-propios\/#%C2%BFPuedo_pedir_un_dia_de_asuntos_propios_en_cualquier_momento\" >\u00bfPuedo pedir un d\u00eda de asuntos propios en cualquier momento?<\/a><\/li><li class='ez-toc-page-1 ez-toc-heading-level-3'><a class=\"ez-toc-link ez-toc-heading-13\" href=\"https:\/\/dudasytextos.com\/se-puede\/cuando-se-puede-pedir-un-dia-de-asuntos-propios\/#%C2%BFQue_debo_hacer_si_me_deniegan_un_dia_de_asuntos_propios\" >\u00bfQu\u00e9 debo hacer si me deniegan un d\u00eda de asuntos propios?<\/a><\/li><\/ul><\/li><\/ul><\/nav><\/div>\n<h2><span class=\"ez-toc-section\" id=\"Cuando_Se_Puede_Pedir_Un_Dia_De_Asuntos_Propios\"><\/span>Cuando Se Puede Pedir Un Dia De Asuntos Propios<span class=\"ez-toc-section-end\"><\/span><\/h2>\n<section>\n<h2><span class=\"ez-toc-section\" id=\"Curiosidades_e_informacion_interesante\"><\/span>Curiosidades e informaci\u00f3n interesante<span class=\"ez-toc-section-end\"><\/span><\/h2>\n<ul>\n<li>Los d\u00edas de asuntos propios son un derecho laboral reconocido en Espa\u00f1a.<\/li>\n<li>Los trabajadores tienen derecho a un m\u00ednimo de tres d\u00edas de asuntos propios al a\u00f1o, seg\u00fan el Estatuto de los Trabajadores.<\/li>\n<li>Las empresas pueden establecer sus propias pol\u00edticas en cuanto a los d\u00edas de asuntos propios, siempre y cuando respeten el m\u00ednimo legal.<\/li>\n<li>Los d\u00edas de asuntos propios no son acumulables de un a\u00f1o a otro, a no ser que la empresa lo permita.<\/li>\n<li>Los d\u00edas de asuntos propios no se consideran d\u00edas trabajados, por lo que no se cotiza a la Seguridad Social.<\/li>\n<\/ul>\n<\/section>\n<section>\n<h2><span class=\"ez-toc-section\" id=\"Mis_experiencias_personales\"><\/span>Mis experiencias personales<span class=\"ez-toc-section-end\"><\/span><\/h2>\n<p>Hace unos meses, ped\u00ed un d\u00eda de asuntos propios para resolver algunos asuntos personales. Me llev\u00f3 a un d\u00eda muy productivo y me permiti\u00f3 dedicar tiempo a cosas que no pod\u00eda hacer en mi tiempo libre.<\/p>\n<p>Personalmente, prefiero pedir un d\u00eda de asuntos propios en medio de la semana, ya que me permite descansar y volver al trabajo con m\u00e1s energ\u00eda.<\/p>\n<\/section>\n<section>\n<h2><span class=\"ez-toc-section\" id=\"Estadisticas_y_encuestas\"><\/span>Estad\u00edsticas y encuestas<span class=\"ez-toc-section-end\"><\/span><\/h2>\n<p>Seg\u00fan una encuesta realizada por la empresa de recursos humanos Randstad, el 42% de los trabajadores espa\u00f1oles utiliza sus d\u00edas de asuntos propios para resolver asuntos personales, mientras que el 36% los utiliza para descansar y desconectar del trabajo.<\/p>\n<p>Otra encuesta realizada por la empresa de software de recursos humanos HCM Deck revel\u00f3 que el 58% de los trabajadores espa\u00f1oles se siente culpable al pedir un d\u00eda de asuntos propios, lo que indica una cultura de trabajo en la que se valora m\u00e1s la presencia que la productividad.<\/p>\n<\/section>\n<section>\n<h2><span class=\"ez-toc-section\" id=\"%C2%BFCuando_se_puede_pedir_un_dia_de_asuntos_propios\"><\/span>\u00bfCu\u00e1ndo se puede pedir un d\u00eda de asuntos propios?<span class=\"ez-toc-section-end\"><\/span><\/h2>\n<p>Los d\u00edas de asuntos propios pueden solicitarse en cualquier momento, siempre y cuando se respeten ciertas normas y se cumplan ciertos requisitos.<\/p>\n<h3><span class=\"ez-toc-section\" id=\"Requisitos_para_pedir_un_dia_de_asuntos_propios\"><\/span>Requisitos para pedir un d\u00eda de asuntos propios<span class=\"ez-toc-section-end\"><\/span><\/h3>\n<ul>\n<li>Comunicar a la empresa con antelaci\u00f3n suficiente, seg\u00fan lo establecido en el convenio colectivo o en la pol\u00edtica de la empresa.<\/li>\n<li>Justificar el motivo de la ausencia, si as\u00ed lo requiere la empresa.<\/li>\n<li>No perjudicar el normal funcionamiento de la empresa.<\/li>\n<\/ul>\n<h3><span class=\"ez-toc-section\" id=\"Normas_a_tener_en_cuenta\"><\/span>Normas a tener en cuenta<span class=\"ez-toc-section-end\"><\/span><\/h3>\n<ul>\n<li>Es recomendable no pedir d\u00edas de asuntos propios en fechas de mucha carga de trabajo o en periodos de vacaciones, para no perjudicar al resto del equipo.<\/li>\n<li>Es importante respetar el n\u00famero m\u00e1ximo de d\u00edas de asuntos propios que establece el convenio colectivo o la pol\u00edtica de la empresa.<\/li>\n<li>Es conveniente planificar con antelaci\u00f3n el d\u00eda de asuntos propios, para evitar problemas de organizaci\u00f3n en la empresa.<\/li>\n<\/ul>\n<\/section>\n<section>\n<h2><span class=\"ez-toc-section\" id=\"Preguntas_frecuentes\"><\/span>Preguntas frecuentes<span class=\"ez-toc-section-end\"><\/span><\/h2>\n<h3><span class=\"ez-toc-section\" id=\"%C2%BFCuantos_dias_de_asuntos_propios_tengo_derecho_al_ano\"><\/span>\u00bfCu\u00e1ntos d\u00edas de asuntos propios tengo derecho al a\u00f1o?<span class=\"ez-toc-section-end\"><\/span><\/h3>\n<p>El Estatuto de los Trabajadores establece un m\u00ednimo de tres d\u00edas de asuntos propios al a\u00f1o.<\/p>\n<h3><span class=\"ez-toc-section\" id=\"%C2%BFPuedo_acumular_los_dias_de_asuntos_propios_de_un_ano_a_otro\"><\/span>\u00bfPuedo acumular los d\u00edas de asuntos propios de un a\u00f1o a otro?<span class=\"ez-toc-section-end\"><\/span><\/h3>\n<p>No, los d\u00edas de asuntos propios no son acumulables, a no ser que la empresa lo permita.<\/p>\n<h3><span class=\"ez-toc-section\" id=\"%C2%BFLos_dias_de_asuntos_propios_se_consideran_dias_trabajados\"><\/span>\u00bfLos d\u00edas de asuntos propios se consideran d\u00edas trabajados?<span class=\"ez-toc-section-end\"><\/span><\/h3>\n<p>No, los d\u00edas de asuntos propios no se consideran d\u00edas trabajados, por lo que no se cotiza a la Seguridad Social.<\/p>\n<h3><span class=\"ez-toc-section\" id=\"%C2%BFPuedo_pedir_un_dia_de_asuntos_propios_en_cualquier_momento\"><\/span>\u00bfPuedo pedir un d\u00eda de asuntos propios en cualquier momento?<span class=\"ez-toc-section-end\"><\/span><\/h3>\n<p>S\u00ed, se puede pedir un d\u00eda de asuntos propios en cualquier momento, siempre y cuando se respeten ciertas normas y se cumplan ciertos requisitos.<\/p>\n<h3><span class=\"ez-toc-section\" id=\"%C2%BFQue_debo_hacer_si_me_deniegan_un_dia_de_asuntos_propios\"><\/span>\u00bfQu\u00e9 debo hacer si me deniegan un d\u00eda de asuntos propios?<span class=\"ez-toc-section-end\"><\/span><\/h3>\n<p>En primer lugar, es recomendable hablar con la empresa para entender las razones de la denegaci\u00f3n. Si se considera que la denegaci\u00f3n es injusta, se puede recurrir a los representantes de los trabajadores o a la Inspecci\u00f3n de Trabajo.<\/p>\n<\/section>\n<footer>\n<p>Art\u00edculo escrito por Ana Gonz\u00e1lez<\/p>\n<\/footer>\n","protected":false},"excerpt":{"rendered":"<p>Cuando Se Puede Pedir Un Dia De Asuntos Propios Curiosidades e informaci\u00f3n interesante Los d\u00edas de asuntos propios son un derecho laboral reconocido en Espa\u00f1a. Los trabajadores tienen derecho a un m\u00ednimo de tres d\u00edas de asuntos propios al a\u00f1o, seg\u00fan el Estatuto de los Trabajadores. Las empresas pueden establecer sus propias pol\u00edticas en cuanto &#8230; <a title=\"Cuando se puede pedir un dia de asuntos propios\" class=\"read-more\" href=\"https:\/\/dudasytextos.com\/se-puede\/cuando-se-puede-pedir-un-dia-de-asuntos-propios\/\" aria-label=\"M\u00e1s en Cuando se puede pedir un dia de asuntos propios\">Leer m\u00e1s<\/a><\/p>\n","protected":false},"author":1,"featured_media":0,"comment_status":"open","ping_status":"open","sticky":false,"template":"","format":"standard","meta":{"footnotes":""},"categories":[3],"tags":[],"class_list":["post-132268","post","type-post","status-publish","format-standard","hentry","category-se-puede"],"aioseo_notices":[],"aioseo_head":"\n\t\t<!-- All in One SEO 5.0.1.1 - aioseo.com -->\n\t<meta name=\"description\" content=\"Cuando Se Puede Pedir Un Dia De Asuntos Propios Curiosidades e informaci\u00f3n interesante Los d\u00edas de asuntos propios son un derecho laboral reconocido en Espa\u00f1a. Los trabajadores tienen derecho a un m\u00ednimo de tres d\u00edas de asuntos propios al a\u00f1o, seg\u00fan el Estatuto de los Trabajadores. Las empresas pueden establecer sus propias pol\u00edticas en cuanto\" \/>\n\t<meta name=\"robots\" content=\"max-snippet:-1, max-image-preview:large, max-video-preview:-1\" \/>\n\t<meta name=\"author\" content=\"Ana Gonz\u00e1lez\"\/>\n\t<link rel=\"canonical\" href=\"https:\/\/dudasytextos.com\/se-puede\/cuando-se-puede-pedir-un-dia-de-asuntos-propios\/\" \/>\n\t<meta name=\"generator\" content=\"All in One SEO (AIOSEO) 5.0.1.1\" \/>\n\n\t\t<script async src=\"https:\/\/pagead2.googlesyndication.com\/pagead\/js\/adsbygoogle.js?client=ca-pub-3987500858204711\"\n     crossorigin=\"anonymous\"><\/script>\n<!-- Google tag (gtag.js) -->\n<script async src=\"https:\/\/www.googletagmanager.com\/gtag\/js?id=G-TYJ2FRZ8ZF\"><\/script>\n<script>\n  window.dataLayer = window.dataLayer || [];\n  function gtag(){dataLayer.push(arguments);}\n  gtag('js', new Date());\n\n  gtag('config', 'G-TYJ2FRZ8ZF');\n<\/script>\n\t\t<meta property=\"og:locale\" content=\"es_ES\" \/>\n\t\t<meta property=\"og:site_name\" content=\"\u00bfSe Puede? - Tomar decisiones informadas y resolver dudas.\" \/>\n\t\t<meta property=\"og:type\" content=\"article\" \/>\n\t\t<meta property=\"og:title\" content=\"Cuando se puede pedir un dia de asuntos propios (2026) \u00bfSe Puede?\" \/>\n\t\t<meta property=\"og:description\" content=\"Cuando Se Puede Pedir Un Dia De Asuntos Propios Curiosidades e informaci\u00f3n interesante Los d\u00edas de asuntos propios son un derecho laboral reconocido en Espa\u00f1a. Los trabajadores tienen derecho a un m\u00ednimo de tres d\u00edas de asuntos propios al a\u00f1o, seg\u00fan el Estatuto de los Trabajadores. Las empresas pueden establecer sus propias pol\u00edticas en cuanto\" \/>\n\t\t<meta property=\"og:url\" content=\"https:\/\/dudasytextos.com\/se-puede\/cuando-se-puede-pedir-un-dia-de-asuntos-propios\/\" \/>\n\t\t<meta property=\"article:published_time\" content=\"2025-03-07T06:59:42+00:00\" \/>\n\t\t<meta property=\"article:modified_time\" content=\"2025-03-13T08:14:02+00:00\" \/>\n\t\t<meta name=\"twitter:card\" content=\"summary_large_image\" \/>\n\t\t<meta name=\"twitter:title\" content=\"Cuando se puede pedir un dia de asuntos propios (2026) \u00bfSe Puede?\" \/>\n\t\t<meta name=\"twitter:description\" content=\"Cuando Se Puede Pedir Un Dia De Asuntos Propios Curiosidades e informaci\u00f3n interesante Los d\u00edas de asuntos propios son un derecho laboral reconocido en Espa\u00f1a. Los trabajadores tienen derecho a un m\u00ednimo de tres d\u00edas de asuntos propios al a\u00f1o, seg\u00fan el Estatuto de los Trabajadores. Las empresas pueden establecer sus propias pol\u00edticas en cuanto\" \/>\n\t\t<script type=\"application\/ld+json\" class=\"aioseo-schema\">\n\t\t\t{\"@context\":\"https:\\\/\\\/schema.org\",\"@graph\":[{\"@type\":\"BlogPosting\",\"@id\":\"https:\\\/\\\/dudasytextos.com\\\/se-puede\\\/cuando-se-puede-pedir-un-dia-de-asuntos-propios\\\/#blogposting\",\"name\":\"Cuando se puede pedir un dia de asuntos propios (2026) \\u00bfSe Puede?\",\"headline\":\"Cuando se puede pedir un dia de asuntos propios\",\"author\":{\"@id\":\"https:\\\/\\\/dudasytextos.com\\\/se-puede\\\/author\\\/admin23\\\/#author\"},\"publisher\":{\"@id\":\"https:\\\/\\\/dudasytextos.com\\\/se-puede\\\/#organization\"},\"datePublished\":\"2025-03-07T06:59:42+00:00\",\"dateModified\":\"2025-03-13T08:14:02+00:00\",\"inLanguage\":\"es-ES\",\"mainEntityOfPage\":{\"@id\":\"https:\\\/\\\/dudasytextos.com\\\/se-puede\\\/cuando-se-puede-pedir-un-dia-de-asuntos-propios\\\/#webpage\"},\"isPartOf\":{\"@id\":\"https:\\\/\\\/dudasytextos.com\\\/se-puede\\\/cuando-se-puede-pedir-un-dia-de-asuntos-propios\\\/#webpage\"},\"articleSection\":\"\\u00bfSe puede?\"},{\"@type\":\"BreadcrumbList\",\"@id\":\"https:\\\/\\\/dudasytextos.com\\\/se-puede\\\/cuando-se-puede-pedir-un-dia-de-asuntos-propios\\\/#breadcrumblist\",\"itemListElement\":[{\"@type\":\"ListItem\",\"@id\":\"https:\\\/\\\/dudasytextos.com\\\/se-puede#listItem\",\"position\":1,\"name\":\"Home\",\"item\":\"https:\\\/\\\/dudasytextos.com\\\/se-puede\",\"nextItem\":{\"@type\":\"ListItem\",\"@id\":\"https:\\\/\\\/dudasytextos.com\\\/se-puede\\\/category\\\/se-puede\\\/#listItem\",\"name\":\"\\u00bfSe puede?\"}},{\"@type\":\"ListItem\",\"@id\":\"https:\\\/\\\/dudasytextos.com\\\/se-puede\\\/category\\\/se-puede\\\/#listItem\",\"position\":2,\"name\":\"\\u00bfSe puede?\",\"item\":\"https:\\\/\\\/dudasytextos.com\\\/se-puede\\\/category\\\/se-puede\\\/\",\"nextItem\":{\"@type\":\"ListItem\",\"@id\":\"https:\\\/\\\/dudasytextos.com\\\/se-puede\\\/cuando-se-puede-pedir-un-dia-de-asuntos-propios\\\/#listItem\",\"name\":\"Cuando se puede pedir un dia de asuntos propios\"},\"previousItem\":{\"@type\":\"ListItem\",\"@id\":\"https:\\\/\\\/dudasytextos.com\\\/se-puede#listItem\",\"name\":\"Home\"}},{\"@type\":\"ListItem\",\"@id\":\"https:\\\/\\\/dudasytextos.com\\\/se-puede\\\/cuando-se-puede-pedir-un-dia-de-asuntos-propios\\\/#listItem\",\"position\":3,\"name\":\"Cuando se puede pedir un dia de asuntos propios\",\"previousItem\":{\"@type\":\"ListItem\",\"@id\":\"https:\\\/\\\/dudasytextos.com\\\/se-puede\\\/category\\\/se-puede\\\/#listItem\",\"name\":\"\\u00bfSe puede?\"}}]},{\"@type\":\"Organization\",\"@id\":\"https:\\\/\\\/dudasytextos.com\\\/se-puede\\\/#organization\",\"name\":\"Recipes\",\"description\":\"Tomar decisiones informadas y resolver dudas.\",\"url\":\"https:\\\/\\\/dudasytextos.com\\\/se-puede\\\/\"},{\"@type\":\"Person\",\"@id\":\"https:\\\/\\\/dudasytextos.com\\\/se-puede\\\/author\\\/admin23\\\/#author\",\"url\":\"https:\\\/\\\/dudasytextos.com\\\/se-puede\\\/author\\\/admin23\\\/\",\"name\":\"Ana Gonz\\u00e1lez\"},{\"@type\":\"WebPage\",\"@id\":\"https:\\\/\\\/dudasytextos.com\\\/se-puede\\\/cuando-se-puede-pedir-un-dia-de-asuntos-propios\\\/#webpage\",\"url\":\"https:\\\/\\\/dudasytextos.com\\\/se-puede\\\/cuando-se-puede-pedir-un-dia-de-asuntos-propios\\\/\",\"name\":\"Cuando se puede pedir un dia de asuntos propios (2026) \\u00bfSe Puede?\",\"description\":\"Cuando Se Puede Pedir Un Dia De Asuntos Propios Curiosidades e informaci\\u00f3n interesante Los d\\u00edas de asuntos propios son un derecho laboral reconocido en Espa\\u00f1a. Los trabajadores tienen derecho a un m\\u00ednimo de tres d\\u00edas de asuntos propios al a\\u00f1o, seg\\u00fan el Estatuto de los Trabajadores. Las empresas pueden establecer sus propias pol\\u00edticas en cuanto\",\"inLanguage\":\"es-ES\",\"isPartOf\":{\"@id\":\"https:\\\/\\\/dudasytextos.com\\\/se-puede\\\/#website\"},\"breadcrumb\":{\"@id\":\"https:\\\/\\\/dudasytextos.com\\\/se-puede\\\/cuando-se-puede-pedir-un-dia-de-asuntos-propios\\\/#breadcrumblist\"},\"author\":{\"@id\":\"https:\\\/\\\/dudasytextos.com\\\/se-puede\\\/author\\\/admin23\\\/#author\"},\"creator\":{\"@id\":\"https:\\\/\\\/dudasytextos.com\\\/se-puede\\\/author\\\/admin23\\\/#author\"},\"datePublished\":\"2025-03-07T06:59:42+00:00\",\"dateModified\":\"2025-03-13T08:14:02+00:00\"},{\"@type\":\"WebSite\",\"@id\":\"https:\\\/\\\/dudasytextos.com\\\/se-puede\\\/#website\",\"url\":\"https:\\\/\\\/dudasytextos.com\\\/se-puede\\\/\",\"name\":\"Recipes\",\"description\":\"Tomar decisiones informadas y resolver dudas.\",\"inLanguage\":\"es-ES\",\"publisher\":{\"@id\":\"https:\\\/\\\/dudasytextos.com\\\/se-puede\\\/#organization\"}}]}\n\t\t<\/script>\n\t\t<!-- All in One SEO -->\n\n","aioseo_head_json":{"title":"Cuando se puede pedir un dia de asuntos propios (2026) \u00bfSe Puede?","description":"Cuando Se Puede Pedir Un Dia De Asuntos Propios Curiosidades e informaci\u00f3n interesante Los d\u00edas de asuntos propios son un derecho laboral reconocido en Espa\u00f1a. Los trabajadores tienen derecho a un m\u00ednimo de tres d\u00edas de asuntos propios al a\u00f1o, seg\u00fan el Estatuto de los Trabajadores. Las empresas pueden establecer sus propias pol\u00edticas en cuanto","canonical_url":"https:\/\/dudasytextos.com\/se-puede\/cuando-se-puede-pedir-un-dia-de-asuntos-propios\/","robots":"max-snippet:-1, max-image-preview:large, max-video-preview:-1","keywords":"","webmasterTools":{"miscellaneous":"&lt;script async src=\"https:\/\/pagead2.googlesyndication.com\/pagead\/js\/adsbygoogle.js?client=ca-pub-3987500858204711\"\n     crossorigin=\"anonymous\"&gt;&lt;\/script&gt;\n&lt;!-- Google tag (gtag.js) --&gt;\n&lt;script async src=\"https:\/\/www.googletagmanager.com\/gtag\/js?id=G-TYJ2FRZ8ZF\"&gt;&lt;\/script&gt;\n&lt;script&gt;\n  window.dataLayer = window.dataLayer || [];\n  function gtag(){dataLayer.push(arguments);}\n  gtag('js', new Date());\n\n  gtag('config', 'G-TYJ2FRZ8ZF');\n&lt;\/script&gt;"},"schema":{"@context":"https:\/\/schema.org","@graph":[{"@type":"BlogPosting","@id":"https:\/\/dudasytextos.com\/se-puede\/cuando-se-puede-pedir-un-dia-de-asuntos-propios\/#blogposting","name":"Cuando se puede pedir un dia de asuntos propios (2026) \u00bfSe Puede?","headline":"Cuando se puede pedir un dia de asuntos propios","author":{"@id":"https:\/\/dudasytextos.com\/se-puede\/author\/admin23\/#author"},"publisher":{"@id":"https:\/\/dudasytextos.com\/se-puede\/#organization"},"datePublished":"2025-03-07T06:59:42+00:00","dateModified":"2025-03-13T08:14:02+00:00","inLanguage":"es-ES","mainEntityOfPage":{"@id":"https:\/\/dudasytextos.com\/se-puede\/cuando-se-puede-pedir-un-dia-de-asuntos-propios\/#webpage"},"isPartOf":{"@id":"https:\/\/dudasytextos.com\/se-puede\/cuando-se-puede-pedir-un-dia-de-asuntos-propios\/#webpage"},"articleSection":"\u00bfSe puede?"},{"@type":"BreadcrumbList","@id":"https:\/\/dudasytextos.com\/se-puede\/cuando-se-puede-pedir-un-dia-de-asuntos-propios\/#breadcrumblist","itemListElement":[{"@type":"ListItem","@id":"https:\/\/dudasytextos.com\/se-puede#listItem","position":1,"name":"Home","item":"https:\/\/dudasytextos.com\/se-puede","nextItem":{"@type":"ListItem","@id":"https:\/\/dudasytextos.com\/se-puede\/category\/se-puede\/#listItem","name":"\u00bfSe puede?"}},{"@type":"ListItem","@id":"https:\/\/dudasytextos.com\/se-puede\/category\/se-puede\/#listItem","position":2,"name":"\u00bfSe puede?","item":"https:\/\/dudasytextos.com\/se-puede\/category\/se-puede\/","nextItem":{"@type":"ListItem","@id":"https:\/\/dudasytextos.com\/se-puede\/cuando-se-puede-pedir-un-dia-de-asuntos-propios\/#listItem","name":"Cuando se puede pedir un dia de asuntos propios"},"previousItem":{"@type":"ListItem","@id":"https:\/\/dudasytextos.com\/se-puede#listItem","name":"Home"}},{"@type":"ListItem","@id":"https:\/\/dudasytextos.com\/se-puede\/cuando-se-puede-pedir-un-dia-de-asuntos-propios\/#listItem","position":3,"name":"Cuando se puede pedir un dia de asuntos propios","previousItem":{"@type":"ListItem","@id":"https:\/\/dudasytextos.com\/se-puede\/category\/se-puede\/#listItem","name":"\u00bfSe puede?"}}]},{"@type":"Organization","@id":"https:\/\/dudasytextos.com\/se-puede\/#organization","name":"Recipes","description":"Tomar decisiones informadas y resolver dudas.","url":"https:\/\/dudasytextos.com\/se-puede\/"},{"@type":"Person","@id":"https:\/\/dudasytextos.com\/se-puede\/author\/admin23\/#author","url":"https:\/\/dudasytextos.com\/se-puede\/author\/admin23\/","name":"Ana Gonz\u00e1lez"},{"@type":"WebPage","@id":"https:\/\/dudasytextos.com\/se-puede\/cuando-se-puede-pedir-un-dia-de-asuntos-propios\/#webpage","url":"https:\/\/dudasytextos.com\/se-puede\/cuando-se-puede-pedir-un-dia-de-asuntos-propios\/","name":"Cuando se puede pedir un dia de asuntos propios (2026) \u00bfSe Puede?","description":"Cuando Se Puede Pedir Un Dia De Asuntos Propios Curiosidades e informaci\u00f3n interesante Los d\u00edas de asuntos propios son un derecho laboral reconocido en Espa\u00f1a. Los trabajadores tienen derecho a un m\u00ednimo de tres d\u00edas de asuntos propios al a\u00f1o, seg\u00fan el Estatuto de los Trabajadores. Las empresas pueden establecer sus propias pol\u00edticas en cuanto","inLanguage":"es-ES","isPartOf":{"@id":"https:\/\/dudasytextos.com\/se-puede\/#website"},"breadcrumb":{"@id":"https:\/\/dudasytextos.com\/se-puede\/cuando-se-puede-pedir-un-dia-de-asuntos-propios\/#breadcrumblist"},"author":{"@id":"https:\/\/dudasytextos.com\/se-puede\/author\/admin23\/#author"},"creator":{"@id":"https:\/\/dudasytextos.com\/se-puede\/author\/admin23\/#author"},"datePublished":"2025-03-07T06:59:42+00:00","dateModified":"2025-03-13T08:14:02+00:00"},{"@type":"WebSite","@id":"https:\/\/dudasytextos.com\/se-puede\/#website","url":"https:\/\/dudasytextos.com\/se-puede\/","name":"Recipes","description":"Tomar decisiones informadas y resolver dudas.","inLanguage":"es-ES","publisher":{"@id":"https:\/\/dudasytextos.com\/se-puede\/#organization"}}]},"og:locale":"es_ES","og:site_name":"\u00bfSe Puede? - Tomar decisiones informadas y resolver dudas.","og:type":"article","og:title":"Cuando se puede pedir un dia de asuntos propios (2026) \u00bfSe Puede?","og:description":"Cuando Se Puede Pedir Un Dia De Asuntos Propios Curiosidades e informaci\u00f3n interesante Los d\u00edas de asuntos propios son un derecho laboral reconocido en Espa\u00f1a. Los trabajadores tienen derecho a un m\u00ednimo de tres d\u00edas de asuntos propios al a\u00f1o, seg\u00fan el Estatuto de los Trabajadores. Las empresas pueden establecer sus propias pol\u00edticas en cuanto","og:url":"https:\/\/dudasytextos.com\/se-puede\/cuando-se-puede-pedir-un-dia-de-asuntos-propios\/","article:published_time":"2025-03-07T06:59:42+00:00","article:modified_time":"2025-03-13T08:14:02+00:00","twitter:card":"summary_large_image","twitter:title":"Cuando se puede pedir un dia de asuntos propios (2026) \u00bfSe Puede?","twitter:description":"Cuando Se Puede Pedir Un Dia De Asuntos Propios Curiosidades e informaci\u00f3n interesante Los d\u00edas de asuntos propios son un derecho laboral reconocido en Espa\u00f1a. Los trabajadores tienen derecho a un m\u00ednimo de tres d\u00edas de asuntos propios al a\u00f1o, seg\u00fan el Estatuto de los Trabajadores. Las empresas pueden establecer sus propias pol\u00edticas en cuanto"},"aioseo_meta_data":{"post_id":"132268","title":null,"description":null,"keywords":null,"keyphrases":null,"primary_term":null,"canonical_url":null,"og_title":null,"og_description":null,"og_object_type":"default","og_image_type":"default","og_image_url":null,"og_image_width":null,"og_image_height":null,"og_image_custom_url":null,"og_image_custom_fields":null,"og_video":null,"og_custom_url":null,"og_article_section":null,"og_article_tags":null,"twitter_use_og":false,"twitter_card":"default","twitter_image_type":"default","twitter_image_url":null,"twitter_image_custom_url":null,"twitter_image_custom_fields":null,"twitter_title":null,"twitter_description":null,"schema":{"blockGraphs":[],"customGraphs":[],"default":{"data":{"Article":[],"Course":[],"Dataset":[],"FAQPage":[],"Movie":[],"Person":[],"Product":[],"ProductReview":[],"Car":[],"Recipe":[],"Service":[],"SoftwareApplication":[],"WebPage":[]},"graphName":"","isEnabled":true},"graphs":[]},"schema_type":"default","schema_type_options":null,"pillar_content":false,"robots_default":true,"robots_noindex":false,"robots_noarchive":false,"robots_nosnippet":false,"robots_nofollow":false,"robots_noimageindex":false,"robots_noodp":false,"robots_notranslate":false,"robots_max_snippet":null,"robots_max_videopreview":null,"robots_max_imagepreview":"large","priority":null,"frequency":null,"local_seo":null,"breadcrumb_settings":null,"limit_modified_date":false,"ai":null,"created":"2023-05-02 09:13:23","updated":"2025-03-14 10:19:08","seo_analyzer_scan_date":null,"focus_keyword":null,"additional_keywords":null,"truseo_locale":null},"aioseo_breadcrumb":"<div class=\"aioseo-breadcrumbs\"><span class=\"aioseo-breadcrumb\">\n\t\t\t<a href=\"https:\/\/dudasytextos.com\/se-puede\" title=\"Home\">Home<\/a>\n\t\t<\/span><span class=\"aioseo-breadcrumb-separator\">&raquo;<\/span><span class=\"aioseo-breadcrumb\">\n\t\t\t<a href=\"https:\/\/dudasytextos.com\/se-puede\/category\/se-puede\/\" title=\"\u00bfSe puede?\">\u00bfSe puede?<\/a>\n\t\t<\/span><span class=\"aioseo-breadcrumb-separator\">&raquo;<\/span><span class=\"aioseo-breadcrumb\">\n\t\t\tCuando se puede pedir un dia de asuntos propios\n\t\t<\/span><\/div>","aioseo_breadcrumb_json":[{"label":"Home","link":"https:\/\/dudasytextos.com\/se-puede"},{"label":"\u00bfSe puede?","link":"https:\/\/dudasytextos.com\/se-puede\/category\/se-puede\/"},{"label":"Cuando se puede pedir un dia de asuntos propios","link":"https:\/\/dudasytextos.com\/se-puede\/cuando-se-puede-pedir-un-dia-de-asuntos-propios\/"}],"_links":{"self":[{"href":"https:\/\/dudasytextos.com\/se-puede\/wp-json\/wp\/v2\/posts\/132268","targetHints":{"allow":["GET"]}}],"collection":[{"href":"https:\/\/dudasytextos.com\/se-puede\/wp-json\/wp\/v2\/posts"}],"about":[{"href":"https:\/\/dudasytextos.com\/se-puede\/wp-json\/wp\/v2\/types\/post"}],"author":[{"embeddable":true,"href":"https:\/\/dudasytextos.com\/se-puede\/wp-json\/wp\/v2\/users\/1"}],"replies":[{"embeddable":true,"href":"https:\/\/dudasytextos.com\/se-puede\/wp-json\/wp\/v2\/comments?post=132268"}],"version-history":[{"count":1,"href":"https:\/\/dudasytextos.com\/se-puede\/wp-json\/wp\/v2\/posts\/132268\/revisions"}],"predecessor-version":[{"id":136959,"href":"https:\/\/dudasytextos.com\/se-puede\/wp-json\/wp\/v2\/posts\/132268\/revisions\/136959"}],"wp:attachment":[{"href":"https:\/\/dudasytextos.com\/se-puede\/wp-json\/wp\/v2\/media?parent=132268"}],"wp:term":[{"taxonomy":"category","embeddable":true,"href":"https:\/\/dudasytextos.com\/se-puede\/wp-json\/wp\/v2\/categories?post=132268"},{"taxonomy":"post_tag","embeddable":true,"href":"https:\/\/dudasytextos.com\/se-puede\/wp-json\/wp\/v2\/tags?post=132268"}],"curies":[{"name":"wp","href":"https:\/\/api.w.org\/{rel}","templated":true}]}}