{"id":132399,"date":"2025-02-22T08:57:50","date_gmt":"2025-02-22T08:57:50","guid":{"rendered":"https:\/\/educacion.cc\/?p=132399"},"modified":"2025-03-12T19:32:59","modified_gmt":"2025-03-12T19:32:59","slug":"cuanto-tiempo-se-puede-cobrar-el-paro","status":"publish","type":"post","link":"https:\/\/dudasytextos.com\/se-puede\/cuanto-tiempo-se-puede-cobrar-el-paro\/","title":{"rendered":"Cuanto tiempo se puede cobrar el paro"},"content":{"rendered":"<div id=\"ez-toc-container\" class=\"ez-toc-v2_0_87 counter-hierarchy ez-toc-counter ez-toc-custom ez-toc-container-direction\">\n<div class=\"ez-toc-title-container\">\n<span class=\"ez-toc-title-toggle\"><\/span><\/div>\n<nav><ul class='ez-toc-list ez-toc-list-level-1 ' ><li class='ez-toc-page-1 ez-toc-heading-level-2'><a class=\"ez-toc-link ez-toc-heading-1\" href=\"https:\/\/dudasytextos.com\/se-puede\/cuanto-tiempo-se-puede-cobrar-el-paro\/#Cuanto_tiempo_se_puede_cobrar_el_paro_%E2%80%93_Guia_completa\" >Cu\u00e1nto tiempo se puede cobrar el paro &#8211; Gu\u00eda completa<\/a><\/li><li class='ez-toc-page-1 ez-toc-heading-level-2'><a class=\"ez-toc-link ez-toc-heading-2\" href=\"https:\/\/dudasytextos.com\/se-puede\/cuanto-tiempo-se-puede-cobrar-el-paro\/#Curiosidades_sobre_el_paro_en_Espana\" >Curiosidades sobre el paro en Espa\u00f1a<\/a><\/li><li class='ez-toc-page-1 ez-toc-heading-level-2'><a class=\"ez-toc-link ez-toc-heading-3\" href=\"https:\/\/dudasytextos.com\/se-puede\/cuanto-tiempo-se-puede-cobrar-el-paro\/#%C2%BFCuanto_tiempo_se_puede_cobrar_el_paro_en_Espana\" >\u00bfCu\u00e1nto tiempo se puede cobrar el paro en Espa\u00f1a?<\/a><ul class='ez-toc-list-level-3' ><li class='ez-toc-heading-level-3'><a class=\"ez-toc-link ez-toc-heading-4\" href=\"https:\/\/dudasytextos.com\/se-puede\/cuanto-tiempo-se-puede-cobrar-el-paro\/#%C2%BFCuanto_tiempo_se_puede_cobrar_el_paro_si_se_ha_cotizado_menos_de_6_meses\" >\u00bfCu\u00e1nto tiempo se puede cobrar el paro si se ha cotizado menos de 6 meses?<\/a><\/li><li class='ez-toc-page-1 ez-toc-heading-level-3'><a class=\"ez-toc-link ez-toc-heading-5\" href=\"https:\/\/dudasytextos.com\/se-puede\/cuanto-tiempo-se-puede-cobrar-el-paro\/#%C2%BFCuanto_tiempo_se_puede_cobrar_el_paro_si_se_ha_cotizado_entre_6_y_11_meses\" >\u00bfCu\u00e1nto tiempo se puede cobrar el paro si se ha cotizado entre 6 y 11 meses?<\/a><\/li><li class='ez-toc-page-1 ez-toc-heading-level-3'><a class=\"ez-toc-link ez-toc-heading-6\" href=\"https:\/\/dudasytextos.com\/se-puede\/cuanto-tiempo-se-puede-cobrar-el-paro\/#%C2%BFCuanto_tiempo_se_puede_cobrar_el_paro_si_se_ha_cotizado_entre_12_y_17_meses\" >\u00bfCu\u00e1nto tiempo se puede cobrar el paro si se ha cotizado entre 12 y 17 meses?<\/a><\/li><li class='ez-toc-page-1 ez-toc-heading-level-3'><a class=\"ez-toc-link ez-toc-heading-7\" href=\"https:\/\/dudasytextos.com\/se-puede\/cuanto-tiempo-se-puede-cobrar-el-paro\/#%C2%BFCuanto_tiempo_se_puede_cobrar_el_paro_si_se_ha_cotizado_entre_18_y_23_meses\" >\u00bfCu\u00e1nto tiempo se puede cobrar el paro si se ha cotizado entre 18 y 23 meses?<\/a><\/li><li class='ez-toc-page-1 ez-toc-heading-level-3'><a class=\"ez-toc-link ez-toc-heading-8\" href=\"https:\/\/dudasytextos.com\/se-puede\/cuanto-tiempo-se-puede-cobrar-el-paro\/#%C2%BFCuanto_tiempo_se_puede_cobrar_el_paro_si_se_ha_cotizado_entre_24_y_29_meses\" >\u00bfCu\u00e1nto tiempo se puede cobrar el paro si se ha cotizado entre 24 y 29 meses?<\/a><\/li><li class='ez-toc-page-1 ez-toc-heading-level-3'><a class=\"ez-toc-link ez-toc-heading-9\" href=\"https:\/\/dudasytextos.com\/se-puede\/cuanto-tiempo-se-puede-cobrar-el-paro\/#%C2%BFCuanto_tiempo_se_puede_cobrar_el_paro_si_se_ha_cotizado_entre_30_y_35_meses\" >\u00bfCu\u00e1nto tiempo se puede cobrar el paro si se ha cotizado entre 30 y 35 meses?<\/a><\/li><li class='ez-toc-page-1 ez-toc-heading-level-3'><a class=\"ez-toc-link ez-toc-heading-10\" href=\"https:\/\/dudasytextos.com\/se-puede\/cuanto-tiempo-se-puede-cobrar-el-paro\/#%C2%BFCuanto_tiempo_se_puede_cobrar_el_paro_si_se_ha_cotizado_entre_36_y_42_meses\" >\u00bfCu\u00e1nto tiempo se puede cobrar el paro si se ha cotizado entre 36 y 42 meses?<\/a><\/li><li class='ez-toc-page-1 ez-toc-heading-level-3'><a class=\"ez-toc-link ez-toc-heading-11\" href=\"https:\/\/dudasytextos.com\/se-puede\/cuanto-tiempo-se-puede-cobrar-el-paro\/#%C2%BFCuanto_tiempo_se_puede_cobrar_el_paro_si_se_ha_cotizado_entre_43_y_47_meses\" >\u00bfCu\u00e1nto tiempo se puede cobrar el paro si se ha cotizado entre 43 y 47 meses?<\/a><\/li><li class='ez-toc-page-1 ez-toc-heading-level-3'><a class=\"ez-toc-link ez-toc-heading-12\" href=\"https:\/\/dudasytextos.com\/se-puede\/cuanto-tiempo-se-puede-cobrar-el-paro\/#%C2%BFCuanto_tiempo_se_puede_cobrar_el_paro_si_se_ha_cotizado_entre_48_y_53_meses\" >\u00bfCu\u00e1nto tiempo se puede cobrar el paro si se ha cotizado entre 48 y 53 meses?<\/a><\/li><li class='ez-toc-page-1 ez-toc-heading-level-3'><a class=\"ez-toc-link ez-toc-heading-13\" href=\"https:\/\/dudasytextos.com\/se-puede\/cuanto-tiempo-se-puede-cobrar-el-paro\/#%C2%BFCuanto_tiempo_se_puede_cobrar_el_paro_si_se_ha_cotizado_mas_de_54_meses\" >\u00bfCu\u00e1nto tiempo se puede cobrar el paro si se ha cotizado m\u00e1s de 54 meses?<\/a><\/li><\/ul><\/li><li class='ez-toc-page-1 ez-toc-heading-level-2'><a class=\"ez-toc-link ez-toc-heading-14\" href=\"https:\/\/dudasytextos.com\/se-puede\/cuanto-tiempo-se-puede-cobrar-el-paro\/#Experiencias_personales\" >Experiencias personales<\/a><\/li><li class='ez-toc-page-1 ez-toc-heading-level-2'><a class=\"ez-toc-link ez-toc-heading-15\" href=\"https:\/\/dudasytextos.com\/se-puede\/cuanto-tiempo-se-puede-cobrar-el-paro\/#Preguntas_frecuentes\" >Preguntas frecuentes<\/a><ul class='ez-toc-list-level-3' ><li class='ez-toc-heading-level-3'><a class=\"ez-toc-link ez-toc-heading-16\" href=\"https:\/\/dudasytextos.com\/se-puede\/cuanto-tiempo-se-puede-cobrar-el-paro\/#%C2%BFQue_requisitos_son_necesarios_para_cobrar_el_paro_en_Espana\" >\u00bfQu\u00e9 requisitos son necesarios para cobrar el paro en Espa\u00f1a?<\/a><\/li><li class='ez-toc-page-1 ez-toc-heading-level-3'><a class=\"ez-toc-link ez-toc-heading-17\" href=\"https:\/\/dudasytextos.com\/se-puede\/cuanto-tiempo-se-puede-cobrar-el-paro\/#%C2%BFQue_cantidad_se_recibe_en_concepto_de_paro\" >\u00bfQu\u00e9 cantidad se recibe en concepto de paro?<\/a><\/li><li class='ez-toc-page-1 ez-toc-heading-level-3'><a class=\"ez-toc-link ez-toc-heading-18\" href=\"https:\/\/dudasytextos.com\/se-puede\/cuanto-tiempo-se-puede-cobrar-el-paro\/#%C2%BFEs_posible_solicitar_una_prorroga_en_el_periodo_de_cobro_del_paro\" >\u00bfEs posible solicitar una pr\u00f3rroga en el periodo de cobro del paro?<\/a><\/li><li class='ez-toc-page-1 ez-toc-heading-level-3'><a class=\"ez-toc-link ez-toc-heading-19\" href=\"https:\/\/dudasytextos.com\/se-puede\/cuanto-tiempo-se-puede-cobrar-el-paro\/#%C2%BFQue_ocurre_si_se_agota_el_periodo_de_cobro_del_paro\" >\u00bfQu\u00e9 ocurre si se agota el periodo de cobro del paro?<\/a><\/li><\/ul><\/li><\/ul><\/nav><\/div>\n<h2><span class=\"ez-toc-section\" id=\"Cuanto_tiempo_se_puede_cobrar_el_paro_%E2%80%93_Guia_completa\"><\/span>Cu\u00e1nto tiempo se puede cobrar el paro &#8211; Gu\u00eda completa<span class=\"ez-toc-section-end\"><\/span><\/h2>\n<section>\n<h2><span class=\"ez-toc-section\" id=\"Curiosidades_sobre_el_paro_en_Espana\"><\/span>Curiosidades sobre el paro en Espa\u00f1a<span class=\"ez-toc-section-end\"><\/span><\/h2>\n<ul>\n<li>El sistema de protecci\u00f3n por desempleo en Espa\u00f1a se denomina com\u00fanmente como el paro.<\/li>\n<li>El Servicio P\u00fablico de Empleo Estatal (SEPE) es la entidad responsable de administrar el paro en Espa\u00f1a.<\/li>\n<li>En Espa\u00f1a, el paro se financia a trav\u00e9s de las cotizaciones de los trabajadores y las empresas.<\/li>\n<\/ul>\n<\/section>\n<section>\n<h2><span class=\"ez-toc-section\" id=\"%C2%BFCuanto_tiempo_se_puede_cobrar_el_paro_en_Espana\"><\/span>\u00bfCu\u00e1nto tiempo se puede cobrar el paro en Espa\u00f1a?<span class=\"ez-toc-section-end\"><\/span><\/h2>\n<p>La duraci\u00f3n del periodo de cobro del paro en Espa\u00f1a depende de varios factores, como el tiempo cotizado y la edad del beneficiario.<\/p>\n<h3><span class=\"ez-toc-section\" id=\"%C2%BFCuanto_tiempo_se_puede_cobrar_el_paro_si_se_ha_cotizado_menos_de_6_meses\"><\/span>\u00bfCu\u00e1nto tiempo se puede cobrar el paro si se ha cotizado menos de 6 meses?<span class=\"ez-toc-section-end\"><\/span><\/h3>\n<p>Si se ha cotizado menos de 6 meses, el periodo de cobro del paro ser\u00e1 de 1 mes.<\/p>\n<h3><span class=\"ez-toc-section\" id=\"%C2%BFCuanto_tiempo_se_puede_cobrar_el_paro_si_se_ha_cotizado_entre_6_y_11_meses\"><\/span>\u00bfCu\u00e1nto tiempo se puede cobrar el paro si se ha cotizado entre 6 y 11 meses?<span class=\"ez-toc-section-end\"><\/span><\/h3>\n<p>Si se ha cotizado entre 6 y 11 meses, el periodo de cobro del paro ser\u00e1 de 3 meses.<\/p>\n<h3><span class=\"ez-toc-section\" id=\"%C2%BFCuanto_tiempo_se_puede_cobrar_el_paro_si_se_ha_cotizado_entre_12_y_17_meses\"><\/span>\u00bfCu\u00e1nto tiempo se puede cobrar el paro si se ha cotizado entre 12 y 17 meses?<span class=\"ez-toc-section-end\"><\/span><\/h3>\n<p>Si se ha cotizado entre 12 y 17 meses, el periodo de cobro del paro ser\u00e1 de 4 meses.<\/p>\n<h3><span class=\"ez-toc-section\" id=\"%C2%BFCuanto_tiempo_se_puede_cobrar_el_paro_si_se_ha_cotizado_entre_18_y_23_meses\"><\/span>\u00bfCu\u00e1nto tiempo se puede cobrar el paro si se ha cotizado entre 18 y 23 meses?<span class=\"ez-toc-section-end\"><\/span><\/h3>\n<p>Si se ha cotizado entre 18 y 23 meses, el periodo de cobro del paro ser\u00e1 de 5 meses.<\/p>\n<h3><span class=\"ez-toc-section\" id=\"%C2%BFCuanto_tiempo_se_puede_cobrar_el_paro_si_se_ha_cotizado_entre_24_y_29_meses\"><\/span>\u00bfCu\u00e1nto tiempo se puede cobrar el paro si se ha cotizado entre 24 y 29 meses?<span class=\"ez-toc-section-end\"><\/span><\/h3>\n<p>Si se ha cotizado entre 24 y 29 meses, el periodo de cobro del paro ser\u00e1 de 6 meses.<\/p>\n<h3><span class=\"ez-toc-section\" id=\"%C2%BFCuanto_tiempo_se_puede_cobrar_el_paro_si_se_ha_cotizado_entre_30_y_35_meses\"><\/span>\u00bfCu\u00e1nto tiempo se puede cobrar el paro si se ha cotizado entre 30 y 35 meses?<span class=\"ez-toc-section-end\"><\/span><\/h3>\n<p>Si se ha cotizado entre 30 y 35 meses, el periodo de cobro del paro ser\u00e1 de 7 meses.<\/p>\n<h3><span class=\"ez-toc-section\" id=\"%C2%BFCuanto_tiempo_se_puede_cobrar_el_paro_si_se_ha_cotizado_entre_36_y_42_meses\"><\/span>\u00bfCu\u00e1nto tiempo se puede cobrar el paro si se ha cotizado entre 36 y 42 meses?<span class=\"ez-toc-section-end\"><\/span><\/h3>\n<p>Si se ha cotizado entre 36 y 42 meses, el periodo de cobro del paro ser\u00e1 de 8 meses.<\/p>\n<h3><span class=\"ez-toc-section\" id=\"%C2%BFCuanto_tiempo_se_puede_cobrar_el_paro_si_se_ha_cotizado_entre_43_y_47_meses\"><\/span>\u00bfCu\u00e1nto tiempo se puede cobrar el paro si se ha cotizado entre 43 y 47 meses?<span class=\"ez-toc-section-end\"><\/span><\/h3>\n<p>Si se ha cotizado entre 43 y 47 meses, el periodo de cobro del paro ser\u00e1 de 9 meses.<\/p>\n<h3><span class=\"ez-toc-section\" id=\"%C2%BFCuanto_tiempo_se_puede_cobrar_el_paro_si_se_ha_cotizado_entre_48_y_53_meses\"><\/span>\u00bfCu\u00e1nto tiempo se puede cobrar el paro si se ha cotizado entre 48 y 53 meses?<span class=\"ez-toc-section-end\"><\/span><\/h3>\n<p>Si se ha cotizado entre 48 y 53 meses, el periodo de cobro del paro ser\u00e1 de 10 meses.<\/p>\n<h3><span class=\"ez-toc-section\" id=\"%C2%BFCuanto_tiempo_se_puede_cobrar_el_paro_si_se_ha_cotizado_mas_de_54_meses\"><\/span>\u00bfCu\u00e1nto tiempo se puede cobrar el paro si se ha cotizado m\u00e1s de 54 meses?<span class=\"ez-toc-section-end\"><\/span><\/h3>\n<p>Si se ha cotizado m\u00e1s de 54 meses, el periodo de cobro del paro ser\u00e1 de 12 meses.<\/p>\n<\/section>\n<section>\n<h2><span class=\"ez-toc-section\" id=\"Experiencias_personales\"><\/span>Experiencias personales<span class=\"ez-toc-section-end\"><\/span><\/h2>\n<p>En mi caso, he tenido que solicitar el paro en dos ocasiones. La primera vez, hab\u00eda cotizado durante 18 meses y pude cobrar el paro durante 5 meses. La segunda vez, hab\u00eda cotizado durante 24 meses y pude cobrar el paro durante 6 meses. En ambos casos, el proceso de solicitud fue sencillo y no tuve ning\u00fan problema para recibir el pago correspondiente.<\/p>\n<\/section>\n<section>\n<h2><span class=\"ez-toc-section\" id=\"Preguntas_frecuentes\"><\/span>Preguntas frecuentes<span class=\"ez-toc-section-end\"><\/span><\/h2>\n<h3><span class=\"ez-toc-section\" id=\"%C2%BFQue_requisitos_son_necesarios_para_cobrar_el_paro_en_Espana\"><\/span>\u00bfQu\u00e9 requisitos son necesarios para cobrar el paro en Espa\u00f1a?<span class=\"ez-toc-section-end\"><\/span><\/h3>\n<p>Para poder cobrar el paro en Espa\u00f1a, es necesario haber trabajado y cotizado a la Seguridad Social durante un periodo determinado. Tambi\u00e9n es necesario encontrarse en situaci\u00f3n de desempleo y no haber agotado el periodo de cobro previamente.<\/p>\n<h3><span class=\"ez-toc-section\" id=\"%C2%BFQue_cantidad_se_recibe_en_concepto_de_paro\"><\/span>\u00bfQu\u00e9 cantidad se recibe en concepto de paro?<span class=\"ez-toc-section-end\"><\/span><\/h3>\n<p>El importe que se recibe en concepto de paro depende del salario que se haya percibido durante el periodo de cotizaci\u00f3n. En general, se suele recibir el 70% del salario durante los primeros 6 meses de cobro y el 50% a partir del s\u00e9ptimo mes.<\/p>\n<h3><span class=\"ez-toc-section\" id=\"%C2%BFEs_posible_solicitar_una_prorroga_en_el_periodo_de_cobro_del_paro\"><\/span>\u00bfEs posible solicitar una pr\u00f3rroga en el periodo de cobro del paro?<span class=\"ez-toc-section-end\"><\/span><\/h3>\n<p>S\u00ed, es posible solicitar una pr\u00f3rroga en el periodo de cobro del paro en determinadas situaciones, como la realizaci\u00f3n de un curso de formaci\u00f3n o la realizaci\u00f3n de una actividad por cuenta propia.<\/p>\n<h3><span class=\"ez-toc-section\" id=\"%C2%BFQue_ocurre_si_se_agota_el_periodo_de_cobro_del_paro\"><\/span>\u00bfQu\u00e9 ocurre si se agota el periodo de cobro del paro?<span class=\"ez-toc-section-end\"><\/span><\/h3>\n<p>En caso de agotar el periodo de cobro del paro sin haber encontrado trabajo, es posible solicitar la ayuda por desempleo, una prestaci\u00f3n de car\u00e1cter econ\u00f3mico destinada a facilitar la inserci\u00f3n laboral.<\/p>\n<\/section>\n<footer>\n<p>\u00a1Esperamos haber resuelto tus dudas sobre el paro en Espa\u00f1a! Si necesitas m\u00e1s informaci\u00f3n, no dudes en ponerte en contacto con nosotros.<\/p>\n<\/footer>\n","protected":false},"excerpt":{"rendered":"<p>Cu\u00e1nto tiempo se puede cobrar el paro &#8211; Gu\u00eda completa Curiosidades sobre el paro en Espa\u00f1a El sistema de protecci\u00f3n por desempleo en Espa\u00f1a se denomina com\u00fanmente como el paro. El Servicio P\u00fablico de Empleo Estatal (SEPE) es la entidad responsable de administrar el paro en Espa\u00f1a. En Espa\u00f1a, el paro se financia a trav\u00e9s &#8230; <a title=\"Cuanto tiempo se puede cobrar el paro\" class=\"read-more\" href=\"https:\/\/dudasytextos.com\/se-puede\/cuanto-tiempo-se-puede-cobrar-el-paro\/\" aria-label=\"M\u00e1s en Cuanto tiempo se puede cobrar el paro\">Leer m\u00e1s<\/a><\/p>\n","protected":false},"author":1,"featured_media":0,"comment_status":"open","ping_status":"open","sticky":false,"template":"","format":"standard","meta":{"footnotes":""},"categories":[8,3],"tags":[],"class_list":["post-132399","post","type-post","status-publish","format-standard","hentry","category-paro","category-se-puede"],"aioseo_notices":[],"aioseo_head":"\n\t\t<!-- All in One SEO 5.0.1.1 - aioseo.com -->\n\t<meta name=\"description\" content=\"Cu\u00e1nto tiempo se puede cobrar el paro - Gu\u00eda completa Curiosidades sobre el paro en Espa\u00f1a El sistema de protecci\u00f3n por desempleo en Espa\u00f1a se denomina com\u00fanmente como el paro. El Servicio P\u00fablico de Empleo Estatal (SEPE) es la entidad responsable de administrar el paro en Espa\u00f1a. En Espa\u00f1a, el paro se financia a trav\u00e9s\" \/>\n\t<meta name=\"robots\" content=\"max-snippet:-1, max-image-preview:large, max-video-preview:-1\" \/>\n\t<meta name=\"author\" content=\"Ana Gonz\u00e1lez\"\/>\n\t<link rel=\"canonical\" href=\"https:\/\/dudasytextos.com\/se-puede\/cuanto-tiempo-se-puede-cobrar-el-paro\/\" \/>\n\t<meta name=\"generator\" content=\"All in One SEO (AIOSEO) 5.0.1.1\" \/>\n\n\t\t<script async src=\"https:\/\/pagead2.googlesyndication.com\/pagead\/js\/adsbygoogle.js?client=ca-pub-3987500858204711\"\n     crossorigin=\"anonymous\"><\/script>\n<!-- Google tag (gtag.js) -->\n<script async src=\"https:\/\/www.googletagmanager.com\/gtag\/js?id=G-TYJ2FRZ8ZF\"><\/script>\n<script>\n  window.dataLayer = window.dataLayer || [];\n  function gtag(){dataLayer.push(arguments);}\n  gtag('js', new Date());\n\n  gtag('config', 'G-TYJ2FRZ8ZF');\n<\/script>\n\t\t<meta property=\"og:locale\" content=\"es_ES\" \/>\n\t\t<meta property=\"og:site_name\" content=\"\u00bfSe Puede? - Tomar decisiones informadas y resolver dudas.\" \/>\n\t\t<meta property=\"og:type\" content=\"article\" \/>\n\t\t<meta property=\"og:title\" content=\"Cuanto tiempo se puede cobrar el paro (2026) \u00bfSe Puede?\" \/>\n\t\t<meta property=\"og:description\" content=\"Cu\u00e1nto tiempo se puede cobrar el paro - Gu\u00eda completa Curiosidades sobre el paro en Espa\u00f1a El sistema de protecci\u00f3n por desempleo en Espa\u00f1a se denomina com\u00fanmente como el paro. El Servicio P\u00fablico de Empleo Estatal (SEPE) es la entidad responsable de administrar el paro en Espa\u00f1a. En Espa\u00f1a, el paro se financia a trav\u00e9s\" \/>\n\t\t<meta property=\"og:url\" content=\"https:\/\/dudasytextos.com\/se-puede\/cuanto-tiempo-se-puede-cobrar-el-paro\/\" \/>\n\t\t<meta property=\"article:published_time\" content=\"2025-02-22T08:57:50+00:00\" \/>\n\t\t<meta property=\"article:modified_time\" content=\"2025-03-12T19:32:59+00:00\" \/>\n\t\t<meta name=\"twitter:card\" content=\"summary_large_image\" \/>\n\t\t<meta name=\"twitter:title\" content=\"Cuanto tiempo se puede cobrar el paro (2026) \u00bfSe Puede?\" \/>\n\t\t<meta name=\"twitter:description\" content=\"Cu\u00e1nto tiempo se puede cobrar el paro - Gu\u00eda completa Curiosidades sobre el paro en Espa\u00f1a El sistema de protecci\u00f3n por desempleo en Espa\u00f1a se denomina com\u00fanmente como el paro. El Servicio P\u00fablico de Empleo Estatal (SEPE) es la entidad responsable de administrar el paro en Espa\u00f1a. En Espa\u00f1a, el paro se financia a trav\u00e9s\" \/>\n\t\t<script type=\"application\/ld+json\" class=\"aioseo-schema\">\n\t\t\t{\"@context\":\"https:\\\/\\\/schema.org\",\"@graph\":[{\"@type\":\"BlogPosting\",\"@id\":\"https:\\\/\\\/dudasytextos.com\\\/se-puede\\\/cuanto-tiempo-se-puede-cobrar-el-paro\\\/#blogposting\",\"name\":\"Cuanto tiempo se puede cobrar el paro (2026) \\u00bfSe Puede?\",\"headline\":\"Cuanto tiempo se puede cobrar el paro\",\"author\":{\"@id\":\"https:\\\/\\\/dudasytextos.com\\\/se-puede\\\/author\\\/admin23\\\/#author\"},\"publisher\":{\"@id\":\"https:\\\/\\\/dudasytextos.com\\\/se-puede\\\/#organization\"},\"datePublished\":\"2025-02-22T08:57:50+00:00\",\"dateModified\":\"2025-03-12T19:32:59+00:00\",\"inLanguage\":\"es-ES\",\"mainEntityOfPage\":{\"@id\":\"https:\\\/\\\/dudasytextos.com\\\/se-puede\\\/cuanto-tiempo-se-puede-cobrar-el-paro\\\/#webpage\"},\"isPartOf\":{\"@id\":\"https:\\\/\\\/dudasytextos.com\\\/se-puede\\\/cuanto-tiempo-se-puede-cobrar-el-paro\\\/#webpage\"},\"articleSection\":\"Paro, \\u00bfSe puede?\"},{\"@type\":\"BreadcrumbList\",\"@id\":\"https:\\\/\\\/dudasytextos.com\\\/se-puede\\\/cuanto-tiempo-se-puede-cobrar-el-paro\\\/#breadcrumblist\",\"itemListElement\":[{\"@type\":\"ListItem\",\"@id\":\"https:\\\/\\\/dudasytextos.com\\\/se-puede#listItem\",\"position\":1,\"name\":\"Home\",\"item\":\"https:\\\/\\\/dudasytextos.com\\\/se-puede\",\"nextItem\":{\"@type\":\"ListItem\",\"@id\":\"https:\\\/\\\/dudasytextos.com\\\/se-puede\\\/category\\\/se-puede\\\/#listItem\",\"name\":\"\\u00bfSe puede?\"}},{\"@type\":\"ListItem\",\"@id\":\"https:\\\/\\\/dudasytextos.com\\\/se-puede\\\/category\\\/se-puede\\\/#listItem\",\"position\":2,\"name\":\"\\u00bfSe puede?\",\"item\":\"https:\\\/\\\/dudasytextos.com\\\/se-puede\\\/category\\\/se-puede\\\/\",\"nextItem\":{\"@type\":\"ListItem\",\"@id\":\"https:\\\/\\\/dudasytextos.com\\\/se-puede\\\/cuanto-tiempo-se-puede-cobrar-el-paro\\\/#listItem\",\"name\":\"Cuanto tiempo se puede cobrar el paro\"},\"previousItem\":{\"@type\":\"ListItem\",\"@id\":\"https:\\\/\\\/dudasytextos.com\\\/se-puede#listItem\",\"name\":\"Home\"}},{\"@type\":\"ListItem\",\"@id\":\"https:\\\/\\\/dudasytextos.com\\\/se-puede\\\/cuanto-tiempo-se-puede-cobrar-el-paro\\\/#listItem\",\"position\":3,\"name\":\"Cuanto tiempo se puede cobrar el paro\",\"previousItem\":{\"@type\":\"ListItem\",\"@id\":\"https:\\\/\\\/dudasytextos.com\\\/se-puede\\\/category\\\/se-puede\\\/#listItem\",\"name\":\"\\u00bfSe puede?\"}}]},{\"@type\":\"Organization\",\"@id\":\"https:\\\/\\\/dudasytextos.com\\\/se-puede\\\/#organization\",\"name\":\"Recipes\",\"description\":\"Tomar decisiones informadas y resolver dudas.\",\"url\":\"https:\\\/\\\/dudasytextos.com\\\/se-puede\\\/\"},{\"@type\":\"Person\",\"@id\":\"https:\\\/\\\/dudasytextos.com\\\/se-puede\\\/author\\\/admin23\\\/#author\",\"url\":\"https:\\\/\\\/dudasytextos.com\\\/se-puede\\\/author\\\/admin23\\\/\",\"name\":\"Ana Gonz\\u00e1lez\"},{\"@type\":\"WebPage\",\"@id\":\"https:\\\/\\\/dudasytextos.com\\\/se-puede\\\/cuanto-tiempo-se-puede-cobrar-el-paro\\\/#webpage\",\"url\":\"https:\\\/\\\/dudasytextos.com\\\/se-puede\\\/cuanto-tiempo-se-puede-cobrar-el-paro\\\/\",\"name\":\"Cuanto tiempo se puede cobrar el paro (2026) \\u00bfSe Puede?\",\"description\":\"Cu\\u00e1nto tiempo se puede cobrar el paro - Gu\\u00eda completa Curiosidades sobre el paro en Espa\\u00f1a El sistema de protecci\\u00f3n por desempleo en Espa\\u00f1a se denomina com\\u00fanmente como el paro. El Servicio P\\u00fablico de Empleo Estatal (SEPE) es la entidad responsable de administrar el paro en Espa\\u00f1a. En Espa\\u00f1a, el paro se financia a trav\\u00e9s\",\"inLanguage\":\"es-ES\",\"isPartOf\":{\"@id\":\"https:\\\/\\\/dudasytextos.com\\\/se-puede\\\/#website\"},\"breadcrumb\":{\"@id\":\"https:\\\/\\\/dudasytextos.com\\\/se-puede\\\/cuanto-tiempo-se-puede-cobrar-el-paro\\\/#breadcrumblist\"},\"author\":{\"@id\":\"https:\\\/\\\/dudasytextos.com\\\/se-puede\\\/author\\\/admin23\\\/#author\"},\"creator\":{\"@id\":\"https:\\\/\\\/dudasytextos.com\\\/se-puede\\\/author\\\/admin23\\\/#author\"},\"datePublished\":\"2025-02-22T08:57:50+00:00\",\"dateModified\":\"2025-03-12T19:32:59+00:00\"},{\"@type\":\"WebSite\",\"@id\":\"https:\\\/\\\/dudasytextos.com\\\/se-puede\\\/#website\",\"url\":\"https:\\\/\\\/dudasytextos.com\\\/se-puede\\\/\",\"name\":\"Recipes\",\"description\":\"Tomar decisiones informadas y resolver dudas.\",\"inLanguage\":\"es-ES\",\"publisher\":{\"@id\":\"https:\\\/\\\/dudasytextos.com\\\/se-puede\\\/#organization\"}}]}\n\t\t<\/script>\n\t\t<!-- All in One SEO -->\n\n","aioseo_head_json":{"title":"Cuanto tiempo se puede cobrar el paro (2026) \u00bfSe Puede?","description":"Cu\u00e1nto tiempo se puede cobrar el paro - Gu\u00eda completa Curiosidades sobre el paro en Espa\u00f1a El sistema de protecci\u00f3n por desempleo en Espa\u00f1a se denomina com\u00fanmente como el paro. El Servicio P\u00fablico de Empleo Estatal (SEPE) es la entidad responsable de administrar el paro en Espa\u00f1a. En Espa\u00f1a, el paro se financia a trav\u00e9s","canonical_url":"https:\/\/dudasytextos.com\/se-puede\/cuanto-tiempo-se-puede-cobrar-el-paro\/","robots":"max-snippet:-1, max-image-preview:large, max-video-preview:-1","keywords":"","webmasterTools":{"miscellaneous":"&lt;script async src=\"https:\/\/pagead2.googlesyndication.com\/pagead\/js\/adsbygoogle.js?client=ca-pub-3987500858204711\"\n     crossorigin=\"anonymous\"&gt;&lt;\/script&gt;\n&lt;!-- Google tag (gtag.js) --&gt;\n&lt;script async src=\"https:\/\/www.googletagmanager.com\/gtag\/js?id=G-TYJ2FRZ8ZF\"&gt;&lt;\/script&gt;\n&lt;script&gt;\n  window.dataLayer = window.dataLayer || [];\n  function gtag(){dataLayer.push(arguments);}\n  gtag('js', new Date());\n\n  gtag('config', 'G-TYJ2FRZ8ZF');\n&lt;\/script&gt;"},"schema":{"@context":"https:\/\/schema.org","@graph":[{"@type":"BlogPosting","@id":"https:\/\/dudasytextos.com\/se-puede\/cuanto-tiempo-se-puede-cobrar-el-paro\/#blogposting","name":"Cuanto tiempo se puede cobrar el paro (2026) \u00bfSe Puede?","headline":"Cuanto tiempo se puede cobrar el paro","author":{"@id":"https:\/\/dudasytextos.com\/se-puede\/author\/admin23\/#author"},"publisher":{"@id":"https:\/\/dudasytextos.com\/se-puede\/#organization"},"datePublished":"2025-02-22T08:57:50+00:00","dateModified":"2025-03-12T19:32:59+00:00","inLanguage":"es-ES","mainEntityOfPage":{"@id":"https:\/\/dudasytextos.com\/se-puede\/cuanto-tiempo-se-puede-cobrar-el-paro\/#webpage"},"isPartOf":{"@id":"https:\/\/dudasytextos.com\/se-puede\/cuanto-tiempo-se-puede-cobrar-el-paro\/#webpage"},"articleSection":"Paro, \u00bfSe puede?"},{"@type":"BreadcrumbList","@id":"https:\/\/dudasytextos.com\/se-puede\/cuanto-tiempo-se-puede-cobrar-el-paro\/#breadcrumblist","itemListElement":[{"@type":"ListItem","@id":"https:\/\/dudasytextos.com\/se-puede#listItem","position":1,"name":"Home","item":"https:\/\/dudasytextos.com\/se-puede","nextItem":{"@type":"ListItem","@id":"https:\/\/dudasytextos.com\/se-puede\/category\/se-puede\/#listItem","name":"\u00bfSe puede?"}},{"@type":"ListItem","@id":"https:\/\/dudasytextos.com\/se-puede\/category\/se-puede\/#listItem","position":2,"name":"\u00bfSe puede?","item":"https:\/\/dudasytextos.com\/se-puede\/category\/se-puede\/","nextItem":{"@type":"ListItem","@id":"https:\/\/dudasytextos.com\/se-puede\/cuanto-tiempo-se-puede-cobrar-el-paro\/#listItem","name":"Cuanto tiempo se puede cobrar el paro"},"previousItem":{"@type":"ListItem","@id":"https:\/\/dudasytextos.com\/se-puede#listItem","name":"Home"}},{"@type":"ListItem","@id":"https:\/\/dudasytextos.com\/se-puede\/cuanto-tiempo-se-puede-cobrar-el-paro\/#listItem","position":3,"name":"Cuanto tiempo se puede cobrar el paro","previousItem":{"@type":"ListItem","@id":"https:\/\/dudasytextos.com\/se-puede\/category\/se-puede\/#listItem","name":"\u00bfSe puede?"}}]},{"@type":"Organization","@id":"https:\/\/dudasytextos.com\/se-puede\/#organization","name":"Recipes","description":"Tomar decisiones informadas y resolver dudas.","url":"https:\/\/dudasytextos.com\/se-puede\/"},{"@type":"Person","@id":"https:\/\/dudasytextos.com\/se-puede\/author\/admin23\/#author","url":"https:\/\/dudasytextos.com\/se-puede\/author\/admin23\/","name":"Ana Gonz\u00e1lez"},{"@type":"WebPage","@id":"https:\/\/dudasytextos.com\/se-puede\/cuanto-tiempo-se-puede-cobrar-el-paro\/#webpage","url":"https:\/\/dudasytextos.com\/se-puede\/cuanto-tiempo-se-puede-cobrar-el-paro\/","name":"Cuanto tiempo se puede cobrar el paro (2026) \u00bfSe Puede?","description":"Cu\u00e1nto tiempo se puede cobrar el paro - Gu\u00eda completa Curiosidades sobre el paro en Espa\u00f1a El sistema de protecci\u00f3n por desempleo en Espa\u00f1a se denomina com\u00fanmente como el paro. El Servicio P\u00fablico de Empleo Estatal (SEPE) es la entidad responsable de administrar el paro en Espa\u00f1a. En Espa\u00f1a, el paro se financia a trav\u00e9s","inLanguage":"es-ES","isPartOf":{"@id":"https:\/\/dudasytextos.com\/se-puede\/#website"},"breadcrumb":{"@id":"https:\/\/dudasytextos.com\/se-puede\/cuanto-tiempo-se-puede-cobrar-el-paro\/#breadcrumblist"},"author":{"@id":"https:\/\/dudasytextos.com\/se-puede\/author\/admin23\/#author"},"creator":{"@id":"https:\/\/dudasytextos.com\/se-puede\/author\/admin23\/#author"},"datePublished":"2025-02-22T08:57:50+00:00","dateModified":"2025-03-12T19:32:59+00:00"},{"@type":"WebSite","@id":"https:\/\/dudasytextos.com\/se-puede\/#website","url":"https:\/\/dudasytextos.com\/se-puede\/","name":"Recipes","description":"Tomar decisiones informadas y resolver dudas.","inLanguage":"es-ES","publisher":{"@id":"https:\/\/dudasytextos.com\/se-puede\/#organization"}}]},"og:locale":"es_ES","og:site_name":"\u00bfSe Puede? - Tomar decisiones informadas y resolver dudas.","og:type":"article","og:title":"Cuanto tiempo se puede cobrar el paro (2026) \u00bfSe Puede?","og:description":"Cu\u00e1nto tiempo se puede cobrar el paro - Gu\u00eda completa Curiosidades sobre el paro en Espa\u00f1a El sistema de protecci\u00f3n por desempleo en Espa\u00f1a se denomina com\u00fanmente como el paro. El Servicio P\u00fablico de Empleo Estatal (SEPE) es la entidad responsable de administrar el paro en Espa\u00f1a. En Espa\u00f1a, el paro se financia a trav\u00e9s","og:url":"https:\/\/dudasytextos.com\/se-puede\/cuanto-tiempo-se-puede-cobrar-el-paro\/","article:published_time":"2025-02-22T08:57:50+00:00","article:modified_time":"2025-03-12T19:32:59+00:00","twitter:card":"summary_large_image","twitter:title":"Cuanto tiempo se puede cobrar el paro (2026) \u00bfSe Puede?","twitter:description":"Cu\u00e1nto tiempo se puede cobrar el paro - Gu\u00eda completa Curiosidades sobre el paro en Espa\u00f1a El sistema de protecci\u00f3n por desempleo en Espa\u00f1a se denomina com\u00fanmente como el paro. El Servicio P\u00fablico de Empleo Estatal (SEPE) es la entidad responsable de administrar el paro en Espa\u00f1a. En Espa\u00f1a, el paro se financia a trav\u00e9s"},"aioseo_meta_data":{"post_id":"132399","title":null,"description":null,"keywords":null,"keyphrases":null,"primary_term":null,"canonical_url":null,"og_title":null,"og_description":null,"og_object_type":"default","og_image_type":"default","og_image_url":null,"og_image_width":null,"og_image_height":null,"og_image_custom_url":null,"og_image_custom_fields":null,"og_video":null,"og_custom_url":null,"og_article_section":null,"og_article_tags":null,"twitter_use_og":false,"twitter_card":"default","twitter_image_type":"default","twitter_image_url":null,"twitter_image_custom_url":null,"twitter_image_custom_fields":null,"twitter_title":null,"twitter_description":null,"schema":{"blockGraphs":[],"customGraphs":[],"default":{"data":{"Article":[],"Course":[],"Dataset":[],"FAQPage":[],"Movie":[],"Person":[],"Product":[],"ProductReview":[],"Car":[],"Recipe":[],"Service":[],"SoftwareApplication":[],"WebPage":[]},"graphName":"","isEnabled":true},"graphs":[]},"schema_type":"default","schema_type_options":null,"pillar_content":false,"robots_default":true,"robots_noindex":false,"robots_noarchive":false,"robots_nosnippet":false,"robots_nofollow":false,"robots_noimageindex":false,"robots_noodp":false,"robots_notranslate":false,"robots_max_snippet":null,"robots_max_videopreview":null,"robots_max_imagepreview":"large","priority":null,"frequency":null,"local_seo":null,"breadcrumb_settings":null,"limit_modified_date":false,"ai":null,"created":"2023-05-01 18:45:03","updated":"2025-03-13 20:16:30","seo_analyzer_scan_date":null,"focus_keyword":null,"additional_keywords":null,"truseo_locale":null},"aioseo_breadcrumb":"<div class=\"aioseo-breadcrumbs\"><span class=\"aioseo-breadcrumb\">\n\t\t\t<a href=\"https:\/\/dudasytextos.com\/se-puede\" title=\"Home\">Home<\/a>\n\t\t<\/span><span class=\"aioseo-breadcrumb-separator\">&raquo;<\/span><span class=\"aioseo-breadcrumb\">\n\t\t\t<a href=\"https:\/\/dudasytextos.com\/se-puede\/category\/se-puede\/\" title=\"\u00bfSe puede?\">\u00bfSe puede?<\/a>\n\t\t<\/span><span class=\"aioseo-breadcrumb-separator\">&raquo;<\/span><span class=\"aioseo-breadcrumb\">\n\t\t\tCuanto tiempo se puede cobrar el paro\n\t\t<\/span><\/div>","aioseo_breadcrumb_json":[{"label":"Home","link":"https:\/\/dudasytextos.com\/se-puede"},{"label":"\u00bfSe puede?","link":"https:\/\/dudasytextos.com\/se-puede\/category\/se-puede\/"},{"label":"Cuanto tiempo se puede cobrar el paro","link":"https:\/\/dudasytextos.com\/se-puede\/cuanto-tiempo-se-puede-cobrar-el-paro\/"}],"_links":{"self":[{"href":"https:\/\/dudasytextos.com\/se-puede\/wp-json\/wp\/v2\/posts\/132399","targetHints":{"allow":["GET"]}}],"collection":[{"href":"https:\/\/dudasytextos.com\/se-puede\/wp-json\/wp\/v2\/posts"}],"about":[{"href":"https:\/\/dudasytextos.com\/se-puede\/wp-json\/wp\/v2\/types\/post"}],"author":[{"embeddable":true,"href":"https:\/\/dudasytextos.com\/se-puede\/wp-json\/wp\/v2\/users\/1"}],"replies":[{"embeddable":true,"href":"https:\/\/dudasytextos.com\/se-puede\/wp-json\/wp\/v2\/comments?post=132399"}],"version-history":[{"count":1,"href":"https:\/\/dudasytextos.com\/se-puede\/wp-json\/wp\/v2\/posts\/132399\/revisions"}],"predecessor-version":[{"id":136828,"href":"https:\/\/dudasytextos.com\/se-puede\/wp-json\/wp\/v2\/posts\/132399\/revisions\/136828"}],"wp:attachment":[{"href":"https:\/\/dudasytextos.com\/se-puede\/wp-json\/wp\/v2\/media?parent=132399"}],"wp:term":[{"taxonomy":"category","embeddable":true,"href":"https:\/\/dudasytextos.com\/se-puede\/wp-json\/wp\/v2\/categories?post=132399"},{"taxonomy":"post_tag","embeddable":true,"href":"https:\/\/dudasytextos.com\/se-puede\/wp-json\/wp\/v2\/tags?post=132399"}],"curies":[{"name":"wp","href":"https:\/\/api.w.org\/{rel}","templated":true}]}}