{"id":132452,"date":"2025-03-09T02:27:30","date_gmt":"2025-03-09T02:27:30","guid":{"rendered":"https:\/\/educacion.cc\/?p=132452"},"modified":"2025-03-13T00:19:12","modified_gmt":"2025-03-13T00:19:12","slug":"se-puede-ser-profesor-de-fp-sin-carrera","status":"publish","type":"post","link":"https:\/\/dudasytextos.com\/se-puede\/se-puede-ser-profesor-de-fp-sin-carrera\/","title":{"rendered":"Se puede ser profesor de fp sin carrera"},"content":{"rendered":"<div id=\"ez-toc-container\" class=\"ez-toc-v2_0_87 counter-hierarchy ez-toc-counter ez-toc-custom ez-toc-container-direction\">\n<div class=\"ez-toc-title-container\">\n<span class=\"ez-toc-title-toggle\"><\/span><\/div>\n<nav><ul class='ez-toc-list ez-toc-list-level-1 ' ><li class='ez-toc-page-1 ez-toc-heading-level-2'><a class=\"ez-toc-link ez-toc-heading-1\" href=\"https:\/\/dudasytextos.com\/se-puede\/se-puede-ser-profesor-de-fp-sin-carrera\/#%C2%BFSe_puede_ser_profesor_de_FP_sin_carrera\" >\u00bfSe puede ser profesor de FP sin carrera?<\/a><\/li><li class='ez-toc-page-1 ez-toc-heading-level-2'><a class=\"ez-toc-link ez-toc-heading-2\" href=\"https:\/\/dudasytextos.com\/se-puede\/se-puede-ser-profesor-de-fp-sin-carrera\/#Curiosidades_y_datos_interesantes\" >Curiosidades y datos interesantes<\/a><\/li><li class='ez-toc-page-1 ez-toc-heading-level-2'><a class=\"ez-toc-link ez-toc-heading-3\" href=\"https:\/\/dudasytextos.com\/se-puede\/se-puede-ser-profesor-de-fp-sin-carrera\/#Mi_experiencia_personal\" >Mi experiencia personal<\/a><\/li><li class='ez-toc-page-1 ez-toc-heading-level-2'><a class=\"ez-toc-link ez-toc-heading-4\" href=\"https:\/\/dudasytextos.com\/se-puede\/se-puede-ser-profesor-de-fp-sin-carrera\/#%C2%BFEn_que_consiste_la_docencia_en_FP\" >\u00bfEn qu\u00e9 consiste la docencia en FP?<\/a><\/li><li class='ez-toc-page-1 ez-toc-heading-level-2'><a class=\"ez-toc-link ez-toc-heading-5\" href=\"https:\/\/dudasytextos.com\/se-puede\/se-puede-ser-profesor-de-fp-sin-carrera\/#%C2%BFComo_se_puede_acceder_a_la_docencia_en_FP_sin_carrera\" >\u00bfC\u00f3mo se puede acceder a la docencia en FP sin carrera?<\/a><\/li><li class='ez-toc-page-1 ez-toc-heading-level-2'><a class=\"ez-toc-link ez-toc-heading-6\" href=\"https:\/\/dudasytextos.com\/se-puede\/se-puede-ser-profesor-de-fp-sin-carrera\/#Preguntas_frecuentes\" >Preguntas frecuentes<\/a><ul class='ez-toc-list-level-3' ><li class='ez-toc-heading-level-3'><a class=\"ez-toc-link ez-toc-heading-7\" href=\"https:\/\/dudasytextos.com\/se-puede\/se-puede-ser-profesor-de-fp-sin-carrera\/#%C2%BFQue_requisitos_se_necesitan_para_ser_profesor_de_FP\" >\u00bfQu\u00e9 requisitos se necesitan para ser profesor de FP?<\/a><\/li><li class='ez-toc-page-1 ez-toc-heading-level-3'><a class=\"ez-toc-link ez-toc-heading-8\" href=\"https:\/\/dudasytextos.com\/se-puede\/se-puede-ser-profesor-de-fp-sin-carrera\/#%C2%BFEs_necesario_tener_experiencia_laboral_previa_para_ser_profesor_de_FP\" >\u00bfEs necesario tener experiencia laboral previa para ser profesor de FP?<\/a><\/li><li class='ez-toc-page-1 ez-toc-heading-level-3'><a class=\"ez-toc-link ez-toc-heading-9\" href=\"https:\/\/dudasytextos.com\/se-puede\/se-puede-ser-profesor-de-fp-sin-carrera\/#%C2%BFQue_salidas_laborales_hay_en_la_docencia_de_FP\" >\u00bfQu\u00e9 salidas laborales hay en la docencia de FP?<\/a><\/li><\/ul><\/li><\/ul><\/nav><\/div>\n<h2><span class=\"ez-toc-section\" id=\"%C2%BFSe_puede_ser_profesor_de_FP_sin_carrera\"><\/span>\u00bfSe puede ser profesor de FP sin carrera?<span class=\"ez-toc-section-end\"><\/span><\/h2>\n<section>\n<h2><span class=\"ez-toc-section\" id=\"Curiosidades_y_datos_interesantes\"><\/span>Curiosidades y datos interesantes<span class=\"ez-toc-section-end\"><\/span><\/h2>\n<ul>\n<li>Existen diferentes v\u00edas para acceder a la docencia en Formaci\u00f3n Profesional, no solo a trav\u00e9s de una carrera universitaria.<\/li>\n<li>Seg\u00fan datos del Ministerio de Educaci\u00f3n, en Espa\u00f1a hay m\u00e1s de 400.000 alumnos matriculados en ciclos formativos de grado medio y superior.<\/li>\n<li>La demanda de profesionales cualificados en sectores como la inform\u00e1tica, la mec\u00e1nica o la hosteler\u00eda sigue en aumento.<\/li>\n<\/ul>\n<\/section>\n<section>\n<h2><span class=\"ez-toc-section\" id=\"Mi_experiencia_personal\"><\/span>Mi experiencia personal<span class=\"ez-toc-section-end\"><\/span><\/h2>\n<p>Yo misma me plante\u00e9 esta pregunta hace unos a\u00f1os, cuando estaba en busca de una salida laboral que me permitiera trabajar en el \u00e1mbito de la educaci\u00f3n. Tras investigar un poco, descubr\u00ed que s\u00ed era posible ser profesora de FP sin tener una carrera universitaria, y decid\u00ed explorar esta opci\u00f3n.<\/p>\n<p>Opt\u00e9 por realizar un ciclo formativo de grado superior relacionado con mi \u00e1rea de conocimiento, obteniendo el t\u00edtulo de T\u00e9cnico Superior en Inform\u00e1tica de Gesti\u00f3n. A partir de ah\u00ed, pude acceder a un puesto como profesora de inform\u00e1tica en un centro de Formaci\u00f3n Profesional, gracias a mi experiencia laboral previa en el sector.<\/p>\n<p>Desde entonces, he seguido form\u00e1ndome y adquiriendo experiencia como docente en diferentes \u00e1mbitos de la FP, y puedo decir que ha sido una experiencia muy gratificante y enriquecedora.<\/p>\n<\/section>\n<section>\n<h2><span class=\"ez-toc-section\" id=\"%C2%BFEn_que_consiste_la_docencia_en_FP\"><\/span>\u00bfEn qu\u00e9 consiste la docencia en FP?<span class=\"ez-toc-section-end\"><\/span><\/h2>\n<p>La docencia en Formaci\u00f3n Profesional es una opci\u00f3n interesante para aquellas personas que quieren trabajar en el \u00e1mbito de la educaci\u00f3n, pero que prefieren un enfoque m\u00e1s pr\u00e1ctico y orientado al mundo laboral.<\/p>\n<p>Los docentes de FP tienen como objetivo formar a los estudiantes en competencias t\u00e9cnicas y profesionales que les permitan desempe\u00f1arse con \u00e9xito en diferentes sectores productivos. Para ello, se combinan la teor\u00eda y la pr\u00e1ctica, y se utilizan herramientas y recursos did\u00e1cticos espec\u00edficos.<\/p>\n<p>Adem\u00e1s, los docentes de FP suelen tener una estrecha colaboraci\u00f3n con empresas y entidades del sector, lo que les permite estar al d\u00eda en cuanto a las necesidades y demandas del mercado laboral.<\/p>\n<\/section>\n<section>\n<h2><span class=\"ez-toc-section\" id=\"%C2%BFComo_se_puede_acceder_a_la_docencia_en_FP_sin_carrera\"><\/span>\u00bfC\u00f3mo se puede acceder a la docencia en FP sin carrera?<span class=\"ez-toc-section-end\"><\/span><\/h2>\n<p>Si bien es cierto que la mayor\u00eda de las plazas de docente en FP se reservan a titulados universitarios, existen diferentes v\u00edas para acceder a esta opci\u00f3n laboral sin tener una carrera.<\/p>\n<p>Una de ellas es realizar un ciclo formativo de grado superior en la especialidad correspondiente a la rama profesional en la que se quiera impartir docencia. De esta forma, se obtiene una titulaci\u00f3n oficial que permite acceder a convocatorias de oposiciones y bolsas de trabajo.<\/p>\n<p>Otra opci\u00f3n es acreditar una experiencia laboral previa de al menos tres a\u00f1os en el sector en el que se quiera impartir docencia. En este caso, se puede acceder a la docencia a trav\u00e9s de convocatorias espec\u00edficas para este perfil de candidatos.<\/p>\n<\/section>\n<section>\n<h2><span class=\"ez-toc-section\" id=\"Preguntas_frecuentes\"><\/span>Preguntas frecuentes<span class=\"ez-toc-section-end\"><\/span><\/h2>\n<h3><span class=\"ez-toc-section\" id=\"%C2%BFQue_requisitos_se_necesitan_para_ser_profesor_de_FP\"><\/span>\u00bfQu\u00e9 requisitos se necesitan para ser profesor de FP?<span class=\"ez-toc-section-end\"><\/span><\/h3>\n<p>Para ser profesor de FP se necesita, en la mayor\u00eda de los casos, una titulaci\u00f3n universitaria relacionada con la especialidad en la que se quiera impartir docencia. Tambi\u00e9n es necesario acreditar una formaci\u00f3n pedag\u00f3gica espec\u00edfica, a trav\u00e9s de un m\u00e1ster de formaci\u00f3n del profesorado o un curso de aptitud pedag\u00f3gica (CAP).<\/p>\n<h3><span class=\"ez-toc-section\" id=\"%C2%BFEs_necesario_tener_experiencia_laboral_previa_para_ser_profesor_de_FP\"><\/span>\u00bfEs necesario tener experiencia laboral previa para ser profesor de FP?<span class=\"ez-toc-section-end\"><\/span><\/h3>\n<p>No es necesario tener experiencia laboral previa para ser profesor de FP, aunque puede ser un requisito en algunos casos concretos. Lo m\u00e1s importante es contar con la formaci\u00f3n acad\u00e9mica y pedag\u00f3gica adecuada para desempe\u00f1ar la labor docente con \u00e9xito.<\/p>\n<h3><span class=\"ez-toc-section\" id=\"%C2%BFQue_salidas_laborales_hay_en_la_docencia_de_FP\"><\/span>\u00bfQu\u00e9 salidas laborales hay en la docencia de FP?<span class=\"ez-toc-section-end\"><\/span><\/h3>\n<p>Las salidas laborales en la docencia de FP son muy variadas, y dependen de la especialidad en la que se quiera impartir docencia. Algunas de las opciones m\u00e1s comunes son trabajar en centros de Formaci\u00f3n Profesional, en empresas como formador interno, o en entidades relacionadas con la formaci\u00f3n y el empleo.<\/p>\n<\/section>\n<footer>\n<p>Art\u00edculo escrito por Ana Gonz\u00e1lez para la web informativa <a href=https:\/\/www.ejemplo.com>ejemplo.com<\/a><\/p>\n<\/footer>\n","protected":false},"excerpt":{"rendered":"<p>\u00bfSe puede ser profesor de FP sin carrera? Curiosidades y datos interesantes Existen diferentes v\u00edas para acceder a la docencia en Formaci\u00f3n Profesional, no solo a trav\u00e9s de una carrera universitaria. Seg\u00fan datos del Ministerio de Educaci\u00f3n, en Espa\u00f1a hay m\u00e1s de 400.000 alumnos matriculados en ciclos formativos de grado medio y superior. La demanda &#8230; <a title=\"Se puede ser profesor de fp sin carrera\" class=\"read-more\" href=\"https:\/\/dudasytextos.com\/se-puede\/se-puede-ser-profesor-de-fp-sin-carrera\/\" aria-label=\"M\u00e1s en Se puede ser profesor de fp sin carrera\">Leer m\u00e1s<\/a><\/p>\n","protected":false},"author":1,"featured_media":0,"comment_status":"open","ping_status":"open","sticky":false,"template":"","format":"standard","meta":{"footnotes":""},"categories":[3],"tags":[],"class_list":["post-132452","post","type-post","status-publish","format-standard","hentry","category-se-puede"],"aioseo_notices":[],"aioseo_head":"\n\t\t<!-- All in One SEO 5.0.1.1 - aioseo.com -->\n\t<meta name=\"description\" content=\"\u00bfSe puede ser profesor de FP sin carrera? Curiosidades y datos interesantes Existen diferentes v\u00edas para acceder a la docencia en Formaci\u00f3n Profesional, no solo a trav\u00e9s de una carrera universitaria. Seg\u00fan datos del Ministerio de Educaci\u00f3n, en Espa\u00f1a hay m\u00e1s de 400.000 alumnos matriculados en ciclos formativos de grado medio y superior. La demanda\" \/>\n\t<meta name=\"robots\" content=\"max-snippet:-1, max-image-preview:large, max-video-preview:-1\" \/>\n\t<meta name=\"author\" content=\"Ana Gonz\u00e1lez\"\/>\n\t<link rel=\"canonical\" href=\"https:\/\/dudasytextos.com\/se-puede\/se-puede-ser-profesor-de-fp-sin-carrera\/\" \/>\n\t<meta name=\"generator\" content=\"All in One SEO (AIOSEO) 5.0.1.1\" \/>\n\n\t\t<script async src=\"https:\/\/pagead2.googlesyndication.com\/pagead\/js\/adsbygoogle.js?client=ca-pub-3987500858204711\"\n     crossorigin=\"anonymous\"><\/script>\n<!-- Google tag (gtag.js) -->\n<script async src=\"https:\/\/www.googletagmanager.com\/gtag\/js?id=G-TYJ2FRZ8ZF\"><\/script>\n<script>\n  window.dataLayer = window.dataLayer || [];\n  function gtag(){dataLayer.push(arguments);}\n  gtag('js', new Date());\n\n  gtag('config', 'G-TYJ2FRZ8ZF');\n<\/script>\n\t\t<meta property=\"og:locale\" content=\"es_ES\" \/>\n\t\t<meta property=\"og:site_name\" content=\"\u00bfSe Puede? - Tomar decisiones informadas y resolver dudas.\" \/>\n\t\t<meta property=\"og:type\" content=\"article\" \/>\n\t\t<meta property=\"og:title\" content=\"Se puede ser profesor de fp sin carrera (2026) \u00bfSe Puede?\" \/>\n\t\t<meta property=\"og:description\" content=\"\u00bfSe puede ser profesor de FP sin carrera? Curiosidades y datos interesantes Existen diferentes v\u00edas para acceder a la docencia en Formaci\u00f3n Profesional, no solo a trav\u00e9s de una carrera universitaria. Seg\u00fan datos del Ministerio de Educaci\u00f3n, en Espa\u00f1a hay m\u00e1s de 400.000 alumnos matriculados en ciclos formativos de grado medio y superior. La demanda\" \/>\n\t\t<meta property=\"og:url\" content=\"https:\/\/dudasytextos.com\/se-puede\/se-puede-ser-profesor-de-fp-sin-carrera\/\" \/>\n\t\t<meta property=\"article:published_time\" content=\"2025-03-09T02:27:30+00:00\" \/>\n\t\t<meta property=\"article:modified_time\" content=\"2025-03-13T00:19:12+00:00\" \/>\n\t\t<meta name=\"twitter:card\" content=\"summary_large_image\" \/>\n\t\t<meta name=\"twitter:title\" content=\"Se puede ser profesor de fp sin carrera (2026) \u00bfSe Puede?\" \/>\n\t\t<meta name=\"twitter:description\" content=\"\u00bfSe puede ser profesor de FP sin carrera? Curiosidades y datos interesantes Existen diferentes v\u00edas para acceder a la docencia en Formaci\u00f3n Profesional, no solo a trav\u00e9s de una carrera universitaria. Seg\u00fan datos del Ministerio de Educaci\u00f3n, en Espa\u00f1a hay m\u00e1s de 400.000 alumnos matriculados en ciclos formativos de grado medio y superior. La demanda\" \/>\n\t\t<script type=\"application\/ld+json\" class=\"aioseo-schema\">\n\t\t\t{\"@context\":\"https:\\\/\\\/schema.org\",\"@graph\":[{\"@type\":\"BlogPosting\",\"@id\":\"https:\\\/\\\/dudasytextos.com\\\/se-puede\\\/se-puede-ser-profesor-de-fp-sin-carrera\\\/#blogposting\",\"name\":\"Se puede ser profesor de fp sin carrera (2026) \\u00bfSe Puede?\",\"headline\":\"Se puede ser profesor de fp sin carrera\",\"author\":{\"@id\":\"https:\\\/\\\/dudasytextos.com\\\/se-puede\\\/author\\\/admin23\\\/#author\"},\"publisher\":{\"@id\":\"https:\\\/\\\/dudasytextos.com\\\/se-puede\\\/#organization\"},\"datePublished\":\"2025-03-09T02:27:30+00:00\",\"dateModified\":\"2025-03-13T00:19:12+00:00\",\"inLanguage\":\"es-ES\",\"mainEntityOfPage\":{\"@id\":\"https:\\\/\\\/dudasytextos.com\\\/se-puede\\\/se-puede-ser-profesor-de-fp-sin-carrera\\\/#webpage\"},\"isPartOf\":{\"@id\":\"https:\\\/\\\/dudasytextos.com\\\/se-puede\\\/se-puede-ser-profesor-de-fp-sin-carrera\\\/#webpage\"},\"articleSection\":\"\\u00bfSe puede?\"},{\"@type\":\"BreadcrumbList\",\"@id\":\"https:\\\/\\\/dudasytextos.com\\\/se-puede\\\/se-puede-ser-profesor-de-fp-sin-carrera\\\/#breadcrumblist\",\"itemListElement\":[{\"@type\":\"ListItem\",\"@id\":\"https:\\\/\\\/dudasytextos.com\\\/se-puede#listItem\",\"position\":1,\"name\":\"Home\",\"item\":\"https:\\\/\\\/dudasytextos.com\\\/se-puede\",\"nextItem\":{\"@type\":\"ListItem\",\"@id\":\"https:\\\/\\\/dudasytextos.com\\\/se-puede\\\/category\\\/se-puede\\\/#listItem\",\"name\":\"\\u00bfSe puede?\"}},{\"@type\":\"ListItem\",\"@id\":\"https:\\\/\\\/dudasytextos.com\\\/se-puede\\\/category\\\/se-puede\\\/#listItem\",\"position\":2,\"name\":\"\\u00bfSe puede?\",\"item\":\"https:\\\/\\\/dudasytextos.com\\\/se-puede\\\/category\\\/se-puede\\\/\",\"nextItem\":{\"@type\":\"ListItem\",\"@id\":\"https:\\\/\\\/dudasytextos.com\\\/se-puede\\\/se-puede-ser-profesor-de-fp-sin-carrera\\\/#listItem\",\"name\":\"Se puede ser profesor de fp sin carrera\"},\"previousItem\":{\"@type\":\"ListItem\",\"@id\":\"https:\\\/\\\/dudasytextos.com\\\/se-puede#listItem\",\"name\":\"Home\"}},{\"@type\":\"ListItem\",\"@id\":\"https:\\\/\\\/dudasytextos.com\\\/se-puede\\\/se-puede-ser-profesor-de-fp-sin-carrera\\\/#listItem\",\"position\":3,\"name\":\"Se puede ser profesor de fp sin carrera\",\"previousItem\":{\"@type\":\"ListItem\",\"@id\":\"https:\\\/\\\/dudasytextos.com\\\/se-puede\\\/category\\\/se-puede\\\/#listItem\",\"name\":\"\\u00bfSe puede?\"}}]},{\"@type\":\"Organization\",\"@id\":\"https:\\\/\\\/dudasytextos.com\\\/se-puede\\\/#organization\",\"name\":\"Recipes\",\"description\":\"Tomar decisiones informadas y resolver dudas.\",\"url\":\"https:\\\/\\\/dudasytextos.com\\\/se-puede\\\/\"},{\"@type\":\"Person\",\"@id\":\"https:\\\/\\\/dudasytextos.com\\\/se-puede\\\/author\\\/admin23\\\/#author\",\"url\":\"https:\\\/\\\/dudasytextos.com\\\/se-puede\\\/author\\\/admin23\\\/\",\"name\":\"Ana Gonz\\u00e1lez\"},{\"@type\":\"WebPage\",\"@id\":\"https:\\\/\\\/dudasytextos.com\\\/se-puede\\\/se-puede-ser-profesor-de-fp-sin-carrera\\\/#webpage\",\"url\":\"https:\\\/\\\/dudasytextos.com\\\/se-puede\\\/se-puede-ser-profesor-de-fp-sin-carrera\\\/\",\"name\":\"Se puede ser profesor de fp sin carrera (2026) \\u00bfSe Puede?\",\"description\":\"\\u00bfSe puede ser profesor de FP sin carrera? Curiosidades y datos interesantes Existen diferentes v\\u00edas para acceder a la docencia en Formaci\\u00f3n Profesional, no solo a trav\\u00e9s de una carrera universitaria. Seg\\u00fan datos del Ministerio de Educaci\\u00f3n, en Espa\\u00f1a hay m\\u00e1s de 400.000 alumnos matriculados en ciclos formativos de grado medio y superior. La demanda\",\"inLanguage\":\"es-ES\",\"isPartOf\":{\"@id\":\"https:\\\/\\\/dudasytextos.com\\\/se-puede\\\/#website\"},\"breadcrumb\":{\"@id\":\"https:\\\/\\\/dudasytextos.com\\\/se-puede\\\/se-puede-ser-profesor-de-fp-sin-carrera\\\/#breadcrumblist\"},\"author\":{\"@id\":\"https:\\\/\\\/dudasytextos.com\\\/se-puede\\\/author\\\/admin23\\\/#author\"},\"creator\":{\"@id\":\"https:\\\/\\\/dudasytextos.com\\\/se-puede\\\/author\\\/admin23\\\/#author\"},\"datePublished\":\"2025-03-09T02:27:30+00:00\",\"dateModified\":\"2025-03-13T00:19:12+00:00\"},{\"@type\":\"WebSite\",\"@id\":\"https:\\\/\\\/dudasytextos.com\\\/se-puede\\\/#website\",\"url\":\"https:\\\/\\\/dudasytextos.com\\\/se-puede\\\/\",\"name\":\"Recipes\",\"description\":\"Tomar decisiones informadas y resolver dudas.\",\"inLanguage\":\"es-ES\",\"publisher\":{\"@id\":\"https:\\\/\\\/dudasytextos.com\\\/se-puede\\\/#organization\"}}]}\n\t\t<\/script>\n\t\t<!-- All in One SEO -->\n\n","aioseo_head_json":{"title":"Se puede ser profesor de fp sin carrera (2026) \u00bfSe Puede?","description":"\u00bfSe puede ser profesor de FP sin carrera? Curiosidades y datos interesantes Existen diferentes v\u00edas para acceder a la docencia en Formaci\u00f3n Profesional, no solo a trav\u00e9s de una carrera universitaria. Seg\u00fan datos del Ministerio de Educaci\u00f3n, en Espa\u00f1a hay m\u00e1s de 400.000 alumnos matriculados en ciclos formativos de grado medio y superior. La demanda","canonical_url":"https:\/\/dudasytextos.com\/se-puede\/se-puede-ser-profesor-de-fp-sin-carrera\/","robots":"max-snippet:-1, max-image-preview:large, max-video-preview:-1","keywords":"","webmasterTools":{"miscellaneous":"&lt;script async src=\"https:\/\/pagead2.googlesyndication.com\/pagead\/js\/adsbygoogle.js?client=ca-pub-3987500858204711\"\n     crossorigin=\"anonymous\"&gt;&lt;\/script&gt;\n&lt;!-- Google tag (gtag.js) --&gt;\n&lt;script async src=\"https:\/\/www.googletagmanager.com\/gtag\/js?id=G-TYJ2FRZ8ZF\"&gt;&lt;\/script&gt;\n&lt;script&gt;\n  window.dataLayer = window.dataLayer || [];\n  function gtag(){dataLayer.push(arguments);}\n  gtag('js', new Date());\n\n  gtag('config', 'G-TYJ2FRZ8ZF');\n&lt;\/script&gt;"},"schema":{"@context":"https:\/\/schema.org","@graph":[{"@type":"BlogPosting","@id":"https:\/\/dudasytextos.com\/se-puede\/se-puede-ser-profesor-de-fp-sin-carrera\/#blogposting","name":"Se puede ser profesor de fp sin carrera (2026) \u00bfSe Puede?","headline":"Se puede ser profesor de fp sin carrera","author":{"@id":"https:\/\/dudasytextos.com\/se-puede\/author\/admin23\/#author"},"publisher":{"@id":"https:\/\/dudasytextos.com\/se-puede\/#organization"},"datePublished":"2025-03-09T02:27:30+00:00","dateModified":"2025-03-13T00:19:12+00:00","inLanguage":"es-ES","mainEntityOfPage":{"@id":"https:\/\/dudasytextos.com\/se-puede\/se-puede-ser-profesor-de-fp-sin-carrera\/#webpage"},"isPartOf":{"@id":"https:\/\/dudasytextos.com\/se-puede\/se-puede-ser-profesor-de-fp-sin-carrera\/#webpage"},"articleSection":"\u00bfSe puede?"},{"@type":"BreadcrumbList","@id":"https:\/\/dudasytextos.com\/se-puede\/se-puede-ser-profesor-de-fp-sin-carrera\/#breadcrumblist","itemListElement":[{"@type":"ListItem","@id":"https:\/\/dudasytextos.com\/se-puede#listItem","position":1,"name":"Home","item":"https:\/\/dudasytextos.com\/se-puede","nextItem":{"@type":"ListItem","@id":"https:\/\/dudasytextos.com\/se-puede\/category\/se-puede\/#listItem","name":"\u00bfSe puede?"}},{"@type":"ListItem","@id":"https:\/\/dudasytextos.com\/se-puede\/category\/se-puede\/#listItem","position":2,"name":"\u00bfSe puede?","item":"https:\/\/dudasytextos.com\/se-puede\/category\/se-puede\/","nextItem":{"@type":"ListItem","@id":"https:\/\/dudasytextos.com\/se-puede\/se-puede-ser-profesor-de-fp-sin-carrera\/#listItem","name":"Se puede ser profesor de fp sin carrera"},"previousItem":{"@type":"ListItem","@id":"https:\/\/dudasytextos.com\/se-puede#listItem","name":"Home"}},{"@type":"ListItem","@id":"https:\/\/dudasytextos.com\/se-puede\/se-puede-ser-profesor-de-fp-sin-carrera\/#listItem","position":3,"name":"Se puede ser profesor de fp sin carrera","previousItem":{"@type":"ListItem","@id":"https:\/\/dudasytextos.com\/se-puede\/category\/se-puede\/#listItem","name":"\u00bfSe puede?"}}]},{"@type":"Organization","@id":"https:\/\/dudasytextos.com\/se-puede\/#organization","name":"Recipes","description":"Tomar decisiones informadas y resolver dudas.","url":"https:\/\/dudasytextos.com\/se-puede\/"},{"@type":"Person","@id":"https:\/\/dudasytextos.com\/se-puede\/author\/admin23\/#author","url":"https:\/\/dudasytextos.com\/se-puede\/author\/admin23\/","name":"Ana Gonz\u00e1lez"},{"@type":"WebPage","@id":"https:\/\/dudasytextos.com\/se-puede\/se-puede-ser-profesor-de-fp-sin-carrera\/#webpage","url":"https:\/\/dudasytextos.com\/se-puede\/se-puede-ser-profesor-de-fp-sin-carrera\/","name":"Se puede ser profesor de fp sin carrera (2026) \u00bfSe Puede?","description":"\u00bfSe puede ser profesor de FP sin carrera? Curiosidades y datos interesantes Existen diferentes v\u00edas para acceder a la docencia en Formaci\u00f3n Profesional, no solo a trav\u00e9s de una carrera universitaria. Seg\u00fan datos del Ministerio de Educaci\u00f3n, en Espa\u00f1a hay m\u00e1s de 400.000 alumnos matriculados en ciclos formativos de grado medio y superior. La demanda","inLanguage":"es-ES","isPartOf":{"@id":"https:\/\/dudasytextos.com\/se-puede\/#website"},"breadcrumb":{"@id":"https:\/\/dudasytextos.com\/se-puede\/se-puede-ser-profesor-de-fp-sin-carrera\/#breadcrumblist"},"author":{"@id":"https:\/\/dudasytextos.com\/se-puede\/author\/admin23\/#author"},"creator":{"@id":"https:\/\/dudasytextos.com\/se-puede\/author\/admin23\/#author"},"datePublished":"2025-03-09T02:27:30+00:00","dateModified":"2025-03-13T00:19:12+00:00"},{"@type":"WebSite","@id":"https:\/\/dudasytextos.com\/se-puede\/#website","url":"https:\/\/dudasytextos.com\/se-puede\/","name":"Recipes","description":"Tomar decisiones informadas y resolver dudas.","inLanguage":"es-ES","publisher":{"@id":"https:\/\/dudasytextos.com\/se-puede\/#organization"}}]},"og:locale":"es_ES","og:site_name":"\u00bfSe Puede? - Tomar decisiones informadas y resolver dudas.","og:type":"article","og:title":"Se puede ser profesor de fp sin carrera (2026) \u00bfSe Puede?","og:description":"\u00bfSe puede ser profesor de FP sin carrera? Curiosidades y datos interesantes Existen diferentes v\u00edas para acceder a la docencia en Formaci\u00f3n Profesional, no solo a trav\u00e9s de una carrera universitaria. Seg\u00fan datos del Ministerio de Educaci\u00f3n, en Espa\u00f1a hay m\u00e1s de 400.000 alumnos matriculados en ciclos formativos de grado medio y superior. La demanda","og:url":"https:\/\/dudasytextos.com\/se-puede\/se-puede-ser-profesor-de-fp-sin-carrera\/","article:published_time":"2025-03-09T02:27:30+00:00","article:modified_time":"2025-03-13T00:19:12+00:00","twitter:card":"summary_large_image","twitter:title":"Se puede ser profesor de fp sin carrera (2026) \u00bfSe Puede?","twitter:description":"\u00bfSe puede ser profesor de FP sin carrera? Curiosidades y datos interesantes Existen diferentes v\u00edas para acceder a la docencia en Formaci\u00f3n Profesional, no solo a trav\u00e9s de una carrera universitaria. Seg\u00fan datos del Ministerio de Educaci\u00f3n, en Espa\u00f1a hay m\u00e1s de 400.000 alumnos matriculados en ciclos formativos de grado medio y superior. La demanda"},"aioseo_meta_data":{"post_id":"132452","title":null,"description":null,"keywords":null,"keyphrases":null,"primary_term":null,"canonical_url":null,"og_title":null,"og_description":null,"og_object_type":"default","og_image_type":"default","og_image_url":null,"og_image_width":null,"og_image_height":null,"og_image_custom_url":null,"og_image_custom_fields":null,"og_video":null,"og_custom_url":null,"og_article_section":null,"og_article_tags":null,"twitter_use_og":false,"twitter_card":"default","twitter_image_type":"default","twitter_image_url":null,"twitter_image_custom_url":null,"twitter_image_custom_fields":null,"twitter_title":null,"twitter_description":null,"schema":{"blockGraphs":[],"customGraphs":[],"default":{"data":{"Article":[],"Course":[],"Dataset":[],"FAQPage":[],"Movie":[],"Person":[],"Product":[],"ProductReview":[],"Car":[],"Recipe":[],"Service":[],"SoftwareApplication":[],"WebPage":[]},"graphName":"","isEnabled":true},"graphs":[]},"schema_type":"default","schema_type_options":null,"pillar_content":false,"robots_default":true,"robots_noindex":false,"robots_noarchive":false,"robots_nosnippet":false,"robots_nofollow":false,"robots_noimageindex":false,"robots_noodp":false,"robots_notranslate":false,"robots_max_snippet":null,"robots_max_videopreview":null,"robots_max_imagepreview":"large","priority":null,"frequency":null,"local_seo":null,"breadcrumb_settings":null,"limit_modified_date":false,"ai":null,"created":"2023-05-01 13:08:26","updated":"2025-03-14 12:07:02","seo_analyzer_scan_date":null,"focus_keyword":null,"additional_keywords":null,"truseo_locale":null},"aioseo_breadcrumb":"<div class=\"aioseo-breadcrumbs\"><span class=\"aioseo-breadcrumb\">\n\t\t\t<a href=\"https:\/\/dudasytextos.com\/se-puede\" title=\"Home\">Home<\/a>\n\t\t<\/span><span class=\"aioseo-breadcrumb-separator\">&raquo;<\/span><span class=\"aioseo-breadcrumb\">\n\t\t\t<a href=\"https:\/\/dudasytextos.com\/se-puede\/category\/se-puede\/\" title=\"\u00bfSe puede?\">\u00bfSe puede?<\/a>\n\t\t<\/span><span class=\"aioseo-breadcrumb-separator\">&raquo;<\/span><span class=\"aioseo-breadcrumb\">\n\t\t\tSe puede ser profesor de fp sin carrera\n\t\t<\/span><\/div>","aioseo_breadcrumb_json":[{"label":"Home","link":"https:\/\/dudasytextos.com\/se-puede"},{"label":"\u00bfSe puede?","link":"https:\/\/dudasytextos.com\/se-puede\/category\/se-puede\/"},{"label":"Se puede ser profesor de fp sin carrera","link":"https:\/\/dudasytextos.com\/se-puede\/se-puede-ser-profesor-de-fp-sin-carrera\/"}],"_links":{"self":[{"href":"https:\/\/dudasytextos.com\/se-puede\/wp-json\/wp\/v2\/posts\/132452","targetHints":{"allow":["GET"]}}],"collection":[{"href":"https:\/\/dudasytextos.com\/se-puede\/wp-json\/wp\/v2\/posts"}],"about":[{"href":"https:\/\/dudasytextos.com\/se-puede\/wp-json\/wp\/v2\/types\/post"}],"author":[{"embeddable":true,"href":"https:\/\/dudasytextos.com\/se-puede\/wp-json\/wp\/v2\/users\/1"}],"replies":[{"embeddable":true,"href":"https:\/\/dudasytextos.com\/se-puede\/wp-json\/wp\/v2\/comments?post=132452"}],"version-history":[{"count":1,"href":"https:\/\/dudasytextos.com\/se-puede\/wp-json\/wp\/v2\/posts\/132452\/revisions"}],"predecessor-version":[{"id":136775,"href":"https:\/\/dudasytextos.com\/se-puede\/wp-json\/wp\/v2\/posts\/132452\/revisions\/136775"}],"wp:attachment":[{"href":"https:\/\/dudasytextos.com\/se-puede\/wp-json\/wp\/v2\/media?parent=132452"}],"wp:term":[{"taxonomy":"category","embeddable":true,"href":"https:\/\/dudasytextos.com\/se-puede\/wp-json\/wp\/v2\/categories?post=132452"},{"taxonomy":"post_tag","embeddable":true,"href":"https:\/\/dudasytextos.com\/se-puede\/wp-json\/wp\/v2\/tags?post=132452"}],"curies":[{"name":"wp","href":"https:\/\/api.w.org\/{rel}","templated":true}]}}