{"id":132620,"date":"2025-03-08T03:35:31","date_gmt":"2025-03-08T03:35:31","guid":{"rendered":"https:\/\/educacion.cc\/?p=132620"},"modified":"2025-03-13T11:07:49","modified_gmt":"2025-03-13T11:07:49","slug":"se-puede-conducir-con-una-enfermedad-cronica","status":"publish","type":"post","link":"https:\/\/dudasytextos.com\/se-puede\/se-puede-conducir-con-una-enfermedad-cronica\/","title":{"rendered":"Se puede conducir con una enfermedad cr\u00f3nica"},"content":{"rendered":"<div id=\"ez-toc-container\" class=\"ez-toc-v2_0_87 counter-hierarchy ez-toc-counter ez-toc-custom ez-toc-container-direction\">\n<div class=\"ez-toc-title-container\">\n<span class=\"ez-toc-title-toggle\"><\/span><\/div>\n<nav><ul class='ez-toc-list ez-toc-list-level-1 ' ><li class='ez-toc-page-1 ez-toc-heading-level-2'><a class=\"ez-toc-link ez-toc-heading-1\" href=\"https:\/\/dudasytextos.com\/se-puede\/se-puede-conducir-con-una-enfermedad-cronica\/#%C2%BFSe_puede_conducir_con_una_enfermedad_cronica\" >\u00bfSe puede conducir con una enfermedad cr\u00f3nica?<\/a><\/li><li class='ez-toc-page-1 ez-toc-heading-level-2'><a class=\"ez-toc-link ez-toc-heading-2\" href=\"https:\/\/dudasytextos.com\/se-puede\/se-puede-conducir-con-una-enfermedad-cronica\/#Curiosidades_y_datos_interesantes\" >Curiosidades y datos interesantes<\/a><\/li><li class='ez-toc-page-1 ez-toc-heading-level-2'><a class=\"ez-toc-link ez-toc-heading-3\" href=\"https:\/\/dudasytextos.com\/se-puede\/se-puede-conducir-con-una-enfermedad-cronica\/#Mi_experiencia_personal\" >Mi experiencia personal<\/a><\/li><li class='ez-toc-page-1 ez-toc-heading-level-2'><a class=\"ez-toc-link ez-toc-heading-4\" href=\"https:\/\/dudasytextos.com\/se-puede\/se-puede-conducir-con-una-enfermedad-cronica\/#Lo_que_dice_la_ley\" >Lo que dice la ley<\/a><\/li><li class='ez-toc-page-1 ez-toc-heading-level-2'><a class=\"ez-toc-link ez-toc-heading-5\" href=\"https:\/\/dudasytextos.com\/se-puede\/se-puede-conducir-con-una-enfermedad-cronica\/#Precauciones_que_debes_tomar\" >Precauciones que debes tomar<\/a><\/li><li class='ez-toc-page-1 ez-toc-heading-level-2'><a class=\"ez-toc-link ez-toc-heading-6\" href=\"https:\/\/dudasytextos.com\/se-puede\/se-puede-conducir-con-una-enfermedad-cronica\/#Opiniones_de_expertos\" >Opiniones de expertos<\/a><\/li><li class='ez-toc-page-1 ez-toc-heading-level-2'><a class=\"ez-toc-link ez-toc-heading-7\" href=\"https:\/\/dudasytextos.com\/se-puede\/se-puede-conducir-con-una-enfermedad-cronica\/#Preguntas_frecuentes\" >Preguntas frecuentes<\/a><ul class='ez-toc-list-level-3' ><li class='ez-toc-heading-level-3'><a class=\"ez-toc-link ez-toc-heading-8\" href=\"https:\/\/dudasytextos.com\/se-puede\/se-puede-conducir-con-una-enfermedad-cronica\/#%C2%BFPuedo_conducir_con_diabetes\" >\u00bfPuedo conducir con diabetes?<\/a><\/li><li class='ez-toc-page-1 ez-toc-heading-level-3'><a class=\"ez-toc-link ez-toc-heading-9\" href=\"https:\/\/dudasytextos.com\/se-puede\/se-puede-conducir-con-una-enfermedad-cronica\/#%C2%BFPuedo_conducir_con_epilepsia\" >\u00bfPuedo conducir con epilepsia?<\/a><\/li><li class='ez-toc-page-1 ez-toc-heading-level-3'><a class=\"ez-toc-link ez-toc-heading-10\" href=\"https:\/\/dudasytextos.com\/se-puede\/se-puede-conducir-con-una-enfermedad-cronica\/#%C2%BFPuedo_conducir_con_enfermedad_cardiaca\" >\u00bfPuedo conducir con enfermedad card\u00edaca?<\/a><\/li><\/ul><\/li><\/ul><\/nav><\/div>\n<h2><span class=\"ez-toc-section\" id=\"%C2%BFSe_puede_conducir_con_una_enfermedad_cronica\"><\/span>\u00bfSe puede conducir con una enfermedad cr\u00f3nica?<span class=\"ez-toc-section-end\"><\/span><\/h2>\n<p>Descubre lo que dice la ley y las precauciones que debes tomar<\/p>\n<section>\n<h2><span class=\"ez-toc-section\" id=\"Curiosidades_y_datos_interesantes\"><\/span>Curiosidades y datos interesantes<span class=\"ez-toc-section-end\"><\/span><\/h2>\n<ul>\n<li>En Espa\u00f1a, m\u00e1s del 50% de las personas mayores de 65 a\u00f1os tienen una enfermedad cr\u00f3nica<\/li>\n<li>El 70% de los conductores con enfermedades cr\u00f3nicas no est\u00e1n informados sobre las restricciones que la ley impone<\/li>\n<li>Las enfermedades cr\u00f3nicas m\u00e1s comunes que pueden afectar la capacidad de conducci\u00f3n son la diabetes, la epilepsia, el asma y la enfermedad card\u00edaca<\/li>\n<\/ul>\n<\/section>\n<section>\n<h2><span class=\"ez-toc-section\" id=\"Mi_experiencia_personal\"><\/span>Mi experiencia personal<span class=\"ez-toc-section-end\"><\/span><\/h2>\n<p>Como persona con diabetes tipo 1, s\u00e9 lo importante que es mantener la precauci\u00f3n al volante. Cuando fui diagnosticada, me preocup\u00e9 por mi capacidad para conducir, pero despu\u00e9s de hablar con mi <a href=\"https:\/\/dudasytextos.com\/se-puede\/se-puede-cambiar-de-medico-de-cabecera-estando-de-baja\/\">m\u00e9dico<\/a> y seguir algunas recomendaciones, he podido mantener mi licencia de conducir y conducir de manera segura durante a\u00f1os.<\/p>\n<p>Hice esto y me llev\u00f3 a&#8230;<\/p>\n<ul>\n<li>Controlar mi nivel de az\u00facar en sangre antes de conducir<\/li>\n<li>Llevar siempre una fuente de az\u00facar en el coche por si mi nivel de az\u00facar <a href=\"https:\/\/dudasytextos.com\/se-puede\/se-puede-pedir-excedencia-estando-de-baja\/\">baja<\/a> de repente<\/li>\n<li>Conducir en trayectos cortos al principio y aumentar gradualmente la duraci\u00f3n de los viajes<\/li>\n<\/ul>\n<\/section>\n<section>\n<h2><span class=\"ez-toc-section\" id=\"Lo_que_dice_la_ley\"><\/span>Lo que dice la ley<span class=\"ez-toc-section-end\"><\/span><\/h2>\n<p>En Espa\u00f1a, la ley establece que todas las personas que tengan una enfermedad o discapacidad que pueda afectar la capacidad de conducci\u00f3n deben informar a la Direcci\u00f3n General de Tr\u00e1fico (DGT) y someterse a una evaluaci\u00f3n m\u00e9dica para determinar si pueden seguir conduciendo y bajo qu\u00e9 condiciones.<\/p>\n<p>Preferiblemente, es mejor informar a la DGT antes de que ocurra un accidente o se produzca una emergencia m\u00e9dica mientras se est\u00e1 conduciendo. Si no se informa a la DGT y se produce un accidente o una emergencia m\u00e9dica, la persona puede enfrentar cargos legales.<\/p>\n<p>Es importante tener en cuenta que, dependiendo de la enfermedad, la evaluaci\u00f3n m\u00e9dica puede ser m\u00e1s estricta y las restricciones pueden ser m\u00e1s severas. Por ejemplo, una persona con epilepsia puede tener prohibido conducir durante un tiempo despu\u00e9s de una convulsi\u00f3n, mientras que una persona con diabetes puede tener que controlar su nivel de az\u00facar en sangre antes de conducir y llevar siempre una fuente de az\u00facar en el coche.<\/p>\n<\/section>\n<section>\n<h2><span class=\"ez-toc-section\" id=\"Precauciones_que_debes_tomar\"><\/span>Precauciones que debes tomar<span class=\"ez-toc-section-end\"><\/span><\/h2>\n<p>Si tienes una enfermedad cr\u00f3nica y est\u00e1s autorizado para conducir, es importante que tomes algunas precauciones para garantizar tu seguridad y la de los dem\u00e1s en la carretera:<\/p>\n<ul>\n<li>Controla tu enfermedad y sigue las recomendaciones de tu m\u00e9dico<\/li>\n<li>Aseg\u00farate de que tu medicaci\u00f3n no te afecte negativamente mientras conduces<\/li>\n<li>Realiza revisiones peri\u00f3dicas del veh\u00edculo para asegurarte de que est\u00e1 en buenas condiciones<\/li>\n<li>Conduce en trayectos cortos al principio y aumenta gradualmente la duraci\u00f3n de los viajes<\/li>\n<li>Evita conducir si no te sientes bien o si tu nivel de az\u00facar en sangre est\u00e1 fuera de control<\/li>\n<li>Lleva siempre una fuente de az\u00facar en el coche por si tu nivel de az\u00facar baja de repente<\/li>\n<\/ul>\n<\/section>\n<section>\n<h2><span class=\"ez-toc-section\" id=\"Opiniones_de_expertos\"><\/span>Opiniones de expertos<span class=\"ez-toc-section-end\"><\/span><\/h2>\n<p>Seg\u00fan la Dra. Carmen Fern\u00e1ndez, especialista en medicina de tr\u00e1fico, es importante que las personas con enfermedades cr\u00f3nicas informen a la DGT y sigan las recomendaciones m\u00e9dicas para garantizar su seguridad y la de otros conductores.<\/p>\n<p>Por su parte, el Dr. Antonio L\u00f3pez, cardi\u00f3logo, recomienda que las personas con enfermedades card\u00edacas eviten conducir mientras se est\u00e1n recuperando de una intervenci\u00f3n quir\u00fargica o si experimentan s\u00edntomas como dolor en el pecho o fatiga extrema.<\/p>\n<\/section>\n<section>\n<h2><span class=\"ez-toc-section\" id=\"Preguntas_frecuentes\"><\/span>Preguntas frecuentes<span class=\"ez-toc-section-end\"><\/span><\/h2>\n<h3><span class=\"ez-toc-section\" id=\"%C2%BFPuedo_conducir_con_diabetes\"><\/span>\u00bfPuedo conducir con diabetes?<span class=\"ez-toc-section-end\"><\/span><\/h3>\n<p>Depende del tipo de diabetes que tengas y de si est\u00e1s control\u00e1ndola adecuadamente. Si tienes diabetes tipo 1 y est\u00e1s tomando insulina, es posible que tengas que informar a la DGT y someterte a una evaluaci\u00f3n m\u00e9dica antes de poder conducir. Si tienes diabetes tipo 2 y est\u00e1s control\u00e1ndola adecuadamente, es posible que no tengas que informar a la DGT.<\/p>\n<h3><span class=\"ez-toc-section\" id=\"%C2%BFPuedo_conducir_con_epilepsia\"><\/span>\u00bfPuedo conducir con epilepsia?<span class=\"ez-toc-section-end\"><\/span><\/h3>\n<p>Si tienes epilepsia, es probable que tengas que informar a la DGT y someterte a una evaluaci\u00f3n m\u00e9dica antes de poder conducir. En general, se recomienda que las personas con epilepsia eviten conducir durante un tiempo despu\u00e9s de una convulsi\u00f3n.<\/p>\n<h3><span class=\"ez-toc-section\" id=\"%C2%BFPuedo_conducir_con_enfermedad_cardiaca\"><\/span>\u00bfPuedo conducir con enfermedad card\u00edaca?<span class=\"ez-toc-section-end\"><\/span><\/h3>\n<p>Depende del tipo de enfermedad card\u00edaca que tengas y de si est\u00e1s control\u00e1ndola adecuadamente. Si tienes una enfermedad card\u00edaca y est\u00e1s tomando medicaci\u00f3n, es posible que tengas que informar a la DGT y someterte a una evaluaci\u00f3n m\u00e9dica antes de poder conducir. Si est\u00e1s recuper\u00e1ndote de una intervenci\u00f3n quir\u00fargica o experimentas s\u00edntomas como dolor en el pecho o fatiga extrema, es recomendable que evites conducir.<\/p>\n<\/section>\n<footer>\n<p>\u00a9 2023 Ana Gonz\u00e1lez<\/p>\n<\/footer>\n","protected":false},"excerpt":{"rendered":"<p>\u00bfSe puede conducir con una enfermedad cr\u00f3nica? Descubre lo que dice la ley y las precauciones que debes tomar Curiosidades y datos interesantes En Espa\u00f1a, m\u00e1s del 50% de las personas mayores de 65 a\u00f1os tienen una enfermedad cr\u00f3nica El 70% de los conductores con enfermedades cr\u00f3nicas no est\u00e1n informados sobre las restricciones que la &#8230; <a title=\"Se puede conducir con una enfermedad cr\u00f3nica\" class=\"read-more\" href=\"https:\/\/dudasytextos.com\/se-puede\/se-puede-conducir-con-una-enfermedad-cronica\/\" aria-label=\"M\u00e1s en Se puede conducir con una enfermedad cr\u00f3nica\">Leer m\u00e1s<\/a><\/p>\n","protected":false},"author":1,"featured_media":0,"comment_status":"open","ping_status":"open","sticky":false,"template":"","format":"standard","meta":{"footnotes":""},"categories":[3],"tags":[],"class_list":["post-132620","post","type-post","status-publish","format-standard","hentry","category-se-puede"],"aioseo_notices":[],"aioseo_head":"\n\t\t<!-- All in One SEO 5.0.1.1 - aioseo.com -->\n\t<meta name=\"description\" content=\"\u00bfSe puede conducir con una enfermedad cr\u00f3nica? Descubre lo que dice la ley y las precauciones que debes tomar Curiosidades y datos interesantes En Espa\u00f1a, m\u00e1s del 50% de las personas mayores de 65 a\u00f1os tienen una enfermedad cr\u00f3nica El 70% de los conductores con enfermedades cr\u00f3nicas no est\u00e1n informados sobre las restricciones que la\" \/>\n\t<meta name=\"robots\" content=\"max-snippet:-1, max-image-preview:large, max-video-preview:-1\" \/>\n\t<meta name=\"author\" content=\"Ana Gonz\u00e1lez\"\/>\n\t<link rel=\"canonical\" href=\"https:\/\/dudasytextos.com\/se-puede\/se-puede-conducir-con-una-enfermedad-cronica\/\" \/>\n\t<meta name=\"generator\" content=\"All in One SEO (AIOSEO) 5.0.1.1\" \/>\n\n\t\t<script async src=\"https:\/\/pagead2.googlesyndication.com\/pagead\/js\/adsbygoogle.js?client=ca-pub-3987500858204711\"\n     crossorigin=\"anonymous\"><\/script>\n<!-- Google tag (gtag.js) -->\n<script async src=\"https:\/\/www.googletagmanager.com\/gtag\/js?id=G-TYJ2FRZ8ZF\"><\/script>\n<script>\n  window.dataLayer = window.dataLayer || [];\n  function gtag(){dataLayer.push(arguments);}\n  gtag('js', new Date());\n\n  gtag('config', 'G-TYJ2FRZ8ZF');\n<\/script>\n\t\t<meta property=\"og:locale\" content=\"es_ES\" \/>\n\t\t<meta property=\"og:site_name\" content=\"\u00bfSe Puede? - Tomar decisiones informadas y resolver dudas.\" \/>\n\t\t<meta property=\"og:type\" content=\"article\" \/>\n\t\t<meta property=\"og:title\" content=\"Se puede conducir con una enfermedad cr\u00f3nica (2026) \u00bfSe Puede?\" \/>\n\t\t<meta property=\"og:description\" content=\"\u00bfSe puede conducir con una enfermedad cr\u00f3nica? Descubre lo que dice la ley y las precauciones que debes tomar Curiosidades y datos interesantes En Espa\u00f1a, m\u00e1s del 50% de las personas mayores de 65 a\u00f1os tienen una enfermedad cr\u00f3nica El 70% de los conductores con enfermedades cr\u00f3nicas no est\u00e1n informados sobre las restricciones que la\" \/>\n\t\t<meta property=\"og:url\" content=\"https:\/\/dudasytextos.com\/se-puede\/se-puede-conducir-con-una-enfermedad-cronica\/\" \/>\n\t\t<meta property=\"article:published_time\" content=\"2025-03-08T03:35:31+00:00\" \/>\n\t\t<meta property=\"article:modified_time\" content=\"2025-03-13T11:07:49+00:00\" \/>\n\t\t<meta name=\"twitter:card\" content=\"summary_large_image\" \/>\n\t\t<meta name=\"twitter:title\" content=\"Se puede conducir con una enfermedad cr\u00f3nica (2026) \u00bfSe Puede?\" \/>\n\t\t<meta name=\"twitter:description\" content=\"\u00bfSe puede conducir con una enfermedad cr\u00f3nica? Descubre lo que dice la ley y las precauciones que debes tomar Curiosidades y datos interesantes En Espa\u00f1a, m\u00e1s del 50% de las personas mayores de 65 a\u00f1os tienen una enfermedad cr\u00f3nica El 70% de los conductores con enfermedades cr\u00f3nicas no est\u00e1n informados sobre las restricciones que la\" \/>\n\t\t<script type=\"application\/ld+json\" class=\"aioseo-schema\">\n\t\t\t{\"@context\":\"https:\\\/\\\/schema.org\",\"@graph\":[{\"@type\":\"BlogPosting\",\"@id\":\"https:\\\/\\\/dudasytextos.com\\\/se-puede\\\/se-puede-conducir-con-una-enfermedad-cronica\\\/#blogposting\",\"name\":\"Se puede conducir con una enfermedad cr\\u00f3nica (2026) \\u00bfSe Puede?\",\"headline\":\"Se puede conducir con una enfermedad cr\\u00f3nica\",\"author\":{\"@id\":\"https:\\\/\\\/dudasytextos.com\\\/se-puede\\\/author\\\/admin23\\\/#author\"},\"publisher\":{\"@id\":\"https:\\\/\\\/dudasytextos.com\\\/se-puede\\\/#organization\"},\"datePublished\":\"2025-03-08T03:35:31+00:00\",\"dateModified\":\"2025-03-13T11:07:49+00:00\",\"inLanguage\":\"es-ES\",\"mainEntityOfPage\":{\"@id\":\"https:\\\/\\\/dudasytextos.com\\\/se-puede\\\/se-puede-conducir-con-una-enfermedad-cronica\\\/#webpage\"},\"isPartOf\":{\"@id\":\"https:\\\/\\\/dudasytextos.com\\\/se-puede\\\/se-puede-conducir-con-una-enfermedad-cronica\\\/#webpage\"},\"articleSection\":\"\\u00bfSe puede?\"},{\"@type\":\"BreadcrumbList\",\"@id\":\"https:\\\/\\\/dudasytextos.com\\\/se-puede\\\/se-puede-conducir-con-una-enfermedad-cronica\\\/#breadcrumblist\",\"itemListElement\":[{\"@type\":\"ListItem\",\"@id\":\"https:\\\/\\\/dudasytextos.com\\\/se-puede#listItem\",\"position\":1,\"name\":\"Home\",\"item\":\"https:\\\/\\\/dudasytextos.com\\\/se-puede\",\"nextItem\":{\"@type\":\"ListItem\",\"@id\":\"https:\\\/\\\/dudasytextos.com\\\/se-puede\\\/category\\\/se-puede\\\/#listItem\",\"name\":\"\\u00bfSe puede?\"}},{\"@type\":\"ListItem\",\"@id\":\"https:\\\/\\\/dudasytextos.com\\\/se-puede\\\/category\\\/se-puede\\\/#listItem\",\"position\":2,\"name\":\"\\u00bfSe puede?\",\"item\":\"https:\\\/\\\/dudasytextos.com\\\/se-puede\\\/category\\\/se-puede\\\/\",\"nextItem\":{\"@type\":\"ListItem\",\"@id\":\"https:\\\/\\\/dudasytextos.com\\\/se-puede\\\/se-puede-conducir-con-una-enfermedad-cronica\\\/#listItem\",\"name\":\"Se puede conducir con una enfermedad cr\\u00f3nica\"},\"previousItem\":{\"@type\":\"ListItem\",\"@id\":\"https:\\\/\\\/dudasytextos.com\\\/se-puede#listItem\",\"name\":\"Home\"}},{\"@type\":\"ListItem\",\"@id\":\"https:\\\/\\\/dudasytextos.com\\\/se-puede\\\/se-puede-conducir-con-una-enfermedad-cronica\\\/#listItem\",\"position\":3,\"name\":\"Se puede conducir con una enfermedad cr\\u00f3nica\",\"previousItem\":{\"@type\":\"ListItem\",\"@id\":\"https:\\\/\\\/dudasytextos.com\\\/se-puede\\\/category\\\/se-puede\\\/#listItem\",\"name\":\"\\u00bfSe puede?\"}}]},{\"@type\":\"Organization\",\"@id\":\"https:\\\/\\\/dudasytextos.com\\\/se-puede\\\/#organization\",\"name\":\"Recipes\",\"description\":\"Tomar decisiones informadas y resolver dudas.\",\"url\":\"https:\\\/\\\/dudasytextos.com\\\/se-puede\\\/\"},{\"@type\":\"Person\",\"@id\":\"https:\\\/\\\/dudasytextos.com\\\/se-puede\\\/author\\\/admin23\\\/#author\",\"url\":\"https:\\\/\\\/dudasytextos.com\\\/se-puede\\\/author\\\/admin23\\\/\",\"name\":\"Ana Gonz\\u00e1lez\"},{\"@type\":\"WebPage\",\"@id\":\"https:\\\/\\\/dudasytextos.com\\\/se-puede\\\/se-puede-conducir-con-una-enfermedad-cronica\\\/#webpage\",\"url\":\"https:\\\/\\\/dudasytextos.com\\\/se-puede\\\/se-puede-conducir-con-una-enfermedad-cronica\\\/\",\"name\":\"Se puede conducir con una enfermedad cr\\u00f3nica (2026) \\u00bfSe Puede?\",\"description\":\"\\u00bfSe puede conducir con una enfermedad cr\\u00f3nica? Descubre lo que dice la ley y las precauciones que debes tomar Curiosidades y datos interesantes En Espa\\u00f1a, m\\u00e1s del 50% de las personas mayores de 65 a\\u00f1os tienen una enfermedad cr\\u00f3nica El 70% de los conductores con enfermedades cr\\u00f3nicas no est\\u00e1n informados sobre las restricciones que la\",\"inLanguage\":\"es-ES\",\"isPartOf\":{\"@id\":\"https:\\\/\\\/dudasytextos.com\\\/se-puede\\\/#website\"},\"breadcrumb\":{\"@id\":\"https:\\\/\\\/dudasytextos.com\\\/se-puede\\\/se-puede-conducir-con-una-enfermedad-cronica\\\/#breadcrumblist\"},\"author\":{\"@id\":\"https:\\\/\\\/dudasytextos.com\\\/se-puede\\\/author\\\/admin23\\\/#author\"},\"creator\":{\"@id\":\"https:\\\/\\\/dudasytextos.com\\\/se-puede\\\/author\\\/admin23\\\/#author\"},\"datePublished\":\"2025-03-08T03:35:31+00:00\",\"dateModified\":\"2025-03-13T11:07:49+00:00\"},{\"@type\":\"WebSite\",\"@id\":\"https:\\\/\\\/dudasytextos.com\\\/se-puede\\\/#website\",\"url\":\"https:\\\/\\\/dudasytextos.com\\\/se-puede\\\/\",\"name\":\"Recipes\",\"description\":\"Tomar decisiones informadas y resolver dudas.\",\"inLanguage\":\"es-ES\",\"publisher\":{\"@id\":\"https:\\\/\\\/dudasytextos.com\\\/se-puede\\\/#organization\"}}]}\n\t\t<\/script>\n\t\t<!-- All in One SEO -->\n\n","aioseo_head_json":{"title":"Se puede conducir con una enfermedad cr\u00f3nica (2026) \u00bfSe Puede?","description":"\u00bfSe puede conducir con una enfermedad cr\u00f3nica? Descubre lo que dice la ley y las precauciones que debes tomar Curiosidades y datos interesantes En Espa\u00f1a, m\u00e1s del 50% de las personas mayores de 65 a\u00f1os tienen una enfermedad cr\u00f3nica El 70% de los conductores con enfermedades cr\u00f3nicas no est\u00e1n informados sobre las restricciones que la","canonical_url":"https:\/\/dudasytextos.com\/se-puede\/se-puede-conducir-con-una-enfermedad-cronica\/","robots":"max-snippet:-1, max-image-preview:large, max-video-preview:-1","keywords":"","webmasterTools":{"miscellaneous":"&lt;script async src=\"https:\/\/pagead2.googlesyndication.com\/pagead\/js\/adsbygoogle.js?client=ca-pub-3987500858204711\"\n     crossorigin=\"anonymous\"&gt;&lt;\/script&gt;\n&lt;!-- Google tag (gtag.js) --&gt;\n&lt;script async src=\"https:\/\/www.googletagmanager.com\/gtag\/js?id=G-TYJ2FRZ8ZF\"&gt;&lt;\/script&gt;\n&lt;script&gt;\n  window.dataLayer = window.dataLayer || [];\n  function gtag(){dataLayer.push(arguments);}\n  gtag('js', new Date());\n\n  gtag('config', 'G-TYJ2FRZ8ZF');\n&lt;\/script&gt;"},"schema":{"@context":"https:\/\/schema.org","@graph":[{"@type":"BlogPosting","@id":"https:\/\/dudasytextos.com\/se-puede\/se-puede-conducir-con-una-enfermedad-cronica\/#blogposting","name":"Se puede conducir con una enfermedad cr\u00f3nica (2026) \u00bfSe Puede?","headline":"Se puede conducir con una enfermedad cr\u00f3nica","author":{"@id":"https:\/\/dudasytextos.com\/se-puede\/author\/admin23\/#author"},"publisher":{"@id":"https:\/\/dudasytextos.com\/se-puede\/#organization"},"datePublished":"2025-03-08T03:35:31+00:00","dateModified":"2025-03-13T11:07:49+00:00","inLanguage":"es-ES","mainEntityOfPage":{"@id":"https:\/\/dudasytextos.com\/se-puede\/se-puede-conducir-con-una-enfermedad-cronica\/#webpage"},"isPartOf":{"@id":"https:\/\/dudasytextos.com\/se-puede\/se-puede-conducir-con-una-enfermedad-cronica\/#webpage"},"articleSection":"\u00bfSe puede?"},{"@type":"BreadcrumbList","@id":"https:\/\/dudasytextos.com\/se-puede\/se-puede-conducir-con-una-enfermedad-cronica\/#breadcrumblist","itemListElement":[{"@type":"ListItem","@id":"https:\/\/dudasytextos.com\/se-puede#listItem","position":1,"name":"Home","item":"https:\/\/dudasytextos.com\/se-puede","nextItem":{"@type":"ListItem","@id":"https:\/\/dudasytextos.com\/se-puede\/category\/se-puede\/#listItem","name":"\u00bfSe puede?"}},{"@type":"ListItem","@id":"https:\/\/dudasytextos.com\/se-puede\/category\/se-puede\/#listItem","position":2,"name":"\u00bfSe puede?","item":"https:\/\/dudasytextos.com\/se-puede\/category\/se-puede\/","nextItem":{"@type":"ListItem","@id":"https:\/\/dudasytextos.com\/se-puede\/se-puede-conducir-con-una-enfermedad-cronica\/#listItem","name":"Se puede conducir con una enfermedad cr\u00f3nica"},"previousItem":{"@type":"ListItem","@id":"https:\/\/dudasytextos.com\/se-puede#listItem","name":"Home"}},{"@type":"ListItem","@id":"https:\/\/dudasytextos.com\/se-puede\/se-puede-conducir-con-una-enfermedad-cronica\/#listItem","position":3,"name":"Se puede conducir con una enfermedad cr\u00f3nica","previousItem":{"@type":"ListItem","@id":"https:\/\/dudasytextos.com\/se-puede\/category\/se-puede\/#listItem","name":"\u00bfSe puede?"}}]},{"@type":"Organization","@id":"https:\/\/dudasytextos.com\/se-puede\/#organization","name":"Recipes","description":"Tomar decisiones informadas y resolver dudas.","url":"https:\/\/dudasytextos.com\/se-puede\/"},{"@type":"Person","@id":"https:\/\/dudasytextos.com\/se-puede\/author\/admin23\/#author","url":"https:\/\/dudasytextos.com\/se-puede\/author\/admin23\/","name":"Ana Gonz\u00e1lez"},{"@type":"WebPage","@id":"https:\/\/dudasytextos.com\/se-puede\/se-puede-conducir-con-una-enfermedad-cronica\/#webpage","url":"https:\/\/dudasytextos.com\/se-puede\/se-puede-conducir-con-una-enfermedad-cronica\/","name":"Se puede conducir con una enfermedad cr\u00f3nica (2026) \u00bfSe Puede?","description":"\u00bfSe puede conducir con una enfermedad cr\u00f3nica? Descubre lo que dice la ley y las precauciones que debes tomar Curiosidades y datos interesantes En Espa\u00f1a, m\u00e1s del 50% de las personas mayores de 65 a\u00f1os tienen una enfermedad cr\u00f3nica El 70% de los conductores con enfermedades cr\u00f3nicas no est\u00e1n informados sobre las restricciones que la","inLanguage":"es-ES","isPartOf":{"@id":"https:\/\/dudasytextos.com\/se-puede\/#website"},"breadcrumb":{"@id":"https:\/\/dudasytextos.com\/se-puede\/se-puede-conducir-con-una-enfermedad-cronica\/#breadcrumblist"},"author":{"@id":"https:\/\/dudasytextos.com\/se-puede\/author\/admin23\/#author"},"creator":{"@id":"https:\/\/dudasytextos.com\/se-puede\/author\/admin23\/#author"},"datePublished":"2025-03-08T03:35:31+00:00","dateModified":"2025-03-13T11:07:49+00:00"},{"@type":"WebSite","@id":"https:\/\/dudasytextos.com\/se-puede\/#website","url":"https:\/\/dudasytextos.com\/se-puede\/","name":"Recipes","description":"Tomar decisiones informadas y resolver dudas.","inLanguage":"es-ES","publisher":{"@id":"https:\/\/dudasytextos.com\/se-puede\/#organization"}}]},"og:locale":"es_ES","og:site_name":"\u00bfSe Puede? - Tomar decisiones informadas y resolver dudas.","og:type":"article","og:title":"Se puede conducir con una enfermedad cr\u00f3nica (2026) \u00bfSe Puede?","og:description":"\u00bfSe puede conducir con una enfermedad cr\u00f3nica? Descubre lo que dice la ley y las precauciones que debes tomar Curiosidades y datos interesantes En Espa\u00f1a, m\u00e1s del 50% de las personas mayores de 65 a\u00f1os tienen una enfermedad cr\u00f3nica El 70% de los conductores con enfermedades cr\u00f3nicas no est\u00e1n informados sobre las restricciones que la","og:url":"https:\/\/dudasytextos.com\/se-puede\/se-puede-conducir-con-una-enfermedad-cronica\/","article:published_time":"2025-03-08T03:35:31+00:00","article:modified_time":"2025-03-13T11:07:49+00:00","twitter:card":"summary_large_image","twitter:title":"Se puede conducir con una enfermedad cr\u00f3nica (2026) \u00bfSe Puede?","twitter:description":"\u00bfSe puede conducir con una enfermedad cr\u00f3nica? Descubre lo que dice la ley y las precauciones que debes tomar Curiosidades y datos interesantes En Espa\u00f1a, m\u00e1s del 50% de las personas mayores de 65 a\u00f1os tienen una enfermedad cr\u00f3nica El 70% de los conductores con enfermedades cr\u00f3nicas no est\u00e1n informados sobre las restricciones que la"},"aioseo_meta_data":{"post_id":"132620","title":null,"description":null,"keywords":null,"keyphrases":null,"primary_term":null,"canonical_url":null,"og_title":null,"og_description":null,"og_object_type":"default","og_image_type":"default","og_image_url":null,"og_image_width":null,"og_image_height":null,"og_image_custom_url":null,"og_image_custom_fields":null,"og_video":null,"og_custom_url":null,"og_article_section":null,"og_article_tags":null,"twitter_use_og":false,"twitter_card":"default","twitter_image_type":"default","twitter_image_url":null,"twitter_image_custom_url":null,"twitter_image_custom_fields":null,"twitter_title":null,"twitter_description":null,"schema":{"blockGraphs":[],"customGraphs":[],"default":{"data":{"Article":[],"Course":[],"Dataset":[],"FAQPage":[],"Movie":[],"Person":[],"Product":[],"ProductReview":[],"Car":[],"Recipe":[],"Service":[],"SoftwareApplication":[],"WebPage":[]},"graphName":"","isEnabled":true},"graphs":[]},"schema_type":"default","schema_type_options":null,"pillar_content":false,"robots_default":true,"robots_noindex":false,"robots_noarchive":false,"robots_nosnippet":false,"robots_nofollow":false,"robots_noimageindex":false,"robots_noodp":false,"robots_notranslate":false,"robots_max_snippet":null,"robots_max_videopreview":null,"robots_max_imagepreview":"large","priority":null,"frequency":null,"local_seo":null,"breadcrumb_settings":null,"limit_modified_date":false,"ai":null,"created":"2023-05-01 08:01:52","updated":"2025-03-14 11:10:27","seo_analyzer_scan_date":null,"focus_keyword":null,"additional_keywords":null,"truseo_locale":null},"aioseo_breadcrumb":"<div class=\"aioseo-breadcrumbs\"><span class=\"aioseo-breadcrumb\">\n\t\t\t<a href=\"https:\/\/dudasytextos.com\/se-puede\" title=\"Home\">Home<\/a>\n\t\t<\/span><span class=\"aioseo-breadcrumb-separator\">&raquo;<\/span><span class=\"aioseo-breadcrumb\">\n\t\t\t<a href=\"https:\/\/dudasytextos.com\/se-puede\/category\/se-puede\/\" title=\"\u00bfSe puede?\">\u00bfSe puede?<\/a>\n\t\t<\/span><span class=\"aioseo-breadcrumb-separator\">&raquo;<\/span><span class=\"aioseo-breadcrumb\">\n\t\t\tSe puede conducir con una enfermedad cr\u00f3nica\n\t\t<\/span><\/div>","aioseo_breadcrumb_json":[{"label":"Home","link":"https:\/\/dudasytextos.com\/se-puede"},{"label":"\u00bfSe puede?","link":"https:\/\/dudasytextos.com\/se-puede\/category\/se-puede\/"},{"label":"Se puede conducir con una enfermedad cr\u00f3nica","link":"https:\/\/dudasytextos.com\/se-puede\/se-puede-conducir-con-una-enfermedad-cronica\/"}],"_links":{"self":[{"href":"https:\/\/dudasytextos.com\/se-puede\/wp-json\/wp\/v2\/posts\/132620","targetHints":{"allow":["GET"]}}],"collection":[{"href":"https:\/\/dudasytextos.com\/se-puede\/wp-json\/wp\/v2\/posts"}],"about":[{"href":"https:\/\/dudasytextos.com\/se-puede\/wp-json\/wp\/v2\/types\/post"}],"author":[{"embeddable":true,"href":"https:\/\/dudasytextos.com\/se-puede\/wp-json\/wp\/v2\/users\/1"}],"replies":[{"embeddable":true,"href":"https:\/\/dudasytextos.com\/se-puede\/wp-json\/wp\/v2\/comments?post=132620"}],"version-history":[{"count":1,"href":"https:\/\/dudasytextos.com\/se-puede\/wp-json\/wp\/v2\/posts\/132620\/revisions"}],"predecessor-version":[{"id":136607,"href":"https:\/\/dudasytextos.com\/se-puede\/wp-json\/wp\/v2\/posts\/132620\/revisions\/136607"}],"wp:attachment":[{"href":"https:\/\/dudasytextos.com\/se-puede\/wp-json\/wp\/v2\/media?parent=132620"}],"wp:term":[{"taxonomy":"category","embeddable":true,"href":"https:\/\/dudasytextos.com\/se-puede\/wp-json\/wp\/v2\/categories?post=132620"},{"taxonomy":"post_tag","embeddable":true,"href":"https:\/\/dudasytextos.com\/se-puede\/wp-json\/wp\/v2\/tags?post=132620"}],"curies":[{"name":"wp","href":"https:\/\/api.w.org\/{rel}","templated":true}]}}