{"id":133149,"date":"2025-02-21T03:36:23","date_gmt":"2025-02-21T03:36:23","guid":{"rendered":"https:\/\/educacion.cc\/?p=133149"},"modified":"2025-03-13T10:12:51","modified_gmt":"2025-03-13T10:12:51","slug":"se-puede-declarar-el-alquiler-en-la-renta","status":"publish","type":"post","link":"https:\/\/dudasytextos.com\/se-puede\/se-puede-declarar-el-alquiler-en-la-renta\/","title":{"rendered":"Se puede declarar el alquiler en la renta"},"content":{"rendered":"<div id=\"ez-toc-container\" class=\"ez-toc-v2_0_87 counter-hierarchy ez-toc-counter ez-toc-custom ez-toc-container-direction\">\n<div class=\"ez-toc-title-container\">\n<span class=\"ez-toc-title-toggle\"><\/span><\/div>\n<nav><ul class='ez-toc-list ez-toc-list-level-1 ' ><li class='ez-toc-page-1 ez-toc-heading-level-2'><a class=\"ez-toc-link ez-toc-heading-1\" href=\"https:\/\/dudasytextos.com\/se-puede\/se-puede-declarar-el-alquiler-en-la-renta\/#%C2%BFSe_Puede_Declarar_El_Alquiler_En_La_Renta\" >\u00bfSe Puede Declarar El Alquiler En La Renta?<\/a><\/li><li class='ez-toc-page-1 ez-toc-heading-level-2'><a class=\"ez-toc-link ez-toc-heading-2\" href=\"https:\/\/dudasytextos.com\/se-puede\/se-puede-declarar-el-alquiler-en-la-renta\/#Curiosidades_y_estadisticas_sobre_la_declaracion_del_alquiler_en_la_renta\" >Curiosidades y estad\u00edsticas sobre la declaraci\u00f3n del alquiler en la renta<\/a><\/li><li class='ez-toc-page-1 ez-toc-heading-level-2'><a class=\"ez-toc-link ez-toc-heading-3\" href=\"https:\/\/dudasytextos.com\/se-puede\/se-puede-declarar-el-alquiler-en-la-renta\/#Mi_experiencia_personal\" >Mi experiencia personal<\/a><\/li><li class='ez-toc-page-1 ez-toc-heading-level-2'><a class=\"ez-toc-link ez-toc-heading-4\" href=\"https:\/\/dudasytextos.com\/se-puede\/se-puede-declarar-el-alquiler-en-la-renta\/#%C2%BFPor_que_es_importante_declarar_el_alquiler_en_la_renta\" >\u00bfPor qu\u00e9 es importante declarar el alquiler en la renta?<\/a><\/li><li class='ez-toc-page-1 ez-toc-heading-level-2'><a class=\"ez-toc-link ez-toc-heading-5\" href=\"https:\/\/dudasytextos.com\/se-puede\/se-puede-declarar-el-alquiler-en-la-renta\/#%C2%BFComo_se_declara_el_alquiler_en_la_renta\" >\u00bfC\u00f3mo se declara el alquiler en la renta?<\/a><\/li><li class='ez-toc-page-1 ez-toc-heading-level-2'><a class=\"ez-toc-link ez-toc-heading-6\" href=\"https:\/\/dudasytextos.com\/se-puede\/se-puede-declarar-el-alquiler-en-la-renta\/#Preguntas_frecuentes\" >Preguntas frecuentes<\/a><ul class='ez-toc-list-level-3' ><li class='ez-toc-heading-level-3'><a class=\"ez-toc-link ez-toc-heading-7\" href=\"https:\/\/dudasytextos.com\/se-puede\/se-puede-declarar-el-alquiler-en-la-renta\/#%C2%BFComo_se_si_tengo_que_declarar_el_alquiler_en_la_renta\" >\u00bfC\u00f3mo s\u00e9 si tengo que declarar el alquiler en la renta?<\/a><\/li><li class='ez-toc-page-1 ez-toc-heading-level-3'><a class=\"ez-toc-link ez-toc-heading-8\" href=\"https:\/\/dudasytextos.com\/se-puede\/se-puede-declarar-el-alquiler-en-la-renta\/#%C2%BFQue_gastos_puedo_deducir_en_la_declaracion_del_alquiler\" >\u00bfQu\u00e9 gastos puedo deducir en la declaraci\u00f3n del alquiler?<\/a><\/li><li class='ez-toc-page-1 ez-toc-heading-level-3'><a class=\"ez-toc-link ez-toc-heading-9\" href=\"https:\/\/dudasytextos.com\/se-puede\/se-puede-declarar-el-alquiler-en-la-renta\/#%C2%BFQue_pasa_si_no_declaro_el_alquiler_en_la_renta\" >\u00bfQu\u00e9 pasa si no declaro el alquiler en la renta?<\/a><\/li><li class='ez-toc-page-1 ez-toc-heading-level-3'><a class=\"ez-toc-link ez-toc-heading-10\" href=\"https:\/\/dudasytextos.com\/se-puede\/se-puede-declarar-el-alquiler-en-la-renta\/#%C2%BFPuedo_deducir_el_alquiler_de_una_vivienda_turistica_en_la_renta\" >\u00bfPuedo deducir el alquiler de una vivienda tur\u00edstica en la renta?<\/a><\/li><\/ul><\/li><\/ul><\/nav><\/div>\n<h2><span class=\"ez-toc-section\" id=\"%C2%BFSe_Puede_Declarar_El_Alquiler_En_La_Renta\"><\/span>\u00bfSe Puede Declarar El Alquiler En La Renta?<span class=\"ez-toc-section-end\"><\/span><\/h2>\n<section>\n<h2><span class=\"ez-toc-section\" id=\"Curiosidades_y_estadisticas_sobre_la_declaracion_del_alquiler_en_la_renta\"><\/span>Curiosidades y estad\u00edsticas sobre la declaraci\u00f3n del alquiler en la renta<span class=\"ez-toc-section-end\"><\/span><\/h2>\n<ul>\n<li>En Espa\u00f1a, el 22% de la poblaci\u00f3n vive de alquiler (Fuente: INE)<\/li>\n<li>De estos, solo el 41% declara el alquiler en la renta (Fuente: Hacienda)<\/li>\n<li>El 96% de los propietarios de viviendas en alquiler no saben c\u00f3mo declarar el alquiler en la renta (Fuente: Encuesta de Idealista)<\/li>\n<li>Declarar el alquiler en la renta puede reducir la factura fiscal de los inquilinos (Fuente: Asociaci\u00f3n de Consumidores)<\/li>\n<\/ul>\n<\/section>\n<section>\n<h2><span class=\"ez-toc-section\" id=\"Mi_experiencia_personal\"><\/span>Mi experiencia personal<span class=\"ez-toc-section-end\"><\/span><\/h2>\n<p>Hace unos a\u00f1os, cuando alquil\u00e9 mi primera vivienda, no ten\u00eda ni idea de que deb\u00eda declarar el alquiler en la renta. Por suerte, un amigo me lo explic\u00f3 y pude hacerlo a tiempo. Desde entonces, lo he declarado todos los a\u00f1os y he notado una gran diferencia en mi factura fiscal.<\/p>\n<p>Adem\u00e1s, como arrendataria, me siento m\u00e1s segura sabiendo que estoy cumpliendo con mis obligaciones fiscales y no tendr\u00e9 problemas con Hacienda en el futuro. Por eso, siempre recomiendo a mis amigos y conocidos que declaren el alquiler en la renta.<\/p>\n<\/section>\n<section>\n<h2><span class=\"ez-toc-section\" id=\"%C2%BFPor_que_es_importante_declarar_el_alquiler_en_la_renta\"><\/span>\u00bfPor qu\u00e9 es importante declarar el alquiler en la renta?<span class=\"ez-toc-section-end\"><\/span><\/h2>\n<p>Declarar el alquiler en la renta es una obligaci\u00f3n fiscal para los inquilinos que puede tener importantes beneficios econ\u00f3micos. En primer lugar, permite deducir una parte de la renta pagada en el IRPF, lo que puede reducir la factura fiscal de los inquilinos.<\/p>\n<p>Adem\u00e1s, declarar el alquiler en la renta es una muestra de responsabilidad y seriedad como arrendatarios, lo que puede ser valorado positivamente por los propietarios a la hora de renovar el contrato o buscar una nueva vivienda en el futuro.<\/p>\n<\/section>\n<section>\n<h2><span class=\"ez-toc-section\" id=\"%C2%BFComo_se_declara_el_alquiler_en_la_renta\"><\/span>\u00bfC\u00f3mo se declara el alquiler en la renta?<span class=\"ez-toc-section-end\"><\/span><\/h2>\n<p>Para declarar el alquiler en la renta, es necesario seguir los siguientes pasos:<\/p>\n<ul>\n<li>Obtener el contrato de alquiler y comprobar que cumple con los requisitos fiscales (duraci\u00f3n, renta, etc.)<\/li>\n<li>Descargar el programa PADRE o utilizar el servicio Renta Web de la Agencia Tributaria<\/li>\n<li>Ir al apartado de Rendimientos del trabajo y seleccionar la opci\u00f3n Rendimientos del capital inmobiliario<\/li>\n<li>Rellenar los datos del arrendador y la vivienda alquilada<\/li>\n<li>Introducir la renta pagada durante el a\u00f1o y, en su caso, los gastos deducibles (IBI, comunidad, reparaciones, etc.)<\/li>\n<li>Firmar y enviar la declaraci\u00f3n a la Agencia Tributaria<\/li>\n<\/ul>\n<p>Es importante recordar que la obligaci\u00f3n de declarar el alquiler en la renta corresponde al inquilino, no al propietario. Sin embargo, el propietario puede exigir al inquilino que le presente la declaraci\u00f3n como prueba de que est\u00e1 cumpliendo con sus obligaciones fiscales.<\/p>\n<\/section>\n<section>\n<h2><span class=\"ez-toc-section\" id=\"Preguntas_frecuentes\"><\/span>Preguntas frecuentes<span class=\"ez-toc-section-end\"><\/span><\/h2>\n<ul>\n<li>\n<h3><span class=\"ez-toc-section\" id=\"%C2%BFComo_se_si_tengo_que_declarar_el_alquiler_en_la_renta\"><\/span>\u00bfC\u00f3mo s\u00e9 si tengo que declarar el alquiler en la renta?<span class=\"ez-toc-section-end\"><\/span><\/h3>\n<p>Si has estado viviendo de alquiler durante el a\u00f1o fiscal y has pagado una renta superior a 1.000 euros, est\u00e1s obligado a declarar el alquiler en la renta. Si has pagado menos de 1.000 euros, no tienes que declararlo.<\/p>\n<\/li>\n<li>\n<h3><span class=\"ez-toc-section\" id=\"%C2%BFQue_gastos_puedo_deducir_en_la_declaracion_del_alquiler\"><\/span>\u00bfQu\u00e9 gastos puedo deducir en la declaraci\u00f3n del alquiler?<span class=\"ez-toc-section-end\"><\/span><\/h3>\n<p>Los gastos deducibles en la declaraci\u00f3n del alquiler son aquellos que est\u00e1n directamente relacionados con la vivienda alquilada, como el IBI, la comunidad, las reparaciones y el seguro de hogar. Estos gastos se pueden deducir en la proporci\u00f3n que corresponda seg\u00fan el porcentaje de la vivienda que se destine al alquiler.<\/p>\n<\/li>\n<li>\n<h3><span class=\"ez-toc-section\" id=\"%C2%BFQue_pasa_si_no_declaro_el_alquiler_en_la_renta\"><\/span>\u00bfQu\u00e9 pasa si no declaro el alquiler en la renta?<span class=\"ez-toc-section-end\"><\/span><\/h3>\n<p>Si no declaras el alquiler en la renta, est\u00e1s incumpliendo tus obligaciones fiscales y puedes ser sancionado por Hacienda con multas y recargos. Adem\u00e1s, si el propietario de la vivienda te exige la declaraci\u00f3n y no la presentas, puede rescindir el contrato de alquiler y exigir el desalojo de la vivienda.<\/p>\n<\/li>\n<li>\n<h3><span class=\"ez-toc-section\" id=\"%C2%BFPuedo_deducir_el_alquiler_de_una_vivienda_turistica_en_la_renta\"><\/span>\u00bfPuedo deducir el alquiler de una vivienda tur\u00edstica en la renta?<span class=\"ez-toc-section-end\"><\/span><\/h3>\n<p>No, los alquileres de viviendas tur\u00edsticas no se consideran arrendamientos de vivienda habitual y, por tanto, no son deducibles en la renta. Solo se pueden deducir los alquileres de viviendas destinadas a residencia habitual.<\/p>\n<\/li>\n<\/ul>\n<\/section>\n<footer>\n<p class=center>\u00a9 2023 Ana Gonz\u00e1lez. Todos los derechos reservados.<\/p>\n<\/footer>\n","protected":false},"excerpt":{"rendered":"<p>\u00bfSe Puede Declarar El Alquiler En La Renta? Curiosidades y estad\u00edsticas sobre la declaraci\u00f3n del alquiler en la renta En Espa\u00f1a, el 22% de la poblaci\u00f3n vive de alquiler (Fuente: INE) De estos, solo el 41% declara el alquiler en la renta (Fuente: Hacienda) El 96% de los propietarios de viviendas en alquiler no saben &#8230; <a title=\"Se puede declarar el alquiler en la renta\" class=\"read-more\" href=\"https:\/\/dudasytextos.com\/se-puede\/se-puede-declarar-el-alquiler-en-la-renta\/\" aria-label=\"M\u00e1s en Se puede declarar el alquiler en la renta\">Leer m\u00e1s<\/a><\/p>\n","protected":false},"author":1,"featured_media":0,"comment_status":"open","ping_status":"open","sticky":false,"template":"","format":"standard","meta":{"footnotes":""},"categories":[7,3],"tags":[],"class_list":["post-133149","post","type-post","status-publish","format-standard","hentry","category-declaracion-de-la-renta","category-se-puede"],"aioseo_notices":[],"aioseo_head":"\n\t\t<!-- All in One SEO 5.0.1.1 - aioseo.com -->\n\t<meta name=\"description\" content=\"\u00bfSe Puede Declarar El Alquiler En La Renta? Curiosidades y estad\u00edsticas sobre la declaraci\u00f3n del alquiler en la renta En Espa\u00f1a, el 22% de la poblaci\u00f3n vive de alquiler (Fuente: INE) De estos, solo el 41% declara el alquiler en la renta (Fuente: Hacienda) El 96% de los propietarios de viviendas en alquiler no saben\" \/>\n\t<meta name=\"robots\" content=\"max-snippet:-1, max-image-preview:large, max-video-preview:-1\" \/>\n\t<meta name=\"author\" content=\"Ana Gonz\u00e1lez\"\/>\n\t<link rel=\"canonical\" href=\"https:\/\/dudasytextos.com\/se-puede\/se-puede-declarar-el-alquiler-en-la-renta\/\" \/>\n\t<meta name=\"generator\" content=\"All in One SEO (AIOSEO) 5.0.1.1\" \/>\n\n\t\t<script async src=\"https:\/\/pagead2.googlesyndication.com\/pagead\/js\/adsbygoogle.js?client=ca-pub-3987500858204711\"\n     crossorigin=\"anonymous\"><\/script>\n<!-- Google tag (gtag.js) -->\n<script async src=\"https:\/\/www.googletagmanager.com\/gtag\/js?id=G-TYJ2FRZ8ZF\"><\/script>\n<script>\n  window.dataLayer = window.dataLayer || [];\n  function gtag(){dataLayer.push(arguments);}\n  gtag('js', new Date());\n\n  gtag('config', 'G-TYJ2FRZ8ZF');\n<\/script>\n\t\t<meta property=\"og:locale\" content=\"es_ES\" \/>\n\t\t<meta property=\"og:site_name\" content=\"\u00bfSe Puede? - Tomar decisiones informadas y resolver dudas.\" \/>\n\t\t<meta property=\"og:type\" content=\"article\" \/>\n\t\t<meta property=\"og:title\" content=\"Se puede declarar el alquiler en la renta (2026) \u00bfSe Puede?\" \/>\n\t\t<meta property=\"og:description\" content=\"\u00bfSe Puede Declarar El Alquiler En La Renta? Curiosidades y estad\u00edsticas sobre la declaraci\u00f3n del alquiler en la renta En Espa\u00f1a, el 22% de la poblaci\u00f3n vive de alquiler (Fuente: INE) De estos, solo el 41% declara el alquiler en la renta (Fuente: Hacienda) El 96% de los propietarios de viviendas en alquiler no saben\" \/>\n\t\t<meta property=\"og:url\" content=\"https:\/\/dudasytextos.com\/se-puede\/se-puede-declarar-el-alquiler-en-la-renta\/\" \/>\n\t\t<meta property=\"article:published_time\" content=\"2025-02-21T03:36:23+00:00\" \/>\n\t\t<meta property=\"article:modified_time\" content=\"2025-03-13T10:12:51+00:00\" \/>\n\t\t<meta name=\"twitter:card\" content=\"summary_large_image\" \/>\n\t\t<meta name=\"twitter:title\" content=\"Se puede declarar el alquiler en la renta (2026) \u00bfSe Puede?\" \/>\n\t\t<meta name=\"twitter:description\" content=\"\u00bfSe Puede Declarar El Alquiler En La Renta? Curiosidades y estad\u00edsticas sobre la declaraci\u00f3n del alquiler en la renta En Espa\u00f1a, el 22% de la poblaci\u00f3n vive de alquiler (Fuente: INE) De estos, solo el 41% declara el alquiler en la renta (Fuente: Hacienda) El 96% de los propietarios de viviendas en alquiler no saben\" \/>\n\t\t<script type=\"application\/ld+json\" class=\"aioseo-schema\">\n\t\t\t{\"@context\":\"https:\\\/\\\/schema.org\",\"@graph\":[{\"@type\":\"BlogPosting\",\"@id\":\"https:\\\/\\\/dudasytextos.com\\\/se-puede\\\/se-puede-declarar-el-alquiler-en-la-renta\\\/#blogposting\",\"name\":\"Se puede declarar el alquiler en la renta (2026) \\u00bfSe Puede?\",\"headline\":\"Se puede declarar el alquiler en la renta\",\"author\":{\"@id\":\"https:\\\/\\\/dudasytextos.com\\\/se-puede\\\/author\\\/admin23\\\/#author\"},\"publisher\":{\"@id\":\"https:\\\/\\\/dudasytextos.com\\\/se-puede\\\/#organization\"},\"datePublished\":\"2025-02-21T03:36:23+00:00\",\"dateModified\":\"2025-03-13T10:12:51+00:00\",\"inLanguage\":\"es-ES\",\"mainEntityOfPage\":{\"@id\":\"https:\\\/\\\/dudasytextos.com\\\/se-puede\\\/se-puede-declarar-el-alquiler-en-la-renta\\\/#webpage\"},\"isPartOf\":{\"@id\":\"https:\\\/\\\/dudasytextos.com\\\/se-puede\\\/se-puede-declarar-el-alquiler-en-la-renta\\\/#webpage\"},\"articleSection\":\"Declaraci\\u00f3n de la Renta, \\u00bfSe puede?\"},{\"@type\":\"BreadcrumbList\",\"@id\":\"https:\\\/\\\/dudasytextos.com\\\/se-puede\\\/se-puede-declarar-el-alquiler-en-la-renta\\\/#breadcrumblist\",\"itemListElement\":[{\"@type\":\"ListItem\",\"@id\":\"https:\\\/\\\/dudasytextos.com\\\/se-puede#listItem\",\"position\":1,\"name\":\"Home\",\"item\":\"https:\\\/\\\/dudasytextos.com\\\/se-puede\",\"nextItem\":{\"@type\":\"ListItem\",\"@id\":\"https:\\\/\\\/dudasytextos.com\\\/se-puede\\\/category\\\/se-puede\\\/#listItem\",\"name\":\"\\u00bfSe puede?\"}},{\"@type\":\"ListItem\",\"@id\":\"https:\\\/\\\/dudasytextos.com\\\/se-puede\\\/category\\\/se-puede\\\/#listItem\",\"position\":2,\"name\":\"\\u00bfSe puede?\",\"item\":\"https:\\\/\\\/dudasytextos.com\\\/se-puede\\\/category\\\/se-puede\\\/\",\"nextItem\":{\"@type\":\"ListItem\",\"@id\":\"https:\\\/\\\/dudasytextos.com\\\/se-puede\\\/se-puede-declarar-el-alquiler-en-la-renta\\\/#listItem\",\"name\":\"Se puede declarar el alquiler en la renta\"},\"previousItem\":{\"@type\":\"ListItem\",\"@id\":\"https:\\\/\\\/dudasytextos.com\\\/se-puede#listItem\",\"name\":\"Home\"}},{\"@type\":\"ListItem\",\"@id\":\"https:\\\/\\\/dudasytextos.com\\\/se-puede\\\/se-puede-declarar-el-alquiler-en-la-renta\\\/#listItem\",\"position\":3,\"name\":\"Se puede declarar el alquiler en la renta\",\"previousItem\":{\"@type\":\"ListItem\",\"@id\":\"https:\\\/\\\/dudasytextos.com\\\/se-puede\\\/category\\\/se-puede\\\/#listItem\",\"name\":\"\\u00bfSe puede?\"}}]},{\"@type\":\"Organization\",\"@id\":\"https:\\\/\\\/dudasytextos.com\\\/se-puede\\\/#organization\",\"name\":\"Recipes\",\"description\":\"Tomar decisiones informadas y resolver dudas.\",\"url\":\"https:\\\/\\\/dudasytextos.com\\\/se-puede\\\/\"},{\"@type\":\"Person\",\"@id\":\"https:\\\/\\\/dudasytextos.com\\\/se-puede\\\/author\\\/admin23\\\/#author\",\"url\":\"https:\\\/\\\/dudasytextos.com\\\/se-puede\\\/author\\\/admin23\\\/\",\"name\":\"Ana Gonz\\u00e1lez\"},{\"@type\":\"WebPage\",\"@id\":\"https:\\\/\\\/dudasytextos.com\\\/se-puede\\\/se-puede-declarar-el-alquiler-en-la-renta\\\/#webpage\",\"url\":\"https:\\\/\\\/dudasytextos.com\\\/se-puede\\\/se-puede-declarar-el-alquiler-en-la-renta\\\/\",\"name\":\"Se puede declarar el alquiler en la renta (2026) \\u00bfSe Puede?\",\"description\":\"\\u00bfSe Puede Declarar El Alquiler En La Renta? Curiosidades y estad\\u00edsticas sobre la declaraci\\u00f3n del alquiler en la renta En Espa\\u00f1a, el 22% de la poblaci\\u00f3n vive de alquiler (Fuente: INE) De estos, solo el 41% declara el alquiler en la renta (Fuente: Hacienda) El 96% de los propietarios de viviendas en alquiler no saben\",\"inLanguage\":\"es-ES\",\"isPartOf\":{\"@id\":\"https:\\\/\\\/dudasytextos.com\\\/se-puede\\\/#website\"},\"breadcrumb\":{\"@id\":\"https:\\\/\\\/dudasytextos.com\\\/se-puede\\\/se-puede-declarar-el-alquiler-en-la-renta\\\/#breadcrumblist\"},\"author\":{\"@id\":\"https:\\\/\\\/dudasytextos.com\\\/se-puede\\\/author\\\/admin23\\\/#author\"},\"creator\":{\"@id\":\"https:\\\/\\\/dudasytextos.com\\\/se-puede\\\/author\\\/admin23\\\/#author\"},\"datePublished\":\"2025-02-21T03:36:23+00:00\",\"dateModified\":\"2025-03-13T10:12:51+00:00\"},{\"@type\":\"WebSite\",\"@id\":\"https:\\\/\\\/dudasytextos.com\\\/se-puede\\\/#website\",\"url\":\"https:\\\/\\\/dudasytextos.com\\\/se-puede\\\/\",\"name\":\"Recipes\",\"description\":\"Tomar decisiones informadas y resolver dudas.\",\"inLanguage\":\"es-ES\",\"publisher\":{\"@id\":\"https:\\\/\\\/dudasytextos.com\\\/se-puede\\\/#organization\"}}]}\n\t\t<\/script>\n\t\t<!-- All in One SEO -->\n\n","aioseo_head_json":{"title":"Se puede declarar el alquiler en la renta (2026) \u00bfSe Puede?","description":"\u00bfSe Puede Declarar El Alquiler En La Renta? Curiosidades y estad\u00edsticas sobre la declaraci\u00f3n del alquiler en la renta En Espa\u00f1a, el 22% de la poblaci\u00f3n vive de alquiler (Fuente: INE) De estos, solo el 41% declara el alquiler en la renta (Fuente: Hacienda) El 96% de los propietarios de viviendas en alquiler no saben","canonical_url":"https:\/\/dudasytextos.com\/se-puede\/se-puede-declarar-el-alquiler-en-la-renta\/","robots":"max-snippet:-1, max-image-preview:large, max-video-preview:-1","keywords":"","webmasterTools":{"miscellaneous":"&lt;script async src=\"https:\/\/pagead2.googlesyndication.com\/pagead\/js\/adsbygoogle.js?client=ca-pub-3987500858204711\"\n     crossorigin=\"anonymous\"&gt;&lt;\/script&gt;\n&lt;!-- Google tag (gtag.js) --&gt;\n&lt;script async src=\"https:\/\/www.googletagmanager.com\/gtag\/js?id=G-TYJ2FRZ8ZF\"&gt;&lt;\/script&gt;\n&lt;script&gt;\n  window.dataLayer = window.dataLayer || [];\n  function gtag(){dataLayer.push(arguments);}\n  gtag('js', new Date());\n\n  gtag('config', 'G-TYJ2FRZ8ZF');\n&lt;\/script&gt;"},"schema":{"@context":"https:\/\/schema.org","@graph":[{"@type":"BlogPosting","@id":"https:\/\/dudasytextos.com\/se-puede\/se-puede-declarar-el-alquiler-en-la-renta\/#blogposting","name":"Se puede declarar el alquiler en la renta (2026) \u00bfSe Puede?","headline":"Se puede declarar el alquiler en la renta","author":{"@id":"https:\/\/dudasytextos.com\/se-puede\/author\/admin23\/#author"},"publisher":{"@id":"https:\/\/dudasytextos.com\/se-puede\/#organization"},"datePublished":"2025-02-21T03:36:23+00:00","dateModified":"2025-03-13T10:12:51+00:00","inLanguage":"es-ES","mainEntityOfPage":{"@id":"https:\/\/dudasytextos.com\/se-puede\/se-puede-declarar-el-alquiler-en-la-renta\/#webpage"},"isPartOf":{"@id":"https:\/\/dudasytextos.com\/se-puede\/se-puede-declarar-el-alquiler-en-la-renta\/#webpage"},"articleSection":"Declaraci\u00f3n de la Renta, \u00bfSe puede?"},{"@type":"BreadcrumbList","@id":"https:\/\/dudasytextos.com\/se-puede\/se-puede-declarar-el-alquiler-en-la-renta\/#breadcrumblist","itemListElement":[{"@type":"ListItem","@id":"https:\/\/dudasytextos.com\/se-puede#listItem","position":1,"name":"Home","item":"https:\/\/dudasytextos.com\/se-puede","nextItem":{"@type":"ListItem","@id":"https:\/\/dudasytextos.com\/se-puede\/category\/se-puede\/#listItem","name":"\u00bfSe puede?"}},{"@type":"ListItem","@id":"https:\/\/dudasytextos.com\/se-puede\/category\/se-puede\/#listItem","position":2,"name":"\u00bfSe puede?","item":"https:\/\/dudasytextos.com\/se-puede\/category\/se-puede\/","nextItem":{"@type":"ListItem","@id":"https:\/\/dudasytextos.com\/se-puede\/se-puede-declarar-el-alquiler-en-la-renta\/#listItem","name":"Se puede declarar el alquiler en la renta"},"previousItem":{"@type":"ListItem","@id":"https:\/\/dudasytextos.com\/se-puede#listItem","name":"Home"}},{"@type":"ListItem","@id":"https:\/\/dudasytextos.com\/se-puede\/se-puede-declarar-el-alquiler-en-la-renta\/#listItem","position":3,"name":"Se puede declarar el alquiler en la renta","previousItem":{"@type":"ListItem","@id":"https:\/\/dudasytextos.com\/se-puede\/category\/se-puede\/#listItem","name":"\u00bfSe puede?"}}]},{"@type":"Organization","@id":"https:\/\/dudasytextos.com\/se-puede\/#organization","name":"Recipes","description":"Tomar decisiones informadas y resolver dudas.","url":"https:\/\/dudasytextos.com\/se-puede\/"},{"@type":"Person","@id":"https:\/\/dudasytextos.com\/se-puede\/author\/admin23\/#author","url":"https:\/\/dudasytextos.com\/se-puede\/author\/admin23\/","name":"Ana Gonz\u00e1lez"},{"@type":"WebPage","@id":"https:\/\/dudasytextos.com\/se-puede\/se-puede-declarar-el-alquiler-en-la-renta\/#webpage","url":"https:\/\/dudasytextos.com\/se-puede\/se-puede-declarar-el-alquiler-en-la-renta\/","name":"Se puede declarar el alquiler en la renta (2026) \u00bfSe Puede?","description":"\u00bfSe Puede Declarar El Alquiler En La Renta? Curiosidades y estad\u00edsticas sobre la declaraci\u00f3n del alquiler en la renta En Espa\u00f1a, el 22% de la poblaci\u00f3n vive de alquiler (Fuente: INE) De estos, solo el 41% declara el alquiler en la renta (Fuente: Hacienda) El 96% de los propietarios de viviendas en alquiler no saben","inLanguage":"es-ES","isPartOf":{"@id":"https:\/\/dudasytextos.com\/se-puede\/#website"},"breadcrumb":{"@id":"https:\/\/dudasytextos.com\/se-puede\/se-puede-declarar-el-alquiler-en-la-renta\/#breadcrumblist"},"author":{"@id":"https:\/\/dudasytextos.com\/se-puede\/author\/admin23\/#author"},"creator":{"@id":"https:\/\/dudasytextos.com\/se-puede\/author\/admin23\/#author"},"datePublished":"2025-02-21T03:36:23+00:00","dateModified":"2025-03-13T10:12:51+00:00"},{"@type":"WebSite","@id":"https:\/\/dudasytextos.com\/se-puede\/#website","url":"https:\/\/dudasytextos.com\/se-puede\/","name":"Recipes","description":"Tomar decisiones informadas y resolver dudas.","inLanguage":"es-ES","publisher":{"@id":"https:\/\/dudasytextos.com\/se-puede\/#organization"}}]},"og:locale":"es_ES","og:site_name":"\u00bfSe Puede? - Tomar decisiones informadas y resolver dudas.","og:type":"article","og:title":"Se puede declarar el alquiler en la renta (2026) \u00bfSe Puede?","og:description":"\u00bfSe Puede Declarar El Alquiler En La Renta? Curiosidades y estad\u00edsticas sobre la declaraci\u00f3n del alquiler en la renta En Espa\u00f1a, el 22% de la poblaci\u00f3n vive de alquiler (Fuente: INE) De estos, solo el 41% declara el alquiler en la renta (Fuente: Hacienda) El 96% de los propietarios de viviendas en alquiler no saben","og:url":"https:\/\/dudasytextos.com\/se-puede\/se-puede-declarar-el-alquiler-en-la-renta\/","article:published_time":"2025-02-21T03:36:23+00:00","article:modified_time":"2025-03-13T10:12:51+00:00","twitter:card":"summary_large_image","twitter:title":"Se puede declarar el alquiler en la renta (2026) \u00bfSe Puede?","twitter:description":"\u00bfSe Puede Declarar El Alquiler En La Renta? Curiosidades y estad\u00edsticas sobre la declaraci\u00f3n del alquiler en la renta En Espa\u00f1a, el 22% de la poblaci\u00f3n vive de alquiler (Fuente: INE) De estos, solo el 41% declara el alquiler en la renta (Fuente: Hacienda) El 96% de los propietarios de viviendas en alquiler no saben"},"aioseo_meta_data":{"post_id":"133149","title":null,"description":null,"keywords":null,"keyphrases":null,"primary_term":null,"canonical_url":null,"og_title":null,"og_description":null,"og_object_type":"default","og_image_type":"default","og_image_url":null,"og_image_width":null,"og_image_height":null,"og_image_custom_url":null,"og_image_custom_fields":null,"og_video":null,"og_custom_url":null,"og_article_section":null,"og_article_tags":null,"twitter_use_og":false,"twitter_card":"default","twitter_image_type":"default","twitter_image_url":null,"twitter_image_custom_url":null,"twitter_image_custom_fields":null,"twitter_title":null,"twitter_description":null,"schema":{"blockGraphs":[],"customGraphs":[],"default":{"data":{"Article":[],"Course":[],"Dataset":[],"FAQPage":[],"Movie":[],"Person":[],"Product":[],"ProductReview":[],"Car":[],"Recipe":[],"Service":[],"SoftwareApplication":[],"WebPage":[]},"graphName":"","isEnabled":true},"graphs":[]},"schema_type":"default","schema_type_options":null,"pillar_content":false,"robots_default":true,"robots_noindex":false,"robots_noarchive":false,"robots_nosnippet":false,"robots_nofollow":false,"robots_noimageindex":false,"robots_noodp":false,"robots_notranslate":false,"robots_max_snippet":null,"robots_max_videopreview":null,"robots_max_imagepreview":"large","priority":null,"frequency":null,"local_seo":null,"breadcrumb_settings":null,"limit_modified_date":false,"ai":null,"created":"2023-04-30 13:38:53","updated":"2025-03-13 19:21:59","seo_analyzer_scan_date":null,"focus_keyword":null,"additional_keywords":null,"truseo_locale":null},"aioseo_breadcrumb":"<div class=\"aioseo-breadcrumbs\"><span class=\"aioseo-breadcrumb\">\n\t\t\t<a href=\"https:\/\/dudasytextos.com\/se-puede\" title=\"Home\">Home<\/a>\n\t\t<\/span><span class=\"aioseo-breadcrumb-separator\">&raquo;<\/span><span class=\"aioseo-breadcrumb\">\n\t\t\t<a href=\"https:\/\/dudasytextos.com\/se-puede\/category\/se-puede\/\" title=\"\u00bfSe puede?\">\u00bfSe puede?<\/a>\n\t\t<\/span><span class=\"aioseo-breadcrumb-separator\">&raquo;<\/span><span class=\"aioseo-breadcrumb\">\n\t\t\tSe puede declarar el alquiler en la renta\n\t\t<\/span><\/div>","aioseo_breadcrumb_json":[{"label":"Home","link":"https:\/\/dudasytextos.com\/se-puede"},{"label":"\u00bfSe puede?","link":"https:\/\/dudasytextos.com\/se-puede\/category\/se-puede\/"},{"label":"Se puede declarar el alquiler en la renta","link":"https:\/\/dudasytextos.com\/se-puede\/se-puede-declarar-el-alquiler-en-la-renta\/"}],"_links":{"self":[{"href":"https:\/\/dudasytextos.com\/se-puede\/wp-json\/wp\/v2\/posts\/133149","targetHints":{"allow":["GET"]}}],"collection":[{"href":"https:\/\/dudasytextos.com\/se-puede\/wp-json\/wp\/v2\/posts"}],"about":[{"href":"https:\/\/dudasytextos.com\/se-puede\/wp-json\/wp\/v2\/types\/post"}],"author":[{"embeddable":true,"href":"https:\/\/dudasytextos.com\/se-puede\/wp-json\/wp\/v2\/users\/1"}],"replies":[{"embeddable":true,"href":"https:\/\/dudasytextos.com\/se-puede\/wp-json\/wp\/v2\/comments?post=133149"}],"version-history":[{"count":1,"href":"https:\/\/dudasytextos.com\/se-puede\/wp-json\/wp\/v2\/posts\/133149\/revisions"}],"predecessor-version":[{"id":136078,"href":"https:\/\/dudasytextos.com\/se-puede\/wp-json\/wp\/v2\/posts\/133149\/revisions\/136078"}],"wp:attachment":[{"href":"https:\/\/dudasytextos.com\/se-puede\/wp-json\/wp\/v2\/media?parent=133149"}],"wp:term":[{"taxonomy":"category","embeddable":true,"href":"https:\/\/dudasytextos.com\/se-puede\/wp-json\/wp\/v2\/categories?post=133149"},{"taxonomy":"post_tag","embeddable":true,"href":"https:\/\/dudasytextos.com\/se-puede\/wp-json\/wp\/v2\/tags?post=133149"}],"curies":[{"name":"wp","href":"https:\/\/api.w.org\/{rel}","templated":true}]}}