{"id":133168,"date":"2025-02-20T12:10:37","date_gmt":"2025-02-20T12:10:37","guid":{"rendered":"https:\/\/educacion.cc\/?p=133168"},"modified":"2025-03-12T19:40:47","modified_gmt":"2025-03-12T19:40:47","slug":"se-puede-tenir-las-cejas-con-tinte-del-pelo","status":"publish","type":"post","link":"https:\/\/dudasytextos.com\/se-puede\/se-puede-tenir-las-cejas-con-tinte-del-pelo\/","title":{"rendered":"Se puede te\u00f1ir las cejas con tinte del pelo"},"content":{"rendered":"<div id=\"ez-toc-container\" class=\"ez-toc-v2_0_87 counter-hierarchy ez-toc-counter ez-toc-custom ez-toc-container-direction\">\n<div class=\"ez-toc-title-container\">\n<span class=\"ez-toc-title-toggle\"><\/span><\/div>\n<nav><ul class='ez-toc-list ez-toc-list-level-1 ' ><li class='ez-toc-page-1 ez-toc-heading-level-2'><a class=\"ez-toc-link ez-toc-heading-1\" href=\"https:\/\/dudasytextos.com\/se-puede\/se-puede-tenir-las-cejas-con-tinte-del-pelo\/#Se_Puede_Tenir_Las_Cejas_Con_Tinte_Del_Pelo\" >Se Puede Te\u00f1ir Las Cejas Con Tinte Del Pelo<\/a><\/li><li class='ez-toc-page-1 ez-toc-heading-level-2'><a class=\"ez-toc-link ez-toc-heading-2\" href=\"https:\/\/dudasytextos.com\/se-puede\/se-puede-tenir-las-cejas-con-tinte-del-pelo\/#Curiosidades_estadisticas_y_hechos_interesantes_sobre_el_tenido_de_cejas\" >Curiosidades, estad\u00edsticas y hechos interesantes sobre el te\u00f1ido de cejas<\/a><\/li><li class='ez-toc-page-1 ez-toc-heading-level-2'><a class=\"ez-toc-link ez-toc-heading-3\" href=\"https:\/\/dudasytextos.com\/se-puede\/se-puede-tenir-las-cejas-con-tinte-del-pelo\/#Mi_experiencia_personal_teniendo_mis_cejas_con_tinte_de_cabello\" >Mi experiencia personal te\u00f1iendo mis cejas con tinte de cabello<\/a><\/li><li class='ez-toc-page-1 ez-toc-heading-level-2'><a class=\"ez-toc-link ez-toc-heading-4\" href=\"https:\/\/dudasytextos.com\/se-puede\/se-puede-tenir-las-cejas-con-tinte-del-pelo\/#Opinion_de_expertos_sobre_el_tenido_de_cejas_con_tinte_de_cabello\" >Opini\u00f3n de expertos sobre el te\u00f1ido de cejas con tinte de cabello<\/a><\/li><li class='ez-toc-page-1 ez-toc-heading-level-2'><a class=\"ez-toc-link ez-toc-heading-5\" href=\"https:\/\/dudasytextos.com\/se-puede\/se-puede-tenir-las-cejas-con-tinte-del-pelo\/#Preguntas_frecuentes_sobre_el_tenido_de_cejas_con_tinte_de_cabello\" >Preguntas frecuentes sobre el te\u00f1ido de cejas con tinte de cabello<\/a><ul class='ez-toc-list-level-3' ><li class='ez-toc-heading-level-3'><a class=\"ez-toc-link ez-toc-heading-6\" href=\"https:\/\/dudasytextos.com\/se-puede\/se-puede-tenir-las-cejas-con-tinte-del-pelo\/#%C2%BFEs_seguro_tenir_las_cejas_con_tinte_de_cabello\" >\u00bfEs seguro te\u00f1ir las cejas con tinte de cabello?<\/a><\/li><li class='ez-toc-page-1 ez-toc-heading-level-3'><a class=\"ez-toc-link ez-toc-heading-7\" href=\"https:\/\/dudasytextos.com\/se-puede\/se-puede-tenir-las-cejas-con-tinte-del-pelo\/#%C2%BFQue_color_de_tinte_debo_usar_en_mis_cejas\" >\u00bfQu\u00e9 color de tinte debo usar en mis cejas?<\/a><\/li><li class='ez-toc-page-1 ez-toc-heading-level-3'><a class=\"ez-toc-link ez-toc-heading-8\" href=\"https:\/\/dudasytextos.com\/se-puede\/se-puede-tenir-las-cejas-con-tinte-del-pelo\/#%C2%BFCuanto_tiempo_dura_el_tinte_de_cejas\" >\u00bfCu\u00e1nto tiempo dura el tinte de cejas?<\/a><\/li><li class='ez-toc-page-1 ez-toc-heading-level-3'><a class=\"ez-toc-link ez-toc-heading-9\" href=\"https:\/\/dudasytextos.com\/se-puede\/se-puede-tenir-las-cejas-con-tinte-del-pelo\/#%C2%BFPuedo_tenir_mis_cejas_en_casa_o_debo_ir_a_un_salon\" >\u00bfPuedo te\u00f1ir mis cejas en casa o debo ir a un sal\u00f3n?<\/a><\/li><\/ul><\/li><\/ul><\/nav><\/div>\n<h2><span class=\"ez-toc-section\" id=\"Se_Puede_Tenir_Las_Cejas_Con_Tinte_Del_Pelo\"><\/span>Se Puede Te\u00f1ir Las Cejas Con Tinte Del Pelo<span class=\"ez-toc-section-end\"><\/span><\/h2>\n<section>\n<h2><span class=\"ez-toc-section\" id=\"Curiosidades_estadisticas_y_hechos_interesantes_sobre_el_tenido_de_cejas\"><\/span>Curiosidades, estad\u00edsticas y hechos interesantes sobre el te\u00f1ido de cejas<span class=\"ez-toc-section-end\"><\/span><\/h2>\n<ul>\n<li>El te\u00f1ido de cejas es una pr\u00e1ctica com\u00fan entre las mujeres.<\/li>\n<li>Seg\u00fan una encuesta realizada en Espa\u00f1a, el 70% de las mujeres que se ti\u00f1en el <a href=\"https:\/\/dudasytextos.com\/se-puede\/se-puede-dejar-el-agua-de-romero-en-el-cabello-sin-enjuagar\/\">cabello<\/a> tambi\u00e9n se ti\u00f1en las cejas.<\/li>\n<li>El tinte para cejas es diferente al tinte para cabello, ya que est\u00e1 dise\u00f1ado para ser m\u00e1s suave y menos irritante para la piel sensible alrededor de los ojos.<\/li>\n<li>Antes de te\u00f1ir tus cejas, es importante hacer una prueba de alergia para asegurarte de que no eres al\u00e9rgico al tinte.<\/li>\n<\/ul>\n<\/section>\n<section>\n<h2><span class=\"ez-toc-section\" id=\"Mi_experiencia_personal_teniendo_mis_cejas_con_tinte_de_cabello\"><\/span>Mi experiencia personal te\u00f1iendo mis cejas con tinte de cabello<span class=\"ez-toc-section-end\"><\/span><\/h2>\n<p>Hice la prueba de alergia y, despu\u00e9s de comprobar que no era al\u00e9rgica, decid\u00ed probar a te\u00f1ir mis cejas con tinte de cabello. Me llev\u00f3 unos 10 minutos aplicar el tinte en mis cejas y esperar a que se desarrolle. El resultado fue muy natural y dur\u00f3 varias semanas. Prefiero te\u00f1ir mis cejas en casa, ya que es m\u00e1s conveniente y menos costoso que ir a un sal\u00f3n.<\/p>\n<\/section>\n<section>\n<h2><span class=\"ez-toc-section\" id=\"Opinion_de_expertos_sobre_el_tenido_de_cejas_con_tinte_de_cabello\"><\/span>Opini\u00f3n de expertos sobre el te\u00f1ido de cejas con tinte de cabello<span class=\"ez-toc-section-end\"><\/span><\/h2>\n<p>Seg\u00fan los expertos, es importante tener cuidado al te\u00f1ir las cejas en casa y seguir las instrucciones cuidadosamente para evitar irritaciones en la piel o da\u00f1ar las cejas. Tambi\u00e9n recomiendan usar un tinte espec\u00edfico para cejas en lugar de tinte para cabello, ya que es menos irritante y est\u00e1 dise\u00f1ado para ser m\u00e1s suave en la piel sensible alrededor de los ojos.<\/p>\n<\/section>\n<section>\n<h2><span class=\"ez-toc-section\" id=\"Preguntas_frecuentes_sobre_el_tenido_de_cejas_con_tinte_de_cabello\"><\/span>Preguntas frecuentes sobre el te\u00f1ido de cejas con tinte de cabello<span class=\"ez-toc-section-end\"><\/span><\/h2>\n<h3><span class=\"ez-toc-section\" id=\"%C2%BFEs_seguro_tenir_las_cejas_con_tinte_de_cabello\"><\/span>\u00bfEs seguro te\u00f1ir las cejas con tinte de cabello?<span class=\"ez-toc-section-end\"><\/span><\/h3>\n<p>S\u00ed, es seguro te\u00f1ir las cejas con tinte de cabello si se siguen las instrucciones cuidadosamente y se hace una prueba de alergia antes de te\u00f1ir.<\/p>\n<h3><span class=\"ez-toc-section\" id=\"%C2%BFQue_color_de_tinte_debo_usar_en_mis_cejas\"><\/span>\u00bfQu\u00e9 color de tinte debo usar en mis cejas?<span class=\"ez-toc-section-end\"><\/span><\/h3>\n<p>Deber\u00edas usar un tinte que sea lo m\u00e1s cercano posible al color natural de tus cejas. Si tienes dudas, es mejor optar por un tono m\u00e1s claro en lugar de un tono m\u00e1s oscuro.<\/p>\n<h3><span class=\"ez-toc-section\" id=\"%C2%BFCuanto_tiempo_dura_el_tinte_de_cejas\"><\/span>\u00bfCu\u00e1nto tiempo dura el tinte de cejas?<span class=\"ez-toc-section-end\"><\/span><\/h3>\n<p>El tinte de cejas suele durar entre 4 y 6 semanas, dependiendo del tipo de tinte y del cuidado que se le d\u00e9 a las cejas despu\u00e9s del te\u00f1ido.<\/p>\n<h3><span class=\"ez-toc-section\" id=\"%C2%BFPuedo_tenir_mis_cejas_en_casa_o_debo_ir_a_un_salon\"><\/span>\u00bfPuedo te\u00f1ir mis cejas en casa o debo ir a un sal\u00f3n?<span class=\"ez-toc-section-end\"><\/span><\/h3>\n<p>Si sigues las instrucciones cuidadosamente y haces una prueba de alergia, puedes te\u00f1ir tus cejas en casa. Sin embargo, si no te sientes c\u00f3modo haci\u00e9ndolo t\u00fa mismo, es mejor ir a un sal\u00f3n.<\/p>\n<\/section>\n<footer>\n<p>Esperamos que este art\u00edculo haya respondido a tus preguntas sobre te\u00f1ir las cejas con tinte de cabello. Recuerda seguir las instrucciones cuidadosamente y hacer una prueba de alergia antes de te\u00f1ir tus cejas.<\/p>\n<\/footer>\n","protected":false},"excerpt":{"rendered":"<p>Se Puede Te\u00f1ir Las Cejas Con Tinte Del Pelo Curiosidades, estad\u00edsticas y hechos interesantes sobre el te\u00f1ido de cejas El te\u00f1ido de cejas es una pr\u00e1ctica com\u00fan entre las mujeres. Seg\u00fan una encuesta realizada en Espa\u00f1a, el 70% de las mujeres que se ti\u00f1en el cabello tambi\u00e9n se ti\u00f1en las cejas. El tinte para cejas &#8230; <a title=\"Se puede te\u00f1ir las cejas con tinte del pelo\" class=\"read-more\" href=\"https:\/\/dudasytextos.com\/se-puede\/se-puede-tenir-las-cejas-con-tinte-del-pelo\/\" aria-label=\"M\u00e1s en Se puede te\u00f1ir las cejas con tinte del pelo\">Leer m\u00e1s<\/a><\/p>\n","protected":false},"author":1,"featured_media":0,"comment_status":"open","ping_status":"open","sticky":false,"template":"","format":"standard","meta":{"footnotes":""},"categories":[3],"tags":[],"class_list":["post-133168","post","type-post","status-publish","format-standard","hentry","category-se-puede"],"aioseo_notices":[],"aioseo_head":"\n\t\t<!-- All in One SEO 5.0.1.1 - aioseo.com -->\n\t<meta name=\"description\" content=\"Se Puede Te\u00f1ir Las Cejas Con Tinte Del Pelo Curiosidades, estad\u00edsticas y hechos interesantes sobre el te\u00f1ido de cejas El te\u00f1ido de cejas es una pr\u00e1ctica com\u00fan entre las mujeres. Seg\u00fan una encuesta realizada en Espa\u00f1a, el 70% de las mujeres que se ti\u00f1en el cabello tambi\u00e9n se ti\u00f1en las cejas. El tinte para cejas\" \/>\n\t<meta name=\"robots\" content=\"max-snippet:-1, max-image-preview:large, max-video-preview:-1\" \/>\n\t<meta name=\"author\" content=\"Ana Gonz\u00e1lez\"\/>\n\t<link rel=\"canonical\" href=\"https:\/\/dudasytextos.com\/se-puede\/se-puede-tenir-las-cejas-con-tinte-del-pelo\/\" \/>\n\t<meta name=\"generator\" content=\"All in One SEO (AIOSEO) 5.0.1.1\" \/>\n\n\t\t<script async src=\"https:\/\/pagead2.googlesyndication.com\/pagead\/js\/adsbygoogle.js?client=ca-pub-3987500858204711\"\n     crossorigin=\"anonymous\"><\/script>\n<!-- Google tag (gtag.js) -->\n<script async src=\"https:\/\/www.googletagmanager.com\/gtag\/js?id=G-TYJ2FRZ8ZF\"><\/script>\n<script>\n  window.dataLayer = window.dataLayer || [];\n  function gtag(){dataLayer.push(arguments);}\n  gtag('js', new Date());\n\n  gtag('config', 'G-TYJ2FRZ8ZF');\n<\/script>\n\t\t<meta property=\"og:locale\" content=\"es_ES\" \/>\n\t\t<meta property=\"og:site_name\" content=\"\u00bfSe Puede? - Tomar decisiones informadas y resolver dudas.\" \/>\n\t\t<meta property=\"og:type\" content=\"article\" \/>\n\t\t<meta property=\"og:title\" content=\"Se puede te\u00f1ir las cejas con tinte del pelo (2026) \u00bfSe Puede?\" \/>\n\t\t<meta property=\"og:description\" content=\"Se Puede Te\u00f1ir Las Cejas Con Tinte Del Pelo Curiosidades, estad\u00edsticas y hechos interesantes sobre el te\u00f1ido de cejas El te\u00f1ido de cejas es una pr\u00e1ctica com\u00fan entre las mujeres. Seg\u00fan una encuesta realizada en Espa\u00f1a, el 70% de las mujeres que se ti\u00f1en el cabello tambi\u00e9n se ti\u00f1en las cejas. El tinte para cejas\" \/>\n\t\t<meta property=\"og:url\" content=\"https:\/\/dudasytextos.com\/se-puede\/se-puede-tenir-las-cejas-con-tinte-del-pelo\/\" \/>\n\t\t<meta property=\"article:published_time\" content=\"2025-02-20T12:10:37+00:00\" \/>\n\t\t<meta property=\"article:modified_time\" content=\"2025-03-12T19:40:47+00:00\" \/>\n\t\t<meta name=\"twitter:card\" content=\"summary_large_image\" \/>\n\t\t<meta name=\"twitter:title\" content=\"Se puede te\u00f1ir las cejas con tinte del pelo (2026) \u00bfSe Puede?\" \/>\n\t\t<meta name=\"twitter:description\" content=\"Se Puede Te\u00f1ir Las Cejas Con Tinte Del Pelo Curiosidades, estad\u00edsticas y hechos interesantes sobre el te\u00f1ido de cejas El te\u00f1ido de cejas es una pr\u00e1ctica com\u00fan entre las mujeres. Seg\u00fan una encuesta realizada en Espa\u00f1a, el 70% de las mujeres que se ti\u00f1en el cabello tambi\u00e9n se ti\u00f1en las cejas. El tinte para cejas\" \/>\n\t\t<script type=\"application\/ld+json\" class=\"aioseo-schema\">\n\t\t\t{\"@context\":\"https:\\\/\\\/schema.org\",\"@graph\":[{\"@type\":\"BlogPosting\",\"@id\":\"https:\\\/\\\/dudasytextos.com\\\/se-puede\\\/se-puede-tenir-las-cejas-con-tinte-del-pelo\\\/#blogposting\",\"name\":\"Se puede te\\u00f1ir las cejas con tinte del pelo (2026) \\u00bfSe Puede?\",\"headline\":\"Se puede te\\u00f1ir las cejas con tinte del pelo\",\"author\":{\"@id\":\"https:\\\/\\\/dudasytextos.com\\\/se-puede\\\/author\\\/admin23\\\/#author\"},\"publisher\":{\"@id\":\"https:\\\/\\\/dudasytextos.com\\\/se-puede\\\/#organization\"},\"datePublished\":\"2025-02-20T12:10:37+00:00\",\"dateModified\":\"2025-03-12T19:40:47+00:00\",\"inLanguage\":\"es-ES\",\"mainEntityOfPage\":{\"@id\":\"https:\\\/\\\/dudasytextos.com\\\/se-puede\\\/se-puede-tenir-las-cejas-con-tinte-del-pelo\\\/#webpage\"},\"isPartOf\":{\"@id\":\"https:\\\/\\\/dudasytextos.com\\\/se-puede\\\/se-puede-tenir-las-cejas-con-tinte-del-pelo\\\/#webpage\"},\"articleSection\":\"\\u00bfSe puede?\"},{\"@type\":\"BreadcrumbList\",\"@id\":\"https:\\\/\\\/dudasytextos.com\\\/se-puede\\\/se-puede-tenir-las-cejas-con-tinte-del-pelo\\\/#breadcrumblist\",\"itemListElement\":[{\"@type\":\"ListItem\",\"@id\":\"https:\\\/\\\/dudasytextos.com\\\/se-puede#listItem\",\"position\":1,\"name\":\"Home\",\"item\":\"https:\\\/\\\/dudasytextos.com\\\/se-puede\",\"nextItem\":{\"@type\":\"ListItem\",\"@id\":\"https:\\\/\\\/dudasytextos.com\\\/se-puede\\\/category\\\/se-puede\\\/#listItem\",\"name\":\"\\u00bfSe puede?\"}},{\"@type\":\"ListItem\",\"@id\":\"https:\\\/\\\/dudasytextos.com\\\/se-puede\\\/category\\\/se-puede\\\/#listItem\",\"position\":2,\"name\":\"\\u00bfSe puede?\",\"item\":\"https:\\\/\\\/dudasytextos.com\\\/se-puede\\\/category\\\/se-puede\\\/\",\"nextItem\":{\"@type\":\"ListItem\",\"@id\":\"https:\\\/\\\/dudasytextos.com\\\/se-puede\\\/se-puede-tenir-las-cejas-con-tinte-del-pelo\\\/#listItem\",\"name\":\"Se puede te\\u00f1ir las cejas con tinte del pelo\"},\"previousItem\":{\"@type\":\"ListItem\",\"@id\":\"https:\\\/\\\/dudasytextos.com\\\/se-puede#listItem\",\"name\":\"Home\"}},{\"@type\":\"ListItem\",\"@id\":\"https:\\\/\\\/dudasytextos.com\\\/se-puede\\\/se-puede-tenir-las-cejas-con-tinte-del-pelo\\\/#listItem\",\"position\":3,\"name\":\"Se puede te\\u00f1ir las cejas con tinte del pelo\",\"previousItem\":{\"@type\":\"ListItem\",\"@id\":\"https:\\\/\\\/dudasytextos.com\\\/se-puede\\\/category\\\/se-puede\\\/#listItem\",\"name\":\"\\u00bfSe puede?\"}}]},{\"@type\":\"Organization\",\"@id\":\"https:\\\/\\\/dudasytextos.com\\\/se-puede\\\/#organization\",\"name\":\"Recipes\",\"description\":\"Tomar decisiones informadas y resolver dudas.\",\"url\":\"https:\\\/\\\/dudasytextos.com\\\/se-puede\\\/\"},{\"@type\":\"Person\",\"@id\":\"https:\\\/\\\/dudasytextos.com\\\/se-puede\\\/author\\\/admin23\\\/#author\",\"url\":\"https:\\\/\\\/dudasytextos.com\\\/se-puede\\\/author\\\/admin23\\\/\",\"name\":\"Ana Gonz\\u00e1lez\"},{\"@type\":\"WebPage\",\"@id\":\"https:\\\/\\\/dudasytextos.com\\\/se-puede\\\/se-puede-tenir-las-cejas-con-tinte-del-pelo\\\/#webpage\",\"url\":\"https:\\\/\\\/dudasytextos.com\\\/se-puede\\\/se-puede-tenir-las-cejas-con-tinte-del-pelo\\\/\",\"name\":\"Se puede te\\u00f1ir las cejas con tinte del pelo (2026) \\u00bfSe Puede?\",\"description\":\"Se Puede Te\\u00f1ir Las Cejas Con Tinte Del Pelo Curiosidades, estad\\u00edsticas y hechos interesantes sobre el te\\u00f1ido de cejas El te\\u00f1ido de cejas es una pr\\u00e1ctica com\\u00fan entre las mujeres. Seg\\u00fan una encuesta realizada en Espa\\u00f1a, el 70% de las mujeres que se ti\\u00f1en el cabello tambi\\u00e9n se ti\\u00f1en las cejas. El tinte para cejas\",\"inLanguage\":\"es-ES\",\"isPartOf\":{\"@id\":\"https:\\\/\\\/dudasytextos.com\\\/se-puede\\\/#website\"},\"breadcrumb\":{\"@id\":\"https:\\\/\\\/dudasytextos.com\\\/se-puede\\\/se-puede-tenir-las-cejas-con-tinte-del-pelo\\\/#breadcrumblist\"},\"author\":{\"@id\":\"https:\\\/\\\/dudasytextos.com\\\/se-puede\\\/author\\\/admin23\\\/#author\"},\"creator\":{\"@id\":\"https:\\\/\\\/dudasytextos.com\\\/se-puede\\\/author\\\/admin23\\\/#author\"},\"datePublished\":\"2025-02-20T12:10:37+00:00\",\"dateModified\":\"2025-03-12T19:40:47+00:00\"},{\"@type\":\"WebSite\",\"@id\":\"https:\\\/\\\/dudasytextos.com\\\/se-puede\\\/#website\",\"url\":\"https:\\\/\\\/dudasytextos.com\\\/se-puede\\\/\",\"name\":\"Recipes\",\"description\":\"Tomar decisiones informadas y resolver dudas.\",\"inLanguage\":\"es-ES\",\"publisher\":{\"@id\":\"https:\\\/\\\/dudasytextos.com\\\/se-puede\\\/#organization\"}}]}\n\t\t<\/script>\n\t\t<!-- All in One SEO -->\n\n","aioseo_head_json":{"title":"Se puede te\u00f1ir las cejas con tinte del pelo (2026) \u00bfSe Puede?","description":"Se Puede Te\u00f1ir Las Cejas Con Tinte Del Pelo Curiosidades, estad\u00edsticas y hechos interesantes sobre el te\u00f1ido de cejas El te\u00f1ido de cejas es una pr\u00e1ctica com\u00fan entre las mujeres. Seg\u00fan una encuesta realizada en Espa\u00f1a, el 70% de las mujeres que se ti\u00f1en el cabello tambi\u00e9n se ti\u00f1en las cejas. El tinte para cejas","canonical_url":"https:\/\/dudasytextos.com\/se-puede\/se-puede-tenir-las-cejas-con-tinte-del-pelo\/","robots":"max-snippet:-1, max-image-preview:large, max-video-preview:-1","keywords":"","webmasterTools":{"miscellaneous":"&lt;script async src=\"https:\/\/pagead2.googlesyndication.com\/pagead\/js\/adsbygoogle.js?client=ca-pub-3987500858204711\"\n     crossorigin=\"anonymous\"&gt;&lt;\/script&gt;\n&lt;!-- Google tag (gtag.js) --&gt;\n&lt;script async src=\"https:\/\/www.googletagmanager.com\/gtag\/js?id=G-TYJ2FRZ8ZF\"&gt;&lt;\/script&gt;\n&lt;script&gt;\n  window.dataLayer = window.dataLayer || [];\n  function gtag(){dataLayer.push(arguments);}\n  gtag('js', new Date());\n\n  gtag('config', 'G-TYJ2FRZ8ZF');\n&lt;\/script&gt;"},"schema":{"@context":"https:\/\/schema.org","@graph":[{"@type":"BlogPosting","@id":"https:\/\/dudasytextos.com\/se-puede\/se-puede-tenir-las-cejas-con-tinte-del-pelo\/#blogposting","name":"Se puede te\u00f1ir las cejas con tinte del pelo (2026) \u00bfSe Puede?","headline":"Se puede te\u00f1ir las cejas con tinte del pelo","author":{"@id":"https:\/\/dudasytextos.com\/se-puede\/author\/admin23\/#author"},"publisher":{"@id":"https:\/\/dudasytextos.com\/se-puede\/#organization"},"datePublished":"2025-02-20T12:10:37+00:00","dateModified":"2025-03-12T19:40:47+00:00","inLanguage":"es-ES","mainEntityOfPage":{"@id":"https:\/\/dudasytextos.com\/se-puede\/se-puede-tenir-las-cejas-con-tinte-del-pelo\/#webpage"},"isPartOf":{"@id":"https:\/\/dudasytextos.com\/se-puede\/se-puede-tenir-las-cejas-con-tinte-del-pelo\/#webpage"},"articleSection":"\u00bfSe puede?"},{"@type":"BreadcrumbList","@id":"https:\/\/dudasytextos.com\/se-puede\/se-puede-tenir-las-cejas-con-tinte-del-pelo\/#breadcrumblist","itemListElement":[{"@type":"ListItem","@id":"https:\/\/dudasytextos.com\/se-puede#listItem","position":1,"name":"Home","item":"https:\/\/dudasytextos.com\/se-puede","nextItem":{"@type":"ListItem","@id":"https:\/\/dudasytextos.com\/se-puede\/category\/se-puede\/#listItem","name":"\u00bfSe puede?"}},{"@type":"ListItem","@id":"https:\/\/dudasytextos.com\/se-puede\/category\/se-puede\/#listItem","position":2,"name":"\u00bfSe puede?","item":"https:\/\/dudasytextos.com\/se-puede\/category\/se-puede\/","nextItem":{"@type":"ListItem","@id":"https:\/\/dudasytextos.com\/se-puede\/se-puede-tenir-las-cejas-con-tinte-del-pelo\/#listItem","name":"Se puede te\u00f1ir las cejas con tinte del pelo"},"previousItem":{"@type":"ListItem","@id":"https:\/\/dudasytextos.com\/se-puede#listItem","name":"Home"}},{"@type":"ListItem","@id":"https:\/\/dudasytextos.com\/se-puede\/se-puede-tenir-las-cejas-con-tinte-del-pelo\/#listItem","position":3,"name":"Se puede te\u00f1ir las cejas con tinte del pelo","previousItem":{"@type":"ListItem","@id":"https:\/\/dudasytextos.com\/se-puede\/category\/se-puede\/#listItem","name":"\u00bfSe puede?"}}]},{"@type":"Organization","@id":"https:\/\/dudasytextos.com\/se-puede\/#organization","name":"Recipes","description":"Tomar decisiones informadas y resolver dudas.","url":"https:\/\/dudasytextos.com\/se-puede\/"},{"@type":"Person","@id":"https:\/\/dudasytextos.com\/se-puede\/author\/admin23\/#author","url":"https:\/\/dudasytextos.com\/se-puede\/author\/admin23\/","name":"Ana Gonz\u00e1lez"},{"@type":"WebPage","@id":"https:\/\/dudasytextos.com\/se-puede\/se-puede-tenir-las-cejas-con-tinte-del-pelo\/#webpage","url":"https:\/\/dudasytextos.com\/se-puede\/se-puede-tenir-las-cejas-con-tinte-del-pelo\/","name":"Se puede te\u00f1ir las cejas con tinte del pelo (2026) \u00bfSe Puede?","description":"Se Puede Te\u00f1ir Las Cejas Con Tinte Del Pelo Curiosidades, estad\u00edsticas y hechos interesantes sobre el te\u00f1ido de cejas El te\u00f1ido de cejas es una pr\u00e1ctica com\u00fan entre las mujeres. Seg\u00fan una encuesta realizada en Espa\u00f1a, el 70% de las mujeres que se ti\u00f1en el cabello tambi\u00e9n se ti\u00f1en las cejas. El tinte para cejas","inLanguage":"es-ES","isPartOf":{"@id":"https:\/\/dudasytextos.com\/se-puede\/#website"},"breadcrumb":{"@id":"https:\/\/dudasytextos.com\/se-puede\/se-puede-tenir-las-cejas-con-tinte-del-pelo\/#breadcrumblist"},"author":{"@id":"https:\/\/dudasytextos.com\/se-puede\/author\/admin23\/#author"},"creator":{"@id":"https:\/\/dudasytextos.com\/se-puede\/author\/admin23\/#author"},"datePublished":"2025-02-20T12:10:37+00:00","dateModified":"2025-03-12T19:40:47+00:00"},{"@type":"WebSite","@id":"https:\/\/dudasytextos.com\/se-puede\/#website","url":"https:\/\/dudasytextos.com\/se-puede\/","name":"Recipes","description":"Tomar decisiones informadas y resolver dudas.","inLanguage":"es-ES","publisher":{"@id":"https:\/\/dudasytextos.com\/se-puede\/#organization"}}]},"og:locale":"es_ES","og:site_name":"\u00bfSe Puede? - Tomar decisiones informadas y resolver dudas.","og:type":"article","og:title":"Se puede te\u00f1ir las cejas con tinte del pelo (2026) \u00bfSe Puede?","og:description":"Se Puede Te\u00f1ir Las Cejas Con Tinte Del Pelo Curiosidades, estad\u00edsticas y hechos interesantes sobre el te\u00f1ido de cejas El te\u00f1ido de cejas es una pr\u00e1ctica com\u00fan entre las mujeres. Seg\u00fan una encuesta realizada en Espa\u00f1a, el 70% de las mujeres que se ti\u00f1en el cabello tambi\u00e9n se ti\u00f1en las cejas. El tinte para cejas","og:url":"https:\/\/dudasytextos.com\/se-puede\/se-puede-tenir-las-cejas-con-tinte-del-pelo\/","article:published_time":"2025-02-20T12:10:37+00:00","article:modified_time":"2025-03-12T19:40:47+00:00","twitter:card":"summary_large_image","twitter:title":"Se puede te\u00f1ir las cejas con tinte del pelo (2026) \u00bfSe Puede?","twitter:description":"Se Puede Te\u00f1ir Las Cejas Con Tinte Del Pelo Curiosidades, estad\u00edsticas y hechos interesantes sobre el te\u00f1ido de cejas El te\u00f1ido de cejas es una pr\u00e1ctica com\u00fan entre las mujeres. Seg\u00fan una encuesta realizada en Espa\u00f1a, el 70% de las mujeres que se ti\u00f1en el cabello tambi\u00e9n se ti\u00f1en las cejas. El tinte para cejas"},"aioseo_meta_data":{"post_id":"133168","title":null,"description":null,"keywords":null,"keyphrases":null,"primary_term":null,"canonical_url":null,"og_title":null,"og_description":null,"og_object_type":"default","og_image_type":"default","og_image_url":null,"og_image_width":null,"og_image_height":null,"og_image_custom_url":null,"og_image_custom_fields":null,"og_video":null,"og_custom_url":null,"og_article_section":null,"og_article_tags":null,"twitter_use_og":false,"twitter_card":"default","twitter_image_type":"default","twitter_image_url":null,"twitter_image_custom_url":null,"twitter_image_custom_fields":null,"twitter_title":null,"twitter_description":null,"schema":{"blockGraphs":[],"customGraphs":[],"default":{"data":{"Article":[],"Course":[],"Dataset":[],"FAQPage":[],"Movie":[],"Person":[],"Product":[],"ProductReview":[],"Car":[],"Recipe":[],"Service":[],"SoftwareApplication":[],"WebPage":[]},"graphName":"","isEnabled":true},"graphs":[]},"schema_type":"default","schema_type_options":null,"pillar_content":false,"robots_default":true,"robots_noindex":false,"robots_noarchive":false,"robots_nosnippet":false,"robots_nofollow":false,"robots_noimageindex":false,"robots_noodp":false,"robots_notranslate":false,"robots_max_snippet":null,"robots_max_videopreview":null,"robots_max_imagepreview":"large","priority":null,"frequency":null,"local_seo":null,"breadcrumb_settings":null,"limit_modified_date":false,"ai":null,"created":"2023-04-30 12:07:13","updated":"2025-03-13 18:37:11","seo_analyzer_scan_date":null,"focus_keyword":null,"additional_keywords":null,"truseo_locale":null},"aioseo_breadcrumb":"<div class=\"aioseo-breadcrumbs\"><span class=\"aioseo-breadcrumb\">\n\t\t\t<a href=\"https:\/\/dudasytextos.com\/se-puede\" title=\"Home\">Home<\/a>\n\t\t<\/span><span class=\"aioseo-breadcrumb-separator\">&raquo;<\/span><span class=\"aioseo-breadcrumb\">\n\t\t\t<a href=\"https:\/\/dudasytextos.com\/se-puede\/category\/se-puede\/\" title=\"\u00bfSe puede?\">\u00bfSe puede?<\/a>\n\t\t<\/span><span class=\"aioseo-breadcrumb-separator\">&raquo;<\/span><span class=\"aioseo-breadcrumb\">\n\t\t\tSe puede te\u00f1ir las cejas con tinte del pelo\n\t\t<\/span><\/div>","aioseo_breadcrumb_json":[{"label":"Home","link":"https:\/\/dudasytextos.com\/se-puede"},{"label":"\u00bfSe puede?","link":"https:\/\/dudasytextos.com\/se-puede\/category\/se-puede\/"},{"label":"Se puede te\u00f1ir las cejas con tinte del pelo","link":"https:\/\/dudasytextos.com\/se-puede\/se-puede-tenir-las-cejas-con-tinte-del-pelo\/"}],"_links":{"self":[{"href":"https:\/\/dudasytextos.com\/se-puede\/wp-json\/wp\/v2\/posts\/133168","targetHints":{"allow":["GET"]}}],"collection":[{"href":"https:\/\/dudasytextos.com\/se-puede\/wp-json\/wp\/v2\/posts"}],"about":[{"href":"https:\/\/dudasytextos.com\/se-puede\/wp-json\/wp\/v2\/types\/post"}],"author":[{"embeddable":true,"href":"https:\/\/dudasytextos.com\/se-puede\/wp-json\/wp\/v2\/users\/1"}],"replies":[{"embeddable":true,"href":"https:\/\/dudasytextos.com\/se-puede\/wp-json\/wp\/v2\/comments?post=133168"}],"version-history":[{"count":1,"href":"https:\/\/dudasytextos.com\/se-puede\/wp-json\/wp\/v2\/posts\/133168\/revisions"}],"predecessor-version":[{"id":136059,"href":"https:\/\/dudasytextos.com\/se-puede\/wp-json\/wp\/v2\/posts\/133168\/revisions\/136059"}],"wp:attachment":[{"href":"https:\/\/dudasytextos.com\/se-puede\/wp-json\/wp\/v2\/media?parent=133168"}],"wp:term":[{"taxonomy":"category","embeddable":true,"href":"https:\/\/dudasytextos.com\/se-puede\/wp-json\/wp\/v2\/categories?post=133168"},{"taxonomy":"post_tag","embeddable":true,"href":"https:\/\/dudasytextos.com\/se-puede\/wp-json\/wp\/v2\/tags?post=133168"}],"curies":[{"name":"wp","href":"https:\/\/api.w.org\/{rel}","templated":true}]}}