{"id":133196,"date":"2025-03-07T03:56:52","date_gmt":"2025-03-07T03:56:52","guid":{"rendered":"https:\/\/educacion.cc\/?p=133196"},"modified":"2025-03-13T01:12:16","modified_gmt":"2025-03-13T01:12:16","slug":"se-puede-subir-a-los-picos-de-europa-en-coche","status":"publish","type":"post","link":"https:\/\/dudasytextos.com\/se-puede\/se-puede-subir-a-los-picos-de-europa-en-coche\/","title":{"rendered":"Se puede subir a los picos de europa en coche"},"content":{"rendered":"<div id=\"ez-toc-container\" class=\"ez-toc-v2_0_87 counter-hierarchy ez-toc-counter ez-toc-custom ez-toc-container-direction\">\n<div class=\"ez-toc-title-container\">\n<span class=\"ez-toc-title-toggle\"><\/span><\/div>\n<nav><ul class='ez-toc-list ez-toc-list-level-1 ' ><li class='ez-toc-page-1 ez-toc-heading-level-2'><a class=\"ez-toc-link ez-toc-heading-1\" href=\"https:\/\/dudasytextos.com\/se-puede\/se-puede-subir-a-los-picos-de-europa-en-coche\/#Se_Puede_Subir_A_Los_Picos_De_Europa_En_Coche\" >Se Puede Subir A Los Picos De Europa En Coche<\/a><\/li><li class='ez-toc-page-1 ez-toc-heading-level-2'><a class=\"ez-toc-link ez-toc-heading-2\" href=\"https:\/\/dudasytextos.com\/se-puede\/se-puede-subir-a-los-picos-de-europa-en-coche\/#Curiosidades_e_informacion_interesante_sobre_los_Picos_de_Europa\" >Curiosidades e informaci\u00f3n interesante sobre los Picos de Europa<\/a><\/li><li class='ez-toc-page-1 ez-toc-heading-level-2'><a class=\"ez-toc-link ez-toc-heading-3\" href=\"https:\/\/dudasytextos.com\/se-puede\/se-puede-subir-a-los-picos-de-europa-en-coche\/#Mi_experiencia_subiendo_a_los_Picos_de_Europa_en_coche\" >Mi experiencia subiendo a los Picos de Europa en coche<\/a><\/li><li class='ez-toc-page-1 ez-toc-heading-level-2'><a class=\"ez-toc-link ez-toc-heading-4\" href=\"https:\/\/dudasytextos.com\/se-puede\/se-puede-subir-a-los-picos-de-europa-en-coche\/#Limitaciones_al_subir_a_los_Picos_de_Europa_en_coche\" >Limitaciones al subir a los Picos de Europa en coche<\/a><\/li><li class='ez-toc-page-1 ez-toc-heading-level-2'><a class=\"ez-toc-link ez-toc-heading-5\" href=\"https:\/\/dudasytextos.com\/se-puede\/se-puede-subir-a-los-picos-de-europa-en-coche\/#Preguntas_frecuentes\" >Preguntas frecuentes<\/a><ul class='ez-toc-list-level-3' ><li class='ez-toc-heading-level-3'><a class=\"ez-toc-link ez-toc-heading-6\" href=\"https:\/\/dudasytextos.com\/se-puede\/se-puede-subir-a-los-picos-de-europa-en-coche\/#%C2%BFEs_recomendable_subir_a_los_Picos_de_Europa_en_coche\" >\u00bfEs recomendable subir a los Picos de Europa en coche?<\/a><\/li><li class='ez-toc-page-1 ez-toc-heading-level-3'><a class=\"ez-toc-link ez-toc-heading-7\" href=\"https:\/\/dudasytextos.com\/se-puede\/se-puede-subir-a-los-picos-de-europa-en-coche\/#%C2%BFHay_restricciones_de_trafico_en_los_Picos_de_Europa\" >\u00bfHay restricciones de tr\u00e1fico en los Picos de Europa?<\/a><\/li><li class='ez-toc-page-1 ez-toc-heading-level-3'><a class=\"ez-toc-link ez-toc-heading-8\" href=\"https:\/\/dudasytextos.com\/se-puede\/se-puede-subir-a-los-picos-de-europa-en-coche\/#%C2%BFCual_es_la_mejor_epoca_para_subir_a_los_Picos_de_Europa_en_coche\" >\u00bfCu\u00e1l es la mejor \u00e9poca para subir a los Picos de Europa en coche?<\/a><\/li><\/ul><\/li><\/ul><\/nav><\/div>\n<h2><span class=\"ez-toc-section\" id=\"Se_Puede_Subir_A_Los_Picos_De_Europa_En_Coche\"><\/span>Se Puede Subir A Los Picos De Europa En Coche<span class=\"ez-toc-section-end\"><\/span><\/h2>\n<section>\n<article>\n<p>Hola, soy Ana Gonz\u00e1lez y en este art\u00edculo voy a hablarles sobre una de las preguntas m\u00e1s frecuentes que se hacen los turistas que visitan Espa\u00f1a. \u00bfSe puede subir a los Picos de Europa en coche? La respuesta es s\u00ed, se puede subir en coche a los Picos de Europa, pero hay ciertas limitaciones que debemos tener en cuenta.<\/p>\n<\/article>\n<\/section>\n<section>\n<h2><span class=\"ez-toc-section\" id=\"Curiosidades_e_informacion_interesante_sobre_los_Picos_de_Europa\"><\/span>Curiosidades e informaci\u00f3n interesante sobre los Picos de Europa<span class=\"ez-toc-section-end\"><\/span><\/h2>\n<ul>\n<li>Los Picos de Europa son un conjunto monta\u00f1oso situado en el norte de Espa\u00f1a, en las comunidades aut\u00f3nomas de Asturias, Cantabria y Castilla y Le\u00f3n.<\/li>\n<li>El pico m\u00e1s alto de los Picos de Europa es el Torre Cerredo, con una altura de 2.648 metros.<\/li>\n<li>Los Picos de Europa son el segundo parque nacional m\u00e1s visitado de Espa\u00f1a, despu\u00e9s del Parque Nacional del Teide.<\/li>\n<li>Los Picos de Europa son conocidos por su impresionante paisaje, con altas monta\u00f1as, desfiladeros, r\u00edos y bosques.<\/li>\n<\/ul>\n<\/section>\n<section>\n<h2><span class=\"ez-toc-section\" id=\"Mi_experiencia_subiendo_a_los_Picos_de_Europa_en_coche\"><\/span>Mi experiencia subiendo a los Picos de Europa en coche<span class=\"ez-toc-section-end\"><\/span><\/h2>\n<article>\n<p>Hace unos meses, decid\u00ed hacer una ruta en coche por los Picos de Europa. Fue una experiencia incre\u00edble y sin duda una de las mejores cosas que he hecho en Espa\u00f1a. Empec\u00e9 mi ruta en la localidad asturiana de Cangas de On\u00eds y segu\u00ed la carretera que va hacia los Lagos de Covadonga. Es una carretera estrecha y con muchas curvas, pero el paisaje es espectacular.<\/p>\n<p>Despu\u00e9s de llegar a los Lagos de Covadonga, segu\u00ed subiendo por la carretera hasta llegar al Mirador del Fitu. Desde all\u00ed, se puede disfrutar de unas vistas impresionantes de los Picos de Europa y de la costa cant\u00e1brica. La carretera sigue hasta llegar a la localidad c\u00e1ntabra de Potes, pasando por el Desfiladero de la Hermida.<\/p>\n<p>En general, la experiencia de subir a los Picos de Europa en coche es muy recomendable, pero hay que tener en cuenta que algunas carreteras son estrechas y con muchas curvas, por lo que es importante conducir con precauci\u00f3n y respetar las normas de tr\u00e1fico.<\/p>\n<\/article>\n<\/section>\n<section>\n<h2><span class=\"ez-toc-section\" id=\"Limitaciones_al_subir_a_los_Picos_de_Europa_en_coche\"><\/span>Limitaciones al subir a los Picos de Europa en coche<span class=\"ez-toc-section-end\"><\/span><\/h2>\n<article>\n<p>Aunque se puede subir a los Picos de Europa en coche, hay algunas limitaciones que debemos tener en cuenta. En primer lugar, algunas carreteras son estrechas y con muchas curvas, por lo que es importante conducir con precauci\u00f3n y respetar las normas de tr\u00e1fico. Adem\u00e1s, algunas zonas pueden estar cerradas al tr\u00e1fico durante ciertas \u00e9pocas del a\u00f1o, como en invierno debido a las condiciones clim\u00e1ticas.<\/p>\n<p>En los meses de verano, los Picos de Europa reciben una gran cantidad de turistas, por lo que puede haber restricciones de tr\u00e1fico en ciertas zonas para evitar atascos y garantizar la seguridad de los visitantes.<\/p>\n<\/article>\n<\/section>\n<section>\n<h2><span class=\"ez-toc-section\" id=\"Preguntas_frecuentes\"><\/span>Preguntas frecuentes<span class=\"ez-toc-section-end\"><\/span><\/h2>\n<h3><span class=\"ez-toc-section\" id=\"%C2%BFEs_recomendable_subir_a_los_Picos_de_Europa_en_coche\"><\/span>\u00bfEs recomendable subir a los Picos de Europa en coche?<span class=\"ez-toc-section-end\"><\/span><\/h3>\n<p>S\u00ed, es recomendable subir a los Picos de Europa en coche, pero hay que tener en cuenta que algunas carreteras son estrechas y con muchas curvas, por lo que es importante conducir con precauci\u00f3n y respetar las normas de tr\u00e1fico.<\/p>\n<h3><span class=\"ez-toc-section\" id=\"%C2%BFHay_restricciones_de_trafico_en_los_Picos_de_Europa\"><\/span>\u00bfHay restricciones de tr\u00e1fico en los Picos de Europa?<span class=\"ez-toc-section-end\"><\/span><\/h3>\n<p>En los meses de verano, puede haber restricciones de tr\u00e1fico en ciertas zonas para evitar atascos y garantizar la seguridad de los visitantes.<\/p>\n<h3><span class=\"ez-toc-section\" id=\"%C2%BFCual_es_la_mejor_epoca_para_subir_a_los_Picos_de_Europa_en_coche\"><\/span>\u00bfCu\u00e1l es la mejor \u00e9poca para subir a los Picos de Europa en coche?<span class=\"ez-toc-section-end\"><\/span><\/h3>\n<p>La mejor \u00e9poca para subir a los Picos de Europa en coche es en primavera o en oto\u00f1o, cuando las condiciones clim\u00e1ticas son m\u00e1s suaves y hay menos turistas.<\/p>\n<\/section>\n<footer>\n<p>Espero que este art\u00edculo haya sido \u00fatil y les haya ayudado a resolver sus dudas sobre si se puede subir a los Picos de Europa en coche. Si tienen alguna otra pregunta o comentario, no duden en dejarlo en la secci\u00f3n de comentarios.<\/p>\n<\/footer>\n","protected":false},"excerpt":{"rendered":"<p>Se Puede Subir A Los Picos De Europa En Coche Hola, soy Ana Gonz\u00e1lez y en este art\u00edculo voy a hablarles sobre una de las preguntas m\u00e1s frecuentes que se hacen los turistas que visitan Espa\u00f1a. \u00bfSe puede subir a los Picos de Europa en coche? La respuesta es s\u00ed, se puede subir en coche &#8230; <a title=\"Se puede subir a los picos de europa en coche\" class=\"read-more\" href=\"https:\/\/dudasytextos.com\/se-puede\/se-puede-subir-a-los-picos-de-europa-en-coche\/\" aria-label=\"M\u00e1s en Se puede subir a los picos de europa en coche\">Leer m\u00e1s<\/a><\/p>\n","protected":false},"author":1,"featured_media":0,"comment_status":"open","ping_status":"open","sticky":false,"template":"","format":"standard","meta":{"footnotes":""},"categories":[3],"tags":[],"class_list":["post-133196","post","type-post","status-publish","format-standard","hentry","category-se-puede"],"aioseo_notices":[],"aioseo_head":"\n\t\t<!-- All in One SEO 5.0.1.1 - aioseo.com -->\n\t<meta name=\"description\" content=\"Se Puede Subir A Los Picos De Europa En Coche Hola, soy Ana Gonz\u00e1lez y en este art\u00edculo voy a hablarles sobre una de las preguntas m\u00e1s frecuentes que se hacen los turistas que visitan Espa\u00f1a. \u00bfSe puede subir a los Picos de Europa en coche? La respuesta es s\u00ed, se puede subir en coche\" \/>\n\t<meta name=\"robots\" content=\"max-snippet:-1, max-image-preview:large, max-video-preview:-1\" \/>\n\t<meta name=\"author\" content=\"Ana Gonz\u00e1lez\"\/>\n\t<link rel=\"canonical\" href=\"https:\/\/dudasytextos.com\/se-puede\/se-puede-subir-a-los-picos-de-europa-en-coche\/\" \/>\n\t<meta name=\"generator\" content=\"All in One SEO (AIOSEO) 5.0.1.1\" \/>\n\n\t\t<script async src=\"https:\/\/pagead2.googlesyndication.com\/pagead\/js\/adsbygoogle.js?client=ca-pub-3987500858204711\"\n     crossorigin=\"anonymous\"><\/script>\n<!-- Google tag (gtag.js) -->\n<script async src=\"https:\/\/www.googletagmanager.com\/gtag\/js?id=G-TYJ2FRZ8ZF\"><\/script>\n<script>\n  window.dataLayer = window.dataLayer || [];\n  function gtag(){dataLayer.push(arguments);}\n  gtag('js', new Date());\n\n  gtag('config', 'G-TYJ2FRZ8ZF');\n<\/script>\n\t\t<meta property=\"og:locale\" content=\"es_ES\" \/>\n\t\t<meta property=\"og:site_name\" content=\"\u00bfSe Puede? - Tomar decisiones informadas y resolver dudas.\" \/>\n\t\t<meta property=\"og:type\" content=\"article\" \/>\n\t\t<meta property=\"og:title\" content=\"Se puede subir a los picos de europa en coche (2026) \u00bfSe Puede?\" \/>\n\t\t<meta property=\"og:description\" content=\"Se Puede Subir A Los Picos De Europa En Coche Hola, soy Ana Gonz\u00e1lez y en este art\u00edculo voy a hablarles sobre una de las preguntas m\u00e1s frecuentes que se hacen los turistas que visitan Espa\u00f1a. \u00bfSe puede subir a los Picos de Europa en coche? La respuesta es s\u00ed, se puede subir en coche\" \/>\n\t\t<meta property=\"og:url\" content=\"https:\/\/dudasytextos.com\/se-puede\/se-puede-subir-a-los-picos-de-europa-en-coche\/\" \/>\n\t\t<meta property=\"article:published_time\" content=\"2025-03-07T03:56:52+00:00\" \/>\n\t\t<meta property=\"article:modified_time\" content=\"2025-03-13T01:12:16+00:00\" \/>\n\t\t<meta name=\"twitter:card\" content=\"summary_large_image\" \/>\n\t\t<meta name=\"twitter:title\" content=\"Se puede subir a los picos de europa en coche (2026) \u00bfSe Puede?\" \/>\n\t\t<meta name=\"twitter:description\" content=\"Se Puede Subir A Los Picos De Europa En Coche Hola, soy Ana Gonz\u00e1lez y en este art\u00edculo voy a hablarles sobre una de las preguntas m\u00e1s frecuentes que se hacen los turistas que visitan Espa\u00f1a. \u00bfSe puede subir a los Picos de Europa en coche? La respuesta es s\u00ed, se puede subir en coche\" \/>\n\t\t<script type=\"application\/ld+json\" class=\"aioseo-schema\">\n\t\t\t{\"@context\":\"https:\\\/\\\/schema.org\",\"@graph\":[{\"@type\":\"BlogPosting\",\"@id\":\"https:\\\/\\\/dudasytextos.com\\\/se-puede\\\/se-puede-subir-a-los-picos-de-europa-en-coche\\\/#blogposting\",\"name\":\"Se puede subir a los picos de europa en coche (2026) \\u00bfSe Puede?\",\"headline\":\"Se puede subir a los picos de europa en coche\",\"author\":{\"@id\":\"https:\\\/\\\/dudasytextos.com\\\/se-puede\\\/author\\\/admin23\\\/#author\"},\"publisher\":{\"@id\":\"https:\\\/\\\/dudasytextos.com\\\/se-puede\\\/#organization\"},\"datePublished\":\"2025-03-07T03:56:52+00:00\",\"dateModified\":\"2025-03-13T01:12:16+00:00\",\"inLanguage\":\"es-ES\",\"mainEntityOfPage\":{\"@id\":\"https:\\\/\\\/dudasytextos.com\\\/se-puede\\\/se-puede-subir-a-los-picos-de-europa-en-coche\\\/#webpage\"},\"isPartOf\":{\"@id\":\"https:\\\/\\\/dudasytextos.com\\\/se-puede\\\/se-puede-subir-a-los-picos-de-europa-en-coche\\\/#webpage\"},\"articleSection\":\"\\u00bfSe puede?\"},{\"@type\":\"BreadcrumbList\",\"@id\":\"https:\\\/\\\/dudasytextos.com\\\/se-puede\\\/se-puede-subir-a-los-picos-de-europa-en-coche\\\/#breadcrumblist\",\"itemListElement\":[{\"@type\":\"ListItem\",\"@id\":\"https:\\\/\\\/dudasytextos.com\\\/se-puede#listItem\",\"position\":1,\"name\":\"Home\",\"item\":\"https:\\\/\\\/dudasytextos.com\\\/se-puede\",\"nextItem\":{\"@type\":\"ListItem\",\"@id\":\"https:\\\/\\\/dudasytextos.com\\\/se-puede\\\/category\\\/se-puede\\\/#listItem\",\"name\":\"\\u00bfSe puede?\"}},{\"@type\":\"ListItem\",\"@id\":\"https:\\\/\\\/dudasytextos.com\\\/se-puede\\\/category\\\/se-puede\\\/#listItem\",\"position\":2,\"name\":\"\\u00bfSe puede?\",\"item\":\"https:\\\/\\\/dudasytextos.com\\\/se-puede\\\/category\\\/se-puede\\\/\",\"nextItem\":{\"@type\":\"ListItem\",\"@id\":\"https:\\\/\\\/dudasytextos.com\\\/se-puede\\\/se-puede-subir-a-los-picos-de-europa-en-coche\\\/#listItem\",\"name\":\"Se puede subir a los picos de europa en coche\"},\"previousItem\":{\"@type\":\"ListItem\",\"@id\":\"https:\\\/\\\/dudasytextos.com\\\/se-puede#listItem\",\"name\":\"Home\"}},{\"@type\":\"ListItem\",\"@id\":\"https:\\\/\\\/dudasytextos.com\\\/se-puede\\\/se-puede-subir-a-los-picos-de-europa-en-coche\\\/#listItem\",\"position\":3,\"name\":\"Se puede subir a los picos de europa en coche\",\"previousItem\":{\"@type\":\"ListItem\",\"@id\":\"https:\\\/\\\/dudasytextos.com\\\/se-puede\\\/category\\\/se-puede\\\/#listItem\",\"name\":\"\\u00bfSe puede?\"}}]},{\"@type\":\"Organization\",\"@id\":\"https:\\\/\\\/dudasytextos.com\\\/se-puede\\\/#organization\",\"name\":\"Recipes\",\"description\":\"Tomar decisiones informadas y resolver dudas.\",\"url\":\"https:\\\/\\\/dudasytextos.com\\\/se-puede\\\/\"},{\"@type\":\"Person\",\"@id\":\"https:\\\/\\\/dudasytextos.com\\\/se-puede\\\/author\\\/admin23\\\/#author\",\"url\":\"https:\\\/\\\/dudasytextos.com\\\/se-puede\\\/author\\\/admin23\\\/\",\"name\":\"Ana Gonz\\u00e1lez\"},{\"@type\":\"WebPage\",\"@id\":\"https:\\\/\\\/dudasytextos.com\\\/se-puede\\\/se-puede-subir-a-los-picos-de-europa-en-coche\\\/#webpage\",\"url\":\"https:\\\/\\\/dudasytextos.com\\\/se-puede\\\/se-puede-subir-a-los-picos-de-europa-en-coche\\\/\",\"name\":\"Se puede subir a los picos de europa en coche (2026) \\u00bfSe Puede?\",\"description\":\"Se Puede Subir A Los Picos De Europa En Coche Hola, soy Ana Gonz\\u00e1lez y en este art\\u00edculo voy a hablarles sobre una de las preguntas m\\u00e1s frecuentes que se hacen los turistas que visitan Espa\\u00f1a. \\u00bfSe puede subir a los Picos de Europa en coche? La respuesta es s\\u00ed, se puede subir en coche\",\"inLanguage\":\"es-ES\",\"isPartOf\":{\"@id\":\"https:\\\/\\\/dudasytextos.com\\\/se-puede\\\/#website\"},\"breadcrumb\":{\"@id\":\"https:\\\/\\\/dudasytextos.com\\\/se-puede\\\/se-puede-subir-a-los-picos-de-europa-en-coche\\\/#breadcrumblist\"},\"author\":{\"@id\":\"https:\\\/\\\/dudasytextos.com\\\/se-puede\\\/author\\\/admin23\\\/#author\"},\"creator\":{\"@id\":\"https:\\\/\\\/dudasytextos.com\\\/se-puede\\\/author\\\/admin23\\\/#author\"},\"datePublished\":\"2025-03-07T03:56:52+00:00\",\"dateModified\":\"2025-03-13T01:12:16+00:00\"},{\"@type\":\"WebSite\",\"@id\":\"https:\\\/\\\/dudasytextos.com\\\/se-puede\\\/#website\",\"url\":\"https:\\\/\\\/dudasytextos.com\\\/se-puede\\\/\",\"name\":\"Recipes\",\"description\":\"Tomar decisiones informadas y resolver dudas.\",\"inLanguage\":\"es-ES\",\"publisher\":{\"@id\":\"https:\\\/\\\/dudasytextos.com\\\/se-puede\\\/#organization\"}}]}\n\t\t<\/script>\n\t\t<!-- All in One SEO -->\n\n","aioseo_head_json":{"title":"Se puede subir a los picos de europa en coche (2026) \u00bfSe Puede?","description":"Se Puede Subir A Los Picos De Europa En Coche Hola, soy Ana Gonz\u00e1lez y en este art\u00edculo voy a hablarles sobre una de las preguntas m\u00e1s frecuentes que se hacen los turistas que visitan Espa\u00f1a. \u00bfSe puede subir a los Picos de Europa en coche? La respuesta es s\u00ed, se puede subir en coche","canonical_url":"https:\/\/dudasytextos.com\/se-puede\/se-puede-subir-a-los-picos-de-europa-en-coche\/","robots":"max-snippet:-1, max-image-preview:large, max-video-preview:-1","keywords":"","webmasterTools":{"miscellaneous":"&lt;script async src=\"https:\/\/pagead2.googlesyndication.com\/pagead\/js\/adsbygoogle.js?client=ca-pub-3987500858204711\"\n     crossorigin=\"anonymous\"&gt;&lt;\/script&gt;\n&lt;!-- Google tag (gtag.js) --&gt;\n&lt;script async src=\"https:\/\/www.googletagmanager.com\/gtag\/js?id=G-TYJ2FRZ8ZF\"&gt;&lt;\/script&gt;\n&lt;script&gt;\n  window.dataLayer = window.dataLayer || [];\n  function gtag(){dataLayer.push(arguments);}\n  gtag('js', new Date());\n\n  gtag('config', 'G-TYJ2FRZ8ZF');\n&lt;\/script&gt;"},"schema":{"@context":"https:\/\/schema.org","@graph":[{"@type":"BlogPosting","@id":"https:\/\/dudasytextos.com\/se-puede\/se-puede-subir-a-los-picos-de-europa-en-coche\/#blogposting","name":"Se puede subir a los picos de europa en coche (2026) \u00bfSe Puede?","headline":"Se puede subir a los picos de europa en coche","author":{"@id":"https:\/\/dudasytextos.com\/se-puede\/author\/admin23\/#author"},"publisher":{"@id":"https:\/\/dudasytextos.com\/se-puede\/#organization"},"datePublished":"2025-03-07T03:56:52+00:00","dateModified":"2025-03-13T01:12:16+00:00","inLanguage":"es-ES","mainEntityOfPage":{"@id":"https:\/\/dudasytextos.com\/se-puede\/se-puede-subir-a-los-picos-de-europa-en-coche\/#webpage"},"isPartOf":{"@id":"https:\/\/dudasytextos.com\/se-puede\/se-puede-subir-a-los-picos-de-europa-en-coche\/#webpage"},"articleSection":"\u00bfSe puede?"},{"@type":"BreadcrumbList","@id":"https:\/\/dudasytextos.com\/se-puede\/se-puede-subir-a-los-picos-de-europa-en-coche\/#breadcrumblist","itemListElement":[{"@type":"ListItem","@id":"https:\/\/dudasytextos.com\/se-puede#listItem","position":1,"name":"Home","item":"https:\/\/dudasytextos.com\/se-puede","nextItem":{"@type":"ListItem","@id":"https:\/\/dudasytextos.com\/se-puede\/category\/se-puede\/#listItem","name":"\u00bfSe puede?"}},{"@type":"ListItem","@id":"https:\/\/dudasytextos.com\/se-puede\/category\/se-puede\/#listItem","position":2,"name":"\u00bfSe puede?","item":"https:\/\/dudasytextos.com\/se-puede\/category\/se-puede\/","nextItem":{"@type":"ListItem","@id":"https:\/\/dudasytextos.com\/se-puede\/se-puede-subir-a-los-picos-de-europa-en-coche\/#listItem","name":"Se puede subir a los picos de europa en coche"},"previousItem":{"@type":"ListItem","@id":"https:\/\/dudasytextos.com\/se-puede#listItem","name":"Home"}},{"@type":"ListItem","@id":"https:\/\/dudasytextos.com\/se-puede\/se-puede-subir-a-los-picos-de-europa-en-coche\/#listItem","position":3,"name":"Se puede subir a los picos de europa en coche","previousItem":{"@type":"ListItem","@id":"https:\/\/dudasytextos.com\/se-puede\/category\/se-puede\/#listItem","name":"\u00bfSe puede?"}}]},{"@type":"Organization","@id":"https:\/\/dudasytextos.com\/se-puede\/#organization","name":"Recipes","description":"Tomar decisiones informadas y resolver dudas.","url":"https:\/\/dudasytextos.com\/se-puede\/"},{"@type":"Person","@id":"https:\/\/dudasytextos.com\/se-puede\/author\/admin23\/#author","url":"https:\/\/dudasytextos.com\/se-puede\/author\/admin23\/","name":"Ana Gonz\u00e1lez"},{"@type":"WebPage","@id":"https:\/\/dudasytextos.com\/se-puede\/se-puede-subir-a-los-picos-de-europa-en-coche\/#webpage","url":"https:\/\/dudasytextos.com\/se-puede\/se-puede-subir-a-los-picos-de-europa-en-coche\/","name":"Se puede subir a los picos de europa en coche (2026) \u00bfSe Puede?","description":"Se Puede Subir A Los Picos De Europa En Coche Hola, soy Ana Gonz\u00e1lez y en este art\u00edculo voy a hablarles sobre una de las preguntas m\u00e1s frecuentes que se hacen los turistas que visitan Espa\u00f1a. \u00bfSe puede subir a los Picos de Europa en coche? La respuesta es s\u00ed, se puede subir en coche","inLanguage":"es-ES","isPartOf":{"@id":"https:\/\/dudasytextos.com\/se-puede\/#website"},"breadcrumb":{"@id":"https:\/\/dudasytextos.com\/se-puede\/se-puede-subir-a-los-picos-de-europa-en-coche\/#breadcrumblist"},"author":{"@id":"https:\/\/dudasytextos.com\/se-puede\/author\/admin23\/#author"},"creator":{"@id":"https:\/\/dudasytextos.com\/se-puede\/author\/admin23\/#author"},"datePublished":"2025-03-07T03:56:52+00:00","dateModified":"2025-03-13T01:12:16+00:00"},{"@type":"WebSite","@id":"https:\/\/dudasytextos.com\/se-puede\/#website","url":"https:\/\/dudasytextos.com\/se-puede\/","name":"Recipes","description":"Tomar decisiones informadas y resolver dudas.","inLanguage":"es-ES","publisher":{"@id":"https:\/\/dudasytextos.com\/se-puede\/#organization"}}]},"og:locale":"es_ES","og:site_name":"\u00bfSe Puede? - Tomar decisiones informadas y resolver dudas.","og:type":"article","og:title":"Se puede subir a los picos de europa en coche (2026) \u00bfSe Puede?","og:description":"Se Puede Subir A Los Picos De Europa En Coche Hola, soy Ana Gonz\u00e1lez y en este art\u00edculo voy a hablarles sobre una de las preguntas m\u00e1s frecuentes que se hacen los turistas que visitan Espa\u00f1a. \u00bfSe puede subir a los Picos de Europa en coche? La respuesta es s\u00ed, se puede subir en coche","og:url":"https:\/\/dudasytextos.com\/se-puede\/se-puede-subir-a-los-picos-de-europa-en-coche\/","article:published_time":"2025-03-07T03:56:52+00:00","article:modified_time":"2025-03-13T01:12:16+00:00","twitter:card":"summary_large_image","twitter:title":"Se puede subir a los picos de europa en coche (2026) \u00bfSe Puede?","twitter:description":"Se Puede Subir A Los Picos De Europa En Coche Hola, soy Ana Gonz\u00e1lez y en este art\u00edculo voy a hablarles sobre una de las preguntas m\u00e1s frecuentes que se hacen los turistas que visitan Espa\u00f1a. \u00bfSe puede subir a los Picos de Europa en coche? La respuesta es s\u00ed, se puede subir en coche"},"aioseo_meta_data":{"post_id":"133196","title":null,"description":null,"keywords":null,"keyphrases":null,"primary_term":null,"canonical_url":null,"og_title":null,"og_description":null,"og_object_type":"default","og_image_type":"default","og_image_url":null,"og_image_width":null,"og_image_height":null,"og_image_custom_url":null,"og_image_custom_fields":null,"og_video":null,"og_custom_url":null,"og_article_section":null,"og_article_tags":null,"twitter_use_og":false,"twitter_card":"default","twitter_image_type":"default","twitter_image_url":null,"twitter_image_custom_url":null,"twitter_image_custom_fields":null,"twitter_title":null,"twitter_description":null,"schema":{"blockGraphs":[],"customGraphs":[],"default":{"data":{"Article":[],"Course":[],"Dataset":[],"FAQPage":[],"Movie":[],"Person":[],"Product":[],"ProductReview":[],"Car":[],"Recipe":[],"Service":[],"SoftwareApplication":[],"WebPage":[]},"graphName":"","isEnabled":true},"graphs":[]},"schema_type":"default","schema_type_options":null,"pillar_content":false,"robots_default":true,"robots_noindex":false,"robots_noarchive":false,"robots_nosnippet":false,"robots_nofollow":false,"robots_noimageindex":false,"robots_noodp":false,"robots_notranslate":false,"robots_max_snippet":null,"robots_max_videopreview":null,"robots_max_imagepreview":"large","priority":null,"frequency":null,"local_seo":null,"breadcrumb_settings":null,"limit_modified_date":false,"ai":null,"created":"2023-04-30 07:23:39","updated":"2025-03-14 10:12:10","seo_analyzer_scan_date":null,"focus_keyword":null,"additional_keywords":null,"truseo_locale":null},"aioseo_breadcrumb":"<div class=\"aioseo-breadcrumbs\"><span class=\"aioseo-breadcrumb\">\n\t\t\t<a href=\"https:\/\/dudasytextos.com\/se-puede\" title=\"Home\">Home<\/a>\n\t\t<\/span><span class=\"aioseo-breadcrumb-separator\">&raquo;<\/span><span class=\"aioseo-breadcrumb\">\n\t\t\t<a href=\"https:\/\/dudasytextos.com\/se-puede\/category\/se-puede\/\" title=\"\u00bfSe puede?\">\u00bfSe puede?<\/a>\n\t\t<\/span><span class=\"aioseo-breadcrumb-separator\">&raquo;<\/span><span class=\"aioseo-breadcrumb\">\n\t\t\tSe puede subir a los picos de europa en coche\n\t\t<\/span><\/div>","aioseo_breadcrumb_json":[{"label":"Home","link":"https:\/\/dudasytextos.com\/se-puede"},{"label":"\u00bfSe puede?","link":"https:\/\/dudasytextos.com\/se-puede\/category\/se-puede\/"},{"label":"Se puede subir a los picos de europa en coche","link":"https:\/\/dudasytextos.com\/se-puede\/se-puede-subir-a-los-picos-de-europa-en-coche\/"}],"_links":{"self":[{"href":"https:\/\/dudasytextos.com\/se-puede\/wp-json\/wp\/v2\/posts\/133196","targetHints":{"allow":["GET"]}}],"collection":[{"href":"https:\/\/dudasytextos.com\/se-puede\/wp-json\/wp\/v2\/posts"}],"about":[{"href":"https:\/\/dudasytextos.com\/se-puede\/wp-json\/wp\/v2\/types\/post"}],"author":[{"embeddable":true,"href":"https:\/\/dudasytextos.com\/se-puede\/wp-json\/wp\/v2\/users\/1"}],"replies":[{"embeddable":true,"href":"https:\/\/dudasytextos.com\/se-puede\/wp-json\/wp\/v2\/comments?post=133196"}],"version-history":[{"count":1,"href":"https:\/\/dudasytextos.com\/se-puede\/wp-json\/wp\/v2\/posts\/133196\/revisions"}],"predecessor-version":[{"id":136031,"href":"https:\/\/dudasytextos.com\/se-puede\/wp-json\/wp\/v2\/posts\/133196\/revisions\/136031"}],"wp:attachment":[{"href":"https:\/\/dudasytextos.com\/se-puede\/wp-json\/wp\/v2\/media?parent=133196"}],"wp:term":[{"taxonomy":"category","embeddable":true,"href":"https:\/\/dudasytextos.com\/se-puede\/wp-json\/wp\/v2\/categories?post=133196"},{"taxonomy":"post_tag","embeddable":true,"href":"https:\/\/dudasytextos.com\/se-puede\/wp-json\/wp\/v2\/tags?post=133196"}],"curies":[{"name":"wp","href":"https:\/\/api.w.org\/{rel}","templated":true}]}}