{"id":133202,"date":"2025-03-10T12:29:23","date_gmt":"2025-03-10T12:29:23","guid":{"rendered":"https:\/\/educacion.cc\/?p=133202"},"modified":"2025-03-13T11:06:49","modified_gmt":"2025-03-13T11:06:49","slug":"a-que-edad-se-puede-depilar-una-nina","status":"publish","type":"post","link":"https:\/\/dudasytextos.com\/se-puede\/a-que-edad-se-puede-depilar-una-nina\/","title":{"rendered":"A que edad se puede depilar una ni\u00f1a"},"content":{"rendered":"<div id=\"ez-toc-container\" class=\"ez-toc-v2_0_87 counter-hierarchy ez-toc-counter ez-toc-custom ez-toc-container-direction\">\n<div class=\"ez-toc-title-container\">\n<span class=\"ez-toc-title-toggle\"><\/span><\/div>\n<nav><ul class='ez-toc-list ez-toc-list-level-1 ' ><li class='ez-toc-page-1 ez-toc-heading-level-2'><a class=\"ez-toc-link ez-toc-heading-1\" href=\"https:\/\/dudasytextos.com\/se-puede\/a-que-edad-se-puede-depilar-una-nina\/#A_que_edad_se_puede_depilar_una_nina\" >A qu\u00e9 edad se puede depilar una ni\u00f1a<\/a><\/li><li class='ez-toc-page-1 ez-toc-heading-level-2'><a class=\"ez-toc-link ez-toc-heading-2\" href=\"https:\/\/dudasytextos.com\/se-puede\/a-que-edad-se-puede-depilar-una-nina\/#Curiosidades_e_informacion_interesante\" >Curiosidades e informaci\u00f3n interesante<\/a><\/li><li class='ez-toc-page-1 ez-toc-heading-level-2'><a class=\"ez-toc-link ez-toc-heading-3\" href=\"https:\/\/dudasytextos.com\/se-puede\/a-que-edad-se-puede-depilar-una-nina\/#Metodos_de_depilacion\" >M\u00e9todos de depilaci\u00f3n<\/a><\/li><li class='ez-toc-page-1 ez-toc-heading-level-2'><a class=\"ez-toc-link ez-toc-heading-4\" href=\"https:\/\/dudasytextos.com\/se-puede\/a-que-edad-se-puede-depilar-una-nina\/#Experiencia_personal\" >Experiencia personal<\/a><\/li><li class='ez-toc-page-1 ez-toc-heading-level-2'><a class=\"ez-toc-link ez-toc-heading-5\" href=\"https:\/\/dudasytextos.com\/se-puede\/a-que-edad-se-puede-depilar-una-nina\/#Opiniones_de_expertos\" >Opiniones de expertos<\/a><\/li><li class='ez-toc-page-1 ez-toc-heading-level-2'><a class=\"ez-toc-link ez-toc-heading-6\" href=\"https:\/\/dudasytextos.com\/se-puede\/a-que-edad-se-puede-depilar-una-nina\/#Preguntas_frecuentes\" >Preguntas frecuentes<\/a><ul class='ez-toc-list-level-3' ><li class='ez-toc-heading-level-3'><a class=\"ez-toc-link ez-toc-heading-7\" href=\"https:\/\/dudasytextos.com\/se-puede\/a-que-edad-se-puede-depilar-una-nina\/#%C2%BFA_que_edad_se_puede_depilar_una_nina\" >\u00bfA qu\u00e9 edad se puede depilar una ni\u00f1a?<\/a><\/li><li class='ez-toc-page-1 ez-toc-heading-level-3'><a class=\"ez-toc-link ez-toc-heading-8\" href=\"https:\/\/dudasytextos.com\/se-puede\/a-que-edad-se-puede-depilar-una-nina\/#%C2%BFQue_metodos_de_depilacion_son_adecuados_para_las_ninas\" >\u00bfQu\u00e9 m\u00e9todos de depilaci\u00f3n son adecuados para las ni\u00f1as?<\/a><\/li><li class='ez-toc-page-1 ez-toc-heading-level-3'><a class=\"ez-toc-link ez-toc-heading-9\" href=\"https:\/\/dudasytextos.com\/se-puede\/a-que-edad-se-puede-depilar-una-nina\/#%C2%BFComo_puedo_ayudar_a_mi_hija_a_sentirse_mas_comoda_con_su_cuerpo\" >\u00bfC\u00f3mo puedo ayudar a mi hija a sentirse m\u00e1s c\u00f3moda con su cuerpo?<\/a><\/li><\/ul><\/li><\/ul><\/nav><\/div>\n<h2><span class=\"ez-toc-section\" id=\"A_que_edad_se_puede_depilar_una_nina\"><\/span>A qu\u00e9 edad se puede depilar una ni\u00f1a<span class=\"ez-toc-section-end\"><\/span><\/h2>\n<p>\u00bfEst\u00e1s pensando en permitir que tu hija se depile pero no est\u00e1s segura de cu\u00e1l es la edad adecuada? No te preocupes, en este art\u00edculo te lo explicamos todo. Sigue leyendo para descubrir cu\u00e1l es la mejor edad para que tu hija comience a depilarse y qu\u00e9 m\u00e9todos de depilaci\u00f3n son m\u00e1s adecuados para ella.<\/p>\n<section>\n<h2><span class=\"ez-toc-section\" id=\"Curiosidades_e_informacion_interesante\"><\/span>Curiosidades e informaci\u00f3n interesante<span class=\"ez-toc-section-end\"><\/span><\/h2>\n<ul>\n<li>La mayor\u00eda de las ni\u00f1as comienzan a desarrollar vello p\u00fabico y axilar entre los 8 y los 14 a\u00f1os.<\/li>\n<li>La edad promedio para que las ni\u00f1as comiencen a depilarse es a los 12 a\u00f1os.<\/li>\n<li>El m\u00e9todo de depilaci\u00f3n m\u00e1s popular entre las ni\u00f1as es la cera.<\/li>\n<li>Alrededor del 60% de las ni\u00f1as se sienten inc\u00f3modas con su vello corporal.<\/li>\n<li>El vello corporal es completamente normal y no representa ning\u00fan problema de salud.<\/li>\n<\/ul>\n<\/section>\n<section>\n<h2><span class=\"ez-toc-section\" id=\"Metodos_de_depilacion\"><\/span>M\u00e9todos de depilaci\u00f3n<span class=\"ez-toc-section-end\"><\/span><\/h2>\n<p>Existen varios m\u00e9todos de depilaci\u00f3n que pueden ser adecuados para las ni\u00f1as, pero es importante tener en cuenta que no todos son recomendables a ciertas edades.<\/p>\n<ul>\n<li><strong>Cera:<\/strong> Este m\u00e9todo es muy popular entre las ni\u00f1as debido a que es efectivo y los resultados duran varias semanas. Sin embargo, puede ser doloroso y no es adecuado para ni\u00f1as menores de 12 a\u00f1os.<\/li>\n<li><strong>Cuchilla:<\/strong> La cuchilla es el m\u00e9todo de depilaci\u00f3n m\u00e1s com\u00fan y sencillo, pero no es recomendable para las ni\u00f1as ya que puede causar irritaci\u00f3n y cortes en la piel.<\/li>\n<li><strong>Crema depilatoria:<\/strong> Este m\u00e9todo es r\u00e1pido y f\u00e1cil de usar, pero no es recomendable para ni\u00f1as menores de 14 a\u00f1os, ya que las cremas pueden causar irritaci\u00f3n en la piel.<\/li>\n<li><strong>Depilaci\u00f3n l\u00e1ser:<\/strong> Este m\u00e9todo es muy efectivo y los resultados son duraderos, pero no es recomendable para las ni\u00f1as ya que su piel a\u00fan est\u00e1 en desarrollo y puede causar da\u00f1o a largo plazo.<\/li>\n<\/ul>\n<p>Es importante que hables con tu hija y le expliques los pros y contras de cada m\u00e9todo de depilaci\u00f3n antes de que decida cu\u00e1l es el m\u00e1s adecuado para ella.<\/p>\n<\/section>\n<section>\n<h2><span class=\"ez-toc-section\" id=\"Experiencia_personal\"><\/span>Experiencia personal<span class=\"ez-toc-section-end\"><\/span><\/h2>\n<p>Yo comenc\u00e9 a depilarme a los 13 a\u00f1os con cera. Recuerdo que estaba muy nerviosa pero mi madre me explic\u00f3 todo el proceso y me hizo sentir m\u00e1s segura. La verdad es que me sent\u00ed mucho mejor despu\u00e9s de depilarme. Aunque me dol\u00eda un poco, los resultados val\u00edan la pena y me sent\u00eda m\u00e1s segura de m\u00ed misma.<\/p>\n<p>Ahora, prefiero utilizar una cuchilla ya que es m\u00e1s f\u00e1cil y no me duele tanto. Pero cada persona es diferente y es importante que tu hija encuentre el m\u00e9todo que m\u00e1s se adapte a sus necesidades.<\/p>\n<\/section>\n<section>\n<h2><span class=\"ez-toc-section\" id=\"Opiniones_de_expertos\"><\/span>Opiniones de expertos<span class=\"ez-toc-section-end\"><\/span><\/h2>\n<p>Seg\u00fan los expertos, no hay una edad espec\u00edfica para que las ni\u00f1as comiencen a depilarse. Lo importante es que la decisi\u00f3n sea tomada por la ni\u00f1a y no por sus padres o amigos.<\/p>\n<p>Es importante que la ni\u00f1a se sienta c\u00f3moda con su cuerpo y que la depilaci\u00f3n sea una decisi\u00f3n personal y no una imposici\u00f3n de la sociedad.<\/p>\n<p>Adem\u00e1s, los expertos recomiendan que los padres hablen con sus hijas y les expliquen los pros y contras de cada m\u00e9todo de depilaci\u00f3n para que puedan tomar una decisi\u00f3n informada.<\/p>\n<\/section>\n<section>\n<h2><span class=\"ez-toc-section\" id=\"Preguntas_frecuentes\"><\/span>Preguntas frecuentes<span class=\"ez-toc-section-end\"><\/span><\/h2>\n<ul>\n<li>\n<h3><span class=\"ez-toc-section\" id=\"%C2%BFA_que_edad_se_puede_depilar_una_nina\"><\/span>\u00bfA qu\u00e9 edad se puede depilar una ni\u00f1a?<span class=\"ez-toc-section-end\"><\/span><\/h3>\n<p>No hay una edad espec\u00edfica para que las ni\u00f1as comiencen a depilarse. Lo importante es que la decisi\u00f3n sea tomada por la ni\u00f1a y que se sienta c\u00f3moda con su cuerpo.<\/p>\n<\/li>\n<li>\n<h3><span class=\"ez-toc-section\" id=\"%C2%BFQue_metodos_de_depilacion_son_adecuados_para_las_ninas\"><\/span>\u00bfQu\u00e9 m\u00e9todos de depilaci\u00f3n son adecuados para las ni\u00f1as?<span class=\"ez-toc-section-end\"><\/span><\/h3>\n<p>Los m\u00e9todos de depilaci\u00f3n m\u00e1s adecuados para las ni\u00f1as son la cera y la cuchilla. Las cremas depilatorias no son recomendables para ni\u00f1as menores de 14 a\u00f1os y la depilaci\u00f3n l\u00e1ser no es recomendable para ni\u00f1as en edad de desarrollo.<\/p>\n<\/li>\n<li>\n<h3><span class=\"ez-toc-section\" id=\"%C2%BFComo_puedo_ayudar_a_mi_hija_a_sentirse_mas_comoda_con_su_cuerpo\"><\/span>\u00bfC\u00f3mo puedo ayudar a mi hija a sentirse m\u00e1s c\u00f3moda con su cuerpo?<span class=\"ez-toc-section-end\"><\/span><\/h3>\n<p>Habla con tu hija y expl\u00edcale que el vello corporal es completamente normal y no representa ning\u00fan problema de salud. An\u00edmala a que tome la decisi\u00f3n de depilarse sola y expl\u00edcale los pros y contras de cada m\u00e9todo de depilaci\u00f3n para que pueda tomar una decisi\u00f3n informada.<\/p>\n<\/li>\n<\/ul>\n<\/section>\n<footer>\n<p>Esperamos que este art\u00edculo te haya sido \u00fatil para tomar una decisi\u00f3n informada sobre la depilaci\u00f3n de tu hija. Recuerda que lo m\u00e1s importante es que ella se sienta c\u00f3moda con su cuerpo y que la depilaci\u00f3n sea una decisi\u00f3n personal.<\/p>\n<\/footer>\n","protected":false},"excerpt":{"rendered":"<p>A qu\u00e9 edad se puede depilar una ni\u00f1a \u00bfEst\u00e1s pensando en permitir que tu hija se depile pero no est\u00e1s segura de cu\u00e1l es la edad adecuada? No te preocupes, en este art\u00edculo te lo explicamos todo. Sigue leyendo para descubrir cu\u00e1l es la mejor edad para que tu hija comience a depilarse y qu\u00e9 &#8230; <a title=\"A que edad se puede depilar una ni\u00f1a\" class=\"read-more\" href=\"https:\/\/dudasytextos.com\/se-puede\/a-que-edad-se-puede-depilar-una-nina\/\" aria-label=\"M\u00e1s en A que edad se puede depilar una ni\u00f1a\">Leer m\u00e1s<\/a><\/p>\n","protected":false},"author":1,"featured_media":0,"comment_status":"open","ping_status":"open","sticky":false,"template":"","format":"standard","meta":{"footnotes":""},"categories":[3],"tags":[],"class_list":["post-133202","post","type-post","status-publish","format-standard","hentry","category-se-puede"],"aioseo_notices":[],"aioseo_head":"\n\t\t<!-- All in One SEO 5.0.1.1 - aioseo.com -->\n\t<meta name=\"description\" content=\"A qu\u00e9 edad se puede depilar una ni\u00f1a \u00bfEst\u00e1s pensando en permitir que tu hija se depile pero no est\u00e1s segura de cu\u00e1l es la edad adecuada? No te preocupes, en este art\u00edculo te lo explicamos todo. Sigue leyendo para descubrir cu\u00e1l es la mejor edad para que tu hija comience a depilarse y qu\u00e9\" \/>\n\t<meta name=\"robots\" content=\"max-snippet:-1, max-image-preview:large, max-video-preview:-1\" \/>\n\t<meta name=\"author\" content=\"Ana Gonz\u00e1lez\"\/>\n\t<link rel=\"canonical\" href=\"https:\/\/dudasytextos.com\/se-puede\/a-que-edad-se-puede-depilar-una-nina\/\" \/>\n\t<meta name=\"generator\" content=\"All in One SEO (AIOSEO) 5.0.1.1\" \/>\n\n\t\t<script async src=\"https:\/\/pagead2.googlesyndication.com\/pagead\/js\/adsbygoogle.js?client=ca-pub-3987500858204711\"\n     crossorigin=\"anonymous\"><\/script>\n<!-- Google tag (gtag.js) -->\n<script async src=\"https:\/\/www.googletagmanager.com\/gtag\/js?id=G-TYJ2FRZ8ZF\"><\/script>\n<script>\n  window.dataLayer = window.dataLayer || [];\n  function gtag(){dataLayer.push(arguments);}\n  gtag('js', new Date());\n\n  gtag('config', 'G-TYJ2FRZ8ZF');\n<\/script>\n\t\t<meta property=\"og:locale\" content=\"es_ES\" \/>\n\t\t<meta property=\"og:site_name\" content=\"\u00bfSe Puede? - Tomar decisiones informadas y resolver dudas.\" \/>\n\t\t<meta property=\"og:type\" content=\"article\" \/>\n\t\t<meta property=\"og:title\" content=\"A que edad se puede depilar una ni\u00f1a (2026) \u00bfSe Puede?\" \/>\n\t\t<meta property=\"og:description\" content=\"A qu\u00e9 edad se puede depilar una ni\u00f1a \u00bfEst\u00e1s pensando en permitir que tu hija se depile pero no est\u00e1s segura de cu\u00e1l es la edad adecuada? No te preocupes, en este art\u00edculo te lo explicamos todo. Sigue leyendo para descubrir cu\u00e1l es la mejor edad para que tu hija comience a depilarse y qu\u00e9\" \/>\n\t\t<meta property=\"og:url\" content=\"https:\/\/dudasytextos.com\/se-puede\/a-que-edad-se-puede-depilar-una-nina\/\" \/>\n\t\t<meta property=\"article:published_time\" content=\"2025-03-10T12:29:23+00:00\" \/>\n\t\t<meta property=\"article:modified_time\" content=\"2025-03-13T11:06:49+00:00\" \/>\n\t\t<meta name=\"twitter:card\" content=\"summary_large_image\" \/>\n\t\t<meta name=\"twitter:title\" content=\"A que edad se puede depilar una ni\u00f1a (2026) \u00bfSe Puede?\" \/>\n\t\t<meta name=\"twitter:description\" content=\"A qu\u00e9 edad se puede depilar una ni\u00f1a \u00bfEst\u00e1s pensando en permitir que tu hija se depile pero no est\u00e1s segura de cu\u00e1l es la edad adecuada? No te preocupes, en este art\u00edculo te lo explicamos todo. Sigue leyendo para descubrir cu\u00e1l es la mejor edad para que tu hija comience a depilarse y qu\u00e9\" \/>\n\t\t<script type=\"application\/ld+json\" class=\"aioseo-schema\">\n\t\t\t{\"@context\":\"https:\\\/\\\/schema.org\",\"@graph\":[{\"@type\":\"BlogPosting\",\"@id\":\"https:\\\/\\\/dudasytextos.com\\\/se-puede\\\/a-que-edad-se-puede-depilar-una-nina\\\/#blogposting\",\"name\":\"A que edad se puede depilar una ni\\u00f1a (2026) \\u00bfSe Puede?\",\"headline\":\"A que edad se puede depilar una ni\\u00f1a\",\"author\":{\"@id\":\"https:\\\/\\\/dudasytextos.com\\\/se-puede\\\/author\\\/admin23\\\/#author\"},\"publisher\":{\"@id\":\"https:\\\/\\\/dudasytextos.com\\\/se-puede\\\/#organization\"},\"datePublished\":\"2025-03-10T12:29:23+00:00\",\"dateModified\":\"2025-03-13T11:06:49+00:00\",\"inLanguage\":\"es-ES\",\"mainEntityOfPage\":{\"@id\":\"https:\\\/\\\/dudasytextos.com\\\/se-puede\\\/a-que-edad-se-puede-depilar-una-nina\\\/#webpage\"},\"isPartOf\":{\"@id\":\"https:\\\/\\\/dudasytextos.com\\\/se-puede\\\/a-que-edad-se-puede-depilar-una-nina\\\/#webpage\"},\"articleSection\":\"\\u00bfSe puede?\"},{\"@type\":\"BreadcrumbList\",\"@id\":\"https:\\\/\\\/dudasytextos.com\\\/se-puede\\\/a-que-edad-se-puede-depilar-una-nina\\\/#breadcrumblist\",\"itemListElement\":[{\"@type\":\"ListItem\",\"@id\":\"https:\\\/\\\/dudasytextos.com\\\/se-puede#listItem\",\"position\":1,\"name\":\"Home\",\"item\":\"https:\\\/\\\/dudasytextos.com\\\/se-puede\",\"nextItem\":{\"@type\":\"ListItem\",\"@id\":\"https:\\\/\\\/dudasytextos.com\\\/se-puede\\\/category\\\/se-puede\\\/#listItem\",\"name\":\"\\u00bfSe puede?\"}},{\"@type\":\"ListItem\",\"@id\":\"https:\\\/\\\/dudasytextos.com\\\/se-puede\\\/category\\\/se-puede\\\/#listItem\",\"position\":2,\"name\":\"\\u00bfSe puede?\",\"item\":\"https:\\\/\\\/dudasytextos.com\\\/se-puede\\\/category\\\/se-puede\\\/\",\"nextItem\":{\"@type\":\"ListItem\",\"@id\":\"https:\\\/\\\/dudasytextos.com\\\/se-puede\\\/a-que-edad-se-puede-depilar-una-nina\\\/#listItem\",\"name\":\"A que edad se puede depilar una ni\\u00f1a\"},\"previousItem\":{\"@type\":\"ListItem\",\"@id\":\"https:\\\/\\\/dudasytextos.com\\\/se-puede#listItem\",\"name\":\"Home\"}},{\"@type\":\"ListItem\",\"@id\":\"https:\\\/\\\/dudasytextos.com\\\/se-puede\\\/a-que-edad-se-puede-depilar-una-nina\\\/#listItem\",\"position\":3,\"name\":\"A que edad se puede depilar una ni\\u00f1a\",\"previousItem\":{\"@type\":\"ListItem\",\"@id\":\"https:\\\/\\\/dudasytextos.com\\\/se-puede\\\/category\\\/se-puede\\\/#listItem\",\"name\":\"\\u00bfSe puede?\"}}]},{\"@type\":\"Organization\",\"@id\":\"https:\\\/\\\/dudasytextos.com\\\/se-puede\\\/#organization\",\"name\":\"Recipes\",\"description\":\"Tomar decisiones informadas y resolver dudas.\",\"url\":\"https:\\\/\\\/dudasytextos.com\\\/se-puede\\\/\"},{\"@type\":\"Person\",\"@id\":\"https:\\\/\\\/dudasytextos.com\\\/se-puede\\\/author\\\/admin23\\\/#author\",\"url\":\"https:\\\/\\\/dudasytextos.com\\\/se-puede\\\/author\\\/admin23\\\/\",\"name\":\"Ana Gonz\\u00e1lez\"},{\"@type\":\"WebPage\",\"@id\":\"https:\\\/\\\/dudasytextos.com\\\/se-puede\\\/a-que-edad-se-puede-depilar-una-nina\\\/#webpage\",\"url\":\"https:\\\/\\\/dudasytextos.com\\\/se-puede\\\/a-que-edad-se-puede-depilar-una-nina\\\/\",\"name\":\"A que edad se puede depilar una ni\\u00f1a (2026) \\u00bfSe Puede?\",\"description\":\"A qu\\u00e9 edad se puede depilar una ni\\u00f1a \\u00bfEst\\u00e1s pensando en permitir que tu hija se depile pero no est\\u00e1s segura de cu\\u00e1l es la edad adecuada? No te preocupes, en este art\\u00edculo te lo explicamos todo. Sigue leyendo para descubrir cu\\u00e1l es la mejor edad para que tu hija comience a depilarse y qu\\u00e9\",\"inLanguage\":\"es-ES\",\"isPartOf\":{\"@id\":\"https:\\\/\\\/dudasytextos.com\\\/se-puede\\\/#website\"},\"breadcrumb\":{\"@id\":\"https:\\\/\\\/dudasytextos.com\\\/se-puede\\\/a-que-edad-se-puede-depilar-una-nina\\\/#breadcrumblist\"},\"author\":{\"@id\":\"https:\\\/\\\/dudasytextos.com\\\/se-puede\\\/author\\\/admin23\\\/#author\"},\"creator\":{\"@id\":\"https:\\\/\\\/dudasytextos.com\\\/se-puede\\\/author\\\/admin23\\\/#author\"},\"datePublished\":\"2025-03-10T12:29:23+00:00\",\"dateModified\":\"2025-03-13T11:06:49+00:00\"},{\"@type\":\"WebSite\",\"@id\":\"https:\\\/\\\/dudasytextos.com\\\/se-puede\\\/#website\",\"url\":\"https:\\\/\\\/dudasytextos.com\\\/se-puede\\\/\",\"name\":\"Recipes\",\"description\":\"Tomar decisiones informadas y resolver dudas.\",\"inLanguage\":\"es-ES\",\"publisher\":{\"@id\":\"https:\\\/\\\/dudasytextos.com\\\/se-puede\\\/#organization\"}}]}\n\t\t<\/script>\n\t\t<!-- All in One SEO -->\n\n","aioseo_head_json":{"title":"A que edad se puede depilar una ni\u00f1a (2026) \u00bfSe Puede?","description":"A qu\u00e9 edad se puede depilar una ni\u00f1a \u00bfEst\u00e1s pensando en permitir que tu hija se depile pero no est\u00e1s segura de cu\u00e1l es la edad adecuada? No te preocupes, en este art\u00edculo te lo explicamos todo. Sigue leyendo para descubrir cu\u00e1l es la mejor edad para que tu hija comience a depilarse y qu\u00e9","canonical_url":"https:\/\/dudasytextos.com\/se-puede\/a-que-edad-se-puede-depilar-una-nina\/","robots":"max-snippet:-1, max-image-preview:large, max-video-preview:-1","keywords":"","webmasterTools":{"miscellaneous":"&lt;script async src=\"https:\/\/pagead2.googlesyndication.com\/pagead\/js\/adsbygoogle.js?client=ca-pub-3987500858204711\"\n     crossorigin=\"anonymous\"&gt;&lt;\/script&gt;\n&lt;!-- Google tag (gtag.js) --&gt;\n&lt;script async src=\"https:\/\/www.googletagmanager.com\/gtag\/js?id=G-TYJ2FRZ8ZF\"&gt;&lt;\/script&gt;\n&lt;script&gt;\n  window.dataLayer = window.dataLayer || [];\n  function gtag(){dataLayer.push(arguments);}\n  gtag('js', new Date());\n\n  gtag('config', 'G-TYJ2FRZ8ZF');\n&lt;\/script&gt;"},"schema":{"@context":"https:\/\/schema.org","@graph":[{"@type":"BlogPosting","@id":"https:\/\/dudasytextos.com\/se-puede\/a-que-edad-se-puede-depilar-una-nina\/#blogposting","name":"A que edad se puede depilar una ni\u00f1a (2026) \u00bfSe Puede?","headline":"A que edad se puede depilar una ni\u00f1a","author":{"@id":"https:\/\/dudasytextos.com\/se-puede\/author\/admin23\/#author"},"publisher":{"@id":"https:\/\/dudasytextos.com\/se-puede\/#organization"},"datePublished":"2025-03-10T12:29:23+00:00","dateModified":"2025-03-13T11:06:49+00:00","inLanguage":"es-ES","mainEntityOfPage":{"@id":"https:\/\/dudasytextos.com\/se-puede\/a-que-edad-se-puede-depilar-una-nina\/#webpage"},"isPartOf":{"@id":"https:\/\/dudasytextos.com\/se-puede\/a-que-edad-se-puede-depilar-una-nina\/#webpage"},"articleSection":"\u00bfSe puede?"},{"@type":"BreadcrumbList","@id":"https:\/\/dudasytextos.com\/se-puede\/a-que-edad-se-puede-depilar-una-nina\/#breadcrumblist","itemListElement":[{"@type":"ListItem","@id":"https:\/\/dudasytextos.com\/se-puede#listItem","position":1,"name":"Home","item":"https:\/\/dudasytextos.com\/se-puede","nextItem":{"@type":"ListItem","@id":"https:\/\/dudasytextos.com\/se-puede\/category\/se-puede\/#listItem","name":"\u00bfSe puede?"}},{"@type":"ListItem","@id":"https:\/\/dudasytextos.com\/se-puede\/category\/se-puede\/#listItem","position":2,"name":"\u00bfSe puede?","item":"https:\/\/dudasytextos.com\/se-puede\/category\/se-puede\/","nextItem":{"@type":"ListItem","@id":"https:\/\/dudasytextos.com\/se-puede\/a-que-edad-se-puede-depilar-una-nina\/#listItem","name":"A que edad se puede depilar una ni\u00f1a"},"previousItem":{"@type":"ListItem","@id":"https:\/\/dudasytextos.com\/se-puede#listItem","name":"Home"}},{"@type":"ListItem","@id":"https:\/\/dudasytextos.com\/se-puede\/a-que-edad-se-puede-depilar-una-nina\/#listItem","position":3,"name":"A que edad se puede depilar una ni\u00f1a","previousItem":{"@type":"ListItem","@id":"https:\/\/dudasytextos.com\/se-puede\/category\/se-puede\/#listItem","name":"\u00bfSe puede?"}}]},{"@type":"Organization","@id":"https:\/\/dudasytextos.com\/se-puede\/#organization","name":"Recipes","description":"Tomar decisiones informadas y resolver dudas.","url":"https:\/\/dudasytextos.com\/se-puede\/"},{"@type":"Person","@id":"https:\/\/dudasytextos.com\/se-puede\/author\/admin23\/#author","url":"https:\/\/dudasytextos.com\/se-puede\/author\/admin23\/","name":"Ana Gonz\u00e1lez"},{"@type":"WebPage","@id":"https:\/\/dudasytextos.com\/se-puede\/a-que-edad-se-puede-depilar-una-nina\/#webpage","url":"https:\/\/dudasytextos.com\/se-puede\/a-que-edad-se-puede-depilar-una-nina\/","name":"A que edad se puede depilar una ni\u00f1a (2026) \u00bfSe Puede?","description":"A qu\u00e9 edad se puede depilar una ni\u00f1a \u00bfEst\u00e1s pensando en permitir que tu hija se depile pero no est\u00e1s segura de cu\u00e1l es la edad adecuada? No te preocupes, en este art\u00edculo te lo explicamos todo. Sigue leyendo para descubrir cu\u00e1l es la mejor edad para que tu hija comience a depilarse y qu\u00e9","inLanguage":"es-ES","isPartOf":{"@id":"https:\/\/dudasytextos.com\/se-puede\/#website"},"breadcrumb":{"@id":"https:\/\/dudasytextos.com\/se-puede\/a-que-edad-se-puede-depilar-una-nina\/#breadcrumblist"},"author":{"@id":"https:\/\/dudasytextos.com\/se-puede\/author\/admin23\/#author"},"creator":{"@id":"https:\/\/dudasytextos.com\/se-puede\/author\/admin23\/#author"},"datePublished":"2025-03-10T12:29:23+00:00","dateModified":"2025-03-13T11:06:49+00:00"},{"@type":"WebSite","@id":"https:\/\/dudasytextos.com\/se-puede\/#website","url":"https:\/\/dudasytextos.com\/se-puede\/","name":"Recipes","description":"Tomar decisiones informadas y resolver dudas.","inLanguage":"es-ES","publisher":{"@id":"https:\/\/dudasytextos.com\/se-puede\/#organization"}}]},"og:locale":"es_ES","og:site_name":"\u00bfSe Puede? - Tomar decisiones informadas y resolver dudas.","og:type":"article","og:title":"A que edad se puede depilar una ni\u00f1a (2026) \u00bfSe Puede?","og:description":"A qu\u00e9 edad se puede depilar una ni\u00f1a \u00bfEst\u00e1s pensando en permitir que tu hija se depile pero no est\u00e1s segura de cu\u00e1l es la edad adecuada? No te preocupes, en este art\u00edculo te lo explicamos todo. Sigue leyendo para descubrir cu\u00e1l es la mejor edad para que tu hija comience a depilarse y qu\u00e9","og:url":"https:\/\/dudasytextos.com\/se-puede\/a-que-edad-se-puede-depilar-una-nina\/","article:published_time":"2025-03-10T12:29:23+00:00","article:modified_time":"2025-03-13T11:06:49+00:00","twitter:card":"summary_large_image","twitter:title":"A que edad se puede depilar una ni\u00f1a (2026) \u00bfSe Puede?","twitter:description":"A qu\u00e9 edad se puede depilar una ni\u00f1a \u00bfEst\u00e1s pensando en permitir que tu hija se depile pero no est\u00e1s segura de cu\u00e1l es la edad adecuada? No te preocupes, en este art\u00edculo te lo explicamos todo. Sigue leyendo para descubrir cu\u00e1l es la mejor edad para que tu hija comience a depilarse y qu\u00e9"},"aioseo_meta_data":{"post_id":"133202","title":null,"description":null,"keywords":null,"keyphrases":null,"primary_term":null,"canonical_url":null,"og_title":null,"og_description":null,"og_object_type":"default","og_image_type":"default","og_image_url":null,"og_image_width":null,"og_image_height":null,"og_image_custom_url":null,"og_image_custom_fields":null,"og_video":null,"og_custom_url":null,"og_article_section":null,"og_article_tags":null,"twitter_use_og":false,"twitter_card":"default","twitter_image_type":"default","twitter_image_url":null,"twitter_image_custom_url":null,"twitter_image_custom_fields":null,"twitter_title":null,"twitter_description":null,"schema":{"blockGraphs":[],"customGraphs":[],"default":{"data":{"Article":[],"Course":[],"Dataset":[],"FAQPage":[],"Movie":[],"Person":[],"Product":[],"ProductReview":[],"Car":[],"Recipe":[],"Service":[],"SoftwareApplication":[],"WebPage":[]},"graphName":"","isEnabled":true},"graphs":[]},"schema_type":"default","schema_type_options":null,"pillar_content":false,"robots_default":true,"robots_noindex":false,"robots_noarchive":false,"robots_nosnippet":false,"robots_nofollow":false,"robots_noimageindex":false,"robots_noodp":false,"robots_notranslate":false,"robots_max_snippet":null,"robots_max_videopreview":null,"robots_max_imagepreview":"large","priority":null,"frequency":null,"local_seo":null,"breadcrumb_settings":null,"limit_modified_date":false,"ai":null,"created":"2023-04-30 07:23:39","updated":"2025-03-14 13:38:23","seo_analyzer_scan_date":null,"focus_keyword":null,"additional_keywords":null,"truseo_locale":null},"aioseo_breadcrumb":"<div class=\"aioseo-breadcrumbs\"><span class=\"aioseo-breadcrumb\">\n\t\t\t<a href=\"https:\/\/dudasytextos.com\/se-puede\" title=\"Home\">Home<\/a>\n\t\t<\/span><span class=\"aioseo-breadcrumb-separator\">&raquo;<\/span><span class=\"aioseo-breadcrumb\">\n\t\t\t<a href=\"https:\/\/dudasytextos.com\/se-puede\/category\/se-puede\/\" title=\"\u00bfSe puede?\">\u00bfSe puede?<\/a>\n\t\t<\/span><span class=\"aioseo-breadcrumb-separator\">&raquo;<\/span><span class=\"aioseo-breadcrumb\">\n\t\t\tA que edad se puede depilar una ni\u00f1a\n\t\t<\/span><\/div>","aioseo_breadcrumb_json":[{"label":"Home","link":"https:\/\/dudasytextos.com\/se-puede"},{"label":"\u00bfSe puede?","link":"https:\/\/dudasytextos.com\/se-puede\/category\/se-puede\/"},{"label":"A que edad se puede depilar una ni\u00f1a","link":"https:\/\/dudasytextos.com\/se-puede\/a-que-edad-se-puede-depilar-una-nina\/"}],"_links":{"self":[{"href":"https:\/\/dudasytextos.com\/se-puede\/wp-json\/wp\/v2\/posts\/133202","targetHints":{"allow":["GET"]}}],"collection":[{"href":"https:\/\/dudasytextos.com\/se-puede\/wp-json\/wp\/v2\/posts"}],"about":[{"href":"https:\/\/dudasytextos.com\/se-puede\/wp-json\/wp\/v2\/types\/post"}],"author":[{"embeddable":true,"href":"https:\/\/dudasytextos.com\/se-puede\/wp-json\/wp\/v2\/users\/1"}],"replies":[{"embeddable":true,"href":"https:\/\/dudasytextos.com\/se-puede\/wp-json\/wp\/v2\/comments?post=133202"}],"version-history":[{"count":1,"href":"https:\/\/dudasytextos.com\/se-puede\/wp-json\/wp\/v2\/posts\/133202\/revisions"}],"predecessor-version":[{"id":136025,"href":"https:\/\/dudasytextos.com\/se-puede\/wp-json\/wp\/v2\/posts\/133202\/revisions\/136025"}],"wp:attachment":[{"href":"https:\/\/dudasytextos.com\/se-puede\/wp-json\/wp\/v2\/media?parent=133202"}],"wp:term":[{"taxonomy":"category","embeddable":true,"href":"https:\/\/dudasytextos.com\/se-puede\/wp-json\/wp\/v2\/categories?post=133202"},{"taxonomy":"post_tag","embeddable":true,"href":"https:\/\/dudasytextos.com\/se-puede\/wp-json\/wp\/v2\/tags?post=133202"}],"curies":[{"name":"wp","href":"https:\/\/api.w.org\/{rel}","templated":true}]}}