{"id":133360,"date":"2025-02-19T13:03:51","date_gmt":"2025-02-19T13:03:51","guid":{"rendered":"https:\/\/educacion.cc\/?p=133360"},"modified":"2025-03-12T12:58:38","modified_gmt":"2025-03-12T12:58:38","slug":"se-puede-usar-el-movil-en-el-avion","status":"publish","type":"post","link":"https:\/\/dudasytextos.com\/se-puede\/se-puede-usar-el-movil-en-el-avion\/","title":{"rendered":"Se puede usar el movil en el avion"},"content":{"rendered":"<div id=\"ez-toc-container\" class=\"ez-toc-v2_0_87 counter-hierarchy ez-toc-counter ez-toc-custom ez-toc-container-direction\">\n<div class=\"ez-toc-title-container\">\n<span class=\"ez-toc-title-toggle\"><\/span><\/div>\n<nav><ul class='ez-toc-list ez-toc-list-level-1 ' ><li class='ez-toc-page-1 ez-toc-heading-level-2'><a class=\"ez-toc-link ez-toc-heading-1\" href=\"https:\/\/dudasytextos.com\/se-puede\/se-puede-usar-el-movil-en-el-avion\/#%C2%BFSe_Puede_Usar_El_Movil_En_El_Avion\" >\u00bfSe Puede Usar El M\u00f3vil En El Avi\u00f3n?<\/a><\/li><li class='ez-toc-page-1 ez-toc-heading-level-2'><a class=\"ez-toc-link ez-toc-heading-2\" href=\"https:\/\/dudasytextos.com\/se-puede\/se-puede-usar-el-movil-en-el-avion\/#Curiosidades\" >Curiosidades<\/a><\/li><li class='ez-toc-page-1 ez-toc-heading-level-2'><a class=\"ez-toc-link ez-toc-heading-3\" href=\"https:\/\/dudasytextos.com\/se-puede\/se-puede-usar-el-movil-en-el-avion\/#Regulaciones\" >Regulaciones<\/a><\/li><li class='ez-toc-page-1 ez-toc-heading-level-2'><a class=\"ez-toc-link ez-toc-heading-4\" href=\"https:\/\/dudasytextos.com\/se-puede\/se-puede-usar-el-movil-en-el-avion\/#Experiencias_Personales\" >Experiencias Personales<\/a><\/li><li class='ez-toc-page-1 ez-toc-heading-level-2'><a class=\"ez-toc-link ez-toc-heading-5\" href=\"https:\/\/dudasytextos.com\/se-puede\/se-puede-usar-el-movil-en-el-avion\/#Preguntas_Frecuentes\" >Preguntas Frecuentes<\/a><ul class='ez-toc-list-level-3' ><li class='ez-toc-heading-level-3'><a class=\"ez-toc-link ez-toc-heading-6\" href=\"https:\/\/dudasytextos.com\/se-puede\/se-puede-usar-el-movil-en-el-avion\/#%C2%BFPuedo_usar_mi_movil_en_el_avion\" >\u00bfPuedo usar mi m\u00f3vil en el avi\u00f3n?<\/a><\/li><li class='ez-toc-page-1 ez-toc-heading-level-3'><a class=\"ez-toc-link ez-toc-heading-7\" href=\"https:\/\/dudasytextos.com\/se-puede\/se-puede-usar-el-movil-en-el-avion\/#%C2%BFPuedo_usar_mi_movil_durante_el_despegue_y_el_aterrizaje\" >\u00bfPuedo usar mi m\u00f3vil durante el despegue y el aterrizaje?<\/a><\/li><li class='ez-toc-page-1 ez-toc-heading-level-3'><a class=\"ez-toc-link ez-toc-heading-8\" href=\"https:\/\/dudasytextos.com\/se-puede\/se-puede-usar-el-movil-en-el-avion\/#%C2%BFPuedo_hacer_llamadas_o_enviar_mensajes_de_texto_en_el_avion\" >\u00bfPuedo hacer llamadas o enviar mensajes de texto en el avi\u00f3n?<\/a><\/li><li class='ez-toc-page-1 ez-toc-heading-level-3'><a class=\"ez-toc-link ez-toc-heading-9\" href=\"https:\/\/dudasytextos.com\/se-puede\/se-puede-usar-el-movil-en-el-avion\/#%C2%BFPuedo_usar_mi_movil_en_el_avion_si_no_esta_en_modo_avion\" >\u00bfPuedo usar mi m\u00f3vil en el avi\u00f3n si no est\u00e1 en modo avi\u00f3n?<\/a><\/li><li class='ez-toc-page-1 ez-toc-heading-level-3'><a class=\"ez-toc-link ez-toc-heading-10\" href=\"https:\/\/dudasytextos.com\/se-puede\/se-puede-usar-el-movil-en-el-avion\/#%C2%BFQue_pasa_si_me_olvido_de_poner_mi_movil_en_modo_avion\" >\u00bfQu\u00e9 pasa si me olvido de poner mi m\u00f3vil en modo avi\u00f3n?<\/a><\/li><\/ul><\/li><\/ul><\/nav><\/div>\n<h2><span class=\"ez-toc-section\" id=\"%C2%BFSe_Puede_Usar_El_Movil_En_El_Avion\"><\/span>\u00bfSe Puede Usar El M\u00f3vil En El Avi\u00f3n?<span class=\"ez-toc-section-end\"><\/span><\/h2>\n<nav>\n<ul>\n<li><a href=#curiosidades>Curiosidades<\/a><\/li>\n<li><a href=#regulaciones>Regulaciones<\/a><\/li>\n<li><a href=#experiencia>Experiencias Personales<\/a><\/li>\n<li><a href=#preguntas>Preguntas Frecuentes<\/a><\/li>\n<\/ul>\n<\/nav>\n<section id=curiosidades>\n<h2><span class=\"ez-toc-section\" id=\"Curiosidades\"><\/span>Curiosidades<span class=\"ez-toc-section-end\"><\/span><\/h2>\n<ul>\n<li>El primer vuelo en el que se permiti\u00f3 el uso de m\u00f3viles fue en 2008.<\/li>\n<li>En 2013, la Comisi\u00f3n Europea autoriz\u00f3 el uso de m\u00f3viles en todos los vuelos comerciales de la Uni\u00f3n Europea.<\/li>\n<li>Seg\u00fan una encuesta realizada por la aerol\u00ednea Virgin Atlantic, el 90% de los pasajeros quiere poder usar sus dispositivos m\u00f3viles en el avi\u00f3n.<\/li>\n<li>En algunos vuelos de larga distancia, se ofrecen servicios de Wi-Fi y llamadas por sat\u00e9lite a trav\u00e9s de proveedores como OnAir y AeroMobile.<\/li>\n<\/ul>\n<\/section>\n<section id=regulaciones>\n<h2><span class=\"ez-toc-section\" id=\"Regulaciones\"><\/span>Regulaciones<span class=\"ez-toc-section-end\"><\/span><\/h2>\n<p>Las regulaciones sobre el uso de m\u00f3viles en el avi\u00f3n var\u00edan seg\u00fan la aerol\u00ednea y el pa\u00eds de origen del vuelo. En general, se permite el uso de dispositivos m\u00f3viles durante todo el vuelo, siempre y cuando est\u00e9n en modo avi\u00f3n.<\/p>\n<p>El modo avi\u00f3n desactiva todas las conexiones inal\u00e1mbricas del dispositivo, como la red m\u00f3vil, Wi-Fi y Bluetooth. Esto es importante para evitar interferencias con los equipos de navegaci\u00f3n y comunicaci\u00f3n del avi\u00f3n.<\/p>\n<p>Algunas aerol\u00edneas permiten el uso de dispositivos electr\u00f3nicos durante el despegue y el aterrizaje, siempre y cuando est\u00e9n en modo avi\u00f3n y se hayan asegurado correctamente en el bolsillo del asiento o en el equipaje de mano.<\/p>\n<p>En algunos vuelos de larga distancia, se ofrecen servicios de Wi-Fi y llamadas por sat\u00e9lite a trav\u00e9s de proveedores como OnAir y AeroMobile. Estos servicios suelen tener un costo adicional y est\u00e1n sujetos a las regulaciones de cada pa\u00eds.<\/p>\n<\/section>\n<section id=experiencia>\n<h2><span class=\"ez-toc-section\" id=\"Experiencias_Personales\"><\/span>Experiencias Personales<span class=\"ez-toc-section-end\"><\/span><\/h2>\n<p>Personalmente, he utilizado mi m\u00f3vil en modo avi\u00f3n en varios vuelos y no he tenido ning\u00fan problema. Es una forma de pasar el tiempo durante el vuelo, escuchando m\u00fasica, leyendo o viendo pel\u00edculas.<\/p>\n<p>En un vuelo reciente, un pasajero se olvid\u00f3 de poner su m\u00f3vil en modo avi\u00f3n y recibi\u00f3 una llamada durante el despegue. La azafata le pidi\u00f3 que apagara el m\u00f3vil inmediatamente y explic\u00f3 que las se\u00f1ales de los m\u00f3viles podr\u00edan interferir con los equipos del avi\u00f3n.<\/p>\n<p>Un amigo m\u00edo, que trabaja en una aerol\u00ednea, me dijo que han tenido casos de pasajeros que se niegan a apagar sus m\u00f3viles durante el despegue y el aterrizaje. Si esto sucede, la tripulaci\u00f3n de cabina tiene la autoridad para obligar al pasajero a apagar el m\u00f3vil o incluso expulsarlo del vuelo si se niega a cumplir con las regulaciones.<\/p>\n<\/section>\n<section id=preguntas>\n<h2><span class=\"ez-toc-section\" id=\"Preguntas_Frecuentes\"><\/span>Preguntas Frecuentes<span class=\"ez-toc-section-end\"><\/span><\/h2>\n<h3><span class=\"ez-toc-section\" id=\"%C2%BFPuedo_usar_mi_movil_en_el_avion\"><\/span>\u00bfPuedo usar mi m\u00f3vil en el avi\u00f3n?<span class=\"ez-toc-section-end\"><\/span><\/h3>\n<p>S\u00ed, puedes usar tu m\u00f3vil en el avi\u00f3n siempre y cuando est\u00e9 en modo avi\u00f3n.<\/p>\n<h3><span class=\"ez-toc-section\" id=\"%C2%BFPuedo_usar_mi_movil_durante_el_despegue_y_el_aterrizaje\"><\/span>\u00bfPuedo usar mi m\u00f3vil durante el despegue y el aterrizaje?<span class=\"ez-toc-section-end\"><\/span><\/h3>\n<p>Depende de la aerol\u00ednea y las regulaciones de cada pa\u00eds. Algunas aerol\u00edneas permiten el uso de dispositivos electr\u00f3nicos durante el despegue y el aterrizaje, siempre y cuando est\u00e9n en modo avi\u00f3n y se hayan asegurado correctamente en el bolsillo del asiento o en el equipaje de mano.<\/p>\n<h3><span class=\"ez-toc-section\" id=\"%C2%BFPuedo_hacer_llamadas_o_enviar_mensajes_de_texto_en_el_avion\"><\/span>\u00bfPuedo hacer llamadas o enviar mensajes de texto en el avi\u00f3n?<span class=\"ez-toc-section-end\"><\/span><\/h3>\n<p>En general, no se permite hacer llamadas o enviar mensajes de texto durante el vuelo. Sin embargo, en algunos vuelos de larga distancia, se ofrecen servicios de Wi-Fi y llamadas por sat\u00e9lite a trav\u00e9s de proveedores como OnAir y AeroMobile.<\/p>\n<h3><span class=\"ez-toc-section\" id=\"%C2%BFPuedo_usar_mi_movil_en_el_avion_si_no_esta_en_modo_avion\"><\/span>\u00bfPuedo usar mi m\u00f3vil en el avi\u00f3n si no est\u00e1 en modo avi\u00f3n?<span class=\"ez-toc-section-end\"><\/span><\/h3>\n<p>No, debes asegurarte de que tu m\u00f3vil est\u00e9 en modo avi\u00f3n durante todo el vuelo para evitar interferencias con los equipos de navegaci\u00f3n y comunicaci\u00f3n del avi\u00f3n.<\/p>\n<h3><span class=\"ez-toc-section\" id=\"%C2%BFQue_pasa_si_me_olvido_de_poner_mi_movil_en_modo_avion\"><\/span>\u00bfQu\u00e9 pasa si me olvido de poner mi m\u00f3vil en modo avi\u00f3n?<span class=\"ez-toc-section-end\"><\/span><\/h3>\n<p>La tripulaci\u00f3n de cabina te pedir\u00e1 que apagues el m\u00f3vil inmediatamente y lo pongas en modo avi\u00f3n para evitar interferencias con los equipos del avi\u00f3n. Si te niegas a cumplir con las regulaciones, la tripulaci\u00f3n tiene la autoridad para obligarte a apagar el m\u00f3vil o incluso expulsarte del vuelo.<\/p>\n<\/section>\n<footer>\n<p>Art\u00edculo escrito por Ana Gonz\u00e1lez.<\/p>\n<\/footer>\n","protected":false},"excerpt":{"rendered":"<p>\u00bfSe Puede Usar El M\u00f3vil En El Avi\u00f3n? Curiosidades Regulaciones Experiencias Personales Preguntas Frecuentes Curiosidades El primer vuelo en el que se permiti\u00f3 el uso de m\u00f3viles fue en 2008. En 2013, la Comisi\u00f3n Europea autoriz\u00f3 el uso de m\u00f3viles en todos los vuelos comerciales de la Uni\u00f3n Europea. Seg\u00fan una encuesta realizada por la &#8230; <a title=\"Se puede usar el movil en el avion\" class=\"read-more\" href=\"https:\/\/dudasytextos.com\/se-puede\/se-puede-usar-el-movil-en-el-avion\/\" aria-label=\"M\u00e1s en Se puede usar el movil en el avion\">Leer m\u00e1s<\/a><\/p>\n","protected":false},"author":1,"featured_media":0,"comment_status":"open","ping_status":"open","sticky":false,"template":"","format":"standard","meta":{"footnotes":""},"categories":[5,3],"tags":[],"class_list":["post-133360","post","type-post","status-publish","format-standard","hentry","category-avion","category-se-puede"],"aioseo_notices":[],"aioseo_head":"\n\t\t<!-- All in One SEO 5.0.1.1 - aioseo.com -->\n\t<meta name=\"description\" content=\"\u00bfSe Puede Usar El M\u00f3vil En El Avi\u00f3n? Curiosidades Regulaciones Experiencias Personales Preguntas Frecuentes Curiosidades El primer vuelo en el que se permiti\u00f3 el uso de m\u00f3viles fue en 2008. En 2013, la Comisi\u00f3n Europea autoriz\u00f3 el uso de m\u00f3viles en todos los vuelos comerciales de la Uni\u00f3n Europea. Seg\u00fan una encuesta realizada por la\" \/>\n\t<meta name=\"robots\" content=\"max-snippet:-1, max-image-preview:large, max-video-preview:-1\" \/>\n\t<meta name=\"author\" content=\"Ana Gonz\u00e1lez\"\/>\n\t<link rel=\"canonical\" href=\"https:\/\/dudasytextos.com\/se-puede\/se-puede-usar-el-movil-en-el-avion\/\" \/>\n\t<meta name=\"generator\" content=\"All in One SEO (AIOSEO) 5.0.1.1\" \/>\n\n\t\t<script async src=\"https:\/\/pagead2.googlesyndication.com\/pagead\/js\/adsbygoogle.js?client=ca-pub-3987500858204711\"\n     crossorigin=\"anonymous\"><\/script>\n<!-- Google tag (gtag.js) -->\n<script async src=\"https:\/\/www.googletagmanager.com\/gtag\/js?id=G-TYJ2FRZ8ZF\"><\/script>\n<script>\n  window.dataLayer = window.dataLayer || [];\n  function gtag(){dataLayer.push(arguments);}\n  gtag('js', new Date());\n\n  gtag('config', 'G-TYJ2FRZ8ZF');\n<\/script>\n\t\t<meta property=\"og:locale\" content=\"es_ES\" \/>\n\t\t<meta property=\"og:site_name\" content=\"\u00bfSe Puede? - Tomar decisiones informadas y resolver dudas.\" \/>\n\t\t<meta property=\"og:type\" content=\"article\" \/>\n\t\t<meta property=\"og:title\" content=\"Se puede usar el movil en el avion (2026) \u00bfSe Puede?\" \/>\n\t\t<meta property=\"og:description\" content=\"\u00bfSe Puede Usar El M\u00f3vil En El Avi\u00f3n? Curiosidades Regulaciones Experiencias Personales Preguntas Frecuentes Curiosidades El primer vuelo en el que se permiti\u00f3 el uso de m\u00f3viles fue en 2008. En 2013, la Comisi\u00f3n Europea autoriz\u00f3 el uso de m\u00f3viles en todos los vuelos comerciales de la Uni\u00f3n Europea. Seg\u00fan una encuesta realizada por la\" \/>\n\t\t<meta property=\"og:url\" content=\"https:\/\/dudasytextos.com\/se-puede\/se-puede-usar-el-movil-en-el-avion\/\" \/>\n\t\t<meta property=\"article:published_time\" content=\"2025-02-19T13:03:51+00:00\" \/>\n\t\t<meta property=\"article:modified_time\" content=\"2025-03-12T12:58:38+00:00\" \/>\n\t\t<meta name=\"twitter:card\" content=\"summary_large_image\" \/>\n\t\t<meta name=\"twitter:title\" content=\"Se puede usar el movil en el avion (2026) \u00bfSe Puede?\" \/>\n\t\t<meta name=\"twitter:description\" content=\"\u00bfSe Puede Usar El M\u00f3vil En El Avi\u00f3n? Curiosidades Regulaciones Experiencias Personales Preguntas Frecuentes Curiosidades El primer vuelo en el que se permiti\u00f3 el uso de m\u00f3viles fue en 2008. En 2013, la Comisi\u00f3n Europea autoriz\u00f3 el uso de m\u00f3viles en todos los vuelos comerciales de la Uni\u00f3n Europea. Seg\u00fan una encuesta realizada por la\" \/>\n\t\t<script type=\"application\/ld+json\" class=\"aioseo-schema\">\n\t\t\t{\"@context\":\"https:\\\/\\\/schema.org\",\"@graph\":[{\"@type\":\"BlogPosting\",\"@id\":\"https:\\\/\\\/dudasytextos.com\\\/se-puede\\\/se-puede-usar-el-movil-en-el-avion\\\/#blogposting\",\"name\":\"Se puede usar el movil en el avion (2026) \\u00bfSe Puede?\",\"headline\":\"Se puede usar el movil en el avion\",\"author\":{\"@id\":\"https:\\\/\\\/dudasytextos.com\\\/se-puede\\\/author\\\/admin23\\\/#author\"},\"publisher\":{\"@id\":\"https:\\\/\\\/dudasytextos.com\\\/se-puede\\\/#organization\"},\"datePublished\":\"2025-02-19T13:03:51+00:00\",\"dateModified\":\"2025-03-12T12:58:38+00:00\",\"inLanguage\":\"es-ES\",\"mainEntityOfPage\":{\"@id\":\"https:\\\/\\\/dudasytextos.com\\\/se-puede\\\/se-puede-usar-el-movil-en-el-avion\\\/#webpage\"},\"isPartOf\":{\"@id\":\"https:\\\/\\\/dudasytextos.com\\\/se-puede\\\/se-puede-usar-el-movil-en-el-avion\\\/#webpage\"},\"articleSection\":\"Avi\\u00f3n, \\u00bfSe puede?\"},{\"@type\":\"BreadcrumbList\",\"@id\":\"https:\\\/\\\/dudasytextos.com\\\/se-puede\\\/se-puede-usar-el-movil-en-el-avion\\\/#breadcrumblist\",\"itemListElement\":[{\"@type\":\"ListItem\",\"@id\":\"https:\\\/\\\/dudasytextos.com\\\/se-puede#listItem\",\"position\":1,\"name\":\"Home\",\"item\":\"https:\\\/\\\/dudasytextos.com\\\/se-puede\",\"nextItem\":{\"@type\":\"ListItem\",\"@id\":\"https:\\\/\\\/dudasytextos.com\\\/se-puede\\\/category\\\/se-puede\\\/#listItem\",\"name\":\"\\u00bfSe puede?\"}},{\"@type\":\"ListItem\",\"@id\":\"https:\\\/\\\/dudasytextos.com\\\/se-puede\\\/category\\\/se-puede\\\/#listItem\",\"position\":2,\"name\":\"\\u00bfSe puede?\",\"item\":\"https:\\\/\\\/dudasytextos.com\\\/se-puede\\\/category\\\/se-puede\\\/\",\"nextItem\":{\"@type\":\"ListItem\",\"@id\":\"https:\\\/\\\/dudasytextos.com\\\/se-puede\\\/se-puede-usar-el-movil-en-el-avion\\\/#listItem\",\"name\":\"Se puede usar el movil en el avion\"},\"previousItem\":{\"@type\":\"ListItem\",\"@id\":\"https:\\\/\\\/dudasytextos.com\\\/se-puede#listItem\",\"name\":\"Home\"}},{\"@type\":\"ListItem\",\"@id\":\"https:\\\/\\\/dudasytextos.com\\\/se-puede\\\/se-puede-usar-el-movil-en-el-avion\\\/#listItem\",\"position\":3,\"name\":\"Se puede usar el movil en el avion\",\"previousItem\":{\"@type\":\"ListItem\",\"@id\":\"https:\\\/\\\/dudasytextos.com\\\/se-puede\\\/category\\\/se-puede\\\/#listItem\",\"name\":\"\\u00bfSe puede?\"}}]},{\"@type\":\"Organization\",\"@id\":\"https:\\\/\\\/dudasytextos.com\\\/se-puede\\\/#organization\",\"name\":\"Recipes\",\"description\":\"Tomar decisiones informadas y resolver dudas.\",\"url\":\"https:\\\/\\\/dudasytextos.com\\\/se-puede\\\/\"},{\"@type\":\"Person\",\"@id\":\"https:\\\/\\\/dudasytextos.com\\\/se-puede\\\/author\\\/admin23\\\/#author\",\"url\":\"https:\\\/\\\/dudasytextos.com\\\/se-puede\\\/author\\\/admin23\\\/\",\"name\":\"Ana Gonz\\u00e1lez\"},{\"@type\":\"WebPage\",\"@id\":\"https:\\\/\\\/dudasytextos.com\\\/se-puede\\\/se-puede-usar-el-movil-en-el-avion\\\/#webpage\",\"url\":\"https:\\\/\\\/dudasytextos.com\\\/se-puede\\\/se-puede-usar-el-movil-en-el-avion\\\/\",\"name\":\"Se puede usar el movil en el avion (2026) \\u00bfSe Puede?\",\"description\":\"\\u00bfSe Puede Usar El M\\u00f3vil En El Avi\\u00f3n? Curiosidades Regulaciones Experiencias Personales Preguntas Frecuentes Curiosidades El primer vuelo en el que se permiti\\u00f3 el uso de m\\u00f3viles fue en 2008. En 2013, la Comisi\\u00f3n Europea autoriz\\u00f3 el uso de m\\u00f3viles en todos los vuelos comerciales de la Uni\\u00f3n Europea. Seg\\u00fan una encuesta realizada por la\",\"inLanguage\":\"es-ES\",\"isPartOf\":{\"@id\":\"https:\\\/\\\/dudasytextos.com\\\/se-puede\\\/#website\"},\"breadcrumb\":{\"@id\":\"https:\\\/\\\/dudasytextos.com\\\/se-puede\\\/se-puede-usar-el-movil-en-el-avion\\\/#breadcrumblist\"},\"author\":{\"@id\":\"https:\\\/\\\/dudasytextos.com\\\/se-puede\\\/author\\\/admin23\\\/#author\"},\"creator\":{\"@id\":\"https:\\\/\\\/dudasytextos.com\\\/se-puede\\\/author\\\/admin23\\\/#author\"},\"datePublished\":\"2025-02-19T13:03:51+00:00\",\"dateModified\":\"2025-03-12T12:58:38+00:00\"},{\"@type\":\"WebSite\",\"@id\":\"https:\\\/\\\/dudasytextos.com\\\/se-puede\\\/#website\",\"url\":\"https:\\\/\\\/dudasytextos.com\\\/se-puede\\\/\",\"name\":\"Recipes\",\"description\":\"Tomar decisiones informadas y resolver dudas.\",\"inLanguage\":\"es-ES\",\"publisher\":{\"@id\":\"https:\\\/\\\/dudasytextos.com\\\/se-puede\\\/#organization\"}}]}\n\t\t<\/script>\n\t\t<!-- All in One SEO -->\n\n","aioseo_head_json":{"title":"Se puede usar el movil en el avion (2026) \u00bfSe Puede?","description":"\u00bfSe Puede Usar El M\u00f3vil En El Avi\u00f3n? Curiosidades Regulaciones Experiencias Personales Preguntas Frecuentes Curiosidades El primer vuelo en el que se permiti\u00f3 el uso de m\u00f3viles fue en 2008. En 2013, la Comisi\u00f3n Europea autoriz\u00f3 el uso de m\u00f3viles en todos los vuelos comerciales de la Uni\u00f3n Europea. Seg\u00fan una encuesta realizada por la","canonical_url":"https:\/\/dudasytextos.com\/se-puede\/se-puede-usar-el-movil-en-el-avion\/","robots":"max-snippet:-1, max-image-preview:large, max-video-preview:-1","keywords":"","webmasterTools":{"miscellaneous":"&lt;script async src=\"https:\/\/pagead2.googlesyndication.com\/pagead\/js\/adsbygoogle.js?client=ca-pub-3987500858204711\"\n     crossorigin=\"anonymous\"&gt;&lt;\/script&gt;\n&lt;!-- Google tag (gtag.js) --&gt;\n&lt;script async src=\"https:\/\/www.googletagmanager.com\/gtag\/js?id=G-TYJ2FRZ8ZF\"&gt;&lt;\/script&gt;\n&lt;script&gt;\n  window.dataLayer = window.dataLayer || [];\n  function gtag(){dataLayer.push(arguments);}\n  gtag('js', new Date());\n\n  gtag('config', 'G-TYJ2FRZ8ZF');\n&lt;\/script&gt;"},"schema":{"@context":"https:\/\/schema.org","@graph":[{"@type":"BlogPosting","@id":"https:\/\/dudasytextos.com\/se-puede\/se-puede-usar-el-movil-en-el-avion\/#blogposting","name":"Se puede usar el movil en el avion (2026) \u00bfSe Puede?","headline":"Se puede usar el movil en el avion","author":{"@id":"https:\/\/dudasytextos.com\/se-puede\/author\/admin23\/#author"},"publisher":{"@id":"https:\/\/dudasytextos.com\/se-puede\/#organization"},"datePublished":"2025-02-19T13:03:51+00:00","dateModified":"2025-03-12T12:58:38+00:00","inLanguage":"es-ES","mainEntityOfPage":{"@id":"https:\/\/dudasytextos.com\/se-puede\/se-puede-usar-el-movil-en-el-avion\/#webpage"},"isPartOf":{"@id":"https:\/\/dudasytextos.com\/se-puede\/se-puede-usar-el-movil-en-el-avion\/#webpage"},"articleSection":"Avi\u00f3n, \u00bfSe puede?"},{"@type":"BreadcrumbList","@id":"https:\/\/dudasytextos.com\/se-puede\/se-puede-usar-el-movil-en-el-avion\/#breadcrumblist","itemListElement":[{"@type":"ListItem","@id":"https:\/\/dudasytextos.com\/se-puede#listItem","position":1,"name":"Home","item":"https:\/\/dudasytextos.com\/se-puede","nextItem":{"@type":"ListItem","@id":"https:\/\/dudasytextos.com\/se-puede\/category\/se-puede\/#listItem","name":"\u00bfSe puede?"}},{"@type":"ListItem","@id":"https:\/\/dudasytextos.com\/se-puede\/category\/se-puede\/#listItem","position":2,"name":"\u00bfSe puede?","item":"https:\/\/dudasytextos.com\/se-puede\/category\/se-puede\/","nextItem":{"@type":"ListItem","@id":"https:\/\/dudasytextos.com\/se-puede\/se-puede-usar-el-movil-en-el-avion\/#listItem","name":"Se puede usar el movil en el avion"},"previousItem":{"@type":"ListItem","@id":"https:\/\/dudasytextos.com\/se-puede#listItem","name":"Home"}},{"@type":"ListItem","@id":"https:\/\/dudasytextos.com\/se-puede\/se-puede-usar-el-movil-en-el-avion\/#listItem","position":3,"name":"Se puede usar el movil en el avion","previousItem":{"@type":"ListItem","@id":"https:\/\/dudasytextos.com\/se-puede\/category\/se-puede\/#listItem","name":"\u00bfSe puede?"}}]},{"@type":"Organization","@id":"https:\/\/dudasytextos.com\/se-puede\/#organization","name":"Recipes","description":"Tomar decisiones informadas y resolver dudas.","url":"https:\/\/dudasytextos.com\/se-puede\/"},{"@type":"Person","@id":"https:\/\/dudasytextos.com\/se-puede\/author\/admin23\/#author","url":"https:\/\/dudasytextos.com\/se-puede\/author\/admin23\/","name":"Ana Gonz\u00e1lez"},{"@type":"WebPage","@id":"https:\/\/dudasytextos.com\/se-puede\/se-puede-usar-el-movil-en-el-avion\/#webpage","url":"https:\/\/dudasytextos.com\/se-puede\/se-puede-usar-el-movil-en-el-avion\/","name":"Se puede usar el movil en el avion (2026) \u00bfSe Puede?","description":"\u00bfSe Puede Usar El M\u00f3vil En El Avi\u00f3n? Curiosidades Regulaciones Experiencias Personales Preguntas Frecuentes Curiosidades El primer vuelo en el que se permiti\u00f3 el uso de m\u00f3viles fue en 2008. En 2013, la Comisi\u00f3n Europea autoriz\u00f3 el uso de m\u00f3viles en todos los vuelos comerciales de la Uni\u00f3n Europea. Seg\u00fan una encuesta realizada por la","inLanguage":"es-ES","isPartOf":{"@id":"https:\/\/dudasytextos.com\/se-puede\/#website"},"breadcrumb":{"@id":"https:\/\/dudasytextos.com\/se-puede\/se-puede-usar-el-movil-en-el-avion\/#breadcrumblist"},"author":{"@id":"https:\/\/dudasytextos.com\/se-puede\/author\/admin23\/#author"},"creator":{"@id":"https:\/\/dudasytextos.com\/se-puede\/author\/admin23\/#author"},"datePublished":"2025-02-19T13:03:51+00:00","dateModified":"2025-03-12T12:58:38+00:00"},{"@type":"WebSite","@id":"https:\/\/dudasytextos.com\/se-puede\/#website","url":"https:\/\/dudasytextos.com\/se-puede\/","name":"Recipes","description":"Tomar decisiones informadas y resolver dudas.","inLanguage":"es-ES","publisher":{"@id":"https:\/\/dudasytextos.com\/se-puede\/#organization"}}]},"og:locale":"es_ES","og:site_name":"\u00bfSe Puede? - Tomar decisiones informadas y resolver dudas.","og:type":"article","og:title":"Se puede usar el movil en el avion (2026) \u00bfSe Puede?","og:description":"\u00bfSe Puede Usar El M\u00f3vil En El Avi\u00f3n? Curiosidades Regulaciones Experiencias Personales Preguntas Frecuentes Curiosidades El primer vuelo en el que se permiti\u00f3 el uso de m\u00f3viles fue en 2008. En 2013, la Comisi\u00f3n Europea autoriz\u00f3 el uso de m\u00f3viles en todos los vuelos comerciales de la Uni\u00f3n Europea. Seg\u00fan una encuesta realizada por la","og:url":"https:\/\/dudasytextos.com\/se-puede\/se-puede-usar-el-movil-en-el-avion\/","article:published_time":"2025-02-19T13:03:51+00:00","article:modified_time":"2025-03-12T12:58:38+00:00","twitter:card":"summary_large_image","twitter:title":"Se puede usar el movil en el avion (2026) \u00bfSe Puede?","twitter:description":"\u00bfSe Puede Usar El M\u00f3vil En El Avi\u00f3n? Curiosidades Regulaciones Experiencias Personales Preguntas Frecuentes Curiosidades El primer vuelo en el que se permiti\u00f3 el uso de m\u00f3viles fue en 2008. En 2013, la Comisi\u00f3n Europea autoriz\u00f3 el uso de m\u00f3viles en todos los vuelos comerciales de la Uni\u00f3n Europea. Seg\u00fan una encuesta realizada por la"},"aioseo_meta_data":{"post_id":"133360","title":null,"description":null,"keywords":null,"keyphrases":null,"primary_term":null,"canonical_url":null,"og_title":null,"og_description":null,"og_object_type":"default","og_image_type":"default","og_image_url":null,"og_image_width":null,"og_image_height":null,"og_image_custom_url":null,"og_image_custom_fields":null,"og_video":null,"og_custom_url":null,"og_article_section":null,"og_article_tags":null,"twitter_use_og":false,"twitter_card":"default","twitter_image_type":"default","twitter_image_url":null,"twitter_image_custom_url":null,"twitter_image_custom_fields":null,"twitter_title":null,"twitter_description":null,"schema":{"blockGraphs":[],"customGraphs":[],"default":{"data":{"Article":[],"Course":[],"Dataset":[],"FAQPage":[],"Movie":[],"Person":[],"Product":[],"ProductReview":[],"Car":[],"Recipe":[],"Service":[],"SoftwareApplication":[],"WebPage":[]},"graphName":"","isEnabled":true},"graphs":[]},"schema_type":"default","schema_type_options":null,"pillar_content":false,"robots_default":true,"robots_noindex":false,"robots_noarchive":false,"robots_nosnippet":false,"robots_nofollow":false,"robots_noimageindex":false,"robots_noodp":false,"robots_notranslate":false,"robots_max_snippet":null,"robots_max_videopreview":null,"robots_max_imagepreview":"large","priority":null,"frequency":null,"local_seo":null,"breadcrumb_settings":null,"limit_modified_date":false,"ai":null,"created":"2023-04-30 05:01:25","updated":"2025-03-13 17:48:00","seo_analyzer_scan_date":null,"focus_keyword":null,"additional_keywords":null,"truseo_locale":null},"aioseo_breadcrumb":"<div class=\"aioseo-breadcrumbs\"><span class=\"aioseo-breadcrumb\">\n\t\t\t<a href=\"https:\/\/dudasytextos.com\/se-puede\" title=\"Home\">Home<\/a>\n\t\t<\/span><span class=\"aioseo-breadcrumb-separator\">&raquo;<\/span><span class=\"aioseo-breadcrumb\">\n\t\t\t<a href=\"https:\/\/dudasytextos.com\/se-puede\/category\/se-puede\/\" title=\"\u00bfSe puede?\">\u00bfSe puede?<\/a>\n\t\t<\/span><span class=\"aioseo-breadcrumb-separator\">&raquo;<\/span><span class=\"aioseo-breadcrumb\">\n\t\t\tSe puede usar el movil en el avion\n\t\t<\/span><\/div>","aioseo_breadcrumb_json":[{"label":"Home","link":"https:\/\/dudasytextos.com\/se-puede"},{"label":"\u00bfSe puede?","link":"https:\/\/dudasytextos.com\/se-puede\/category\/se-puede\/"},{"label":"Se puede usar el movil en el avion","link":"https:\/\/dudasytextos.com\/se-puede\/se-puede-usar-el-movil-en-el-avion\/"}],"_links":{"self":[{"href":"https:\/\/dudasytextos.com\/se-puede\/wp-json\/wp\/v2\/posts\/133360","targetHints":{"allow":["GET"]}}],"collection":[{"href":"https:\/\/dudasytextos.com\/se-puede\/wp-json\/wp\/v2\/posts"}],"about":[{"href":"https:\/\/dudasytextos.com\/se-puede\/wp-json\/wp\/v2\/types\/post"}],"author":[{"embeddable":true,"href":"https:\/\/dudasytextos.com\/se-puede\/wp-json\/wp\/v2\/users\/1"}],"replies":[{"embeddable":true,"href":"https:\/\/dudasytextos.com\/se-puede\/wp-json\/wp\/v2\/comments?post=133360"}],"version-history":[{"count":1,"href":"https:\/\/dudasytextos.com\/se-puede\/wp-json\/wp\/v2\/posts\/133360\/revisions"}],"predecessor-version":[{"id":135867,"href":"https:\/\/dudasytextos.com\/se-puede\/wp-json\/wp\/v2\/posts\/133360\/revisions\/135867"}],"wp:attachment":[{"href":"https:\/\/dudasytextos.com\/se-puede\/wp-json\/wp\/v2\/media?parent=133360"}],"wp:term":[{"taxonomy":"category","embeddable":true,"href":"https:\/\/dudasytextos.com\/se-puede\/wp-json\/wp\/v2\/categories?post=133360"},{"taxonomy":"post_tag","embeddable":true,"href":"https:\/\/dudasytextos.com\/se-puede\/wp-json\/wp\/v2\/tags?post=133360"}],"curies":[{"name":"wp","href":"https:\/\/api.w.org\/{rel}","templated":true}]}}