{"id":133408,"date":"2025-03-09T09:46:20","date_gmt":"2025-03-09T09:46:20","guid":{"rendered":"https:\/\/educacion.cc\/?p=133408"},"modified":"2025-03-12T23:30:14","modified_gmt":"2025-03-12T23:30:14","slug":"no-se-puede-cargar-su-perfil-firefox","status":"publish","type":"post","link":"https:\/\/dudasytextos.com\/se-puede\/no-se-puede-cargar-su-perfil-firefox\/","title":{"rendered":"No se puede cargar su perfil firefox"},"content":{"rendered":"<div id=\"ez-toc-container\" class=\"ez-toc-v2_0_87 counter-hierarchy ez-toc-counter ez-toc-custom ez-toc-container-direction\">\n<div class=\"ez-toc-title-container\">\n<span class=\"ez-toc-title-toggle\"><\/span><\/div>\n<nav><ul class='ez-toc-list ez-toc-list-level-1 ' ><li class='ez-toc-page-1 ez-toc-heading-level-2'><a class=\"ez-toc-link ez-toc-heading-1\" href=\"https:\/\/dudasytextos.com\/se-puede\/no-se-puede-cargar-su-perfil-firefox\/#No_Se_Puede_Cargar_Su_Perfil_Firefox\" >No Se Puede Cargar Su Perfil Firefox<\/a><\/li><li class='ez-toc-page-1 ez-toc-heading-level-2'><a class=\"ez-toc-link ez-toc-heading-2\" href=\"https:\/\/dudasytextos.com\/se-puede\/no-se-puede-cargar-su-perfil-firefox\/#Curiosidades_e_informacion_interesante\" >Curiosidades e informaci\u00f3n interesante<\/a><\/li><li class='ez-toc-page-1 ez-toc-heading-level-2'><a class=\"ez-toc-link ez-toc-heading-3\" href=\"https:\/\/dudasytextos.com\/se-puede\/no-se-puede-cargar-su-perfil-firefox\/#%C2%BFQue_hice_cuando_me_encontre_con_este_problema\" >\u00bfQu\u00e9 hice cuando me encontr\u00e9 con este problema?<\/a><\/li><li class='ez-toc-page-1 ez-toc-heading-level-2'><a class=\"ez-toc-link ez-toc-heading-4\" href=\"https:\/\/dudasytextos.com\/se-puede\/no-se-puede-cargar-su-perfil-firefox\/#%C2%BFComo_solucionar_el_problema_de_No_Se_Puede_Cargar_Su_Perfil_en_Firefox\" >\u00bfC\u00f3mo solucionar el problema de No Se Puede Cargar Su Perfil en Firefox?<\/a><\/li><li class='ez-toc-page-1 ez-toc-heading-level-2'><a class=\"ez-toc-link ez-toc-heading-5\" href=\"https:\/\/dudasytextos.com\/se-puede\/no-se-puede-cargar-su-perfil-firefox\/#Preguntas_Frecuentes\" >Preguntas Frecuentes<\/a><ul class='ez-toc-list-level-3' ><li class='ez-toc-heading-level-3'><a class=\"ez-toc-link ez-toc-heading-6\" href=\"https:\/\/dudasytextos.com\/se-puede\/no-se-puede-cargar-su-perfil-firefox\/#%C2%BFQue_causa_el_error_No_Se_Puede_Cargar_Su_Perfil_en_Firefox\" >\u00bfQu\u00e9 causa el error No Se Puede Cargar Su Perfil en Firefox?<\/a><\/li><li class='ez-toc-page-1 ez-toc-heading-level-3'><a class=\"ez-toc-link ez-toc-heading-7\" href=\"https:\/\/dudasytextos.com\/se-puede\/no-se-puede-cargar-su-perfil-firefox\/#%C2%BFComo_puedo_solucionar_el_problema\" >\u00bfC\u00f3mo puedo solucionar el problema?<\/a><\/li><li class='ez-toc-page-1 ez-toc-heading-level-3'><a class=\"ez-toc-link ez-toc-heading-8\" href=\"https:\/\/dudasytextos.com\/se-puede\/no-se-puede-cargar-su-perfil-firefox\/#%C2%BFQue_puedo_hacer_si_ninguna_de_estas_soluciones_funciona\" >\u00bfQu\u00e9 puedo hacer si ninguna de estas soluciones funciona?<\/a><\/li><\/ul><\/li><\/ul><\/nav><\/div>\n<h2><span class=\"ez-toc-section\" id=\"No_Se_Puede_Cargar_Su_Perfil_Firefox\"><\/span>No Se Puede Cargar Su Perfil Firefox<span class=\"ez-toc-section-end\"><\/span><\/h2>\n<p>\u00a1Bienvenidos a mi art\u00edculo en el que hablaremos sobre c\u00f3mo solucionar el problema de No Se Puede Cargar Su Perfil en Firefox!<\/p>\n<section>\n<h2><span class=\"ez-toc-section\" id=\"Curiosidades_e_informacion_interesante\"><\/span>Curiosidades e informaci\u00f3n interesante<span class=\"ez-toc-section-end\"><\/span><\/h2>\n<ul>\n<li>Este problema es bastante com\u00fan entre los usuarios de Firefox.<\/li>\n<li>El error No Se Puede Cargar Su Perfil aparece cuando el navegador no puede acceder al perfil de usuario.<\/li>\n<li>Este problema puede ser causado por varias razones, como una actualizaci\u00f3n incompleta o una extensi\u00f3n maliciosa.<\/li>\n<li>\u00a1No te preocupes! Este problema se puede solucionar f\u00e1cilmente y en poco tiempo.<\/li>\n<\/ul>\n<\/section>\n<section>\n<h2><span class=\"ez-toc-section\" id=\"%C2%BFQue_hice_cuando_me_encontre_con_este_problema\"><\/span>\u00bfQu\u00e9 hice cuando me encontr\u00e9 con este problema?<span class=\"ez-toc-section-end\"><\/span><\/h2>\n<p>Hace unas semanas, me encontr\u00e9 con el molesto error No Se Puede Cargar Su Perfil en mi navegador Firefox. Al principio, estaba un poco frustrada ya que no pod\u00eda acceder a mi historial de navegaci\u00f3n ni a mis marcadores. Sin embargo, despu\u00e9s de investigar un poco, descubr\u00ed algunas soluciones efectivas que me gustar\u00eda compartir contigo.<\/p>\n<\/section>\n<section>\n<h2><span class=\"ez-toc-section\" id=\"%C2%BFComo_solucionar_el_problema_de_No_Se_Puede_Cargar_Su_Perfil_en_Firefox\"><\/span>\u00bfC\u00f3mo solucionar el problema de No Se Puede Cargar Su Perfil en Firefox?<span class=\"ez-toc-section-end\"><\/span><\/h2>\n<p>A continuaci\u00f3n, te presento algunas soluciones efectivas que puedes probar para solucionar el problema de No Se Puede Cargar Su Perfil en Firefox:<\/p>\n<ul>\n<li><strong>Reiniciar Firefox:<\/strong> La soluci\u00f3n m\u00e1s simple y efectiva para solucionar este problema es reiniciar Firefox. Simplemente cierra el navegador y vuelva a abrirlo. En la mayor\u00eda de los casos, esto solucionar\u00e1 el problema.<\/li>\n<li><strong>Crear un nuevo perfil de usuario:<\/strong> Si reiniciar Firefox no funciona, es posible que debas crear un nuevo perfil de usuario. Para hacer esto, abre Firefox en modo seguro y sigue las instrucciones para crear un nuevo perfil de usuario.<\/li>\n<li><strong>Desactivar las extensiones:<\/strong> Es posible que una extensi\u00f3n de Firefox est\u00e9 causando el problema. Para solucionar esto, desactiva todas las extensiones y reinicia Firefox. Si esto resuelve el problema, vuelve a habilitar las extensiones una por una hasta que encuentres la que est\u00e1 causando el problema.<\/li>\n<li><strong>Actualizar Firefox:<\/strong> Aseg\u00farate de tener la \u00faltima versi\u00f3n de Firefox instalada. Si no es as\u00ed, actualiza tu navegador para solucionar el problema.<\/li>\n<\/ul>\n<\/section>\n<section>\n<h2><span class=\"ez-toc-section\" id=\"Preguntas_Frecuentes\"><\/span>Preguntas Frecuentes<span class=\"ez-toc-section-end\"><\/span><\/h2>\n<ol>\n<li>\n<h3><span class=\"ez-toc-section\" id=\"%C2%BFQue_causa_el_error_No_Se_Puede_Cargar_Su_Perfil_en_Firefox\"><\/span>\u00bfQu\u00e9 causa el error No Se Puede Cargar Su Perfil en Firefox?<span class=\"ez-toc-section-end\"><\/span><\/h3>\n<p>Este error puede ser causado por varias razones, como una actualizaci\u00f3n incompleta o una extensi\u00f3n maliciosa.<\/p>\n<\/li>\n<li>\n<h3><span class=\"ez-toc-section\" id=\"%C2%BFComo_puedo_solucionar_el_problema\"><\/span>\u00bfC\u00f3mo puedo solucionar el problema?<span class=\"ez-toc-section-end\"><\/span><\/h3>\n<p>Las soluciones efectivas para este problema son reiniciar Firefox, crear un nuevo perfil de usuario, desactivar las extensiones y actualizar Firefox.<\/p>\n<\/li>\n<li>\n<h3><span class=\"ez-toc-section\" id=\"%C2%BFQue_puedo_hacer_si_ninguna_de_estas_soluciones_funciona\"><\/span>\u00bfQu\u00e9 puedo hacer si ninguna de estas soluciones funciona?<span class=\"ez-toc-section-end\"><\/span><\/h3>\n<p>Si ninguna de estas soluciones funciona, es posible que debas desinstalar y volver a instalar Firefox.<\/p>\n<\/li>\n<\/ol>\n<\/section>\n<footer>\n<p>Espero que estas soluciones te hayan ayudado a solucionar el problema de No Se Puede Cargar Su Perfil en Firefox. Si tienes alguna otra soluci\u00f3n efectiva, \u00a1comparte en los comentarios!<\/p>\n<\/footer>\n","protected":false},"excerpt":{"rendered":"<p>No Se Puede Cargar Su Perfil Firefox \u00a1Bienvenidos a mi art\u00edculo en el que hablaremos sobre c\u00f3mo solucionar el problema de No Se Puede Cargar Su Perfil en Firefox! Curiosidades e informaci\u00f3n interesante Este problema es bastante com\u00fan entre los usuarios de Firefox. El error No Se Puede Cargar Su Perfil aparece cuando el navegador &#8230; <a title=\"No se puede cargar su perfil firefox\" class=\"read-more\" href=\"https:\/\/dudasytextos.com\/se-puede\/no-se-puede-cargar-su-perfil-firefox\/\" aria-label=\"M\u00e1s en No se puede cargar su perfil firefox\">Leer m\u00e1s<\/a><\/p>\n","protected":false},"author":1,"featured_media":0,"comment_status":"open","ping_status":"open","sticky":false,"template":"","format":"standard","meta":{"footnotes":""},"categories":[3],"tags":[],"class_list":["post-133408","post","type-post","status-publish","format-standard","hentry","category-se-puede"],"aioseo_notices":[],"aioseo_head":"\n\t\t<!-- All in One SEO 5.0.1.1 - aioseo.com -->\n\t<meta name=\"description\" content=\"No Se Puede Cargar Su Perfil Firefox \u00a1Bienvenidos a mi art\u00edculo en el que hablaremos sobre c\u00f3mo solucionar el problema de No Se Puede Cargar Su Perfil en Firefox! Curiosidades e informaci\u00f3n interesante Este problema es bastante com\u00fan entre los usuarios de Firefox. El error No Se Puede Cargar Su Perfil aparece cuando el navegador\" \/>\n\t<meta name=\"robots\" content=\"max-snippet:-1, max-image-preview:large, max-video-preview:-1\" \/>\n\t<meta name=\"author\" content=\"Ana Gonz\u00e1lez\"\/>\n\t<link rel=\"canonical\" href=\"https:\/\/dudasytextos.com\/se-puede\/no-se-puede-cargar-su-perfil-firefox\/\" \/>\n\t<meta name=\"generator\" content=\"All in One SEO (AIOSEO) 5.0.1.1\" \/>\n\n\t\t<script async src=\"https:\/\/pagead2.googlesyndication.com\/pagead\/js\/adsbygoogle.js?client=ca-pub-3987500858204711\"\n     crossorigin=\"anonymous\"><\/script>\n<!-- Google tag (gtag.js) -->\n<script async src=\"https:\/\/www.googletagmanager.com\/gtag\/js?id=G-TYJ2FRZ8ZF\"><\/script>\n<script>\n  window.dataLayer = window.dataLayer || [];\n  function gtag(){dataLayer.push(arguments);}\n  gtag('js', new Date());\n\n  gtag('config', 'G-TYJ2FRZ8ZF');\n<\/script>\n\t\t<meta property=\"og:locale\" content=\"es_ES\" \/>\n\t\t<meta property=\"og:site_name\" content=\"\u00bfSe Puede? - Tomar decisiones informadas y resolver dudas.\" \/>\n\t\t<meta property=\"og:type\" content=\"article\" \/>\n\t\t<meta property=\"og:title\" content=\"No se puede cargar su perfil firefox (2026) \u00bfSe Puede?\" \/>\n\t\t<meta property=\"og:description\" content=\"No Se Puede Cargar Su Perfil Firefox \u00a1Bienvenidos a mi art\u00edculo en el que hablaremos sobre c\u00f3mo solucionar el problema de No Se Puede Cargar Su Perfil en Firefox! Curiosidades e informaci\u00f3n interesante Este problema es bastante com\u00fan entre los usuarios de Firefox. El error No Se Puede Cargar Su Perfil aparece cuando el navegador\" \/>\n\t\t<meta property=\"og:url\" content=\"https:\/\/dudasytextos.com\/se-puede\/no-se-puede-cargar-su-perfil-firefox\/\" \/>\n\t\t<meta property=\"article:published_time\" content=\"2025-03-09T09:46:20+00:00\" \/>\n\t\t<meta property=\"article:modified_time\" content=\"2025-03-12T23:30:14+00:00\" \/>\n\t\t<meta name=\"twitter:card\" content=\"summary_large_image\" \/>\n\t\t<meta name=\"twitter:title\" content=\"No se puede cargar su perfil firefox (2026) \u00bfSe Puede?\" \/>\n\t\t<meta name=\"twitter:description\" content=\"No Se Puede Cargar Su Perfil Firefox \u00a1Bienvenidos a mi art\u00edculo en el que hablaremos sobre c\u00f3mo solucionar el problema de No Se Puede Cargar Su Perfil en Firefox! Curiosidades e informaci\u00f3n interesante Este problema es bastante com\u00fan entre los usuarios de Firefox. El error No Se Puede Cargar Su Perfil aparece cuando el navegador\" \/>\n\t\t<script type=\"application\/ld+json\" class=\"aioseo-schema\">\n\t\t\t{\"@context\":\"https:\\\/\\\/schema.org\",\"@graph\":[{\"@type\":\"BlogPosting\",\"@id\":\"https:\\\/\\\/dudasytextos.com\\\/se-puede\\\/no-se-puede-cargar-su-perfil-firefox\\\/#blogposting\",\"name\":\"No se puede cargar su perfil firefox (2026) \\u00bfSe Puede?\",\"headline\":\"No se puede cargar su perfil firefox\",\"author\":{\"@id\":\"https:\\\/\\\/dudasytextos.com\\\/se-puede\\\/author\\\/admin23\\\/#author\"},\"publisher\":{\"@id\":\"https:\\\/\\\/dudasytextos.com\\\/se-puede\\\/#organization\"},\"datePublished\":\"2025-03-09T09:46:20+00:00\",\"dateModified\":\"2025-03-12T23:30:14+00:00\",\"inLanguage\":\"es-ES\",\"mainEntityOfPage\":{\"@id\":\"https:\\\/\\\/dudasytextos.com\\\/se-puede\\\/no-se-puede-cargar-su-perfil-firefox\\\/#webpage\"},\"isPartOf\":{\"@id\":\"https:\\\/\\\/dudasytextos.com\\\/se-puede\\\/no-se-puede-cargar-su-perfil-firefox\\\/#webpage\"},\"articleSection\":\"\\u00bfSe puede?\"},{\"@type\":\"BreadcrumbList\",\"@id\":\"https:\\\/\\\/dudasytextos.com\\\/se-puede\\\/no-se-puede-cargar-su-perfil-firefox\\\/#breadcrumblist\",\"itemListElement\":[{\"@type\":\"ListItem\",\"@id\":\"https:\\\/\\\/dudasytextos.com\\\/se-puede#listItem\",\"position\":1,\"name\":\"Home\",\"item\":\"https:\\\/\\\/dudasytextos.com\\\/se-puede\",\"nextItem\":{\"@type\":\"ListItem\",\"@id\":\"https:\\\/\\\/dudasytextos.com\\\/se-puede\\\/category\\\/se-puede\\\/#listItem\",\"name\":\"\\u00bfSe puede?\"}},{\"@type\":\"ListItem\",\"@id\":\"https:\\\/\\\/dudasytextos.com\\\/se-puede\\\/category\\\/se-puede\\\/#listItem\",\"position\":2,\"name\":\"\\u00bfSe puede?\",\"item\":\"https:\\\/\\\/dudasytextos.com\\\/se-puede\\\/category\\\/se-puede\\\/\",\"nextItem\":{\"@type\":\"ListItem\",\"@id\":\"https:\\\/\\\/dudasytextos.com\\\/se-puede\\\/no-se-puede-cargar-su-perfil-firefox\\\/#listItem\",\"name\":\"No se puede cargar su perfil firefox\"},\"previousItem\":{\"@type\":\"ListItem\",\"@id\":\"https:\\\/\\\/dudasytextos.com\\\/se-puede#listItem\",\"name\":\"Home\"}},{\"@type\":\"ListItem\",\"@id\":\"https:\\\/\\\/dudasytextos.com\\\/se-puede\\\/no-se-puede-cargar-su-perfil-firefox\\\/#listItem\",\"position\":3,\"name\":\"No se puede cargar su perfil firefox\",\"previousItem\":{\"@type\":\"ListItem\",\"@id\":\"https:\\\/\\\/dudasytextos.com\\\/se-puede\\\/category\\\/se-puede\\\/#listItem\",\"name\":\"\\u00bfSe puede?\"}}]},{\"@type\":\"Organization\",\"@id\":\"https:\\\/\\\/dudasytextos.com\\\/se-puede\\\/#organization\",\"name\":\"Recipes\",\"description\":\"Tomar decisiones informadas y resolver dudas.\",\"url\":\"https:\\\/\\\/dudasytextos.com\\\/se-puede\\\/\"},{\"@type\":\"Person\",\"@id\":\"https:\\\/\\\/dudasytextos.com\\\/se-puede\\\/author\\\/admin23\\\/#author\",\"url\":\"https:\\\/\\\/dudasytextos.com\\\/se-puede\\\/author\\\/admin23\\\/\",\"name\":\"Ana Gonz\\u00e1lez\"},{\"@type\":\"WebPage\",\"@id\":\"https:\\\/\\\/dudasytextos.com\\\/se-puede\\\/no-se-puede-cargar-su-perfil-firefox\\\/#webpage\",\"url\":\"https:\\\/\\\/dudasytextos.com\\\/se-puede\\\/no-se-puede-cargar-su-perfil-firefox\\\/\",\"name\":\"No se puede cargar su perfil firefox (2026) \\u00bfSe Puede?\",\"description\":\"No Se Puede Cargar Su Perfil Firefox \\u00a1Bienvenidos a mi art\\u00edculo en el que hablaremos sobre c\\u00f3mo solucionar el problema de No Se Puede Cargar Su Perfil en Firefox! Curiosidades e informaci\\u00f3n interesante Este problema es bastante com\\u00fan entre los usuarios de Firefox. El error No Se Puede Cargar Su Perfil aparece cuando el navegador\",\"inLanguage\":\"es-ES\",\"isPartOf\":{\"@id\":\"https:\\\/\\\/dudasytextos.com\\\/se-puede\\\/#website\"},\"breadcrumb\":{\"@id\":\"https:\\\/\\\/dudasytextos.com\\\/se-puede\\\/no-se-puede-cargar-su-perfil-firefox\\\/#breadcrumblist\"},\"author\":{\"@id\":\"https:\\\/\\\/dudasytextos.com\\\/se-puede\\\/author\\\/admin23\\\/#author\"},\"creator\":{\"@id\":\"https:\\\/\\\/dudasytextos.com\\\/se-puede\\\/author\\\/admin23\\\/#author\"},\"datePublished\":\"2025-03-09T09:46:20+00:00\",\"dateModified\":\"2025-03-12T23:30:14+00:00\"},{\"@type\":\"WebSite\",\"@id\":\"https:\\\/\\\/dudasytextos.com\\\/se-puede\\\/#website\",\"url\":\"https:\\\/\\\/dudasytextos.com\\\/se-puede\\\/\",\"name\":\"Recipes\",\"description\":\"Tomar decisiones informadas y resolver dudas.\",\"inLanguage\":\"es-ES\",\"publisher\":{\"@id\":\"https:\\\/\\\/dudasytextos.com\\\/se-puede\\\/#organization\"}}]}\n\t\t<\/script>\n\t\t<!-- All in One SEO -->\n\n","aioseo_head_json":{"title":"No se puede cargar su perfil firefox (2026) \u00bfSe Puede?","description":"No Se Puede Cargar Su Perfil Firefox \u00a1Bienvenidos a mi art\u00edculo en el que hablaremos sobre c\u00f3mo solucionar el problema de No Se Puede Cargar Su Perfil en Firefox! Curiosidades e informaci\u00f3n interesante Este problema es bastante com\u00fan entre los usuarios de Firefox. El error No Se Puede Cargar Su Perfil aparece cuando el navegador","canonical_url":"https:\/\/dudasytextos.com\/se-puede\/no-se-puede-cargar-su-perfil-firefox\/","robots":"max-snippet:-1, max-image-preview:large, max-video-preview:-1","keywords":"","webmasterTools":{"miscellaneous":"&lt;script async src=\"https:\/\/pagead2.googlesyndication.com\/pagead\/js\/adsbygoogle.js?client=ca-pub-3987500858204711\"\n     crossorigin=\"anonymous\"&gt;&lt;\/script&gt;\n&lt;!-- Google tag (gtag.js) --&gt;\n&lt;script async src=\"https:\/\/www.googletagmanager.com\/gtag\/js?id=G-TYJ2FRZ8ZF\"&gt;&lt;\/script&gt;\n&lt;script&gt;\n  window.dataLayer = window.dataLayer || [];\n  function gtag(){dataLayer.push(arguments);}\n  gtag('js', new Date());\n\n  gtag('config', 'G-TYJ2FRZ8ZF');\n&lt;\/script&gt;"},"schema":{"@context":"https:\/\/schema.org","@graph":[{"@type":"BlogPosting","@id":"https:\/\/dudasytextos.com\/se-puede\/no-se-puede-cargar-su-perfil-firefox\/#blogposting","name":"No se puede cargar su perfil firefox (2026) \u00bfSe Puede?","headline":"No se puede cargar su perfil firefox","author":{"@id":"https:\/\/dudasytextos.com\/se-puede\/author\/admin23\/#author"},"publisher":{"@id":"https:\/\/dudasytextos.com\/se-puede\/#organization"},"datePublished":"2025-03-09T09:46:20+00:00","dateModified":"2025-03-12T23:30:14+00:00","inLanguage":"es-ES","mainEntityOfPage":{"@id":"https:\/\/dudasytextos.com\/se-puede\/no-se-puede-cargar-su-perfil-firefox\/#webpage"},"isPartOf":{"@id":"https:\/\/dudasytextos.com\/se-puede\/no-se-puede-cargar-su-perfil-firefox\/#webpage"},"articleSection":"\u00bfSe puede?"},{"@type":"BreadcrumbList","@id":"https:\/\/dudasytextos.com\/se-puede\/no-se-puede-cargar-su-perfil-firefox\/#breadcrumblist","itemListElement":[{"@type":"ListItem","@id":"https:\/\/dudasytextos.com\/se-puede#listItem","position":1,"name":"Home","item":"https:\/\/dudasytextos.com\/se-puede","nextItem":{"@type":"ListItem","@id":"https:\/\/dudasytextos.com\/se-puede\/category\/se-puede\/#listItem","name":"\u00bfSe puede?"}},{"@type":"ListItem","@id":"https:\/\/dudasytextos.com\/se-puede\/category\/se-puede\/#listItem","position":2,"name":"\u00bfSe puede?","item":"https:\/\/dudasytextos.com\/se-puede\/category\/se-puede\/","nextItem":{"@type":"ListItem","@id":"https:\/\/dudasytextos.com\/se-puede\/no-se-puede-cargar-su-perfil-firefox\/#listItem","name":"No se puede cargar su perfil firefox"},"previousItem":{"@type":"ListItem","@id":"https:\/\/dudasytextos.com\/se-puede#listItem","name":"Home"}},{"@type":"ListItem","@id":"https:\/\/dudasytextos.com\/se-puede\/no-se-puede-cargar-su-perfil-firefox\/#listItem","position":3,"name":"No se puede cargar su perfil firefox","previousItem":{"@type":"ListItem","@id":"https:\/\/dudasytextos.com\/se-puede\/category\/se-puede\/#listItem","name":"\u00bfSe puede?"}}]},{"@type":"Organization","@id":"https:\/\/dudasytextos.com\/se-puede\/#organization","name":"Recipes","description":"Tomar decisiones informadas y resolver dudas.","url":"https:\/\/dudasytextos.com\/se-puede\/"},{"@type":"Person","@id":"https:\/\/dudasytextos.com\/se-puede\/author\/admin23\/#author","url":"https:\/\/dudasytextos.com\/se-puede\/author\/admin23\/","name":"Ana Gonz\u00e1lez"},{"@type":"WebPage","@id":"https:\/\/dudasytextos.com\/se-puede\/no-se-puede-cargar-su-perfil-firefox\/#webpage","url":"https:\/\/dudasytextos.com\/se-puede\/no-se-puede-cargar-su-perfil-firefox\/","name":"No se puede cargar su perfil firefox (2026) \u00bfSe Puede?","description":"No Se Puede Cargar Su Perfil Firefox \u00a1Bienvenidos a mi art\u00edculo en el que hablaremos sobre c\u00f3mo solucionar el problema de No Se Puede Cargar Su Perfil en Firefox! Curiosidades e informaci\u00f3n interesante Este problema es bastante com\u00fan entre los usuarios de Firefox. El error No Se Puede Cargar Su Perfil aparece cuando el navegador","inLanguage":"es-ES","isPartOf":{"@id":"https:\/\/dudasytextos.com\/se-puede\/#website"},"breadcrumb":{"@id":"https:\/\/dudasytextos.com\/se-puede\/no-se-puede-cargar-su-perfil-firefox\/#breadcrumblist"},"author":{"@id":"https:\/\/dudasytextos.com\/se-puede\/author\/admin23\/#author"},"creator":{"@id":"https:\/\/dudasytextos.com\/se-puede\/author\/admin23\/#author"},"datePublished":"2025-03-09T09:46:20+00:00","dateModified":"2025-03-12T23:30:14+00:00"},{"@type":"WebSite","@id":"https:\/\/dudasytextos.com\/se-puede\/#website","url":"https:\/\/dudasytextos.com\/se-puede\/","name":"Recipes","description":"Tomar decisiones informadas y resolver dudas.","inLanguage":"es-ES","publisher":{"@id":"https:\/\/dudasytextos.com\/se-puede\/#organization"}}]},"og:locale":"es_ES","og:site_name":"\u00bfSe Puede? - Tomar decisiones informadas y resolver dudas.","og:type":"article","og:title":"No se puede cargar su perfil firefox (2026) \u00bfSe Puede?","og:description":"No Se Puede Cargar Su Perfil Firefox \u00a1Bienvenidos a mi art\u00edculo en el que hablaremos sobre c\u00f3mo solucionar el problema de No Se Puede Cargar Su Perfil en Firefox! Curiosidades e informaci\u00f3n interesante Este problema es bastante com\u00fan entre los usuarios de Firefox. El error No Se Puede Cargar Su Perfil aparece cuando el navegador","og:url":"https:\/\/dudasytextos.com\/se-puede\/no-se-puede-cargar-su-perfil-firefox\/","article:published_time":"2025-03-09T09:46:20+00:00","article:modified_time":"2025-03-12T23:30:14+00:00","twitter:card":"summary_large_image","twitter:title":"No se puede cargar su perfil firefox (2026) \u00bfSe Puede?","twitter:description":"No Se Puede Cargar Su Perfil Firefox \u00a1Bienvenidos a mi art\u00edculo en el que hablaremos sobre c\u00f3mo solucionar el problema de No Se Puede Cargar Su Perfil en Firefox! Curiosidades e informaci\u00f3n interesante Este problema es bastante com\u00fan entre los usuarios de Firefox. El error No Se Puede Cargar Su Perfil aparece cuando el navegador"},"aioseo_meta_data":{"post_id":"133408","title":null,"description":null,"keywords":null,"keyphrases":null,"primary_term":null,"canonical_url":null,"og_title":null,"og_description":null,"og_object_type":"default","og_image_type":"default","og_image_url":null,"og_image_width":null,"og_image_height":null,"og_image_custom_url":null,"og_image_custom_fields":null,"og_video":null,"og_custom_url":null,"og_article_section":null,"og_article_tags":null,"twitter_use_og":false,"twitter_card":"default","twitter_image_type":"default","twitter_image_url":null,"twitter_image_custom_url":null,"twitter_image_custom_fields":null,"twitter_title":null,"twitter_description":null,"schema":{"blockGraphs":[],"customGraphs":[],"default":{"data":{"Article":[],"Course":[],"Dataset":[],"FAQPage":[],"Movie":[],"Person":[],"Product":[],"ProductReview":[],"Car":[],"Recipe":[],"Service":[],"SoftwareApplication":[],"WebPage":[]},"graphName":"","isEnabled":true},"graphs":[]},"schema_type":"default","schema_type_options":null,"pillar_content":false,"robots_default":true,"robots_noindex":false,"robots_noarchive":false,"robots_nosnippet":false,"robots_nofollow":false,"robots_noimageindex":false,"robots_noodp":false,"robots_notranslate":false,"robots_max_snippet":null,"robots_max_videopreview":null,"robots_max_imagepreview":"large","priority":null,"frequency":null,"local_seo":null,"breadcrumb_settings":null,"limit_modified_date":false,"ai":null,"created":"2023-04-29 23:48:42","updated":"2025-03-14 12:22:27","seo_analyzer_scan_date":null,"focus_keyword":null,"additional_keywords":null,"truseo_locale":null},"aioseo_breadcrumb":"<div class=\"aioseo-breadcrumbs\"><span class=\"aioseo-breadcrumb\">\n\t\t\t<a href=\"https:\/\/dudasytextos.com\/se-puede\" title=\"Home\">Home<\/a>\n\t\t<\/span><span class=\"aioseo-breadcrumb-separator\">&raquo;<\/span><span class=\"aioseo-breadcrumb\">\n\t\t\t<a href=\"https:\/\/dudasytextos.com\/se-puede\/category\/se-puede\/\" title=\"\u00bfSe puede?\">\u00bfSe puede?<\/a>\n\t\t<\/span><span class=\"aioseo-breadcrumb-separator\">&raquo;<\/span><span class=\"aioseo-breadcrumb\">\n\t\t\tNo se puede cargar su perfil firefox\n\t\t<\/span><\/div>","aioseo_breadcrumb_json":[{"label":"Home","link":"https:\/\/dudasytextos.com\/se-puede"},{"label":"\u00bfSe puede?","link":"https:\/\/dudasytextos.com\/se-puede\/category\/se-puede\/"},{"label":"No se puede cargar su perfil firefox","link":"https:\/\/dudasytextos.com\/se-puede\/no-se-puede-cargar-su-perfil-firefox\/"}],"_links":{"self":[{"href":"https:\/\/dudasytextos.com\/se-puede\/wp-json\/wp\/v2\/posts\/133408","targetHints":{"allow":["GET"]}}],"collection":[{"href":"https:\/\/dudasytextos.com\/se-puede\/wp-json\/wp\/v2\/posts"}],"about":[{"href":"https:\/\/dudasytextos.com\/se-puede\/wp-json\/wp\/v2\/types\/post"}],"author":[{"embeddable":true,"href":"https:\/\/dudasytextos.com\/se-puede\/wp-json\/wp\/v2\/users\/1"}],"replies":[{"embeddable":true,"href":"https:\/\/dudasytextos.com\/se-puede\/wp-json\/wp\/v2\/comments?post=133408"}],"version-history":[{"count":1,"href":"https:\/\/dudasytextos.com\/se-puede\/wp-json\/wp\/v2\/posts\/133408\/revisions"}],"predecessor-version":[{"id":135819,"href":"https:\/\/dudasytextos.com\/se-puede\/wp-json\/wp\/v2\/posts\/133408\/revisions\/135819"}],"wp:attachment":[{"href":"https:\/\/dudasytextos.com\/se-puede\/wp-json\/wp\/v2\/media?parent=133408"}],"wp:term":[{"taxonomy":"category","embeddable":true,"href":"https:\/\/dudasytextos.com\/se-puede\/wp-json\/wp\/v2\/categories?post=133408"},{"taxonomy":"post_tag","embeddable":true,"href":"https:\/\/dudasytextos.com\/se-puede\/wp-json\/wp\/v2\/tags?post=133408"}],"curies":[{"name":"wp","href":"https:\/\/api.w.org\/{rel}","templated":true}]}}