{"id":133589,"date":"2025-02-20T15:57:30","date_gmt":"2025-02-20T15:57:30","guid":{"rendered":"https:\/\/educacion.cc\/?p=133589"},"modified":"2025-03-13T07:20:14","modified_gmt":"2025-03-13T07:20:14","slug":"se-puede-sentir-al-bebe-en-la-semana-9","status":"publish","type":"post","link":"https:\/\/dudasytextos.com\/se-puede\/se-puede-sentir-al-bebe-en-la-semana-9\/","title":{"rendered":"Se puede sentir al beb\u00e9 en la semana 9"},"content":{"rendered":"<div id=\"ez-toc-container\" class=\"ez-toc-v2_0_87 counter-hierarchy ez-toc-counter ez-toc-custom ez-toc-container-direction\">\n<div class=\"ez-toc-title-container\">\n<span class=\"ez-toc-title-toggle\"><\/span><\/div>\n<nav><ul class='ez-toc-list ez-toc-list-level-1 ' ><li class='ez-toc-page-1 ez-toc-heading-level-2'><a class=\"ez-toc-link ez-toc-heading-1\" href=\"https:\/\/dudasytextos.com\/se-puede\/se-puede-sentir-al-bebe-en-la-semana-9\/#%C2%BFSe_Puede_Sentir_Al_Bebe_En_La_Semana_9_%E2%80%93_Respuestas_y_Experiencias\" >\u00bfSe Puede Sentir Al Beb\u00e9 En La Semana 9? &#8211; Respuestas y Experiencias<\/a><\/li><li class='ez-toc-page-1 ez-toc-heading-level-2'><a class=\"ez-toc-link ez-toc-heading-2\" href=\"https:\/\/dudasytextos.com\/se-puede\/se-puede-sentir-al-bebe-en-la-semana-9\/#Curiosidades_y_Hechos_Interesantes\" >Curiosidades y Hechos Interesantes<\/a><\/li><li class='ez-toc-page-1 ez-toc-heading-level-2'><a class=\"ez-toc-link ez-toc-heading-3\" href=\"https:\/\/dudasytextos.com\/se-puede\/se-puede-sentir-al-bebe-en-la-semana-9\/#Mi_Experiencia_Personal\" >Mi Experiencia Personal<\/a><\/li><li class='ez-toc-page-1 ez-toc-heading-level-2'><a class=\"ez-toc-link ez-toc-heading-4\" href=\"https:\/\/dudasytextos.com\/se-puede\/se-puede-sentir-al-bebe-en-la-semana-9\/#Estadisticas_y_Datos\" >Estad\u00edsticas y Datos<\/a><\/li><li class='ez-toc-page-1 ez-toc-heading-level-2'><a class=\"ez-toc-link ez-toc-heading-5\" href=\"https:\/\/dudasytextos.com\/se-puede\/se-puede-sentir-al-bebe-en-la-semana-9\/#Preguntas_Frecuentes\" >Preguntas Frecuentes<\/a><ul class='ez-toc-list-level-3' ><li class='ez-toc-heading-level-3'><a class=\"ez-toc-link ez-toc-heading-6\" href=\"https:\/\/dudasytextos.com\/se-puede\/se-puede-sentir-al-bebe-en-la-semana-9\/#%C2%BFEs_posible_sentir_al_bebe_en_la_semana_9\" >\u00bfEs posible sentir al beb\u00e9 en la semana 9?<\/a><\/li><li class='ez-toc-page-1 ez-toc-heading-level-3'><a class=\"ez-toc-link ez-toc-heading-7\" href=\"https:\/\/dudasytextos.com\/se-puede\/se-puede-sentir-al-bebe-en-la-semana-9\/#%C2%BFCuando_es_posible_sentir_los_primeros_movimientos_del_bebe\" >\u00bfCu\u00e1ndo es posible sentir los primeros movimientos del beb\u00e9?<\/a><\/li><li class='ez-toc-page-1 ez-toc-heading-level-3'><a class=\"ez-toc-link ez-toc-heading-8\" href=\"https:\/\/dudasytextos.com\/se-puede\/se-puede-sentir-al-bebe-en-la-semana-9\/#%C2%BFQue_puedo_hacer_para_conectarme_con_mi_bebe_antes_de_sentir_los_movimientos\" >\u00bfQu\u00e9 puedo hacer para conectarme con mi beb\u00e9 antes de sentir los movimientos?<\/a><\/li><\/ul><\/li><\/ul><\/nav><\/div>\n<h2><span class=\"ez-toc-section\" id=\"%C2%BFSe_Puede_Sentir_Al_Bebe_En_La_Semana_9_%E2%80%93_Respuestas_y_Experiencias\"><\/span>\u00bfSe Puede Sentir Al Beb\u00e9 En La Semana 9? &#8211; Respuestas y Experiencias<span class=\"ez-toc-section-end\"><\/span><\/h2>\n<section>\n<h2><span class=\"ez-toc-section\" id=\"Curiosidades_y_Hechos_Interesantes\"><\/span>Curiosidades y Hechos Interesantes<span class=\"ez-toc-section-end\"><\/span><\/h2>\n<ul>\n<li>El beb\u00e9 est\u00e1 del tama\u00f1o de una aceituna en la semana 9<\/li>\n<li>Los m\u00fasculos y huesos del beb\u00e9 empiezan a formarse<\/li>\n<li>En la semana 9, el beb\u00e9 puede hacer movimientos espont\u00e1neos<\/li>\n<li>En la mayor\u00eda de los casos, el primer movimiento fetal se siente entre las semanas 16 y 25<\/li>\n<\/ul>\n<\/section>\n<section>\n<h2><span class=\"ez-toc-section\" id=\"Mi_Experiencia_Personal\"><\/span>Mi Experiencia Personal<span class=\"ez-toc-section-end\"><\/span><\/h2>\n<p>Hace unos a\u00f1os, estaba embarazada de mi primer beb\u00e9 y me preguntaba si pod\u00eda sentirlo moverse en la semana 9. Despu\u00e9s de hacer algunas investigaciones y hablar con mi <a href=\"https:\/\/dudasytextos.com\/se-puede\/se-puede-cambiar-de-medico-de-cabecera-estando-de-baja\/\">m\u00e9dico<\/a>, descubr\u00ed que era poco probable que pudiera sentir movimientos tan temprano en el embarazo.<\/p>\n<p>A pesar de esto, no pude evitar estar pendiente de cualquier sensaci\u00f3n extra\u00f1a en mi vientre durante las primeras semanas de embarazo. Pero no fue hasta la semana 16 que finalmente sent\u00ed los primeros movimientos de mi beb\u00e9. Fue una sensaci\u00f3n incre\u00edblemente emocionante y me hizo sentir m\u00e1s conectada con mi peque\u00f1o.<\/p>\n<p>A pesar de que no pude sentir a mi beb\u00e9 en la semana 9, s\u00e9 que cada embarazo es diferente y algunas mujeres pueden sentir movimientos m\u00e1s temprano que otras. As\u00ed que no te preocupes si no sientes nada todav\u00eda, \u00a1tu beb\u00e9 est\u00e1 creciendo y desarroll\u00e1ndose a su propio ritmo!<\/p>\n<\/section>\n<section>\n<h2><span class=\"ez-toc-section\" id=\"Estadisticas_y_Datos\"><\/span>Estad\u00edsticas y Datos<span class=\"ez-toc-section-end\"><\/span><\/h2>\n<p>Seg\u00fan los expertos, es poco probable que puedas sentir a tu beb\u00e9 en la semana 9. De hecho, la mayor\u00eda de las mujeres no sienten movimientos fetales hasta al menos la semana 16. Esto se debe a que el beb\u00e9 es todav\u00eda muy peque\u00f1o y no tiene suficiente espacio para realizar movimientos lo suficientemente grandes como para ser sentidos por la madre.<\/p>\n<p>Adem\u00e1s, la mayor\u00eda de los movimientos que siente la madre en las primeras semanas son causados por cambios en el \u00fatero y no por el beb\u00e9 en s\u00ed. Por lo tanto, es importante no confundir estos movimientos con los movimientos fetales reales.<\/p>\n<p>Aunque es poco probable que puedas sentir a tu beb\u00e9 en la semana 9, esto no significa que no debas prestar atenci\u00f3n a cualquier cambio o s\u00edntoma en tu cuerpo. Siempre es importante comunicarse con tu m\u00e9dico si tienes alguna preocupaci\u00f3n o pregunta sobre tu embarazo.<\/p>\n<\/section>\n<section>\n<h2><span class=\"ez-toc-section\" id=\"Preguntas_Frecuentes\"><\/span>Preguntas Frecuentes<span class=\"ez-toc-section-end\"><\/span><\/h2>\n<h3><span class=\"ez-toc-section\" id=\"%C2%BFEs_posible_sentir_al_bebe_en_la_semana_9\"><\/span>\u00bfEs posible sentir al beb\u00e9 en la semana 9?<span class=\"ez-toc-section-end\"><\/span><\/h3>\n<p>Es poco probable que puedas sentir al beb\u00e9 en la semana 9, ya que todav\u00eda es muy peque\u00f1o y no tiene suficiente espacio para realizar movimientos lo suficientemente grandes como para ser sentidos por la madre.<\/p>\n<h3><span class=\"ez-toc-section\" id=\"%C2%BFCuando_es_posible_sentir_los_primeros_movimientos_del_bebe\"><\/span>\u00bfCu\u00e1ndo es posible sentir los primeros movimientos del beb\u00e9?<span class=\"ez-toc-section-end\"><\/span><\/h3>\n<p>La mayor\u00eda de las mujeres empiezan a sentir los movimientos fetales entre las semanas 16 y 25 del embarazo.<\/p>\n<h3><span class=\"ez-toc-section\" id=\"%C2%BFQue_puedo_hacer_para_conectarme_con_mi_bebe_antes_de_sentir_los_movimientos\"><\/span>\u00bfQu\u00e9 puedo hacer para conectarme con mi beb\u00e9 antes de sentir los movimientos?<span class=\"ez-toc-section-end\"><\/span><\/h3>\n<p>Hablar con tu beb\u00e9, cantarle y leerle son formas efectivas de conectarse con tu beb\u00e9 antes de sentir los movimientos fetales. Tambi\u00e9n puedes hacer planes para decorar su habitaci\u00f3n, comprar ropa y juguetes para \u00e9l o ella, y simplemente pasar tiempo pensando en tu beb\u00e9.<\/p>\n<\/section>\n","protected":false},"excerpt":{"rendered":"<p>\u00bfSe Puede Sentir Al Beb\u00e9 En La Semana 9? &#8211; Respuestas y Experiencias Curiosidades y Hechos Interesantes El beb\u00e9 est\u00e1 del tama\u00f1o de una aceituna en la semana 9 Los m\u00fasculos y huesos del beb\u00e9 empiezan a formarse En la semana 9, el beb\u00e9 puede hacer movimientos espont\u00e1neos En la mayor\u00eda de los casos, el &#8230; <a title=\"Se puede sentir al beb\u00e9 en la semana 9\" class=\"read-more\" href=\"https:\/\/dudasytextos.com\/se-puede\/se-puede-sentir-al-bebe-en-la-semana-9\/\" aria-label=\"M\u00e1s en Se puede sentir al beb\u00e9 en la semana 9\">Leer m\u00e1s<\/a><\/p>\n","protected":false},"author":1,"featured_media":0,"comment_status":"open","ping_status":"open","sticky":false,"template":"","format":"standard","meta":{"footnotes":""},"categories":[3],"tags":[],"class_list":["post-133589","post","type-post","status-publish","format-standard","hentry","category-se-puede"],"aioseo_notices":[],"aioseo_head":"\n\t\t<!-- All in One SEO 5.0.1.1 - aioseo.com -->\n\t<meta name=\"description\" content=\"\u00bfSe Puede Sentir Al Beb\u00e9 En La Semana 9? - Respuestas y Experiencias Curiosidades y Hechos Interesantes El beb\u00e9 est\u00e1 del tama\u00f1o de una aceituna en la semana 9 Los m\u00fasculos y huesos del beb\u00e9 empiezan a formarse En la semana 9, el beb\u00e9 puede hacer movimientos espont\u00e1neos En la mayor\u00eda de los casos, el\" \/>\n\t<meta name=\"robots\" content=\"max-snippet:-1, max-image-preview:large, max-video-preview:-1\" \/>\n\t<meta name=\"author\" content=\"Ana Gonz\u00e1lez\"\/>\n\t<link rel=\"canonical\" href=\"https:\/\/dudasytextos.com\/se-puede\/se-puede-sentir-al-bebe-en-la-semana-9\/\" \/>\n\t<meta name=\"generator\" content=\"All in One SEO (AIOSEO) 5.0.1.1\" \/>\n\n\t\t<script async src=\"https:\/\/pagead2.googlesyndication.com\/pagead\/js\/adsbygoogle.js?client=ca-pub-3987500858204711\"\n     crossorigin=\"anonymous\"><\/script>\n<!-- Google tag (gtag.js) -->\n<script async src=\"https:\/\/www.googletagmanager.com\/gtag\/js?id=G-TYJ2FRZ8ZF\"><\/script>\n<script>\n  window.dataLayer = window.dataLayer || [];\n  function gtag(){dataLayer.push(arguments);}\n  gtag('js', new Date());\n\n  gtag('config', 'G-TYJ2FRZ8ZF');\n<\/script>\n\t\t<meta property=\"og:locale\" content=\"es_ES\" \/>\n\t\t<meta property=\"og:site_name\" content=\"\u00bfSe Puede? - Tomar decisiones informadas y resolver dudas.\" \/>\n\t\t<meta property=\"og:type\" content=\"article\" \/>\n\t\t<meta property=\"og:title\" content=\"Se puede sentir al beb\u00e9 en la semana 9 (2026) \u00bfSe Puede?\" \/>\n\t\t<meta property=\"og:description\" content=\"\u00bfSe Puede Sentir Al Beb\u00e9 En La Semana 9? - Respuestas y Experiencias Curiosidades y Hechos Interesantes El beb\u00e9 est\u00e1 del tama\u00f1o de una aceituna en la semana 9 Los m\u00fasculos y huesos del beb\u00e9 empiezan a formarse En la semana 9, el beb\u00e9 puede hacer movimientos espont\u00e1neos En la mayor\u00eda de los casos, el\" \/>\n\t\t<meta property=\"og:url\" content=\"https:\/\/dudasytextos.com\/se-puede\/se-puede-sentir-al-bebe-en-la-semana-9\/\" \/>\n\t\t<meta property=\"article:published_time\" content=\"2025-02-20T15:57:30+00:00\" \/>\n\t\t<meta property=\"article:modified_time\" content=\"2025-03-13T07:20:14+00:00\" \/>\n\t\t<meta name=\"twitter:card\" content=\"summary_large_image\" \/>\n\t\t<meta name=\"twitter:title\" content=\"Se puede sentir al beb\u00e9 en la semana 9 (2026) \u00bfSe Puede?\" \/>\n\t\t<meta name=\"twitter:description\" content=\"\u00bfSe Puede Sentir Al Beb\u00e9 En La Semana 9? - Respuestas y Experiencias Curiosidades y Hechos Interesantes El beb\u00e9 est\u00e1 del tama\u00f1o de una aceituna en la semana 9 Los m\u00fasculos y huesos del beb\u00e9 empiezan a formarse En la semana 9, el beb\u00e9 puede hacer movimientos espont\u00e1neos En la mayor\u00eda de los casos, el\" \/>\n\t\t<script type=\"application\/ld+json\" class=\"aioseo-schema\">\n\t\t\t{\"@context\":\"https:\\\/\\\/schema.org\",\"@graph\":[{\"@type\":\"BlogPosting\",\"@id\":\"https:\\\/\\\/dudasytextos.com\\\/se-puede\\\/se-puede-sentir-al-bebe-en-la-semana-9\\\/#blogposting\",\"name\":\"Se puede sentir al beb\\u00e9 en la semana 9 (2026) \\u00bfSe Puede?\",\"headline\":\"Se puede sentir al beb\\u00e9 en la semana 9\",\"author\":{\"@id\":\"https:\\\/\\\/dudasytextos.com\\\/se-puede\\\/author\\\/admin23\\\/#author\"},\"publisher\":{\"@id\":\"https:\\\/\\\/dudasytextos.com\\\/se-puede\\\/#organization\"},\"datePublished\":\"2025-02-20T15:57:30+00:00\",\"dateModified\":\"2025-03-13T07:20:14+00:00\",\"inLanguage\":\"es-ES\",\"mainEntityOfPage\":{\"@id\":\"https:\\\/\\\/dudasytextos.com\\\/se-puede\\\/se-puede-sentir-al-bebe-en-la-semana-9\\\/#webpage\"},\"isPartOf\":{\"@id\":\"https:\\\/\\\/dudasytextos.com\\\/se-puede\\\/se-puede-sentir-al-bebe-en-la-semana-9\\\/#webpage\"},\"articleSection\":\"\\u00bfSe puede?\"},{\"@type\":\"BreadcrumbList\",\"@id\":\"https:\\\/\\\/dudasytextos.com\\\/se-puede\\\/se-puede-sentir-al-bebe-en-la-semana-9\\\/#breadcrumblist\",\"itemListElement\":[{\"@type\":\"ListItem\",\"@id\":\"https:\\\/\\\/dudasytextos.com\\\/se-puede#listItem\",\"position\":1,\"name\":\"Home\",\"item\":\"https:\\\/\\\/dudasytextos.com\\\/se-puede\",\"nextItem\":{\"@type\":\"ListItem\",\"@id\":\"https:\\\/\\\/dudasytextos.com\\\/se-puede\\\/category\\\/se-puede\\\/#listItem\",\"name\":\"\\u00bfSe puede?\"}},{\"@type\":\"ListItem\",\"@id\":\"https:\\\/\\\/dudasytextos.com\\\/se-puede\\\/category\\\/se-puede\\\/#listItem\",\"position\":2,\"name\":\"\\u00bfSe puede?\",\"item\":\"https:\\\/\\\/dudasytextos.com\\\/se-puede\\\/category\\\/se-puede\\\/\",\"nextItem\":{\"@type\":\"ListItem\",\"@id\":\"https:\\\/\\\/dudasytextos.com\\\/se-puede\\\/se-puede-sentir-al-bebe-en-la-semana-9\\\/#listItem\",\"name\":\"Se puede sentir al beb\\u00e9 en la semana 9\"},\"previousItem\":{\"@type\":\"ListItem\",\"@id\":\"https:\\\/\\\/dudasytextos.com\\\/se-puede#listItem\",\"name\":\"Home\"}},{\"@type\":\"ListItem\",\"@id\":\"https:\\\/\\\/dudasytextos.com\\\/se-puede\\\/se-puede-sentir-al-bebe-en-la-semana-9\\\/#listItem\",\"position\":3,\"name\":\"Se puede sentir al beb\\u00e9 en la semana 9\",\"previousItem\":{\"@type\":\"ListItem\",\"@id\":\"https:\\\/\\\/dudasytextos.com\\\/se-puede\\\/category\\\/se-puede\\\/#listItem\",\"name\":\"\\u00bfSe puede?\"}}]},{\"@type\":\"Organization\",\"@id\":\"https:\\\/\\\/dudasytextos.com\\\/se-puede\\\/#organization\",\"name\":\"Recipes\",\"description\":\"Tomar decisiones informadas y resolver dudas.\",\"url\":\"https:\\\/\\\/dudasytextos.com\\\/se-puede\\\/\"},{\"@type\":\"Person\",\"@id\":\"https:\\\/\\\/dudasytextos.com\\\/se-puede\\\/author\\\/admin23\\\/#author\",\"url\":\"https:\\\/\\\/dudasytextos.com\\\/se-puede\\\/author\\\/admin23\\\/\",\"name\":\"Ana Gonz\\u00e1lez\"},{\"@type\":\"WebPage\",\"@id\":\"https:\\\/\\\/dudasytextos.com\\\/se-puede\\\/se-puede-sentir-al-bebe-en-la-semana-9\\\/#webpage\",\"url\":\"https:\\\/\\\/dudasytextos.com\\\/se-puede\\\/se-puede-sentir-al-bebe-en-la-semana-9\\\/\",\"name\":\"Se puede sentir al beb\\u00e9 en la semana 9 (2026) \\u00bfSe Puede?\",\"description\":\"\\u00bfSe Puede Sentir Al Beb\\u00e9 En La Semana 9? - Respuestas y Experiencias Curiosidades y Hechos Interesantes El beb\\u00e9 est\\u00e1 del tama\\u00f1o de una aceituna en la semana 9 Los m\\u00fasculos y huesos del beb\\u00e9 empiezan a formarse En la semana 9, el beb\\u00e9 puede hacer movimientos espont\\u00e1neos En la mayor\\u00eda de los casos, el\",\"inLanguage\":\"es-ES\",\"isPartOf\":{\"@id\":\"https:\\\/\\\/dudasytextos.com\\\/se-puede\\\/#website\"},\"breadcrumb\":{\"@id\":\"https:\\\/\\\/dudasytextos.com\\\/se-puede\\\/se-puede-sentir-al-bebe-en-la-semana-9\\\/#breadcrumblist\"},\"author\":{\"@id\":\"https:\\\/\\\/dudasytextos.com\\\/se-puede\\\/author\\\/admin23\\\/#author\"},\"creator\":{\"@id\":\"https:\\\/\\\/dudasytextos.com\\\/se-puede\\\/author\\\/admin23\\\/#author\"},\"datePublished\":\"2025-02-20T15:57:30+00:00\",\"dateModified\":\"2025-03-13T07:20:14+00:00\"},{\"@type\":\"WebSite\",\"@id\":\"https:\\\/\\\/dudasytextos.com\\\/se-puede\\\/#website\",\"url\":\"https:\\\/\\\/dudasytextos.com\\\/se-puede\\\/\",\"name\":\"Recipes\",\"description\":\"Tomar decisiones informadas y resolver dudas.\",\"inLanguage\":\"es-ES\",\"publisher\":{\"@id\":\"https:\\\/\\\/dudasytextos.com\\\/se-puede\\\/#organization\"}}]}\n\t\t<\/script>\n\t\t<!-- All in One SEO -->\n\n","aioseo_head_json":{"title":"Se puede sentir al beb\u00e9 en la semana 9 (2026) \u00bfSe Puede?","description":"\u00bfSe Puede Sentir Al Beb\u00e9 En La Semana 9? - Respuestas y Experiencias Curiosidades y Hechos Interesantes El beb\u00e9 est\u00e1 del tama\u00f1o de una aceituna en la semana 9 Los m\u00fasculos y huesos del beb\u00e9 empiezan a formarse En la semana 9, el beb\u00e9 puede hacer movimientos espont\u00e1neos En la mayor\u00eda de los casos, el","canonical_url":"https:\/\/dudasytextos.com\/se-puede\/se-puede-sentir-al-bebe-en-la-semana-9\/","robots":"max-snippet:-1, max-image-preview:large, max-video-preview:-1","keywords":"","webmasterTools":{"miscellaneous":"&lt;script async src=\"https:\/\/pagead2.googlesyndication.com\/pagead\/js\/adsbygoogle.js?client=ca-pub-3987500858204711\"\n     crossorigin=\"anonymous\"&gt;&lt;\/script&gt;\n&lt;!-- Google tag (gtag.js) --&gt;\n&lt;script async src=\"https:\/\/www.googletagmanager.com\/gtag\/js?id=G-TYJ2FRZ8ZF\"&gt;&lt;\/script&gt;\n&lt;script&gt;\n  window.dataLayer = window.dataLayer || [];\n  function gtag(){dataLayer.push(arguments);}\n  gtag('js', new Date());\n\n  gtag('config', 'G-TYJ2FRZ8ZF');\n&lt;\/script&gt;"},"schema":{"@context":"https:\/\/schema.org","@graph":[{"@type":"BlogPosting","@id":"https:\/\/dudasytextos.com\/se-puede\/se-puede-sentir-al-bebe-en-la-semana-9\/#blogposting","name":"Se puede sentir al beb\u00e9 en la semana 9 (2026) \u00bfSe Puede?","headline":"Se puede sentir al beb\u00e9 en la semana 9","author":{"@id":"https:\/\/dudasytextos.com\/se-puede\/author\/admin23\/#author"},"publisher":{"@id":"https:\/\/dudasytextos.com\/se-puede\/#organization"},"datePublished":"2025-02-20T15:57:30+00:00","dateModified":"2025-03-13T07:20:14+00:00","inLanguage":"es-ES","mainEntityOfPage":{"@id":"https:\/\/dudasytextos.com\/se-puede\/se-puede-sentir-al-bebe-en-la-semana-9\/#webpage"},"isPartOf":{"@id":"https:\/\/dudasytextos.com\/se-puede\/se-puede-sentir-al-bebe-en-la-semana-9\/#webpage"},"articleSection":"\u00bfSe puede?"},{"@type":"BreadcrumbList","@id":"https:\/\/dudasytextos.com\/se-puede\/se-puede-sentir-al-bebe-en-la-semana-9\/#breadcrumblist","itemListElement":[{"@type":"ListItem","@id":"https:\/\/dudasytextos.com\/se-puede#listItem","position":1,"name":"Home","item":"https:\/\/dudasytextos.com\/se-puede","nextItem":{"@type":"ListItem","@id":"https:\/\/dudasytextos.com\/se-puede\/category\/se-puede\/#listItem","name":"\u00bfSe puede?"}},{"@type":"ListItem","@id":"https:\/\/dudasytextos.com\/se-puede\/category\/se-puede\/#listItem","position":2,"name":"\u00bfSe puede?","item":"https:\/\/dudasytextos.com\/se-puede\/category\/se-puede\/","nextItem":{"@type":"ListItem","@id":"https:\/\/dudasytextos.com\/se-puede\/se-puede-sentir-al-bebe-en-la-semana-9\/#listItem","name":"Se puede sentir al beb\u00e9 en la semana 9"},"previousItem":{"@type":"ListItem","@id":"https:\/\/dudasytextos.com\/se-puede#listItem","name":"Home"}},{"@type":"ListItem","@id":"https:\/\/dudasytextos.com\/se-puede\/se-puede-sentir-al-bebe-en-la-semana-9\/#listItem","position":3,"name":"Se puede sentir al beb\u00e9 en la semana 9","previousItem":{"@type":"ListItem","@id":"https:\/\/dudasytextos.com\/se-puede\/category\/se-puede\/#listItem","name":"\u00bfSe puede?"}}]},{"@type":"Organization","@id":"https:\/\/dudasytextos.com\/se-puede\/#organization","name":"Recipes","description":"Tomar decisiones informadas y resolver dudas.","url":"https:\/\/dudasytextos.com\/se-puede\/"},{"@type":"Person","@id":"https:\/\/dudasytextos.com\/se-puede\/author\/admin23\/#author","url":"https:\/\/dudasytextos.com\/se-puede\/author\/admin23\/","name":"Ana Gonz\u00e1lez"},{"@type":"WebPage","@id":"https:\/\/dudasytextos.com\/se-puede\/se-puede-sentir-al-bebe-en-la-semana-9\/#webpage","url":"https:\/\/dudasytextos.com\/se-puede\/se-puede-sentir-al-bebe-en-la-semana-9\/","name":"Se puede sentir al beb\u00e9 en la semana 9 (2026) \u00bfSe Puede?","description":"\u00bfSe Puede Sentir Al Beb\u00e9 En La Semana 9? - Respuestas y Experiencias Curiosidades y Hechos Interesantes El beb\u00e9 est\u00e1 del tama\u00f1o de una aceituna en la semana 9 Los m\u00fasculos y huesos del beb\u00e9 empiezan a formarse En la semana 9, el beb\u00e9 puede hacer movimientos espont\u00e1neos En la mayor\u00eda de los casos, el","inLanguage":"es-ES","isPartOf":{"@id":"https:\/\/dudasytextos.com\/se-puede\/#website"},"breadcrumb":{"@id":"https:\/\/dudasytextos.com\/se-puede\/se-puede-sentir-al-bebe-en-la-semana-9\/#breadcrumblist"},"author":{"@id":"https:\/\/dudasytextos.com\/se-puede\/author\/admin23\/#author"},"creator":{"@id":"https:\/\/dudasytextos.com\/se-puede\/author\/admin23\/#author"},"datePublished":"2025-02-20T15:57:30+00:00","dateModified":"2025-03-13T07:20:14+00:00"},{"@type":"WebSite","@id":"https:\/\/dudasytextos.com\/se-puede\/#website","url":"https:\/\/dudasytextos.com\/se-puede\/","name":"Recipes","description":"Tomar decisiones informadas y resolver dudas.","inLanguage":"es-ES","publisher":{"@id":"https:\/\/dudasytextos.com\/se-puede\/#organization"}}]},"og:locale":"es_ES","og:site_name":"\u00bfSe Puede? - Tomar decisiones informadas y resolver dudas.","og:type":"article","og:title":"Se puede sentir al beb\u00e9 en la semana 9 (2026) \u00bfSe Puede?","og:description":"\u00bfSe Puede Sentir Al Beb\u00e9 En La Semana 9? - Respuestas y Experiencias Curiosidades y Hechos Interesantes El beb\u00e9 est\u00e1 del tama\u00f1o de una aceituna en la semana 9 Los m\u00fasculos y huesos del beb\u00e9 empiezan a formarse En la semana 9, el beb\u00e9 puede hacer movimientos espont\u00e1neos En la mayor\u00eda de los casos, el","og:url":"https:\/\/dudasytextos.com\/se-puede\/se-puede-sentir-al-bebe-en-la-semana-9\/","article:published_time":"2025-02-20T15:57:30+00:00","article:modified_time":"2025-03-13T07:20:14+00:00","twitter:card":"summary_large_image","twitter:title":"Se puede sentir al beb\u00e9 en la semana 9 (2026) \u00bfSe Puede?","twitter:description":"\u00bfSe Puede Sentir Al Beb\u00e9 En La Semana 9? - Respuestas y Experiencias Curiosidades y Hechos Interesantes El beb\u00e9 est\u00e1 del tama\u00f1o de una aceituna en la semana 9 Los m\u00fasculos y huesos del beb\u00e9 empiezan a formarse En la semana 9, el beb\u00e9 puede hacer movimientos espont\u00e1neos En la mayor\u00eda de los casos, el"},"aioseo_meta_data":{"post_id":"133589","title":null,"description":null,"keywords":null,"keyphrases":null,"primary_term":null,"canonical_url":null,"og_title":null,"og_description":null,"og_object_type":"default","og_image_type":"default","og_image_url":null,"og_image_width":null,"og_image_height":null,"og_image_custom_url":null,"og_image_custom_fields":null,"og_video":null,"og_custom_url":null,"og_article_section":null,"og_article_tags":null,"twitter_use_og":false,"twitter_card":"default","twitter_image_type":"default","twitter_image_url":null,"twitter_image_custom_url":null,"twitter_image_custom_fields":null,"twitter_title":null,"twitter_description":null,"schema":{"blockGraphs":[],"customGraphs":[],"default":{"data":{"Article":[],"Course":[],"Dataset":[],"FAQPage":[],"Movie":[],"Person":[],"Product":[],"ProductReview":[],"Car":[],"Recipe":[],"Service":[],"SoftwareApplication":[],"WebPage":[]},"graphName":"","isEnabled":true},"graphs":[]},"schema_type":"default","schema_type_options":null,"pillar_content":false,"robots_default":true,"robots_noindex":false,"robots_noarchive":false,"robots_nosnippet":false,"robots_nofollow":false,"robots_noimageindex":false,"robots_noodp":false,"robots_notranslate":false,"robots_max_snippet":null,"robots_max_videopreview":null,"robots_max_imagepreview":"large","priority":null,"frequency":null,"local_seo":null,"breadcrumb_settings":null,"limit_modified_date":false,"ai":null,"created":"2023-04-29 23:11:26","updated":"2025-03-13 18:57:29","seo_analyzer_scan_date":null,"focus_keyword":null,"additional_keywords":null,"truseo_locale":null},"aioseo_breadcrumb":"<div class=\"aioseo-breadcrumbs\"><span class=\"aioseo-breadcrumb\">\n\t\t\t<a href=\"https:\/\/dudasytextos.com\/se-puede\" title=\"Home\">Home<\/a>\n\t\t<\/span><span class=\"aioseo-breadcrumb-separator\">&raquo;<\/span><span class=\"aioseo-breadcrumb\">\n\t\t\t<a href=\"https:\/\/dudasytextos.com\/se-puede\/category\/se-puede\/\" title=\"\u00bfSe puede?\">\u00bfSe puede?<\/a>\n\t\t<\/span><span class=\"aioseo-breadcrumb-separator\">&raquo;<\/span><span class=\"aioseo-breadcrumb\">\n\t\t\tSe puede sentir al beb\u00e9 en la semana 9\n\t\t<\/span><\/div>","aioseo_breadcrumb_json":[{"label":"Home","link":"https:\/\/dudasytextos.com\/se-puede"},{"label":"\u00bfSe puede?","link":"https:\/\/dudasytextos.com\/se-puede\/category\/se-puede\/"},{"label":"Se puede sentir al beb\u00e9 en la semana 9","link":"https:\/\/dudasytextos.com\/se-puede\/se-puede-sentir-al-bebe-en-la-semana-9\/"}],"_links":{"self":[{"href":"https:\/\/dudasytextos.com\/se-puede\/wp-json\/wp\/v2\/posts\/133589","targetHints":{"allow":["GET"]}}],"collection":[{"href":"https:\/\/dudasytextos.com\/se-puede\/wp-json\/wp\/v2\/posts"}],"about":[{"href":"https:\/\/dudasytextos.com\/se-puede\/wp-json\/wp\/v2\/types\/post"}],"author":[{"embeddable":true,"href":"https:\/\/dudasytextos.com\/se-puede\/wp-json\/wp\/v2\/users\/1"}],"replies":[{"embeddable":true,"href":"https:\/\/dudasytextos.com\/se-puede\/wp-json\/wp\/v2\/comments?post=133589"}],"version-history":[{"count":1,"href":"https:\/\/dudasytextos.com\/se-puede\/wp-json\/wp\/v2\/posts\/133589\/revisions"}],"predecessor-version":[{"id":135638,"href":"https:\/\/dudasytextos.com\/se-puede\/wp-json\/wp\/v2\/posts\/133589\/revisions\/135638"}],"wp:attachment":[{"href":"https:\/\/dudasytextos.com\/se-puede\/wp-json\/wp\/v2\/media?parent=133589"}],"wp:term":[{"taxonomy":"category","embeddable":true,"href":"https:\/\/dudasytextos.com\/se-puede\/wp-json\/wp\/v2\/categories?post=133589"},{"taxonomy":"post_tag","embeddable":true,"href":"https:\/\/dudasytextos.com\/se-puede\/wp-json\/wp\/v2\/tags?post=133589"}],"curies":[{"name":"wp","href":"https:\/\/api.w.org\/{rel}","templated":true}]}}