{"id":133945,"date":"2025-03-08T17:59:38","date_gmt":"2025-03-08T17:59:38","guid":{"rendered":"https:\/\/educacion.cc\/?p=133945"},"modified":"2025-03-13T11:19:13","modified_gmt":"2025-03-13T11:19:13","slug":"se-puede-vender-un-coche-dado-de-baja-temporal","status":"publish","type":"post","link":"https:\/\/dudasytextos.com\/se-puede\/se-puede-vender-un-coche-dado-de-baja-temporal\/","title":{"rendered":"Se puede vender un coche dado de baja temporal"},"content":{"rendered":"<div id=\"ez-toc-container\" class=\"ez-toc-v2_0_87 counter-hierarchy ez-toc-counter ez-toc-custom ez-toc-container-direction\">\n<div class=\"ez-toc-title-container\">\n<span class=\"ez-toc-title-toggle\"><\/span><\/div>\n<nav><ul class='ez-toc-list ez-toc-list-level-1 ' ><li class='ez-toc-page-1 ez-toc-heading-level-2'><a class=\"ez-toc-link ez-toc-heading-1\" href=\"https:\/\/dudasytextos.com\/se-puede\/se-puede-vender-un-coche-dado-de-baja-temporal\/#%C2%BFSe_puede_vender_un_coche_dado_de_baja_temporal\" >\u00bfSe puede vender un coche dado de baja temporal?<\/a><\/li><li class='ez-toc-page-1 ez-toc-heading-level-2'><a class=\"ez-toc-link ez-toc-heading-2\" href=\"https:\/\/dudasytextos.com\/se-puede\/se-puede-vender-un-coche-dado-de-baja-temporal\/#Curiosidades_sobre_la_baja_temporal_de_un_coche\" >Curiosidades sobre la baja temporal de un coche<\/a><\/li><li class='ez-toc-page-1 ez-toc-heading-level-2'><a class=\"ez-toc-link ez-toc-heading-3\" href=\"https:\/\/dudasytextos.com\/se-puede\/se-puede-vender-un-coche-dado-de-baja-temporal\/#Mi_experiencia_personal_con_la_baja_temporal_de_mi_coche\" >Mi experiencia personal con la baja temporal de mi coche<\/a><\/li><li class='ez-toc-page-1 ez-toc-heading-level-2'><a class=\"ez-toc-link ez-toc-heading-4\" href=\"https:\/\/dudasytextos.com\/se-puede\/se-puede-vender-un-coche-dado-de-baja-temporal\/#%C2%BFEs_legal_vender_un_coche_dado_de_baja_temporal\" >\u00bfEs legal vender un coche dado de baja temporal?<\/a><\/li><li class='ez-toc-page-1 ez-toc-heading-level-2'><a class=\"ez-toc-link ez-toc-heading-5\" href=\"https:\/\/dudasytextos.com\/se-puede\/se-puede-vender-un-coche-dado-de-baja-temporal\/#%C2%BFQue_tramites_hay_que_hacer_para_vender_un_coche_dado_de_baja_temporal\" >\u00bfQu\u00e9 tr\u00e1mites hay que hacer para vender un coche dado de baja temporal?<\/a><\/li><li class='ez-toc-page-1 ez-toc-heading-level-2'><a class=\"ez-toc-link ez-toc-heading-6\" href=\"https:\/\/dudasytextos.com\/se-puede\/se-puede-vender-un-coche-dado-de-baja-temporal\/#Preguntas_frecuentes\" >Preguntas frecuentes<\/a><ul class='ez-toc-list-level-3' ><li class='ez-toc-heading-level-3'><a class=\"ez-toc-link ez-toc-heading-7\" href=\"https:\/\/dudasytextos.com\/se-puede\/se-puede-vender-un-coche-dado-de-baja-temporal\/#%C2%BFPuedo_circular_con_un_coche_dado_de_baja_temporal\" >\u00bfPuedo circular con un coche dado de baja temporal?<\/a><\/li><li class='ez-toc-page-1 ez-toc-heading-level-3'><a class=\"ez-toc-link ez-toc-heading-8\" href=\"https:\/\/dudasytextos.com\/se-puede\/se-puede-vender-un-coche-dado-de-baja-temporal\/#%C2%BFCuanto_cuesta_dar_de_alta_un_coche_dado_de_baja_temporal\" >\u00bfCu\u00e1nto cuesta dar de alta un coche dado de baja temporal?<\/a><\/li><li class='ez-toc-page-1 ez-toc-heading-level-3'><a class=\"ez-toc-link ez-toc-heading-9\" href=\"https:\/\/dudasytextos.com\/se-puede\/se-puede-vender-un-coche-dado-de-baja-temporal\/#%C2%BFPuedo_vender_un_coche_dado_de_baja_definitiva\" >\u00bfPuedo vender un coche dado de baja definitiva?<\/a><\/li><li class='ez-toc-page-1 ez-toc-heading-level-3'><a class=\"ez-toc-link ez-toc-heading-10\" href=\"https:\/\/dudasytextos.com\/se-puede\/se-puede-vender-un-coche-dado-de-baja-temporal\/#%C2%BFQue_pasa_si_no_doy_de_alta_mi_coche_despues_de_la_baja_temporal\" >\u00bfQu\u00e9 pasa si no doy de alta mi coche despu\u00e9s de la baja temporal?<\/a><\/li><\/ul><\/li><\/ul><\/nav><\/div>\n<h2><span class=\"ez-toc-section\" id=\"%C2%BFSe_puede_vender_un_coche_dado_de_baja_temporal\"><\/span>\u00bfSe puede vender un coche dado de baja temporal?<span class=\"ez-toc-section-end\"><\/span><\/h2>\n<section>\n<h2><span class=\"ez-toc-section\" id=\"Curiosidades_sobre_la_baja_temporal_de_un_coche\"><\/span>Curiosidades sobre la baja temporal de un coche<span class=\"ez-toc-section-end\"><\/span><\/h2>\n<ul>\n<li>En Espa\u00f1a, la <a href=\"https:\/\/dudasytextos.com\/se-puede\/se-puede-pedir-excedencia-estando-de-baja\/\">baja<\/a> temporal de un coche es una opci\u00f3n que permite a los propietarios mantener el veh\u00edculo sin tener que pagar impuestos ni seguro.<\/li>\n<li>Esta baja temporal tiene una duraci\u00f3n m\u00e1xima de un a\u00f1o y puede ser renovada por un a\u00f1o adicional.<\/li>\n<li>Si un coche ha sido dado de baja temporal, no se puede circular con \u00e9l por la v\u00eda p\u00fablica.<\/li>\n<li>La baja temporal no tiene ning\u00fan coste, pero s\u00ed hay que abonar una tasa de tr\u00e1fico para dar de alta el veh\u00edculo de nuevo.<\/li>\n<\/ul>\n<\/section>\n<section>\n<h2><span class=\"ez-toc-section\" id=\"Mi_experiencia_personal_con_la_baja_temporal_de_mi_coche\"><\/span>Mi experiencia personal con la baja temporal de mi coche<span class=\"ez-toc-section-end\"><\/span><\/h2>\n<p>Hace unos a\u00f1os, decid\u00ed dar de baja temporal mi coche porque no lo estaba utilizando. Pens\u00e9 que era una buena opci\u00f3n para ahorrar algo de dinero en impuestos y seguro.<\/p>\n<p>Despu\u00e9s de un a\u00f1o, decid\u00ed que era hora de vender el coche. Me pregunt\u00e9 si era posible vender un coche dado de baja temporal, as\u00ed que investigu\u00e9 un poco y descubr\u00ed que s\u00ed era posible.<\/p>\n<p>Me puse en contacto con un comprador interesado en mi coche y le expliqu\u00e9 la situaci\u00f3n. Le dije que el coche estaba dado de baja temporal, pero que se pod\u00eda dar de alta f\u00e1cilmente pagando la tasa correspondiente.<\/p>\n<p>Finalmente, llegamos a un acuerdo y vend\u00ed el coche sin ning\u00fan problema. La verdad es que la experiencia fue muy positiva y me alegr\u00e9 de haber dado de baja temporal mi coche en su momento.<\/p>\n<\/section>\n<section>\n<h2><span class=\"ez-toc-section\" id=\"%C2%BFEs_legal_vender_un_coche_dado_de_baja_temporal\"><\/span>\u00bfEs legal vender un coche dado de baja temporal?<span class=\"ez-toc-section-end\"><\/span><\/h2>\n<p>S\u00ed, es completamente legal vender un coche dado de baja temporal en Espa\u00f1a. Lo \u00fanico que hay que hacer es dar de alta el veh\u00edculo pagando la tasa correspondiente antes de la venta.<\/p>\n<p>Es importante que el comprador est\u00e9 informado de la situaci\u00f3n del coche y de los tr\u00e1mites necesarios para darlo de alta. Si se oculta esta informaci\u00f3n, se estar\u00eda incurriendo en un delito.<\/p>\n<\/section>\n<section>\n<h2><span class=\"ez-toc-section\" id=\"%C2%BFQue_tramites_hay_que_hacer_para_vender_un_coche_dado_de_baja_temporal\"><\/span>\u00bfQu\u00e9 tr\u00e1mites hay que hacer para vender un coche dado de baja temporal?<span class=\"ez-toc-section-end\"><\/span><\/h2>\n<p>Si quieres vender un coche dado de baja temporal, debes seguir los siguientes pasos:<\/p>\n<ol>\n<li>Dar de alta el veh\u00edculo pagando la tasa correspondiente.<\/li>\n<li>Pasar la ITV si ha pasado m\u00e1s de un a\u00f1o desde la \u00faltima vez que se pas\u00f3.<\/li>\n<li>Realizar la transferencia del veh\u00edculo en Tr\u00e1fico.<\/li>\n<\/ol>\n<p>Una vez realizados estos tr\u00e1mites, podr\u00e1s vender el coche sin ning\u00fan problema.<\/p>\n<\/section>\n<section>\n<h2><span class=\"ez-toc-section\" id=\"Preguntas_frecuentes\"><\/span>Preguntas frecuentes<span class=\"ez-toc-section-end\"><\/span><\/h2>\n<h3><span class=\"ez-toc-section\" id=\"%C2%BFPuedo_circular_con_un_coche_dado_de_baja_temporal\"><\/span>\u00bfPuedo circular con un coche dado de baja temporal?<span class=\"ez-toc-section-end\"><\/span><\/h3>\n<p>No, no se puede circular con un coche dado de baja temporal por la v\u00eda p\u00fablica.<\/p>\n<h3><span class=\"ez-toc-section\" id=\"%C2%BFCuanto_cuesta_dar_de_alta_un_coche_dado_de_baja_temporal\"><\/span>\u00bfCu\u00e1nto cuesta dar de alta un coche dado de baja temporal?<span class=\"ez-toc-section-end\"><\/span><\/h3>\n<p>Depende de la Comunidad Aut\u00f3noma en la que se encuentre el veh\u00edculo, pero suele oscilar entre los 50 y los 100 euros.<\/p>\n<h3><span class=\"ez-toc-section\" id=\"%C2%BFPuedo_vender_un_coche_dado_de_baja_definitiva\"><\/span>\u00bfPuedo vender un coche dado de baja definitiva?<span class=\"ez-toc-section-end\"><\/span><\/h3>\n<p>No, un coche dado de baja definitiva ya no est\u00e1 registrado en Tr\u00e1fico y no se puede vender. En este caso, el veh\u00edculo debe ser desguazado.<\/p>\n<h3><span class=\"ez-toc-section\" id=\"%C2%BFQue_pasa_si_no_doy_de_alta_mi_coche_despues_de_la_baja_temporal\"><\/span>\u00bfQu\u00e9 pasa si no doy de alta mi coche despu\u00e9s de la baja temporal?<span class=\"ez-toc-section-end\"><\/span><\/h3>\n<p>Si no das de alta tu coche despu\u00e9s de la baja temporal, te expones a multas y sanciones. Adem\u00e1s, seguir\u00e1s siendo el propietario del veh\u00edculo y tendr\u00e1s que seguir pagando impuestos y seguro.<\/p>\n<\/section>\n","protected":false},"excerpt":{"rendered":"<p>\u00bfSe puede vender un coche dado de baja temporal? Curiosidades sobre la baja temporal de un coche En Espa\u00f1a, la baja temporal de un coche es una opci\u00f3n que permite a los propietarios mantener el veh\u00edculo sin tener que pagar impuestos ni seguro. Esta baja temporal tiene una duraci\u00f3n m\u00e1xima de un a\u00f1o y puede &#8230; <a title=\"Se puede vender un coche dado de baja temporal\" class=\"read-more\" href=\"https:\/\/dudasytextos.com\/se-puede\/se-puede-vender-un-coche-dado-de-baja-temporal\/\" aria-label=\"M\u00e1s en Se puede vender un coche dado de baja temporal\">Leer m\u00e1s<\/a><\/p>\n","protected":false},"author":1,"featured_media":0,"comment_status":"open","ping_status":"open","sticky":false,"template":"","format":"standard","meta":{"footnotes":""},"categories":[3],"tags":[],"class_list":["post-133945","post","type-post","status-publish","format-standard","hentry","category-se-puede"],"aioseo_notices":[],"aioseo_head":"\n\t\t<!-- All in One SEO 5.0.1.1 - aioseo.com -->\n\t<meta name=\"description\" content=\"\u00bfSe puede vender un coche dado de baja temporal? Curiosidades sobre la baja temporal de un coche En Espa\u00f1a, la baja temporal de un coche es una opci\u00f3n que permite a los propietarios mantener el veh\u00edculo sin tener que pagar impuestos ni seguro. Esta baja temporal tiene una duraci\u00f3n m\u00e1xima de un a\u00f1o y puede\" \/>\n\t<meta name=\"robots\" content=\"max-snippet:-1, max-image-preview:large, max-video-preview:-1\" \/>\n\t<meta name=\"author\" content=\"Ana Gonz\u00e1lez\"\/>\n\t<link rel=\"canonical\" href=\"https:\/\/dudasytextos.com\/se-puede\/se-puede-vender-un-coche-dado-de-baja-temporal\/\" \/>\n\t<meta name=\"generator\" content=\"All in One SEO (AIOSEO) 5.0.1.1\" \/>\n\n\t\t<script async src=\"https:\/\/pagead2.googlesyndication.com\/pagead\/js\/adsbygoogle.js?client=ca-pub-3987500858204711\"\n     crossorigin=\"anonymous\"><\/script>\n<!-- Google tag (gtag.js) -->\n<script async src=\"https:\/\/www.googletagmanager.com\/gtag\/js?id=G-TYJ2FRZ8ZF\"><\/script>\n<script>\n  window.dataLayer = window.dataLayer || [];\n  function gtag(){dataLayer.push(arguments);}\n  gtag('js', new Date());\n\n  gtag('config', 'G-TYJ2FRZ8ZF');\n<\/script>\n\t\t<meta property=\"og:locale\" content=\"es_ES\" \/>\n\t\t<meta property=\"og:site_name\" content=\"\u00bfSe Puede? - Tomar decisiones informadas y resolver dudas.\" \/>\n\t\t<meta property=\"og:type\" content=\"article\" \/>\n\t\t<meta property=\"og:title\" content=\"Se puede vender un coche dado de baja temporal (2026) \u00bfSe Puede?\" \/>\n\t\t<meta property=\"og:description\" content=\"\u00bfSe puede vender un coche dado de baja temporal? Curiosidades sobre la baja temporal de un coche En Espa\u00f1a, la baja temporal de un coche es una opci\u00f3n que permite a los propietarios mantener el veh\u00edculo sin tener que pagar impuestos ni seguro. Esta baja temporal tiene una duraci\u00f3n m\u00e1xima de un a\u00f1o y puede\" \/>\n\t\t<meta property=\"og:url\" content=\"https:\/\/dudasytextos.com\/se-puede\/se-puede-vender-un-coche-dado-de-baja-temporal\/\" \/>\n\t\t<meta property=\"article:published_time\" content=\"2025-03-08T17:59:38+00:00\" \/>\n\t\t<meta property=\"article:modified_time\" content=\"2025-03-13T11:19:13+00:00\" \/>\n\t\t<meta name=\"twitter:card\" content=\"summary_large_image\" \/>\n\t\t<meta name=\"twitter:title\" content=\"Se puede vender un coche dado de baja temporal (2026) \u00bfSe Puede?\" \/>\n\t\t<meta name=\"twitter:description\" content=\"\u00bfSe puede vender un coche dado de baja temporal? Curiosidades sobre la baja temporal de un coche En Espa\u00f1a, la baja temporal de un coche es una opci\u00f3n que permite a los propietarios mantener el veh\u00edculo sin tener que pagar impuestos ni seguro. Esta baja temporal tiene una duraci\u00f3n m\u00e1xima de un a\u00f1o y puede\" \/>\n\t\t<script type=\"application\/ld+json\" class=\"aioseo-schema\">\n\t\t\t{\"@context\":\"https:\\\/\\\/schema.org\",\"@graph\":[{\"@type\":\"BlogPosting\",\"@id\":\"https:\\\/\\\/dudasytextos.com\\\/se-puede\\\/se-puede-vender-un-coche-dado-de-baja-temporal\\\/#blogposting\",\"name\":\"Se puede vender un coche dado de baja temporal (2026) \\u00bfSe Puede?\",\"headline\":\"Se puede vender un coche dado de baja temporal\",\"author\":{\"@id\":\"https:\\\/\\\/dudasytextos.com\\\/se-puede\\\/author\\\/admin23\\\/#author\"},\"publisher\":{\"@id\":\"https:\\\/\\\/dudasytextos.com\\\/se-puede\\\/#organization\"},\"datePublished\":\"2025-03-08T17:59:38+00:00\",\"dateModified\":\"2025-03-13T11:19:13+00:00\",\"inLanguage\":\"es-ES\",\"mainEntityOfPage\":{\"@id\":\"https:\\\/\\\/dudasytextos.com\\\/se-puede\\\/se-puede-vender-un-coche-dado-de-baja-temporal\\\/#webpage\"},\"isPartOf\":{\"@id\":\"https:\\\/\\\/dudasytextos.com\\\/se-puede\\\/se-puede-vender-un-coche-dado-de-baja-temporal\\\/#webpage\"},\"articleSection\":\"\\u00bfSe puede?\"},{\"@type\":\"BreadcrumbList\",\"@id\":\"https:\\\/\\\/dudasytextos.com\\\/se-puede\\\/se-puede-vender-un-coche-dado-de-baja-temporal\\\/#breadcrumblist\",\"itemListElement\":[{\"@type\":\"ListItem\",\"@id\":\"https:\\\/\\\/dudasytextos.com\\\/se-puede#listItem\",\"position\":1,\"name\":\"Home\",\"item\":\"https:\\\/\\\/dudasytextos.com\\\/se-puede\",\"nextItem\":{\"@type\":\"ListItem\",\"@id\":\"https:\\\/\\\/dudasytextos.com\\\/se-puede\\\/category\\\/se-puede\\\/#listItem\",\"name\":\"\\u00bfSe puede?\"}},{\"@type\":\"ListItem\",\"@id\":\"https:\\\/\\\/dudasytextos.com\\\/se-puede\\\/category\\\/se-puede\\\/#listItem\",\"position\":2,\"name\":\"\\u00bfSe puede?\",\"item\":\"https:\\\/\\\/dudasytextos.com\\\/se-puede\\\/category\\\/se-puede\\\/\",\"nextItem\":{\"@type\":\"ListItem\",\"@id\":\"https:\\\/\\\/dudasytextos.com\\\/se-puede\\\/se-puede-vender-un-coche-dado-de-baja-temporal\\\/#listItem\",\"name\":\"Se puede vender un coche dado de baja temporal\"},\"previousItem\":{\"@type\":\"ListItem\",\"@id\":\"https:\\\/\\\/dudasytextos.com\\\/se-puede#listItem\",\"name\":\"Home\"}},{\"@type\":\"ListItem\",\"@id\":\"https:\\\/\\\/dudasytextos.com\\\/se-puede\\\/se-puede-vender-un-coche-dado-de-baja-temporal\\\/#listItem\",\"position\":3,\"name\":\"Se puede vender un coche dado de baja temporal\",\"previousItem\":{\"@type\":\"ListItem\",\"@id\":\"https:\\\/\\\/dudasytextos.com\\\/se-puede\\\/category\\\/se-puede\\\/#listItem\",\"name\":\"\\u00bfSe puede?\"}}]},{\"@type\":\"Organization\",\"@id\":\"https:\\\/\\\/dudasytextos.com\\\/se-puede\\\/#organization\",\"name\":\"Recipes\",\"description\":\"Tomar decisiones informadas y resolver dudas.\",\"url\":\"https:\\\/\\\/dudasytextos.com\\\/se-puede\\\/\"},{\"@type\":\"Person\",\"@id\":\"https:\\\/\\\/dudasytextos.com\\\/se-puede\\\/author\\\/admin23\\\/#author\",\"url\":\"https:\\\/\\\/dudasytextos.com\\\/se-puede\\\/author\\\/admin23\\\/\",\"name\":\"Ana Gonz\\u00e1lez\"},{\"@type\":\"WebPage\",\"@id\":\"https:\\\/\\\/dudasytextos.com\\\/se-puede\\\/se-puede-vender-un-coche-dado-de-baja-temporal\\\/#webpage\",\"url\":\"https:\\\/\\\/dudasytextos.com\\\/se-puede\\\/se-puede-vender-un-coche-dado-de-baja-temporal\\\/\",\"name\":\"Se puede vender un coche dado de baja temporal (2026) \\u00bfSe Puede?\",\"description\":\"\\u00bfSe puede vender un coche dado de baja temporal? Curiosidades sobre la baja temporal de un coche En Espa\\u00f1a, la baja temporal de un coche es una opci\\u00f3n que permite a los propietarios mantener el veh\\u00edculo sin tener que pagar impuestos ni seguro. Esta baja temporal tiene una duraci\\u00f3n m\\u00e1xima de un a\\u00f1o y puede\",\"inLanguage\":\"es-ES\",\"isPartOf\":{\"@id\":\"https:\\\/\\\/dudasytextos.com\\\/se-puede\\\/#website\"},\"breadcrumb\":{\"@id\":\"https:\\\/\\\/dudasytextos.com\\\/se-puede\\\/se-puede-vender-un-coche-dado-de-baja-temporal\\\/#breadcrumblist\"},\"author\":{\"@id\":\"https:\\\/\\\/dudasytextos.com\\\/se-puede\\\/author\\\/admin23\\\/#author\"},\"creator\":{\"@id\":\"https:\\\/\\\/dudasytextos.com\\\/se-puede\\\/author\\\/admin23\\\/#author\"},\"datePublished\":\"2025-03-08T17:59:38+00:00\",\"dateModified\":\"2025-03-13T11:19:13+00:00\"},{\"@type\":\"WebSite\",\"@id\":\"https:\\\/\\\/dudasytextos.com\\\/se-puede\\\/#website\",\"url\":\"https:\\\/\\\/dudasytextos.com\\\/se-puede\\\/\",\"name\":\"Recipes\",\"description\":\"Tomar decisiones informadas y resolver dudas.\",\"inLanguage\":\"es-ES\",\"publisher\":{\"@id\":\"https:\\\/\\\/dudasytextos.com\\\/se-puede\\\/#organization\"}}]}\n\t\t<\/script>\n\t\t<!-- All in One SEO -->\n\n","aioseo_head_json":{"title":"Se puede vender un coche dado de baja temporal (2026) \u00bfSe Puede?","description":"\u00bfSe puede vender un coche dado de baja temporal? Curiosidades sobre la baja temporal de un coche En Espa\u00f1a, la baja temporal de un coche es una opci\u00f3n que permite a los propietarios mantener el veh\u00edculo sin tener que pagar impuestos ni seguro. Esta baja temporal tiene una duraci\u00f3n m\u00e1xima de un a\u00f1o y puede","canonical_url":"https:\/\/dudasytextos.com\/se-puede\/se-puede-vender-un-coche-dado-de-baja-temporal\/","robots":"max-snippet:-1, max-image-preview:large, max-video-preview:-1","keywords":"","webmasterTools":{"miscellaneous":"&lt;script async src=\"https:\/\/pagead2.googlesyndication.com\/pagead\/js\/adsbygoogle.js?client=ca-pub-3987500858204711\"\n     crossorigin=\"anonymous\"&gt;&lt;\/script&gt;\n&lt;!-- Google tag (gtag.js) --&gt;\n&lt;script async src=\"https:\/\/www.googletagmanager.com\/gtag\/js?id=G-TYJ2FRZ8ZF\"&gt;&lt;\/script&gt;\n&lt;script&gt;\n  window.dataLayer = window.dataLayer || [];\n  function gtag(){dataLayer.push(arguments);}\n  gtag('js', new Date());\n\n  gtag('config', 'G-TYJ2FRZ8ZF');\n&lt;\/script&gt;"},"schema":{"@context":"https:\/\/schema.org","@graph":[{"@type":"BlogPosting","@id":"https:\/\/dudasytextos.com\/se-puede\/se-puede-vender-un-coche-dado-de-baja-temporal\/#blogposting","name":"Se puede vender un coche dado de baja temporal (2026) \u00bfSe Puede?","headline":"Se puede vender un coche dado de baja temporal","author":{"@id":"https:\/\/dudasytextos.com\/se-puede\/author\/admin23\/#author"},"publisher":{"@id":"https:\/\/dudasytextos.com\/se-puede\/#organization"},"datePublished":"2025-03-08T17:59:38+00:00","dateModified":"2025-03-13T11:19:13+00:00","inLanguage":"es-ES","mainEntityOfPage":{"@id":"https:\/\/dudasytextos.com\/se-puede\/se-puede-vender-un-coche-dado-de-baja-temporal\/#webpage"},"isPartOf":{"@id":"https:\/\/dudasytextos.com\/se-puede\/se-puede-vender-un-coche-dado-de-baja-temporal\/#webpage"},"articleSection":"\u00bfSe puede?"},{"@type":"BreadcrumbList","@id":"https:\/\/dudasytextos.com\/se-puede\/se-puede-vender-un-coche-dado-de-baja-temporal\/#breadcrumblist","itemListElement":[{"@type":"ListItem","@id":"https:\/\/dudasytextos.com\/se-puede#listItem","position":1,"name":"Home","item":"https:\/\/dudasytextos.com\/se-puede","nextItem":{"@type":"ListItem","@id":"https:\/\/dudasytextos.com\/se-puede\/category\/se-puede\/#listItem","name":"\u00bfSe puede?"}},{"@type":"ListItem","@id":"https:\/\/dudasytextos.com\/se-puede\/category\/se-puede\/#listItem","position":2,"name":"\u00bfSe puede?","item":"https:\/\/dudasytextos.com\/se-puede\/category\/se-puede\/","nextItem":{"@type":"ListItem","@id":"https:\/\/dudasytextos.com\/se-puede\/se-puede-vender-un-coche-dado-de-baja-temporal\/#listItem","name":"Se puede vender un coche dado de baja temporal"},"previousItem":{"@type":"ListItem","@id":"https:\/\/dudasytextos.com\/se-puede#listItem","name":"Home"}},{"@type":"ListItem","@id":"https:\/\/dudasytextos.com\/se-puede\/se-puede-vender-un-coche-dado-de-baja-temporal\/#listItem","position":3,"name":"Se puede vender un coche dado de baja temporal","previousItem":{"@type":"ListItem","@id":"https:\/\/dudasytextos.com\/se-puede\/category\/se-puede\/#listItem","name":"\u00bfSe puede?"}}]},{"@type":"Organization","@id":"https:\/\/dudasytextos.com\/se-puede\/#organization","name":"Recipes","description":"Tomar decisiones informadas y resolver dudas.","url":"https:\/\/dudasytextos.com\/se-puede\/"},{"@type":"Person","@id":"https:\/\/dudasytextos.com\/se-puede\/author\/admin23\/#author","url":"https:\/\/dudasytextos.com\/se-puede\/author\/admin23\/","name":"Ana Gonz\u00e1lez"},{"@type":"WebPage","@id":"https:\/\/dudasytextos.com\/se-puede\/se-puede-vender-un-coche-dado-de-baja-temporal\/#webpage","url":"https:\/\/dudasytextos.com\/se-puede\/se-puede-vender-un-coche-dado-de-baja-temporal\/","name":"Se puede vender un coche dado de baja temporal (2026) \u00bfSe Puede?","description":"\u00bfSe puede vender un coche dado de baja temporal? Curiosidades sobre la baja temporal de un coche En Espa\u00f1a, la baja temporal de un coche es una opci\u00f3n que permite a los propietarios mantener el veh\u00edculo sin tener que pagar impuestos ni seguro. Esta baja temporal tiene una duraci\u00f3n m\u00e1xima de un a\u00f1o y puede","inLanguage":"es-ES","isPartOf":{"@id":"https:\/\/dudasytextos.com\/se-puede\/#website"},"breadcrumb":{"@id":"https:\/\/dudasytextos.com\/se-puede\/se-puede-vender-un-coche-dado-de-baja-temporal\/#breadcrumblist"},"author":{"@id":"https:\/\/dudasytextos.com\/se-puede\/author\/admin23\/#author"},"creator":{"@id":"https:\/\/dudasytextos.com\/se-puede\/author\/admin23\/#author"},"datePublished":"2025-03-08T17:59:38+00:00","dateModified":"2025-03-13T11:19:13+00:00"},{"@type":"WebSite","@id":"https:\/\/dudasytextos.com\/se-puede\/#website","url":"https:\/\/dudasytextos.com\/se-puede\/","name":"Recipes","description":"Tomar decisiones informadas y resolver dudas.","inLanguage":"es-ES","publisher":{"@id":"https:\/\/dudasytextos.com\/se-puede\/#organization"}}]},"og:locale":"es_ES","og:site_name":"\u00bfSe Puede? - Tomar decisiones informadas y resolver dudas.","og:type":"article","og:title":"Se puede vender un coche dado de baja temporal (2026) \u00bfSe Puede?","og:description":"\u00bfSe puede vender un coche dado de baja temporal? Curiosidades sobre la baja temporal de un coche En Espa\u00f1a, la baja temporal de un coche es una opci\u00f3n que permite a los propietarios mantener el veh\u00edculo sin tener que pagar impuestos ni seguro. Esta baja temporal tiene una duraci\u00f3n m\u00e1xima de un a\u00f1o y puede","og:url":"https:\/\/dudasytextos.com\/se-puede\/se-puede-vender-un-coche-dado-de-baja-temporal\/","article:published_time":"2025-03-08T17:59:38+00:00","article:modified_time":"2025-03-13T11:19:13+00:00","twitter:card":"summary_large_image","twitter:title":"Se puede vender un coche dado de baja temporal (2026) \u00bfSe Puede?","twitter:description":"\u00bfSe puede vender un coche dado de baja temporal? Curiosidades sobre la baja temporal de un coche En Espa\u00f1a, la baja temporal de un coche es una opci\u00f3n que permite a los propietarios mantener el veh\u00edculo sin tener que pagar impuestos ni seguro. Esta baja temporal tiene una duraci\u00f3n m\u00e1xima de un a\u00f1o y puede"},"aioseo_meta_data":{"post_id":"133945","title":null,"description":null,"keywords":null,"keyphrases":null,"primary_term":null,"canonical_url":null,"og_title":null,"og_description":null,"og_object_type":"default","og_image_type":"default","og_image_url":null,"og_image_width":null,"og_image_height":null,"og_image_custom_url":null,"og_image_custom_fields":null,"og_video":null,"og_custom_url":null,"og_article_section":null,"og_article_tags":null,"twitter_use_og":false,"twitter_card":"default","twitter_image_type":"default","twitter_image_url":null,"twitter_image_custom_url":null,"twitter_image_custom_fields":null,"twitter_title":null,"twitter_description":null,"schema":{"blockGraphs":[],"customGraphs":[],"default":{"data":{"Article":[],"Course":[],"Dataset":[],"FAQPage":[],"Movie":[],"Person":[],"Product":[],"ProductReview":[],"Car":[],"Recipe":[],"Service":[],"SoftwareApplication":[],"WebPage":[]},"graphName":"","isEnabled":true},"graphs":[]},"schema_type":"default","schema_type_options":null,"pillar_content":false,"robots_default":true,"robots_noindex":false,"robots_noarchive":false,"robots_nosnippet":false,"robots_nofollow":false,"robots_noimageindex":false,"robots_noodp":false,"robots_notranslate":false,"robots_max_snippet":null,"robots_max_videopreview":null,"robots_max_imagepreview":"large","priority":null,"frequency":null,"local_seo":null,"breadcrumb_settings":null,"limit_modified_date":false,"ai":null,"created":"2023-04-29 22:01:05","updated":"2025-03-14 11:49:01","seo_analyzer_scan_date":null,"focus_keyword":null,"additional_keywords":null,"truseo_locale":null},"aioseo_breadcrumb":"<div class=\"aioseo-breadcrumbs\"><span class=\"aioseo-breadcrumb\">\n\t\t\t<a href=\"https:\/\/dudasytextos.com\/se-puede\" title=\"Home\">Home<\/a>\n\t\t<\/span><span class=\"aioseo-breadcrumb-separator\">&raquo;<\/span><span class=\"aioseo-breadcrumb\">\n\t\t\t<a href=\"https:\/\/dudasytextos.com\/se-puede\/category\/se-puede\/\" title=\"\u00bfSe puede?\">\u00bfSe puede?<\/a>\n\t\t<\/span><span class=\"aioseo-breadcrumb-separator\">&raquo;<\/span><span class=\"aioseo-breadcrumb\">\n\t\t\tSe puede vender un coche dado de baja temporal\n\t\t<\/span><\/div>","aioseo_breadcrumb_json":[{"label":"Home","link":"https:\/\/dudasytextos.com\/se-puede"},{"label":"\u00bfSe puede?","link":"https:\/\/dudasytextos.com\/se-puede\/category\/se-puede\/"},{"label":"Se puede vender un coche dado de baja temporal","link":"https:\/\/dudasytextos.com\/se-puede\/se-puede-vender-un-coche-dado-de-baja-temporal\/"}],"_links":{"self":[{"href":"https:\/\/dudasytextos.com\/se-puede\/wp-json\/wp\/v2\/posts\/133945","targetHints":{"allow":["GET"]}}],"collection":[{"href":"https:\/\/dudasytextos.com\/se-puede\/wp-json\/wp\/v2\/posts"}],"about":[{"href":"https:\/\/dudasytextos.com\/se-puede\/wp-json\/wp\/v2\/types\/post"}],"author":[{"embeddable":true,"href":"https:\/\/dudasytextos.com\/se-puede\/wp-json\/wp\/v2\/users\/1"}],"replies":[{"embeddable":true,"href":"https:\/\/dudasytextos.com\/se-puede\/wp-json\/wp\/v2\/comments?post=133945"}],"version-history":[{"count":1,"href":"https:\/\/dudasytextos.com\/se-puede\/wp-json\/wp\/v2\/posts\/133945\/revisions"}],"predecessor-version":[{"id":135282,"href":"https:\/\/dudasytextos.com\/se-puede\/wp-json\/wp\/v2\/posts\/133945\/revisions\/135282"}],"wp:attachment":[{"href":"https:\/\/dudasytextos.com\/se-puede\/wp-json\/wp\/v2\/media?parent=133945"}],"wp:term":[{"taxonomy":"category","embeddable":true,"href":"https:\/\/dudasytextos.com\/se-puede\/wp-json\/wp\/v2\/categories?post=133945"},{"taxonomy":"post_tag","embeddable":true,"href":"https:\/\/dudasytextos.com\/se-puede\/wp-json\/wp\/v2\/tags?post=133945"}],"curies":[{"name":"wp","href":"https:\/\/api.w.org\/{rel}","templated":true}]}}