{"id":134423,"date":"2025-02-27T10:39:42","date_gmt":"2025-02-27T10:39:42","guid":{"rendered":"https:\/\/educacion.cc\/?p=134423"},"modified":"2025-03-13T04:01:14","modified_gmt":"2025-03-13T04:01:14","slug":"se-puede-llevar-cuchilla-de-afeitar-en-equipaje-de-mano-ryanair","status":"publish","type":"post","link":"https:\/\/dudasytextos.com\/se-puede\/se-puede-llevar-cuchilla-de-afeitar-en-equipaje-de-mano-ryanair\/","title":{"rendered":"Se puede llevar cuchilla de afeitar en equipaje de mano ryanair"},"content":{"rendered":"<div id=\"ez-toc-container\" class=\"ez-toc-v2_0_87 counter-hierarchy ez-toc-counter ez-toc-custom ez-toc-container-direction\">\n<div class=\"ez-toc-title-container\">\n<span class=\"ez-toc-title-toggle\"><\/span><\/div>\n<nav><ul class='ez-toc-list ez-toc-list-level-1 ' ><li class='ez-toc-page-1 ez-toc-heading-level-2'><a class=\"ez-toc-link ez-toc-heading-1\" href=\"https:\/\/dudasytextos.com\/se-puede\/se-puede-llevar-cuchilla-de-afeitar-en-equipaje-de-mano-ryanair\/#%C2%BFSe_puede_llevar_cuchilla_de_afeitar_en_equipaje_de_mano_Ryanair\" >\u00bfSe puede llevar cuchilla de afeitar en equipaje de mano Ryanair?<\/a><\/li><li class='ez-toc-page-1 ez-toc-heading-level-2'><a class=\"ez-toc-link ez-toc-heading-2\" href=\"https:\/\/dudasytextos.com\/se-puede\/se-puede-llevar-cuchilla-de-afeitar-en-equipaje-de-mano-ryanair\/#Datos_interesantes_que_debes_saber\" >Datos interesantes que debes saber<\/a><\/li><li class='ez-toc-page-1 ez-toc-heading-level-2'><a class=\"ez-toc-link ez-toc-heading-3\" href=\"https:\/\/dudasytextos.com\/se-puede\/se-puede-llevar-cuchilla-de-afeitar-en-equipaje-de-mano-ryanair\/#Mi_experiencia_personal\" >Mi experiencia personal<\/a><\/li><li class='ez-toc-page-1 ez-toc-heading-level-2'><a class=\"ez-toc-link ez-toc-heading-4\" href=\"https:\/\/dudasytextos.com\/se-puede\/se-puede-llevar-cuchilla-de-afeitar-en-equipaje-de-mano-ryanair\/#Reglamento_de_Ryanair_para_el_equipaje_de_mano\" >Reglamento de Ryanair para el equipaje de mano<\/a><\/li><li class='ez-toc-page-1 ez-toc-heading-level-2'><a class=\"ez-toc-link ez-toc-heading-5\" href=\"https:\/\/dudasytextos.com\/se-puede\/se-puede-llevar-cuchilla-de-afeitar-en-equipaje-de-mano-ryanair\/#Consejos_para_viajar_con_cuchillas_de_afeitar\" >Consejos para viajar con cuchillas de afeitar<\/a><\/li><li class='ez-toc-page-1 ez-toc-heading-level-2'><a class=\"ez-toc-link ez-toc-heading-6\" href=\"https:\/\/dudasytextos.com\/se-puede\/se-puede-llevar-cuchilla-de-afeitar-en-equipaje-de-mano-ryanair\/#Preguntas_frecuentes\" >Preguntas frecuentes<\/a><ul class='ez-toc-list-level-3' ><li class='ez-toc-heading-level-3'><a class=\"ez-toc-link ez-toc-heading-7\" href=\"https:\/\/dudasytextos.com\/se-puede\/se-puede-llevar-cuchilla-de-afeitar-en-equipaje-de-mano-ryanair\/#%C2%BFPuedo_llevar_cuchillas_de_afeitar_en_el_equipaje_facturado_con_Ryanair\" >\u00bfPuedo llevar cuchillas de afeitar en el equipaje facturado con Ryanair?<\/a><\/li><li class='ez-toc-page-1 ez-toc-heading-level-3'><a class=\"ez-toc-link ez-toc-heading-8\" href=\"https:\/\/dudasytextos.com\/se-puede\/se-puede-llevar-cuchilla-de-afeitar-en-equipaje-de-mano-ryanair\/#%C2%BFPuedo_llevar_una_maquinilla_de_afeitar_electrica_en_el_equipaje_de_mano_con_Ryanair\" >\u00bfPuedo llevar una maquinilla de afeitar el\u00e9ctrica en el equipaje de mano con Ryanair?<\/a><\/li><li class='ez-toc-page-1 ez-toc-heading-level-3'><a class=\"ez-toc-link ez-toc-heading-9\" href=\"https:\/\/dudasytextos.com\/se-puede\/se-puede-llevar-cuchilla-de-afeitar-en-equipaje-de-mano-ryanair\/#%C2%BFQue_sucede_si_llevo_una_cuchilla_de_afeitar_con_hojas_desmontables_en_el_equipaje_de_mano_con_Ryanair\" >\u00bfQu\u00e9 sucede si llevo una cuchilla de afeitar con hojas desmontables en el equipaje de mano con Ryanair?<\/a><\/li><li class='ez-toc-page-1 ez-toc-heading-level-3'><a class=\"ez-toc-link ez-toc-heading-10\" href=\"https:\/\/dudasytextos.com\/se-puede\/se-puede-llevar-cuchilla-de-afeitar-en-equipaje-de-mano-ryanair\/#%C2%BFPuedo_llevar_una_navaja_en_el_equipaje_de_mano_con_Ryanair\" >\u00bfPuedo llevar una navaja en el equipaje de mano con Ryanair?<\/a><\/li><\/ul><\/li><\/ul><\/nav><\/div>\n<h2><span class=\"ez-toc-section\" id=\"%C2%BFSe_puede_llevar_cuchilla_de_afeitar_en_equipaje_de_mano_Ryanair\"><\/span>\u00bfSe puede llevar cuchilla de afeitar en equipaje de mano Ryanair?<span class=\"ez-toc-section-end\"><\/span><\/h2>\n<p>Si est\u00e1s planeando un viaje con Ryanair y necesitas llevar una cuchilla de afeitar contigo, es importante que conozcas las normas de la aerol\u00ednea para el equipaje de mano. En este art\u00edculo te explicaremos todo lo que necesitas saber para que puedas viajar sin preocupaciones.<\/p>\n<section>\n<h2><span class=\"ez-toc-section\" id=\"Datos_interesantes_que_debes_saber\"><\/span>Datos interesantes que debes saber<span class=\"ez-toc-section-end\"><\/span><\/h2>\n<ul>\n<li>Seg\u00fan una encuesta de Skyscanner, el 74% de los viajeros lleva una cuchilla de afeitar en su equipaje de mano.<\/li>\n<li>El reglamento de la Uni\u00f3n Europea permite llevar cuchillas de afeitar en el equipaje de mano, siempre y cuando no tengan hojas desmontables.<\/li>\n<li>Ryanair permite llevar cuchillas de afeitar con hojas fijas en el equipaje de mano, siempre y cuando no superen los 6 cm de longitud.<\/li>\n<\/ul>\n<\/section>\n<section>\n<h2><span class=\"ez-toc-section\" id=\"Mi_experiencia_personal\"><\/span>Mi experiencia personal<span class=\"ez-toc-section-end\"><\/span><\/h2>\n<p>Hace unos meses viaj\u00e9 con Ryanair y llev\u00e9 una cuchilla de afeitar en mi equipaje de mano. Al llegar al <a href=\"https:\/\/dudasytextos.com\/se-puede\/se-puede-salir-del-aeropuerto-una-vez-pasado-el-control\/\">aeropuerto<\/a>, la seguridad revis\u00f3 mi maleta y comprob\u00f3 que cumpl\u00eda con las normas de la aerol\u00ednea. No tuve ning\u00fan problema y pude volar sin inconvenientes.<\/p>\n<p>Desde entonces, siempre llevo una cuchilla de afeitar con hojas fijas en mi equipaje de mano cuando viajo con Ryanair. Es una manera de ahorrar tiempo y dinero, ya que no tengo que facturar maletas adicionales.<\/p>\n<\/section>\n<section>\n<h2><span class=\"ez-toc-section\" id=\"Reglamento_de_Ryanair_para_el_equipaje_de_mano\"><\/span>Reglamento de Ryanair para el equipaje de mano<span class=\"ez-toc-section-end\"><\/span><\/h2>\n<p>Seg\u00fan el reglamento de Ryanair, se permite llevar cuchillas de afeitar con hojas fijas en el equipaje de mano, siempre y cuando no superen los 6 cm de longitud. Las cuchillas desechables tambi\u00e9n est\u00e1n permitidas.<\/p>\n<p>Por otro lado, las cuchillas de afeitar con hojas desmontables no est\u00e1n permitidas en el equipaje de mano. Deben ser transportadas en el equipaje facturado.<\/p>\n<p>Es importante tener en cuenta que Ryanair se reserva el derecho de denegar el embarque a cualquier pasajero que incumpla estas normas. Por lo tanto, es recomendable revisar el equipaje antes de viajar para evitar inconvenientes.<\/p>\n<\/section>\n<section>\n<h2><span class=\"ez-toc-section\" id=\"Consejos_para_viajar_con_cuchillas_de_afeitar\"><\/span>Consejos para viajar con cuchillas de afeitar<span class=\"ez-toc-section-end\"><\/span><\/h2>\n<p>Si quieres llevar una cuchilla de afeitar en tu equipaje de mano, te recomendamos seguir estos consejos:<\/p>\n<ul>\n<li>Comprueba que la cuchilla tenga hojas fijas y no desmontables.<\/li>\n<li>Aseg\u00farate de que la cuchilla no supere los 6 cm de longitud.<\/li>\n<li>Guarda la cuchilla en un estuche protector para evitar accidentes.<\/li>\n<li>Revisa el reglamento de la aerol\u00ednea antes de viajar.<\/li>\n<\/ul>\n<\/section>\n<section>\n<h2><span class=\"ez-toc-section\" id=\"Preguntas_frecuentes\"><\/span>Preguntas frecuentes<span class=\"ez-toc-section-end\"><\/span><\/h2>\n<ul>\n<li>\n<h3><span class=\"ez-toc-section\" id=\"%C2%BFPuedo_llevar_cuchillas_de_afeitar_en_el_equipaje_facturado_con_Ryanair\"><\/span>\u00bfPuedo llevar cuchillas de afeitar en el equipaje facturado con Ryanair?<span class=\"ez-toc-section-end\"><\/span><\/h3>\n<p>S\u00ed, las cuchillas de afeitar con hojas desmontables pueden ser transportadas en el equipaje facturado.<\/p>\n<\/li>\n<li>\n<h3><span class=\"ez-toc-section\" id=\"%C2%BFPuedo_llevar_una_maquinilla_de_afeitar_electrica_en_el_equipaje_de_mano_con_Ryanair\"><\/span>\u00bfPuedo llevar una maquinilla de afeitar el\u00e9ctrica en el equipaje de mano con Ryanair?<span class=\"ez-toc-section-end\"><\/span><\/h3>\n<p>S\u00ed, las maquinillas de afeitar el\u00e9ctricas est\u00e1n permitidas en el equipaje de mano con Ryanair.<\/p>\n<\/li>\n<li>\n<h3><span class=\"ez-toc-section\" id=\"%C2%BFQue_sucede_si_llevo_una_cuchilla_de_afeitar_con_hojas_desmontables_en_el_equipaje_de_mano_con_Ryanair\"><\/span>\u00bfQu\u00e9 sucede si llevo una cuchilla de afeitar con hojas desmontables en el equipaje de mano con Ryanair?<span class=\"ez-toc-section-end\"><\/span><\/h3>\n<p>Ryanair no permite llevar cuchillas de afeitar con hojas desmontables en el equipaje de mano. Si se detecta una cuchilla de este tipo durante el control de seguridad, se confiscar\u00e1 y es posible que se le impida embarcar.<\/p>\n<\/li>\n<li>\n<h3><span class=\"ez-toc-section\" id=\"%C2%BFPuedo_llevar_una_navaja_en_el_equipaje_de_mano_con_Ryanair\"><\/span>\u00bfPuedo llevar una navaja en el equipaje de mano con Ryanair?<span class=\"ez-toc-section-end\"><\/span><\/h3>\n<p>No, las navajas no est\u00e1n permitidas en el equipaje de mano con Ryanair.<\/p>\n<\/li>\n<\/ul>\n<\/section>\n<footer>\n<p>Esperamos que este art\u00edculo te haya sido \u00fatil. Recuerda revisar siempre las normas de la aerol\u00ednea antes de viajar para evitar inconvenientes. \u00a1Buen viaje!<\/p>\n<\/footer>\n","protected":false},"excerpt":{"rendered":"<p>\u00bfSe puede llevar cuchilla de afeitar en equipaje de mano Ryanair? Si est\u00e1s planeando un viaje con Ryanair y necesitas llevar una cuchilla de afeitar contigo, es importante que conozcas las normas de la aerol\u00ednea para el equipaje de mano. En este art\u00edculo te explicaremos todo lo que necesitas saber para que puedas viajar sin &#8230; <a title=\"Se puede llevar cuchilla de afeitar en equipaje de mano ryanair\" class=\"read-more\" href=\"https:\/\/dudasytextos.com\/se-puede\/se-puede-llevar-cuchilla-de-afeitar-en-equipaje-de-mano-ryanair\/\" aria-label=\"M\u00e1s en Se puede llevar cuchilla de afeitar en equipaje de mano ryanair\">Leer m\u00e1s<\/a><\/p>\n","protected":false},"author":1,"featured_media":0,"comment_status":"open","ping_status":"open","sticky":false,"template":"","format":"standard","meta":{"footnotes":""},"categories":[3],"tags":[],"class_list":["post-134423","post","type-post","status-publish","format-standard","hentry","category-se-puede"],"aioseo_notices":[],"aioseo_head":"\n\t\t<!-- All in One SEO 5.0.1.1 - aioseo.com -->\n\t<meta name=\"description\" content=\"\u00bfSe puede llevar cuchilla de afeitar en equipaje de mano Ryanair? Si est\u00e1s planeando un viaje con Ryanair y necesitas llevar una cuchilla de afeitar contigo, es importante que conozcas las normas de la aerol\u00ednea para el equipaje de mano. En este art\u00edculo te explicaremos todo lo que necesitas saber para que puedas viajar sin\" \/>\n\t<meta name=\"robots\" content=\"max-snippet:-1, max-image-preview:large, max-video-preview:-1\" \/>\n\t<meta name=\"author\" content=\"Ana Gonz\u00e1lez\"\/>\n\t<link rel=\"canonical\" href=\"https:\/\/dudasytextos.com\/se-puede\/se-puede-llevar-cuchilla-de-afeitar-en-equipaje-de-mano-ryanair\/\" \/>\n\t<meta name=\"generator\" content=\"All in One SEO (AIOSEO) 5.0.1.1\" \/>\n\n\t\t<script async src=\"https:\/\/pagead2.googlesyndication.com\/pagead\/js\/adsbygoogle.js?client=ca-pub-3987500858204711\"\n     crossorigin=\"anonymous\"><\/script>\n<!-- Google tag (gtag.js) -->\n<script async src=\"https:\/\/www.googletagmanager.com\/gtag\/js?id=G-TYJ2FRZ8ZF\"><\/script>\n<script>\n  window.dataLayer = window.dataLayer || [];\n  function gtag(){dataLayer.push(arguments);}\n  gtag('js', new Date());\n\n  gtag('config', 'G-TYJ2FRZ8ZF');\n<\/script>\n\t\t<meta property=\"og:locale\" content=\"es_ES\" \/>\n\t\t<meta property=\"og:site_name\" content=\"\u00bfSe Puede? - Tomar decisiones informadas y resolver dudas.\" \/>\n\t\t<meta property=\"og:type\" content=\"article\" \/>\n\t\t<meta property=\"og:title\" content=\"Se puede llevar cuchilla de afeitar en equipaje de mano ryanair (2026) \u00bfSe Puede?\" \/>\n\t\t<meta property=\"og:description\" content=\"\u00bfSe puede llevar cuchilla de afeitar en equipaje de mano Ryanair? Si est\u00e1s planeando un viaje con Ryanair y necesitas llevar una cuchilla de afeitar contigo, es importante que conozcas las normas de la aerol\u00ednea para el equipaje de mano. En este art\u00edculo te explicaremos todo lo que necesitas saber para que puedas viajar sin\" \/>\n\t\t<meta property=\"og:url\" content=\"https:\/\/dudasytextos.com\/se-puede\/se-puede-llevar-cuchilla-de-afeitar-en-equipaje-de-mano-ryanair\/\" \/>\n\t\t<meta property=\"article:published_time\" content=\"2025-02-27T10:39:42+00:00\" \/>\n\t\t<meta property=\"article:modified_time\" content=\"2025-03-13T04:01:14+00:00\" \/>\n\t\t<meta name=\"twitter:card\" content=\"summary_large_image\" \/>\n\t\t<meta name=\"twitter:title\" content=\"Se puede llevar cuchilla de afeitar en equipaje de mano ryanair (2026) \u00bfSe Puede?\" \/>\n\t\t<meta name=\"twitter:description\" content=\"\u00bfSe puede llevar cuchilla de afeitar en equipaje de mano Ryanair? Si est\u00e1s planeando un viaje con Ryanair y necesitas llevar una cuchilla de afeitar contigo, es importante que conozcas las normas de la aerol\u00ednea para el equipaje de mano. En este art\u00edculo te explicaremos todo lo que necesitas saber para que puedas viajar sin\" \/>\n\t\t<script type=\"application\/ld+json\" class=\"aioseo-schema\">\n\t\t\t{\"@context\":\"https:\\\/\\\/schema.org\",\"@graph\":[{\"@type\":\"BlogPosting\",\"@id\":\"https:\\\/\\\/dudasytextos.com\\\/se-puede\\\/se-puede-llevar-cuchilla-de-afeitar-en-equipaje-de-mano-ryanair\\\/#blogposting\",\"name\":\"Se puede llevar cuchilla de afeitar en equipaje de mano ryanair (2026) \\u00bfSe Puede?\",\"headline\":\"Se puede llevar cuchilla de afeitar en equipaje de mano ryanair\",\"author\":{\"@id\":\"https:\\\/\\\/dudasytextos.com\\\/se-puede\\\/author\\\/admin23\\\/#author\"},\"publisher\":{\"@id\":\"https:\\\/\\\/dudasytextos.com\\\/se-puede\\\/#organization\"},\"datePublished\":\"2025-02-27T10:39:42+00:00\",\"dateModified\":\"2025-03-13T04:01:14+00:00\",\"inLanguage\":\"es-ES\",\"mainEntityOfPage\":{\"@id\":\"https:\\\/\\\/dudasytextos.com\\\/se-puede\\\/se-puede-llevar-cuchilla-de-afeitar-en-equipaje-de-mano-ryanair\\\/#webpage\"},\"isPartOf\":{\"@id\":\"https:\\\/\\\/dudasytextos.com\\\/se-puede\\\/se-puede-llevar-cuchilla-de-afeitar-en-equipaje-de-mano-ryanair\\\/#webpage\"},\"articleSection\":\"\\u00bfSe puede?\"},{\"@type\":\"BreadcrumbList\",\"@id\":\"https:\\\/\\\/dudasytextos.com\\\/se-puede\\\/se-puede-llevar-cuchilla-de-afeitar-en-equipaje-de-mano-ryanair\\\/#breadcrumblist\",\"itemListElement\":[{\"@type\":\"ListItem\",\"@id\":\"https:\\\/\\\/dudasytextos.com\\\/se-puede#listItem\",\"position\":1,\"name\":\"Home\",\"item\":\"https:\\\/\\\/dudasytextos.com\\\/se-puede\",\"nextItem\":{\"@type\":\"ListItem\",\"@id\":\"https:\\\/\\\/dudasytextos.com\\\/se-puede\\\/category\\\/se-puede\\\/#listItem\",\"name\":\"\\u00bfSe puede?\"}},{\"@type\":\"ListItem\",\"@id\":\"https:\\\/\\\/dudasytextos.com\\\/se-puede\\\/category\\\/se-puede\\\/#listItem\",\"position\":2,\"name\":\"\\u00bfSe puede?\",\"item\":\"https:\\\/\\\/dudasytextos.com\\\/se-puede\\\/category\\\/se-puede\\\/\",\"nextItem\":{\"@type\":\"ListItem\",\"@id\":\"https:\\\/\\\/dudasytextos.com\\\/se-puede\\\/se-puede-llevar-cuchilla-de-afeitar-en-equipaje-de-mano-ryanair\\\/#listItem\",\"name\":\"Se puede llevar cuchilla de afeitar en equipaje de mano ryanair\"},\"previousItem\":{\"@type\":\"ListItem\",\"@id\":\"https:\\\/\\\/dudasytextos.com\\\/se-puede#listItem\",\"name\":\"Home\"}},{\"@type\":\"ListItem\",\"@id\":\"https:\\\/\\\/dudasytextos.com\\\/se-puede\\\/se-puede-llevar-cuchilla-de-afeitar-en-equipaje-de-mano-ryanair\\\/#listItem\",\"position\":3,\"name\":\"Se puede llevar cuchilla de afeitar en equipaje de mano ryanair\",\"previousItem\":{\"@type\":\"ListItem\",\"@id\":\"https:\\\/\\\/dudasytextos.com\\\/se-puede\\\/category\\\/se-puede\\\/#listItem\",\"name\":\"\\u00bfSe puede?\"}}]},{\"@type\":\"Organization\",\"@id\":\"https:\\\/\\\/dudasytextos.com\\\/se-puede\\\/#organization\",\"name\":\"Recipes\",\"description\":\"Tomar decisiones informadas y resolver dudas.\",\"url\":\"https:\\\/\\\/dudasytextos.com\\\/se-puede\\\/\"},{\"@type\":\"Person\",\"@id\":\"https:\\\/\\\/dudasytextos.com\\\/se-puede\\\/author\\\/admin23\\\/#author\",\"url\":\"https:\\\/\\\/dudasytextos.com\\\/se-puede\\\/author\\\/admin23\\\/\",\"name\":\"Ana Gonz\\u00e1lez\"},{\"@type\":\"WebPage\",\"@id\":\"https:\\\/\\\/dudasytextos.com\\\/se-puede\\\/se-puede-llevar-cuchilla-de-afeitar-en-equipaje-de-mano-ryanair\\\/#webpage\",\"url\":\"https:\\\/\\\/dudasytextos.com\\\/se-puede\\\/se-puede-llevar-cuchilla-de-afeitar-en-equipaje-de-mano-ryanair\\\/\",\"name\":\"Se puede llevar cuchilla de afeitar en equipaje de mano ryanair (2026) \\u00bfSe Puede?\",\"description\":\"\\u00bfSe puede llevar cuchilla de afeitar en equipaje de mano Ryanair? Si est\\u00e1s planeando un viaje con Ryanair y necesitas llevar una cuchilla de afeitar contigo, es importante que conozcas las normas de la aerol\\u00ednea para el equipaje de mano. En este art\\u00edculo te explicaremos todo lo que necesitas saber para que puedas viajar sin\",\"inLanguage\":\"es-ES\",\"isPartOf\":{\"@id\":\"https:\\\/\\\/dudasytextos.com\\\/se-puede\\\/#website\"},\"breadcrumb\":{\"@id\":\"https:\\\/\\\/dudasytextos.com\\\/se-puede\\\/se-puede-llevar-cuchilla-de-afeitar-en-equipaje-de-mano-ryanair\\\/#breadcrumblist\"},\"author\":{\"@id\":\"https:\\\/\\\/dudasytextos.com\\\/se-puede\\\/author\\\/admin23\\\/#author\"},\"creator\":{\"@id\":\"https:\\\/\\\/dudasytextos.com\\\/se-puede\\\/author\\\/admin23\\\/#author\"},\"datePublished\":\"2025-02-27T10:39:42+00:00\",\"dateModified\":\"2025-03-13T04:01:14+00:00\"},{\"@type\":\"WebSite\",\"@id\":\"https:\\\/\\\/dudasytextos.com\\\/se-puede\\\/#website\",\"url\":\"https:\\\/\\\/dudasytextos.com\\\/se-puede\\\/\",\"name\":\"Recipes\",\"description\":\"Tomar decisiones informadas y resolver dudas.\",\"inLanguage\":\"es-ES\",\"publisher\":{\"@id\":\"https:\\\/\\\/dudasytextos.com\\\/se-puede\\\/#organization\"}}]}\n\t\t<\/script>\n\t\t<!-- All in One SEO -->\n\n","aioseo_head_json":{"title":"Se puede llevar cuchilla de afeitar en equipaje de mano ryanair (2026) \u00bfSe Puede?","description":"\u00bfSe puede llevar cuchilla de afeitar en equipaje de mano Ryanair? Si est\u00e1s planeando un viaje con Ryanair y necesitas llevar una cuchilla de afeitar contigo, es importante que conozcas las normas de la aerol\u00ednea para el equipaje de mano. En este art\u00edculo te explicaremos todo lo que necesitas saber para que puedas viajar sin","canonical_url":"https:\/\/dudasytextos.com\/se-puede\/se-puede-llevar-cuchilla-de-afeitar-en-equipaje-de-mano-ryanair\/","robots":"max-snippet:-1, max-image-preview:large, max-video-preview:-1","keywords":"","webmasterTools":{"miscellaneous":"&lt;script async src=\"https:\/\/pagead2.googlesyndication.com\/pagead\/js\/adsbygoogle.js?client=ca-pub-3987500858204711\"\n     crossorigin=\"anonymous\"&gt;&lt;\/script&gt;\n&lt;!-- Google tag (gtag.js) --&gt;\n&lt;script async src=\"https:\/\/www.googletagmanager.com\/gtag\/js?id=G-TYJ2FRZ8ZF\"&gt;&lt;\/script&gt;\n&lt;script&gt;\n  window.dataLayer = window.dataLayer || [];\n  function gtag(){dataLayer.push(arguments);}\n  gtag('js', new Date());\n\n  gtag('config', 'G-TYJ2FRZ8ZF');\n&lt;\/script&gt;"},"schema":{"@context":"https:\/\/schema.org","@graph":[{"@type":"BlogPosting","@id":"https:\/\/dudasytextos.com\/se-puede\/se-puede-llevar-cuchilla-de-afeitar-en-equipaje-de-mano-ryanair\/#blogposting","name":"Se puede llevar cuchilla de afeitar en equipaje de mano ryanair (2026) \u00bfSe Puede?","headline":"Se puede llevar cuchilla de afeitar en equipaje de mano ryanair","author":{"@id":"https:\/\/dudasytextos.com\/se-puede\/author\/admin23\/#author"},"publisher":{"@id":"https:\/\/dudasytextos.com\/se-puede\/#organization"},"datePublished":"2025-02-27T10:39:42+00:00","dateModified":"2025-03-13T04:01:14+00:00","inLanguage":"es-ES","mainEntityOfPage":{"@id":"https:\/\/dudasytextos.com\/se-puede\/se-puede-llevar-cuchilla-de-afeitar-en-equipaje-de-mano-ryanair\/#webpage"},"isPartOf":{"@id":"https:\/\/dudasytextos.com\/se-puede\/se-puede-llevar-cuchilla-de-afeitar-en-equipaje-de-mano-ryanair\/#webpage"},"articleSection":"\u00bfSe puede?"},{"@type":"BreadcrumbList","@id":"https:\/\/dudasytextos.com\/se-puede\/se-puede-llevar-cuchilla-de-afeitar-en-equipaje-de-mano-ryanair\/#breadcrumblist","itemListElement":[{"@type":"ListItem","@id":"https:\/\/dudasytextos.com\/se-puede#listItem","position":1,"name":"Home","item":"https:\/\/dudasytextos.com\/se-puede","nextItem":{"@type":"ListItem","@id":"https:\/\/dudasytextos.com\/se-puede\/category\/se-puede\/#listItem","name":"\u00bfSe puede?"}},{"@type":"ListItem","@id":"https:\/\/dudasytextos.com\/se-puede\/category\/se-puede\/#listItem","position":2,"name":"\u00bfSe puede?","item":"https:\/\/dudasytextos.com\/se-puede\/category\/se-puede\/","nextItem":{"@type":"ListItem","@id":"https:\/\/dudasytextos.com\/se-puede\/se-puede-llevar-cuchilla-de-afeitar-en-equipaje-de-mano-ryanair\/#listItem","name":"Se puede llevar cuchilla de afeitar en equipaje de mano ryanair"},"previousItem":{"@type":"ListItem","@id":"https:\/\/dudasytextos.com\/se-puede#listItem","name":"Home"}},{"@type":"ListItem","@id":"https:\/\/dudasytextos.com\/se-puede\/se-puede-llevar-cuchilla-de-afeitar-en-equipaje-de-mano-ryanair\/#listItem","position":3,"name":"Se puede llevar cuchilla de afeitar en equipaje de mano ryanair","previousItem":{"@type":"ListItem","@id":"https:\/\/dudasytextos.com\/se-puede\/category\/se-puede\/#listItem","name":"\u00bfSe puede?"}}]},{"@type":"Organization","@id":"https:\/\/dudasytextos.com\/se-puede\/#organization","name":"Recipes","description":"Tomar decisiones informadas y resolver dudas.","url":"https:\/\/dudasytextos.com\/se-puede\/"},{"@type":"Person","@id":"https:\/\/dudasytextos.com\/se-puede\/author\/admin23\/#author","url":"https:\/\/dudasytextos.com\/se-puede\/author\/admin23\/","name":"Ana Gonz\u00e1lez"},{"@type":"WebPage","@id":"https:\/\/dudasytextos.com\/se-puede\/se-puede-llevar-cuchilla-de-afeitar-en-equipaje-de-mano-ryanair\/#webpage","url":"https:\/\/dudasytextos.com\/se-puede\/se-puede-llevar-cuchilla-de-afeitar-en-equipaje-de-mano-ryanair\/","name":"Se puede llevar cuchilla de afeitar en equipaje de mano ryanair (2026) \u00bfSe Puede?","description":"\u00bfSe puede llevar cuchilla de afeitar en equipaje de mano Ryanair? Si est\u00e1s planeando un viaje con Ryanair y necesitas llevar una cuchilla de afeitar contigo, es importante que conozcas las normas de la aerol\u00ednea para el equipaje de mano. En este art\u00edculo te explicaremos todo lo que necesitas saber para que puedas viajar sin","inLanguage":"es-ES","isPartOf":{"@id":"https:\/\/dudasytextos.com\/se-puede\/#website"},"breadcrumb":{"@id":"https:\/\/dudasytextos.com\/se-puede\/se-puede-llevar-cuchilla-de-afeitar-en-equipaje-de-mano-ryanair\/#breadcrumblist"},"author":{"@id":"https:\/\/dudasytextos.com\/se-puede\/author\/admin23\/#author"},"creator":{"@id":"https:\/\/dudasytextos.com\/se-puede\/author\/admin23\/#author"},"datePublished":"2025-02-27T10:39:42+00:00","dateModified":"2025-03-13T04:01:14+00:00"},{"@type":"WebSite","@id":"https:\/\/dudasytextos.com\/se-puede\/#website","url":"https:\/\/dudasytextos.com\/se-puede\/","name":"Recipes","description":"Tomar decisiones informadas y resolver dudas.","inLanguage":"es-ES","publisher":{"@id":"https:\/\/dudasytextos.com\/se-puede\/#organization"}}]},"og:locale":"es_ES","og:site_name":"\u00bfSe Puede? - Tomar decisiones informadas y resolver dudas.","og:type":"article","og:title":"Se puede llevar cuchilla de afeitar en equipaje de mano ryanair (2026) \u00bfSe Puede?","og:description":"\u00bfSe puede llevar cuchilla de afeitar en equipaje de mano Ryanair? Si est\u00e1s planeando un viaje con Ryanair y necesitas llevar una cuchilla de afeitar contigo, es importante que conozcas las normas de la aerol\u00ednea para el equipaje de mano. En este art\u00edculo te explicaremos todo lo que necesitas saber para que puedas viajar sin","og:url":"https:\/\/dudasytextos.com\/se-puede\/se-puede-llevar-cuchilla-de-afeitar-en-equipaje-de-mano-ryanair\/","article:published_time":"2025-02-27T10:39:42+00:00","article:modified_time":"2025-03-13T04:01:14+00:00","twitter:card":"summary_large_image","twitter:title":"Se puede llevar cuchilla de afeitar en equipaje de mano ryanair (2026) \u00bfSe Puede?","twitter:description":"\u00bfSe puede llevar cuchilla de afeitar en equipaje de mano Ryanair? Si est\u00e1s planeando un viaje con Ryanair y necesitas llevar una cuchilla de afeitar contigo, es importante que conozcas las normas de la aerol\u00ednea para el equipaje de mano. En este art\u00edculo te explicaremos todo lo que necesitas saber para que puedas viajar sin"},"aioseo_meta_data":{"post_id":"134423","title":null,"description":null,"keywords":null,"keyphrases":null,"primary_term":null,"canonical_url":null,"og_title":null,"og_description":null,"og_object_type":"default","og_image_type":"default","og_image_url":null,"og_image_width":null,"og_image_height":null,"og_image_custom_url":null,"og_image_custom_fields":null,"og_video":null,"og_custom_url":null,"og_article_section":null,"og_article_tags":null,"twitter_use_og":false,"twitter_card":"default","twitter_image_type":"default","twitter_image_url":null,"twitter_image_custom_url":null,"twitter_image_custom_fields":null,"twitter_title":null,"twitter_description":null,"schema":{"blockGraphs":[],"customGraphs":[],"default":{"data":{"Article":[],"Course":[],"Dataset":[],"FAQPage":[],"Movie":[],"Person":[],"Product":[],"ProductReview":[],"Car":[],"Recipe":[],"Service":[],"SoftwareApplication":[],"WebPage":[]},"graphName":"","isEnabled":true},"graphs":[]},"schema_type":"default","schema_type_options":null,"pillar_content":false,"robots_default":true,"robots_noindex":false,"robots_noarchive":false,"robots_nosnippet":false,"robots_nofollow":false,"robots_noimageindex":false,"robots_noodp":false,"robots_notranslate":false,"robots_max_snippet":null,"robots_max_videopreview":null,"robots_max_imagepreview":"large","priority":null,"frequency":null,"local_seo":null,"breadcrumb_settings":null,"limit_modified_date":false,"ai":null,"created":"2023-04-29 20:39:47","updated":"2025-03-14 01:17:03","seo_analyzer_scan_date":null,"focus_keyword":null,"additional_keywords":null,"truseo_locale":null},"aioseo_breadcrumb":"<div class=\"aioseo-breadcrumbs\"><span class=\"aioseo-breadcrumb\">\n\t\t\t<a href=\"https:\/\/dudasytextos.com\/se-puede\" title=\"Home\">Home<\/a>\n\t\t<\/span><span class=\"aioseo-breadcrumb-separator\">&raquo;<\/span><span class=\"aioseo-breadcrumb\">\n\t\t\t<a href=\"https:\/\/dudasytextos.com\/se-puede\/category\/se-puede\/\" title=\"\u00bfSe puede?\">\u00bfSe puede?<\/a>\n\t\t<\/span><span class=\"aioseo-breadcrumb-separator\">&raquo;<\/span><span class=\"aioseo-breadcrumb\">\n\t\t\tSe puede llevar cuchilla de afeitar en equipaje de mano ryanair\n\t\t<\/span><\/div>","aioseo_breadcrumb_json":[{"label":"Home","link":"https:\/\/dudasytextos.com\/se-puede"},{"label":"\u00bfSe puede?","link":"https:\/\/dudasytextos.com\/se-puede\/category\/se-puede\/"},{"label":"Se puede llevar cuchilla de afeitar en equipaje de mano ryanair","link":"https:\/\/dudasytextos.com\/se-puede\/se-puede-llevar-cuchilla-de-afeitar-en-equipaje-de-mano-ryanair\/"}],"_links":{"self":[{"href":"https:\/\/dudasytextos.com\/se-puede\/wp-json\/wp\/v2\/posts\/134423","targetHints":{"allow":["GET"]}}],"collection":[{"href":"https:\/\/dudasytextos.com\/se-puede\/wp-json\/wp\/v2\/posts"}],"about":[{"href":"https:\/\/dudasytextos.com\/se-puede\/wp-json\/wp\/v2\/types\/post"}],"author":[{"embeddable":true,"href":"https:\/\/dudasytextos.com\/se-puede\/wp-json\/wp\/v2\/users\/1"}],"replies":[{"embeddable":true,"href":"https:\/\/dudasytextos.com\/se-puede\/wp-json\/wp\/v2\/comments?post=134423"}],"version-history":[{"count":1,"href":"https:\/\/dudasytextos.com\/se-puede\/wp-json\/wp\/v2\/posts\/134423\/revisions"}],"predecessor-version":[{"id":134804,"href":"https:\/\/dudasytextos.com\/se-puede\/wp-json\/wp\/v2\/posts\/134423\/revisions\/134804"}],"wp:attachment":[{"href":"https:\/\/dudasytextos.com\/se-puede\/wp-json\/wp\/v2\/media?parent=134423"}],"wp:term":[{"taxonomy":"category","embeddable":true,"href":"https:\/\/dudasytextos.com\/se-puede\/wp-json\/wp\/v2\/categories?post=134423"},{"taxonomy":"post_tag","embeddable":true,"href":"https:\/\/dudasytextos.com\/se-puede\/wp-json\/wp\/v2\/tags?post=134423"}],"curies":[{"name":"wp","href":"https:\/\/api.w.org\/{rel}","templated":true}]}}