{"id":73331,"date":"2025-02-21T12:54:38","date_gmt":"2025-02-21T12:54:38","guid":{"rendered":"https:\/\/soleyantonio.es\/se-puede-quemar-hoy-en-asturias\/"},"modified":"2025-03-12T19:14:40","modified_gmt":"2025-03-12T19:14:40","slug":"se-puede-quemar-hoy-en-asturias","status":"publish","type":"post","link":"https:\/\/dudasytextos.com\/se-puede\/se-puede-quemar-hoy-en-asturias\/","title":{"rendered":"Se puede quemar hoy en asturias"},"content":{"rendered":"<div id=\"ez-toc-container\" class=\"ez-toc-v2_0_87 counter-hierarchy ez-toc-counter ez-toc-custom ez-toc-container-direction\">\n<div class=\"ez-toc-title-container\">\n<span class=\"ez-toc-title-toggle\"><\/span><\/div>\n<nav><ul class='ez-toc-list ez-toc-list-level-1 ' ><li class='ez-toc-page-1 ez-toc-heading-level-2'><a class=\"ez-toc-link ez-toc-heading-1\" href=\"https:\/\/dudasytextos.com\/se-puede\/se-puede-quemar-hoy-en-asturias\/#Se_puede_quemar_hoy_en_Asturias\" >Se puede quemar hoy en Asturias<\/a><\/li><li class='ez-toc-page-1 ez-toc-heading-level-2'><a class=\"ez-toc-link ez-toc-heading-2\" href=\"https:\/\/dudasytextos.com\/se-puede\/se-puede-quemar-hoy-en-asturias\/#Curiosidades_estadisticas_y_hechos_interesantes\" >Curiosidades, estad\u00edsticas y hechos interesantes<\/a><\/li><li class='ez-toc-page-1 ez-toc-heading-level-2'><a class=\"ez-toc-link ez-toc-heading-3\" href=\"https:\/\/dudasytextos.com\/se-puede\/se-puede-quemar-hoy-en-asturias\/#%C2%BFEs_posible_quemarse_en_Asturias\" >\u00bfEs posible quemarse en Asturias?<\/a><\/li><li class='ez-toc-page-1 ez-toc-heading-level-2'><a class=\"ez-toc-link ez-toc-heading-4\" href=\"https:\/\/dudasytextos.com\/se-puede\/se-puede-quemar-hoy-en-asturias\/#Mis_experiencias_personales\" >Mis experiencias personales<\/a><\/li><li class='ez-toc-page-1 ez-toc-heading-level-2'><a class=\"ez-toc-link ez-toc-heading-5\" href=\"https:\/\/dudasytextos.com\/se-puede\/se-puede-quemar-hoy-en-asturias\/#Preguntas_frecuentes\" >Preguntas frecuentes<\/a><ul class='ez-toc-list-level-3' ><li class='ez-toc-heading-level-3'><a class=\"ez-toc-link ez-toc-heading-6\" href=\"https:\/\/dudasytextos.com\/se-puede\/se-puede-quemar-hoy-en-asturias\/#%C2%BFEs_necesario_usar_protector_solar_en_Asturias\" >\u00bfEs necesario usar protector solar en Asturias?<\/a><\/li><li class='ez-toc-page-1 ez-toc-heading-level-3'><a class=\"ez-toc-link ez-toc-heading-7\" href=\"https:\/\/dudasytextos.com\/se-puede\/se-puede-quemar-hoy-en-asturias\/#%C2%BFCual_es_el_factor_de_proteccion_solar_FPS_recomendado\" >\u00bfCu\u00e1l es el factor de protecci\u00f3n solar (FPS) recomendado?<\/a><\/li><li class='ez-toc-page-1 ez-toc-heading-level-3'><a class=\"ez-toc-link ez-toc-heading-8\" href=\"https:\/\/dudasytextos.com\/se-puede\/se-puede-quemar-hoy-en-asturias\/#%C2%BFCuando_es_el_momento_del_dia_en_el_que_hay_que_tener_mas_cuidado\" >\u00bfCu\u00e1ndo es el momento del d\u00eda en el que hay que tener m\u00e1s cuidado?<\/a><\/li><li class='ez-toc-page-1 ez-toc-heading-level-3'><a class=\"ez-toc-link ez-toc-heading-9\" href=\"https:\/\/dudasytextos.com\/se-puede\/se-puede-quemar-hoy-en-asturias\/#%C2%BFExisten_areas_especificas_en_Asturias_donde_el_riesgo_de_quemarse_es_mayor\" >\u00bfExisten \u00e1reas espec\u00edficas en Asturias donde el riesgo de quemarse es mayor?<\/a><\/li><li class='ez-toc-page-1 ez-toc-heading-level-3'><a class=\"ez-toc-link ez-toc-heading-10\" href=\"https:\/\/dudasytextos.com\/se-puede\/se-puede-quemar-hoy-en-asturias\/#%C2%BFQue_otros_consejos_me_darias_para_protegerme_del_sol_en_Asturias\" >\u00bfQu\u00e9 otros consejos me dar\u00edas para protegerme del sol en Asturias?<\/a><\/li><\/ul><\/li><\/ul><\/nav><\/div>\n<h2><span class=\"ez-toc-section\" id=\"Se_puede_quemar_hoy_en_Asturias\"><\/span>Se puede quemar hoy en Asturias<span class=\"ez-toc-section-end\"><\/span><\/h2>\n<p>\u00a1Hola a todos! Soy Ana Gonz\u00e1lez y en este art\u00edculo vamos a hablar sobre si se puede quemar hoy en Asturias. Como residente de esta hermosa regi\u00f3n del norte de Espa\u00f1a, tengo experiencia personal en este tema y estar\u00e9 encantada de compartir informaci\u00f3n clave, estad\u00edsticas interesantes y responder a las preguntas m\u00e1s frecuentes relacionadas con el clima y la posibilidad de quemarse en Asturias. \u00a1As\u00ed que empecemos!<\/p>\n<h2><span class=\"ez-toc-section\" id=\"Curiosidades_estadisticas_y_hechos_interesantes\"><\/span>Curiosidades, estad\u00edsticas y hechos interesantes<span class=\"ez-toc-section-end\"><\/span><\/h2>\n<ul>\n<li>Asturias es conocida por su clima atl\u00e1ntico, con veranos suaves y lluviosos, lo que suele limitar la posibilidad de quemarse.<\/li>\n<li>Seg\u00fan datos meteorol\u00f3gicos, la radiaci\u00f3n solar en Asturias es m\u00e1s <a href=\"https:\/\/dudasytextos.com\/se-puede\/se-puede-pedir-excedencia-estando-de-baja\/\">baja<\/a> que en otras regiones de Espa\u00f1a.<\/li>\n<li>La humedad relativa en Asturias suele ser alta, lo cual puede ayudar a proteger la piel de las quemaduras solares.<\/li>\n<li>De todos modos, es importante tener cuidado durante los d\u00edas soleados y aplicar protector solar para protegerse de los rayos UV.<\/li>\n<\/ul>\n<h2><span class=\"ez-toc-section\" id=\"%C2%BFEs_posible_quemarse_en_Asturias\"><\/span>\u00bfEs posible quemarse en Asturias?<span class=\"ez-toc-section-end\"><\/span><\/h2>\n<p>En general, la probabilidad de quemarse en Asturias es menor que en otras regiones de Espa\u00f1a debido al clima y la menor radiaci\u00f3n solar. Sin embargo, esto no significa que no sea posible quemarse en absoluto. Durante los d\u00edas soleados y en las horas pico de radiaci\u00f3n, es importante tomar precauciones y protegerse adecuadamente. Incluso en d\u00edas nublados, los rayos UV pueden da\u00f1ar la piel, por lo que es recomendable usar protector solar.<\/p>\n<p>Como mencion\u00e9 anteriormente, la humedad relativa en Asturias puede ayudar a proteger la piel de las quemaduras solares. Sin embargo, cada persona es diferente y puede reaccionar de manera distinta a la exposici\u00f3n solar. Aquellas personas con piel m\u00e1s clara o sensible pueden ser m\u00e1s propensas a quemarse, incluso en condiciones menos extremas.<\/p>\n<h2><span class=\"ez-toc-section\" id=\"Mis_experiencias_personales\"><\/span>Mis experiencias personales<span class=\"ez-toc-section-end\"><\/span><\/h2>\n<p>Como amante de la naturaleza, he pasado muchos d\u00edas al aire libre en Asturias. He disfrutado de sus hermosas playas, caminatas por la monta\u00f1a y paseos por los pintorescos pueblos. Aunque nunca he sufrido quemaduras graves, he aprendido a tomar precauciones y protegerme del sol.<\/p>\n<p>Recuerdo una vez que pas\u00e9 un d\u00eda en la playa de Gij\u00f3n. Aunque estaba nublado, decid\u00ed aplicar protector solar para evitar cualquier riesgo. Al final del d\u00eda, me di cuenta de que mi piel estaba en perfectas condiciones, sin ninguna quemadura ni enrojecimiento. Esto me hizo entender la importancia de cuidarse incluso en d\u00edas nublados.<\/p>\n<h2><span class=\"ez-toc-section\" id=\"Preguntas_frecuentes\"><\/span>Preguntas frecuentes<span class=\"ez-toc-section-end\"><\/span><\/h2>\n<h3><span class=\"ez-toc-section\" id=\"%C2%BFEs_necesario_usar_protector_solar_en_Asturias\"><\/span>\u00bfEs necesario usar protector solar en Asturias?<span class=\"ez-toc-section-end\"><\/span><\/h3>\n<p>S\u00ed, es recomendable usar protector solar en Asturias, especialmente durante los d\u00edas soleados. Aunque la probabilidad de quemarse es menor, los rayos UV pueden da\u00f1ar la piel incluso en d\u00edas nublados.<\/p>\n<h3><span class=\"ez-toc-section\" id=\"%C2%BFCual_es_el_factor_de_proteccion_solar_FPS_recomendado\"><\/span>\u00bfCu\u00e1l es el factor de protecci\u00f3n solar (FPS) recomendado?<span class=\"ez-toc-section-end\"><\/span><\/h3>\n<p>Se recomienda utilizar un protector solar con un factor de protecci\u00f3n solar (FPS) de al menos 30. Esto proporciona una protecci\u00f3n adecuada contra los rayos UV.<\/p>\n<h3><span class=\"ez-toc-section\" id=\"%C2%BFCuando_es_el_momento_del_dia_en_el_que_hay_que_tener_mas_cuidado\"><\/span>\u00bfCu\u00e1ndo es el momento del d\u00eda en el que hay que tener m\u00e1s cuidado?<span class=\"ez-toc-section-end\"><\/span><\/h3>\n<p>Los momentos del d\u00eda en los que hay que tener m\u00e1s cuidado son entre las 10 de la ma\u00f1ana y las 4 de la tarde, cuando la radiaci\u00f3n solar es m\u00e1s intensa. Durante este per\u00edodo, es importante buscar sombra, usar ropa protectora y aplicar protector solar regularmente.<\/p>\n<h3><span class=\"ez-toc-section\" id=\"%C2%BFExisten_areas_especificas_en_Asturias_donde_el_riesgo_de_quemarse_es_mayor\"><\/span>\u00bfExisten \u00e1reas espec\u00edficas en Asturias donde el riesgo de quemarse es mayor?<span class=\"ez-toc-section-end\"><\/span><\/h3>\n<p>No hay \u00e1reas espec\u00edficas en Asturias donde el riesgo de quemarse sea mayor. Sin embargo, es importante tener precauci\u00f3n en todas las \u00e1reas al aire libre y protegerse adecuadamente.<\/p>\n<h3><span class=\"ez-toc-section\" id=\"%C2%BFQue_otros_consejos_me_darias_para_protegerme_del_sol_en_Asturias\"><\/span>\u00bfQu\u00e9 otros consejos me dar\u00edas para protegerme del sol en Asturias?<span class=\"ez-toc-section-end\"><\/span><\/h3>\n<p>Adem\u00e1s de usar protector solar, es recomendable usar ropa protectora, como sombreros de ala ancha y gafas de sol. Tambi\u00e9n es importante mantenerse hidratado y buscar sombra cuando sea necesario.<\/p>\n<p>Espero que este art\u00edculo haya sido \u00fatil y que hayas encontrado respuestas a tus preguntas sobre la posibilidad de quemarse en Asturias. Recuerda siempre tomar precauciones y protegerte adecuadamente del sol, independientemente de la regi\u00f3n en la que te encuentres. \u00a1Disfruta del hermoso clima asturiano sin preocupaciones!<\/p>\n","protected":false},"excerpt":{"rendered":"<p>Se puede quemar hoy en Asturias \u00a1Hola a todos! Soy Ana Gonz\u00e1lez y en este art\u00edculo vamos a hablar sobre si se puede quemar hoy en Asturias. Como residente de esta hermosa regi\u00f3n del norte de Espa\u00f1a, tengo experiencia personal en este tema y estar\u00e9 encantada de compartir informaci\u00f3n clave, estad\u00edsticas interesantes y responder a &#8230; <a title=\"Se puede quemar hoy en asturias\" class=\"read-more\" href=\"https:\/\/dudasytextos.com\/se-puede\/se-puede-quemar-hoy-en-asturias\/\" aria-label=\"M\u00e1s en Se puede quemar hoy en asturias\">Leer m\u00e1s<\/a><\/p>\n","protected":false},"author":1,"featured_media":0,"comment_status":"open","ping_status":"open","sticky":false,"template":"","format":"standard","meta":{"footnotes":""},"categories":[3],"tags":[],"class_list":["post-73331","post","type-post","status-publish","format-standard","hentry","category-se-puede"],"aioseo_notices":[],"aioseo_head":"\n\t\t<!-- All in One SEO 5.0.1.1 - aioseo.com -->\n\t<meta name=\"description\" content=\"Se puede quemar hoy en Asturias \u00a1Hola a todos! Soy Ana Gonz\u00e1lez y en este art\u00edculo vamos a hablar sobre si se puede quemar hoy en Asturias. Como residente de esta hermosa regi\u00f3n del norte de Espa\u00f1a, tengo experiencia personal en este tema y estar\u00e9 encantada de compartir informaci\u00f3n clave, estad\u00edsticas interesantes y responder a\" \/>\n\t<meta name=\"robots\" content=\"max-snippet:-1, max-image-preview:large, max-video-preview:-1\" \/>\n\t<meta name=\"author\" content=\"Ana Gonz\u00e1lez\"\/>\n\t<link rel=\"canonical\" href=\"https:\/\/dudasytextos.com\/se-puede\/se-puede-quemar-hoy-en-asturias\/\" \/>\n\t<meta name=\"generator\" content=\"All in One SEO (AIOSEO) 5.0.1.1\" \/>\n\n\t\t<script async src=\"https:\/\/pagead2.googlesyndication.com\/pagead\/js\/adsbygoogle.js?client=ca-pub-3987500858204711\"\n     crossorigin=\"anonymous\"><\/script>\n<!-- Google tag (gtag.js) -->\n<script async src=\"https:\/\/www.googletagmanager.com\/gtag\/js?id=G-TYJ2FRZ8ZF\"><\/script>\n<script>\n  window.dataLayer = window.dataLayer || [];\n  function gtag(){dataLayer.push(arguments);}\n  gtag('js', new Date());\n\n  gtag('config', 'G-TYJ2FRZ8ZF');\n<\/script>\n\t\t<meta property=\"og:locale\" content=\"es_ES\" \/>\n\t\t<meta property=\"og:site_name\" content=\"\u00bfSe Puede? - Tomar decisiones informadas y resolver dudas.\" \/>\n\t\t<meta property=\"og:type\" content=\"article\" \/>\n\t\t<meta property=\"og:title\" content=\"Se puede quemar hoy en asturias (2026) \u00bfSe Puede?\" \/>\n\t\t<meta property=\"og:description\" content=\"Se puede quemar hoy en Asturias \u00a1Hola a todos! Soy Ana Gonz\u00e1lez y en este art\u00edculo vamos a hablar sobre si se puede quemar hoy en Asturias. Como residente de esta hermosa regi\u00f3n del norte de Espa\u00f1a, tengo experiencia personal en este tema y estar\u00e9 encantada de compartir informaci\u00f3n clave, estad\u00edsticas interesantes y responder a\" \/>\n\t\t<meta property=\"og:url\" content=\"https:\/\/dudasytextos.com\/se-puede\/se-puede-quemar-hoy-en-asturias\/\" \/>\n\t\t<meta property=\"article:published_time\" content=\"2025-02-21T12:54:38+00:00\" \/>\n\t\t<meta property=\"article:modified_time\" content=\"2025-03-12T19:14:40+00:00\" \/>\n\t\t<meta name=\"twitter:card\" content=\"summary_large_image\" \/>\n\t\t<meta name=\"twitter:title\" content=\"Se puede quemar hoy en asturias (2026) \u00bfSe Puede?\" \/>\n\t\t<meta name=\"twitter:description\" content=\"Se puede quemar hoy en Asturias \u00a1Hola a todos! Soy Ana Gonz\u00e1lez y en este art\u00edculo vamos a hablar sobre si se puede quemar hoy en Asturias. Como residente de esta hermosa regi\u00f3n del norte de Espa\u00f1a, tengo experiencia personal en este tema y estar\u00e9 encantada de compartir informaci\u00f3n clave, estad\u00edsticas interesantes y responder a\" \/>\n\t\t<script type=\"application\/ld+json\" class=\"aioseo-schema\">\n\t\t\t{\"@context\":\"https:\\\/\\\/schema.org\",\"@graph\":[{\"@type\":\"BlogPosting\",\"@id\":\"https:\\\/\\\/dudasytextos.com\\\/se-puede\\\/se-puede-quemar-hoy-en-asturias\\\/#blogposting\",\"name\":\"Se puede quemar hoy en asturias (2026) \\u00bfSe Puede?\",\"headline\":\"Se puede quemar hoy en asturias\",\"author\":{\"@id\":\"https:\\\/\\\/dudasytextos.com\\\/se-puede\\\/author\\\/admin23\\\/#author\"},\"publisher\":{\"@id\":\"https:\\\/\\\/dudasytextos.com\\\/se-puede\\\/#organization\"},\"datePublished\":\"2025-02-21T12:54:38+00:00\",\"dateModified\":\"2025-03-12T19:14:40+00:00\",\"inLanguage\":\"es-ES\",\"mainEntityOfPage\":{\"@id\":\"https:\\\/\\\/dudasytextos.com\\\/se-puede\\\/se-puede-quemar-hoy-en-asturias\\\/#webpage\"},\"isPartOf\":{\"@id\":\"https:\\\/\\\/dudasytextos.com\\\/se-puede\\\/se-puede-quemar-hoy-en-asturias\\\/#webpage\"},\"articleSection\":\"\\u00bfSe puede?\"},{\"@type\":\"BreadcrumbList\",\"@id\":\"https:\\\/\\\/dudasytextos.com\\\/se-puede\\\/se-puede-quemar-hoy-en-asturias\\\/#breadcrumblist\",\"itemListElement\":[{\"@type\":\"ListItem\",\"@id\":\"https:\\\/\\\/dudasytextos.com\\\/se-puede#listItem\",\"position\":1,\"name\":\"Home\",\"item\":\"https:\\\/\\\/dudasytextos.com\\\/se-puede\",\"nextItem\":{\"@type\":\"ListItem\",\"@id\":\"https:\\\/\\\/dudasytextos.com\\\/se-puede\\\/category\\\/se-puede\\\/#listItem\",\"name\":\"\\u00bfSe puede?\"}},{\"@type\":\"ListItem\",\"@id\":\"https:\\\/\\\/dudasytextos.com\\\/se-puede\\\/category\\\/se-puede\\\/#listItem\",\"position\":2,\"name\":\"\\u00bfSe puede?\",\"item\":\"https:\\\/\\\/dudasytextos.com\\\/se-puede\\\/category\\\/se-puede\\\/\",\"nextItem\":{\"@type\":\"ListItem\",\"@id\":\"https:\\\/\\\/dudasytextos.com\\\/se-puede\\\/se-puede-quemar-hoy-en-asturias\\\/#listItem\",\"name\":\"Se puede quemar hoy en asturias\"},\"previousItem\":{\"@type\":\"ListItem\",\"@id\":\"https:\\\/\\\/dudasytextos.com\\\/se-puede#listItem\",\"name\":\"Home\"}},{\"@type\":\"ListItem\",\"@id\":\"https:\\\/\\\/dudasytextos.com\\\/se-puede\\\/se-puede-quemar-hoy-en-asturias\\\/#listItem\",\"position\":3,\"name\":\"Se puede quemar hoy en asturias\",\"previousItem\":{\"@type\":\"ListItem\",\"@id\":\"https:\\\/\\\/dudasytextos.com\\\/se-puede\\\/category\\\/se-puede\\\/#listItem\",\"name\":\"\\u00bfSe puede?\"}}]},{\"@type\":\"Organization\",\"@id\":\"https:\\\/\\\/dudasytextos.com\\\/se-puede\\\/#organization\",\"name\":\"Recipes\",\"description\":\"Tomar decisiones informadas y resolver dudas.\",\"url\":\"https:\\\/\\\/dudasytextos.com\\\/se-puede\\\/\"},{\"@type\":\"Person\",\"@id\":\"https:\\\/\\\/dudasytextos.com\\\/se-puede\\\/author\\\/admin23\\\/#author\",\"url\":\"https:\\\/\\\/dudasytextos.com\\\/se-puede\\\/author\\\/admin23\\\/\",\"name\":\"Ana Gonz\\u00e1lez\"},{\"@type\":\"WebPage\",\"@id\":\"https:\\\/\\\/dudasytextos.com\\\/se-puede\\\/se-puede-quemar-hoy-en-asturias\\\/#webpage\",\"url\":\"https:\\\/\\\/dudasytextos.com\\\/se-puede\\\/se-puede-quemar-hoy-en-asturias\\\/\",\"name\":\"Se puede quemar hoy en asturias (2026) \\u00bfSe Puede?\",\"description\":\"Se puede quemar hoy en Asturias \\u00a1Hola a todos! Soy Ana Gonz\\u00e1lez y en este art\\u00edculo vamos a hablar sobre si se puede quemar hoy en Asturias. Como residente de esta hermosa regi\\u00f3n del norte de Espa\\u00f1a, tengo experiencia personal en este tema y estar\\u00e9 encantada de compartir informaci\\u00f3n clave, estad\\u00edsticas interesantes y responder a\",\"inLanguage\":\"es-ES\",\"isPartOf\":{\"@id\":\"https:\\\/\\\/dudasytextos.com\\\/se-puede\\\/#website\"},\"breadcrumb\":{\"@id\":\"https:\\\/\\\/dudasytextos.com\\\/se-puede\\\/se-puede-quemar-hoy-en-asturias\\\/#breadcrumblist\"},\"author\":{\"@id\":\"https:\\\/\\\/dudasytextos.com\\\/se-puede\\\/author\\\/admin23\\\/#author\"},\"creator\":{\"@id\":\"https:\\\/\\\/dudasytextos.com\\\/se-puede\\\/author\\\/admin23\\\/#author\"},\"datePublished\":\"2025-02-21T12:54:38+00:00\",\"dateModified\":\"2025-03-12T19:14:40+00:00\"},{\"@type\":\"WebSite\",\"@id\":\"https:\\\/\\\/dudasytextos.com\\\/se-puede\\\/#website\",\"url\":\"https:\\\/\\\/dudasytextos.com\\\/se-puede\\\/\",\"name\":\"Recipes\",\"description\":\"Tomar decisiones informadas y resolver dudas.\",\"inLanguage\":\"es-ES\",\"publisher\":{\"@id\":\"https:\\\/\\\/dudasytextos.com\\\/se-puede\\\/#organization\"}}]}\n\t\t<\/script>\n\t\t<!-- All in One SEO -->\n\n","aioseo_head_json":{"title":"Se puede quemar hoy en asturias (2026) \u00bfSe Puede?","description":"Se puede quemar hoy en Asturias \u00a1Hola a todos! Soy Ana Gonz\u00e1lez y en este art\u00edculo vamos a hablar sobre si se puede quemar hoy en Asturias. Como residente de esta hermosa regi\u00f3n del norte de Espa\u00f1a, tengo experiencia personal en este tema y estar\u00e9 encantada de compartir informaci\u00f3n clave, estad\u00edsticas interesantes y responder a","canonical_url":"https:\/\/dudasytextos.com\/se-puede\/se-puede-quemar-hoy-en-asturias\/","robots":"max-snippet:-1, max-image-preview:large, max-video-preview:-1","keywords":"","webmasterTools":{"miscellaneous":"&lt;script async src=\"https:\/\/pagead2.googlesyndication.com\/pagead\/js\/adsbygoogle.js?client=ca-pub-3987500858204711\"\n     crossorigin=\"anonymous\"&gt;&lt;\/script&gt;\n&lt;!-- Google tag (gtag.js) --&gt;\n&lt;script async src=\"https:\/\/www.googletagmanager.com\/gtag\/js?id=G-TYJ2FRZ8ZF\"&gt;&lt;\/script&gt;\n&lt;script&gt;\n  window.dataLayer = window.dataLayer || [];\n  function gtag(){dataLayer.push(arguments);}\n  gtag('js', new Date());\n\n  gtag('config', 'G-TYJ2FRZ8ZF');\n&lt;\/script&gt;"},"schema":{"@context":"https:\/\/schema.org","@graph":[{"@type":"BlogPosting","@id":"https:\/\/dudasytextos.com\/se-puede\/se-puede-quemar-hoy-en-asturias\/#blogposting","name":"Se puede quemar hoy en asturias (2026) \u00bfSe Puede?","headline":"Se puede quemar hoy en asturias","author":{"@id":"https:\/\/dudasytextos.com\/se-puede\/author\/admin23\/#author"},"publisher":{"@id":"https:\/\/dudasytextos.com\/se-puede\/#organization"},"datePublished":"2025-02-21T12:54:38+00:00","dateModified":"2025-03-12T19:14:40+00:00","inLanguage":"es-ES","mainEntityOfPage":{"@id":"https:\/\/dudasytextos.com\/se-puede\/se-puede-quemar-hoy-en-asturias\/#webpage"},"isPartOf":{"@id":"https:\/\/dudasytextos.com\/se-puede\/se-puede-quemar-hoy-en-asturias\/#webpage"},"articleSection":"\u00bfSe puede?"},{"@type":"BreadcrumbList","@id":"https:\/\/dudasytextos.com\/se-puede\/se-puede-quemar-hoy-en-asturias\/#breadcrumblist","itemListElement":[{"@type":"ListItem","@id":"https:\/\/dudasytextos.com\/se-puede#listItem","position":1,"name":"Home","item":"https:\/\/dudasytextos.com\/se-puede","nextItem":{"@type":"ListItem","@id":"https:\/\/dudasytextos.com\/se-puede\/category\/se-puede\/#listItem","name":"\u00bfSe puede?"}},{"@type":"ListItem","@id":"https:\/\/dudasytextos.com\/se-puede\/category\/se-puede\/#listItem","position":2,"name":"\u00bfSe puede?","item":"https:\/\/dudasytextos.com\/se-puede\/category\/se-puede\/","nextItem":{"@type":"ListItem","@id":"https:\/\/dudasytextos.com\/se-puede\/se-puede-quemar-hoy-en-asturias\/#listItem","name":"Se puede quemar hoy en asturias"},"previousItem":{"@type":"ListItem","@id":"https:\/\/dudasytextos.com\/se-puede#listItem","name":"Home"}},{"@type":"ListItem","@id":"https:\/\/dudasytextos.com\/se-puede\/se-puede-quemar-hoy-en-asturias\/#listItem","position":3,"name":"Se puede quemar hoy en asturias","previousItem":{"@type":"ListItem","@id":"https:\/\/dudasytextos.com\/se-puede\/category\/se-puede\/#listItem","name":"\u00bfSe puede?"}}]},{"@type":"Organization","@id":"https:\/\/dudasytextos.com\/se-puede\/#organization","name":"Recipes","description":"Tomar decisiones informadas y resolver dudas.","url":"https:\/\/dudasytextos.com\/se-puede\/"},{"@type":"Person","@id":"https:\/\/dudasytextos.com\/se-puede\/author\/admin23\/#author","url":"https:\/\/dudasytextos.com\/se-puede\/author\/admin23\/","name":"Ana Gonz\u00e1lez"},{"@type":"WebPage","@id":"https:\/\/dudasytextos.com\/se-puede\/se-puede-quemar-hoy-en-asturias\/#webpage","url":"https:\/\/dudasytextos.com\/se-puede\/se-puede-quemar-hoy-en-asturias\/","name":"Se puede quemar hoy en asturias (2026) \u00bfSe Puede?","description":"Se puede quemar hoy en Asturias \u00a1Hola a todos! Soy Ana Gonz\u00e1lez y en este art\u00edculo vamos a hablar sobre si se puede quemar hoy en Asturias. Como residente de esta hermosa regi\u00f3n del norte de Espa\u00f1a, tengo experiencia personal en este tema y estar\u00e9 encantada de compartir informaci\u00f3n clave, estad\u00edsticas interesantes y responder a","inLanguage":"es-ES","isPartOf":{"@id":"https:\/\/dudasytextos.com\/se-puede\/#website"},"breadcrumb":{"@id":"https:\/\/dudasytextos.com\/se-puede\/se-puede-quemar-hoy-en-asturias\/#breadcrumblist"},"author":{"@id":"https:\/\/dudasytextos.com\/se-puede\/author\/admin23\/#author"},"creator":{"@id":"https:\/\/dudasytextos.com\/se-puede\/author\/admin23\/#author"},"datePublished":"2025-02-21T12:54:38+00:00","dateModified":"2025-03-12T19:14:40+00:00"},{"@type":"WebSite","@id":"https:\/\/dudasytextos.com\/se-puede\/#website","url":"https:\/\/dudasytextos.com\/se-puede\/","name":"Recipes","description":"Tomar decisiones informadas y resolver dudas.","inLanguage":"es-ES","publisher":{"@id":"https:\/\/dudasytextos.com\/se-puede\/#organization"}}]},"og:locale":"es_ES","og:site_name":"\u00bfSe Puede? - Tomar decisiones informadas y resolver dudas.","og:type":"article","og:title":"Se puede quemar hoy en asturias (2026) \u00bfSe Puede?","og:description":"Se puede quemar hoy en Asturias \u00a1Hola a todos! Soy Ana Gonz\u00e1lez y en este art\u00edculo vamos a hablar sobre si se puede quemar hoy en Asturias. Como residente de esta hermosa regi\u00f3n del norte de Espa\u00f1a, tengo experiencia personal en este tema y estar\u00e9 encantada de compartir informaci\u00f3n clave, estad\u00edsticas interesantes y responder a","og:url":"https:\/\/dudasytextos.com\/se-puede\/se-puede-quemar-hoy-en-asturias\/","article:published_time":"2025-02-21T12:54:38+00:00","article:modified_time":"2025-03-12T19:14:40+00:00","twitter:card":"summary_large_image","twitter:title":"Se puede quemar hoy en asturias (2026) \u00bfSe Puede?","twitter:description":"Se puede quemar hoy en Asturias \u00a1Hola a todos! Soy Ana Gonz\u00e1lez y en este art\u00edculo vamos a hablar sobre si se puede quemar hoy en Asturias. Como residente de esta hermosa regi\u00f3n del norte de Espa\u00f1a, tengo experiencia personal en este tema y estar\u00e9 encantada de compartir informaci\u00f3n clave, estad\u00edsticas interesantes y responder a"},"aioseo_meta_data":{"post_id":"73331","title":null,"description":null,"keywords":null,"keyphrases":null,"primary_term":null,"canonical_url":null,"og_title":null,"og_description":null,"og_object_type":"default","og_image_type":"default","og_image_url":null,"og_image_width":null,"og_image_height":null,"og_image_custom_url":null,"og_image_custom_fields":null,"og_video":null,"og_custom_url":null,"og_article_section":null,"og_article_tags":null,"twitter_use_og":false,"twitter_card":"default","twitter_image_type":"default","twitter_image_url":null,"twitter_image_custom_url":null,"twitter_image_custom_fields":null,"twitter_title":null,"twitter_description":null,"schema":{"blockGraphs":[],"customGraphs":[],"default":{"data":{"Article":[],"Course":[],"Dataset":[],"FAQPage":[],"Movie":[],"Person":[],"Product":[],"ProductReview":[],"Car":[],"Recipe":[],"Service":[],"SoftwareApplication":[],"WebPage":[]},"graphName":"","isEnabled":true},"graphs":[]},"schema_type":"default","schema_type_options":null,"pillar_content":false,"robots_default":true,"robots_noindex":false,"robots_noarchive":false,"robots_nosnippet":false,"robots_nofollow":false,"robots_noimageindex":false,"robots_noodp":false,"robots_notranslate":false,"robots_max_snippet":null,"robots_max_videopreview":null,"robots_max_imagepreview":"large","priority":null,"frequency":null,"local_seo":null,"breadcrumb_settings":null,"limit_modified_date":false,"ai":null,"created":"2023-07-13 05:20:39","updated":"2025-03-13 19:44:04","seo_analyzer_scan_date":null,"focus_keyword":null,"additional_keywords":null,"truseo_locale":null},"aioseo_breadcrumb":"<div class=\"aioseo-breadcrumbs\"><span class=\"aioseo-breadcrumb\">\n\t\t\t<a href=\"https:\/\/dudasytextos.com\/se-puede\" title=\"Home\">Home<\/a>\n\t\t<\/span><span class=\"aioseo-breadcrumb-separator\">&raquo;<\/span><span class=\"aioseo-breadcrumb\">\n\t\t\t<a href=\"https:\/\/dudasytextos.com\/se-puede\/category\/se-puede\/\" title=\"\u00bfSe puede?\">\u00bfSe puede?<\/a>\n\t\t<\/span><span class=\"aioseo-breadcrumb-separator\">&raquo;<\/span><span class=\"aioseo-breadcrumb\">\n\t\t\tSe puede quemar hoy en asturias\n\t\t<\/span><\/div>","aioseo_breadcrumb_json":[{"label":"Home","link":"https:\/\/dudasytextos.com\/se-puede"},{"label":"\u00bfSe puede?","link":"https:\/\/dudasytextos.com\/se-puede\/category\/se-puede\/"},{"label":"Se puede quemar hoy en asturias","link":"https:\/\/dudasytextos.com\/se-puede\/se-puede-quemar-hoy-en-asturias\/"}],"_links":{"self":[{"href":"https:\/\/dudasytextos.com\/se-puede\/wp-json\/wp\/v2\/posts\/73331","targetHints":{"allow":["GET"]}}],"collection":[{"href":"https:\/\/dudasytextos.com\/se-puede\/wp-json\/wp\/v2\/posts"}],"about":[{"href":"https:\/\/dudasytextos.com\/se-puede\/wp-json\/wp\/v2\/types\/post"}],"author":[{"embeddable":true,"href":"https:\/\/dudasytextos.com\/se-puede\/wp-json\/wp\/v2\/users\/1"}],"replies":[{"embeddable":true,"href":"https:\/\/dudasytextos.com\/se-puede\/wp-json\/wp\/v2\/comments?post=73331"}],"version-history":[{"count":0,"href":"https:\/\/dudasytextos.com\/se-puede\/wp-json\/wp\/v2\/posts\/73331\/revisions"}],"wp:attachment":[{"href":"https:\/\/dudasytextos.com\/se-puede\/wp-json\/wp\/v2\/media?parent=73331"}],"wp:term":[{"taxonomy":"category","embeddable":true,"href":"https:\/\/dudasytextos.com\/se-puede\/wp-json\/wp\/v2\/categories?post=73331"},{"taxonomy":"post_tag","embeddable":true,"href":"https:\/\/dudasytextos.com\/se-puede\/wp-json\/wp\/v2\/tags?post=73331"}],"curies":[{"name":"wp","href":"https:\/\/api.w.org\/{rel}","templated":true}]}}