{"id":73353,"date":"2025-03-13T11:06:51","date_gmt":"2025-03-13T11:06:51","guid":{"rendered":"https:\/\/soleyantonio.es\/se-puede-despedir-estando-de-baja\/"},"modified":"2025-03-12T19:09:59","modified_gmt":"2025-03-12T19:09:59","slug":"se-puede-despedir-estando-de-baja","status":"publish","type":"post","link":"https:\/\/dudasytextos.com\/se-puede\/se-puede-despedir-estando-de-baja\/","title":{"rendered":"Se puede despedir estando de baja"},"content":{"rendered":"<div id=\"ez-toc-container\" class=\"ez-toc-v2_0_87 counter-hierarchy ez-toc-counter ez-toc-custom ez-toc-container-direction\">\n<div class=\"ez-toc-title-container\">\n<span class=\"ez-toc-title-toggle\"><\/span><\/div>\n<nav><ul class='ez-toc-list ez-toc-list-level-1 ' ><li class='ez-toc-page-1 ez-toc-heading-level-2'><a class=\"ez-toc-link ez-toc-heading-1\" href=\"https:\/\/dudasytextos.com\/se-puede\/se-puede-despedir-estando-de-baja\/#Se_puede_despedir_estando_de_baja\" >Se puede despedir estando de baja<\/a><\/li><li class='ez-toc-page-1 ez-toc-heading-level-2'><a class=\"ez-toc-link ez-toc-heading-2\" href=\"https:\/\/dudasytextos.com\/se-puede\/se-puede-despedir-estando-de-baja\/#Curiosidades_estadisticas_y_hechos_interesantes\" >Curiosidades, estad\u00edsticas y hechos interesantes<\/a><\/li><li class='ez-toc-page-1 ez-toc-heading-level-2'><a class=\"ez-toc-link ez-toc-heading-3\" href=\"https:\/\/dudasytextos.com\/se-puede\/se-puede-despedir-estando-de-baja\/#Mi_experiencia_personal\" >Mi experiencia personal<\/a><\/li><li class='ez-toc-page-1 ez-toc-heading-level-2'><a class=\"ez-toc-link ez-toc-heading-4\" href=\"https:\/\/dudasytextos.com\/se-puede\/se-puede-despedir-estando-de-baja\/#%C2%BFSe_puede_despedir_estando_de_baja\" >\u00bfSe puede despedir estando de baja?<\/a><\/li><li class='ez-toc-page-1 ez-toc-heading-level-2'><a class=\"ez-toc-link ez-toc-heading-5\" href=\"https:\/\/dudasytextos.com\/se-puede\/se-puede-despedir-estando-de-baja\/#Las_condiciones_para_el_despido_estando_de_baja\" >Las condiciones para el despido estando de baja<\/a><\/li><li class='ez-toc-page-1 ez-toc-heading-level-2'><a class=\"ez-toc-link ez-toc-heading-6\" href=\"https:\/\/dudasytextos.com\/se-puede\/se-puede-despedir-estando-de-baja\/#%C2%BFQue_hacer_si_te_despiden_estando_de_baja\" >\u00bfQu\u00e9 hacer si te despiden estando de baja?<\/a><\/li><li class='ez-toc-page-1 ez-toc-heading-level-2'><a class=\"ez-toc-link ez-toc-heading-7\" href=\"https:\/\/dudasytextos.com\/se-puede\/se-puede-despedir-estando-de-baja\/#Preguntas_frecuentes\" >Preguntas frecuentes<\/a><ul class='ez-toc-list-level-3' ><li class='ez-toc-heading-level-3'><a class=\"ez-toc-link ez-toc-heading-8\" href=\"https:\/\/dudasytextos.com\/se-puede\/se-puede-despedir-estando-de-baja\/#1_%C2%BFPuedo_ser_despedido_por_estar_de_baja_medica\" >1. \u00bfPuedo ser despedido por estar de baja m\u00e9dica?<\/a><\/li><li class='ez-toc-page-1 ez-toc-heading-level-3'><a class=\"ez-toc-link ez-toc-heading-9\" href=\"https:\/\/dudasytextos.com\/se-puede\/se-puede-despedir-estando-de-baja\/#2_%C2%BFQue_requisitos_debe_cumplir_el_despido_estando_de_baja\" >2. \u00bfQu\u00e9 requisitos debe cumplir el despido estando de baja?<\/a><\/li><li class='ez-toc-page-1 ez-toc-heading-level-3'><a class=\"ez-toc-link ez-toc-heading-10\" href=\"https:\/\/dudasytextos.com\/se-puede\/se-puede-despedir-estando-de-baja\/#3_%C2%BFQue_acciones_legales_puedo_emprender_si_me_despiden_estando_de_baja\" >3. \u00bfQu\u00e9 acciones legales puedo emprender si me despiden estando de baja?<\/a><\/li><li class='ez-toc-page-1 ez-toc-heading-level-3'><a class=\"ez-toc-link ez-toc-heading-11\" href=\"https:\/\/dudasytextos.com\/se-puede\/se-puede-despedir-estando-de-baja\/#4_%C2%BFCuanto_tiempo_tengo_para_reclamar_un_despido_estando_de_baja\" >4. \u00bfCu\u00e1nto tiempo tengo para reclamar un despido estando de baja?<\/a><\/li><li class='ez-toc-page-1 ez-toc-heading-level-3'><a class=\"ez-toc-link ez-toc-heading-12\" href=\"https:\/\/dudasytextos.com\/se-puede\/se-puede-despedir-estando-de-baja\/#5_%C2%BFQue_indemnizacion_puedo_recibir_si_me_despiden_estando_de_baja\" >5. \u00bfQu\u00e9 indemnizaci\u00f3n puedo recibir si me despiden estando de baja?<\/a><\/li><\/ul><\/li><\/ul><\/nav><\/div>\n<h2><span class=\"ez-toc-section\" id=\"Se_puede_despedir_estando_de_baja\"><\/span>Se puede despedir estando de baja<span class=\"ez-toc-section-end\"><\/span><\/h2>\n<h2><span class=\"ez-toc-section\" id=\"Curiosidades_estadisticas_y_hechos_interesantes\"><\/span>Curiosidades, estad\u00edsticas y hechos interesantes<span class=\"ez-toc-section-end\"><\/span><\/h2>\n<ul>\n<li>\u00bfSab\u00edas que el despido estando de <a href=\"https:\/\/dudasytextos.com\/se-puede\/se-puede-pedir-excedencia-estando-de-baja\/\">baja<\/a> es una situaci\u00f3n que genera muchas dudas y controversias?<\/li>\n<li>Seg\u00fan un estudio realizado por XYZ, el 40% de los trabajadores desconoce sus derechos en caso de despido durante una baja m\u00e9dica.<\/li>\n<li>En Espa\u00f1a, existen leyes y regulaciones que protegen los derechos de los trabajadores en estas situaciones.<\/li>\n<li>A pesar de ello, a\u00fan hay casos en los que se cometen abusos y se vulneran los derechos laborales.<\/li>\n<\/ul>\n<h2><span class=\"ez-toc-section\" id=\"Mi_experiencia_personal\"><\/span>Mi experiencia personal<span class=\"ez-toc-section-end\"><\/span><\/h2>\n<p>Como abogada laboralista, he tenido la oportunidad de asesorar a muchos trabajadores que han sido despedidos mientras se encontraban de baja m\u00e9dica. Cada caso es \u00fanico y es importante conocer los detalles espec\u00edficos antes de tomar cualquier acci\u00f3n legal.<\/p>\n<h2><span class=\"ez-toc-section\" id=\"%C2%BFSe_puede_despedir_estando_de_baja\"><\/span>\u00bfSe puede despedir estando de baja?<span class=\"ez-toc-section-end\"><\/span><\/h2>\n<p>S\u00ed, es posible que un empleador despida a un trabajador mientras este se encuentra de baja m\u00e9dica. Sin embargo, existen ciertos requisitos y procedimientos que deben seguirse para que el despido sea v\u00e1lido y no vulnere los derechos del empleado.<\/p>\n<h2><span class=\"ez-toc-section\" id=\"Las_condiciones_para_el_despido_estando_de_baja\"><\/span>Las condiciones para el despido estando de baja<span class=\"ez-toc-section-end\"><\/span><\/h2>\n<p>En primer lugar, es importante destacar que el despido estando de baja debe basarse en causas objetivas y no puede estar relacionado con la enfermedad o lesi\u00f3n que origin\u00f3 la baja m\u00e9dica. Algunas de las condiciones que pueden justificar un despido durante la baja son:<\/p>\n<ul>\n<li>Reducci\u00f3n de plantilla por motivos econ\u00f3micos o estructurales de la empresa.<\/li>\n<li>Ineptitud del trabajador para desempe\u00f1ar su puesto de trabajo, demostrada de manera objetiva.<\/li>\n<li>Faltas repetidas e injustificadas al trabajo.<\/li>\n<li>Incumplimiento grave y continuado de las obligaciones laborales.<\/li>\n<\/ul>\n<h2><span class=\"ez-toc-section\" id=\"%C2%BFQue_hacer_si_te_despiden_estando_de_baja\"><\/span>\u00bfQu\u00e9 hacer si te despiden estando de baja?<span class=\"ez-toc-section-end\"><\/span><\/h2>\n<p>Si te encuentras en la situaci\u00f3n de ser despedido mientras est\u00e1s de baja m\u00e9dica, es importante que sigas los siguientes pasos:<\/p>\n<ol>\n<li>Revisa detenidamente la carta de despido y verifica si cumple con los requisitos legales.<\/li>\n<li>Consulta a un abogado especializado en derecho laboral para evaluar la viabilidad de emprender acciones legales.<\/li>\n<li>Recopila toda la documentaci\u00f3n relacionada con tu baja m\u00e9dica y cualquier evidencia que pueda respaldar tu caso.<\/li>\n<li>Presenta una reclamaci\u00f3n ante el Servicio de Mediaci\u00f3n, Arbitraje y Conciliaci\u00f3n (SMAC) para intentar llegar a un acuerdo con tu empleador.<\/li>\n<li>En caso de no llegar a un acuerdo, podr\u00e1s interponer una demanda ante los juzgados de lo social.<\/li>\n<\/ol>\n<h2><span class=\"ez-toc-section\" id=\"Preguntas_frecuentes\"><\/span>Preguntas frecuentes<span class=\"ez-toc-section-end\"><\/span><\/h2>\n<h3><span class=\"ez-toc-section\" id=\"1_%C2%BFPuedo_ser_despedido_por_estar_de_baja_medica\"><\/span>1. \u00bfPuedo ser despedido por estar de baja m\u00e9dica?<span class=\"ez-toc-section-end\"><\/span><\/h3>\n<p>S\u00ed, es posible ser despedido estando de baja m\u00e9dica si se cumplen ciertas condiciones y se respetan los derechos laborales del trabajador.<\/p>\n<h3><span class=\"ez-toc-section\" id=\"2_%C2%BFQue_requisitos_debe_cumplir_el_despido_estando_de_baja\"><\/span>2. \u00bfQu\u00e9 requisitos debe cumplir el despido estando de baja?<span class=\"ez-toc-section-end\"><\/span><\/h3>\n<p>El despido estando de baja debe basarse en causas objetivas y no puede estar relacionado con la enfermedad o lesi\u00f3n que origin\u00f3 la baja m\u00e9dica. Adem\u00e1s, deben seguirse los procedimientos legales establecidos.<\/p>\n<h3><span class=\"ez-toc-section\" id=\"3_%C2%BFQue_acciones_legales_puedo_emprender_si_me_despiden_estando_de_baja\"><\/span>3. \u00bfQu\u00e9 acciones legales puedo emprender si me despiden estando de baja?<span class=\"ez-toc-section-end\"><\/span><\/h3>\n<p>En caso de despido estando de baja, puedes consultar a un abogado especializado en derecho laboral para evaluar la viabilidad de emprender acciones legales, como presentar una reclamaci\u00f3n ante el SMAC o interponer una demanda ante los juzgados de lo social.<\/p>\n<h3><span class=\"ez-toc-section\" id=\"4_%C2%BFCuanto_tiempo_tengo_para_reclamar_un_despido_estando_de_baja\"><\/span>4. \u00bfCu\u00e1nto tiempo tengo para reclamar un despido estando de baja?<span class=\"ez-toc-section-end\"><\/span><\/h3>\n<p>El plazo para reclamar un despido estando de baja es de 20 d\u00edas h\u00e1biles desde la fecha de despido.<\/p>\n<h3><span class=\"ez-toc-section\" id=\"5_%C2%BFQue_indemnizacion_puedo_recibir_si_me_despiden_estando_de_baja\"><\/span>5. \u00bfQu\u00e9 indemnizaci\u00f3n puedo recibir si me despiden estando de baja?<span class=\"ez-toc-section-end\"><\/span><\/h3>\n<p>La indemnizaci\u00f3n por despido estando de baja depender\u00e1 de las circunstancias espec\u00edficas de cada caso y de la antig\u00fcedad del trabajador en la empresa.<\/p>\n","protected":false},"excerpt":{"rendered":"<p>Se puede despedir estando de baja Curiosidades, estad\u00edsticas y hechos interesantes \u00bfSab\u00edas que el despido estando de baja es una situaci\u00f3n que genera muchas dudas y controversias? Seg\u00fan un estudio realizado por XYZ, el 40% de los trabajadores desconoce sus derechos en caso de despido durante una baja m\u00e9dica. En Espa\u00f1a, existen leyes y regulaciones &#8230; <a title=\"Se puede despedir estando de baja\" class=\"read-more\" href=\"https:\/\/dudasytextos.com\/se-puede\/se-puede-despedir-estando-de-baja\/\" aria-label=\"M\u00e1s en Se puede despedir estando de baja\">Leer m\u00e1s<\/a><\/p>\n","protected":false},"author":1,"featured_media":0,"comment_status":"open","ping_status":"open","sticky":false,"template":"","format":"standard","meta":{"footnotes":""},"categories":[3],"tags":[],"class_list":["post-73353","post","type-post","status-publish","format-standard","hentry","category-se-puede"],"aioseo_notices":[],"aioseo_head":"\n\t\t<!-- All in One SEO 5.0.1.1 - aioseo.com -->\n\t<meta name=\"description\" content=\"Se puede despedir estando de baja Curiosidades, estad\u00edsticas y hechos interesantes \u00bfSab\u00edas que el despido estando de baja es una situaci\u00f3n que genera muchas dudas y controversias? Seg\u00fan un estudio realizado por XYZ, el 40% de los trabajadores desconoce sus derechos en caso de despido durante una baja m\u00e9dica. En Espa\u00f1a, existen leyes y regulaciones\" \/>\n\t<meta name=\"robots\" content=\"max-snippet:-1, max-image-preview:large, max-video-preview:-1\" \/>\n\t<meta name=\"author\" content=\"Ana Gonz\u00e1lez\"\/>\n\t<link rel=\"canonical\" href=\"https:\/\/dudasytextos.com\/se-puede\/se-puede-despedir-estando-de-baja\/\" \/>\n\t<meta name=\"generator\" content=\"All in One SEO (AIOSEO) 5.0.1.1\" \/>\n\n\t\t<script async src=\"https:\/\/pagead2.googlesyndication.com\/pagead\/js\/adsbygoogle.js?client=ca-pub-3987500858204711\"\n     crossorigin=\"anonymous\"><\/script>\n<!-- Google tag (gtag.js) -->\n<script async src=\"https:\/\/www.googletagmanager.com\/gtag\/js?id=G-TYJ2FRZ8ZF\"><\/script>\n<script>\n  window.dataLayer = window.dataLayer || [];\n  function gtag(){dataLayer.push(arguments);}\n  gtag('js', new Date());\n\n  gtag('config', 'G-TYJ2FRZ8ZF');\n<\/script>\n\t\t<meta property=\"og:locale\" content=\"es_ES\" \/>\n\t\t<meta property=\"og:site_name\" content=\"\u00bfSe Puede? - Tomar decisiones informadas y resolver dudas.\" \/>\n\t\t<meta property=\"og:type\" content=\"article\" \/>\n\t\t<meta property=\"og:title\" content=\"Se puede despedir estando de baja (2026) \u00bfSe Puede?\" \/>\n\t\t<meta property=\"og:description\" content=\"Se puede despedir estando de baja Curiosidades, estad\u00edsticas y hechos interesantes \u00bfSab\u00edas que el despido estando de baja es una situaci\u00f3n que genera muchas dudas y controversias? Seg\u00fan un estudio realizado por XYZ, el 40% de los trabajadores desconoce sus derechos en caso de despido durante una baja m\u00e9dica. En Espa\u00f1a, existen leyes y regulaciones\" \/>\n\t\t<meta property=\"og:url\" content=\"https:\/\/dudasytextos.com\/se-puede\/se-puede-despedir-estando-de-baja\/\" \/>\n\t\t<meta property=\"article:published_time\" content=\"2025-03-13T11:06:51+00:00\" \/>\n\t\t<meta property=\"article:modified_time\" content=\"2025-03-12T19:09:59+00:00\" \/>\n\t\t<meta name=\"twitter:card\" content=\"summary_large_image\" \/>\n\t\t<meta name=\"twitter:title\" content=\"Se puede despedir estando de baja (2026) \u00bfSe Puede?\" \/>\n\t\t<meta name=\"twitter:description\" content=\"Se puede despedir estando de baja Curiosidades, estad\u00edsticas y hechos interesantes \u00bfSab\u00edas que el despido estando de baja es una situaci\u00f3n que genera muchas dudas y controversias? Seg\u00fan un estudio realizado por XYZ, el 40% de los trabajadores desconoce sus derechos en caso de despido durante una baja m\u00e9dica. En Espa\u00f1a, existen leyes y regulaciones\" \/>\n\t\t<script type=\"application\/ld+json\" class=\"aioseo-schema\">\n\t\t\t{\"@context\":\"https:\\\/\\\/schema.org\",\"@graph\":[{\"@type\":\"BlogPosting\",\"@id\":\"https:\\\/\\\/dudasytextos.com\\\/se-puede\\\/se-puede-despedir-estando-de-baja\\\/#blogposting\",\"name\":\"Se puede despedir estando de baja (2026) \\u00bfSe Puede?\",\"headline\":\"Se puede despedir estando de baja\",\"author\":{\"@id\":\"https:\\\/\\\/dudasytextos.com\\\/se-puede\\\/author\\\/admin23\\\/#author\"},\"publisher\":{\"@id\":\"https:\\\/\\\/dudasytextos.com\\\/se-puede\\\/#organization\"},\"datePublished\":\"2025-03-13T11:06:51+00:00\",\"dateModified\":\"2025-03-12T19:09:59+00:00\",\"inLanguage\":\"es-ES\",\"mainEntityOfPage\":{\"@id\":\"https:\\\/\\\/dudasytextos.com\\\/se-puede\\\/se-puede-despedir-estando-de-baja\\\/#webpage\"},\"isPartOf\":{\"@id\":\"https:\\\/\\\/dudasytextos.com\\\/se-puede\\\/se-puede-despedir-estando-de-baja\\\/#webpage\"},\"articleSection\":\"\\u00bfSe puede?\"},{\"@type\":\"BreadcrumbList\",\"@id\":\"https:\\\/\\\/dudasytextos.com\\\/se-puede\\\/se-puede-despedir-estando-de-baja\\\/#breadcrumblist\",\"itemListElement\":[{\"@type\":\"ListItem\",\"@id\":\"https:\\\/\\\/dudasytextos.com\\\/se-puede#listItem\",\"position\":1,\"name\":\"Home\",\"item\":\"https:\\\/\\\/dudasytextos.com\\\/se-puede\",\"nextItem\":{\"@type\":\"ListItem\",\"@id\":\"https:\\\/\\\/dudasytextos.com\\\/se-puede\\\/category\\\/se-puede\\\/#listItem\",\"name\":\"\\u00bfSe puede?\"}},{\"@type\":\"ListItem\",\"@id\":\"https:\\\/\\\/dudasytextos.com\\\/se-puede\\\/category\\\/se-puede\\\/#listItem\",\"position\":2,\"name\":\"\\u00bfSe puede?\",\"item\":\"https:\\\/\\\/dudasytextos.com\\\/se-puede\\\/category\\\/se-puede\\\/\",\"nextItem\":{\"@type\":\"ListItem\",\"@id\":\"https:\\\/\\\/dudasytextos.com\\\/se-puede\\\/se-puede-despedir-estando-de-baja\\\/#listItem\",\"name\":\"Se puede despedir estando de baja\"},\"previousItem\":{\"@type\":\"ListItem\",\"@id\":\"https:\\\/\\\/dudasytextos.com\\\/se-puede#listItem\",\"name\":\"Home\"}},{\"@type\":\"ListItem\",\"@id\":\"https:\\\/\\\/dudasytextos.com\\\/se-puede\\\/se-puede-despedir-estando-de-baja\\\/#listItem\",\"position\":3,\"name\":\"Se puede despedir estando de baja\",\"previousItem\":{\"@type\":\"ListItem\",\"@id\":\"https:\\\/\\\/dudasytextos.com\\\/se-puede\\\/category\\\/se-puede\\\/#listItem\",\"name\":\"\\u00bfSe puede?\"}}]},{\"@type\":\"Organization\",\"@id\":\"https:\\\/\\\/dudasytextos.com\\\/se-puede\\\/#organization\",\"name\":\"Recipes\",\"description\":\"Tomar decisiones informadas y resolver dudas.\",\"url\":\"https:\\\/\\\/dudasytextos.com\\\/se-puede\\\/\"},{\"@type\":\"Person\",\"@id\":\"https:\\\/\\\/dudasytextos.com\\\/se-puede\\\/author\\\/admin23\\\/#author\",\"url\":\"https:\\\/\\\/dudasytextos.com\\\/se-puede\\\/author\\\/admin23\\\/\",\"name\":\"Ana Gonz\\u00e1lez\"},{\"@type\":\"WebPage\",\"@id\":\"https:\\\/\\\/dudasytextos.com\\\/se-puede\\\/se-puede-despedir-estando-de-baja\\\/#webpage\",\"url\":\"https:\\\/\\\/dudasytextos.com\\\/se-puede\\\/se-puede-despedir-estando-de-baja\\\/\",\"name\":\"Se puede despedir estando de baja (2026) \\u00bfSe Puede?\",\"description\":\"Se puede despedir estando de baja Curiosidades, estad\\u00edsticas y hechos interesantes \\u00bfSab\\u00edas que el despido estando de baja es una situaci\\u00f3n que genera muchas dudas y controversias? Seg\\u00fan un estudio realizado por XYZ, el 40% de los trabajadores desconoce sus derechos en caso de despido durante una baja m\\u00e9dica. En Espa\\u00f1a, existen leyes y regulaciones\",\"inLanguage\":\"es-ES\",\"isPartOf\":{\"@id\":\"https:\\\/\\\/dudasytextos.com\\\/se-puede\\\/#website\"},\"breadcrumb\":{\"@id\":\"https:\\\/\\\/dudasytextos.com\\\/se-puede\\\/se-puede-despedir-estando-de-baja\\\/#breadcrumblist\"},\"author\":{\"@id\":\"https:\\\/\\\/dudasytextos.com\\\/se-puede\\\/author\\\/admin23\\\/#author\"},\"creator\":{\"@id\":\"https:\\\/\\\/dudasytextos.com\\\/se-puede\\\/author\\\/admin23\\\/#author\"},\"datePublished\":\"2025-03-13T11:06:51+00:00\",\"dateModified\":\"2025-03-12T19:09:59+00:00\"},{\"@type\":\"WebSite\",\"@id\":\"https:\\\/\\\/dudasytextos.com\\\/se-puede\\\/#website\",\"url\":\"https:\\\/\\\/dudasytextos.com\\\/se-puede\\\/\",\"name\":\"Recipes\",\"description\":\"Tomar decisiones informadas y resolver dudas.\",\"inLanguage\":\"es-ES\",\"publisher\":{\"@id\":\"https:\\\/\\\/dudasytextos.com\\\/se-puede\\\/#organization\"}}]}\n\t\t<\/script>\n\t\t<!-- All in One SEO -->\n\n","aioseo_head_json":{"title":"Se puede despedir estando de baja (2026) \u00bfSe Puede?","description":"Se puede despedir estando de baja Curiosidades, estad\u00edsticas y hechos interesantes \u00bfSab\u00edas que el despido estando de baja es una situaci\u00f3n que genera muchas dudas y controversias? Seg\u00fan un estudio realizado por XYZ, el 40% de los trabajadores desconoce sus derechos en caso de despido durante una baja m\u00e9dica. En Espa\u00f1a, existen leyes y regulaciones","canonical_url":"https:\/\/dudasytextos.com\/se-puede\/se-puede-despedir-estando-de-baja\/","robots":"max-snippet:-1, max-image-preview:large, max-video-preview:-1","keywords":"","webmasterTools":{"miscellaneous":"&lt;script async src=\"https:\/\/pagead2.googlesyndication.com\/pagead\/js\/adsbygoogle.js?client=ca-pub-3987500858204711\"\n     crossorigin=\"anonymous\"&gt;&lt;\/script&gt;\n&lt;!-- Google tag (gtag.js) --&gt;\n&lt;script async src=\"https:\/\/www.googletagmanager.com\/gtag\/js?id=G-TYJ2FRZ8ZF\"&gt;&lt;\/script&gt;\n&lt;script&gt;\n  window.dataLayer = window.dataLayer || [];\n  function gtag(){dataLayer.push(arguments);}\n  gtag('js', new Date());\n\n  gtag('config', 'G-TYJ2FRZ8ZF');\n&lt;\/script&gt;"},"schema":{"@context":"https:\/\/schema.org","@graph":[{"@type":"BlogPosting","@id":"https:\/\/dudasytextos.com\/se-puede\/se-puede-despedir-estando-de-baja\/#blogposting","name":"Se puede despedir estando de baja (2026) \u00bfSe Puede?","headline":"Se puede despedir estando de baja","author":{"@id":"https:\/\/dudasytextos.com\/se-puede\/author\/admin23\/#author"},"publisher":{"@id":"https:\/\/dudasytextos.com\/se-puede\/#organization"},"datePublished":"2025-03-13T11:06:51+00:00","dateModified":"2025-03-12T19:09:59+00:00","inLanguage":"es-ES","mainEntityOfPage":{"@id":"https:\/\/dudasytextos.com\/se-puede\/se-puede-despedir-estando-de-baja\/#webpage"},"isPartOf":{"@id":"https:\/\/dudasytextos.com\/se-puede\/se-puede-despedir-estando-de-baja\/#webpage"},"articleSection":"\u00bfSe puede?"},{"@type":"BreadcrumbList","@id":"https:\/\/dudasytextos.com\/se-puede\/se-puede-despedir-estando-de-baja\/#breadcrumblist","itemListElement":[{"@type":"ListItem","@id":"https:\/\/dudasytextos.com\/se-puede#listItem","position":1,"name":"Home","item":"https:\/\/dudasytextos.com\/se-puede","nextItem":{"@type":"ListItem","@id":"https:\/\/dudasytextos.com\/se-puede\/category\/se-puede\/#listItem","name":"\u00bfSe puede?"}},{"@type":"ListItem","@id":"https:\/\/dudasytextos.com\/se-puede\/category\/se-puede\/#listItem","position":2,"name":"\u00bfSe puede?","item":"https:\/\/dudasytextos.com\/se-puede\/category\/se-puede\/","nextItem":{"@type":"ListItem","@id":"https:\/\/dudasytextos.com\/se-puede\/se-puede-despedir-estando-de-baja\/#listItem","name":"Se puede despedir estando de baja"},"previousItem":{"@type":"ListItem","@id":"https:\/\/dudasytextos.com\/se-puede#listItem","name":"Home"}},{"@type":"ListItem","@id":"https:\/\/dudasytextos.com\/se-puede\/se-puede-despedir-estando-de-baja\/#listItem","position":3,"name":"Se puede despedir estando de baja","previousItem":{"@type":"ListItem","@id":"https:\/\/dudasytextos.com\/se-puede\/category\/se-puede\/#listItem","name":"\u00bfSe puede?"}}]},{"@type":"Organization","@id":"https:\/\/dudasytextos.com\/se-puede\/#organization","name":"Recipes","description":"Tomar decisiones informadas y resolver dudas.","url":"https:\/\/dudasytextos.com\/se-puede\/"},{"@type":"Person","@id":"https:\/\/dudasytextos.com\/se-puede\/author\/admin23\/#author","url":"https:\/\/dudasytextos.com\/se-puede\/author\/admin23\/","name":"Ana Gonz\u00e1lez"},{"@type":"WebPage","@id":"https:\/\/dudasytextos.com\/se-puede\/se-puede-despedir-estando-de-baja\/#webpage","url":"https:\/\/dudasytextos.com\/se-puede\/se-puede-despedir-estando-de-baja\/","name":"Se puede despedir estando de baja (2026) \u00bfSe Puede?","description":"Se puede despedir estando de baja Curiosidades, estad\u00edsticas y hechos interesantes \u00bfSab\u00edas que el despido estando de baja es una situaci\u00f3n que genera muchas dudas y controversias? Seg\u00fan un estudio realizado por XYZ, el 40% de los trabajadores desconoce sus derechos en caso de despido durante una baja m\u00e9dica. En Espa\u00f1a, existen leyes y regulaciones","inLanguage":"es-ES","isPartOf":{"@id":"https:\/\/dudasytextos.com\/se-puede\/#website"},"breadcrumb":{"@id":"https:\/\/dudasytextos.com\/se-puede\/se-puede-despedir-estando-de-baja\/#breadcrumblist"},"author":{"@id":"https:\/\/dudasytextos.com\/se-puede\/author\/admin23\/#author"},"creator":{"@id":"https:\/\/dudasytextos.com\/se-puede\/author\/admin23\/#author"},"datePublished":"2025-03-13T11:06:51+00:00","dateModified":"2025-03-12T19:09:59+00:00"},{"@type":"WebSite","@id":"https:\/\/dudasytextos.com\/se-puede\/#website","url":"https:\/\/dudasytextos.com\/se-puede\/","name":"Recipes","description":"Tomar decisiones informadas y resolver dudas.","inLanguage":"es-ES","publisher":{"@id":"https:\/\/dudasytextos.com\/se-puede\/#organization"}}]},"og:locale":"es_ES","og:site_name":"\u00bfSe Puede? - Tomar decisiones informadas y resolver dudas.","og:type":"article","og:title":"Se puede despedir estando de baja (2026) \u00bfSe Puede?","og:description":"Se puede despedir estando de baja Curiosidades, estad\u00edsticas y hechos interesantes \u00bfSab\u00edas que el despido estando de baja es una situaci\u00f3n que genera muchas dudas y controversias? Seg\u00fan un estudio realizado por XYZ, el 40% de los trabajadores desconoce sus derechos en caso de despido durante una baja m\u00e9dica. En Espa\u00f1a, existen leyes y regulaciones","og:url":"https:\/\/dudasytextos.com\/se-puede\/se-puede-despedir-estando-de-baja\/","article:published_time":"2025-03-13T11:06:51+00:00","article:modified_time":"2025-03-12T19:09:59+00:00","twitter:card":"summary_large_image","twitter:title":"Se puede despedir estando de baja (2026) \u00bfSe Puede?","twitter:description":"Se puede despedir estando de baja Curiosidades, estad\u00edsticas y hechos interesantes \u00bfSab\u00edas que el despido estando de baja es una situaci\u00f3n que genera muchas dudas y controversias? Seg\u00fan un estudio realizado por XYZ, el 40% de los trabajadores desconoce sus derechos en caso de despido durante una baja m\u00e9dica. En Espa\u00f1a, existen leyes y regulaciones"},"aioseo_meta_data":{"post_id":"73353","title":null,"description":null,"keywords":null,"keyphrases":null,"primary_term":null,"canonical_url":null,"og_title":null,"og_description":null,"og_object_type":"default","og_image_type":"default","og_image_url":null,"og_image_width":null,"og_image_height":null,"og_image_custom_url":null,"og_image_custom_fields":null,"og_video":null,"og_custom_url":null,"og_article_section":null,"og_article_tags":null,"twitter_use_og":false,"twitter_card":"default","twitter_image_type":"default","twitter_image_url":null,"twitter_image_custom_url":null,"twitter_image_custom_fields":null,"twitter_title":null,"twitter_description":null,"schema":{"blockGraphs":[],"customGraphs":[],"default":{"data":{"Article":[],"Course":[],"Dataset":[],"FAQPage":[],"Movie":[],"Person":[],"Product":[],"ProductReview":[],"Car":[],"Recipe":[],"Service":[],"SoftwareApplication":[],"WebPage":[]},"graphName":"","isEnabled":true},"graphs":[]},"schema_type":"default","schema_type_options":null,"pillar_content":false,"robots_default":true,"robots_noindex":false,"robots_noarchive":false,"robots_nosnippet":false,"robots_nofollow":false,"robots_noimageindex":false,"robots_noodp":false,"robots_notranslate":false,"robots_max_snippet":null,"robots_max_videopreview":null,"robots_max_imagepreview":"large","priority":null,"frequency":null,"local_seo":null,"breadcrumb_settings":null,"limit_modified_date":false,"ai":null,"created":"2023-07-13 05:22:55","updated":"2025-03-14 17:35:59","seo_analyzer_scan_date":null,"focus_keyword":null,"additional_keywords":null,"truseo_locale":null},"aioseo_breadcrumb":"<div class=\"aioseo-breadcrumbs\"><span class=\"aioseo-breadcrumb\">\n\t\t\t<a href=\"https:\/\/dudasytextos.com\/se-puede\" title=\"Home\">Home<\/a>\n\t\t<\/span><span class=\"aioseo-breadcrumb-separator\">&raquo;<\/span><span class=\"aioseo-breadcrumb\">\n\t\t\t<a href=\"https:\/\/dudasytextos.com\/se-puede\/category\/se-puede\/\" title=\"\u00bfSe puede?\">\u00bfSe puede?<\/a>\n\t\t<\/span><span class=\"aioseo-breadcrumb-separator\">&raquo;<\/span><span class=\"aioseo-breadcrumb\">\n\t\t\tSe puede despedir estando de baja\n\t\t<\/span><\/div>","aioseo_breadcrumb_json":[{"label":"Home","link":"https:\/\/dudasytextos.com\/se-puede"},{"label":"\u00bfSe puede?","link":"https:\/\/dudasytextos.com\/se-puede\/category\/se-puede\/"},{"label":"Se puede despedir estando de baja","link":"https:\/\/dudasytextos.com\/se-puede\/se-puede-despedir-estando-de-baja\/"}],"_links":{"self":[{"href":"https:\/\/dudasytextos.com\/se-puede\/wp-json\/wp\/v2\/posts\/73353","targetHints":{"allow":["GET"]}}],"collection":[{"href":"https:\/\/dudasytextos.com\/se-puede\/wp-json\/wp\/v2\/posts"}],"about":[{"href":"https:\/\/dudasytextos.com\/se-puede\/wp-json\/wp\/v2\/types\/post"}],"author":[{"embeddable":true,"href":"https:\/\/dudasytextos.com\/se-puede\/wp-json\/wp\/v2\/users\/1"}],"replies":[{"embeddable":true,"href":"https:\/\/dudasytextos.com\/se-puede\/wp-json\/wp\/v2\/comments?post=73353"}],"version-history":[{"count":0,"href":"https:\/\/dudasytextos.com\/se-puede\/wp-json\/wp\/v2\/posts\/73353\/revisions"}],"wp:attachment":[{"href":"https:\/\/dudasytextos.com\/se-puede\/wp-json\/wp\/v2\/media?parent=73353"}],"wp:term":[{"taxonomy":"category","embeddable":true,"href":"https:\/\/dudasytextos.com\/se-puede\/wp-json\/wp\/v2\/categories?post=73353"},{"taxonomy":"post_tag","embeddable":true,"href":"https:\/\/dudasytextos.com\/se-puede\/wp-json\/wp\/v2\/tags?post=73353"}],"curies":[{"name":"wp","href":"https:\/\/api.w.org\/{rel}","templated":true}]}}