{"id":73370,"date":"2025-03-03T02:37:51","date_gmt":"2025-03-03T02:37:51","guid":{"rendered":"https:\/\/soleyantonio.es\/se-puede-vivir-con-fibrosis-pulmonar\/"},"modified":"2025-03-12T17:57:51","modified_gmt":"2025-03-12T17:57:51","slug":"se-puede-vivir-con-fibrosis-pulmonar","status":"publish","type":"post","link":"https:\/\/dudasytextos.com\/se-puede\/se-puede-vivir-con-fibrosis-pulmonar\/","title":{"rendered":"Se puede vivir con fibrosis pulmonar"},"content":{"rendered":"<div id=\"ez-toc-container\" class=\"ez-toc-v2_0_87 counter-hierarchy ez-toc-counter ez-toc-custom ez-toc-container-direction\">\n<div class=\"ez-toc-title-container\">\n<span class=\"ez-toc-title-toggle\"><\/span><\/div>\n<nav><ul class='ez-toc-list ez-toc-list-level-1 ' ><li class='ez-toc-page-1 ez-toc-heading-level-2'><a class=\"ez-toc-link ez-toc-heading-1\" href=\"https:\/\/dudasytextos.com\/se-puede\/se-puede-vivir-con-fibrosis-pulmonar\/#Se_puede_vivir_con_fibrosis_pulmonar\" >Se puede vivir con fibrosis pulmonar<\/a><\/li><li class='ez-toc-page-1 ez-toc-heading-level-2'><a class=\"ez-toc-link ez-toc-heading-2\" href=\"https:\/\/dudasytextos.com\/se-puede\/se-puede-vivir-con-fibrosis-pulmonar\/#Curiosidades_e_informacion_interesante\" >Curiosidades e informaci\u00f3n interesante<\/a><\/li><li class='ez-toc-page-1 ez-toc-heading-level-2'><a class=\"ez-toc-link ez-toc-heading-3\" href=\"https:\/\/dudasytextos.com\/se-puede\/se-puede-vivir-con-fibrosis-pulmonar\/#Experiencia_personal\" >Experiencia personal<\/a><\/li><li class='ez-toc-page-1 ez-toc-heading-level-2'><a class=\"ez-toc-link ez-toc-heading-4\" href=\"https:\/\/dudasytextos.com\/se-puede\/se-puede-vivir-con-fibrosis-pulmonar\/#Estadisticas_y_estudios\" >Estad\u00edsticas y estudios<\/a><\/li><li class='ez-toc-page-1 ez-toc-heading-level-2'><a class=\"ez-toc-link ez-toc-heading-5\" href=\"https:\/\/dudasytextos.com\/se-puede\/se-puede-vivir-con-fibrosis-pulmonar\/#Opciones_de_tratamiento\" >Opciones de tratamiento<\/a><\/li><li class='ez-toc-page-1 ez-toc-heading-level-2'><a class=\"ez-toc-link ez-toc-heading-6\" href=\"https:\/\/dudasytextos.com\/se-puede\/se-puede-vivir-con-fibrosis-pulmonar\/#Consejos_para_vivir_con_fibrosis_pulmonar\" >Consejos para vivir con fibrosis pulmonar<\/a><\/li><li class='ez-toc-page-1 ez-toc-heading-level-2'><a class=\"ez-toc-link ez-toc-heading-7\" href=\"https:\/\/dudasytextos.com\/se-puede\/se-puede-vivir-con-fibrosis-pulmonar\/#Preguntas_frecuentes\" >Preguntas frecuentes<\/a><ul class='ez-toc-list-level-3' ><li class='ez-toc-heading-level-3'><a class=\"ez-toc-link ez-toc-heading-8\" href=\"https:\/\/dudasytextos.com\/se-puede\/se-puede-vivir-con-fibrosis-pulmonar\/#%C2%BFQue_es_la_fibrosis_pulmonar\" >\u00bfQu\u00e9 es la fibrosis pulmonar?<\/a><\/li><li class='ez-toc-page-1 ez-toc-heading-level-3'><a class=\"ez-toc-link ez-toc-heading-9\" href=\"https:\/\/dudasytextos.com\/se-puede\/se-puede-vivir-con-fibrosis-pulmonar\/#%C2%BFCuales_son_los_sintomas_de_la_fibrosis_pulmonar\" >\u00bfCu\u00e1les son los s\u00edntomas de la fibrosis pulmonar?<\/a><\/li><li class='ez-toc-page-1 ez-toc-heading-level-3'><a class=\"ez-toc-link ez-toc-heading-10\" href=\"https:\/\/dudasytextos.com\/se-puede\/se-puede-vivir-con-fibrosis-pulmonar\/#%C2%BFCual_es_el_tratamiento_para_la_fibrosis_pulmonar\" >\u00bfCu\u00e1l es el tratamiento para la fibrosis pulmonar?<\/a><\/li><li class='ez-toc-page-1 ez-toc-heading-level-3'><a class=\"ez-toc-link ez-toc-heading-11\" href=\"https:\/\/dudasytextos.com\/se-puede\/se-puede-vivir-con-fibrosis-pulmonar\/#%C2%BFSe_puede_vivir_una_vida_normal_con_fibrosis_pulmonar\" >\u00bfSe puede vivir una vida normal con fibrosis pulmonar?<\/a><\/li><li class='ez-toc-page-1 ez-toc-heading-level-3'><a class=\"ez-toc-link ez-toc-heading-12\" href=\"https:\/\/dudasytextos.com\/se-puede\/se-puede-vivir-con-fibrosis-pulmonar\/#%C2%BFCual_es_la_esperanza_de_vida_promedio_para_las_personas_con_fibrosis_pulmonar\" >\u00bfCu\u00e1l es la esperanza de vida promedio para las personas con fibrosis pulmonar?<\/a><\/li><li class='ez-toc-page-1 ez-toc-heading-level-3'><a class=\"ez-toc-link ez-toc-heading-13\" href=\"https:\/\/dudasytextos.com\/se-puede\/se-puede-vivir-con-fibrosis-pulmonar\/#%C2%BFComo_puedo_encontrar_apoyo_emocional\" >\u00bfC\u00f3mo puedo encontrar apoyo emocional?<\/a><\/li><li class='ez-toc-page-1 ez-toc-heading-level-3'><a class=\"ez-toc-link ez-toc-heading-14\" href=\"https:\/\/dudasytextos.com\/se-puede\/se-puede-vivir-con-fibrosis-pulmonar\/#%C2%BFQue_puedo_hacer_para_mejorar_mi_calidad_de_vida\" >\u00bfQu\u00e9 puedo hacer para mejorar mi calidad de vida?<\/a><\/li><li class='ez-toc-page-1 ez-toc-heading-level-3'><a class=\"ez-toc-link ez-toc-heading-15\" href=\"https:\/\/dudasytextos.com\/se-puede\/se-puede-vivir-con-fibrosis-pulmonar\/#%C2%BFLa_fibrosis_pulmonar_es_hereditaria\" >\u00bfLa fibrosis pulmonar es hereditaria?<\/a><\/li><li class='ez-toc-page-1 ez-toc-heading-level-3'><a class=\"ez-toc-link ez-toc-heading-16\" href=\"https:\/\/dudasytextos.com\/se-puede\/se-puede-vivir-con-fibrosis-pulmonar\/#%C2%BFCuales_son_las_principales_causas_de_la_fibrosis_pulmonar\" >\u00bfCu\u00e1les son las principales causas de la fibrosis pulmonar?<\/a><\/li><li class='ez-toc-page-1 ez-toc-heading-level-3'><a class=\"ez-toc-link ez-toc-heading-17\" href=\"https:\/\/dudasytextos.com\/se-puede\/se-puede-vivir-con-fibrosis-pulmonar\/#%C2%BFComo_puedo_encontrar_un_medico_especializado_en_fibrosis_pulmonar\" >\u00bfC\u00f3mo puedo encontrar un m\u00e9dico especializado en fibrosis pulmonar?<\/a><\/li><li class='ez-toc-page-1 ez-toc-heading-level-3'><a class=\"ez-toc-link ez-toc-heading-18\" href=\"https:\/\/dudasytextos.com\/se-puede\/se-puede-vivir-con-fibrosis-pulmonar\/#%C2%BFExisten_investigaciones_en_curso_sobre_la_fibrosis_pulmonar\" >\u00bfExisten investigaciones en curso sobre la fibrosis pulmonar?<\/a><\/li><li class='ez-toc-page-1 ez-toc-heading-level-3'><a class=\"ez-toc-link ez-toc-heading-19\" href=\"https:\/\/dudasytextos.com\/se-puede\/se-puede-vivir-con-fibrosis-pulmonar\/#%C2%BFLa_fibrosis_pulmonar_es_curable\" >\u00bfLa fibrosis pulmonar es curable?<\/a><\/li><\/ul><\/li><\/ul><\/nav><\/div>\n<h2><span class=\"ez-toc-section\" id=\"Se_puede_vivir_con_fibrosis_pulmonar\"><\/span>Se puede vivir con fibrosis pulmonar<span class=\"ez-toc-section-end\"><\/span><\/h2>\n<p>\u00a1Hola a todos! Soy Ana Gonz\u00e1lez y en este art\u00edculo vamos a hablar sobre la fibrosis pulmonar y c\u00f3mo se puede vivir con ella. La fibrosis pulmonar es una enfermedad cr\u00f3nica que afecta a los pulmones, causando cicatrizaci\u00f3n y endurecimiento del tejido pulmonar. Aunque puede ser una condici\u00f3n desafiante, muchas personas logran llevar una vida plena y significativa incluso con esta enfermedad.<\/p>\n<h2><span class=\"ez-toc-section\" id=\"Curiosidades_e_informacion_interesante\"><\/span>Curiosidades e informaci\u00f3n interesante<span class=\"ez-toc-section-end\"><\/span><\/h2>\n<ul>\n<li>La fibrosis pulmonar afecta aproximadamente a 13.7 personas por cada 100,000 habitantes en Espa\u00f1a.<\/li>\n<li>La edad promedio de diagn\u00f3stico es de 65 a\u00f1os, pero puede afectar a personas de todas las edades.<\/li>\n<li>La fibrosis pulmonar puede ser causada por diferentes factores, como la exposici\u00f3n a sustancias qu\u00edmicas o el tabaquismo.<\/li>\n<li>Existen tratamientos y terapias que pueden ayudar a mejorar la calidad de vida de las personas con fibrosis pulmonar.<\/li>\n<\/ul>\n<h2><span class=\"ez-toc-section\" id=\"Experiencia_personal\"><\/span>Experiencia personal<span class=\"ez-toc-section-end\"><\/span><\/h2>\n<p>Como alguien que vive con fibrosis pulmonar, puedo decirles que es una enfermedad que presenta desaf\u00edos, pero no define qui\u00e9nes somos. A lo largo de mi vida, he aprendido a adaptarme y encontrar maneras de disfrutar de las cosas que amo, a pesar de los obst\u00e1culos que puedan surgir. Es importante rodearse de un buen equipo <a href=\"https:\/\/dudasytextos.com\/se-puede\/se-puede-cambiar-de-medico-de-cabecera-estando-de-baja\/\">m\u00e9dico<\/a>, familia y amigos que brinden apoyo y comprensi\u00f3n.<\/p>\n<h2><span class=\"ez-toc-section\" id=\"Estadisticas_y_estudios\"><\/span>Estad\u00edsticas y estudios<span class=\"ez-toc-section-end\"><\/span><\/h2>\n<p>Seg\u00fan un estudio realizado por la Sociedad Espa\u00f1ola de Neumolog\u00eda y Cirug\u00eda Tor\u00e1cica, se estima que alrededor del 50% de las personas con fibrosis pulmonar tienen una esperanza de vida de 3 a 5 a\u00f1os despu\u00e9s del diagn\u00f3stico. Sin embargo, es importante tener en cuenta que cada caso es \u00fanico y la progresi\u00f3n de la enfermedad puede variar considerablemente.<\/p>\n<h2><span class=\"ez-toc-section\" id=\"Opciones_de_tratamiento\"><\/span>Opciones de tratamiento<span class=\"ez-toc-section-end\"><\/span><\/h2>\n<p>El tratamiento de la fibrosis pulmonar puede incluir medicamentos para controlar los s\u00edntomas, terapia de ox\u00edgeno, rehabilitaci\u00f3n pulmonar y en algunos casos, trasplante de pulm\u00f3n. Es fundamental trabajar en estrecha colaboraci\u00f3n con un equipo m\u00e9dico especializado para desarrollar un plan de tratamiento personalizado que se adapte a las necesidades individuales de cada paciente.<\/p>\n<h2><span class=\"ez-toc-section\" id=\"Consejos_para_vivir_con_fibrosis_pulmonar\"><\/span>Consejos para vivir con fibrosis pulmonar<span class=\"ez-toc-section-end\"><\/span><\/h2>\n<ul>\n<li>Mant\u00e9n una buena comunicaci\u00f3n con tu m\u00e9dico y sigue sus indicaciones.<\/li>\n<li>Adopta un estilo de vida saludable, con una dieta balanceada y ejercicio regular.<\/li>\n<li>Evita el tabaquismo y la exposici\u00f3n a sustancias qu\u00edmicas da\u00f1inas para los pulmones.<\/li>\n<li>Busca apoyo emocional y \u00fanete a grupos de pacientes para compartir experiencias y consejos.<\/li>\n<\/ul>\n<h2><span class=\"ez-toc-section\" id=\"Preguntas_frecuentes\"><\/span>Preguntas frecuentes<span class=\"ez-toc-section-end\"><\/span><\/h2>\n<h3><span class=\"ez-toc-section\" id=\"%C2%BFQue_es_la_fibrosis_pulmonar\"><\/span>\u00bfQu\u00e9 es la fibrosis pulmonar?<span class=\"ez-toc-section-end\"><\/span><\/h3>\n<p>La fibrosis pulmonar es una enfermedad cr\u00f3nica que causa cicatrizaci\u00f3n y endurecimiento del tejido pulmonar, lo que dificulta la respiraci\u00f3n.<\/p>\n<h3><span class=\"ez-toc-section\" id=\"%C2%BFCuales_son_los_sintomas_de_la_fibrosis_pulmonar\"><\/span>\u00bfCu\u00e1les son los s\u00edntomas de la fibrosis pulmonar?<span class=\"ez-toc-section-end\"><\/span><\/h3>\n<p>Los s\u00edntomas de la fibrosis pulmonar incluyen dificultad para respirar, tos seca, fatiga y p\u00e9rdida de peso.<\/p>\n<h3><span class=\"ez-toc-section\" id=\"%C2%BFCual_es_el_tratamiento_para_la_fibrosis_pulmonar\"><\/span>\u00bfCu\u00e1l es el tratamiento para la fibrosis pulmonar?<span class=\"ez-toc-section-end\"><\/span><\/h3>\n<p>El tratamiento puede incluir medicamentos, terapia de ox\u00edgeno y, en casos graves, trasplante de pulm\u00f3n.<\/p>\n<h3><span class=\"ez-toc-section\" id=\"%C2%BFSe_puede_vivir_una_vida_normal_con_fibrosis_pulmonar\"><\/span>\u00bfSe puede vivir una vida normal con fibrosis pulmonar?<span class=\"ez-toc-section-end\"><\/span><\/h3>\n<p>Aunque la fibrosis pulmonar puede afectar la calidad de vida, muchas personas logran llevar una vida plena y significativa con la enfermedad gracias a los tratamientos disponibles y el apoyo adecuado.<\/p>\n<h3><span class=\"ez-toc-section\" id=\"%C2%BFCual_es_la_esperanza_de_vida_promedio_para_las_personas_con_fibrosis_pulmonar\"><\/span>\u00bfCu\u00e1l es la esperanza de vida promedio para las personas con fibrosis pulmonar?<span class=\"ez-toc-section-end\"><\/span><\/h3>\n<p>La esperanza de vida puede variar seg\u00fan el caso, pero en promedio, se estima que alrededor del 50% de las personas con fibrosis pulmonar tienen una esperanza de vida de 3 a 5 a\u00f1os despu\u00e9s del diagn\u00f3stico.<\/p>\n<h3><span class=\"ez-toc-section\" id=\"%C2%BFComo_puedo_encontrar_apoyo_emocional\"><\/span>\u00bfC\u00f3mo puedo encontrar apoyo emocional?<span class=\"ez-toc-section-end\"><\/span><\/h3>\n<p>Existen grupos de pacientes y organizaciones que ofrecen apoyo emocional y recursos para las personas que viven con fibrosis pulmonar. Consulta con tu m\u00e9dico o busca en l\u00ednea para encontrar opciones en tu \u00e1rea.<\/p>\n<h3><span class=\"ez-toc-section\" id=\"%C2%BFQue_puedo_hacer_para_mejorar_mi_calidad_de_vida\"><\/span>\u00bfQu\u00e9 puedo hacer para mejorar mi calidad de vida?<span class=\"ez-toc-section-end\"><\/span><\/h3>\n<p>Adem\u00e1s de seguir el tratamiento recomendado por tu m\u00e9dico, mantener un estilo de vida saludable, encontrar actividades que disfrutes y buscar apoyo emocional pueden contribuir a mejorar tu calidad de vida.<\/p>\n<h3><span class=\"ez-toc-section\" id=\"%C2%BFLa_fibrosis_pulmonar_es_hereditaria\"><\/span>\u00bfLa fibrosis pulmonar es hereditaria?<span class=\"ez-toc-section-end\"><\/span><\/h3>\n<p>En algunos casos, la fibrosis pulmonar puede tener un componente gen\u00e9tico, pero no todas las personas con antecedentes familiares de la enfermedad desarrollar\u00e1n fibrosis pulmonar.<\/p>\n<h3><span class=\"ez-toc-section\" id=\"%C2%BFCuales_son_las_principales_causas_de_la_fibrosis_pulmonar\"><\/span>\u00bfCu\u00e1les son las principales causas de la fibrosis pulmonar?<span class=\"ez-toc-section-end\"><\/span><\/h3>\n<p>Las principales causas de la fibrosis pulmonar incluyen la exposici\u00f3n a sustancias qu\u00edmicas da\u00f1inas, el tabaquismo y en algunos casos, factores gen\u00e9ticos.<\/p>\n<h3><span class=\"ez-toc-section\" id=\"%C2%BFComo_puedo_encontrar_un_medico_especializado_en_fibrosis_pulmonar\"><\/span>\u00bfC\u00f3mo puedo encontrar un m\u00e9dico especializado en fibrosis pulmonar?<span class=\"ez-toc-section-end\"><\/span><\/h3>\n<p>Puedes consultar con tu m\u00e9dico de cabecera para que te derive a un especialista en enfermedades pulmonares o buscar en directorios m\u00e9dicos en l\u00ednea.<\/p>\n<h3><span class=\"ez-toc-section\" id=\"%C2%BFExisten_investigaciones_en_curso_sobre_la_fibrosis_pulmonar\"><\/span>\u00bfExisten investigaciones en curso sobre la fibrosis pulmonar?<span class=\"ez-toc-section-end\"><\/span><\/h3>\n<p>S\u00ed, se est\u00e1n realizando investigaciones para comprender mejor la enfermedad y desarrollar nuevos tratamientos. Consulta con tu m\u00e9dico o busca en l\u00ednea para obtener informaci\u00f3n actualizada sobre los avances en la investigaci\u00f3n de la fibrosis pulmonar.<\/p>\n<h3><span class=\"ez-toc-section\" id=\"%C2%BFLa_fibrosis_pulmonar_es_curable\"><\/span>\u00bfLa fibrosis pulmonar es curable?<span class=\"ez-toc-section-end\"><\/span><\/h3>\n<p>Actualmente, no hay una cura para la fibrosis pulmonar, pero existen tratamientos y terapias que pueden ayudar a controlar los s\u00edntomas y mejorar la calidad de vida.<\/p>\n","protected":false},"excerpt":{"rendered":"<p>Se puede vivir con fibrosis pulmonar \u00a1Hola a todos! Soy Ana Gonz\u00e1lez y en este art\u00edculo vamos a hablar sobre la fibrosis pulmonar y c\u00f3mo se puede vivir con ella. La fibrosis pulmonar es una enfermedad cr\u00f3nica que afecta a los pulmones, causando cicatrizaci\u00f3n y endurecimiento del tejido pulmonar. Aunque puede ser una condici\u00f3n desafiante, &#8230; <a title=\"Se puede vivir con fibrosis pulmonar\" class=\"read-more\" href=\"https:\/\/dudasytextos.com\/se-puede\/se-puede-vivir-con-fibrosis-pulmonar\/\" aria-label=\"M\u00e1s en Se puede vivir con fibrosis pulmonar\">Leer m\u00e1s<\/a><\/p>\n","protected":false},"author":1,"featured_media":0,"comment_status":"open","ping_status":"open","sticky":false,"template":"","format":"standard","meta":{"footnotes":""},"categories":[3],"tags":[],"class_list":["post-73370","post","type-post","status-publish","format-standard","hentry","category-se-puede"],"aioseo_notices":[],"aioseo_head":"\n\t\t<!-- All in One SEO 5.0.1.1 - aioseo.com -->\n\t<meta name=\"description\" content=\"Se puede vivir con fibrosis pulmonar \u00a1Hola a todos! Soy Ana Gonz\u00e1lez y en este art\u00edculo vamos a hablar sobre la fibrosis pulmonar y c\u00f3mo se puede vivir con ella. La fibrosis pulmonar es una enfermedad cr\u00f3nica que afecta a los pulmones, causando cicatrizaci\u00f3n y endurecimiento del tejido pulmonar. Aunque puede ser una condici\u00f3n desafiante,\" \/>\n\t<meta name=\"robots\" content=\"max-snippet:-1, max-image-preview:large, max-video-preview:-1\" \/>\n\t<meta name=\"author\" content=\"Ana Gonz\u00e1lez\"\/>\n\t<link rel=\"canonical\" href=\"https:\/\/dudasytextos.com\/se-puede\/se-puede-vivir-con-fibrosis-pulmonar\/\" \/>\n\t<meta name=\"generator\" content=\"All in One SEO (AIOSEO) 5.0.1.1\" \/>\n\n\t\t<script async src=\"https:\/\/pagead2.googlesyndication.com\/pagead\/js\/adsbygoogle.js?client=ca-pub-3987500858204711\"\n     crossorigin=\"anonymous\"><\/script>\n<!-- Google tag (gtag.js) -->\n<script async src=\"https:\/\/www.googletagmanager.com\/gtag\/js?id=G-TYJ2FRZ8ZF\"><\/script>\n<script>\n  window.dataLayer = window.dataLayer || [];\n  function gtag(){dataLayer.push(arguments);}\n  gtag('js', new Date());\n\n  gtag('config', 'G-TYJ2FRZ8ZF');\n<\/script>\n\t\t<meta property=\"og:locale\" content=\"es_ES\" \/>\n\t\t<meta property=\"og:site_name\" content=\"\u00bfSe Puede? - Tomar decisiones informadas y resolver dudas.\" \/>\n\t\t<meta property=\"og:type\" content=\"article\" \/>\n\t\t<meta property=\"og:title\" content=\"Se puede vivir con fibrosis pulmonar (2026) \u00bfSe Puede?\" \/>\n\t\t<meta property=\"og:description\" content=\"Se puede vivir con fibrosis pulmonar \u00a1Hola a todos! Soy Ana Gonz\u00e1lez y en este art\u00edculo vamos a hablar sobre la fibrosis pulmonar y c\u00f3mo se puede vivir con ella. La fibrosis pulmonar es una enfermedad cr\u00f3nica que afecta a los pulmones, causando cicatrizaci\u00f3n y endurecimiento del tejido pulmonar. Aunque puede ser una condici\u00f3n desafiante,\" \/>\n\t\t<meta property=\"og:url\" content=\"https:\/\/dudasytextos.com\/se-puede\/se-puede-vivir-con-fibrosis-pulmonar\/\" \/>\n\t\t<meta property=\"article:published_time\" content=\"2025-03-03T02:37:51+00:00\" \/>\n\t\t<meta property=\"article:modified_time\" content=\"2025-03-12T17:57:51+00:00\" \/>\n\t\t<meta name=\"twitter:card\" content=\"summary_large_image\" \/>\n\t\t<meta name=\"twitter:title\" content=\"Se puede vivir con fibrosis pulmonar (2026) \u00bfSe Puede?\" \/>\n\t\t<meta name=\"twitter:description\" content=\"Se puede vivir con fibrosis pulmonar \u00a1Hola a todos! Soy Ana Gonz\u00e1lez y en este art\u00edculo vamos a hablar sobre la fibrosis pulmonar y c\u00f3mo se puede vivir con ella. La fibrosis pulmonar es una enfermedad cr\u00f3nica que afecta a los pulmones, causando cicatrizaci\u00f3n y endurecimiento del tejido pulmonar. Aunque puede ser una condici\u00f3n desafiante,\" \/>\n\t\t<script type=\"application\/ld+json\" class=\"aioseo-schema\">\n\t\t\t{\"@context\":\"https:\\\/\\\/schema.org\",\"@graph\":[{\"@type\":\"BlogPosting\",\"@id\":\"https:\\\/\\\/dudasytextos.com\\\/se-puede\\\/se-puede-vivir-con-fibrosis-pulmonar\\\/#blogposting\",\"name\":\"Se puede vivir con fibrosis pulmonar (2026) \\u00bfSe Puede?\",\"headline\":\"Se puede vivir con fibrosis pulmonar\",\"author\":{\"@id\":\"https:\\\/\\\/dudasytextos.com\\\/se-puede\\\/author\\\/admin23\\\/#author\"},\"publisher\":{\"@id\":\"https:\\\/\\\/dudasytextos.com\\\/se-puede\\\/#organization\"},\"datePublished\":\"2025-03-03T02:37:51+00:00\",\"dateModified\":\"2025-03-12T17:57:51+00:00\",\"inLanguage\":\"es-ES\",\"mainEntityOfPage\":{\"@id\":\"https:\\\/\\\/dudasytextos.com\\\/se-puede\\\/se-puede-vivir-con-fibrosis-pulmonar\\\/#webpage\"},\"isPartOf\":{\"@id\":\"https:\\\/\\\/dudasytextos.com\\\/se-puede\\\/se-puede-vivir-con-fibrosis-pulmonar\\\/#webpage\"},\"articleSection\":\"\\u00bfSe puede?\"},{\"@type\":\"BreadcrumbList\",\"@id\":\"https:\\\/\\\/dudasytextos.com\\\/se-puede\\\/se-puede-vivir-con-fibrosis-pulmonar\\\/#breadcrumblist\",\"itemListElement\":[{\"@type\":\"ListItem\",\"@id\":\"https:\\\/\\\/dudasytextos.com\\\/se-puede#listItem\",\"position\":1,\"name\":\"Home\",\"item\":\"https:\\\/\\\/dudasytextos.com\\\/se-puede\",\"nextItem\":{\"@type\":\"ListItem\",\"@id\":\"https:\\\/\\\/dudasytextos.com\\\/se-puede\\\/category\\\/se-puede\\\/#listItem\",\"name\":\"\\u00bfSe puede?\"}},{\"@type\":\"ListItem\",\"@id\":\"https:\\\/\\\/dudasytextos.com\\\/se-puede\\\/category\\\/se-puede\\\/#listItem\",\"position\":2,\"name\":\"\\u00bfSe puede?\",\"item\":\"https:\\\/\\\/dudasytextos.com\\\/se-puede\\\/category\\\/se-puede\\\/\",\"nextItem\":{\"@type\":\"ListItem\",\"@id\":\"https:\\\/\\\/dudasytextos.com\\\/se-puede\\\/se-puede-vivir-con-fibrosis-pulmonar\\\/#listItem\",\"name\":\"Se puede vivir con fibrosis pulmonar\"},\"previousItem\":{\"@type\":\"ListItem\",\"@id\":\"https:\\\/\\\/dudasytextos.com\\\/se-puede#listItem\",\"name\":\"Home\"}},{\"@type\":\"ListItem\",\"@id\":\"https:\\\/\\\/dudasytextos.com\\\/se-puede\\\/se-puede-vivir-con-fibrosis-pulmonar\\\/#listItem\",\"position\":3,\"name\":\"Se puede vivir con fibrosis pulmonar\",\"previousItem\":{\"@type\":\"ListItem\",\"@id\":\"https:\\\/\\\/dudasytextos.com\\\/se-puede\\\/category\\\/se-puede\\\/#listItem\",\"name\":\"\\u00bfSe puede?\"}}]},{\"@type\":\"Organization\",\"@id\":\"https:\\\/\\\/dudasytextos.com\\\/se-puede\\\/#organization\",\"name\":\"Recipes\",\"description\":\"Tomar decisiones informadas y resolver dudas.\",\"url\":\"https:\\\/\\\/dudasytextos.com\\\/se-puede\\\/\"},{\"@type\":\"Person\",\"@id\":\"https:\\\/\\\/dudasytextos.com\\\/se-puede\\\/author\\\/admin23\\\/#author\",\"url\":\"https:\\\/\\\/dudasytextos.com\\\/se-puede\\\/author\\\/admin23\\\/\",\"name\":\"Ana Gonz\\u00e1lez\"},{\"@type\":\"WebPage\",\"@id\":\"https:\\\/\\\/dudasytextos.com\\\/se-puede\\\/se-puede-vivir-con-fibrosis-pulmonar\\\/#webpage\",\"url\":\"https:\\\/\\\/dudasytextos.com\\\/se-puede\\\/se-puede-vivir-con-fibrosis-pulmonar\\\/\",\"name\":\"Se puede vivir con fibrosis pulmonar (2026) \\u00bfSe Puede?\",\"description\":\"Se puede vivir con fibrosis pulmonar \\u00a1Hola a todos! Soy Ana Gonz\\u00e1lez y en este art\\u00edculo vamos a hablar sobre la fibrosis pulmonar y c\\u00f3mo se puede vivir con ella. La fibrosis pulmonar es una enfermedad cr\\u00f3nica que afecta a los pulmones, causando cicatrizaci\\u00f3n y endurecimiento del tejido pulmonar. Aunque puede ser una condici\\u00f3n desafiante,\",\"inLanguage\":\"es-ES\",\"isPartOf\":{\"@id\":\"https:\\\/\\\/dudasytextos.com\\\/se-puede\\\/#website\"},\"breadcrumb\":{\"@id\":\"https:\\\/\\\/dudasytextos.com\\\/se-puede\\\/se-puede-vivir-con-fibrosis-pulmonar\\\/#breadcrumblist\"},\"author\":{\"@id\":\"https:\\\/\\\/dudasytextos.com\\\/se-puede\\\/author\\\/admin23\\\/#author\"},\"creator\":{\"@id\":\"https:\\\/\\\/dudasytextos.com\\\/se-puede\\\/author\\\/admin23\\\/#author\"},\"datePublished\":\"2025-03-03T02:37:51+00:00\",\"dateModified\":\"2025-03-12T17:57:51+00:00\"},{\"@type\":\"WebSite\",\"@id\":\"https:\\\/\\\/dudasytextos.com\\\/se-puede\\\/#website\",\"url\":\"https:\\\/\\\/dudasytextos.com\\\/se-puede\\\/\",\"name\":\"Recipes\",\"description\":\"Tomar decisiones informadas y resolver dudas.\",\"inLanguage\":\"es-ES\",\"publisher\":{\"@id\":\"https:\\\/\\\/dudasytextos.com\\\/se-puede\\\/#organization\"}}]}\n\t\t<\/script>\n\t\t<!-- All in One SEO -->\n\n","aioseo_head_json":{"title":"Se puede vivir con fibrosis pulmonar (2026) \u00bfSe Puede?","description":"Se puede vivir con fibrosis pulmonar \u00a1Hola a todos! Soy Ana Gonz\u00e1lez y en este art\u00edculo vamos a hablar sobre la fibrosis pulmonar y c\u00f3mo se puede vivir con ella. La fibrosis pulmonar es una enfermedad cr\u00f3nica que afecta a los pulmones, causando cicatrizaci\u00f3n y endurecimiento del tejido pulmonar. Aunque puede ser una condici\u00f3n desafiante,","canonical_url":"https:\/\/dudasytextos.com\/se-puede\/se-puede-vivir-con-fibrosis-pulmonar\/","robots":"max-snippet:-1, max-image-preview:large, max-video-preview:-1","keywords":"","webmasterTools":{"miscellaneous":"&lt;script async src=\"https:\/\/pagead2.googlesyndication.com\/pagead\/js\/adsbygoogle.js?client=ca-pub-3987500858204711\"\n     crossorigin=\"anonymous\"&gt;&lt;\/script&gt;\n&lt;!-- Google tag (gtag.js) --&gt;\n&lt;script async src=\"https:\/\/www.googletagmanager.com\/gtag\/js?id=G-TYJ2FRZ8ZF\"&gt;&lt;\/script&gt;\n&lt;script&gt;\n  window.dataLayer = window.dataLayer || [];\n  function gtag(){dataLayer.push(arguments);}\n  gtag('js', new Date());\n\n  gtag('config', 'G-TYJ2FRZ8ZF');\n&lt;\/script&gt;"},"schema":{"@context":"https:\/\/schema.org","@graph":[{"@type":"BlogPosting","@id":"https:\/\/dudasytextos.com\/se-puede\/se-puede-vivir-con-fibrosis-pulmonar\/#blogposting","name":"Se puede vivir con fibrosis pulmonar (2026) \u00bfSe Puede?","headline":"Se puede vivir con fibrosis pulmonar","author":{"@id":"https:\/\/dudasytextos.com\/se-puede\/author\/admin23\/#author"},"publisher":{"@id":"https:\/\/dudasytextos.com\/se-puede\/#organization"},"datePublished":"2025-03-03T02:37:51+00:00","dateModified":"2025-03-12T17:57:51+00:00","inLanguage":"es-ES","mainEntityOfPage":{"@id":"https:\/\/dudasytextos.com\/se-puede\/se-puede-vivir-con-fibrosis-pulmonar\/#webpage"},"isPartOf":{"@id":"https:\/\/dudasytextos.com\/se-puede\/se-puede-vivir-con-fibrosis-pulmonar\/#webpage"},"articleSection":"\u00bfSe puede?"},{"@type":"BreadcrumbList","@id":"https:\/\/dudasytextos.com\/se-puede\/se-puede-vivir-con-fibrosis-pulmonar\/#breadcrumblist","itemListElement":[{"@type":"ListItem","@id":"https:\/\/dudasytextos.com\/se-puede#listItem","position":1,"name":"Home","item":"https:\/\/dudasytextos.com\/se-puede","nextItem":{"@type":"ListItem","@id":"https:\/\/dudasytextos.com\/se-puede\/category\/se-puede\/#listItem","name":"\u00bfSe puede?"}},{"@type":"ListItem","@id":"https:\/\/dudasytextos.com\/se-puede\/category\/se-puede\/#listItem","position":2,"name":"\u00bfSe puede?","item":"https:\/\/dudasytextos.com\/se-puede\/category\/se-puede\/","nextItem":{"@type":"ListItem","@id":"https:\/\/dudasytextos.com\/se-puede\/se-puede-vivir-con-fibrosis-pulmonar\/#listItem","name":"Se puede vivir con fibrosis pulmonar"},"previousItem":{"@type":"ListItem","@id":"https:\/\/dudasytextos.com\/se-puede#listItem","name":"Home"}},{"@type":"ListItem","@id":"https:\/\/dudasytextos.com\/se-puede\/se-puede-vivir-con-fibrosis-pulmonar\/#listItem","position":3,"name":"Se puede vivir con fibrosis pulmonar","previousItem":{"@type":"ListItem","@id":"https:\/\/dudasytextos.com\/se-puede\/category\/se-puede\/#listItem","name":"\u00bfSe puede?"}}]},{"@type":"Organization","@id":"https:\/\/dudasytextos.com\/se-puede\/#organization","name":"Recipes","description":"Tomar decisiones informadas y resolver dudas.","url":"https:\/\/dudasytextos.com\/se-puede\/"},{"@type":"Person","@id":"https:\/\/dudasytextos.com\/se-puede\/author\/admin23\/#author","url":"https:\/\/dudasytextos.com\/se-puede\/author\/admin23\/","name":"Ana Gonz\u00e1lez"},{"@type":"WebPage","@id":"https:\/\/dudasytextos.com\/se-puede\/se-puede-vivir-con-fibrosis-pulmonar\/#webpage","url":"https:\/\/dudasytextos.com\/se-puede\/se-puede-vivir-con-fibrosis-pulmonar\/","name":"Se puede vivir con fibrosis pulmonar (2026) \u00bfSe Puede?","description":"Se puede vivir con fibrosis pulmonar \u00a1Hola a todos! Soy Ana Gonz\u00e1lez y en este art\u00edculo vamos a hablar sobre la fibrosis pulmonar y c\u00f3mo se puede vivir con ella. La fibrosis pulmonar es una enfermedad cr\u00f3nica que afecta a los pulmones, causando cicatrizaci\u00f3n y endurecimiento del tejido pulmonar. Aunque puede ser una condici\u00f3n desafiante,","inLanguage":"es-ES","isPartOf":{"@id":"https:\/\/dudasytextos.com\/se-puede\/#website"},"breadcrumb":{"@id":"https:\/\/dudasytextos.com\/se-puede\/se-puede-vivir-con-fibrosis-pulmonar\/#breadcrumblist"},"author":{"@id":"https:\/\/dudasytextos.com\/se-puede\/author\/admin23\/#author"},"creator":{"@id":"https:\/\/dudasytextos.com\/se-puede\/author\/admin23\/#author"},"datePublished":"2025-03-03T02:37:51+00:00","dateModified":"2025-03-12T17:57:51+00:00"},{"@type":"WebSite","@id":"https:\/\/dudasytextos.com\/se-puede\/#website","url":"https:\/\/dudasytextos.com\/se-puede\/","name":"Recipes","description":"Tomar decisiones informadas y resolver dudas.","inLanguage":"es-ES","publisher":{"@id":"https:\/\/dudasytextos.com\/se-puede\/#organization"}}]},"og:locale":"es_ES","og:site_name":"\u00bfSe Puede? - Tomar decisiones informadas y resolver dudas.","og:type":"article","og:title":"Se puede vivir con fibrosis pulmonar (2026) \u00bfSe Puede?","og:description":"Se puede vivir con fibrosis pulmonar \u00a1Hola a todos! Soy Ana Gonz\u00e1lez y en este art\u00edculo vamos a hablar sobre la fibrosis pulmonar y c\u00f3mo se puede vivir con ella. La fibrosis pulmonar es una enfermedad cr\u00f3nica que afecta a los pulmones, causando cicatrizaci\u00f3n y endurecimiento del tejido pulmonar. Aunque puede ser una condici\u00f3n desafiante,","og:url":"https:\/\/dudasytextos.com\/se-puede\/se-puede-vivir-con-fibrosis-pulmonar\/","article:published_time":"2025-03-03T02:37:51+00:00","article:modified_time":"2025-03-12T17:57:51+00:00","twitter:card":"summary_large_image","twitter:title":"Se puede vivir con fibrosis pulmonar (2026) \u00bfSe Puede?","twitter:description":"Se puede vivir con fibrosis pulmonar \u00a1Hola a todos! Soy Ana Gonz\u00e1lez y en este art\u00edculo vamos a hablar sobre la fibrosis pulmonar y c\u00f3mo se puede vivir con ella. La fibrosis pulmonar es una enfermedad cr\u00f3nica que afecta a los pulmones, causando cicatrizaci\u00f3n y endurecimiento del tejido pulmonar. Aunque puede ser una condici\u00f3n desafiante,"},"aioseo_meta_data":{"post_id":"73370","title":null,"description":null,"keywords":null,"keyphrases":null,"primary_term":null,"canonical_url":null,"og_title":null,"og_description":null,"og_object_type":"default","og_image_type":"default","og_image_url":null,"og_image_width":null,"og_image_height":null,"og_image_custom_url":null,"og_image_custom_fields":null,"og_video":null,"og_custom_url":null,"og_article_section":null,"og_article_tags":null,"twitter_use_og":false,"twitter_card":"default","twitter_image_type":"default","twitter_image_url":null,"twitter_image_custom_url":null,"twitter_image_custom_fields":null,"twitter_title":null,"twitter_description":null,"schema":{"blockGraphs":[],"customGraphs":[],"default":{"data":{"Article":[],"Course":[],"Dataset":[],"FAQPage":[],"Movie":[],"Person":[],"Product":[],"ProductReview":[],"Car":[],"Recipe":[],"Service":[],"SoftwareApplication":[],"WebPage":[]},"graphName":"","isEnabled":true},"graphs":[]},"schema_type":"default","schema_type_options":null,"pillar_content":false,"robots_default":true,"robots_noindex":false,"robots_noarchive":false,"robots_nosnippet":false,"robots_nofollow":false,"robots_noimageindex":false,"robots_noodp":false,"robots_notranslate":false,"robots_max_snippet":null,"robots_max_videopreview":null,"robots_max_imagepreview":"large","priority":null,"frequency":null,"local_seo":null,"breadcrumb_settings":null,"limit_modified_date":false,"ai":null,"created":"2023-07-13 05:23:57","updated":"2025-03-14 05:32:28","seo_analyzer_scan_date":null,"focus_keyword":null,"additional_keywords":null,"truseo_locale":null},"aioseo_breadcrumb":"<div class=\"aioseo-breadcrumbs\"><span class=\"aioseo-breadcrumb\">\n\t\t\t<a href=\"https:\/\/dudasytextos.com\/se-puede\" title=\"Home\">Home<\/a>\n\t\t<\/span><span class=\"aioseo-breadcrumb-separator\">&raquo;<\/span><span class=\"aioseo-breadcrumb\">\n\t\t\t<a href=\"https:\/\/dudasytextos.com\/se-puede\/category\/se-puede\/\" title=\"\u00bfSe puede?\">\u00bfSe puede?<\/a>\n\t\t<\/span><span class=\"aioseo-breadcrumb-separator\">&raquo;<\/span><span class=\"aioseo-breadcrumb\">\n\t\t\tSe puede vivir con fibrosis pulmonar\n\t\t<\/span><\/div>","aioseo_breadcrumb_json":[{"label":"Home","link":"https:\/\/dudasytextos.com\/se-puede"},{"label":"\u00bfSe puede?","link":"https:\/\/dudasytextos.com\/se-puede\/category\/se-puede\/"},{"label":"Se puede vivir con fibrosis pulmonar","link":"https:\/\/dudasytextos.com\/se-puede\/se-puede-vivir-con-fibrosis-pulmonar\/"}],"_links":{"self":[{"href":"https:\/\/dudasytextos.com\/se-puede\/wp-json\/wp\/v2\/posts\/73370","targetHints":{"allow":["GET"]}}],"collection":[{"href":"https:\/\/dudasytextos.com\/se-puede\/wp-json\/wp\/v2\/posts"}],"about":[{"href":"https:\/\/dudasytextos.com\/se-puede\/wp-json\/wp\/v2\/types\/post"}],"author":[{"embeddable":true,"href":"https:\/\/dudasytextos.com\/se-puede\/wp-json\/wp\/v2\/users\/1"}],"replies":[{"embeddable":true,"href":"https:\/\/dudasytextos.com\/se-puede\/wp-json\/wp\/v2\/comments?post=73370"}],"version-history":[{"count":0,"href":"https:\/\/dudasytextos.com\/se-puede\/wp-json\/wp\/v2\/posts\/73370\/revisions"}],"wp:attachment":[{"href":"https:\/\/dudasytextos.com\/se-puede\/wp-json\/wp\/v2\/media?parent=73370"}],"wp:term":[{"taxonomy":"category","embeddable":true,"href":"https:\/\/dudasytextos.com\/se-puede\/wp-json\/wp\/v2\/categories?post=73370"},{"taxonomy":"post_tag","embeddable":true,"href":"https:\/\/dudasytextos.com\/se-puede\/wp-json\/wp\/v2\/tags?post=73370"}],"curies":[{"name":"wp","href":"https:\/\/api.w.org\/{rel}","templated":true}]}}