{"id":73466,"date":"2025-02-16T18:38:00","date_gmt":"2025-02-16T18:38:00","guid":{"rendered":"https:\/\/soleyantonio.es\/se-puede-trabajar-con-depresion-mayor\/"},"modified":"2025-03-13T11:19:43","modified_gmt":"2025-03-13T11:19:43","slug":"se-puede-trabajar-con-depresion-mayor","status":"publish","type":"post","link":"https:\/\/dudasytextos.com\/se-puede\/se-puede-trabajar-con-depresion-mayor\/","title":{"rendered":"Se puede trabajar con depresi\u00f3n mayor"},"content":{"rendered":"<div id=\"ez-toc-container\" class=\"ez-toc-v2_0_87 counter-hierarchy ez-toc-counter ez-toc-custom ez-toc-container-direction\">\n<div class=\"ez-toc-title-container\">\n<span class=\"ez-toc-title-toggle\"><\/span><\/div>\n<nav><ul class='ez-toc-list ez-toc-list-level-1 ' ><li class='ez-toc-page-1 ez-toc-heading-level-2'><a class=\"ez-toc-link ez-toc-heading-1\" href=\"https:\/\/dudasytextos.com\/se-puede\/se-puede-trabajar-con-depresion-mayor\/#Se_puede_trabajar_con_depresion_mayor\" >Se puede trabajar con depresi\u00f3n mayor<\/a><\/li><li class='ez-toc-page-1 ez-toc-heading-level-2'><a class=\"ez-toc-link ez-toc-heading-2\" href=\"https:\/\/dudasytextos.com\/se-puede\/se-puede-trabajar-con-depresion-mayor\/#Introduccion\" >Introducci\u00f3n<\/a><\/li><li class='ez-toc-page-1 ez-toc-heading-level-2'><a class=\"ez-toc-link ez-toc-heading-3\" href=\"https:\/\/dudasytextos.com\/se-puede\/se-puede-trabajar-con-depresion-mayor\/#Curiosidades_estadisticas_y_hechos_interesantes\" >Curiosidades, estad\u00edsticas y hechos interesantes<\/a><\/li><li class='ez-toc-page-1 ez-toc-heading-level-2'><a class=\"ez-toc-link ez-toc-heading-4\" href=\"https:\/\/dudasytextos.com\/se-puede\/se-puede-trabajar-con-depresion-mayor\/#Mi_experiencia_personal\" >Mi experiencia personal<\/a><\/li><li class='ez-toc-page-1 ez-toc-heading-level-2'><a class=\"ez-toc-link ez-toc-heading-5\" href=\"https:\/\/dudasytextos.com\/se-puede\/se-puede-trabajar-con-depresion-mayor\/#Trabajar_con_depresion_mayor_desafios_y_consideraciones\" >Trabajar con depresi\u00f3n mayor: desaf\u00edos y consideraciones<\/a><\/li><li class='ez-toc-page-1 ez-toc-heading-level-2'><a class=\"ez-toc-link ez-toc-heading-6\" href=\"https:\/\/dudasytextos.com\/se-puede\/se-puede-trabajar-con-depresion-mayor\/#Ejemplos_de_personas_que_trabajan_con_depresion_mayor\" >Ejemplos de personas que trabajan con depresi\u00f3n mayor<\/a><\/li><li class='ez-toc-page-1 ez-toc-heading-level-2'><a class=\"ez-toc-link ez-toc-heading-7\" href=\"https:\/\/dudasytextos.com\/se-puede\/se-puede-trabajar-con-depresion-mayor\/#Beneficios_de_trabajar_con_depresion_mayor\" >Beneficios de trabajar con depresi\u00f3n mayor<\/a><\/li><li class='ez-toc-page-1 ez-toc-heading-level-2'><a class=\"ez-toc-link ez-toc-heading-8\" href=\"https:\/\/dudasytextos.com\/se-puede\/se-puede-trabajar-con-depresion-mayor\/#Preguntas_frecuentes\" >Preguntas frecuentes<\/a><ul class='ez-toc-list-level-3' ><li class='ez-toc-heading-level-3'><a class=\"ez-toc-link ez-toc-heading-9\" href=\"https:\/\/dudasytextos.com\/se-puede\/se-puede-trabajar-con-depresion-mayor\/#%C2%BFEs_posible_trabajar_con_depresion_mayor\" >\u00bfEs posible trabajar con depresi\u00f3n mayor?<\/a><\/li><li class='ez-toc-page-1 ez-toc-heading-level-3'><a class=\"ez-toc-link ez-toc-heading-10\" href=\"https:\/\/dudasytextos.com\/se-puede\/se-puede-trabajar-con-depresion-mayor\/#%C2%BFDebo_hablar_con_mi_empleador_sobre_mi_depresion_mayor\" >\u00bfDebo hablar con mi empleador sobre mi depresi\u00f3n mayor?<\/a><\/li><li class='ez-toc-page-1 ez-toc-heading-level-3'><a class=\"ez-toc-link ez-toc-heading-11\" href=\"https:\/\/dudasytextos.com\/se-puede\/se-puede-trabajar-con-depresion-mayor\/#%C2%BFExisten_leyes_que_protejan_a_las_personas_con_depresion_mayor_en_el_ambito_laboral\" >\u00bfExisten leyes que protejan a las personas con depresi\u00f3n mayor en el \u00e1mbito laboral?<\/a><\/li><li class='ez-toc-page-1 ez-toc-heading-level-3'><a class=\"ez-toc-link ez-toc-heading-12\" href=\"https:\/\/dudasytextos.com\/se-puede\/se-puede-trabajar-con-depresion-mayor\/#%C2%BFQue_deberia_hacer_si_siento_que_mi_depresion_mayor_afecta_mi_capacidad_para_trabajar\" >\u00bfQu\u00e9 deber\u00eda hacer si siento que mi depresi\u00f3n mayor afecta mi capacidad para trabajar?<\/a><\/li><\/ul><\/li><\/ul><\/nav><\/div>\n<h2><span class=\"ez-toc-section\" id=\"Se_puede_trabajar_con_depresion_mayor\"><\/span>Se puede trabajar con depresi\u00f3n mayor<span class=\"ez-toc-section-end\"><\/span><\/h2>\n<h2><span class=\"ez-toc-section\" id=\"Introduccion\"><\/span>Introducci\u00f3n<span class=\"ez-toc-section-end\"><\/span><\/h2>\n<p>Hola, soy Ana Gonz\u00e1lez y en este art\u00edculo te hablar\u00e9 sobre la posibilidad de trabajar con depresi\u00f3n mayor. La depresi\u00f3n es una enfermedad mental que puede afectar significativamente la vida de las personas, incluyendo su capacidad para trabajar. Sin embargo, es importante destacar que cada individuo es \u00fanico y la experiencia con la depresi\u00f3n puede variar. A continuaci\u00f3n, exploraremos la posibilidad de trabajar con esta condici\u00f3n y proporcionaremos informaci\u00f3n clave y experiencias personales para ayudarte a comprender mejor este tema.<\/p>\n<h2><span class=\"ez-toc-section\" id=\"Curiosidades_estadisticas_y_hechos_interesantes\"><\/span>Curiosidades, estad\u00edsticas y hechos interesantes<span class=\"ez-toc-section-end\"><\/span><\/h2>\n<ul>\n<li>La depresi\u00f3n mayor afecta aproximadamente al 5% de la poblaci\u00f3n espa\u00f1ola.<\/li>\n<li>Seg\u00fan estudios, el 40% de las personas con depresi\u00f3n mayor contin\u00faan trabajando a pesar de su condici\u00f3n.<\/li>\n<li>La Organizaci\u00f3n Mundial de la Salud considera que la depresi\u00f3n es la principal causa de discapacidad en todo el mundo.<\/li>\n<li>Trabajar puede ser beneficioso para algunas personas con depresi\u00f3n mayor, ya que proporciona una estructura y un sentido de prop\u00f3sito en la vida.<\/li>\n<\/ul>\n<h2><span class=\"ez-toc-section\" id=\"Mi_experiencia_personal\"><\/span>Mi experiencia personal<span class=\"ez-toc-section-end\"><\/span><\/h2>\n<p>Como alguien que ha vivido con depresi\u00f3n mayor, entiendo los desaf\u00edos que pueden surgir al intentar mantener un empleo. Durante mi propia experiencia, descubr\u00ed que trabajar me brindaba una sensaci\u00f3n de normalidad y una distracci\u00f3n saludable de mis pensamientos negativos. Sin embargo, cada persona es diferente y es importante respetar los l\u00edmites y necesidades individuales.<\/p>\n<h2><span class=\"ez-toc-section\" id=\"Trabajar_con_depresion_mayor_desafios_y_consideraciones\"><\/span>Trabajar con depresi\u00f3n mayor: desaf\u00edos y consideraciones<span class=\"ez-toc-section-end\"><\/span><\/h2>\n<p>Es fundamental tener en cuenta que la depresi\u00f3n mayor puede afectar la capacidad de una persona para funcionar en el \u00e1mbito laboral. Algunos desaf\u00edos comunes incluyen:<\/p>\n<ul>\n<li>Fatiga y falta de energ\u00eda.<\/li>\n<li>Dificultades para concentrarse y tomar decisiones.<\/li>\n<li><a href=\"https:\/\/dudasytextos.com\/se-puede\/se-puede-pedir-excedencia-estando-de-baja\/\">Baja<\/a> autoestima y sentimientos de incompetencia.<\/li>\n<li>Problemas en las relaciones laborales y falta de motivaci\u00f3n.<\/li>\n<\/ul>\n<p>A pesar de estos desaf\u00edos, muchas personas con depresi\u00f3n mayor encuentran formas de trabajar de manera efectiva. Algunas estrategias \u00fatiles pueden incluir:<\/p>\n<ul>\n<li>Comunicarse abiertamente con el empleador o supervisor sobre la condici\u00f3n y las necesidades espec\u00edficas.<\/li>\n<li>Establecer l\u00edmites y buscar un equilibrio adecuado entre el trabajo y el descanso.<\/li>\n<li>Buscar apoyo profesional y participar en un plan de tratamiento adecuado.<\/li>\n<li>Practicar t\u00e9cnicas de manejo del estr\u00e9s y autocuidado regularmente.<\/li>\n<\/ul>\n<h2><span class=\"ez-toc-section\" id=\"Ejemplos_de_personas_que_trabajan_con_depresion_mayor\"><\/span>Ejemplos de personas que trabajan con depresi\u00f3n mayor<span class=\"ez-toc-section-end\"><\/span><\/h2>\n<p>Es importante destacar ejemplos de personas que han logrado trabajar con depresi\u00f3n mayor para inspirar a otros y mostrarles que es posible:<\/p>\n<p>Juan es un arquitecto que ha vivido con depresi\u00f3n mayor durante varios a\u00f1os. A pesar de los desaf\u00edos, ha encontrado formas de gestionar su condici\u00f3n y continuar trabajando. Ha establecido una rutina diaria que incluye tiempo para el ejercicio, la meditaci\u00f3n y el autocuidado.<\/p>\n<p>Marta es una profesora que lucha contra la depresi\u00f3n mayor. A trav\u00e9s de la comunicaci\u00f3n abierta con su empleador y el apoyo de su familia, ha logrado adaptar su horario de trabajo y recibir la ayuda necesaria para mantener su empleo.<\/p>\n<h2><span class=\"ez-toc-section\" id=\"Beneficios_de_trabajar_con_depresion_mayor\"><\/span>Beneficios de trabajar con depresi\u00f3n mayor<span class=\"ez-toc-section-end\"><\/span><\/h2>\n<p>Aunque puede ser desafiante, trabajar con depresi\u00f3n mayor puede tener beneficios significativos para algunas personas. Algunos de ellos incluyen:<\/p>\n<ul>\n<li>Mayor sensaci\u00f3n de prop\u00f3sito y logro personal.<\/li>\n<li>Interacci\u00f3n social y apoyo emocional de los compa\u00f1eros de trabajo.<\/li>\n<li>Estabilidad financiera y seguridad.<\/li>\n<li>Reducci\u00f3n de los s\u00edntomas depresivos durante las horas de trabajo.<\/li>\n<\/ul>\n<h2><span class=\"ez-toc-section\" id=\"Preguntas_frecuentes\"><\/span>Preguntas frecuentes<span class=\"ez-toc-section-end\"><\/span><\/h2>\n<h3><span class=\"ez-toc-section\" id=\"%C2%BFEs_posible_trabajar_con_depresion_mayor\"><\/span>\u00bfEs posible trabajar con depresi\u00f3n mayor?<span class=\"ez-toc-section-end\"><\/span><\/h3>\n<p>S\u00ed, muchas personas con depresi\u00f3n mayor pueden continuar trabajando de manera efectiva con el apoyo adecuado y estrategias de manejo de la condici\u00f3n.<\/p>\n<h3><span class=\"ez-toc-section\" id=\"%C2%BFDebo_hablar_con_mi_empleador_sobre_mi_depresion_mayor\"><\/span>\u00bfDebo hablar con mi empleador sobre mi depresi\u00f3n mayor?<span class=\"ez-toc-section-end\"><\/span><\/h3>\n<p>La decisi\u00f3n de compartir informaci\u00f3n sobre tu depresi\u00f3n mayor con tu empleador es personal. Sin embargo, puede ser beneficioso comunicarte abiertamente para que puedan entender tus necesidades y brindarte el apoyo necesario.<\/p>\n<h3><span class=\"ez-toc-section\" id=\"%C2%BFExisten_leyes_que_protejan_a_las_personas_con_depresion_mayor_en_el_ambito_laboral\"><\/span>\u00bfExisten leyes que protejan a las personas con depresi\u00f3n mayor en el \u00e1mbito laboral?<span class=\"ez-toc-section-end\"><\/span><\/h3>\n<p>S\u00ed, en Espa\u00f1a existen leyes y regulaciones que protegen a las personas con enfermedades mentales, incluida la depresi\u00f3n mayor, en el \u00e1mbito laboral. Estas leyes garantizan la igualdad de oportunidades y la no discriminaci\u00f3n por motivos de salud mental.<\/p>\n<h3><span class=\"ez-toc-section\" id=\"%C2%BFQue_deberia_hacer_si_siento_que_mi_depresion_mayor_afecta_mi_capacidad_para_trabajar\"><\/span>\u00bfQu\u00e9 deber\u00eda hacer si siento que mi depresi\u00f3n mayor afecta mi capacidad para trabajar?<span class=\"ez-toc-section-end\"><\/span><\/h3>\n<p>Si sientes que tu depresi\u00f3n mayor est\u00e1 afectando tu capacidad para trabajar, es importante buscar apoyo profesional. Consulta a tu <a href=\"https:\/\/dudasytextos.com\/se-puede\/se-puede-cambiar-de-medico-de-cabecera-estando-de-baja\/\">m\u00e9dico<\/a> o un profesional de la salud mental para recibir orientaci\u00f3n y desarrollar un plan de tratamiento adecuado.<\/p>\n","protected":false},"excerpt":{"rendered":"<p>Se puede trabajar con depresi\u00f3n mayor Introducci\u00f3n Hola, soy Ana Gonz\u00e1lez y en este art\u00edculo te hablar\u00e9 sobre la posibilidad de trabajar con depresi\u00f3n mayor. La depresi\u00f3n es una enfermedad mental que puede afectar significativamente la vida de las personas, incluyendo su capacidad para trabajar. Sin embargo, es importante destacar que cada individuo es \u00fanico &#8230; <a title=\"Se puede trabajar con depresi\u00f3n mayor\" class=\"read-more\" href=\"https:\/\/dudasytextos.com\/se-puede\/se-puede-trabajar-con-depresion-mayor\/\" aria-label=\"M\u00e1s en Se puede trabajar con depresi\u00f3n mayor\">Leer m\u00e1s<\/a><\/p>\n","protected":false},"author":1,"featured_media":0,"comment_status":"open","ping_status":"open","sticky":false,"template":"","format":"standard","meta":{"footnotes":""},"categories":[3],"tags":[],"class_list":["post-73466","post","type-post","status-publish","format-standard","hentry","category-se-puede"],"aioseo_notices":[],"aioseo_head":"\n\t\t<!-- All in One SEO 5.0.1.1 - aioseo.com -->\n\t<meta name=\"description\" content=\"Se puede trabajar con depresi\u00f3n mayor Introducci\u00f3n Hola, soy Ana Gonz\u00e1lez y en este art\u00edculo te hablar\u00e9 sobre la posibilidad de trabajar con depresi\u00f3n mayor. La depresi\u00f3n es una enfermedad mental que puede afectar significativamente la vida de las personas, incluyendo su capacidad para trabajar. Sin embargo, es importante destacar que cada individuo es \u00fanico\" \/>\n\t<meta name=\"robots\" content=\"max-snippet:-1, max-image-preview:large, max-video-preview:-1\" \/>\n\t<meta name=\"author\" content=\"Ana Gonz\u00e1lez\"\/>\n\t<link rel=\"canonical\" href=\"https:\/\/dudasytextos.com\/se-puede\/se-puede-trabajar-con-depresion-mayor\/\" \/>\n\t<meta name=\"generator\" content=\"All in One SEO (AIOSEO) 5.0.1.1\" \/>\n\n\t\t<script async src=\"https:\/\/pagead2.googlesyndication.com\/pagead\/js\/adsbygoogle.js?client=ca-pub-3987500858204711\"\n     crossorigin=\"anonymous\"><\/script>\n<!-- Google tag (gtag.js) -->\n<script async src=\"https:\/\/www.googletagmanager.com\/gtag\/js?id=G-TYJ2FRZ8ZF\"><\/script>\n<script>\n  window.dataLayer = window.dataLayer || [];\n  function gtag(){dataLayer.push(arguments);}\n  gtag('js', new Date());\n\n  gtag('config', 'G-TYJ2FRZ8ZF');\n<\/script>\n\t\t<meta property=\"og:locale\" content=\"es_ES\" \/>\n\t\t<meta property=\"og:site_name\" content=\"\u00bfSe Puede? - Tomar decisiones informadas y resolver dudas.\" \/>\n\t\t<meta property=\"og:type\" content=\"article\" \/>\n\t\t<meta property=\"og:title\" content=\"Se puede trabajar con depresi\u00f3n mayor (2026) \u00bfSe Puede?\" \/>\n\t\t<meta property=\"og:description\" content=\"Se puede trabajar con depresi\u00f3n mayor Introducci\u00f3n Hola, soy Ana Gonz\u00e1lez y en este art\u00edculo te hablar\u00e9 sobre la posibilidad de trabajar con depresi\u00f3n mayor. La depresi\u00f3n es una enfermedad mental que puede afectar significativamente la vida de las personas, incluyendo su capacidad para trabajar. Sin embargo, es importante destacar que cada individuo es \u00fanico\" \/>\n\t\t<meta property=\"og:url\" content=\"https:\/\/dudasytextos.com\/se-puede\/se-puede-trabajar-con-depresion-mayor\/\" \/>\n\t\t<meta property=\"article:published_time\" content=\"2025-02-16T18:38:00+00:00\" \/>\n\t\t<meta property=\"article:modified_time\" content=\"2025-03-13T11:19:43+00:00\" \/>\n\t\t<meta name=\"twitter:card\" content=\"summary_large_image\" \/>\n\t\t<meta name=\"twitter:title\" content=\"Se puede trabajar con depresi\u00f3n mayor (2026) \u00bfSe Puede?\" \/>\n\t\t<meta name=\"twitter:description\" content=\"Se puede trabajar con depresi\u00f3n mayor Introducci\u00f3n Hola, soy Ana Gonz\u00e1lez y en este art\u00edculo te hablar\u00e9 sobre la posibilidad de trabajar con depresi\u00f3n mayor. La depresi\u00f3n es una enfermedad mental que puede afectar significativamente la vida de las personas, incluyendo su capacidad para trabajar. Sin embargo, es importante destacar que cada individuo es \u00fanico\" \/>\n\t\t<script type=\"application\/ld+json\" class=\"aioseo-schema\">\n\t\t\t{\"@context\":\"https:\\\/\\\/schema.org\",\"@graph\":[{\"@type\":\"BlogPosting\",\"@id\":\"https:\\\/\\\/dudasytextos.com\\\/se-puede\\\/se-puede-trabajar-con-depresion-mayor\\\/#blogposting\",\"name\":\"Se puede trabajar con depresi\\u00f3n mayor (2026) \\u00bfSe Puede?\",\"headline\":\"Se puede trabajar con depresi\\u00f3n mayor\",\"author\":{\"@id\":\"https:\\\/\\\/dudasytextos.com\\\/se-puede\\\/author\\\/admin23\\\/#author\"},\"publisher\":{\"@id\":\"https:\\\/\\\/dudasytextos.com\\\/se-puede\\\/#organization\"},\"datePublished\":\"2025-02-16T18:38:00+00:00\",\"dateModified\":\"2025-03-13T11:19:43+00:00\",\"inLanguage\":\"es-ES\",\"mainEntityOfPage\":{\"@id\":\"https:\\\/\\\/dudasytextos.com\\\/se-puede\\\/se-puede-trabajar-con-depresion-mayor\\\/#webpage\"},\"isPartOf\":{\"@id\":\"https:\\\/\\\/dudasytextos.com\\\/se-puede\\\/se-puede-trabajar-con-depresion-mayor\\\/#webpage\"},\"articleSection\":\"\\u00bfSe puede?\"},{\"@type\":\"BreadcrumbList\",\"@id\":\"https:\\\/\\\/dudasytextos.com\\\/se-puede\\\/se-puede-trabajar-con-depresion-mayor\\\/#breadcrumblist\",\"itemListElement\":[{\"@type\":\"ListItem\",\"@id\":\"https:\\\/\\\/dudasytextos.com\\\/se-puede#listItem\",\"position\":1,\"name\":\"Home\",\"item\":\"https:\\\/\\\/dudasytextos.com\\\/se-puede\",\"nextItem\":{\"@type\":\"ListItem\",\"@id\":\"https:\\\/\\\/dudasytextos.com\\\/se-puede\\\/category\\\/se-puede\\\/#listItem\",\"name\":\"\\u00bfSe puede?\"}},{\"@type\":\"ListItem\",\"@id\":\"https:\\\/\\\/dudasytextos.com\\\/se-puede\\\/category\\\/se-puede\\\/#listItem\",\"position\":2,\"name\":\"\\u00bfSe puede?\",\"item\":\"https:\\\/\\\/dudasytextos.com\\\/se-puede\\\/category\\\/se-puede\\\/\",\"nextItem\":{\"@type\":\"ListItem\",\"@id\":\"https:\\\/\\\/dudasytextos.com\\\/se-puede\\\/se-puede-trabajar-con-depresion-mayor\\\/#listItem\",\"name\":\"Se puede trabajar con depresi\\u00f3n mayor\"},\"previousItem\":{\"@type\":\"ListItem\",\"@id\":\"https:\\\/\\\/dudasytextos.com\\\/se-puede#listItem\",\"name\":\"Home\"}},{\"@type\":\"ListItem\",\"@id\":\"https:\\\/\\\/dudasytextos.com\\\/se-puede\\\/se-puede-trabajar-con-depresion-mayor\\\/#listItem\",\"position\":3,\"name\":\"Se puede trabajar con depresi\\u00f3n mayor\",\"previousItem\":{\"@type\":\"ListItem\",\"@id\":\"https:\\\/\\\/dudasytextos.com\\\/se-puede\\\/category\\\/se-puede\\\/#listItem\",\"name\":\"\\u00bfSe puede?\"}}]},{\"@type\":\"Organization\",\"@id\":\"https:\\\/\\\/dudasytextos.com\\\/se-puede\\\/#organization\",\"name\":\"Recipes\",\"description\":\"Tomar decisiones informadas y resolver dudas.\",\"url\":\"https:\\\/\\\/dudasytextos.com\\\/se-puede\\\/\"},{\"@type\":\"Person\",\"@id\":\"https:\\\/\\\/dudasytextos.com\\\/se-puede\\\/author\\\/admin23\\\/#author\",\"url\":\"https:\\\/\\\/dudasytextos.com\\\/se-puede\\\/author\\\/admin23\\\/\",\"name\":\"Ana Gonz\\u00e1lez\"},{\"@type\":\"WebPage\",\"@id\":\"https:\\\/\\\/dudasytextos.com\\\/se-puede\\\/se-puede-trabajar-con-depresion-mayor\\\/#webpage\",\"url\":\"https:\\\/\\\/dudasytextos.com\\\/se-puede\\\/se-puede-trabajar-con-depresion-mayor\\\/\",\"name\":\"Se puede trabajar con depresi\\u00f3n mayor (2026) \\u00bfSe Puede?\",\"description\":\"Se puede trabajar con depresi\\u00f3n mayor Introducci\\u00f3n Hola, soy Ana Gonz\\u00e1lez y en este art\\u00edculo te hablar\\u00e9 sobre la posibilidad de trabajar con depresi\\u00f3n mayor. La depresi\\u00f3n es una enfermedad mental que puede afectar significativamente la vida de las personas, incluyendo su capacidad para trabajar. Sin embargo, es importante destacar que cada individuo es \\u00fanico\",\"inLanguage\":\"es-ES\",\"isPartOf\":{\"@id\":\"https:\\\/\\\/dudasytextos.com\\\/se-puede\\\/#website\"},\"breadcrumb\":{\"@id\":\"https:\\\/\\\/dudasytextos.com\\\/se-puede\\\/se-puede-trabajar-con-depresion-mayor\\\/#breadcrumblist\"},\"author\":{\"@id\":\"https:\\\/\\\/dudasytextos.com\\\/se-puede\\\/author\\\/admin23\\\/#author\"},\"creator\":{\"@id\":\"https:\\\/\\\/dudasytextos.com\\\/se-puede\\\/author\\\/admin23\\\/#author\"},\"datePublished\":\"2025-02-16T18:38:00+00:00\",\"dateModified\":\"2025-03-13T11:19:43+00:00\"},{\"@type\":\"WebSite\",\"@id\":\"https:\\\/\\\/dudasytextos.com\\\/se-puede\\\/#website\",\"url\":\"https:\\\/\\\/dudasytextos.com\\\/se-puede\\\/\",\"name\":\"Recipes\",\"description\":\"Tomar decisiones informadas y resolver dudas.\",\"inLanguage\":\"es-ES\",\"publisher\":{\"@id\":\"https:\\\/\\\/dudasytextos.com\\\/se-puede\\\/#organization\"}}]}\n\t\t<\/script>\n\t\t<!-- All in One SEO -->\n\n","aioseo_head_json":{"title":"Se puede trabajar con depresi\u00f3n mayor (2026) \u00bfSe Puede?","description":"Se puede trabajar con depresi\u00f3n mayor Introducci\u00f3n Hola, soy Ana Gonz\u00e1lez y en este art\u00edculo te hablar\u00e9 sobre la posibilidad de trabajar con depresi\u00f3n mayor. La depresi\u00f3n es una enfermedad mental que puede afectar significativamente la vida de las personas, incluyendo su capacidad para trabajar. Sin embargo, es importante destacar que cada individuo es \u00fanico","canonical_url":"https:\/\/dudasytextos.com\/se-puede\/se-puede-trabajar-con-depresion-mayor\/","robots":"max-snippet:-1, max-image-preview:large, max-video-preview:-1","keywords":"","webmasterTools":{"miscellaneous":"&lt;script async src=\"https:\/\/pagead2.googlesyndication.com\/pagead\/js\/adsbygoogle.js?client=ca-pub-3987500858204711\"\n     crossorigin=\"anonymous\"&gt;&lt;\/script&gt;\n&lt;!-- Google tag (gtag.js) --&gt;\n&lt;script async src=\"https:\/\/www.googletagmanager.com\/gtag\/js?id=G-TYJ2FRZ8ZF\"&gt;&lt;\/script&gt;\n&lt;script&gt;\n  window.dataLayer = window.dataLayer || [];\n  function gtag(){dataLayer.push(arguments);}\n  gtag('js', new Date());\n\n  gtag('config', 'G-TYJ2FRZ8ZF');\n&lt;\/script&gt;"},"schema":{"@context":"https:\/\/schema.org","@graph":[{"@type":"BlogPosting","@id":"https:\/\/dudasytextos.com\/se-puede\/se-puede-trabajar-con-depresion-mayor\/#blogposting","name":"Se puede trabajar con depresi\u00f3n mayor (2026) \u00bfSe Puede?","headline":"Se puede trabajar con depresi\u00f3n mayor","author":{"@id":"https:\/\/dudasytextos.com\/se-puede\/author\/admin23\/#author"},"publisher":{"@id":"https:\/\/dudasytextos.com\/se-puede\/#organization"},"datePublished":"2025-02-16T18:38:00+00:00","dateModified":"2025-03-13T11:19:43+00:00","inLanguage":"es-ES","mainEntityOfPage":{"@id":"https:\/\/dudasytextos.com\/se-puede\/se-puede-trabajar-con-depresion-mayor\/#webpage"},"isPartOf":{"@id":"https:\/\/dudasytextos.com\/se-puede\/se-puede-trabajar-con-depresion-mayor\/#webpage"},"articleSection":"\u00bfSe puede?"},{"@type":"BreadcrumbList","@id":"https:\/\/dudasytextos.com\/se-puede\/se-puede-trabajar-con-depresion-mayor\/#breadcrumblist","itemListElement":[{"@type":"ListItem","@id":"https:\/\/dudasytextos.com\/se-puede#listItem","position":1,"name":"Home","item":"https:\/\/dudasytextos.com\/se-puede","nextItem":{"@type":"ListItem","@id":"https:\/\/dudasytextos.com\/se-puede\/category\/se-puede\/#listItem","name":"\u00bfSe puede?"}},{"@type":"ListItem","@id":"https:\/\/dudasytextos.com\/se-puede\/category\/se-puede\/#listItem","position":2,"name":"\u00bfSe puede?","item":"https:\/\/dudasytextos.com\/se-puede\/category\/se-puede\/","nextItem":{"@type":"ListItem","@id":"https:\/\/dudasytextos.com\/se-puede\/se-puede-trabajar-con-depresion-mayor\/#listItem","name":"Se puede trabajar con depresi\u00f3n mayor"},"previousItem":{"@type":"ListItem","@id":"https:\/\/dudasytextos.com\/se-puede#listItem","name":"Home"}},{"@type":"ListItem","@id":"https:\/\/dudasytextos.com\/se-puede\/se-puede-trabajar-con-depresion-mayor\/#listItem","position":3,"name":"Se puede trabajar con depresi\u00f3n mayor","previousItem":{"@type":"ListItem","@id":"https:\/\/dudasytextos.com\/se-puede\/category\/se-puede\/#listItem","name":"\u00bfSe puede?"}}]},{"@type":"Organization","@id":"https:\/\/dudasytextos.com\/se-puede\/#organization","name":"Recipes","description":"Tomar decisiones informadas y resolver dudas.","url":"https:\/\/dudasytextos.com\/se-puede\/"},{"@type":"Person","@id":"https:\/\/dudasytextos.com\/se-puede\/author\/admin23\/#author","url":"https:\/\/dudasytextos.com\/se-puede\/author\/admin23\/","name":"Ana Gonz\u00e1lez"},{"@type":"WebPage","@id":"https:\/\/dudasytextos.com\/se-puede\/se-puede-trabajar-con-depresion-mayor\/#webpage","url":"https:\/\/dudasytextos.com\/se-puede\/se-puede-trabajar-con-depresion-mayor\/","name":"Se puede trabajar con depresi\u00f3n mayor (2026) \u00bfSe Puede?","description":"Se puede trabajar con depresi\u00f3n mayor Introducci\u00f3n Hola, soy Ana Gonz\u00e1lez y en este art\u00edculo te hablar\u00e9 sobre la posibilidad de trabajar con depresi\u00f3n mayor. La depresi\u00f3n es una enfermedad mental que puede afectar significativamente la vida de las personas, incluyendo su capacidad para trabajar. Sin embargo, es importante destacar que cada individuo es \u00fanico","inLanguage":"es-ES","isPartOf":{"@id":"https:\/\/dudasytextos.com\/se-puede\/#website"},"breadcrumb":{"@id":"https:\/\/dudasytextos.com\/se-puede\/se-puede-trabajar-con-depresion-mayor\/#breadcrumblist"},"author":{"@id":"https:\/\/dudasytextos.com\/se-puede\/author\/admin23\/#author"},"creator":{"@id":"https:\/\/dudasytextos.com\/se-puede\/author\/admin23\/#author"},"datePublished":"2025-02-16T18:38:00+00:00","dateModified":"2025-03-13T11:19:43+00:00"},{"@type":"WebSite","@id":"https:\/\/dudasytextos.com\/se-puede\/#website","url":"https:\/\/dudasytextos.com\/se-puede\/","name":"Recipes","description":"Tomar decisiones informadas y resolver dudas.","inLanguage":"es-ES","publisher":{"@id":"https:\/\/dudasytextos.com\/se-puede\/#organization"}}]},"og:locale":"es_ES","og:site_name":"\u00bfSe Puede? - Tomar decisiones informadas y resolver dudas.","og:type":"article","og:title":"Se puede trabajar con depresi\u00f3n mayor (2026) \u00bfSe Puede?","og:description":"Se puede trabajar con depresi\u00f3n mayor Introducci\u00f3n Hola, soy Ana Gonz\u00e1lez y en este art\u00edculo te hablar\u00e9 sobre la posibilidad de trabajar con depresi\u00f3n mayor. La depresi\u00f3n es una enfermedad mental que puede afectar significativamente la vida de las personas, incluyendo su capacidad para trabajar. Sin embargo, es importante destacar que cada individuo es \u00fanico","og:url":"https:\/\/dudasytextos.com\/se-puede\/se-puede-trabajar-con-depresion-mayor\/","article:published_time":"2025-02-16T18:38:00+00:00","article:modified_time":"2025-03-13T11:19:43+00:00","twitter:card":"summary_large_image","twitter:title":"Se puede trabajar con depresi\u00f3n mayor (2026) \u00bfSe Puede?","twitter:description":"Se puede trabajar con depresi\u00f3n mayor Introducci\u00f3n Hola, soy Ana Gonz\u00e1lez y en este art\u00edculo te hablar\u00e9 sobre la posibilidad de trabajar con depresi\u00f3n mayor. La depresi\u00f3n es una enfermedad mental que puede afectar significativamente la vida de las personas, incluyendo su capacidad para trabajar. Sin embargo, es importante destacar que cada individuo es \u00fanico"},"aioseo_meta_data":{"post_id":"73466","title":null,"description":null,"keywords":null,"keyphrases":null,"primary_term":null,"canonical_url":null,"og_title":null,"og_description":null,"og_object_type":"default","og_image_type":"default","og_image_url":null,"og_image_width":null,"og_image_height":null,"og_image_custom_url":null,"og_image_custom_fields":null,"og_video":null,"og_custom_url":null,"og_article_section":null,"og_article_tags":null,"twitter_use_og":false,"twitter_card":"default","twitter_image_type":"default","twitter_image_url":null,"twitter_image_custom_url":null,"twitter_image_custom_fields":null,"twitter_title":null,"twitter_description":null,"schema":{"blockGraphs":[],"customGraphs":[],"default":{"data":{"Article":[],"Course":[],"Dataset":[],"FAQPage":[],"Movie":[],"Person":[],"Product":[],"ProductReview":[],"Car":[],"Recipe":[],"Service":[],"SoftwareApplication":[],"WebPage":[]},"graphName":"","isEnabled":true},"graphs":[]},"schema_type":"default","schema_type_options":null,"pillar_content":false,"robots_default":true,"robots_noindex":false,"robots_noarchive":false,"robots_nosnippet":false,"robots_nofollow":false,"robots_noimageindex":false,"robots_noodp":false,"robots_notranslate":false,"robots_max_snippet":null,"robots_max_videopreview":null,"robots_max_imagepreview":"large","priority":null,"frequency":null,"local_seo":null,"breadcrumb_settings":null,"limit_modified_date":false,"ai":null,"created":"2023-07-13 05:33:57","updated":"2025-03-13 15:15:34","seo_analyzer_scan_date":null,"focus_keyword":null,"additional_keywords":null,"truseo_locale":null},"aioseo_breadcrumb":"<div class=\"aioseo-breadcrumbs\"><span class=\"aioseo-breadcrumb\">\n\t\t\t<a href=\"https:\/\/dudasytextos.com\/se-puede\" title=\"Home\">Home<\/a>\n\t\t<\/span><span class=\"aioseo-breadcrumb-separator\">&raquo;<\/span><span class=\"aioseo-breadcrumb\">\n\t\t\t<a href=\"https:\/\/dudasytextos.com\/se-puede\/category\/se-puede\/\" title=\"\u00bfSe puede?\">\u00bfSe puede?<\/a>\n\t\t<\/span><span class=\"aioseo-breadcrumb-separator\">&raquo;<\/span><span class=\"aioseo-breadcrumb\">\n\t\t\tSe puede trabajar con depresi\u00f3n mayor\n\t\t<\/span><\/div>","aioseo_breadcrumb_json":[{"label":"Home","link":"https:\/\/dudasytextos.com\/se-puede"},{"label":"\u00bfSe puede?","link":"https:\/\/dudasytextos.com\/se-puede\/category\/se-puede\/"},{"label":"Se puede trabajar con depresi\u00f3n mayor","link":"https:\/\/dudasytextos.com\/se-puede\/se-puede-trabajar-con-depresion-mayor\/"}],"_links":{"self":[{"href":"https:\/\/dudasytextos.com\/se-puede\/wp-json\/wp\/v2\/posts\/73466","targetHints":{"allow":["GET"]}}],"collection":[{"href":"https:\/\/dudasytextos.com\/se-puede\/wp-json\/wp\/v2\/posts"}],"about":[{"href":"https:\/\/dudasytextos.com\/se-puede\/wp-json\/wp\/v2\/types\/post"}],"author":[{"embeddable":true,"href":"https:\/\/dudasytextos.com\/se-puede\/wp-json\/wp\/v2\/users\/1"}],"replies":[{"embeddable":true,"href":"https:\/\/dudasytextos.com\/se-puede\/wp-json\/wp\/v2\/comments?post=73466"}],"version-history":[{"count":0,"href":"https:\/\/dudasytextos.com\/se-puede\/wp-json\/wp\/v2\/posts\/73466\/revisions"}],"wp:attachment":[{"href":"https:\/\/dudasytextos.com\/se-puede\/wp-json\/wp\/v2\/media?parent=73466"}],"wp:term":[{"taxonomy":"category","embeddable":true,"href":"https:\/\/dudasytextos.com\/se-puede\/wp-json\/wp\/v2\/categories?post=73466"},{"taxonomy":"post_tag","embeddable":true,"href":"https:\/\/dudasytextos.com\/se-puede\/wp-json\/wp\/v2\/tags?post=73466"}],"curies":[{"name":"wp","href":"https:\/\/api.w.org\/{rel}","templated":true}]}}