{"id":73561,"date":"2025-03-12T17:41:26","date_gmt":"2025-03-12T17:41:26","guid":{"rendered":"https:\/\/soleyantonio.es\/se-puede-trabajar-con-epicondilitis\/"},"modified":"2025-03-13T04:19:20","modified_gmt":"2025-03-13T04:19:20","slug":"se-puede-trabajar-con-epicondilitis","status":"publish","type":"post","link":"https:\/\/dudasytextos.com\/se-puede\/se-puede-trabajar-con-epicondilitis\/","title":{"rendered":"Se puede trabajar con epicondilitis"},"content":{"rendered":"<div id=\"ez-toc-container\" class=\"ez-toc-v2_0_87 counter-hierarchy ez-toc-counter ez-toc-custom ez-toc-container-direction\">\n<div class=\"ez-toc-title-container\">\n<span class=\"ez-toc-title-toggle\"><\/span><\/div>\n<nav><ul class='ez-toc-list ez-toc-list-level-1 ' ><li class='ez-toc-page-1 ez-toc-heading-level-2'><a class=\"ez-toc-link ez-toc-heading-1\" href=\"https:\/\/dudasytextos.com\/se-puede\/se-puede-trabajar-con-epicondilitis\/#Se_puede_trabajar_con_epicondilitis\" >Se puede trabajar con epicondilitis<\/a><\/li><li class='ez-toc-page-1 ez-toc-heading-level-2'><a class=\"ez-toc-link ez-toc-heading-2\" href=\"https:\/\/dudasytextos.com\/se-puede\/se-puede-trabajar-con-epicondilitis\/#Introduccion\" >Introducci\u00f3n<\/a><\/li><li class='ez-toc-page-1 ez-toc-heading-level-2'><a class=\"ez-toc-link ez-toc-heading-3\" href=\"https:\/\/dudasytextos.com\/se-puede\/se-puede-trabajar-con-epicondilitis\/#Curiosidades_y_datos_interesantes\" >Curiosidades y datos interesantes<\/a><\/li><li class='ez-toc-page-1 ez-toc-heading-level-2'><a class=\"ez-toc-link ez-toc-heading-4\" href=\"https:\/\/dudasytextos.com\/se-puede\/se-puede-trabajar-con-epicondilitis\/#Experiencia_personal\" >Experiencia personal<\/a><\/li><li class='ez-toc-page-1 ez-toc-heading-level-2'><a class=\"ez-toc-link ez-toc-heading-5\" href=\"https:\/\/dudasytextos.com\/se-puede\/se-puede-trabajar-con-epicondilitis\/#Consejos_para_trabajar_con_epicondilitis\" >Consejos para trabajar con epicondilitis<\/a><\/li><li class='ez-toc-page-1 ez-toc-heading-level-2'><a class=\"ez-toc-link ez-toc-heading-6\" href=\"https:\/\/dudasytextos.com\/se-puede\/se-puede-trabajar-con-epicondilitis\/#Preguntas_frecuentes\" >Preguntas frecuentes<\/a><ul class='ez-toc-list-level-3' ><li class='ez-toc-heading-level-3'><a class=\"ez-toc-link ez-toc-heading-7\" href=\"https:\/\/dudasytextos.com\/se-puede\/se-puede-trabajar-con-epicondilitis\/#%C2%BFPuedo_seguir_trabajando_con_epicondilitis\" >\u00bfPuedo seguir trabajando con epicondilitis?<\/a><\/li><li class='ez-toc-page-1 ez-toc-heading-level-3'><a class=\"ez-toc-link ez-toc-heading-8\" href=\"https:\/\/dudasytextos.com\/se-puede\/se-puede-trabajar-con-epicondilitis\/#%C2%BFQue_tipo_de_trabajos_son_mas_propensos_a_causar_epicondilitis\" >\u00bfQu\u00e9 tipo de trabajos son m\u00e1s propensos a causar epicondilitis?<\/a><\/li><li class='ez-toc-page-1 ez-toc-heading-level-3'><a class=\"ez-toc-link ez-toc-heading-9\" href=\"https:\/\/dudasytextos.com\/se-puede\/se-puede-trabajar-con-epicondilitis\/#%C2%BFCuanto_tiempo_tomara_recuperarme_de_la_epicondilitis\" >\u00bfCu\u00e1nto tiempo tomar\u00e1 recuperarme de la epicondilitis?<\/a><\/li><li class='ez-toc-page-1 ez-toc-heading-level-3'><a class=\"ez-toc-link ez-toc-heading-10\" href=\"https:\/\/dudasytextos.com\/se-puede\/se-puede-trabajar-con-epicondilitis\/#%C2%BFDebo_dejar_de_trabajar_si_tengo_epicondilitis\" >\u00bfDebo dejar de trabajar si tengo epicondilitis?<\/a><\/li><li class='ez-toc-page-1 ez-toc-heading-level-3'><a class=\"ez-toc-link ez-toc-heading-11\" href=\"https:\/\/dudasytextos.com\/se-puede\/se-puede-trabajar-con-epicondilitis\/#%C2%BFExisten_ejercicios_especificos_que_pueda_hacer_para_aliviar_el_dolor_de_la_epicondilitis\" >\u00bfExisten ejercicios espec\u00edficos que pueda hacer para aliviar el dolor de la epicondilitis?<\/a><\/li><\/ul><\/li><\/ul><\/nav><\/div>\n<h2><span class=\"ez-toc-section\" id=\"Se_puede_trabajar_con_epicondilitis\"><\/span>Se puede trabajar con epicondilitis<span class=\"ez-toc-section-end\"><\/span><\/h2>\n<h2><span class=\"ez-toc-section\" id=\"Introduccion\"><\/span>Introducci\u00f3n<span class=\"ez-toc-section-end\"><\/span><\/h2>\n<p>Hola, soy Ana Gonz\u00e1lez y en este art\u00edculo te contar\u00e9 todo lo que necesitas saber sobre trabajar con epicondilitis. La epicondilitis, tambi\u00e9n conocida como codo de tenista, es una lesi\u00f3n com\u00fan que afecta a muchas personas en su vida laboral. Aunque puede ser doloroso, hay formas de manejar la epicondilitis y continuar trabajando sin problemas. Acomp\u00e1\u00f1ame mientras exploramos c\u00f3mo afrontar esta condici\u00f3n y seguir siendo productivos.<\/p>\n<h2><span class=\"ez-toc-section\" id=\"Curiosidades_y_datos_interesantes\"><\/span>Curiosidades y datos interesantes<span class=\"ez-toc-section-end\"><\/span><\/h2>\n<ul>\n<li>La epicondilitis afecta principalmente a personas que realizan movimientos repetitivos con el brazo y la mu\u00f1eca, como trabajadores de oficina, carpinteros y tenistas.<\/li>\n<li>Seg\u00fan estudios, alrededor del 40% de las personas que trabajan en trabajos que requieren movimientos repetitivos del brazo pueden desarrollar epicondilitis en alg\u00fan momento de su vida laboral.<\/li>\n<li>La epicondilitis se caracteriza por dolor en la parte externa del codo y debilidad en el agarre.<\/li>\n<li>Existen diferentes tratamientos disponibles para la epicondilitis, que van desde terapias f\u00edsicas y medicamentos hasta cirug\u00eda en casos graves.<\/li>\n<\/ul>\n<h2><span class=\"ez-toc-section\" id=\"Experiencia_personal\"><\/span>Experiencia personal<span class=\"ez-toc-section-end\"><\/span><\/h2>\n<p>Hace unos a\u00f1os, yo tambi\u00e9n sufr\u00ed de epicondilitis debido a las largas horas que pasaba frente a la computadora en mi trabajo de oficina. El dolor en mi codo era insoportable y afectaba mi capacidad para realizar mis tareas diarias. Sin embargo, con el tiempo y siguiendo el tratamiento adecuado, logr\u00e9 controlar el dolor y continuar trabajando sin problemas.<\/p>\n<h2><span class=\"ez-toc-section\" id=\"Consejos_para_trabajar_con_epicondilitis\"><\/span>Consejos para trabajar con epicondilitis<span class=\"ez-toc-section-end\"><\/span><\/h2>\n<ul>\n<li>Realiza ejercicios de estiramiento antes y despu\u00e9s de trabajar para mantener los m\u00fasculos y tendones flexibles.<\/li>\n<li>Utiliza equipos ergon\u00f3micos, como teclados y sillas ajustables, para mantener una postura adecuada mientras trabajas.<\/li>\n<li>Descansa regularmente y evita realizar movimientos repetitivos durante largos per\u00edodos de tiempo.<\/li>\n<li>Aplica hielo en el \u00e1rea afectada para reducir la inflamaci\u00f3n y aliviar el dolor.<\/li>\n<li>Consulta a un <a href=\"https:\/\/dudasytextos.com\/se-puede\/se-puede-cambiar-de-medico-de-cabecera-estando-de-baja\/\">m\u00e9dico<\/a> o fisioterapeuta para obtener un diagn\u00f3stico preciso y un plan de tratamiento adecuado.<\/li>\n<\/ul>\n<h2><span class=\"ez-toc-section\" id=\"Preguntas_frecuentes\"><\/span>Preguntas frecuentes<span class=\"ez-toc-section-end\"><\/span><\/h2>\n<h3><span class=\"ez-toc-section\" id=\"%C2%BFPuedo_seguir_trabajando_con_epicondilitis\"><\/span>\u00bfPuedo seguir trabajando con epicondilitis?<span class=\"ez-toc-section-end\"><\/span><\/h3>\n<p>S\u00ed, es posible trabajar con epicondilitis siempre y cuando sigas las recomendaciones m\u00e9dicas y realices ajustes en tu entorno de trabajo para reducir el estr\u00e9s en el codo.<\/p>\n<h3><span class=\"ez-toc-section\" id=\"%C2%BFQue_tipo_de_trabajos_son_mas_propensos_a_causar_epicondilitis\"><\/span>\u00bfQu\u00e9 tipo de trabajos son m\u00e1s propensos a causar epicondilitis?<span class=\"ez-toc-section-end\"><\/span><\/h3>\n<p>Los trabajos que involucran movimientos repetitivos del brazo, como el uso de herramientas manuales, la escritura constante o el uso excesivo del rat\u00f3n de la computadora, tienen un mayor riesgo de causar epicondilitis.<\/p>\n<h3><span class=\"ez-toc-section\" id=\"%C2%BFCuanto_tiempo_tomara_recuperarme_de_la_epicondilitis\"><\/span>\u00bfCu\u00e1nto tiempo tomar\u00e1 recuperarme de la epicondilitis?<span class=\"ez-toc-section-end\"><\/span><\/h3>\n<p>El tiempo de recuperaci\u00f3n puede variar seg\u00fan la gravedad de la lesi\u00f3n y la efectividad del tratamiento. En casos leves, la recuperaci\u00f3n puede tomar algunas semanas, mientras que en casos m\u00e1s graves puede llevar varios meses.<\/p>\n<h3><span class=\"ez-toc-section\" id=\"%C2%BFDebo_dejar_de_trabajar_si_tengo_epicondilitis\"><\/span>\u00bfDebo dejar de trabajar si tengo epicondilitis?<span class=\"ez-toc-section-end\"><\/span><\/h3>\n<p>No necesariamente. Siempre y cuando tomes las medidas adecuadas para tratar y prevenir la epicondilitis, puedes continuar trabajando sin problemas. Sin embargo, es importante escuchar a tu cuerpo y tomar descansos cuando sea necesario.<\/p>\n<h3><span class=\"ez-toc-section\" id=\"%C2%BFExisten_ejercicios_especificos_que_pueda_hacer_para_aliviar_el_dolor_de_la_epicondilitis\"><\/span>\u00bfExisten ejercicios espec\u00edficos que pueda hacer para aliviar el dolor de la epicondilitis?<span class=\"ez-toc-section-end\"><\/span><\/h3>\n<p>S\u00ed, hay ejercicios de fortalecimiento y estiramiento que pueden ayudar a aliviar el dolor de la epicondilitis. Un fisioterapeuta puede ense\u00f1arte los ejercicios adecuados para tu situaci\u00f3n espec\u00edfica.<\/p>\n<\/article>\n","protected":false},"excerpt":{"rendered":"<p>Se puede trabajar con epicondilitis Introducci\u00f3n Hola, soy Ana Gonz\u00e1lez y en este art\u00edculo te contar\u00e9 todo lo que necesitas saber sobre trabajar con epicondilitis. La epicondilitis, tambi\u00e9n conocida como codo de tenista, es una lesi\u00f3n com\u00fan que afecta a muchas personas en su vida laboral. Aunque puede ser doloroso, hay formas de manejar la &#8230; <a title=\"Se puede trabajar con epicondilitis\" class=\"read-more\" href=\"https:\/\/dudasytextos.com\/se-puede\/se-puede-trabajar-con-epicondilitis\/\" aria-label=\"M\u00e1s en Se puede trabajar con epicondilitis\">Leer m\u00e1s<\/a><\/p>\n","protected":false},"author":1,"featured_media":0,"comment_status":"open","ping_status":"open","sticky":false,"template":"","format":"standard","meta":{"footnotes":""},"categories":[3],"tags":[],"class_list":["post-73561","post","type-post","status-publish","format-standard","hentry","category-se-puede"],"aioseo_notices":[],"aioseo_head":"\n\t\t<!-- All in One SEO 5.0.1.1 - aioseo.com -->\n\t<meta name=\"description\" content=\"Se puede trabajar con epicondilitis Introducci\u00f3n Hola, soy Ana Gonz\u00e1lez y en este art\u00edculo te contar\u00e9 todo lo que necesitas saber sobre trabajar con epicondilitis. La epicondilitis, tambi\u00e9n conocida como codo de tenista, es una lesi\u00f3n com\u00fan que afecta a muchas personas en su vida laboral. Aunque puede ser doloroso, hay formas de manejar la\" \/>\n\t<meta name=\"robots\" content=\"max-snippet:-1, max-image-preview:large, max-video-preview:-1\" \/>\n\t<meta name=\"author\" content=\"Ana Gonz\u00e1lez\"\/>\n\t<link rel=\"canonical\" href=\"https:\/\/dudasytextos.com\/se-puede\/se-puede-trabajar-con-epicondilitis\/\" \/>\n\t<meta name=\"generator\" content=\"All in One SEO (AIOSEO) 5.0.1.1\" \/>\n\n\t\t<script async src=\"https:\/\/pagead2.googlesyndication.com\/pagead\/js\/adsbygoogle.js?client=ca-pub-3987500858204711\"\n     crossorigin=\"anonymous\"><\/script>\n<!-- Google tag (gtag.js) -->\n<script async src=\"https:\/\/www.googletagmanager.com\/gtag\/js?id=G-TYJ2FRZ8ZF\"><\/script>\n<script>\n  window.dataLayer = window.dataLayer || [];\n  function gtag(){dataLayer.push(arguments);}\n  gtag('js', new Date());\n\n  gtag('config', 'G-TYJ2FRZ8ZF');\n<\/script>\n\t\t<meta property=\"og:locale\" content=\"es_ES\" \/>\n\t\t<meta property=\"og:site_name\" content=\"\u00bfSe Puede? - Tomar decisiones informadas y resolver dudas.\" \/>\n\t\t<meta property=\"og:type\" content=\"article\" \/>\n\t\t<meta property=\"og:title\" content=\"Se puede trabajar con epicondilitis (2026) \u00bfSe Puede?\" \/>\n\t\t<meta property=\"og:description\" content=\"Se puede trabajar con epicondilitis Introducci\u00f3n Hola, soy Ana Gonz\u00e1lez y en este art\u00edculo te contar\u00e9 todo lo que necesitas saber sobre trabajar con epicondilitis. La epicondilitis, tambi\u00e9n conocida como codo de tenista, es una lesi\u00f3n com\u00fan que afecta a muchas personas en su vida laboral. Aunque puede ser doloroso, hay formas de manejar la\" \/>\n\t\t<meta property=\"og:url\" content=\"https:\/\/dudasytextos.com\/se-puede\/se-puede-trabajar-con-epicondilitis\/\" \/>\n\t\t<meta property=\"article:published_time\" content=\"2025-03-12T17:41:26+00:00\" \/>\n\t\t<meta property=\"article:modified_time\" content=\"2025-03-13T04:19:20+00:00\" \/>\n\t\t<meta name=\"twitter:card\" content=\"summary_large_image\" \/>\n\t\t<meta name=\"twitter:title\" content=\"Se puede trabajar con epicondilitis (2026) \u00bfSe Puede?\" \/>\n\t\t<meta name=\"twitter:description\" content=\"Se puede trabajar con epicondilitis Introducci\u00f3n Hola, soy Ana Gonz\u00e1lez y en este art\u00edculo te contar\u00e9 todo lo que necesitas saber sobre trabajar con epicondilitis. La epicondilitis, tambi\u00e9n conocida como codo de tenista, es una lesi\u00f3n com\u00fan que afecta a muchas personas en su vida laboral. Aunque puede ser doloroso, hay formas de manejar la\" \/>\n\t\t<script type=\"application\/ld+json\" class=\"aioseo-schema\">\n\t\t\t{\"@context\":\"https:\\\/\\\/schema.org\",\"@graph\":[{\"@type\":\"BlogPosting\",\"@id\":\"https:\\\/\\\/dudasytextos.com\\\/se-puede\\\/se-puede-trabajar-con-epicondilitis\\\/#blogposting\",\"name\":\"Se puede trabajar con epicondilitis (2026) \\u00bfSe Puede?\",\"headline\":\"Se puede trabajar con epicondilitis\",\"author\":{\"@id\":\"https:\\\/\\\/dudasytextos.com\\\/se-puede\\\/author\\\/admin23\\\/#author\"},\"publisher\":{\"@id\":\"https:\\\/\\\/dudasytextos.com\\\/se-puede\\\/#organization\"},\"datePublished\":\"2025-03-12T17:41:26+00:00\",\"dateModified\":\"2025-03-13T04:19:20+00:00\",\"inLanguage\":\"es-ES\",\"mainEntityOfPage\":{\"@id\":\"https:\\\/\\\/dudasytextos.com\\\/se-puede\\\/se-puede-trabajar-con-epicondilitis\\\/#webpage\"},\"isPartOf\":{\"@id\":\"https:\\\/\\\/dudasytextos.com\\\/se-puede\\\/se-puede-trabajar-con-epicondilitis\\\/#webpage\"},\"articleSection\":\"\\u00bfSe puede?\"},{\"@type\":\"BreadcrumbList\",\"@id\":\"https:\\\/\\\/dudasytextos.com\\\/se-puede\\\/se-puede-trabajar-con-epicondilitis\\\/#breadcrumblist\",\"itemListElement\":[{\"@type\":\"ListItem\",\"@id\":\"https:\\\/\\\/dudasytextos.com\\\/se-puede#listItem\",\"position\":1,\"name\":\"Home\",\"item\":\"https:\\\/\\\/dudasytextos.com\\\/se-puede\",\"nextItem\":{\"@type\":\"ListItem\",\"@id\":\"https:\\\/\\\/dudasytextos.com\\\/se-puede\\\/category\\\/se-puede\\\/#listItem\",\"name\":\"\\u00bfSe puede?\"}},{\"@type\":\"ListItem\",\"@id\":\"https:\\\/\\\/dudasytextos.com\\\/se-puede\\\/category\\\/se-puede\\\/#listItem\",\"position\":2,\"name\":\"\\u00bfSe puede?\",\"item\":\"https:\\\/\\\/dudasytextos.com\\\/se-puede\\\/category\\\/se-puede\\\/\",\"nextItem\":{\"@type\":\"ListItem\",\"@id\":\"https:\\\/\\\/dudasytextos.com\\\/se-puede\\\/se-puede-trabajar-con-epicondilitis\\\/#listItem\",\"name\":\"Se puede trabajar con epicondilitis\"},\"previousItem\":{\"@type\":\"ListItem\",\"@id\":\"https:\\\/\\\/dudasytextos.com\\\/se-puede#listItem\",\"name\":\"Home\"}},{\"@type\":\"ListItem\",\"@id\":\"https:\\\/\\\/dudasytextos.com\\\/se-puede\\\/se-puede-trabajar-con-epicondilitis\\\/#listItem\",\"position\":3,\"name\":\"Se puede trabajar con epicondilitis\",\"previousItem\":{\"@type\":\"ListItem\",\"@id\":\"https:\\\/\\\/dudasytextos.com\\\/se-puede\\\/category\\\/se-puede\\\/#listItem\",\"name\":\"\\u00bfSe puede?\"}}]},{\"@type\":\"Organization\",\"@id\":\"https:\\\/\\\/dudasytextos.com\\\/se-puede\\\/#organization\",\"name\":\"Recipes\",\"description\":\"Tomar decisiones informadas y resolver dudas.\",\"url\":\"https:\\\/\\\/dudasytextos.com\\\/se-puede\\\/\"},{\"@type\":\"Person\",\"@id\":\"https:\\\/\\\/dudasytextos.com\\\/se-puede\\\/author\\\/admin23\\\/#author\",\"url\":\"https:\\\/\\\/dudasytextos.com\\\/se-puede\\\/author\\\/admin23\\\/\",\"name\":\"Ana Gonz\\u00e1lez\"},{\"@type\":\"WebPage\",\"@id\":\"https:\\\/\\\/dudasytextos.com\\\/se-puede\\\/se-puede-trabajar-con-epicondilitis\\\/#webpage\",\"url\":\"https:\\\/\\\/dudasytextos.com\\\/se-puede\\\/se-puede-trabajar-con-epicondilitis\\\/\",\"name\":\"Se puede trabajar con epicondilitis (2026) \\u00bfSe Puede?\",\"description\":\"Se puede trabajar con epicondilitis Introducci\\u00f3n Hola, soy Ana Gonz\\u00e1lez y en este art\\u00edculo te contar\\u00e9 todo lo que necesitas saber sobre trabajar con epicondilitis. La epicondilitis, tambi\\u00e9n conocida como codo de tenista, es una lesi\\u00f3n com\\u00fan que afecta a muchas personas en su vida laboral. Aunque puede ser doloroso, hay formas de manejar la\",\"inLanguage\":\"es-ES\",\"isPartOf\":{\"@id\":\"https:\\\/\\\/dudasytextos.com\\\/se-puede\\\/#website\"},\"breadcrumb\":{\"@id\":\"https:\\\/\\\/dudasytextos.com\\\/se-puede\\\/se-puede-trabajar-con-epicondilitis\\\/#breadcrumblist\"},\"author\":{\"@id\":\"https:\\\/\\\/dudasytextos.com\\\/se-puede\\\/author\\\/admin23\\\/#author\"},\"creator\":{\"@id\":\"https:\\\/\\\/dudasytextos.com\\\/se-puede\\\/author\\\/admin23\\\/#author\"},\"datePublished\":\"2025-03-12T17:41:26+00:00\",\"dateModified\":\"2025-03-13T04:19:20+00:00\"},{\"@type\":\"WebSite\",\"@id\":\"https:\\\/\\\/dudasytextos.com\\\/se-puede\\\/#website\",\"url\":\"https:\\\/\\\/dudasytextos.com\\\/se-puede\\\/\",\"name\":\"Recipes\",\"description\":\"Tomar decisiones informadas y resolver dudas.\",\"inLanguage\":\"es-ES\",\"publisher\":{\"@id\":\"https:\\\/\\\/dudasytextos.com\\\/se-puede\\\/#organization\"}}]}\n\t\t<\/script>\n\t\t<!-- All in One SEO -->\n\n","aioseo_head_json":{"title":"Se puede trabajar con epicondilitis (2026) \u00bfSe Puede?","description":"Se puede trabajar con epicondilitis Introducci\u00f3n Hola, soy Ana Gonz\u00e1lez y en este art\u00edculo te contar\u00e9 todo lo que necesitas saber sobre trabajar con epicondilitis. La epicondilitis, tambi\u00e9n conocida como codo de tenista, es una lesi\u00f3n com\u00fan que afecta a muchas personas en su vida laboral. Aunque puede ser doloroso, hay formas de manejar la","canonical_url":"https:\/\/dudasytextos.com\/se-puede\/se-puede-trabajar-con-epicondilitis\/","robots":"max-snippet:-1, max-image-preview:large, max-video-preview:-1","keywords":"","webmasterTools":{"miscellaneous":"&lt;script async src=\"https:\/\/pagead2.googlesyndication.com\/pagead\/js\/adsbygoogle.js?client=ca-pub-3987500858204711\"\n     crossorigin=\"anonymous\"&gt;&lt;\/script&gt;\n&lt;!-- Google tag (gtag.js) --&gt;\n&lt;script async src=\"https:\/\/www.googletagmanager.com\/gtag\/js?id=G-TYJ2FRZ8ZF\"&gt;&lt;\/script&gt;\n&lt;script&gt;\n  window.dataLayer = window.dataLayer || [];\n  function gtag(){dataLayer.push(arguments);}\n  gtag('js', new Date());\n\n  gtag('config', 'G-TYJ2FRZ8ZF');\n&lt;\/script&gt;"},"schema":{"@context":"https:\/\/schema.org","@graph":[{"@type":"BlogPosting","@id":"https:\/\/dudasytextos.com\/se-puede\/se-puede-trabajar-con-epicondilitis\/#blogposting","name":"Se puede trabajar con epicondilitis (2026) \u00bfSe Puede?","headline":"Se puede trabajar con epicondilitis","author":{"@id":"https:\/\/dudasytextos.com\/se-puede\/author\/admin23\/#author"},"publisher":{"@id":"https:\/\/dudasytextos.com\/se-puede\/#organization"},"datePublished":"2025-03-12T17:41:26+00:00","dateModified":"2025-03-13T04:19:20+00:00","inLanguage":"es-ES","mainEntityOfPage":{"@id":"https:\/\/dudasytextos.com\/se-puede\/se-puede-trabajar-con-epicondilitis\/#webpage"},"isPartOf":{"@id":"https:\/\/dudasytextos.com\/se-puede\/se-puede-trabajar-con-epicondilitis\/#webpage"},"articleSection":"\u00bfSe puede?"},{"@type":"BreadcrumbList","@id":"https:\/\/dudasytextos.com\/se-puede\/se-puede-trabajar-con-epicondilitis\/#breadcrumblist","itemListElement":[{"@type":"ListItem","@id":"https:\/\/dudasytextos.com\/se-puede#listItem","position":1,"name":"Home","item":"https:\/\/dudasytextos.com\/se-puede","nextItem":{"@type":"ListItem","@id":"https:\/\/dudasytextos.com\/se-puede\/category\/se-puede\/#listItem","name":"\u00bfSe puede?"}},{"@type":"ListItem","@id":"https:\/\/dudasytextos.com\/se-puede\/category\/se-puede\/#listItem","position":2,"name":"\u00bfSe puede?","item":"https:\/\/dudasytextos.com\/se-puede\/category\/se-puede\/","nextItem":{"@type":"ListItem","@id":"https:\/\/dudasytextos.com\/se-puede\/se-puede-trabajar-con-epicondilitis\/#listItem","name":"Se puede trabajar con epicondilitis"},"previousItem":{"@type":"ListItem","@id":"https:\/\/dudasytextos.com\/se-puede#listItem","name":"Home"}},{"@type":"ListItem","@id":"https:\/\/dudasytextos.com\/se-puede\/se-puede-trabajar-con-epicondilitis\/#listItem","position":3,"name":"Se puede trabajar con epicondilitis","previousItem":{"@type":"ListItem","@id":"https:\/\/dudasytextos.com\/se-puede\/category\/se-puede\/#listItem","name":"\u00bfSe puede?"}}]},{"@type":"Organization","@id":"https:\/\/dudasytextos.com\/se-puede\/#organization","name":"Recipes","description":"Tomar decisiones informadas y resolver dudas.","url":"https:\/\/dudasytextos.com\/se-puede\/"},{"@type":"Person","@id":"https:\/\/dudasytextos.com\/se-puede\/author\/admin23\/#author","url":"https:\/\/dudasytextos.com\/se-puede\/author\/admin23\/","name":"Ana Gonz\u00e1lez"},{"@type":"WebPage","@id":"https:\/\/dudasytextos.com\/se-puede\/se-puede-trabajar-con-epicondilitis\/#webpage","url":"https:\/\/dudasytextos.com\/se-puede\/se-puede-trabajar-con-epicondilitis\/","name":"Se puede trabajar con epicondilitis (2026) \u00bfSe Puede?","description":"Se puede trabajar con epicondilitis Introducci\u00f3n Hola, soy Ana Gonz\u00e1lez y en este art\u00edculo te contar\u00e9 todo lo que necesitas saber sobre trabajar con epicondilitis. La epicondilitis, tambi\u00e9n conocida como codo de tenista, es una lesi\u00f3n com\u00fan que afecta a muchas personas en su vida laboral. Aunque puede ser doloroso, hay formas de manejar la","inLanguage":"es-ES","isPartOf":{"@id":"https:\/\/dudasytextos.com\/se-puede\/#website"},"breadcrumb":{"@id":"https:\/\/dudasytextos.com\/se-puede\/se-puede-trabajar-con-epicondilitis\/#breadcrumblist"},"author":{"@id":"https:\/\/dudasytextos.com\/se-puede\/author\/admin23\/#author"},"creator":{"@id":"https:\/\/dudasytextos.com\/se-puede\/author\/admin23\/#author"},"datePublished":"2025-03-12T17:41:26+00:00","dateModified":"2025-03-13T04:19:20+00:00"},{"@type":"WebSite","@id":"https:\/\/dudasytextos.com\/se-puede\/#website","url":"https:\/\/dudasytextos.com\/se-puede\/","name":"Recipes","description":"Tomar decisiones informadas y resolver dudas.","inLanguage":"es-ES","publisher":{"@id":"https:\/\/dudasytextos.com\/se-puede\/#organization"}}]},"og:locale":"es_ES","og:site_name":"\u00bfSe Puede? - Tomar decisiones informadas y resolver dudas.","og:type":"article","og:title":"Se puede trabajar con epicondilitis (2026) \u00bfSe Puede?","og:description":"Se puede trabajar con epicondilitis Introducci\u00f3n Hola, soy Ana Gonz\u00e1lez y en este art\u00edculo te contar\u00e9 todo lo que necesitas saber sobre trabajar con epicondilitis. La epicondilitis, tambi\u00e9n conocida como codo de tenista, es una lesi\u00f3n com\u00fan que afecta a muchas personas en su vida laboral. Aunque puede ser doloroso, hay formas de manejar la","og:url":"https:\/\/dudasytextos.com\/se-puede\/se-puede-trabajar-con-epicondilitis\/","article:published_time":"2025-03-12T17:41:26+00:00","article:modified_time":"2025-03-13T04:19:20+00:00","twitter:card":"summary_large_image","twitter:title":"Se puede trabajar con epicondilitis (2026) \u00bfSe Puede?","twitter:description":"Se puede trabajar con epicondilitis Introducci\u00f3n Hola, soy Ana Gonz\u00e1lez y en este art\u00edculo te contar\u00e9 todo lo que necesitas saber sobre trabajar con epicondilitis. La epicondilitis, tambi\u00e9n conocida como codo de tenista, es una lesi\u00f3n com\u00fan que afecta a muchas personas en su vida laboral. Aunque puede ser doloroso, hay formas de manejar la"},"aioseo_meta_data":{"post_id":"73561","title":null,"description":null,"keywords":null,"keyphrases":null,"primary_term":null,"canonical_url":null,"og_title":null,"og_description":null,"og_object_type":"default","og_image_type":"default","og_image_url":null,"og_image_width":null,"og_image_height":null,"og_image_custom_url":null,"og_image_custom_fields":null,"og_video":null,"og_custom_url":null,"og_article_section":null,"og_article_tags":null,"twitter_use_og":false,"twitter_card":"default","twitter_image_type":"default","twitter_image_url":null,"twitter_image_custom_url":null,"twitter_image_custom_fields":null,"twitter_title":null,"twitter_description":null,"schema":{"blockGraphs":[],"customGraphs":[],"default":{"data":{"Article":[],"Course":[],"Dataset":[],"FAQPage":[],"Movie":[],"Person":[],"Product":[],"ProductReview":[],"Car":[],"Recipe":[],"Service":[],"SoftwareApplication":[],"WebPage":[]},"graphName":"","isEnabled":true},"graphs":[]},"schema_type":"default","schema_type_options":null,"pillar_content":false,"robots_default":true,"robots_noindex":false,"robots_noarchive":false,"robots_nosnippet":false,"robots_nofollow":false,"robots_noimageindex":false,"robots_noodp":false,"robots_notranslate":false,"robots_max_snippet":null,"robots_max_videopreview":null,"robots_max_imagepreview":"large","priority":null,"frequency":null,"local_seo":null,"breadcrumb_settings":null,"limit_modified_date":false,"ai":null,"created":"2023-07-13 05:42:55","updated":"2025-03-14 16:32:44","seo_analyzer_scan_date":null,"focus_keyword":null,"additional_keywords":null,"truseo_locale":null},"aioseo_breadcrumb":"<div class=\"aioseo-breadcrumbs\"><span class=\"aioseo-breadcrumb\">\n\t\t\t<a href=\"https:\/\/dudasytextos.com\/se-puede\" title=\"Home\">Home<\/a>\n\t\t<\/span><span class=\"aioseo-breadcrumb-separator\">&raquo;<\/span><span class=\"aioseo-breadcrumb\">\n\t\t\t<a href=\"https:\/\/dudasytextos.com\/se-puede\/category\/se-puede\/\" title=\"\u00bfSe puede?\">\u00bfSe puede?<\/a>\n\t\t<\/span><span class=\"aioseo-breadcrumb-separator\">&raquo;<\/span><span class=\"aioseo-breadcrumb\">\n\t\t\tSe puede trabajar con epicondilitis\n\t\t<\/span><\/div>","aioseo_breadcrumb_json":[{"label":"Home","link":"https:\/\/dudasytextos.com\/se-puede"},{"label":"\u00bfSe puede?","link":"https:\/\/dudasytextos.com\/se-puede\/category\/se-puede\/"},{"label":"Se puede trabajar con epicondilitis","link":"https:\/\/dudasytextos.com\/se-puede\/se-puede-trabajar-con-epicondilitis\/"}],"_links":{"self":[{"href":"https:\/\/dudasytextos.com\/se-puede\/wp-json\/wp\/v2\/posts\/73561","targetHints":{"allow":["GET"]}}],"collection":[{"href":"https:\/\/dudasytextos.com\/se-puede\/wp-json\/wp\/v2\/posts"}],"about":[{"href":"https:\/\/dudasytextos.com\/se-puede\/wp-json\/wp\/v2\/types\/post"}],"author":[{"embeddable":true,"href":"https:\/\/dudasytextos.com\/se-puede\/wp-json\/wp\/v2\/users\/1"}],"replies":[{"embeddable":true,"href":"https:\/\/dudasytextos.com\/se-puede\/wp-json\/wp\/v2\/comments?post=73561"}],"version-history":[{"count":0,"href":"https:\/\/dudasytextos.com\/se-puede\/wp-json\/wp\/v2\/posts\/73561\/revisions"}],"wp:attachment":[{"href":"https:\/\/dudasytextos.com\/se-puede\/wp-json\/wp\/v2\/media?parent=73561"}],"wp:term":[{"taxonomy":"category","embeddable":true,"href":"https:\/\/dudasytextos.com\/se-puede\/wp-json\/wp\/v2\/categories?post=73561"},{"taxonomy":"post_tag","embeddable":true,"href":"https:\/\/dudasytextos.com\/se-puede\/wp-json\/wp\/v2\/tags?post=73561"}],"curies":[{"name":"wp","href":"https:\/\/api.w.org\/{rel}","templated":true}]}}