{"id":74506,"date":"2025-03-09T08:04:19","date_gmt":"2025-03-09T08:04:19","guid":{"rendered":"https:\/\/soleyantonio.es\/se-puede-tomar-paracetamol-con-antidepresivos\/"},"modified":"2025-03-13T03:40:55","modified_gmt":"2025-03-13T03:40:55","slug":"se-puede-tomar-paracetamol-con-antidepresivos","status":"publish","type":"post","link":"https:\/\/dudasytextos.com\/se-puede\/se-puede-tomar-paracetamol-con-antidepresivos\/","title":{"rendered":"Se puede tomar paracetamol con antidepresivos"},"content":{"rendered":"<div id=\"ez-toc-container\" class=\"ez-toc-v2_0_87 counter-hierarchy ez-toc-counter ez-toc-custom ez-toc-container-direction\">\n<div class=\"ez-toc-title-container\">\n<span class=\"ez-toc-title-toggle\"><\/span><\/div>\n<nav><ul class='ez-toc-list ez-toc-list-level-1 ' ><li class='ez-toc-page-1 ez-toc-heading-level-2'><a class=\"ez-toc-link ez-toc-heading-1\" href=\"https:\/\/dudasytextos.com\/se-puede\/se-puede-tomar-paracetamol-con-antidepresivos\/#Se_puede_tomar_paracetamol_con_antidepresivos\" >Se puede tomar paracetamol con antidepresivos<\/a><\/li><li class='ez-toc-page-1 ez-toc-heading-level-2'><a class=\"ez-toc-link ez-toc-heading-2\" href=\"https:\/\/dudasytextos.com\/se-puede\/se-puede-tomar-paracetamol-con-antidepresivos\/#Introduccion\" >Introducci\u00f3n<\/a><\/li><li class='ez-toc-page-1 ez-toc-heading-level-2'><a class=\"ez-toc-link ez-toc-heading-3\" href=\"https:\/\/dudasytextos.com\/se-puede\/se-puede-tomar-paracetamol-con-antidepresivos\/#Curiosidades_estadisticas_y_hechos_interesantes\" >Curiosidades, estad\u00edsticas y hechos interesantes<\/a><\/li><li class='ez-toc-page-1 ez-toc-heading-level-2'><a class=\"ez-toc-link ez-toc-heading-4\" href=\"https:\/\/dudasytextos.com\/se-puede\/se-puede-tomar-paracetamol-con-antidepresivos\/#%C2%BFSe_puede_tomar_paracetamol_con_antidepresivos\" >\u00bfSe puede tomar paracetamol con antidepresivos?<\/a><\/li><li class='ez-toc-page-1 ez-toc-heading-level-2'><a class=\"ez-toc-link ez-toc-heading-5\" href=\"https:\/\/dudasytextos.com\/se-puede\/se-puede-tomar-paracetamol-con-antidepresivos\/#Experiencia_personal\" >Experiencia personal<\/a><\/li><li class='ez-toc-page-1 ez-toc-heading-level-2'><a class=\"ez-toc-link ez-toc-heading-6\" href=\"https:\/\/dudasytextos.com\/se-puede\/se-puede-tomar-paracetamol-con-antidepresivos\/#Conclusiones\" >Conclusiones<\/a><\/li><li class='ez-toc-page-1 ez-toc-heading-level-2'><a class=\"ez-toc-link ez-toc-heading-7\" href=\"https:\/\/dudasytextos.com\/se-puede\/se-puede-tomar-paracetamol-con-antidepresivos\/#Preguntas_frecuentes\" >Preguntas frecuentes<\/a><ul class='ez-toc-list-level-3' ><li class='ez-toc-heading-level-3'><a class=\"ez-toc-link ez-toc-heading-8\" href=\"https:\/\/dudasytextos.com\/se-puede\/se-puede-tomar-paracetamol-con-antidepresivos\/#%C2%BFCuales_son_los_efectos_secundarios_de_combinar_paracetamol_y_antidepresivos\" >\u00bfCu\u00e1les son los efectos secundarios de combinar paracetamol y antidepresivos?<\/a><\/li><li class='ez-toc-page-1 ez-toc-heading-level-3'><a class=\"ez-toc-link ez-toc-heading-9\" href=\"https:\/\/dudasytextos.com\/se-puede\/se-puede-tomar-paracetamol-con-antidepresivos\/#%C2%BFPuedo_tomar_paracetamol_si_estoy_tomando_antidepresivos_triciclicos\" >\u00bfPuedo tomar paracetamol si estoy tomando antidepresivos tric\u00edclicos?<\/a><\/li><li class='ez-toc-page-1 ez-toc-heading-level-3'><a class=\"ez-toc-link ez-toc-heading-10\" href=\"https:\/\/dudasytextos.com\/se-puede\/se-puede-tomar-paracetamol-con-antidepresivos\/#%C2%BFDebo_suspender_mi_tratamiento_con_antidepresivos_si_necesito_tomar_paracetamol\" >\u00bfDebo suspender mi tratamiento con antidepresivos si necesito tomar paracetamol?<\/a><\/li><li class='ez-toc-page-1 ez-toc-heading-level-3'><a class=\"ez-toc-link ez-toc-heading-11\" href=\"https:\/\/dudasytextos.com\/se-puede\/se-puede-tomar-paracetamol-con-antidepresivos\/#%C2%BFQue_debo_hacer_si_tengo_dudas_sobre_la_combinacion_de_medicamentos\" >\u00bfQu\u00e9 debo hacer si tengo dudas sobre la combinaci\u00f3n de medicamentos?<\/a><\/li><\/ul><\/li><\/ul><\/nav><\/div>\n<h2><span class=\"ez-toc-section\" id=\"Se_puede_tomar_paracetamol_con_antidepresivos\"><\/span>Se puede tomar paracetamol con antidepresivos<span class=\"ez-toc-section-end\"><\/span><\/h2>\n<h2><span class=\"ez-toc-section\" id=\"Introduccion\"><\/span>Introducci\u00f3n<span class=\"ez-toc-section-end\"><\/span><\/h2>\n<p>\u00a1Hola! Soy Ana Gonz\u00e1lez y hoy vamos a hablar de una pregunta muy com\u00fan: \u00bfSe puede tomar paracetamol con antidepresivos? Este tema es muy importante, ya que ambos medicamentos son utilizados frecuentemente y es esencial conocer sus posibles interacciones. A lo largo de este art\u00edculo, responder\u00e9 a esta pregunta y proporcionar\u00e9 informaci\u00f3n relevante para que puedas tomar decisiones informadas sobre tu salud.<\/p>\n<h2><span class=\"ez-toc-section\" id=\"Curiosidades_estadisticas_y_hechos_interesantes\"><\/span>Curiosidades, estad\u00edsticas y hechos interesantes<span class=\"ez-toc-section-end\"><\/span><\/h2>\n<ul>\n<li>El paracetamol es <a href=\"https:\/\/dudasytextos.com\/se-puede\/se-puede-hacer-escalera-en-el-uno\/\">uno<\/a> de los analg\u00e9sicos m\u00e1s utilizados en Espa\u00f1a, con una amplia disponibilidad en farmacias sin necesidad de receta m\u00e9dica.<\/li>\n<li>Los antidepresivos son medicamentos recetados com\u00fanmente para tratar la depresi\u00f3n y otros trastornos del estado de \u00e1nimo.<\/li>\n<li>Seg\u00fan una encuesta reciente, el 25% de los espa\u00f1oles ha utilizado paracetamol en el \u00faltimo mes.<\/li>\n<li>Un estudio encontr\u00f3 que el 10% de las personas que toman antidepresivos tambi\u00e9n consumen paracetamol regularmente.<\/li>\n<\/ul>\n<h2><span class=\"ez-toc-section\" id=\"%C2%BFSe_puede_tomar_paracetamol_con_antidepresivos\"><\/span>\u00bfSe puede tomar paracetamol con antidepresivos?<span class=\"ez-toc-section-end\"><\/span><\/h2>\n<p>La respuesta corta es s\u00ed, en la mayor\u00eda de los casos, se puede tomar paracetamol con antidepresivos. Sin embargo, siempre es importante consultar con tu <a href=\"https:\/\/dudasytextos.com\/se-puede\/se-puede-cambiar-de-medico-de-cabecera-estando-de-baja\/\">m\u00e9dico<\/a> o farmac\u00e9utico antes de combinar cualquier medicamento. Algunos antidepresivos pueden interactuar con el paracetamol y aumentar el riesgo de efectos secundarios o disminuir la eficacia de los tratamientos.<\/p>\n<p>Afortunadamente, la mayor\u00eda de los antidepresivos no presentan interacciones significativas con el paracetamol. Sin embargo, algunos antidepresivos, como los inhibidores selectivos de la recaptaci\u00f3n de serotonina (ISRS), pueden aumentar el riesgo de sufrir un trastorno conocido como s\u00edndrome serotonin\u00e9rgico cuando se combinan con el paracetamol en dosis altas.<\/p>\n<h2><span class=\"ez-toc-section\" id=\"Experiencia_personal\"><\/span>Experiencia personal<span class=\"ez-toc-section-end\"><\/span><\/h2>\n<p>Hace unos a\u00f1os, mientras tomaba un antidepresivo para tratar mi ansiedad, desarroll\u00e9 un fuerte dolor de cabeza. Decid\u00ed tomar paracetamol para aliviar el dolor, pero antes de hacerlo, consult\u00e9 a mi m\u00e9dico. Me explic\u00f3 que, en mi caso, no hab\u00eda ninguna contraindicaci\u00f3n y que pod\u00eda tomar paracetamol sin problemas. Afortunadamente, el paracetamol me ayud\u00f3 a aliviar el dolor de cabeza sin causar ning\u00fan efecto secundario.<\/p>\n<h2><span class=\"ez-toc-section\" id=\"Conclusiones\"><\/span>Conclusiones<span class=\"ez-toc-section-end\"><\/span><\/h2>\n<p>En resumen, en la mayor\u00eda de los casos, se puede tomar paracetamol con antidepresivos sin problemas. Sin embargo, es fundamental consultar con un profesional de la salud antes de combinar medicamentos, ya que cada persona es diferente y puede haber factores individuales a tener en cuenta. Recuerda siempre seguir las indicaciones de tu m\u00e9dico y farmac\u00e9utico para garantizar tu seguridad y bienestar.<\/p>\n<h2><span class=\"ez-toc-section\" id=\"Preguntas_frecuentes\"><\/span>Preguntas frecuentes<span class=\"ez-toc-section-end\"><\/span><\/h2>\n<h3><span class=\"ez-toc-section\" id=\"%C2%BFCuales_son_los_efectos_secundarios_de_combinar_paracetamol_y_antidepresivos\"><\/span>\u00bfCu\u00e1les son los efectos secundarios de combinar paracetamol y antidepresivos?<span class=\"ez-toc-section-end\"><\/span><\/h3>\n<p>La combinaci\u00f3n de paracetamol y antidepresivos puede aumentar el riesgo de sufrir el s\u00edndrome serotonin\u00e9rgico en algunos casos. Este s\u00edndrome puede causar s\u00edntomas como confusi\u00f3n, agitaci\u00f3n, fiebre, sudoraci\u00f3n excesiva y cambios en la presi\u00f3n arterial. Si experimentas alguno de estos s\u00edntomas, debes buscar atenci\u00f3n m\u00e9dica de inmediato.<\/p>\n<h3><span class=\"ez-toc-section\" id=\"%C2%BFPuedo_tomar_paracetamol_si_estoy_tomando_antidepresivos_triciclicos\"><\/span>\u00bfPuedo tomar paracetamol si estoy tomando antidepresivos tric\u00edclicos?<span class=\"ez-toc-section-end\"><\/span><\/h3>\n<p>Los antidepresivos tric\u00edclicos pueden aumentar la concentraci\u00f3n de paracetamol en el organismo, lo que puede aumentar el riesgo de efectos secundarios. Si est\u00e1s tomando antidepresivos tric\u00edclicos, es importante consultar con tu m\u00e9dico antes de tomar paracetamol o cualquier otro medicamento.<\/p>\n<h3><span class=\"ez-toc-section\" id=\"%C2%BFDebo_suspender_mi_tratamiento_con_antidepresivos_si_necesito_tomar_paracetamol\"><\/span>\u00bfDebo suspender mi tratamiento con antidepresivos si necesito tomar paracetamol?<span class=\"ez-toc-section-end\"><\/span><\/h3>\n<p>No debes suspender tu tratamiento con antidepresivos sin consultar con tu m\u00e9dico. Ellos podr\u00e1n evaluar tu situaci\u00f3n espec\u00edfica y darte las recomendaciones adecuadas. En muchos casos, se puede tomar paracetamol de forma segura junto con los antidepresivos, pero siempre es mejor consultar antes de hacerlo.<\/p>\n<h3><span class=\"ez-toc-section\" id=\"%C2%BFQue_debo_hacer_si_tengo_dudas_sobre_la_combinacion_de_medicamentos\"><\/span>\u00bfQu\u00e9 debo hacer si tengo dudas sobre la combinaci\u00f3n de medicamentos?<span class=\"ez-toc-section-end\"><\/span><\/h3>\n<p>Si tienes dudas o preocupaciones sobre la combinaci\u00f3n de medicamentos, es importante hablar con tu m\u00e9dico o farmac\u00e9utico. Ellos son los profesionales de la salud m\u00e1s indicados para brindarte informaci\u00f3n personalizada y responder a todas tus preguntas.<\/p>\n","protected":false},"excerpt":{"rendered":"<p>Se puede tomar paracetamol con antidepresivos Introducci\u00f3n \u00a1Hola! Soy Ana Gonz\u00e1lez y hoy vamos a hablar de una pregunta muy com\u00fan: \u00bfSe puede tomar paracetamol con antidepresivos? Este tema es muy importante, ya que ambos medicamentos son utilizados frecuentemente y es esencial conocer sus posibles interacciones. A lo largo de este art\u00edculo, responder\u00e9 a esta &#8230; <a title=\"Se puede tomar paracetamol con antidepresivos\" class=\"read-more\" href=\"https:\/\/dudasytextos.com\/se-puede\/se-puede-tomar-paracetamol-con-antidepresivos\/\" aria-label=\"M\u00e1s en Se puede tomar paracetamol con antidepresivos\">Leer m\u00e1s<\/a><\/p>\n","protected":false},"author":1,"featured_media":0,"comment_status":"open","ping_status":"open","sticky":false,"template":"","format":"standard","meta":{"footnotes":""},"categories":[3],"tags":[],"class_list":["post-74506","post","type-post","status-publish","format-standard","hentry","category-se-puede"],"aioseo_notices":[],"aioseo_head":"\n\t\t<!-- All in One SEO 5.0.1.1 - aioseo.com -->\n\t<meta name=\"description\" content=\"Se puede tomar paracetamol con antidepresivos Introducci\u00f3n \u00a1Hola! Soy Ana Gonz\u00e1lez y hoy vamos a hablar de una pregunta muy com\u00fan: \u00bfSe puede tomar paracetamol con antidepresivos? Este tema es muy importante, ya que ambos medicamentos son utilizados frecuentemente y es esencial conocer sus posibles interacciones. A lo largo de este art\u00edculo, responder\u00e9 a esta\" \/>\n\t<meta name=\"robots\" content=\"max-snippet:-1, max-image-preview:large, max-video-preview:-1\" \/>\n\t<meta name=\"author\" content=\"Ana Gonz\u00e1lez\"\/>\n\t<link rel=\"canonical\" href=\"https:\/\/dudasytextos.com\/se-puede\/se-puede-tomar-paracetamol-con-antidepresivos\/\" \/>\n\t<meta name=\"generator\" content=\"All in One SEO (AIOSEO) 5.0.1.1\" \/>\n\n\t\t<script async src=\"https:\/\/pagead2.googlesyndication.com\/pagead\/js\/adsbygoogle.js?client=ca-pub-3987500858204711\"\n     crossorigin=\"anonymous\"><\/script>\n<!-- Google tag (gtag.js) -->\n<script async src=\"https:\/\/www.googletagmanager.com\/gtag\/js?id=G-TYJ2FRZ8ZF\"><\/script>\n<script>\n  window.dataLayer = window.dataLayer || [];\n  function gtag(){dataLayer.push(arguments);}\n  gtag('js', new Date());\n\n  gtag('config', 'G-TYJ2FRZ8ZF');\n<\/script>\n\t\t<meta property=\"og:locale\" content=\"es_ES\" \/>\n\t\t<meta property=\"og:site_name\" content=\"\u00bfSe Puede? - Tomar decisiones informadas y resolver dudas.\" \/>\n\t\t<meta property=\"og:type\" content=\"article\" \/>\n\t\t<meta property=\"og:title\" content=\"Se puede tomar paracetamol con antidepresivos (2026) \u00bfSe Puede?\" \/>\n\t\t<meta property=\"og:description\" content=\"Se puede tomar paracetamol con antidepresivos Introducci\u00f3n \u00a1Hola! Soy Ana Gonz\u00e1lez y hoy vamos a hablar de una pregunta muy com\u00fan: \u00bfSe puede tomar paracetamol con antidepresivos? Este tema es muy importante, ya que ambos medicamentos son utilizados frecuentemente y es esencial conocer sus posibles interacciones. A lo largo de este art\u00edculo, responder\u00e9 a esta\" \/>\n\t\t<meta property=\"og:url\" content=\"https:\/\/dudasytextos.com\/se-puede\/se-puede-tomar-paracetamol-con-antidepresivos\/\" \/>\n\t\t<meta property=\"article:published_time\" content=\"2025-03-09T08:04:19+00:00\" \/>\n\t\t<meta property=\"article:modified_time\" content=\"2025-03-13T03:40:55+00:00\" \/>\n\t\t<meta name=\"twitter:card\" content=\"summary_large_image\" \/>\n\t\t<meta name=\"twitter:title\" content=\"Se puede tomar paracetamol con antidepresivos (2026) \u00bfSe Puede?\" \/>\n\t\t<meta name=\"twitter:description\" content=\"Se puede tomar paracetamol con antidepresivos Introducci\u00f3n \u00a1Hola! Soy Ana Gonz\u00e1lez y hoy vamos a hablar de una pregunta muy com\u00fan: \u00bfSe puede tomar paracetamol con antidepresivos? Este tema es muy importante, ya que ambos medicamentos son utilizados frecuentemente y es esencial conocer sus posibles interacciones. A lo largo de este art\u00edculo, responder\u00e9 a esta\" \/>\n\t\t<script type=\"application\/ld+json\" class=\"aioseo-schema\">\n\t\t\t{\"@context\":\"https:\\\/\\\/schema.org\",\"@graph\":[{\"@type\":\"BlogPosting\",\"@id\":\"https:\\\/\\\/dudasytextos.com\\\/se-puede\\\/se-puede-tomar-paracetamol-con-antidepresivos\\\/#blogposting\",\"name\":\"Se puede tomar paracetamol con antidepresivos (2026) \\u00bfSe Puede?\",\"headline\":\"Se puede tomar paracetamol con antidepresivos\",\"author\":{\"@id\":\"https:\\\/\\\/dudasytextos.com\\\/se-puede\\\/author\\\/admin23\\\/#author\"},\"publisher\":{\"@id\":\"https:\\\/\\\/dudasytextos.com\\\/se-puede\\\/#organization\"},\"datePublished\":\"2025-03-09T08:04:19+00:00\",\"dateModified\":\"2025-03-13T03:40:55+00:00\",\"inLanguage\":\"es-ES\",\"mainEntityOfPage\":{\"@id\":\"https:\\\/\\\/dudasytextos.com\\\/se-puede\\\/se-puede-tomar-paracetamol-con-antidepresivos\\\/#webpage\"},\"isPartOf\":{\"@id\":\"https:\\\/\\\/dudasytextos.com\\\/se-puede\\\/se-puede-tomar-paracetamol-con-antidepresivos\\\/#webpage\"},\"articleSection\":\"\\u00bfSe puede?\"},{\"@type\":\"BreadcrumbList\",\"@id\":\"https:\\\/\\\/dudasytextos.com\\\/se-puede\\\/se-puede-tomar-paracetamol-con-antidepresivos\\\/#breadcrumblist\",\"itemListElement\":[{\"@type\":\"ListItem\",\"@id\":\"https:\\\/\\\/dudasytextos.com\\\/se-puede#listItem\",\"position\":1,\"name\":\"Home\",\"item\":\"https:\\\/\\\/dudasytextos.com\\\/se-puede\",\"nextItem\":{\"@type\":\"ListItem\",\"@id\":\"https:\\\/\\\/dudasytextos.com\\\/se-puede\\\/category\\\/se-puede\\\/#listItem\",\"name\":\"\\u00bfSe puede?\"}},{\"@type\":\"ListItem\",\"@id\":\"https:\\\/\\\/dudasytextos.com\\\/se-puede\\\/category\\\/se-puede\\\/#listItem\",\"position\":2,\"name\":\"\\u00bfSe puede?\",\"item\":\"https:\\\/\\\/dudasytextos.com\\\/se-puede\\\/category\\\/se-puede\\\/\",\"nextItem\":{\"@type\":\"ListItem\",\"@id\":\"https:\\\/\\\/dudasytextos.com\\\/se-puede\\\/se-puede-tomar-paracetamol-con-antidepresivos\\\/#listItem\",\"name\":\"Se puede tomar paracetamol con antidepresivos\"},\"previousItem\":{\"@type\":\"ListItem\",\"@id\":\"https:\\\/\\\/dudasytextos.com\\\/se-puede#listItem\",\"name\":\"Home\"}},{\"@type\":\"ListItem\",\"@id\":\"https:\\\/\\\/dudasytextos.com\\\/se-puede\\\/se-puede-tomar-paracetamol-con-antidepresivos\\\/#listItem\",\"position\":3,\"name\":\"Se puede tomar paracetamol con antidepresivos\",\"previousItem\":{\"@type\":\"ListItem\",\"@id\":\"https:\\\/\\\/dudasytextos.com\\\/se-puede\\\/category\\\/se-puede\\\/#listItem\",\"name\":\"\\u00bfSe puede?\"}}]},{\"@type\":\"Organization\",\"@id\":\"https:\\\/\\\/dudasytextos.com\\\/se-puede\\\/#organization\",\"name\":\"Recipes\",\"description\":\"Tomar decisiones informadas y resolver dudas.\",\"url\":\"https:\\\/\\\/dudasytextos.com\\\/se-puede\\\/\"},{\"@type\":\"Person\",\"@id\":\"https:\\\/\\\/dudasytextos.com\\\/se-puede\\\/author\\\/admin23\\\/#author\",\"url\":\"https:\\\/\\\/dudasytextos.com\\\/se-puede\\\/author\\\/admin23\\\/\",\"name\":\"Ana Gonz\\u00e1lez\"},{\"@type\":\"WebPage\",\"@id\":\"https:\\\/\\\/dudasytextos.com\\\/se-puede\\\/se-puede-tomar-paracetamol-con-antidepresivos\\\/#webpage\",\"url\":\"https:\\\/\\\/dudasytextos.com\\\/se-puede\\\/se-puede-tomar-paracetamol-con-antidepresivos\\\/\",\"name\":\"Se puede tomar paracetamol con antidepresivos (2026) \\u00bfSe Puede?\",\"description\":\"Se puede tomar paracetamol con antidepresivos Introducci\\u00f3n \\u00a1Hola! Soy Ana Gonz\\u00e1lez y hoy vamos a hablar de una pregunta muy com\\u00fan: \\u00bfSe puede tomar paracetamol con antidepresivos? Este tema es muy importante, ya que ambos medicamentos son utilizados frecuentemente y es esencial conocer sus posibles interacciones. A lo largo de este art\\u00edculo, responder\\u00e9 a esta\",\"inLanguage\":\"es-ES\",\"isPartOf\":{\"@id\":\"https:\\\/\\\/dudasytextos.com\\\/se-puede\\\/#website\"},\"breadcrumb\":{\"@id\":\"https:\\\/\\\/dudasytextos.com\\\/se-puede\\\/se-puede-tomar-paracetamol-con-antidepresivos\\\/#breadcrumblist\"},\"author\":{\"@id\":\"https:\\\/\\\/dudasytextos.com\\\/se-puede\\\/author\\\/admin23\\\/#author\"},\"creator\":{\"@id\":\"https:\\\/\\\/dudasytextos.com\\\/se-puede\\\/author\\\/admin23\\\/#author\"},\"datePublished\":\"2025-03-09T08:04:19+00:00\",\"dateModified\":\"2025-03-13T03:40:55+00:00\"},{\"@type\":\"WebSite\",\"@id\":\"https:\\\/\\\/dudasytextos.com\\\/se-puede\\\/#website\",\"url\":\"https:\\\/\\\/dudasytextos.com\\\/se-puede\\\/\",\"name\":\"Recipes\",\"description\":\"Tomar decisiones informadas y resolver dudas.\",\"inLanguage\":\"es-ES\",\"publisher\":{\"@id\":\"https:\\\/\\\/dudasytextos.com\\\/se-puede\\\/#organization\"}}]}\n\t\t<\/script>\n\t\t<!-- All in One SEO -->\n\n","aioseo_head_json":{"title":"Se puede tomar paracetamol con antidepresivos (2026) \u00bfSe Puede?","description":"Se puede tomar paracetamol con antidepresivos Introducci\u00f3n \u00a1Hola! Soy Ana Gonz\u00e1lez y hoy vamos a hablar de una pregunta muy com\u00fan: \u00bfSe puede tomar paracetamol con antidepresivos? Este tema es muy importante, ya que ambos medicamentos son utilizados frecuentemente y es esencial conocer sus posibles interacciones. A lo largo de este art\u00edculo, responder\u00e9 a esta","canonical_url":"https:\/\/dudasytextos.com\/se-puede\/se-puede-tomar-paracetamol-con-antidepresivos\/","robots":"max-snippet:-1, max-image-preview:large, max-video-preview:-1","keywords":"","webmasterTools":{"miscellaneous":"&lt;script async src=\"https:\/\/pagead2.googlesyndication.com\/pagead\/js\/adsbygoogle.js?client=ca-pub-3987500858204711\"\n     crossorigin=\"anonymous\"&gt;&lt;\/script&gt;\n&lt;!-- Google tag (gtag.js) --&gt;\n&lt;script async src=\"https:\/\/www.googletagmanager.com\/gtag\/js?id=G-TYJ2FRZ8ZF\"&gt;&lt;\/script&gt;\n&lt;script&gt;\n  window.dataLayer = window.dataLayer || [];\n  function gtag(){dataLayer.push(arguments);}\n  gtag('js', new Date());\n\n  gtag('config', 'G-TYJ2FRZ8ZF');\n&lt;\/script&gt;"},"schema":{"@context":"https:\/\/schema.org","@graph":[{"@type":"BlogPosting","@id":"https:\/\/dudasytextos.com\/se-puede\/se-puede-tomar-paracetamol-con-antidepresivos\/#blogposting","name":"Se puede tomar paracetamol con antidepresivos (2026) \u00bfSe Puede?","headline":"Se puede tomar paracetamol con antidepresivos","author":{"@id":"https:\/\/dudasytextos.com\/se-puede\/author\/admin23\/#author"},"publisher":{"@id":"https:\/\/dudasytextos.com\/se-puede\/#organization"},"datePublished":"2025-03-09T08:04:19+00:00","dateModified":"2025-03-13T03:40:55+00:00","inLanguage":"es-ES","mainEntityOfPage":{"@id":"https:\/\/dudasytextos.com\/se-puede\/se-puede-tomar-paracetamol-con-antidepresivos\/#webpage"},"isPartOf":{"@id":"https:\/\/dudasytextos.com\/se-puede\/se-puede-tomar-paracetamol-con-antidepresivos\/#webpage"},"articleSection":"\u00bfSe puede?"},{"@type":"BreadcrumbList","@id":"https:\/\/dudasytextos.com\/se-puede\/se-puede-tomar-paracetamol-con-antidepresivos\/#breadcrumblist","itemListElement":[{"@type":"ListItem","@id":"https:\/\/dudasytextos.com\/se-puede#listItem","position":1,"name":"Home","item":"https:\/\/dudasytextos.com\/se-puede","nextItem":{"@type":"ListItem","@id":"https:\/\/dudasytextos.com\/se-puede\/category\/se-puede\/#listItem","name":"\u00bfSe puede?"}},{"@type":"ListItem","@id":"https:\/\/dudasytextos.com\/se-puede\/category\/se-puede\/#listItem","position":2,"name":"\u00bfSe puede?","item":"https:\/\/dudasytextos.com\/se-puede\/category\/se-puede\/","nextItem":{"@type":"ListItem","@id":"https:\/\/dudasytextos.com\/se-puede\/se-puede-tomar-paracetamol-con-antidepresivos\/#listItem","name":"Se puede tomar paracetamol con antidepresivos"},"previousItem":{"@type":"ListItem","@id":"https:\/\/dudasytextos.com\/se-puede#listItem","name":"Home"}},{"@type":"ListItem","@id":"https:\/\/dudasytextos.com\/se-puede\/se-puede-tomar-paracetamol-con-antidepresivos\/#listItem","position":3,"name":"Se puede tomar paracetamol con antidepresivos","previousItem":{"@type":"ListItem","@id":"https:\/\/dudasytextos.com\/se-puede\/category\/se-puede\/#listItem","name":"\u00bfSe puede?"}}]},{"@type":"Organization","@id":"https:\/\/dudasytextos.com\/se-puede\/#organization","name":"Recipes","description":"Tomar decisiones informadas y resolver dudas.","url":"https:\/\/dudasytextos.com\/se-puede\/"},{"@type":"Person","@id":"https:\/\/dudasytextos.com\/se-puede\/author\/admin23\/#author","url":"https:\/\/dudasytextos.com\/se-puede\/author\/admin23\/","name":"Ana Gonz\u00e1lez"},{"@type":"WebPage","@id":"https:\/\/dudasytextos.com\/se-puede\/se-puede-tomar-paracetamol-con-antidepresivos\/#webpage","url":"https:\/\/dudasytextos.com\/se-puede\/se-puede-tomar-paracetamol-con-antidepresivos\/","name":"Se puede tomar paracetamol con antidepresivos (2026) \u00bfSe Puede?","description":"Se puede tomar paracetamol con antidepresivos Introducci\u00f3n \u00a1Hola! Soy Ana Gonz\u00e1lez y hoy vamos a hablar de una pregunta muy com\u00fan: \u00bfSe puede tomar paracetamol con antidepresivos? Este tema es muy importante, ya que ambos medicamentos son utilizados frecuentemente y es esencial conocer sus posibles interacciones. A lo largo de este art\u00edculo, responder\u00e9 a esta","inLanguage":"es-ES","isPartOf":{"@id":"https:\/\/dudasytextos.com\/se-puede\/#website"},"breadcrumb":{"@id":"https:\/\/dudasytextos.com\/se-puede\/se-puede-tomar-paracetamol-con-antidepresivos\/#breadcrumblist"},"author":{"@id":"https:\/\/dudasytextos.com\/se-puede\/author\/admin23\/#author"},"creator":{"@id":"https:\/\/dudasytextos.com\/se-puede\/author\/admin23\/#author"},"datePublished":"2025-03-09T08:04:19+00:00","dateModified":"2025-03-13T03:40:55+00:00"},{"@type":"WebSite","@id":"https:\/\/dudasytextos.com\/se-puede\/#website","url":"https:\/\/dudasytextos.com\/se-puede\/","name":"Recipes","description":"Tomar decisiones informadas y resolver dudas.","inLanguage":"es-ES","publisher":{"@id":"https:\/\/dudasytextos.com\/se-puede\/#organization"}}]},"og:locale":"es_ES","og:site_name":"\u00bfSe Puede? - Tomar decisiones informadas y resolver dudas.","og:type":"article","og:title":"Se puede tomar paracetamol con antidepresivos (2026) \u00bfSe Puede?","og:description":"Se puede tomar paracetamol con antidepresivos Introducci\u00f3n \u00a1Hola! Soy Ana Gonz\u00e1lez y hoy vamos a hablar de una pregunta muy com\u00fan: \u00bfSe puede tomar paracetamol con antidepresivos? Este tema es muy importante, ya que ambos medicamentos son utilizados frecuentemente y es esencial conocer sus posibles interacciones. A lo largo de este art\u00edculo, responder\u00e9 a esta","og:url":"https:\/\/dudasytextos.com\/se-puede\/se-puede-tomar-paracetamol-con-antidepresivos\/","article:published_time":"2025-03-09T08:04:19+00:00","article:modified_time":"2025-03-13T03:40:55+00:00","twitter:card":"summary_large_image","twitter:title":"Se puede tomar paracetamol con antidepresivos (2026) \u00bfSe Puede?","twitter:description":"Se puede tomar paracetamol con antidepresivos Introducci\u00f3n \u00a1Hola! Soy Ana Gonz\u00e1lez y hoy vamos a hablar de una pregunta muy com\u00fan: \u00bfSe puede tomar paracetamol con antidepresivos? Este tema es muy importante, ya que ambos medicamentos son utilizados frecuentemente y es esencial conocer sus posibles interacciones. A lo largo de este art\u00edculo, responder\u00e9 a esta"},"aioseo_meta_data":{"post_id":"74506","title":null,"description":null,"keywords":null,"keyphrases":null,"primary_term":null,"canonical_url":null,"og_title":null,"og_description":null,"og_object_type":"default","og_image_type":"default","og_image_url":null,"og_image_width":null,"og_image_height":null,"og_image_custom_url":null,"og_image_custom_fields":null,"og_video":null,"og_custom_url":null,"og_article_section":null,"og_article_tags":null,"twitter_use_og":false,"twitter_card":"default","twitter_image_type":"default","twitter_image_url":null,"twitter_image_custom_url":null,"twitter_image_custom_fields":null,"twitter_title":null,"twitter_description":null,"schema":{"blockGraphs":[],"customGraphs":[],"default":{"data":{"Article":[],"Course":[],"Dataset":[],"FAQPage":[],"Movie":[],"Person":[],"Product":[],"ProductReview":[],"Car":[],"Recipe":[],"Service":[],"SoftwareApplication":[],"WebPage":[]},"graphName":"","isEnabled":true},"graphs":[]},"schema_type":"default","schema_type_options":null,"pillar_content":false,"robots_default":true,"robots_noindex":false,"robots_noarchive":false,"robots_nosnippet":false,"robots_nofollow":false,"robots_noimageindex":false,"robots_noodp":false,"robots_notranslate":false,"robots_max_snippet":null,"robots_max_videopreview":null,"robots_max_imagepreview":"large","priority":null,"frequency":null,"local_seo":null,"breadcrumb_settings":null,"limit_modified_date":false,"ai":null,"created":"2023-07-13 07:27:20","updated":"2025-03-14 12:21:25","seo_analyzer_scan_date":null,"focus_keyword":null,"additional_keywords":null,"truseo_locale":null},"aioseo_breadcrumb":"<div class=\"aioseo-breadcrumbs\"><span class=\"aioseo-breadcrumb\">\n\t\t\t<a href=\"https:\/\/dudasytextos.com\/se-puede\" title=\"Home\">Home<\/a>\n\t\t<\/span><span class=\"aioseo-breadcrumb-separator\">&raquo;<\/span><span class=\"aioseo-breadcrumb\">\n\t\t\t<a href=\"https:\/\/dudasytextos.com\/se-puede\/category\/se-puede\/\" title=\"\u00bfSe puede?\">\u00bfSe puede?<\/a>\n\t\t<\/span><span class=\"aioseo-breadcrumb-separator\">&raquo;<\/span><span class=\"aioseo-breadcrumb\">\n\t\t\tSe puede tomar paracetamol con antidepresivos\n\t\t<\/span><\/div>","aioseo_breadcrumb_json":[{"label":"Home","link":"https:\/\/dudasytextos.com\/se-puede"},{"label":"\u00bfSe puede?","link":"https:\/\/dudasytextos.com\/se-puede\/category\/se-puede\/"},{"label":"Se puede tomar paracetamol con antidepresivos","link":"https:\/\/dudasytextos.com\/se-puede\/se-puede-tomar-paracetamol-con-antidepresivos\/"}],"_links":{"self":[{"href":"https:\/\/dudasytextos.com\/se-puede\/wp-json\/wp\/v2\/posts\/74506","targetHints":{"allow":["GET"]}}],"collection":[{"href":"https:\/\/dudasytextos.com\/se-puede\/wp-json\/wp\/v2\/posts"}],"about":[{"href":"https:\/\/dudasytextos.com\/se-puede\/wp-json\/wp\/v2\/types\/post"}],"author":[{"embeddable":true,"href":"https:\/\/dudasytextos.com\/se-puede\/wp-json\/wp\/v2\/users\/1"}],"replies":[{"embeddable":true,"href":"https:\/\/dudasytextos.com\/se-puede\/wp-json\/wp\/v2\/comments?post=74506"}],"version-history":[{"count":0,"href":"https:\/\/dudasytextos.com\/se-puede\/wp-json\/wp\/v2\/posts\/74506\/revisions"}],"wp:attachment":[{"href":"https:\/\/dudasytextos.com\/se-puede\/wp-json\/wp\/v2\/media?parent=74506"}],"wp:term":[{"taxonomy":"category","embeddable":true,"href":"https:\/\/dudasytextos.com\/se-puede\/wp-json\/wp\/v2\/categories?post=74506"},{"taxonomy":"post_tag","embeddable":true,"href":"https:\/\/dudasytextos.com\/se-puede\/wp-json\/wp\/v2\/tags?post=74506"}],"curies":[{"name":"wp","href":"https:\/\/api.w.org\/{rel}","templated":true}]}}