{"id":74567,"date":"2025-02-27T09:31:40","date_gmt":"2025-02-27T09:31:40","guid":{"rendered":"https:\/\/soleyantonio.es\/el-jamon-serrano-se-puede-congelar\/"},"modified":"2025-03-13T06:45:26","modified_gmt":"2025-03-13T06:45:26","slug":"el-jamon-serrano-se-puede-congelar","status":"publish","type":"post","link":"https:\/\/dudasytextos.com\/se-puede\/el-jamon-serrano-se-puede-congelar\/","title":{"rendered":"El jamon serrano se puede congelar"},"content":{"rendered":"<div id=\"ez-toc-container\" class=\"ez-toc-v2_0_87 counter-hierarchy ez-toc-counter ez-toc-custom ez-toc-container-direction\">\n<div class=\"ez-toc-title-container\">\n<span class=\"ez-toc-title-toggle\"><\/span><\/div>\n<nav><ul class='ez-toc-list ez-toc-list-level-1 ' ><li class='ez-toc-page-1 ez-toc-heading-level-2'><a class=\"ez-toc-link ez-toc-heading-1\" href=\"https:\/\/dudasytextos.com\/se-puede\/el-jamon-serrano-se-puede-congelar\/#El_jamon_serrano_se_puede_congelar\" >El jam\u00f3n serrano se puede congelar<\/a><\/li><li class='ez-toc-page-1 ez-toc-heading-level-2'><a class=\"ez-toc-link ez-toc-heading-2\" href=\"https:\/\/dudasytextos.com\/se-puede\/el-jamon-serrano-se-puede-congelar\/#Introduccion\" >Introducci\u00f3n<\/a><\/li><li class='ez-toc-page-1 ez-toc-heading-level-2'><a class=\"ez-toc-link ez-toc-heading-3\" href=\"https:\/\/dudasytextos.com\/se-puede\/el-jamon-serrano-se-puede-congelar\/#Datos_interesantes_sobre_el_jamon_serrano\" >Datos interesantes sobre el jam\u00f3n serrano<\/a><\/li><li class='ez-toc-page-1 ez-toc-heading-level-2'><a class=\"ez-toc-link ez-toc-heading-4\" href=\"https:\/\/dudasytextos.com\/se-puede\/el-jamon-serrano-se-puede-congelar\/#Mi_experiencia_personal\" >Mi experiencia personal<\/a><\/li><li class='ez-toc-page-1 ez-toc-heading-level-2'><a class=\"ez-toc-link ez-toc-heading-5\" href=\"https:\/\/dudasytextos.com\/se-puede\/el-jamon-serrano-se-puede-congelar\/#%C2%BFSe_puede_congelar_el_jamon_serrano\" >\u00bfSe puede congelar el jam\u00f3n serrano?<\/a><\/li><li class='ez-toc-page-1 ez-toc-heading-level-2'><a class=\"ez-toc-link ez-toc-heading-6\" href=\"https:\/\/dudasytextos.com\/se-puede\/el-jamon-serrano-se-puede-congelar\/#%C2%BFComo_congelar_el_jamon_serrano\" >\u00bfC\u00f3mo congelar el jam\u00f3n serrano?<\/a><\/li><li class='ez-toc-page-1 ez-toc-heading-level-2'><a class=\"ez-toc-link ez-toc-heading-7\" href=\"https:\/\/dudasytextos.com\/se-puede\/el-jamon-serrano-se-puede-congelar\/#Preguntas_frecuentes\" >Preguntas frecuentes<\/a><ul class='ez-toc-list-level-3' ><li class='ez-toc-heading-level-3'><a class=\"ez-toc-link ez-toc-heading-8\" href=\"https:\/\/dudasytextos.com\/se-puede\/el-jamon-serrano-se-puede-congelar\/#%C2%BFCuanto_tiempo_puedo_conservar_el_jamon_serrano_congelado\" >\u00bfCu\u00e1nto tiempo puedo conservar el jam\u00f3n serrano congelado?<\/a><\/li><li class='ez-toc-page-1 ez-toc-heading-level-3'><a class=\"ez-toc-link ez-toc-heading-9\" href=\"https:\/\/dudasytextos.com\/se-puede\/el-jamon-serrano-se-puede-congelar\/#%C2%BFPuedo_congelar_el_jamon_serrano_ya_cortado_en_lonchas\" >\u00bfPuedo congelar el jam\u00f3n serrano ya cortado en lonchas?<\/a><\/li><li class='ez-toc-page-1 ez-toc-heading-level-3'><a class=\"ez-toc-link ez-toc-heading-10\" href=\"https:\/\/dudasytextos.com\/se-puede\/el-jamon-serrano-se-puede-congelar\/#%C2%BFPuedo_utilizar_el_jamon_serrano_congelado_para_cocinar\" >\u00bfPuedo utilizar el jam\u00f3n serrano congelado para cocinar?<\/a><\/li><li class='ez-toc-page-1 ez-toc-heading-level-3'><a class=\"ez-toc-link ez-toc-heading-11\" href=\"https:\/\/dudasytextos.com\/se-puede\/el-jamon-serrano-se-puede-congelar\/#%C2%BFPuedo_volver_a_congelar_el_jamon_serrano_despues_de_haberlo_descongelado\" >\u00bfPuedo volver a congelar el jam\u00f3n serrano despu\u00e9s de haberlo descongelado?<\/a><\/li><li class='ez-toc-page-1 ez-toc-heading-level-3'><a class=\"ez-toc-link ez-toc-heading-12\" href=\"https:\/\/dudasytextos.com\/se-puede\/el-jamon-serrano-se-puede-congelar\/#%C2%BFComo_puedo_saber_si_el_jamon_serrano_congelado_esta_en_mal_estado\" >\u00bfC\u00f3mo puedo saber si el jam\u00f3n serrano congelado est\u00e1 en mal estado?<\/a><\/li><li class='ez-toc-page-1 ez-toc-heading-level-3'><a class=\"ez-toc-link ez-toc-heading-13\" href=\"https:\/\/dudasytextos.com\/se-puede\/el-jamon-serrano-se-puede-congelar\/#%C2%BFPuedo_congelar_el_jamon_serrano_envasado_al_vacio\" >\u00bfPuedo congelar el jam\u00f3n serrano envasado al vac\u00edo?<\/a><\/li><\/ul><\/li><\/ul><\/nav><\/div>\n<h2><span class=\"ez-toc-section\" id=\"El_jamon_serrano_se_puede_congelar\"><\/span>El jam\u00f3n serrano se puede congelar<span class=\"ez-toc-section-end\"><\/span><\/h2>\n<h2><span class=\"ez-toc-section\" id=\"Introduccion\"><\/span>Introducci\u00f3n<span class=\"ez-toc-section-end\"><\/span><\/h2>\n<p>\u00a1Hola! Soy Ana Gonz\u00e1lez y en este art\u00edculo te contar\u00e9 todo lo que necesitas saber sobre el jam\u00f3n serrano y si se puede <a href=\"https:\/\/dudasytextos.com\/se-puede\/se-puede-congelar-la-empanada-del-mercadona\/\">congelar<\/a>. El jam\u00f3n serrano es un manjar muy valorado en Espa\u00f1a, conocido por su sabor y textura \u00fanica. Si te encuentras con una gran cantidad de jam\u00f3n serrano y no quieres que se desperdicie, es posible congelarlo para disfrutarlo m\u00e1s adelante. En este art\u00edculo, te explicar\u00e9 c\u00f3mo hacerlo correctamente y responder\u00e9 a las preguntas m\u00e1s frecuentes sobre este tema. \u00a1Sigue leyendo!<\/p>\n<h2><span class=\"ez-toc-section\" id=\"Datos_interesantes_sobre_el_jamon_serrano\"><\/span>Datos interesantes sobre el jam\u00f3n serrano<span class=\"ez-toc-section-end\"><\/span><\/h2>\n<ul>\n<li>El jam\u00f3n serrano es <a href=\"https:\/\/dudasytextos.com\/se-puede\/se-puede-hacer-escalera-en-el-uno\/\">uno<\/a> de los productos m\u00e1s emblem\u00e1ticos de la gastronom\u00eda espa\u00f1ola.<\/li>\n<li>Se obtiene de cerdos de raza blanca, criados en las zonas monta\u00f1osas de Espa\u00f1a.<\/li>\n<li>El proceso de curaci\u00f3n del jam\u00f3n serrano puede durar entre 9 y 18 meses.<\/li>\n<li>El jam\u00f3n serrano es una excelente fuente de prote\u00ednas y \u00e1cidos grasos saludables.<\/li>\n<li>En Espa\u00f1a, existen diferentes denominaciones de origen que garantizan la calidad y autenticidad del jam\u00f3n serrano.<\/li>\n<\/ul>\n<h2><span class=\"ez-toc-section\" id=\"Mi_experiencia_personal\"><\/span>Mi experiencia personal<span class=\"ez-toc-section-end\"><\/span><\/h2>\n<p>Como amante del jam\u00f3n serrano, he tenido la oportunidad de congelar algunos cortes para disfrutarlos en ocasiones especiales. A lo largo de los a\u00f1os, he aprendido algunos consejos \u00fatiles que me gustar\u00eda compartir contigo.<\/p>\n<h2><span class=\"ez-toc-section\" id=\"%C2%BFSe_puede_congelar_el_jamon_serrano\"><\/span>\u00bfSe puede congelar el jam\u00f3n serrano?<span class=\"ez-toc-section-end\"><\/span><\/h2>\n<p>S\u00ed, se puede congelar el jam\u00f3n serrano. Sin embargo, es importante tener en cuenta algunos aspectos para que el resultado sea \u00f3ptimo. A continuaci\u00f3n, te mostrar\u00e9 c\u00f3mo hacerlo correctamente:<\/p>\n<h2><span class=\"ez-toc-section\" id=\"%C2%BFComo_congelar_el_jamon_serrano\"><\/span>\u00bfC\u00f3mo congelar el jam\u00f3n serrano?<span class=\"ez-toc-section-end\"><\/span><\/h2>\n<p>1. Empieza por asegurarte de que el jam\u00f3n serrano est\u00e9 bien envuelto en papel film o en bolsas de congelaci\u00f3n. Esto evitar\u00e1 que se queme por el fr\u00edo.<\/p>\n<p>2. Si tienes un jam\u00f3n entero, puedes cortarlo en lonchas o en trozos m\u00e1s peque\u00f1os antes de congelarlo. De esta manera, ser\u00e1 m\u00e1s f\u00e1cil descongelar solo la cantidad que necesites en el futuro.<\/p>\n<p>3. Coloca el jam\u00f3n serrano en el congelador a una temperatura de -18\u00b0C o m\u00e1s <a href=\"https:\/\/dudasytextos.com\/se-puede\/se-puede-pedir-excedencia-estando-de-baja\/\">baja<\/a>. Esto garantizar\u00e1 que se mantenga en buen estado durante mucho tiempo.<\/p>\n<p>4. Recuerda etiquetar y fechar el jam\u00f3n serrano antes de guardarlo en el congelador. As\u00ed podr\u00e1s saber cu\u00e1nto tiempo ha estado congelado.<\/p>\n<p>5. Cuando quieras descongelar el jam\u00f3n serrano, ret\u00edralo del congelador y d\u00e9jalo en el refrigerador durante unas horas o toda la noche. Evita descongelarlo a temperatura ambiente para evitar la proliferaci\u00f3n de bacterias.<\/p>\n<h2><span class=\"ez-toc-section\" id=\"Preguntas_frecuentes\"><\/span>Preguntas frecuentes<span class=\"ez-toc-section-end\"><\/span><\/h2>\n<h3><span class=\"ez-toc-section\" id=\"%C2%BFCuanto_tiempo_puedo_conservar_el_jamon_serrano_congelado\"><\/span>\u00bfCu\u00e1nto tiempo puedo conservar el jam\u00f3n serrano congelado?<span class=\"ez-toc-section-end\"><\/span><\/h3>\n<p>El jam\u00f3n serrano puede conservarse congelado durante aproximadamente 6 meses sin que su calidad se vea afectada.<\/p>\n<h3><span class=\"ez-toc-section\" id=\"%C2%BFPuedo_congelar_el_jamon_serrano_ya_cortado_en_lonchas\"><\/span>\u00bfPuedo congelar el jam\u00f3n serrano ya cortado en lonchas?<span class=\"ez-toc-section-end\"><\/span><\/h3>\n<p>S\u00ed, puedes congelar el jam\u00f3n serrano ya cortado en lonchas. Aseg\u00farate de envolver cada loncha individualmente en papel film antes de congelarlas.<\/p>\n<h3><span class=\"ez-toc-section\" id=\"%C2%BFPuedo_utilizar_el_jamon_serrano_congelado_para_cocinar\"><\/span>\u00bfPuedo utilizar el jam\u00f3n serrano congelado para cocinar?<span class=\"ez-toc-section-end\"><\/span><\/h3>\n<p>S\u00ed, puedes utilizar el jam\u00f3n serrano congelado para cocinar. Sin embargo, ten en cuenta que la textura puede cambiar ligeramente despu\u00e9s de haber estado congelado. Es recomendable utilizarlo en recetas donde el sabor sea el protagonista.<\/p>\n<h3><span class=\"ez-toc-section\" id=\"%C2%BFPuedo_volver_a_congelar_el_jamon_serrano_despues_de_haberlo_descongelado\"><\/span>\u00bfPuedo volver a congelar el jam\u00f3n serrano despu\u00e9s de haberlo descongelado?<span class=\"ez-toc-section-end\"><\/span><\/h3>\n<p>No se recomienda volver a congelar el jam\u00f3n serrano despu\u00e9s de haberlo descongelado. Esto puede afectar su calidad y sabor.<\/p>\n<h3><span class=\"ez-toc-section\" id=\"%C2%BFComo_puedo_saber_si_el_jamon_serrano_congelado_esta_en_mal_estado\"><\/span>\u00bfC\u00f3mo puedo saber si el jam\u00f3n serrano congelado est\u00e1 en mal estado?<span class=\"ez-toc-section-end\"><\/span><\/h3>\n<p>Si el jam\u00f3n serrano congelado presenta un olor desagradable o cambios de color, es posible que est\u00e9 en mal estado. En ese caso, es mejor desecharlo.<\/p>\n<h3><span class=\"ez-toc-section\" id=\"%C2%BFPuedo_congelar_el_jamon_serrano_envasado_al_vacio\"><\/span>\u00bfPuedo congelar el jam\u00f3n serrano envasado al vac\u00edo?<span class=\"ez-toc-section-end\"><\/span><\/h3>\n<p>S\u00ed, puedes congelar el jam\u00f3n serrano envasado al vac\u00edo sin problemas. Este tipo de envasado ayuda a preservar su calidad y sabor.<\/p>\n<p>Recuerda que el jam\u00f3n serrano congelado no ser\u00e1 exactamente igual que el fresco, pero a\u00fan as\u00ed podr\u00e1s disfrutar de su delicioso sabor. \u00a1Espero que estos consejos te sean \u00fatiles!<\/p>\n<p>\u00a1Hasta la pr\u00f3xima!<\/p>\n","protected":false},"excerpt":{"rendered":"<p>El jam\u00f3n serrano se puede congelar Introducci\u00f3n \u00a1Hola! Soy Ana Gonz\u00e1lez y en este art\u00edculo te contar\u00e9 todo lo que necesitas saber sobre el jam\u00f3n serrano y si se puede congelar. El jam\u00f3n serrano es un manjar muy valorado en Espa\u00f1a, conocido por su sabor y textura \u00fanica. Si te encuentras con una gran cantidad &#8230; <a title=\"El jamon serrano se puede congelar\" class=\"read-more\" href=\"https:\/\/dudasytextos.com\/se-puede\/el-jamon-serrano-se-puede-congelar\/\" aria-label=\"M\u00e1s en El jamon serrano se puede congelar\">Leer m\u00e1s<\/a><\/p>\n","protected":false},"author":1,"featured_media":0,"comment_status":"open","ping_status":"open","sticky":false,"template":"","format":"standard","meta":{"footnotes":""},"categories":[3],"tags":[],"class_list":["post-74567","post","type-post","status-publish","format-standard","hentry","category-se-puede"],"aioseo_notices":[],"aioseo_head":"\n\t\t<!-- All in One SEO 5.0.1.1 - aioseo.com -->\n\t<meta name=\"description\" content=\"El jam\u00f3n serrano se puede congelar Introducci\u00f3n \u00a1Hola! Soy Ana Gonz\u00e1lez y en este art\u00edculo te contar\u00e9 todo lo que necesitas saber sobre el jam\u00f3n serrano y si se puede congelar. El jam\u00f3n serrano es un manjar muy valorado en Espa\u00f1a, conocido por su sabor y textura \u00fanica. Si te encuentras con una gran cantidad\" \/>\n\t<meta name=\"robots\" content=\"max-snippet:-1, max-image-preview:large, max-video-preview:-1\" \/>\n\t<meta name=\"author\" content=\"Ana Gonz\u00e1lez\"\/>\n\t<link rel=\"canonical\" href=\"https:\/\/dudasytextos.com\/se-puede\/el-jamon-serrano-se-puede-congelar\/\" \/>\n\t<meta name=\"generator\" content=\"All in One SEO (AIOSEO) 5.0.1.1\" \/>\n\n\t\t<script async src=\"https:\/\/pagead2.googlesyndication.com\/pagead\/js\/adsbygoogle.js?client=ca-pub-3987500858204711\"\n     crossorigin=\"anonymous\"><\/script>\n<!-- Google tag (gtag.js) -->\n<script async src=\"https:\/\/www.googletagmanager.com\/gtag\/js?id=G-TYJ2FRZ8ZF\"><\/script>\n<script>\n  window.dataLayer = window.dataLayer || [];\n  function gtag(){dataLayer.push(arguments);}\n  gtag('js', new Date());\n\n  gtag('config', 'G-TYJ2FRZ8ZF');\n<\/script>\n\t\t<meta property=\"og:locale\" content=\"es_ES\" \/>\n\t\t<meta property=\"og:site_name\" content=\"\u00bfSe Puede? - Tomar decisiones informadas y resolver dudas.\" \/>\n\t\t<meta property=\"og:type\" content=\"article\" \/>\n\t\t<meta property=\"og:title\" content=\"El jamon serrano se puede congelar (2026) \u00bfSe Puede?\" \/>\n\t\t<meta property=\"og:description\" content=\"El jam\u00f3n serrano se puede congelar Introducci\u00f3n \u00a1Hola! Soy Ana Gonz\u00e1lez y en este art\u00edculo te contar\u00e9 todo lo que necesitas saber sobre el jam\u00f3n serrano y si se puede congelar. El jam\u00f3n serrano es un manjar muy valorado en Espa\u00f1a, conocido por su sabor y textura \u00fanica. Si te encuentras con una gran cantidad\" \/>\n\t\t<meta property=\"og:url\" content=\"https:\/\/dudasytextos.com\/se-puede\/el-jamon-serrano-se-puede-congelar\/\" \/>\n\t\t<meta property=\"article:published_time\" content=\"2025-02-27T09:31:40+00:00\" \/>\n\t\t<meta property=\"article:modified_time\" content=\"2025-03-13T06:45:26+00:00\" \/>\n\t\t<meta name=\"twitter:card\" content=\"summary_large_image\" \/>\n\t\t<meta name=\"twitter:title\" content=\"El jamon serrano se puede congelar (2026) \u00bfSe Puede?\" \/>\n\t\t<meta name=\"twitter:description\" content=\"El jam\u00f3n serrano se puede congelar Introducci\u00f3n \u00a1Hola! Soy Ana Gonz\u00e1lez y en este art\u00edculo te contar\u00e9 todo lo que necesitas saber sobre el jam\u00f3n serrano y si se puede congelar. El jam\u00f3n serrano es un manjar muy valorado en Espa\u00f1a, conocido por su sabor y textura \u00fanica. Si te encuentras con una gran cantidad\" \/>\n\t\t<script type=\"application\/ld+json\" class=\"aioseo-schema\">\n\t\t\t{\"@context\":\"https:\\\/\\\/schema.org\",\"@graph\":[{\"@type\":\"BlogPosting\",\"@id\":\"https:\\\/\\\/dudasytextos.com\\\/se-puede\\\/el-jamon-serrano-se-puede-congelar\\\/#blogposting\",\"name\":\"El jamon serrano se puede congelar (2026) \\u00bfSe Puede?\",\"headline\":\"El jamon serrano se puede congelar\",\"author\":{\"@id\":\"https:\\\/\\\/dudasytextos.com\\\/se-puede\\\/author\\\/admin23\\\/#author\"},\"publisher\":{\"@id\":\"https:\\\/\\\/dudasytextos.com\\\/se-puede\\\/#organization\"},\"datePublished\":\"2025-02-27T09:31:40+00:00\",\"dateModified\":\"2025-03-13T06:45:26+00:00\",\"inLanguage\":\"es-ES\",\"mainEntityOfPage\":{\"@id\":\"https:\\\/\\\/dudasytextos.com\\\/se-puede\\\/el-jamon-serrano-se-puede-congelar\\\/#webpage\"},\"isPartOf\":{\"@id\":\"https:\\\/\\\/dudasytextos.com\\\/se-puede\\\/el-jamon-serrano-se-puede-congelar\\\/#webpage\"},\"articleSection\":\"\\u00bfSe puede?\"},{\"@type\":\"BreadcrumbList\",\"@id\":\"https:\\\/\\\/dudasytextos.com\\\/se-puede\\\/el-jamon-serrano-se-puede-congelar\\\/#breadcrumblist\",\"itemListElement\":[{\"@type\":\"ListItem\",\"@id\":\"https:\\\/\\\/dudasytextos.com\\\/se-puede#listItem\",\"position\":1,\"name\":\"Home\",\"item\":\"https:\\\/\\\/dudasytextos.com\\\/se-puede\",\"nextItem\":{\"@type\":\"ListItem\",\"@id\":\"https:\\\/\\\/dudasytextos.com\\\/se-puede\\\/category\\\/se-puede\\\/#listItem\",\"name\":\"\\u00bfSe puede?\"}},{\"@type\":\"ListItem\",\"@id\":\"https:\\\/\\\/dudasytextos.com\\\/se-puede\\\/category\\\/se-puede\\\/#listItem\",\"position\":2,\"name\":\"\\u00bfSe puede?\",\"item\":\"https:\\\/\\\/dudasytextos.com\\\/se-puede\\\/category\\\/se-puede\\\/\",\"nextItem\":{\"@type\":\"ListItem\",\"@id\":\"https:\\\/\\\/dudasytextos.com\\\/se-puede\\\/el-jamon-serrano-se-puede-congelar\\\/#listItem\",\"name\":\"El jamon serrano se puede congelar\"},\"previousItem\":{\"@type\":\"ListItem\",\"@id\":\"https:\\\/\\\/dudasytextos.com\\\/se-puede#listItem\",\"name\":\"Home\"}},{\"@type\":\"ListItem\",\"@id\":\"https:\\\/\\\/dudasytextos.com\\\/se-puede\\\/el-jamon-serrano-se-puede-congelar\\\/#listItem\",\"position\":3,\"name\":\"El jamon serrano se puede congelar\",\"previousItem\":{\"@type\":\"ListItem\",\"@id\":\"https:\\\/\\\/dudasytextos.com\\\/se-puede\\\/category\\\/se-puede\\\/#listItem\",\"name\":\"\\u00bfSe puede?\"}}]},{\"@type\":\"Organization\",\"@id\":\"https:\\\/\\\/dudasytextos.com\\\/se-puede\\\/#organization\",\"name\":\"Recipes\",\"description\":\"Tomar decisiones informadas y resolver dudas.\",\"url\":\"https:\\\/\\\/dudasytextos.com\\\/se-puede\\\/\"},{\"@type\":\"Person\",\"@id\":\"https:\\\/\\\/dudasytextos.com\\\/se-puede\\\/author\\\/admin23\\\/#author\",\"url\":\"https:\\\/\\\/dudasytextos.com\\\/se-puede\\\/author\\\/admin23\\\/\",\"name\":\"Ana Gonz\\u00e1lez\"},{\"@type\":\"WebPage\",\"@id\":\"https:\\\/\\\/dudasytextos.com\\\/se-puede\\\/el-jamon-serrano-se-puede-congelar\\\/#webpage\",\"url\":\"https:\\\/\\\/dudasytextos.com\\\/se-puede\\\/el-jamon-serrano-se-puede-congelar\\\/\",\"name\":\"El jamon serrano se puede congelar (2026) \\u00bfSe Puede?\",\"description\":\"El jam\\u00f3n serrano se puede congelar Introducci\\u00f3n \\u00a1Hola! Soy Ana Gonz\\u00e1lez y en este art\\u00edculo te contar\\u00e9 todo lo que necesitas saber sobre el jam\\u00f3n serrano y si se puede congelar. El jam\\u00f3n serrano es un manjar muy valorado en Espa\\u00f1a, conocido por su sabor y textura \\u00fanica. Si te encuentras con una gran cantidad\",\"inLanguage\":\"es-ES\",\"isPartOf\":{\"@id\":\"https:\\\/\\\/dudasytextos.com\\\/se-puede\\\/#website\"},\"breadcrumb\":{\"@id\":\"https:\\\/\\\/dudasytextos.com\\\/se-puede\\\/el-jamon-serrano-se-puede-congelar\\\/#breadcrumblist\"},\"author\":{\"@id\":\"https:\\\/\\\/dudasytextos.com\\\/se-puede\\\/author\\\/admin23\\\/#author\"},\"creator\":{\"@id\":\"https:\\\/\\\/dudasytextos.com\\\/se-puede\\\/author\\\/admin23\\\/#author\"},\"datePublished\":\"2025-02-27T09:31:40+00:00\",\"dateModified\":\"2025-03-13T06:45:26+00:00\"},{\"@type\":\"WebSite\",\"@id\":\"https:\\\/\\\/dudasytextos.com\\\/se-puede\\\/#website\",\"url\":\"https:\\\/\\\/dudasytextos.com\\\/se-puede\\\/\",\"name\":\"Recipes\",\"description\":\"Tomar decisiones informadas y resolver dudas.\",\"inLanguage\":\"es-ES\",\"publisher\":{\"@id\":\"https:\\\/\\\/dudasytextos.com\\\/se-puede\\\/#organization\"}}]}\n\t\t<\/script>\n\t\t<!-- All in One SEO -->\n\n","aioseo_head_json":{"title":"El jamon serrano se puede congelar (2026) \u00bfSe Puede?","description":"El jam\u00f3n serrano se puede congelar Introducci\u00f3n \u00a1Hola! Soy Ana Gonz\u00e1lez y en este art\u00edculo te contar\u00e9 todo lo que necesitas saber sobre el jam\u00f3n serrano y si se puede congelar. El jam\u00f3n serrano es un manjar muy valorado en Espa\u00f1a, conocido por su sabor y textura \u00fanica. Si te encuentras con una gran cantidad","canonical_url":"https:\/\/dudasytextos.com\/se-puede\/el-jamon-serrano-se-puede-congelar\/","robots":"max-snippet:-1, max-image-preview:large, max-video-preview:-1","keywords":"","webmasterTools":{"miscellaneous":"&lt;script async src=\"https:\/\/pagead2.googlesyndication.com\/pagead\/js\/adsbygoogle.js?client=ca-pub-3987500858204711\"\n     crossorigin=\"anonymous\"&gt;&lt;\/script&gt;\n&lt;!-- Google tag (gtag.js) --&gt;\n&lt;script async src=\"https:\/\/www.googletagmanager.com\/gtag\/js?id=G-TYJ2FRZ8ZF\"&gt;&lt;\/script&gt;\n&lt;script&gt;\n  window.dataLayer = window.dataLayer || [];\n  function gtag(){dataLayer.push(arguments);}\n  gtag('js', new Date());\n\n  gtag('config', 'G-TYJ2FRZ8ZF');\n&lt;\/script&gt;"},"schema":{"@context":"https:\/\/schema.org","@graph":[{"@type":"BlogPosting","@id":"https:\/\/dudasytextos.com\/se-puede\/el-jamon-serrano-se-puede-congelar\/#blogposting","name":"El jamon serrano se puede congelar (2026) \u00bfSe Puede?","headline":"El jamon serrano se puede congelar","author":{"@id":"https:\/\/dudasytextos.com\/se-puede\/author\/admin23\/#author"},"publisher":{"@id":"https:\/\/dudasytextos.com\/se-puede\/#organization"},"datePublished":"2025-02-27T09:31:40+00:00","dateModified":"2025-03-13T06:45:26+00:00","inLanguage":"es-ES","mainEntityOfPage":{"@id":"https:\/\/dudasytextos.com\/se-puede\/el-jamon-serrano-se-puede-congelar\/#webpage"},"isPartOf":{"@id":"https:\/\/dudasytextos.com\/se-puede\/el-jamon-serrano-se-puede-congelar\/#webpage"},"articleSection":"\u00bfSe puede?"},{"@type":"BreadcrumbList","@id":"https:\/\/dudasytextos.com\/se-puede\/el-jamon-serrano-se-puede-congelar\/#breadcrumblist","itemListElement":[{"@type":"ListItem","@id":"https:\/\/dudasytextos.com\/se-puede#listItem","position":1,"name":"Home","item":"https:\/\/dudasytextos.com\/se-puede","nextItem":{"@type":"ListItem","@id":"https:\/\/dudasytextos.com\/se-puede\/category\/se-puede\/#listItem","name":"\u00bfSe puede?"}},{"@type":"ListItem","@id":"https:\/\/dudasytextos.com\/se-puede\/category\/se-puede\/#listItem","position":2,"name":"\u00bfSe puede?","item":"https:\/\/dudasytextos.com\/se-puede\/category\/se-puede\/","nextItem":{"@type":"ListItem","@id":"https:\/\/dudasytextos.com\/se-puede\/el-jamon-serrano-se-puede-congelar\/#listItem","name":"El jamon serrano se puede congelar"},"previousItem":{"@type":"ListItem","@id":"https:\/\/dudasytextos.com\/se-puede#listItem","name":"Home"}},{"@type":"ListItem","@id":"https:\/\/dudasytextos.com\/se-puede\/el-jamon-serrano-se-puede-congelar\/#listItem","position":3,"name":"El jamon serrano se puede congelar","previousItem":{"@type":"ListItem","@id":"https:\/\/dudasytextos.com\/se-puede\/category\/se-puede\/#listItem","name":"\u00bfSe puede?"}}]},{"@type":"Organization","@id":"https:\/\/dudasytextos.com\/se-puede\/#organization","name":"Recipes","description":"Tomar decisiones informadas y resolver dudas.","url":"https:\/\/dudasytextos.com\/se-puede\/"},{"@type":"Person","@id":"https:\/\/dudasytextos.com\/se-puede\/author\/admin23\/#author","url":"https:\/\/dudasytextos.com\/se-puede\/author\/admin23\/","name":"Ana Gonz\u00e1lez"},{"@type":"WebPage","@id":"https:\/\/dudasytextos.com\/se-puede\/el-jamon-serrano-se-puede-congelar\/#webpage","url":"https:\/\/dudasytextos.com\/se-puede\/el-jamon-serrano-se-puede-congelar\/","name":"El jamon serrano se puede congelar (2026) \u00bfSe Puede?","description":"El jam\u00f3n serrano se puede congelar Introducci\u00f3n \u00a1Hola! Soy Ana Gonz\u00e1lez y en este art\u00edculo te contar\u00e9 todo lo que necesitas saber sobre el jam\u00f3n serrano y si se puede congelar. El jam\u00f3n serrano es un manjar muy valorado en Espa\u00f1a, conocido por su sabor y textura \u00fanica. Si te encuentras con una gran cantidad","inLanguage":"es-ES","isPartOf":{"@id":"https:\/\/dudasytextos.com\/se-puede\/#website"},"breadcrumb":{"@id":"https:\/\/dudasytextos.com\/se-puede\/el-jamon-serrano-se-puede-congelar\/#breadcrumblist"},"author":{"@id":"https:\/\/dudasytextos.com\/se-puede\/author\/admin23\/#author"},"creator":{"@id":"https:\/\/dudasytextos.com\/se-puede\/author\/admin23\/#author"},"datePublished":"2025-02-27T09:31:40+00:00","dateModified":"2025-03-13T06:45:26+00:00"},{"@type":"WebSite","@id":"https:\/\/dudasytextos.com\/se-puede\/#website","url":"https:\/\/dudasytextos.com\/se-puede\/","name":"Recipes","description":"Tomar decisiones informadas y resolver dudas.","inLanguage":"es-ES","publisher":{"@id":"https:\/\/dudasytextos.com\/se-puede\/#organization"}}]},"og:locale":"es_ES","og:site_name":"\u00bfSe Puede? - Tomar decisiones informadas y resolver dudas.","og:type":"article","og:title":"El jamon serrano se puede congelar (2026) \u00bfSe Puede?","og:description":"El jam\u00f3n serrano se puede congelar Introducci\u00f3n \u00a1Hola! Soy Ana Gonz\u00e1lez y en este art\u00edculo te contar\u00e9 todo lo que necesitas saber sobre el jam\u00f3n serrano y si se puede congelar. El jam\u00f3n serrano es un manjar muy valorado en Espa\u00f1a, conocido por su sabor y textura \u00fanica. Si te encuentras con una gran cantidad","og:url":"https:\/\/dudasytextos.com\/se-puede\/el-jamon-serrano-se-puede-congelar\/","article:published_time":"2025-02-27T09:31:40+00:00","article:modified_time":"2025-03-13T06:45:26+00:00","twitter:card":"summary_large_image","twitter:title":"El jamon serrano se puede congelar (2026) \u00bfSe Puede?","twitter:description":"El jam\u00f3n serrano se puede congelar Introducci\u00f3n \u00a1Hola! Soy Ana Gonz\u00e1lez y en este art\u00edculo te contar\u00e9 todo lo que necesitas saber sobre el jam\u00f3n serrano y si se puede congelar. El jam\u00f3n serrano es un manjar muy valorado en Espa\u00f1a, conocido por su sabor y textura \u00fanica. Si te encuentras con una gran cantidad"},"aioseo_meta_data":{"post_id":"74567","title":null,"description":null,"keywords":null,"keyphrases":null,"primary_term":null,"canonical_url":null,"og_title":null,"og_description":null,"og_object_type":"default","og_image_type":"default","og_image_url":null,"og_image_width":null,"og_image_height":null,"og_image_custom_url":null,"og_image_custom_fields":null,"og_video":null,"og_custom_url":null,"og_article_section":null,"og_article_tags":null,"twitter_use_og":false,"twitter_card":"default","twitter_image_type":"default","twitter_image_url":null,"twitter_image_custom_url":null,"twitter_image_custom_fields":null,"twitter_title":null,"twitter_description":null,"schema":{"blockGraphs":[],"customGraphs":[],"default":{"data":{"Article":[],"Course":[],"Dataset":[],"FAQPage":[],"Movie":[],"Person":[],"Product":[],"ProductReview":[],"Car":[],"Recipe":[],"Service":[],"SoftwareApplication":[],"WebPage":[]},"graphName":"","isEnabled":true},"graphs":[]},"schema_type":"default","schema_type_options":null,"pillar_content":false,"robots_default":true,"robots_noindex":false,"robots_noarchive":false,"robots_nosnippet":false,"robots_nofollow":false,"robots_noimageindex":false,"robots_noodp":false,"robots_notranslate":false,"robots_max_snippet":null,"robots_max_videopreview":null,"robots_max_imagepreview":"large","priority":null,"frequency":null,"local_seo":null,"breadcrumb_settings":null,"limit_modified_date":false,"ai":null,"created":"2023-07-13 07:32:56","updated":"2025-03-14 01:16:03","seo_analyzer_scan_date":null,"focus_keyword":null,"additional_keywords":null,"truseo_locale":null},"aioseo_breadcrumb":"<div class=\"aioseo-breadcrumbs\"><span class=\"aioseo-breadcrumb\">\n\t\t\t<a href=\"https:\/\/dudasytextos.com\/se-puede\" title=\"Home\">Home<\/a>\n\t\t<\/span><span class=\"aioseo-breadcrumb-separator\">&raquo;<\/span><span class=\"aioseo-breadcrumb\">\n\t\t\t<a href=\"https:\/\/dudasytextos.com\/se-puede\/category\/se-puede\/\" title=\"\u00bfSe puede?\">\u00bfSe puede?<\/a>\n\t\t<\/span><span class=\"aioseo-breadcrumb-separator\">&raquo;<\/span><span class=\"aioseo-breadcrumb\">\n\t\t\tEl jamon serrano se puede congelar\n\t\t<\/span><\/div>","aioseo_breadcrumb_json":[{"label":"Home","link":"https:\/\/dudasytextos.com\/se-puede"},{"label":"\u00bfSe puede?","link":"https:\/\/dudasytextos.com\/se-puede\/category\/se-puede\/"},{"label":"El jamon serrano se puede congelar","link":"https:\/\/dudasytextos.com\/se-puede\/el-jamon-serrano-se-puede-congelar\/"}],"_links":{"self":[{"href":"https:\/\/dudasytextos.com\/se-puede\/wp-json\/wp\/v2\/posts\/74567","targetHints":{"allow":["GET"]}}],"collection":[{"href":"https:\/\/dudasytextos.com\/se-puede\/wp-json\/wp\/v2\/posts"}],"about":[{"href":"https:\/\/dudasytextos.com\/se-puede\/wp-json\/wp\/v2\/types\/post"}],"author":[{"embeddable":true,"href":"https:\/\/dudasytextos.com\/se-puede\/wp-json\/wp\/v2\/users\/1"}],"replies":[{"embeddable":true,"href":"https:\/\/dudasytextos.com\/se-puede\/wp-json\/wp\/v2\/comments?post=74567"}],"version-history":[{"count":0,"href":"https:\/\/dudasytextos.com\/se-puede\/wp-json\/wp\/v2\/posts\/74567\/revisions"}],"wp:attachment":[{"href":"https:\/\/dudasytextos.com\/se-puede\/wp-json\/wp\/v2\/media?parent=74567"}],"wp:term":[{"taxonomy":"category","embeddable":true,"href":"https:\/\/dudasytextos.com\/se-puede\/wp-json\/wp\/v2\/categories?post=74567"},{"taxonomy":"post_tag","embeddable":true,"href":"https:\/\/dudasytextos.com\/se-puede\/wp-json\/wp\/v2\/tags?post=74567"}],"curies":[{"name":"wp","href":"https:\/\/api.w.org\/{rel}","templated":true}]}}