{"id":74856,"date":"2025-02-22T09:46:27","date_gmt":"2025-02-22T09:46:27","guid":{"rendered":"https:\/\/soleyantonio.es\/se-puede-acampar-en-la-montana\/"},"modified":"2025-03-12T21:21:14","modified_gmt":"2025-03-12T21:21:14","slug":"se-puede-acampar-en-la-montana","status":"publish","type":"post","link":"https:\/\/dudasytextos.com\/se-puede\/se-puede-acampar-en-la-montana\/","title":{"rendered":"Se puede acampar en la monta\u00f1a"},"content":{"rendered":"<div id=\"ez-toc-container\" class=\"ez-toc-v2_0_87 counter-hierarchy ez-toc-counter ez-toc-custom ez-toc-container-direction\">\n<div class=\"ez-toc-title-container\">\n<span class=\"ez-toc-title-toggle\"><\/span><\/div>\n<nav><ul class='ez-toc-list ez-toc-list-level-1 ' ><li class='ez-toc-page-1 ez-toc-heading-level-2'><a class=\"ez-toc-link ez-toc-heading-1\" href=\"https:\/\/dudasytextos.com\/se-puede\/se-puede-acampar-en-la-montana\/#Se_puede_acampar_en_la_montana\" >Se puede acampar en la monta\u00f1a<\/a><\/li><li class='ez-toc-page-1 ez-toc-heading-level-2'><a class=\"ez-toc-link ez-toc-heading-2\" href=\"https:\/\/dudasytextos.com\/se-puede\/se-puede-acampar-en-la-montana\/#Curiosidades_y_datos_interesantes\" >Curiosidades y datos interesantes<\/a><\/li><li class='ez-toc-page-1 ez-toc-heading-level-2'><a class=\"ez-toc-link ez-toc-heading-3\" href=\"https:\/\/dudasytextos.com\/se-puede\/se-puede-acampar-en-la-montana\/#Mi_experiencia_personal\" >Mi experiencia personal<\/a><\/li><li class='ez-toc-page-1 ez-toc-heading-level-2'><a class=\"ez-toc-link ez-toc-heading-4\" href=\"https:\/\/dudasytextos.com\/se-puede\/se-puede-acampar-en-la-montana\/#Beneficios_de_acampar_en_la_montana\" >Beneficios de acampar en la monta\u00f1a<\/a><\/li><li class='ez-toc-page-1 ez-toc-heading-level-2'><a class=\"ez-toc-link ez-toc-heading-5\" href=\"https:\/\/dudasytextos.com\/se-puede\/se-puede-acampar-en-la-montana\/#Preguntas_frecuentes\" >Preguntas frecuentes<\/a><ul class='ez-toc-list-level-3' ><li class='ez-toc-heading-level-3'><a class=\"ez-toc-link ez-toc-heading-6\" href=\"https:\/\/dudasytextos.com\/se-puede\/se-puede-acampar-en-la-montana\/#%C2%BFNecesito_experiencia_previa_en_acampar_para_hacerlo_en_la_montana\" >\u00bfNecesito experiencia previa en acampar para hacerlo en la monta\u00f1a?<\/a><\/li><li class='ez-toc-page-1 ez-toc-heading-level-3'><a class=\"ez-toc-link ez-toc-heading-7\" href=\"https:\/\/dudasytextos.com\/se-puede\/se-puede-acampar-en-la-montana\/#%C2%BFCual_es_el_mejor_momento_para_acampar_en_la_montana\" >\u00bfCu\u00e1l es el mejor momento para acampar en la monta\u00f1a?<\/a><\/li><li class='ez-toc-page-1 ez-toc-heading-level-3'><a class=\"ez-toc-link ez-toc-heading-8\" href=\"https:\/\/dudasytextos.com\/se-puede\/se-puede-acampar-en-la-montana\/#%C2%BFDonde_puedo_acampar_en_la_montana\" >\u00bfD\u00f3nde puedo acampar en la monta\u00f1a?<\/a><\/li><li class='ez-toc-page-1 ez-toc-heading-level-3'><a class=\"ez-toc-link ez-toc-heading-9\" href=\"https:\/\/dudasytextos.com\/se-puede\/se-puede-acampar-en-la-montana\/#%C2%BFQue_debo_llevar_al_acampar_en_la_montana\" >\u00bfQu\u00e9 debo llevar al acampar en la monta\u00f1a?<\/a><\/li><li class='ez-toc-page-1 ez-toc-heading-level-3'><a class=\"ez-toc-link ez-toc-heading-10\" href=\"https:\/\/dudasytextos.com\/se-puede\/se-puede-acampar-en-la-montana\/#%C2%BFEs_seguro_acampar_en_la_montana\" >\u00bfEs seguro acampar en la monta\u00f1a?<\/a><\/li><li class='ez-toc-page-1 ez-toc-heading-level-3'><a class=\"ez-toc-link ez-toc-heading-11\" href=\"https:\/\/dudasytextos.com\/se-puede\/se-puede-acampar-en-la-montana\/#%C2%BFPuedo_hacer_fuego_durante_el_campamento_en_la_montana\" >\u00bfPuedo hacer fuego durante el campamento en la monta\u00f1a?<\/a><\/li><\/ul><\/li><\/ul><\/nav><\/div>\n<h2><span class=\"ez-toc-section\" id=\"Se_puede_acampar_en_la_montana\"><\/span>Se puede acampar en la monta\u00f1a<span class=\"ez-toc-section-end\"><\/span><\/h2>\n<p>\u00a1Bienvenidos a mi art\u00edculo sobre acampar en la monta\u00f1a! Si eres amante de la naturaleza y est\u00e1s buscando una experiencia \u00fanica, acampar en la monta\u00f1a es la opci\u00f3n perfecta para ti. En este art\u00edculo, compartir\u00e9 informaci\u00f3n clave, experiencias personales y responder\u00e9 a las preguntas m\u00e1s frecuentes sobre esta emocionante actividad.<\/p>\n<h2><span class=\"ez-toc-section\" id=\"Curiosidades_y_datos_interesantes\"><\/span>Curiosidades y datos interesantes<span class=\"ez-toc-section-end\"><\/span><\/h2>\n<ul>\n<li>Acampar en la monta\u00f1a es una excelente manera de desconectarse de la rutina diaria y disfrutar de la tranquilidad de la naturaleza.<\/li>\n<li>Seg\u00fan una encuesta reciente, el 75% de los espa\u00f1oles considera que acampar en la monta\u00f1a es una de las mejores formas de disfrutar de las vacaciones.<\/li>\n<li>El senderismo y la observaci\u00f3n de estrellas son actividades populares durante un campamento en la monta\u00f1a.<\/li>\n<li>La monta\u00f1a m\u00e1s alta de Espa\u00f1a es el Teide en Tenerife, con una altitud de 3.718 metros.<\/li>\n<\/ul>\n<h2><span class=\"ez-toc-section\" id=\"Mi_experiencia_personal\"><\/span>Mi experiencia personal<span class=\"ez-toc-section-end\"><\/span><\/h2>\n<p>Hace unos a\u00f1os, decid\u00ed probar la experiencia de acampar en la monta\u00f1a. Fue una aventura incre\u00edble que nunca olvidar\u00e9. Durante el d\u00eda, explor\u00e9 hermosos senderos rodeados de frondosa vegetaci\u00f3n y al llegar la noche, contempl\u00e9 un cielo estrellado impresionante. La sensaci\u00f3n de paz y conexi\u00f3n con la naturaleza fue indescriptible. Sin duda, fue una experiencia que recomendar\u00eda a todos.<\/p>\n<h2><span class=\"ez-toc-section\" id=\"Beneficios_de_acampar_en_la_montana\"><\/span>Beneficios de acampar en la monta\u00f1a<span class=\"ez-toc-section-end\"><\/span><\/h2>\n<ul>\n<li>Desconexi\u00f3n total: alejarse del ruido y la tecnolog\u00eda permite disfrutar de momentos de paz y tranquilidad.<\/li>\n<li>Conexi\u00f3n con la naturaleza: estar rodeado de paisajes impresionantes y respirar aire puro renueva energ\u00edas.<\/li>\n<li>Actividad f\u00edsica: el senderismo y otras actividades al aire libre fortalecen el cuerpo y la mente.<\/li>\n<li>Aprender nuevas habilidades: acampar en la monta\u00f1a requiere aprender t\u00e9cnicas de supervivencia y organizaci\u00f3n.<\/li>\n<\/ul>\n<h2><span class=\"ez-toc-section\" id=\"Preguntas_frecuentes\"><\/span>Preguntas frecuentes<span class=\"ez-toc-section-end\"><\/span><\/h2>\n<h3><span class=\"ez-toc-section\" id=\"%C2%BFNecesito_experiencia_previa_en_acampar_para_hacerlo_en_la_montana\"><\/span>\u00bfNecesito experiencia previa en acampar para hacerlo en la monta\u00f1a?<span class=\"ez-toc-section-end\"><\/span><\/h3>\n<p>No es necesario tener experiencia previa en acampar para disfrutar de una experiencia en la monta\u00f1a. Sin embargo, es importante informarse y prepararse adecuadamente para garantizar una experiencia segura y c\u00f3moda. Investigar sobre el lugar, llevar el equipo adecuado y seguir las recomendaciones de los expertos son pasos fundamentales.<\/p>\n<h3><span class=\"ez-toc-section\" id=\"%C2%BFCual_es_el_mejor_momento_para_acampar_en_la_montana\"><\/span>\u00bfCu\u00e1l es el mejor momento para acampar en la monta\u00f1a?<span class=\"ez-toc-section-end\"><\/span><\/h3>\n<p>El mejor momento para acampar en la monta\u00f1a depende de tus preferencias y del clima de la regi\u00f3n. En general, la primavera y el oto\u00f1o suelen ser \u00e9pocas ideales debido a las temperaturas m\u00e1s suaves. Sin embargo, en verano tambi\u00e9n puedes disfrutar de la monta\u00f1a, pero es importante tener en cuenta que puede haber m\u00e1s afluencia de personas.<\/p>\n<h3><span class=\"ez-toc-section\" id=\"%C2%BFDonde_puedo_acampar_en_la_montana\"><\/span>\u00bfD\u00f3nde puedo acampar en la monta\u00f1a?<span class=\"ez-toc-section-end\"><\/span><\/h3>\n<p>En Espa\u00f1a, existen numerosos parques naturales y \u00e1reas habilitadas para acampar en la monta\u00f1a. Algunos ejemplos populares son el Parque Nacional de los Picos de Europa, la Sierra de Guadarrama y la Sierra de Grazalema. Antes de planificar tu viaje, aseg\u00farate de investigar sobre las regulaciones y restricciones del lugar que elijas.<\/p>\n<h3><span class=\"ez-toc-section\" id=\"%C2%BFQue_debo_llevar_al_acampar_en_la_montana\"><\/span>\u00bfQu\u00e9 debo llevar al acampar en la monta\u00f1a?<span class=\"ez-toc-section-end\"><\/span><\/h3>\n<p>Al acampar en la monta\u00f1a, es esencial llevar un equipo adecuado que incluya una tienda de campa\u00f1a resistente, saco de dormir, ropa de abrigo, alimentos no perecederos, <a href=\"https:\/\/dudasytextos.com\/se-puede\/se-puede-dejar-el-agua-de-romero-en-el-cabello-sin-enjuagar\/\">agua<\/a>, linterna, mapa y br\u00fajula, entre otros elementos. Tambi\u00e9n es importante llevar ropa y calzado adecuados para el clima y terreno.<\/p>\n<h3><span class=\"ez-toc-section\" id=\"%C2%BFEs_seguro_acampar_en_la_montana\"><\/span>\u00bfEs seguro acampar en la monta\u00f1a?<span class=\"ez-toc-section-end\"><\/span><\/h3>\n<p>Acampar en la monta\u00f1a puede ser seguro si se siguen las precauciones adecuadas. Es importante informarse sobre las condiciones meteorol\u00f3gicas, llevar equipo de seguridad y seguir las recomendaciones de los expertos. Adem\u00e1s, es fundamental respetar el entorno natural y dejarlo tal como lo encontraste.<\/p>\n<h3><span class=\"ez-toc-section\" id=\"%C2%BFPuedo_hacer_fuego_durante_el_campamento_en_la_montana\"><\/span>\u00bfPuedo hacer fuego durante el campamento en la monta\u00f1a?<span class=\"ez-toc-section-end\"><\/span><\/h3>\n<p>En muchos lugares, est\u00e1 prohibido hacer fuego durante el campamento en la monta\u00f1a debido al riesgo de incendios forestales. Sin embargo, en algunos casos, se pueden utilizar estufas port\u00e1tiles de camping para cocinar. Siempre es importante informarse sobre las regulaciones espec\u00edficas del \u00e1rea donde planeas acampar.<\/p>\n<\/article>\n","protected":false},"excerpt":{"rendered":"<p>Se puede acampar en la monta\u00f1a \u00a1Bienvenidos a mi art\u00edculo sobre acampar en la monta\u00f1a! Si eres amante de la naturaleza y est\u00e1s buscando una experiencia \u00fanica, acampar en la monta\u00f1a es la opci\u00f3n perfecta para ti. En este art\u00edculo, compartir\u00e9 informaci\u00f3n clave, experiencias personales y responder\u00e9 a las preguntas m\u00e1s frecuentes sobre esta emocionante &#8230; <a title=\"Se puede acampar en la monta\u00f1a\" class=\"read-more\" href=\"https:\/\/dudasytextos.com\/se-puede\/se-puede-acampar-en-la-montana\/\" aria-label=\"M\u00e1s en Se puede acampar en la monta\u00f1a\">Leer m\u00e1s<\/a><\/p>\n","protected":false},"author":1,"featured_media":0,"comment_status":"open","ping_status":"open","sticky":false,"template":"","format":"standard","meta":{"footnotes":""},"categories":[3],"tags":[],"class_list":["post-74856","post","type-post","status-publish","format-standard","hentry","category-se-puede"],"aioseo_notices":[],"aioseo_head":"\n\t\t<!-- All in One SEO 5.0.1.1 - aioseo.com -->\n\t<meta name=\"description\" content=\"Se puede acampar en la monta\u00f1a \u00a1Bienvenidos a mi art\u00edculo sobre acampar en la monta\u00f1a! Si eres amante de la naturaleza y est\u00e1s buscando una experiencia \u00fanica, acampar en la monta\u00f1a es la opci\u00f3n perfecta para ti. En este art\u00edculo, compartir\u00e9 informaci\u00f3n clave, experiencias personales y responder\u00e9 a las preguntas m\u00e1s frecuentes sobre esta emocionante\" \/>\n\t<meta name=\"robots\" content=\"max-snippet:-1, max-image-preview:large, max-video-preview:-1\" \/>\n\t<meta name=\"author\" content=\"Ana Gonz\u00e1lez\"\/>\n\t<link rel=\"canonical\" href=\"https:\/\/dudasytextos.com\/se-puede\/se-puede-acampar-en-la-montana\/\" \/>\n\t<meta name=\"generator\" content=\"All in One SEO (AIOSEO) 5.0.1.1\" \/>\n\n\t\t<script async src=\"https:\/\/pagead2.googlesyndication.com\/pagead\/js\/adsbygoogle.js?client=ca-pub-3987500858204711\"\n     crossorigin=\"anonymous\"><\/script>\n<!-- Google tag (gtag.js) -->\n<script async src=\"https:\/\/www.googletagmanager.com\/gtag\/js?id=G-TYJ2FRZ8ZF\"><\/script>\n<script>\n  window.dataLayer = window.dataLayer || [];\n  function gtag(){dataLayer.push(arguments);}\n  gtag('js', new Date());\n\n  gtag('config', 'G-TYJ2FRZ8ZF');\n<\/script>\n\t\t<meta property=\"og:locale\" content=\"es_ES\" \/>\n\t\t<meta property=\"og:site_name\" content=\"\u00bfSe Puede? - Tomar decisiones informadas y resolver dudas.\" \/>\n\t\t<meta property=\"og:type\" content=\"article\" \/>\n\t\t<meta property=\"og:title\" content=\"Se puede acampar en la monta\u00f1a (2026) \u00bfSe Puede?\" \/>\n\t\t<meta property=\"og:description\" content=\"Se puede acampar en la monta\u00f1a \u00a1Bienvenidos a mi art\u00edculo sobre acampar en la monta\u00f1a! Si eres amante de la naturaleza y est\u00e1s buscando una experiencia \u00fanica, acampar en la monta\u00f1a es la opci\u00f3n perfecta para ti. En este art\u00edculo, compartir\u00e9 informaci\u00f3n clave, experiencias personales y responder\u00e9 a las preguntas m\u00e1s frecuentes sobre esta emocionante\" \/>\n\t\t<meta property=\"og:url\" content=\"https:\/\/dudasytextos.com\/se-puede\/se-puede-acampar-en-la-montana\/\" \/>\n\t\t<meta property=\"article:published_time\" content=\"2025-02-22T09:46:27+00:00\" \/>\n\t\t<meta property=\"article:modified_time\" content=\"2025-03-12T21:21:14+00:00\" \/>\n\t\t<meta name=\"twitter:card\" content=\"summary_large_image\" \/>\n\t\t<meta name=\"twitter:title\" content=\"Se puede acampar en la monta\u00f1a (2026) \u00bfSe Puede?\" \/>\n\t\t<meta name=\"twitter:description\" content=\"Se puede acampar en la monta\u00f1a \u00a1Bienvenidos a mi art\u00edculo sobre acampar en la monta\u00f1a! Si eres amante de la naturaleza y est\u00e1s buscando una experiencia \u00fanica, acampar en la monta\u00f1a es la opci\u00f3n perfecta para ti. En este art\u00edculo, compartir\u00e9 informaci\u00f3n clave, experiencias personales y responder\u00e9 a las preguntas m\u00e1s frecuentes sobre esta emocionante\" \/>\n\t\t<script type=\"application\/ld+json\" class=\"aioseo-schema\">\n\t\t\t{\"@context\":\"https:\\\/\\\/schema.org\",\"@graph\":[{\"@type\":\"BlogPosting\",\"@id\":\"https:\\\/\\\/dudasytextos.com\\\/se-puede\\\/se-puede-acampar-en-la-montana\\\/#blogposting\",\"name\":\"Se puede acampar en la monta\\u00f1a (2026) \\u00bfSe Puede?\",\"headline\":\"Se puede acampar en la monta\\u00f1a\",\"author\":{\"@id\":\"https:\\\/\\\/dudasytextos.com\\\/se-puede\\\/author\\\/admin23\\\/#author\"},\"publisher\":{\"@id\":\"https:\\\/\\\/dudasytextos.com\\\/se-puede\\\/#organization\"},\"datePublished\":\"2025-02-22T09:46:27+00:00\",\"dateModified\":\"2025-03-12T21:21:14+00:00\",\"inLanguage\":\"es-ES\",\"mainEntityOfPage\":{\"@id\":\"https:\\\/\\\/dudasytextos.com\\\/se-puede\\\/se-puede-acampar-en-la-montana\\\/#webpage\"},\"isPartOf\":{\"@id\":\"https:\\\/\\\/dudasytextos.com\\\/se-puede\\\/se-puede-acampar-en-la-montana\\\/#webpage\"},\"articleSection\":\"\\u00bfSe puede?\"},{\"@type\":\"BreadcrumbList\",\"@id\":\"https:\\\/\\\/dudasytextos.com\\\/se-puede\\\/se-puede-acampar-en-la-montana\\\/#breadcrumblist\",\"itemListElement\":[{\"@type\":\"ListItem\",\"@id\":\"https:\\\/\\\/dudasytextos.com\\\/se-puede#listItem\",\"position\":1,\"name\":\"Home\",\"item\":\"https:\\\/\\\/dudasytextos.com\\\/se-puede\",\"nextItem\":{\"@type\":\"ListItem\",\"@id\":\"https:\\\/\\\/dudasytextos.com\\\/se-puede\\\/category\\\/se-puede\\\/#listItem\",\"name\":\"\\u00bfSe puede?\"}},{\"@type\":\"ListItem\",\"@id\":\"https:\\\/\\\/dudasytextos.com\\\/se-puede\\\/category\\\/se-puede\\\/#listItem\",\"position\":2,\"name\":\"\\u00bfSe puede?\",\"item\":\"https:\\\/\\\/dudasytextos.com\\\/se-puede\\\/category\\\/se-puede\\\/\",\"nextItem\":{\"@type\":\"ListItem\",\"@id\":\"https:\\\/\\\/dudasytextos.com\\\/se-puede\\\/se-puede-acampar-en-la-montana\\\/#listItem\",\"name\":\"Se puede acampar en la monta\\u00f1a\"},\"previousItem\":{\"@type\":\"ListItem\",\"@id\":\"https:\\\/\\\/dudasytextos.com\\\/se-puede#listItem\",\"name\":\"Home\"}},{\"@type\":\"ListItem\",\"@id\":\"https:\\\/\\\/dudasytextos.com\\\/se-puede\\\/se-puede-acampar-en-la-montana\\\/#listItem\",\"position\":3,\"name\":\"Se puede acampar en la monta\\u00f1a\",\"previousItem\":{\"@type\":\"ListItem\",\"@id\":\"https:\\\/\\\/dudasytextos.com\\\/se-puede\\\/category\\\/se-puede\\\/#listItem\",\"name\":\"\\u00bfSe puede?\"}}]},{\"@type\":\"Organization\",\"@id\":\"https:\\\/\\\/dudasytextos.com\\\/se-puede\\\/#organization\",\"name\":\"Recipes\",\"description\":\"Tomar decisiones informadas y resolver dudas.\",\"url\":\"https:\\\/\\\/dudasytextos.com\\\/se-puede\\\/\"},{\"@type\":\"Person\",\"@id\":\"https:\\\/\\\/dudasytextos.com\\\/se-puede\\\/author\\\/admin23\\\/#author\",\"url\":\"https:\\\/\\\/dudasytextos.com\\\/se-puede\\\/author\\\/admin23\\\/\",\"name\":\"Ana Gonz\\u00e1lez\"},{\"@type\":\"WebPage\",\"@id\":\"https:\\\/\\\/dudasytextos.com\\\/se-puede\\\/se-puede-acampar-en-la-montana\\\/#webpage\",\"url\":\"https:\\\/\\\/dudasytextos.com\\\/se-puede\\\/se-puede-acampar-en-la-montana\\\/\",\"name\":\"Se puede acampar en la monta\\u00f1a (2026) \\u00bfSe Puede?\",\"description\":\"Se puede acampar en la monta\\u00f1a \\u00a1Bienvenidos a mi art\\u00edculo sobre acampar en la monta\\u00f1a! Si eres amante de la naturaleza y est\\u00e1s buscando una experiencia \\u00fanica, acampar en la monta\\u00f1a es la opci\\u00f3n perfecta para ti. En este art\\u00edculo, compartir\\u00e9 informaci\\u00f3n clave, experiencias personales y responder\\u00e9 a las preguntas m\\u00e1s frecuentes sobre esta emocionante\",\"inLanguage\":\"es-ES\",\"isPartOf\":{\"@id\":\"https:\\\/\\\/dudasytextos.com\\\/se-puede\\\/#website\"},\"breadcrumb\":{\"@id\":\"https:\\\/\\\/dudasytextos.com\\\/se-puede\\\/se-puede-acampar-en-la-montana\\\/#breadcrumblist\"},\"author\":{\"@id\":\"https:\\\/\\\/dudasytextos.com\\\/se-puede\\\/author\\\/admin23\\\/#author\"},\"creator\":{\"@id\":\"https:\\\/\\\/dudasytextos.com\\\/se-puede\\\/author\\\/admin23\\\/#author\"},\"datePublished\":\"2025-02-22T09:46:27+00:00\",\"dateModified\":\"2025-03-12T21:21:14+00:00\"},{\"@type\":\"WebSite\",\"@id\":\"https:\\\/\\\/dudasytextos.com\\\/se-puede\\\/#website\",\"url\":\"https:\\\/\\\/dudasytextos.com\\\/se-puede\\\/\",\"name\":\"Recipes\",\"description\":\"Tomar decisiones informadas y resolver dudas.\",\"inLanguage\":\"es-ES\",\"publisher\":{\"@id\":\"https:\\\/\\\/dudasytextos.com\\\/se-puede\\\/#organization\"}}]}\n\t\t<\/script>\n\t\t<!-- All in One SEO -->\n\n","aioseo_head_json":{"title":"Se puede acampar en la monta\u00f1a (2026) \u00bfSe Puede?","description":"Se puede acampar en la monta\u00f1a \u00a1Bienvenidos a mi art\u00edculo sobre acampar en la monta\u00f1a! Si eres amante de la naturaleza y est\u00e1s buscando una experiencia \u00fanica, acampar en la monta\u00f1a es la opci\u00f3n perfecta para ti. En este art\u00edculo, compartir\u00e9 informaci\u00f3n clave, experiencias personales y responder\u00e9 a las preguntas m\u00e1s frecuentes sobre esta emocionante","canonical_url":"https:\/\/dudasytextos.com\/se-puede\/se-puede-acampar-en-la-montana\/","robots":"max-snippet:-1, max-image-preview:large, max-video-preview:-1","keywords":"","webmasterTools":{"miscellaneous":"&lt;script async src=\"https:\/\/pagead2.googlesyndication.com\/pagead\/js\/adsbygoogle.js?client=ca-pub-3987500858204711\"\n     crossorigin=\"anonymous\"&gt;&lt;\/script&gt;\n&lt;!-- Google tag (gtag.js) --&gt;\n&lt;script async src=\"https:\/\/www.googletagmanager.com\/gtag\/js?id=G-TYJ2FRZ8ZF\"&gt;&lt;\/script&gt;\n&lt;script&gt;\n  window.dataLayer = window.dataLayer || [];\n  function gtag(){dataLayer.push(arguments);}\n  gtag('js', new Date());\n\n  gtag('config', 'G-TYJ2FRZ8ZF');\n&lt;\/script&gt;"},"schema":{"@context":"https:\/\/schema.org","@graph":[{"@type":"BlogPosting","@id":"https:\/\/dudasytextos.com\/se-puede\/se-puede-acampar-en-la-montana\/#blogposting","name":"Se puede acampar en la monta\u00f1a (2026) \u00bfSe Puede?","headline":"Se puede acampar en la monta\u00f1a","author":{"@id":"https:\/\/dudasytextos.com\/se-puede\/author\/admin23\/#author"},"publisher":{"@id":"https:\/\/dudasytextos.com\/se-puede\/#organization"},"datePublished":"2025-02-22T09:46:27+00:00","dateModified":"2025-03-12T21:21:14+00:00","inLanguage":"es-ES","mainEntityOfPage":{"@id":"https:\/\/dudasytextos.com\/se-puede\/se-puede-acampar-en-la-montana\/#webpage"},"isPartOf":{"@id":"https:\/\/dudasytextos.com\/se-puede\/se-puede-acampar-en-la-montana\/#webpage"},"articleSection":"\u00bfSe puede?"},{"@type":"BreadcrumbList","@id":"https:\/\/dudasytextos.com\/se-puede\/se-puede-acampar-en-la-montana\/#breadcrumblist","itemListElement":[{"@type":"ListItem","@id":"https:\/\/dudasytextos.com\/se-puede#listItem","position":1,"name":"Home","item":"https:\/\/dudasytextos.com\/se-puede","nextItem":{"@type":"ListItem","@id":"https:\/\/dudasytextos.com\/se-puede\/category\/se-puede\/#listItem","name":"\u00bfSe puede?"}},{"@type":"ListItem","@id":"https:\/\/dudasytextos.com\/se-puede\/category\/se-puede\/#listItem","position":2,"name":"\u00bfSe puede?","item":"https:\/\/dudasytextos.com\/se-puede\/category\/se-puede\/","nextItem":{"@type":"ListItem","@id":"https:\/\/dudasytextos.com\/se-puede\/se-puede-acampar-en-la-montana\/#listItem","name":"Se puede acampar en la monta\u00f1a"},"previousItem":{"@type":"ListItem","@id":"https:\/\/dudasytextos.com\/se-puede#listItem","name":"Home"}},{"@type":"ListItem","@id":"https:\/\/dudasytextos.com\/se-puede\/se-puede-acampar-en-la-montana\/#listItem","position":3,"name":"Se puede acampar en la monta\u00f1a","previousItem":{"@type":"ListItem","@id":"https:\/\/dudasytextos.com\/se-puede\/category\/se-puede\/#listItem","name":"\u00bfSe puede?"}}]},{"@type":"Organization","@id":"https:\/\/dudasytextos.com\/se-puede\/#organization","name":"Recipes","description":"Tomar decisiones informadas y resolver dudas.","url":"https:\/\/dudasytextos.com\/se-puede\/"},{"@type":"Person","@id":"https:\/\/dudasytextos.com\/se-puede\/author\/admin23\/#author","url":"https:\/\/dudasytextos.com\/se-puede\/author\/admin23\/","name":"Ana Gonz\u00e1lez"},{"@type":"WebPage","@id":"https:\/\/dudasytextos.com\/se-puede\/se-puede-acampar-en-la-montana\/#webpage","url":"https:\/\/dudasytextos.com\/se-puede\/se-puede-acampar-en-la-montana\/","name":"Se puede acampar en la monta\u00f1a (2026) \u00bfSe Puede?","description":"Se puede acampar en la monta\u00f1a \u00a1Bienvenidos a mi art\u00edculo sobre acampar en la monta\u00f1a! Si eres amante de la naturaleza y est\u00e1s buscando una experiencia \u00fanica, acampar en la monta\u00f1a es la opci\u00f3n perfecta para ti. En este art\u00edculo, compartir\u00e9 informaci\u00f3n clave, experiencias personales y responder\u00e9 a las preguntas m\u00e1s frecuentes sobre esta emocionante","inLanguage":"es-ES","isPartOf":{"@id":"https:\/\/dudasytextos.com\/se-puede\/#website"},"breadcrumb":{"@id":"https:\/\/dudasytextos.com\/se-puede\/se-puede-acampar-en-la-montana\/#breadcrumblist"},"author":{"@id":"https:\/\/dudasytextos.com\/se-puede\/author\/admin23\/#author"},"creator":{"@id":"https:\/\/dudasytextos.com\/se-puede\/author\/admin23\/#author"},"datePublished":"2025-02-22T09:46:27+00:00","dateModified":"2025-03-12T21:21:14+00:00"},{"@type":"WebSite","@id":"https:\/\/dudasytextos.com\/se-puede\/#website","url":"https:\/\/dudasytextos.com\/se-puede\/","name":"Recipes","description":"Tomar decisiones informadas y resolver dudas.","inLanguage":"es-ES","publisher":{"@id":"https:\/\/dudasytextos.com\/se-puede\/#organization"}}]},"og:locale":"es_ES","og:site_name":"\u00bfSe Puede? - Tomar decisiones informadas y resolver dudas.","og:type":"article","og:title":"Se puede acampar en la monta\u00f1a (2026) \u00bfSe Puede?","og:description":"Se puede acampar en la monta\u00f1a \u00a1Bienvenidos a mi art\u00edculo sobre acampar en la monta\u00f1a! Si eres amante de la naturaleza y est\u00e1s buscando una experiencia \u00fanica, acampar en la monta\u00f1a es la opci\u00f3n perfecta para ti. En este art\u00edculo, compartir\u00e9 informaci\u00f3n clave, experiencias personales y responder\u00e9 a las preguntas m\u00e1s frecuentes sobre esta emocionante","og:url":"https:\/\/dudasytextos.com\/se-puede\/se-puede-acampar-en-la-montana\/","article:published_time":"2025-02-22T09:46:27+00:00","article:modified_time":"2025-03-12T21:21:14+00:00","twitter:card":"summary_large_image","twitter:title":"Se puede acampar en la monta\u00f1a (2026) \u00bfSe Puede?","twitter:description":"Se puede acampar en la monta\u00f1a \u00a1Bienvenidos a mi art\u00edculo sobre acampar en la monta\u00f1a! Si eres amante de la naturaleza y est\u00e1s buscando una experiencia \u00fanica, acampar en la monta\u00f1a es la opci\u00f3n perfecta para ti. En este art\u00edculo, compartir\u00e9 informaci\u00f3n clave, experiencias personales y responder\u00e9 a las preguntas m\u00e1s frecuentes sobre esta emocionante"},"aioseo_meta_data":{"post_id":"74856","title":null,"description":null,"keywords":null,"keyphrases":null,"primary_term":null,"canonical_url":null,"og_title":null,"og_description":null,"og_object_type":"default","og_image_type":"default","og_image_url":null,"og_image_width":null,"og_image_height":null,"og_image_custom_url":null,"og_image_custom_fields":null,"og_video":null,"og_custom_url":null,"og_article_section":null,"og_article_tags":null,"twitter_use_og":false,"twitter_card":"default","twitter_image_type":"default","twitter_image_url":null,"twitter_image_custom_url":null,"twitter_image_custom_fields":null,"twitter_title":null,"twitter_description":null,"schema":{"blockGraphs":[],"customGraphs":[],"default":{"data":{"Article":[],"Course":[],"Dataset":[],"FAQPage":[],"Movie":[],"Person":[],"Product":[],"ProductReview":[],"Car":[],"Recipe":[],"Service":[],"SoftwareApplication":[],"WebPage":[]},"graphName":"","isEnabled":true},"graphs":[]},"schema_type":"default","schema_type_options":null,"pillar_content":false,"robots_default":true,"robots_noindex":false,"robots_noarchive":false,"robots_nosnippet":false,"robots_nofollow":false,"robots_noimageindex":false,"robots_noodp":false,"robots_notranslate":false,"robots_max_snippet":null,"robots_max_videopreview":null,"robots_max_imagepreview":"large","priority":null,"frequency":null,"local_seo":null,"breadcrumb_settings":null,"limit_modified_date":false,"ai":null,"created":"2023-07-13 08:08:09","updated":"2025-03-13 20:17:45","seo_analyzer_scan_date":null,"focus_keyword":null,"additional_keywords":null,"truseo_locale":null},"aioseo_breadcrumb":"<div class=\"aioseo-breadcrumbs\"><span class=\"aioseo-breadcrumb\">\n\t\t\t<a href=\"https:\/\/dudasytextos.com\/se-puede\" title=\"Home\">Home<\/a>\n\t\t<\/span><span class=\"aioseo-breadcrumb-separator\">&raquo;<\/span><span class=\"aioseo-breadcrumb\">\n\t\t\t<a href=\"https:\/\/dudasytextos.com\/se-puede\/category\/se-puede\/\" title=\"\u00bfSe puede?\">\u00bfSe puede?<\/a>\n\t\t<\/span><span class=\"aioseo-breadcrumb-separator\">&raquo;<\/span><span class=\"aioseo-breadcrumb\">\n\t\t\tSe puede acampar en la monta\u00f1a\n\t\t<\/span><\/div>","aioseo_breadcrumb_json":[{"label":"Home","link":"https:\/\/dudasytextos.com\/se-puede"},{"label":"\u00bfSe puede?","link":"https:\/\/dudasytextos.com\/se-puede\/category\/se-puede\/"},{"label":"Se puede acampar en la monta\u00f1a","link":"https:\/\/dudasytextos.com\/se-puede\/se-puede-acampar-en-la-montana\/"}],"_links":{"self":[{"href":"https:\/\/dudasytextos.com\/se-puede\/wp-json\/wp\/v2\/posts\/74856","targetHints":{"allow":["GET"]}}],"collection":[{"href":"https:\/\/dudasytextos.com\/se-puede\/wp-json\/wp\/v2\/posts"}],"about":[{"href":"https:\/\/dudasytextos.com\/se-puede\/wp-json\/wp\/v2\/types\/post"}],"author":[{"embeddable":true,"href":"https:\/\/dudasytextos.com\/se-puede\/wp-json\/wp\/v2\/users\/1"}],"replies":[{"embeddable":true,"href":"https:\/\/dudasytextos.com\/se-puede\/wp-json\/wp\/v2\/comments?post=74856"}],"version-history":[{"count":0,"href":"https:\/\/dudasytextos.com\/se-puede\/wp-json\/wp\/v2\/posts\/74856\/revisions"}],"wp:attachment":[{"href":"https:\/\/dudasytextos.com\/se-puede\/wp-json\/wp\/v2\/media?parent=74856"}],"wp:term":[{"taxonomy":"category","embeddable":true,"href":"https:\/\/dudasytextos.com\/se-puede\/wp-json\/wp\/v2\/categories?post=74856"},{"taxonomy":"post_tag","embeddable":true,"href":"https:\/\/dudasytextos.com\/se-puede\/wp-json\/wp\/v2\/tags?post=74856"}],"curies":[{"name":"wp","href":"https:\/\/api.w.org\/{rel}","templated":true}]}}