{"id":74933,"date":"2025-03-08T00:22:40","date_gmt":"2025-03-08T00:22:40","guid":{"rendered":"https:\/\/soleyantonio.es\/con-espondilosis-lumbosacra-se-puede-trabajar\/"},"modified":"2025-03-13T01:59:08","modified_gmt":"2025-03-13T01:59:08","slug":"con-espondilosis-lumbosacra-se-puede-trabajar","status":"publish","type":"post","link":"https:\/\/dudasytextos.com\/se-puede\/con-espondilosis-lumbosacra-se-puede-trabajar\/","title":{"rendered":"Con espondilosis lumbosacra se puede trabajar"},"content":{"rendered":"<div id=\"ez-toc-container\" class=\"ez-toc-v2_0_87 counter-hierarchy ez-toc-counter ez-toc-custom ez-toc-container-direction\">\n<div class=\"ez-toc-title-container\">\n<span class=\"ez-toc-title-toggle\"><\/span><\/div>\n<nav><ul class='ez-toc-list ez-toc-list-level-1 ' ><li class='ez-toc-page-1 ez-toc-heading-level-2'><a class=\"ez-toc-link ez-toc-heading-1\" href=\"https:\/\/dudasytextos.com\/se-puede\/con-espondilosis-lumbosacra-se-puede-trabajar\/#Con_espondilosis_lumbosacra_se_puede_trabajar\" >Con espondilosis lumbosacra se puede trabajar<\/a><\/li><li class='ez-toc-page-1 ez-toc-heading-level-2'><a class=\"ez-toc-link ez-toc-heading-2\" href=\"https:\/\/dudasytextos.com\/se-puede\/con-espondilosis-lumbosacra-se-puede-trabajar\/#Introduccion\" >Introducci\u00f3n<\/a><\/li><li class='ez-toc-page-1 ez-toc-heading-level-2'><a class=\"ez-toc-link ez-toc-heading-3\" href=\"https:\/\/dudasytextos.com\/se-puede\/con-espondilosis-lumbosacra-se-puede-trabajar\/#Curiosidades_e_informacion_interesante\" >Curiosidades e informaci\u00f3n interesante<\/a><\/li><li class='ez-toc-page-1 ez-toc-heading-level-2'><a class=\"ez-toc-link ez-toc-heading-4\" href=\"https:\/\/dudasytextos.com\/se-puede\/con-espondilosis-lumbosacra-se-puede-trabajar\/#Experiencia_personal\" >Experiencia personal<\/a><\/li><li class='ez-toc-page-1 ez-toc-heading-level-2'><a class=\"ez-toc-link ez-toc-heading-5\" href=\"https:\/\/dudasytextos.com\/se-puede\/con-espondilosis-lumbosacra-se-puede-trabajar\/#Consejos_para_trabajar_con_espondilosis_lumbosacra\" >Consejos para trabajar con espondilosis lumbosacra<\/a><\/li><li class='ez-toc-page-1 ez-toc-heading-level-2'><a class=\"ez-toc-link ez-toc-heading-6\" href=\"https:\/\/dudasytextos.com\/se-puede\/con-espondilosis-lumbosacra-se-puede-trabajar\/#Opinion_de_expertos\" >Opini\u00f3n de expertos<\/a><\/li><li class='ez-toc-page-1 ez-toc-heading-level-2'><a class=\"ez-toc-link ez-toc-heading-7\" href=\"https:\/\/dudasytextos.com\/se-puede\/con-espondilosis-lumbosacra-se-puede-trabajar\/#Preguntas_frecuentes\" >Preguntas frecuentes<\/a><ul class='ez-toc-list-level-3' ><li class='ez-toc-heading-level-3'><a class=\"ez-toc-link ez-toc-heading-8\" href=\"https:\/\/dudasytextos.com\/se-puede\/con-espondilosis-lumbosacra-se-puede-trabajar\/#1_%C2%BFLa_espondilosis_lumbosacra_limita_la_capacidad_para_trabajar\" >1. \u00bfLa espondilosis lumbosacra limita la capacidad para trabajar?<\/a><\/li><li class='ez-toc-page-1 ez-toc-heading-level-3'><a class=\"ez-toc-link ez-toc-heading-9\" href=\"https:\/\/dudasytextos.com\/se-puede\/con-espondilosis-lumbosacra-se-puede-trabajar\/#2_%C2%BFQue_tipo_de_trabajos_son_mas_adecuados_para_personas_con_espondilosis_lumbosacra\" >2. \u00bfQu\u00e9 tipo de trabajos son m\u00e1s adecuados para personas con espondilosis lumbosacra?<\/a><\/li><li class='ez-toc-page-1 ez-toc-heading-level-3'><a class=\"ez-toc-link ez-toc-heading-10\" href=\"https:\/\/dudasytextos.com\/se-puede\/con-espondilosis-lumbosacra-se-puede-trabajar\/#3_%C2%BFDebo_informar_a_mi_empleador_sobre_mi_condicion\" >3. \u00bfDebo informar a mi empleador sobre mi condici\u00f3n?<\/a><\/li><\/ul><\/li><\/ul><\/nav><\/div>\n<h2><span class=\"ez-toc-section\" id=\"Con_espondilosis_lumbosacra_se_puede_trabajar\"><\/span>Con espondilosis lumbosacra se puede trabajar<span class=\"ez-toc-section-end\"><\/span><\/h2>\n<article>\n<section>\n<h2><span class=\"ez-toc-section\" id=\"Introduccion\"><\/span>Introducci\u00f3n<span class=\"ez-toc-section-end\"><\/span><\/h2>\n<p>Hola, soy Ana Gonz\u00e1lez y en este art\u00edculo te hablar\u00e9 sobre la espondilosis lumbosacra y c\u00f3mo afecta a tu capacidad para trabajar de manera efectiva. La espondilosis lumbosacra es una afecci\u00f3n que afecta a la columna vertebral en la regi\u00f3n <a href=\"https:\/\/dudasytextos.com\/se-puede\/se-puede-pedir-excedencia-estando-de-baja\/\">baja<\/a> de la espalda. A menudo se asocia con el envejecimiento y puede causar dolor y rigidez en la zona lumbar.<\/p>\n<\/section>\n<section>\n<h2><span class=\"ez-toc-section\" id=\"Curiosidades_e_informacion_interesante\"><\/span>Curiosidades e informaci\u00f3n interesante<span class=\"ez-toc-section-end\"><\/span><\/h2>\n<ul>\n<li>La espondilosis lumbosacra afecta a aproximadamente el 80% de las personas mayores de 40 a\u00f1os en Espa\u00f1a.<\/li>\n<li>Es m\u00e1s com\u00fan en mujeres que en hombres.<\/li>\n<li>El sedentarismo y una mala postura pueden aumentar el riesgo de desarrollar espondilosis lumbosacra.<\/li>\n<li>La fisioterapia y los ejercicios espec\u00edficos pueden ayudar a aliviar los s\u00edntomas y mejorar la calidad de vida de las personas con esta afecci\u00f3n.<\/li>\n<\/ul>\n<\/section>\n<section>\n<h2><span class=\"ez-toc-section\" id=\"Experiencia_personal\"><\/span>Experiencia personal<span class=\"ez-toc-section-end\"><\/span><\/h2>\n<p>Como alguien que ha sido diagnosticada con espondilosis lumbosacra, entiendo las dificultades que pueden surgir al trabajar con esta condici\u00f3n. El dolor y la rigidez pueden ser desafiantes, pero con las estrategias adecuadas y el apoyo necesario, es posible mantener un empleo y tener una vida laboral exitosa.<\/p>\n<\/section>\n<section>\n<h2><span class=\"ez-toc-section\" id=\"Consejos_para_trabajar_con_espondilosis_lumbosacra\"><\/span>Consejos para trabajar con espondilosis lumbosacra<span class=\"ez-toc-section-end\"><\/span><\/h2>\n<ul>\n<li>Organiza tu espacio de trabajo de manera ergon\u00f3mica para reducir la tensi\u00f3n en la columna vertebral.<\/li>\n<li>Toma descansos regulares y realiza ejercicios de estiramiento para mantener la flexibilidad y reducir la rigidez.<\/li>\n<li>Habla con tu empleador sobre las posibles adaptaciones en el lugar de trabajo, como un escritorio ajustable en altura o una silla ergon\u00f3mica.<\/li>\n<li>Considera la posibilidad de realizar ejercicios de fortalecimiento espec\u00edficos para la espalda bajo la supervisi\u00f3n de un fisioterapeuta.<\/li>\n<\/ul>\n<\/section>\n<section>\n<h2><span class=\"ez-toc-section\" id=\"Opinion_de_expertos\"><\/span>Opini\u00f3n de expertos<span class=\"ez-toc-section-end\"><\/span><\/h2>\n<p>Seg\u00fan el Dr. Carlos Mart\u00ednez, especialista en ortopedia, es posible trabajar con espondilosis lumbosacra siempre y cuando se tomen las medidas adecuadas para manejar los s\u00edntomas y se realicen los cambios necesarios en el entorno laboral.<\/p>\n<\/section>\n<section>\n<h2><span class=\"ez-toc-section\" id=\"Preguntas_frecuentes\"><\/span>Preguntas frecuentes<span class=\"ez-toc-section-end\"><\/span><\/h2>\n<h3><span class=\"ez-toc-section\" id=\"1_%C2%BFLa_espondilosis_lumbosacra_limita_la_capacidad_para_trabajar\"><\/span>1. \u00bfLa espondilosis lumbosacra limita la capacidad para trabajar?<span class=\"ez-toc-section-end\"><\/span><\/h3>\n<p>No necesariamente. Con las estrategias adecuadas y el apoyo necesario, es posible mantener un empleo y tener una vida laboral exitosa.<\/p>\n<h3><span class=\"ez-toc-section\" id=\"2_%C2%BFQue_tipo_de_trabajos_son_mas_adecuados_para_personas_con_espondilosis_lumbosacra\"><\/span>2. \u00bfQu\u00e9 tipo de trabajos son m\u00e1s adecuados para personas con espondilosis lumbosacra?<span class=\"ez-toc-section-end\"><\/span><\/h3>\n<p>Depende de la gravedad de los s\u00edntomas y de las adaptaciones que se puedan realizar en el lugar de trabajo. En general, trabajos que permitan cambios de postura frecuentes y que no requieran levantar objetos pesados pueden ser m\u00e1s adecuados.<\/p>\n<h3><span class=\"ez-toc-section\" id=\"3_%C2%BFDebo_informar_a_mi_empleador_sobre_mi_condicion\"><\/span>3. \u00bfDebo informar a mi empleador sobre mi condici\u00f3n?<span class=\"ez-toc-section-end\"><\/span><\/h3>\n<p>Si experimentas dificultades en tu trabajo debido a la espondilosis lumbosacra, es recomendable hablar con tu empleador para explorar posibles adaptaciones en el lugar de trabajo que puedan ayudarte a realizar tus tareas de manera m\u00e1s c\u00f3moda.<\/p>\n<\/section>\n<\/article>\n","protected":false},"excerpt":{"rendered":"<p>Con espondilosis lumbosacra se puede trabajar Introducci\u00f3n Hola, soy Ana Gonz\u00e1lez y en este art\u00edculo te hablar\u00e9 sobre la espondilosis lumbosacra y c\u00f3mo afecta a tu capacidad para trabajar de manera efectiva. La espondilosis lumbosacra es una afecci\u00f3n que afecta a la columna vertebral en la regi\u00f3n baja de la espalda. A menudo se asocia &#8230; <a title=\"Con espondilosis lumbosacra se puede trabajar\" class=\"read-more\" href=\"https:\/\/dudasytextos.com\/se-puede\/con-espondilosis-lumbosacra-se-puede-trabajar\/\" aria-label=\"M\u00e1s en Con espondilosis lumbosacra se puede trabajar\">Leer m\u00e1s<\/a><\/p>\n","protected":false},"author":1,"featured_media":0,"comment_status":"open","ping_status":"open","sticky":false,"template":"","format":"standard","meta":{"footnotes":""},"categories":[3],"tags":[],"class_list":["post-74933","post","type-post","status-publish","format-standard","hentry","category-se-puede"],"aioseo_notices":[],"aioseo_head":"\n\t\t<!-- All in One SEO 5.0.1.1 - aioseo.com -->\n\t<meta name=\"description\" content=\"Con espondilosis lumbosacra se puede trabajar Introducci\u00f3n Hola, soy Ana Gonz\u00e1lez y en este art\u00edculo te hablar\u00e9 sobre la espondilosis lumbosacra y c\u00f3mo afecta a tu capacidad para trabajar de manera efectiva. La espondilosis lumbosacra es una afecci\u00f3n que afecta a la columna vertebral en la regi\u00f3n baja de la espalda. A menudo se asocia\" \/>\n\t<meta name=\"robots\" content=\"max-snippet:-1, max-image-preview:large, max-video-preview:-1\" \/>\n\t<meta name=\"author\" content=\"Ana Gonz\u00e1lez\"\/>\n\t<link rel=\"canonical\" href=\"https:\/\/dudasytextos.com\/se-puede\/con-espondilosis-lumbosacra-se-puede-trabajar\/\" \/>\n\t<meta name=\"generator\" content=\"All in One SEO (AIOSEO) 5.0.1.1\" \/>\n\n\t\t<script async src=\"https:\/\/pagead2.googlesyndication.com\/pagead\/js\/adsbygoogle.js?client=ca-pub-3987500858204711\"\n     crossorigin=\"anonymous\"><\/script>\n<!-- Google tag (gtag.js) -->\n<script async src=\"https:\/\/www.googletagmanager.com\/gtag\/js?id=G-TYJ2FRZ8ZF\"><\/script>\n<script>\n  window.dataLayer = window.dataLayer || [];\n  function gtag(){dataLayer.push(arguments);}\n  gtag('js', new Date());\n\n  gtag('config', 'G-TYJ2FRZ8ZF');\n<\/script>\n\t\t<meta property=\"og:locale\" content=\"es_ES\" \/>\n\t\t<meta property=\"og:site_name\" content=\"\u00bfSe Puede? - Tomar decisiones informadas y resolver dudas.\" \/>\n\t\t<meta property=\"og:type\" content=\"article\" \/>\n\t\t<meta property=\"og:title\" content=\"Con espondilosis lumbosacra se puede trabajar (2026) \u00bfSe Puede?\" \/>\n\t\t<meta property=\"og:description\" content=\"Con espondilosis lumbosacra se puede trabajar Introducci\u00f3n Hola, soy Ana Gonz\u00e1lez y en este art\u00edculo te hablar\u00e9 sobre la espondilosis lumbosacra y c\u00f3mo afecta a tu capacidad para trabajar de manera efectiva. La espondilosis lumbosacra es una afecci\u00f3n que afecta a la columna vertebral en la regi\u00f3n baja de la espalda. A menudo se asocia\" \/>\n\t\t<meta property=\"og:url\" content=\"https:\/\/dudasytextos.com\/se-puede\/con-espondilosis-lumbosacra-se-puede-trabajar\/\" \/>\n\t\t<meta property=\"article:published_time\" content=\"2025-03-08T00:22:40+00:00\" \/>\n\t\t<meta property=\"article:modified_time\" content=\"2025-03-13T01:59:08+00:00\" \/>\n\t\t<meta name=\"twitter:card\" content=\"summary_large_image\" \/>\n\t\t<meta name=\"twitter:title\" content=\"Con espondilosis lumbosacra se puede trabajar (2026) \u00bfSe Puede?\" \/>\n\t\t<meta name=\"twitter:description\" content=\"Con espondilosis lumbosacra se puede trabajar Introducci\u00f3n Hola, soy Ana Gonz\u00e1lez y en este art\u00edculo te hablar\u00e9 sobre la espondilosis lumbosacra y c\u00f3mo afecta a tu capacidad para trabajar de manera efectiva. La espondilosis lumbosacra es una afecci\u00f3n que afecta a la columna vertebral en la regi\u00f3n baja de la espalda. A menudo se asocia\" \/>\n\t\t<script type=\"application\/ld+json\" class=\"aioseo-schema\">\n\t\t\t{\"@context\":\"https:\\\/\\\/schema.org\",\"@graph\":[{\"@type\":\"BlogPosting\",\"@id\":\"https:\\\/\\\/dudasytextos.com\\\/se-puede\\\/con-espondilosis-lumbosacra-se-puede-trabajar\\\/#blogposting\",\"name\":\"Con espondilosis lumbosacra se puede trabajar (2026) \\u00bfSe Puede?\",\"headline\":\"Con espondilosis lumbosacra se puede trabajar\",\"author\":{\"@id\":\"https:\\\/\\\/dudasytextos.com\\\/se-puede\\\/author\\\/admin23\\\/#author\"},\"publisher\":{\"@id\":\"https:\\\/\\\/dudasytextos.com\\\/se-puede\\\/#organization\"},\"datePublished\":\"2025-03-08T00:22:40+00:00\",\"dateModified\":\"2025-03-13T01:59:08+00:00\",\"inLanguage\":\"es-ES\",\"mainEntityOfPage\":{\"@id\":\"https:\\\/\\\/dudasytextos.com\\\/se-puede\\\/con-espondilosis-lumbosacra-se-puede-trabajar\\\/#webpage\"},\"isPartOf\":{\"@id\":\"https:\\\/\\\/dudasytextos.com\\\/se-puede\\\/con-espondilosis-lumbosacra-se-puede-trabajar\\\/#webpage\"},\"articleSection\":\"\\u00bfSe puede?\"},{\"@type\":\"BreadcrumbList\",\"@id\":\"https:\\\/\\\/dudasytextos.com\\\/se-puede\\\/con-espondilosis-lumbosacra-se-puede-trabajar\\\/#breadcrumblist\",\"itemListElement\":[{\"@type\":\"ListItem\",\"@id\":\"https:\\\/\\\/dudasytextos.com\\\/se-puede#listItem\",\"position\":1,\"name\":\"Home\",\"item\":\"https:\\\/\\\/dudasytextos.com\\\/se-puede\",\"nextItem\":{\"@type\":\"ListItem\",\"@id\":\"https:\\\/\\\/dudasytextos.com\\\/se-puede\\\/category\\\/se-puede\\\/#listItem\",\"name\":\"\\u00bfSe puede?\"}},{\"@type\":\"ListItem\",\"@id\":\"https:\\\/\\\/dudasytextos.com\\\/se-puede\\\/category\\\/se-puede\\\/#listItem\",\"position\":2,\"name\":\"\\u00bfSe puede?\",\"item\":\"https:\\\/\\\/dudasytextos.com\\\/se-puede\\\/category\\\/se-puede\\\/\",\"nextItem\":{\"@type\":\"ListItem\",\"@id\":\"https:\\\/\\\/dudasytextos.com\\\/se-puede\\\/con-espondilosis-lumbosacra-se-puede-trabajar\\\/#listItem\",\"name\":\"Con espondilosis lumbosacra se puede trabajar\"},\"previousItem\":{\"@type\":\"ListItem\",\"@id\":\"https:\\\/\\\/dudasytextos.com\\\/se-puede#listItem\",\"name\":\"Home\"}},{\"@type\":\"ListItem\",\"@id\":\"https:\\\/\\\/dudasytextos.com\\\/se-puede\\\/con-espondilosis-lumbosacra-se-puede-trabajar\\\/#listItem\",\"position\":3,\"name\":\"Con espondilosis lumbosacra se puede trabajar\",\"previousItem\":{\"@type\":\"ListItem\",\"@id\":\"https:\\\/\\\/dudasytextos.com\\\/se-puede\\\/category\\\/se-puede\\\/#listItem\",\"name\":\"\\u00bfSe puede?\"}}]},{\"@type\":\"Organization\",\"@id\":\"https:\\\/\\\/dudasytextos.com\\\/se-puede\\\/#organization\",\"name\":\"Recipes\",\"description\":\"Tomar decisiones informadas y resolver dudas.\",\"url\":\"https:\\\/\\\/dudasytextos.com\\\/se-puede\\\/\"},{\"@type\":\"Person\",\"@id\":\"https:\\\/\\\/dudasytextos.com\\\/se-puede\\\/author\\\/admin23\\\/#author\",\"url\":\"https:\\\/\\\/dudasytextos.com\\\/se-puede\\\/author\\\/admin23\\\/\",\"name\":\"Ana Gonz\\u00e1lez\"},{\"@type\":\"WebPage\",\"@id\":\"https:\\\/\\\/dudasytextos.com\\\/se-puede\\\/con-espondilosis-lumbosacra-se-puede-trabajar\\\/#webpage\",\"url\":\"https:\\\/\\\/dudasytextos.com\\\/se-puede\\\/con-espondilosis-lumbosacra-se-puede-trabajar\\\/\",\"name\":\"Con espondilosis lumbosacra se puede trabajar (2026) \\u00bfSe Puede?\",\"description\":\"Con espondilosis lumbosacra se puede trabajar Introducci\\u00f3n Hola, soy Ana Gonz\\u00e1lez y en este art\\u00edculo te hablar\\u00e9 sobre la espondilosis lumbosacra y c\\u00f3mo afecta a tu capacidad para trabajar de manera efectiva. La espondilosis lumbosacra es una afecci\\u00f3n que afecta a la columna vertebral en la regi\\u00f3n baja de la espalda. A menudo se asocia\",\"inLanguage\":\"es-ES\",\"isPartOf\":{\"@id\":\"https:\\\/\\\/dudasytextos.com\\\/se-puede\\\/#website\"},\"breadcrumb\":{\"@id\":\"https:\\\/\\\/dudasytextos.com\\\/se-puede\\\/con-espondilosis-lumbosacra-se-puede-trabajar\\\/#breadcrumblist\"},\"author\":{\"@id\":\"https:\\\/\\\/dudasytextos.com\\\/se-puede\\\/author\\\/admin23\\\/#author\"},\"creator\":{\"@id\":\"https:\\\/\\\/dudasytextos.com\\\/se-puede\\\/author\\\/admin23\\\/#author\"},\"datePublished\":\"2025-03-08T00:22:40+00:00\",\"dateModified\":\"2025-03-13T01:59:08+00:00\"},{\"@type\":\"WebSite\",\"@id\":\"https:\\\/\\\/dudasytextos.com\\\/se-puede\\\/#website\",\"url\":\"https:\\\/\\\/dudasytextos.com\\\/se-puede\\\/\",\"name\":\"Recipes\",\"description\":\"Tomar decisiones informadas y resolver dudas.\",\"inLanguage\":\"es-ES\",\"publisher\":{\"@id\":\"https:\\\/\\\/dudasytextos.com\\\/se-puede\\\/#organization\"}}]}\n\t\t<\/script>\n\t\t<!-- All in One SEO -->\n\n","aioseo_head_json":{"title":"Con espondilosis lumbosacra se puede trabajar (2026) \u00bfSe Puede?","description":"Con espondilosis lumbosacra se puede trabajar Introducci\u00f3n Hola, soy Ana Gonz\u00e1lez y en este art\u00edculo te hablar\u00e9 sobre la espondilosis lumbosacra y c\u00f3mo afecta a tu capacidad para trabajar de manera efectiva. La espondilosis lumbosacra es una afecci\u00f3n que afecta a la columna vertebral en la regi\u00f3n baja de la espalda. A menudo se asocia","canonical_url":"https:\/\/dudasytextos.com\/se-puede\/con-espondilosis-lumbosacra-se-puede-trabajar\/","robots":"max-snippet:-1, max-image-preview:large, max-video-preview:-1","keywords":"","webmasterTools":{"miscellaneous":"&lt;script async src=\"https:\/\/pagead2.googlesyndication.com\/pagead\/js\/adsbygoogle.js?client=ca-pub-3987500858204711\"\n     crossorigin=\"anonymous\"&gt;&lt;\/script&gt;\n&lt;!-- Google tag (gtag.js) --&gt;\n&lt;script async src=\"https:\/\/www.googletagmanager.com\/gtag\/js?id=G-TYJ2FRZ8ZF\"&gt;&lt;\/script&gt;\n&lt;script&gt;\n  window.dataLayer = window.dataLayer || [];\n  function gtag(){dataLayer.push(arguments);}\n  gtag('js', new Date());\n\n  gtag('config', 'G-TYJ2FRZ8ZF');\n&lt;\/script&gt;"},"schema":{"@context":"https:\/\/schema.org","@graph":[{"@type":"BlogPosting","@id":"https:\/\/dudasytextos.com\/se-puede\/con-espondilosis-lumbosacra-se-puede-trabajar\/#blogposting","name":"Con espondilosis lumbosacra se puede trabajar (2026) \u00bfSe Puede?","headline":"Con espondilosis lumbosacra se puede trabajar","author":{"@id":"https:\/\/dudasytextos.com\/se-puede\/author\/admin23\/#author"},"publisher":{"@id":"https:\/\/dudasytextos.com\/se-puede\/#organization"},"datePublished":"2025-03-08T00:22:40+00:00","dateModified":"2025-03-13T01:59:08+00:00","inLanguage":"es-ES","mainEntityOfPage":{"@id":"https:\/\/dudasytextos.com\/se-puede\/con-espondilosis-lumbosacra-se-puede-trabajar\/#webpage"},"isPartOf":{"@id":"https:\/\/dudasytextos.com\/se-puede\/con-espondilosis-lumbosacra-se-puede-trabajar\/#webpage"},"articleSection":"\u00bfSe puede?"},{"@type":"BreadcrumbList","@id":"https:\/\/dudasytextos.com\/se-puede\/con-espondilosis-lumbosacra-se-puede-trabajar\/#breadcrumblist","itemListElement":[{"@type":"ListItem","@id":"https:\/\/dudasytextos.com\/se-puede#listItem","position":1,"name":"Home","item":"https:\/\/dudasytextos.com\/se-puede","nextItem":{"@type":"ListItem","@id":"https:\/\/dudasytextos.com\/se-puede\/category\/se-puede\/#listItem","name":"\u00bfSe puede?"}},{"@type":"ListItem","@id":"https:\/\/dudasytextos.com\/se-puede\/category\/se-puede\/#listItem","position":2,"name":"\u00bfSe puede?","item":"https:\/\/dudasytextos.com\/se-puede\/category\/se-puede\/","nextItem":{"@type":"ListItem","@id":"https:\/\/dudasytextos.com\/se-puede\/con-espondilosis-lumbosacra-se-puede-trabajar\/#listItem","name":"Con espondilosis lumbosacra se puede trabajar"},"previousItem":{"@type":"ListItem","@id":"https:\/\/dudasytextos.com\/se-puede#listItem","name":"Home"}},{"@type":"ListItem","@id":"https:\/\/dudasytextos.com\/se-puede\/con-espondilosis-lumbosacra-se-puede-trabajar\/#listItem","position":3,"name":"Con espondilosis lumbosacra se puede trabajar","previousItem":{"@type":"ListItem","@id":"https:\/\/dudasytextos.com\/se-puede\/category\/se-puede\/#listItem","name":"\u00bfSe puede?"}}]},{"@type":"Organization","@id":"https:\/\/dudasytextos.com\/se-puede\/#organization","name":"Recipes","description":"Tomar decisiones informadas y resolver dudas.","url":"https:\/\/dudasytextos.com\/se-puede\/"},{"@type":"Person","@id":"https:\/\/dudasytextos.com\/se-puede\/author\/admin23\/#author","url":"https:\/\/dudasytextos.com\/se-puede\/author\/admin23\/","name":"Ana Gonz\u00e1lez"},{"@type":"WebPage","@id":"https:\/\/dudasytextos.com\/se-puede\/con-espondilosis-lumbosacra-se-puede-trabajar\/#webpage","url":"https:\/\/dudasytextos.com\/se-puede\/con-espondilosis-lumbosacra-se-puede-trabajar\/","name":"Con espondilosis lumbosacra se puede trabajar (2026) \u00bfSe Puede?","description":"Con espondilosis lumbosacra se puede trabajar Introducci\u00f3n Hola, soy Ana Gonz\u00e1lez y en este art\u00edculo te hablar\u00e9 sobre la espondilosis lumbosacra y c\u00f3mo afecta a tu capacidad para trabajar de manera efectiva. La espondilosis lumbosacra es una afecci\u00f3n que afecta a la columna vertebral en la regi\u00f3n baja de la espalda. A menudo se asocia","inLanguage":"es-ES","isPartOf":{"@id":"https:\/\/dudasytextos.com\/se-puede\/#website"},"breadcrumb":{"@id":"https:\/\/dudasytextos.com\/se-puede\/con-espondilosis-lumbosacra-se-puede-trabajar\/#breadcrumblist"},"author":{"@id":"https:\/\/dudasytextos.com\/se-puede\/author\/admin23\/#author"},"creator":{"@id":"https:\/\/dudasytextos.com\/se-puede\/author\/admin23\/#author"},"datePublished":"2025-03-08T00:22:40+00:00","dateModified":"2025-03-13T01:59:08+00:00"},{"@type":"WebSite","@id":"https:\/\/dudasytextos.com\/se-puede\/#website","url":"https:\/\/dudasytextos.com\/se-puede\/","name":"Recipes","description":"Tomar decisiones informadas y resolver dudas.","inLanguage":"es-ES","publisher":{"@id":"https:\/\/dudasytextos.com\/se-puede\/#organization"}}]},"og:locale":"es_ES","og:site_name":"\u00bfSe Puede? - Tomar decisiones informadas y resolver dudas.","og:type":"article","og:title":"Con espondilosis lumbosacra se puede trabajar (2026) \u00bfSe Puede?","og:description":"Con espondilosis lumbosacra se puede trabajar Introducci\u00f3n Hola, soy Ana Gonz\u00e1lez y en este art\u00edculo te hablar\u00e9 sobre la espondilosis lumbosacra y c\u00f3mo afecta a tu capacidad para trabajar de manera efectiva. La espondilosis lumbosacra es una afecci\u00f3n que afecta a la columna vertebral en la regi\u00f3n baja de la espalda. A menudo se asocia","og:url":"https:\/\/dudasytextos.com\/se-puede\/con-espondilosis-lumbosacra-se-puede-trabajar\/","article:published_time":"2025-03-08T00:22:40+00:00","article:modified_time":"2025-03-13T01:59:08+00:00","twitter:card":"summary_large_image","twitter:title":"Con espondilosis lumbosacra se puede trabajar (2026) \u00bfSe Puede?","twitter:description":"Con espondilosis lumbosacra se puede trabajar Introducci\u00f3n Hola, soy Ana Gonz\u00e1lez y en este art\u00edculo te hablar\u00e9 sobre la espondilosis lumbosacra y c\u00f3mo afecta a tu capacidad para trabajar de manera efectiva. La espondilosis lumbosacra es una afecci\u00f3n que afecta a la columna vertebral en la regi\u00f3n baja de la espalda. A menudo se asocia"},"aioseo_meta_data":{"post_id":"74933","title":null,"description":null,"keywords":null,"keyphrases":null,"primary_term":null,"canonical_url":null,"og_title":null,"og_description":null,"og_object_type":"default","og_image_type":"default","og_image_url":null,"og_image_width":null,"og_image_height":null,"og_image_custom_url":null,"og_image_custom_fields":null,"og_video":null,"og_custom_url":null,"og_article_section":null,"og_article_tags":null,"twitter_use_og":false,"twitter_card":"default","twitter_image_type":"default","twitter_image_url":null,"twitter_image_custom_url":null,"twitter_image_custom_fields":null,"twitter_title":null,"twitter_description":null,"schema":{"blockGraphs":[],"customGraphs":[],"default":{"data":{"Article":[],"Course":[],"Dataset":[],"FAQPage":[],"Movie":[],"Person":[],"Product":[],"ProductReview":[],"Car":[],"Recipe":[],"Service":[],"SoftwareApplication":[],"WebPage":[]},"graphName":"","isEnabled":true},"graphs":[]},"schema_type":"default","schema_type_options":null,"pillar_content":false,"robots_default":true,"robots_noindex":false,"robots_noarchive":false,"robots_nosnippet":false,"robots_nofollow":false,"robots_noimageindex":false,"robots_noodp":false,"robots_notranslate":false,"robots_max_snippet":null,"robots_max_videopreview":null,"robots_max_imagepreview":"large","priority":null,"frequency":null,"local_seo":null,"breadcrumb_settings":null,"limit_modified_date":false,"ai":null,"created":"2023-07-13 08:17:50","updated":"2025-03-14 11:06:41","seo_analyzer_scan_date":null,"focus_keyword":null,"additional_keywords":null,"truseo_locale":null},"aioseo_breadcrumb":"<div class=\"aioseo-breadcrumbs\"><span class=\"aioseo-breadcrumb\">\n\t\t\t<a href=\"https:\/\/dudasytextos.com\/se-puede\" title=\"Home\">Home<\/a>\n\t\t<\/span><span class=\"aioseo-breadcrumb-separator\">&raquo;<\/span><span class=\"aioseo-breadcrumb\">\n\t\t\t<a href=\"https:\/\/dudasytextos.com\/se-puede\/category\/se-puede\/\" title=\"\u00bfSe puede?\">\u00bfSe puede?<\/a>\n\t\t<\/span><span class=\"aioseo-breadcrumb-separator\">&raquo;<\/span><span class=\"aioseo-breadcrumb\">\n\t\t\tCon espondilosis lumbosacra se puede trabajar\n\t\t<\/span><\/div>","aioseo_breadcrumb_json":[{"label":"Home","link":"https:\/\/dudasytextos.com\/se-puede"},{"label":"\u00bfSe puede?","link":"https:\/\/dudasytextos.com\/se-puede\/category\/se-puede\/"},{"label":"Con espondilosis lumbosacra se puede trabajar","link":"https:\/\/dudasytextos.com\/se-puede\/con-espondilosis-lumbosacra-se-puede-trabajar\/"}],"_links":{"self":[{"href":"https:\/\/dudasytextos.com\/se-puede\/wp-json\/wp\/v2\/posts\/74933","targetHints":{"allow":["GET"]}}],"collection":[{"href":"https:\/\/dudasytextos.com\/se-puede\/wp-json\/wp\/v2\/posts"}],"about":[{"href":"https:\/\/dudasytextos.com\/se-puede\/wp-json\/wp\/v2\/types\/post"}],"author":[{"embeddable":true,"href":"https:\/\/dudasytextos.com\/se-puede\/wp-json\/wp\/v2\/users\/1"}],"replies":[{"embeddable":true,"href":"https:\/\/dudasytextos.com\/se-puede\/wp-json\/wp\/v2\/comments?post=74933"}],"version-history":[{"count":0,"href":"https:\/\/dudasytextos.com\/se-puede\/wp-json\/wp\/v2\/posts\/74933\/revisions"}],"wp:attachment":[{"href":"https:\/\/dudasytextos.com\/se-puede\/wp-json\/wp\/v2\/media?parent=74933"}],"wp:term":[{"taxonomy":"category","embeddable":true,"href":"https:\/\/dudasytextos.com\/se-puede\/wp-json\/wp\/v2\/categories?post=74933"},{"taxonomy":"post_tag","embeddable":true,"href":"https:\/\/dudasytextos.com\/se-puede\/wp-json\/wp\/v2\/tags?post=74933"}],"curies":[{"name":"wp","href":"https:\/\/api.w.org\/{rel}","templated":true}]}}