{"id":75310,"date":"2025-03-13T08:24:47","date_gmt":"2025-03-13T08:24:47","guid":{"rendered":"https:\/\/soleyantonio.es\/se-puede-congelar-la-empanada\/"},"modified":"2025-03-13T00:06:23","modified_gmt":"2025-03-13T00:06:23","slug":"se-puede-congelar-la-empanada","status":"publish","type":"post","link":"https:\/\/dudasytextos.com\/se-puede\/se-puede-congelar-la-empanada\/","title":{"rendered":"Se puede congelar la empanada"},"content":{"rendered":"<div id=\"ez-toc-container\" class=\"ez-toc-v2_0_87 counter-hierarchy ez-toc-counter ez-toc-custom ez-toc-container-direction\">\n<div class=\"ez-toc-title-container\">\n<span class=\"ez-toc-title-toggle\"><\/span><\/div>\n<nav><ul class='ez-toc-list ez-toc-list-level-1 ' ><li class='ez-toc-page-1 ez-toc-heading-level-2'><a class=\"ez-toc-link ez-toc-heading-1\" href=\"https:\/\/dudasytextos.com\/se-puede\/se-puede-congelar-la-empanada\/#Se_puede_congelar_la_empanada_%E2%80%93_Respuestas_y_consejos_utiles\" >Se puede congelar la empanada &#8211; Respuestas y consejos \u00fatiles<\/a><\/li><li class='ez-toc-page-1 ez-toc-heading-level-2'><a class=\"ez-toc-link ez-toc-heading-2\" href=\"https:\/\/dudasytextos.com\/se-puede\/se-puede-congelar-la-empanada\/#Curiosidades_e_informacion_interesante_sobre_la_congelacion_de_empanadas\" >Curiosidades e informaci\u00f3n interesante sobre la congelaci\u00f3n de empanadas<\/a><\/li><li class='ez-toc-page-1 ez-toc-heading-level-2'><a class=\"ez-toc-link ez-toc-heading-3\" href=\"https:\/\/dudasytextos.com\/se-puede\/se-puede-congelar-la-empanada\/#%C2%BFComo_congelar_empanadas_correctamente\" >\u00bfC\u00f3mo congelar empanadas correctamente?<\/a><\/li><li class='ez-toc-page-1 ez-toc-heading-level-2'><a class=\"ez-toc-link ez-toc-heading-4\" href=\"https:\/\/dudasytextos.com\/se-puede\/se-puede-congelar-la-empanada\/#Preguntas_frecuentes_sobre_la_congelacion_de_empanadas\" >Preguntas frecuentes sobre la congelaci\u00f3n de empanadas<\/a><ul class='ez-toc-list-level-3' ><li class='ez-toc-heading-level-3'><a class=\"ez-toc-link ez-toc-heading-5\" href=\"https:\/\/dudasytextos.com\/se-puede\/se-puede-congelar-la-empanada\/#1_%C2%BFCuanto_tiempo_se_pueden_mantener_las_empanadas_congeladas\" >1. \u00bfCu\u00e1nto tiempo se pueden mantener las empanadas congeladas?<\/a><\/li><li class='ez-toc-page-1 ez-toc-heading-level-3'><a class=\"ez-toc-link ez-toc-heading-6\" href=\"https:\/\/dudasytextos.com\/se-puede\/se-puede-congelar-la-empanada\/#2_%C2%BFEs_necesario_descongelar_las_empanadas_antes_de_cocinarlas\" >2. \u00bfEs necesario descongelar las empanadas antes de cocinarlas?<\/a><\/li><li class='ez-toc-page-1 ez-toc-heading-level-3'><a class=\"ez-toc-link ez-toc-heading-7\" href=\"https:\/\/dudasytextos.com\/se-puede\/se-puede-congelar-la-empanada\/#3_%C2%BFCual_es_la_mejor_forma_de_recalentar_empanadas_congeladas\" >3. \u00bfCu\u00e1l es la mejor forma de recalentar empanadas congeladas?<\/a><\/li><li class='ez-toc-page-1 ez-toc-heading-level-3'><a class=\"ez-toc-link ez-toc-heading-8\" href=\"https:\/\/dudasytextos.com\/se-puede\/se-puede-congelar-la-empanada\/#4_%C2%BFPuedo_congelar_empanadas_ya_cocidas\" >4. \u00bfPuedo congelar empanadas ya cocidas?<\/a><\/li><\/ul><\/li><\/ul><\/nav><\/div>\n<h2><span class=\"ez-toc-section\" id=\"Se_puede_congelar_la_empanada_%E2%80%93_Respuestas_y_consejos_utiles\"><\/span>Se puede congelar la empanada &#8211; Respuestas y consejos \u00fatiles<span class=\"ez-toc-section-end\"><\/span><\/h2>\n<p>\u00a1Hola! Soy Ana Gonz\u00e1lez y en este art\u00edculo te contar\u00e9 todo lo que necesitas saber sobre la congelaci\u00f3n de empanadas. Si eres un amante de este delicioso platillo y te preguntas si es posible congelarlo para disfrutarlo en otro momento, est\u00e1s en el lugar correcto. Aqu\u00ed te dar\u00e9 consejos pr\u00e1cticos y te contar\u00e9 sobre mi experiencia personal con este proceso. \u00a1Comencemos!<\/p>\n<h2><span class=\"ez-toc-section\" id=\"Curiosidades_e_informacion_interesante_sobre_la_congelacion_de_empanadas\"><\/span>Curiosidades e informaci\u00f3n interesante sobre la congelaci\u00f3n de empanadas<span class=\"ez-toc-section-end\"><\/span><\/h2>\n<ul>\n<li>La <a href=\"https:\/\/dudasytextos.com\/se-puede\/se-puede-congelar-la-empanada-del-mercadona\/\">empanada<\/a> es un plato muy popular en Espa\u00f1a, con diversas variedades regionales y rellenos.<\/li>\n<li>La congelaci\u00f3n de empanadas es una excelente opci\u00f3n para conservar su sabor y textura por m\u00e1s tiempo.<\/li>\n<li>Al congelar una empanada, es importante asegurarse de que est\u00e9 correctamente envuelta para evitar la p\u00e9rdida de humedad y la formaci\u00f3n de cristales de hielo.<\/li>\n<li>Las empanadas con rellenos de carne, pollo o pescado se congelan mejor que aquellas con rellenos m\u00e1s l\u00edquidos o con ingredientes crujientes.<\/li>\n<\/ul>\n<p>Ahora que conoces algunos datos interesantes, d\u00e9jame compartirte mi experiencia personal con la congelaci\u00f3n de empanadas. Como fan\u00e1tica de este plato tradicional, a menudo me encuentro con la necesidad de preparar una gran cantidad de empanadas y no siempre puedo comerlas todas de una vez. Por eso, decid\u00ed probar la congelaci\u00f3n y descubr\u00ed que es una excelente opci\u00f3n para disfrutar de empanadas caseras en cualquier momento sin perder su calidad.<\/p>\n<h2><span class=\"ez-toc-section\" id=\"%C2%BFComo_congelar_empanadas_correctamente\"><\/span>\u00bfC\u00f3mo congelar empanadas correctamente?<span class=\"ez-toc-section-end\"><\/span><\/h2>\n<p>A continuaci\u00f3n, te comparto mi m\u00e9todo personal para congelar empanadas de manera efectiva:<\/p>\n<ol>\n<li>Prepara tus empanadas como de costumbre, asegur\u00e1ndote de que est\u00e9n bien selladas.<\/li>\n<li>Coloca las empanadas en una bandeja para <a href=\"https:\/\/dudasytextos.com\/se-puede\/se-puede-hornear-2-veces-un-bizcocho\/\">hornear<\/a> cubierta con papel encerado.<\/li>\n<li>Deja que las empanadas se congelen durante al menos una hora en la bandeja.<\/li>\n<li>Una vez que est\u00e9n congeladas, envu\u00e9lvelas individualmente en papel de aluminio o bolsas de congelaci\u00f3n.<\/li>\n<li>Etiqueta cada empanada con la fecha de congelaci\u00f3n para una mejor organizaci\u00f3n.<\/li>\n<li>Almacenar las empanadas en el congelador a una temperatura de -18\u00b0C o m\u00e1s fr\u00eda.<\/li>\n<\/ol>\n<p>\u00a1Y eso es todo! Siguiendo estos pasos sencillos, podr\u00e1s disfrutar de empanadas deliciosas en cualquier momento. Ahora, veamos algunas preguntas frecuentes sobre la congelaci\u00f3n de empanadas:<\/p>\n<h2><span class=\"ez-toc-section\" id=\"Preguntas_frecuentes_sobre_la_congelacion_de_empanadas\"><\/span>Preguntas frecuentes sobre la congelaci\u00f3n de empanadas<span class=\"ez-toc-section-end\"><\/span><\/h2>\n<h3><span class=\"ez-toc-section\" id=\"1_%C2%BFCuanto_tiempo_se_pueden_mantener_las_empanadas_congeladas\"><\/span>1. \u00bfCu\u00e1nto tiempo se pueden mantener las empanadas congeladas?<span class=\"ez-toc-section-end\"><\/span><\/h3>\n<p>Las empanadas correctamente congeladas pueden mantenerse en el congelador durante aproximadamente 3 meses sin perder calidad. Sin embargo, es recomendable consumirlas lo antes posible para disfrutar de su sabor \u00f3ptimo.<\/p>\n<h3><span class=\"ez-toc-section\" id=\"2_%C2%BFEs_necesario_descongelar_las_empanadas_antes_de_cocinarlas\"><\/span>2. \u00bfEs necesario descongelar las empanadas antes de cocinarlas?<span class=\"ez-toc-section-end\"><\/span><\/h3>\n<p>No es necesario descongelar las empanadas antes de cocinarlas. Puedes cocinarlas directamente desde el congelador. Solo necesitar\u00e1s ajustar un poco el tiempo de cocci\u00f3n para asegurarte de que est\u00e9n calientes en el centro.<\/p>\n<h3><span class=\"ez-toc-section\" id=\"3_%C2%BFCual_es_la_mejor_forma_de_recalentar_empanadas_congeladas\"><\/span>3. \u00bfCu\u00e1l es la mejor forma de recalentar empanadas congeladas?<span class=\"ez-toc-section-end\"><\/span><\/h3>\n<p>Para recalentar empanadas congeladas, te recomiendo utilizar el horno precalentado a 180\u00b0C. Coloca las empanadas en una bandeja para hornear y cali\u00e9ntalas durante unos 15-20 minutos, o hasta que est\u00e9n completamente calientes en el centro. Esto ayudar\u00e1 a mantener su textura crujiente.<\/p>\n<h3><span class=\"ez-toc-section\" id=\"4_%C2%BFPuedo_congelar_empanadas_ya_cocidas\"><\/span>4. \u00bfPuedo congelar empanadas ya cocidas?<span class=\"ez-toc-section-end\"><\/span><\/h3>\n<p>S\u00ed, puedes congelar empanadas ya cocidas. Simplemente sigue los mismos pasos de congelaci\u00f3n mencionados anteriormente y disfruta de ellas en otro momento. Recuerda etiquetarlas adecuadamente para evitar confusiones.<\/p>\n<p>Espero que esta informaci\u00f3n te haya sido \u00fatil. La congelaci\u00f3n de empanadas es una excelente manera de disfrutarlas en cualquier momento y evitar el desperdicio de comida. \u00a1An\u00edmate a probarlo y comparte tus experiencias con nosotros! Si tienes alguna pregunta adicional, d\u00e9jala en los comentarios y estar\u00e9 encantada de ayudarte.<\/p>\n","protected":false},"excerpt":{"rendered":"<p>Se puede congelar la empanada &#8211; Respuestas y consejos \u00fatiles \u00a1Hola! Soy Ana Gonz\u00e1lez y en este art\u00edculo te contar\u00e9 todo lo que necesitas saber sobre la congelaci\u00f3n de empanadas. Si eres un amante de este delicioso platillo y te preguntas si es posible congelarlo para disfrutarlo en otro momento, est\u00e1s en el lugar correcto. &#8230; <a title=\"Se puede congelar la empanada\" class=\"read-more\" href=\"https:\/\/dudasytextos.com\/se-puede\/se-puede-congelar-la-empanada\/\" aria-label=\"M\u00e1s en Se puede congelar la empanada\">Leer m\u00e1s<\/a><\/p>\n","protected":false},"author":1,"featured_media":0,"comment_status":"open","ping_status":"open","sticky":false,"template":"","format":"standard","meta":{"footnotes":""},"categories":[3],"tags":[],"class_list":["post-75310","post","type-post","status-publish","format-standard","hentry","category-se-puede"],"aioseo_notices":[],"aioseo_head":"\n\t\t<!-- All in One SEO 5.0.1.1 - aioseo.com -->\n\t<meta name=\"description\" content=\"Se puede congelar la empanada - Respuestas y consejos \u00fatiles \u00a1Hola! Soy Ana Gonz\u00e1lez y en este art\u00edculo te contar\u00e9 todo lo que necesitas saber sobre la congelaci\u00f3n de empanadas. Si eres un amante de este delicioso platillo y te preguntas si es posible congelarlo para disfrutarlo en otro momento, est\u00e1s en el lugar correcto.\" \/>\n\t<meta name=\"robots\" content=\"max-snippet:-1, max-image-preview:large, max-video-preview:-1\" \/>\n\t<meta name=\"author\" content=\"Ana Gonz\u00e1lez\"\/>\n\t<link rel=\"canonical\" href=\"https:\/\/dudasytextos.com\/se-puede\/se-puede-congelar-la-empanada\/\" \/>\n\t<meta name=\"generator\" content=\"All in One SEO (AIOSEO) 5.0.1.1\" \/>\n\n\t\t<script async src=\"https:\/\/pagead2.googlesyndication.com\/pagead\/js\/adsbygoogle.js?client=ca-pub-3987500858204711\"\n     crossorigin=\"anonymous\"><\/script>\n<!-- Google tag (gtag.js) -->\n<script async src=\"https:\/\/www.googletagmanager.com\/gtag\/js?id=G-TYJ2FRZ8ZF\"><\/script>\n<script>\n  window.dataLayer = window.dataLayer || [];\n  function gtag(){dataLayer.push(arguments);}\n  gtag('js', new Date());\n\n  gtag('config', 'G-TYJ2FRZ8ZF');\n<\/script>\n\t\t<meta property=\"og:locale\" content=\"es_ES\" \/>\n\t\t<meta property=\"og:site_name\" content=\"\u00bfSe Puede? - Tomar decisiones informadas y resolver dudas.\" \/>\n\t\t<meta property=\"og:type\" content=\"article\" \/>\n\t\t<meta property=\"og:title\" content=\"Se puede congelar la empanada (2026) \u00bfSe Puede?\" \/>\n\t\t<meta property=\"og:description\" content=\"Se puede congelar la empanada - Respuestas y consejos \u00fatiles \u00a1Hola! Soy Ana Gonz\u00e1lez y en este art\u00edculo te contar\u00e9 todo lo que necesitas saber sobre la congelaci\u00f3n de empanadas. Si eres un amante de este delicioso platillo y te preguntas si es posible congelarlo para disfrutarlo en otro momento, est\u00e1s en el lugar correcto.\" \/>\n\t\t<meta property=\"og:url\" content=\"https:\/\/dudasytextos.com\/se-puede\/se-puede-congelar-la-empanada\/\" \/>\n\t\t<meta property=\"article:published_time\" content=\"2025-03-13T08:24:47+00:00\" \/>\n\t\t<meta property=\"article:modified_time\" content=\"2025-03-13T00:06:23+00:00\" \/>\n\t\t<meta name=\"twitter:card\" content=\"summary_large_image\" \/>\n\t\t<meta name=\"twitter:title\" content=\"Se puede congelar la empanada (2026) \u00bfSe Puede?\" \/>\n\t\t<meta name=\"twitter:description\" content=\"Se puede congelar la empanada - Respuestas y consejos \u00fatiles \u00a1Hola! Soy Ana Gonz\u00e1lez y en este art\u00edculo te contar\u00e9 todo lo que necesitas saber sobre la congelaci\u00f3n de empanadas. Si eres un amante de este delicioso platillo y te preguntas si es posible congelarlo para disfrutarlo en otro momento, est\u00e1s en el lugar correcto.\" \/>\n\t\t<script type=\"application\/ld+json\" class=\"aioseo-schema\">\n\t\t\t{\"@context\":\"https:\\\/\\\/schema.org\",\"@graph\":[{\"@type\":\"BlogPosting\",\"@id\":\"https:\\\/\\\/dudasytextos.com\\\/se-puede\\\/se-puede-congelar-la-empanada\\\/#blogposting\",\"name\":\"Se puede congelar la empanada (2026) \\u00bfSe Puede?\",\"headline\":\"Se puede congelar la empanada\",\"author\":{\"@id\":\"https:\\\/\\\/dudasytextos.com\\\/se-puede\\\/author\\\/admin23\\\/#author\"},\"publisher\":{\"@id\":\"https:\\\/\\\/dudasytextos.com\\\/se-puede\\\/#organization\"},\"datePublished\":\"2025-03-13T08:24:47+00:00\",\"dateModified\":\"2025-03-13T00:06:23+00:00\",\"inLanguage\":\"es-ES\",\"mainEntityOfPage\":{\"@id\":\"https:\\\/\\\/dudasytextos.com\\\/se-puede\\\/se-puede-congelar-la-empanada\\\/#webpage\"},\"isPartOf\":{\"@id\":\"https:\\\/\\\/dudasytextos.com\\\/se-puede\\\/se-puede-congelar-la-empanada\\\/#webpage\"},\"articleSection\":\"\\u00bfSe puede?\"},{\"@type\":\"BreadcrumbList\",\"@id\":\"https:\\\/\\\/dudasytextos.com\\\/se-puede\\\/se-puede-congelar-la-empanada\\\/#breadcrumblist\",\"itemListElement\":[{\"@type\":\"ListItem\",\"@id\":\"https:\\\/\\\/dudasytextos.com\\\/se-puede#listItem\",\"position\":1,\"name\":\"Home\",\"item\":\"https:\\\/\\\/dudasytextos.com\\\/se-puede\",\"nextItem\":{\"@type\":\"ListItem\",\"@id\":\"https:\\\/\\\/dudasytextos.com\\\/se-puede\\\/category\\\/se-puede\\\/#listItem\",\"name\":\"\\u00bfSe puede?\"}},{\"@type\":\"ListItem\",\"@id\":\"https:\\\/\\\/dudasytextos.com\\\/se-puede\\\/category\\\/se-puede\\\/#listItem\",\"position\":2,\"name\":\"\\u00bfSe puede?\",\"item\":\"https:\\\/\\\/dudasytextos.com\\\/se-puede\\\/category\\\/se-puede\\\/\",\"nextItem\":{\"@type\":\"ListItem\",\"@id\":\"https:\\\/\\\/dudasytextos.com\\\/se-puede\\\/se-puede-congelar-la-empanada\\\/#listItem\",\"name\":\"Se puede congelar la empanada\"},\"previousItem\":{\"@type\":\"ListItem\",\"@id\":\"https:\\\/\\\/dudasytextos.com\\\/se-puede#listItem\",\"name\":\"Home\"}},{\"@type\":\"ListItem\",\"@id\":\"https:\\\/\\\/dudasytextos.com\\\/se-puede\\\/se-puede-congelar-la-empanada\\\/#listItem\",\"position\":3,\"name\":\"Se puede congelar la empanada\",\"previousItem\":{\"@type\":\"ListItem\",\"@id\":\"https:\\\/\\\/dudasytextos.com\\\/se-puede\\\/category\\\/se-puede\\\/#listItem\",\"name\":\"\\u00bfSe puede?\"}}]},{\"@type\":\"Organization\",\"@id\":\"https:\\\/\\\/dudasytextos.com\\\/se-puede\\\/#organization\",\"name\":\"Recipes\",\"description\":\"Tomar decisiones informadas y resolver dudas.\",\"url\":\"https:\\\/\\\/dudasytextos.com\\\/se-puede\\\/\"},{\"@type\":\"Person\",\"@id\":\"https:\\\/\\\/dudasytextos.com\\\/se-puede\\\/author\\\/admin23\\\/#author\",\"url\":\"https:\\\/\\\/dudasytextos.com\\\/se-puede\\\/author\\\/admin23\\\/\",\"name\":\"Ana Gonz\\u00e1lez\"},{\"@type\":\"WebPage\",\"@id\":\"https:\\\/\\\/dudasytextos.com\\\/se-puede\\\/se-puede-congelar-la-empanada\\\/#webpage\",\"url\":\"https:\\\/\\\/dudasytextos.com\\\/se-puede\\\/se-puede-congelar-la-empanada\\\/\",\"name\":\"Se puede congelar la empanada (2026) \\u00bfSe Puede?\",\"description\":\"Se puede congelar la empanada - Respuestas y consejos \\u00fatiles \\u00a1Hola! Soy Ana Gonz\\u00e1lez y en este art\\u00edculo te contar\\u00e9 todo lo que necesitas saber sobre la congelaci\\u00f3n de empanadas. Si eres un amante de este delicioso platillo y te preguntas si es posible congelarlo para disfrutarlo en otro momento, est\\u00e1s en el lugar correcto.\",\"inLanguage\":\"es-ES\",\"isPartOf\":{\"@id\":\"https:\\\/\\\/dudasytextos.com\\\/se-puede\\\/#website\"},\"breadcrumb\":{\"@id\":\"https:\\\/\\\/dudasytextos.com\\\/se-puede\\\/se-puede-congelar-la-empanada\\\/#breadcrumblist\"},\"author\":{\"@id\":\"https:\\\/\\\/dudasytextos.com\\\/se-puede\\\/author\\\/admin23\\\/#author\"},\"creator\":{\"@id\":\"https:\\\/\\\/dudasytextos.com\\\/se-puede\\\/author\\\/admin23\\\/#author\"},\"datePublished\":\"2025-03-13T08:24:47+00:00\",\"dateModified\":\"2025-03-13T00:06:23+00:00\"},{\"@type\":\"WebSite\",\"@id\":\"https:\\\/\\\/dudasytextos.com\\\/se-puede\\\/#website\",\"url\":\"https:\\\/\\\/dudasytextos.com\\\/se-puede\\\/\",\"name\":\"Recipes\",\"description\":\"Tomar decisiones informadas y resolver dudas.\",\"inLanguage\":\"es-ES\",\"publisher\":{\"@id\":\"https:\\\/\\\/dudasytextos.com\\\/se-puede\\\/#organization\"}}]}\n\t\t<\/script>\n\t\t<!-- All in One SEO -->\n\n","aioseo_head_json":{"title":"Se puede congelar la empanada (2026) \u00bfSe Puede?","description":"Se puede congelar la empanada - Respuestas y consejos \u00fatiles \u00a1Hola! Soy Ana Gonz\u00e1lez y en este art\u00edculo te contar\u00e9 todo lo que necesitas saber sobre la congelaci\u00f3n de empanadas. Si eres un amante de este delicioso platillo y te preguntas si es posible congelarlo para disfrutarlo en otro momento, est\u00e1s en el lugar correcto.","canonical_url":"https:\/\/dudasytextos.com\/se-puede\/se-puede-congelar-la-empanada\/","robots":"max-snippet:-1, max-image-preview:large, max-video-preview:-1","keywords":"","webmasterTools":{"miscellaneous":"&lt;script async src=\"https:\/\/pagead2.googlesyndication.com\/pagead\/js\/adsbygoogle.js?client=ca-pub-3987500858204711\"\n     crossorigin=\"anonymous\"&gt;&lt;\/script&gt;\n&lt;!-- Google tag (gtag.js) --&gt;\n&lt;script async src=\"https:\/\/www.googletagmanager.com\/gtag\/js?id=G-TYJ2FRZ8ZF\"&gt;&lt;\/script&gt;\n&lt;script&gt;\n  window.dataLayer = window.dataLayer || [];\n  function gtag(){dataLayer.push(arguments);}\n  gtag('js', new Date());\n\n  gtag('config', 'G-TYJ2FRZ8ZF');\n&lt;\/script&gt;"},"schema":{"@context":"https:\/\/schema.org","@graph":[{"@type":"BlogPosting","@id":"https:\/\/dudasytextos.com\/se-puede\/se-puede-congelar-la-empanada\/#blogposting","name":"Se puede congelar la empanada (2026) \u00bfSe Puede?","headline":"Se puede congelar la empanada","author":{"@id":"https:\/\/dudasytextos.com\/se-puede\/author\/admin23\/#author"},"publisher":{"@id":"https:\/\/dudasytextos.com\/se-puede\/#organization"},"datePublished":"2025-03-13T08:24:47+00:00","dateModified":"2025-03-13T00:06:23+00:00","inLanguage":"es-ES","mainEntityOfPage":{"@id":"https:\/\/dudasytextos.com\/se-puede\/se-puede-congelar-la-empanada\/#webpage"},"isPartOf":{"@id":"https:\/\/dudasytextos.com\/se-puede\/se-puede-congelar-la-empanada\/#webpage"},"articleSection":"\u00bfSe puede?"},{"@type":"BreadcrumbList","@id":"https:\/\/dudasytextos.com\/se-puede\/se-puede-congelar-la-empanada\/#breadcrumblist","itemListElement":[{"@type":"ListItem","@id":"https:\/\/dudasytextos.com\/se-puede#listItem","position":1,"name":"Home","item":"https:\/\/dudasytextos.com\/se-puede","nextItem":{"@type":"ListItem","@id":"https:\/\/dudasytextos.com\/se-puede\/category\/se-puede\/#listItem","name":"\u00bfSe puede?"}},{"@type":"ListItem","@id":"https:\/\/dudasytextos.com\/se-puede\/category\/se-puede\/#listItem","position":2,"name":"\u00bfSe puede?","item":"https:\/\/dudasytextos.com\/se-puede\/category\/se-puede\/","nextItem":{"@type":"ListItem","@id":"https:\/\/dudasytextos.com\/se-puede\/se-puede-congelar-la-empanada\/#listItem","name":"Se puede congelar la empanada"},"previousItem":{"@type":"ListItem","@id":"https:\/\/dudasytextos.com\/se-puede#listItem","name":"Home"}},{"@type":"ListItem","@id":"https:\/\/dudasytextos.com\/se-puede\/se-puede-congelar-la-empanada\/#listItem","position":3,"name":"Se puede congelar la empanada","previousItem":{"@type":"ListItem","@id":"https:\/\/dudasytextos.com\/se-puede\/category\/se-puede\/#listItem","name":"\u00bfSe puede?"}}]},{"@type":"Organization","@id":"https:\/\/dudasytextos.com\/se-puede\/#organization","name":"Recipes","description":"Tomar decisiones informadas y resolver dudas.","url":"https:\/\/dudasytextos.com\/se-puede\/"},{"@type":"Person","@id":"https:\/\/dudasytextos.com\/se-puede\/author\/admin23\/#author","url":"https:\/\/dudasytextos.com\/se-puede\/author\/admin23\/","name":"Ana Gonz\u00e1lez"},{"@type":"WebPage","@id":"https:\/\/dudasytextos.com\/se-puede\/se-puede-congelar-la-empanada\/#webpage","url":"https:\/\/dudasytextos.com\/se-puede\/se-puede-congelar-la-empanada\/","name":"Se puede congelar la empanada (2026) \u00bfSe Puede?","description":"Se puede congelar la empanada - Respuestas y consejos \u00fatiles \u00a1Hola! Soy Ana Gonz\u00e1lez y en este art\u00edculo te contar\u00e9 todo lo que necesitas saber sobre la congelaci\u00f3n de empanadas. Si eres un amante de este delicioso platillo y te preguntas si es posible congelarlo para disfrutarlo en otro momento, est\u00e1s en el lugar correcto.","inLanguage":"es-ES","isPartOf":{"@id":"https:\/\/dudasytextos.com\/se-puede\/#website"},"breadcrumb":{"@id":"https:\/\/dudasytextos.com\/se-puede\/se-puede-congelar-la-empanada\/#breadcrumblist"},"author":{"@id":"https:\/\/dudasytextos.com\/se-puede\/author\/admin23\/#author"},"creator":{"@id":"https:\/\/dudasytextos.com\/se-puede\/author\/admin23\/#author"},"datePublished":"2025-03-13T08:24:47+00:00","dateModified":"2025-03-13T00:06:23+00:00"},{"@type":"WebSite","@id":"https:\/\/dudasytextos.com\/se-puede\/#website","url":"https:\/\/dudasytextos.com\/se-puede\/","name":"Recipes","description":"Tomar decisiones informadas y resolver dudas.","inLanguage":"es-ES","publisher":{"@id":"https:\/\/dudasytextos.com\/se-puede\/#organization"}}]},"og:locale":"es_ES","og:site_name":"\u00bfSe Puede? - Tomar decisiones informadas y resolver dudas.","og:type":"article","og:title":"Se puede congelar la empanada (2026) \u00bfSe Puede?","og:description":"Se puede congelar la empanada - Respuestas y consejos \u00fatiles \u00a1Hola! Soy Ana Gonz\u00e1lez y en este art\u00edculo te contar\u00e9 todo lo que necesitas saber sobre la congelaci\u00f3n de empanadas. Si eres un amante de este delicioso platillo y te preguntas si es posible congelarlo para disfrutarlo en otro momento, est\u00e1s en el lugar correcto.","og:url":"https:\/\/dudasytextos.com\/se-puede\/se-puede-congelar-la-empanada\/","article:published_time":"2025-03-13T08:24:47+00:00","article:modified_time":"2025-03-13T00:06:23+00:00","twitter:card":"summary_large_image","twitter:title":"Se puede congelar la empanada (2026) \u00bfSe Puede?","twitter:description":"Se puede congelar la empanada - Respuestas y consejos \u00fatiles \u00a1Hola! Soy Ana Gonz\u00e1lez y en este art\u00edculo te contar\u00e9 todo lo que necesitas saber sobre la congelaci\u00f3n de empanadas. Si eres un amante de este delicioso platillo y te preguntas si es posible congelarlo para disfrutarlo en otro momento, est\u00e1s en el lugar correcto."},"aioseo_meta_data":{"post_id":"75310","title":null,"description":null,"keywords":null,"keyphrases":null,"primary_term":null,"canonical_url":null,"og_title":null,"og_description":null,"og_object_type":"default","og_image_type":"default","og_image_url":null,"og_image_width":null,"og_image_height":null,"og_image_custom_url":null,"og_image_custom_fields":null,"og_video":null,"og_custom_url":null,"og_article_section":null,"og_article_tags":null,"twitter_use_og":false,"twitter_card":"default","twitter_image_type":"default","twitter_image_url":null,"twitter_image_custom_url":null,"twitter_image_custom_fields":null,"twitter_title":null,"twitter_description":null,"schema":{"blockGraphs":[],"customGraphs":[],"default":{"data":{"Article":[],"Course":[],"Dataset":[],"FAQPage":[],"Movie":[],"Person":[],"Product":[],"ProductReview":[],"Car":[],"Recipe":[],"Service":[],"SoftwareApplication":[],"WebPage":[]},"graphName":"","isEnabled":true},"graphs":[]},"schema_type":"default","schema_type_options":null,"pillar_content":false,"robots_default":true,"robots_noindex":false,"robots_noarchive":false,"robots_nosnippet":false,"robots_nofollow":false,"robots_noimageindex":false,"robots_noodp":false,"robots_notranslate":false,"robots_max_snippet":null,"robots_max_videopreview":null,"robots_max_imagepreview":"large","priority":null,"frequency":null,"local_seo":null,"breadcrumb_settings":null,"limit_modified_date":false,"ai":null,"created":"2023-07-13 09:04:17","updated":"2025-03-14 17:28:10","seo_analyzer_scan_date":null,"focus_keyword":null,"additional_keywords":null,"truseo_locale":null},"aioseo_breadcrumb":"<div class=\"aioseo-breadcrumbs\"><span class=\"aioseo-breadcrumb\">\n\t\t\t<a href=\"https:\/\/dudasytextos.com\/se-puede\" title=\"Home\">Home<\/a>\n\t\t<\/span><span class=\"aioseo-breadcrumb-separator\">&raquo;<\/span><span class=\"aioseo-breadcrumb\">\n\t\t\t<a href=\"https:\/\/dudasytextos.com\/se-puede\/category\/se-puede\/\" title=\"\u00bfSe puede?\">\u00bfSe puede?<\/a>\n\t\t<\/span><span class=\"aioseo-breadcrumb-separator\">&raquo;<\/span><span class=\"aioseo-breadcrumb\">\n\t\t\tSe puede congelar la empanada\n\t\t<\/span><\/div>","aioseo_breadcrumb_json":[{"label":"Home","link":"https:\/\/dudasytextos.com\/se-puede"},{"label":"\u00bfSe puede?","link":"https:\/\/dudasytextos.com\/se-puede\/category\/se-puede\/"},{"label":"Se puede congelar la empanada","link":"https:\/\/dudasytextos.com\/se-puede\/se-puede-congelar-la-empanada\/"}],"_links":{"self":[{"href":"https:\/\/dudasytextos.com\/se-puede\/wp-json\/wp\/v2\/posts\/75310","targetHints":{"allow":["GET"]}}],"collection":[{"href":"https:\/\/dudasytextos.com\/se-puede\/wp-json\/wp\/v2\/posts"}],"about":[{"href":"https:\/\/dudasytextos.com\/se-puede\/wp-json\/wp\/v2\/types\/post"}],"author":[{"embeddable":true,"href":"https:\/\/dudasytextos.com\/se-puede\/wp-json\/wp\/v2\/users\/1"}],"replies":[{"embeddable":true,"href":"https:\/\/dudasytextos.com\/se-puede\/wp-json\/wp\/v2\/comments?post=75310"}],"version-history":[{"count":0,"href":"https:\/\/dudasytextos.com\/se-puede\/wp-json\/wp\/v2\/posts\/75310\/revisions"}],"wp:attachment":[{"href":"https:\/\/dudasytextos.com\/se-puede\/wp-json\/wp\/v2\/media?parent=75310"}],"wp:term":[{"taxonomy":"category","embeddable":true,"href":"https:\/\/dudasytextos.com\/se-puede\/wp-json\/wp\/v2\/categories?post=75310"},{"taxonomy":"post_tag","embeddable":true,"href":"https:\/\/dudasytextos.com\/se-puede\/wp-json\/wp\/v2\/tags?post=75310"}],"curies":[{"name":"wp","href":"https:\/\/api.w.org\/{rel}","templated":true}]}}