{"id":75523,"date":"2025-02-24T13:15:16","date_gmt":"2025-02-24T13:15:16","guid":{"rendered":"https:\/\/soleyantonio.es\/se-puede-cobrar-pension-y-paro\/"},"modified":"2025-03-12T14:47:07","modified_gmt":"2025-03-12T14:47:07","slug":"se-puede-cobrar-pension-y-paro","status":"publish","type":"post","link":"https:\/\/dudasytextos.com\/se-puede\/se-puede-cobrar-pension-y-paro\/","title":{"rendered":"Se puede cobrar pensi\u00f3n y paro"},"content":{"rendered":"<div id=\"ez-toc-container\" class=\"ez-toc-v2_0_87 counter-hierarchy ez-toc-counter ez-toc-custom ez-toc-container-direction\">\n<div class=\"ez-toc-title-container\">\n<span class=\"ez-toc-title-toggle\"><\/span><\/div>\n<nav><ul class='ez-toc-list ez-toc-list-level-1 ' ><li class='ez-toc-page-1 ez-toc-heading-level-2'><a class=\"ez-toc-link ez-toc-heading-1\" href=\"https:\/\/dudasytextos.com\/se-puede\/se-puede-cobrar-pension-y-paro\/#Se_puede_cobrar_pension_y_paro\" >Se puede cobrar pensi\u00f3n y paro<\/a><\/li><li class='ez-toc-page-1 ez-toc-heading-level-2'><a class=\"ez-toc-link ez-toc-heading-2\" href=\"https:\/\/dudasytextos.com\/se-puede\/se-puede-cobrar-pension-y-paro\/#Curiosidades_estadisticas_y_hechos_interesantes\" >Curiosidades, estad\u00edsticas y hechos interesantes<\/a><\/li><li class='ez-toc-page-1 ez-toc-heading-level-2'><a class=\"ez-toc-link ez-toc-heading-3\" href=\"https:\/\/dudasytextos.com\/se-puede\/se-puede-cobrar-pension-y-paro\/#Mi_experiencia_personal\" >Mi experiencia personal<\/a><\/li><li class='ez-toc-page-1 ez-toc-heading-level-2'><a class=\"ez-toc-link ez-toc-heading-4\" href=\"https:\/\/dudasytextos.com\/se-puede\/se-puede-cobrar-pension-y-paro\/#Requisitos_para_cobrar_pension_y_paro_simultaneamente\" >Requisitos para cobrar pensi\u00f3n y paro simult\u00e1neamente<\/a><\/li><li class='ez-toc-page-1 ez-toc-heading-level-2'><a class=\"ez-toc-link ez-toc-heading-5\" href=\"https:\/\/dudasytextos.com\/se-puede\/se-puede-cobrar-pension-y-paro\/#Opinion_de_expertos\" >Opini\u00f3n de expertos<\/a><\/li><li class='ez-toc-page-1 ez-toc-heading-level-2'><a class=\"ez-toc-link ez-toc-heading-6\" href=\"https:\/\/dudasytextos.com\/se-puede\/se-puede-cobrar-pension-y-paro\/#Preguntas_frecuentes\" >Preguntas frecuentes<\/a><ul class='ez-toc-list-level-3' ><li class='ez-toc-heading-level-3'><a class=\"ez-toc-link ez-toc-heading-7\" href=\"https:\/\/dudasytextos.com\/se-puede\/se-puede-cobrar-pension-y-paro\/#%C2%BFCuanto_tiempo_puedo_cobrar_el_paro_si_tengo_una_pension\" >\u00bfCu\u00e1nto tiempo puedo cobrar el paro si tengo una pensi\u00f3n?<\/a><\/li><li class='ez-toc-page-1 ez-toc-heading-level-3'><a class=\"ez-toc-link ez-toc-heading-8\" href=\"https:\/\/dudasytextos.com\/se-puede\/se-puede-cobrar-pension-y-paro\/#%C2%BFLa_pension_afecta_al_importe_del_paro\" >\u00bfLa pensi\u00f3n afecta al importe del paro?<\/a><\/li><li class='ez-toc-page-1 ez-toc-heading-level-3'><a class=\"ez-toc-link ez-toc-heading-9\" href=\"https:\/\/dudasytextos.com\/se-puede\/se-puede-cobrar-pension-y-paro\/#%C2%BFPuedo_solicitar_el_paro_si_estoy_jubilado\" >\u00bfPuedo solicitar el paro si estoy jubilado?<\/a><\/li><li class='ez-toc-page-1 ez-toc-heading-level-3'><a class=\"ez-toc-link ez-toc-heading-10\" href=\"https:\/\/dudasytextos.com\/se-puede\/se-puede-cobrar-pension-y-paro\/#%C2%BFDebo_comunicar_a_la_Seguridad_Social_que_estoy_cobrando_el_paro\" >\u00bfDebo comunicar a la Seguridad Social que estoy cobrando el paro?<\/a><\/li><\/ul><\/li><\/ul><\/nav><\/div>\n<h2><span class=\"ez-toc-section\" id=\"Se_puede_cobrar_pension_y_paro\"><\/span>Se puede cobrar pensi\u00f3n y paro<span class=\"ez-toc-section-end\"><\/span><\/h2>\n<h2><span class=\"ez-toc-section\" id=\"Curiosidades_estadisticas_y_hechos_interesantes\"><\/span>Curiosidades, estad\u00edsticas y hechos interesantes<span class=\"ez-toc-section-end\"><\/span><\/h2>\n<ul>\n<li>En Espa\u00f1a, es posible cobrar simult\u00e1neamente una pensi\u00f3n y el subsidio por desempleo, siempre y cuando se cumplan ciertos requisitos.<\/li>\n<li>Seg\u00fan datos del Instituto Nacional de Estad\u00edstica, aproximadamente el 7% de los beneficiarios de pensiones tambi\u00e9n reciben el subsidio de desempleo.<\/li>\n<li>La posibilidad de cobrar ambos beneficios est\u00e1 dise\u00f1ada para garantizar una protecci\u00f3n social adecuada a aquellos que cumplen con los requisitos establecidos.<\/li>\n<li>Es importante tener en cuenta que las condiciones y requisitos pueden variar dependiendo del tipo de pensi\u00f3n y del subsidio por desempleo.<\/li>\n<\/ul>\n<h2><span class=\"ez-toc-section\" id=\"Mi_experiencia_personal\"><\/span>Mi experiencia personal<span class=\"ez-toc-section-end\"><\/span><\/h2>\n<p>Como trabajadora aut\u00f3noma durante muchos a\u00f1os, me encontr\u00e9 en la situaci\u00f3n de tener que cerrar mi negocio debido a circunstancias adversas. Afortunadamente, pude acceder a una pensi\u00f3n por discapacidad y tambi\u00e9n recibir el subsidio por desempleo mientras buscaba nuevas oportunidades laborales. Esta doble protecci\u00f3n me permiti\u00f3 mantenerme econ\u00f3micamente durante ese dif\u00edcil periodo.<\/p>\n<h2><span class=\"ez-toc-section\" id=\"Requisitos_para_cobrar_pension_y_paro_simultaneamente\"><\/span>Requisitos para cobrar pensi\u00f3n y paro simult\u00e1neamente<span class=\"ez-toc-section-end\"><\/span><\/h2>\n<p>Para poder cobrar una pensi\u00f3n y el subsidio por desempleo al mismo tiempo, es necesario cumplir con los siguientes requisitos:<\/p>\n<ul>\n<li>Ser mayor de 55 a\u00f1os y tener reconocida una pensi\u00f3n contributiva.<\/li>\n<li>No haber alcanzado la edad legal de jubilaci\u00f3n.<\/li>\n<li>Haber cotizado al menos 6 a\u00f1os a la Seguridad Social.<\/li>\n<li>Estar inscrito como demandante de empleo y cumplir los requisitos para acceder al subsidio por desempleo.<\/li>\n<li>No haber renunciado voluntariamente al trabajo.<\/li>\n<li>No estar trabajando por cuenta propia o ajena.<\/li>\n<\/ul>\n<h2><span class=\"ez-toc-section\" id=\"Opinion_de_expertos\"><\/span>Opini\u00f3n de expertos<span class=\"ez-toc-section-end\"><\/span><\/h2>\n<blockquote><p>\n    La posibilidad de cobrar una pensi\u00f3n y el subsidio por desempleo al mismo tiempo es una medida importante para garantizar una protecci\u00f3n social adecuada a aquellos que se encuentran en una situaci\u00f3n vulnerable. Sin embargo, es fundamental cumplir con los requisitos establecidos para poder acceder a ambos beneficios. &#8211; Mar\u00eda L\u00f3pez, experta en Seguridad Social.\n  <\/p><\/blockquote>\n<h2><span class=\"ez-toc-section\" id=\"Preguntas_frecuentes\"><\/span>Preguntas frecuentes<span class=\"ez-toc-section-end\"><\/span><\/h2>\n<h3><span class=\"ez-toc-section\" id=\"%C2%BFCuanto_tiempo_puedo_cobrar_el_paro_si_tengo_una_pension\"><\/span>\u00bfCu\u00e1nto tiempo puedo cobrar el paro si tengo una pensi\u00f3n?<span class=\"ez-toc-section-end\"><\/span><\/h3>\n<p>El tiempo durante el cual se puede cobrar el subsidio por desempleo mientras se recibe una pensi\u00f3n var\u00eda dependiendo de cada situaci\u00f3n particular. Es recomendable consultar con el SEPE (Servicio P\u00fablico de Empleo Estatal) para obtener informaci\u00f3n precisa sobre tu caso.<\/p>\n<h3><span class=\"ez-toc-section\" id=\"%C2%BFLa_pension_afecta_al_importe_del_paro\"><\/span>\u00bfLa pensi\u00f3n afecta al importe del paro?<span class=\"ez-toc-section-end\"><\/span><\/h3>\n<p>La pensi\u00f3n no afecta al importe del subsidio por desempleo, ya que son dos prestaciones diferentes y no se descuentan entre s\u00ed.<\/p>\n<h3><span class=\"ez-toc-section\" id=\"%C2%BFPuedo_solicitar_el_paro_si_estoy_jubilado\"><\/span>\u00bfPuedo solicitar el paro si estoy jubilado?<span class=\"ez-toc-section-end\"><\/span><\/h3>\n<p>No se puede solicitar el subsidio por desempleo si se est\u00e1 jubilado, ya que la jubilaci\u00f3n implica la finalizaci\u00f3n de la relaci\u00f3n laboral y la percepci\u00f3n de una pensi\u00f3n de jubilaci\u00f3n.<\/p>\n<h3><span class=\"ez-toc-section\" id=\"%C2%BFDebo_comunicar_a_la_Seguridad_Social_que_estoy_cobrando_el_paro\"><\/span>\u00bfDebo comunicar a la Seguridad Social que estoy cobrando el paro?<span class=\"ez-toc-section-end\"><\/span><\/h3>\n<p>S\u00ed, es necesario informar a la Seguridad Social sobre cualquier cambio en tu situaci\u00f3n laboral, incluyendo la percepci\u00f3n del subsidio por desempleo mientras se recibe una pensi\u00f3n. Esto ayudar\u00e1 a evitar problemas legales futuros.<\/p>\n","protected":false},"excerpt":{"rendered":"<p>Se puede cobrar pensi\u00f3n y paro Curiosidades, estad\u00edsticas y hechos interesantes En Espa\u00f1a, es posible cobrar simult\u00e1neamente una pensi\u00f3n y el subsidio por desempleo, siempre y cuando se cumplan ciertos requisitos. Seg\u00fan datos del Instituto Nacional de Estad\u00edstica, aproximadamente el 7% de los beneficiarios de pensiones tambi\u00e9n reciben el subsidio de desempleo. La posibilidad de &#8230; <a title=\"Se puede cobrar pensi\u00f3n y paro\" class=\"read-more\" href=\"https:\/\/dudasytextos.com\/se-puede\/se-puede-cobrar-pension-y-paro\/\" aria-label=\"M\u00e1s en Se puede cobrar pensi\u00f3n y paro\">Leer m\u00e1s<\/a><\/p>\n","protected":false},"author":1,"featured_media":0,"comment_status":"open","ping_status":"open","sticky":false,"template":"","format":"standard","meta":{"footnotes":""},"categories":[3],"tags":[],"class_list":["post-75523","post","type-post","status-publish","format-standard","hentry","category-se-puede"],"aioseo_notices":[],"aioseo_head":"\n\t\t<!-- All in One SEO 5.0.1.1 - aioseo.com -->\n\t<meta name=\"description\" content=\"Se puede cobrar pensi\u00f3n y paro Curiosidades, estad\u00edsticas y hechos interesantes En Espa\u00f1a, es posible cobrar simult\u00e1neamente una pensi\u00f3n y el subsidio por desempleo, siempre y cuando se cumplan ciertos requisitos. Seg\u00fan datos del Instituto Nacional de Estad\u00edstica, aproximadamente el 7% de los beneficiarios de pensiones tambi\u00e9n reciben el subsidio de desempleo. La posibilidad de\" \/>\n\t<meta name=\"robots\" content=\"max-snippet:-1, max-image-preview:large, max-video-preview:-1\" \/>\n\t<meta name=\"author\" content=\"Ana Gonz\u00e1lez\"\/>\n\t<link rel=\"canonical\" href=\"https:\/\/dudasytextos.com\/se-puede\/se-puede-cobrar-pension-y-paro\/\" \/>\n\t<meta name=\"generator\" content=\"All in One SEO (AIOSEO) 5.0.1.1\" \/>\n\n\t\t<script async src=\"https:\/\/pagead2.googlesyndication.com\/pagead\/js\/adsbygoogle.js?client=ca-pub-3987500858204711\"\n     crossorigin=\"anonymous\"><\/script>\n<!-- Google tag (gtag.js) -->\n<script async src=\"https:\/\/www.googletagmanager.com\/gtag\/js?id=G-TYJ2FRZ8ZF\"><\/script>\n<script>\n  window.dataLayer = window.dataLayer || [];\n  function gtag(){dataLayer.push(arguments);}\n  gtag('js', new Date());\n\n  gtag('config', 'G-TYJ2FRZ8ZF');\n<\/script>\n\t\t<meta property=\"og:locale\" content=\"es_ES\" \/>\n\t\t<meta property=\"og:site_name\" content=\"\u00bfSe Puede? - Tomar decisiones informadas y resolver dudas.\" \/>\n\t\t<meta property=\"og:type\" content=\"article\" \/>\n\t\t<meta property=\"og:title\" content=\"Se puede cobrar pensi\u00f3n y paro (2026) \u00bfSe Puede?\" \/>\n\t\t<meta property=\"og:description\" content=\"Se puede cobrar pensi\u00f3n y paro Curiosidades, estad\u00edsticas y hechos interesantes En Espa\u00f1a, es posible cobrar simult\u00e1neamente una pensi\u00f3n y el subsidio por desempleo, siempre y cuando se cumplan ciertos requisitos. Seg\u00fan datos del Instituto Nacional de Estad\u00edstica, aproximadamente el 7% de los beneficiarios de pensiones tambi\u00e9n reciben el subsidio de desempleo. La posibilidad de\" \/>\n\t\t<meta property=\"og:url\" content=\"https:\/\/dudasytextos.com\/se-puede\/se-puede-cobrar-pension-y-paro\/\" \/>\n\t\t<meta property=\"article:published_time\" content=\"2025-02-24T13:15:16+00:00\" \/>\n\t\t<meta property=\"article:modified_time\" content=\"2025-03-12T14:47:07+00:00\" \/>\n\t\t<meta name=\"twitter:card\" content=\"summary_large_image\" \/>\n\t\t<meta name=\"twitter:title\" content=\"Se puede cobrar pensi\u00f3n y paro (2026) \u00bfSe Puede?\" \/>\n\t\t<meta name=\"twitter:description\" content=\"Se puede cobrar pensi\u00f3n y paro Curiosidades, estad\u00edsticas y hechos interesantes En Espa\u00f1a, es posible cobrar simult\u00e1neamente una pensi\u00f3n y el subsidio por desempleo, siempre y cuando se cumplan ciertos requisitos. Seg\u00fan datos del Instituto Nacional de Estad\u00edstica, aproximadamente el 7% de los beneficiarios de pensiones tambi\u00e9n reciben el subsidio de desempleo. La posibilidad de\" \/>\n\t\t<script type=\"application\/ld+json\" class=\"aioseo-schema\">\n\t\t\t{\"@context\":\"https:\\\/\\\/schema.org\",\"@graph\":[{\"@type\":\"BlogPosting\",\"@id\":\"https:\\\/\\\/dudasytextos.com\\\/se-puede\\\/se-puede-cobrar-pension-y-paro\\\/#blogposting\",\"name\":\"Se puede cobrar pensi\\u00f3n y paro (2026) \\u00bfSe Puede?\",\"headline\":\"Se puede cobrar pensi\\u00f3n y paro\",\"author\":{\"@id\":\"https:\\\/\\\/dudasytextos.com\\\/se-puede\\\/author\\\/admin23\\\/#author\"},\"publisher\":{\"@id\":\"https:\\\/\\\/dudasytextos.com\\\/se-puede\\\/#organization\"},\"datePublished\":\"2025-02-24T13:15:16+00:00\",\"dateModified\":\"2025-03-12T14:47:07+00:00\",\"inLanguage\":\"es-ES\",\"mainEntityOfPage\":{\"@id\":\"https:\\\/\\\/dudasytextos.com\\\/se-puede\\\/se-puede-cobrar-pension-y-paro\\\/#webpage\"},\"isPartOf\":{\"@id\":\"https:\\\/\\\/dudasytextos.com\\\/se-puede\\\/se-puede-cobrar-pension-y-paro\\\/#webpage\"},\"articleSection\":\"\\u00bfSe puede?\"},{\"@type\":\"BreadcrumbList\",\"@id\":\"https:\\\/\\\/dudasytextos.com\\\/se-puede\\\/se-puede-cobrar-pension-y-paro\\\/#breadcrumblist\",\"itemListElement\":[{\"@type\":\"ListItem\",\"@id\":\"https:\\\/\\\/dudasytextos.com\\\/se-puede#listItem\",\"position\":1,\"name\":\"Home\",\"item\":\"https:\\\/\\\/dudasytextos.com\\\/se-puede\",\"nextItem\":{\"@type\":\"ListItem\",\"@id\":\"https:\\\/\\\/dudasytextos.com\\\/se-puede\\\/category\\\/se-puede\\\/#listItem\",\"name\":\"\\u00bfSe puede?\"}},{\"@type\":\"ListItem\",\"@id\":\"https:\\\/\\\/dudasytextos.com\\\/se-puede\\\/category\\\/se-puede\\\/#listItem\",\"position\":2,\"name\":\"\\u00bfSe puede?\",\"item\":\"https:\\\/\\\/dudasytextos.com\\\/se-puede\\\/category\\\/se-puede\\\/\",\"nextItem\":{\"@type\":\"ListItem\",\"@id\":\"https:\\\/\\\/dudasytextos.com\\\/se-puede\\\/se-puede-cobrar-pension-y-paro\\\/#listItem\",\"name\":\"Se puede cobrar pensi\\u00f3n y paro\"},\"previousItem\":{\"@type\":\"ListItem\",\"@id\":\"https:\\\/\\\/dudasytextos.com\\\/se-puede#listItem\",\"name\":\"Home\"}},{\"@type\":\"ListItem\",\"@id\":\"https:\\\/\\\/dudasytextos.com\\\/se-puede\\\/se-puede-cobrar-pension-y-paro\\\/#listItem\",\"position\":3,\"name\":\"Se puede cobrar pensi\\u00f3n y paro\",\"previousItem\":{\"@type\":\"ListItem\",\"@id\":\"https:\\\/\\\/dudasytextos.com\\\/se-puede\\\/category\\\/se-puede\\\/#listItem\",\"name\":\"\\u00bfSe puede?\"}}]},{\"@type\":\"Organization\",\"@id\":\"https:\\\/\\\/dudasytextos.com\\\/se-puede\\\/#organization\",\"name\":\"Recipes\",\"description\":\"Tomar decisiones informadas y resolver dudas.\",\"url\":\"https:\\\/\\\/dudasytextos.com\\\/se-puede\\\/\"},{\"@type\":\"Person\",\"@id\":\"https:\\\/\\\/dudasytextos.com\\\/se-puede\\\/author\\\/admin23\\\/#author\",\"url\":\"https:\\\/\\\/dudasytextos.com\\\/se-puede\\\/author\\\/admin23\\\/\",\"name\":\"Ana Gonz\\u00e1lez\"},{\"@type\":\"WebPage\",\"@id\":\"https:\\\/\\\/dudasytextos.com\\\/se-puede\\\/se-puede-cobrar-pension-y-paro\\\/#webpage\",\"url\":\"https:\\\/\\\/dudasytextos.com\\\/se-puede\\\/se-puede-cobrar-pension-y-paro\\\/\",\"name\":\"Se puede cobrar pensi\\u00f3n y paro (2026) \\u00bfSe Puede?\",\"description\":\"Se puede cobrar pensi\\u00f3n y paro Curiosidades, estad\\u00edsticas y hechos interesantes En Espa\\u00f1a, es posible cobrar simult\\u00e1neamente una pensi\\u00f3n y el subsidio por desempleo, siempre y cuando se cumplan ciertos requisitos. Seg\\u00fan datos del Instituto Nacional de Estad\\u00edstica, aproximadamente el 7% de los beneficiarios de pensiones tambi\\u00e9n reciben el subsidio de desempleo. La posibilidad de\",\"inLanguage\":\"es-ES\",\"isPartOf\":{\"@id\":\"https:\\\/\\\/dudasytextos.com\\\/se-puede\\\/#website\"},\"breadcrumb\":{\"@id\":\"https:\\\/\\\/dudasytextos.com\\\/se-puede\\\/se-puede-cobrar-pension-y-paro\\\/#breadcrumblist\"},\"author\":{\"@id\":\"https:\\\/\\\/dudasytextos.com\\\/se-puede\\\/author\\\/admin23\\\/#author\"},\"creator\":{\"@id\":\"https:\\\/\\\/dudasytextos.com\\\/se-puede\\\/author\\\/admin23\\\/#author\"},\"datePublished\":\"2025-02-24T13:15:16+00:00\",\"dateModified\":\"2025-03-12T14:47:07+00:00\"},{\"@type\":\"WebSite\",\"@id\":\"https:\\\/\\\/dudasytextos.com\\\/se-puede\\\/#website\",\"url\":\"https:\\\/\\\/dudasytextos.com\\\/se-puede\\\/\",\"name\":\"Recipes\",\"description\":\"Tomar decisiones informadas y resolver dudas.\",\"inLanguage\":\"es-ES\",\"publisher\":{\"@id\":\"https:\\\/\\\/dudasytextos.com\\\/se-puede\\\/#organization\"}}]}\n\t\t<\/script>\n\t\t<!-- All in One SEO -->\n\n","aioseo_head_json":{"title":"Se puede cobrar pensi\u00f3n y paro (2026) \u00bfSe Puede?","description":"Se puede cobrar pensi\u00f3n y paro Curiosidades, estad\u00edsticas y hechos interesantes En Espa\u00f1a, es posible cobrar simult\u00e1neamente una pensi\u00f3n y el subsidio por desempleo, siempre y cuando se cumplan ciertos requisitos. Seg\u00fan datos del Instituto Nacional de Estad\u00edstica, aproximadamente el 7% de los beneficiarios de pensiones tambi\u00e9n reciben el subsidio de desempleo. La posibilidad de","canonical_url":"https:\/\/dudasytextos.com\/se-puede\/se-puede-cobrar-pension-y-paro\/","robots":"max-snippet:-1, max-image-preview:large, max-video-preview:-1","keywords":"","webmasterTools":{"miscellaneous":"&lt;script async src=\"https:\/\/pagead2.googlesyndication.com\/pagead\/js\/adsbygoogle.js?client=ca-pub-3987500858204711\"\n     crossorigin=\"anonymous\"&gt;&lt;\/script&gt;\n&lt;!-- Google tag (gtag.js) --&gt;\n&lt;script async src=\"https:\/\/www.googletagmanager.com\/gtag\/js?id=G-TYJ2FRZ8ZF\"&gt;&lt;\/script&gt;\n&lt;script&gt;\n  window.dataLayer = window.dataLayer || [];\n  function gtag(){dataLayer.push(arguments);}\n  gtag('js', new Date());\n\n  gtag('config', 'G-TYJ2FRZ8ZF');\n&lt;\/script&gt;"},"schema":{"@context":"https:\/\/schema.org","@graph":[{"@type":"BlogPosting","@id":"https:\/\/dudasytextos.com\/se-puede\/se-puede-cobrar-pension-y-paro\/#blogposting","name":"Se puede cobrar pensi\u00f3n y paro (2026) \u00bfSe Puede?","headline":"Se puede cobrar pensi\u00f3n y paro","author":{"@id":"https:\/\/dudasytextos.com\/se-puede\/author\/admin23\/#author"},"publisher":{"@id":"https:\/\/dudasytextos.com\/se-puede\/#organization"},"datePublished":"2025-02-24T13:15:16+00:00","dateModified":"2025-03-12T14:47:07+00:00","inLanguage":"es-ES","mainEntityOfPage":{"@id":"https:\/\/dudasytextos.com\/se-puede\/se-puede-cobrar-pension-y-paro\/#webpage"},"isPartOf":{"@id":"https:\/\/dudasytextos.com\/se-puede\/se-puede-cobrar-pension-y-paro\/#webpage"},"articleSection":"\u00bfSe puede?"},{"@type":"BreadcrumbList","@id":"https:\/\/dudasytextos.com\/se-puede\/se-puede-cobrar-pension-y-paro\/#breadcrumblist","itemListElement":[{"@type":"ListItem","@id":"https:\/\/dudasytextos.com\/se-puede#listItem","position":1,"name":"Home","item":"https:\/\/dudasytextos.com\/se-puede","nextItem":{"@type":"ListItem","@id":"https:\/\/dudasytextos.com\/se-puede\/category\/se-puede\/#listItem","name":"\u00bfSe puede?"}},{"@type":"ListItem","@id":"https:\/\/dudasytextos.com\/se-puede\/category\/se-puede\/#listItem","position":2,"name":"\u00bfSe puede?","item":"https:\/\/dudasytextos.com\/se-puede\/category\/se-puede\/","nextItem":{"@type":"ListItem","@id":"https:\/\/dudasytextos.com\/se-puede\/se-puede-cobrar-pension-y-paro\/#listItem","name":"Se puede cobrar pensi\u00f3n y paro"},"previousItem":{"@type":"ListItem","@id":"https:\/\/dudasytextos.com\/se-puede#listItem","name":"Home"}},{"@type":"ListItem","@id":"https:\/\/dudasytextos.com\/se-puede\/se-puede-cobrar-pension-y-paro\/#listItem","position":3,"name":"Se puede cobrar pensi\u00f3n y paro","previousItem":{"@type":"ListItem","@id":"https:\/\/dudasytextos.com\/se-puede\/category\/se-puede\/#listItem","name":"\u00bfSe puede?"}}]},{"@type":"Organization","@id":"https:\/\/dudasytextos.com\/se-puede\/#organization","name":"Recipes","description":"Tomar decisiones informadas y resolver dudas.","url":"https:\/\/dudasytextos.com\/se-puede\/"},{"@type":"Person","@id":"https:\/\/dudasytextos.com\/se-puede\/author\/admin23\/#author","url":"https:\/\/dudasytextos.com\/se-puede\/author\/admin23\/","name":"Ana Gonz\u00e1lez"},{"@type":"WebPage","@id":"https:\/\/dudasytextos.com\/se-puede\/se-puede-cobrar-pension-y-paro\/#webpage","url":"https:\/\/dudasytextos.com\/se-puede\/se-puede-cobrar-pension-y-paro\/","name":"Se puede cobrar pensi\u00f3n y paro (2026) \u00bfSe Puede?","description":"Se puede cobrar pensi\u00f3n y paro Curiosidades, estad\u00edsticas y hechos interesantes En Espa\u00f1a, es posible cobrar simult\u00e1neamente una pensi\u00f3n y el subsidio por desempleo, siempre y cuando se cumplan ciertos requisitos. Seg\u00fan datos del Instituto Nacional de Estad\u00edstica, aproximadamente el 7% de los beneficiarios de pensiones tambi\u00e9n reciben el subsidio de desempleo. La posibilidad de","inLanguage":"es-ES","isPartOf":{"@id":"https:\/\/dudasytextos.com\/se-puede\/#website"},"breadcrumb":{"@id":"https:\/\/dudasytextos.com\/se-puede\/se-puede-cobrar-pension-y-paro\/#breadcrumblist"},"author":{"@id":"https:\/\/dudasytextos.com\/se-puede\/author\/admin23\/#author"},"creator":{"@id":"https:\/\/dudasytextos.com\/se-puede\/author\/admin23\/#author"},"datePublished":"2025-02-24T13:15:16+00:00","dateModified":"2025-03-12T14:47:07+00:00"},{"@type":"WebSite","@id":"https:\/\/dudasytextos.com\/se-puede\/#website","url":"https:\/\/dudasytextos.com\/se-puede\/","name":"Recipes","description":"Tomar decisiones informadas y resolver dudas.","inLanguage":"es-ES","publisher":{"@id":"https:\/\/dudasytextos.com\/se-puede\/#organization"}}]},"og:locale":"es_ES","og:site_name":"\u00bfSe Puede? - Tomar decisiones informadas y resolver dudas.","og:type":"article","og:title":"Se puede cobrar pensi\u00f3n y paro (2026) \u00bfSe Puede?","og:description":"Se puede cobrar pensi\u00f3n y paro Curiosidades, estad\u00edsticas y hechos interesantes En Espa\u00f1a, es posible cobrar simult\u00e1neamente una pensi\u00f3n y el subsidio por desempleo, siempre y cuando se cumplan ciertos requisitos. Seg\u00fan datos del Instituto Nacional de Estad\u00edstica, aproximadamente el 7% de los beneficiarios de pensiones tambi\u00e9n reciben el subsidio de desempleo. La posibilidad de","og:url":"https:\/\/dudasytextos.com\/se-puede\/se-puede-cobrar-pension-y-paro\/","article:published_time":"2025-02-24T13:15:16+00:00","article:modified_time":"2025-03-12T14:47:07+00:00","twitter:card":"summary_large_image","twitter:title":"Se puede cobrar pensi\u00f3n y paro (2026) \u00bfSe Puede?","twitter:description":"Se puede cobrar pensi\u00f3n y paro Curiosidades, estad\u00edsticas y hechos interesantes En Espa\u00f1a, es posible cobrar simult\u00e1neamente una pensi\u00f3n y el subsidio por desempleo, siempre y cuando se cumplan ciertos requisitos. Seg\u00fan datos del Instituto Nacional de Estad\u00edstica, aproximadamente el 7% de los beneficiarios de pensiones tambi\u00e9n reciben el subsidio de desempleo. La posibilidad de"},"aioseo_meta_data":{"post_id":"75523","title":null,"description":null,"keywords":null,"keyphrases":null,"primary_term":null,"canonical_url":null,"og_title":null,"og_description":null,"og_object_type":"default","og_image_type":"default","og_image_url":null,"og_image_width":null,"og_image_height":null,"og_image_custom_url":null,"og_image_custom_fields":null,"og_video":null,"og_custom_url":null,"og_article_section":null,"og_article_tags":null,"twitter_use_og":false,"twitter_card":"default","twitter_image_type":"default","twitter_image_url":null,"twitter_image_custom_url":null,"twitter_image_custom_fields":null,"twitter_title":null,"twitter_description":null,"schema":{"blockGraphs":[],"customGraphs":[],"default":{"data":{"Article":[],"Course":[],"Dataset":[],"FAQPage":[],"Movie":[],"Person":[],"Product":[],"ProductReview":[],"Car":[],"Recipe":[],"Service":[],"SoftwareApplication":[],"WebPage":[]},"graphName":"","isEnabled":true},"graphs":[]},"schema_type":"default","schema_type_options":null,"pillar_content":false,"robots_default":true,"robots_noindex":false,"robots_noarchive":false,"robots_nosnippet":false,"robots_nofollow":false,"robots_noimageindex":false,"robots_noodp":false,"robots_notranslate":false,"robots_max_snippet":null,"robots_max_videopreview":null,"robots_max_imagepreview":"large","priority":null,"frequency":null,"local_seo":null,"breadcrumb_settings":null,"limit_modified_date":false,"ai":null,"created":"2023-07-13 09:26:05","updated":"2025-03-13 22:06:32","seo_analyzer_scan_date":null,"focus_keyword":null,"additional_keywords":null,"truseo_locale":null},"aioseo_breadcrumb":"<div class=\"aioseo-breadcrumbs\"><span class=\"aioseo-breadcrumb\">\n\t\t\t<a href=\"https:\/\/dudasytextos.com\/se-puede\" title=\"Home\">Home<\/a>\n\t\t<\/span><span class=\"aioseo-breadcrumb-separator\">&raquo;<\/span><span class=\"aioseo-breadcrumb\">\n\t\t\t<a href=\"https:\/\/dudasytextos.com\/se-puede\/category\/se-puede\/\" title=\"\u00bfSe puede?\">\u00bfSe puede?<\/a>\n\t\t<\/span><span class=\"aioseo-breadcrumb-separator\">&raquo;<\/span><span class=\"aioseo-breadcrumb\">\n\t\t\tSe puede cobrar pensi\u00f3n y paro\n\t\t<\/span><\/div>","aioseo_breadcrumb_json":[{"label":"Home","link":"https:\/\/dudasytextos.com\/se-puede"},{"label":"\u00bfSe puede?","link":"https:\/\/dudasytextos.com\/se-puede\/category\/se-puede\/"},{"label":"Se puede cobrar pensi\u00f3n y paro","link":"https:\/\/dudasytextos.com\/se-puede\/se-puede-cobrar-pension-y-paro\/"}],"_links":{"self":[{"href":"https:\/\/dudasytextos.com\/se-puede\/wp-json\/wp\/v2\/posts\/75523","targetHints":{"allow":["GET"]}}],"collection":[{"href":"https:\/\/dudasytextos.com\/se-puede\/wp-json\/wp\/v2\/posts"}],"about":[{"href":"https:\/\/dudasytextos.com\/se-puede\/wp-json\/wp\/v2\/types\/post"}],"author":[{"embeddable":true,"href":"https:\/\/dudasytextos.com\/se-puede\/wp-json\/wp\/v2\/users\/1"}],"replies":[{"embeddable":true,"href":"https:\/\/dudasytextos.com\/se-puede\/wp-json\/wp\/v2\/comments?post=75523"}],"version-history":[{"count":0,"href":"https:\/\/dudasytextos.com\/se-puede\/wp-json\/wp\/v2\/posts\/75523\/revisions"}],"wp:attachment":[{"href":"https:\/\/dudasytextos.com\/se-puede\/wp-json\/wp\/v2\/media?parent=75523"}],"wp:term":[{"taxonomy":"category","embeddable":true,"href":"https:\/\/dudasytextos.com\/se-puede\/wp-json\/wp\/v2\/categories?post=75523"},{"taxonomy":"post_tag","embeddable":true,"href":"https:\/\/dudasytextos.com\/se-puede\/wp-json\/wp\/v2\/tags?post=75523"}],"curies":[{"name":"wp","href":"https:\/\/api.w.org\/{rel}","templated":true}]}}