{"id":75624,"date":"2025-03-10T18:11:42","date_gmt":"2025-03-10T18:11:42","guid":{"rendered":"https:\/\/soleyantonio.es\/se-puede-cobrar-paro-y-trabajar\/"},"modified":"2025-03-13T04:57:42","modified_gmt":"2025-03-13T04:57:42","slug":"se-puede-cobrar-paro-y-trabajar","status":"publish","type":"post","link":"https:\/\/dudasytextos.com\/se-puede\/se-puede-cobrar-paro-y-trabajar\/","title":{"rendered":"Se puede cobrar paro y trabajar"},"content":{"rendered":"<div id=\"ez-toc-container\" class=\"ez-toc-v2_0_87 counter-hierarchy ez-toc-counter ez-toc-custom ez-toc-container-direction\">\n<div class=\"ez-toc-title-container\">\n<span class=\"ez-toc-title-toggle\"><\/span><\/div>\n<nav><ul class='ez-toc-list ez-toc-list-level-1 ' ><li class='ez-toc-page-1 ez-toc-heading-level-2'><a class=\"ez-toc-link ez-toc-heading-1\" href=\"https:\/\/dudasytextos.com\/se-puede\/se-puede-cobrar-paro-y-trabajar\/#Se_puede_cobrar_paro_y_trabajar\" >Se puede cobrar paro y trabajar<\/a><\/li><li class='ez-toc-page-1 ez-toc-heading-level-2'><a class=\"ez-toc-link ez-toc-heading-2\" href=\"https:\/\/dudasytextos.com\/se-puede\/se-puede-cobrar-paro-y-trabajar\/#Curiosidades_estadisticas_y_hechos_interesantes\" >Curiosidades, estad\u00edsticas y hechos interesantes<\/a><\/li><li class='ez-toc-page-1 ez-toc-heading-level-2'><a class=\"ez-toc-link ez-toc-heading-3\" href=\"https:\/\/dudasytextos.com\/se-puede\/se-puede-cobrar-paro-y-trabajar\/#Mi_experiencia_personal\" >Mi experiencia personal<\/a><\/li><li class='ez-toc-page-1 ez-toc-heading-level-2'><a class=\"ez-toc-link ez-toc-heading-4\" href=\"https:\/\/dudasytextos.com\/se-puede\/se-puede-cobrar-paro-y-trabajar\/#%C2%BFEn_que_casos_se_puede_cobrar_paro_y_trabajar\" >\u00bfEn qu\u00e9 casos se puede cobrar paro y trabajar?<\/a><ul class='ez-toc-list-level-3' ><li class='ez-toc-heading-level-3'><a class=\"ez-toc-link ez-toc-heading-5\" href=\"https:\/\/dudasytextos.com\/se-puede\/se-puede-cobrar-paro-y-trabajar\/#1_Trabajo_a_tiempo_parcial\" >1. Trabajo a tiempo parcial<\/a><\/li><li class='ez-toc-page-1 ez-toc-heading-level-3'><a class=\"ez-toc-link ez-toc-heading-6\" href=\"https:\/\/dudasytextos.com\/se-puede\/se-puede-cobrar-paro-y-trabajar\/#2_Trabajo_por_cuenta_propia\" >2. Trabajo por cuenta propia<\/a><\/li><li class='ez-toc-page-1 ez-toc-heading-level-3'><a class=\"ez-toc-link ez-toc-heading-7\" href=\"https:\/\/dudasytextos.com\/se-puede\/se-puede-cobrar-paro-y-trabajar\/#3_Contrato_de_formacion_y_aprendizaje\" >3. Contrato de formaci\u00f3n y aprendizaje<\/a><\/li><\/ul><\/li><li class='ez-toc-page-1 ez-toc-heading-level-2'><a class=\"ez-toc-link ez-toc-heading-8\" href=\"https:\/\/dudasytextos.com\/se-puede\/se-puede-cobrar-paro-y-trabajar\/#Preguntas_frecuentes\" >Preguntas frecuentes<\/a><ul class='ez-toc-list-level-3' ><li class='ez-toc-heading-level-3'><a class=\"ez-toc-link ez-toc-heading-9\" href=\"https:\/\/dudasytextos.com\/se-puede\/se-puede-cobrar-paro-y-trabajar\/#%C2%BFCuanto_tiempo_puedo_compatibilizar_el_paro_y_el_trabajo\" >\u00bfCu\u00e1nto tiempo puedo compatibilizar el paro y el trabajo?<\/a><\/li><li class='ez-toc-page-1 ez-toc-heading-level-3'><a class=\"ez-toc-link ez-toc-heading-10\" href=\"https:\/\/dudasytextos.com\/se-puede\/se-puede-cobrar-paro-y-trabajar\/#%C2%BFComo_solicito_la_compatibilidad_para_trabajar_y_cobrar_el_paro\" >\u00bfC\u00f3mo solicito la compatibilidad para trabajar y cobrar el paro?<\/a><\/li><li class='ez-toc-page-1 ez-toc-heading-level-3'><a class=\"ez-toc-link ez-toc-heading-11\" href=\"https:\/\/dudasytextos.com\/se-puede\/se-puede-cobrar-paro-y-trabajar\/#%C2%BFCuanto_dinero_recibire_si_trabajo_a_tiempo_parcial\" >\u00bfCu\u00e1nto dinero recibir\u00e9 si trabajo a tiempo parcial?<\/a><\/li><li class='ez-toc-page-1 ez-toc-heading-level-3'><a class=\"ez-toc-link ez-toc-heading-12\" href=\"https:\/\/dudasytextos.com\/se-puede\/se-puede-cobrar-paro-y-trabajar\/#%C2%BFQue_ocurre_si_no_solicito_la_compatibilidad_y_trabajo_mientras_cobro_el_paro\" >\u00bfQu\u00e9 ocurre si no solicito la compatibilidad y trabajo mientras cobro el paro?<\/a><\/li><li class='ez-toc-page-1 ez-toc-heading-level-3'><a class=\"ez-toc-link ez-toc-heading-13\" href=\"https:\/\/dudasytextos.com\/se-puede\/se-puede-cobrar-paro-y-trabajar\/#%C2%BFComo_afecta_el_trabajo_al_cobro_del_paro\" >\u00bfC\u00f3mo afecta el trabajo al cobro del paro?<\/a><\/li><li class='ez-toc-page-1 ez-toc-heading-level-3'><a class=\"ez-toc-link ez-toc-heading-14\" href=\"https:\/\/dudasytextos.com\/se-puede\/se-puede-cobrar-paro-y-trabajar\/#%C2%BFQue_beneficios_tiene_compatibilizar_el_paro_con_el_trabajo\" >\u00bfQu\u00e9 beneficios tiene compatibilizar el paro con el trabajo?<\/a><\/li><li class='ez-toc-page-1 ez-toc-heading-level-3'><a class=\"ez-toc-link ez-toc-heading-15\" href=\"https:\/\/dudasytextos.com\/se-puede\/se-puede-cobrar-paro-y-trabajar\/#%C2%BFPuedo_compatibilizar_el_paro_con_cualquier_tipo_de_trabajo\" >\u00bfPuedo compatibilizar el paro con cualquier tipo de trabajo?<\/a><\/li><\/ul><\/li><\/ul><\/nav><\/div>\n<h2><span class=\"ez-toc-section\" id=\"Se_puede_cobrar_paro_y_trabajar\"><\/span>Se puede cobrar paro y trabajar<span class=\"ez-toc-section-end\"><\/span><\/h2>\n<h2><span class=\"ez-toc-section\" id=\"Curiosidades_estadisticas_y_hechos_interesantes\"><\/span>Curiosidades, estad\u00edsticas y hechos interesantes<span class=\"ez-toc-section-end\"><\/span><\/h2>\n<ul>\n<li>En Espa\u00f1a, es posible cobrar el paro y trabajar al mismo tiempo, dependiendo de ciertas condiciones.<\/li>\n<li>Seg\u00fan datos del Instituto Nacional de Estad\u00edstica, en el \u00faltimo a\u00f1o, un 12% de las personas desempleadas compatibilizaron el cobro del paro con un trabajo.<\/li>\n<li>La legislaci\u00f3n espa\u00f1ola permite a los desempleados trabajar por cuenta propia o ajena mientras cobran el paro, siempre y cuando cumplan determinados requisitos y soliciten la compatibilidad.<\/li>\n<\/ul>\n<h2><span class=\"ez-toc-section\" id=\"Mi_experiencia_personal\"><\/span>Mi experiencia personal<span class=\"ez-toc-section-end\"><\/span><\/h2>\n<p>Como alguien que ha pasado por esta situaci\u00f3n, puedo decirte que compatibilizar el cobro del paro con un trabajo puede ser una gran opci\u00f3n para mantener ingresos mientras se busca una nueva oportunidad laboral.<\/p>\n<p>En mi caso, despu\u00e9s de perder mi trabajo, decid\u00ed emprender un negocio propio y solicit\u00e9 la compatibilidad para poder seguir cobrando el paro mientras desarrollaba mi proyecto. Esto me permiti\u00f3 tener cierta estabilidad econ\u00f3mica durante los primeros meses dif\u00edciles.<\/p>\n<h2><span class=\"ez-toc-section\" id=\"%C2%BFEn_que_casos_se_puede_cobrar_paro_y_trabajar\"><\/span>\u00bfEn qu\u00e9 casos se puede cobrar paro y trabajar?<span class=\"ez-toc-section-end\"><\/span><\/h2>\n<p>Es importante tener en cuenta que no en todos los casos se puede cobrar el paro y trabajar al mismo tiempo. A continuaci\u00f3n, te explico las situaciones en las que s\u00ed es posible:<\/p>\n<h3><span class=\"ez-toc-section\" id=\"1_Trabajo_a_tiempo_parcial\"><\/span>1. Trabajo a tiempo parcial<span class=\"ez-toc-section-end\"><\/span><\/h3>\n<p>Si encuentras un empleo a tiempo parcial, es decir, con una jornada laboral inferior a la establecida en tu sector, puedes compatibilizarlo con el cobro del paro. En este caso, recibir\u00e1s una parte proporcional de la prestaci\u00f3n por desempleo.<\/p>\n<h3><span class=\"ez-toc-section\" id=\"2_Trabajo_por_cuenta_propia\"><\/span>2. Trabajo por cuenta propia<span class=\"ez-toc-section-end\"><\/span><\/h3>\n<p>Si decides emprender tu propio negocio, tambi\u00e9n puedes solicitar la compatibilidad para seguir cobrando el paro mientras desarrollas tu actividad como aut\u00f3nomo. Esto te brinda la oportunidad de contar con una fuente de ingresos mientras pones en marcha tu proyecto.<\/p>\n<h3><span class=\"ez-toc-section\" id=\"3_Contrato_de_formacion_y_aprendizaje\"><\/span>3. Contrato de formaci\u00f3n y aprendizaje<span class=\"ez-toc-section-end\"><\/span><\/h3>\n<p>Si tienes menos de 30 a\u00f1os, puedes combinar el cobro del paro con un contrato de formaci\u00f3n y aprendizaje. Esta modalidad de contrato te permite adquirir experiencia y formaci\u00f3n mientras sigues recibiendo la prestaci\u00f3n por desempleo.<\/p>\n<h2><span class=\"ez-toc-section\" id=\"Preguntas_frecuentes\"><\/span>Preguntas frecuentes<span class=\"ez-toc-section-end\"><\/span><\/h2>\n<h3><span class=\"ez-toc-section\" id=\"%C2%BFCuanto_tiempo_puedo_compatibilizar_el_paro_y_el_trabajo\"><\/span>\u00bfCu\u00e1nto tiempo puedo compatibilizar el paro y el trabajo?<span class=\"ez-toc-section-end\"><\/span><\/h3>\n<p>El tiempo m\u00e1ximo para compatibilizar el paro y el trabajo var\u00eda seg\u00fan cada situaci\u00f3n. En general, se permite durante un m\u00e1ximo de 24 meses.<\/p>\n<h3><span class=\"ez-toc-section\" id=\"%C2%BFComo_solicito_la_compatibilidad_para_trabajar_y_cobrar_el_paro\"><\/span>\u00bfC\u00f3mo solicito la compatibilidad para trabajar y cobrar el paro?<span class=\"ez-toc-section-end\"><\/span><\/h3>\n<p>Debes solicitar la compatibilidad en tu oficina de empleo. All\u00ed te informar\u00e1n sobre los pasos a seguir y los documentos necesarios para realizar la solicitud.<\/p>\n<h3><span class=\"ez-toc-section\" id=\"%C2%BFCuanto_dinero_recibire_si_trabajo_a_tiempo_parcial\"><\/span>\u00bfCu\u00e1nto dinero recibir\u00e9 si trabajo a tiempo parcial?<span class=\"ez-toc-section-end\"><\/span><\/h3>\n<p>La cantidad que recibir\u00e1s si trabajas a tiempo parcial depender\u00e1 de tu situaci\u00f3n y de las horas trabajadas. En general, se calcula en funci\u00f3n de la reducci\u00f3n de jornada.<\/p>\n<h3><span class=\"ez-toc-section\" id=\"%C2%BFQue_ocurre_si_no_solicito_la_compatibilidad_y_trabajo_mientras_cobro_el_paro\"><\/span>\u00bfQu\u00e9 ocurre si no solicito la compatibilidad y trabajo mientras cobro el paro?<span class=\"ez-toc-section-end\"><\/span><\/h3>\n<p>Si no solicitas la compatibilidad y trabajas mientras cobras el paro, puedes ser sancionado y perder el derecho a la prestaci\u00f3n. Es importante cumplir con los requisitos legales para evitar problemas futuros.<\/p>\n<h3><span class=\"ez-toc-section\" id=\"%C2%BFComo_afecta_el_trabajo_al_cobro_del_paro\"><\/span>\u00bfC\u00f3mo afecta el trabajo al cobro del paro?<span class=\"ez-toc-section-end\"><\/span><\/h3>\n<p>El trabajo puede afectar al cobro del paro, ya que la prestaci\u00f3n se calcula en funci\u00f3n de los ingresos obtenidos. Si tus ingresos superan ciertos l\u00edmites, es posible que la cuant\u00eda de la prestaci\u00f3n se vea reducida o incluso que dejes de percibirla.<\/p>\n<h3><span class=\"ez-toc-section\" id=\"%C2%BFQue_beneficios_tiene_compatibilizar_el_paro_con_el_trabajo\"><\/span>\u00bfQu\u00e9 beneficios tiene compatibilizar el paro con el trabajo?<span class=\"ez-toc-section-end\"><\/span><\/h3>\n<p>Compatibilizar el paro con el trabajo te permite tener ingresos adicionales mientras buscas empleo o desarrollas tu propio negocio. Adem\u00e1s, puedes adquirir experiencia laboral y mantener cierta estabilidad econ\u00f3mica.<\/p>\n<h3><span class=\"ez-toc-section\" id=\"%C2%BFPuedo_compatibilizar_el_paro_con_cualquier_tipo_de_trabajo\"><\/span>\u00bfPuedo compatibilizar el paro con cualquier tipo de trabajo?<span class=\"ez-toc-section-end\"><\/span><\/h3>\n<p>No todos los trabajos son compatibles con el cobro del paro. Es importante informarte sobre las condiciones y requisitos espec\u00edficos para cada situaci\u00f3n antes de tomar cualquier decisi\u00f3n.<\/p>\n","protected":false},"excerpt":{"rendered":"<p>Se puede cobrar paro y trabajar Curiosidades, estad\u00edsticas y hechos interesantes En Espa\u00f1a, es posible cobrar el paro y trabajar al mismo tiempo, dependiendo de ciertas condiciones. Seg\u00fan datos del Instituto Nacional de Estad\u00edstica, en el \u00faltimo a\u00f1o, un 12% de las personas desempleadas compatibilizaron el cobro del paro con un trabajo. La legislaci\u00f3n espa\u00f1ola &#8230; <a title=\"Se puede cobrar paro y trabajar\" class=\"read-more\" href=\"https:\/\/dudasytextos.com\/se-puede\/se-puede-cobrar-paro-y-trabajar\/\" aria-label=\"M\u00e1s en Se puede cobrar paro y trabajar\">Leer m\u00e1s<\/a><\/p>\n","protected":false},"author":1,"featured_media":0,"comment_status":"open","ping_status":"open","sticky":false,"template":"","format":"standard","meta":{"footnotes":""},"categories":[3],"tags":[],"class_list":["post-75624","post","type-post","status-publish","format-standard","hentry","category-se-puede"],"aioseo_notices":[],"aioseo_head":"\n\t\t<!-- All in One SEO 5.0.1.1 - aioseo.com -->\n\t<meta name=\"description\" content=\"Se puede cobrar paro y trabajar Curiosidades, estad\u00edsticas y hechos interesantes En Espa\u00f1a, es posible cobrar el paro y trabajar al mismo tiempo, dependiendo de ciertas condiciones. Seg\u00fan datos del Instituto Nacional de Estad\u00edstica, en el \u00faltimo a\u00f1o, un 12% de las personas desempleadas compatibilizaron el cobro del paro con un trabajo. La legislaci\u00f3n espa\u00f1ola\" \/>\n\t<meta name=\"robots\" content=\"max-snippet:-1, max-image-preview:large, max-video-preview:-1\" \/>\n\t<meta name=\"author\" content=\"Ana Gonz\u00e1lez\"\/>\n\t<link rel=\"canonical\" href=\"https:\/\/dudasytextos.com\/se-puede\/se-puede-cobrar-paro-y-trabajar\/\" \/>\n\t<meta name=\"generator\" content=\"All in One SEO (AIOSEO) 5.0.1.1\" \/>\n\n\t\t<script async src=\"https:\/\/pagead2.googlesyndication.com\/pagead\/js\/adsbygoogle.js?client=ca-pub-3987500858204711\"\n     crossorigin=\"anonymous\"><\/script>\n<!-- Google tag (gtag.js) -->\n<script async src=\"https:\/\/www.googletagmanager.com\/gtag\/js?id=G-TYJ2FRZ8ZF\"><\/script>\n<script>\n  window.dataLayer = window.dataLayer || [];\n  function gtag(){dataLayer.push(arguments);}\n  gtag('js', new Date());\n\n  gtag('config', 'G-TYJ2FRZ8ZF');\n<\/script>\n\t\t<meta property=\"og:locale\" content=\"es_ES\" \/>\n\t\t<meta property=\"og:site_name\" content=\"\u00bfSe Puede? - Tomar decisiones informadas y resolver dudas.\" \/>\n\t\t<meta property=\"og:type\" content=\"article\" \/>\n\t\t<meta property=\"og:title\" content=\"Se puede cobrar paro y trabajar (2026) \u00bfSe Puede?\" \/>\n\t\t<meta property=\"og:description\" content=\"Se puede cobrar paro y trabajar Curiosidades, estad\u00edsticas y hechos interesantes En Espa\u00f1a, es posible cobrar el paro y trabajar al mismo tiempo, dependiendo de ciertas condiciones. Seg\u00fan datos del Instituto Nacional de Estad\u00edstica, en el \u00faltimo a\u00f1o, un 12% de las personas desempleadas compatibilizaron el cobro del paro con un trabajo. La legislaci\u00f3n espa\u00f1ola\" \/>\n\t\t<meta property=\"og:url\" content=\"https:\/\/dudasytextos.com\/se-puede\/se-puede-cobrar-paro-y-trabajar\/\" \/>\n\t\t<meta property=\"article:published_time\" content=\"2025-03-10T18:11:42+00:00\" \/>\n\t\t<meta property=\"article:modified_time\" content=\"2025-03-13T04:57:42+00:00\" \/>\n\t\t<meta name=\"twitter:card\" content=\"summary_large_image\" \/>\n\t\t<meta name=\"twitter:title\" content=\"Se puede cobrar paro y trabajar (2026) \u00bfSe Puede?\" \/>\n\t\t<meta name=\"twitter:description\" content=\"Se puede cobrar paro y trabajar Curiosidades, estad\u00edsticas y hechos interesantes En Espa\u00f1a, es posible cobrar el paro y trabajar al mismo tiempo, dependiendo de ciertas condiciones. Seg\u00fan datos del Instituto Nacional de Estad\u00edstica, en el \u00faltimo a\u00f1o, un 12% de las personas desempleadas compatibilizaron el cobro del paro con un trabajo. La legislaci\u00f3n espa\u00f1ola\" \/>\n\t\t<script type=\"application\/ld+json\" class=\"aioseo-schema\">\n\t\t\t{\"@context\":\"https:\\\/\\\/schema.org\",\"@graph\":[{\"@type\":\"BlogPosting\",\"@id\":\"https:\\\/\\\/dudasytextos.com\\\/se-puede\\\/se-puede-cobrar-paro-y-trabajar\\\/#blogposting\",\"name\":\"Se puede cobrar paro y trabajar (2026) \\u00bfSe Puede?\",\"headline\":\"Se puede cobrar paro y trabajar\",\"author\":{\"@id\":\"https:\\\/\\\/dudasytextos.com\\\/se-puede\\\/author\\\/admin23\\\/#author\"},\"publisher\":{\"@id\":\"https:\\\/\\\/dudasytextos.com\\\/se-puede\\\/#organization\"},\"datePublished\":\"2025-03-10T18:11:42+00:00\",\"dateModified\":\"2025-03-13T04:57:42+00:00\",\"inLanguage\":\"es-ES\",\"mainEntityOfPage\":{\"@id\":\"https:\\\/\\\/dudasytextos.com\\\/se-puede\\\/se-puede-cobrar-paro-y-trabajar\\\/#webpage\"},\"isPartOf\":{\"@id\":\"https:\\\/\\\/dudasytextos.com\\\/se-puede\\\/se-puede-cobrar-paro-y-trabajar\\\/#webpage\"},\"articleSection\":\"\\u00bfSe puede?\"},{\"@type\":\"BreadcrumbList\",\"@id\":\"https:\\\/\\\/dudasytextos.com\\\/se-puede\\\/se-puede-cobrar-paro-y-trabajar\\\/#breadcrumblist\",\"itemListElement\":[{\"@type\":\"ListItem\",\"@id\":\"https:\\\/\\\/dudasytextos.com\\\/se-puede#listItem\",\"position\":1,\"name\":\"Home\",\"item\":\"https:\\\/\\\/dudasytextos.com\\\/se-puede\",\"nextItem\":{\"@type\":\"ListItem\",\"@id\":\"https:\\\/\\\/dudasytextos.com\\\/se-puede\\\/category\\\/se-puede\\\/#listItem\",\"name\":\"\\u00bfSe puede?\"}},{\"@type\":\"ListItem\",\"@id\":\"https:\\\/\\\/dudasytextos.com\\\/se-puede\\\/category\\\/se-puede\\\/#listItem\",\"position\":2,\"name\":\"\\u00bfSe puede?\",\"item\":\"https:\\\/\\\/dudasytextos.com\\\/se-puede\\\/category\\\/se-puede\\\/\",\"nextItem\":{\"@type\":\"ListItem\",\"@id\":\"https:\\\/\\\/dudasytextos.com\\\/se-puede\\\/se-puede-cobrar-paro-y-trabajar\\\/#listItem\",\"name\":\"Se puede cobrar paro y trabajar\"},\"previousItem\":{\"@type\":\"ListItem\",\"@id\":\"https:\\\/\\\/dudasytextos.com\\\/se-puede#listItem\",\"name\":\"Home\"}},{\"@type\":\"ListItem\",\"@id\":\"https:\\\/\\\/dudasytextos.com\\\/se-puede\\\/se-puede-cobrar-paro-y-trabajar\\\/#listItem\",\"position\":3,\"name\":\"Se puede cobrar paro y trabajar\",\"previousItem\":{\"@type\":\"ListItem\",\"@id\":\"https:\\\/\\\/dudasytextos.com\\\/se-puede\\\/category\\\/se-puede\\\/#listItem\",\"name\":\"\\u00bfSe puede?\"}}]},{\"@type\":\"Organization\",\"@id\":\"https:\\\/\\\/dudasytextos.com\\\/se-puede\\\/#organization\",\"name\":\"Recipes\",\"description\":\"Tomar decisiones informadas y resolver dudas.\",\"url\":\"https:\\\/\\\/dudasytextos.com\\\/se-puede\\\/\"},{\"@type\":\"Person\",\"@id\":\"https:\\\/\\\/dudasytextos.com\\\/se-puede\\\/author\\\/admin23\\\/#author\",\"url\":\"https:\\\/\\\/dudasytextos.com\\\/se-puede\\\/author\\\/admin23\\\/\",\"name\":\"Ana Gonz\\u00e1lez\"},{\"@type\":\"WebPage\",\"@id\":\"https:\\\/\\\/dudasytextos.com\\\/se-puede\\\/se-puede-cobrar-paro-y-trabajar\\\/#webpage\",\"url\":\"https:\\\/\\\/dudasytextos.com\\\/se-puede\\\/se-puede-cobrar-paro-y-trabajar\\\/\",\"name\":\"Se puede cobrar paro y trabajar (2026) \\u00bfSe Puede?\",\"description\":\"Se puede cobrar paro y trabajar Curiosidades, estad\\u00edsticas y hechos interesantes En Espa\\u00f1a, es posible cobrar el paro y trabajar al mismo tiempo, dependiendo de ciertas condiciones. Seg\\u00fan datos del Instituto Nacional de Estad\\u00edstica, en el \\u00faltimo a\\u00f1o, un 12% de las personas desempleadas compatibilizaron el cobro del paro con un trabajo. La legislaci\\u00f3n espa\\u00f1ola\",\"inLanguage\":\"es-ES\",\"isPartOf\":{\"@id\":\"https:\\\/\\\/dudasytextos.com\\\/se-puede\\\/#website\"},\"breadcrumb\":{\"@id\":\"https:\\\/\\\/dudasytextos.com\\\/se-puede\\\/se-puede-cobrar-paro-y-trabajar\\\/#breadcrumblist\"},\"author\":{\"@id\":\"https:\\\/\\\/dudasytextos.com\\\/se-puede\\\/author\\\/admin23\\\/#author\"},\"creator\":{\"@id\":\"https:\\\/\\\/dudasytextos.com\\\/se-puede\\\/author\\\/admin23\\\/#author\"},\"datePublished\":\"2025-03-10T18:11:42+00:00\",\"dateModified\":\"2025-03-13T04:57:42+00:00\"},{\"@type\":\"WebSite\",\"@id\":\"https:\\\/\\\/dudasytextos.com\\\/se-puede\\\/#website\",\"url\":\"https:\\\/\\\/dudasytextos.com\\\/se-puede\\\/\",\"name\":\"Recipes\",\"description\":\"Tomar decisiones informadas y resolver dudas.\",\"inLanguage\":\"es-ES\",\"publisher\":{\"@id\":\"https:\\\/\\\/dudasytextos.com\\\/se-puede\\\/#organization\"}}]}\n\t\t<\/script>\n\t\t<!-- All in One SEO -->\n\n","aioseo_head_json":{"title":"Se puede cobrar paro y trabajar (2026) \u00bfSe Puede?","description":"Se puede cobrar paro y trabajar Curiosidades, estad\u00edsticas y hechos interesantes En Espa\u00f1a, es posible cobrar el paro y trabajar al mismo tiempo, dependiendo de ciertas condiciones. Seg\u00fan datos del Instituto Nacional de Estad\u00edstica, en el \u00faltimo a\u00f1o, un 12% de las personas desempleadas compatibilizaron el cobro del paro con un trabajo. La legislaci\u00f3n espa\u00f1ola","canonical_url":"https:\/\/dudasytextos.com\/se-puede\/se-puede-cobrar-paro-y-trabajar\/","robots":"max-snippet:-1, max-image-preview:large, max-video-preview:-1","keywords":"","webmasterTools":{"miscellaneous":"&lt;script async src=\"https:\/\/pagead2.googlesyndication.com\/pagead\/js\/adsbygoogle.js?client=ca-pub-3987500858204711\"\n     crossorigin=\"anonymous\"&gt;&lt;\/script&gt;\n&lt;!-- Google tag (gtag.js) --&gt;\n&lt;script async src=\"https:\/\/www.googletagmanager.com\/gtag\/js?id=G-TYJ2FRZ8ZF\"&gt;&lt;\/script&gt;\n&lt;script&gt;\n  window.dataLayer = window.dataLayer || [];\n  function gtag(){dataLayer.push(arguments);}\n  gtag('js', new Date());\n\n  gtag('config', 'G-TYJ2FRZ8ZF');\n&lt;\/script&gt;"},"schema":{"@context":"https:\/\/schema.org","@graph":[{"@type":"BlogPosting","@id":"https:\/\/dudasytextos.com\/se-puede\/se-puede-cobrar-paro-y-trabajar\/#blogposting","name":"Se puede cobrar paro y trabajar (2026) \u00bfSe Puede?","headline":"Se puede cobrar paro y trabajar","author":{"@id":"https:\/\/dudasytextos.com\/se-puede\/author\/admin23\/#author"},"publisher":{"@id":"https:\/\/dudasytextos.com\/se-puede\/#organization"},"datePublished":"2025-03-10T18:11:42+00:00","dateModified":"2025-03-13T04:57:42+00:00","inLanguage":"es-ES","mainEntityOfPage":{"@id":"https:\/\/dudasytextos.com\/se-puede\/se-puede-cobrar-paro-y-trabajar\/#webpage"},"isPartOf":{"@id":"https:\/\/dudasytextos.com\/se-puede\/se-puede-cobrar-paro-y-trabajar\/#webpage"},"articleSection":"\u00bfSe puede?"},{"@type":"BreadcrumbList","@id":"https:\/\/dudasytextos.com\/se-puede\/se-puede-cobrar-paro-y-trabajar\/#breadcrumblist","itemListElement":[{"@type":"ListItem","@id":"https:\/\/dudasytextos.com\/se-puede#listItem","position":1,"name":"Home","item":"https:\/\/dudasytextos.com\/se-puede","nextItem":{"@type":"ListItem","@id":"https:\/\/dudasytextos.com\/se-puede\/category\/se-puede\/#listItem","name":"\u00bfSe puede?"}},{"@type":"ListItem","@id":"https:\/\/dudasytextos.com\/se-puede\/category\/se-puede\/#listItem","position":2,"name":"\u00bfSe puede?","item":"https:\/\/dudasytextos.com\/se-puede\/category\/se-puede\/","nextItem":{"@type":"ListItem","@id":"https:\/\/dudasytextos.com\/se-puede\/se-puede-cobrar-paro-y-trabajar\/#listItem","name":"Se puede cobrar paro y trabajar"},"previousItem":{"@type":"ListItem","@id":"https:\/\/dudasytextos.com\/se-puede#listItem","name":"Home"}},{"@type":"ListItem","@id":"https:\/\/dudasytextos.com\/se-puede\/se-puede-cobrar-paro-y-trabajar\/#listItem","position":3,"name":"Se puede cobrar paro y trabajar","previousItem":{"@type":"ListItem","@id":"https:\/\/dudasytextos.com\/se-puede\/category\/se-puede\/#listItem","name":"\u00bfSe puede?"}}]},{"@type":"Organization","@id":"https:\/\/dudasytextos.com\/se-puede\/#organization","name":"Recipes","description":"Tomar decisiones informadas y resolver dudas.","url":"https:\/\/dudasytextos.com\/se-puede\/"},{"@type":"Person","@id":"https:\/\/dudasytextos.com\/se-puede\/author\/admin23\/#author","url":"https:\/\/dudasytextos.com\/se-puede\/author\/admin23\/","name":"Ana Gonz\u00e1lez"},{"@type":"WebPage","@id":"https:\/\/dudasytextos.com\/se-puede\/se-puede-cobrar-paro-y-trabajar\/#webpage","url":"https:\/\/dudasytextos.com\/se-puede\/se-puede-cobrar-paro-y-trabajar\/","name":"Se puede cobrar paro y trabajar (2026) \u00bfSe Puede?","description":"Se puede cobrar paro y trabajar Curiosidades, estad\u00edsticas y hechos interesantes En Espa\u00f1a, es posible cobrar el paro y trabajar al mismo tiempo, dependiendo de ciertas condiciones. Seg\u00fan datos del Instituto Nacional de Estad\u00edstica, en el \u00faltimo a\u00f1o, un 12% de las personas desempleadas compatibilizaron el cobro del paro con un trabajo. La legislaci\u00f3n espa\u00f1ola","inLanguage":"es-ES","isPartOf":{"@id":"https:\/\/dudasytextos.com\/se-puede\/#website"},"breadcrumb":{"@id":"https:\/\/dudasytextos.com\/se-puede\/se-puede-cobrar-paro-y-trabajar\/#breadcrumblist"},"author":{"@id":"https:\/\/dudasytextos.com\/se-puede\/author\/admin23\/#author"},"creator":{"@id":"https:\/\/dudasytextos.com\/se-puede\/author\/admin23\/#author"},"datePublished":"2025-03-10T18:11:42+00:00","dateModified":"2025-03-13T04:57:42+00:00"},{"@type":"WebSite","@id":"https:\/\/dudasytextos.com\/se-puede\/#website","url":"https:\/\/dudasytextos.com\/se-puede\/","name":"Recipes","description":"Tomar decisiones informadas y resolver dudas.","inLanguage":"es-ES","publisher":{"@id":"https:\/\/dudasytextos.com\/se-puede\/#organization"}}]},"og:locale":"es_ES","og:site_name":"\u00bfSe Puede? - Tomar decisiones informadas y resolver dudas.","og:type":"article","og:title":"Se puede cobrar paro y trabajar (2026) \u00bfSe Puede?","og:description":"Se puede cobrar paro y trabajar Curiosidades, estad\u00edsticas y hechos interesantes En Espa\u00f1a, es posible cobrar el paro y trabajar al mismo tiempo, dependiendo de ciertas condiciones. Seg\u00fan datos del Instituto Nacional de Estad\u00edstica, en el \u00faltimo a\u00f1o, un 12% de las personas desempleadas compatibilizaron el cobro del paro con un trabajo. La legislaci\u00f3n espa\u00f1ola","og:url":"https:\/\/dudasytextos.com\/se-puede\/se-puede-cobrar-paro-y-trabajar\/","article:published_time":"2025-03-10T18:11:42+00:00","article:modified_time":"2025-03-13T04:57:42+00:00","twitter:card":"summary_large_image","twitter:title":"Se puede cobrar paro y trabajar (2026) \u00bfSe Puede?","twitter:description":"Se puede cobrar paro y trabajar Curiosidades, estad\u00edsticas y hechos interesantes En Espa\u00f1a, es posible cobrar el paro y trabajar al mismo tiempo, dependiendo de ciertas condiciones. Seg\u00fan datos del Instituto Nacional de Estad\u00edstica, en el \u00faltimo a\u00f1o, un 12% de las personas desempleadas compatibilizaron el cobro del paro con un trabajo. La legislaci\u00f3n espa\u00f1ola"},"aioseo_meta_data":{"post_id":"75624","title":null,"description":null,"keywords":null,"keyphrases":null,"primary_term":null,"canonical_url":null,"og_title":null,"og_description":null,"og_object_type":"default","og_image_type":"default","og_image_url":null,"og_image_width":null,"og_image_height":null,"og_image_custom_url":null,"og_image_custom_fields":null,"og_video":null,"og_custom_url":null,"og_article_section":null,"og_article_tags":null,"twitter_use_og":false,"twitter_card":"default","twitter_image_type":"default","twitter_image_url":null,"twitter_image_custom_url":null,"twitter_image_custom_fields":null,"twitter_title":null,"twitter_description":null,"schema":{"blockGraphs":[],"customGraphs":[],"default":{"data":{"Article":[],"Course":[],"Dataset":[],"FAQPage":[],"Movie":[],"Person":[],"Product":[],"ProductReview":[],"Car":[],"Recipe":[],"Service":[],"SoftwareApplication":[],"WebPage":[]},"graphName":"","isEnabled":true},"graphs":[]},"schema_type":"default","schema_type_options":null,"pillar_content":false,"robots_default":true,"robots_noindex":false,"robots_noarchive":false,"robots_nosnippet":false,"robots_nofollow":false,"robots_noimageindex":false,"robots_noodp":false,"robots_notranslate":false,"robots_max_snippet":null,"robots_max_videopreview":null,"robots_max_imagepreview":"large","priority":null,"frequency":null,"local_seo":null,"breadcrumb_settings":null,"limit_modified_date":false,"ai":null,"created":"2023-07-13 09:36:55","updated":"2025-03-14 13:49:58","seo_analyzer_scan_date":null,"focus_keyword":null,"additional_keywords":null,"truseo_locale":null},"aioseo_breadcrumb":"<div class=\"aioseo-breadcrumbs\"><span class=\"aioseo-breadcrumb\">\n\t\t\t<a href=\"https:\/\/dudasytextos.com\/se-puede\" title=\"Home\">Home<\/a>\n\t\t<\/span><span class=\"aioseo-breadcrumb-separator\">&raquo;<\/span><span class=\"aioseo-breadcrumb\">\n\t\t\t<a href=\"https:\/\/dudasytextos.com\/se-puede\/category\/se-puede\/\" title=\"\u00bfSe puede?\">\u00bfSe puede?<\/a>\n\t\t<\/span><span class=\"aioseo-breadcrumb-separator\">&raquo;<\/span><span class=\"aioseo-breadcrumb\">\n\t\t\tSe puede cobrar paro y trabajar\n\t\t<\/span><\/div>","aioseo_breadcrumb_json":[{"label":"Home","link":"https:\/\/dudasytextos.com\/se-puede"},{"label":"\u00bfSe puede?","link":"https:\/\/dudasytextos.com\/se-puede\/category\/se-puede\/"},{"label":"Se puede cobrar paro y trabajar","link":"https:\/\/dudasytextos.com\/se-puede\/se-puede-cobrar-paro-y-trabajar\/"}],"_links":{"self":[{"href":"https:\/\/dudasytextos.com\/se-puede\/wp-json\/wp\/v2\/posts\/75624","targetHints":{"allow":["GET"]}}],"collection":[{"href":"https:\/\/dudasytextos.com\/se-puede\/wp-json\/wp\/v2\/posts"}],"about":[{"href":"https:\/\/dudasytextos.com\/se-puede\/wp-json\/wp\/v2\/types\/post"}],"author":[{"embeddable":true,"href":"https:\/\/dudasytextos.com\/se-puede\/wp-json\/wp\/v2\/users\/1"}],"replies":[{"embeddable":true,"href":"https:\/\/dudasytextos.com\/se-puede\/wp-json\/wp\/v2\/comments?post=75624"}],"version-history":[{"count":0,"href":"https:\/\/dudasytextos.com\/se-puede\/wp-json\/wp\/v2\/posts\/75624\/revisions"}],"wp:attachment":[{"href":"https:\/\/dudasytextos.com\/se-puede\/wp-json\/wp\/v2\/media?parent=75624"}],"wp:term":[{"taxonomy":"category","embeddable":true,"href":"https:\/\/dudasytextos.com\/se-puede\/wp-json\/wp\/v2\/categories?post=75624"},{"taxonomy":"post_tag","embeddable":true,"href":"https:\/\/dudasytextos.com\/se-puede\/wp-json\/wp\/v2\/tags?post=75624"}],"curies":[{"name":"wp","href":"https:\/\/api.w.org\/{rel}","templated":true}]}}