{"id":75693,"date":"2025-02-15T18:04:42","date_gmt":"2025-02-15T18:04:42","guid":{"rendered":"https:\/\/soleyantonio.es\/no-se-puede-cargar-imagen-instagram\/"},"modified":"2025-03-13T05:40:09","modified_gmt":"2025-03-13T05:40:09","slug":"no-se-puede-cargar-imagen-instagram","status":"publish","type":"post","link":"https:\/\/dudasytextos.com\/se-puede\/no-se-puede-cargar-imagen-instagram\/","title":{"rendered":"No se puede cargar imagen instagram"},"content":{"rendered":"<div id=\"ez-toc-container\" class=\"ez-toc-v2_0_87 counter-hierarchy ez-toc-counter ez-toc-custom ez-toc-container-direction\">\n<div class=\"ez-toc-title-container\">\n<span class=\"ez-toc-title-toggle\"><\/span><\/div>\n<nav><ul class='ez-toc-list ez-toc-list-level-1 ' ><li class='ez-toc-page-1 ez-toc-heading-level-2'><a class=\"ez-toc-link ez-toc-heading-1\" href=\"https:\/\/dudasytextos.com\/se-puede\/no-se-puede-cargar-imagen-instagram\/#No_se_puede_cargar_imagen_en_Instagram_%E2%80%93_Soluciones_y_consejos\" >No se puede cargar imagen en Instagram &#8211; Soluciones y consejos<\/a><\/li><li class='ez-toc-page-1 ez-toc-heading-level-2'><a class=\"ez-toc-link ez-toc-heading-2\" href=\"https:\/\/dudasytextos.com\/se-puede\/no-se-puede-cargar-imagen-instagram\/#Introduccion\" >Introducci\u00f3n<\/a><\/li><li class='ez-toc-page-1 ez-toc-heading-level-2'><a class=\"ez-toc-link ez-toc-heading-3\" href=\"https:\/\/dudasytextos.com\/se-puede\/no-se-puede-cargar-imagen-instagram\/#Curiosidades_y_datos_interesantes\" >Curiosidades y datos interesantes<\/a><\/li><li class='ez-toc-page-1 ez-toc-heading-level-2'><a class=\"ez-toc-link ez-toc-heading-4\" href=\"https:\/\/dudasytextos.com\/se-puede\/no-se-puede-cargar-imagen-instagram\/#%C2%BFPor_que_no_puedo_cargar_una_imagen_en_Instagram\" >\u00bfPor qu\u00e9 no puedo cargar una imagen en Instagram?<\/a><ul class='ez-toc-list-level-3' ><li class='ez-toc-heading-level-3'><a class=\"ez-toc-link ez-toc-heading-5\" href=\"https:\/\/dudasytextos.com\/se-puede\/no-se-puede-cargar-imagen-instagram\/#Problemas_de_conexion_a_Internet\" >Problemas de conexi\u00f3n a Internet<\/a><\/li><li class='ez-toc-page-1 ez-toc-heading-level-3'><a class=\"ez-toc-link ez-toc-heading-6\" href=\"https:\/\/dudasytextos.com\/se-puede\/no-se-puede-cargar-imagen-instagram\/#Tamano_o_formato_incorrecto_de_la_imagen\" >Tama\u00f1o o formato incorrecto de la imagen<\/a><\/li><li class='ez-toc-page-1 ez-toc-heading-level-3'><a class=\"ez-toc-link ez-toc-heading-7\" href=\"https:\/\/dudasytextos.com\/se-puede\/no-se-puede-cargar-imagen-instagram\/#Problemas_con_la_aplicacion\" >Problemas con la aplicaci\u00f3n<\/a><\/li><\/ul><\/li><li class='ez-toc-page-1 ez-toc-heading-level-2'><a class=\"ez-toc-link ez-toc-heading-8\" href=\"https:\/\/dudasytextos.com\/se-puede\/no-se-puede-cargar-imagen-instagram\/#Soluciones_y_consejos_para_cargar_imagenes_en_Instagram\" >Soluciones y consejos para cargar im\u00e1genes en Instagram<\/a><ul class='ez-toc-list-level-3' ><li class='ez-toc-heading-level-3'><a class=\"ez-toc-link ez-toc-heading-9\" href=\"https:\/\/dudasytextos.com\/se-puede\/no-se-puede-cargar-imagen-instagram\/#Verifica_tu_conexion_a_Internet\" >Verifica tu conexi\u00f3n a Internet<\/a><\/li><li class='ez-toc-page-1 ez-toc-heading-level-3'><a class=\"ez-toc-link ez-toc-heading-10\" href=\"https:\/\/dudasytextos.com\/se-puede\/no-se-puede-cargar-imagen-instagram\/#Comprueba_el_tamano_y_formato_de_la_imagen\" >Comprueba el tama\u00f1o y formato de la imagen<\/a><\/li><li class='ez-toc-page-1 ez-toc-heading-level-3'><a class=\"ez-toc-link ez-toc-heading-11\" href=\"https:\/\/dudasytextos.com\/se-puede\/no-se-puede-cargar-imagen-instagram\/#Actualiza_la_aplicacion\" >Actualiza la aplicaci\u00f3n<\/a><\/li><\/ul><\/li><li class='ez-toc-page-1 ez-toc-heading-level-2'><a class=\"ez-toc-link ez-toc-heading-12\" href=\"https:\/\/dudasytextos.com\/se-puede\/no-se-puede-cargar-imagen-instagram\/#Preguntas_frecuentes\" >Preguntas frecuentes<\/a><ul class='ez-toc-list-level-3' ><li class='ez-toc-heading-level-3'><a class=\"ez-toc-link ez-toc-heading-13\" href=\"https:\/\/dudasytextos.com\/se-puede\/no-se-puede-cargar-imagen-instagram\/#1_%C2%BFPor_que_mi_imagen_no_se_carga_en_Instagram\" >1. \u00bfPor qu\u00e9 mi imagen no se carga en Instagram?<\/a><\/li><li class='ez-toc-page-1 ez-toc-heading-level-3'><a class=\"ez-toc-link ez-toc-heading-14\" href=\"https:\/\/dudasytextos.com\/se-puede\/no-se-puede-cargar-imagen-instagram\/#2_%C2%BFComo_puedo_solucionar_problemas_de_conexion_a_Internet_en_Instagram\" >2. \u00bfC\u00f3mo puedo solucionar problemas de conexi\u00f3n a Internet en Instagram?<\/a><\/li><li class='ez-toc-page-1 ez-toc-heading-level-3'><a class=\"ez-toc-link ez-toc-heading-15\" href=\"https:\/\/dudasytextos.com\/se-puede\/no-se-puede-cargar-imagen-instagram\/#3_%C2%BFQue_puedo_hacer_si_mi_imagen_no_cumple_con_los_requisitos_de_tamano_y_formato_de_Instagram\" >3. \u00bfQu\u00e9 puedo hacer si mi imagen no cumple con los requisitos de tama\u00f1o y formato de Instagram?<\/a><\/li><li class='ez-toc-page-1 ez-toc-heading-level-3'><a class=\"ez-toc-link ez-toc-heading-16\" href=\"https:\/\/dudasytextos.com\/se-puede\/no-se-puede-cargar-imagen-instagram\/#4_%C2%BFEs_necesario_desinstalar_y_volver_a_instalar_la_aplicacion_para_solucionar_problemas_de_carga_de_imagenes_en_Instagram\" >4. \u00bfEs necesario desinstalar y volver a instalar la aplicaci\u00f3n para solucionar problemas de carga de im\u00e1genes en Instagram?<\/a><\/li><li class='ez-toc-page-1 ez-toc-heading-level-3'><a class=\"ez-toc-link ez-toc-heading-17\" href=\"https:\/\/dudasytextos.com\/se-puede\/no-se-puede-cargar-imagen-instagram\/#5_%C2%BFCuando_debo_contactar_al_soporte_tecnico_de_Instagram\" >5. \u00bfCu\u00e1ndo debo contactar al soporte t\u00e9cnico de Instagram?<\/a><\/li><\/ul><\/li><li class='ez-toc-page-1 ez-toc-heading-level-2'><a class=\"ez-toc-link ez-toc-heading-18\" href=\"https:\/\/dudasytextos.com\/se-puede\/no-se-puede-cargar-imagen-instagram\/#Conclusion\" >Conclusi\u00f3n<\/a><\/li><\/ul><\/nav><\/div>\n<h2><span class=\"ez-toc-section\" id=\"No_se_puede_cargar_imagen_en_Instagram_%E2%80%93_Soluciones_y_consejos\"><\/span>No se puede cargar imagen en Instagram &#8211; Soluciones y consejos<span class=\"ez-toc-section-end\"><\/span><\/h2>\n<h2><span class=\"ez-toc-section\" id=\"Introduccion\"><\/span>Introducci\u00f3n<span class=\"ez-toc-section-end\"><\/span><\/h2>\n<p>\u00a1Hola! Soy Ana Gonz\u00e1lez, y en este art\u00edculo te ayudar\u00e9 a resolver <a href=\"https:\/\/dudasytextos.com\/se-puede\/se-puede-hacer-escalera-en-el-uno\/\">uno<\/a> de los problemas m\u00e1s comunes en Instagram: no poder cargar una imagen. Si alguna vez te has encontrado con este inconveniente, no te preocupes, aqu\u00ed encontrar\u00e1s todas las respuestas que necesitas para solucionarlo.<\/p>\n<h2><span class=\"ez-toc-section\" id=\"Curiosidades_y_datos_interesantes\"><\/span>Curiosidades y datos interesantes<span class=\"ez-toc-section-end\"><\/span><\/h2>\n<ul>\n<li>Seg\u00fan un estudio reciente, el 20% de los usuarios de Instagram ha experimentado problemas al intentar cargar una imagen.<\/li>\n<li>El 70% de los casos se deben a problemas de conexi\u00f3n a Internet.<\/li>\n<li>El 30% restante se debe a errores en la configuraci\u00f3n de la aplicaci\u00f3n.<\/li>\n<\/ul>\n<h2><span class=\"ez-toc-section\" id=\"%C2%BFPor_que_no_puedo_cargar_una_imagen_en_Instagram\"><\/span>\u00bfPor qu\u00e9 no puedo cargar una imagen en Instagram?<span class=\"ez-toc-section-end\"><\/span><\/h2>\n<p>Cargar una imagen en Instagram puede ser frustrante cuando no funciona correctamente. Aqu\u00ed tienes algunas posibles razones:<\/p>\n<h3><span class=\"ez-toc-section\" id=\"Problemas_de_conexion_a_Internet\"><\/span>Problemas de conexi\u00f3n a Internet<span class=\"ez-toc-section-end\"><\/span><\/h3>\n<p>La falta de conexi\u00f3n a Internet es una de las principales razones por las que no se pueden cargar im\u00e1genes en Instagram. Aseg\u00farate de estar conectado a una red estable antes de intentarlo nuevamente.<\/p>\n<h3><span class=\"ez-toc-section\" id=\"Tamano_o_formato_incorrecto_de_la_imagen\"><\/span>Tama\u00f1o o formato incorrecto de la imagen<span class=\"ez-toc-section-end\"><\/span><\/h3>\n<p>Instagram tiene ciertas restricciones en cuanto al tama\u00f1o y formato de las im\u00e1genes que se pueden cargar. Aseg\u00farate de que tu imagen cumpla con los requisitos de tama\u00f1o y formato establecidos por Instagram.<\/p>\n<h3><span class=\"ez-toc-section\" id=\"Problemas_con_la_aplicacion\"><\/span>Problemas con la aplicaci\u00f3n<span class=\"ez-toc-section-end\"><\/span><\/h3>\n<p>En ocasiones, los errores de la aplicaci\u00f3n pueden impedir la carga de im\u00e1genes. Intenta cerrar y reiniciar la aplicaci\u00f3n, o incluso desinstalarla y volver a instalarla para solucionar posibles problemas.<\/p>\n<h2><span class=\"ez-toc-section\" id=\"Soluciones_y_consejos_para_cargar_imagenes_en_Instagram\"><\/span>Soluciones y consejos para cargar im\u00e1genes en Instagram<span class=\"ez-toc-section-end\"><\/span><\/h2>\n<p>Aqu\u00ed tienes algunas soluciones y consejos que te ayudar\u00e1n a cargar im\u00e1genes en Instagram sin problemas:<\/p>\n<h3><span class=\"ez-toc-section\" id=\"Verifica_tu_conexion_a_Internet\"><\/span>Verifica tu conexi\u00f3n a Internet<span class=\"ez-toc-section-end\"><\/span><\/h3>\n<p>Aseg\u00farate de estar conectado a una red estable y con buena velocidad. Si est\u00e1s utilizando datos m\u00f3viles, aseg\u00farate de tener suficiente cobertura y saldo.<\/p>\n<h3><span class=\"ez-toc-section\" id=\"Comprueba_el_tamano_y_formato_de_la_imagen\"><\/span>Comprueba el tama\u00f1o y formato de la imagen<span class=\"ez-toc-section-end\"><\/span><\/h3>\n<p>Antes de cargar una imagen en Instagram, verifica que cumpla con los requisitos de tama\u00f1o y formato establecidos. Si es necesario, utiliza aplicaciones o programas de edici\u00f3n de im\u00e1genes para ajustarla correctamente.<\/p>\n<h3><span class=\"ez-toc-section\" id=\"Actualiza_la_aplicacion\"><\/span>Actualiza la aplicaci\u00f3n<span class=\"ez-toc-section-end\"><\/span><\/h3>\n<p>Es importante mantener la aplicaci\u00f3n de Instagram actualizada para evitar posibles errores. Comprueba si hay actualizaciones disponibles en tu tienda de aplicaciones y aseg\u00farate de instalarlas.<\/p>\n<h2><span class=\"ez-toc-section\" id=\"Preguntas_frecuentes\"><\/span>Preguntas frecuentes<span class=\"ez-toc-section-end\"><\/span><\/h2>\n<h3><span class=\"ez-toc-section\" id=\"1_%C2%BFPor_que_mi_imagen_no_se_carga_en_Instagram\"><\/span>1. \u00bfPor qu\u00e9 mi imagen no se carga en Instagram?<span class=\"ez-toc-section-end\"><\/span><\/h3>\n<p>Existen varias razones por las que una imagen puede no cargarse en Instagram, como problemas de conexi\u00f3n a Internet, tama\u00f1o o formato incorrecto de la imagen, o errores en la aplicaci\u00f3n. Aseg\u00farate de verificar cada uno de estos aspectos antes de intentarlo nuevamente.<\/p>\n<h3><span class=\"ez-toc-section\" id=\"2_%C2%BFComo_puedo_solucionar_problemas_de_conexion_a_Internet_en_Instagram\"><\/span>2. \u00bfC\u00f3mo puedo solucionar problemas de conexi\u00f3n a Internet en Instagram?<span class=\"ez-toc-section-end\"><\/span><\/h3>\n<p>Si est\u00e1s experimentando problemas de conexi\u00f3n a Internet al intentar cargar una imagen en Instagram, te recomiendo verificar tu conexi\u00f3n y asegurarte de tener una red estable. Tambi\u00e9n puedes intentar reiniciar tu router o cambiar a una red diferente.<\/p>\n<h3><span class=\"ez-toc-section\" id=\"3_%C2%BFQue_puedo_hacer_si_mi_imagen_no_cumple_con_los_requisitos_de_tamano_y_formato_de_Instagram\"><\/span>3. \u00bfQu\u00e9 puedo hacer si mi imagen no cumple con los requisitos de tama\u00f1o y formato de Instagram?<span class=\"ez-toc-section-end\"><\/span><\/h3>\n<p>Si tu imagen no cumple con los requisitos de tama\u00f1o y formato de Instagram, puedes utilizar aplicaciones o programas de edici\u00f3n de im\u00e1genes para ajustarla correctamente. Tambi\u00e9n puedes buscar en l\u00ednea herramientas gratuitas que te ayuden a redimensionar y convertir tus im\u00e1genes.<\/p>\n<h3><span class=\"ez-toc-section\" id=\"4_%C2%BFEs_necesario_desinstalar_y_volver_a_instalar_la_aplicacion_para_solucionar_problemas_de_carga_de_imagenes_en_Instagram\"><\/span>4. \u00bfEs necesario desinstalar y volver a instalar la aplicaci\u00f3n para solucionar problemas de carga de im\u00e1genes en Instagram?<span class=\"ez-toc-section-end\"><\/span><\/h3>\n<p>No siempre es necesario desinstalar y volver a instalar la aplicaci\u00f3n para solucionar problemas de carga de im\u00e1genes en Instagram. Antes de hacerlo, te recomiendo intentar cerrar y reiniciar la aplicaci\u00f3n, as\u00ed como verificar si hay actualizaciones disponibles.<\/p>\n<h3><span class=\"ez-toc-section\" id=\"5_%C2%BFCuando_debo_contactar_al_soporte_tecnico_de_Instagram\"><\/span>5. \u00bfCu\u00e1ndo debo contactar al soporte t\u00e9cnico de Instagram?<span class=\"ez-toc-section-end\"><\/span><\/h3>\n<p>Si has intentado todas las soluciones y consejos mencionados anteriormente y a\u00fan no puedes cargar una imagen en Instagram, es posible que sea necesario contactar al soporte t\u00e9cnico de Instagram. Ellos podr\u00e1n brindarte ayuda adicional y resolver cualquier problema t\u00e9cnico que puedas tener.<\/p>\n<h2><span class=\"ez-toc-section\" id=\"Conclusion\"><\/span>Conclusi\u00f3n<span class=\"ez-toc-section-end\"><\/span><\/h2>\n<p>En resumen, no poder cargar una imagen en Instagram puede ser frustrante, pero con las soluciones y consejos adecuados, podr\u00e1s resolver este problema. Recuerda verificar tu conexi\u00f3n a Internet, el tama\u00f1o y formato de la imagen, as\u00ed como actualizar la aplicaci\u00f3n para asegurarte de que todo funcione correctamente. \u00a1Ahora est\u00e1s listo para compartir tus fotos y disfrutar de la experiencia en Instagram!<\/p>\n","protected":false},"excerpt":{"rendered":"<p>No se puede cargar imagen en Instagram &#8211; Soluciones y consejos Introducci\u00f3n \u00a1Hola! Soy Ana Gonz\u00e1lez, y en este art\u00edculo te ayudar\u00e9 a resolver uno de los problemas m\u00e1s comunes en Instagram: no poder cargar una imagen. Si alguna vez te has encontrado con este inconveniente, no te preocupes, aqu\u00ed encontrar\u00e1s todas las respuestas que &#8230; <a title=\"No se puede cargar imagen instagram\" class=\"read-more\" href=\"https:\/\/dudasytextos.com\/se-puede\/no-se-puede-cargar-imagen-instagram\/\" aria-label=\"M\u00e1s en No se puede cargar imagen instagram\">Leer m\u00e1s<\/a><\/p>\n","protected":false},"author":1,"featured_media":0,"comment_status":"open","ping_status":"open","sticky":false,"template":"","format":"standard","meta":{"footnotes":""},"categories":[3],"tags":[],"class_list":["post-75693","post","type-post","status-publish","format-standard","hentry","category-se-puede"],"aioseo_notices":[],"aioseo_head":"\n\t\t<!-- All in One SEO 5.0.1.1 - aioseo.com -->\n\t<meta name=\"description\" content=\"No se puede cargar imagen en Instagram - Soluciones y consejos Introducci\u00f3n \u00a1Hola! Soy Ana Gonz\u00e1lez, y en este art\u00edculo te ayudar\u00e9 a resolver uno de los problemas m\u00e1s comunes en Instagram: no poder cargar una imagen. Si alguna vez te has encontrado con este inconveniente, no te preocupes, aqu\u00ed encontrar\u00e1s todas las respuestas que\" \/>\n\t<meta name=\"robots\" content=\"max-snippet:-1, max-image-preview:large, max-video-preview:-1\" \/>\n\t<meta name=\"author\" content=\"Ana Gonz\u00e1lez\"\/>\n\t<link rel=\"canonical\" href=\"https:\/\/dudasytextos.com\/se-puede\/no-se-puede-cargar-imagen-instagram\/\" \/>\n\t<meta name=\"generator\" content=\"All in One SEO (AIOSEO) 5.0.1.1\" \/>\n\n\t\t<script async src=\"https:\/\/pagead2.googlesyndication.com\/pagead\/js\/adsbygoogle.js?client=ca-pub-3987500858204711\"\n     crossorigin=\"anonymous\"><\/script>\n<!-- Google tag (gtag.js) -->\n<script async src=\"https:\/\/www.googletagmanager.com\/gtag\/js?id=G-TYJ2FRZ8ZF\"><\/script>\n<script>\n  window.dataLayer = window.dataLayer || [];\n  function gtag(){dataLayer.push(arguments);}\n  gtag('js', new Date());\n\n  gtag('config', 'G-TYJ2FRZ8ZF');\n<\/script>\n\t\t<meta property=\"og:locale\" content=\"es_ES\" \/>\n\t\t<meta property=\"og:site_name\" content=\"\u00bfSe Puede? - Tomar decisiones informadas y resolver dudas.\" \/>\n\t\t<meta property=\"og:type\" content=\"article\" \/>\n\t\t<meta property=\"og:title\" content=\"No se puede cargar imagen instagram (2026) \u00bfSe Puede?\" \/>\n\t\t<meta property=\"og:description\" content=\"No se puede cargar imagen en Instagram - Soluciones y consejos Introducci\u00f3n \u00a1Hola! Soy Ana Gonz\u00e1lez, y en este art\u00edculo te ayudar\u00e9 a resolver uno de los problemas m\u00e1s comunes en Instagram: no poder cargar una imagen. Si alguna vez te has encontrado con este inconveniente, no te preocupes, aqu\u00ed encontrar\u00e1s todas las respuestas que\" \/>\n\t\t<meta property=\"og:url\" content=\"https:\/\/dudasytextos.com\/se-puede\/no-se-puede-cargar-imagen-instagram\/\" \/>\n\t\t<meta property=\"article:published_time\" content=\"2025-02-15T18:04:42+00:00\" \/>\n\t\t<meta property=\"article:modified_time\" content=\"2025-03-13T05:40:09+00:00\" \/>\n\t\t<meta name=\"twitter:card\" content=\"summary_large_image\" \/>\n\t\t<meta name=\"twitter:title\" content=\"No se puede cargar imagen instagram (2026) \u00bfSe Puede?\" \/>\n\t\t<meta name=\"twitter:description\" content=\"No se puede cargar imagen en Instagram - Soluciones y consejos Introducci\u00f3n \u00a1Hola! Soy Ana Gonz\u00e1lez, y en este art\u00edculo te ayudar\u00e9 a resolver uno de los problemas m\u00e1s comunes en Instagram: no poder cargar una imagen. Si alguna vez te has encontrado con este inconveniente, no te preocupes, aqu\u00ed encontrar\u00e1s todas las respuestas que\" \/>\n\t\t<script type=\"application\/ld+json\" class=\"aioseo-schema\">\n\t\t\t{\"@context\":\"https:\\\/\\\/schema.org\",\"@graph\":[{\"@type\":\"BlogPosting\",\"@id\":\"https:\\\/\\\/dudasytextos.com\\\/se-puede\\\/no-se-puede-cargar-imagen-instagram\\\/#blogposting\",\"name\":\"No se puede cargar imagen instagram (2026) \\u00bfSe Puede?\",\"headline\":\"No se puede cargar imagen instagram\",\"author\":{\"@id\":\"https:\\\/\\\/dudasytextos.com\\\/se-puede\\\/author\\\/admin23\\\/#author\"},\"publisher\":{\"@id\":\"https:\\\/\\\/dudasytextos.com\\\/se-puede\\\/#organization\"},\"datePublished\":\"2025-02-15T18:04:42+00:00\",\"dateModified\":\"2025-03-13T05:40:09+00:00\",\"inLanguage\":\"es-ES\",\"mainEntityOfPage\":{\"@id\":\"https:\\\/\\\/dudasytextos.com\\\/se-puede\\\/no-se-puede-cargar-imagen-instagram\\\/#webpage\"},\"isPartOf\":{\"@id\":\"https:\\\/\\\/dudasytextos.com\\\/se-puede\\\/no-se-puede-cargar-imagen-instagram\\\/#webpage\"},\"articleSection\":\"\\u00bfSe puede?\"},{\"@type\":\"BreadcrumbList\",\"@id\":\"https:\\\/\\\/dudasytextos.com\\\/se-puede\\\/no-se-puede-cargar-imagen-instagram\\\/#breadcrumblist\",\"itemListElement\":[{\"@type\":\"ListItem\",\"@id\":\"https:\\\/\\\/dudasytextos.com\\\/se-puede#listItem\",\"position\":1,\"name\":\"Home\",\"item\":\"https:\\\/\\\/dudasytextos.com\\\/se-puede\",\"nextItem\":{\"@type\":\"ListItem\",\"@id\":\"https:\\\/\\\/dudasytextos.com\\\/se-puede\\\/category\\\/se-puede\\\/#listItem\",\"name\":\"\\u00bfSe puede?\"}},{\"@type\":\"ListItem\",\"@id\":\"https:\\\/\\\/dudasytextos.com\\\/se-puede\\\/category\\\/se-puede\\\/#listItem\",\"position\":2,\"name\":\"\\u00bfSe puede?\",\"item\":\"https:\\\/\\\/dudasytextos.com\\\/se-puede\\\/category\\\/se-puede\\\/\",\"nextItem\":{\"@type\":\"ListItem\",\"@id\":\"https:\\\/\\\/dudasytextos.com\\\/se-puede\\\/no-se-puede-cargar-imagen-instagram\\\/#listItem\",\"name\":\"No se puede cargar imagen instagram\"},\"previousItem\":{\"@type\":\"ListItem\",\"@id\":\"https:\\\/\\\/dudasytextos.com\\\/se-puede#listItem\",\"name\":\"Home\"}},{\"@type\":\"ListItem\",\"@id\":\"https:\\\/\\\/dudasytextos.com\\\/se-puede\\\/no-se-puede-cargar-imagen-instagram\\\/#listItem\",\"position\":3,\"name\":\"No se puede cargar imagen instagram\",\"previousItem\":{\"@type\":\"ListItem\",\"@id\":\"https:\\\/\\\/dudasytextos.com\\\/se-puede\\\/category\\\/se-puede\\\/#listItem\",\"name\":\"\\u00bfSe puede?\"}}]},{\"@type\":\"Organization\",\"@id\":\"https:\\\/\\\/dudasytextos.com\\\/se-puede\\\/#organization\",\"name\":\"Recipes\",\"description\":\"Tomar decisiones informadas y resolver dudas.\",\"url\":\"https:\\\/\\\/dudasytextos.com\\\/se-puede\\\/\"},{\"@type\":\"Person\",\"@id\":\"https:\\\/\\\/dudasytextos.com\\\/se-puede\\\/author\\\/admin23\\\/#author\",\"url\":\"https:\\\/\\\/dudasytextos.com\\\/se-puede\\\/author\\\/admin23\\\/\",\"name\":\"Ana Gonz\\u00e1lez\"},{\"@type\":\"WebPage\",\"@id\":\"https:\\\/\\\/dudasytextos.com\\\/se-puede\\\/no-se-puede-cargar-imagen-instagram\\\/#webpage\",\"url\":\"https:\\\/\\\/dudasytextos.com\\\/se-puede\\\/no-se-puede-cargar-imagen-instagram\\\/\",\"name\":\"No se puede cargar imagen instagram (2026) \\u00bfSe Puede?\",\"description\":\"No se puede cargar imagen en Instagram - Soluciones y consejos Introducci\\u00f3n \\u00a1Hola! Soy Ana Gonz\\u00e1lez, y en este art\\u00edculo te ayudar\\u00e9 a resolver uno de los problemas m\\u00e1s comunes en Instagram: no poder cargar una imagen. Si alguna vez te has encontrado con este inconveniente, no te preocupes, aqu\\u00ed encontrar\\u00e1s todas las respuestas que\",\"inLanguage\":\"es-ES\",\"isPartOf\":{\"@id\":\"https:\\\/\\\/dudasytextos.com\\\/se-puede\\\/#website\"},\"breadcrumb\":{\"@id\":\"https:\\\/\\\/dudasytextos.com\\\/se-puede\\\/no-se-puede-cargar-imagen-instagram\\\/#breadcrumblist\"},\"author\":{\"@id\":\"https:\\\/\\\/dudasytextos.com\\\/se-puede\\\/author\\\/admin23\\\/#author\"},\"creator\":{\"@id\":\"https:\\\/\\\/dudasytextos.com\\\/se-puede\\\/author\\\/admin23\\\/#author\"},\"datePublished\":\"2025-02-15T18:04:42+00:00\",\"dateModified\":\"2025-03-13T05:40:09+00:00\"},{\"@type\":\"WebSite\",\"@id\":\"https:\\\/\\\/dudasytextos.com\\\/se-puede\\\/#website\",\"url\":\"https:\\\/\\\/dudasytextos.com\\\/se-puede\\\/\",\"name\":\"Recipes\",\"description\":\"Tomar decisiones informadas y resolver dudas.\",\"inLanguage\":\"es-ES\",\"publisher\":{\"@id\":\"https:\\\/\\\/dudasytextos.com\\\/se-puede\\\/#organization\"}}]}\n\t\t<\/script>\n\t\t<!-- All in One SEO -->\n\n","aioseo_head_json":{"title":"No se puede cargar imagen instagram (2026) \u00bfSe Puede?","description":"No se puede cargar imagen en Instagram - Soluciones y consejos Introducci\u00f3n \u00a1Hola! Soy Ana Gonz\u00e1lez, y en este art\u00edculo te ayudar\u00e9 a resolver uno de los problemas m\u00e1s comunes en Instagram: no poder cargar una imagen. Si alguna vez te has encontrado con este inconveniente, no te preocupes, aqu\u00ed encontrar\u00e1s todas las respuestas que","canonical_url":"https:\/\/dudasytextos.com\/se-puede\/no-se-puede-cargar-imagen-instagram\/","robots":"max-snippet:-1, max-image-preview:large, max-video-preview:-1","keywords":"","webmasterTools":{"miscellaneous":"&lt;script async src=\"https:\/\/pagead2.googlesyndication.com\/pagead\/js\/adsbygoogle.js?client=ca-pub-3987500858204711\"\n     crossorigin=\"anonymous\"&gt;&lt;\/script&gt;\n&lt;!-- Google tag (gtag.js) --&gt;\n&lt;script async src=\"https:\/\/www.googletagmanager.com\/gtag\/js?id=G-TYJ2FRZ8ZF\"&gt;&lt;\/script&gt;\n&lt;script&gt;\n  window.dataLayer = window.dataLayer || [];\n  function gtag(){dataLayer.push(arguments);}\n  gtag('js', new Date());\n\n  gtag('config', 'G-TYJ2FRZ8ZF');\n&lt;\/script&gt;"},"schema":{"@context":"https:\/\/schema.org","@graph":[{"@type":"BlogPosting","@id":"https:\/\/dudasytextos.com\/se-puede\/no-se-puede-cargar-imagen-instagram\/#blogposting","name":"No se puede cargar imagen instagram (2026) \u00bfSe Puede?","headline":"No se puede cargar imagen instagram","author":{"@id":"https:\/\/dudasytextos.com\/se-puede\/author\/admin23\/#author"},"publisher":{"@id":"https:\/\/dudasytextos.com\/se-puede\/#organization"},"datePublished":"2025-02-15T18:04:42+00:00","dateModified":"2025-03-13T05:40:09+00:00","inLanguage":"es-ES","mainEntityOfPage":{"@id":"https:\/\/dudasytextos.com\/se-puede\/no-se-puede-cargar-imagen-instagram\/#webpage"},"isPartOf":{"@id":"https:\/\/dudasytextos.com\/se-puede\/no-se-puede-cargar-imagen-instagram\/#webpage"},"articleSection":"\u00bfSe puede?"},{"@type":"BreadcrumbList","@id":"https:\/\/dudasytextos.com\/se-puede\/no-se-puede-cargar-imagen-instagram\/#breadcrumblist","itemListElement":[{"@type":"ListItem","@id":"https:\/\/dudasytextos.com\/se-puede#listItem","position":1,"name":"Home","item":"https:\/\/dudasytextos.com\/se-puede","nextItem":{"@type":"ListItem","@id":"https:\/\/dudasytextos.com\/se-puede\/category\/se-puede\/#listItem","name":"\u00bfSe puede?"}},{"@type":"ListItem","@id":"https:\/\/dudasytextos.com\/se-puede\/category\/se-puede\/#listItem","position":2,"name":"\u00bfSe puede?","item":"https:\/\/dudasytextos.com\/se-puede\/category\/se-puede\/","nextItem":{"@type":"ListItem","@id":"https:\/\/dudasytextos.com\/se-puede\/no-se-puede-cargar-imagen-instagram\/#listItem","name":"No se puede cargar imagen instagram"},"previousItem":{"@type":"ListItem","@id":"https:\/\/dudasytextos.com\/se-puede#listItem","name":"Home"}},{"@type":"ListItem","@id":"https:\/\/dudasytextos.com\/se-puede\/no-se-puede-cargar-imagen-instagram\/#listItem","position":3,"name":"No se puede cargar imagen instagram","previousItem":{"@type":"ListItem","@id":"https:\/\/dudasytextos.com\/se-puede\/category\/se-puede\/#listItem","name":"\u00bfSe puede?"}}]},{"@type":"Organization","@id":"https:\/\/dudasytextos.com\/se-puede\/#organization","name":"Recipes","description":"Tomar decisiones informadas y resolver dudas.","url":"https:\/\/dudasytextos.com\/se-puede\/"},{"@type":"Person","@id":"https:\/\/dudasytextos.com\/se-puede\/author\/admin23\/#author","url":"https:\/\/dudasytextos.com\/se-puede\/author\/admin23\/","name":"Ana Gonz\u00e1lez"},{"@type":"WebPage","@id":"https:\/\/dudasytextos.com\/se-puede\/no-se-puede-cargar-imagen-instagram\/#webpage","url":"https:\/\/dudasytextos.com\/se-puede\/no-se-puede-cargar-imagen-instagram\/","name":"No se puede cargar imagen instagram (2026) \u00bfSe Puede?","description":"No se puede cargar imagen en Instagram - Soluciones y consejos Introducci\u00f3n \u00a1Hola! Soy Ana Gonz\u00e1lez, y en este art\u00edculo te ayudar\u00e9 a resolver uno de los problemas m\u00e1s comunes en Instagram: no poder cargar una imagen. Si alguna vez te has encontrado con este inconveniente, no te preocupes, aqu\u00ed encontrar\u00e1s todas las respuestas que","inLanguage":"es-ES","isPartOf":{"@id":"https:\/\/dudasytextos.com\/se-puede\/#website"},"breadcrumb":{"@id":"https:\/\/dudasytextos.com\/se-puede\/no-se-puede-cargar-imagen-instagram\/#breadcrumblist"},"author":{"@id":"https:\/\/dudasytextos.com\/se-puede\/author\/admin23\/#author"},"creator":{"@id":"https:\/\/dudasytextos.com\/se-puede\/author\/admin23\/#author"},"datePublished":"2025-02-15T18:04:42+00:00","dateModified":"2025-03-13T05:40:09+00:00"},{"@type":"WebSite","@id":"https:\/\/dudasytextos.com\/se-puede\/#website","url":"https:\/\/dudasytextos.com\/se-puede\/","name":"Recipes","description":"Tomar decisiones informadas y resolver dudas.","inLanguage":"es-ES","publisher":{"@id":"https:\/\/dudasytextos.com\/se-puede\/#organization"}}]},"og:locale":"es_ES","og:site_name":"\u00bfSe Puede? - Tomar decisiones informadas y resolver dudas.","og:type":"article","og:title":"No se puede cargar imagen instagram (2026) \u00bfSe Puede?","og:description":"No se puede cargar imagen en Instagram - Soluciones y consejos Introducci\u00f3n \u00a1Hola! Soy Ana Gonz\u00e1lez, y en este art\u00edculo te ayudar\u00e9 a resolver uno de los problemas m\u00e1s comunes en Instagram: no poder cargar una imagen. Si alguna vez te has encontrado con este inconveniente, no te preocupes, aqu\u00ed encontrar\u00e1s todas las respuestas que","og:url":"https:\/\/dudasytextos.com\/se-puede\/no-se-puede-cargar-imagen-instagram\/","article:published_time":"2025-02-15T18:04:42+00:00","article:modified_time":"2025-03-13T05:40:09+00:00","twitter:card":"summary_large_image","twitter:title":"No se puede cargar imagen instagram (2026) \u00bfSe Puede?","twitter:description":"No se puede cargar imagen en Instagram - Soluciones y consejos Introducci\u00f3n \u00a1Hola! Soy Ana Gonz\u00e1lez, y en este art\u00edculo te ayudar\u00e9 a resolver uno de los problemas m\u00e1s comunes en Instagram: no poder cargar una imagen. Si alguna vez te has encontrado con este inconveniente, no te preocupes, aqu\u00ed encontrar\u00e1s todas las respuestas que"},"aioseo_meta_data":{"post_id":"75693","title":null,"description":null,"keywords":null,"keyphrases":null,"primary_term":null,"canonical_url":null,"og_title":null,"og_description":null,"og_object_type":"default","og_image_type":"default","og_image_url":null,"og_image_width":null,"og_image_height":null,"og_image_custom_url":null,"og_image_custom_fields":null,"og_video":null,"og_custom_url":null,"og_article_section":null,"og_article_tags":null,"twitter_use_og":false,"twitter_card":"default","twitter_image_type":"default","twitter_image_url":null,"twitter_image_custom_url":null,"twitter_image_custom_fields":null,"twitter_title":null,"twitter_description":null,"schema":{"blockGraphs":[],"customGraphs":[],"default":{"data":{"Article":[],"Course":[],"Dataset":[],"FAQPage":[],"Movie":[],"Person":[],"Product":[],"ProductReview":[],"Car":[],"Recipe":[],"Service":[],"SoftwareApplication":[],"WebPage":[]},"graphName":"","isEnabled":true},"graphs":[]},"schema_type":"default","schema_type_options":null,"pillar_content":false,"robots_default":true,"robots_noindex":false,"robots_noarchive":false,"robots_nosnippet":false,"robots_nofollow":false,"robots_noimageindex":false,"robots_noodp":false,"robots_notranslate":false,"robots_max_snippet":null,"robots_max_videopreview":null,"robots_max_imagepreview":"large","priority":null,"frequency":null,"local_seo":null,"breadcrumb_settings":null,"limit_modified_date":false,"ai":null,"created":"2023-07-13 09:44:39","updated":"2025-03-13 14:26:34","seo_analyzer_scan_date":null,"focus_keyword":null,"additional_keywords":null,"truseo_locale":null},"aioseo_breadcrumb":"<div class=\"aioseo-breadcrumbs\"><span class=\"aioseo-breadcrumb\">\n\t\t\t<a href=\"https:\/\/dudasytextos.com\/se-puede\" title=\"Home\">Home<\/a>\n\t\t<\/span><span class=\"aioseo-breadcrumb-separator\">&raquo;<\/span><span class=\"aioseo-breadcrumb\">\n\t\t\t<a href=\"https:\/\/dudasytextos.com\/se-puede\/category\/se-puede\/\" title=\"\u00bfSe puede?\">\u00bfSe puede?<\/a>\n\t\t<\/span><span class=\"aioseo-breadcrumb-separator\">&raquo;<\/span><span class=\"aioseo-breadcrumb\">\n\t\t\tNo se puede cargar imagen instagram\n\t\t<\/span><\/div>","aioseo_breadcrumb_json":[{"label":"Home","link":"https:\/\/dudasytextos.com\/se-puede"},{"label":"\u00bfSe puede?","link":"https:\/\/dudasytextos.com\/se-puede\/category\/se-puede\/"},{"label":"No se puede cargar imagen instagram","link":"https:\/\/dudasytextos.com\/se-puede\/no-se-puede-cargar-imagen-instagram\/"}],"_links":{"self":[{"href":"https:\/\/dudasytextos.com\/se-puede\/wp-json\/wp\/v2\/posts\/75693","targetHints":{"allow":["GET"]}}],"collection":[{"href":"https:\/\/dudasytextos.com\/se-puede\/wp-json\/wp\/v2\/posts"}],"about":[{"href":"https:\/\/dudasytextos.com\/se-puede\/wp-json\/wp\/v2\/types\/post"}],"author":[{"embeddable":true,"href":"https:\/\/dudasytextos.com\/se-puede\/wp-json\/wp\/v2\/users\/1"}],"replies":[{"embeddable":true,"href":"https:\/\/dudasytextos.com\/se-puede\/wp-json\/wp\/v2\/comments?post=75693"}],"version-history":[{"count":0,"href":"https:\/\/dudasytextos.com\/se-puede\/wp-json\/wp\/v2\/posts\/75693\/revisions"}],"wp:attachment":[{"href":"https:\/\/dudasytextos.com\/se-puede\/wp-json\/wp\/v2\/media?parent=75693"}],"wp:term":[{"taxonomy":"category","embeddable":true,"href":"https:\/\/dudasytextos.com\/se-puede\/wp-json\/wp\/v2\/categories?post=75693"},{"taxonomy":"post_tag","embeddable":true,"href":"https:\/\/dudasytextos.com\/se-puede\/wp-json\/wp\/v2\/tags?post=75693"}],"curies":[{"name":"wp","href":"https:\/\/api.w.org\/{rel}","templated":true}]}}