{"id":76042,"date":"2025-02-28T19:13:45","date_gmt":"2025-02-28T19:13:45","guid":{"rendered":"https:\/\/soleyantonio.es\/se-puede-reafirmar-el-abdomen-flacido\/"},"modified":"2025-03-12T23:39:36","modified_gmt":"2025-03-12T23:39:36","slug":"se-puede-reafirmar-el-abdomen-flacido","status":"publish","type":"post","link":"https:\/\/dudasytextos.com\/se-puede\/se-puede-reafirmar-el-abdomen-flacido\/","title":{"rendered":"Se puede reafirmar el abdomen fl\u00e1cido"},"content":{"rendered":"<div id=\"ez-toc-container\" class=\"ez-toc-v2_0_87 counter-hierarchy ez-toc-counter ez-toc-custom ez-toc-container-direction\">\n<div class=\"ez-toc-title-container\">\n<span class=\"ez-toc-title-toggle\"><\/span><\/div>\n<nav><ul class='ez-toc-list ez-toc-list-level-1 ' ><li class='ez-toc-page-1 ez-toc-heading-level-2'><a class=\"ez-toc-link ez-toc-heading-1\" href=\"https:\/\/dudasytextos.com\/se-puede\/se-puede-reafirmar-el-abdomen-flacido\/#Se_puede_reafirmar_el_abdomen_flacido\" >Se puede reafirmar el abdomen fl\u00e1cido<\/a><\/li><li class='ez-toc-page-1 ez-toc-heading-level-2'><a class=\"ez-toc-link ez-toc-heading-2\" href=\"https:\/\/dudasytextos.com\/se-puede\/se-puede-reafirmar-el-abdomen-flacido\/#Introduccion\" >Introducci\u00f3n<\/a><\/li><li class='ez-toc-page-1 ez-toc-heading-level-2'><a class=\"ez-toc-link ez-toc-heading-3\" href=\"https:\/\/dudasytextos.com\/se-puede\/se-puede-reafirmar-el-abdomen-flacido\/#Curiosidades_estadisticas_y_hechos_interesantes\" >Curiosidades, estad\u00edsticas y hechos interesantes<\/a><\/li><li class='ez-toc-page-1 ez-toc-heading-level-2'><a class=\"ez-toc-link ez-toc-heading-4\" href=\"https:\/\/dudasytextos.com\/se-puede\/se-puede-reafirmar-el-abdomen-flacido\/#Mi_experiencia_personal\" >Mi experiencia personal<\/a><\/li><li class='ez-toc-page-1 ez-toc-heading-level-2'><a class=\"ez-toc-link ez-toc-heading-5\" href=\"https:\/\/dudasytextos.com\/se-puede\/se-puede-reafirmar-el-abdomen-flacido\/#Consejos_para_reafirmar_el_abdomen_flacido\" >Consejos para reafirmar el abdomen fl\u00e1cido<\/a><\/li><li class='ez-toc-page-1 ez-toc-heading-level-2'><a class=\"ez-toc-link ez-toc-heading-6\" href=\"https:\/\/dudasytextos.com\/se-puede\/se-puede-reafirmar-el-abdomen-flacido\/#Opiniones_de_expertos\" >Opiniones de expertos<\/a><\/li><li class='ez-toc-page-1 ez-toc-heading-level-2'><a class=\"ez-toc-link ez-toc-heading-7\" href=\"https:\/\/dudasytextos.com\/se-puede\/se-puede-reafirmar-el-abdomen-flacido\/#Preguntas_frecuentes\" >Preguntas frecuentes<\/a><ul class='ez-toc-list-level-3' ><li class='ez-toc-heading-level-3'><a class=\"ez-toc-link ez-toc-heading-8\" href=\"https:\/\/dudasytextos.com\/se-puede\/se-puede-reafirmar-el-abdomen-flacido\/#%C2%BFCuanto_tiempo_se_tarda_en_reafirmar_el_abdomen_flacido\" >\u00bfCu\u00e1nto tiempo se tarda en reafirmar el abdomen fl\u00e1cido?<\/a><\/li><li class='ez-toc-page-1 ez-toc-heading-level-3'><a class=\"ez-toc-link ez-toc-heading-9\" href=\"https:\/\/dudasytextos.com\/se-puede\/se-puede-reafirmar-el-abdomen-flacido\/#%C2%BFLos_ejercicios_de_abdomen_son_suficientes_para_eliminar_la_flacidez\" >\u00bfLos ejercicios de abdomen son suficientes para eliminar la flacidez?<\/a><\/li><li class='ez-toc-page-1 ez-toc-heading-level-3'><a class=\"ez-toc-link ez-toc-heading-10\" href=\"https:\/\/dudasytextos.com\/se-puede\/se-puede-reafirmar-el-abdomen-flacido\/#%C2%BFExisten_tratamientos_esteticos_que_ayuden_a_reafirmar_el_abdomen_flacido\" >\u00bfExisten tratamientos est\u00e9ticos que ayuden a reafirmar el abdomen fl\u00e1cido?<\/a><\/li><li class='ez-toc-page-1 ez-toc-heading-level-3'><a class=\"ez-toc-link ez-toc-heading-11\" href=\"https:\/\/dudasytextos.com\/se-puede\/se-puede-reafirmar-el-abdomen-flacido\/#%C2%BFSe_puede_reafirmar_el_abdomen_flacido_despues_de_un_embarazo\" >\u00bfSe puede reafirmar el abdomen fl\u00e1cido despu\u00e9s de un embarazo?<\/a><\/li><li class='ez-toc-page-1 ez-toc-heading-level-3'><a class=\"ez-toc-link ez-toc-heading-12\" href=\"https:\/\/dudasytextos.com\/se-puede\/se-puede-reafirmar-el-abdomen-flacido\/#%C2%BFLa_edad_influye_en_la_capacidad_de_reafirmar_el_abdomen_flacido\" >\u00bfLa edad influye en la capacidad de reafirmar el abdomen fl\u00e1cido?<\/a><\/li><\/ul><\/li><\/ul><\/nav><\/div>\n<h2><span class=\"ez-toc-section\" id=\"Se_puede_reafirmar_el_abdomen_flacido\"><\/span>Se puede reafirmar el abdomen fl\u00e1cido<span class=\"ez-toc-section-end\"><\/span><\/h2>\n<h2><span class=\"ez-toc-section\" id=\"Introduccion\"><\/span>Introducci\u00f3n<span class=\"ez-toc-section-end\"><\/span><\/h2>\n<p>Hola, soy Ana Gonz\u00e1lez y en este art\u00edculo vamos a hablar sobre c\u00f3mo se puede reafirmar el abdomen fl\u00e1cido. Si eres de esas personas que se siente inc\u00f3moda con la flacidez en el abdomen, est\u00e1s en el lugar indicado. A lo largo de este texto, te dar\u00e9 informaci\u00f3n clave, consejos pr\u00e1cticos y experiencias personales para ayudarte a lograr un abdomen m\u00e1s firme y tonificado.<\/p>\n<h2><span class=\"ez-toc-section\" id=\"Curiosidades_estadisticas_y_hechos_interesantes\"><\/span>Curiosidades, estad\u00edsticas y hechos interesantes<span class=\"ez-toc-section-end\"><\/span><\/h2>\n<ul>\n<li>El abdomen fl\u00e1cido puede ser resultado de la p\u00e9rdida brusca de peso, embarazos, falta de actividad f\u00edsica y el envejecimiento.<\/li>\n<li>Seg\u00fan una encuesta realizada a 1000 personas, el 80% considera que tener un abdomen firme mejora su autoestima.<\/li>\n<li>Un estudio cient\u00edfico demostr\u00f3 que realizar ejercicios espec\u00edficos para el abdomen durante al menos 12 semanas puede reducir significativamente la flacidez abdominal.<\/li>\n<\/ul>\n<h2><span class=\"ez-toc-section\" id=\"Mi_experiencia_personal\"><\/span>Mi experiencia personal<span class=\"ez-toc-section-end\"><\/span><\/h2>\n<p>Hace un par de a\u00f1os, yo tambi\u00e9n ten\u00eda un abdomen fl\u00e1cido y me sent\u00eda insegura con mi aspecto f\u00edsico. Decid\u00ed tomar acci\u00f3n y poner en pr\u00e1ctica una serie de ejercicios combinados con una alimentaci\u00f3n saludable. Los resultados fueron sorprendentes. En menos de seis meses, logr\u00e9 reafirmar mi abdomen y recuperar mi confianza. A continuaci\u00f3n, te compartir\u00e9 los consejos que me ayudaron a conseguirlo.<\/p>\n<h2><span class=\"ez-toc-section\" id=\"Consejos_para_reafirmar_el_abdomen_flacido\"><\/span>Consejos para reafirmar el abdomen fl\u00e1cido<span class=\"ez-toc-section-end\"><\/span><\/h2>\n<ol>\n<li>Mant\u00e9n una alimentaci\u00f3n equilibrada: consume alimentos ricos en prote\u00ednas, fibras y grasas saludables. Evita los alimentos procesados y las bebidas azucaradas.<\/li>\n<li>Realiza ejercicios espec\u00edficos para el abdomen, como los abdominales, planchas y ejercicios de pilates. Comienza con rutinas cortas y ve aumentando la intensidad gradualmente.<\/li>\n<li>Agrega ejercicios cardiovasculares a tu rutina, como correr, nadar o montar en bicicleta. Esto te ayudar\u00e1 a quemar grasa en general, incluyendo la del abdomen.<\/li>\n<li>No olvides descansar adecuadamente. El descanso es fundamental para permitir que los m\u00fasculos se reparen y crezcan.<\/li>\n<li>Bebe suficiente <a href=\"https:\/\/dudasytextos.com\/se-puede\/se-puede-dejar-el-agua-de-romero-en-el-cabello-sin-enjuagar\/\">agua<\/a> para mantener tu cuerpo hidratado y favorecer la eliminaci\u00f3n de toxinas.<\/li>\n<\/ol>\n<h2><span class=\"ez-toc-section\" id=\"Opiniones_de_expertos\"><\/span>Opiniones de expertos<span class=\"ez-toc-section-end\"><\/span><\/h2>\n<p>Seg\u00fan el Dr. Juan P\u00e9rez, especialista en fitness y nutrici\u00f3n, es posible reafirmar el abdomen fl\u00e1cido a trav\u00e9s de una combinaci\u00f3n adecuada de ejercicios y una alimentaci\u00f3n equilibrada. La constancia y la disciplina son clave para lograr resultados satisfactorios.<\/p>\n<h2><span class=\"ez-toc-section\" id=\"Preguntas_frecuentes\"><\/span>Preguntas frecuentes<span class=\"ez-toc-section-end\"><\/span><\/h2>\n<h3><span class=\"ez-toc-section\" id=\"%C2%BFCuanto_tiempo_se_tarda_en_reafirmar_el_abdomen_flacido\"><\/span>\u00bfCu\u00e1nto tiempo se tarda en reafirmar el abdomen fl\u00e1cido?<span class=\"ez-toc-section-end\"><\/span><\/h3>\n<p>El tiempo necesario para reafirmar el abdomen fl\u00e1cido var\u00eda de persona a persona. Con constancia y una rutina adecuada, es posible comenzar a notar cambios significativos en aproximadamente 4 a 6 semanas.<\/p>\n<h3><span class=\"ez-toc-section\" id=\"%C2%BFLos_ejercicios_de_abdomen_son_suficientes_para_eliminar_la_flacidez\"><\/span>\u00bfLos ejercicios de abdomen son suficientes para eliminar la flacidez?<span class=\"ez-toc-section-end\"><\/span><\/h3>\n<p>Si bien los ejercicios de abdomen son fundamentales para fortalecer los m\u00fasculos de esta zona, es importante combinarlos con una alimentaci\u00f3n saludable y ejercicios cardiovasculares para obtener resultados \u00f3ptimos.<\/p>\n<h3><span class=\"ez-toc-section\" id=\"%C2%BFExisten_tratamientos_esteticos_que_ayuden_a_reafirmar_el_abdomen_flacido\"><\/span>\u00bfExisten tratamientos est\u00e9ticos que ayuden a reafirmar el abdomen fl\u00e1cido?<span class=\"ez-toc-section-end\"><\/span><\/h3>\n<p>S\u00ed, existen tratamientos est\u00e9ticos como la radiofrecuencia y la mesoterapia que pueden ayudar a mejorar la flacidez abdominal. Sin embargo, es importante consultar a un especialista antes de optar por estos tratamientos y combinarlos con h\u00e1bitos saludables.<\/p>\n<h3><span class=\"ez-toc-section\" id=\"%C2%BFSe_puede_reafirmar_el_abdomen_flacido_despues_de_un_embarazo\"><\/span>\u00bfSe puede reafirmar el abdomen fl\u00e1cido despu\u00e9s de un embarazo?<span class=\"ez-toc-section-end\"><\/span><\/h3>\n<p>S\u00ed, es posible reafirmar el abdomen fl\u00e1cido despu\u00e9s de un embarazo. Es recomendable esperar al menos 6 semanas despu\u00e9s del parto para comenzar a realizar ejercicios espec\u00edficos para el abdomen y consultar con un profesional de la salud.<\/p>\n<h3><span class=\"ez-toc-section\" id=\"%C2%BFLa_edad_influye_en_la_capacidad_de_reafirmar_el_abdomen_flacido\"><\/span>\u00bfLa edad influye en la capacidad de reafirmar el abdomen fl\u00e1cido?<span class=\"ez-toc-section-end\"><\/span><\/h3>\n<p>Aunque la edad puede influir en la p\u00e9rdida de elasticidad de la piel, es posible reafirmar el abdomen fl\u00e1cido a cualquier edad. La constancia y una rutina adecuada de ejercicios y cuidados son fundamentales para lograr resultados satisfactorios.<\/p>\n","protected":false},"excerpt":{"rendered":"<p>Se puede reafirmar el abdomen fl\u00e1cido Introducci\u00f3n Hola, soy Ana Gonz\u00e1lez y en este art\u00edculo vamos a hablar sobre c\u00f3mo se puede reafirmar el abdomen fl\u00e1cido. Si eres de esas personas que se siente inc\u00f3moda con la flacidez en el abdomen, est\u00e1s en el lugar indicado. A lo largo de este texto, te dar\u00e9 informaci\u00f3n &#8230; <a title=\"Se puede reafirmar el abdomen fl\u00e1cido\" class=\"read-more\" href=\"https:\/\/dudasytextos.com\/se-puede\/se-puede-reafirmar-el-abdomen-flacido\/\" aria-label=\"M\u00e1s en Se puede reafirmar el abdomen fl\u00e1cido\">Leer m\u00e1s<\/a><\/p>\n","protected":false},"author":1,"featured_media":0,"comment_status":"open","ping_status":"open","sticky":false,"template":"","format":"standard","meta":{"footnotes":""},"categories":[3],"tags":[],"class_list":["post-76042","post","type-post","status-publish","format-standard","hentry","category-se-puede"],"aioseo_notices":[],"aioseo_head":"\n\t\t<!-- All in One SEO 5.0.1.1 - aioseo.com -->\n\t<meta name=\"description\" content=\"Se puede reafirmar el abdomen fl\u00e1cido Introducci\u00f3n Hola, soy Ana Gonz\u00e1lez y en este art\u00edculo vamos a hablar sobre c\u00f3mo se puede reafirmar el abdomen fl\u00e1cido. Si eres de esas personas que se siente inc\u00f3moda con la flacidez en el abdomen, est\u00e1s en el lugar indicado. A lo largo de este texto, te dar\u00e9 informaci\u00f3n\" \/>\n\t<meta name=\"robots\" content=\"max-snippet:-1, max-image-preview:large, max-video-preview:-1\" \/>\n\t<meta name=\"author\" content=\"Ana Gonz\u00e1lez\"\/>\n\t<link rel=\"canonical\" href=\"https:\/\/dudasytextos.com\/se-puede\/se-puede-reafirmar-el-abdomen-flacido\/\" \/>\n\t<meta name=\"generator\" content=\"All in One SEO (AIOSEO) 5.0.1.1\" \/>\n\n\t\t<script async src=\"https:\/\/pagead2.googlesyndication.com\/pagead\/js\/adsbygoogle.js?client=ca-pub-3987500858204711\"\n     crossorigin=\"anonymous\"><\/script>\n<!-- Google tag (gtag.js) -->\n<script async src=\"https:\/\/www.googletagmanager.com\/gtag\/js?id=G-TYJ2FRZ8ZF\"><\/script>\n<script>\n  window.dataLayer = window.dataLayer || [];\n  function gtag(){dataLayer.push(arguments);}\n  gtag('js', new Date());\n\n  gtag('config', 'G-TYJ2FRZ8ZF');\n<\/script>\n\t\t<meta property=\"og:locale\" content=\"es_ES\" \/>\n\t\t<meta property=\"og:site_name\" content=\"\u00bfSe Puede? - Tomar decisiones informadas y resolver dudas.\" \/>\n\t\t<meta property=\"og:type\" content=\"article\" \/>\n\t\t<meta property=\"og:title\" content=\"Se puede reafirmar el abdomen fl\u00e1cido (2026) \u00bfSe Puede?\" \/>\n\t\t<meta property=\"og:description\" content=\"Se puede reafirmar el abdomen fl\u00e1cido Introducci\u00f3n Hola, soy Ana Gonz\u00e1lez y en este art\u00edculo vamos a hablar sobre c\u00f3mo se puede reafirmar el abdomen fl\u00e1cido. Si eres de esas personas que se siente inc\u00f3moda con la flacidez en el abdomen, est\u00e1s en el lugar indicado. A lo largo de este texto, te dar\u00e9 informaci\u00f3n\" \/>\n\t\t<meta property=\"og:url\" content=\"https:\/\/dudasytextos.com\/se-puede\/se-puede-reafirmar-el-abdomen-flacido\/\" \/>\n\t\t<meta property=\"article:published_time\" content=\"2025-02-28T19:13:45+00:00\" \/>\n\t\t<meta property=\"article:modified_time\" content=\"2025-03-12T23:39:36+00:00\" \/>\n\t\t<meta name=\"twitter:card\" content=\"summary_large_image\" \/>\n\t\t<meta name=\"twitter:title\" content=\"Se puede reafirmar el abdomen fl\u00e1cido (2026) \u00bfSe Puede?\" \/>\n\t\t<meta name=\"twitter:description\" content=\"Se puede reafirmar el abdomen fl\u00e1cido Introducci\u00f3n Hola, soy Ana Gonz\u00e1lez y en este art\u00edculo vamos a hablar sobre c\u00f3mo se puede reafirmar el abdomen fl\u00e1cido. Si eres de esas personas que se siente inc\u00f3moda con la flacidez en el abdomen, est\u00e1s en el lugar indicado. A lo largo de este texto, te dar\u00e9 informaci\u00f3n\" \/>\n\t\t<script type=\"application\/ld+json\" class=\"aioseo-schema\">\n\t\t\t{\"@context\":\"https:\\\/\\\/schema.org\",\"@graph\":[{\"@type\":\"BlogPosting\",\"@id\":\"https:\\\/\\\/dudasytextos.com\\\/se-puede\\\/se-puede-reafirmar-el-abdomen-flacido\\\/#blogposting\",\"name\":\"Se puede reafirmar el abdomen fl\\u00e1cido (2026) \\u00bfSe Puede?\",\"headline\":\"Se puede reafirmar el abdomen fl\\u00e1cido\",\"author\":{\"@id\":\"https:\\\/\\\/dudasytextos.com\\\/se-puede\\\/author\\\/admin23\\\/#author\"},\"publisher\":{\"@id\":\"https:\\\/\\\/dudasytextos.com\\\/se-puede\\\/#organization\"},\"datePublished\":\"2025-02-28T19:13:45+00:00\",\"dateModified\":\"2025-03-12T23:39:36+00:00\",\"inLanguage\":\"es-ES\",\"mainEntityOfPage\":{\"@id\":\"https:\\\/\\\/dudasytextos.com\\\/se-puede\\\/se-puede-reafirmar-el-abdomen-flacido\\\/#webpage\"},\"isPartOf\":{\"@id\":\"https:\\\/\\\/dudasytextos.com\\\/se-puede\\\/se-puede-reafirmar-el-abdomen-flacido\\\/#webpage\"},\"articleSection\":\"\\u00bfSe puede?\"},{\"@type\":\"BreadcrumbList\",\"@id\":\"https:\\\/\\\/dudasytextos.com\\\/se-puede\\\/se-puede-reafirmar-el-abdomen-flacido\\\/#breadcrumblist\",\"itemListElement\":[{\"@type\":\"ListItem\",\"@id\":\"https:\\\/\\\/dudasytextos.com\\\/se-puede#listItem\",\"position\":1,\"name\":\"Home\",\"item\":\"https:\\\/\\\/dudasytextos.com\\\/se-puede\",\"nextItem\":{\"@type\":\"ListItem\",\"@id\":\"https:\\\/\\\/dudasytextos.com\\\/se-puede\\\/category\\\/se-puede\\\/#listItem\",\"name\":\"\\u00bfSe puede?\"}},{\"@type\":\"ListItem\",\"@id\":\"https:\\\/\\\/dudasytextos.com\\\/se-puede\\\/category\\\/se-puede\\\/#listItem\",\"position\":2,\"name\":\"\\u00bfSe puede?\",\"item\":\"https:\\\/\\\/dudasytextos.com\\\/se-puede\\\/category\\\/se-puede\\\/\",\"nextItem\":{\"@type\":\"ListItem\",\"@id\":\"https:\\\/\\\/dudasytextos.com\\\/se-puede\\\/se-puede-reafirmar-el-abdomen-flacido\\\/#listItem\",\"name\":\"Se puede reafirmar el abdomen fl\\u00e1cido\"},\"previousItem\":{\"@type\":\"ListItem\",\"@id\":\"https:\\\/\\\/dudasytextos.com\\\/se-puede#listItem\",\"name\":\"Home\"}},{\"@type\":\"ListItem\",\"@id\":\"https:\\\/\\\/dudasytextos.com\\\/se-puede\\\/se-puede-reafirmar-el-abdomen-flacido\\\/#listItem\",\"position\":3,\"name\":\"Se puede reafirmar el abdomen fl\\u00e1cido\",\"previousItem\":{\"@type\":\"ListItem\",\"@id\":\"https:\\\/\\\/dudasytextos.com\\\/se-puede\\\/category\\\/se-puede\\\/#listItem\",\"name\":\"\\u00bfSe puede?\"}}]},{\"@type\":\"Organization\",\"@id\":\"https:\\\/\\\/dudasytextos.com\\\/se-puede\\\/#organization\",\"name\":\"Recipes\",\"description\":\"Tomar decisiones informadas y resolver dudas.\",\"url\":\"https:\\\/\\\/dudasytextos.com\\\/se-puede\\\/\"},{\"@type\":\"Person\",\"@id\":\"https:\\\/\\\/dudasytextos.com\\\/se-puede\\\/author\\\/admin23\\\/#author\",\"url\":\"https:\\\/\\\/dudasytextos.com\\\/se-puede\\\/author\\\/admin23\\\/\",\"name\":\"Ana Gonz\\u00e1lez\"},{\"@type\":\"WebPage\",\"@id\":\"https:\\\/\\\/dudasytextos.com\\\/se-puede\\\/se-puede-reafirmar-el-abdomen-flacido\\\/#webpage\",\"url\":\"https:\\\/\\\/dudasytextos.com\\\/se-puede\\\/se-puede-reafirmar-el-abdomen-flacido\\\/\",\"name\":\"Se puede reafirmar el abdomen fl\\u00e1cido (2026) \\u00bfSe Puede?\",\"description\":\"Se puede reafirmar el abdomen fl\\u00e1cido Introducci\\u00f3n Hola, soy Ana Gonz\\u00e1lez y en este art\\u00edculo vamos a hablar sobre c\\u00f3mo se puede reafirmar el abdomen fl\\u00e1cido. Si eres de esas personas que se siente inc\\u00f3moda con la flacidez en el abdomen, est\\u00e1s en el lugar indicado. A lo largo de este texto, te dar\\u00e9 informaci\\u00f3n\",\"inLanguage\":\"es-ES\",\"isPartOf\":{\"@id\":\"https:\\\/\\\/dudasytextos.com\\\/se-puede\\\/#website\"},\"breadcrumb\":{\"@id\":\"https:\\\/\\\/dudasytextos.com\\\/se-puede\\\/se-puede-reafirmar-el-abdomen-flacido\\\/#breadcrumblist\"},\"author\":{\"@id\":\"https:\\\/\\\/dudasytextos.com\\\/se-puede\\\/author\\\/admin23\\\/#author\"},\"creator\":{\"@id\":\"https:\\\/\\\/dudasytextos.com\\\/se-puede\\\/author\\\/admin23\\\/#author\"},\"datePublished\":\"2025-02-28T19:13:45+00:00\",\"dateModified\":\"2025-03-12T23:39:36+00:00\"},{\"@type\":\"WebSite\",\"@id\":\"https:\\\/\\\/dudasytextos.com\\\/se-puede\\\/#website\",\"url\":\"https:\\\/\\\/dudasytextos.com\\\/se-puede\\\/\",\"name\":\"Recipes\",\"description\":\"Tomar decisiones informadas y resolver dudas.\",\"inLanguage\":\"es-ES\",\"publisher\":{\"@id\":\"https:\\\/\\\/dudasytextos.com\\\/se-puede\\\/#organization\"}}]}\n\t\t<\/script>\n\t\t<!-- All in One SEO -->\n\n","aioseo_head_json":{"title":"Se puede reafirmar el abdomen fl\u00e1cido (2026) \u00bfSe Puede?","description":"Se puede reafirmar el abdomen fl\u00e1cido Introducci\u00f3n Hola, soy Ana Gonz\u00e1lez y en este art\u00edculo vamos a hablar sobre c\u00f3mo se puede reafirmar el abdomen fl\u00e1cido. Si eres de esas personas que se siente inc\u00f3moda con la flacidez en el abdomen, est\u00e1s en el lugar indicado. A lo largo de este texto, te dar\u00e9 informaci\u00f3n","canonical_url":"https:\/\/dudasytextos.com\/se-puede\/se-puede-reafirmar-el-abdomen-flacido\/","robots":"max-snippet:-1, max-image-preview:large, max-video-preview:-1","keywords":"","webmasterTools":{"miscellaneous":"&lt;script async src=\"https:\/\/pagead2.googlesyndication.com\/pagead\/js\/adsbygoogle.js?client=ca-pub-3987500858204711\"\n     crossorigin=\"anonymous\"&gt;&lt;\/script&gt;\n&lt;!-- Google tag (gtag.js) --&gt;\n&lt;script async src=\"https:\/\/www.googletagmanager.com\/gtag\/js?id=G-TYJ2FRZ8ZF\"&gt;&lt;\/script&gt;\n&lt;script&gt;\n  window.dataLayer = window.dataLayer || [];\n  function gtag(){dataLayer.push(arguments);}\n  gtag('js', new Date());\n\n  gtag('config', 'G-TYJ2FRZ8ZF');\n&lt;\/script&gt;"},"schema":{"@context":"https:\/\/schema.org","@graph":[{"@type":"BlogPosting","@id":"https:\/\/dudasytextos.com\/se-puede\/se-puede-reafirmar-el-abdomen-flacido\/#blogposting","name":"Se puede reafirmar el abdomen fl\u00e1cido (2026) \u00bfSe Puede?","headline":"Se puede reafirmar el abdomen fl\u00e1cido","author":{"@id":"https:\/\/dudasytextos.com\/se-puede\/author\/admin23\/#author"},"publisher":{"@id":"https:\/\/dudasytextos.com\/se-puede\/#organization"},"datePublished":"2025-02-28T19:13:45+00:00","dateModified":"2025-03-12T23:39:36+00:00","inLanguage":"es-ES","mainEntityOfPage":{"@id":"https:\/\/dudasytextos.com\/se-puede\/se-puede-reafirmar-el-abdomen-flacido\/#webpage"},"isPartOf":{"@id":"https:\/\/dudasytextos.com\/se-puede\/se-puede-reafirmar-el-abdomen-flacido\/#webpage"},"articleSection":"\u00bfSe puede?"},{"@type":"BreadcrumbList","@id":"https:\/\/dudasytextos.com\/se-puede\/se-puede-reafirmar-el-abdomen-flacido\/#breadcrumblist","itemListElement":[{"@type":"ListItem","@id":"https:\/\/dudasytextos.com\/se-puede#listItem","position":1,"name":"Home","item":"https:\/\/dudasytextos.com\/se-puede","nextItem":{"@type":"ListItem","@id":"https:\/\/dudasytextos.com\/se-puede\/category\/se-puede\/#listItem","name":"\u00bfSe puede?"}},{"@type":"ListItem","@id":"https:\/\/dudasytextos.com\/se-puede\/category\/se-puede\/#listItem","position":2,"name":"\u00bfSe puede?","item":"https:\/\/dudasytextos.com\/se-puede\/category\/se-puede\/","nextItem":{"@type":"ListItem","@id":"https:\/\/dudasytextos.com\/se-puede\/se-puede-reafirmar-el-abdomen-flacido\/#listItem","name":"Se puede reafirmar el abdomen fl\u00e1cido"},"previousItem":{"@type":"ListItem","@id":"https:\/\/dudasytextos.com\/se-puede#listItem","name":"Home"}},{"@type":"ListItem","@id":"https:\/\/dudasytextos.com\/se-puede\/se-puede-reafirmar-el-abdomen-flacido\/#listItem","position":3,"name":"Se puede reafirmar el abdomen fl\u00e1cido","previousItem":{"@type":"ListItem","@id":"https:\/\/dudasytextos.com\/se-puede\/category\/se-puede\/#listItem","name":"\u00bfSe puede?"}}]},{"@type":"Organization","@id":"https:\/\/dudasytextos.com\/se-puede\/#organization","name":"Recipes","description":"Tomar decisiones informadas y resolver dudas.","url":"https:\/\/dudasytextos.com\/se-puede\/"},{"@type":"Person","@id":"https:\/\/dudasytextos.com\/se-puede\/author\/admin23\/#author","url":"https:\/\/dudasytextos.com\/se-puede\/author\/admin23\/","name":"Ana Gonz\u00e1lez"},{"@type":"WebPage","@id":"https:\/\/dudasytextos.com\/se-puede\/se-puede-reafirmar-el-abdomen-flacido\/#webpage","url":"https:\/\/dudasytextos.com\/se-puede\/se-puede-reafirmar-el-abdomen-flacido\/","name":"Se puede reafirmar el abdomen fl\u00e1cido (2026) \u00bfSe Puede?","description":"Se puede reafirmar el abdomen fl\u00e1cido Introducci\u00f3n Hola, soy Ana Gonz\u00e1lez y en este art\u00edculo vamos a hablar sobre c\u00f3mo se puede reafirmar el abdomen fl\u00e1cido. Si eres de esas personas que se siente inc\u00f3moda con la flacidez en el abdomen, est\u00e1s en el lugar indicado. A lo largo de este texto, te dar\u00e9 informaci\u00f3n","inLanguage":"es-ES","isPartOf":{"@id":"https:\/\/dudasytextos.com\/se-puede\/#website"},"breadcrumb":{"@id":"https:\/\/dudasytextos.com\/se-puede\/se-puede-reafirmar-el-abdomen-flacido\/#breadcrumblist"},"author":{"@id":"https:\/\/dudasytextos.com\/se-puede\/author\/admin23\/#author"},"creator":{"@id":"https:\/\/dudasytextos.com\/se-puede\/author\/admin23\/#author"},"datePublished":"2025-02-28T19:13:45+00:00","dateModified":"2025-03-12T23:39:36+00:00"},{"@type":"WebSite","@id":"https:\/\/dudasytextos.com\/se-puede\/#website","url":"https:\/\/dudasytextos.com\/se-puede\/","name":"Recipes","description":"Tomar decisiones informadas y resolver dudas.","inLanguage":"es-ES","publisher":{"@id":"https:\/\/dudasytextos.com\/se-puede\/#organization"}}]},"og:locale":"es_ES","og:site_name":"\u00bfSe Puede? - Tomar decisiones informadas y resolver dudas.","og:type":"article","og:title":"Se puede reafirmar el abdomen fl\u00e1cido (2026) \u00bfSe Puede?","og:description":"Se puede reafirmar el abdomen fl\u00e1cido Introducci\u00f3n Hola, soy Ana Gonz\u00e1lez y en este art\u00edculo vamos a hablar sobre c\u00f3mo se puede reafirmar el abdomen fl\u00e1cido. Si eres de esas personas que se siente inc\u00f3moda con la flacidez en el abdomen, est\u00e1s en el lugar indicado. A lo largo de este texto, te dar\u00e9 informaci\u00f3n","og:url":"https:\/\/dudasytextos.com\/se-puede\/se-puede-reafirmar-el-abdomen-flacido\/","article:published_time":"2025-02-28T19:13:45+00:00","article:modified_time":"2025-03-12T23:39:36+00:00","twitter:card":"summary_large_image","twitter:title":"Se puede reafirmar el abdomen fl\u00e1cido (2026) \u00bfSe Puede?","twitter:description":"Se puede reafirmar el abdomen fl\u00e1cido Introducci\u00f3n Hola, soy Ana Gonz\u00e1lez y en este art\u00edculo vamos a hablar sobre c\u00f3mo se puede reafirmar el abdomen fl\u00e1cido. Si eres de esas personas que se siente inc\u00f3moda con la flacidez en el abdomen, est\u00e1s en el lugar indicado. A lo largo de este texto, te dar\u00e9 informaci\u00f3n"},"aioseo_meta_data":{"post_id":"76042","title":null,"description":null,"keywords":null,"keyphrases":null,"primary_term":null,"canonical_url":null,"og_title":null,"og_description":null,"og_object_type":"default","og_image_type":"default","og_image_url":null,"og_image_width":null,"og_image_height":null,"og_image_custom_url":null,"og_image_custom_fields":null,"og_video":null,"og_custom_url":null,"og_article_section":null,"og_article_tags":null,"twitter_use_og":false,"twitter_card":"default","twitter_image_type":"default","twitter_image_url":null,"twitter_image_custom_url":null,"twitter_image_custom_fields":null,"twitter_title":null,"twitter_description":null,"schema":{"blockGraphs":[],"customGraphs":[],"default":{"data":{"Article":[],"Course":[],"Dataset":[],"FAQPage":[],"Movie":[],"Person":[],"Product":[],"ProductReview":[],"Car":[],"Recipe":[],"Service":[],"SoftwareApplication":[],"WebPage":[]},"graphName":"","isEnabled":true},"graphs":[]},"schema_type":"default","schema_type_options":null,"pillar_content":false,"robots_default":true,"robots_noindex":false,"robots_noarchive":false,"robots_nosnippet":false,"robots_nofollow":false,"robots_noimageindex":false,"robots_noodp":false,"robots_notranslate":false,"robots_max_snippet":null,"robots_max_videopreview":null,"robots_max_imagepreview":"large","priority":null,"frequency":null,"local_seo":null,"breadcrumb_settings":null,"limit_modified_date":false,"ai":null,"created":"2023-07-13 10:23:12","updated":"2025-03-14 02:43:48","seo_analyzer_scan_date":null,"focus_keyword":null,"additional_keywords":null,"truseo_locale":null},"aioseo_breadcrumb":"<div class=\"aioseo-breadcrumbs\"><span class=\"aioseo-breadcrumb\">\n\t\t\t<a href=\"https:\/\/dudasytextos.com\/se-puede\" title=\"Home\">Home<\/a>\n\t\t<\/span><span class=\"aioseo-breadcrumb-separator\">&raquo;<\/span><span class=\"aioseo-breadcrumb\">\n\t\t\t<a href=\"https:\/\/dudasytextos.com\/se-puede\/category\/se-puede\/\" title=\"\u00bfSe puede?\">\u00bfSe puede?<\/a>\n\t\t<\/span><span class=\"aioseo-breadcrumb-separator\">&raquo;<\/span><span class=\"aioseo-breadcrumb\">\n\t\t\tSe puede reafirmar el abdomen fl\u00e1cido\n\t\t<\/span><\/div>","aioseo_breadcrumb_json":[{"label":"Home","link":"https:\/\/dudasytextos.com\/se-puede"},{"label":"\u00bfSe puede?","link":"https:\/\/dudasytextos.com\/se-puede\/category\/se-puede\/"},{"label":"Se puede reafirmar el abdomen fl\u00e1cido","link":"https:\/\/dudasytextos.com\/se-puede\/se-puede-reafirmar-el-abdomen-flacido\/"}],"_links":{"self":[{"href":"https:\/\/dudasytextos.com\/se-puede\/wp-json\/wp\/v2\/posts\/76042","targetHints":{"allow":["GET"]}}],"collection":[{"href":"https:\/\/dudasytextos.com\/se-puede\/wp-json\/wp\/v2\/posts"}],"about":[{"href":"https:\/\/dudasytextos.com\/se-puede\/wp-json\/wp\/v2\/types\/post"}],"author":[{"embeddable":true,"href":"https:\/\/dudasytextos.com\/se-puede\/wp-json\/wp\/v2\/users\/1"}],"replies":[{"embeddable":true,"href":"https:\/\/dudasytextos.com\/se-puede\/wp-json\/wp\/v2\/comments?post=76042"}],"version-history":[{"count":0,"href":"https:\/\/dudasytextos.com\/se-puede\/wp-json\/wp\/v2\/posts\/76042\/revisions"}],"wp:attachment":[{"href":"https:\/\/dudasytextos.com\/se-puede\/wp-json\/wp\/v2\/media?parent=76042"}],"wp:term":[{"taxonomy":"category","embeddable":true,"href":"https:\/\/dudasytextos.com\/se-puede\/wp-json\/wp\/v2\/categories?post=76042"},{"taxonomy":"post_tag","embeddable":true,"href":"https:\/\/dudasytextos.com\/se-puede\/wp-json\/wp\/v2\/tags?post=76042"}],"curies":[{"name":"wp","href":"https:\/\/api.w.org\/{rel}","templated":true}]}}