{"id":76084,"date":"2025-02-14T09:43:27","date_gmt":"2025-02-14T09:43:27","guid":{"rendered":"https:\/\/soleyantonio.es\/se-puede-congelar-el-seitan\/"},"modified":"2025-03-13T07:56:03","modified_gmt":"2025-03-13T07:56:03","slug":"se-puede-congelar-el-seitan","status":"publish","type":"post","link":"https:\/\/dudasytextos.com\/se-puede\/se-puede-congelar-el-seitan\/","title":{"rendered":"Se puede congelar el seitan"},"content":{"rendered":"<div id=\"ez-toc-container\" class=\"ez-toc-v2_0_87 counter-hierarchy ez-toc-counter ez-toc-custom ez-toc-container-direction\">\n<div class=\"ez-toc-title-container\">\n<span class=\"ez-toc-title-toggle\"><\/span><\/div>\n<nav><ul class='ez-toc-list ez-toc-list-level-1 ' ><li class='ez-toc-page-1 ez-toc-heading-level-2'><a class=\"ez-toc-link ez-toc-heading-1\" href=\"https:\/\/dudasytextos.com\/se-puede\/se-puede-congelar-el-seitan\/#Se_puede_congelar_el_seitan\" >Se puede congelar el seitan<\/a><\/li><li class='ez-toc-page-1 ez-toc-heading-level-2'><a class=\"ez-toc-link ez-toc-heading-2\" href=\"https:\/\/dudasytextos.com\/se-puede\/se-puede-congelar-el-seitan\/#Introduccion\" >Introducci\u00f3n<\/a><\/li><li class='ez-toc-page-1 ez-toc-heading-level-2'><a class=\"ez-toc-link ez-toc-heading-3\" href=\"https:\/\/dudasytextos.com\/se-puede\/se-puede-congelar-el-seitan\/#Curiosidades_y_datos_interesantes\" >Curiosidades y datos interesantes<\/a><\/li><li class='ez-toc-page-1 ez-toc-heading-level-2'><a class=\"ez-toc-link ez-toc-heading-4\" href=\"https:\/\/dudasytextos.com\/se-puede\/se-puede-congelar-el-seitan\/#%C2%BFSe_puede_congelar_el_seitan\" >\u00bfSe puede congelar el seitan?<\/a><\/li><li class='ez-toc-page-1 ez-toc-heading-level-2'><a class=\"ez-toc-link ez-toc-heading-5\" href=\"https:\/\/dudasytextos.com\/se-puede\/se-puede-congelar-el-seitan\/#Consejos_para_congelar_el_seitan\" >Consejos para congelar el seitan<\/a><\/li><li class='ez-toc-page-1 ez-toc-heading-level-2'><a class=\"ez-toc-link ez-toc-heading-6\" href=\"https:\/\/dudasytextos.com\/se-puede\/se-puede-congelar-el-seitan\/#Descongelacion_y_uso_del_seitan_congelado\" >Descongelaci\u00f3n y uso del seitan congelado<\/a><\/li><li class='ez-toc-page-1 ez-toc-heading-level-2'><a class=\"ez-toc-link ez-toc-heading-7\" href=\"https:\/\/dudasytextos.com\/se-puede\/se-puede-congelar-el-seitan\/#Preguntas_frecuentes\" >Preguntas frecuentes<\/a><ul class='ez-toc-list-level-3' ><li class='ez-toc-heading-level-3'><a class=\"ez-toc-link ez-toc-heading-8\" href=\"https:\/\/dudasytextos.com\/se-puede\/se-puede-congelar-el-seitan\/#1_%C2%BFCuanto_tiempo_se_puede_conservar_el_seitan_congelado\" >1. \u00bfCu\u00e1nto tiempo se puede conservar el seitan congelado?<\/a><\/li><li class='ez-toc-page-1 ez-toc-heading-level-3'><a class=\"ez-toc-link ez-toc-heading-9\" href=\"https:\/\/dudasytextos.com\/se-puede\/se-puede-congelar-el-seitan\/#2_%C2%BFPuedo_congelar_el_seitan_ya_cocinado\" >2. \u00bfPuedo congelar el seitan ya cocinado?<\/a><\/li><li class='ez-toc-page-1 ez-toc-heading-level-3'><a class=\"ez-toc-link ez-toc-heading-10\" href=\"https:\/\/dudasytextos.com\/se-puede\/se-puede-congelar-el-seitan\/#3_%C2%BFPierde_el_seitan_su_textura_al_ser_congelado\" >3. \u00bfPierde el seitan su textura al ser congelado?<\/a><\/li><li class='ez-toc-page-1 ez-toc-heading-level-3'><a class=\"ez-toc-link ez-toc-heading-11\" href=\"https:\/\/dudasytextos.com\/se-puede\/se-puede-congelar-el-seitan\/#4_%C2%BFPuedo_congelar_el_seitan_marinado_o_sazonado\" >4. \u00bfPuedo congelar el seitan marinado o sazonado?<\/a><\/li><\/ul><\/li><\/ul><\/nav><\/div>\n<h2><span class=\"ez-toc-section\" id=\"Se_puede_congelar_el_seitan\"><\/span>Se puede congelar el seitan<span class=\"ez-toc-section-end\"><\/span><\/h2>\n<h2><span class=\"ez-toc-section\" id=\"Introduccion\"><\/span>Introducci\u00f3n<span class=\"ez-toc-section-end\"><\/span><\/h2>\n<p>Hola, soy Ana Gonz\u00e1lez y en este art\u00edculo responder\u00e9 a una de las preguntas m\u00e1s frecuentes sobre el seitan: \u00bfse puede <a href=\"https:\/\/dudasytextos.com\/se-puede\/se-puede-congelar-la-empanada-del-mercadona\/\">congelar<\/a>? El seitan es una opci\u00f3n popular para las personas que siguen una dieta vegetariana o vegana, ya que es una excelente fuente de prote\u00ednas. Pero, \u00bfqu\u00e9 pasa si te sobra seitan y no quieres desperdiciarlo? Vamos a descubrirlo.<\/p>\n<h2><span class=\"ez-toc-section\" id=\"Curiosidades_y_datos_interesantes\"><\/span>Curiosidades y datos interesantes<span class=\"ez-toc-section-end\"><\/span><\/h2>\n<ul>\n<li>El seitan es un alimento de origen oriental, hecho a base de gluten de trigo.<\/li>\n<li>Es una excelente alternativa a la carne, ya que tiene una textura similar y puede absorber sabores y condimentos.<\/li>\n<li>El seitan es muy vers\u00e1til, se puede usar en platos como guisos, estofados, hamburguesas y m\u00e1s.<\/li>\n<li>La congelaci\u00f3n es una forma efectiva de prolongar la vida \u00fatil del seitan y mantener su calidad.<\/li>\n<\/ul>\n<h2><span class=\"ez-toc-section\" id=\"%C2%BFSe_puede_congelar_el_seitan\"><\/span>\u00bfSe puede congelar el seitan?<span class=\"ez-toc-section-end\"><\/span><\/h2>\n<p>S\u00ed, definitivamente puedes congelar el seitan. Al igual que con otros alimentos, la congelaci\u00f3n ayuda a preservar el seitan y mantener su frescura por m\u00e1s tiempo. Sin embargo, es importante tener en cuenta algunos consejos para asegurarte de que el proceso de congelaci\u00f3n sea exitoso.<\/p>\n<h2><span class=\"ez-toc-section\" id=\"Consejos_para_congelar_el_seitan\"><\/span>Consejos para congelar el seitan<span class=\"ez-toc-section-end\"><\/span><\/h2>\n<p>Si deseas congelar el seitan, aqu\u00ed tienes algunos consejos \u00fatiles:<\/p>\n<ul>\n<li>Antes de congelar el seitan, aseg\u00farate de que est\u00e9 completamente enfriado.<\/li>\n<li>Divide el seitan en porciones individuales o seg\u00fan tus necesidades. Esto facilitar\u00e1 su uso posterior, ya que podr\u00e1s descongelar solo la cantidad necesaria.<\/li>\n<li>Envuelve cada porci\u00f3n de seitan en papel de aluminio o col\u00f3calo en bolsas de congelaci\u00f3n. Aseg\u00farate de eliminar todo el aire posible para evitar la formaci\u00f3n de cristales de hielo.<\/li>\n<li>Etiqueta cada paquete con la fecha de congelaci\u00f3n para poder controlar su tiempo en el congelador.<\/li>\n<li>Coloca los paquetes de seitan en el congelador y aseg\u00farate de que est\u00e9n almacenados correctamente para evitar la contaminaci\u00f3n cruzada.<\/li>\n<\/ul>\n<h2><span class=\"ez-toc-section\" id=\"Descongelacion_y_uso_del_seitan_congelado\"><\/span>Descongelaci\u00f3n y uso del seitan congelado<span class=\"ez-toc-section-end\"><\/span><\/h2>\n<p>Cuando decidas usar el seitan congelado, simplemente s\u00e1calo del congelador y d\u00e9jalo descongelar en el refrigerador durante unas horas o durante la noche. Una vez descongelado, puedes usarlo en tus recetas favoritas como si fuera seitan fresco.<\/p>\n<h2><span class=\"ez-toc-section\" id=\"Preguntas_frecuentes\"><\/span>Preguntas frecuentes<span class=\"ez-toc-section-end\"><\/span><\/h2>\n<h3><span class=\"ez-toc-section\" id=\"1_%C2%BFCuanto_tiempo_se_puede_conservar_el_seitan_congelado\"><\/span>1. \u00bfCu\u00e1nto tiempo se puede conservar el seitan congelado?<span class=\"ez-toc-section-end\"><\/span><\/h3>\n<p>El seitan congelado puede durar hasta 3 meses en el congelador si se almacena adecuadamente. Despu\u00e9s de ese tiempo, a\u00fan se puede consumir, pero su calidad puede disminuir.<\/p>\n<h3><span class=\"ez-toc-section\" id=\"2_%C2%BFPuedo_congelar_el_seitan_ya_cocinado\"><\/span>2. \u00bfPuedo congelar el seitan ya cocinado?<span class=\"ez-toc-section-end\"><\/span><\/h3>\n<p>S\u00ed, puedes congelar el seitan ya cocinado. Solo aseg\u00farate de enfriarlo por completo antes de congelarlo y seguir los mismos pasos mencionados anteriormente.<\/p>\n<h3><span class=\"ez-toc-section\" id=\"3_%C2%BFPierde_el_seitan_su_textura_al_ser_congelado\"><\/span>3. \u00bfPierde el seitan su textura al ser congelado?<span class=\"ez-toc-section-end\"><\/span><\/h3>\n<p>La textura del seitan puede cambiar ligeramente despu\u00e9s de ser congelado, pero esto no deber\u00eda afectar su sabor ni su capacidad para absorber sabores. Al descongelarlo y cocinarlo, recuperar\u00e1 su textura original.<\/p>\n<h3><span class=\"ez-toc-section\" id=\"4_%C2%BFPuedo_congelar_el_seitan_marinado_o_sazonado\"><\/span>4. \u00bfPuedo congelar el seitan marinado o sazonado?<span class=\"ez-toc-section-end\"><\/span><\/h3>\n<p>S\u00ed, puedes congelar el seitan marinado o sazonado. De hecho, esto puede ayudar a que absorba a\u00fan m\u00e1s los sabores mientras se descongela.<\/p>\n<p>\u00a1Espero que esta informaci\u00f3n te haya sido \u00fatil! Ahora ya sabes que puedes congelar el seitan sin ning\u00fan problema. Aprovecha al m\u00e1ximo este alimento vers\u00e1til y delicioso.<\/p>\n","protected":false},"excerpt":{"rendered":"<p>Se puede congelar el seitan Introducci\u00f3n Hola, soy Ana Gonz\u00e1lez y en este art\u00edculo responder\u00e9 a una de las preguntas m\u00e1s frecuentes sobre el seitan: \u00bfse puede congelar? El seitan es una opci\u00f3n popular para las personas que siguen una dieta vegetariana o vegana, ya que es una excelente fuente de prote\u00ednas. Pero, \u00bfqu\u00e9 pasa &#8230; <a title=\"Se puede congelar el seitan\" class=\"read-more\" href=\"https:\/\/dudasytextos.com\/se-puede\/se-puede-congelar-el-seitan\/\" aria-label=\"M\u00e1s en Se puede congelar el seitan\">Leer m\u00e1s<\/a><\/p>\n","protected":false},"author":1,"featured_media":0,"comment_status":"open","ping_status":"open","sticky":false,"template":"","format":"standard","meta":{"footnotes":""},"categories":[3],"tags":[],"class_list":["post-76084","post","type-post","status-publish","format-standard","hentry","category-se-puede"],"aioseo_notices":[],"aioseo_head":"\n\t\t<!-- All in One SEO 5.0.1.1 - aioseo.com -->\n\t<meta name=\"description\" content=\"Se puede congelar el seitan Introducci\u00f3n Hola, soy Ana Gonz\u00e1lez y en este art\u00edculo responder\u00e9 a una de las preguntas m\u00e1s frecuentes sobre el seitan: \u00bfse puede congelar? El seitan es una opci\u00f3n popular para las personas que siguen una dieta vegetariana o vegana, ya que es una excelente fuente de prote\u00ednas. Pero, \u00bfqu\u00e9 pasa\" \/>\n\t<meta name=\"robots\" content=\"max-snippet:-1, max-image-preview:large, max-video-preview:-1\" \/>\n\t<meta name=\"author\" content=\"Ana Gonz\u00e1lez\"\/>\n\t<link rel=\"canonical\" href=\"https:\/\/dudasytextos.com\/se-puede\/se-puede-congelar-el-seitan\/\" \/>\n\t<meta name=\"generator\" content=\"All in One SEO (AIOSEO) 5.0.1.1\" \/>\n\n\t\t<script async src=\"https:\/\/pagead2.googlesyndication.com\/pagead\/js\/adsbygoogle.js?client=ca-pub-3987500858204711\"\n     crossorigin=\"anonymous\"><\/script>\n<!-- Google tag (gtag.js) -->\n<script async src=\"https:\/\/www.googletagmanager.com\/gtag\/js?id=G-TYJ2FRZ8ZF\"><\/script>\n<script>\n  window.dataLayer = window.dataLayer || [];\n  function gtag(){dataLayer.push(arguments);}\n  gtag('js', new Date());\n\n  gtag('config', 'G-TYJ2FRZ8ZF');\n<\/script>\n\t\t<meta property=\"og:locale\" content=\"es_ES\" \/>\n\t\t<meta property=\"og:site_name\" content=\"\u00bfSe Puede? - Tomar decisiones informadas y resolver dudas.\" \/>\n\t\t<meta property=\"og:type\" content=\"article\" \/>\n\t\t<meta property=\"og:title\" content=\"Se puede congelar el seitan (2026) \u00bfSe Puede?\" \/>\n\t\t<meta property=\"og:description\" content=\"Se puede congelar el seitan Introducci\u00f3n Hola, soy Ana Gonz\u00e1lez y en este art\u00edculo responder\u00e9 a una de las preguntas m\u00e1s frecuentes sobre el seitan: \u00bfse puede congelar? El seitan es una opci\u00f3n popular para las personas que siguen una dieta vegetariana o vegana, ya que es una excelente fuente de prote\u00ednas. Pero, \u00bfqu\u00e9 pasa\" \/>\n\t\t<meta property=\"og:url\" content=\"https:\/\/dudasytextos.com\/se-puede\/se-puede-congelar-el-seitan\/\" \/>\n\t\t<meta property=\"article:published_time\" content=\"2025-02-14T09:43:27+00:00\" \/>\n\t\t<meta property=\"article:modified_time\" content=\"2025-03-13T07:56:03+00:00\" \/>\n\t\t<meta name=\"twitter:card\" content=\"summary_large_image\" \/>\n\t\t<meta name=\"twitter:title\" content=\"Se puede congelar el seitan (2026) \u00bfSe Puede?\" \/>\n\t\t<meta name=\"twitter:description\" content=\"Se puede congelar el seitan Introducci\u00f3n Hola, soy Ana Gonz\u00e1lez y en este art\u00edculo responder\u00e9 a una de las preguntas m\u00e1s frecuentes sobre el seitan: \u00bfse puede congelar? El seitan es una opci\u00f3n popular para las personas que siguen una dieta vegetariana o vegana, ya que es una excelente fuente de prote\u00ednas. Pero, \u00bfqu\u00e9 pasa\" \/>\n\t\t<script type=\"application\/ld+json\" class=\"aioseo-schema\">\n\t\t\t{\"@context\":\"https:\\\/\\\/schema.org\",\"@graph\":[{\"@type\":\"BlogPosting\",\"@id\":\"https:\\\/\\\/dudasytextos.com\\\/se-puede\\\/se-puede-congelar-el-seitan\\\/#blogposting\",\"name\":\"Se puede congelar el seitan (2026) \\u00bfSe Puede?\",\"headline\":\"Se puede congelar el seitan\",\"author\":{\"@id\":\"https:\\\/\\\/dudasytextos.com\\\/se-puede\\\/author\\\/admin23\\\/#author\"},\"publisher\":{\"@id\":\"https:\\\/\\\/dudasytextos.com\\\/se-puede\\\/#organization\"},\"datePublished\":\"2025-02-14T09:43:27+00:00\",\"dateModified\":\"2025-03-13T07:56:03+00:00\",\"inLanguage\":\"es-ES\",\"mainEntityOfPage\":{\"@id\":\"https:\\\/\\\/dudasytextos.com\\\/se-puede\\\/se-puede-congelar-el-seitan\\\/#webpage\"},\"isPartOf\":{\"@id\":\"https:\\\/\\\/dudasytextos.com\\\/se-puede\\\/se-puede-congelar-el-seitan\\\/#webpage\"},\"articleSection\":\"\\u00bfSe puede?\"},{\"@type\":\"BreadcrumbList\",\"@id\":\"https:\\\/\\\/dudasytextos.com\\\/se-puede\\\/se-puede-congelar-el-seitan\\\/#breadcrumblist\",\"itemListElement\":[{\"@type\":\"ListItem\",\"@id\":\"https:\\\/\\\/dudasytextos.com\\\/se-puede#listItem\",\"position\":1,\"name\":\"Home\",\"item\":\"https:\\\/\\\/dudasytextos.com\\\/se-puede\",\"nextItem\":{\"@type\":\"ListItem\",\"@id\":\"https:\\\/\\\/dudasytextos.com\\\/se-puede\\\/category\\\/se-puede\\\/#listItem\",\"name\":\"\\u00bfSe puede?\"}},{\"@type\":\"ListItem\",\"@id\":\"https:\\\/\\\/dudasytextos.com\\\/se-puede\\\/category\\\/se-puede\\\/#listItem\",\"position\":2,\"name\":\"\\u00bfSe puede?\",\"item\":\"https:\\\/\\\/dudasytextos.com\\\/se-puede\\\/category\\\/se-puede\\\/\",\"nextItem\":{\"@type\":\"ListItem\",\"@id\":\"https:\\\/\\\/dudasytextos.com\\\/se-puede\\\/se-puede-congelar-el-seitan\\\/#listItem\",\"name\":\"Se puede congelar el seitan\"},\"previousItem\":{\"@type\":\"ListItem\",\"@id\":\"https:\\\/\\\/dudasytextos.com\\\/se-puede#listItem\",\"name\":\"Home\"}},{\"@type\":\"ListItem\",\"@id\":\"https:\\\/\\\/dudasytextos.com\\\/se-puede\\\/se-puede-congelar-el-seitan\\\/#listItem\",\"position\":3,\"name\":\"Se puede congelar el seitan\",\"previousItem\":{\"@type\":\"ListItem\",\"@id\":\"https:\\\/\\\/dudasytextos.com\\\/se-puede\\\/category\\\/se-puede\\\/#listItem\",\"name\":\"\\u00bfSe puede?\"}}]},{\"@type\":\"Organization\",\"@id\":\"https:\\\/\\\/dudasytextos.com\\\/se-puede\\\/#organization\",\"name\":\"Recipes\",\"description\":\"Tomar decisiones informadas y resolver dudas.\",\"url\":\"https:\\\/\\\/dudasytextos.com\\\/se-puede\\\/\"},{\"@type\":\"Person\",\"@id\":\"https:\\\/\\\/dudasytextos.com\\\/se-puede\\\/author\\\/admin23\\\/#author\",\"url\":\"https:\\\/\\\/dudasytextos.com\\\/se-puede\\\/author\\\/admin23\\\/\",\"name\":\"Ana Gonz\\u00e1lez\"},{\"@type\":\"WebPage\",\"@id\":\"https:\\\/\\\/dudasytextos.com\\\/se-puede\\\/se-puede-congelar-el-seitan\\\/#webpage\",\"url\":\"https:\\\/\\\/dudasytextos.com\\\/se-puede\\\/se-puede-congelar-el-seitan\\\/\",\"name\":\"Se puede congelar el seitan (2026) \\u00bfSe Puede?\",\"description\":\"Se puede congelar el seitan Introducci\\u00f3n Hola, soy Ana Gonz\\u00e1lez y en este art\\u00edculo responder\\u00e9 a una de las preguntas m\\u00e1s frecuentes sobre el seitan: \\u00bfse puede congelar? El seitan es una opci\\u00f3n popular para las personas que siguen una dieta vegetariana o vegana, ya que es una excelente fuente de prote\\u00ednas. Pero, \\u00bfqu\\u00e9 pasa\",\"inLanguage\":\"es-ES\",\"isPartOf\":{\"@id\":\"https:\\\/\\\/dudasytextos.com\\\/se-puede\\\/#website\"},\"breadcrumb\":{\"@id\":\"https:\\\/\\\/dudasytextos.com\\\/se-puede\\\/se-puede-congelar-el-seitan\\\/#breadcrumblist\"},\"author\":{\"@id\":\"https:\\\/\\\/dudasytextos.com\\\/se-puede\\\/author\\\/admin23\\\/#author\"},\"creator\":{\"@id\":\"https:\\\/\\\/dudasytextos.com\\\/se-puede\\\/author\\\/admin23\\\/#author\"},\"datePublished\":\"2025-02-14T09:43:27+00:00\",\"dateModified\":\"2025-03-13T07:56:03+00:00\"},{\"@type\":\"WebSite\",\"@id\":\"https:\\\/\\\/dudasytextos.com\\\/se-puede\\\/#website\",\"url\":\"https:\\\/\\\/dudasytextos.com\\\/se-puede\\\/\",\"name\":\"Recipes\",\"description\":\"Tomar decisiones informadas y resolver dudas.\",\"inLanguage\":\"es-ES\",\"publisher\":{\"@id\":\"https:\\\/\\\/dudasytextos.com\\\/se-puede\\\/#organization\"}}]}\n\t\t<\/script>\n\t\t<!-- All in One SEO -->\n\n","aioseo_head_json":{"title":"Se puede congelar el seitan (2026) \u00bfSe Puede?","description":"Se puede congelar el seitan Introducci\u00f3n Hola, soy Ana Gonz\u00e1lez y en este art\u00edculo responder\u00e9 a una de las preguntas m\u00e1s frecuentes sobre el seitan: \u00bfse puede congelar? El seitan es una opci\u00f3n popular para las personas que siguen una dieta vegetariana o vegana, ya que es una excelente fuente de prote\u00ednas. Pero, \u00bfqu\u00e9 pasa","canonical_url":"https:\/\/dudasytextos.com\/se-puede\/se-puede-congelar-el-seitan\/","robots":"max-snippet:-1, max-image-preview:large, max-video-preview:-1","keywords":"","webmasterTools":{"miscellaneous":"&lt;script async src=\"https:\/\/pagead2.googlesyndication.com\/pagead\/js\/adsbygoogle.js?client=ca-pub-3987500858204711\"\n     crossorigin=\"anonymous\"&gt;&lt;\/script&gt;\n&lt;!-- Google tag (gtag.js) --&gt;\n&lt;script async src=\"https:\/\/www.googletagmanager.com\/gtag\/js?id=G-TYJ2FRZ8ZF\"&gt;&lt;\/script&gt;\n&lt;script&gt;\n  window.dataLayer = window.dataLayer || [];\n  function gtag(){dataLayer.push(arguments);}\n  gtag('js', new Date());\n\n  gtag('config', 'G-TYJ2FRZ8ZF');\n&lt;\/script&gt;"},"schema":{"@context":"https:\/\/schema.org","@graph":[{"@type":"BlogPosting","@id":"https:\/\/dudasytextos.com\/se-puede\/se-puede-congelar-el-seitan\/#blogposting","name":"Se puede congelar el seitan (2026) \u00bfSe Puede?","headline":"Se puede congelar el seitan","author":{"@id":"https:\/\/dudasytextos.com\/se-puede\/author\/admin23\/#author"},"publisher":{"@id":"https:\/\/dudasytextos.com\/se-puede\/#organization"},"datePublished":"2025-02-14T09:43:27+00:00","dateModified":"2025-03-13T07:56:03+00:00","inLanguage":"es-ES","mainEntityOfPage":{"@id":"https:\/\/dudasytextos.com\/se-puede\/se-puede-congelar-el-seitan\/#webpage"},"isPartOf":{"@id":"https:\/\/dudasytextos.com\/se-puede\/se-puede-congelar-el-seitan\/#webpage"},"articleSection":"\u00bfSe puede?"},{"@type":"BreadcrumbList","@id":"https:\/\/dudasytextos.com\/se-puede\/se-puede-congelar-el-seitan\/#breadcrumblist","itemListElement":[{"@type":"ListItem","@id":"https:\/\/dudasytextos.com\/se-puede#listItem","position":1,"name":"Home","item":"https:\/\/dudasytextos.com\/se-puede","nextItem":{"@type":"ListItem","@id":"https:\/\/dudasytextos.com\/se-puede\/category\/se-puede\/#listItem","name":"\u00bfSe puede?"}},{"@type":"ListItem","@id":"https:\/\/dudasytextos.com\/se-puede\/category\/se-puede\/#listItem","position":2,"name":"\u00bfSe puede?","item":"https:\/\/dudasytextos.com\/se-puede\/category\/se-puede\/","nextItem":{"@type":"ListItem","@id":"https:\/\/dudasytextos.com\/se-puede\/se-puede-congelar-el-seitan\/#listItem","name":"Se puede congelar el seitan"},"previousItem":{"@type":"ListItem","@id":"https:\/\/dudasytextos.com\/se-puede#listItem","name":"Home"}},{"@type":"ListItem","@id":"https:\/\/dudasytextos.com\/se-puede\/se-puede-congelar-el-seitan\/#listItem","position":3,"name":"Se puede congelar el seitan","previousItem":{"@type":"ListItem","@id":"https:\/\/dudasytextos.com\/se-puede\/category\/se-puede\/#listItem","name":"\u00bfSe puede?"}}]},{"@type":"Organization","@id":"https:\/\/dudasytextos.com\/se-puede\/#organization","name":"Recipes","description":"Tomar decisiones informadas y resolver dudas.","url":"https:\/\/dudasytextos.com\/se-puede\/"},{"@type":"Person","@id":"https:\/\/dudasytextos.com\/se-puede\/author\/admin23\/#author","url":"https:\/\/dudasytextos.com\/se-puede\/author\/admin23\/","name":"Ana Gonz\u00e1lez"},{"@type":"WebPage","@id":"https:\/\/dudasytextos.com\/se-puede\/se-puede-congelar-el-seitan\/#webpage","url":"https:\/\/dudasytextos.com\/se-puede\/se-puede-congelar-el-seitan\/","name":"Se puede congelar el seitan (2026) \u00bfSe Puede?","description":"Se puede congelar el seitan Introducci\u00f3n Hola, soy Ana Gonz\u00e1lez y en este art\u00edculo responder\u00e9 a una de las preguntas m\u00e1s frecuentes sobre el seitan: \u00bfse puede congelar? El seitan es una opci\u00f3n popular para las personas que siguen una dieta vegetariana o vegana, ya que es una excelente fuente de prote\u00ednas. Pero, \u00bfqu\u00e9 pasa","inLanguage":"es-ES","isPartOf":{"@id":"https:\/\/dudasytextos.com\/se-puede\/#website"},"breadcrumb":{"@id":"https:\/\/dudasytextos.com\/se-puede\/se-puede-congelar-el-seitan\/#breadcrumblist"},"author":{"@id":"https:\/\/dudasytextos.com\/se-puede\/author\/admin23\/#author"},"creator":{"@id":"https:\/\/dudasytextos.com\/se-puede\/author\/admin23\/#author"},"datePublished":"2025-02-14T09:43:27+00:00","dateModified":"2025-03-13T07:56:03+00:00"},{"@type":"WebSite","@id":"https:\/\/dudasytextos.com\/se-puede\/#website","url":"https:\/\/dudasytextos.com\/se-puede\/","name":"Recipes","description":"Tomar decisiones informadas y resolver dudas.","inLanguage":"es-ES","publisher":{"@id":"https:\/\/dudasytextos.com\/se-puede\/#organization"}}]},"og:locale":"es_ES","og:site_name":"\u00bfSe Puede? - Tomar decisiones informadas y resolver dudas.","og:type":"article","og:title":"Se puede congelar el seitan (2026) \u00bfSe Puede?","og:description":"Se puede congelar el seitan Introducci\u00f3n Hola, soy Ana Gonz\u00e1lez y en este art\u00edculo responder\u00e9 a una de las preguntas m\u00e1s frecuentes sobre el seitan: \u00bfse puede congelar? El seitan es una opci\u00f3n popular para las personas que siguen una dieta vegetariana o vegana, ya que es una excelente fuente de prote\u00ednas. Pero, \u00bfqu\u00e9 pasa","og:url":"https:\/\/dudasytextos.com\/se-puede\/se-puede-congelar-el-seitan\/","article:published_time":"2025-02-14T09:43:27+00:00","article:modified_time":"2025-03-13T07:56:03+00:00","twitter:card":"summary_large_image","twitter:title":"Se puede congelar el seitan (2026) \u00bfSe Puede?","twitter:description":"Se puede congelar el seitan Introducci\u00f3n Hola, soy Ana Gonz\u00e1lez y en este art\u00edculo responder\u00e9 a una de las preguntas m\u00e1s frecuentes sobre el seitan: \u00bfse puede congelar? El seitan es una opci\u00f3n popular para las personas que siguen una dieta vegetariana o vegana, ya que es una excelente fuente de prote\u00ednas. Pero, \u00bfqu\u00e9 pasa"},"aioseo_meta_data":{"post_id":"76084","title":null,"description":null,"keywords":null,"keyphrases":null,"primary_term":null,"canonical_url":null,"og_title":null,"og_description":null,"og_object_type":"default","og_image_type":"default","og_image_url":null,"og_image_width":null,"og_image_height":null,"og_image_custom_url":null,"og_image_custom_fields":null,"og_video":null,"og_custom_url":null,"og_article_section":null,"og_article_tags":null,"twitter_use_og":false,"twitter_card":"default","twitter_image_type":"default","twitter_image_url":null,"twitter_image_custom_url":null,"twitter_image_custom_fields":null,"twitter_title":null,"twitter_description":null,"schema":{"blockGraphs":[],"customGraphs":[],"default":{"data":{"Article":[],"Course":[],"Dataset":[],"FAQPage":[],"Movie":[],"Person":[],"Product":[],"ProductReview":[],"Car":[],"Recipe":[],"Service":[],"SoftwareApplication":[],"WebPage":[]},"graphName":"","isEnabled":true},"graphs":[]},"schema_type":"default","schema_type_options":null,"pillar_content":false,"robots_default":true,"robots_noindex":false,"robots_noarchive":false,"robots_nosnippet":false,"robots_nofollow":false,"robots_noimageindex":false,"robots_noodp":false,"robots_notranslate":false,"robots_max_snippet":null,"robots_max_videopreview":null,"robots_max_imagepreview":"large","priority":null,"frequency":null,"local_seo":null,"breadcrumb_settings":null,"limit_modified_date":false,"ai":null,"created":"2023-07-13 10:26:53","updated":"2025-03-13 13:19:33","seo_analyzer_scan_date":null,"focus_keyword":null,"additional_keywords":null,"truseo_locale":null},"aioseo_breadcrumb":"<div class=\"aioseo-breadcrumbs\"><span class=\"aioseo-breadcrumb\">\n\t\t\t<a href=\"https:\/\/dudasytextos.com\/se-puede\" title=\"Home\">Home<\/a>\n\t\t<\/span><span class=\"aioseo-breadcrumb-separator\">&raquo;<\/span><span class=\"aioseo-breadcrumb\">\n\t\t\t<a href=\"https:\/\/dudasytextos.com\/se-puede\/category\/se-puede\/\" title=\"\u00bfSe puede?\">\u00bfSe puede?<\/a>\n\t\t<\/span><span class=\"aioseo-breadcrumb-separator\">&raquo;<\/span><span class=\"aioseo-breadcrumb\">\n\t\t\tSe puede congelar el seitan\n\t\t<\/span><\/div>","aioseo_breadcrumb_json":[{"label":"Home","link":"https:\/\/dudasytextos.com\/se-puede"},{"label":"\u00bfSe puede?","link":"https:\/\/dudasytextos.com\/se-puede\/category\/se-puede\/"},{"label":"Se puede congelar el seitan","link":"https:\/\/dudasytextos.com\/se-puede\/se-puede-congelar-el-seitan\/"}],"_links":{"self":[{"href":"https:\/\/dudasytextos.com\/se-puede\/wp-json\/wp\/v2\/posts\/76084","targetHints":{"allow":["GET"]}}],"collection":[{"href":"https:\/\/dudasytextos.com\/se-puede\/wp-json\/wp\/v2\/posts"}],"about":[{"href":"https:\/\/dudasytextos.com\/se-puede\/wp-json\/wp\/v2\/types\/post"}],"author":[{"embeddable":true,"href":"https:\/\/dudasytextos.com\/se-puede\/wp-json\/wp\/v2\/users\/1"}],"replies":[{"embeddable":true,"href":"https:\/\/dudasytextos.com\/se-puede\/wp-json\/wp\/v2\/comments?post=76084"}],"version-history":[{"count":0,"href":"https:\/\/dudasytextos.com\/se-puede\/wp-json\/wp\/v2\/posts\/76084\/revisions"}],"wp:attachment":[{"href":"https:\/\/dudasytextos.com\/se-puede\/wp-json\/wp\/v2\/media?parent=76084"}],"wp:term":[{"taxonomy":"category","embeddable":true,"href":"https:\/\/dudasytextos.com\/se-puede\/wp-json\/wp\/v2\/categories?post=76084"},{"taxonomy":"post_tag","embeddable":true,"href":"https:\/\/dudasytextos.com\/se-puede\/wp-json\/wp\/v2\/tags?post=76084"}],"curies":[{"name":"wp","href":"https:\/\/api.w.org\/{rel}","templated":true}]}}